{"id":907992,"date":"2016-09-16T14:11:53","date_gmt":"2016-09-16T13:11:53","guid":{"rendered":"http:\/\/www.eldigitaldeasturias.com\/noticias\/?p=907992"},"modified":"2016-09-16T14:11:53","modified_gmt":"2016-09-16T13:11:53","slug":"la-acb-de-arcelormittal-en-sestao-retomara-nuevamente-este-viernes-la-actividad","status":"publish","type":"post","link":"https:\/\/www.eldigitaldeasturias.com\/noticias\/la-acb-de-arcelormittal-en-sestao-retomara-nuevamente-este-viernes-la-actividad\/","title":{"rendered":"La ACB de ArcelorMittal en Sestao retomar\u00e1 nuevamente este viernes la actividad"},"content":{"rendered":"<p><img loading=\"lazy\" decoding=\"async\" class=\"alignleft size-medium wp-image-498503\" src=\"https:\/\/www.eldigitaldeasturias.com\/noticias\/wp-content\/uploads\/2014\/03\/acero-360x279.jpg\" alt=\"acero\" width=\"360\" height=\"279\" srcset=\"https:\/\/www.eldigitaldeasturias.com\/noticias\/wp-content\/uploads\/2014\/03\/acero-360x279.jpg 360w, https:\/\/www.eldigitaldeasturias.com\/noticias\/wp-content\/uploads\/2014\/03\/acero-650x503.jpg 650w, https:\/\/www.eldigitaldeasturias.com\/noticias\/wp-content\/uploads\/2014\/03\/acero.jpg 800w\" sizes=\"auto, (max-width: 360px) 100vw, 360px\" \/>La ACB de ArcelorMittal en Sestao retomar\u00e1 nuevamente este viernes la actividad tras la decisi\u00f3n que adopt\u00f3 de mantener \u00fanicamente operativa la acer\u00eda durante los fines de semana y producir\u00e1 alrededor de 4.000 toneladas, una cifra similar a la del pasado fin de semana, que fue el primero en el que se volvi\u00f3 a trabajar despu\u00e9s de los casi siete meses de parada temporal indefinida.<\/p>\n<p>Seg\u00fan ha informado la empresa a Europa Press, al igual que el pasado fin de semana, el primer turno de trabajo dar\u00e1 comienzo este viernes a partir de las siete de la tarde.<\/p>\n<p>La estimaci\u00f3n es producir alrededor de 4.000 toneladas, un volumen similar al del pasado fin de semana. La empresa ha se\u00f1alado que fue una \u00abbuena cifra\u00bb para el arranque de la planta, cuyas instalaciones funcionaron \u00abbien\u00bb y sin que se registrara ning\u00fan incidente.<\/p>\n<p>Por otra parte, en relaci\u00f3n a la situaci\u00f3n de Arcelor Zumarraga y de los trabajadores que ser\u00e1n recolocados en Asturias, todav\u00eda no se ha procedido a llamar a los empleados para que pasen el reconocimiento m\u00e9dico, que es un requisito previo a su incorporaci\u00f3n. En principio, se espera empezar a hacerlo en los pr\u00f3ximos d\u00edas.<\/p>\n<p>&nbsp;<\/p>\n","protected":false},"excerpt":{"rendered":"<p>La ACB de ArcelorMittal en Sestao retomar\u00e1 nuevamente este viernes la actividad tras la decisi\u00f3n que adopt\u00f3 de mantener \u00fanicamente operativa la acer\u00eda durante los fines de semana y producir\u00e1 alrededor de 4.000 toneladas, una cifra similar a la del pasado fin de semana, que fue el primero en el que se volvi\u00f3 a trabajar [&hellip;]<\/p>\n","protected":false},"author":1,"featured_media":773761,"comment_status":"closed","ping_status":"closed","sticky":false,"template":"","format":"standard","meta":{"footnotes":""},"categories":[1],"tags":[],"class_list":["post-907992","post","type-post","status-publish","format-standard","has-post-thumbnail","hentry","category-actualidad"],"aioseo_notices":[],"aioseo_head":"\n\t\t<!-- All in One SEO Pro 4.9.6.2 - aioseo.com -->\n\t<meta name=\"description\" content=\"La ACB de ArcelorMittal en Sestao retomar\u00e1 nuevamente este viernes la actividad tras la decisi\u00f3n que adopt\u00f3 de mantener \u00fanicamente operativa la acer\u00eda durante los fines de semana y producir\u00e1 alrededor de 4.000 toneladas, una cifra similar a la del pasado fin de semana, que fue el primero en el que se volvi\u00f3 a trabajar\" \/>\n\t<meta name=\"robots\" content=\"max-image-preview:large\" \/>\n\t<meta name=\"author\" content=\"El Digital de Asturias\"\/>\n\t<meta name=\"google-site-verification\" content=\"UA-38556648-1\" \/>\n\t<meta name=\"msvalidate.01\" content=\"7dfe9f3f1b24437ab69f4f2559babe99\" \/>\n\t<meta name=\"keywords\" content=\"actualidad\" \/>\n\t<link rel=\"canonical\" href=\"https:\/\/www.eldigitaldeasturias.com\/noticias\/la-acb-de-arcelormittal-en-sestao-retomara-nuevamente-este-viernes-la-actividad\/\" \/>\n\t<meta name=\"generator\" content=\"All in One SEO Pro (AIOSEO) 4.9.6.2\" \/>\n\t\t<meta property=\"og:locale\" content=\"es_ES\" \/>\n\t\t<meta property=\"og:site_name\" content=\"El Digital de Asturias\" \/>\n\t\t<meta property=\"og:type\" content=\"article\" \/>\n\t\t<meta property=\"og:title\" content=\"La ACB de ArcelorMittal en Sestao retomar\u00e1 nuevamente este viernes la actividad - El Digital de Asturias\" \/>\n\t\t<meta property=\"og:description\" content=\"La ACB de ArcelorMittal en Sestao retomar\u00e1 nuevamente este viernes la actividad tras la decisi\u00f3n que adopt\u00f3 de mantener \u00fanicamente operativa la acer\u00eda durante los fines de semana y producir\u00e1 alrededor de 4.000 toneladas, una cifra similar a la del pasado fin de semana, que fue el primero en el que se volvi\u00f3 a trabajar\" \/>\n\t\t<meta property=\"og:url\" content=\"https:\/\/www.eldigitaldeasturias.com\/noticias\/la-acb-de-arcelormittal-en-sestao-retomara-nuevamente-este-viernes-la-actividad\/\" \/>\n\t\t<meta property=\"og:image\" content=\"https:\/\/www.eldigitaldeasturias.com\/noticias\/wp-content\/uploads\/2015\/03\/acero.jpg\" \/>\n\t\t<meta property=\"og:image:secure_url\" content=\"https:\/\/www.eldigitaldeasturias.com\/noticias\/wp-content\/uploads\/2015\/03\/acero.jpg\" \/>\n\t\t<meta property=\"og:image:width\" content=\"360\" \/>\n\t\t<meta property=\"og:image:height\" content=\"279\" \/>\n\t\t<meta property=\"article:tag\" content=\"actualidad\" \/>\n\t\t<meta property=\"article:published_time\" content=\"2016-09-16T13:11:53+00:00\" \/>\n\t\t<meta property=\"article:modified_time\" content=\"2016-09-16T13:11:53+00:00\" \/>\n\t\t<meta property=\"article:publisher\" content=\"https:\/\/facebook.com\/eldigitaldeasturias\" \/>\n\t\t<meta name=\"twitter:card\" content=\"summary_large_image\" \/>\n\t\t<meta name=\"twitter:title\" content=\"La ACB de ArcelorMittal en Sestao retomar\u00e1 nuevamente este viernes la actividad - El Digital de Asturias\" \/>\n\t\t<meta name=\"twitter:description\" content=\"La ACB de ArcelorMittal en Sestao retomar\u00e1 nuevamente este viernes la actividad tras la decisi\u00f3n que adopt\u00f3 de mantener \u00fanicamente operativa la acer\u00eda durante los fines de semana y producir\u00e1 alrededor de 4.000 toneladas, una cifra similar a la del pasado fin de semana, que fue el primero en el que se volvi\u00f3 a trabajar\" \/>\n\t\t<meta name=\"twitter:image\" content=\"https:\/\/www.eldigitaldeasturias.com\/noticias\/wp-content\/uploads\/2015\/03\/acero.jpg\" \/>\n\t\t<meta name=\"twitter:label1\" content=\"Escrito por\" \/>\n\t\t<meta name=\"twitter:data1\" content=\"El Digital de Asturias\" \/>\n\t\t<meta name=\"twitter:label2\" content=\"Tiempo de lectura estimado\" \/>\n\t\t<meta name=\"twitter:data2\" content=\"1 minuto\" \/>\n\t\t<script type=\"application\/ld+json\" class=\"aioseo-schema\">\n\t\t\t{\"@context\":\"https:\\\/\\\/schema.org\",\"@graph\":[{\"@type\":\"BlogPosting\",\"@id\":\"https:\\\/\\\/www.eldigitaldeasturias.com\\\/noticias\\\/la-acb-de-arcelormittal-en-sestao-retomara-nuevamente-este-viernes-la-actividad\\\/#blogposting\",\"name\":\"La ACB de ArcelorMittal en Sestao retomar\\u00e1 nuevamente este viernes la actividad - El Digital de Asturias\",\"headline\":\"La ACB de ArcelorMittal en Sestao retomar\\u00e1 nuevamente este viernes la actividad\",\"author\":{\"@id\":\"https:\\\/\\\/www.eldigitaldeasturias.com\\\/noticias\\\/author\\\/admin\\\/#author\"},\"publisher\":{\"@id\":\"https:\\\/\\\/www.eldigitaldeasturias.com\\\/noticias\\\/#organization\"},\"image\":{\"@type\":\"ImageObject\",\"url\":\"https:\\\/\\\/www.eldigitaldeasturias.com\\\/noticias\\\/wp-content\\\/uploads\\\/2015\\\/03\\\/acero.jpg\",\"width\":360,\"height\":279},\"datePublished\":\"2016-09-16T14:11:53+02:00\",\"dateModified\":\"2016-09-16T14:11:53+02:00\",\"inLanguage\":\"es-ES\",\"mainEntityOfPage\":{\"@id\":\"https:\\\/\\\/www.eldigitaldeasturias.com\\\/noticias\\\/la-acb-de-arcelormittal-en-sestao-retomara-nuevamente-este-viernes-la-actividad\\\/#webpage\"},\"isPartOf\":{\"@id\":\"https:\\\/\\\/www.eldigitaldeasturias.com\\\/noticias\\\/la-acb-de-arcelormittal-en-sestao-retomara-nuevamente-este-viernes-la-actividad\\\/#webpage\"},\"articleSection\":\"Actualidad\"},{\"@type\":\"BreadcrumbList\",\"@id\":\"https:\\\/\\\/www.eldigitaldeasturias.com\\\/noticias\\\/la-acb-de-arcelormittal-en-sestao-retomara-nuevamente-este-viernes-la-actividad\\\/#breadcrumblist\",\"itemListElement\":[{\"@type\":\"ListItem\",\"@id\":\"https:\\\/\\\/www.eldigitaldeasturias.com\\\/noticias#listItem\",\"position\":1,\"name\":\"Home\",\"item\":\"https:\\\/\\\/www.eldigitaldeasturias.com\\\/noticias\",\"nextItem\":{\"@type\":\"ListItem\",\"@id\":\"https:\\\/\\\/www.eldigitaldeasturias.com\\\/noticias\\\/category\\\/actualidad\\\/#listItem\",\"name\":\"Actualidad\"}},{\"@type\":\"ListItem\",\"@id\":\"https:\\\/\\\/www.eldigitaldeasturias.com\\\/noticias\\\/category\\\/actualidad\\\/#listItem\",\"position\":2,\"name\":\"Actualidad\",\"item\":\"https:\\\/\\\/www.eldigitaldeasturias.com\\\/noticias\\\/category\\\/actualidad\\\/\",\"nextItem\":{\"@type\":\"ListItem\",\"@id\":\"https:\\\/\\\/www.eldigitaldeasturias.com\\\/noticias\\\/la-acb-de-arcelormittal-en-sestao-retomara-nuevamente-este-viernes-la-actividad\\\/#listItem\",\"name\":\"La ACB de ArcelorMittal en Sestao retomar\\u00e1 nuevamente este viernes la actividad\"},\"previousItem\":{\"@type\":\"ListItem\",\"@id\":\"https:\\\/\\\/www.eldigitaldeasturias.com\\\/noticias#listItem\",\"name\":\"Home\"}},{\"@type\":\"ListItem\",\"@id\":\"https:\\\/\\\/www.eldigitaldeasturias.com\\\/noticias\\\/la-acb-de-arcelormittal-en-sestao-retomara-nuevamente-este-viernes-la-actividad\\\/#listItem\",\"position\":3,\"name\":\"La ACB de ArcelorMittal en Sestao retomar\\u00e1 nuevamente este viernes la actividad\",\"previousItem\":{\"@type\":\"ListItem\",\"@id\":\"https:\\\/\\\/www.eldigitaldeasturias.com\\\/noticias\\\/category\\\/actualidad\\\/#listItem\",\"name\":\"Actualidad\"}}]},{\"@type\":\"Organization\",\"@id\":\"https:\\\/\\\/www.eldigitaldeasturias.com\\\/noticias\\\/#organization\",\"name\":\"El Digital de Asturias\",\"description\":\"Hemeroteca\",\"url\":\"https:\\\/\\\/www.eldigitaldeasturias.com\\\/noticias\\\/\",\"email\":\"info@eldigitaldeasturias.com\",\"telephone\":\"+34652131393\",\"logo\":{\"@type\":\"ImageObject\",\"url\":\"https:\\\/\\\/www.eldigitaldeasturias.com\\\/noticias\\\/wp-content\\\/uploads\\\/2020\\\/12\\\/EDA.jpg\",\"@id\":\"https:\\\/\\\/www.eldigitaldeasturias.com\\\/noticias\\\/la-acb-de-arcelormittal-en-sestao-retomara-nuevamente-este-viernes-la-actividad\\\/#organizationLogo\",\"width\":649,\"height\":297},\"image\":{\"@id\":\"https:\\\/\\\/www.eldigitaldeasturias.com\\\/noticias\\\/la-acb-de-arcelormittal-en-sestao-retomara-nuevamente-este-viernes-la-actividad\\\/#organizationLogo\"},\"sameAs\":[\"https:\\\/\\\/facebook.com\\\/eldigitaldeasturias\",\"https:\\\/\\\/www.youtube.com\\\/channel\\\/UCZP-2wLEB9Rv6erhFmqVnvg\"],\"address\":{\"@id\":\"https:\\\/\\\/www.eldigitaldeasturias.com\\\/noticias\\\/#postaladdress\",\"@type\":\"PostalAddress\",\"streetAddress\":\"san antonio 4,\",\"postalCode\":\"33430\",\"addressLocality\":\"Cand\\u00e1s\",\"addressRegion\":\"Asturias\",\"addressCountry\":\"ES\"}},{\"@type\":\"Person\",\"@id\":\"https:\\\/\\\/www.eldigitaldeasturias.com\\\/noticias\\\/author\\\/admin\\\/#author\",\"url\":\"https:\\\/\\\/www.eldigitaldeasturias.com\\\/noticias\\\/author\\\/admin\\\/\",\"name\":\"El Digital de Asturias\",\"image\":{\"@type\":\"ImageObject\",\"@id\":\"https:\\\/\\\/www.eldigitaldeasturias.com\\\/noticias\\\/la-acb-de-arcelormittal-en-sestao-retomara-nuevamente-este-viernes-la-actividad\\\/#authorImage\",\"url\":\"https:\\\/\\\/www.eldigitaldeasturias.com\\\/noticias\\\/wp-content\\\/litespeed\\\/avatar\\\/18677e78aa0546b92d9dbf31ec7d7668.jpg?ver=1776685526\",\"width\":96,\"height\":96,\"caption\":\"El Digital de Asturias\"}},{\"@type\":\"WebPage\",\"@id\":\"https:\\\/\\\/www.eldigitaldeasturias.com\\\/noticias\\\/la-acb-de-arcelormittal-en-sestao-retomara-nuevamente-este-viernes-la-actividad\\\/#webpage\",\"url\":\"https:\\\/\\\/www.eldigitaldeasturias.com\\\/noticias\\\/la-acb-de-arcelormittal-en-sestao-retomara-nuevamente-este-viernes-la-actividad\\\/\",\"name\":\"La ACB de ArcelorMittal en Sestao retomar\\u00e1 nuevamente este viernes la actividad - El Digital de Asturias\",\"description\":\"La ACB de ArcelorMittal en Sestao retomar\\u00e1 nuevamente este viernes la actividad tras la decisi\\u00f3n que adopt\\u00f3 de mantener \\u00fanicamente operativa la acer\\u00eda durante los fines de semana y producir\\u00e1 alrededor de 4.000 toneladas, una cifra similar a la del pasado fin de semana, que fue el primero en el que se volvi\\u00f3 a trabajar\",\"inLanguage\":\"es-ES\",\"isPartOf\":{\"@id\":\"https:\\\/\\\/www.eldigitaldeasturias.com\\\/noticias\\\/#website\"},\"breadcrumb\":{\"@id\":\"https:\\\/\\\/www.eldigitaldeasturias.com\\\/noticias\\\/la-acb-de-arcelormittal-en-sestao-retomara-nuevamente-este-viernes-la-actividad\\\/#breadcrumblist\"},\"author\":{\"@id\":\"https:\\\/\\\/www.eldigitaldeasturias.com\\\/noticias\\\/author\\\/admin\\\/#author\"},\"creator\":{\"@id\":\"https:\\\/\\\/www.eldigitaldeasturias.com\\\/noticias\\\/author\\\/admin\\\/#author\"},\"image\":{\"@type\":\"ImageObject\",\"url\":\"https:\\\/\\\/www.eldigitaldeasturias.com\\\/noticias\\\/wp-content\\\/uploads\\\/2015\\\/03\\\/acero.jpg\",\"@id\":\"https:\\\/\\\/www.eldigitaldeasturias.com\\\/noticias\\\/la-acb-de-arcelormittal-en-sestao-retomara-nuevamente-este-viernes-la-actividad\\\/#mainImage\",\"width\":360,\"height\":279},\"primaryImageOfPage\":{\"@id\":\"https:\\\/\\\/www.eldigitaldeasturias.com\\\/noticias\\\/la-acb-de-arcelormittal-en-sestao-retomara-nuevamente-este-viernes-la-actividad\\\/#mainImage\"},\"datePublished\":\"2016-09-16T14:11:53+02:00\",\"dateModified\":\"2016-09-16T14:11:53+02:00\"},{\"@type\":\"WebSite\",\"@id\":\"https:\\\/\\\/www.eldigitaldeasturias.com\\\/noticias\\\/#website\",\"url\":\"https:\\\/\\\/www.eldigitaldeasturias.com\\\/noticias\\\/\",\"name\":\"El Digital de Asturias - Diario de actualidad y noticias\",\"alternateName\":\"El Digital de Asturias - Diario de actualidad y noticias\",\"description\":\"Hemeroteca\",\"inLanguage\":\"es-ES\",\"publisher\":{\"@id\":\"https:\\\/\\\/www.eldigitaldeasturias.com\\\/noticias\\\/#organization\"}}]}\n\t\t<\/script>\n\t\t<!-- All in One SEO Pro -->\r\n\t\t<title>La ACB de ArcelorMittal en Sestao retomar\u00e1 nuevamente este viernes la actividad - El Digital de Asturias<\/title>\n\n","aioseo_head_json":{"title":"La ACB de ArcelorMittal en Sestao retomar\u00e1 nuevamente este viernes la actividad - El Digital de Asturias","description":"La ACB de ArcelorMittal en Sestao retomar\u00e1 nuevamente este viernes la actividad tras la decisi\u00f3n que adopt\u00f3 de mantener \u00fanicamente operativa la acer\u00eda durante los fines de semana y producir\u00e1 alrededor de 4.000 toneladas, una cifra similar a la del pasado fin de semana, que fue el primero en el que se volvi\u00f3 a trabajar","canonical_url":"https:\/\/www.eldigitaldeasturias.com\/noticias\/la-acb-de-arcelormittal-en-sestao-retomara-nuevamente-este-viernes-la-actividad\/","robots":"max-image-preview:large","keywords":"actualidad","webmasterTools":{"google-site-verification":"UA-38556648-1","msvalidate.01":"7dfe9f3f1b24437ab69f4f2559babe99","miscellaneous":""},"schema":{"@context":"https:\/\/schema.org","@graph":[{"@type":"BlogPosting","@id":"https:\/\/www.eldigitaldeasturias.com\/noticias\/la-acb-de-arcelormittal-en-sestao-retomara-nuevamente-este-viernes-la-actividad\/#blogposting","name":"La ACB de ArcelorMittal en Sestao retomar\u00e1 nuevamente este viernes la actividad - El Digital de Asturias","headline":"La ACB de ArcelorMittal en Sestao retomar\u00e1 nuevamente este viernes la actividad","author":{"@id":"https:\/\/www.eldigitaldeasturias.com\/noticias\/author\/admin\/#author"},"publisher":{"@id":"https:\/\/www.eldigitaldeasturias.com\/noticias\/#organization"},"image":{"@type":"ImageObject","url":"https:\/\/www.eldigitaldeasturias.com\/noticias\/wp-content\/uploads\/2015\/03\/acero.jpg","width":360,"height":279},"datePublished":"2016-09-16T14:11:53+02:00","dateModified":"2016-09-16T14:11:53+02:00","inLanguage":"es-ES","mainEntityOfPage":{"@id":"https:\/\/www.eldigitaldeasturias.com\/noticias\/la-acb-de-arcelormittal-en-sestao-retomara-nuevamente-este-viernes-la-actividad\/#webpage"},"isPartOf":{"@id":"https:\/\/www.eldigitaldeasturias.com\/noticias\/la-acb-de-arcelormittal-en-sestao-retomara-nuevamente-este-viernes-la-actividad\/#webpage"},"articleSection":"Actualidad"},{"@type":"BreadcrumbList","@id":"https:\/\/www.eldigitaldeasturias.com\/noticias\/la-acb-de-arcelormittal-en-sestao-retomara-nuevamente-este-viernes-la-actividad\/#breadcrumblist","itemListElement":[{"@type":"ListItem","@id":"https:\/\/www.eldigitaldeasturias.com\/noticias#listItem","position":1,"name":"Home","item":"https:\/\/www.eldigitaldeasturias.com\/noticias","nextItem":{"@type":"ListItem","@id":"https:\/\/www.eldigitaldeasturias.com\/noticias\/category\/actualidad\/#listItem","name":"Actualidad"}},{"@type":"ListItem","@id":"https:\/\/www.eldigitaldeasturias.com\/noticias\/category\/actualidad\/#listItem","position":2,"name":"Actualidad","item":"https:\/\/www.eldigitaldeasturias.com\/noticias\/category\/actualidad\/","nextItem":{"@type":"ListItem","@id":"https:\/\/www.eldigitaldeasturias.com\/noticias\/la-acb-de-arcelormittal-en-sestao-retomara-nuevamente-este-viernes-la-actividad\/#listItem","name":"La ACB de ArcelorMittal en Sestao retomar\u00e1 nuevamente este viernes la actividad"},"previousItem":{"@type":"ListItem","@id":"https:\/\/www.eldigitaldeasturias.com\/noticias#listItem","name":"Home"}},{"@type":"ListItem","@id":"https:\/\/www.eldigitaldeasturias.com\/noticias\/la-acb-de-arcelormittal-en-sestao-retomara-nuevamente-este-viernes-la-actividad\/#listItem","position":3,"name":"La ACB de ArcelorMittal en Sestao retomar\u00e1 nuevamente este viernes la actividad","previousItem":{"@type":"ListItem","@id":"https:\/\/www.eldigitaldeasturias.com\/noticias\/category\/actualidad\/#listItem","name":"Actualidad"}}]},{"@type":"Organization","@id":"https:\/\/www.eldigitaldeasturias.com\/noticias\/#organization","name":"El Digital de Asturias","description":"Hemeroteca","url":"https:\/\/www.eldigitaldeasturias.com\/noticias\/","email":"info@eldigitaldeasturias.com","telephone":"+34652131393","logo":{"@type":"ImageObject","url":"https:\/\/www.eldigitaldeasturias.com\/noticias\/wp-content\/uploads\/2020\/12\/EDA.jpg","@id":"https:\/\/www.eldigitaldeasturias.com\/noticias\/la-acb-de-arcelormittal-en-sestao-retomara-nuevamente-este-viernes-la-actividad\/#organizationLogo","width":649,"height":297},"image":{"@id":"https:\/\/www.eldigitaldeasturias.com\/noticias\/la-acb-de-arcelormittal-en-sestao-retomara-nuevamente-este-viernes-la-actividad\/#organizationLogo"},"sameAs":["https:\/\/facebook.com\/eldigitaldeasturias","https:\/\/www.youtube.com\/channel\/UCZP-2wLEB9Rv6erhFmqVnvg"],"address":{"@id":"https:\/\/www.eldigitaldeasturias.com\/noticias\/#postaladdress","@type":"PostalAddress","streetAddress":"san antonio 4,","postalCode":"33430","addressLocality":"Cand\u00e1s","addressRegion":"Asturias","addressCountry":"ES"}},{"@type":"Person","@id":"https:\/\/www.eldigitaldeasturias.com\/noticias\/author\/admin\/#author","url":"https:\/\/www.eldigitaldeasturias.com\/noticias\/author\/admin\/","name":"El Digital de Asturias","image":{"@type":"ImageObject","@id":"https:\/\/www.eldigitaldeasturias.com\/noticias\/la-acb-de-arcelormittal-en-sestao-retomara-nuevamente-este-viernes-la-actividad\/#authorImage","url":"https:\/\/www.eldigitaldeasturias.com\/noticias\/wp-content\/litespeed\/avatar\/18677e78aa0546b92d9dbf31ec7d7668.jpg?ver=1776685526","width":96,"height":96,"caption":"El Digital de Asturias"}},{"@type":"WebPage","@id":"https:\/\/www.eldigitaldeasturias.com\/noticias\/la-acb-de-arcelormittal-en-sestao-retomara-nuevamente-este-viernes-la-actividad\/#webpage","url":"https:\/\/www.eldigitaldeasturias.com\/noticias\/la-acb-de-arcelormittal-en-sestao-retomara-nuevamente-este-viernes-la-actividad\/","name":"La ACB de ArcelorMittal en Sestao retomar\u00e1 nuevamente este viernes la actividad - El Digital de Asturias","description":"La ACB de ArcelorMittal en Sestao retomar\u00e1 nuevamente este viernes la actividad tras la decisi\u00f3n que adopt\u00f3 de mantener \u00fanicamente operativa la acer\u00eda durante los fines de semana y producir\u00e1 alrededor de 4.000 toneladas, una cifra similar a la del pasado fin de semana, que fue el primero en el que se volvi\u00f3 a trabajar","inLanguage":"es-ES","isPartOf":{"@id":"https:\/\/www.eldigitaldeasturias.com\/noticias\/#website"},"breadcrumb":{"@id":"https:\/\/www.eldigitaldeasturias.com\/noticias\/la-acb-de-arcelormittal-en-sestao-retomara-nuevamente-este-viernes-la-actividad\/#breadcrumblist"},"author":{"@id":"https:\/\/www.eldigitaldeasturias.com\/noticias\/author\/admin\/#author"},"creator":{"@id":"https:\/\/www.eldigitaldeasturias.com\/noticias\/author\/admin\/#author"},"image":{"@type":"ImageObject","url":"https:\/\/www.eldigitaldeasturias.com\/noticias\/wp-content\/uploads\/2015\/03\/acero.jpg","@id":"https:\/\/www.eldigitaldeasturias.com\/noticias\/la-acb-de-arcelormittal-en-sestao-retomara-nuevamente-este-viernes-la-actividad\/#mainImage","width":360,"height":279},"primaryImageOfPage":{"@id":"https:\/\/www.eldigitaldeasturias.com\/noticias\/la-acb-de-arcelormittal-en-sestao-retomara-nuevamente-este-viernes-la-actividad\/#mainImage"},"datePublished":"2016-09-16T14:11:53+02:00","dateModified":"2016-09-16T14:11:53+02:00"},{"@type":"WebSite","@id":"https:\/\/www.eldigitaldeasturias.com\/noticias\/#website","url":"https:\/\/www.eldigitaldeasturias.com\/noticias\/","name":"El Digital de Asturias - Diario de actualidad y noticias","alternateName":"El Digital de Asturias - Diario de actualidad y noticias","description":"Hemeroteca","inLanguage":"es-ES","publisher":{"@id":"https:\/\/www.eldigitaldeasturias.com\/noticias\/#organization"}}]},"og:locale":"es_ES","og:site_name":"El Digital de Asturias","og:type":"article","og:title":"La ACB de ArcelorMittal en Sestao retomar\u00e1 nuevamente este viernes la actividad - El Digital de Asturias","og:description":"La ACB de ArcelorMittal en Sestao retomar\u00e1 nuevamente este viernes la actividad tras la decisi\u00f3n que adopt\u00f3 de mantener \u00fanicamente operativa la acer\u00eda durante los fines de semana y producir\u00e1 alrededor de 4.000 toneladas, una cifra similar a la del pasado fin de semana, que fue el primero en el que se volvi\u00f3 a trabajar","og:url":"https:\/\/www.eldigitaldeasturias.com\/noticias\/la-acb-de-arcelormittal-en-sestao-retomara-nuevamente-este-viernes-la-actividad\/","og:image":"https:\/\/www.eldigitaldeasturias.com\/noticias\/wp-content\/uploads\/2015\/03\/acero.jpg","og:image:secure_url":"https:\/\/www.eldigitaldeasturias.com\/noticias\/wp-content\/uploads\/2015\/03\/acero.jpg","og:image:width":360,"og:image:height":279,"article:tag":["actualidad"],"article:published_time":"2016-09-16T13:11:53+00:00","article:modified_time":"2016-09-16T13:11:53+00:00","article:publisher":"https:\/\/facebook.com\/eldigitaldeasturias","twitter:card":"summary_large_image","twitter:title":"La ACB de ArcelorMittal en Sestao retomar\u00e1 nuevamente este viernes la actividad - El Digital de Asturias","twitter:description":"La ACB de ArcelorMittal en Sestao retomar\u00e1 nuevamente este viernes la actividad tras la decisi\u00f3n que adopt\u00f3 de mantener \u00fanicamente operativa la acer\u00eda durante los fines de semana y producir\u00e1 alrededor de 4.000 toneladas, una cifra similar a la del pasado fin de semana, que fue el primero en el que se volvi\u00f3 a trabajar","twitter:image":"https:\/\/www.eldigitaldeasturias.com\/noticias\/wp-content\/uploads\/2015\/03\/acero.jpg","twitter:label1":"Escrito por","twitter:data1":"El Digital de Asturias","twitter:label2":"Tiempo de lectura estimado","twitter:data2":"1 minuto"},"aioseo_meta_data":{"post_id":"907992","title":null,"description":null,"keywords":null,"keyphrases":null,"primary_term":null,"canonical_url":null,"og_title":null,"og_description":null,"og_object_type":"default","og_image_type":"default","og_image_url":null,"og_image_width":null,"og_image_height":null,"og_image_custom_url":null,"og_image_custom_fields":null,"og_video":null,"og_custom_url":null,"og_article_section":null,"og_article_tags":null,"twitter_use_og":false,"twitter_card":"default","twitter_image_type":"default","twitter_image_url":null,"twitter_image_custom_url":null,"twitter_image_custom_fields":null,"twitter_title":null,"twitter_description":null,"schema":{"blockGraphs":[],"customGraphs":[],"default":{"data":{"Article":[],"Course":[],"Dataset":[],"FAQPage":[],"Movie":[],"Person":[],"Product":[],"ProductReview":[],"Car":[],"Recipe":[],"Service":[],"SoftwareApplication":[],"WebPage":[]},"graphName":"","isEnabled":true},"graphs":[],"defaultGraph":"","defaultPostTypeGraph":""},"schema_type":null,"schema_type_options":null,"pillar_content":false,"robots_default":true,"robots_noindex":false,"robots_noarchive":false,"robots_nosnippet":false,"robots_nofollow":false,"robots_noimageindex":false,"robots_noodp":false,"robots_notranslate":false,"robots_max_snippet":null,"robots_max_videopreview":null,"robots_max_imagepreview":"large","priority":null,"frequency":null,"local_seo":null,"seo_analyzer_scan_date":"2025-11-30 14:29:13","breadcrumb_settings":null,"limit_modified_date":false,"open_ai":null,"ai":null,"created":"2020-12-21 14:00:26","updated":"2025-11-30 14:29:13"},"aioseo_breadcrumb":"<div class=\"aioseo-breadcrumbs\"><span class=\"aioseo-breadcrumb\">\n\t<a href=\"https:\/\/www.eldigitaldeasturias.com\/noticias\" title=\"Home\">Home<\/a>\n<\/span><span class=\"aioseo-breadcrumb-separator\">\u2013<\/span><span class=\"aioseo-breadcrumb\">\n\t<a href=\"https:\/\/www.eldigitaldeasturias.com\/noticias\/category\/actualidad\/\" title=\"Actualidad\">Actualidad<\/a>\n<\/span><span class=\"aioseo-breadcrumb-separator\">\u2013<\/span><span class=\"aioseo-breadcrumb\">\n\t<a href=\"https:\/\/www.eldigitaldeasturias.com\/noticias\/la-acb-de-arcelormittal-en-sestao-retomara-nuevamente-este-viernes-la-actividad\/\" title=\"La ACB de ArcelorMittal en Sestao retomar\u00e1 nuevamente este viernes la actividad\">La ACB de ArcelorMittal en Sestao retomar\u00e1 nuevamente este viernes la actividad<\/a>\n<\/span><\/div>","aioseo_breadcrumb_json":[{"label":"Home","link":"https:\/\/www.eldigitaldeasturias.com\/noticias"},{"label":"Actualidad","link":"https:\/\/www.eldigitaldeasturias.com\/noticias\/category\/actualidad\/"},{"label":"La ACB de ArcelorMittal en Sestao retomar\u00e1 nuevamente este viernes la actividad","link":"https:\/\/www.eldigitaldeasturias.com\/noticias\/la-acb-de-arcelormittal-en-sestao-retomara-nuevamente-este-viernes-la-actividad\/"}],"_links":{"self":[{"href":"https:\/\/www.eldigitaldeasturias.com\/noticias\/wp-json\/wp\/v2\/posts\/907992","targetHints":{"allow":["GET"]}}],"collection":[{"href":"https:\/\/www.eldigitaldeasturias.com\/noticias\/wp-json\/wp\/v2\/posts"}],"about":[{"href":"https:\/\/www.eldigitaldeasturias.com\/noticias\/wp-json\/wp\/v2\/types\/post"}],"author":[{"embeddable":true,"href":"https:\/\/www.eldigitaldeasturias.com\/noticias\/wp-json\/wp\/v2\/users\/1"}],"replies":[{"embeddable":true,"href":"https:\/\/www.eldigitaldeasturias.com\/noticias\/wp-json\/wp\/v2\/comments?post=907992"}],"version-history":[{"count":0,"href":"https:\/\/www.eldigitaldeasturias.com\/noticias\/wp-json\/wp\/v2\/posts\/907992\/revisions"}],"wp:featuredmedia":[{"embeddable":true,"href":"https:\/\/www.eldigitaldeasturias.com\/noticias\/wp-json\/wp\/v2\/media\/773761"}],"wp:attachment":[{"href":"https:\/\/www.eldigitaldeasturias.com\/noticias\/wp-json\/wp\/v2\/media?parent=907992"}],"wp:term":[{"taxonomy":"category","embeddable":true,"href":"https:\/\/www.eldigitaldeasturias.com\/noticias\/wp-json\/wp\/v2\/categories?post=907992"},{"taxonomy":"post_tag","embeddable":true,"href":"https:\/\/www.eldigitaldeasturias.com\/noticias\/wp-json\/wp\/v2\/tags?post=907992"}],"curies":[{"name":"wp","href":"https:\/\/api.w.org\/{rel}","templated":true}]}}