{"id":907986,"date":"2016-09-16T13:32:53","date_gmt":"2016-09-16T12:32:53","guid":{"rendered":"http:\/\/www.eldigitaldeasturias.com\/noticias\/?p=907986"},"modified":"2016-09-16T13:32:53","modified_gmt":"2016-09-16T12:32:53","slug":"moriyon-deja-abierta-la-puerta-a-modificar-las-bases-de-los-barrios-degradados","status":"publish","type":"post","link":"https:\/\/www.eldigitaldeasturias.com\/noticias\/moriyon-deja-abierta-la-puerta-a-modificar-las-bases-de-los-barrios-degradados\/","title":{"rendered":"Moriy\u00f3n deja abierta la puerta a modificar las bases de los barrios degradados"},"content":{"rendered":"<p><img loading=\"lazy\" decoding=\"async\" class=\"alignleft size-medium wp-image-797538\" src=\"https:\/\/www.eldigitaldeasturias.com\/noticias\/wp-content\/uploads\/2015\/07\/gij\u00f3n-360x270.jpg\" alt=\"gij\u00f3n\" width=\"360\" height=\"270\" srcset=\"https:\/\/www.eldigitaldeasturias.com\/noticias\/wp-content\/uploads\/2015\/07\/gij\u00f3n-360x270.jpg 360w, https:\/\/www.eldigitaldeasturias.com\/noticias\/wp-content\/uploads\/2015\/07\/gij\u00f3n-768x576.jpg 768w, https:\/\/www.eldigitaldeasturias.com\/noticias\/wp-content\/uploads\/2015\/07\/gij\u00f3n-650x488.jpg 650w, https:\/\/www.eldigitaldeasturias.com\/noticias\/wp-content\/uploads\/2015\/07\/gij\u00f3n-90x67.jpg 90w, https:\/\/www.eldigitaldeasturias.com\/noticias\/wp-content\/uploads\/2015\/07\/gij\u00f3n-100x75.jpg 100w, https:\/\/www.eldigitaldeasturias.com\/noticias\/wp-content\/uploads\/2015\/07\/gij\u00f3n.jpg 800w\" sizes=\"auto, (max-width: 360px) 100vw, 360px\" \/>La alcaldesa de Gij\u00f3n, Carmen Moriy\u00f3n (Foro), ha dejado abierta la puerta este jueves en el Pleno a la modificaci\u00f3n de las bases de ayudas de barrios degradados para evitar perjuicios fiscales a los beneficiarios como pas\u00f3 con las 102 familias de Francisco Eiriz (Jove).<\/p>\n<p>As\u00ed ha pasado tras un debate iniciado entre Moriy\u00f3n y el portavoz socialista, Jos\u00e9 Mar\u00eda P\u00e9rez, a cuenta de la posibilidad legal o no de repartir la subvenci\u00f3n en cinco anualidades como con las del Plan del Muro. En este caso, P\u00e9rez ha defendido que la soluci\u00f3n es pol\u00edtica, siendo las dos opciones legales, ya sea la de gestionar el Ayuntamiento la obra o la de que sean los vecinos quienes gestionen la subvenci\u00f3n.<\/p>\n<p>Todo ello despu\u00e9s de insistir la alcaldesa en que la interventora municipal explicara si era legal el dividir en cinco anualidades el actual sistema de subvenciones, algo que no es posible. Moriy\u00f3n, pese a ello, ha dicho estar abierta a escuchar posibles soluciones, al tiempo que el portavoz socialista se ha mostrado dispuesto a plantear su soluci\u00f3n manteniendo el Ayuntamiento sus mecanismos de control.<\/p>\n<p>Previamente al debate entre ambos, han intervenido en el Pleno dos representantes vecinales de barrios degradados, Enedina Marr\u00f3n Benito, de Portuarios, y Mar\u00eda Garc\u00eda P\u00e9rez, de Francisco Eiriz (Jove). La primera ha asegurado que los vecinos se sienten \u00abenga\u00f1ados\u00bb por el cambio en las bases de las ayudas que tanto da\u00f1o est\u00e1n haciendo, seg\u00fan ella.<\/p>\n<p>Tambi\u00e9n ha acusado al Gobierno local de \u00abmarearnos, darnos largas, enredar y volver al punto de partida\u00bb y ha avanzado que rechazan quedarse en la indigencia para arreglar las fachadas. Y aunque son conscientes de que deben pagar impuestos por las ayudas, han criticado que se optara por la f\u00f3rmula \u00abm\u00e1s da\u00f1ina\u00bb. Adem\u00e1s, ha incidido en que lo que est\u00e1 pasando est\u00e1 \u00absembrando la semilla del enfrentamiento entre los vecinos\u00bb, al tiempo que ha acusado a la alcaldesa de faltar a su palabra.<\/p>\n<p>En el caso de Francisco Eiriz, Garc\u00eda P\u00e9rez ha reprochado a Foro que no han hecho \u00ababsolutamente nada\u00bb para solventar el perjuicio fiscal sufrido. \u00abSe ha re\u00eddo de nosotros\u00bb, le ha espetado a Moriy\u00f3n, \u00aby sin que les caiga la cara de verg\u00fcenza\u00bb, ha reprochado. \u00abEstamos arruinados y con inmuebles mal rehabilitados\u00bb, se ha quejado, para recalcar despu\u00e9s que no piden una subvenci\u00f3n, sino una ayuda.<\/p>\n<p>Y en este punto, ya que Foro invent\u00f3 la figura de barrio degradado, ha animado a Moriy\u00f3n a inventarse el nombre de la ayuda, y ha sugerido \u00abayuda econ\u00f3mica para familias enga\u00f1adas y traicionadas por el Gobierno de Gij\u00f3n\u00bb.<\/p>\n<p>Por su parte, la concejala de Hacienda, Ana Bra\u00f1a, ha explicado que se ha informado a los vecinos de los efectos fiscales en el IRPF de estas ayudas, y ha recalcado que no es lo mismo que la afectaci\u00f3n a prestaciones sociales. De ah\u00ed que para este \u00faltimo caso se contratara un asesor jur\u00eddico, el cual solo trat\u00f3 el asunto de un vecino que le retiraron la ayuda por hijo a cargo. Es m\u00e1s, ha indicado que las bases para las ayudas en estos casos no parece que tengan problema para convocarse.<\/p>\n<p>No obstante, el portavoz socialista le ha recriminado que el protocolo de actuaci\u00f3n para informar a los vecinos no existe, ni los informes para modificar las bases, tal como se hab\u00eda aprobado en Pleno. Ha reprochado, en esta l\u00ednea, no hicieron lo que aprobaron que iban a hacer, pero \u00abporque no quisieron\u00bb, ha apostillado.<\/p>\n<p><strong>PISTA DE CIMAVILLA<\/strong><\/p>\n<p>En el turno de preguntas, el concejal de Obras, Manuel Arrieta, ha explicado que se est\u00e1 realizando el estudio de detalle de la cobertura de la pista polideportiva de Cimavilla, para su remisi\u00f3n al Principado, de cara a obtener la preceptiva autorizaci\u00f3n y licitar los trabajos. En este caso, desde el organismo regional de la Cuota se ha dictado informe favorable, pese a la oposici\u00f3n de la Demarcaci\u00f3n de Costas, al estar afectada la zona por un Plan Especial.<\/p>\n<p>En cuanto al plan para mejorar la seguridad vial en el acceso al colegio Cabue\u00f1es, ha indicado que se trabaja en un aparcamiento en una zona verde frente al centro con paso de cebra de acceso al equipamiento educativo. La obra, con un coste de 62.524,10 euros m\u00e1s IVA y dos meses de plazo de ejecuci\u00f3n, est\u00e1 en licitaci\u00f3n y el pr\u00f3ximo d\u00eda 28 se proceder\u00e1 a abrir el sobre &#8216;A&#8217;.<\/p>\n<p>Arrieta tambi\u00e9n ha comparecido en el Pleno, a petici\u00f3n del PSOE, a cuenta del bajo nivel de ejecuci\u00f3n de obras de mantenimiento y por los problemas en el contrato de conservaci\u00f3n viaria. Sobre esto \u00faltimo, ha pedido \u00abun poco de comprensi\u00f3n\u00bb para la nueva empresa adjudicataria y se ha mostrado confiado en que se resuelva \u00aben breve tiempo\u00bb el problema de falta de medios materiales.<\/p>\n<p>En cuanto al grado de ejecuci\u00f3n, ha aludido a la mejora del pliego de condiciones para incluir cl\u00e1usulas sociales y evitar bajas temerarias. Tambi\u00e9n ha avanzado que se ha procedido a resolver el contrato con la empresa encargada de poner el pavimento de seguridad en el parque de los Pericones, en sustituci\u00f3n de la arena, por \u00abmala ejecuci\u00f3n y dudosa procedencia de los materiales\u00bb. Adem\u00e1s, se ha mostrado dispuesto a visitar las obras en curso con los grupos de la oposici\u00f3n, quienes han criticado duramente la gesti\u00f3n de las mismas.<\/p>\n<p>Arrieta, adem\u00e1s, en respuesta al PP, ha avanzando que se est\u00e1 redactando un proyecto, que debe contar previamente con el visto bueno del Principado, para licitar los trabajos de limpieza de los estanques del parque de Isabel la Cat\u00f3lica.<\/p>\n<p><strong>CONFLICTO DE COMPETENCIA<\/strong><\/p>\n<p>En el Pleno tambi\u00e9n se ha aprobado por unanimidad, mediante una moci\u00f3n de urgencia, el plantear un conflicto de competencia jurisdiccional ante el requerimiento de un Juzgado Mercantil de Orense para que el Ayuntamiento le entregue la fianza y parte del dinero no abonado a la empresa gallega encargada de los cursos de raquetas y del servicio de socorristas del Patronato Deportivo Municipal. Un contrato que fue resuelto por el Ayuntamiento al entrar en concurso de acreedores, mientras que el dinero se incaut\u00f3 en previsi\u00f3n de que los trabajadores reclamaran los salarios no percibidos en su d\u00eda.<\/p>\n<p>Por otro lado, a una pregunta de IU sobre el grado de ejecuci\u00f3n de la revisi\u00f3n del Plan General de Ordenaci\u00f3n (PGO), Foro ha se\u00f1alado que se han completado ya las dos primeras fases y se ha abonado un 50 por ciento. Tambi\u00e9n ha descartado que se pida por la empresa dinero complementario por las correcciones que debe hacer y ha justificado un segundo periodo de informaci\u00f3n publica para mayor garant\u00eda. Adem\u00e1s, ha afirmado que hasta la fecha no hay retrasos.<\/p>\n<p>Tambi\u00e9n en el Pleno se ha aprobado por unanimidad una iniciativa de XSP para declarar servicios esenciales y prioritarios los sociales y de educaci\u00f3n, para as\u00ed &#8216;sortear&#8217; la Ley de Reforma Local y poder hacer contrataciones temporales. XSP tambi\u00e9n sac\u00f3 adelante, con la sola abstenci\u00f3n de Foro y Ciudadanos, de la reforma de la Ordenanza de Autotaxi, pese a que el PSOE ha advertido de \u00abconflictos de intereses\u00bb y de que va a haber \u00abencontronazos\u00bb, ha augurado.<\/p>\n<p>Se ha dado luz verde, asimismo, a un ruego de Ciudadanos para que las placas de las calles lleven una explicaci\u00f3n sobre el nombre que reciben estas. Tambi\u00e9n se han aprobado dos declaraciones institucionales, una Por la paz y la justicia social en Colombia y otra contra el racismo y actitudes xen\u00f3fobas en el f\u00fatbol.<\/p>\n<p>&nbsp;<\/p>\n","protected":false},"excerpt":{"rendered":"<p>La alcaldesa de Gij\u00f3n, Carmen Moriy\u00f3n (Foro), ha dejado abierta la puerta este jueves en el Pleno a la modificaci\u00f3n de las bases de ayudas de barrios degradados para evitar perjuicios fiscales a los beneficiarios como pas\u00f3 con las 102 familias de Francisco Eiriz (Jove). As\u00ed ha pasado tras un debate iniciado entre Moriy\u00f3n y [&hellip;]<\/p>\n","protected":false},"author":1,"featured_media":797538,"comment_status":"closed","ping_status":"closed","sticky":false,"template":"","format":"standard","meta":{"footnotes":""},"categories":[12],"tags":[],"class_list":["post-907986","post","type-post","status-publish","format-standard","has-post-thumbnail","hentry","category-actualidad-asturias"],"aioseo_notices":[],"aioseo_head":"\n\t\t<!-- All in One SEO Pro 4.9.6.2 - aioseo.com -->\n\t<meta name=\"description\" content=\"La alcaldesa de Gij\u00f3n, Carmen Moriy\u00f3n (Foro), ha dejado abierta la puerta este jueves en el Pleno a la modificaci\u00f3n de las bases de ayudas de barrios degradados para evitar perjuicios fiscales a los beneficiarios como pas\u00f3 con las 102 familias de Francisco Eiriz (Jove). As\u00ed ha pasado tras un debate iniciado entre Moriy\u00f3n y\" \/>\n\t<meta name=\"robots\" content=\"max-image-preview:large\" \/>\n\t<meta name=\"author\" content=\"El Digital de Asturias\"\/>\n\t<meta name=\"google-site-verification\" content=\"UA-38556648-1\" \/>\n\t<meta name=\"msvalidate.01\" content=\"7dfe9f3f1b24437ab69f4f2559babe99\" \/>\n\t<meta name=\"keywords\" content=\"actualidad asturias\" \/>\n\t<link rel=\"canonical\" href=\"https:\/\/www.eldigitaldeasturias.com\/noticias\/moriyon-deja-abierta-la-puerta-a-modificar-las-bases-de-los-barrios-degradados\/\" \/>\n\t<meta name=\"generator\" content=\"All in One SEO Pro (AIOSEO) 4.9.6.2\" \/>\n\t\t<meta property=\"og:locale\" content=\"es_ES\" \/>\n\t\t<meta property=\"og:site_name\" content=\"El Digital de Asturias\" \/>\n\t\t<meta property=\"og:type\" content=\"article\" \/>\n\t\t<meta property=\"og:title\" content=\"Moriy\u00f3n deja abierta la puerta a modificar las bases de los barrios degradados - El Digital de Asturias\" \/>\n\t\t<meta property=\"og:description\" content=\"La alcaldesa de Gij\u00f3n, Carmen Moriy\u00f3n (Foro), ha dejado abierta la puerta este jueves en el Pleno a la modificaci\u00f3n de las bases de ayudas de barrios degradados para evitar perjuicios fiscales a los beneficiarios como pas\u00f3 con las 102 familias de Francisco Eiriz (Jove). As\u00ed ha pasado tras un debate iniciado entre Moriy\u00f3n y\" \/>\n\t\t<meta property=\"og:url\" content=\"https:\/\/www.eldigitaldeasturias.com\/noticias\/moriyon-deja-abierta-la-puerta-a-modificar-las-bases-de-los-barrios-degradados\/\" \/>\n\t\t<meta property=\"og:image\" content=\"https:\/\/www.eldigitaldeasturias.com\/noticias\/wp-content\/uploads\/2015\/07\/gij\u00f3n.jpg\" \/>\n\t\t<meta property=\"og:image:secure_url\" content=\"https:\/\/www.eldigitaldeasturias.com\/noticias\/wp-content\/uploads\/2015\/07\/gij\u00f3n.jpg\" \/>\n\t\t<meta property=\"og:image:width\" content=\"800\" \/>\n\t\t<meta property=\"og:image:height\" content=\"600\" \/>\n\t\t<meta property=\"article:tag\" content=\"actualidad asturias\" \/>\n\t\t<meta property=\"article:published_time\" content=\"2016-09-16T12:32:53+00:00\" \/>\n\t\t<meta property=\"article:modified_time\" content=\"2016-09-16T12:32:53+00:00\" \/>\n\t\t<meta property=\"article:publisher\" content=\"https:\/\/facebook.com\/eldigitaldeasturias\" \/>\n\t\t<meta name=\"twitter:card\" content=\"summary_large_image\" \/>\n\t\t<meta name=\"twitter:title\" content=\"Moriy\u00f3n deja abierta la puerta a modificar las bases de los barrios degradados - El Digital de Asturias\" \/>\n\t\t<meta name=\"twitter:description\" content=\"La alcaldesa de Gij\u00f3n, Carmen Moriy\u00f3n (Foro), ha dejado abierta la puerta este jueves en el Pleno a la modificaci\u00f3n de las bases de ayudas de barrios degradados para evitar perjuicios fiscales a los beneficiarios como pas\u00f3 con las 102 familias de Francisco Eiriz (Jove). As\u00ed ha pasado tras un debate iniciado entre Moriy\u00f3n y\" \/>\n\t\t<meta name=\"twitter:image\" content=\"https:\/\/www.eldigitaldeasturias.com\/noticias\/wp-content\/uploads\/2015\/07\/gij\u00f3n.jpg\" \/>\n\t\t<meta name=\"twitter:label1\" content=\"Escrito por\" \/>\n\t\t<meta name=\"twitter:data1\" content=\"El Digital de Asturias\" \/>\n\t\t<meta name=\"twitter:label2\" content=\"Tiempo de lectura estimado\" \/>\n\t\t<meta name=\"twitter:data2\" content=\"7 minutos\" \/>\n\t\t<script type=\"application\/ld+json\" class=\"aioseo-schema\">\n\t\t\t{\"@context\":\"https:\\\/\\\/schema.org\",\"@graph\":[{\"@type\":\"BlogPosting\",\"@id\":\"https:\\\/\\\/www.eldigitaldeasturias.com\\\/noticias\\\/moriyon-deja-abierta-la-puerta-a-modificar-las-bases-de-los-barrios-degradados\\\/#blogposting\",\"name\":\"Moriy\\u00f3n deja abierta la puerta a modificar las bases de los barrios degradados - El Digital de Asturias\",\"headline\":\"Moriy\\u00f3n deja abierta la puerta a modificar las bases de los barrios degradados\",\"author\":{\"@id\":\"https:\\\/\\\/www.eldigitaldeasturias.com\\\/noticias\\\/author\\\/admin\\\/#author\"},\"publisher\":{\"@id\":\"https:\\\/\\\/www.eldigitaldeasturias.com\\\/noticias\\\/#organization\"},\"image\":{\"@type\":\"ImageObject\",\"url\":\"https:\\\/\\\/www.eldigitaldeasturias.com\\\/noticias\\\/wp-content\\\/uploads\\\/2015\\\/07\\\/gij\\u00f3n.jpg\",\"width\":800,\"height\":600},\"datePublished\":\"2016-09-16T13:32:53+02:00\",\"dateModified\":\"2016-09-16T13:32:53+02:00\",\"inLanguage\":\"es-ES\",\"mainEntityOfPage\":{\"@id\":\"https:\\\/\\\/www.eldigitaldeasturias.com\\\/noticias\\\/moriyon-deja-abierta-la-puerta-a-modificar-las-bases-de-los-barrios-degradados\\\/#webpage\"},\"isPartOf\":{\"@id\":\"https:\\\/\\\/www.eldigitaldeasturias.com\\\/noticias\\\/moriyon-deja-abierta-la-puerta-a-modificar-las-bases-de-los-barrios-degradados\\\/#webpage\"},\"articleSection\":\"Actualidad Asturias\"},{\"@type\":\"BreadcrumbList\",\"@id\":\"https:\\\/\\\/www.eldigitaldeasturias.com\\\/noticias\\\/moriyon-deja-abierta-la-puerta-a-modificar-las-bases-de-los-barrios-degradados\\\/#breadcrumblist\",\"itemListElement\":[{\"@type\":\"ListItem\",\"@id\":\"https:\\\/\\\/www.eldigitaldeasturias.com\\\/noticias#listItem\",\"position\":1,\"name\":\"Home\",\"item\":\"https:\\\/\\\/www.eldigitaldeasturias.com\\\/noticias\",\"nextItem\":{\"@type\":\"ListItem\",\"@id\":\"https:\\\/\\\/www.eldigitaldeasturias.com\\\/noticias\\\/category\\\/actualidad-asturias\\\/#listItem\",\"name\":\"Actualidad Asturias\"}},{\"@type\":\"ListItem\",\"@id\":\"https:\\\/\\\/www.eldigitaldeasturias.com\\\/noticias\\\/category\\\/actualidad-asturias\\\/#listItem\",\"position\":2,\"name\":\"Actualidad Asturias\",\"item\":\"https:\\\/\\\/www.eldigitaldeasturias.com\\\/noticias\\\/category\\\/actualidad-asturias\\\/\",\"nextItem\":{\"@type\":\"ListItem\",\"@id\":\"https:\\\/\\\/www.eldigitaldeasturias.com\\\/noticias\\\/moriyon-deja-abierta-la-puerta-a-modificar-las-bases-de-los-barrios-degradados\\\/#listItem\",\"name\":\"Moriy\\u00f3n deja abierta la puerta a modificar las bases de los barrios degradados\"},\"previousItem\":{\"@type\":\"ListItem\",\"@id\":\"https:\\\/\\\/www.eldigitaldeasturias.com\\\/noticias#listItem\",\"name\":\"Home\"}},{\"@type\":\"ListItem\",\"@id\":\"https:\\\/\\\/www.eldigitaldeasturias.com\\\/noticias\\\/moriyon-deja-abierta-la-puerta-a-modificar-las-bases-de-los-barrios-degradados\\\/#listItem\",\"position\":3,\"name\":\"Moriy\\u00f3n deja abierta la puerta a modificar las bases de los barrios degradados\",\"previousItem\":{\"@type\":\"ListItem\",\"@id\":\"https:\\\/\\\/www.eldigitaldeasturias.com\\\/noticias\\\/category\\\/actualidad-asturias\\\/#listItem\",\"name\":\"Actualidad Asturias\"}}]},{\"@type\":\"Organization\",\"@id\":\"https:\\\/\\\/www.eldigitaldeasturias.com\\\/noticias\\\/#organization\",\"name\":\"El Digital de Asturias\",\"description\":\"Hemeroteca\",\"url\":\"https:\\\/\\\/www.eldigitaldeasturias.com\\\/noticias\\\/\",\"email\":\"info@eldigitaldeasturias.com\",\"telephone\":\"+34652131393\",\"logo\":{\"@type\":\"ImageObject\",\"url\":\"https:\\\/\\\/www.eldigitaldeasturias.com\\\/noticias\\\/wp-content\\\/uploads\\\/2020\\\/12\\\/EDA.jpg\",\"@id\":\"https:\\\/\\\/www.eldigitaldeasturias.com\\\/noticias\\\/moriyon-deja-abierta-la-puerta-a-modificar-las-bases-de-los-barrios-degradados\\\/#organizationLogo\",\"width\":649,\"height\":297},\"image\":{\"@id\":\"https:\\\/\\\/www.eldigitaldeasturias.com\\\/noticias\\\/moriyon-deja-abierta-la-puerta-a-modificar-las-bases-de-los-barrios-degradados\\\/#organizationLogo\"},\"sameAs\":[\"https:\\\/\\\/facebook.com\\\/eldigitaldeasturias\",\"https:\\\/\\\/www.youtube.com\\\/channel\\\/UCZP-2wLEB9Rv6erhFmqVnvg\"],\"address\":{\"@id\":\"https:\\\/\\\/www.eldigitaldeasturias.com\\\/noticias\\\/#postaladdress\",\"@type\":\"PostalAddress\",\"streetAddress\":\"san antonio 4,\",\"postalCode\":\"33430\",\"addressLocality\":\"Cand\\u00e1s\",\"addressRegion\":\"Asturias\",\"addressCountry\":\"ES\"}},{\"@type\":\"Person\",\"@id\":\"https:\\\/\\\/www.eldigitaldeasturias.com\\\/noticias\\\/author\\\/admin\\\/#author\",\"url\":\"https:\\\/\\\/www.eldigitaldeasturias.com\\\/noticias\\\/author\\\/admin\\\/\",\"name\":\"El Digital de Asturias\",\"image\":{\"@type\":\"ImageObject\",\"@id\":\"https:\\\/\\\/www.eldigitaldeasturias.com\\\/noticias\\\/moriyon-deja-abierta-la-puerta-a-modificar-las-bases-de-los-barrios-degradados\\\/#authorImage\",\"url\":\"https:\\\/\\\/www.eldigitaldeasturias.com\\\/noticias\\\/wp-content\\\/litespeed\\\/avatar\\\/18677e78aa0546b92d9dbf31ec7d7668.jpg?ver=1776685526\",\"width\":96,\"height\":96,\"caption\":\"El Digital de Asturias\"}},{\"@type\":\"WebPage\",\"@id\":\"https:\\\/\\\/www.eldigitaldeasturias.com\\\/noticias\\\/moriyon-deja-abierta-la-puerta-a-modificar-las-bases-de-los-barrios-degradados\\\/#webpage\",\"url\":\"https:\\\/\\\/www.eldigitaldeasturias.com\\\/noticias\\\/moriyon-deja-abierta-la-puerta-a-modificar-las-bases-de-los-barrios-degradados\\\/\",\"name\":\"Moriy\\u00f3n deja abierta la puerta a modificar las bases de los barrios degradados - El Digital de Asturias\",\"description\":\"La alcaldesa de Gij\\u00f3n, Carmen Moriy\\u00f3n (Foro), ha dejado abierta la puerta este jueves en el Pleno a la modificaci\\u00f3n de las bases de ayudas de barrios degradados para evitar perjuicios fiscales a los beneficiarios como pas\\u00f3 con las 102 familias de Francisco Eiriz (Jove). As\\u00ed ha pasado tras un debate iniciado entre Moriy\\u00f3n y\",\"inLanguage\":\"es-ES\",\"isPartOf\":{\"@id\":\"https:\\\/\\\/www.eldigitaldeasturias.com\\\/noticias\\\/#website\"},\"breadcrumb\":{\"@id\":\"https:\\\/\\\/www.eldigitaldeasturias.com\\\/noticias\\\/moriyon-deja-abierta-la-puerta-a-modificar-las-bases-de-los-barrios-degradados\\\/#breadcrumblist\"},\"author\":{\"@id\":\"https:\\\/\\\/www.eldigitaldeasturias.com\\\/noticias\\\/author\\\/admin\\\/#author\"},\"creator\":{\"@id\":\"https:\\\/\\\/www.eldigitaldeasturias.com\\\/noticias\\\/author\\\/admin\\\/#author\"},\"image\":{\"@type\":\"ImageObject\",\"url\":\"https:\\\/\\\/www.eldigitaldeasturias.com\\\/noticias\\\/wp-content\\\/uploads\\\/2015\\\/07\\\/gij\\u00f3n.jpg\",\"@id\":\"https:\\\/\\\/www.eldigitaldeasturias.com\\\/noticias\\\/moriyon-deja-abierta-la-puerta-a-modificar-las-bases-de-los-barrios-degradados\\\/#mainImage\",\"width\":800,\"height\":600},\"primaryImageOfPage\":{\"@id\":\"https:\\\/\\\/www.eldigitaldeasturias.com\\\/noticias\\\/moriyon-deja-abierta-la-puerta-a-modificar-las-bases-de-los-barrios-degradados\\\/#mainImage\"},\"datePublished\":\"2016-09-16T13:32:53+02:00\",\"dateModified\":\"2016-09-16T13:32:53+02:00\"},{\"@type\":\"WebSite\",\"@id\":\"https:\\\/\\\/www.eldigitaldeasturias.com\\\/noticias\\\/#website\",\"url\":\"https:\\\/\\\/www.eldigitaldeasturias.com\\\/noticias\\\/\",\"name\":\"El Digital de Asturias - Diario de actualidad y noticias\",\"alternateName\":\"El Digital de Asturias - Diario de actualidad y noticias\",\"description\":\"Hemeroteca\",\"inLanguage\":\"es-ES\",\"publisher\":{\"@id\":\"https:\\\/\\\/www.eldigitaldeasturias.com\\\/noticias\\\/#organization\"}}]}\n\t\t<\/script>\n\t\t<!-- All in One SEO Pro -->\r\n\t\t<title>Moriy\u00f3n deja abierta la puerta a modificar las bases de los barrios degradados - El Digital de Asturias<\/title>\n\n","aioseo_head_json":{"title":"Moriy\u00f3n deja abierta la puerta a modificar las bases de los barrios degradados - El Digital de Asturias","description":"La alcaldesa de Gij\u00f3n, Carmen Moriy\u00f3n (Foro), ha dejado abierta la puerta este jueves en el Pleno a la modificaci\u00f3n de las bases de ayudas de barrios degradados para evitar perjuicios fiscales a los beneficiarios como pas\u00f3 con las 102 familias de Francisco Eiriz (Jove). As\u00ed ha pasado tras un debate iniciado entre Moriy\u00f3n y","canonical_url":"https:\/\/www.eldigitaldeasturias.com\/noticias\/moriyon-deja-abierta-la-puerta-a-modificar-las-bases-de-los-barrios-degradados\/","robots":"max-image-preview:large","keywords":"actualidad asturias","webmasterTools":{"google-site-verification":"UA-38556648-1","msvalidate.01":"7dfe9f3f1b24437ab69f4f2559babe99","miscellaneous":""},"schema":{"@context":"https:\/\/schema.org","@graph":[{"@type":"BlogPosting","@id":"https:\/\/www.eldigitaldeasturias.com\/noticias\/moriyon-deja-abierta-la-puerta-a-modificar-las-bases-de-los-barrios-degradados\/#blogposting","name":"Moriy\u00f3n deja abierta la puerta a modificar las bases de los barrios degradados - El Digital de Asturias","headline":"Moriy\u00f3n deja abierta la puerta a modificar las bases de los barrios degradados","author":{"@id":"https:\/\/www.eldigitaldeasturias.com\/noticias\/author\/admin\/#author"},"publisher":{"@id":"https:\/\/www.eldigitaldeasturias.com\/noticias\/#organization"},"image":{"@type":"ImageObject","url":"https:\/\/www.eldigitaldeasturias.com\/noticias\/wp-content\/uploads\/2015\/07\/gij\u00f3n.jpg","width":800,"height":600},"datePublished":"2016-09-16T13:32:53+02:00","dateModified":"2016-09-16T13:32:53+02:00","inLanguage":"es-ES","mainEntityOfPage":{"@id":"https:\/\/www.eldigitaldeasturias.com\/noticias\/moriyon-deja-abierta-la-puerta-a-modificar-las-bases-de-los-barrios-degradados\/#webpage"},"isPartOf":{"@id":"https:\/\/www.eldigitaldeasturias.com\/noticias\/moriyon-deja-abierta-la-puerta-a-modificar-las-bases-de-los-barrios-degradados\/#webpage"},"articleSection":"Actualidad Asturias"},{"@type":"BreadcrumbList","@id":"https:\/\/www.eldigitaldeasturias.com\/noticias\/moriyon-deja-abierta-la-puerta-a-modificar-las-bases-de-los-barrios-degradados\/#breadcrumblist","itemListElement":[{"@type":"ListItem","@id":"https:\/\/www.eldigitaldeasturias.com\/noticias#listItem","position":1,"name":"Home","item":"https:\/\/www.eldigitaldeasturias.com\/noticias","nextItem":{"@type":"ListItem","@id":"https:\/\/www.eldigitaldeasturias.com\/noticias\/category\/actualidad-asturias\/#listItem","name":"Actualidad Asturias"}},{"@type":"ListItem","@id":"https:\/\/www.eldigitaldeasturias.com\/noticias\/category\/actualidad-asturias\/#listItem","position":2,"name":"Actualidad Asturias","item":"https:\/\/www.eldigitaldeasturias.com\/noticias\/category\/actualidad-asturias\/","nextItem":{"@type":"ListItem","@id":"https:\/\/www.eldigitaldeasturias.com\/noticias\/moriyon-deja-abierta-la-puerta-a-modificar-las-bases-de-los-barrios-degradados\/#listItem","name":"Moriy\u00f3n deja abierta la puerta a modificar las bases de los barrios degradados"},"previousItem":{"@type":"ListItem","@id":"https:\/\/www.eldigitaldeasturias.com\/noticias#listItem","name":"Home"}},{"@type":"ListItem","@id":"https:\/\/www.eldigitaldeasturias.com\/noticias\/moriyon-deja-abierta-la-puerta-a-modificar-las-bases-de-los-barrios-degradados\/#listItem","position":3,"name":"Moriy\u00f3n deja abierta la puerta a modificar las bases de los barrios degradados","previousItem":{"@type":"ListItem","@id":"https:\/\/www.eldigitaldeasturias.com\/noticias\/category\/actualidad-asturias\/#listItem","name":"Actualidad Asturias"}}]},{"@type":"Organization","@id":"https:\/\/www.eldigitaldeasturias.com\/noticias\/#organization","name":"El Digital de Asturias","description":"Hemeroteca","url":"https:\/\/www.eldigitaldeasturias.com\/noticias\/","email":"info@eldigitaldeasturias.com","telephone":"+34652131393","logo":{"@type":"ImageObject","url":"https:\/\/www.eldigitaldeasturias.com\/noticias\/wp-content\/uploads\/2020\/12\/EDA.jpg","@id":"https:\/\/www.eldigitaldeasturias.com\/noticias\/moriyon-deja-abierta-la-puerta-a-modificar-las-bases-de-los-barrios-degradados\/#organizationLogo","width":649,"height":297},"image":{"@id":"https:\/\/www.eldigitaldeasturias.com\/noticias\/moriyon-deja-abierta-la-puerta-a-modificar-las-bases-de-los-barrios-degradados\/#organizationLogo"},"sameAs":["https:\/\/facebook.com\/eldigitaldeasturias","https:\/\/www.youtube.com\/channel\/UCZP-2wLEB9Rv6erhFmqVnvg"],"address":{"@id":"https:\/\/www.eldigitaldeasturias.com\/noticias\/#postaladdress","@type":"PostalAddress","streetAddress":"san antonio 4,","postalCode":"33430","addressLocality":"Cand\u00e1s","addressRegion":"Asturias","addressCountry":"ES"}},{"@type":"Person","@id":"https:\/\/www.eldigitaldeasturias.com\/noticias\/author\/admin\/#author","url":"https:\/\/www.eldigitaldeasturias.com\/noticias\/author\/admin\/","name":"El Digital de Asturias","image":{"@type":"ImageObject","@id":"https:\/\/www.eldigitaldeasturias.com\/noticias\/moriyon-deja-abierta-la-puerta-a-modificar-las-bases-de-los-barrios-degradados\/#authorImage","url":"https:\/\/www.eldigitaldeasturias.com\/noticias\/wp-content\/litespeed\/avatar\/18677e78aa0546b92d9dbf31ec7d7668.jpg?ver=1776685526","width":96,"height":96,"caption":"El Digital de Asturias"}},{"@type":"WebPage","@id":"https:\/\/www.eldigitaldeasturias.com\/noticias\/moriyon-deja-abierta-la-puerta-a-modificar-las-bases-de-los-barrios-degradados\/#webpage","url":"https:\/\/www.eldigitaldeasturias.com\/noticias\/moriyon-deja-abierta-la-puerta-a-modificar-las-bases-de-los-barrios-degradados\/","name":"Moriy\u00f3n deja abierta la puerta a modificar las bases de los barrios degradados - El Digital de Asturias","description":"La alcaldesa de Gij\u00f3n, Carmen Moriy\u00f3n (Foro), ha dejado abierta la puerta este jueves en el Pleno a la modificaci\u00f3n de las bases de ayudas de barrios degradados para evitar perjuicios fiscales a los beneficiarios como pas\u00f3 con las 102 familias de Francisco Eiriz (Jove). As\u00ed ha pasado tras un debate iniciado entre Moriy\u00f3n y","inLanguage":"es-ES","isPartOf":{"@id":"https:\/\/www.eldigitaldeasturias.com\/noticias\/#website"},"breadcrumb":{"@id":"https:\/\/www.eldigitaldeasturias.com\/noticias\/moriyon-deja-abierta-la-puerta-a-modificar-las-bases-de-los-barrios-degradados\/#breadcrumblist"},"author":{"@id":"https:\/\/www.eldigitaldeasturias.com\/noticias\/author\/admin\/#author"},"creator":{"@id":"https:\/\/www.eldigitaldeasturias.com\/noticias\/author\/admin\/#author"},"image":{"@type":"ImageObject","url":"https:\/\/www.eldigitaldeasturias.com\/noticias\/wp-content\/uploads\/2015\/07\/gij\u00f3n.jpg","@id":"https:\/\/www.eldigitaldeasturias.com\/noticias\/moriyon-deja-abierta-la-puerta-a-modificar-las-bases-de-los-barrios-degradados\/#mainImage","width":800,"height":600},"primaryImageOfPage":{"@id":"https:\/\/www.eldigitaldeasturias.com\/noticias\/moriyon-deja-abierta-la-puerta-a-modificar-las-bases-de-los-barrios-degradados\/#mainImage"},"datePublished":"2016-09-16T13:32:53+02:00","dateModified":"2016-09-16T13:32:53+02:00"},{"@type":"WebSite","@id":"https:\/\/www.eldigitaldeasturias.com\/noticias\/#website","url":"https:\/\/www.eldigitaldeasturias.com\/noticias\/","name":"El Digital de Asturias - Diario de actualidad y noticias","alternateName":"El Digital de Asturias - Diario de actualidad y noticias","description":"Hemeroteca","inLanguage":"es-ES","publisher":{"@id":"https:\/\/www.eldigitaldeasturias.com\/noticias\/#organization"}}]},"og:locale":"es_ES","og:site_name":"El Digital de Asturias","og:type":"article","og:title":"Moriy\u00f3n deja abierta la puerta a modificar las bases de los barrios degradados - El Digital de Asturias","og:description":"La alcaldesa de Gij\u00f3n, Carmen Moriy\u00f3n (Foro), ha dejado abierta la puerta este jueves en el Pleno a la modificaci\u00f3n de las bases de ayudas de barrios degradados para evitar perjuicios fiscales a los beneficiarios como pas\u00f3 con las 102 familias de Francisco Eiriz (Jove). As\u00ed ha pasado tras un debate iniciado entre Moriy\u00f3n y","og:url":"https:\/\/www.eldigitaldeasturias.com\/noticias\/moriyon-deja-abierta-la-puerta-a-modificar-las-bases-de-los-barrios-degradados\/","og:image":"https:\/\/www.eldigitaldeasturias.com\/noticias\/wp-content\/uploads\/2015\/07\/gij\u00f3n.jpg","og:image:secure_url":"https:\/\/www.eldigitaldeasturias.com\/noticias\/wp-content\/uploads\/2015\/07\/gij\u00f3n.jpg","og:image:width":800,"og:image:height":600,"article:tag":["actualidad asturias"],"article:published_time":"2016-09-16T12:32:53+00:00","article:modified_time":"2016-09-16T12:32:53+00:00","article:publisher":"https:\/\/facebook.com\/eldigitaldeasturias","twitter:card":"summary_large_image","twitter:title":"Moriy\u00f3n deja abierta la puerta a modificar las bases de los barrios degradados - El Digital de Asturias","twitter:description":"La alcaldesa de Gij\u00f3n, Carmen Moriy\u00f3n (Foro), ha dejado abierta la puerta este jueves en el Pleno a la modificaci\u00f3n de las bases de ayudas de barrios degradados para evitar perjuicios fiscales a los beneficiarios como pas\u00f3 con las 102 familias de Francisco Eiriz (Jove). As\u00ed ha pasado tras un debate iniciado entre Moriy\u00f3n y","twitter:image":"https:\/\/www.eldigitaldeasturias.com\/noticias\/wp-content\/uploads\/2015\/07\/gij\u00f3n.jpg","twitter:label1":"Escrito por","twitter:data1":"El Digital de Asturias","twitter:label2":"Tiempo de lectura estimado","twitter:data2":"7 minutos"},"aioseo_meta_data":{"post_id":"907986","title":null,"description":null,"keywords":null,"keyphrases":null,"primary_term":null,"canonical_url":null,"og_title":null,"og_description":null,"og_object_type":"default","og_image_type":"default","og_image_url":null,"og_image_width":null,"og_image_height":null,"og_image_custom_url":null,"og_image_custom_fields":null,"og_video":null,"og_custom_url":null,"og_article_section":null,"og_article_tags":null,"twitter_use_og":false,"twitter_card":"default","twitter_image_type":"default","twitter_image_url":null,"twitter_image_custom_url":null,"twitter_image_custom_fields":null,"twitter_title":null,"twitter_description":null,"schema":{"blockGraphs":[],"customGraphs":[],"default":{"data":{"Article":[],"Course":[],"Dataset":[],"FAQPage":[],"Movie":[],"Person":[],"Product":[],"ProductReview":[],"Car":[],"Recipe":[],"Service":[],"SoftwareApplication":[],"WebPage":[]},"graphName":"","isEnabled":true},"graphs":[],"defaultGraph":"","defaultPostTypeGraph":""},"schema_type":null,"schema_type_options":null,"pillar_content":false,"robots_default":true,"robots_noindex":false,"robots_noarchive":false,"robots_nosnippet":false,"robots_nofollow":false,"robots_noimageindex":false,"robots_noodp":false,"robots_notranslate":false,"robots_max_snippet":null,"robots_max_videopreview":null,"robots_max_imagepreview":"large","priority":null,"frequency":null,"local_seo":null,"seo_analyzer_scan_date":"2025-11-30 14:27:14","breadcrumb_settings":null,"limit_modified_date":false,"open_ai":null,"ai":null,"created":"2020-12-21 14:00:26","updated":"2025-11-30 14:27:14"},"aioseo_breadcrumb":"<div class=\"aioseo-breadcrumbs\"><span class=\"aioseo-breadcrumb\">\n\t<a href=\"https:\/\/www.eldigitaldeasturias.com\/noticias\" title=\"Home\">Home<\/a>\n<\/span><span class=\"aioseo-breadcrumb-separator\">\u2013<\/span><span class=\"aioseo-breadcrumb\">\n\t<a href=\"https:\/\/www.eldigitaldeasturias.com\/noticias\/category\/actualidad-asturias\/\" title=\"Actualidad Asturias\">Actualidad Asturias<\/a>\n<\/span><span class=\"aioseo-breadcrumb-separator\">\u2013<\/span><span class=\"aioseo-breadcrumb\">\n\t<a href=\"https:\/\/www.eldigitaldeasturias.com\/noticias\/moriyon-deja-abierta-la-puerta-a-modificar-las-bases-de-los-barrios-degradados\/\" title=\"Moriy\u00f3n deja abierta la puerta a modificar las bases de los barrios degradados\">Moriy\u00f3n deja abierta la puerta a modificar las bases de los barrios degradados<\/a>\n<\/span><\/div>","aioseo_breadcrumb_json":[{"label":"Home","link":"https:\/\/www.eldigitaldeasturias.com\/noticias"},{"label":"Actualidad Asturias","link":"https:\/\/www.eldigitaldeasturias.com\/noticias\/category\/actualidad-asturias\/"},{"label":"Moriy\u00f3n deja abierta la puerta a modificar las bases de los barrios degradados","link":"https:\/\/www.eldigitaldeasturias.com\/noticias\/moriyon-deja-abierta-la-puerta-a-modificar-las-bases-de-los-barrios-degradados\/"}],"_links":{"self":[{"href":"https:\/\/www.eldigitaldeasturias.com\/noticias\/wp-json\/wp\/v2\/posts\/907986","targetHints":{"allow":["GET"]}}],"collection":[{"href":"https:\/\/www.eldigitaldeasturias.com\/noticias\/wp-json\/wp\/v2\/posts"}],"about":[{"href":"https:\/\/www.eldigitaldeasturias.com\/noticias\/wp-json\/wp\/v2\/types\/post"}],"author":[{"embeddable":true,"href":"https:\/\/www.eldigitaldeasturias.com\/noticias\/wp-json\/wp\/v2\/users\/1"}],"replies":[{"embeddable":true,"href":"https:\/\/www.eldigitaldeasturias.com\/noticias\/wp-json\/wp\/v2\/comments?post=907986"}],"version-history":[{"count":0,"href":"https:\/\/www.eldigitaldeasturias.com\/noticias\/wp-json\/wp\/v2\/posts\/907986\/revisions"}],"wp:featuredmedia":[{"embeddable":true,"href":"https:\/\/www.eldigitaldeasturias.com\/noticias\/wp-json\/wp\/v2\/media\/797538"}],"wp:attachment":[{"href":"https:\/\/www.eldigitaldeasturias.com\/noticias\/wp-json\/wp\/v2\/media?parent=907986"}],"wp:term":[{"taxonomy":"category","embeddable":true,"href":"https:\/\/www.eldigitaldeasturias.com\/noticias\/wp-json\/wp\/v2\/categories?post=907986"},{"taxonomy":"post_tag","embeddable":true,"href":"https:\/\/www.eldigitaldeasturias.com\/noticias\/wp-json\/wp\/v2\/tags?post=907986"}],"curies":[{"name":"wp","href":"https:\/\/api.w.org\/{rel}","templated":true}]}}