{"id":906740,"date":"2016-09-10T22:29:29","date_gmt":"2016-09-10T21:29:29","guid":{"rendered":"http:\/\/www.eldigitaldeasturias.com\/noticias\/?p=906740"},"modified":"2016-09-10T22:29:29","modified_gmt":"2016-09-10T21:29:29","slug":"exposicion-symbols-cultura-de-la-muerte-y-vida-cultural-en-aviles","status":"publish","type":"post","link":"https:\/\/www.eldigitaldeasturias.com\/noticias\/exposicion-symbols-cultura-de-la-muerte-y-vida-cultural-en-aviles\/","title":{"rendered":"Exposici\u00f3n Symbols &#8216;Cultura de la muerte y vida cultural&#8217;, en Avil\u00e9s"},"content":{"rendered":"<p><img loading=\"lazy\" decoding=\"async\" class=\"alignleft size-medium wp-image-785778\" src=\"https:\/\/www.eldigitaldeasturias.com\/noticias\/wp-content\/uploads\/2015\/05\/aviles1-360x241.jpg\" alt=\"aviles\" width=\"360\" height=\"241\" srcset=\"https:\/\/www.eldigitaldeasturias.com\/noticias\/wp-content\/uploads\/2015\/05\/aviles1-360x241.jpg 360w, https:\/\/www.eldigitaldeasturias.com\/noticias\/wp-content\/uploads\/2015\/05\/aviles1-768x515.jpg 768w, https:\/\/www.eldigitaldeasturias.com\/noticias\/wp-content\/uploads\/2015\/05\/aviles1-650x436.jpg 650w, https:\/\/www.eldigitaldeasturias.com\/noticias\/wp-content\/uploads\/2015\/05\/aviles1.jpg 800w\" sizes=\"auto, (max-width: 360px) 100vw, 360px\" \/>El Centro Municipal de Artes y Exposiciones (CMAE) de Avil\u00e9s acoge a partir de este martes la exposici\u00f3n Symbols &#8216;Culture of Death &amp; Cultural Life: New Audiences and Creations around European Cemeteries&#8217;. La muestra se inaugurar\u00e1 a las 19.30 horas y podr\u00e1 ser visitada hasta el 13 de octubre.<\/p>\n<p>Seg\u00fan informa el Ayuntamiento en una nota de prensa, la exposici\u00f3n consta de 34 grabados inspirados en la tem\u00e1tica com\u00fan de la simbolog\u00eda funeraria producidos en la Factor\u00eda Cultural tras una primera residencia art\u00edstica en la que se juntaron esfuerzos e ideas y convivieron 17 artistas pl\u00e1sticos de Eslovenia, Italia, Escocia, Francia, B\u00e9lgica e Irlanda, junto con grabadores avilesinos vinculados con la Factor\u00eda Cultural.<\/p>\n<p>A posteriori, m\u00e1s de una veintena de profesionales de las artes esc\u00e9nicas, entre core\u00f3grafos, bailarinas y m\u00fasicos, se encontraron en la sala de ensayo The Space de Dundee (Escocia), y crearon 15 coreograf\u00edas y obras musicales, d\u00e1ndole un enfoque transmedia a la exposici\u00f3n (adem\u00e1s de proyectarse en pantalla, los 15 clips podr\u00e1n descargarse y ser visualizados a trav\u00e9s de c\u00f3digos QR).<\/p>\n<p>Los creadores asturianos que han participado en esta exposici\u00f3n, coordinada desde la Factor\u00eda Cultural, son los grabadores Ang\u00e9lica Garc\u00eda, Carlos Su\u00e1rez, Fernanda \u00c1lvarez, Ram\u00f3n Rodr\u00edguez y Tom\u00e1s Alonso; los m\u00fasicos Aitor Herrero \u00c1lvarez, Pablo Garc\u00eda-Reyes y Santiago Novoa Ill\u00e9s; y la bailarina Irene \u00c1lvarez.<\/p>\n<p>La exposici\u00f3n podr\u00e1 disfrutarse a lo largo de este a\u00f1o en Bastia (C\u00f3rcega), Dundee (Escocia), Maribor (Eslovenia) Limerick y Dublin (Irlanda). En Asturias tambi\u00e9n se podr\u00e1 visitar en el Museo Ant\u00f3n este invierno.<\/p>\n<p>La muestra es un proyecto de cooperaci\u00f3n cultural internacional cofinanciado por el programa Europa Creativa de la Comisi\u00f3n Europea, liderado por el Ayuntamiento de Avil\u00e9s a trav\u00e9s de su Fundaci\u00f3n Municipal de Cultura.<\/p>\n<p>El proyecto pretende promover el intercambio y la creatividad art\u00edstica, as\u00ed como el acceso a la cultura, utilizando la simbolog\u00eda funeraria como una fuente de inspiraci\u00f3n y tem\u00e1tica com\u00fan.<\/p>\n<p>&nbsp;<\/p>\n","protected":false},"excerpt":{"rendered":"<p>El Centro Municipal de Artes y Exposiciones (CMAE) de Avil\u00e9s acoge a partir de este martes la exposici\u00f3n Symbols &#8216;Culture of Death &amp; Cultural Life: New Audiences and Creations around European Cemeteries&#8217;. La muestra se inaugurar\u00e1 a las 19.30 horas y podr\u00e1 ser visitada hasta el 13 de octubre. Seg\u00fan informa el Ayuntamiento en una [&hellip;]<\/p>\n","protected":false},"author":1,"featured_media":785778,"comment_status":"closed","ping_status":"closed","sticky":false,"template":"","format":"standard","meta":{"footnotes":""},"categories":[50],"tags":[],"class_list":["post-906740","post","type-post","status-publish","format-standard","has-post-thumbnail","hentry","category-revista-de-ocio"],"aioseo_notices":[],"aioseo_head":"\n\t\t<!-- All in One SEO Pro 4.9.6.2 - aioseo.com -->\n\t<meta name=\"description\" content=\"El Centro Municipal de Artes y Exposiciones (CMAE) de Avil\u00e9s acoge a partir de este martes la exposici\u00f3n Symbols &#039;Culture of Death &amp; Cultural Life: New Audiences and Creations around European Cemeteries&#039;. La muestra se inaugurar\u00e1 a las 19.30 horas y podr\u00e1 ser visitada hasta el 13 de octubre. Seg\u00fan informa el Ayuntamiento en una\" \/>\n\t<meta name=\"robots\" content=\"max-image-preview:large\" \/>\n\t<meta name=\"author\" content=\"El Digital de Asturias\"\/>\n\t<meta name=\"google-site-verification\" content=\"UA-38556648-1\" \/>\n\t<meta name=\"msvalidate.01\" content=\"7dfe9f3f1b24437ab69f4f2559babe99\" \/>\n\t<meta name=\"keywords\" content=\"revista de ocio\" \/>\n\t<link rel=\"canonical\" href=\"https:\/\/www.eldigitaldeasturias.com\/noticias\/exposicion-symbols-cultura-de-la-muerte-y-vida-cultural-en-aviles\/\" \/>\n\t<meta name=\"generator\" content=\"All in One SEO Pro (AIOSEO) 4.9.6.2\" \/>\n\t\t<meta property=\"og:locale\" content=\"es_ES\" \/>\n\t\t<meta property=\"og:site_name\" content=\"El Digital de Asturias\" \/>\n\t\t<meta property=\"og:type\" content=\"article\" \/>\n\t\t<meta property=\"og:title\" content=\"Exposici\u00f3n Symbols \u2018Cultura de la muerte y vida cultural\u2019, en Avil\u00e9s - El Digital de Asturias\" \/>\n\t\t<meta property=\"og:description\" content=\"El Centro Municipal de Artes y Exposiciones (CMAE) de Avil\u00e9s acoge a partir de este martes la exposici\u00f3n Symbols &#039;Culture of Death &amp; Cultural Life: New Audiences and Creations around European Cemeteries&#039;. La muestra se inaugurar\u00e1 a las 19.30 horas y podr\u00e1 ser visitada hasta el 13 de octubre. Seg\u00fan informa el Ayuntamiento en una\" \/>\n\t\t<meta property=\"og:url\" content=\"https:\/\/www.eldigitaldeasturias.com\/noticias\/exposicion-symbols-cultura-de-la-muerte-y-vida-cultural-en-aviles\/\" \/>\n\t\t<meta property=\"og:image\" content=\"https:\/\/www.eldigitaldeasturias.com\/noticias\/wp-content\/uploads\/2015\/05\/aviles1.jpg\" \/>\n\t\t<meta property=\"og:image:secure_url\" content=\"https:\/\/www.eldigitaldeasturias.com\/noticias\/wp-content\/uploads\/2015\/05\/aviles1.jpg\" \/>\n\t\t<meta property=\"og:image:width\" content=\"800\" \/>\n\t\t<meta property=\"og:image:height\" content=\"536\" \/>\n\t\t<meta property=\"article:tag\" content=\"revista de ocio\" \/>\n\t\t<meta property=\"article:published_time\" content=\"2016-09-10T21:29:29+00:00\" \/>\n\t\t<meta property=\"article:modified_time\" content=\"2016-09-10T21:29:29+00:00\" \/>\n\t\t<meta property=\"article:publisher\" content=\"https:\/\/facebook.com\/eldigitaldeasturias\" \/>\n\t\t<meta name=\"twitter:card\" content=\"summary_large_image\" \/>\n\t\t<meta name=\"twitter:title\" content=\"Exposici\u00f3n Symbols \u2018Cultura de la muerte y vida cultural\u2019, en Avil\u00e9s - El Digital de Asturias\" \/>\n\t\t<meta name=\"twitter:description\" content=\"El Centro Municipal de Artes y Exposiciones (CMAE) de Avil\u00e9s acoge a partir de este martes la exposici\u00f3n Symbols &#039;Culture of Death &amp; Cultural Life: New Audiences and Creations around European Cemeteries&#039;. La muestra se inaugurar\u00e1 a las 19.30 horas y podr\u00e1 ser visitada hasta el 13 de octubre. Seg\u00fan informa el Ayuntamiento en una\" \/>\n\t\t<meta name=\"twitter:image\" content=\"https:\/\/www.eldigitaldeasturias.com\/noticias\/wp-content\/uploads\/2015\/05\/aviles1.jpg\" \/>\n\t\t<meta name=\"twitter:label1\" content=\"Escrito por\" \/>\n\t\t<meta name=\"twitter:data1\" content=\"El Digital de Asturias\" \/>\n\t\t<meta name=\"twitter:label2\" content=\"Tiempo de lectura estimado\" \/>\n\t\t<meta name=\"twitter:data2\" content=\"2 minutos\" \/>\n\t\t<script type=\"application\/ld+json\" class=\"aioseo-schema\">\n\t\t\t{\"@context\":\"https:\\\/\\\/schema.org\",\"@graph\":[{\"@type\":\"BlogPosting\",\"@id\":\"https:\\\/\\\/www.eldigitaldeasturias.com\\\/noticias\\\/exposicion-symbols-cultura-de-la-muerte-y-vida-cultural-en-aviles\\\/#blogposting\",\"name\":\"Exposici\\u00f3n Symbols \\u2018Cultura de la muerte y vida cultural\\u2019, en Avil\\u00e9s - El Digital de Asturias\",\"headline\":\"Exposici\\u00f3n Symbols &#8216;Cultura de la muerte y vida cultural&#8217;, en Avil\\u00e9s\",\"author\":{\"@id\":\"https:\\\/\\\/www.eldigitaldeasturias.com\\\/noticias\\\/author\\\/admin\\\/#author\"},\"publisher\":{\"@id\":\"https:\\\/\\\/www.eldigitaldeasturias.com\\\/noticias\\\/#organization\"},\"image\":{\"@type\":\"ImageObject\",\"url\":\"https:\\\/\\\/www.eldigitaldeasturias.com\\\/noticias\\\/wp-content\\\/uploads\\\/2015\\\/05\\\/aviles1.jpg\",\"width\":800,\"height\":536},\"datePublished\":\"2016-09-10T22:29:29+02:00\",\"dateModified\":\"2016-09-10T22:29:29+02:00\",\"inLanguage\":\"es-ES\",\"mainEntityOfPage\":{\"@id\":\"https:\\\/\\\/www.eldigitaldeasturias.com\\\/noticias\\\/exposicion-symbols-cultura-de-la-muerte-y-vida-cultural-en-aviles\\\/#webpage\"},\"isPartOf\":{\"@id\":\"https:\\\/\\\/www.eldigitaldeasturias.com\\\/noticias\\\/exposicion-symbols-cultura-de-la-muerte-y-vida-cultural-en-aviles\\\/#webpage\"},\"articleSection\":\"Revista de Ocio\"},{\"@type\":\"BreadcrumbList\",\"@id\":\"https:\\\/\\\/www.eldigitaldeasturias.com\\\/noticias\\\/exposicion-symbols-cultura-de-la-muerte-y-vida-cultural-en-aviles\\\/#breadcrumblist\",\"itemListElement\":[{\"@type\":\"ListItem\",\"@id\":\"https:\\\/\\\/www.eldigitaldeasturias.com\\\/noticias#listItem\",\"position\":1,\"name\":\"Home\",\"item\":\"https:\\\/\\\/www.eldigitaldeasturias.com\\\/noticias\",\"nextItem\":{\"@type\":\"ListItem\",\"@id\":\"https:\\\/\\\/www.eldigitaldeasturias.com\\\/noticias\\\/category\\\/revista-de-ocio\\\/#listItem\",\"name\":\"Revista de Ocio\"}},{\"@type\":\"ListItem\",\"@id\":\"https:\\\/\\\/www.eldigitaldeasturias.com\\\/noticias\\\/category\\\/revista-de-ocio\\\/#listItem\",\"position\":2,\"name\":\"Revista de Ocio\",\"item\":\"https:\\\/\\\/www.eldigitaldeasturias.com\\\/noticias\\\/category\\\/revista-de-ocio\\\/\",\"nextItem\":{\"@type\":\"ListItem\",\"@id\":\"https:\\\/\\\/www.eldigitaldeasturias.com\\\/noticias\\\/exposicion-symbols-cultura-de-la-muerte-y-vida-cultural-en-aviles\\\/#listItem\",\"name\":\"Exposici\\u00f3n Symbols &#8216;Cultura de la muerte y vida cultural&#8217;, en Avil\\u00e9s\"},\"previousItem\":{\"@type\":\"ListItem\",\"@id\":\"https:\\\/\\\/www.eldigitaldeasturias.com\\\/noticias#listItem\",\"name\":\"Home\"}},{\"@type\":\"ListItem\",\"@id\":\"https:\\\/\\\/www.eldigitaldeasturias.com\\\/noticias\\\/exposicion-symbols-cultura-de-la-muerte-y-vida-cultural-en-aviles\\\/#listItem\",\"position\":3,\"name\":\"Exposici\\u00f3n Symbols &#8216;Cultura de la muerte y vida cultural&#8217;, en Avil\\u00e9s\",\"previousItem\":{\"@type\":\"ListItem\",\"@id\":\"https:\\\/\\\/www.eldigitaldeasturias.com\\\/noticias\\\/category\\\/revista-de-ocio\\\/#listItem\",\"name\":\"Revista de Ocio\"}}]},{\"@type\":\"Organization\",\"@id\":\"https:\\\/\\\/www.eldigitaldeasturias.com\\\/noticias\\\/#organization\",\"name\":\"El Digital de Asturias\",\"description\":\"Hemeroteca\",\"url\":\"https:\\\/\\\/www.eldigitaldeasturias.com\\\/noticias\\\/\",\"email\":\"info@eldigitaldeasturias.com\",\"telephone\":\"+34652131393\",\"logo\":{\"@type\":\"ImageObject\",\"url\":\"https:\\\/\\\/www.eldigitaldeasturias.com\\\/noticias\\\/wp-content\\\/uploads\\\/2020\\\/12\\\/EDA.jpg\",\"@id\":\"https:\\\/\\\/www.eldigitaldeasturias.com\\\/noticias\\\/exposicion-symbols-cultura-de-la-muerte-y-vida-cultural-en-aviles\\\/#organizationLogo\",\"width\":649,\"height\":297},\"image\":{\"@id\":\"https:\\\/\\\/www.eldigitaldeasturias.com\\\/noticias\\\/exposicion-symbols-cultura-de-la-muerte-y-vida-cultural-en-aviles\\\/#organizationLogo\"},\"sameAs\":[\"https:\\\/\\\/facebook.com\\\/eldigitaldeasturias\",\"https:\\\/\\\/www.youtube.com\\\/channel\\\/UCZP-2wLEB9Rv6erhFmqVnvg\"],\"address\":{\"@id\":\"https:\\\/\\\/www.eldigitaldeasturias.com\\\/noticias\\\/#postaladdress\",\"@type\":\"PostalAddress\",\"streetAddress\":\"san antonio 4,\",\"postalCode\":\"33430\",\"addressLocality\":\"Cand\\u00e1s\",\"addressRegion\":\"Asturias\",\"addressCountry\":\"ES\"}},{\"@type\":\"Person\",\"@id\":\"https:\\\/\\\/www.eldigitaldeasturias.com\\\/noticias\\\/author\\\/admin\\\/#author\",\"url\":\"https:\\\/\\\/www.eldigitaldeasturias.com\\\/noticias\\\/author\\\/admin\\\/\",\"name\":\"El Digital de Asturias\",\"image\":{\"@type\":\"ImageObject\",\"@id\":\"https:\\\/\\\/www.eldigitaldeasturias.com\\\/noticias\\\/exposicion-symbols-cultura-de-la-muerte-y-vida-cultural-en-aviles\\\/#authorImage\",\"url\":\"https:\\\/\\\/www.eldigitaldeasturias.com\\\/noticias\\\/wp-content\\\/litespeed\\\/avatar\\\/18677e78aa0546b92d9dbf31ec7d7668.jpg?ver=1776685526\",\"width\":96,\"height\":96,\"caption\":\"El Digital de Asturias\"}},{\"@type\":\"WebPage\",\"@id\":\"https:\\\/\\\/www.eldigitaldeasturias.com\\\/noticias\\\/exposicion-symbols-cultura-de-la-muerte-y-vida-cultural-en-aviles\\\/#webpage\",\"url\":\"https:\\\/\\\/www.eldigitaldeasturias.com\\\/noticias\\\/exposicion-symbols-cultura-de-la-muerte-y-vida-cultural-en-aviles\\\/\",\"name\":\"Exposici\\u00f3n Symbols \\u2018Cultura de la muerte y vida cultural\\u2019, en Avil\\u00e9s - El Digital de Asturias\",\"description\":\"El Centro Municipal de Artes y Exposiciones (CMAE) de Avil\\u00e9s acoge a partir de este martes la exposici\\u00f3n Symbols 'Culture of Death & Cultural Life: New Audiences and Creations around European Cemeteries'. La muestra se inaugurar\\u00e1 a las 19.30 horas y podr\\u00e1 ser visitada hasta el 13 de octubre. Seg\\u00fan informa el Ayuntamiento en una\",\"inLanguage\":\"es-ES\",\"isPartOf\":{\"@id\":\"https:\\\/\\\/www.eldigitaldeasturias.com\\\/noticias\\\/#website\"},\"breadcrumb\":{\"@id\":\"https:\\\/\\\/www.eldigitaldeasturias.com\\\/noticias\\\/exposicion-symbols-cultura-de-la-muerte-y-vida-cultural-en-aviles\\\/#breadcrumblist\"},\"author\":{\"@id\":\"https:\\\/\\\/www.eldigitaldeasturias.com\\\/noticias\\\/author\\\/admin\\\/#author\"},\"creator\":{\"@id\":\"https:\\\/\\\/www.eldigitaldeasturias.com\\\/noticias\\\/author\\\/admin\\\/#author\"},\"image\":{\"@type\":\"ImageObject\",\"url\":\"https:\\\/\\\/www.eldigitaldeasturias.com\\\/noticias\\\/wp-content\\\/uploads\\\/2015\\\/05\\\/aviles1.jpg\",\"@id\":\"https:\\\/\\\/www.eldigitaldeasturias.com\\\/noticias\\\/exposicion-symbols-cultura-de-la-muerte-y-vida-cultural-en-aviles\\\/#mainImage\",\"width\":800,\"height\":536},\"primaryImageOfPage\":{\"@id\":\"https:\\\/\\\/www.eldigitaldeasturias.com\\\/noticias\\\/exposicion-symbols-cultura-de-la-muerte-y-vida-cultural-en-aviles\\\/#mainImage\"},\"datePublished\":\"2016-09-10T22:29:29+02:00\",\"dateModified\":\"2016-09-10T22:29:29+02:00\"},{\"@type\":\"WebSite\",\"@id\":\"https:\\\/\\\/www.eldigitaldeasturias.com\\\/noticias\\\/#website\",\"url\":\"https:\\\/\\\/www.eldigitaldeasturias.com\\\/noticias\\\/\",\"name\":\"El Digital de Asturias - Diario de actualidad y noticias\",\"alternateName\":\"El Digital de Asturias - Diario de actualidad y noticias\",\"description\":\"Hemeroteca\",\"inLanguage\":\"es-ES\",\"publisher\":{\"@id\":\"https:\\\/\\\/www.eldigitaldeasturias.com\\\/noticias\\\/#organization\"}}]}\n\t\t<\/script>\n\t\t<!-- All in One SEO Pro -->\r\n\t\t<title>Exposici\u00f3n Symbols \u2018Cultura de la muerte y vida cultural\u2019, en Avil\u00e9s - El Digital de Asturias<\/title>\n\n","aioseo_head_json":{"title":"Exposici\u00f3n Symbols \u2018Cultura de la muerte y vida cultural\u2019, en Avil\u00e9s - El Digital de Asturias","description":"El Centro Municipal de Artes y Exposiciones (CMAE) de Avil\u00e9s acoge a partir de este martes la exposici\u00f3n Symbols 'Culture of Death & Cultural Life: New Audiences and Creations around European Cemeteries'. La muestra se inaugurar\u00e1 a las 19.30 horas y podr\u00e1 ser visitada hasta el 13 de octubre. Seg\u00fan informa el Ayuntamiento en una","canonical_url":"https:\/\/www.eldigitaldeasturias.com\/noticias\/exposicion-symbols-cultura-de-la-muerte-y-vida-cultural-en-aviles\/","robots":"max-image-preview:large","keywords":"revista de ocio","webmasterTools":{"google-site-verification":"UA-38556648-1","msvalidate.01":"7dfe9f3f1b24437ab69f4f2559babe99","miscellaneous":""},"schema":{"@context":"https:\/\/schema.org","@graph":[{"@type":"BlogPosting","@id":"https:\/\/www.eldigitaldeasturias.com\/noticias\/exposicion-symbols-cultura-de-la-muerte-y-vida-cultural-en-aviles\/#blogposting","name":"Exposici\u00f3n Symbols \u2018Cultura de la muerte y vida cultural\u2019, en Avil\u00e9s - El Digital de Asturias","headline":"Exposici\u00f3n Symbols &#8216;Cultura de la muerte y vida cultural&#8217;, en Avil\u00e9s","author":{"@id":"https:\/\/www.eldigitaldeasturias.com\/noticias\/author\/admin\/#author"},"publisher":{"@id":"https:\/\/www.eldigitaldeasturias.com\/noticias\/#organization"},"image":{"@type":"ImageObject","url":"https:\/\/www.eldigitaldeasturias.com\/noticias\/wp-content\/uploads\/2015\/05\/aviles1.jpg","width":800,"height":536},"datePublished":"2016-09-10T22:29:29+02:00","dateModified":"2016-09-10T22:29:29+02:00","inLanguage":"es-ES","mainEntityOfPage":{"@id":"https:\/\/www.eldigitaldeasturias.com\/noticias\/exposicion-symbols-cultura-de-la-muerte-y-vida-cultural-en-aviles\/#webpage"},"isPartOf":{"@id":"https:\/\/www.eldigitaldeasturias.com\/noticias\/exposicion-symbols-cultura-de-la-muerte-y-vida-cultural-en-aviles\/#webpage"},"articleSection":"Revista de Ocio"},{"@type":"BreadcrumbList","@id":"https:\/\/www.eldigitaldeasturias.com\/noticias\/exposicion-symbols-cultura-de-la-muerte-y-vida-cultural-en-aviles\/#breadcrumblist","itemListElement":[{"@type":"ListItem","@id":"https:\/\/www.eldigitaldeasturias.com\/noticias#listItem","position":1,"name":"Home","item":"https:\/\/www.eldigitaldeasturias.com\/noticias","nextItem":{"@type":"ListItem","@id":"https:\/\/www.eldigitaldeasturias.com\/noticias\/category\/revista-de-ocio\/#listItem","name":"Revista de Ocio"}},{"@type":"ListItem","@id":"https:\/\/www.eldigitaldeasturias.com\/noticias\/category\/revista-de-ocio\/#listItem","position":2,"name":"Revista de Ocio","item":"https:\/\/www.eldigitaldeasturias.com\/noticias\/category\/revista-de-ocio\/","nextItem":{"@type":"ListItem","@id":"https:\/\/www.eldigitaldeasturias.com\/noticias\/exposicion-symbols-cultura-de-la-muerte-y-vida-cultural-en-aviles\/#listItem","name":"Exposici\u00f3n Symbols &#8216;Cultura de la muerte y vida cultural&#8217;, en Avil\u00e9s"},"previousItem":{"@type":"ListItem","@id":"https:\/\/www.eldigitaldeasturias.com\/noticias#listItem","name":"Home"}},{"@type":"ListItem","@id":"https:\/\/www.eldigitaldeasturias.com\/noticias\/exposicion-symbols-cultura-de-la-muerte-y-vida-cultural-en-aviles\/#listItem","position":3,"name":"Exposici\u00f3n Symbols &#8216;Cultura de la muerte y vida cultural&#8217;, en Avil\u00e9s","previousItem":{"@type":"ListItem","@id":"https:\/\/www.eldigitaldeasturias.com\/noticias\/category\/revista-de-ocio\/#listItem","name":"Revista de Ocio"}}]},{"@type":"Organization","@id":"https:\/\/www.eldigitaldeasturias.com\/noticias\/#organization","name":"El Digital de Asturias","description":"Hemeroteca","url":"https:\/\/www.eldigitaldeasturias.com\/noticias\/","email":"info@eldigitaldeasturias.com","telephone":"+34652131393","logo":{"@type":"ImageObject","url":"https:\/\/www.eldigitaldeasturias.com\/noticias\/wp-content\/uploads\/2020\/12\/EDA.jpg","@id":"https:\/\/www.eldigitaldeasturias.com\/noticias\/exposicion-symbols-cultura-de-la-muerte-y-vida-cultural-en-aviles\/#organizationLogo","width":649,"height":297},"image":{"@id":"https:\/\/www.eldigitaldeasturias.com\/noticias\/exposicion-symbols-cultura-de-la-muerte-y-vida-cultural-en-aviles\/#organizationLogo"},"sameAs":["https:\/\/facebook.com\/eldigitaldeasturias","https:\/\/www.youtube.com\/channel\/UCZP-2wLEB9Rv6erhFmqVnvg"],"address":{"@id":"https:\/\/www.eldigitaldeasturias.com\/noticias\/#postaladdress","@type":"PostalAddress","streetAddress":"san antonio 4,","postalCode":"33430","addressLocality":"Cand\u00e1s","addressRegion":"Asturias","addressCountry":"ES"}},{"@type":"Person","@id":"https:\/\/www.eldigitaldeasturias.com\/noticias\/author\/admin\/#author","url":"https:\/\/www.eldigitaldeasturias.com\/noticias\/author\/admin\/","name":"El Digital de Asturias","image":{"@type":"ImageObject","@id":"https:\/\/www.eldigitaldeasturias.com\/noticias\/exposicion-symbols-cultura-de-la-muerte-y-vida-cultural-en-aviles\/#authorImage","url":"https:\/\/www.eldigitaldeasturias.com\/noticias\/wp-content\/litespeed\/avatar\/18677e78aa0546b92d9dbf31ec7d7668.jpg?ver=1776685526","width":96,"height":96,"caption":"El Digital de Asturias"}},{"@type":"WebPage","@id":"https:\/\/www.eldigitaldeasturias.com\/noticias\/exposicion-symbols-cultura-de-la-muerte-y-vida-cultural-en-aviles\/#webpage","url":"https:\/\/www.eldigitaldeasturias.com\/noticias\/exposicion-symbols-cultura-de-la-muerte-y-vida-cultural-en-aviles\/","name":"Exposici\u00f3n Symbols \u2018Cultura de la muerte y vida cultural\u2019, en Avil\u00e9s - El Digital de Asturias","description":"El Centro Municipal de Artes y Exposiciones (CMAE) de Avil\u00e9s acoge a partir de este martes la exposici\u00f3n Symbols 'Culture of Death & Cultural Life: New Audiences and Creations around European Cemeteries'. La muestra se inaugurar\u00e1 a las 19.30 horas y podr\u00e1 ser visitada hasta el 13 de octubre. Seg\u00fan informa el Ayuntamiento en una","inLanguage":"es-ES","isPartOf":{"@id":"https:\/\/www.eldigitaldeasturias.com\/noticias\/#website"},"breadcrumb":{"@id":"https:\/\/www.eldigitaldeasturias.com\/noticias\/exposicion-symbols-cultura-de-la-muerte-y-vida-cultural-en-aviles\/#breadcrumblist"},"author":{"@id":"https:\/\/www.eldigitaldeasturias.com\/noticias\/author\/admin\/#author"},"creator":{"@id":"https:\/\/www.eldigitaldeasturias.com\/noticias\/author\/admin\/#author"},"image":{"@type":"ImageObject","url":"https:\/\/www.eldigitaldeasturias.com\/noticias\/wp-content\/uploads\/2015\/05\/aviles1.jpg","@id":"https:\/\/www.eldigitaldeasturias.com\/noticias\/exposicion-symbols-cultura-de-la-muerte-y-vida-cultural-en-aviles\/#mainImage","width":800,"height":536},"primaryImageOfPage":{"@id":"https:\/\/www.eldigitaldeasturias.com\/noticias\/exposicion-symbols-cultura-de-la-muerte-y-vida-cultural-en-aviles\/#mainImage"},"datePublished":"2016-09-10T22:29:29+02:00","dateModified":"2016-09-10T22:29:29+02:00"},{"@type":"WebSite","@id":"https:\/\/www.eldigitaldeasturias.com\/noticias\/#website","url":"https:\/\/www.eldigitaldeasturias.com\/noticias\/","name":"El Digital de Asturias - Diario de actualidad y noticias","alternateName":"El Digital de Asturias - Diario de actualidad y noticias","description":"Hemeroteca","inLanguage":"es-ES","publisher":{"@id":"https:\/\/www.eldigitaldeasturias.com\/noticias\/#organization"}}]},"og:locale":"es_ES","og:site_name":"El Digital de Asturias","og:type":"article","og:title":"Exposici\u00f3n Symbols \u2018Cultura de la muerte y vida cultural\u2019, en Avil\u00e9s - El Digital de Asturias","og:description":"El Centro Municipal de Artes y Exposiciones (CMAE) de Avil\u00e9s acoge a partir de este martes la exposici\u00f3n Symbols 'Culture of Death &amp; Cultural Life: New Audiences and Creations around European Cemeteries'. La muestra se inaugurar\u00e1 a las 19.30 horas y podr\u00e1 ser visitada hasta el 13 de octubre. Seg\u00fan informa el Ayuntamiento en una","og:url":"https:\/\/www.eldigitaldeasturias.com\/noticias\/exposicion-symbols-cultura-de-la-muerte-y-vida-cultural-en-aviles\/","og:image":"https:\/\/www.eldigitaldeasturias.com\/noticias\/wp-content\/uploads\/2015\/05\/aviles1.jpg","og:image:secure_url":"https:\/\/www.eldigitaldeasturias.com\/noticias\/wp-content\/uploads\/2015\/05\/aviles1.jpg","og:image:width":800,"og:image:height":536,"article:tag":["revista de ocio"],"article:published_time":"2016-09-10T21:29:29+00:00","article:modified_time":"2016-09-10T21:29:29+00:00","article:publisher":"https:\/\/facebook.com\/eldigitaldeasturias","twitter:card":"summary_large_image","twitter:title":"Exposici\u00f3n Symbols \u2018Cultura de la muerte y vida cultural\u2019, en Avil\u00e9s - El Digital de Asturias","twitter:description":"El Centro Municipal de Artes y Exposiciones (CMAE) de Avil\u00e9s acoge a partir de este martes la exposici\u00f3n Symbols 'Culture of Death &amp; Cultural Life: New Audiences and Creations around European Cemeteries'. La muestra se inaugurar\u00e1 a las 19.30 horas y podr\u00e1 ser visitada hasta el 13 de octubre. Seg\u00fan informa el Ayuntamiento en una","twitter:image":"https:\/\/www.eldigitaldeasturias.com\/noticias\/wp-content\/uploads\/2015\/05\/aviles1.jpg","twitter:label1":"Escrito por","twitter:data1":"El Digital de Asturias","twitter:label2":"Tiempo de lectura estimado","twitter:data2":"2 minutos"},"aioseo_meta_data":{"post_id":"906740","title":null,"description":null,"keywords":null,"keyphrases":null,"primary_term":null,"canonical_url":null,"og_title":null,"og_description":null,"og_object_type":"default","og_image_type":"default","og_image_url":null,"og_image_width":null,"og_image_height":null,"og_image_custom_url":null,"og_image_custom_fields":null,"og_video":null,"og_custom_url":null,"og_article_section":null,"og_article_tags":null,"twitter_use_og":false,"twitter_card":"default","twitter_image_type":"default","twitter_image_url":null,"twitter_image_custom_url":null,"twitter_image_custom_fields":null,"twitter_title":null,"twitter_description":null,"schema":{"blockGraphs":[],"customGraphs":[],"default":{"data":{"Article":[],"Course":[],"Dataset":[],"FAQPage":[],"Movie":[],"Person":[],"Product":[],"ProductReview":[],"Car":[],"Recipe":[],"Service":[],"SoftwareApplication":[],"WebPage":[]},"graphName":"","isEnabled":true},"graphs":[],"defaultGraph":"","defaultPostTypeGraph":""},"schema_type":null,"schema_type_options":null,"pillar_content":false,"robots_default":true,"robots_noindex":false,"robots_noarchive":false,"robots_nosnippet":false,"robots_nofollow":false,"robots_noimageindex":false,"robots_noodp":false,"robots_notranslate":false,"robots_max_snippet":null,"robots_max_videopreview":null,"robots_max_imagepreview":"large","priority":null,"frequency":null,"local_seo":null,"seo_analyzer_scan_date":"2025-11-30 10:01:31","breadcrumb_settings":null,"limit_modified_date":false,"open_ai":null,"ai":null,"created":"2020-12-21 14:01:29","updated":"2025-11-30 10:01:31"},"aioseo_breadcrumb":"<div class=\"aioseo-breadcrumbs\"><span class=\"aioseo-breadcrumb\">\n\t<a href=\"https:\/\/www.eldigitaldeasturias.com\/noticias\" title=\"Home\">Home<\/a>\n<\/span><span class=\"aioseo-breadcrumb-separator\">\u2013<\/span><span class=\"aioseo-breadcrumb\">\n\t<a href=\"https:\/\/www.eldigitaldeasturias.com\/noticias\/category\/revista-de-ocio\/\" title=\"Revista de Ocio\">Revista de Ocio<\/a>\n<\/span><span class=\"aioseo-breadcrumb-separator\">\u2013<\/span><span class=\"aioseo-breadcrumb\">\n\t<a href=\"https:\/\/www.eldigitaldeasturias.com\/noticias\/exposicion-symbols-cultura-de-la-muerte-y-vida-cultural-en-aviles\/\" title=\"Exposici\u00f3n Symbols \u2018Cultura de la muerte y vida cultural\u2019, en Avil\u00e9s\">Exposici\u00f3n Symbols \u2018Cultura de la muerte y vida cultural\u2019, en Avil\u00e9s<\/a>\n<\/span><\/div>","aioseo_breadcrumb_json":[{"label":"Home","link":"https:\/\/www.eldigitaldeasturias.com\/noticias"},{"label":"Revista de Ocio","link":"https:\/\/www.eldigitaldeasturias.com\/noticias\/category\/revista-de-ocio\/"},{"label":"Exposici\u00f3n Symbols &#8216;Cultura de la muerte y vida cultural&#8217;, en Avil\u00e9s","link":"https:\/\/www.eldigitaldeasturias.com\/noticias\/exposicion-symbols-cultura-de-la-muerte-y-vida-cultural-en-aviles\/"}],"_links":{"self":[{"href":"https:\/\/www.eldigitaldeasturias.com\/noticias\/wp-json\/wp\/v2\/posts\/906740","targetHints":{"allow":["GET"]}}],"collection":[{"href":"https:\/\/www.eldigitaldeasturias.com\/noticias\/wp-json\/wp\/v2\/posts"}],"about":[{"href":"https:\/\/www.eldigitaldeasturias.com\/noticias\/wp-json\/wp\/v2\/types\/post"}],"author":[{"embeddable":true,"href":"https:\/\/www.eldigitaldeasturias.com\/noticias\/wp-json\/wp\/v2\/users\/1"}],"replies":[{"embeddable":true,"href":"https:\/\/www.eldigitaldeasturias.com\/noticias\/wp-json\/wp\/v2\/comments?post=906740"}],"version-history":[{"count":0,"href":"https:\/\/www.eldigitaldeasturias.com\/noticias\/wp-json\/wp\/v2\/posts\/906740\/revisions"}],"wp:featuredmedia":[{"embeddable":true,"href":"https:\/\/www.eldigitaldeasturias.com\/noticias\/wp-json\/wp\/v2\/media\/785778"}],"wp:attachment":[{"href":"https:\/\/www.eldigitaldeasturias.com\/noticias\/wp-json\/wp\/v2\/media?parent=906740"}],"wp:term":[{"taxonomy":"category","embeddable":true,"href":"https:\/\/www.eldigitaldeasturias.com\/noticias\/wp-json\/wp\/v2\/categories?post=906740"},{"taxonomy":"post_tag","embeddable":true,"href":"https:\/\/www.eldigitaldeasturias.com\/noticias\/wp-json\/wp\/v2\/tags?post=906740"}],"curies":[{"name":"wp","href":"https:\/\/api.w.org\/{rel}","templated":true}]}}