{"id":906703,"date":"2016-09-10T13:40:16","date_gmt":"2016-09-10T12:40:16","guid":{"rendered":"http:\/\/www.eldigitaldeasturias.com\/noticias\/?p=906703"},"modified":"2016-09-10T13:40:16","modified_gmt":"2016-09-10T12:40:16","slug":"cristina-coto-solo-un-gobierno-gandul-e-irresponsable-puede-seguir-por-la-misma-senda","status":"publish","type":"post","link":"https:\/\/www.eldigitaldeasturias.com\/noticias\/cristina-coto-solo-un-gobierno-gandul-e-irresponsable-puede-seguir-por-la-misma-senda\/","title":{"rendered":"Cristina Coto: \u00abSolo un Gobierno gandul e irresponsable puede seguir por la misma senda\u201d"},"content":{"rendered":"<p><img loading=\"lazy\" decoding=\"async\" class=\"alignleft size-medium wp-image-906704\" src=\"https:\/\/www.eldigitaldeasturias.com\/noticias\/wp-content\/uploads\/2016\/09\/fotonoticia_20160910110227_800-360x240.jpg\" alt=\"fotonoticia_20160910110227_800\" width=\"360\" height=\"240\" srcset=\"https:\/\/www.eldigitaldeasturias.com\/noticias\/wp-content\/uploads\/2016\/09\/fotonoticia_20160910110227_800-360x240.jpg 360w, https:\/\/www.eldigitaldeasturias.com\/noticias\/wp-content\/uploads\/2016\/09\/fotonoticia_20160910110227_800-768x513.jpg 768w, https:\/\/www.eldigitaldeasturias.com\/noticias\/wp-content\/uploads\/2016\/09\/fotonoticia_20160910110227_800-650x434.jpg 650w, https:\/\/www.eldigitaldeasturias.com\/noticias\/wp-content\/uploads\/2016\/09\/fotonoticia_20160910110227_800-84x55.jpg 84w, https:\/\/www.eldigitaldeasturias.com\/noticias\/wp-content\/uploads\/2016\/09\/fotonoticia_20160910110227_800-49x32.jpg 49w, https:\/\/www.eldigitaldeasturias.com\/noticias\/wp-content\/uploads\/2016\/09\/fotonoticia_20160910110227_800.jpg 800w\" sizes=\"auto, (max-width: 360px) 100vw, 360px\" \/>La presidenta de Foro Asturias, Cristina Coto, ha valorado este s\u00e1bado los datos publicados por el Observatorio Regional BBVA Research, que prev\u00e9n que el Producto Interior Bruto (PIB) de Asturias crezca un 2,6 por ciento en 2016 y un 1,8 por ciento en 2017. Ante estas previsiones negativas, Coto ha reprochado al presidente del Principado, Javier Fern\u00e1ndez, que \u00absiga descansando en su camarote\u00bb en la sede de Presidencia, \u00absin tomar otra medida que agarrarse al flotador para sobrevivir\u00bb.<\/p>\n<p>En una nota de prensa, ha lamentado que el crecimiento en Asturias se sit\u00fae entre los tres peores para 2016 y en \u00faltimo lugar para 2017. \u00abSolo un Gobierno gandul e irresponsable puede seguir por la misma senda, sin presupuestos de cambio\u00bb, ha criticado.<\/p>\n<p>A su juicio, \u00abel cocktail entre financiaci\u00f3n discriminatoria, endeudamiento ilegal, impuestos deslocalizadores, despilfarro en chiringuitos, subvenciones clientelares y recortes inversores paralizantes que viene aplicando desde 2012 Javier Fern\u00e1ndez es una senda suicida que nos hunde m\u00e1s en la decadencia\u00bb.<\/p>\n<p>Todo ello, prosigue, con la ausencia de est\u00edmulos fiscales. \u00abNo har\u00e1 posible el crecimiento ni por tanto la generaci\u00f3n de empleo\u00bb afirm\u00f3 Coto, que a\u00f1adi\u00f3 que \u00abelementos vitales para Foro de un Presupuesto del cambio para crecer y crear empleo son una apuesta por la econom\u00eda privada competitiva y la inversi\u00f3n que sustituya a la econom\u00eda p\u00fablica subsidiada; una reforma fiscal para estimular el ahorro y frenar las deslocalizaciones y unas nuevas pol\u00edticas sectoriales de est\u00edmulo a la industria, a la miner\u00eda, a la agroganader\u00eda y la pesca, y a los servicios\u00bb.<\/p>\n<p>Para paliar la previsi\u00f3n, desde Foro sugieren apostar por que los ingresos crezcan con un ajuste del sistema de financiaci\u00f3n auton\u00f3mica y se acometa un serio ajuste del sector p\u00fablico, puesto que \u00abel grave problema demogr\u00e1fico de nuestra regi\u00f3n no se va a soportar solo con impuestos\u00bb.<\/p>\n<p>&nbsp;<\/p>\n","protected":false},"excerpt":{"rendered":"<p>La presidenta de Foro Asturias, Cristina Coto, ha valorado este s\u00e1bado los datos publicados por el Observatorio Regional BBVA Research, que prev\u00e9n que el Producto Interior Bruto (PIB) de Asturias crezca un 2,6 por ciento en 2016 y un 1,8 por ciento en 2017. Ante estas previsiones negativas, Coto ha reprochado al presidente del Principado, [&hellip;]<\/p>\n","protected":false},"author":1,"featured_media":906704,"comment_status":"closed","ping_status":"closed","sticky":false,"template":"","format":"standard","meta":{"footnotes":""},"categories":[12],"tags":[],"class_list":["post-906703","post","type-post","status-publish","format-standard","has-post-thumbnail","hentry","category-actualidad-asturias"],"aioseo_notices":[],"aioseo_head":"\n\t\t<!-- All in One SEO Pro 4.9.6.2 - aioseo.com -->\n\t<meta name=\"description\" content=\"La presidenta de Foro Asturias, Cristina Coto, ha valorado este s\u00e1bado los datos publicados por el Observatorio Regional BBVA Research, que prev\u00e9n que el Producto Interior Bruto (PIB) de Asturias crezca un 2,6 por ciento en 2016 y un 1,8 por ciento en 2017. Ante estas previsiones negativas, Coto ha reprochado al presidente del Principado,\" \/>\n\t<meta name=\"robots\" content=\"max-image-preview:large\" \/>\n\t<meta name=\"author\" content=\"El Digital de Asturias\"\/>\n\t<meta name=\"google-site-verification\" content=\"UA-38556648-1\" \/>\n\t<meta name=\"msvalidate.01\" content=\"7dfe9f3f1b24437ab69f4f2559babe99\" \/>\n\t<meta name=\"keywords\" content=\"actualidad asturias\" \/>\n\t<link rel=\"canonical\" href=\"https:\/\/www.eldigitaldeasturias.com\/noticias\/cristina-coto-solo-un-gobierno-gandul-e-irresponsable-puede-seguir-por-la-misma-senda\/\" \/>\n\t<meta name=\"generator\" content=\"All in One SEO Pro (AIOSEO) 4.9.6.2\" \/>\n\t\t<meta property=\"og:locale\" content=\"es_ES\" \/>\n\t\t<meta property=\"og:site_name\" content=\"El Digital de Asturias\" \/>\n\t\t<meta property=\"og:type\" content=\"article\" \/>\n\t\t<meta property=\"og:title\" content=\"Cristina Coto: \u00abSolo un Gobierno gandul e irresponsable puede seguir por la misma senda\u201d - El Digital de Asturias\" \/>\n\t\t<meta property=\"og:description\" content=\"La presidenta de Foro Asturias, Cristina Coto, ha valorado este s\u00e1bado los datos publicados por el Observatorio Regional BBVA Research, que prev\u00e9n que el Producto Interior Bruto (PIB) de Asturias crezca un 2,6 por ciento en 2016 y un 1,8 por ciento en 2017. Ante estas previsiones negativas, Coto ha reprochado al presidente del Principado,\" \/>\n\t\t<meta property=\"og:url\" content=\"https:\/\/www.eldigitaldeasturias.com\/noticias\/cristina-coto-solo-un-gobierno-gandul-e-irresponsable-puede-seguir-por-la-misma-senda\/\" \/>\n\t\t<meta property=\"og:image\" content=\"https:\/\/www.eldigitaldeasturias.com\/noticias\/wp-content\/uploads\/2016\/09\/fotonoticia_20160910110227_800.jpg\" \/>\n\t\t<meta property=\"og:image:secure_url\" content=\"https:\/\/www.eldigitaldeasturias.com\/noticias\/wp-content\/uploads\/2016\/09\/fotonoticia_20160910110227_800.jpg\" \/>\n\t\t<meta property=\"og:image:width\" content=\"800\" \/>\n\t\t<meta property=\"og:image:height\" content=\"534\" \/>\n\t\t<meta property=\"article:tag\" content=\"actualidad asturias\" \/>\n\t\t<meta property=\"article:published_time\" content=\"2016-09-10T12:40:16+00:00\" \/>\n\t\t<meta property=\"article:modified_time\" content=\"2016-09-10T12:40:16+00:00\" \/>\n\t\t<meta property=\"article:publisher\" content=\"https:\/\/facebook.com\/eldigitaldeasturias\" \/>\n\t\t<meta name=\"twitter:card\" content=\"summary_large_image\" \/>\n\t\t<meta name=\"twitter:title\" content=\"Cristina Coto: \u00abSolo un Gobierno gandul e irresponsable puede seguir por la misma senda\u201d - El Digital de Asturias\" \/>\n\t\t<meta name=\"twitter:description\" content=\"La presidenta de Foro Asturias, Cristina Coto, ha valorado este s\u00e1bado los datos publicados por el Observatorio Regional BBVA Research, que prev\u00e9n que el Producto Interior Bruto (PIB) de Asturias crezca un 2,6 por ciento en 2016 y un 1,8 por ciento en 2017. Ante estas previsiones negativas, Coto ha reprochado al presidente del Principado,\" \/>\n\t\t<meta name=\"twitter:image\" content=\"https:\/\/www.eldigitaldeasturias.com\/noticias\/wp-content\/uploads\/2016\/09\/fotonoticia_20160910110227_800.jpg\" \/>\n\t\t<meta name=\"twitter:label1\" content=\"Escrito por\" \/>\n\t\t<meta name=\"twitter:data1\" content=\"El Digital de Asturias\" \/>\n\t\t<meta name=\"twitter:label2\" content=\"Tiempo de lectura estimado\" \/>\n\t\t<meta name=\"twitter:data2\" content=\"2 minutos\" \/>\n\t\t<script type=\"application\/ld+json\" class=\"aioseo-schema\">\n\t\t\t{\"@context\":\"https:\\\/\\\/schema.org\",\"@graph\":[{\"@type\":\"BlogPosting\",\"@id\":\"https:\\\/\\\/www.eldigitaldeasturias.com\\\/noticias\\\/cristina-coto-solo-un-gobierno-gandul-e-irresponsable-puede-seguir-por-la-misma-senda\\\/#blogposting\",\"name\":\"Cristina Coto: \\u00abSolo un Gobierno gandul e irresponsable puede seguir por la misma senda\\u201d - El Digital de Asturias\",\"headline\":\"Cristina Coto: \\u00abSolo un Gobierno gandul e irresponsable puede seguir por la misma senda\\u201d\",\"author\":{\"@id\":\"https:\\\/\\\/www.eldigitaldeasturias.com\\\/noticias\\\/author\\\/admin\\\/#author\"},\"publisher\":{\"@id\":\"https:\\\/\\\/www.eldigitaldeasturias.com\\\/noticias\\\/#organization\"},\"image\":{\"@type\":\"ImageObject\",\"url\":\"https:\\\/\\\/www.eldigitaldeasturias.com\\\/noticias\\\/wp-content\\\/uploads\\\/2016\\\/09\\\/fotonoticia_20160910110227_800.jpg\",\"width\":800,\"height\":534},\"datePublished\":\"2016-09-10T13:40:16+02:00\",\"dateModified\":\"2016-09-10T13:40:16+02:00\",\"inLanguage\":\"es-ES\",\"mainEntityOfPage\":{\"@id\":\"https:\\\/\\\/www.eldigitaldeasturias.com\\\/noticias\\\/cristina-coto-solo-un-gobierno-gandul-e-irresponsable-puede-seguir-por-la-misma-senda\\\/#webpage\"},\"isPartOf\":{\"@id\":\"https:\\\/\\\/www.eldigitaldeasturias.com\\\/noticias\\\/cristina-coto-solo-un-gobierno-gandul-e-irresponsable-puede-seguir-por-la-misma-senda\\\/#webpage\"},\"articleSection\":\"Actualidad Asturias\"},{\"@type\":\"BreadcrumbList\",\"@id\":\"https:\\\/\\\/www.eldigitaldeasturias.com\\\/noticias\\\/cristina-coto-solo-un-gobierno-gandul-e-irresponsable-puede-seguir-por-la-misma-senda\\\/#breadcrumblist\",\"itemListElement\":[{\"@type\":\"ListItem\",\"@id\":\"https:\\\/\\\/www.eldigitaldeasturias.com\\\/noticias#listItem\",\"position\":1,\"name\":\"Home\",\"item\":\"https:\\\/\\\/www.eldigitaldeasturias.com\\\/noticias\",\"nextItem\":{\"@type\":\"ListItem\",\"@id\":\"https:\\\/\\\/www.eldigitaldeasturias.com\\\/noticias\\\/category\\\/actualidad-asturias\\\/#listItem\",\"name\":\"Actualidad Asturias\"}},{\"@type\":\"ListItem\",\"@id\":\"https:\\\/\\\/www.eldigitaldeasturias.com\\\/noticias\\\/category\\\/actualidad-asturias\\\/#listItem\",\"position\":2,\"name\":\"Actualidad Asturias\",\"item\":\"https:\\\/\\\/www.eldigitaldeasturias.com\\\/noticias\\\/category\\\/actualidad-asturias\\\/\",\"nextItem\":{\"@type\":\"ListItem\",\"@id\":\"https:\\\/\\\/www.eldigitaldeasturias.com\\\/noticias\\\/cristina-coto-solo-un-gobierno-gandul-e-irresponsable-puede-seguir-por-la-misma-senda\\\/#listItem\",\"name\":\"Cristina Coto: \\u00abSolo un Gobierno gandul e irresponsable puede seguir por la misma senda\\u201d\"},\"previousItem\":{\"@type\":\"ListItem\",\"@id\":\"https:\\\/\\\/www.eldigitaldeasturias.com\\\/noticias#listItem\",\"name\":\"Home\"}},{\"@type\":\"ListItem\",\"@id\":\"https:\\\/\\\/www.eldigitaldeasturias.com\\\/noticias\\\/cristina-coto-solo-un-gobierno-gandul-e-irresponsable-puede-seguir-por-la-misma-senda\\\/#listItem\",\"position\":3,\"name\":\"Cristina Coto: \\u00abSolo un Gobierno gandul e irresponsable puede seguir por la misma senda\\u201d\",\"previousItem\":{\"@type\":\"ListItem\",\"@id\":\"https:\\\/\\\/www.eldigitaldeasturias.com\\\/noticias\\\/category\\\/actualidad-asturias\\\/#listItem\",\"name\":\"Actualidad Asturias\"}}]},{\"@type\":\"Organization\",\"@id\":\"https:\\\/\\\/www.eldigitaldeasturias.com\\\/noticias\\\/#organization\",\"name\":\"El Digital de Asturias\",\"description\":\"Hemeroteca\",\"url\":\"https:\\\/\\\/www.eldigitaldeasturias.com\\\/noticias\\\/\",\"email\":\"info@eldigitaldeasturias.com\",\"telephone\":\"+34652131393\",\"logo\":{\"@type\":\"ImageObject\",\"url\":\"https:\\\/\\\/www.eldigitaldeasturias.com\\\/noticias\\\/wp-content\\\/uploads\\\/2020\\\/12\\\/EDA.jpg\",\"@id\":\"https:\\\/\\\/www.eldigitaldeasturias.com\\\/noticias\\\/cristina-coto-solo-un-gobierno-gandul-e-irresponsable-puede-seguir-por-la-misma-senda\\\/#organizationLogo\",\"width\":649,\"height\":297},\"image\":{\"@id\":\"https:\\\/\\\/www.eldigitaldeasturias.com\\\/noticias\\\/cristina-coto-solo-un-gobierno-gandul-e-irresponsable-puede-seguir-por-la-misma-senda\\\/#organizationLogo\"},\"sameAs\":[\"https:\\\/\\\/facebook.com\\\/eldigitaldeasturias\",\"https:\\\/\\\/www.youtube.com\\\/channel\\\/UCZP-2wLEB9Rv6erhFmqVnvg\"],\"address\":{\"@id\":\"https:\\\/\\\/www.eldigitaldeasturias.com\\\/noticias\\\/#postaladdress\",\"@type\":\"PostalAddress\",\"streetAddress\":\"san antonio 4,\",\"postalCode\":\"33430\",\"addressLocality\":\"Cand\\u00e1s\",\"addressRegion\":\"Asturias\",\"addressCountry\":\"ES\"}},{\"@type\":\"Person\",\"@id\":\"https:\\\/\\\/www.eldigitaldeasturias.com\\\/noticias\\\/author\\\/admin\\\/#author\",\"url\":\"https:\\\/\\\/www.eldigitaldeasturias.com\\\/noticias\\\/author\\\/admin\\\/\",\"name\":\"El Digital de Asturias\",\"image\":{\"@type\":\"ImageObject\",\"@id\":\"https:\\\/\\\/www.eldigitaldeasturias.com\\\/noticias\\\/cristina-coto-solo-un-gobierno-gandul-e-irresponsable-puede-seguir-por-la-misma-senda\\\/#authorImage\",\"url\":\"https:\\\/\\\/www.eldigitaldeasturias.com\\\/noticias\\\/wp-content\\\/litespeed\\\/avatar\\\/18677e78aa0546b92d9dbf31ec7d7668.jpg?ver=1776685526\",\"width\":96,\"height\":96,\"caption\":\"El Digital de Asturias\"}},{\"@type\":\"WebPage\",\"@id\":\"https:\\\/\\\/www.eldigitaldeasturias.com\\\/noticias\\\/cristina-coto-solo-un-gobierno-gandul-e-irresponsable-puede-seguir-por-la-misma-senda\\\/#webpage\",\"url\":\"https:\\\/\\\/www.eldigitaldeasturias.com\\\/noticias\\\/cristina-coto-solo-un-gobierno-gandul-e-irresponsable-puede-seguir-por-la-misma-senda\\\/\",\"name\":\"Cristina Coto: \\u00abSolo un Gobierno gandul e irresponsable puede seguir por la misma senda\\u201d - El Digital de Asturias\",\"description\":\"La presidenta de Foro Asturias, Cristina Coto, ha valorado este s\\u00e1bado los datos publicados por el Observatorio Regional BBVA Research, que prev\\u00e9n que el Producto Interior Bruto (PIB) de Asturias crezca un 2,6 por ciento en 2016 y un 1,8 por ciento en 2017. Ante estas previsiones negativas, Coto ha reprochado al presidente del Principado,\",\"inLanguage\":\"es-ES\",\"isPartOf\":{\"@id\":\"https:\\\/\\\/www.eldigitaldeasturias.com\\\/noticias\\\/#website\"},\"breadcrumb\":{\"@id\":\"https:\\\/\\\/www.eldigitaldeasturias.com\\\/noticias\\\/cristina-coto-solo-un-gobierno-gandul-e-irresponsable-puede-seguir-por-la-misma-senda\\\/#breadcrumblist\"},\"author\":{\"@id\":\"https:\\\/\\\/www.eldigitaldeasturias.com\\\/noticias\\\/author\\\/admin\\\/#author\"},\"creator\":{\"@id\":\"https:\\\/\\\/www.eldigitaldeasturias.com\\\/noticias\\\/author\\\/admin\\\/#author\"},\"image\":{\"@type\":\"ImageObject\",\"url\":\"https:\\\/\\\/www.eldigitaldeasturias.com\\\/noticias\\\/wp-content\\\/uploads\\\/2016\\\/09\\\/fotonoticia_20160910110227_800.jpg\",\"@id\":\"https:\\\/\\\/www.eldigitaldeasturias.com\\\/noticias\\\/cristina-coto-solo-un-gobierno-gandul-e-irresponsable-puede-seguir-por-la-misma-senda\\\/#mainImage\",\"width\":800,\"height\":534},\"primaryImageOfPage\":{\"@id\":\"https:\\\/\\\/www.eldigitaldeasturias.com\\\/noticias\\\/cristina-coto-solo-un-gobierno-gandul-e-irresponsable-puede-seguir-por-la-misma-senda\\\/#mainImage\"},\"datePublished\":\"2016-09-10T13:40:16+02:00\",\"dateModified\":\"2016-09-10T13:40:16+02:00\"},{\"@type\":\"WebSite\",\"@id\":\"https:\\\/\\\/www.eldigitaldeasturias.com\\\/noticias\\\/#website\",\"url\":\"https:\\\/\\\/www.eldigitaldeasturias.com\\\/noticias\\\/\",\"name\":\"El Digital de Asturias - Diario de actualidad y noticias\",\"alternateName\":\"El Digital de Asturias - Diario de actualidad y noticias\",\"description\":\"Hemeroteca\",\"inLanguage\":\"es-ES\",\"publisher\":{\"@id\":\"https:\\\/\\\/www.eldigitaldeasturias.com\\\/noticias\\\/#organization\"}}]}\n\t\t<\/script>\n\t\t<!-- All in One SEO Pro -->\r\n\t\t<title>Cristina Coto: \u00abSolo un Gobierno gandul e irresponsable puede seguir por la misma senda\u201d - El Digital de Asturias<\/title>\n\n","aioseo_head_json":{"title":"Cristina Coto: \u00abSolo un Gobierno gandul e irresponsable puede seguir por la misma senda\u201d - El Digital de Asturias","description":"La presidenta de Foro Asturias, Cristina Coto, ha valorado este s\u00e1bado los datos publicados por el Observatorio Regional BBVA Research, que prev\u00e9n que el Producto Interior Bruto (PIB) de Asturias crezca un 2,6 por ciento en 2016 y un 1,8 por ciento en 2017. Ante estas previsiones negativas, Coto ha reprochado al presidente del Principado,","canonical_url":"https:\/\/www.eldigitaldeasturias.com\/noticias\/cristina-coto-solo-un-gobierno-gandul-e-irresponsable-puede-seguir-por-la-misma-senda\/","robots":"max-image-preview:large","keywords":"actualidad asturias","webmasterTools":{"google-site-verification":"UA-38556648-1","msvalidate.01":"7dfe9f3f1b24437ab69f4f2559babe99","miscellaneous":""},"schema":{"@context":"https:\/\/schema.org","@graph":[{"@type":"BlogPosting","@id":"https:\/\/www.eldigitaldeasturias.com\/noticias\/cristina-coto-solo-un-gobierno-gandul-e-irresponsable-puede-seguir-por-la-misma-senda\/#blogposting","name":"Cristina Coto: \u00abSolo un Gobierno gandul e irresponsable puede seguir por la misma senda\u201d - El Digital de Asturias","headline":"Cristina Coto: \u00abSolo un Gobierno gandul e irresponsable puede seguir por la misma senda\u201d","author":{"@id":"https:\/\/www.eldigitaldeasturias.com\/noticias\/author\/admin\/#author"},"publisher":{"@id":"https:\/\/www.eldigitaldeasturias.com\/noticias\/#organization"},"image":{"@type":"ImageObject","url":"https:\/\/www.eldigitaldeasturias.com\/noticias\/wp-content\/uploads\/2016\/09\/fotonoticia_20160910110227_800.jpg","width":800,"height":534},"datePublished":"2016-09-10T13:40:16+02:00","dateModified":"2016-09-10T13:40:16+02:00","inLanguage":"es-ES","mainEntityOfPage":{"@id":"https:\/\/www.eldigitaldeasturias.com\/noticias\/cristina-coto-solo-un-gobierno-gandul-e-irresponsable-puede-seguir-por-la-misma-senda\/#webpage"},"isPartOf":{"@id":"https:\/\/www.eldigitaldeasturias.com\/noticias\/cristina-coto-solo-un-gobierno-gandul-e-irresponsable-puede-seguir-por-la-misma-senda\/#webpage"},"articleSection":"Actualidad Asturias"},{"@type":"BreadcrumbList","@id":"https:\/\/www.eldigitaldeasturias.com\/noticias\/cristina-coto-solo-un-gobierno-gandul-e-irresponsable-puede-seguir-por-la-misma-senda\/#breadcrumblist","itemListElement":[{"@type":"ListItem","@id":"https:\/\/www.eldigitaldeasturias.com\/noticias#listItem","position":1,"name":"Home","item":"https:\/\/www.eldigitaldeasturias.com\/noticias","nextItem":{"@type":"ListItem","@id":"https:\/\/www.eldigitaldeasturias.com\/noticias\/category\/actualidad-asturias\/#listItem","name":"Actualidad Asturias"}},{"@type":"ListItem","@id":"https:\/\/www.eldigitaldeasturias.com\/noticias\/category\/actualidad-asturias\/#listItem","position":2,"name":"Actualidad Asturias","item":"https:\/\/www.eldigitaldeasturias.com\/noticias\/category\/actualidad-asturias\/","nextItem":{"@type":"ListItem","@id":"https:\/\/www.eldigitaldeasturias.com\/noticias\/cristina-coto-solo-un-gobierno-gandul-e-irresponsable-puede-seguir-por-la-misma-senda\/#listItem","name":"Cristina Coto: \u00abSolo un Gobierno gandul e irresponsable puede seguir por la misma senda\u201d"},"previousItem":{"@type":"ListItem","@id":"https:\/\/www.eldigitaldeasturias.com\/noticias#listItem","name":"Home"}},{"@type":"ListItem","@id":"https:\/\/www.eldigitaldeasturias.com\/noticias\/cristina-coto-solo-un-gobierno-gandul-e-irresponsable-puede-seguir-por-la-misma-senda\/#listItem","position":3,"name":"Cristina Coto: \u00abSolo un Gobierno gandul e irresponsable puede seguir por la misma senda\u201d","previousItem":{"@type":"ListItem","@id":"https:\/\/www.eldigitaldeasturias.com\/noticias\/category\/actualidad-asturias\/#listItem","name":"Actualidad Asturias"}}]},{"@type":"Organization","@id":"https:\/\/www.eldigitaldeasturias.com\/noticias\/#organization","name":"El Digital de Asturias","description":"Hemeroteca","url":"https:\/\/www.eldigitaldeasturias.com\/noticias\/","email":"info@eldigitaldeasturias.com","telephone":"+34652131393","logo":{"@type":"ImageObject","url":"https:\/\/www.eldigitaldeasturias.com\/noticias\/wp-content\/uploads\/2020\/12\/EDA.jpg","@id":"https:\/\/www.eldigitaldeasturias.com\/noticias\/cristina-coto-solo-un-gobierno-gandul-e-irresponsable-puede-seguir-por-la-misma-senda\/#organizationLogo","width":649,"height":297},"image":{"@id":"https:\/\/www.eldigitaldeasturias.com\/noticias\/cristina-coto-solo-un-gobierno-gandul-e-irresponsable-puede-seguir-por-la-misma-senda\/#organizationLogo"},"sameAs":["https:\/\/facebook.com\/eldigitaldeasturias","https:\/\/www.youtube.com\/channel\/UCZP-2wLEB9Rv6erhFmqVnvg"],"address":{"@id":"https:\/\/www.eldigitaldeasturias.com\/noticias\/#postaladdress","@type":"PostalAddress","streetAddress":"san antonio 4,","postalCode":"33430","addressLocality":"Cand\u00e1s","addressRegion":"Asturias","addressCountry":"ES"}},{"@type":"Person","@id":"https:\/\/www.eldigitaldeasturias.com\/noticias\/author\/admin\/#author","url":"https:\/\/www.eldigitaldeasturias.com\/noticias\/author\/admin\/","name":"El Digital de Asturias","image":{"@type":"ImageObject","@id":"https:\/\/www.eldigitaldeasturias.com\/noticias\/cristina-coto-solo-un-gobierno-gandul-e-irresponsable-puede-seguir-por-la-misma-senda\/#authorImage","url":"https:\/\/www.eldigitaldeasturias.com\/noticias\/wp-content\/litespeed\/avatar\/18677e78aa0546b92d9dbf31ec7d7668.jpg?ver=1776685526","width":96,"height":96,"caption":"El Digital de Asturias"}},{"@type":"WebPage","@id":"https:\/\/www.eldigitaldeasturias.com\/noticias\/cristina-coto-solo-un-gobierno-gandul-e-irresponsable-puede-seguir-por-la-misma-senda\/#webpage","url":"https:\/\/www.eldigitaldeasturias.com\/noticias\/cristina-coto-solo-un-gobierno-gandul-e-irresponsable-puede-seguir-por-la-misma-senda\/","name":"Cristina Coto: \u00abSolo un Gobierno gandul e irresponsable puede seguir por la misma senda\u201d - El Digital de Asturias","description":"La presidenta de Foro Asturias, Cristina Coto, ha valorado este s\u00e1bado los datos publicados por el Observatorio Regional BBVA Research, que prev\u00e9n que el Producto Interior Bruto (PIB) de Asturias crezca un 2,6 por ciento en 2016 y un 1,8 por ciento en 2017. Ante estas previsiones negativas, Coto ha reprochado al presidente del Principado,","inLanguage":"es-ES","isPartOf":{"@id":"https:\/\/www.eldigitaldeasturias.com\/noticias\/#website"},"breadcrumb":{"@id":"https:\/\/www.eldigitaldeasturias.com\/noticias\/cristina-coto-solo-un-gobierno-gandul-e-irresponsable-puede-seguir-por-la-misma-senda\/#breadcrumblist"},"author":{"@id":"https:\/\/www.eldigitaldeasturias.com\/noticias\/author\/admin\/#author"},"creator":{"@id":"https:\/\/www.eldigitaldeasturias.com\/noticias\/author\/admin\/#author"},"image":{"@type":"ImageObject","url":"https:\/\/www.eldigitaldeasturias.com\/noticias\/wp-content\/uploads\/2016\/09\/fotonoticia_20160910110227_800.jpg","@id":"https:\/\/www.eldigitaldeasturias.com\/noticias\/cristina-coto-solo-un-gobierno-gandul-e-irresponsable-puede-seguir-por-la-misma-senda\/#mainImage","width":800,"height":534},"primaryImageOfPage":{"@id":"https:\/\/www.eldigitaldeasturias.com\/noticias\/cristina-coto-solo-un-gobierno-gandul-e-irresponsable-puede-seguir-por-la-misma-senda\/#mainImage"},"datePublished":"2016-09-10T13:40:16+02:00","dateModified":"2016-09-10T13:40:16+02:00"},{"@type":"WebSite","@id":"https:\/\/www.eldigitaldeasturias.com\/noticias\/#website","url":"https:\/\/www.eldigitaldeasturias.com\/noticias\/","name":"El Digital de Asturias - Diario de actualidad y noticias","alternateName":"El Digital de Asturias - Diario de actualidad y noticias","description":"Hemeroteca","inLanguage":"es-ES","publisher":{"@id":"https:\/\/www.eldigitaldeasturias.com\/noticias\/#organization"}}]},"og:locale":"es_ES","og:site_name":"El Digital de Asturias","og:type":"article","og:title":"Cristina Coto: \u00abSolo un Gobierno gandul e irresponsable puede seguir por la misma senda\u201d - El Digital de Asturias","og:description":"La presidenta de Foro Asturias, Cristina Coto, ha valorado este s\u00e1bado los datos publicados por el Observatorio Regional BBVA Research, que prev\u00e9n que el Producto Interior Bruto (PIB) de Asturias crezca un 2,6 por ciento en 2016 y un 1,8 por ciento en 2017. Ante estas previsiones negativas, Coto ha reprochado al presidente del Principado,","og:url":"https:\/\/www.eldigitaldeasturias.com\/noticias\/cristina-coto-solo-un-gobierno-gandul-e-irresponsable-puede-seguir-por-la-misma-senda\/","og:image":"https:\/\/www.eldigitaldeasturias.com\/noticias\/wp-content\/uploads\/2016\/09\/fotonoticia_20160910110227_800.jpg","og:image:secure_url":"https:\/\/www.eldigitaldeasturias.com\/noticias\/wp-content\/uploads\/2016\/09\/fotonoticia_20160910110227_800.jpg","og:image:width":800,"og:image:height":534,"article:tag":["actualidad asturias"],"article:published_time":"2016-09-10T12:40:16+00:00","article:modified_time":"2016-09-10T12:40:16+00:00","article:publisher":"https:\/\/facebook.com\/eldigitaldeasturias","twitter:card":"summary_large_image","twitter:title":"Cristina Coto: \u00abSolo un Gobierno gandul e irresponsable puede seguir por la misma senda\u201d - El Digital de Asturias","twitter:description":"La presidenta de Foro Asturias, Cristina Coto, ha valorado este s\u00e1bado los datos publicados por el Observatorio Regional BBVA Research, que prev\u00e9n que el Producto Interior Bruto (PIB) de Asturias crezca un 2,6 por ciento en 2016 y un 1,8 por ciento en 2017. Ante estas previsiones negativas, Coto ha reprochado al presidente del Principado,","twitter:image":"https:\/\/www.eldigitaldeasturias.com\/noticias\/wp-content\/uploads\/2016\/09\/fotonoticia_20160910110227_800.jpg","twitter:label1":"Escrito por","twitter:data1":"El Digital de Asturias","twitter:label2":"Tiempo de lectura estimado","twitter:data2":"2 minutos"},"aioseo_meta_data":{"post_id":"906703","title":null,"description":null,"keywords":null,"keyphrases":null,"primary_term":null,"canonical_url":null,"og_title":null,"og_description":null,"og_object_type":"default","og_image_type":"default","og_image_url":null,"og_image_width":null,"og_image_height":null,"og_image_custom_url":null,"og_image_custom_fields":null,"og_video":null,"og_custom_url":null,"og_article_section":null,"og_article_tags":null,"twitter_use_og":false,"twitter_card":"default","twitter_image_type":"default","twitter_image_url":null,"twitter_image_custom_url":null,"twitter_image_custom_fields":null,"twitter_title":null,"twitter_description":null,"schema":{"blockGraphs":[],"customGraphs":[],"default":{"data":{"Article":[],"Course":[],"Dataset":[],"FAQPage":[],"Movie":[],"Person":[],"Product":[],"ProductReview":[],"Car":[],"Recipe":[],"Service":[],"SoftwareApplication":[],"WebPage":[]},"graphName":"","isEnabled":true},"graphs":[],"defaultGraph":"","defaultPostTypeGraph":""},"schema_type":null,"schema_type_options":null,"pillar_content":false,"robots_default":true,"robots_noindex":false,"robots_noarchive":false,"robots_nosnippet":false,"robots_nofollow":false,"robots_noimageindex":false,"robots_noodp":false,"robots_notranslate":false,"robots_max_snippet":null,"robots_max_videopreview":null,"robots_max_imagepreview":"large","priority":null,"frequency":null,"local_seo":null,"seo_analyzer_scan_date":"2025-11-30 09:57:11","breadcrumb_settings":null,"limit_modified_date":false,"open_ai":null,"ai":null,"created":"2020-12-21 14:01:29","updated":"2025-11-30 09:57:11"},"aioseo_breadcrumb":"<div class=\"aioseo-breadcrumbs\"><span class=\"aioseo-breadcrumb\">\n\t<a href=\"https:\/\/www.eldigitaldeasturias.com\/noticias\" title=\"Home\">Home<\/a>\n<\/span><span class=\"aioseo-breadcrumb-separator\">\u2013<\/span><span class=\"aioseo-breadcrumb\">\n\t<a href=\"https:\/\/www.eldigitaldeasturias.com\/noticias\/category\/actualidad-asturias\/\" title=\"Actualidad Asturias\">Actualidad Asturias<\/a>\n<\/span><span class=\"aioseo-breadcrumb-separator\">\u2013<\/span><span class=\"aioseo-breadcrumb\">\n\t<a href=\"https:\/\/www.eldigitaldeasturias.com\/noticias\/cristina-coto-solo-un-gobierno-gandul-e-irresponsable-puede-seguir-por-la-misma-senda\/\" title=\"Cristina Coto: \u00abSolo un Gobierno gandul e irresponsable puede seguir por la misma senda\u201d\">Cristina Coto: \u00abSolo un Gobierno gandul e irresponsable puede seguir por la misma senda\u201d<\/a>\n<\/span><\/div>","aioseo_breadcrumb_json":[{"label":"Home","link":"https:\/\/www.eldigitaldeasturias.com\/noticias"},{"label":"Actualidad Asturias","link":"https:\/\/www.eldigitaldeasturias.com\/noticias\/category\/actualidad-asturias\/"},{"label":"Cristina Coto: \u00abSolo un Gobierno gandul e irresponsable puede seguir por la misma senda\u201d","link":"https:\/\/www.eldigitaldeasturias.com\/noticias\/cristina-coto-solo-un-gobierno-gandul-e-irresponsable-puede-seguir-por-la-misma-senda\/"}],"_links":{"self":[{"href":"https:\/\/www.eldigitaldeasturias.com\/noticias\/wp-json\/wp\/v2\/posts\/906703","targetHints":{"allow":["GET"]}}],"collection":[{"href":"https:\/\/www.eldigitaldeasturias.com\/noticias\/wp-json\/wp\/v2\/posts"}],"about":[{"href":"https:\/\/www.eldigitaldeasturias.com\/noticias\/wp-json\/wp\/v2\/types\/post"}],"author":[{"embeddable":true,"href":"https:\/\/www.eldigitaldeasturias.com\/noticias\/wp-json\/wp\/v2\/users\/1"}],"replies":[{"embeddable":true,"href":"https:\/\/www.eldigitaldeasturias.com\/noticias\/wp-json\/wp\/v2\/comments?post=906703"}],"version-history":[{"count":0,"href":"https:\/\/www.eldigitaldeasturias.com\/noticias\/wp-json\/wp\/v2\/posts\/906703\/revisions"}],"wp:featuredmedia":[{"embeddable":true,"href":"https:\/\/www.eldigitaldeasturias.com\/noticias\/wp-json\/wp\/v2\/media\/906704"}],"wp:attachment":[{"href":"https:\/\/www.eldigitaldeasturias.com\/noticias\/wp-json\/wp\/v2\/media?parent=906703"}],"wp:term":[{"taxonomy":"category","embeddable":true,"href":"https:\/\/www.eldigitaldeasturias.com\/noticias\/wp-json\/wp\/v2\/categories?post=906703"},{"taxonomy":"post_tag","embeddable":true,"href":"https:\/\/www.eldigitaldeasturias.com\/noticias\/wp-json\/wp\/v2\/tags?post=906703"}],"curies":[{"name":"wp","href":"https:\/\/api.w.org\/{rel}","templated":true}]}}