{"id":906619,"date":"2016-09-09T18:35:00","date_gmt":"2016-09-09T17:35:00","guid":{"rendered":"http:\/\/www.eldigitaldeasturias.com\/noticias\/?p=906619"},"modified":"2016-09-09T18:35:00","modified_gmt":"2016-09-09T17:35:00","slug":"suatea-afirma-que-los-barracones-de-la-corredoria-son-ilegales","status":"publish","type":"post","link":"https:\/\/www.eldigitaldeasturias.com\/noticias\/suatea-afirma-que-los-barracones-de-la-corredoria-son-ilegales\/","title":{"rendered":"Suatea afirma que los barracones de La Corredoria \u00abson ilegales\u00bb"},"content":{"rendered":"<p><img loading=\"lazy\" decoding=\"async\" class=\"alignleft size-medium wp-image-780728\" src=\"https:\/\/www.eldigitaldeasturias.com\/noticias\/wp-content\/uploads\/2015\/04\/aula-360x198.jpg\" alt=\"aula\" width=\"360\" height=\"198\" srcset=\"https:\/\/www.eldigitaldeasturias.com\/noticias\/wp-content\/uploads\/2015\/04\/aula-360x198.jpg 360w, https:\/\/www.eldigitaldeasturias.com\/noticias\/wp-content\/uploads\/2015\/04\/aula-650x357.jpg 650w, https:\/\/www.eldigitaldeasturias.com\/noticias\/wp-content\/uploads\/2015\/04\/aula.jpg 655w\" sizes=\"auto, (max-width: 360px) 100vw, 360px\" \/>El sindicato educativo Suatea ha afirmado este viernes que los barracones instalados en el colegio p\u00fablico La Corredora \u00abson ilegales\u00bb porque no cumplen con los requisitos de espacio que marca la ley.<\/p>\n<p>Los barracones se instalaron tras el derribo de uno de los edificios del centro para dar clase. Suatea se\u00f1ala que la soluci\u00f3n era temporal, pero que siguen a\u00fan colocados a la espera de recibir de nuevo al alumnado durante el curso 2016-2017.<\/p>\n<p>Tras solicitar informaci\u00f3n a la Consejer\u00eda de Educaci\u00f3n, Suatea afirma que ha descubierto que los barracones para el alumnado de Infantil no cumplen con los requisitos m\u00ednimos legales, porque no llegan a los 40 metros cuadrados y los grupos son de 23 m\u00e1s el docente, por lo que el espacio necesario deber\u00eda ser de 48 metros cuadrados.<\/p>\n<p>\u00abEsto es escandaloso, los barracones instalados no cumplen las medidas m\u00ednimas exigidas para el tipo de alumnado que albergan, la Consejer\u00eda de Educaci\u00f3n tiene hacinados a los escolares incumpliendo las normas b\u00e1sicas establecidas en toda la normativa legal estatal y auton\u00f3mica\u00bb, critican desde Suatea, sindicato que ha presentado una queja formal ante el consejero de Educaci\u00f3n asturiano, Genaro Alonso. Tambi\u00e9n han presentado queja ante la Direccci\u00f3n de General de Personal Docente y Planificaci\u00f3n Educativa, la Direcci\u00f3n del Centro y han pedido un informe al Servicio de Prevenci\u00f3n de Riesgos Laborales.<\/p>\n<p>&nbsp;<\/p>\n","protected":false},"excerpt":{"rendered":"<p>El sindicato educativo Suatea ha afirmado este viernes que los barracones instalados en el colegio p\u00fablico La Corredora \u00abson ilegales\u00bb porque no cumplen con los requisitos de espacio que marca la ley. Los barracones se instalaron tras el derribo de uno de los edificios del centro para dar clase. Suatea se\u00f1ala que la soluci\u00f3n era [&hellip;]<\/p>\n","protected":false},"author":1,"featured_media":780728,"comment_status":"closed","ping_status":"closed","sticky":false,"template":"","format":"standard","meta":{"footnotes":""},"categories":[12],"tags":[],"class_list":["post-906619","post","type-post","status-publish","format-standard","has-post-thumbnail","hentry","category-actualidad-asturias"],"aioseo_notices":[],"aioseo_head":"\n\t\t<!-- All in One SEO Pro 4.9.6.2 - aioseo.com -->\n\t<meta name=\"description\" content=\"El sindicato educativo Suatea ha afirmado este viernes que los barracones instalados en el colegio p\u00fablico La Corredora &quot;son ilegales&quot; porque no cumplen con los requisitos de espacio que marca la ley. Los barracones se instalaron tras el derribo de uno de los edificios del centro para dar clase. Suatea se\u00f1ala que la soluci\u00f3n era\" \/>\n\t<meta name=\"robots\" content=\"max-image-preview:large\" \/>\n\t<meta name=\"author\" content=\"El Digital de Asturias\"\/>\n\t<meta name=\"google-site-verification\" content=\"UA-38556648-1\" \/>\n\t<meta name=\"msvalidate.01\" content=\"7dfe9f3f1b24437ab69f4f2559babe99\" \/>\n\t<meta name=\"keywords\" content=\"actualidad asturias\" \/>\n\t<link rel=\"canonical\" href=\"https:\/\/www.eldigitaldeasturias.com\/noticias\/suatea-afirma-que-los-barracones-de-la-corredoria-son-ilegales\/\" \/>\n\t<meta name=\"generator\" content=\"All in One SEO Pro (AIOSEO) 4.9.6.2\" \/>\n\t\t<meta property=\"og:locale\" content=\"es_ES\" \/>\n\t\t<meta property=\"og:site_name\" content=\"El Digital de Asturias\" \/>\n\t\t<meta property=\"og:type\" content=\"article\" \/>\n\t\t<meta property=\"og:title\" content=\"Suatea afirma que los barracones de La Corredoria \u00abson ilegales\u00bb - El Digital de Asturias\" \/>\n\t\t<meta property=\"og:description\" content=\"El sindicato educativo Suatea ha afirmado este viernes que los barracones instalados en el colegio p\u00fablico La Corredora &quot;son ilegales&quot; porque no cumplen con los requisitos de espacio que marca la ley. Los barracones se instalaron tras el derribo de uno de los edificios del centro para dar clase. Suatea se\u00f1ala que la soluci\u00f3n era\" \/>\n\t\t<meta property=\"og:url\" content=\"https:\/\/www.eldigitaldeasturias.com\/noticias\/suatea-afirma-que-los-barracones-de-la-corredoria-son-ilegales\/\" \/>\n\t\t<meta property=\"og:image\" content=\"https:\/\/www.eldigitaldeasturias.com\/noticias\/wp-content\/uploads\/2015\/04\/aula.jpg\" \/>\n\t\t<meta property=\"og:image:secure_url\" content=\"https:\/\/www.eldigitaldeasturias.com\/noticias\/wp-content\/uploads\/2015\/04\/aula.jpg\" \/>\n\t\t<meta property=\"og:image:width\" content=\"655\" \/>\n\t\t<meta property=\"og:image:height\" content=\"360\" \/>\n\t\t<meta property=\"article:tag\" content=\"actualidad asturias\" \/>\n\t\t<meta property=\"article:published_time\" content=\"2016-09-09T17:35:00+00:00\" \/>\n\t\t<meta property=\"article:modified_time\" content=\"2016-09-09T17:35:00+00:00\" \/>\n\t\t<meta property=\"article:publisher\" content=\"https:\/\/facebook.com\/eldigitaldeasturias\" \/>\n\t\t<meta name=\"twitter:card\" content=\"summary_large_image\" \/>\n\t\t<meta name=\"twitter:title\" content=\"Suatea afirma que los barracones de La Corredoria \u00abson ilegales\u00bb - El Digital de Asturias\" \/>\n\t\t<meta name=\"twitter:description\" content=\"El sindicato educativo Suatea ha afirmado este viernes que los barracones instalados en el colegio p\u00fablico La Corredora &quot;son ilegales&quot; porque no cumplen con los requisitos de espacio que marca la ley. Los barracones se instalaron tras el derribo de uno de los edificios del centro para dar clase. Suatea se\u00f1ala que la soluci\u00f3n era\" \/>\n\t\t<meta name=\"twitter:image\" content=\"https:\/\/www.eldigitaldeasturias.com\/noticias\/wp-content\/uploads\/2015\/04\/aula.jpg\" \/>\n\t\t<meta name=\"twitter:label1\" content=\"Escrito por\" \/>\n\t\t<meta name=\"twitter:data1\" content=\"El Digital de Asturias\" \/>\n\t\t<meta name=\"twitter:label2\" content=\"Tiempo de lectura estimado\" \/>\n\t\t<meta name=\"twitter:data2\" content=\"1 minuto\" \/>\n\t\t<script type=\"application\/ld+json\" class=\"aioseo-schema\">\n\t\t\t{\"@context\":\"https:\\\/\\\/schema.org\",\"@graph\":[{\"@type\":\"BlogPosting\",\"@id\":\"https:\\\/\\\/www.eldigitaldeasturias.com\\\/noticias\\\/suatea-afirma-que-los-barracones-de-la-corredoria-son-ilegales\\\/#blogposting\",\"name\":\"Suatea afirma que los barracones de La Corredoria \\u00abson ilegales\\u00bb - El Digital de Asturias\",\"headline\":\"Suatea afirma que los barracones de La Corredoria \\u00abson ilegales\\u00bb\",\"author\":{\"@id\":\"https:\\\/\\\/www.eldigitaldeasturias.com\\\/noticias\\\/author\\\/admin\\\/#author\"},\"publisher\":{\"@id\":\"https:\\\/\\\/www.eldigitaldeasturias.com\\\/noticias\\\/#organization\"},\"image\":{\"@type\":\"ImageObject\",\"url\":\"https:\\\/\\\/www.eldigitaldeasturias.com\\\/noticias\\\/wp-content\\\/uploads\\\/2015\\\/04\\\/aula.jpg\",\"width\":655,\"height\":360},\"datePublished\":\"2016-09-09T18:35:00+02:00\",\"dateModified\":\"2016-09-09T18:35:00+02:00\",\"inLanguage\":\"es-ES\",\"mainEntityOfPage\":{\"@id\":\"https:\\\/\\\/www.eldigitaldeasturias.com\\\/noticias\\\/suatea-afirma-que-los-barracones-de-la-corredoria-son-ilegales\\\/#webpage\"},\"isPartOf\":{\"@id\":\"https:\\\/\\\/www.eldigitaldeasturias.com\\\/noticias\\\/suatea-afirma-que-los-barracones-de-la-corredoria-son-ilegales\\\/#webpage\"},\"articleSection\":\"Actualidad Asturias\"},{\"@type\":\"BreadcrumbList\",\"@id\":\"https:\\\/\\\/www.eldigitaldeasturias.com\\\/noticias\\\/suatea-afirma-que-los-barracones-de-la-corredoria-son-ilegales\\\/#breadcrumblist\",\"itemListElement\":[{\"@type\":\"ListItem\",\"@id\":\"https:\\\/\\\/www.eldigitaldeasturias.com\\\/noticias#listItem\",\"position\":1,\"name\":\"Home\",\"item\":\"https:\\\/\\\/www.eldigitaldeasturias.com\\\/noticias\",\"nextItem\":{\"@type\":\"ListItem\",\"@id\":\"https:\\\/\\\/www.eldigitaldeasturias.com\\\/noticias\\\/category\\\/actualidad-asturias\\\/#listItem\",\"name\":\"Actualidad Asturias\"}},{\"@type\":\"ListItem\",\"@id\":\"https:\\\/\\\/www.eldigitaldeasturias.com\\\/noticias\\\/category\\\/actualidad-asturias\\\/#listItem\",\"position\":2,\"name\":\"Actualidad Asturias\",\"item\":\"https:\\\/\\\/www.eldigitaldeasturias.com\\\/noticias\\\/category\\\/actualidad-asturias\\\/\",\"nextItem\":{\"@type\":\"ListItem\",\"@id\":\"https:\\\/\\\/www.eldigitaldeasturias.com\\\/noticias\\\/suatea-afirma-que-los-barracones-de-la-corredoria-son-ilegales\\\/#listItem\",\"name\":\"Suatea afirma que los barracones de La Corredoria \\u00abson ilegales\\u00bb\"},\"previousItem\":{\"@type\":\"ListItem\",\"@id\":\"https:\\\/\\\/www.eldigitaldeasturias.com\\\/noticias#listItem\",\"name\":\"Home\"}},{\"@type\":\"ListItem\",\"@id\":\"https:\\\/\\\/www.eldigitaldeasturias.com\\\/noticias\\\/suatea-afirma-que-los-barracones-de-la-corredoria-son-ilegales\\\/#listItem\",\"position\":3,\"name\":\"Suatea afirma que los barracones de La Corredoria \\u00abson ilegales\\u00bb\",\"previousItem\":{\"@type\":\"ListItem\",\"@id\":\"https:\\\/\\\/www.eldigitaldeasturias.com\\\/noticias\\\/category\\\/actualidad-asturias\\\/#listItem\",\"name\":\"Actualidad Asturias\"}}]},{\"@type\":\"Organization\",\"@id\":\"https:\\\/\\\/www.eldigitaldeasturias.com\\\/noticias\\\/#organization\",\"name\":\"El Digital de Asturias\",\"description\":\"Hemeroteca\",\"url\":\"https:\\\/\\\/www.eldigitaldeasturias.com\\\/noticias\\\/\",\"email\":\"info@eldigitaldeasturias.com\",\"telephone\":\"+34652131393\",\"logo\":{\"@type\":\"ImageObject\",\"url\":\"https:\\\/\\\/www.eldigitaldeasturias.com\\\/noticias\\\/wp-content\\\/uploads\\\/2020\\\/12\\\/EDA.jpg\",\"@id\":\"https:\\\/\\\/www.eldigitaldeasturias.com\\\/noticias\\\/suatea-afirma-que-los-barracones-de-la-corredoria-son-ilegales\\\/#organizationLogo\",\"width\":649,\"height\":297},\"image\":{\"@id\":\"https:\\\/\\\/www.eldigitaldeasturias.com\\\/noticias\\\/suatea-afirma-que-los-barracones-de-la-corredoria-son-ilegales\\\/#organizationLogo\"},\"sameAs\":[\"https:\\\/\\\/facebook.com\\\/eldigitaldeasturias\",\"https:\\\/\\\/www.youtube.com\\\/channel\\\/UCZP-2wLEB9Rv6erhFmqVnvg\"],\"address\":{\"@id\":\"https:\\\/\\\/www.eldigitaldeasturias.com\\\/noticias\\\/#postaladdress\",\"@type\":\"PostalAddress\",\"streetAddress\":\"san antonio 4,\",\"postalCode\":\"33430\",\"addressLocality\":\"Cand\\u00e1s\",\"addressRegion\":\"Asturias\",\"addressCountry\":\"ES\"}},{\"@type\":\"Person\",\"@id\":\"https:\\\/\\\/www.eldigitaldeasturias.com\\\/noticias\\\/author\\\/admin\\\/#author\",\"url\":\"https:\\\/\\\/www.eldigitaldeasturias.com\\\/noticias\\\/author\\\/admin\\\/\",\"name\":\"El Digital de Asturias\",\"image\":{\"@type\":\"ImageObject\",\"@id\":\"https:\\\/\\\/www.eldigitaldeasturias.com\\\/noticias\\\/suatea-afirma-que-los-barracones-de-la-corredoria-son-ilegales\\\/#authorImage\",\"url\":\"https:\\\/\\\/www.eldigitaldeasturias.com\\\/noticias\\\/wp-content\\\/litespeed\\\/avatar\\\/18677e78aa0546b92d9dbf31ec7d7668.jpg?ver=1776685526\",\"width\":96,\"height\":96,\"caption\":\"El Digital de Asturias\"}},{\"@type\":\"WebPage\",\"@id\":\"https:\\\/\\\/www.eldigitaldeasturias.com\\\/noticias\\\/suatea-afirma-que-los-barracones-de-la-corredoria-son-ilegales\\\/#webpage\",\"url\":\"https:\\\/\\\/www.eldigitaldeasturias.com\\\/noticias\\\/suatea-afirma-que-los-barracones-de-la-corredoria-son-ilegales\\\/\",\"name\":\"Suatea afirma que los barracones de La Corredoria \\u00abson ilegales\\u00bb - El Digital de Asturias\",\"description\":\"El sindicato educativo Suatea ha afirmado este viernes que los barracones instalados en el colegio p\\u00fablico La Corredora \\\"son ilegales\\\" porque no cumplen con los requisitos de espacio que marca la ley. Los barracones se instalaron tras el derribo de uno de los edificios del centro para dar clase. Suatea se\\u00f1ala que la soluci\\u00f3n era\",\"inLanguage\":\"es-ES\",\"isPartOf\":{\"@id\":\"https:\\\/\\\/www.eldigitaldeasturias.com\\\/noticias\\\/#website\"},\"breadcrumb\":{\"@id\":\"https:\\\/\\\/www.eldigitaldeasturias.com\\\/noticias\\\/suatea-afirma-que-los-barracones-de-la-corredoria-son-ilegales\\\/#breadcrumblist\"},\"author\":{\"@id\":\"https:\\\/\\\/www.eldigitaldeasturias.com\\\/noticias\\\/author\\\/admin\\\/#author\"},\"creator\":{\"@id\":\"https:\\\/\\\/www.eldigitaldeasturias.com\\\/noticias\\\/author\\\/admin\\\/#author\"},\"image\":{\"@type\":\"ImageObject\",\"url\":\"https:\\\/\\\/www.eldigitaldeasturias.com\\\/noticias\\\/wp-content\\\/uploads\\\/2015\\\/04\\\/aula.jpg\",\"@id\":\"https:\\\/\\\/www.eldigitaldeasturias.com\\\/noticias\\\/suatea-afirma-que-los-barracones-de-la-corredoria-son-ilegales\\\/#mainImage\",\"width\":655,\"height\":360},\"primaryImageOfPage\":{\"@id\":\"https:\\\/\\\/www.eldigitaldeasturias.com\\\/noticias\\\/suatea-afirma-que-los-barracones-de-la-corredoria-son-ilegales\\\/#mainImage\"},\"datePublished\":\"2016-09-09T18:35:00+02:00\",\"dateModified\":\"2016-09-09T18:35:00+02:00\"},{\"@type\":\"WebSite\",\"@id\":\"https:\\\/\\\/www.eldigitaldeasturias.com\\\/noticias\\\/#website\",\"url\":\"https:\\\/\\\/www.eldigitaldeasturias.com\\\/noticias\\\/\",\"name\":\"El Digital de Asturias - Diario de actualidad y noticias\",\"alternateName\":\"El Digital de Asturias - Diario de actualidad y noticias\",\"description\":\"Hemeroteca\",\"inLanguage\":\"es-ES\",\"publisher\":{\"@id\":\"https:\\\/\\\/www.eldigitaldeasturias.com\\\/noticias\\\/#organization\"}}]}\n\t\t<\/script>\n\t\t<!-- All in One SEO Pro -->\r\n\t\t<title>Suatea afirma que los barracones de La Corredoria \u00abson ilegales\u00bb - El Digital de Asturias<\/title>\n\n","aioseo_head_json":{"title":"Suatea afirma que los barracones de La Corredoria \u00abson ilegales\u00bb - El Digital de Asturias","description":"El sindicato educativo Suatea ha afirmado este viernes que los barracones instalados en el colegio p\u00fablico La Corredora \"son ilegales\" porque no cumplen con los requisitos de espacio que marca la ley. Los barracones se instalaron tras el derribo de uno de los edificios del centro para dar clase. Suatea se\u00f1ala que la soluci\u00f3n era","canonical_url":"https:\/\/www.eldigitaldeasturias.com\/noticias\/suatea-afirma-que-los-barracones-de-la-corredoria-son-ilegales\/","robots":"max-image-preview:large","keywords":"actualidad asturias","webmasterTools":{"google-site-verification":"UA-38556648-1","msvalidate.01":"7dfe9f3f1b24437ab69f4f2559babe99","miscellaneous":""},"schema":{"@context":"https:\/\/schema.org","@graph":[{"@type":"BlogPosting","@id":"https:\/\/www.eldigitaldeasturias.com\/noticias\/suatea-afirma-que-los-barracones-de-la-corredoria-son-ilegales\/#blogposting","name":"Suatea afirma que los barracones de La Corredoria \u00abson ilegales\u00bb - El Digital de Asturias","headline":"Suatea afirma que los barracones de La Corredoria \u00abson ilegales\u00bb","author":{"@id":"https:\/\/www.eldigitaldeasturias.com\/noticias\/author\/admin\/#author"},"publisher":{"@id":"https:\/\/www.eldigitaldeasturias.com\/noticias\/#organization"},"image":{"@type":"ImageObject","url":"https:\/\/www.eldigitaldeasturias.com\/noticias\/wp-content\/uploads\/2015\/04\/aula.jpg","width":655,"height":360},"datePublished":"2016-09-09T18:35:00+02:00","dateModified":"2016-09-09T18:35:00+02:00","inLanguage":"es-ES","mainEntityOfPage":{"@id":"https:\/\/www.eldigitaldeasturias.com\/noticias\/suatea-afirma-que-los-barracones-de-la-corredoria-son-ilegales\/#webpage"},"isPartOf":{"@id":"https:\/\/www.eldigitaldeasturias.com\/noticias\/suatea-afirma-que-los-barracones-de-la-corredoria-son-ilegales\/#webpage"},"articleSection":"Actualidad Asturias"},{"@type":"BreadcrumbList","@id":"https:\/\/www.eldigitaldeasturias.com\/noticias\/suatea-afirma-que-los-barracones-de-la-corredoria-son-ilegales\/#breadcrumblist","itemListElement":[{"@type":"ListItem","@id":"https:\/\/www.eldigitaldeasturias.com\/noticias#listItem","position":1,"name":"Home","item":"https:\/\/www.eldigitaldeasturias.com\/noticias","nextItem":{"@type":"ListItem","@id":"https:\/\/www.eldigitaldeasturias.com\/noticias\/category\/actualidad-asturias\/#listItem","name":"Actualidad Asturias"}},{"@type":"ListItem","@id":"https:\/\/www.eldigitaldeasturias.com\/noticias\/category\/actualidad-asturias\/#listItem","position":2,"name":"Actualidad Asturias","item":"https:\/\/www.eldigitaldeasturias.com\/noticias\/category\/actualidad-asturias\/","nextItem":{"@type":"ListItem","@id":"https:\/\/www.eldigitaldeasturias.com\/noticias\/suatea-afirma-que-los-barracones-de-la-corredoria-son-ilegales\/#listItem","name":"Suatea afirma que los barracones de La Corredoria \u00abson ilegales\u00bb"},"previousItem":{"@type":"ListItem","@id":"https:\/\/www.eldigitaldeasturias.com\/noticias#listItem","name":"Home"}},{"@type":"ListItem","@id":"https:\/\/www.eldigitaldeasturias.com\/noticias\/suatea-afirma-que-los-barracones-de-la-corredoria-son-ilegales\/#listItem","position":3,"name":"Suatea afirma que los barracones de La Corredoria \u00abson ilegales\u00bb","previousItem":{"@type":"ListItem","@id":"https:\/\/www.eldigitaldeasturias.com\/noticias\/category\/actualidad-asturias\/#listItem","name":"Actualidad Asturias"}}]},{"@type":"Organization","@id":"https:\/\/www.eldigitaldeasturias.com\/noticias\/#organization","name":"El Digital de Asturias","description":"Hemeroteca","url":"https:\/\/www.eldigitaldeasturias.com\/noticias\/","email":"info@eldigitaldeasturias.com","telephone":"+34652131393","logo":{"@type":"ImageObject","url":"https:\/\/www.eldigitaldeasturias.com\/noticias\/wp-content\/uploads\/2020\/12\/EDA.jpg","@id":"https:\/\/www.eldigitaldeasturias.com\/noticias\/suatea-afirma-que-los-barracones-de-la-corredoria-son-ilegales\/#organizationLogo","width":649,"height":297},"image":{"@id":"https:\/\/www.eldigitaldeasturias.com\/noticias\/suatea-afirma-que-los-barracones-de-la-corredoria-son-ilegales\/#organizationLogo"},"sameAs":["https:\/\/facebook.com\/eldigitaldeasturias","https:\/\/www.youtube.com\/channel\/UCZP-2wLEB9Rv6erhFmqVnvg"],"address":{"@id":"https:\/\/www.eldigitaldeasturias.com\/noticias\/#postaladdress","@type":"PostalAddress","streetAddress":"san antonio 4,","postalCode":"33430","addressLocality":"Cand\u00e1s","addressRegion":"Asturias","addressCountry":"ES"}},{"@type":"Person","@id":"https:\/\/www.eldigitaldeasturias.com\/noticias\/author\/admin\/#author","url":"https:\/\/www.eldigitaldeasturias.com\/noticias\/author\/admin\/","name":"El Digital de Asturias","image":{"@type":"ImageObject","@id":"https:\/\/www.eldigitaldeasturias.com\/noticias\/suatea-afirma-que-los-barracones-de-la-corredoria-son-ilegales\/#authorImage","url":"https:\/\/www.eldigitaldeasturias.com\/noticias\/wp-content\/litespeed\/avatar\/18677e78aa0546b92d9dbf31ec7d7668.jpg?ver=1776685526","width":96,"height":96,"caption":"El Digital de Asturias"}},{"@type":"WebPage","@id":"https:\/\/www.eldigitaldeasturias.com\/noticias\/suatea-afirma-que-los-barracones-de-la-corredoria-son-ilegales\/#webpage","url":"https:\/\/www.eldigitaldeasturias.com\/noticias\/suatea-afirma-que-los-barracones-de-la-corredoria-son-ilegales\/","name":"Suatea afirma que los barracones de La Corredoria \u00abson ilegales\u00bb - El Digital de Asturias","description":"El sindicato educativo Suatea ha afirmado este viernes que los barracones instalados en el colegio p\u00fablico La Corredora \"son ilegales\" porque no cumplen con los requisitos de espacio que marca la ley. Los barracones se instalaron tras el derribo de uno de los edificios del centro para dar clase. Suatea se\u00f1ala que la soluci\u00f3n era","inLanguage":"es-ES","isPartOf":{"@id":"https:\/\/www.eldigitaldeasturias.com\/noticias\/#website"},"breadcrumb":{"@id":"https:\/\/www.eldigitaldeasturias.com\/noticias\/suatea-afirma-que-los-barracones-de-la-corredoria-son-ilegales\/#breadcrumblist"},"author":{"@id":"https:\/\/www.eldigitaldeasturias.com\/noticias\/author\/admin\/#author"},"creator":{"@id":"https:\/\/www.eldigitaldeasturias.com\/noticias\/author\/admin\/#author"},"image":{"@type":"ImageObject","url":"https:\/\/www.eldigitaldeasturias.com\/noticias\/wp-content\/uploads\/2015\/04\/aula.jpg","@id":"https:\/\/www.eldigitaldeasturias.com\/noticias\/suatea-afirma-que-los-barracones-de-la-corredoria-son-ilegales\/#mainImage","width":655,"height":360},"primaryImageOfPage":{"@id":"https:\/\/www.eldigitaldeasturias.com\/noticias\/suatea-afirma-que-los-barracones-de-la-corredoria-son-ilegales\/#mainImage"},"datePublished":"2016-09-09T18:35:00+02:00","dateModified":"2016-09-09T18:35:00+02:00"},{"@type":"WebSite","@id":"https:\/\/www.eldigitaldeasturias.com\/noticias\/#website","url":"https:\/\/www.eldigitaldeasturias.com\/noticias\/","name":"El Digital de Asturias - Diario de actualidad y noticias","alternateName":"El Digital de Asturias - Diario de actualidad y noticias","description":"Hemeroteca","inLanguage":"es-ES","publisher":{"@id":"https:\/\/www.eldigitaldeasturias.com\/noticias\/#organization"}}]},"og:locale":"es_ES","og:site_name":"El Digital de Asturias","og:type":"article","og:title":"Suatea afirma que los barracones de La Corredoria \u00abson ilegales\u00bb - El Digital de Asturias","og:description":"El sindicato educativo Suatea ha afirmado este viernes que los barracones instalados en el colegio p\u00fablico La Corredora &quot;son ilegales&quot; porque no cumplen con los requisitos de espacio que marca la ley. Los barracones se instalaron tras el derribo de uno de los edificios del centro para dar clase. Suatea se\u00f1ala que la soluci\u00f3n era","og:url":"https:\/\/www.eldigitaldeasturias.com\/noticias\/suatea-afirma-que-los-barracones-de-la-corredoria-son-ilegales\/","og:image":"https:\/\/www.eldigitaldeasturias.com\/noticias\/wp-content\/uploads\/2015\/04\/aula.jpg","og:image:secure_url":"https:\/\/www.eldigitaldeasturias.com\/noticias\/wp-content\/uploads\/2015\/04\/aula.jpg","og:image:width":655,"og:image:height":360,"article:tag":["actualidad asturias"],"article:published_time":"2016-09-09T17:35:00+00:00","article:modified_time":"2016-09-09T17:35:00+00:00","article:publisher":"https:\/\/facebook.com\/eldigitaldeasturias","twitter:card":"summary_large_image","twitter:title":"Suatea afirma que los barracones de La Corredoria \u00abson ilegales\u00bb - El Digital de Asturias","twitter:description":"El sindicato educativo Suatea ha afirmado este viernes que los barracones instalados en el colegio p\u00fablico La Corredora &quot;son ilegales&quot; porque no cumplen con los requisitos de espacio que marca la ley. Los barracones se instalaron tras el derribo de uno de los edificios del centro para dar clase. Suatea se\u00f1ala que la soluci\u00f3n era","twitter:image":"https:\/\/www.eldigitaldeasturias.com\/noticias\/wp-content\/uploads\/2015\/04\/aula.jpg","twitter:label1":"Escrito por","twitter:data1":"El Digital de Asturias","twitter:label2":"Tiempo de lectura estimado","twitter:data2":"1 minuto"},"aioseo_meta_data":{"post_id":"906619","title":null,"description":null,"keywords":null,"keyphrases":null,"primary_term":null,"canonical_url":null,"og_title":null,"og_description":null,"og_object_type":"default","og_image_type":"default","og_image_url":null,"og_image_width":null,"og_image_height":null,"og_image_custom_url":null,"og_image_custom_fields":null,"og_video":null,"og_custom_url":null,"og_article_section":null,"og_article_tags":null,"twitter_use_og":false,"twitter_card":"default","twitter_image_type":"default","twitter_image_url":null,"twitter_image_custom_url":null,"twitter_image_custom_fields":null,"twitter_title":null,"twitter_description":null,"schema":{"blockGraphs":[],"customGraphs":[],"default":{"data":{"Article":[],"Course":[],"Dataset":[],"FAQPage":[],"Movie":[],"Person":[],"Product":[],"ProductReview":[],"Car":[],"Recipe":[],"Service":[],"SoftwareApplication":[],"WebPage":[]},"graphName":"","isEnabled":true},"graphs":[],"defaultGraph":"","defaultPostTypeGraph":""},"schema_type":null,"schema_type_options":null,"pillar_content":false,"robots_default":true,"robots_noindex":false,"robots_noarchive":false,"robots_nosnippet":false,"robots_nofollow":false,"robots_noimageindex":false,"robots_noodp":false,"robots_notranslate":false,"robots_max_snippet":null,"robots_max_videopreview":null,"robots_max_imagepreview":"large","priority":null,"frequency":null,"local_seo":null,"seo_analyzer_scan_date":"2025-11-30 09:37:13","breadcrumb_settings":null,"limit_modified_date":false,"open_ai":null,"ai":null,"created":"2020-12-21 14:01:30","updated":"2025-11-30 09:37:13"},"aioseo_breadcrumb":"<div class=\"aioseo-breadcrumbs\"><span class=\"aioseo-breadcrumb\">\n\t<a href=\"https:\/\/www.eldigitaldeasturias.com\/noticias\" title=\"Home\">Home<\/a>\n<\/span><span class=\"aioseo-breadcrumb-separator\">\u2013<\/span><span class=\"aioseo-breadcrumb\">\n\t<a href=\"https:\/\/www.eldigitaldeasturias.com\/noticias\/category\/actualidad-asturias\/\" title=\"Actualidad Asturias\">Actualidad Asturias<\/a>\n<\/span><span class=\"aioseo-breadcrumb-separator\">\u2013<\/span><span class=\"aioseo-breadcrumb\">\n\t<a href=\"https:\/\/www.eldigitaldeasturias.com\/noticias\/suatea-afirma-que-los-barracones-de-la-corredoria-son-ilegales\/\" title=\"Suatea afirma que los barracones de La Corredoria \u00abson ilegales\u00bb\">Suatea afirma que los barracones de La Corredoria \u00abson ilegales\u00bb<\/a>\n<\/span><\/div>","aioseo_breadcrumb_json":[{"label":"Home","link":"https:\/\/www.eldigitaldeasturias.com\/noticias"},{"label":"Actualidad Asturias","link":"https:\/\/www.eldigitaldeasturias.com\/noticias\/category\/actualidad-asturias\/"},{"label":"Suatea afirma que los barracones de La Corredoria \u00abson ilegales\u00bb","link":"https:\/\/www.eldigitaldeasturias.com\/noticias\/suatea-afirma-que-los-barracones-de-la-corredoria-son-ilegales\/"}],"_links":{"self":[{"href":"https:\/\/www.eldigitaldeasturias.com\/noticias\/wp-json\/wp\/v2\/posts\/906619","targetHints":{"allow":["GET"]}}],"collection":[{"href":"https:\/\/www.eldigitaldeasturias.com\/noticias\/wp-json\/wp\/v2\/posts"}],"about":[{"href":"https:\/\/www.eldigitaldeasturias.com\/noticias\/wp-json\/wp\/v2\/types\/post"}],"author":[{"embeddable":true,"href":"https:\/\/www.eldigitaldeasturias.com\/noticias\/wp-json\/wp\/v2\/users\/1"}],"replies":[{"embeddable":true,"href":"https:\/\/www.eldigitaldeasturias.com\/noticias\/wp-json\/wp\/v2\/comments?post=906619"}],"version-history":[{"count":0,"href":"https:\/\/www.eldigitaldeasturias.com\/noticias\/wp-json\/wp\/v2\/posts\/906619\/revisions"}],"wp:featuredmedia":[{"embeddable":true,"href":"https:\/\/www.eldigitaldeasturias.com\/noticias\/wp-json\/wp\/v2\/media\/780728"}],"wp:attachment":[{"href":"https:\/\/www.eldigitaldeasturias.com\/noticias\/wp-json\/wp\/v2\/media?parent=906619"}],"wp:term":[{"taxonomy":"category","embeddable":true,"href":"https:\/\/www.eldigitaldeasturias.com\/noticias\/wp-json\/wp\/v2\/categories?post=906619"},{"taxonomy":"post_tag","embeddable":true,"href":"https:\/\/www.eldigitaldeasturias.com\/noticias\/wp-json\/wp\/v2\/tags?post=906619"}],"curies":[{"name":"wp","href":"https:\/\/api.w.org\/{rel}","templated":true}]}}