{"id":906617,"date":"2016-09-09T18:33:37","date_gmt":"2016-09-09T17:33:37","guid":{"rendered":"http:\/\/www.eldigitaldeasturias.com\/noticias\/?p=906617"},"modified":"2016-09-09T18:33:37","modified_gmt":"2016-09-09T17:33:37","slug":"le-piden-tres-meses-de-prision-abusar-sexualmente-de-una-mujer-en-oviedo","status":"publish","type":"post","link":"https:\/\/www.eldigitaldeasturias.com\/noticias\/le-piden-tres-meses-de-prision-abusar-sexualmente-de-una-mujer-en-oviedo\/","title":{"rendered":"Le piden tres meses de prisi\u00f3n abusar sexualmente de una mujer en Oviedo"},"content":{"rendered":"<p><img loading=\"lazy\" decoding=\"async\" class=\"alignleft size-medium wp-image-788444\" src=\"https:\/\/www.eldigitaldeasturias.com\/noticias\/wp-content\/uploads\/2015\/06\/juzgados-360x198.jpg\" alt=\"juzgados\" width=\"360\" height=\"198\" srcset=\"https:\/\/www.eldigitaldeasturias.com\/noticias\/wp-content\/uploads\/2015\/06\/juzgados-360x198.jpg 360w, https:\/\/www.eldigitaldeasturias.com\/noticias\/wp-content\/uploads\/2015\/06\/juzgados-480x264.jpg 480w, https:\/\/www.eldigitaldeasturias.com\/noticias\/wp-content\/uploads\/2015\/06\/juzgados-20x11.jpg 20w, https:\/\/www.eldigitaldeasturias.com\/noticias\/wp-content\/uploads\/2015\/06\/juzgados.jpg 655w\" sizes=\"auto, (max-width: 360px) 100vw, 360px\" \/>La Fiscal\u00eda del Principado de Asturias solicita la pena de tres meses de prisi\u00f3n para un hombre con discapacidad ps\u00edquica por abusar sexualmente de una mujer, tambi\u00e9n con discapacidad intelectual, durante un encuentro cultural en Oviedo en 2015.<\/p>\n<p>El Ministerio Fiscal solicita igualmente que se considere al Principado de Asturias responsable civil subsidiario, ya que en el momento de los hechos el acusado resid\u00eda en un centro tutelado dependiente de la consejer\u00eda de Bienestar Social y Vivienda. La vista oral est\u00e1 se\u00f1alada para este lunes, 12 de septiembre de 2016, en el Juzgado de lo Penal n\u00famero 3 de Oviedo, a las 10.00 horas.<\/p>\n<p>El Ministerio Fiscal sostiene que, el fin de semana del 27 de febrero al 1 de marzo de 2015, un grupo de personas con discapacidad, entre las que se encontraban el acusado y la v\u00edctima, acudieron a un encuentro de teatro en Oviedo. Sobre las 23.30 horas del d\u00eda 27, la encargada de la excursi\u00f3n cerr\u00f3 todas las habitaciones en las que pernoctaban las personas de su grupo, entre ellas la que ocupaba la v\u00edctima junto a una compa\u00f1era.<\/p>\n<p>Poco despu\u00e9s, el acusado llam\u00f3 a su puerta, entr\u00f3 y, pese a la oposici\u00f3n expresa de la v\u00edctima, se meti\u00f3 con ella en la cama y le realiz\u00f3 tocamientos. Seguidamente, tras pedirle que no le delatara, le dio un beso en la cara y abandon\u00f3 la habitaci\u00f3n.<\/p>\n<p>La mujer, de 34 a\u00f1os en el momento de ocurrir los hechos, tiene una discapacidad intelectual y est\u00e1 legalmente incapacitada, ostentando sus padres la patria potestad prorrogada. El acusado presenta un retraso mental ligero-moderado (con un grado de minusval\u00eda del 72%) que hace que, aunque comprenda lo que est\u00e1 bien o mal, no tenga mecanismos suficientes para controlar sus impulsos, teniendo en consecuencia sus capacidades volitivas e intelectivas disminuidas de forma importante.<\/p>\n<p>La Fiscal\u00eda considera que los hechos son constitutivos de un delito de abuso sexual, con la circunstancia atenuante de alteraci\u00f3n ps\u00edquica, y solicita que se condene al acusado a 3 meses de prisi\u00f3n, inhabilitaci\u00f3n especial para el derecho de sufragio pasivo durante el tiempo de la condena, prohibici\u00f3n de acercarse a la mujer, a su domicilio y otros lugares frecuentados por ella a una distancia inferior a 500 metros, as\u00ed como comunicarse con ella por cualquier medio, todo ello durante 2 a\u00f1os, abono de las costas procesales y pago de una indemnizaci\u00f3n a la v\u00edctima de 1.000 euros por da\u00f1os morales, con responsabilidad civil subsidiaria del Principado de Asturias.<\/p>\n<p>&nbsp;<\/p>\n<p>&nbsp;<\/p>\n","protected":false},"excerpt":{"rendered":"<p>La Fiscal\u00eda del Principado de Asturias solicita la pena de tres meses de prisi\u00f3n para un hombre con discapacidad ps\u00edquica por abusar sexualmente de una mujer, tambi\u00e9n con discapacidad intelectual, durante un encuentro cultural en Oviedo en 2015. El Ministerio Fiscal solicita igualmente que se considere al Principado de Asturias responsable civil subsidiario, ya que [&hellip;]<\/p>\n","protected":false},"author":1,"featured_media":788444,"comment_status":"closed","ping_status":"closed","sticky":false,"template":"","format":"standard","meta":{"footnotes":""},"categories":[5],"tags":[],"class_list":["post-906617","post","type-post","status-publish","format-standard","has-post-thumbnail","hentry","category-sucesos"],"aioseo_notices":[],"aioseo_head":"\n\t\t<!-- All in One SEO Pro 4.9.6.2 - aioseo.com -->\n\t<meta name=\"description\" content=\"La Fiscal\u00eda del Principado de Asturias solicita la pena de tres meses de prisi\u00f3n para un hombre con discapacidad ps\u00edquica por abusar sexualmente de una mujer, tambi\u00e9n con discapacidad intelectual, durante un encuentro cultural en Oviedo en 2015. El Ministerio Fiscal solicita igualmente que se considere al Principado de Asturias responsable civil subsidiario, ya que\" \/>\n\t<meta name=\"robots\" content=\"max-image-preview:large\" \/>\n\t<meta name=\"author\" content=\"El Digital de Asturias\"\/>\n\t<meta name=\"google-site-verification\" content=\"UA-38556648-1\" \/>\n\t<meta name=\"msvalidate.01\" content=\"7dfe9f3f1b24437ab69f4f2559babe99\" \/>\n\t<meta name=\"keywords\" content=\"sucesos\" \/>\n\t<link rel=\"canonical\" href=\"https:\/\/www.eldigitaldeasturias.com\/noticias\/le-piden-tres-meses-de-prision-abusar-sexualmente-de-una-mujer-en-oviedo\/\" \/>\n\t<meta name=\"generator\" content=\"All in One SEO Pro (AIOSEO) 4.9.6.2\" \/>\n\t\t<meta property=\"og:locale\" content=\"es_ES\" \/>\n\t\t<meta property=\"og:site_name\" content=\"El Digital de Asturias\" \/>\n\t\t<meta property=\"og:type\" content=\"article\" \/>\n\t\t<meta property=\"og:title\" content=\"Le piden tres meses de prisi\u00f3n abusar sexualmente de una mujer en Oviedo - El Digital de Asturias\" \/>\n\t\t<meta property=\"og:description\" content=\"La Fiscal\u00eda del Principado de Asturias solicita la pena de tres meses de prisi\u00f3n para un hombre con discapacidad ps\u00edquica por abusar sexualmente de una mujer, tambi\u00e9n con discapacidad intelectual, durante un encuentro cultural en Oviedo en 2015. El Ministerio Fiscal solicita igualmente que se considere al Principado de Asturias responsable civil subsidiario, ya que\" \/>\n\t\t<meta property=\"og:url\" content=\"https:\/\/www.eldigitaldeasturias.com\/noticias\/le-piden-tres-meses-de-prision-abusar-sexualmente-de-una-mujer-en-oviedo\/\" \/>\n\t\t<meta property=\"og:image\" content=\"https:\/\/www.eldigitaldeasturias.com\/noticias\/wp-content\/uploads\/2015\/06\/juzgados.jpg\" \/>\n\t\t<meta property=\"og:image:secure_url\" content=\"https:\/\/www.eldigitaldeasturias.com\/noticias\/wp-content\/uploads\/2015\/06\/juzgados.jpg\" \/>\n\t\t<meta property=\"og:image:width\" content=\"655\" \/>\n\t\t<meta property=\"og:image:height\" content=\"360\" \/>\n\t\t<meta property=\"article:tag\" content=\"sucesos\" \/>\n\t\t<meta property=\"article:published_time\" content=\"2016-09-09T17:33:37+00:00\" \/>\n\t\t<meta property=\"article:modified_time\" content=\"2016-09-09T17:33:37+00:00\" \/>\n\t\t<meta property=\"article:publisher\" content=\"https:\/\/facebook.com\/eldigitaldeasturias\" \/>\n\t\t<meta name=\"twitter:card\" content=\"summary_large_image\" \/>\n\t\t<meta name=\"twitter:title\" content=\"Le piden tres meses de prisi\u00f3n abusar sexualmente de una mujer en Oviedo - El Digital de Asturias\" \/>\n\t\t<meta name=\"twitter:description\" content=\"La Fiscal\u00eda del Principado de Asturias solicita la pena de tres meses de prisi\u00f3n para un hombre con discapacidad ps\u00edquica por abusar sexualmente de una mujer, tambi\u00e9n con discapacidad intelectual, durante un encuentro cultural en Oviedo en 2015. El Ministerio Fiscal solicita igualmente que se considere al Principado de Asturias responsable civil subsidiario, ya que\" \/>\n\t\t<meta name=\"twitter:image\" content=\"https:\/\/www.eldigitaldeasturias.com\/noticias\/wp-content\/uploads\/2015\/06\/juzgados.jpg\" \/>\n\t\t<meta name=\"twitter:label1\" content=\"Escrito por\" \/>\n\t\t<meta name=\"twitter:data1\" content=\"El Digital de Asturias\" \/>\n\t\t<meta name=\"twitter:label2\" content=\"Tiempo de lectura estimado\" \/>\n\t\t<meta name=\"twitter:data2\" content=\"2 minutos\" \/>\n\t\t<script type=\"application\/ld+json\" class=\"aioseo-schema\">\n\t\t\t{\"@context\":\"https:\\\/\\\/schema.org\",\"@graph\":[{\"@type\":\"BlogPosting\",\"@id\":\"https:\\\/\\\/www.eldigitaldeasturias.com\\\/noticias\\\/le-piden-tres-meses-de-prision-abusar-sexualmente-de-una-mujer-en-oviedo\\\/#blogposting\",\"name\":\"Le piden tres meses de prisi\\u00f3n abusar sexualmente de una mujer en Oviedo - El Digital de Asturias\",\"headline\":\"Le piden tres meses de prisi\\u00f3n abusar sexualmente de una mujer en Oviedo\",\"author\":{\"@id\":\"https:\\\/\\\/www.eldigitaldeasturias.com\\\/noticias\\\/author\\\/admin\\\/#author\"},\"publisher\":{\"@id\":\"https:\\\/\\\/www.eldigitaldeasturias.com\\\/noticias\\\/#organization\"},\"image\":{\"@type\":\"ImageObject\",\"url\":\"https:\\\/\\\/www.eldigitaldeasturias.com\\\/noticias\\\/wp-content\\\/uploads\\\/2015\\\/06\\\/juzgados.jpg\",\"width\":655,\"height\":360},\"datePublished\":\"2016-09-09T18:33:37+02:00\",\"dateModified\":\"2016-09-09T18:33:37+02:00\",\"inLanguage\":\"es-ES\",\"mainEntityOfPage\":{\"@id\":\"https:\\\/\\\/www.eldigitaldeasturias.com\\\/noticias\\\/le-piden-tres-meses-de-prision-abusar-sexualmente-de-una-mujer-en-oviedo\\\/#webpage\"},\"isPartOf\":{\"@id\":\"https:\\\/\\\/www.eldigitaldeasturias.com\\\/noticias\\\/le-piden-tres-meses-de-prision-abusar-sexualmente-de-una-mujer-en-oviedo\\\/#webpage\"},\"articleSection\":\"Sucesos\"},{\"@type\":\"BreadcrumbList\",\"@id\":\"https:\\\/\\\/www.eldigitaldeasturias.com\\\/noticias\\\/le-piden-tres-meses-de-prision-abusar-sexualmente-de-una-mujer-en-oviedo\\\/#breadcrumblist\",\"itemListElement\":[{\"@type\":\"ListItem\",\"@id\":\"https:\\\/\\\/www.eldigitaldeasturias.com\\\/noticias#listItem\",\"position\":1,\"name\":\"Home\",\"item\":\"https:\\\/\\\/www.eldigitaldeasturias.com\\\/noticias\",\"nextItem\":{\"@type\":\"ListItem\",\"@id\":\"https:\\\/\\\/www.eldigitaldeasturias.com\\\/noticias\\\/category\\\/sucesos\\\/#listItem\",\"name\":\"Sucesos\"}},{\"@type\":\"ListItem\",\"@id\":\"https:\\\/\\\/www.eldigitaldeasturias.com\\\/noticias\\\/category\\\/sucesos\\\/#listItem\",\"position\":2,\"name\":\"Sucesos\",\"item\":\"https:\\\/\\\/www.eldigitaldeasturias.com\\\/noticias\\\/category\\\/sucesos\\\/\",\"nextItem\":{\"@type\":\"ListItem\",\"@id\":\"https:\\\/\\\/www.eldigitaldeasturias.com\\\/noticias\\\/le-piden-tres-meses-de-prision-abusar-sexualmente-de-una-mujer-en-oviedo\\\/#listItem\",\"name\":\"Le piden tres meses de prisi\\u00f3n abusar sexualmente de una mujer en Oviedo\"},\"previousItem\":{\"@type\":\"ListItem\",\"@id\":\"https:\\\/\\\/www.eldigitaldeasturias.com\\\/noticias#listItem\",\"name\":\"Home\"}},{\"@type\":\"ListItem\",\"@id\":\"https:\\\/\\\/www.eldigitaldeasturias.com\\\/noticias\\\/le-piden-tres-meses-de-prision-abusar-sexualmente-de-una-mujer-en-oviedo\\\/#listItem\",\"position\":3,\"name\":\"Le piden tres meses de prisi\\u00f3n abusar sexualmente de una mujer en Oviedo\",\"previousItem\":{\"@type\":\"ListItem\",\"@id\":\"https:\\\/\\\/www.eldigitaldeasturias.com\\\/noticias\\\/category\\\/sucesos\\\/#listItem\",\"name\":\"Sucesos\"}}]},{\"@type\":\"Organization\",\"@id\":\"https:\\\/\\\/www.eldigitaldeasturias.com\\\/noticias\\\/#organization\",\"name\":\"El Digital de Asturias\",\"description\":\"Hemeroteca\",\"url\":\"https:\\\/\\\/www.eldigitaldeasturias.com\\\/noticias\\\/\",\"email\":\"info@eldigitaldeasturias.com\",\"telephone\":\"+34652131393\",\"logo\":{\"@type\":\"ImageObject\",\"url\":\"https:\\\/\\\/www.eldigitaldeasturias.com\\\/noticias\\\/wp-content\\\/uploads\\\/2020\\\/12\\\/EDA.jpg\",\"@id\":\"https:\\\/\\\/www.eldigitaldeasturias.com\\\/noticias\\\/le-piden-tres-meses-de-prision-abusar-sexualmente-de-una-mujer-en-oviedo\\\/#organizationLogo\",\"width\":649,\"height\":297},\"image\":{\"@id\":\"https:\\\/\\\/www.eldigitaldeasturias.com\\\/noticias\\\/le-piden-tres-meses-de-prision-abusar-sexualmente-de-una-mujer-en-oviedo\\\/#organizationLogo\"},\"sameAs\":[\"https:\\\/\\\/facebook.com\\\/eldigitaldeasturias\",\"https:\\\/\\\/www.youtube.com\\\/channel\\\/UCZP-2wLEB9Rv6erhFmqVnvg\"],\"address\":{\"@id\":\"https:\\\/\\\/www.eldigitaldeasturias.com\\\/noticias\\\/#postaladdress\",\"@type\":\"PostalAddress\",\"streetAddress\":\"san antonio 4,\",\"postalCode\":\"33430\",\"addressLocality\":\"Cand\\u00e1s\",\"addressRegion\":\"Asturias\",\"addressCountry\":\"ES\"}},{\"@type\":\"Person\",\"@id\":\"https:\\\/\\\/www.eldigitaldeasturias.com\\\/noticias\\\/author\\\/admin\\\/#author\",\"url\":\"https:\\\/\\\/www.eldigitaldeasturias.com\\\/noticias\\\/author\\\/admin\\\/\",\"name\":\"El Digital de Asturias\",\"image\":{\"@type\":\"ImageObject\",\"@id\":\"https:\\\/\\\/www.eldigitaldeasturias.com\\\/noticias\\\/le-piden-tres-meses-de-prision-abusar-sexualmente-de-una-mujer-en-oviedo\\\/#authorImage\",\"url\":\"https:\\\/\\\/www.eldigitaldeasturias.com\\\/noticias\\\/wp-content\\\/litespeed\\\/avatar\\\/18677e78aa0546b92d9dbf31ec7d7668.jpg?ver=1776685526\",\"width\":96,\"height\":96,\"caption\":\"El Digital de Asturias\"}},{\"@type\":\"WebPage\",\"@id\":\"https:\\\/\\\/www.eldigitaldeasturias.com\\\/noticias\\\/le-piden-tres-meses-de-prision-abusar-sexualmente-de-una-mujer-en-oviedo\\\/#webpage\",\"url\":\"https:\\\/\\\/www.eldigitaldeasturias.com\\\/noticias\\\/le-piden-tres-meses-de-prision-abusar-sexualmente-de-una-mujer-en-oviedo\\\/\",\"name\":\"Le piden tres meses de prisi\\u00f3n abusar sexualmente de una mujer en Oviedo - El Digital de Asturias\",\"description\":\"La Fiscal\\u00eda del Principado de Asturias solicita la pena de tres meses de prisi\\u00f3n para un hombre con discapacidad ps\\u00edquica por abusar sexualmente de una mujer, tambi\\u00e9n con discapacidad intelectual, durante un encuentro cultural en Oviedo en 2015. El Ministerio Fiscal solicita igualmente que se considere al Principado de Asturias responsable civil subsidiario, ya que\",\"inLanguage\":\"es-ES\",\"isPartOf\":{\"@id\":\"https:\\\/\\\/www.eldigitaldeasturias.com\\\/noticias\\\/#website\"},\"breadcrumb\":{\"@id\":\"https:\\\/\\\/www.eldigitaldeasturias.com\\\/noticias\\\/le-piden-tres-meses-de-prision-abusar-sexualmente-de-una-mujer-en-oviedo\\\/#breadcrumblist\"},\"author\":{\"@id\":\"https:\\\/\\\/www.eldigitaldeasturias.com\\\/noticias\\\/author\\\/admin\\\/#author\"},\"creator\":{\"@id\":\"https:\\\/\\\/www.eldigitaldeasturias.com\\\/noticias\\\/author\\\/admin\\\/#author\"},\"image\":{\"@type\":\"ImageObject\",\"url\":\"https:\\\/\\\/www.eldigitaldeasturias.com\\\/noticias\\\/wp-content\\\/uploads\\\/2015\\\/06\\\/juzgados.jpg\",\"@id\":\"https:\\\/\\\/www.eldigitaldeasturias.com\\\/noticias\\\/le-piden-tres-meses-de-prision-abusar-sexualmente-de-una-mujer-en-oviedo\\\/#mainImage\",\"width\":655,\"height\":360},\"primaryImageOfPage\":{\"@id\":\"https:\\\/\\\/www.eldigitaldeasturias.com\\\/noticias\\\/le-piden-tres-meses-de-prision-abusar-sexualmente-de-una-mujer-en-oviedo\\\/#mainImage\"},\"datePublished\":\"2016-09-09T18:33:37+02:00\",\"dateModified\":\"2016-09-09T18:33:37+02:00\"},{\"@type\":\"WebSite\",\"@id\":\"https:\\\/\\\/www.eldigitaldeasturias.com\\\/noticias\\\/#website\",\"url\":\"https:\\\/\\\/www.eldigitaldeasturias.com\\\/noticias\\\/\",\"name\":\"El Digital de Asturias - Diario de actualidad y noticias\",\"alternateName\":\"El Digital de Asturias - Diario de actualidad y noticias\",\"description\":\"Hemeroteca\",\"inLanguage\":\"es-ES\",\"publisher\":{\"@id\":\"https:\\\/\\\/www.eldigitaldeasturias.com\\\/noticias\\\/#organization\"}}]}\n\t\t<\/script>\n\t\t<!-- All in One SEO Pro -->\r\n\t\t<title>Le piden tres meses de prisi\u00f3n abusar sexualmente de una mujer en Oviedo - El Digital de Asturias<\/title>\n\n","aioseo_head_json":{"title":"Le piden tres meses de prisi\u00f3n abusar sexualmente de una mujer en Oviedo - El Digital de Asturias","description":"La Fiscal\u00eda del Principado de Asturias solicita la pena de tres meses de prisi\u00f3n para un hombre con discapacidad ps\u00edquica por abusar sexualmente de una mujer, tambi\u00e9n con discapacidad intelectual, durante un encuentro cultural en Oviedo en 2015. El Ministerio Fiscal solicita igualmente que se considere al Principado de Asturias responsable civil subsidiario, ya que","canonical_url":"https:\/\/www.eldigitaldeasturias.com\/noticias\/le-piden-tres-meses-de-prision-abusar-sexualmente-de-una-mujer-en-oviedo\/","robots":"max-image-preview:large","keywords":"sucesos","webmasterTools":{"google-site-verification":"UA-38556648-1","msvalidate.01":"7dfe9f3f1b24437ab69f4f2559babe99","miscellaneous":""},"schema":{"@context":"https:\/\/schema.org","@graph":[{"@type":"BlogPosting","@id":"https:\/\/www.eldigitaldeasturias.com\/noticias\/le-piden-tres-meses-de-prision-abusar-sexualmente-de-una-mujer-en-oviedo\/#blogposting","name":"Le piden tres meses de prisi\u00f3n abusar sexualmente de una mujer en Oviedo - El Digital de Asturias","headline":"Le piden tres meses de prisi\u00f3n abusar sexualmente de una mujer en Oviedo","author":{"@id":"https:\/\/www.eldigitaldeasturias.com\/noticias\/author\/admin\/#author"},"publisher":{"@id":"https:\/\/www.eldigitaldeasturias.com\/noticias\/#organization"},"image":{"@type":"ImageObject","url":"https:\/\/www.eldigitaldeasturias.com\/noticias\/wp-content\/uploads\/2015\/06\/juzgados.jpg","width":655,"height":360},"datePublished":"2016-09-09T18:33:37+02:00","dateModified":"2016-09-09T18:33:37+02:00","inLanguage":"es-ES","mainEntityOfPage":{"@id":"https:\/\/www.eldigitaldeasturias.com\/noticias\/le-piden-tres-meses-de-prision-abusar-sexualmente-de-una-mujer-en-oviedo\/#webpage"},"isPartOf":{"@id":"https:\/\/www.eldigitaldeasturias.com\/noticias\/le-piden-tres-meses-de-prision-abusar-sexualmente-de-una-mujer-en-oviedo\/#webpage"},"articleSection":"Sucesos"},{"@type":"BreadcrumbList","@id":"https:\/\/www.eldigitaldeasturias.com\/noticias\/le-piden-tres-meses-de-prision-abusar-sexualmente-de-una-mujer-en-oviedo\/#breadcrumblist","itemListElement":[{"@type":"ListItem","@id":"https:\/\/www.eldigitaldeasturias.com\/noticias#listItem","position":1,"name":"Home","item":"https:\/\/www.eldigitaldeasturias.com\/noticias","nextItem":{"@type":"ListItem","@id":"https:\/\/www.eldigitaldeasturias.com\/noticias\/category\/sucesos\/#listItem","name":"Sucesos"}},{"@type":"ListItem","@id":"https:\/\/www.eldigitaldeasturias.com\/noticias\/category\/sucesos\/#listItem","position":2,"name":"Sucesos","item":"https:\/\/www.eldigitaldeasturias.com\/noticias\/category\/sucesos\/","nextItem":{"@type":"ListItem","@id":"https:\/\/www.eldigitaldeasturias.com\/noticias\/le-piden-tres-meses-de-prision-abusar-sexualmente-de-una-mujer-en-oviedo\/#listItem","name":"Le piden tres meses de prisi\u00f3n abusar sexualmente de una mujer en Oviedo"},"previousItem":{"@type":"ListItem","@id":"https:\/\/www.eldigitaldeasturias.com\/noticias#listItem","name":"Home"}},{"@type":"ListItem","@id":"https:\/\/www.eldigitaldeasturias.com\/noticias\/le-piden-tres-meses-de-prision-abusar-sexualmente-de-una-mujer-en-oviedo\/#listItem","position":3,"name":"Le piden tres meses de prisi\u00f3n abusar sexualmente de una mujer en Oviedo","previousItem":{"@type":"ListItem","@id":"https:\/\/www.eldigitaldeasturias.com\/noticias\/category\/sucesos\/#listItem","name":"Sucesos"}}]},{"@type":"Organization","@id":"https:\/\/www.eldigitaldeasturias.com\/noticias\/#organization","name":"El Digital de Asturias","description":"Hemeroteca","url":"https:\/\/www.eldigitaldeasturias.com\/noticias\/","email":"info@eldigitaldeasturias.com","telephone":"+34652131393","logo":{"@type":"ImageObject","url":"https:\/\/www.eldigitaldeasturias.com\/noticias\/wp-content\/uploads\/2020\/12\/EDA.jpg","@id":"https:\/\/www.eldigitaldeasturias.com\/noticias\/le-piden-tres-meses-de-prision-abusar-sexualmente-de-una-mujer-en-oviedo\/#organizationLogo","width":649,"height":297},"image":{"@id":"https:\/\/www.eldigitaldeasturias.com\/noticias\/le-piden-tres-meses-de-prision-abusar-sexualmente-de-una-mujer-en-oviedo\/#organizationLogo"},"sameAs":["https:\/\/facebook.com\/eldigitaldeasturias","https:\/\/www.youtube.com\/channel\/UCZP-2wLEB9Rv6erhFmqVnvg"],"address":{"@id":"https:\/\/www.eldigitaldeasturias.com\/noticias\/#postaladdress","@type":"PostalAddress","streetAddress":"san antonio 4,","postalCode":"33430","addressLocality":"Cand\u00e1s","addressRegion":"Asturias","addressCountry":"ES"}},{"@type":"Person","@id":"https:\/\/www.eldigitaldeasturias.com\/noticias\/author\/admin\/#author","url":"https:\/\/www.eldigitaldeasturias.com\/noticias\/author\/admin\/","name":"El Digital de Asturias","image":{"@type":"ImageObject","@id":"https:\/\/www.eldigitaldeasturias.com\/noticias\/le-piden-tres-meses-de-prision-abusar-sexualmente-de-una-mujer-en-oviedo\/#authorImage","url":"https:\/\/www.eldigitaldeasturias.com\/noticias\/wp-content\/litespeed\/avatar\/18677e78aa0546b92d9dbf31ec7d7668.jpg?ver=1776685526","width":96,"height":96,"caption":"El Digital de Asturias"}},{"@type":"WebPage","@id":"https:\/\/www.eldigitaldeasturias.com\/noticias\/le-piden-tres-meses-de-prision-abusar-sexualmente-de-una-mujer-en-oviedo\/#webpage","url":"https:\/\/www.eldigitaldeasturias.com\/noticias\/le-piden-tres-meses-de-prision-abusar-sexualmente-de-una-mujer-en-oviedo\/","name":"Le piden tres meses de prisi\u00f3n abusar sexualmente de una mujer en Oviedo - El Digital de Asturias","description":"La Fiscal\u00eda del Principado de Asturias solicita la pena de tres meses de prisi\u00f3n para un hombre con discapacidad ps\u00edquica por abusar sexualmente de una mujer, tambi\u00e9n con discapacidad intelectual, durante un encuentro cultural en Oviedo en 2015. El Ministerio Fiscal solicita igualmente que se considere al Principado de Asturias responsable civil subsidiario, ya que","inLanguage":"es-ES","isPartOf":{"@id":"https:\/\/www.eldigitaldeasturias.com\/noticias\/#website"},"breadcrumb":{"@id":"https:\/\/www.eldigitaldeasturias.com\/noticias\/le-piden-tres-meses-de-prision-abusar-sexualmente-de-una-mujer-en-oviedo\/#breadcrumblist"},"author":{"@id":"https:\/\/www.eldigitaldeasturias.com\/noticias\/author\/admin\/#author"},"creator":{"@id":"https:\/\/www.eldigitaldeasturias.com\/noticias\/author\/admin\/#author"},"image":{"@type":"ImageObject","url":"https:\/\/www.eldigitaldeasturias.com\/noticias\/wp-content\/uploads\/2015\/06\/juzgados.jpg","@id":"https:\/\/www.eldigitaldeasturias.com\/noticias\/le-piden-tres-meses-de-prision-abusar-sexualmente-de-una-mujer-en-oviedo\/#mainImage","width":655,"height":360},"primaryImageOfPage":{"@id":"https:\/\/www.eldigitaldeasturias.com\/noticias\/le-piden-tres-meses-de-prision-abusar-sexualmente-de-una-mujer-en-oviedo\/#mainImage"},"datePublished":"2016-09-09T18:33:37+02:00","dateModified":"2016-09-09T18:33:37+02:00"},{"@type":"WebSite","@id":"https:\/\/www.eldigitaldeasturias.com\/noticias\/#website","url":"https:\/\/www.eldigitaldeasturias.com\/noticias\/","name":"El Digital de Asturias - Diario de actualidad y noticias","alternateName":"El Digital de Asturias - Diario de actualidad y noticias","description":"Hemeroteca","inLanguage":"es-ES","publisher":{"@id":"https:\/\/www.eldigitaldeasturias.com\/noticias\/#organization"}}]},"og:locale":"es_ES","og:site_name":"El Digital de Asturias","og:type":"article","og:title":"Le piden tres meses de prisi\u00f3n abusar sexualmente de una mujer en Oviedo - El Digital de Asturias","og:description":"La Fiscal\u00eda del Principado de Asturias solicita la pena de tres meses de prisi\u00f3n para un hombre con discapacidad ps\u00edquica por abusar sexualmente de una mujer, tambi\u00e9n con discapacidad intelectual, durante un encuentro cultural en Oviedo en 2015. El Ministerio Fiscal solicita igualmente que se considere al Principado de Asturias responsable civil subsidiario, ya que","og:url":"https:\/\/www.eldigitaldeasturias.com\/noticias\/le-piden-tres-meses-de-prision-abusar-sexualmente-de-una-mujer-en-oviedo\/","og:image":"https:\/\/www.eldigitaldeasturias.com\/noticias\/wp-content\/uploads\/2015\/06\/juzgados.jpg","og:image:secure_url":"https:\/\/www.eldigitaldeasturias.com\/noticias\/wp-content\/uploads\/2015\/06\/juzgados.jpg","og:image:width":655,"og:image:height":360,"article:tag":["sucesos"],"article:published_time":"2016-09-09T17:33:37+00:00","article:modified_time":"2016-09-09T17:33:37+00:00","article:publisher":"https:\/\/facebook.com\/eldigitaldeasturias","twitter:card":"summary_large_image","twitter:title":"Le piden tres meses de prisi\u00f3n abusar sexualmente de una mujer en Oviedo - El Digital de Asturias","twitter:description":"La Fiscal\u00eda del Principado de Asturias solicita la pena de tres meses de prisi\u00f3n para un hombre con discapacidad ps\u00edquica por abusar sexualmente de una mujer, tambi\u00e9n con discapacidad intelectual, durante un encuentro cultural en Oviedo en 2015. El Ministerio Fiscal solicita igualmente que se considere al Principado de Asturias responsable civil subsidiario, ya que","twitter:image":"https:\/\/www.eldigitaldeasturias.com\/noticias\/wp-content\/uploads\/2015\/06\/juzgados.jpg","twitter:label1":"Escrito por","twitter:data1":"El Digital de Asturias","twitter:label2":"Tiempo de lectura estimado","twitter:data2":"2 minutos"},"aioseo_meta_data":{"post_id":"906617","title":null,"description":null,"keywords":null,"keyphrases":null,"primary_term":null,"canonical_url":null,"og_title":null,"og_description":null,"og_object_type":"default","og_image_type":"default","og_image_url":null,"og_image_width":null,"og_image_height":null,"og_image_custom_url":null,"og_image_custom_fields":null,"og_video":null,"og_custom_url":null,"og_article_section":null,"og_article_tags":null,"twitter_use_og":false,"twitter_card":"default","twitter_image_type":"default","twitter_image_url":null,"twitter_image_custom_url":null,"twitter_image_custom_fields":null,"twitter_title":null,"twitter_description":null,"schema":{"blockGraphs":[],"customGraphs":[],"default":{"data":{"Article":[],"Course":[],"Dataset":[],"FAQPage":[],"Movie":[],"Person":[],"Product":[],"ProductReview":[],"Car":[],"Recipe":[],"Service":[],"SoftwareApplication":[],"WebPage":[]},"graphName":"","isEnabled":true},"graphs":[],"defaultGraph":"","defaultPostTypeGraph":""},"schema_type":null,"schema_type_options":null,"pillar_content":false,"robots_default":true,"robots_noindex":false,"robots_noarchive":false,"robots_nosnippet":false,"robots_nofollow":false,"robots_noimageindex":false,"robots_noodp":false,"robots_notranslate":false,"robots_max_snippet":null,"robots_max_videopreview":null,"robots_max_imagepreview":"large","priority":null,"frequency":null,"local_seo":null,"seo_analyzer_scan_date":"2025-11-30 09:37:12","breadcrumb_settings":null,"limit_modified_date":false,"open_ai":null,"ai":null,"created":"2020-12-21 14:01:30","updated":"2025-11-30 09:37:12"},"aioseo_breadcrumb":"<div class=\"aioseo-breadcrumbs\"><span class=\"aioseo-breadcrumb\">\n\t<a href=\"https:\/\/www.eldigitaldeasturias.com\/noticias\" title=\"Home\">Home<\/a>\n<\/span><span class=\"aioseo-breadcrumb-separator\">\u2013<\/span><span class=\"aioseo-breadcrumb\">\n\t<a href=\"https:\/\/www.eldigitaldeasturias.com\/noticias\/category\/sucesos\/\" title=\"Sucesos\">Sucesos<\/a>\n<\/span><span class=\"aioseo-breadcrumb-separator\">\u2013<\/span><span class=\"aioseo-breadcrumb\">\n\t<a href=\"https:\/\/www.eldigitaldeasturias.com\/noticias\/le-piden-tres-meses-de-prision-abusar-sexualmente-de-una-mujer-en-oviedo\/\" title=\"Le piden tres meses de prisi\u00f3n abusar sexualmente de una mujer en Oviedo\">Le piden tres meses de prisi\u00f3n abusar sexualmente de una mujer en Oviedo<\/a>\n<\/span><\/div>","aioseo_breadcrumb_json":[{"label":"Home","link":"https:\/\/www.eldigitaldeasturias.com\/noticias"},{"label":"Sucesos","link":"https:\/\/www.eldigitaldeasturias.com\/noticias\/category\/sucesos\/"},{"label":"Le piden tres meses de prisi\u00f3n abusar sexualmente de una mujer en Oviedo","link":"https:\/\/www.eldigitaldeasturias.com\/noticias\/le-piden-tres-meses-de-prision-abusar-sexualmente-de-una-mujer-en-oviedo\/"}],"_links":{"self":[{"href":"https:\/\/www.eldigitaldeasturias.com\/noticias\/wp-json\/wp\/v2\/posts\/906617","targetHints":{"allow":["GET"]}}],"collection":[{"href":"https:\/\/www.eldigitaldeasturias.com\/noticias\/wp-json\/wp\/v2\/posts"}],"about":[{"href":"https:\/\/www.eldigitaldeasturias.com\/noticias\/wp-json\/wp\/v2\/types\/post"}],"author":[{"embeddable":true,"href":"https:\/\/www.eldigitaldeasturias.com\/noticias\/wp-json\/wp\/v2\/users\/1"}],"replies":[{"embeddable":true,"href":"https:\/\/www.eldigitaldeasturias.com\/noticias\/wp-json\/wp\/v2\/comments?post=906617"}],"version-history":[{"count":0,"href":"https:\/\/www.eldigitaldeasturias.com\/noticias\/wp-json\/wp\/v2\/posts\/906617\/revisions"}],"wp:featuredmedia":[{"embeddable":true,"href":"https:\/\/www.eldigitaldeasturias.com\/noticias\/wp-json\/wp\/v2\/media\/788444"}],"wp:attachment":[{"href":"https:\/\/www.eldigitaldeasturias.com\/noticias\/wp-json\/wp\/v2\/media?parent=906617"}],"wp:term":[{"taxonomy":"category","embeddable":true,"href":"https:\/\/www.eldigitaldeasturias.com\/noticias\/wp-json\/wp\/v2\/categories?post=906617"},{"taxonomy":"post_tag","embeddable":true,"href":"https:\/\/www.eldigitaldeasturias.com\/noticias\/wp-json\/wp\/v2\/tags?post=906617"}],"curies":[{"name":"wp","href":"https:\/\/api.w.org\/{rel}","templated":true}]}}