{"id":906615,"date":"2016-09-09T18:30:51","date_gmt":"2016-09-09T17:30:51","guid":{"rendered":"http:\/\/www.eldigitaldeasturias.com\/noticias\/?p=906615"},"modified":"2016-09-09T18:30:51","modified_gmt":"2016-09-09T17:30:51","slug":"los-reyes-de-espana-felicitan-a-la-comarca-de-los-oscos","status":"publish","type":"post","link":"https:\/\/www.eldigitaldeasturias.com\/noticias\/los-reyes-de-espana-felicitan-a-la-comarca-de-los-oscos\/","title":{"rendered":"Los Reyes de Espa\u00f1a felicitan a la Comarca de Los Oscos"},"content":{"rendered":"<p><img loading=\"lazy\" decoding=\"async\" class=\"alignleft size-medium wp-image-906288\" src=\"https:\/\/www.eldigitaldeasturias.com\/noticias\/wp-content\/uploads\/2016\/09\/oscos-360x208.jpg\" alt=\"oscos\" width=\"360\" height=\"208\" srcset=\"https:\/\/www.eldigitaldeasturias.com\/noticias\/wp-content\/uploads\/2016\/09\/oscos-360x208.jpg 360w, https:\/\/www.eldigitaldeasturias.com\/noticias\/wp-content\/uploads\/2016\/09\/oscos-650x375.jpg 650w, https:\/\/www.eldigitaldeasturias.com\/noticias\/wp-content\/uploads\/2016\/09\/oscos.jpg 748w\" sizes=\"auto, (max-width: 360px) 100vw, 360px\" \/>Los Reyes han trasladado \u00absu m\u00e1s sincera felicitaci\u00f3n\u00bb a los alcaldes de los concejos asturianos de Santa Eulalia, San Mart\u00edn y Villanueva por la concesi\u00f3n del Premio al Pueblo Ejemplar de Asturias 2016 a la comarca de Los Oscos.<\/p>\n<p>Los monarcas, en nombre de su hija Leonor, Princesa de Asturias y presidenta de honor de la Fundaci\u00f3n del mismo nombre, han remitido un telegrama de felicitaci\u00f3n a los regidores de San Mart\u00edn, Javier Mart\u00ednez; Villanueva, Jos\u00e9 Antonio Gonz\u00e1lez; y Santa Eulalia, Marcos Ni\u00f1o.<\/p>\n<p>En el mensaje, descrito a Europa Press por el alcalde de San Mart\u00edn, los Reyes han resaltado \u00abla equilibrada combinaci\u00f3n de tradici\u00f3n y modernidad\u00bb que la comarca, formada por los tres concejos, ha realizado \u00aba lo largo de las tres \u00faltimas d\u00e9cadas\u00bb con \u00abun plan colectivo que a\u00fana la conservaci\u00f3n de la naturaleza y el patrimonio cultural con el necesario desarrollo econ\u00f3mico\u00bb.<\/p>\n<p>El pasado mi\u00e9rcoles, 7 de septiembre, El jurado ensalz\u00f3 en su fallo que la comarca es \u00abun ejemplo a destacar, especialmente en este tiempo de crisis del medio rural en Asturias\u00bb.<\/p>\n<p>Este galard\u00f3n, convocado por la Fundaci\u00f3n Princesa de Asturias desde 1990 al cumplirse el d\u00e9cimo aniversario, est\u00e1 destinado a reconocer \u00abal pueblo, aldea, n\u00facleo de poblaci\u00f3n, espacio paisaj\u00edstico o grupo humano\u00bb del Principado que \u00abhaya destacado de modo notable en la defensa y conservaci\u00f3n de su entorno natural, ambiental, de su patrimonio hist\u00f3rico, cultural o art\u00edstico, o tambi\u00e9n en la realizaci\u00f3n de obras comunales u otras manifestaciones de solidaridad sobresalientes\u00bb.<\/p>\n<p>Enclavada en un paraje de media monta\u00f1a, la comarca guarda vestigios de haber sido ocupada desde antiguo -numerosos t\u00famulos que dieron paso a la cultura castre\u00f1a- y tiene una personalidad hist\u00f3rica propia acreditada desde la Edad Media, donde ya figura su divisi\u00f3n administrativa reflejada en tres parroquias: San Mart\u00edn, Santa Eulalia y Santa Eufemia. Esta \u00faltima fue el germen del coto de Villanueva, antecedente del actual municipio.<\/p>\n<p>En la actualidad, Los Oscos cuenta con unos 1.370 vecinos repartidos entre los tres concejos, que forman parte de la Reserva de la BiosferaOscos-Eo y Tierras de Bur\u00f3n, declarada por la UNESCO en 2007.<\/p>\n<p>&nbsp;<\/p>\n","protected":false},"excerpt":{"rendered":"<p>Los Reyes han trasladado \u00absu m\u00e1s sincera felicitaci\u00f3n\u00bb a los alcaldes de los concejos asturianos de Santa Eulalia, San Mart\u00edn y Villanueva por la concesi\u00f3n del Premio al Pueblo Ejemplar de Asturias 2016 a la comarca de Los Oscos. Los monarcas, en nombre de su hija Leonor, Princesa de Asturias y presidenta de honor de [&hellip;]<\/p>\n","protected":false},"author":1,"featured_media":906288,"comment_status":"closed","ping_status":"closed","sticky":false,"template":"","format":"standard","meta":{"footnotes":""},"categories":[12],"tags":[],"class_list":["post-906615","post","type-post","status-publish","format-standard","has-post-thumbnail","hentry","category-actualidad-asturias"],"aioseo_notices":[],"aioseo_head":"\n\t\t<!-- All in One SEO Pro 4.9.6.2 - aioseo.com -->\n\t<meta name=\"description\" content=\"Los Reyes han trasladado &quot;su m\u00e1s sincera felicitaci\u00f3n&quot; a los alcaldes de los concejos asturianos de Santa Eulalia, San Mart\u00edn y Villanueva por la concesi\u00f3n del Premio al Pueblo Ejemplar de Asturias 2016 a la comarca de Los Oscos. Los monarcas, en nombre de su hija Leonor, Princesa de Asturias y presidenta de honor de\" \/>\n\t<meta name=\"robots\" content=\"max-image-preview:large\" \/>\n\t<meta name=\"author\" content=\"El Digital de Asturias\"\/>\n\t<meta name=\"google-site-verification\" content=\"UA-38556648-1\" \/>\n\t<meta name=\"msvalidate.01\" content=\"7dfe9f3f1b24437ab69f4f2559babe99\" \/>\n\t<meta name=\"keywords\" content=\"actualidad asturias\" \/>\n\t<link rel=\"canonical\" href=\"https:\/\/www.eldigitaldeasturias.com\/noticias\/los-reyes-de-espana-felicitan-a-la-comarca-de-los-oscos\/\" \/>\n\t<meta name=\"generator\" content=\"All in One SEO Pro (AIOSEO) 4.9.6.2\" \/>\n\t\t<meta property=\"og:locale\" content=\"es_ES\" \/>\n\t\t<meta property=\"og:site_name\" content=\"El Digital de Asturias\" \/>\n\t\t<meta property=\"og:type\" content=\"article\" \/>\n\t\t<meta property=\"og:title\" content=\"Los Reyes de Espa\u00f1a felicitan a la Comarca de Los Oscos - El Digital de Asturias\" \/>\n\t\t<meta property=\"og:description\" content=\"Los Reyes han trasladado &quot;su m\u00e1s sincera felicitaci\u00f3n&quot; a los alcaldes de los concejos asturianos de Santa Eulalia, San Mart\u00edn y Villanueva por la concesi\u00f3n del Premio al Pueblo Ejemplar de Asturias 2016 a la comarca de Los Oscos. Los monarcas, en nombre de su hija Leonor, Princesa de Asturias y presidenta de honor de\" \/>\n\t\t<meta property=\"og:url\" content=\"https:\/\/www.eldigitaldeasturias.com\/noticias\/los-reyes-de-espana-felicitan-a-la-comarca-de-los-oscos\/\" \/>\n\t\t<meta property=\"og:image\" content=\"https:\/\/www.eldigitaldeasturias.com\/noticias\/wp-content\/uploads\/2016\/09\/oscos.jpg\" \/>\n\t\t<meta property=\"og:image:secure_url\" content=\"https:\/\/www.eldigitaldeasturias.com\/noticias\/wp-content\/uploads\/2016\/09\/oscos.jpg\" \/>\n\t\t<meta property=\"og:image:width\" content=\"748\" \/>\n\t\t<meta property=\"og:image:height\" content=\"432\" \/>\n\t\t<meta property=\"article:tag\" content=\"actualidad asturias\" \/>\n\t\t<meta property=\"article:published_time\" content=\"2016-09-09T17:30:51+00:00\" \/>\n\t\t<meta property=\"article:modified_time\" content=\"2016-09-09T17:30:51+00:00\" \/>\n\t\t<meta property=\"article:publisher\" content=\"https:\/\/facebook.com\/eldigitaldeasturias\" \/>\n\t\t<meta name=\"twitter:card\" content=\"summary_large_image\" \/>\n\t\t<meta name=\"twitter:title\" content=\"Los Reyes de Espa\u00f1a felicitan a la Comarca de Los Oscos - El Digital de Asturias\" \/>\n\t\t<meta name=\"twitter:description\" content=\"Los Reyes han trasladado &quot;su m\u00e1s sincera felicitaci\u00f3n&quot; a los alcaldes de los concejos asturianos de Santa Eulalia, San Mart\u00edn y Villanueva por la concesi\u00f3n del Premio al Pueblo Ejemplar de Asturias 2016 a la comarca de Los Oscos. Los monarcas, en nombre de su hija Leonor, Princesa de Asturias y presidenta de honor de\" \/>\n\t\t<meta name=\"twitter:image\" content=\"https:\/\/www.eldigitaldeasturias.com\/noticias\/wp-content\/uploads\/2016\/09\/oscos.jpg\" \/>\n\t\t<meta name=\"twitter:label1\" content=\"Escrito por\" \/>\n\t\t<meta name=\"twitter:data1\" content=\"El Digital de Asturias\" \/>\n\t\t<meta name=\"twitter:label2\" content=\"Tiempo de lectura estimado\" \/>\n\t\t<meta name=\"twitter:data2\" content=\"2 minutos\" \/>\n\t\t<script type=\"application\/ld+json\" class=\"aioseo-schema\">\n\t\t\t{\"@context\":\"https:\\\/\\\/schema.org\",\"@graph\":[{\"@type\":\"BlogPosting\",\"@id\":\"https:\\\/\\\/www.eldigitaldeasturias.com\\\/noticias\\\/los-reyes-de-espana-felicitan-a-la-comarca-de-los-oscos\\\/#blogposting\",\"name\":\"Los Reyes de Espa\\u00f1a felicitan a la Comarca de Los Oscos - El Digital de Asturias\",\"headline\":\"Los Reyes de Espa\\u00f1a felicitan a la Comarca de Los Oscos\",\"author\":{\"@id\":\"https:\\\/\\\/www.eldigitaldeasturias.com\\\/noticias\\\/author\\\/admin\\\/#author\"},\"publisher\":{\"@id\":\"https:\\\/\\\/www.eldigitaldeasturias.com\\\/noticias\\\/#organization\"},\"image\":{\"@type\":\"ImageObject\",\"url\":\"https:\\\/\\\/www.eldigitaldeasturias.com\\\/noticias\\\/wp-content\\\/uploads\\\/2016\\\/09\\\/oscos.jpg\",\"width\":748,\"height\":432},\"datePublished\":\"2016-09-09T18:30:51+02:00\",\"dateModified\":\"2016-09-09T18:30:51+02:00\",\"inLanguage\":\"es-ES\",\"mainEntityOfPage\":{\"@id\":\"https:\\\/\\\/www.eldigitaldeasturias.com\\\/noticias\\\/los-reyes-de-espana-felicitan-a-la-comarca-de-los-oscos\\\/#webpage\"},\"isPartOf\":{\"@id\":\"https:\\\/\\\/www.eldigitaldeasturias.com\\\/noticias\\\/los-reyes-de-espana-felicitan-a-la-comarca-de-los-oscos\\\/#webpage\"},\"articleSection\":\"Actualidad Asturias\"},{\"@type\":\"BreadcrumbList\",\"@id\":\"https:\\\/\\\/www.eldigitaldeasturias.com\\\/noticias\\\/los-reyes-de-espana-felicitan-a-la-comarca-de-los-oscos\\\/#breadcrumblist\",\"itemListElement\":[{\"@type\":\"ListItem\",\"@id\":\"https:\\\/\\\/www.eldigitaldeasturias.com\\\/noticias#listItem\",\"position\":1,\"name\":\"Home\",\"item\":\"https:\\\/\\\/www.eldigitaldeasturias.com\\\/noticias\",\"nextItem\":{\"@type\":\"ListItem\",\"@id\":\"https:\\\/\\\/www.eldigitaldeasturias.com\\\/noticias\\\/category\\\/actualidad-asturias\\\/#listItem\",\"name\":\"Actualidad Asturias\"}},{\"@type\":\"ListItem\",\"@id\":\"https:\\\/\\\/www.eldigitaldeasturias.com\\\/noticias\\\/category\\\/actualidad-asturias\\\/#listItem\",\"position\":2,\"name\":\"Actualidad Asturias\",\"item\":\"https:\\\/\\\/www.eldigitaldeasturias.com\\\/noticias\\\/category\\\/actualidad-asturias\\\/\",\"nextItem\":{\"@type\":\"ListItem\",\"@id\":\"https:\\\/\\\/www.eldigitaldeasturias.com\\\/noticias\\\/los-reyes-de-espana-felicitan-a-la-comarca-de-los-oscos\\\/#listItem\",\"name\":\"Los Reyes de Espa\\u00f1a felicitan a la Comarca de Los Oscos\"},\"previousItem\":{\"@type\":\"ListItem\",\"@id\":\"https:\\\/\\\/www.eldigitaldeasturias.com\\\/noticias#listItem\",\"name\":\"Home\"}},{\"@type\":\"ListItem\",\"@id\":\"https:\\\/\\\/www.eldigitaldeasturias.com\\\/noticias\\\/los-reyes-de-espana-felicitan-a-la-comarca-de-los-oscos\\\/#listItem\",\"position\":3,\"name\":\"Los Reyes de Espa\\u00f1a felicitan a la Comarca de Los Oscos\",\"previousItem\":{\"@type\":\"ListItem\",\"@id\":\"https:\\\/\\\/www.eldigitaldeasturias.com\\\/noticias\\\/category\\\/actualidad-asturias\\\/#listItem\",\"name\":\"Actualidad Asturias\"}}]},{\"@type\":\"Organization\",\"@id\":\"https:\\\/\\\/www.eldigitaldeasturias.com\\\/noticias\\\/#organization\",\"name\":\"El Digital de Asturias\",\"description\":\"Hemeroteca\",\"url\":\"https:\\\/\\\/www.eldigitaldeasturias.com\\\/noticias\\\/\",\"email\":\"info@eldigitaldeasturias.com\",\"telephone\":\"+34652131393\",\"logo\":{\"@type\":\"ImageObject\",\"url\":\"https:\\\/\\\/www.eldigitaldeasturias.com\\\/noticias\\\/wp-content\\\/uploads\\\/2020\\\/12\\\/EDA.jpg\",\"@id\":\"https:\\\/\\\/www.eldigitaldeasturias.com\\\/noticias\\\/los-reyes-de-espana-felicitan-a-la-comarca-de-los-oscos\\\/#organizationLogo\",\"width\":649,\"height\":297},\"image\":{\"@id\":\"https:\\\/\\\/www.eldigitaldeasturias.com\\\/noticias\\\/los-reyes-de-espana-felicitan-a-la-comarca-de-los-oscos\\\/#organizationLogo\"},\"sameAs\":[\"https:\\\/\\\/facebook.com\\\/eldigitaldeasturias\",\"https:\\\/\\\/www.youtube.com\\\/channel\\\/UCZP-2wLEB9Rv6erhFmqVnvg\"],\"address\":{\"@id\":\"https:\\\/\\\/www.eldigitaldeasturias.com\\\/noticias\\\/#postaladdress\",\"@type\":\"PostalAddress\",\"streetAddress\":\"san antonio 4,\",\"postalCode\":\"33430\",\"addressLocality\":\"Cand\\u00e1s\",\"addressRegion\":\"Asturias\",\"addressCountry\":\"ES\"}},{\"@type\":\"Person\",\"@id\":\"https:\\\/\\\/www.eldigitaldeasturias.com\\\/noticias\\\/author\\\/admin\\\/#author\",\"url\":\"https:\\\/\\\/www.eldigitaldeasturias.com\\\/noticias\\\/author\\\/admin\\\/\",\"name\":\"El Digital de Asturias\",\"image\":{\"@type\":\"ImageObject\",\"@id\":\"https:\\\/\\\/www.eldigitaldeasturias.com\\\/noticias\\\/los-reyes-de-espana-felicitan-a-la-comarca-de-los-oscos\\\/#authorImage\",\"url\":\"https:\\\/\\\/www.eldigitaldeasturias.com\\\/noticias\\\/wp-content\\\/litespeed\\\/avatar\\\/18677e78aa0546b92d9dbf31ec7d7668.jpg?ver=1776685526\",\"width\":96,\"height\":96,\"caption\":\"El Digital de Asturias\"}},{\"@type\":\"WebPage\",\"@id\":\"https:\\\/\\\/www.eldigitaldeasturias.com\\\/noticias\\\/los-reyes-de-espana-felicitan-a-la-comarca-de-los-oscos\\\/#webpage\",\"url\":\"https:\\\/\\\/www.eldigitaldeasturias.com\\\/noticias\\\/los-reyes-de-espana-felicitan-a-la-comarca-de-los-oscos\\\/\",\"name\":\"Los Reyes de Espa\\u00f1a felicitan a la Comarca de Los Oscos - El Digital de Asturias\",\"description\":\"Los Reyes han trasladado \\\"su m\\u00e1s sincera felicitaci\\u00f3n\\\" a los alcaldes de los concejos asturianos de Santa Eulalia, San Mart\\u00edn y Villanueva por la concesi\\u00f3n del Premio al Pueblo Ejemplar de Asturias 2016 a la comarca de Los Oscos. Los monarcas, en nombre de su hija Leonor, Princesa de Asturias y presidenta de honor de\",\"inLanguage\":\"es-ES\",\"isPartOf\":{\"@id\":\"https:\\\/\\\/www.eldigitaldeasturias.com\\\/noticias\\\/#website\"},\"breadcrumb\":{\"@id\":\"https:\\\/\\\/www.eldigitaldeasturias.com\\\/noticias\\\/los-reyes-de-espana-felicitan-a-la-comarca-de-los-oscos\\\/#breadcrumblist\"},\"author\":{\"@id\":\"https:\\\/\\\/www.eldigitaldeasturias.com\\\/noticias\\\/author\\\/admin\\\/#author\"},\"creator\":{\"@id\":\"https:\\\/\\\/www.eldigitaldeasturias.com\\\/noticias\\\/author\\\/admin\\\/#author\"},\"image\":{\"@type\":\"ImageObject\",\"url\":\"https:\\\/\\\/www.eldigitaldeasturias.com\\\/noticias\\\/wp-content\\\/uploads\\\/2016\\\/09\\\/oscos.jpg\",\"@id\":\"https:\\\/\\\/www.eldigitaldeasturias.com\\\/noticias\\\/los-reyes-de-espana-felicitan-a-la-comarca-de-los-oscos\\\/#mainImage\",\"width\":748,\"height\":432},\"primaryImageOfPage\":{\"@id\":\"https:\\\/\\\/www.eldigitaldeasturias.com\\\/noticias\\\/los-reyes-de-espana-felicitan-a-la-comarca-de-los-oscos\\\/#mainImage\"},\"datePublished\":\"2016-09-09T18:30:51+02:00\",\"dateModified\":\"2016-09-09T18:30:51+02:00\"},{\"@type\":\"WebSite\",\"@id\":\"https:\\\/\\\/www.eldigitaldeasturias.com\\\/noticias\\\/#website\",\"url\":\"https:\\\/\\\/www.eldigitaldeasturias.com\\\/noticias\\\/\",\"name\":\"El Digital de Asturias - Diario de actualidad y noticias\",\"alternateName\":\"El Digital de Asturias - Diario de actualidad y noticias\",\"description\":\"Hemeroteca\",\"inLanguage\":\"es-ES\",\"publisher\":{\"@id\":\"https:\\\/\\\/www.eldigitaldeasturias.com\\\/noticias\\\/#organization\"}}]}\n\t\t<\/script>\n\t\t<!-- All in One SEO Pro -->\r\n\t\t<title>Los Reyes de Espa\u00f1a felicitan a la Comarca de Los Oscos - El Digital de Asturias<\/title>\n\n","aioseo_head_json":{"title":"Los Reyes de Espa\u00f1a felicitan a la Comarca de Los Oscos - El Digital de Asturias","description":"Los Reyes han trasladado \"su m\u00e1s sincera felicitaci\u00f3n\" a los alcaldes de los concejos asturianos de Santa Eulalia, San Mart\u00edn y Villanueva por la concesi\u00f3n del Premio al Pueblo Ejemplar de Asturias 2016 a la comarca de Los Oscos. Los monarcas, en nombre de su hija Leonor, Princesa de Asturias y presidenta de honor de","canonical_url":"https:\/\/www.eldigitaldeasturias.com\/noticias\/los-reyes-de-espana-felicitan-a-la-comarca-de-los-oscos\/","robots":"max-image-preview:large","keywords":"actualidad asturias","webmasterTools":{"google-site-verification":"UA-38556648-1","msvalidate.01":"7dfe9f3f1b24437ab69f4f2559babe99","miscellaneous":""},"schema":{"@context":"https:\/\/schema.org","@graph":[{"@type":"BlogPosting","@id":"https:\/\/www.eldigitaldeasturias.com\/noticias\/los-reyes-de-espana-felicitan-a-la-comarca-de-los-oscos\/#blogposting","name":"Los Reyes de Espa\u00f1a felicitan a la Comarca de Los Oscos - El Digital de Asturias","headline":"Los Reyes de Espa\u00f1a felicitan a la Comarca de Los Oscos","author":{"@id":"https:\/\/www.eldigitaldeasturias.com\/noticias\/author\/admin\/#author"},"publisher":{"@id":"https:\/\/www.eldigitaldeasturias.com\/noticias\/#organization"},"image":{"@type":"ImageObject","url":"https:\/\/www.eldigitaldeasturias.com\/noticias\/wp-content\/uploads\/2016\/09\/oscos.jpg","width":748,"height":432},"datePublished":"2016-09-09T18:30:51+02:00","dateModified":"2016-09-09T18:30:51+02:00","inLanguage":"es-ES","mainEntityOfPage":{"@id":"https:\/\/www.eldigitaldeasturias.com\/noticias\/los-reyes-de-espana-felicitan-a-la-comarca-de-los-oscos\/#webpage"},"isPartOf":{"@id":"https:\/\/www.eldigitaldeasturias.com\/noticias\/los-reyes-de-espana-felicitan-a-la-comarca-de-los-oscos\/#webpage"},"articleSection":"Actualidad Asturias"},{"@type":"BreadcrumbList","@id":"https:\/\/www.eldigitaldeasturias.com\/noticias\/los-reyes-de-espana-felicitan-a-la-comarca-de-los-oscos\/#breadcrumblist","itemListElement":[{"@type":"ListItem","@id":"https:\/\/www.eldigitaldeasturias.com\/noticias#listItem","position":1,"name":"Home","item":"https:\/\/www.eldigitaldeasturias.com\/noticias","nextItem":{"@type":"ListItem","@id":"https:\/\/www.eldigitaldeasturias.com\/noticias\/category\/actualidad-asturias\/#listItem","name":"Actualidad Asturias"}},{"@type":"ListItem","@id":"https:\/\/www.eldigitaldeasturias.com\/noticias\/category\/actualidad-asturias\/#listItem","position":2,"name":"Actualidad Asturias","item":"https:\/\/www.eldigitaldeasturias.com\/noticias\/category\/actualidad-asturias\/","nextItem":{"@type":"ListItem","@id":"https:\/\/www.eldigitaldeasturias.com\/noticias\/los-reyes-de-espana-felicitan-a-la-comarca-de-los-oscos\/#listItem","name":"Los Reyes de Espa\u00f1a felicitan a la Comarca de Los Oscos"},"previousItem":{"@type":"ListItem","@id":"https:\/\/www.eldigitaldeasturias.com\/noticias#listItem","name":"Home"}},{"@type":"ListItem","@id":"https:\/\/www.eldigitaldeasturias.com\/noticias\/los-reyes-de-espana-felicitan-a-la-comarca-de-los-oscos\/#listItem","position":3,"name":"Los Reyes de Espa\u00f1a felicitan a la Comarca de Los Oscos","previousItem":{"@type":"ListItem","@id":"https:\/\/www.eldigitaldeasturias.com\/noticias\/category\/actualidad-asturias\/#listItem","name":"Actualidad Asturias"}}]},{"@type":"Organization","@id":"https:\/\/www.eldigitaldeasturias.com\/noticias\/#organization","name":"El Digital de Asturias","description":"Hemeroteca","url":"https:\/\/www.eldigitaldeasturias.com\/noticias\/","email":"info@eldigitaldeasturias.com","telephone":"+34652131393","logo":{"@type":"ImageObject","url":"https:\/\/www.eldigitaldeasturias.com\/noticias\/wp-content\/uploads\/2020\/12\/EDA.jpg","@id":"https:\/\/www.eldigitaldeasturias.com\/noticias\/los-reyes-de-espana-felicitan-a-la-comarca-de-los-oscos\/#organizationLogo","width":649,"height":297},"image":{"@id":"https:\/\/www.eldigitaldeasturias.com\/noticias\/los-reyes-de-espana-felicitan-a-la-comarca-de-los-oscos\/#organizationLogo"},"sameAs":["https:\/\/facebook.com\/eldigitaldeasturias","https:\/\/www.youtube.com\/channel\/UCZP-2wLEB9Rv6erhFmqVnvg"],"address":{"@id":"https:\/\/www.eldigitaldeasturias.com\/noticias\/#postaladdress","@type":"PostalAddress","streetAddress":"san antonio 4,","postalCode":"33430","addressLocality":"Cand\u00e1s","addressRegion":"Asturias","addressCountry":"ES"}},{"@type":"Person","@id":"https:\/\/www.eldigitaldeasturias.com\/noticias\/author\/admin\/#author","url":"https:\/\/www.eldigitaldeasturias.com\/noticias\/author\/admin\/","name":"El Digital de Asturias","image":{"@type":"ImageObject","@id":"https:\/\/www.eldigitaldeasturias.com\/noticias\/los-reyes-de-espana-felicitan-a-la-comarca-de-los-oscos\/#authorImage","url":"https:\/\/www.eldigitaldeasturias.com\/noticias\/wp-content\/litespeed\/avatar\/18677e78aa0546b92d9dbf31ec7d7668.jpg?ver=1776685526","width":96,"height":96,"caption":"El Digital de Asturias"}},{"@type":"WebPage","@id":"https:\/\/www.eldigitaldeasturias.com\/noticias\/los-reyes-de-espana-felicitan-a-la-comarca-de-los-oscos\/#webpage","url":"https:\/\/www.eldigitaldeasturias.com\/noticias\/los-reyes-de-espana-felicitan-a-la-comarca-de-los-oscos\/","name":"Los Reyes de Espa\u00f1a felicitan a la Comarca de Los Oscos - El Digital de Asturias","description":"Los Reyes han trasladado \"su m\u00e1s sincera felicitaci\u00f3n\" a los alcaldes de los concejos asturianos de Santa Eulalia, San Mart\u00edn y Villanueva por la concesi\u00f3n del Premio al Pueblo Ejemplar de Asturias 2016 a la comarca de Los Oscos. Los monarcas, en nombre de su hija Leonor, Princesa de Asturias y presidenta de honor de","inLanguage":"es-ES","isPartOf":{"@id":"https:\/\/www.eldigitaldeasturias.com\/noticias\/#website"},"breadcrumb":{"@id":"https:\/\/www.eldigitaldeasturias.com\/noticias\/los-reyes-de-espana-felicitan-a-la-comarca-de-los-oscos\/#breadcrumblist"},"author":{"@id":"https:\/\/www.eldigitaldeasturias.com\/noticias\/author\/admin\/#author"},"creator":{"@id":"https:\/\/www.eldigitaldeasturias.com\/noticias\/author\/admin\/#author"},"image":{"@type":"ImageObject","url":"https:\/\/www.eldigitaldeasturias.com\/noticias\/wp-content\/uploads\/2016\/09\/oscos.jpg","@id":"https:\/\/www.eldigitaldeasturias.com\/noticias\/los-reyes-de-espana-felicitan-a-la-comarca-de-los-oscos\/#mainImage","width":748,"height":432},"primaryImageOfPage":{"@id":"https:\/\/www.eldigitaldeasturias.com\/noticias\/los-reyes-de-espana-felicitan-a-la-comarca-de-los-oscos\/#mainImage"},"datePublished":"2016-09-09T18:30:51+02:00","dateModified":"2016-09-09T18:30:51+02:00"},{"@type":"WebSite","@id":"https:\/\/www.eldigitaldeasturias.com\/noticias\/#website","url":"https:\/\/www.eldigitaldeasturias.com\/noticias\/","name":"El Digital de Asturias - Diario de actualidad y noticias","alternateName":"El Digital de Asturias - Diario de actualidad y noticias","description":"Hemeroteca","inLanguage":"es-ES","publisher":{"@id":"https:\/\/www.eldigitaldeasturias.com\/noticias\/#organization"}}]},"og:locale":"es_ES","og:site_name":"El Digital de Asturias","og:type":"article","og:title":"Los Reyes de Espa\u00f1a felicitan a la Comarca de Los Oscos - El Digital de Asturias","og:description":"Los Reyes han trasladado &quot;su m\u00e1s sincera felicitaci\u00f3n&quot; a los alcaldes de los concejos asturianos de Santa Eulalia, San Mart\u00edn y Villanueva por la concesi\u00f3n del Premio al Pueblo Ejemplar de Asturias 2016 a la comarca de Los Oscos. Los monarcas, en nombre de su hija Leonor, Princesa de Asturias y presidenta de honor de","og:url":"https:\/\/www.eldigitaldeasturias.com\/noticias\/los-reyes-de-espana-felicitan-a-la-comarca-de-los-oscos\/","og:image":"https:\/\/www.eldigitaldeasturias.com\/noticias\/wp-content\/uploads\/2016\/09\/oscos.jpg","og:image:secure_url":"https:\/\/www.eldigitaldeasturias.com\/noticias\/wp-content\/uploads\/2016\/09\/oscos.jpg","og:image:width":748,"og:image:height":432,"article:tag":["actualidad asturias"],"article:published_time":"2016-09-09T17:30:51+00:00","article:modified_time":"2016-09-09T17:30:51+00:00","article:publisher":"https:\/\/facebook.com\/eldigitaldeasturias","twitter:card":"summary_large_image","twitter:title":"Los Reyes de Espa\u00f1a felicitan a la Comarca de Los Oscos - El Digital de Asturias","twitter:description":"Los Reyes han trasladado &quot;su m\u00e1s sincera felicitaci\u00f3n&quot; a los alcaldes de los concejos asturianos de Santa Eulalia, San Mart\u00edn y Villanueva por la concesi\u00f3n del Premio al Pueblo Ejemplar de Asturias 2016 a la comarca de Los Oscos. Los monarcas, en nombre de su hija Leonor, Princesa de Asturias y presidenta de honor de","twitter:image":"https:\/\/www.eldigitaldeasturias.com\/noticias\/wp-content\/uploads\/2016\/09\/oscos.jpg","twitter:label1":"Escrito por","twitter:data1":"El Digital de Asturias","twitter:label2":"Tiempo de lectura estimado","twitter:data2":"2 minutos"},"aioseo_meta_data":{"post_id":"906615","title":null,"description":null,"keywords":null,"keyphrases":null,"primary_term":null,"canonical_url":null,"og_title":null,"og_description":null,"og_object_type":"default","og_image_type":"default","og_image_url":null,"og_image_width":null,"og_image_height":null,"og_image_custom_url":null,"og_image_custom_fields":null,"og_video":null,"og_custom_url":null,"og_article_section":null,"og_article_tags":null,"twitter_use_og":false,"twitter_card":"default","twitter_image_type":"default","twitter_image_url":null,"twitter_image_custom_url":null,"twitter_image_custom_fields":null,"twitter_title":null,"twitter_description":null,"schema":{"blockGraphs":[],"customGraphs":[],"default":{"data":{"Article":[],"Course":[],"Dataset":[],"FAQPage":[],"Movie":[],"Person":[],"Product":[],"ProductReview":[],"Car":[],"Recipe":[],"Service":[],"SoftwareApplication":[],"WebPage":[]},"graphName":"","isEnabled":true},"graphs":[],"defaultGraph":"","defaultPostTypeGraph":""},"schema_type":null,"schema_type_options":null,"pillar_content":false,"robots_default":true,"robots_noindex":false,"robots_noarchive":false,"robots_nosnippet":false,"robots_nofollow":false,"robots_noimageindex":false,"robots_noodp":false,"robots_notranslate":false,"robots_max_snippet":null,"robots_max_videopreview":null,"robots_max_imagepreview":"large","priority":null,"frequency":null,"local_seo":null,"seo_analyzer_scan_date":"2025-11-30 09:37:11","breadcrumb_settings":null,"limit_modified_date":false,"open_ai":null,"ai":null,"created":"2020-12-21 14:01:30","updated":"2025-11-30 09:37:11"},"aioseo_breadcrumb":"<div class=\"aioseo-breadcrumbs\"><span class=\"aioseo-breadcrumb\">\n\t<a href=\"https:\/\/www.eldigitaldeasturias.com\/noticias\" title=\"Home\">Home<\/a>\n<\/span><span class=\"aioseo-breadcrumb-separator\">\u2013<\/span><span class=\"aioseo-breadcrumb\">\n\t<a href=\"https:\/\/www.eldigitaldeasturias.com\/noticias\/category\/actualidad-asturias\/\" title=\"Actualidad Asturias\">Actualidad Asturias<\/a>\n<\/span><span class=\"aioseo-breadcrumb-separator\">\u2013<\/span><span class=\"aioseo-breadcrumb\">\n\t<a href=\"https:\/\/www.eldigitaldeasturias.com\/noticias\/los-reyes-de-espana-felicitan-a-la-comarca-de-los-oscos\/\" title=\"Los Reyes de Espa\u00f1a felicitan a la Comarca de Los Oscos\">Los Reyes de Espa\u00f1a felicitan a la Comarca de Los Oscos<\/a>\n<\/span><\/div>","aioseo_breadcrumb_json":[{"label":"Home","link":"https:\/\/www.eldigitaldeasturias.com\/noticias"},{"label":"Actualidad Asturias","link":"https:\/\/www.eldigitaldeasturias.com\/noticias\/category\/actualidad-asturias\/"},{"label":"Los Reyes de Espa\u00f1a felicitan a la Comarca de Los Oscos","link":"https:\/\/www.eldigitaldeasturias.com\/noticias\/los-reyes-de-espana-felicitan-a-la-comarca-de-los-oscos\/"}],"_links":{"self":[{"href":"https:\/\/www.eldigitaldeasturias.com\/noticias\/wp-json\/wp\/v2\/posts\/906615","targetHints":{"allow":["GET"]}}],"collection":[{"href":"https:\/\/www.eldigitaldeasturias.com\/noticias\/wp-json\/wp\/v2\/posts"}],"about":[{"href":"https:\/\/www.eldigitaldeasturias.com\/noticias\/wp-json\/wp\/v2\/types\/post"}],"author":[{"embeddable":true,"href":"https:\/\/www.eldigitaldeasturias.com\/noticias\/wp-json\/wp\/v2\/users\/1"}],"replies":[{"embeddable":true,"href":"https:\/\/www.eldigitaldeasturias.com\/noticias\/wp-json\/wp\/v2\/comments?post=906615"}],"version-history":[{"count":0,"href":"https:\/\/www.eldigitaldeasturias.com\/noticias\/wp-json\/wp\/v2\/posts\/906615\/revisions"}],"wp:featuredmedia":[{"embeddable":true,"href":"https:\/\/www.eldigitaldeasturias.com\/noticias\/wp-json\/wp\/v2\/media\/906288"}],"wp:attachment":[{"href":"https:\/\/www.eldigitaldeasturias.com\/noticias\/wp-json\/wp\/v2\/media?parent=906615"}],"wp:term":[{"taxonomy":"category","embeddable":true,"href":"https:\/\/www.eldigitaldeasturias.com\/noticias\/wp-json\/wp\/v2\/categories?post=906615"},{"taxonomy":"post_tag","embeddable":true,"href":"https:\/\/www.eldigitaldeasturias.com\/noticias\/wp-json\/wp\/v2\/tags?post=906615"}],"curies":[{"name":"wp","href":"https:\/\/api.w.org\/{rel}","templated":true}]}}