{"id":906609,"date":"2016-09-09T16:47:42","date_gmt":"2016-09-09T15:47:42","guid":{"rendered":"http:\/\/www.eldigitaldeasturias.com\/noticias\/?p=906609"},"modified":"2016-09-09T16:47:42","modified_gmt":"2016-09-09T15:47:42","slug":"el-club-de-lectura-una-habitacion-propia-inicia-su-nueva-temporada","status":"publish","type":"post","link":"https:\/\/www.eldigitaldeasturias.com\/noticias\/el-club-de-lectura-una-habitacion-propia-inicia-su-nueva-temporada\/","title":{"rendered":"El club de lectura &#8216;Una habitaci\u00f3n propia&#8217; inicia su nueva temporada"},"content":{"rendered":"<p><img loading=\"lazy\" decoding=\"async\" class=\"alignleft size-medium wp-image-837378\" src=\"https:\/\/www.eldigitaldeasturias.com\/noticias\/wp-content\/uploads\/2015\/12\/libro-360x240.jpg\" alt=\"libro\" width=\"360\" height=\"240\" srcset=\"https:\/\/www.eldigitaldeasturias.com\/noticias\/wp-content\/uploads\/2015\/12\/libro-360x240.jpg 360w, https:\/\/www.eldigitaldeasturias.com\/noticias\/wp-content\/uploads\/2015\/12\/libro-768x513.jpg 768w, https:\/\/www.eldigitaldeasturias.com\/noticias\/wp-content\/uploads\/2015\/12\/libro-650x434.jpg 650w, https:\/\/www.eldigitaldeasturias.com\/noticias\/wp-content\/uploads\/2015\/12\/libro.jpg 800w\" sizes=\"auto, (max-width: 360px) 100vw, 360px\" \/>El club de lectura &#8216;Una habitaci\u00f3n propia&#8217;, impulsado por la concejal\u00eda de Igualdad del Ayuntamiento de Avil\u00e9s, comienza una nueva temporada con el ciclo &#8216;La deconstrucci\u00f3n del amor rom\u00e1ntico&#8217;, que se desarrollar\u00e1 durante los meses de septiembre a diciembre. Est\u00e1 dirigido por el Grupo de Investigaciones Feministas de la Universidad de Oviedo, del M\u00e1ster G\u00e9nero y Diversidad.<\/p>\n<p>\u00abEl amor rom\u00e1ntico no es universal, ni todo el mundo lo vive de la misma manera. Tiene unos mitos y narrativas recurrentes, como el flechazo, la media naranja o el amor transformador\u00bb, ha explicado la doctora Carmen P\u00e9rez R\u00edu, presente en la presentaci\u00f3n del ciclo este viernes junto a la edil de Igualdad, Raquel Ruiz.<\/p>\n<p>\u00abVemos que se siguen perpetuando los estereotipos y es importante analizar su evoluci\u00f3n a lo largo del tiempo, y en el futuro, y este an\u00e1lisis nos permitir\u00e1 ver con qu\u00e9 herramientas romper esta definici\u00f3n\u00bb, ha indicado la concejal.<\/p>\n<p>Las lecturas del pr\u00f3ximo trimestre son &#8216;La mujer comestible&#8217;, de Margaret Atwood; &#8216;El mundo de Larry&#8217;, de Carol Shields; &#8216;La memoria del amor&#8217;, de Aminatta Forna y &#8216;\u00c1lbum de boda&#8217;, de Nora Roberts.<\/p>\n<p>El ciclo pretende servir de puente entre la investigaci\u00f3n te\u00f3rica y su aplicaci\u00f3n pr\u00e1ctica a trav\u00e9s del an\u00e1lisis de las bases filos\u00f3ficas del amor y su manipulaci\u00f3n hist\u00f3rica, su aplicaci\u00f3n en los discursos comunicativos actuales y la identificaci\u00f3n y creaci\u00f3n de herramientas educativas para trabajar estos aspectos en positivo.<\/p>\n<p>&nbsp;<\/p>\n","protected":false},"excerpt":{"rendered":"<p>El club de lectura &#8216;Una habitaci\u00f3n propia&#8217;, impulsado por la concejal\u00eda de Igualdad del Ayuntamiento de Avil\u00e9s, comienza una nueva temporada con el ciclo &#8216;La deconstrucci\u00f3n del amor rom\u00e1ntico&#8217;, que se desarrollar\u00e1 durante los meses de septiembre a diciembre. Est\u00e1 dirigido por el Grupo de Investigaciones Feministas de la Universidad de Oviedo, del M\u00e1ster G\u00e9nero [&hellip;]<\/p>\n","protected":false},"author":1,"featured_media":837378,"comment_status":"closed","ping_status":"closed","sticky":false,"template":"","format":"standard","meta":{"footnotes":""},"categories":[50],"tags":[],"class_list":["post-906609","post","type-post","status-publish","format-standard","has-post-thumbnail","hentry","category-revista-de-ocio"],"aioseo_notices":[],"aioseo_head":"\n\t\t<!-- All in One SEO Pro 4.9.6.2 - aioseo.com -->\n\t<meta name=\"description\" content=\"El club de lectura &#039;Una habitaci\u00f3n propia&#039;, impulsado por la concejal\u00eda de Igualdad del Ayuntamiento de Avil\u00e9s, comienza una nueva temporada con el ciclo &#039;La deconstrucci\u00f3n del amor rom\u00e1ntico&#039;, que se desarrollar\u00e1 durante los meses de septiembre a diciembre. Est\u00e1 dirigido por el Grupo de Investigaciones Feministas de la Universidad de Oviedo, del M\u00e1ster G\u00e9nero\" \/>\n\t<meta name=\"robots\" content=\"max-image-preview:large\" \/>\n\t<meta name=\"author\" content=\"El Digital de Asturias\"\/>\n\t<meta name=\"google-site-verification\" content=\"UA-38556648-1\" \/>\n\t<meta name=\"msvalidate.01\" content=\"7dfe9f3f1b24437ab69f4f2559babe99\" \/>\n\t<meta name=\"keywords\" content=\"revista de ocio\" \/>\n\t<link rel=\"canonical\" href=\"https:\/\/www.eldigitaldeasturias.com\/noticias\/el-club-de-lectura-una-habitacion-propia-inicia-su-nueva-temporada\/\" \/>\n\t<meta name=\"generator\" content=\"All in One SEO Pro (AIOSEO) 4.9.6.2\" \/>\n\t\t<meta property=\"og:locale\" content=\"es_ES\" \/>\n\t\t<meta property=\"og:site_name\" content=\"El Digital de Asturias\" \/>\n\t\t<meta property=\"og:type\" content=\"article\" \/>\n\t\t<meta property=\"og:title\" content=\"El club de lectura \u2018Una habitaci\u00f3n propia\u2019 inicia su nueva temporada - El Digital de Asturias\" \/>\n\t\t<meta property=\"og:description\" content=\"El club de lectura &#039;Una habitaci\u00f3n propia&#039;, impulsado por la concejal\u00eda de Igualdad del Ayuntamiento de Avil\u00e9s, comienza una nueva temporada con el ciclo &#039;La deconstrucci\u00f3n del amor rom\u00e1ntico&#039;, que se desarrollar\u00e1 durante los meses de septiembre a diciembre. Est\u00e1 dirigido por el Grupo de Investigaciones Feministas de la Universidad de Oviedo, del M\u00e1ster G\u00e9nero\" \/>\n\t\t<meta property=\"og:url\" content=\"https:\/\/www.eldigitaldeasturias.com\/noticias\/el-club-de-lectura-una-habitacion-propia-inicia-su-nueva-temporada\/\" \/>\n\t\t<meta property=\"og:image\" content=\"https:\/\/www.eldigitaldeasturias.com\/noticias\/wp-content\/uploads\/2015\/12\/libro.jpg\" \/>\n\t\t<meta property=\"og:image:secure_url\" content=\"https:\/\/www.eldigitaldeasturias.com\/noticias\/wp-content\/uploads\/2015\/12\/libro.jpg\" \/>\n\t\t<meta property=\"og:image:width\" content=\"800\" \/>\n\t\t<meta property=\"og:image:height\" content=\"534\" \/>\n\t\t<meta property=\"article:tag\" content=\"revista de ocio\" \/>\n\t\t<meta property=\"article:published_time\" content=\"2016-09-09T15:47:42+00:00\" \/>\n\t\t<meta property=\"article:modified_time\" content=\"2016-09-09T15:47:42+00:00\" \/>\n\t\t<meta property=\"article:publisher\" content=\"https:\/\/facebook.com\/eldigitaldeasturias\" \/>\n\t\t<meta name=\"twitter:card\" content=\"summary_large_image\" \/>\n\t\t<meta name=\"twitter:title\" content=\"El club de lectura \u2018Una habitaci\u00f3n propia\u2019 inicia su nueva temporada - El Digital de Asturias\" \/>\n\t\t<meta name=\"twitter:description\" content=\"El club de lectura &#039;Una habitaci\u00f3n propia&#039;, impulsado por la concejal\u00eda de Igualdad del Ayuntamiento de Avil\u00e9s, comienza una nueva temporada con el ciclo &#039;La deconstrucci\u00f3n del amor rom\u00e1ntico&#039;, que se desarrollar\u00e1 durante los meses de septiembre a diciembre. Est\u00e1 dirigido por el Grupo de Investigaciones Feministas de la Universidad de Oviedo, del M\u00e1ster G\u00e9nero\" \/>\n\t\t<meta name=\"twitter:image\" content=\"https:\/\/www.eldigitaldeasturias.com\/noticias\/wp-content\/uploads\/2015\/12\/libro.jpg\" \/>\n\t\t<meta name=\"twitter:label1\" content=\"Escrito por\" \/>\n\t\t<meta name=\"twitter:data1\" content=\"El Digital de Asturias\" \/>\n\t\t<meta name=\"twitter:label2\" content=\"Tiempo de lectura estimado\" \/>\n\t\t<meta name=\"twitter:data2\" content=\"1 minuto\" \/>\n\t\t<script type=\"application\/ld+json\" class=\"aioseo-schema\">\n\t\t\t{\"@context\":\"https:\\\/\\\/schema.org\",\"@graph\":[{\"@type\":\"BlogPosting\",\"@id\":\"https:\\\/\\\/www.eldigitaldeasturias.com\\\/noticias\\\/el-club-de-lectura-una-habitacion-propia-inicia-su-nueva-temporada\\\/#blogposting\",\"name\":\"El club de lectura \\u2018Una habitaci\\u00f3n propia\\u2019 inicia su nueva temporada - El Digital de Asturias\",\"headline\":\"El club de lectura &#8216;Una habitaci\\u00f3n propia&#8217; inicia su nueva temporada\",\"author\":{\"@id\":\"https:\\\/\\\/www.eldigitaldeasturias.com\\\/noticias\\\/author\\\/admin\\\/#author\"},\"publisher\":{\"@id\":\"https:\\\/\\\/www.eldigitaldeasturias.com\\\/noticias\\\/#organization\"},\"image\":{\"@type\":\"ImageObject\",\"url\":\"https:\\\/\\\/www.eldigitaldeasturias.com\\\/noticias\\\/wp-content\\\/uploads\\\/2015\\\/12\\\/libro.jpg\",\"width\":800,\"height\":534},\"datePublished\":\"2016-09-09T16:47:42+02:00\",\"dateModified\":\"2016-09-09T16:47:42+02:00\",\"inLanguage\":\"es-ES\",\"mainEntityOfPage\":{\"@id\":\"https:\\\/\\\/www.eldigitaldeasturias.com\\\/noticias\\\/el-club-de-lectura-una-habitacion-propia-inicia-su-nueva-temporada\\\/#webpage\"},\"isPartOf\":{\"@id\":\"https:\\\/\\\/www.eldigitaldeasturias.com\\\/noticias\\\/el-club-de-lectura-una-habitacion-propia-inicia-su-nueva-temporada\\\/#webpage\"},\"articleSection\":\"Revista de Ocio\"},{\"@type\":\"BreadcrumbList\",\"@id\":\"https:\\\/\\\/www.eldigitaldeasturias.com\\\/noticias\\\/el-club-de-lectura-una-habitacion-propia-inicia-su-nueva-temporada\\\/#breadcrumblist\",\"itemListElement\":[{\"@type\":\"ListItem\",\"@id\":\"https:\\\/\\\/www.eldigitaldeasturias.com\\\/noticias#listItem\",\"position\":1,\"name\":\"Home\",\"item\":\"https:\\\/\\\/www.eldigitaldeasturias.com\\\/noticias\",\"nextItem\":{\"@type\":\"ListItem\",\"@id\":\"https:\\\/\\\/www.eldigitaldeasturias.com\\\/noticias\\\/category\\\/revista-de-ocio\\\/#listItem\",\"name\":\"Revista de Ocio\"}},{\"@type\":\"ListItem\",\"@id\":\"https:\\\/\\\/www.eldigitaldeasturias.com\\\/noticias\\\/category\\\/revista-de-ocio\\\/#listItem\",\"position\":2,\"name\":\"Revista de Ocio\",\"item\":\"https:\\\/\\\/www.eldigitaldeasturias.com\\\/noticias\\\/category\\\/revista-de-ocio\\\/\",\"nextItem\":{\"@type\":\"ListItem\",\"@id\":\"https:\\\/\\\/www.eldigitaldeasturias.com\\\/noticias\\\/el-club-de-lectura-una-habitacion-propia-inicia-su-nueva-temporada\\\/#listItem\",\"name\":\"El club de lectura &#8216;Una habitaci\\u00f3n propia&#8217; inicia su nueva temporada\"},\"previousItem\":{\"@type\":\"ListItem\",\"@id\":\"https:\\\/\\\/www.eldigitaldeasturias.com\\\/noticias#listItem\",\"name\":\"Home\"}},{\"@type\":\"ListItem\",\"@id\":\"https:\\\/\\\/www.eldigitaldeasturias.com\\\/noticias\\\/el-club-de-lectura-una-habitacion-propia-inicia-su-nueva-temporada\\\/#listItem\",\"position\":3,\"name\":\"El club de lectura &#8216;Una habitaci\\u00f3n propia&#8217; inicia su nueva temporada\",\"previousItem\":{\"@type\":\"ListItem\",\"@id\":\"https:\\\/\\\/www.eldigitaldeasturias.com\\\/noticias\\\/category\\\/revista-de-ocio\\\/#listItem\",\"name\":\"Revista de Ocio\"}}]},{\"@type\":\"Organization\",\"@id\":\"https:\\\/\\\/www.eldigitaldeasturias.com\\\/noticias\\\/#organization\",\"name\":\"El Digital de Asturias\",\"description\":\"Hemeroteca\",\"url\":\"https:\\\/\\\/www.eldigitaldeasturias.com\\\/noticias\\\/\",\"email\":\"info@eldigitaldeasturias.com\",\"telephone\":\"+34652131393\",\"logo\":{\"@type\":\"ImageObject\",\"url\":\"https:\\\/\\\/www.eldigitaldeasturias.com\\\/noticias\\\/wp-content\\\/uploads\\\/2020\\\/12\\\/EDA.jpg\",\"@id\":\"https:\\\/\\\/www.eldigitaldeasturias.com\\\/noticias\\\/el-club-de-lectura-una-habitacion-propia-inicia-su-nueva-temporada\\\/#organizationLogo\",\"width\":649,\"height\":297},\"image\":{\"@id\":\"https:\\\/\\\/www.eldigitaldeasturias.com\\\/noticias\\\/el-club-de-lectura-una-habitacion-propia-inicia-su-nueva-temporada\\\/#organizationLogo\"},\"sameAs\":[\"https:\\\/\\\/facebook.com\\\/eldigitaldeasturias\",\"https:\\\/\\\/www.youtube.com\\\/channel\\\/UCZP-2wLEB9Rv6erhFmqVnvg\"],\"address\":{\"@id\":\"https:\\\/\\\/www.eldigitaldeasturias.com\\\/noticias\\\/#postaladdress\",\"@type\":\"PostalAddress\",\"streetAddress\":\"san antonio 4,\",\"postalCode\":\"33430\",\"addressLocality\":\"Cand\\u00e1s\",\"addressRegion\":\"Asturias\",\"addressCountry\":\"ES\"}},{\"@type\":\"Person\",\"@id\":\"https:\\\/\\\/www.eldigitaldeasturias.com\\\/noticias\\\/author\\\/admin\\\/#author\",\"url\":\"https:\\\/\\\/www.eldigitaldeasturias.com\\\/noticias\\\/author\\\/admin\\\/\",\"name\":\"El Digital de Asturias\",\"image\":{\"@type\":\"ImageObject\",\"@id\":\"https:\\\/\\\/www.eldigitaldeasturias.com\\\/noticias\\\/el-club-de-lectura-una-habitacion-propia-inicia-su-nueva-temporada\\\/#authorImage\",\"url\":\"https:\\\/\\\/www.eldigitaldeasturias.com\\\/noticias\\\/wp-content\\\/litespeed\\\/avatar\\\/18677e78aa0546b92d9dbf31ec7d7668.jpg?ver=1776685526\",\"width\":96,\"height\":96,\"caption\":\"El Digital de Asturias\"}},{\"@type\":\"WebPage\",\"@id\":\"https:\\\/\\\/www.eldigitaldeasturias.com\\\/noticias\\\/el-club-de-lectura-una-habitacion-propia-inicia-su-nueva-temporada\\\/#webpage\",\"url\":\"https:\\\/\\\/www.eldigitaldeasturias.com\\\/noticias\\\/el-club-de-lectura-una-habitacion-propia-inicia-su-nueva-temporada\\\/\",\"name\":\"El club de lectura \\u2018Una habitaci\\u00f3n propia\\u2019 inicia su nueva temporada - El Digital de Asturias\",\"description\":\"El club de lectura 'Una habitaci\\u00f3n propia', impulsado por la concejal\\u00eda de Igualdad del Ayuntamiento de Avil\\u00e9s, comienza una nueva temporada con el ciclo 'La deconstrucci\\u00f3n del amor rom\\u00e1ntico', que se desarrollar\\u00e1 durante los meses de septiembre a diciembre. Est\\u00e1 dirigido por el Grupo de Investigaciones Feministas de la Universidad de Oviedo, del M\\u00e1ster G\\u00e9nero\",\"inLanguage\":\"es-ES\",\"isPartOf\":{\"@id\":\"https:\\\/\\\/www.eldigitaldeasturias.com\\\/noticias\\\/#website\"},\"breadcrumb\":{\"@id\":\"https:\\\/\\\/www.eldigitaldeasturias.com\\\/noticias\\\/el-club-de-lectura-una-habitacion-propia-inicia-su-nueva-temporada\\\/#breadcrumblist\"},\"author\":{\"@id\":\"https:\\\/\\\/www.eldigitaldeasturias.com\\\/noticias\\\/author\\\/admin\\\/#author\"},\"creator\":{\"@id\":\"https:\\\/\\\/www.eldigitaldeasturias.com\\\/noticias\\\/author\\\/admin\\\/#author\"},\"image\":{\"@type\":\"ImageObject\",\"url\":\"https:\\\/\\\/www.eldigitaldeasturias.com\\\/noticias\\\/wp-content\\\/uploads\\\/2015\\\/12\\\/libro.jpg\",\"@id\":\"https:\\\/\\\/www.eldigitaldeasturias.com\\\/noticias\\\/el-club-de-lectura-una-habitacion-propia-inicia-su-nueva-temporada\\\/#mainImage\",\"width\":800,\"height\":534},\"primaryImageOfPage\":{\"@id\":\"https:\\\/\\\/www.eldigitaldeasturias.com\\\/noticias\\\/el-club-de-lectura-una-habitacion-propia-inicia-su-nueva-temporada\\\/#mainImage\"},\"datePublished\":\"2016-09-09T16:47:42+02:00\",\"dateModified\":\"2016-09-09T16:47:42+02:00\"},{\"@type\":\"WebSite\",\"@id\":\"https:\\\/\\\/www.eldigitaldeasturias.com\\\/noticias\\\/#website\",\"url\":\"https:\\\/\\\/www.eldigitaldeasturias.com\\\/noticias\\\/\",\"name\":\"El Digital de Asturias - Diario de actualidad y noticias\",\"alternateName\":\"El Digital de Asturias - Diario de actualidad y noticias\",\"description\":\"Hemeroteca\",\"inLanguage\":\"es-ES\",\"publisher\":{\"@id\":\"https:\\\/\\\/www.eldigitaldeasturias.com\\\/noticias\\\/#organization\"}}]}\n\t\t<\/script>\n\t\t<!-- All in One SEO Pro -->\r\n\t\t<title>El club de lectura \u2018Una habitaci\u00f3n propia\u2019 inicia su nueva temporada - El Digital de Asturias<\/title>\n\n","aioseo_head_json":{"title":"El club de lectura \u2018Una habitaci\u00f3n propia\u2019 inicia su nueva temporada - El Digital de Asturias","description":"El club de lectura 'Una habitaci\u00f3n propia', impulsado por la concejal\u00eda de Igualdad del Ayuntamiento de Avil\u00e9s, comienza una nueva temporada con el ciclo 'La deconstrucci\u00f3n del amor rom\u00e1ntico', que se desarrollar\u00e1 durante los meses de septiembre a diciembre. Est\u00e1 dirigido por el Grupo de Investigaciones Feministas de la Universidad de Oviedo, del M\u00e1ster G\u00e9nero","canonical_url":"https:\/\/www.eldigitaldeasturias.com\/noticias\/el-club-de-lectura-una-habitacion-propia-inicia-su-nueva-temporada\/","robots":"max-image-preview:large","keywords":"revista de ocio","webmasterTools":{"google-site-verification":"UA-38556648-1","msvalidate.01":"7dfe9f3f1b24437ab69f4f2559babe99","miscellaneous":""},"schema":{"@context":"https:\/\/schema.org","@graph":[{"@type":"BlogPosting","@id":"https:\/\/www.eldigitaldeasturias.com\/noticias\/el-club-de-lectura-una-habitacion-propia-inicia-su-nueva-temporada\/#blogposting","name":"El club de lectura \u2018Una habitaci\u00f3n propia\u2019 inicia su nueva temporada - El Digital de Asturias","headline":"El club de lectura &#8216;Una habitaci\u00f3n propia&#8217; inicia su nueva temporada","author":{"@id":"https:\/\/www.eldigitaldeasturias.com\/noticias\/author\/admin\/#author"},"publisher":{"@id":"https:\/\/www.eldigitaldeasturias.com\/noticias\/#organization"},"image":{"@type":"ImageObject","url":"https:\/\/www.eldigitaldeasturias.com\/noticias\/wp-content\/uploads\/2015\/12\/libro.jpg","width":800,"height":534},"datePublished":"2016-09-09T16:47:42+02:00","dateModified":"2016-09-09T16:47:42+02:00","inLanguage":"es-ES","mainEntityOfPage":{"@id":"https:\/\/www.eldigitaldeasturias.com\/noticias\/el-club-de-lectura-una-habitacion-propia-inicia-su-nueva-temporada\/#webpage"},"isPartOf":{"@id":"https:\/\/www.eldigitaldeasturias.com\/noticias\/el-club-de-lectura-una-habitacion-propia-inicia-su-nueva-temporada\/#webpage"},"articleSection":"Revista de Ocio"},{"@type":"BreadcrumbList","@id":"https:\/\/www.eldigitaldeasturias.com\/noticias\/el-club-de-lectura-una-habitacion-propia-inicia-su-nueva-temporada\/#breadcrumblist","itemListElement":[{"@type":"ListItem","@id":"https:\/\/www.eldigitaldeasturias.com\/noticias#listItem","position":1,"name":"Home","item":"https:\/\/www.eldigitaldeasturias.com\/noticias","nextItem":{"@type":"ListItem","@id":"https:\/\/www.eldigitaldeasturias.com\/noticias\/category\/revista-de-ocio\/#listItem","name":"Revista de Ocio"}},{"@type":"ListItem","@id":"https:\/\/www.eldigitaldeasturias.com\/noticias\/category\/revista-de-ocio\/#listItem","position":2,"name":"Revista de Ocio","item":"https:\/\/www.eldigitaldeasturias.com\/noticias\/category\/revista-de-ocio\/","nextItem":{"@type":"ListItem","@id":"https:\/\/www.eldigitaldeasturias.com\/noticias\/el-club-de-lectura-una-habitacion-propia-inicia-su-nueva-temporada\/#listItem","name":"El club de lectura &#8216;Una habitaci\u00f3n propia&#8217; inicia su nueva temporada"},"previousItem":{"@type":"ListItem","@id":"https:\/\/www.eldigitaldeasturias.com\/noticias#listItem","name":"Home"}},{"@type":"ListItem","@id":"https:\/\/www.eldigitaldeasturias.com\/noticias\/el-club-de-lectura-una-habitacion-propia-inicia-su-nueva-temporada\/#listItem","position":3,"name":"El club de lectura &#8216;Una habitaci\u00f3n propia&#8217; inicia su nueva temporada","previousItem":{"@type":"ListItem","@id":"https:\/\/www.eldigitaldeasturias.com\/noticias\/category\/revista-de-ocio\/#listItem","name":"Revista de Ocio"}}]},{"@type":"Organization","@id":"https:\/\/www.eldigitaldeasturias.com\/noticias\/#organization","name":"El Digital de Asturias","description":"Hemeroteca","url":"https:\/\/www.eldigitaldeasturias.com\/noticias\/","email":"info@eldigitaldeasturias.com","telephone":"+34652131393","logo":{"@type":"ImageObject","url":"https:\/\/www.eldigitaldeasturias.com\/noticias\/wp-content\/uploads\/2020\/12\/EDA.jpg","@id":"https:\/\/www.eldigitaldeasturias.com\/noticias\/el-club-de-lectura-una-habitacion-propia-inicia-su-nueva-temporada\/#organizationLogo","width":649,"height":297},"image":{"@id":"https:\/\/www.eldigitaldeasturias.com\/noticias\/el-club-de-lectura-una-habitacion-propia-inicia-su-nueva-temporada\/#organizationLogo"},"sameAs":["https:\/\/facebook.com\/eldigitaldeasturias","https:\/\/www.youtube.com\/channel\/UCZP-2wLEB9Rv6erhFmqVnvg"],"address":{"@id":"https:\/\/www.eldigitaldeasturias.com\/noticias\/#postaladdress","@type":"PostalAddress","streetAddress":"san antonio 4,","postalCode":"33430","addressLocality":"Cand\u00e1s","addressRegion":"Asturias","addressCountry":"ES"}},{"@type":"Person","@id":"https:\/\/www.eldigitaldeasturias.com\/noticias\/author\/admin\/#author","url":"https:\/\/www.eldigitaldeasturias.com\/noticias\/author\/admin\/","name":"El Digital de Asturias","image":{"@type":"ImageObject","@id":"https:\/\/www.eldigitaldeasturias.com\/noticias\/el-club-de-lectura-una-habitacion-propia-inicia-su-nueva-temporada\/#authorImage","url":"https:\/\/www.eldigitaldeasturias.com\/noticias\/wp-content\/litespeed\/avatar\/18677e78aa0546b92d9dbf31ec7d7668.jpg?ver=1776685526","width":96,"height":96,"caption":"El Digital de Asturias"}},{"@type":"WebPage","@id":"https:\/\/www.eldigitaldeasturias.com\/noticias\/el-club-de-lectura-una-habitacion-propia-inicia-su-nueva-temporada\/#webpage","url":"https:\/\/www.eldigitaldeasturias.com\/noticias\/el-club-de-lectura-una-habitacion-propia-inicia-su-nueva-temporada\/","name":"El club de lectura \u2018Una habitaci\u00f3n propia\u2019 inicia su nueva temporada - El Digital de Asturias","description":"El club de lectura 'Una habitaci\u00f3n propia', impulsado por la concejal\u00eda de Igualdad del Ayuntamiento de Avil\u00e9s, comienza una nueva temporada con el ciclo 'La deconstrucci\u00f3n del amor rom\u00e1ntico', que se desarrollar\u00e1 durante los meses de septiembre a diciembre. Est\u00e1 dirigido por el Grupo de Investigaciones Feministas de la Universidad de Oviedo, del M\u00e1ster G\u00e9nero","inLanguage":"es-ES","isPartOf":{"@id":"https:\/\/www.eldigitaldeasturias.com\/noticias\/#website"},"breadcrumb":{"@id":"https:\/\/www.eldigitaldeasturias.com\/noticias\/el-club-de-lectura-una-habitacion-propia-inicia-su-nueva-temporada\/#breadcrumblist"},"author":{"@id":"https:\/\/www.eldigitaldeasturias.com\/noticias\/author\/admin\/#author"},"creator":{"@id":"https:\/\/www.eldigitaldeasturias.com\/noticias\/author\/admin\/#author"},"image":{"@type":"ImageObject","url":"https:\/\/www.eldigitaldeasturias.com\/noticias\/wp-content\/uploads\/2015\/12\/libro.jpg","@id":"https:\/\/www.eldigitaldeasturias.com\/noticias\/el-club-de-lectura-una-habitacion-propia-inicia-su-nueva-temporada\/#mainImage","width":800,"height":534},"primaryImageOfPage":{"@id":"https:\/\/www.eldigitaldeasturias.com\/noticias\/el-club-de-lectura-una-habitacion-propia-inicia-su-nueva-temporada\/#mainImage"},"datePublished":"2016-09-09T16:47:42+02:00","dateModified":"2016-09-09T16:47:42+02:00"},{"@type":"WebSite","@id":"https:\/\/www.eldigitaldeasturias.com\/noticias\/#website","url":"https:\/\/www.eldigitaldeasturias.com\/noticias\/","name":"El Digital de Asturias - Diario de actualidad y noticias","alternateName":"El Digital de Asturias - Diario de actualidad y noticias","description":"Hemeroteca","inLanguage":"es-ES","publisher":{"@id":"https:\/\/www.eldigitaldeasturias.com\/noticias\/#organization"}}]},"og:locale":"es_ES","og:site_name":"El Digital de Asturias","og:type":"article","og:title":"El club de lectura \u2018Una habitaci\u00f3n propia\u2019 inicia su nueva temporada - El Digital de Asturias","og:description":"El club de lectura 'Una habitaci\u00f3n propia', impulsado por la concejal\u00eda de Igualdad del Ayuntamiento de Avil\u00e9s, comienza una nueva temporada con el ciclo 'La deconstrucci\u00f3n del amor rom\u00e1ntico', que se desarrollar\u00e1 durante los meses de septiembre a diciembre. Est\u00e1 dirigido por el Grupo de Investigaciones Feministas de la Universidad de Oviedo, del M\u00e1ster G\u00e9nero","og:url":"https:\/\/www.eldigitaldeasturias.com\/noticias\/el-club-de-lectura-una-habitacion-propia-inicia-su-nueva-temporada\/","og:image":"https:\/\/www.eldigitaldeasturias.com\/noticias\/wp-content\/uploads\/2015\/12\/libro.jpg","og:image:secure_url":"https:\/\/www.eldigitaldeasturias.com\/noticias\/wp-content\/uploads\/2015\/12\/libro.jpg","og:image:width":800,"og:image:height":534,"article:tag":["revista de ocio"],"article:published_time":"2016-09-09T15:47:42+00:00","article:modified_time":"2016-09-09T15:47:42+00:00","article:publisher":"https:\/\/facebook.com\/eldigitaldeasturias","twitter:card":"summary_large_image","twitter:title":"El club de lectura \u2018Una habitaci\u00f3n propia\u2019 inicia su nueva temporada - El Digital de Asturias","twitter:description":"El club de lectura 'Una habitaci\u00f3n propia', impulsado por la concejal\u00eda de Igualdad del Ayuntamiento de Avil\u00e9s, comienza una nueva temporada con el ciclo 'La deconstrucci\u00f3n del amor rom\u00e1ntico', que se desarrollar\u00e1 durante los meses de septiembre a diciembre. Est\u00e1 dirigido por el Grupo de Investigaciones Feministas de la Universidad de Oviedo, del M\u00e1ster G\u00e9nero","twitter:image":"https:\/\/www.eldigitaldeasturias.com\/noticias\/wp-content\/uploads\/2015\/12\/libro.jpg","twitter:label1":"Escrito por","twitter:data1":"El Digital de Asturias","twitter:label2":"Tiempo de lectura estimado","twitter:data2":"1 minuto"},"aioseo_meta_data":{"post_id":"906609","title":null,"description":null,"keywords":null,"keyphrases":null,"primary_term":null,"canonical_url":null,"og_title":null,"og_description":null,"og_object_type":"default","og_image_type":"default","og_image_url":null,"og_image_width":null,"og_image_height":null,"og_image_custom_url":null,"og_image_custom_fields":null,"og_video":null,"og_custom_url":null,"og_article_section":null,"og_article_tags":null,"twitter_use_og":false,"twitter_card":"default","twitter_image_type":"default","twitter_image_url":null,"twitter_image_custom_url":null,"twitter_image_custom_fields":null,"twitter_title":null,"twitter_description":null,"schema":{"blockGraphs":[],"customGraphs":[],"default":{"data":{"Article":[],"Course":[],"Dataset":[],"FAQPage":[],"Movie":[],"Person":[],"Product":[],"ProductReview":[],"Car":[],"Recipe":[],"Service":[],"SoftwareApplication":[],"WebPage":[]},"graphName":"","isEnabled":true},"graphs":[],"defaultGraph":"","defaultPostTypeGraph":""},"schema_type":null,"schema_type_options":null,"pillar_content":false,"robots_default":true,"robots_noindex":false,"robots_noarchive":false,"robots_nosnippet":false,"robots_nofollow":false,"robots_noimageindex":false,"robots_noodp":false,"robots_notranslate":false,"robots_max_snippet":null,"robots_max_videopreview":null,"robots_max_imagepreview":"large","priority":null,"frequency":null,"local_seo":null,"seo_analyzer_scan_date":"2025-11-30 09:35:14","breadcrumb_settings":null,"limit_modified_date":false,"open_ai":null,"ai":null,"created":"2020-12-21 14:01:30","updated":"2025-11-30 09:35:14"},"aioseo_breadcrumb":"<div class=\"aioseo-breadcrumbs\"><span class=\"aioseo-breadcrumb\">\n\t<a href=\"https:\/\/www.eldigitaldeasturias.com\/noticias\" title=\"Home\">Home<\/a>\n<\/span><span class=\"aioseo-breadcrumb-separator\">\u2013<\/span><span class=\"aioseo-breadcrumb\">\n\t<a href=\"https:\/\/www.eldigitaldeasturias.com\/noticias\/category\/revista-de-ocio\/\" title=\"Revista de Ocio\">Revista de Ocio<\/a>\n<\/span><span class=\"aioseo-breadcrumb-separator\">\u2013<\/span><span class=\"aioseo-breadcrumb\">\n\t<a href=\"https:\/\/www.eldigitaldeasturias.com\/noticias\/el-club-de-lectura-una-habitacion-propia-inicia-su-nueva-temporada\/\" title=\"El club de lectura \u2018Una habitaci\u00f3n propia\u2019 inicia su nueva temporada\">El club de lectura \u2018Una habitaci\u00f3n propia\u2019 inicia su nueva temporada<\/a>\n<\/span><\/div>","aioseo_breadcrumb_json":[{"label":"Home","link":"https:\/\/www.eldigitaldeasturias.com\/noticias"},{"label":"Revista de Ocio","link":"https:\/\/www.eldigitaldeasturias.com\/noticias\/category\/revista-de-ocio\/"},{"label":"El club de lectura &#8216;Una habitaci\u00f3n propia&#8217; inicia su nueva temporada","link":"https:\/\/www.eldigitaldeasturias.com\/noticias\/el-club-de-lectura-una-habitacion-propia-inicia-su-nueva-temporada\/"}],"_links":{"self":[{"href":"https:\/\/www.eldigitaldeasturias.com\/noticias\/wp-json\/wp\/v2\/posts\/906609","targetHints":{"allow":["GET"]}}],"collection":[{"href":"https:\/\/www.eldigitaldeasturias.com\/noticias\/wp-json\/wp\/v2\/posts"}],"about":[{"href":"https:\/\/www.eldigitaldeasturias.com\/noticias\/wp-json\/wp\/v2\/types\/post"}],"author":[{"embeddable":true,"href":"https:\/\/www.eldigitaldeasturias.com\/noticias\/wp-json\/wp\/v2\/users\/1"}],"replies":[{"embeddable":true,"href":"https:\/\/www.eldigitaldeasturias.com\/noticias\/wp-json\/wp\/v2\/comments?post=906609"}],"version-history":[{"count":0,"href":"https:\/\/www.eldigitaldeasturias.com\/noticias\/wp-json\/wp\/v2\/posts\/906609\/revisions"}],"wp:featuredmedia":[{"embeddable":true,"href":"https:\/\/www.eldigitaldeasturias.com\/noticias\/wp-json\/wp\/v2\/media\/837378"}],"wp:attachment":[{"href":"https:\/\/www.eldigitaldeasturias.com\/noticias\/wp-json\/wp\/v2\/media?parent=906609"}],"wp:term":[{"taxonomy":"category","embeddable":true,"href":"https:\/\/www.eldigitaldeasturias.com\/noticias\/wp-json\/wp\/v2\/categories?post=906609"},{"taxonomy":"post_tag","embeddable":true,"href":"https:\/\/www.eldigitaldeasturias.com\/noticias\/wp-json\/wp\/v2\/tags?post=906609"}],"curies":[{"name":"wp","href":"https:\/\/api.w.org\/{rel}","templated":true}]}}