{"id":906606,"date":"2016-09-09T16:45:39","date_gmt":"2016-09-09T15:45:39","guid":{"rendered":"http:\/\/www.eldigitaldeasturias.com\/noticias\/?p=906606"},"modified":"2016-09-09T16:45:39","modified_gmt":"2016-09-09T15:45:39","slug":"caja-rural-de-asturias-y-la-asociacion-de-librerias-del-principado-de-asturias-firman-un-acuerdo-de-colaboracion","status":"publish","type":"post","link":"https:\/\/www.eldigitaldeasturias.com\/noticias\/caja-rural-de-asturias-y-la-asociacion-de-librerias-del-principado-de-asturias-firman-un-acuerdo-de-colaboracion\/","title":{"rendered":"Caja Rural de Asturias y la Asociaci\u00f3n de Librer\u00edas del Principado de Asturias firm\u00e1n un acuerdo de colaboraci\u00f3n"},"content":{"rendered":"<p><img loading=\"lazy\" decoding=\"async\" class=\"alignleft size-medium wp-image-906607\" src=\"https:\/\/www.eldigitaldeasturias.com\/noticias\/wp-content\/uploads\/2016\/09\/fotonoticia_20160909131117_800-360x240.jpg\" alt=\"fotonoticia_20160909131117_800\" width=\"360\" height=\"240\" srcset=\"https:\/\/www.eldigitaldeasturias.com\/noticias\/wp-content\/uploads\/2016\/09\/fotonoticia_20160909131117_800-360x240.jpg 360w, https:\/\/www.eldigitaldeasturias.com\/noticias\/wp-content\/uploads\/2016\/09\/fotonoticia_20160909131117_800-768x513.jpg 768w, https:\/\/www.eldigitaldeasturias.com\/noticias\/wp-content\/uploads\/2016\/09\/fotonoticia_20160909131117_800-650x434.jpg 650w, https:\/\/www.eldigitaldeasturias.com\/noticias\/wp-content\/uploads\/2016\/09\/fotonoticia_20160909131117_800-84x55.jpg 84w, https:\/\/www.eldigitaldeasturias.com\/noticias\/wp-content\/uploads\/2016\/09\/fotonoticia_20160909131117_800-49x32.jpg 49w, https:\/\/www.eldigitaldeasturias.com\/noticias\/wp-content\/uploads\/2016\/09\/fotonoticia_20160909131117_800.jpg 800w\" sizes=\"auto, (max-width: 360px) 100vw, 360px\" \/>Caja Rural de Asturias colabora con la Asociaci\u00f3n de Librer\u00edas del Principado de Asturias poniendo a disposici\u00f3n de 60 libreros del Principado una amplia gama de productos y servicios financieros en condiciones preferentes.<\/p>\n<p>El presidente de la Asociaci\u00f3n, Rafael Guti\u00e9rrez, y el director de zona de Caja Rural de Asturias, Rafael Gonz\u00e1lez, han firmado este viernes el convenio de colaboraci\u00f3n. El objetivo del acuerdo es apoyar a este colectivo en el desempe\u00f1o de su actividad profesional, fomentar el desarrollo de sus proyectos y su crecimiento, han explicado desde la entidad bancaria.<\/p>\n<p>Los empresarios vinculados a la Asociaci\u00f3n podr\u00e1n obtener pr\u00e9stamos y cuentas de cr\u00e9dito para realizar sus inversiones a tipos de inter\u00e9s preferente. El convenio tambi\u00e9n contempla una oferta de financiaci\u00f3n especial que facilitar\u00e1 al consumidor el pago de sus compras en las librer\u00edas, desde un m\u00ednimo de 200 euros hasta un m\u00e1ximo de 3.000 euros y con una duraci\u00f3n de 3 hasta 10 meses.<\/p>\n<p>El convenio tambi\u00e9n incluye una Cuenta Negocio sin comisiones de administraci\u00f3n y mantenimiento; condiciones especiales en los TPV,s y productos para la gesti\u00f3n de la tesorer\u00eda.<\/p>\n<p>La Asociaci\u00f3n del Librer\u00edas del Principado de Asturias est\u00e1 formada por 60 establecimientos de toda Asturias; su actual presidente, Rafael Guti\u00e9rrez, fue elegido en asamblea hace unas semanas, sucediendo en el cargo a Luis Mart\u00edn.<\/p>\n<p>&nbsp;<\/p>\n","protected":false},"excerpt":{"rendered":"<p>Caja Rural de Asturias colabora con la Asociaci\u00f3n de Librer\u00edas del Principado de Asturias poniendo a disposici\u00f3n de 60 libreros del Principado una amplia gama de productos y servicios financieros en condiciones preferentes. El presidente de la Asociaci\u00f3n, Rafael Guti\u00e9rrez, y el director de zona de Caja Rural de Asturias, Rafael Gonz\u00e1lez, han firmado este [&hellip;]<\/p>\n","protected":false},"author":1,"featured_media":906607,"comment_status":"closed","ping_status":"closed","sticky":false,"template":"","format":"standard","meta":{"footnotes":""},"categories":[1],"tags":[],"class_list":["post-906606","post","type-post","status-publish","format-standard","has-post-thumbnail","hentry","category-actualidad"],"aioseo_notices":[],"aioseo_head":"\n\t\t<!-- All in One SEO Pro 4.9.6.2 - aioseo.com -->\n\t<meta name=\"description\" content=\"Caja Rural de Asturias colabora con la Asociaci\u00f3n de Librer\u00edas del Principado de Asturias poniendo a disposici\u00f3n de 60 libreros del Principado una amplia gama de productos y servicios financieros en condiciones preferentes. El presidente de la Asociaci\u00f3n, Rafael Guti\u00e9rrez, y el director de zona de Caja Rural de Asturias, Rafael Gonz\u00e1lez, han firmado este\" \/>\n\t<meta name=\"robots\" content=\"max-image-preview:large\" \/>\n\t<meta name=\"author\" content=\"El Digital de Asturias\"\/>\n\t<meta name=\"google-site-verification\" content=\"UA-38556648-1\" \/>\n\t<meta name=\"msvalidate.01\" content=\"7dfe9f3f1b24437ab69f4f2559babe99\" \/>\n\t<meta name=\"keywords\" content=\"actualidad\" \/>\n\t<link rel=\"canonical\" href=\"https:\/\/www.eldigitaldeasturias.com\/noticias\/caja-rural-de-asturias-y-la-asociacion-de-librerias-del-principado-de-asturias-firman-un-acuerdo-de-colaboracion\/\" \/>\n\t<meta name=\"generator\" content=\"All in One SEO Pro (AIOSEO) 4.9.6.2\" \/>\n\t\t<meta property=\"og:locale\" content=\"es_ES\" \/>\n\t\t<meta property=\"og:site_name\" content=\"El Digital de Asturias\" \/>\n\t\t<meta property=\"og:type\" content=\"article\" \/>\n\t\t<meta property=\"og:title\" content=\"Caja Rural de Asturias y la Asociaci\u00f3n de Librer\u00edas del Principado de Asturias firm\u00e1n un acuerdo de colaboraci\u00f3n - El Digital de Asturias\" \/>\n\t\t<meta property=\"og:description\" content=\"Caja Rural de Asturias colabora con la Asociaci\u00f3n de Librer\u00edas del Principado de Asturias poniendo a disposici\u00f3n de 60 libreros del Principado una amplia gama de productos y servicios financieros en condiciones preferentes. El presidente de la Asociaci\u00f3n, Rafael Guti\u00e9rrez, y el director de zona de Caja Rural de Asturias, Rafael Gonz\u00e1lez, han firmado este\" \/>\n\t\t<meta property=\"og:url\" content=\"https:\/\/www.eldigitaldeasturias.com\/noticias\/caja-rural-de-asturias-y-la-asociacion-de-librerias-del-principado-de-asturias-firman-un-acuerdo-de-colaboracion\/\" \/>\n\t\t<meta property=\"og:image\" content=\"https:\/\/www.eldigitaldeasturias.com\/noticias\/wp-content\/uploads\/2016\/09\/fotonoticia_20160909131117_800.jpg\" \/>\n\t\t<meta property=\"og:image:secure_url\" content=\"https:\/\/www.eldigitaldeasturias.com\/noticias\/wp-content\/uploads\/2016\/09\/fotonoticia_20160909131117_800.jpg\" \/>\n\t\t<meta property=\"og:image:width\" content=\"800\" \/>\n\t\t<meta property=\"og:image:height\" content=\"534\" \/>\n\t\t<meta property=\"article:tag\" content=\"actualidad\" \/>\n\t\t<meta property=\"article:published_time\" content=\"2016-09-09T15:45:39+00:00\" \/>\n\t\t<meta property=\"article:modified_time\" content=\"2016-09-09T15:45:39+00:00\" \/>\n\t\t<meta property=\"article:publisher\" content=\"https:\/\/facebook.com\/eldigitaldeasturias\" \/>\n\t\t<meta name=\"twitter:card\" content=\"summary_large_image\" \/>\n\t\t<meta name=\"twitter:title\" content=\"Caja Rural de Asturias y la Asociaci\u00f3n de Librer\u00edas del Principado de Asturias firm\u00e1n un acuerdo de colaboraci\u00f3n - El Digital de Asturias\" \/>\n\t\t<meta name=\"twitter:description\" content=\"Caja Rural de Asturias colabora con la Asociaci\u00f3n de Librer\u00edas del Principado de Asturias poniendo a disposici\u00f3n de 60 libreros del Principado una amplia gama de productos y servicios financieros en condiciones preferentes. El presidente de la Asociaci\u00f3n, Rafael Guti\u00e9rrez, y el director de zona de Caja Rural de Asturias, Rafael Gonz\u00e1lez, han firmado este\" \/>\n\t\t<meta name=\"twitter:image\" content=\"https:\/\/www.eldigitaldeasturias.com\/noticias\/wp-content\/uploads\/2016\/09\/fotonoticia_20160909131117_800.jpg\" \/>\n\t\t<meta name=\"twitter:label1\" content=\"Escrito por\" \/>\n\t\t<meta name=\"twitter:data1\" content=\"El Digital de Asturias\" \/>\n\t\t<meta name=\"twitter:label2\" content=\"Tiempo de lectura estimado\" \/>\n\t\t<meta name=\"twitter:data2\" content=\"1 minuto\" \/>\n\t\t<script type=\"application\/ld+json\" class=\"aioseo-schema\">\n\t\t\t{\"@context\":\"https:\\\/\\\/schema.org\",\"@graph\":[{\"@type\":\"BlogPosting\",\"@id\":\"https:\\\/\\\/www.eldigitaldeasturias.com\\\/noticias\\\/caja-rural-de-asturias-y-la-asociacion-de-librerias-del-principado-de-asturias-firman-un-acuerdo-de-colaboracion\\\/#blogposting\",\"name\":\"Caja Rural de Asturias y la Asociaci\\u00f3n de Librer\\u00edas del Principado de Asturias firm\\u00e1n un acuerdo de colaboraci\\u00f3n - El Digital de Asturias\",\"headline\":\"Caja Rural de Asturias y la Asociaci\\u00f3n de Librer\\u00edas del Principado de Asturias firm\\u00e1n un acuerdo de colaboraci\\u00f3n\",\"author\":{\"@id\":\"https:\\\/\\\/www.eldigitaldeasturias.com\\\/noticias\\\/author\\\/admin\\\/#author\"},\"publisher\":{\"@id\":\"https:\\\/\\\/www.eldigitaldeasturias.com\\\/noticias\\\/#organization\"},\"image\":{\"@type\":\"ImageObject\",\"url\":\"https:\\\/\\\/www.eldigitaldeasturias.com\\\/noticias\\\/wp-content\\\/uploads\\\/2016\\\/09\\\/fotonoticia_20160909131117_800.jpg\",\"width\":800,\"height\":534},\"datePublished\":\"2016-09-09T16:45:39+02:00\",\"dateModified\":\"2016-09-09T16:45:39+02:00\",\"inLanguage\":\"es-ES\",\"mainEntityOfPage\":{\"@id\":\"https:\\\/\\\/www.eldigitaldeasturias.com\\\/noticias\\\/caja-rural-de-asturias-y-la-asociacion-de-librerias-del-principado-de-asturias-firman-un-acuerdo-de-colaboracion\\\/#webpage\"},\"isPartOf\":{\"@id\":\"https:\\\/\\\/www.eldigitaldeasturias.com\\\/noticias\\\/caja-rural-de-asturias-y-la-asociacion-de-librerias-del-principado-de-asturias-firman-un-acuerdo-de-colaboracion\\\/#webpage\"},\"articleSection\":\"Actualidad\"},{\"@type\":\"BreadcrumbList\",\"@id\":\"https:\\\/\\\/www.eldigitaldeasturias.com\\\/noticias\\\/caja-rural-de-asturias-y-la-asociacion-de-librerias-del-principado-de-asturias-firman-un-acuerdo-de-colaboracion\\\/#breadcrumblist\",\"itemListElement\":[{\"@type\":\"ListItem\",\"@id\":\"https:\\\/\\\/www.eldigitaldeasturias.com\\\/noticias#listItem\",\"position\":1,\"name\":\"Home\",\"item\":\"https:\\\/\\\/www.eldigitaldeasturias.com\\\/noticias\",\"nextItem\":{\"@type\":\"ListItem\",\"@id\":\"https:\\\/\\\/www.eldigitaldeasturias.com\\\/noticias\\\/category\\\/actualidad\\\/#listItem\",\"name\":\"Actualidad\"}},{\"@type\":\"ListItem\",\"@id\":\"https:\\\/\\\/www.eldigitaldeasturias.com\\\/noticias\\\/category\\\/actualidad\\\/#listItem\",\"position\":2,\"name\":\"Actualidad\",\"item\":\"https:\\\/\\\/www.eldigitaldeasturias.com\\\/noticias\\\/category\\\/actualidad\\\/\",\"nextItem\":{\"@type\":\"ListItem\",\"@id\":\"https:\\\/\\\/www.eldigitaldeasturias.com\\\/noticias\\\/caja-rural-de-asturias-y-la-asociacion-de-librerias-del-principado-de-asturias-firman-un-acuerdo-de-colaboracion\\\/#listItem\",\"name\":\"Caja Rural de Asturias y la Asociaci\\u00f3n de Librer\\u00edas del Principado de Asturias firm\\u00e1n un acuerdo de colaboraci\\u00f3n\"},\"previousItem\":{\"@type\":\"ListItem\",\"@id\":\"https:\\\/\\\/www.eldigitaldeasturias.com\\\/noticias#listItem\",\"name\":\"Home\"}},{\"@type\":\"ListItem\",\"@id\":\"https:\\\/\\\/www.eldigitaldeasturias.com\\\/noticias\\\/caja-rural-de-asturias-y-la-asociacion-de-librerias-del-principado-de-asturias-firman-un-acuerdo-de-colaboracion\\\/#listItem\",\"position\":3,\"name\":\"Caja Rural de Asturias y la Asociaci\\u00f3n de Librer\\u00edas del Principado de Asturias firm\\u00e1n un acuerdo de colaboraci\\u00f3n\",\"previousItem\":{\"@type\":\"ListItem\",\"@id\":\"https:\\\/\\\/www.eldigitaldeasturias.com\\\/noticias\\\/category\\\/actualidad\\\/#listItem\",\"name\":\"Actualidad\"}}]},{\"@type\":\"Organization\",\"@id\":\"https:\\\/\\\/www.eldigitaldeasturias.com\\\/noticias\\\/#organization\",\"name\":\"El Digital de Asturias\",\"description\":\"Hemeroteca\",\"url\":\"https:\\\/\\\/www.eldigitaldeasturias.com\\\/noticias\\\/\",\"email\":\"info@eldigitaldeasturias.com\",\"telephone\":\"+34652131393\",\"logo\":{\"@type\":\"ImageObject\",\"url\":\"https:\\\/\\\/www.eldigitaldeasturias.com\\\/noticias\\\/wp-content\\\/uploads\\\/2020\\\/12\\\/EDA.jpg\",\"@id\":\"https:\\\/\\\/www.eldigitaldeasturias.com\\\/noticias\\\/caja-rural-de-asturias-y-la-asociacion-de-librerias-del-principado-de-asturias-firman-un-acuerdo-de-colaboracion\\\/#organizationLogo\",\"width\":649,\"height\":297},\"image\":{\"@id\":\"https:\\\/\\\/www.eldigitaldeasturias.com\\\/noticias\\\/caja-rural-de-asturias-y-la-asociacion-de-librerias-del-principado-de-asturias-firman-un-acuerdo-de-colaboracion\\\/#organizationLogo\"},\"sameAs\":[\"https:\\\/\\\/facebook.com\\\/eldigitaldeasturias\",\"https:\\\/\\\/www.youtube.com\\\/channel\\\/UCZP-2wLEB9Rv6erhFmqVnvg\"],\"address\":{\"@id\":\"https:\\\/\\\/www.eldigitaldeasturias.com\\\/noticias\\\/#postaladdress\",\"@type\":\"PostalAddress\",\"streetAddress\":\"san antonio 4,\",\"postalCode\":\"33430\",\"addressLocality\":\"Cand\\u00e1s\",\"addressRegion\":\"Asturias\",\"addressCountry\":\"ES\"}},{\"@type\":\"Person\",\"@id\":\"https:\\\/\\\/www.eldigitaldeasturias.com\\\/noticias\\\/author\\\/admin\\\/#author\",\"url\":\"https:\\\/\\\/www.eldigitaldeasturias.com\\\/noticias\\\/author\\\/admin\\\/\",\"name\":\"El Digital de Asturias\",\"image\":{\"@type\":\"ImageObject\",\"@id\":\"https:\\\/\\\/www.eldigitaldeasturias.com\\\/noticias\\\/caja-rural-de-asturias-y-la-asociacion-de-librerias-del-principado-de-asturias-firman-un-acuerdo-de-colaboracion\\\/#authorImage\",\"url\":\"https:\\\/\\\/www.eldigitaldeasturias.com\\\/noticias\\\/wp-content\\\/litespeed\\\/avatar\\\/18677e78aa0546b92d9dbf31ec7d7668.jpg?ver=1776685526\",\"width\":96,\"height\":96,\"caption\":\"El Digital de Asturias\"}},{\"@type\":\"WebPage\",\"@id\":\"https:\\\/\\\/www.eldigitaldeasturias.com\\\/noticias\\\/caja-rural-de-asturias-y-la-asociacion-de-librerias-del-principado-de-asturias-firman-un-acuerdo-de-colaboracion\\\/#webpage\",\"url\":\"https:\\\/\\\/www.eldigitaldeasturias.com\\\/noticias\\\/caja-rural-de-asturias-y-la-asociacion-de-librerias-del-principado-de-asturias-firman-un-acuerdo-de-colaboracion\\\/\",\"name\":\"Caja Rural de Asturias y la Asociaci\\u00f3n de Librer\\u00edas del Principado de Asturias firm\\u00e1n un acuerdo de colaboraci\\u00f3n - El Digital de Asturias\",\"description\":\"Caja Rural de Asturias colabora con la Asociaci\\u00f3n de Librer\\u00edas del Principado de Asturias poniendo a disposici\\u00f3n de 60 libreros del Principado una amplia gama de productos y servicios financieros en condiciones preferentes. El presidente de la Asociaci\\u00f3n, Rafael Guti\\u00e9rrez, y el director de zona de Caja Rural de Asturias, Rafael Gonz\\u00e1lez, han firmado este\",\"inLanguage\":\"es-ES\",\"isPartOf\":{\"@id\":\"https:\\\/\\\/www.eldigitaldeasturias.com\\\/noticias\\\/#website\"},\"breadcrumb\":{\"@id\":\"https:\\\/\\\/www.eldigitaldeasturias.com\\\/noticias\\\/caja-rural-de-asturias-y-la-asociacion-de-librerias-del-principado-de-asturias-firman-un-acuerdo-de-colaboracion\\\/#breadcrumblist\"},\"author\":{\"@id\":\"https:\\\/\\\/www.eldigitaldeasturias.com\\\/noticias\\\/author\\\/admin\\\/#author\"},\"creator\":{\"@id\":\"https:\\\/\\\/www.eldigitaldeasturias.com\\\/noticias\\\/author\\\/admin\\\/#author\"},\"image\":{\"@type\":\"ImageObject\",\"url\":\"https:\\\/\\\/www.eldigitaldeasturias.com\\\/noticias\\\/wp-content\\\/uploads\\\/2016\\\/09\\\/fotonoticia_20160909131117_800.jpg\",\"@id\":\"https:\\\/\\\/www.eldigitaldeasturias.com\\\/noticias\\\/caja-rural-de-asturias-y-la-asociacion-de-librerias-del-principado-de-asturias-firman-un-acuerdo-de-colaboracion\\\/#mainImage\",\"width\":800,\"height\":534},\"primaryImageOfPage\":{\"@id\":\"https:\\\/\\\/www.eldigitaldeasturias.com\\\/noticias\\\/caja-rural-de-asturias-y-la-asociacion-de-librerias-del-principado-de-asturias-firman-un-acuerdo-de-colaboracion\\\/#mainImage\"},\"datePublished\":\"2016-09-09T16:45:39+02:00\",\"dateModified\":\"2016-09-09T16:45:39+02:00\"},{\"@type\":\"WebSite\",\"@id\":\"https:\\\/\\\/www.eldigitaldeasturias.com\\\/noticias\\\/#website\",\"url\":\"https:\\\/\\\/www.eldigitaldeasturias.com\\\/noticias\\\/\",\"name\":\"El Digital de Asturias - Diario de actualidad y noticias\",\"alternateName\":\"El Digital de Asturias - Diario de actualidad y noticias\",\"description\":\"Hemeroteca\",\"inLanguage\":\"es-ES\",\"publisher\":{\"@id\":\"https:\\\/\\\/www.eldigitaldeasturias.com\\\/noticias\\\/#organization\"}}]}\n\t\t<\/script>\n\t\t<!-- All in One SEO Pro -->\r\n\t\t<title>Caja Rural de Asturias y la Asociaci\u00f3n de Librer\u00edas del Principado de Asturias firm\u00e1n un acuerdo de colaboraci\u00f3n - El Digital de Asturias<\/title>\n\n","aioseo_head_json":{"title":"Caja Rural de Asturias y la Asociaci\u00f3n de Librer\u00edas del Principado de Asturias firm\u00e1n un acuerdo de colaboraci\u00f3n - El Digital de Asturias","description":"Caja Rural de Asturias colabora con la Asociaci\u00f3n de Librer\u00edas del Principado de Asturias poniendo a disposici\u00f3n de 60 libreros del Principado una amplia gama de productos y servicios financieros en condiciones preferentes. El presidente de la Asociaci\u00f3n, Rafael Guti\u00e9rrez, y el director de zona de Caja Rural de Asturias, Rafael Gonz\u00e1lez, han firmado este","canonical_url":"https:\/\/www.eldigitaldeasturias.com\/noticias\/caja-rural-de-asturias-y-la-asociacion-de-librerias-del-principado-de-asturias-firman-un-acuerdo-de-colaboracion\/","robots":"max-image-preview:large","keywords":"actualidad","webmasterTools":{"google-site-verification":"UA-38556648-1","msvalidate.01":"7dfe9f3f1b24437ab69f4f2559babe99","miscellaneous":""},"schema":{"@context":"https:\/\/schema.org","@graph":[{"@type":"BlogPosting","@id":"https:\/\/www.eldigitaldeasturias.com\/noticias\/caja-rural-de-asturias-y-la-asociacion-de-librerias-del-principado-de-asturias-firman-un-acuerdo-de-colaboracion\/#blogposting","name":"Caja Rural de Asturias y la Asociaci\u00f3n de Librer\u00edas del Principado de Asturias firm\u00e1n un acuerdo de colaboraci\u00f3n - El Digital de Asturias","headline":"Caja Rural de Asturias y la Asociaci\u00f3n de Librer\u00edas del Principado de Asturias firm\u00e1n un acuerdo de colaboraci\u00f3n","author":{"@id":"https:\/\/www.eldigitaldeasturias.com\/noticias\/author\/admin\/#author"},"publisher":{"@id":"https:\/\/www.eldigitaldeasturias.com\/noticias\/#organization"},"image":{"@type":"ImageObject","url":"https:\/\/www.eldigitaldeasturias.com\/noticias\/wp-content\/uploads\/2016\/09\/fotonoticia_20160909131117_800.jpg","width":800,"height":534},"datePublished":"2016-09-09T16:45:39+02:00","dateModified":"2016-09-09T16:45:39+02:00","inLanguage":"es-ES","mainEntityOfPage":{"@id":"https:\/\/www.eldigitaldeasturias.com\/noticias\/caja-rural-de-asturias-y-la-asociacion-de-librerias-del-principado-de-asturias-firman-un-acuerdo-de-colaboracion\/#webpage"},"isPartOf":{"@id":"https:\/\/www.eldigitaldeasturias.com\/noticias\/caja-rural-de-asturias-y-la-asociacion-de-librerias-del-principado-de-asturias-firman-un-acuerdo-de-colaboracion\/#webpage"},"articleSection":"Actualidad"},{"@type":"BreadcrumbList","@id":"https:\/\/www.eldigitaldeasturias.com\/noticias\/caja-rural-de-asturias-y-la-asociacion-de-librerias-del-principado-de-asturias-firman-un-acuerdo-de-colaboracion\/#breadcrumblist","itemListElement":[{"@type":"ListItem","@id":"https:\/\/www.eldigitaldeasturias.com\/noticias#listItem","position":1,"name":"Home","item":"https:\/\/www.eldigitaldeasturias.com\/noticias","nextItem":{"@type":"ListItem","@id":"https:\/\/www.eldigitaldeasturias.com\/noticias\/category\/actualidad\/#listItem","name":"Actualidad"}},{"@type":"ListItem","@id":"https:\/\/www.eldigitaldeasturias.com\/noticias\/category\/actualidad\/#listItem","position":2,"name":"Actualidad","item":"https:\/\/www.eldigitaldeasturias.com\/noticias\/category\/actualidad\/","nextItem":{"@type":"ListItem","@id":"https:\/\/www.eldigitaldeasturias.com\/noticias\/caja-rural-de-asturias-y-la-asociacion-de-librerias-del-principado-de-asturias-firman-un-acuerdo-de-colaboracion\/#listItem","name":"Caja Rural de Asturias y la Asociaci\u00f3n de Librer\u00edas del Principado de Asturias firm\u00e1n un acuerdo de colaboraci\u00f3n"},"previousItem":{"@type":"ListItem","@id":"https:\/\/www.eldigitaldeasturias.com\/noticias#listItem","name":"Home"}},{"@type":"ListItem","@id":"https:\/\/www.eldigitaldeasturias.com\/noticias\/caja-rural-de-asturias-y-la-asociacion-de-librerias-del-principado-de-asturias-firman-un-acuerdo-de-colaboracion\/#listItem","position":3,"name":"Caja Rural de Asturias y la Asociaci\u00f3n de Librer\u00edas del Principado de Asturias firm\u00e1n un acuerdo de colaboraci\u00f3n","previousItem":{"@type":"ListItem","@id":"https:\/\/www.eldigitaldeasturias.com\/noticias\/category\/actualidad\/#listItem","name":"Actualidad"}}]},{"@type":"Organization","@id":"https:\/\/www.eldigitaldeasturias.com\/noticias\/#organization","name":"El Digital de Asturias","description":"Hemeroteca","url":"https:\/\/www.eldigitaldeasturias.com\/noticias\/","email":"info@eldigitaldeasturias.com","telephone":"+34652131393","logo":{"@type":"ImageObject","url":"https:\/\/www.eldigitaldeasturias.com\/noticias\/wp-content\/uploads\/2020\/12\/EDA.jpg","@id":"https:\/\/www.eldigitaldeasturias.com\/noticias\/caja-rural-de-asturias-y-la-asociacion-de-librerias-del-principado-de-asturias-firman-un-acuerdo-de-colaboracion\/#organizationLogo","width":649,"height":297},"image":{"@id":"https:\/\/www.eldigitaldeasturias.com\/noticias\/caja-rural-de-asturias-y-la-asociacion-de-librerias-del-principado-de-asturias-firman-un-acuerdo-de-colaboracion\/#organizationLogo"},"sameAs":["https:\/\/facebook.com\/eldigitaldeasturias","https:\/\/www.youtube.com\/channel\/UCZP-2wLEB9Rv6erhFmqVnvg"],"address":{"@id":"https:\/\/www.eldigitaldeasturias.com\/noticias\/#postaladdress","@type":"PostalAddress","streetAddress":"san antonio 4,","postalCode":"33430","addressLocality":"Cand\u00e1s","addressRegion":"Asturias","addressCountry":"ES"}},{"@type":"Person","@id":"https:\/\/www.eldigitaldeasturias.com\/noticias\/author\/admin\/#author","url":"https:\/\/www.eldigitaldeasturias.com\/noticias\/author\/admin\/","name":"El Digital de Asturias","image":{"@type":"ImageObject","@id":"https:\/\/www.eldigitaldeasturias.com\/noticias\/caja-rural-de-asturias-y-la-asociacion-de-librerias-del-principado-de-asturias-firman-un-acuerdo-de-colaboracion\/#authorImage","url":"https:\/\/www.eldigitaldeasturias.com\/noticias\/wp-content\/litespeed\/avatar\/18677e78aa0546b92d9dbf31ec7d7668.jpg?ver=1776685526","width":96,"height":96,"caption":"El Digital de Asturias"}},{"@type":"WebPage","@id":"https:\/\/www.eldigitaldeasturias.com\/noticias\/caja-rural-de-asturias-y-la-asociacion-de-librerias-del-principado-de-asturias-firman-un-acuerdo-de-colaboracion\/#webpage","url":"https:\/\/www.eldigitaldeasturias.com\/noticias\/caja-rural-de-asturias-y-la-asociacion-de-librerias-del-principado-de-asturias-firman-un-acuerdo-de-colaboracion\/","name":"Caja Rural de Asturias y la Asociaci\u00f3n de Librer\u00edas del Principado de Asturias firm\u00e1n un acuerdo de colaboraci\u00f3n - El Digital de Asturias","description":"Caja Rural de Asturias colabora con la Asociaci\u00f3n de Librer\u00edas del Principado de Asturias poniendo a disposici\u00f3n de 60 libreros del Principado una amplia gama de productos y servicios financieros en condiciones preferentes. El presidente de la Asociaci\u00f3n, Rafael Guti\u00e9rrez, y el director de zona de Caja Rural de Asturias, Rafael Gonz\u00e1lez, han firmado este","inLanguage":"es-ES","isPartOf":{"@id":"https:\/\/www.eldigitaldeasturias.com\/noticias\/#website"},"breadcrumb":{"@id":"https:\/\/www.eldigitaldeasturias.com\/noticias\/caja-rural-de-asturias-y-la-asociacion-de-librerias-del-principado-de-asturias-firman-un-acuerdo-de-colaboracion\/#breadcrumblist"},"author":{"@id":"https:\/\/www.eldigitaldeasturias.com\/noticias\/author\/admin\/#author"},"creator":{"@id":"https:\/\/www.eldigitaldeasturias.com\/noticias\/author\/admin\/#author"},"image":{"@type":"ImageObject","url":"https:\/\/www.eldigitaldeasturias.com\/noticias\/wp-content\/uploads\/2016\/09\/fotonoticia_20160909131117_800.jpg","@id":"https:\/\/www.eldigitaldeasturias.com\/noticias\/caja-rural-de-asturias-y-la-asociacion-de-librerias-del-principado-de-asturias-firman-un-acuerdo-de-colaboracion\/#mainImage","width":800,"height":534},"primaryImageOfPage":{"@id":"https:\/\/www.eldigitaldeasturias.com\/noticias\/caja-rural-de-asturias-y-la-asociacion-de-librerias-del-principado-de-asturias-firman-un-acuerdo-de-colaboracion\/#mainImage"},"datePublished":"2016-09-09T16:45:39+02:00","dateModified":"2016-09-09T16:45:39+02:00"},{"@type":"WebSite","@id":"https:\/\/www.eldigitaldeasturias.com\/noticias\/#website","url":"https:\/\/www.eldigitaldeasturias.com\/noticias\/","name":"El Digital de Asturias - Diario de actualidad y noticias","alternateName":"El Digital de Asturias - Diario de actualidad y noticias","description":"Hemeroteca","inLanguage":"es-ES","publisher":{"@id":"https:\/\/www.eldigitaldeasturias.com\/noticias\/#organization"}}]},"og:locale":"es_ES","og:site_name":"El Digital de Asturias","og:type":"article","og:title":"Caja Rural de Asturias y la Asociaci\u00f3n de Librer\u00edas del Principado de Asturias firm\u00e1n un acuerdo de colaboraci\u00f3n - El Digital de Asturias","og:description":"Caja Rural de Asturias colabora con la Asociaci\u00f3n de Librer\u00edas del Principado de Asturias poniendo a disposici\u00f3n de 60 libreros del Principado una amplia gama de productos y servicios financieros en condiciones preferentes. El presidente de la Asociaci\u00f3n, Rafael Guti\u00e9rrez, y el director de zona de Caja Rural de Asturias, Rafael Gonz\u00e1lez, han firmado este","og:url":"https:\/\/www.eldigitaldeasturias.com\/noticias\/caja-rural-de-asturias-y-la-asociacion-de-librerias-del-principado-de-asturias-firman-un-acuerdo-de-colaboracion\/","og:image":"https:\/\/www.eldigitaldeasturias.com\/noticias\/wp-content\/uploads\/2016\/09\/fotonoticia_20160909131117_800.jpg","og:image:secure_url":"https:\/\/www.eldigitaldeasturias.com\/noticias\/wp-content\/uploads\/2016\/09\/fotonoticia_20160909131117_800.jpg","og:image:width":800,"og:image:height":534,"article:tag":["actualidad"],"article:published_time":"2016-09-09T15:45:39+00:00","article:modified_time":"2016-09-09T15:45:39+00:00","article:publisher":"https:\/\/facebook.com\/eldigitaldeasturias","twitter:card":"summary_large_image","twitter:title":"Caja Rural de Asturias y la Asociaci\u00f3n de Librer\u00edas del Principado de Asturias firm\u00e1n un acuerdo de colaboraci\u00f3n - El Digital de Asturias","twitter:description":"Caja Rural de Asturias colabora con la Asociaci\u00f3n de Librer\u00edas del Principado de Asturias poniendo a disposici\u00f3n de 60 libreros del Principado una amplia gama de productos y servicios financieros en condiciones preferentes. El presidente de la Asociaci\u00f3n, Rafael Guti\u00e9rrez, y el director de zona de Caja Rural de Asturias, Rafael Gonz\u00e1lez, han firmado este","twitter:image":"https:\/\/www.eldigitaldeasturias.com\/noticias\/wp-content\/uploads\/2016\/09\/fotonoticia_20160909131117_800.jpg","twitter:label1":"Escrito por","twitter:data1":"El Digital de Asturias","twitter:label2":"Tiempo de lectura estimado","twitter:data2":"1 minuto"},"aioseo_meta_data":{"post_id":"906606","title":null,"description":null,"keywords":null,"keyphrases":null,"primary_term":null,"canonical_url":null,"og_title":null,"og_description":null,"og_object_type":"default","og_image_type":"default","og_image_url":null,"og_image_width":null,"og_image_height":null,"og_image_custom_url":null,"og_image_custom_fields":null,"og_video":null,"og_custom_url":null,"og_article_section":null,"og_article_tags":null,"twitter_use_og":false,"twitter_card":"default","twitter_image_type":"default","twitter_image_url":null,"twitter_image_custom_url":null,"twitter_image_custom_fields":null,"twitter_title":null,"twitter_description":null,"schema":{"blockGraphs":[],"customGraphs":[],"default":{"data":{"Article":[],"Course":[],"Dataset":[],"FAQPage":[],"Movie":[],"Person":[],"Product":[],"ProductReview":[],"Car":[],"Recipe":[],"Service":[],"SoftwareApplication":[],"WebPage":[]},"graphName":"","isEnabled":true},"graphs":[],"defaultGraph":"","defaultPostTypeGraph":""},"schema_type":null,"schema_type_options":null,"pillar_content":false,"robots_default":true,"robots_noindex":false,"robots_noarchive":false,"robots_nosnippet":false,"robots_nofollow":false,"robots_noimageindex":false,"robots_noodp":false,"robots_notranslate":false,"robots_max_snippet":null,"robots_max_videopreview":null,"robots_max_imagepreview":"large","priority":null,"frequency":null,"local_seo":null,"seo_analyzer_scan_date":"2025-11-30 09:35:13","breadcrumb_settings":null,"limit_modified_date":false,"open_ai":null,"ai":null,"created":"2020-12-21 14:01:30","updated":"2025-11-30 09:35:13"},"aioseo_breadcrumb":"<div class=\"aioseo-breadcrumbs\"><span class=\"aioseo-breadcrumb\">\n\t<a href=\"https:\/\/www.eldigitaldeasturias.com\/noticias\" title=\"Home\">Home<\/a>\n<\/span><span class=\"aioseo-breadcrumb-separator\">\u2013<\/span><span class=\"aioseo-breadcrumb\">\n\t<a href=\"https:\/\/www.eldigitaldeasturias.com\/noticias\/category\/actualidad\/\" title=\"Actualidad\">Actualidad<\/a>\n<\/span><span class=\"aioseo-breadcrumb-separator\">\u2013<\/span><span class=\"aioseo-breadcrumb\">\n\t<a href=\"https:\/\/www.eldigitaldeasturias.com\/noticias\/caja-rural-de-asturias-y-la-asociacion-de-librerias-del-principado-de-asturias-firman-un-acuerdo-de-colaboracion\/\" title=\"Caja Rural de Asturias y la Asociaci\u00f3n de Librer\u00edas del Principado de Asturias firm\u00e1n un acuerdo de colaboraci\u00f3n\">Caja Rural de Asturias y la Asociaci\u00f3n de Librer\u00edas del Principado de Asturias firm\u00e1n un acuerdo de colaboraci\u00f3n<\/a>\n<\/span><\/div>","aioseo_breadcrumb_json":[{"label":"Home","link":"https:\/\/www.eldigitaldeasturias.com\/noticias"},{"label":"Actualidad","link":"https:\/\/www.eldigitaldeasturias.com\/noticias\/category\/actualidad\/"},{"label":"Caja Rural de Asturias y la Asociaci\u00f3n de Librer\u00edas del Principado de Asturias firm\u00e1n un acuerdo de colaboraci\u00f3n","link":"https:\/\/www.eldigitaldeasturias.com\/noticias\/caja-rural-de-asturias-y-la-asociacion-de-librerias-del-principado-de-asturias-firman-un-acuerdo-de-colaboracion\/"}],"_links":{"self":[{"href":"https:\/\/www.eldigitaldeasturias.com\/noticias\/wp-json\/wp\/v2\/posts\/906606","targetHints":{"allow":["GET"]}}],"collection":[{"href":"https:\/\/www.eldigitaldeasturias.com\/noticias\/wp-json\/wp\/v2\/posts"}],"about":[{"href":"https:\/\/www.eldigitaldeasturias.com\/noticias\/wp-json\/wp\/v2\/types\/post"}],"author":[{"embeddable":true,"href":"https:\/\/www.eldigitaldeasturias.com\/noticias\/wp-json\/wp\/v2\/users\/1"}],"replies":[{"embeddable":true,"href":"https:\/\/www.eldigitaldeasturias.com\/noticias\/wp-json\/wp\/v2\/comments?post=906606"}],"version-history":[{"count":0,"href":"https:\/\/www.eldigitaldeasturias.com\/noticias\/wp-json\/wp\/v2\/posts\/906606\/revisions"}],"wp:featuredmedia":[{"embeddable":true,"href":"https:\/\/www.eldigitaldeasturias.com\/noticias\/wp-json\/wp\/v2\/media\/906607"}],"wp:attachment":[{"href":"https:\/\/www.eldigitaldeasturias.com\/noticias\/wp-json\/wp\/v2\/media?parent=906606"}],"wp:term":[{"taxonomy":"category","embeddable":true,"href":"https:\/\/www.eldigitaldeasturias.com\/noticias\/wp-json\/wp\/v2\/categories?post=906606"},{"taxonomy":"post_tag","embeddable":true,"href":"https:\/\/www.eldigitaldeasturias.com\/noticias\/wp-json\/wp\/v2\/tags?post=906606"}],"curies":[{"name":"wp","href":"https:\/\/api.w.org\/{rel}","templated":true}]}}