{"id":906603,"date":"2016-09-09T16:42:36","date_gmt":"2016-09-09T15:42:36","guid":{"rendered":"http:\/\/www.eldigitaldeasturias.com\/noticias\/?p=906603"},"modified":"2016-09-09T16:42:36","modified_gmt":"2016-09-09T15:42:36","slug":"jose-alvarez-siete-de-cada-10-espanoles-no-votaron-al-pp","status":"publish","type":"post","link":"https:\/\/www.eldigitaldeasturias.com\/noticias\/jose-alvarez-siete-de-cada-10-espanoles-no-votaron-al-pp\/","title":{"rendered":"Jos\u00e9 \u00c1lvarez: \u00abSiete de cada 10 espa\u00f1oles no votaron al PP\u00bb"},"content":{"rendered":"<p><img loading=\"lazy\" decoding=\"async\" class=\"alignleft size-medium wp-image-906604\" src=\"https:\/\/www.eldigitaldeasturias.com\/noticias\/wp-content\/uploads\/2016\/09\/fotonoticia_20160909130815_800-203x320.jpg\" alt=\"fotonoticia_20160909130815_800\" width=\"203\" height=\"320\" srcset=\"https:\/\/www.eldigitaldeasturias.com\/noticias\/wp-content\/uploads\/2016\/09\/fotonoticia_20160909130815_800-203x320.jpg 203w, https:\/\/www.eldigitaldeasturias.com\/noticias\/wp-content\/uploads\/2016\/09\/fotonoticia_20160909130815_800-768x1210.jpg 768w, https:\/\/www.eldigitaldeasturias.com\/noticias\/wp-content\/uploads\/2016\/09\/fotonoticia_20160909130815_800-413x650.jpg 413w, https:\/\/www.eldigitaldeasturias.com\/noticias\/wp-content\/uploads\/2016\/09\/fotonoticia_20160909130815_800.jpg 800w\" sizes=\"auto, (max-width: 203px) 100vw, 203px\" \/>El secretario general de UGT, Jos\u00e9 \u00c1lvarez, ha manifestado que es \u00abnecesario que Espa\u00f1a tenga un gobierno de cambio que defienda los intereses de la mayor\u00eda\u00bb y ha destacado que tras los \u00faltimos comicios \u00abs\u00f3lo tres de cada 10 electores dieron soporte al Partido Popular para que vuelva a gobernar\u00bb.<\/p>\n<p>\u00abEs un momento importante para Espa\u00f1a, no puede haber pausas ni esperas y tampoco las elecciones en algunas Comunidades Aut\u00f3nomas deber\u00edas de parar el ritmo de trabajo para constituir un gobierno\u00bb, se\u00f1ala \u00c1lvarez en la clausura este viernes de la Escuela Internacional de Verano Manuel Fern\u00e1ndez L\u00f3pez &#8216;Lito&#8217; en Gij\u00f3n.<\/p>\n<p>Se ha mostrado optimista \u00abporque si no se forma un gobierno pronto la frustraci\u00f3n pol\u00edtica y la situaci\u00f3n que se crear\u00eda entre electores y partidos, ser\u00eda fatal. Toca empujar para que no haya pausas y para que el proceso se pueda realizar de la manera m\u00e1s inmediata posible.<\/p>\n<p>El l\u00edder sindical ha apostado por un Gobierno que derogue la \u00abLey mordaza, que modifique el C\u00f3digo Penal Y derogue la reforma laboral con aumentos de salario\u00bb. \u00abNo es misi\u00f3n de UGT determinar quien tiene que gobernar pero s\u00ed situar para que se debe gobernar\u00bb, a\u00f1ade.<\/p>\n<p>En este sentido, ha recordado que durante la campa\u00f1a electoral el sindicato ha planteado 20 propuestas que no han sido respaldadas ni por el PP ni por Ciudadanos. Y por ello apuesta por un Gobierno que mantenga los servicios sociales, que renueve el salario m\u00ednimo profesional y que aumente las pensiones.<\/p>\n<p>&nbsp;<\/p>\n","protected":false},"excerpt":{"rendered":"<p>El secretario general de UGT, Jos\u00e9 \u00c1lvarez, ha manifestado que es \u00abnecesario que Espa\u00f1a tenga un gobierno de cambio que defienda los intereses de la mayor\u00eda\u00bb y ha destacado que tras los \u00faltimos comicios \u00abs\u00f3lo tres de cada 10 electores dieron soporte al Partido Popular para que vuelva a gobernar\u00bb. \u00abEs un momento importante para [&hellip;]<\/p>\n","protected":false},"author":1,"featured_media":906604,"comment_status":"closed","ping_status":"closed","sticky":false,"template":"","format":"standard","meta":{"footnotes":""},"categories":[1],"tags":[],"class_list":["post-906603","post","type-post","status-publish","format-standard","has-post-thumbnail","hentry","category-actualidad"],"aioseo_notices":[],"aioseo_head":"\n\t\t<!-- All in One SEO Pro 4.9.6.2 - aioseo.com -->\n\t<meta name=\"description\" content=\"El secretario general de UGT, Jos\u00e9 \u00c1lvarez, ha manifestado que es &quot;necesario que Espa\u00f1a tenga un gobierno de cambio que defienda los intereses de la mayor\u00eda&quot; y ha destacado que tras los \u00faltimos comicios &quot;s\u00f3lo tres de cada 10 electores dieron soporte al Partido Popular para que vuelva a gobernar&quot;. &quot;Es un momento importante para\" \/>\n\t<meta name=\"robots\" content=\"max-image-preview:large\" \/>\n\t<meta name=\"author\" content=\"El Digital de Asturias\"\/>\n\t<meta name=\"google-site-verification\" content=\"UA-38556648-1\" \/>\n\t<meta name=\"msvalidate.01\" content=\"7dfe9f3f1b24437ab69f4f2559babe99\" \/>\n\t<meta name=\"keywords\" content=\"actualidad\" \/>\n\t<link rel=\"canonical\" href=\"https:\/\/www.eldigitaldeasturias.com\/noticias\/jose-alvarez-siete-de-cada-10-espanoles-no-votaron-al-pp\/\" \/>\n\t<meta name=\"generator\" content=\"All in One SEO Pro (AIOSEO) 4.9.6.2\" \/>\n\t\t<meta property=\"og:locale\" content=\"es_ES\" \/>\n\t\t<meta property=\"og:site_name\" content=\"El Digital de Asturias\" \/>\n\t\t<meta property=\"og:type\" content=\"article\" \/>\n\t\t<meta property=\"og:title\" content=\"Jos\u00e9 \u00c1lvarez: \u00abSiete de cada 10 espa\u00f1oles no votaron al PP\u00bb - El Digital de Asturias\" \/>\n\t\t<meta property=\"og:description\" content=\"El secretario general de UGT, Jos\u00e9 \u00c1lvarez, ha manifestado que es &quot;necesario que Espa\u00f1a tenga un gobierno de cambio que defienda los intereses de la mayor\u00eda&quot; y ha destacado que tras los \u00faltimos comicios &quot;s\u00f3lo tres de cada 10 electores dieron soporte al Partido Popular para que vuelva a gobernar&quot;. &quot;Es un momento importante para\" \/>\n\t\t<meta property=\"og:url\" content=\"https:\/\/www.eldigitaldeasturias.com\/noticias\/jose-alvarez-siete-de-cada-10-espanoles-no-votaron-al-pp\/\" \/>\n\t\t<meta property=\"og:image\" content=\"https:\/\/www.eldigitaldeasturias.com\/noticias\/wp-content\/uploads\/2016\/09\/fotonoticia_20160909130815_800.jpg\" \/>\n\t\t<meta property=\"og:image:secure_url\" content=\"https:\/\/www.eldigitaldeasturias.com\/noticias\/wp-content\/uploads\/2016\/09\/fotonoticia_20160909130815_800.jpg\" \/>\n\t\t<meta property=\"og:image:width\" content=\"800\" \/>\n\t\t<meta property=\"og:image:height\" content=\"1260\" \/>\n\t\t<meta property=\"article:tag\" content=\"actualidad\" \/>\n\t\t<meta property=\"article:published_time\" content=\"2016-09-09T15:42:36+00:00\" \/>\n\t\t<meta property=\"article:modified_time\" content=\"2016-09-09T15:42:36+00:00\" \/>\n\t\t<meta property=\"article:publisher\" content=\"https:\/\/facebook.com\/eldigitaldeasturias\" \/>\n\t\t<meta name=\"twitter:card\" content=\"summary_large_image\" \/>\n\t\t<meta name=\"twitter:title\" content=\"Jos\u00e9 \u00c1lvarez: \u00abSiete de cada 10 espa\u00f1oles no votaron al PP\u00bb - El Digital de Asturias\" \/>\n\t\t<meta name=\"twitter:description\" content=\"El secretario general de UGT, Jos\u00e9 \u00c1lvarez, ha manifestado que es &quot;necesario que Espa\u00f1a tenga un gobierno de cambio que defienda los intereses de la mayor\u00eda&quot; y ha destacado que tras los \u00faltimos comicios &quot;s\u00f3lo tres de cada 10 electores dieron soporte al Partido Popular para que vuelva a gobernar&quot;. &quot;Es un momento importante para\" \/>\n\t\t<meta name=\"twitter:image\" content=\"https:\/\/www.eldigitaldeasturias.com\/noticias\/wp-content\/uploads\/2016\/09\/fotonoticia_20160909130815_800.jpg\" \/>\n\t\t<meta name=\"twitter:label1\" content=\"Escrito por\" \/>\n\t\t<meta name=\"twitter:data1\" content=\"El Digital de Asturias\" \/>\n\t\t<meta name=\"twitter:label2\" content=\"Tiempo de lectura estimado\" \/>\n\t\t<meta name=\"twitter:data2\" content=\"1 minuto\" \/>\n\t\t<script type=\"application\/ld+json\" class=\"aioseo-schema\">\n\t\t\t{\"@context\":\"https:\\\/\\\/schema.org\",\"@graph\":[{\"@type\":\"BlogPosting\",\"@id\":\"https:\\\/\\\/www.eldigitaldeasturias.com\\\/noticias\\\/jose-alvarez-siete-de-cada-10-espanoles-no-votaron-al-pp\\\/#blogposting\",\"name\":\"Jos\\u00e9 \\u00c1lvarez: \\u00abSiete de cada 10 espa\\u00f1oles no votaron al PP\\u00bb - El Digital de Asturias\",\"headline\":\"Jos\\u00e9 \\u00c1lvarez: \\u00abSiete de cada 10 espa\\u00f1oles no votaron al PP\\u00bb\",\"author\":{\"@id\":\"https:\\\/\\\/www.eldigitaldeasturias.com\\\/noticias\\\/author\\\/admin\\\/#author\"},\"publisher\":{\"@id\":\"https:\\\/\\\/www.eldigitaldeasturias.com\\\/noticias\\\/#organization\"},\"image\":{\"@type\":\"ImageObject\",\"url\":\"https:\\\/\\\/www.eldigitaldeasturias.com\\\/noticias\\\/wp-content\\\/uploads\\\/2016\\\/09\\\/fotonoticia_20160909130815_800.jpg\",\"width\":800,\"height\":1260},\"datePublished\":\"2016-09-09T16:42:36+02:00\",\"dateModified\":\"2016-09-09T16:42:36+02:00\",\"inLanguage\":\"es-ES\",\"mainEntityOfPage\":{\"@id\":\"https:\\\/\\\/www.eldigitaldeasturias.com\\\/noticias\\\/jose-alvarez-siete-de-cada-10-espanoles-no-votaron-al-pp\\\/#webpage\"},\"isPartOf\":{\"@id\":\"https:\\\/\\\/www.eldigitaldeasturias.com\\\/noticias\\\/jose-alvarez-siete-de-cada-10-espanoles-no-votaron-al-pp\\\/#webpage\"},\"articleSection\":\"Actualidad\"},{\"@type\":\"BreadcrumbList\",\"@id\":\"https:\\\/\\\/www.eldigitaldeasturias.com\\\/noticias\\\/jose-alvarez-siete-de-cada-10-espanoles-no-votaron-al-pp\\\/#breadcrumblist\",\"itemListElement\":[{\"@type\":\"ListItem\",\"@id\":\"https:\\\/\\\/www.eldigitaldeasturias.com\\\/noticias#listItem\",\"position\":1,\"name\":\"Home\",\"item\":\"https:\\\/\\\/www.eldigitaldeasturias.com\\\/noticias\",\"nextItem\":{\"@type\":\"ListItem\",\"@id\":\"https:\\\/\\\/www.eldigitaldeasturias.com\\\/noticias\\\/category\\\/actualidad\\\/#listItem\",\"name\":\"Actualidad\"}},{\"@type\":\"ListItem\",\"@id\":\"https:\\\/\\\/www.eldigitaldeasturias.com\\\/noticias\\\/category\\\/actualidad\\\/#listItem\",\"position\":2,\"name\":\"Actualidad\",\"item\":\"https:\\\/\\\/www.eldigitaldeasturias.com\\\/noticias\\\/category\\\/actualidad\\\/\",\"nextItem\":{\"@type\":\"ListItem\",\"@id\":\"https:\\\/\\\/www.eldigitaldeasturias.com\\\/noticias\\\/jose-alvarez-siete-de-cada-10-espanoles-no-votaron-al-pp\\\/#listItem\",\"name\":\"Jos\\u00e9 \\u00c1lvarez: \\u00abSiete de cada 10 espa\\u00f1oles no votaron al PP\\u00bb\"},\"previousItem\":{\"@type\":\"ListItem\",\"@id\":\"https:\\\/\\\/www.eldigitaldeasturias.com\\\/noticias#listItem\",\"name\":\"Home\"}},{\"@type\":\"ListItem\",\"@id\":\"https:\\\/\\\/www.eldigitaldeasturias.com\\\/noticias\\\/jose-alvarez-siete-de-cada-10-espanoles-no-votaron-al-pp\\\/#listItem\",\"position\":3,\"name\":\"Jos\\u00e9 \\u00c1lvarez: \\u00abSiete de cada 10 espa\\u00f1oles no votaron al PP\\u00bb\",\"previousItem\":{\"@type\":\"ListItem\",\"@id\":\"https:\\\/\\\/www.eldigitaldeasturias.com\\\/noticias\\\/category\\\/actualidad\\\/#listItem\",\"name\":\"Actualidad\"}}]},{\"@type\":\"Organization\",\"@id\":\"https:\\\/\\\/www.eldigitaldeasturias.com\\\/noticias\\\/#organization\",\"name\":\"El Digital de Asturias\",\"description\":\"Hemeroteca\",\"url\":\"https:\\\/\\\/www.eldigitaldeasturias.com\\\/noticias\\\/\",\"email\":\"info@eldigitaldeasturias.com\",\"telephone\":\"+34652131393\",\"logo\":{\"@type\":\"ImageObject\",\"url\":\"https:\\\/\\\/www.eldigitaldeasturias.com\\\/noticias\\\/wp-content\\\/uploads\\\/2020\\\/12\\\/EDA.jpg\",\"@id\":\"https:\\\/\\\/www.eldigitaldeasturias.com\\\/noticias\\\/jose-alvarez-siete-de-cada-10-espanoles-no-votaron-al-pp\\\/#organizationLogo\",\"width\":649,\"height\":297},\"image\":{\"@id\":\"https:\\\/\\\/www.eldigitaldeasturias.com\\\/noticias\\\/jose-alvarez-siete-de-cada-10-espanoles-no-votaron-al-pp\\\/#organizationLogo\"},\"sameAs\":[\"https:\\\/\\\/facebook.com\\\/eldigitaldeasturias\",\"https:\\\/\\\/www.youtube.com\\\/channel\\\/UCZP-2wLEB9Rv6erhFmqVnvg\"],\"address\":{\"@id\":\"https:\\\/\\\/www.eldigitaldeasturias.com\\\/noticias\\\/#postaladdress\",\"@type\":\"PostalAddress\",\"streetAddress\":\"san antonio 4,\",\"postalCode\":\"33430\",\"addressLocality\":\"Cand\\u00e1s\",\"addressRegion\":\"Asturias\",\"addressCountry\":\"ES\"}},{\"@type\":\"Person\",\"@id\":\"https:\\\/\\\/www.eldigitaldeasturias.com\\\/noticias\\\/author\\\/admin\\\/#author\",\"url\":\"https:\\\/\\\/www.eldigitaldeasturias.com\\\/noticias\\\/author\\\/admin\\\/\",\"name\":\"El Digital de Asturias\",\"image\":{\"@type\":\"ImageObject\",\"@id\":\"https:\\\/\\\/www.eldigitaldeasturias.com\\\/noticias\\\/jose-alvarez-siete-de-cada-10-espanoles-no-votaron-al-pp\\\/#authorImage\",\"url\":\"https:\\\/\\\/www.eldigitaldeasturias.com\\\/noticias\\\/wp-content\\\/litespeed\\\/avatar\\\/18677e78aa0546b92d9dbf31ec7d7668.jpg?ver=1776685526\",\"width\":96,\"height\":96,\"caption\":\"El Digital de Asturias\"}},{\"@type\":\"WebPage\",\"@id\":\"https:\\\/\\\/www.eldigitaldeasturias.com\\\/noticias\\\/jose-alvarez-siete-de-cada-10-espanoles-no-votaron-al-pp\\\/#webpage\",\"url\":\"https:\\\/\\\/www.eldigitaldeasturias.com\\\/noticias\\\/jose-alvarez-siete-de-cada-10-espanoles-no-votaron-al-pp\\\/\",\"name\":\"Jos\\u00e9 \\u00c1lvarez: \\u00abSiete de cada 10 espa\\u00f1oles no votaron al PP\\u00bb - El Digital de Asturias\",\"description\":\"El secretario general de UGT, Jos\\u00e9 \\u00c1lvarez, ha manifestado que es \\\"necesario que Espa\\u00f1a tenga un gobierno de cambio que defienda los intereses de la mayor\\u00eda\\\" y ha destacado que tras los \\u00faltimos comicios \\\"s\\u00f3lo tres de cada 10 electores dieron soporte al Partido Popular para que vuelva a gobernar\\\". \\\"Es un momento importante para\",\"inLanguage\":\"es-ES\",\"isPartOf\":{\"@id\":\"https:\\\/\\\/www.eldigitaldeasturias.com\\\/noticias\\\/#website\"},\"breadcrumb\":{\"@id\":\"https:\\\/\\\/www.eldigitaldeasturias.com\\\/noticias\\\/jose-alvarez-siete-de-cada-10-espanoles-no-votaron-al-pp\\\/#breadcrumblist\"},\"author\":{\"@id\":\"https:\\\/\\\/www.eldigitaldeasturias.com\\\/noticias\\\/author\\\/admin\\\/#author\"},\"creator\":{\"@id\":\"https:\\\/\\\/www.eldigitaldeasturias.com\\\/noticias\\\/author\\\/admin\\\/#author\"},\"image\":{\"@type\":\"ImageObject\",\"url\":\"https:\\\/\\\/www.eldigitaldeasturias.com\\\/noticias\\\/wp-content\\\/uploads\\\/2016\\\/09\\\/fotonoticia_20160909130815_800.jpg\",\"@id\":\"https:\\\/\\\/www.eldigitaldeasturias.com\\\/noticias\\\/jose-alvarez-siete-de-cada-10-espanoles-no-votaron-al-pp\\\/#mainImage\",\"width\":800,\"height\":1260},\"primaryImageOfPage\":{\"@id\":\"https:\\\/\\\/www.eldigitaldeasturias.com\\\/noticias\\\/jose-alvarez-siete-de-cada-10-espanoles-no-votaron-al-pp\\\/#mainImage\"},\"datePublished\":\"2016-09-09T16:42:36+02:00\",\"dateModified\":\"2016-09-09T16:42:36+02:00\"},{\"@type\":\"WebSite\",\"@id\":\"https:\\\/\\\/www.eldigitaldeasturias.com\\\/noticias\\\/#website\",\"url\":\"https:\\\/\\\/www.eldigitaldeasturias.com\\\/noticias\\\/\",\"name\":\"El Digital de Asturias - Diario de actualidad y noticias\",\"alternateName\":\"El Digital de Asturias - Diario de actualidad y noticias\",\"description\":\"Hemeroteca\",\"inLanguage\":\"es-ES\",\"publisher\":{\"@id\":\"https:\\\/\\\/www.eldigitaldeasturias.com\\\/noticias\\\/#organization\"}}]}\n\t\t<\/script>\n\t\t<!-- All in One SEO Pro -->\r\n\t\t<title>Jos\u00e9 \u00c1lvarez: \u00abSiete de cada 10 espa\u00f1oles no votaron al PP\u00bb - El Digital de Asturias<\/title>\n\n","aioseo_head_json":{"title":"Jos\u00e9 \u00c1lvarez: \u00abSiete de cada 10 espa\u00f1oles no votaron al PP\u00bb - El Digital de Asturias","description":"El secretario general de UGT, Jos\u00e9 \u00c1lvarez, ha manifestado que es \"necesario que Espa\u00f1a tenga un gobierno de cambio que defienda los intereses de la mayor\u00eda\" y ha destacado que tras los \u00faltimos comicios \"s\u00f3lo tres de cada 10 electores dieron soporte al Partido Popular para que vuelva a gobernar\". \"Es un momento importante para","canonical_url":"https:\/\/www.eldigitaldeasturias.com\/noticias\/jose-alvarez-siete-de-cada-10-espanoles-no-votaron-al-pp\/","robots":"max-image-preview:large","keywords":"actualidad","webmasterTools":{"google-site-verification":"UA-38556648-1","msvalidate.01":"7dfe9f3f1b24437ab69f4f2559babe99","miscellaneous":""},"schema":{"@context":"https:\/\/schema.org","@graph":[{"@type":"BlogPosting","@id":"https:\/\/www.eldigitaldeasturias.com\/noticias\/jose-alvarez-siete-de-cada-10-espanoles-no-votaron-al-pp\/#blogposting","name":"Jos\u00e9 \u00c1lvarez: \u00abSiete de cada 10 espa\u00f1oles no votaron al PP\u00bb - El Digital de Asturias","headline":"Jos\u00e9 \u00c1lvarez: \u00abSiete de cada 10 espa\u00f1oles no votaron al PP\u00bb","author":{"@id":"https:\/\/www.eldigitaldeasturias.com\/noticias\/author\/admin\/#author"},"publisher":{"@id":"https:\/\/www.eldigitaldeasturias.com\/noticias\/#organization"},"image":{"@type":"ImageObject","url":"https:\/\/www.eldigitaldeasturias.com\/noticias\/wp-content\/uploads\/2016\/09\/fotonoticia_20160909130815_800.jpg","width":800,"height":1260},"datePublished":"2016-09-09T16:42:36+02:00","dateModified":"2016-09-09T16:42:36+02:00","inLanguage":"es-ES","mainEntityOfPage":{"@id":"https:\/\/www.eldigitaldeasturias.com\/noticias\/jose-alvarez-siete-de-cada-10-espanoles-no-votaron-al-pp\/#webpage"},"isPartOf":{"@id":"https:\/\/www.eldigitaldeasturias.com\/noticias\/jose-alvarez-siete-de-cada-10-espanoles-no-votaron-al-pp\/#webpage"},"articleSection":"Actualidad"},{"@type":"BreadcrumbList","@id":"https:\/\/www.eldigitaldeasturias.com\/noticias\/jose-alvarez-siete-de-cada-10-espanoles-no-votaron-al-pp\/#breadcrumblist","itemListElement":[{"@type":"ListItem","@id":"https:\/\/www.eldigitaldeasturias.com\/noticias#listItem","position":1,"name":"Home","item":"https:\/\/www.eldigitaldeasturias.com\/noticias","nextItem":{"@type":"ListItem","@id":"https:\/\/www.eldigitaldeasturias.com\/noticias\/category\/actualidad\/#listItem","name":"Actualidad"}},{"@type":"ListItem","@id":"https:\/\/www.eldigitaldeasturias.com\/noticias\/category\/actualidad\/#listItem","position":2,"name":"Actualidad","item":"https:\/\/www.eldigitaldeasturias.com\/noticias\/category\/actualidad\/","nextItem":{"@type":"ListItem","@id":"https:\/\/www.eldigitaldeasturias.com\/noticias\/jose-alvarez-siete-de-cada-10-espanoles-no-votaron-al-pp\/#listItem","name":"Jos\u00e9 \u00c1lvarez: \u00abSiete de cada 10 espa\u00f1oles no votaron al PP\u00bb"},"previousItem":{"@type":"ListItem","@id":"https:\/\/www.eldigitaldeasturias.com\/noticias#listItem","name":"Home"}},{"@type":"ListItem","@id":"https:\/\/www.eldigitaldeasturias.com\/noticias\/jose-alvarez-siete-de-cada-10-espanoles-no-votaron-al-pp\/#listItem","position":3,"name":"Jos\u00e9 \u00c1lvarez: \u00abSiete de cada 10 espa\u00f1oles no votaron al PP\u00bb","previousItem":{"@type":"ListItem","@id":"https:\/\/www.eldigitaldeasturias.com\/noticias\/category\/actualidad\/#listItem","name":"Actualidad"}}]},{"@type":"Organization","@id":"https:\/\/www.eldigitaldeasturias.com\/noticias\/#organization","name":"El Digital de Asturias","description":"Hemeroteca","url":"https:\/\/www.eldigitaldeasturias.com\/noticias\/","email":"info@eldigitaldeasturias.com","telephone":"+34652131393","logo":{"@type":"ImageObject","url":"https:\/\/www.eldigitaldeasturias.com\/noticias\/wp-content\/uploads\/2020\/12\/EDA.jpg","@id":"https:\/\/www.eldigitaldeasturias.com\/noticias\/jose-alvarez-siete-de-cada-10-espanoles-no-votaron-al-pp\/#organizationLogo","width":649,"height":297},"image":{"@id":"https:\/\/www.eldigitaldeasturias.com\/noticias\/jose-alvarez-siete-de-cada-10-espanoles-no-votaron-al-pp\/#organizationLogo"},"sameAs":["https:\/\/facebook.com\/eldigitaldeasturias","https:\/\/www.youtube.com\/channel\/UCZP-2wLEB9Rv6erhFmqVnvg"],"address":{"@id":"https:\/\/www.eldigitaldeasturias.com\/noticias\/#postaladdress","@type":"PostalAddress","streetAddress":"san antonio 4,","postalCode":"33430","addressLocality":"Cand\u00e1s","addressRegion":"Asturias","addressCountry":"ES"}},{"@type":"Person","@id":"https:\/\/www.eldigitaldeasturias.com\/noticias\/author\/admin\/#author","url":"https:\/\/www.eldigitaldeasturias.com\/noticias\/author\/admin\/","name":"El Digital de Asturias","image":{"@type":"ImageObject","@id":"https:\/\/www.eldigitaldeasturias.com\/noticias\/jose-alvarez-siete-de-cada-10-espanoles-no-votaron-al-pp\/#authorImage","url":"https:\/\/www.eldigitaldeasturias.com\/noticias\/wp-content\/litespeed\/avatar\/18677e78aa0546b92d9dbf31ec7d7668.jpg?ver=1776685526","width":96,"height":96,"caption":"El Digital de Asturias"}},{"@type":"WebPage","@id":"https:\/\/www.eldigitaldeasturias.com\/noticias\/jose-alvarez-siete-de-cada-10-espanoles-no-votaron-al-pp\/#webpage","url":"https:\/\/www.eldigitaldeasturias.com\/noticias\/jose-alvarez-siete-de-cada-10-espanoles-no-votaron-al-pp\/","name":"Jos\u00e9 \u00c1lvarez: \u00abSiete de cada 10 espa\u00f1oles no votaron al PP\u00bb - El Digital de Asturias","description":"El secretario general de UGT, Jos\u00e9 \u00c1lvarez, ha manifestado que es \"necesario que Espa\u00f1a tenga un gobierno de cambio que defienda los intereses de la mayor\u00eda\" y ha destacado que tras los \u00faltimos comicios \"s\u00f3lo tres de cada 10 electores dieron soporte al Partido Popular para que vuelva a gobernar\". \"Es un momento importante para","inLanguage":"es-ES","isPartOf":{"@id":"https:\/\/www.eldigitaldeasturias.com\/noticias\/#website"},"breadcrumb":{"@id":"https:\/\/www.eldigitaldeasturias.com\/noticias\/jose-alvarez-siete-de-cada-10-espanoles-no-votaron-al-pp\/#breadcrumblist"},"author":{"@id":"https:\/\/www.eldigitaldeasturias.com\/noticias\/author\/admin\/#author"},"creator":{"@id":"https:\/\/www.eldigitaldeasturias.com\/noticias\/author\/admin\/#author"},"image":{"@type":"ImageObject","url":"https:\/\/www.eldigitaldeasturias.com\/noticias\/wp-content\/uploads\/2016\/09\/fotonoticia_20160909130815_800.jpg","@id":"https:\/\/www.eldigitaldeasturias.com\/noticias\/jose-alvarez-siete-de-cada-10-espanoles-no-votaron-al-pp\/#mainImage","width":800,"height":1260},"primaryImageOfPage":{"@id":"https:\/\/www.eldigitaldeasturias.com\/noticias\/jose-alvarez-siete-de-cada-10-espanoles-no-votaron-al-pp\/#mainImage"},"datePublished":"2016-09-09T16:42:36+02:00","dateModified":"2016-09-09T16:42:36+02:00"},{"@type":"WebSite","@id":"https:\/\/www.eldigitaldeasturias.com\/noticias\/#website","url":"https:\/\/www.eldigitaldeasturias.com\/noticias\/","name":"El Digital de Asturias - Diario de actualidad y noticias","alternateName":"El Digital de Asturias - Diario de actualidad y noticias","description":"Hemeroteca","inLanguage":"es-ES","publisher":{"@id":"https:\/\/www.eldigitaldeasturias.com\/noticias\/#organization"}}]},"og:locale":"es_ES","og:site_name":"El Digital de Asturias","og:type":"article","og:title":"Jos\u00e9 \u00c1lvarez: \u00abSiete de cada 10 espa\u00f1oles no votaron al PP\u00bb - El Digital de Asturias","og:description":"El secretario general de UGT, Jos\u00e9 \u00c1lvarez, ha manifestado que es &quot;necesario que Espa\u00f1a tenga un gobierno de cambio que defienda los intereses de la mayor\u00eda&quot; y ha destacado que tras los \u00faltimos comicios &quot;s\u00f3lo tres de cada 10 electores dieron soporte al Partido Popular para que vuelva a gobernar&quot;. &quot;Es un momento importante para","og:url":"https:\/\/www.eldigitaldeasturias.com\/noticias\/jose-alvarez-siete-de-cada-10-espanoles-no-votaron-al-pp\/","og:image":"https:\/\/www.eldigitaldeasturias.com\/noticias\/wp-content\/uploads\/2016\/09\/fotonoticia_20160909130815_800.jpg","og:image:secure_url":"https:\/\/www.eldigitaldeasturias.com\/noticias\/wp-content\/uploads\/2016\/09\/fotonoticia_20160909130815_800.jpg","og:image:width":800,"og:image:height":1260,"article:tag":["actualidad"],"article:published_time":"2016-09-09T15:42:36+00:00","article:modified_time":"2016-09-09T15:42:36+00:00","article:publisher":"https:\/\/facebook.com\/eldigitaldeasturias","twitter:card":"summary_large_image","twitter:title":"Jos\u00e9 \u00c1lvarez: \u00abSiete de cada 10 espa\u00f1oles no votaron al PP\u00bb - El Digital de Asturias","twitter:description":"El secretario general de UGT, Jos\u00e9 \u00c1lvarez, ha manifestado que es &quot;necesario que Espa\u00f1a tenga un gobierno de cambio que defienda los intereses de la mayor\u00eda&quot; y ha destacado que tras los \u00faltimos comicios &quot;s\u00f3lo tres de cada 10 electores dieron soporte al Partido Popular para que vuelva a gobernar&quot;. &quot;Es un momento importante para","twitter:image":"https:\/\/www.eldigitaldeasturias.com\/noticias\/wp-content\/uploads\/2016\/09\/fotonoticia_20160909130815_800.jpg","twitter:label1":"Escrito por","twitter:data1":"El Digital de Asturias","twitter:label2":"Tiempo de lectura estimado","twitter:data2":"1 minuto"},"aioseo_meta_data":{"post_id":"906603","title":null,"description":null,"keywords":null,"keyphrases":null,"primary_term":null,"canonical_url":null,"og_title":null,"og_description":null,"og_object_type":"default","og_image_type":"default","og_image_url":null,"og_image_width":null,"og_image_height":null,"og_image_custom_url":null,"og_image_custom_fields":null,"og_video":null,"og_custom_url":null,"og_article_section":null,"og_article_tags":null,"twitter_use_og":false,"twitter_card":"default","twitter_image_type":"default","twitter_image_url":null,"twitter_image_custom_url":null,"twitter_image_custom_fields":null,"twitter_title":null,"twitter_description":null,"schema":{"blockGraphs":[],"customGraphs":[],"default":{"data":{"Article":[],"Course":[],"Dataset":[],"FAQPage":[],"Movie":[],"Person":[],"Product":[],"ProductReview":[],"Car":[],"Recipe":[],"Service":[],"SoftwareApplication":[],"WebPage":[]},"graphName":"","isEnabled":true},"graphs":[],"defaultGraph":"","defaultPostTypeGraph":""},"schema_type":null,"schema_type_options":null,"pillar_content":false,"robots_default":true,"robots_noindex":false,"robots_noarchive":false,"robots_nosnippet":false,"robots_nofollow":false,"robots_noimageindex":false,"robots_noodp":false,"robots_notranslate":false,"robots_max_snippet":null,"robots_max_videopreview":null,"robots_max_imagepreview":"large","priority":null,"frequency":null,"local_seo":null,"seo_analyzer_scan_date":"2025-11-30 09:33:10","breadcrumb_settings":null,"limit_modified_date":false,"open_ai":null,"ai":null,"created":"2020-12-21 14:01:30","updated":"2025-11-30 09:33:10"},"aioseo_breadcrumb":"<div class=\"aioseo-breadcrumbs\"><span class=\"aioseo-breadcrumb\">\n\t<a href=\"https:\/\/www.eldigitaldeasturias.com\/noticias\" title=\"Home\">Home<\/a>\n<\/span><span class=\"aioseo-breadcrumb-separator\">\u2013<\/span><span class=\"aioseo-breadcrumb\">\n\t<a href=\"https:\/\/www.eldigitaldeasturias.com\/noticias\/category\/actualidad\/\" title=\"Actualidad\">Actualidad<\/a>\n<\/span><span class=\"aioseo-breadcrumb-separator\">\u2013<\/span><span class=\"aioseo-breadcrumb\">\n\t<a href=\"https:\/\/www.eldigitaldeasturias.com\/noticias\/jose-alvarez-siete-de-cada-10-espanoles-no-votaron-al-pp\/\" title=\"Jos\u00e9 \u00c1lvarez: \u00abSiete de cada 10 espa\u00f1oles no votaron al PP\u00bb\">Jos\u00e9 \u00c1lvarez: \u00abSiete de cada 10 espa\u00f1oles no votaron al PP\u00bb<\/a>\n<\/span><\/div>","aioseo_breadcrumb_json":[{"label":"Home","link":"https:\/\/www.eldigitaldeasturias.com\/noticias"},{"label":"Actualidad","link":"https:\/\/www.eldigitaldeasturias.com\/noticias\/category\/actualidad\/"},{"label":"Jos\u00e9 \u00c1lvarez: \u00abSiete de cada 10 espa\u00f1oles no votaron al PP\u00bb","link":"https:\/\/www.eldigitaldeasturias.com\/noticias\/jose-alvarez-siete-de-cada-10-espanoles-no-votaron-al-pp\/"}],"_links":{"self":[{"href":"https:\/\/www.eldigitaldeasturias.com\/noticias\/wp-json\/wp\/v2\/posts\/906603","targetHints":{"allow":["GET"]}}],"collection":[{"href":"https:\/\/www.eldigitaldeasturias.com\/noticias\/wp-json\/wp\/v2\/posts"}],"about":[{"href":"https:\/\/www.eldigitaldeasturias.com\/noticias\/wp-json\/wp\/v2\/types\/post"}],"author":[{"embeddable":true,"href":"https:\/\/www.eldigitaldeasturias.com\/noticias\/wp-json\/wp\/v2\/users\/1"}],"replies":[{"embeddable":true,"href":"https:\/\/www.eldigitaldeasturias.com\/noticias\/wp-json\/wp\/v2\/comments?post=906603"}],"version-history":[{"count":0,"href":"https:\/\/www.eldigitaldeasturias.com\/noticias\/wp-json\/wp\/v2\/posts\/906603\/revisions"}],"wp:featuredmedia":[{"embeddable":true,"href":"https:\/\/www.eldigitaldeasturias.com\/noticias\/wp-json\/wp\/v2\/media\/906604"}],"wp:attachment":[{"href":"https:\/\/www.eldigitaldeasturias.com\/noticias\/wp-json\/wp\/v2\/media?parent=906603"}],"wp:term":[{"taxonomy":"category","embeddable":true,"href":"https:\/\/www.eldigitaldeasturias.com\/noticias\/wp-json\/wp\/v2\/categories?post=906603"},{"taxonomy":"post_tag","embeddable":true,"href":"https:\/\/www.eldigitaldeasturias.com\/noticias\/wp-json\/wp\/v2\/tags?post=906603"}],"curies":[{"name":"wp","href":"https:\/\/api.w.org\/{rel}","templated":true}]}}