{"id":906536,"date":"2016-09-09T11:28:57","date_gmt":"2016-09-09T10:28:57","guid":{"rendered":"http:\/\/www.eldigitaldeasturias.com\/noticias\/?p=906536"},"modified":"2016-09-09T11:28:57","modified_gmt":"2016-09-09T10:28:57","slug":"ovidio-zapico-pregunta-en-el-parlamento-por-la-mancha-de","status":"publish","type":"post","link":"https:\/\/www.eldigitaldeasturias.com\/noticias\/ovidio-zapico-pregunta-en-el-parlamento-por-la-mancha-de\/","title":{"rendered":"Ovidio Zapico pregunta en el parlamento por la mancha de"},"content":{"rendered":"<p><img loading=\"lazy\" decoding=\"async\" class=\"alignleft size-medium wp-image-906537\" src=\"https:\/\/www.eldigitaldeasturias.com\/noticias\/wp-content\/uploads\/2016\/09\/fotonoticia_20160909095112_800-360x254.jpg\" alt=\"fotonoticia_20160909095112_800\" width=\"360\" height=\"254\" srcset=\"https:\/\/www.eldigitaldeasturias.com\/noticias\/wp-content\/uploads\/2016\/09\/fotonoticia_20160909095112_800-360x254.jpg 360w, https:\/\/www.eldigitaldeasturias.com\/noticias\/wp-content\/uploads\/2016\/09\/fotonoticia_20160909095112_800-768x542.jpg 768w, https:\/\/www.eldigitaldeasturias.com\/noticias\/wp-content\/uploads\/2016\/09\/fotonoticia_20160909095112_800-650x459.jpg 650w, https:\/\/www.eldigitaldeasturias.com\/noticias\/wp-content\/uploads\/2016\/09\/fotonoticia_20160909095112_800.jpg 800w\" sizes=\"auto, (max-width: 360px) 100vw, 360px\" \/>El diputado de IU en la Junta General del Principado de Asturias Ovidio Zapico ha registrado en Parlamento asturiano una serie de preguntas dirigida al Gobierno asturiano relativos a la situaci\u00f3n generada el pasado d\u00eda 4 de septiembre en las proximidades del emisario de Pe\u00f1arrubia (Gij\u00f3n), cuando se divisaron unas manchas en el mar que oblig\u00f3 incluso a cerrar al ba\u00f1o la playa de La \u00d1ora, en Villaviciosa.<\/p>\n<p>\u00ab\u00bfQu\u00e9 intervenci\u00f3n de urgencia ha realizado el Principado en ejercicio de suscompetencias inspectoras en esta materia?\u00bb, quiere saber Zapico, quien tambi\u00e9n pregunta al Gobierno por el momento exacto y el medio por el que el Ejecutivo asturiano conoci\u00f3 el suceso.<\/p>\n<p>\u00ab\u00bfCu\u00e1l es el tipo deactuaci\u00f3n que se activa en estos casos y cuanto tiempo transcurri\u00f3 entre elconocimiento de los hechos y la puesta en marcha del dispositivo deintervenci\u00f3n?\u00bb, tambi\u00e9n plantea Zapico en una iniciativa encaminada a obtener respuesta por escrita del Ejecutivo regional.<\/p>\n<p>Las manchas se divisaron el domingo y fueron varios los testigos presenciales que alertaron de la situaci\u00f3n. En la playa de La \u00d1ora los socorristas detectaron la mancha y recibieron una llamada del 112 Asturias que les informaba de la orden del Seprona de cerrar la playa. El cierre se produjo a las 13.00 horas. Distintas fuentes consultadas hablaban directamente de \u00abaguas fecales\u00bb, que asociaron a las fugas del emisario de Pe\u00f1arrubia.<\/p>\n<p>Ese mismo domingo, grupos de la oposici\u00f3n como Podemos mostraron su preocupaci\u00f3n por lo ocurrido y pidieron explicaciones a la consejera de Infraestructuras, Ordenaci\u00f3n del Territorio y Medio Ambiente del Gobierno asturiano, Bel\u00e9n Fern\u00e1ndez, desde cuyo departamento aclararon que la gesti\u00f3n del emisario era del Ayuntamiento de Gij\u00f3n. Tambi\u00e9n se\u00f1alaron que se hab\u00edan puesto en contacto con el consistorio para aclarar lo ocurrido y que no hab\u00edan obtenido respuesta. En cualquier caso ofrec\u00edan su colaboraci\u00f3n y mandaron a sus propios t\u00e9cnicos.<\/p>\n<p>Al d\u00eda siguiente, lunes d\u00eda 5 de septiembre, tras la preocupaci\u00f3n mostrada por diferentes sectores, la alcaldesa de Gij\u00f3n, Carmen Moriy\u00f3n ofreci\u00f3 una rueda de prensa en la que explic\u00f3 que la mancha frente a la costa era una mezcla de algas rojas, restos de medusas y espuma de mar, en base al an\u00e1lisis de muestras del laboratorio de la Empresa Municipal de Aguas. Tambi\u00e9n dijo que la situaci\u00f3n del emisario no hab\u00eda empeorado, y que se manten\u00eda el mismo punto de fuga.<\/p>\n<p>Al d\u00eda siguiente, martes, habl\u00f3 de un nuevo informe elaborado por un laboratorio externo en el que se constatar\u00eda que la mancha no tendr\u00edan aceites ni grasas ni hidrocarburos y se confirmar\u00eda que se trataba de algas rojas y restos gelatinosos.<\/p>\n<p>&nbsp;<\/p>\n","protected":false},"excerpt":{"rendered":"<p>El diputado de IU en la Junta General del Principado de Asturias Ovidio Zapico ha registrado en Parlamento asturiano una serie de preguntas dirigida al Gobierno asturiano relativos a la situaci\u00f3n generada el pasado d\u00eda 4 de septiembre en las proximidades del emisario de Pe\u00f1arrubia (Gij\u00f3n), cuando se divisaron unas manchas en el mar que [&hellip;]<\/p>\n","protected":false},"author":1,"featured_media":906537,"comment_status":"closed","ping_status":"closed","sticky":false,"template":"","format":"standard","meta":{"footnotes":""},"categories":[12],"tags":[],"class_list":["post-906536","post","type-post","status-publish","format-standard","has-post-thumbnail","hentry","category-actualidad-asturias"],"aioseo_notices":[],"aioseo_head":"\n\t\t<!-- All in One SEO Pro 4.9.6.2 - aioseo.com -->\n\t<meta name=\"description\" content=\"El diputado de IU en la Junta General del Principado de Asturias Ovidio Zapico ha registrado en Parlamento asturiano una serie de preguntas dirigida al Gobierno asturiano relativos a la situaci\u00f3n generada el pasado d\u00eda 4 de septiembre en las proximidades del emisario de Pe\u00f1arrubia (Gij\u00f3n), cuando se divisaron unas manchas en el mar que\" \/>\n\t<meta name=\"robots\" content=\"max-image-preview:large\" \/>\n\t<meta name=\"author\" content=\"El Digital de Asturias\"\/>\n\t<meta name=\"google-site-verification\" content=\"UA-38556648-1\" \/>\n\t<meta name=\"msvalidate.01\" content=\"7dfe9f3f1b24437ab69f4f2559babe99\" \/>\n\t<meta name=\"keywords\" content=\"actualidad asturias\" \/>\n\t<link rel=\"canonical\" href=\"https:\/\/www.eldigitaldeasturias.com\/noticias\/ovidio-zapico-pregunta-en-el-parlamento-por-la-mancha-de\/\" \/>\n\t<meta name=\"generator\" content=\"All in One SEO Pro (AIOSEO) 4.9.6.2\" \/>\n\t\t<meta property=\"og:locale\" content=\"es_ES\" \/>\n\t\t<meta property=\"og:site_name\" content=\"El Digital de Asturias\" \/>\n\t\t<meta property=\"og:type\" content=\"article\" \/>\n\t\t<meta property=\"og:title\" content=\"Ovidio Zapico pregunta en el parlamento por la mancha de - El Digital de Asturias\" \/>\n\t\t<meta property=\"og:description\" content=\"El diputado de IU en la Junta General del Principado de Asturias Ovidio Zapico ha registrado en Parlamento asturiano una serie de preguntas dirigida al Gobierno asturiano relativos a la situaci\u00f3n generada el pasado d\u00eda 4 de septiembre en las proximidades del emisario de Pe\u00f1arrubia (Gij\u00f3n), cuando se divisaron unas manchas en el mar que\" \/>\n\t\t<meta property=\"og:url\" content=\"https:\/\/www.eldigitaldeasturias.com\/noticias\/ovidio-zapico-pregunta-en-el-parlamento-por-la-mancha-de\/\" \/>\n\t\t<meta property=\"og:image\" content=\"https:\/\/www.eldigitaldeasturias.com\/noticias\/wp-content\/uploads\/2016\/09\/fotonoticia_20160909095112_800.jpg\" \/>\n\t\t<meta property=\"og:image:secure_url\" content=\"https:\/\/www.eldigitaldeasturias.com\/noticias\/wp-content\/uploads\/2016\/09\/fotonoticia_20160909095112_800.jpg\" \/>\n\t\t<meta property=\"og:image:width\" content=\"800\" \/>\n\t\t<meta property=\"og:image:height\" content=\"565\" \/>\n\t\t<meta property=\"article:tag\" content=\"actualidad asturias\" \/>\n\t\t<meta property=\"article:published_time\" content=\"2016-09-09T10:28:57+00:00\" \/>\n\t\t<meta property=\"article:modified_time\" content=\"2016-09-09T10:28:57+00:00\" \/>\n\t\t<meta property=\"article:publisher\" content=\"https:\/\/facebook.com\/eldigitaldeasturias\" \/>\n\t\t<meta name=\"twitter:card\" content=\"summary_large_image\" \/>\n\t\t<meta name=\"twitter:title\" content=\"Ovidio Zapico pregunta en el parlamento por la mancha de - El Digital de Asturias\" \/>\n\t\t<meta name=\"twitter:description\" content=\"El diputado de IU en la Junta General del Principado de Asturias Ovidio Zapico ha registrado en Parlamento asturiano una serie de preguntas dirigida al Gobierno asturiano relativos a la situaci\u00f3n generada el pasado d\u00eda 4 de septiembre en las proximidades del emisario de Pe\u00f1arrubia (Gij\u00f3n), cuando se divisaron unas manchas en el mar que\" \/>\n\t\t<meta name=\"twitter:image\" content=\"https:\/\/www.eldigitaldeasturias.com\/noticias\/wp-content\/uploads\/2016\/09\/fotonoticia_20160909095112_800.jpg\" \/>\n\t\t<meta name=\"twitter:label1\" content=\"Escrito por\" \/>\n\t\t<meta name=\"twitter:data1\" content=\"El Digital de Asturias\" \/>\n\t\t<meta name=\"twitter:label2\" content=\"Tiempo de lectura estimado\" \/>\n\t\t<meta name=\"twitter:data2\" content=\"2 minutos\" \/>\n\t\t<script type=\"application\/ld+json\" class=\"aioseo-schema\">\n\t\t\t{\"@context\":\"https:\\\/\\\/schema.org\",\"@graph\":[{\"@type\":\"BlogPosting\",\"@id\":\"https:\\\/\\\/www.eldigitaldeasturias.com\\\/noticias\\\/ovidio-zapico-pregunta-en-el-parlamento-por-la-mancha-de\\\/#blogposting\",\"name\":\"Ovidio Zapico pregunta en el parlamento por la mancha de - El Digital de Asturias\",\"headline\":\"Ovidio Zapico pregunta en el parlamento por la mancha de\",\"author\":{\"@id\":\"https:\\\/\\\/www.eldigitaldeasturias.com\\\/noticias\\\/author\\\/admin\\\/#author\"},\"publisher\":{\"@id\":\"https:\\\/\\\/www.eldigitaldeasturias.com\\\/noticias\\\/#organization\"},\"image\":{\"@type\":\"ImageObject\",\"url\":\"https:\\\/\\\/www.eldigitaldeasturias.com\\\/noticias\\\/wp-content\\\/uploads\\\/2016\\\/09\\\/fotonoticia_20160909095112_800.jpg\",\"width\":800,\"height\":565},\"datePublished\":\"2016-09-09T11:28:57+02:00\",\"dateModified\":\"2016-09-09T11:28:57+02:00\",\"inLanguage\":\"es-ES\",\"mainEntityOfPage\":{\"@id\":\"https:\\\/\\\/www.eldigitaldeasturias.com\\\/noticias\\\/ovidio-zapico-pregunta-en-el-parlamento-por-la-mancha-de\\\/#webpage\"},\"isPartOf\":{\"@id\":\"https:\\\/\\\/www.eldigitaldeasturias.com\\\/noticias\\\/ovidio-zapico-pregunta-en-el-parlamento-por-la-mancha-de\\\/#webpage\"},\"articleSection\":\"Actualidad Asturias\"},{\"@type\":\"BreadcrumbList\",\"@id\":\"https:\\\/\\\/www.eldigitaldeasturias.com\\\/noticias\\\/ovidio-zapico-pregunta-en-el-parlamento-por-la-mancha-de\\\/#breadcrumblist\",\"itemListElement\":[{\"@type\":\"ListItem\",\"@id\":\"https:\\\/\\\/www.eldigitaldeasturias.com\\\/noticias#listItem\",\"position\":1,\"name\":\"Home\",\"item\":\"https:\\\/\\\/www.eldigitaldeasturias.com\\\/noticias\",\"nextItem\":{\"@type\":\"ListItem\",\"@id\":\"https:\\\/\\\/www.eldigitaldeasturias.com\\\/noticias\\\/category\\\/actualidad-asturias\\\/#listItem\",\"name\":\"Actualidad Asturias\"}},{\"@type\":\"ListItem\",\"@id\":\"https:\\\/\\\/www.eldigitaldeasturias.com\\\/noticias\\\/category\\\/actualidad-asturias\\\/#listItem\",\"position\":2,\"name\":\"Actualidad Asturias\",\"item\":\"https:\\\/\\\/www.eldigitaldeasturias.com\\\/noticias\\\/category\\\/actualidad-asturias\\\/\",\"nextItem\":{\"@type\":\"ListItem\",\"@id\":\"https:\\\/\\\/www.eldigitaldeasturias.com\\\/noticias\\\/ovidio-zapico-pregunta-en-el-parlamento-por-la-mancha-de\\\/#listItem\",\"name\":\"Ovidio Zapico pregunta en el parlamento por la mancha de\"},\"previousItem\":{\"@type\":\"ListItem\",\"@id\":\"https:\\\/\\\/www.eldigitaldeasturias.com\\\/noticias#listItem\",\"name\":\"Home\"}},{\"@type\":\"ListItem\",\"@id\":\"https:\\\/\\\/www.eldigitaldeasturias.com\\\/noticias\\\/ovidio-zapico-pregunta-en-el-parlamento-por-la-mancha-de\\\/#listItem\",\"position\":3,\"name\":\"Ovidio Zapico pregunta en el parlamento por la mancha de\",\"previousItem\":{\"@type\":\"ListItem\",\"@id\":\"https:\\\/\\\/www.eldigitaldeasturias.com\\\/noticias\\\/category\\\/actualidad-asturias\\\/#listItem\",\"name\":\"Actualidad Asturias\"}}]},{\"@type\":\"Organization\",\"@id\":\"https:\\\/\\\/www.eldigitaldeasturias.com\\\/noticias\\\/#organization\",\"name\":\"El Digital de Asturias\",\"description\":\"Hemeroteca\",\"url\":\"https:\\\/\\\/www.eldigitaldeasturias.com\\\/noticias\\\/\",\"email\":\"info@eldigitaldeasturias.com\",\"telephone\":\"+34652131393\",\"logo\":{\"@type\":\"ImageObject\",\"url\":\"https:\\\/\\\/www.eldigitaldeasturias.com\\\/noticias\\\/wp-content\\\/uploads\\\/2020\\\/12\\\/EDA.jpg\",\"@id\":\"https:\\\/\\\/www.eldigitaldeasturias.com\\\/noticias\\\/ovidio-zapico-pregunta-en-el-parlamento-por-la-mancha-de\\\/#organizationLogo\",\"width\":649,\"height\":297},\"image\":{\"@id\":\"https:\\\/\\\/www.eldigitaldeasturias.com\\\/noticias\\\/ovidio-zapico-pregunta-en-el-parlamento-por-la-mancha-de\\\/#organizationLogo\"},\"sameAs\":[\"https:\\\/\\\/facebook.com\\\/eldigitaldeasturias\",\"https:\\\/\\\/www.youtube.com\\\/channel\\\/UCZP-2wLEB9Rv6erhFmqVnvg\"],\"address\":{\"@id\":\"https:\\\/\\\/www.eldigitaldeasturias.com\\\/noticias\\\/#postaladdress\",\"@type\":\"PostalAddress\",\"streetAddress\":\"san antonio 4,\",\"postalCode\":\"33430\",\"addressLocality\":\"Cand\\u00e1s\",\"addressRegion\":\"Asturias\",\"addressCountry\":\"ES\"}},{\"@type\":\"Person\",\"@id\":\"https:\\\/\\\/www.eldigitaldeasturias.com\\\/noticias\\\/author\\\/admin\\\/#author\",\"url\":\"https:\\\/\\\/www.eldigitaldeasturias.com\\\/noticias\\\/author\\\/admin\\\/\",\"name\":\"El Digital de Asturias\",\"image\":{\"@type\":\"ImageObject\",\"@id\":\"https:\\\/\\\/www.eldigitaldeasturias.com\\\/noticias\\\/ovidio-zapico-pregunta-en-el-parlamento-por-la-mancha-de\\\/#authorImage\",\"url\":\"https:\\\/\\\/www.eldigitaldeasturias.com\\\/noticias\\\/wp-content\\\/litespeed\\\/avatar\\\/18677e78aa0546b92d9dbf31ec7d7668.jpg?ver=1776685526\",\"width\":96,\"height\":96,\"caption\":\"El Digital de Asturias\"}},{\"@type\":\"WebPage\",\"@id\":\"https:\\\/\\\/www.eldigitaldeasturias.com\\\/noticias\\\/ovidio-zapico-pregunta-en-el-parlamento-por-la-mancha-de\\\/#webpage\",\"url\":\"https:\\\/\\\/www.eldigitaldeasturias.com\\\/noticias\\\/ovidio-zapico-pregunta-en-el-parlamento-por-la-mancha-de\\\/\",\"name\":\"Ovidio Zapico pregunta en el parlamento por la mancha de - El Digital de Asturias\",\"description\":\"El diputado de IU en la Junta General del Principado de Asturias Ovidio Zapico ha registrado en Parlamento asturiano una serie de preguntas dirigida al Gobierno asturiano relativos a la situaci\\u00f3n generada el pasado d\\u00eda 4 de septiembre en las proximidades del emisario de Pe\\u00f1arrubia (Gij\\u00f3n), cuando se divisaron unas manchas en el mar que\",\"inLanguage\":\"es-ES\",\"isPartOf\":{\"@id\":\"https:\\\/\\\/www.eldigitaldeasturias.com\\\/noticias\\\/#website\"},\"breadcrumb\":{\"@id\":\"https:\\\/\\\/www.eldigitaldeasturias.com\\\/noticias\\\/ovidio-zapico-pregunta-en-el-parlamento-por-la-mancha-de\\\/#breadcrumblist\"},\"author\":{\"@id\":\"https:\\\/\\\/www.eldigitaldeasturias.com\\\/noticias\\\/author\\\/admin\\\/#author\"},\"creator\":{\"@id\":\"https:\\\/\\\/www.eldigitaldeasturias.com\\\/noticias\\\/author\\\/admin\\\/#author\"},\"image\":{\"@type\":\"ImageObject\",\"url\":\"https:\\\/\\\/www.eldigitaldeasturias.com\\\/noticias\\\/wp-content\\\/uploads\\\/2016\\\/09\\\/fotonoticia_20160909095112_800.jpg\",\"@id\":\"https:\\\/\\\/www.eldigitaldeasturias.com\\\/noticias\\\/ovidio-zapico-pregunta-en-el-parlamento-por-la-mancha-de\\\/#mainImage\",\"width\":800,\"height\":565},\"primaryImageOfPage\":{\"@id\":\"https:\\\/\\\/www.eldigitaldeasturias.com\\\/noticias\\\/ovidio-zapico-pregunta-en-el-parlamento-por-la-mancha-de\\\/#mainImage\"},\"datePublished\":\"2016-09-09T11:28:57+02:00\",\"dateModified\":\"2016-09-09T11:28:57+02:00\"},{\"@type\":\"WebSite\",\"@id\":\"https:\\\/\\\/www.eldigitaldeasturias.com\\\/noticias\\\/#website\",\"url\":\"https:\\\/\\\/www.eldigitaldeasturias.com\\\/noticias\\\/\",\"name\":\"El Digital de Asturias - Diario de actualidad y noticias\",\"alternateName\":\"El Digital de Asturias - Diario de actualidad y noticias\",\"description\":\"Hemeroteca\",\"inLanguage\":\"es-ES\",\"publisher\":{\"@id\":\"https:\\\/\\\/www.eldigitaldeasturias.com\\\/noticias\\\/#organization\"}}]}\n\t\t<\/script>\n\t\t<!-- All in One SEO Pro -->\r\n\t\t<title>Ovidio Zapico pregunta en el parlamento por la mancha de - El Digital de Asturias<\/title>\n\n","aioseo_head_json":{"title":"Ovidio Zapico pregunta en el parlamento por la mancha de - El Digital de Asturias","description":"El diputado de IU en la Junta General del Principado de Asturias Ovidio Zapico ha registrado en Parlamento asturiano una serie de preguntas dirigida al Gobierno asturiano relativos a la situaci\u00f3n generada el pasado d\u00eda 4 de septiembre en las proximidades del emisario de Pe\u00f1arrubia (Gij\u00f3n), cuando se divisaron unas manchas en el mar que","canonical_url":"https:\/\/www.eldigitaldeasturias.com\/noticias\/ovidio-zapico-pregunta-en-el-parlamento-por-la-mancha-de\/","robots":"max-image-preview:large","keywords":"actualidad asturias","webmasterTools":{"google-site-verification":"UA-38556648-1","msvalidate.01":"7dfe9f3f1b24437ab69f4f2559babe99","miscellaneous":""},"schema":{"@context":"https:\/\/schema.org","@graph":[{"@type":"BlogPosting","@id":"https:\/\/www.eldigitaldeasturias.com\/noticias\/ovidio-zapico-pregunta-en-el-parlamento-por-la-mancha-de\/#blogposting","name":"Ovidio Zapico pregunta en el parlamento por la mancha de - El Digital de Asturias","headline":"Ovidio Zapico pregunta en el parlamento por la mancha de","author":{"@id":"https:\/\/www.eldigitaldeasturias.com\/noticias\/author\/admin\/#author"},"publisher":{"@id":"https:\/\/www.eldigitaldeasturias.com\/noticias\/#organization"},"image":{"@type":"ImageObject","url":"https:\/\/www.eldigitaldeasturias.com\/noticias\/wp-content\/uploads\/2016\/09\/fotonoticia_20160909095112_800.jpg","width":800,"height":565},"datePublished":"2016-09-09T11:28:57+02:00","dateModified":"2016-09-09T11:28:57+02:00","inLanguage":"es-ES","mainEntityOfPage":{"@id":"https:\/\/www.eldigitaldeasturias.com\/noticias\/ovidio-zapico-pregunta-en-el-parlamento-por-la-mancha-de\/#webpage"},"isPartOf":{"@id":"https:\/\/www.eldigitaldeasturias.com\/noticias\/ovidio-zapico-pregunta-en-el-parlamento-por-la-mancha-de\/#webpage"},"articleSection":"Actualidad Asturias"},{"@type":"BreadcrumbList","@id":"https:\/\/www.eldigitaldeasturias.com\/noticias\/ovidio-zapico-pregunta-en-el-parlamento-por-la-mancha-de\/#breadcrumblist","itemListElement":[{"@type":"ListItem","@id":"https:\/\/www.eldigitaldeasturias.com\/noticias#listItem","position":1,"name":"Home","item":"https:\/\/www.eldigitaldeasturias.com\/noticias","nextItem":{"@type":"ListItem","@id":"https:\/\/www.eldigitaldeasturias.com\/noticias\/category\/actualidad-asturias\/#listItem","name":"Actualidad Asturias"}},{"@type":"ListItem","@id":"https:\/\/www.eldigitaldeasturias.com\/noticias\/category\/actualidad-asturias\/#listItem","position":2,"name":"Actualidad Asturias","item":"https:\/\/www.eldigitaldeasturias.com\/noticias\/category\/actualidad-asturias\/","nextItem":{"@type":"ListItem","@id":"https:\/\/www.eldigitaldeasturias.com\/noticias\/ovidio-zapico-pregunta-en-el-parlamento-por-la-mancha-de\/#listItem","name":"Ovidio Zapico pregunta en el parlamento por la mancha de"},"previousItem":{"@type":"ListItem","@id":"https:\/\/www.eldigitaldeasturias.com\/noticias#listItem","name":"Home"}},{"@type":"ListItem","@id":"https:\/\/www.eldigitaldeasturias.com\/noticias\/ovidio-zapico-pregunta-en-el-parlamento-por-la-mancha-de\/#listItem","position":3,"name":"Ovidio Zapico pregunta en el parlamento por la mancha de","previousItem":{"@type":"ListItem","@id":"https:\/\/www.eldigitaldeasturias.com\/noticias\/category\/actualidad-asturias\/#listItem","name":"Actualidad Asturias"}}]},{"@type":"Organization","@id":"https:\/\/www.eldigitaldeasturias.com\/noticias\/#organization","name":"El Digital de Asturias","description":"Hemeroteca","url":"https:\/\/www.eldigitaldeasturias.com\/noticias\/","email":"info@eldigitaldeasturias.com","telephone":"+34652131393","logo":{"@type":"ImageObject","url":"https:\/\/www.eldigitaldeasturias.com\/noticias\/wp-content\/uploads\/2020\/12\/EDA.jpg","@id":"https:\/\/www.eldigitaldeasturias.com\/noticias\/ovidio-zapico-pregunta-en-el-parlamento-por-la-mancha-de\/#organizationLogo","width":649,"height":297},"image":{"@id":"https:\/\/www.eldigitaldeasturias.com\/noticias\/ovidio-zapico-pregunta-en-el-parlamento-por-la-mancha-de\/#organizationLogo"},"sameAs":["https:\/\/facebook.com\/eldigitaldeasturias","https:\/\/www.youtube.com\/channel\/UCZP-2wLEB9Rv6erhFmqVnvg"],"address":{"@id":"https:\/\/www.eldigitaldeasturias.com\/noticias\/#postaladdress","@type":"PostalAddress","streetAddress":"san antonio 4,","postalCode":"33430","addressLocality":"Cand\u00e1s","addressRegion":"Asturias","addressCountry":"ES"}},{"@type":"Person","@id":"https:\/\/www.eldigitaldeasturias.com\/noticias\/author\/admin\/#author","url":"https:\/\/www.eldigitaldeasturias.com\/noticias\/author\/admin\/","name":"El Digital de Asturias","image":{"@type":"ImageObject","@id":"https:\/\/www.eldigitaldeasturias.com\/noticias\/ovidio-zapico-pregunta-en-el-parlamento-por-la-mancha-de\/#authorImage","url":"https:\/\/www.eldigitaldeasturias.com\/noticias\/wp-content\/litespeed\/avatar\/18677e78aa0546b92d9dbf31ec7d7668.jpg?ver=1776685526","width":96,"height":96,"caption":"El Digital de Asturias"}},{"@type":"WebPage","@id":"https:\/\/www.eldigitaldeasturias.com\/noticias\/ovidio-zapico-pregunta-en-el-parlamento-por-la-mancha-de\/#webpage","url":"https:\/\/www.eldigitaldeasturias.com\/noticias\/ovidio-zapico-pregunta-en-el-parlamento-por-la-mancha-de\/","name":"Ovidio Zapico pregunta en el parlamento por la mancha de - El Digital de Asturias","description":"El diputado de IU en la Junta General del Principado de Asturias Ovidio Zapico ha registrado en Parlamento asturiano una serie de preguntas dirigida al Gobierno asturiano relativos a la situaci\u00f3n generada el pasado d\u00eda 4 de septiembre en las proximidades del emisario de Pe\u00f1arrubia (Gij\u00f3n), cuando se divisaron unas manchas en el mar que","inLanguage":"es-ES","isPartOf":{"@id":"https:\/\/www.eldigitaldeasturias.com\/noticias\/#website"},"breadcrumb":{"@id":"https:\/\/www.eldigitaldeasturias.com\/noticias\/ovidio-zapico-pregunta-en-el-parlamento-por-la-mancha-de\/#breadcrumblist"},"author":{"@id":"https:\/\/www.eldigitaldeasturias.com\/noticias\/author\/admin\/#author"},"creator":{"@id":"https:\/\/www.eldigitaldeasturias.com\/noticias\/author\/admin\/#author"},"image":{"@type":"ImageObject","url":"https:\/\/www.eldigitaldeasturias.com\/noticias\/wp-content\/uploads\/2016\/09\/fotonoticia_20160909095112_800.jpg","@id":"https:\/\/www.eldigitaldeasturias.com\/noticias\/ovidio-zapico-pregunta-en-el-parlamento-por-la-mancha-de\/#mainImage","width":800,"height":565},"primaryImageOfPage":{"@id":"https:\/\/www.eldigitaldeasturias.com\/noticias\/ovidio-zapico-pregunta-en-el-parlamento-por-la-mancha-de\/#mainImage"},"datePublished":"2016-09-09T11:28:57+02:00","dateModified":"2016-09-09T11:28:57+02:00"},{"@type":"WebSite","@id":"https:\/\/www.eldigitaldeasturias.com\/noticias\/#website","url":"https:\/\/www.eldigitaldeasturias.com\/noticias\/","name":"El Digital de Asturias - Diario de actualidad y noticias","alternateName":"El Digital de Asturias - Diario de actualidad y noticias","description":"Hemeroteca","inLanguage":"es-ES","publisher":{"@id":"https:\/\/www.eldigitaldeasturias.com\/noticias\/#organization"}}]},"og:locale":"es_ES","og:site_name":"El Digital de Asturias","og:type":"article","og:title":"Ovidio Zapico pregunta en el parlamento por la mancha de - El Digital de Asturias","og:description":"El diputado de IU en la Junta General del Principado de Asturias Ovidio Zapico ha registrado en Parlamento asturiano una serie de preguntas dirigida al Gobierno asturiano relativos a la situaci\u00f3n generada el pasado d\u00eda 4 de septiembre en las proximidades del emisario de Pe\u00f1arrubia (Gij\u00f3n), cuando se divisaron unas manchas en el mar que","og:url":"https:\/\/www.eldigitaldeasturias.com\/noticias\/ovidio-zapico-pregunta-en-el-parlamento-por-la-mancha-de\/","og:image":"https:\/\/www.eldigitaldeasturias.com\/noticias\/wp-content\/uploads\/2016\/09\/fotonoticia_20160909095112_800.jpg","og:image:secure_url":"https:\/\/www.eldigitaldeasturias.com\/noticias\/wp-content\/uploads\/2016\/09\/fotonoticia_20160909095112_800.jpg","og:image:width":800,"og:image:height":565,"article:tag":["actualidad asturias"],"article:published_time":"2016-09-09T10:28:57+00:00","article:modified_time":"2016-09-09T10:28:57+00:00","article:publisher":"https:\/\/facebook.com\/eldigitaldeasturias","twitter:card":"summary_large_image","twitter:title":"Ovidio Zapico pregunta en el parlamento por la mancha de - El Digital de Asturias","twitter:description":"El diputado de IU en la Junta General del Principado de Asturias Ovidio Zapico ha registrado en Parlamento asturiano una serie de preguntas dirigida al Gobierno asturiano relativos a la situaci\u00f3n generada el pasado d\u00eda 4 de septiembre en las proximidades del emisario de Pe\u00f1arrubia (Gij\u00f3n), cuando se divisaron unas manchas en el mar que","twitter:image":"https:\/\/www.eldigitaldeasturias.com\/noticias\/wp-content\/uploads\/2016\/09\/fotonoticia_20160909095112_800.jpg","twitter:label1":"Escrito por","twitter:data1":"El Digital de Asturias","twitter:label2":"Tiempo de lectura estimado","twitter:data2":"2 minutos"},"aioseo_meta_data":{"post_id":"906536","title":null,"description":null,"keywords":null,"keyphrases":null,"primary_term":null,"canonical_url":null,"og_title":null,"og_description":null,"og_object_type":"default","og_image_type":"default","og_image_url":null,"og_image_width":null,"og_image_height":null,"og_image_custom_url":null,"og_image_custom_fields":null,"og_video":null,"og_custom_url":null,"og_article_section":null,"og_article_tags":null,"twitter_use_og":false,"twitter_card":"default","twitter_image_type":"default","twitter_image_url":null,"twitter_image_custom_url":null,"twitter_image_custom_fields":null,"twitter_title":null,"twitter_description":null,"schema":{"blockGraphs":[],"customGraphs":[],"default":{"data":{"Article":[],"Course":[],"Dataset":[],"FAQPage":[],"Movie":[],"Person":[],"Product":[],"ProductReview":[],"Car":[],"Recipe":[],"Service":[],"SoftwareApplication":[],"WebPage":[]},"graphName":"","isEnabled":true},"graphs":[],"defaultGraph":"","defaultPostTypeGraph":""},"schema_type":null,"schema_type_options":null,"pillar_content":false,"robots_default":true,"robots_noindex":false,"robots_noarchive":false,"robots_nosnippet":false,"robots_nofollow":false,"robots_noimageindex":false,"robots_noodp":false,"robots_notranslate":false,"robots_max_snippet":null,"robots_max_videopreview":null,"robots_max_imagepreview":"large","priority":null,"frequency":null,"local_seo":null,"seo_analyzer_scan_date":"2025-11-30 09:21:09","breadcrumb_settings":null,"limit_modified_date":false,"open_ai":null,"ai":null,"created":"2020-12-21 14:01:32","updated":"2025-11-30 09:21:09"},"aioseo_breadcrumb":"<div class=\"aioseo-breadcrumbs\"><span class=\"aioseo-breadcrumb\">\n\t<a href=\"https:\/\/www.eldigitaldeasturias.com\/noticias\" title=\"Home\">Home<\/a>\n<\/span><span class=\"aioseo-breadcrumb-separator\">\u2013<\/span><span class=\"aioseo-breadcrumb\">\n\t<a href=\"https:\/\/www.eldigitaldeasturias.com\/noticias\/category\/actualidad-asturias\/\" title=\"Actualidad Asturias\">Actualidad Asturias<\/a>\n<\/span><span class=\"aioseo-breadcrumb-separator\">\u2013<\/span><span class=\"aioseo-breadcrumb\">\n\t<a href=\"https:\/\/www.eldigitaldeasturias.com\/noticias\/ovidio-zapico-pregunta-en-el-parlamento-por-la-mancha-de\/\" title=\"Ovidio Zapico pregunta en el parlamento por la mancha de\">Ovidio Zapico pregunta en el parlamento por la mancha de<\/a>\n<\/span><\/div>","aioseo_breadcrumb_json":[{"label":"Home","link":"https:\/\/www.eldigitaldeasturias.com\/noticias"},{"label":"Actualidad Asturias","link":"https:\/\/www.eldigitaldeasturias.com\/noticias\/category\/actualidad-asturias\/"},{"label":"Ovidio Zapico pregunta en el parlamento por la mancha de","link":"https:\/\/www.eldigitaldeasturias.com\/noticias\/ovidio-zapico-pregunta-en-el-parlamento-por-la-mancha-de\/"}],"_links":{"self":[{"href":"https:\/\/www.eldigitaldeasturias.com\/noticias\/wp-json\/wp\/v2\/posts\/906536","targetHints":{"allow":["GET"]}}],"collection":[{"href":"https:\/\/www.eldigitaldeasturias.com\/noticias\/wp-json\/wp\/v2\/posts"}],"about":[{"href":"https:\/\/www.eldigitaldeasturias.com\/noticias\/wp-json\/wp\/v2\/types\/post"}],"author":[{"embeddable":true,"href":"https:\/\/www.eldigitaldeasturias.com\/noticias\/wp-json\/wp\/v2\/users\/1"}],"replies":[{"embeddable":true,"href":"https:\/\/www.eldigitaldeasturias.com\/noticias\/wp-json\/wp\/v2\/comments?post=906536"}],"version-history":[{"count":0,"href":"https:\/\/www.eldigitaldeasturias.com\/noticias\/wp-json\/wp\/v2\/posts\/906536\/revisions"}],"wp:featuredmedia":[{"embeddable":true,"href":"https:\/\/www.eldigitaldeasturias.com\/noticias\/wp-json\/wp\/v2\/media\/906537"}],"wp:attachment":[{"href":"https:\/\/www.eldigitaldeasturias.com\/noticias\/wp-json\/wp\/v2\/media?parent=906536"}],"wp:term":[{"taxonomy":"category","embeddable":true,"href":"https:\/\/www.eldigitaldeasturias.com\/noticias\/wp-json\/wp\/v2\/categories?post=906536"},{"taxonomy":"post_tag","embeddable":true,"href":"https:\/\/www.eldigitaldeasturias.com\/noticias\/wp-json\/wp\/v2\/tags?post=906536"}],"curies":[{"name":"wp","href":"https:\/\/api.w.org\/{rel}","templated":true}]}}