{"id":906532,"date":"2016-09-08T21:49:52","date_gmt":"2016-09-08T20:49:52","guid":{"rendered":"http:\/\/www.eldigitaldeasturias.com\/noticias\/?p=906532"},"modified":"2016-09-08T21:49:52","modified_gmt":"2016-09-08T20:49:52","slug":"fallece-un-militar-espanol-en-un-accidente-en-irak","status":"publish","type":"post","link":"https:\/\/www.eldigitaldeasturias.com\/noticias\/fallece-un-militar-espanol-en-un-accidente-en-irak\/","title":{"rendered":"Fallece un militar espa\u00f1ol en un accidente en Irak"},"content":{"rendered":"<p><img loading=\"lazy\" decoding=\"async\" class=\"alignleft size-medium wp-image-906533\" src=\"https:\/\/www.eldigitaldeasturias.com\/noticias\/wp-content\/uploads\/2016\/09\/080916-defensa-360x239.jpg\" alt=\"080916-defensa\" width=\"360\" height=\"239\" srcset=\"https:\/\/www.eldigitaldeasturias.com\/noticias\/wp-content\/uploads\/2016\/09\/080916-defensa-360x239.jpg 360w, https:\/\/www.eldigitaldeasturias.com\/noticias\/wp-content\/uploads\/2016\/09\/080916-defensa-84x55.jpg 84w, https:\/\/www.eldigitaldeasturias.com\/noticias\/wp-content\/uploads\/2016\/09\/080916-defensa-49x32.jpg 49w, https:\/\/www.eldigitaldeasturias.com\/noticias\/wp-content\/uploads\/2016\/09\/080916-defensa.jpg 496w\" sizes=\"auto, (max-width: 360px) 100vw, 360px\" \/>El soldado Aar\u00f3n Vidal L\u00f3pez, de 25 a\u00f1os de edad, natural de Valencia, soltero y sin hijos, perteneciente al Regimiento de Caballer\u00eda &#8216;Lusitania&#8217; n\u00ba 8 y desplegado en Iraq como participante en la Operaci\u00f3n Inherent Resolve, falleci\u00f3 esta ma\u00f1ana en un accidente de tr\u00e1fico ocurrido en el campo de maniobras de Besmayah.<\/p>\n<p>\u200bEn el mismo accidente han resultado heridos el cabo Felipe Capa Medina y el soldado Jes\u00fas \u00c1ngel Alacid Garc\u00eda con pron\u00f3stico menos grave. Ambos permanecen en observaci\u00f3n.<\/p>\n<p>El ministro de Defensa en funciones, Pedro Moren\u00e9s, que se encontraba en Londres, en una reuni\u00f3n ministerial sobre operaciones de mantenimiento de la paz, convocada por Naciones Unidas, ha abandonado la reuni\u00f3n de manera inmediata al ser informado del accidente para regresar a Madrid y adoptar desde el Ministerio las decisiones oportunas.<\/p>\n<p>El soldado Vidal se encontraba en una misi\u00f3n de seguridad, junto a sus compa\u00f1eros, a bordo de un veh\u00edculo Lince parado en las proximidades de la entrada de la base, al borde de una pista, cuando un cami\u00f3n aljibe militar de las FAS iraqu\u00edes colision\u00f3 con el Lince con tan mala fortuna que el fallecido sali\u00f3 despedido y fue atropellado por el cami\u00f3n causante del alcance.<\/p>\n<p>De momento se desconocen las causas del accidente, si bien se est\u00e1n investigando. Se ha notificado a las autoridades iraqu\u00edes para que procedan a actuar con respecto al conductor del cami\u00f3n.<\/p>\n<p>Las familias han sido informadas y los restos mortales ser\u00e1n trasladados a Valencia.<\/p>\n<p>&nbsp;<\/p>\n<p>&nbsp;<\/p>\n","protected":false},"excerpt":{"rendered":"<p>El soldado Aar\u00f3n Vidal L\u00f3pez, de 25 a\u00f1os de edad, natural de Valencia, soltero y sin hijos, perteneciente al Regimiento de Caballer\u00eda &#8216;Lusitania&#8217; n\u00ba 8 y desplegado en Iraq como participante en la Operaci\u00f3n Inherent Resolve, falleci\u00f3 esta ma\u00f1ana en un accidente de tr\u00e1fico ocurrido en el campo de maniobras de Besmayah. \u200bEn el mismo [&hellip;]<\/p>\n","protected":false},"author":1,"featured_media":906533,"comment_status":"closed","ping_status":"closed","sticky":false,"template":"","format":"standard","meta":{"footnotes":""},"categories":[1],"tags":[],"class_list":["post-906532","post","type-post","status-publish","format-standard","has-post-thumbnail","hentry","category-actualidad"],"aioseo_notices":[],"aioseo_head":"\n\t\t<!-- All in One SEO Pro 4.9.6.2 - aioseo.com -->\n\t<meta name=\"description\" content=\"El soldado Aar\u00f3n Vidal L\u00f3pez, de 25 a\u00f1os de edad, natural de Valencia, soltero y sin hijos, perteneciente al Regimiento de Caballer\u00eda &#039;Lusitania&#039; n\u00ba 8 y desplegado en Iraq como participante en la Operaci\u00f3n Inherent Resolve, falleci\u00f3 esta ma\u00f1ana en un accidente de tr\u00e1fico ocurrido en el campo de maniobras de Besmayah. \u200bEn el mismo\" \/>\n\t<meta name=\"robots\" content=\"max-image-preview:large\" \/>\n\t<meta name=\"author\" content=\"El Digital de Asturias\"\/>\n\t<meta name=\"google-site-verification\" content=\"UA-38556648-1\" \/>\n\t<meta name=\"msvalidate.01\" content=\"7dfe9f3f1b24437ab69f4f2559babe99\" \/>\n\t<meta name=\"keywords\" content=\"actualidad\" \/>\n\t<link rel=\"canonical\" href=\"https:\/\/www.eldigitaldeasturias.com\/noticias\/fallece-un-militar-espanol-en-un-accidente-en-irak\/\" \/>\n\t<meta name=\"generator\" content=\"All in One SEO Pro (AIOSEO) 4.9.6.2\" \/>\n\t\t<meta property=\"og:locale\" content=\"es_ES\" \/>\n\t\t<meta property=\"og:site_name\" content=\"El Digital de Asturias\" \/>\n\t\t<meta property=\"og:type\" content=\"article\" \/>\n\t\t<meta property=\"og:title\" content=\"Fallece un militar espa\u00f1ol en un accidente en Irak - El Digital de Asturias\" \/>\n\t\t<meta property=\"og:description\" content=\"El soldado Aar\u00f3n Vidal L\u00f3pez, de 25 a\u00f1os de edad, natural de Valencia, soltero y sin hijos, perteneciente al Regimiento de Caballer\u00eda &#039;Lusitania&#039; n\u00ba 8 y desplegado en Iraq como participante en la Operaci\u00f3n Inherent Resolve, falleci\u00f3 esta ma\u00f1ana en un accidente de tr\u00e1fico ocurrido en el campo de maniobras de Besmayah. \u200bEn el mismo\" \/>\n\t\t<meta property=\"og:url\" content=\"https:\/\/www.eldigitaldeasturias.com\/noticias\/fallece-un-militar-espanol-en-un-accidente-en-irak\/\" \/>\n\t\t<meta property=\"og:image\" content=\"https:\/\/www.eldigitaldeasturias.com\/noticias\/wp-content\/uploads\/2016\/09\/080916-defensa.jpg\" \/>\n\t\t<meta property=\"og:image:secure_url\" content=\"https:\/\/www.eldigitaldeasturias.com\/noticias\/wp-content\/uploads\/2016\/09\/080916-defensa.jpg\" \/>\n\t\t<meta property=\"og:image:width\" content=\"496\" \/>\n\t\t<meta property=\"og:image:height\" content=\"329\" \/>\n\t\t<meta property=\"article:tag\" content=\"actualidad\" \/>\n\t\t<meta property=\"article:published_time\" content=\"2016-09-08T20:49:52+00:00\" \/>\n\t\t<meta property=\"article:modified_time\" content=\"2016-09-08T20:49:52+00:00\" \/>\n\t\t<meta property=\"article:publisher\" content=\"https:\/\/facebook.com\/eldigitaldeasturias\" \/>\n\t\t<meta name=\"twitter:card\" content=\"summary_large_image\" \/>\n\t\t<meta name=\"twitter:title\" content=\"Fallece un militar espa\u00f1ol en un accidente en Irak - El Digital de Asturias\" \/>\n\t\t<meta name=\"twitter:description\" content=\"El soldado Aar\u00f3n Vidal L\u00f3pez, de 25 a\u00f1os de edad, natural de Valencia, soltero y sin hijos, perteneciente al Regimiento de Caballer\u00eda &#039;Lusitania&#039; n\u00ba 8 y desplegado en Iraq como participante en la Operaci\u00f3n Inherent Resolve, falleci\u00f3 esta ma\u00f1ana en un accidente de tr\u00e1fico ocurrido en el campo de maniobras de Besmayah. \u200bEn el mismo\" \/>\n\t\t<meta name=\"twitter:image\" content=\"https:\/\/www.eldigitaldeasturias.com\/noticias\/wp-content\/uploads\/2016\/09\/080916-defensa.jpg\" \/>\n\t\t<meta name=\"twitter:label1\" content=\"Escrito por\" \/>\n\t\t<meta name=\"twitter:data1\" content=\"El Digital de Asturias\" \/>\n\t\t<meta name=\"twitter:label2\" content=\"Tiempo de lectura estimado\" \/>\n\t\t<meta name=\"twitter:data2\" content=\"1 minuto\" \/>\n\t\t<script type=\"application\/ld+json\" class=\"aioseo-schema\">\n\t\t\t{\"@context\":\"https:\\\/\\\/schema.org\",\"@graph\":[{\"@type\":\"BlogPosting\",\"@id\":\"https:\\\/\\\/www.eldigitaldeasturias.com\\\/noticias\\\/fallece-un-militar-espanol-en-un-accidente-en-irak\\\/#blogposting\",\"name\":\"Fallece un militar espa\\u00f1ol en un accidente en Irak - El Digital de Asturias\",\"headline\":\"Fallece un militar espa\\u00f1ol en un accidente en Irak\",\"author\":{\"@id\":\"https:\\\/\\\/www.eldigitaldeasturias.com\\\/noticias\\\/author\\\/admin\\\/#author\"},\"publisher\":{\"@id\":\"https:\\\/\\\/www.eldigitaldeasturias.com\\\/noticias\\\/#organization\"},\"image\":{\"@type\":\"ImageObject\",\"url\":\"https:\\\/\\\/www.eldigitaldeasturias.com\\\/noticias\\\/wp-content\\\/uploads\\\/2016\\\/09\\\/080916-defensa.jpg\",\"width\":496,\"height\":329},\"datePublished\":\"2016-09-08T21:49:52+02:00\",\"dateModified\":\"2016-09-08T21:49:52+02:00\",\"inLanguage\":\"es-ES\",\"mainEntityOfPage\":{\"@id\":\"https:\\\/\\\/www.eldigitaldeasturias.com\\\/noticias\\\/fallece-un-militar-espanol-en-un-accidente-en-irak\\\/#webpage\"},\"isPartOf\":{\"@id\":\"https:\\\/\\\/www.eldigitaldeasturias.com\\\/noticias\\\/fallece-un-militar-espanol-en-un-accidente-en-irak\\\/#webpage\"},\"articleSection\":\"Actualidad\"},{\"@type\":\"BreadcrumbList\",\"@id\":\"https:\\\/\\\/www.eldigitaldeasturias.com\\\/noticias\\\/fallece-un-militar-espanol-en-un-accidente-en-irak\\\/#breadcrumblist\",\"itemListElement\":[{\"@type\":\"ListItem\",\"@id\":\"https:\\\/\\\/www.eldigitaldeasturias.com\\\/noticias#listItem\",\"position\":1,\"name\":\"Home\",\"item\":\"https:\\\/\\\/www.eldigitaldeasturias.com\\\/noticias\",\"nextItem\":{\"@type\":\"ListItem\",\"@id\":\"https:\\\/\\\/www.eldigitaldeasturias.com\\\/noticias\\\/category\\\/actualidad\\\/#listItem\",\"name\":\"Actualidad\"}},{\"@type\":\"ListItem\",\"@id\":\"https:\\\/\\\/www.eldigitaldeasturias.com\\\/noticias\\\/category\\\/actualidad\\\/#listItem\",\"position\":2,\"name\":\"Actualidad\",\"item\":\"https:\\\/\\\/www.eldigitaldeasturias.com\\\/noticias\\\/category\\\/actualidad\\\/\",\"nextItem\":{\"@type\":\"ListItem\",\"@id\":\"https:\\\/\\\/www.eldigitaldeasturias.com\\\/noticias\\\/fallece-un-militar-espanol-en-un-accidente-en-irak\\\/#listItem\",\"name\":\"Fallece un militar espa\\u00f1ol en un accidente en Irak\"},\"previousItem\":{\"@type\":\"ListItem\",\"@id\":\"https:\\\/\\\/www.eldigitaldeasturias.com\\\/noticias#listItem\",\"name\":\"Home\"}},{\"@type\":\"ListItem\",\"@id\":\"https:\\\/\\\/www.eldigitaldeasturias.com\\\/noticias\\\/fallece-un-militar-espanol-en-un-accidente-en-irak\\\/#listItem\",\"position\":3,\"name\":\"Fallece un militar espa\\u00f1ol en un accidente en Irak\",\"previousItem\":{\"@type\":\"ListItem\",\"@id\":\"https:\\\/\\\/www.eldigitaldeasturias.com\\\/noticias\\\/category\\\/actualidad\\\/#listItem\",\"name\":\"Actualidad\"}}]},{\"@type\":\"Organization\",\"@id\":\"https:\\\/\\\/www.eldigitaldeasturias.com\\\/noticias\\\/#organization\",\"name\":\"El Digital de Asturias\",\"description\":\"Hemeroteca\",\"url\":\"https:\\\/\\\/www.eldigitaldeasturias.com\\\/noticias\\\/\",\"email\":\"info@eldigitaldeasturias.com\",\"telephone\":\"+34652131393\",\"logo\":{\"@type\":\"ImageObject\",\"url\":\"https:\\\/\\\/www.eldigitaldeasturias.com\\\/noticias\\\/wp-content\\\/uploads\\\/2020\\\/12\\\/EDA.jpg\",\"@id\":\"https:\\\/\\\/www.eldigitaldeasturias.com\\\/noticias\\\/fallece-un-militar-espanol-en-un-accidente-en-irak\\\/#organizationLogo\",\"width\":649,\"height\":297},\"image\":{\"@id\":\"https:\\\/\\\/www.eldigitaldeasturias.com\\\/noticias\\\/fallece-un-militar-espanol-en-un-accidente-en-irak\\\/#organizationLogo\"},\"sameAs\":[\"https:\\\/\\\/facebook.com\\\/eldigitaldeasturias\",\"https:\\\/\\\/www.youtube.com\\\/channel\\\/UCZP-2wLEB9Rv6erhFmqVnvg\"],\"address\":{\"@id\":\"https:\\\/\\\/www.eldigitaldeasturias.com\\\/noticias\\\/#postaladdress\",\"@type\":\"PostalAddress\",\"streetAddress\":\"san antonio 4,\",\"postalCode\":\"33430\",\"addressLocality\":\"Cand\\u00e1s\",\"addressRegion\":\"Asturias\",\"addressCountry\":\"ES\"}},{\"@type\":\"Person\",\"@id\":\"https:\\\/\\\/www.eldigitaldeasturias.com\\\/noticias\\\/author\\\/admin\\\/#author\",\"url\":\"https:\\\/\\\/www.eldigitaldeasturias.com\\\/noticias\\\/author\\\/admin\\\/\",\"name\":\"El Digital de Asturias\",\"image\":{\"@type\":\"ImageObject\",\"@id\":\"https:\\\/\\\/www.eldigitaldeasturias.com\\\/noticias\\\/fallece-un-militar-espanol-en-un-accidente-en-irak\\\/#authorImage\",\"url\":\"https:\\\/\\\/www.eldigitaldeasturias.com\\\/noticias\\\/wp-content\\\/litespeed\\\/avatar\\\/18677e78aa0546b92d9dbf31ec7d7668.jpg?ver=1776685526\",\"width\":96,\"height\":96,\"caption\":\"El Digital de Asturias\"}},{\"@type\":\"WebPage\",\"@id\":\"https:\\\/\\\/www.eldigitaldeasturias.com\\\/noticias\\\/fallece-un-militar-espanol-en-un-accidente-en-irak\\\/#webpage\",\"url\":\"https:\\\/\\\/www.eldigitaldeasturias.com\\\/noticias\\\/fallece-un-militar-espanol-en-un-accidente-en-irak\\\/\",\"name\":\"Fallece un militar espa\\u00f1ol en un accidente en Irak - El Digital de Asturias\",\"description\":\"El soldado Aar\\u00f3n Vidal L\\u00f3pez, de 25 a\\u00f1os de edad, natural de Valencia, soltero y sin hijos, perteneciente al Regimiento de Caballer\\u00eda 'Lusitania' n\\u00ba 8 y desplegado en Iraq como participante en la Operaci\\u00f3n Inherent Resolve, falleci\\u00f3 esta ma\\u00f1ana en un accidente de tr\\u00e1fico ocurrido en el campo de maniobras de Besmayah. \\u200bEn el mismo\",\"inLanguage\":\"es-ES\",\"isPartOf\":{\"@id\":\"https:\\\/\\\/www.eldigitaldeasturias.com\\\/noticias\\\/#website\"},\"breadcrumb\":{\"@id\":\"https:\\\/\\\/www.eldigitaldeasturias.com\\\/noticias\\\/fallece-un-militar-espanol-en-un-accidente-en-irak\\\/#breadcrumblist\"},\"author\":{\"@id\":\"https:\\\/\\\/www.eldigitaldeasturias.com\\\/noticias\\\/author\\\/admin\\\/#author\"},\"creator\":{\"@id\":\"https:\\\/\\\/www.eldigitaldeasturias.com\\\/noticias\\\/author\\\/admin\\\/#author\"},\"image\":{\"@type\":\"ImageObject\",\"url\":\"https:\\\/\\\/www.eldigitaldeasturias.com\\\/noticias\\\/wp-content\\\/uploads\\\/2016\\\/09\\\/080916-defensa.jpg\",\"@id\":\"https:\\\/\\\/www.eldigitaldeasturias.com\\\/noticias\\\/fallece-un-militar-espanol-en-un-accidente-en-irak\\\/#mainImage\",\"width\":496,\"height\":329},\"primaryImageOfPage\":{\"@id\":\"https:\\\/\\\/www.eldigitaldeasturias.com\\\/noticias\\\/fallece-un-militar-espanol-en-un-accidente-en-irak\\\/#mainImage\"},\"datePublished\":\"2016-09-08T21:49:52+02:00\",\"dateModified\":\"2016-09-08T21:49:52+02:00\"},{\"@type\":\"WebSite\",\"@id\":\"https:\\\/\\\/www.eldigitaldeasturias.com\\\/noticias\\\/#website\",\"url\":\"https:\\\/\\\/www.eldigitaldeasturias.com\\\/noticias\\\/\",\"name\":\"El Digital de Asturias - Diario de actualidad y noticias\",\"alternateName\":\"El Digital de Asturias - Diario de actualidad y noticias\",\"description\":\"Hemeroteca\",\"inLanguage\":\"es-ES\",\"publisher\":{\"@id\":\"https:\\\/\\\/www.eldigitaldeasturias.com\\\/noticias\\\/#organization\"}}]}\n\t\t<\/script>\n\t\t<!-- All in One SEO Pro -->\r\n\t\t<title>Fallece un militar espa\u00f1ol en un accidente en Irak - El Digital de Asturias<\/title>\n\n","aioseo_head_json":{"title":"Fallece un militar espa\u00f1ol en un accidente en Irak - El Digital de Asturias","description":"El soldado Aar\u00f3n Vidal L\u00f3pez, de 25 a\u00f1os de edad, natural de Valencia, soltero y sin hijos, perteneciente al Regimiento de Caballer\u00eda 'Lusitania' n\u00ba 8 y desplegado en Iraq como participante en la Operaci\u00f3n Inherent Resolve, falleci\u00f3 esta ma\u00f1ana en un accidente de tr\u00e1fico ocurrido en el campo de maniobras de Besmayah. \u200bEn el mismo","canonical_url":"https:\/\/www.eldigitaldeasturias.com\/noticias\/fallece-un-militar-espanol-en-un-accidente-en-irak\/","robots":"max-image-preview:large","keywords":"actualidad","webmasterTools":{"google-site-verification":"UA-38556648-1","msvalidate.01":"7dfe9f3f1b24437ab69f4f2559babe99","miscellaneous":""},"schema":{"@context":"https:\/\/schema.org","@graph":[{"@type":"BlogPosting","@id":"https:\/\/www.eldigitaldeasturias.com\/noticias\/fallece-un-militar-espanol-en-un-accidente-en-irak\/#blogposting","name":"Fallece un militar espa\u00f1ol en un accidente en Irak - El Digital de Asturias","headline":"Fallece un militar espa\u00f1ol en un accidente en Irak","author":{"@id":"https:\/\/www.eldigitaldeasturias.com\/noticias\/author\/admin\/#author"},"publisher":{"@id":"https:\/\/www.eldigitaldeasturias.com\/noticias\/#organization"},"image":{"@type":"ImageObject","url":"https:\/\/www.eldigitaldeasturias.com\/noticias\/wp-content\/uploads\/2016\/09\/080916-defensa.jpg","width":496,"height":329},"datePublished":"2016-09-08T21:49:52+02:00","dateModified":"2016-09-08T21:49:52+02:00","inLanguage":"es-ES","mainEntityOfPage":{"@id":"https:\/\/www.eldigitaldeasturias.com\/noticias\/fallece-un-militar-espanol-en-un-accidente-en-irak\/#webpage"},"isPartOf":{"@id":"https:\/\/www.eldigitaldeasturias.com\/noticias\/fallece-un-militar-espanol-en-un-accidente-en-irak\/#webpage"},"articleSection":"Actualidad"},{"@type":"BreadcrumbList","@id":"https:\/\/www.eldigitaldeasturias.com\/noticias\/fallece-un-militar-espanol-en-un-accidente-en-irak\/#breadcrumblist","itemListElement":[{"@type":"ListItem","@id":"https:\/\/www.eldigitaldeasturias.com\/noticias#listItem","position":1,"name":"Home","item":"https:\/\/www.eldigitaldeasturias.com\/noticias","nextItem":{"@type":"ListItem","@id":"https:\/\/www.eldigitaldeasturias.com\/noticias\/category\/actualidad\/#listItem","name":"Actualidad"}},{"@type":"ListItem","@id":"https:\/\/www.eldigitaldeasturias.com\/noticias\/category\/actualidad\/#listItem","position":2,"name":"Actualidad","item":"https:\/\/www.eldigitaldeasturias.com\/noticias\/category\/actualidad\/","nextItem":{"@type":"ListItem","@id":"https:\/\/www.eldigitaldeasturias.com\/noticias\/fallece-un-militar-espanol-en-un-accidente-en-irak\/#listItem","name":"Fallece un militar espa\u00f1ol en un accidente en Irak"},"previousItem":{"@type":"ListItem","@id":"https:\/\/www.eldigitaldeasturias.com\/noticias#listItem","name":"Home"}},{"@type":"ListItem","@id":"https:\/\/www.eldigitaldeasturias.com\/noticias\/fallece-un-militar-espanol-en-un-accidente-en-irak\/#listItem","position":3,"name":"Fallece un militar espa\u00f1ol en un accidente en Irak","previousItem":{"@type":"ListItem","@id":"https:\/\/www.eldigitaldeasturias.com\/noticias\/category\/actualidad\/#listItem","name":"Actualidad"}}]},{"@type":"Organization","@id":"https:\/\/www.eldigitaldeasturias.com\/noticias\/#organization","name":"El Digital de Asturias","description":"Hemeroteca","url":"https:\/\/www.eldigitaldeasturias.com\/noticias\/","email":"info@eldigitaldeasturias.com","telephone":"+34652131393","logo":{"@type":"ImageObject","url":"https:\/\/www.eldigitaldeasturias.com\/noticias\/wp-content\/uploads\/2020\/12\/EDA.jpg","@id":"https:\/\/www.eldigitaldeasturias.com\/noticias\/fallece-un-militar-espanol-en-un-accidente-en-irak\/#organizationLogo","width":649,"height":297},"image":{"@id":"https:\/\/www.eldigitaldeasturias.com\/noticias\/fallece-un-militar-espanol-en-un-accidente-en-irak\/#organizationLogo"},"sameAs":["https:\/\/facebook.com\/eldigitaldeasturias","https:\/\/www.youtube.com\/channel\/UCZP-2wLEB9Rv6erhFmqVnvg"],"address":{"@id":"https:\/\/www.eldigitaldeasturias.com\/noticias\/#postaladdress","@type":"PostalAddress","streetAddress":"san antonio 4,","postalCode":"33430","addressLocality":"Cand\u00e1s","addressRegion":"Asturias","addressCountry":"ES"}},{"@type":"Person","@id":"https:\/\/www.eldigitaldeasturias.com\/noticias\/author\/admin\/#author","url":"https:\/\/www.eldigitaldeasturias.com\/noticias\/author\/admin\/","name":"El Digital de Asturias","image":{"@type":"ImageObject","@id":"https:\/\/www.eldigitaldeasturias.com\/noticias\/fallece-un-militar-espanol-en-un-accidente-en-irak\/#authorImage","url":"https:\/\/www.eldigitaldeasturias.com\/noticias\/wp-content\/litespeed\/avatar\/18677e78aa0546b92d9dbf31ec7d7668.jpg?ver=1776685526","width":96,"height":96,"caption":"El Digital de Asturias"}},{"@type":"WebPage","@id":"https:\/\/www.eldigitaldeasturias.com\/noticias\/fallece-un-militar-espanol-en-un-accidente-en-irak\/#webpage","url":"https:\/\/www.eldigitaldeasturias.com\/noticias\/fallece-un-militar-espanol-en-un-accidente-en-irak\/","name":"Fallece un militar espa\u00f1ol en un accidente en Irak - El Digital de Asturias","description":"El soldado Aar\u00f3n Vidal L\u00f3pez, de 25 a\u00f1os de edad, natural de Valencia, soltero y sin hijos, perteneciente al Regimiento de Caballer\u00eda 'Lusitania' n\u00ba 8 y desplegado en Iraq como participante en la Operaci\u00f3n Inherent Resolve, falleci\u00f3 esta ma\u00f1ana en un accidente de tr\u00e1fico ocurrido en el campo de maniobras de Besmayah. \u200bEn el mismo","inLanguage":"es-ES","isPartOf":{"@id":"https:\/\/www.eldigitaldeasturias.com\/noticias\/#website"},"breadcrumb":{"@id":"https:\/\/www.eldigitaldeasturias.com\/noticias\/fallece-un-militar-espanol-en-un-accidente-en-irak\/#breadcrumblist"},"author":{"@id":"https:\/\/www.eldigitaldeasturias.com\/noticias\/author\/admin\/#author"},"creator":{"@id":"https:\/\/www.eldigitaldeasturias.com\/noticias\/author\/admin\/#author"},"image":{"@type":"ImageObject","url":"https:\/\/www.eldigitaldeasturias.com\/noticias\/wp-content\/uploads\/2016\/09\/080916-defensa.jpg","@id":"https:\/\/www.eldigitaldeasturias.com\/noticias\/fallece-un-militar-espanol-en-un-accidente-en-irak\/#mainImage","width":496,"height":329},"primaryImageOfPage":{"@id":"https:\/\/www.eldigitaldeasturias.com\/noticias\/fallece-un-militar-espanol-en-un-accidente-en-irak\/#mainImage"},"datePublished":"2016-09-08T21:49:52+02:00","dateModified":"2016-09-08T21:49:52+02:00"},{"@type":"WebSite","@id":"https:\/\/www.eldigitaldeasturias.com\/noticias\/#website","url":"https:\/\/www.eldigitaldeasturias.com\/noticias\/","name":"El Digital de Asturias - Diario de actualidad y noticias","alternateName":"El Digital de Asturias - Diario de actualidad y noticias","description":"Hemeroteca","inLanguage":"es-ES","publisher":{"@id":"https:\/\/www.eldigitaldeasturias.com\/noticias\/#organization"}}]},"og:locale":"es_ES","og:site_name":"El Digital de Asturias","og:type":"article","og:title":"Fallece un militar espa\u00f1ol en un accidente en Irak - El Digital de Asturias","og:description":"El soldado Aar\u00f3n Vidal L\u00f3pez, de 25 a\u00f1os de edad, natural de Valencia, soltero y sin hijos, perteneciente al Regimiento de Caballer\u00eda 'Lusitania' n\u00ba 8 y desplegado en Iraq como participante en la Operaci\u00f3n Inherent Resolve, falleci\u00f3 esta ma\u00f1ana en un accidente de tr\u00e1fico ocurrido en el campo de maniobras de Besmayah. \u200bEn el mismo","og:url":"https:\/\/www.eldigitaldeasturias.com\/noticias\/fallece-un-militar-espanol-en-un-accidente-en-irak\/","og:image":"https:\/\/www.eldigitaldeasturias.com\/noticias\/wp-content\/uploads\/2016\/09\/080916-defensa.jpg","og:image:secure_url":"https:\/\/www.eldigitaldeasturias.com\/noticias\/wp-content\/uploads\/2016\/09\/080916-defensa.jpg","og:image:width":496,"og:image:height":329,"article:tag":["actualidad"],"article:published_time":"2016-09-08T20:49:52+00:00","article:modified_time":"2016-09-08T20:49:52+00:00","article:publisher":"https:\/\/facebook.com\/eldigitaldeasturias","twitter:card":"summary_large_image","twitter:title":"Fallece un militar espa\u00f1ol en un accidente en Irak - El Digital de Asturias","twitter:description":"El soldado Aar\u00f3n Vidal L\u00f3pez, de 25 a\u00f1os de edad, natural de Valencia, soltero y sin hijos, perteneciente al Regimiento de Caballer\u00eda 'Lusitania' n\u00ba 8 y desplegado en Iraq como participante en la Operaci\u00f3n Inherent Resolve, falleci\u00f3 esta ma\u00f1ana en un accidente de tr\u00e1fico ocurrido en el campo de maniobras de Besmayah. \u200bEn el mismo","twitter:image":"https:\/\/www.eldigitaldeasturias.com\/noticias\/wp-content\/uploads\/2016\/09\/080916-defensa.jpg","twitter:label1":"Escrito por","twitter:data1":"El Digital de Asturias","twitter:label2":"Tiempo de lectura estimado","twitter:data2":"1 minuto"},"aioseo_meta_data":{"post_id":"906532","title":null,"description":null,"keywords":null,"keyphrases":null,"primary_term":null,"canonical_url":null,"og_title":null,"og_description":null,"og_object_type":"default","og_image_type":"default","og_image_url":null,"og_image_width":null,"og_image_height":null,"og_image_custom_url":null,"og_image_custom_fields":null,"og_video":null,"og_custom_url":null,"og_article_section":null,"og_article_tags":null,"twitter_use_og":false,"twitter_card":"default","twitter_image_type":"default","twitter_image_url":null,"twitter_image_custom_url":null,"twitter_image_custom_fields":null,"twitter_title":null,"twitter_description":null,"schema":{"blockGraphs":[],"customGraphs":[],"default":{"data":{"Article":[],"Course":[],"Dataset":[],"FAQPage":[],"Movie":[],"Person":[],"Product":[],"ProductReview":[],"Car":[],"Recipe":[],"Service":[],"SoftwareApplication":[],"WebPage":[]},"graphName":"","isEnabled":true},"graphs":[],"defaultGraph":"","defaultPostTypeGraph":""},"schema_type":null,"schema_type_options":null,"pillar_content":false,"robots_default":true,"robots_noindex":false,"robots_noarchive":false,"robots_nosnippet":false,"robots_nofollow":false,"robots_noimageindex":false,"robots_noodp":false,"robots_notranslate":false,"robots_max_snippet":null,"robots_max_videopreview":null,"robots_max_imagepreview":"large","priority":null,"frequency":null,"local_seo":null,"seo_analyzer_scan_date":"2025-11-30 09:21:09","breadcrumb_settings":null,"limit_modified_date":false,"open_ai":null,"ai":null,"created":"2020-12-21 14:01:32","updated":"2025-11-30 09:21:09"},"aioseo_breadcrumb":"<div class=\"aioseo-breadcrumbs\"><span class=\"aioseo-breadcrumb\">\n\t<a href=\"https:\/\/www.eldigitaldeasturias.com\/noticias\" title=\"Home\">Home<\/a>\n<\/span><span class=\"aioseo-breadcrumb-separator\">\u2013<\/span><span class=\"aioseo-breadcrumb\">\n\t<a href=\"https:\/\/www.eldigitaldeasturias.com\/noticias\/category\/actualidad\/\" title=\"Actualidad\">Actualidad<\/a>\n<\/span><span class=\"aioseo-breadcrumb-separator\">\u2013<\/span><span class=\"aioseo-breadcrumb\">\n\t<a href=\"https:\/\/www.eldigitaldeasturias.com\/noticias\/fallece-un-militar-espanol-en-un-accidente-en-irak\/\" title=\"Fallece un militar espa\u00f1ol en un accidente en Irak\">Fallece un militar espa\u00f1ol en un accidente en Irak<\/a>\n<\/span><\/div>","aioseo_breadcrumb_json":[{"label":"Home","link":"https:\/\/www.eldigitaldeasturias.com\/noticias"},{"label":"Actualidad","link":"https:\/\/www.eldigitaldeasturias.com\/noticias\/category\/actualidad\/"},{"label":"Fallece un militar espa\u00f1ol en un accidente en Irak","link":"https:\/\/www.eldigitaldeasturias.com\/noticias\/fallece-un-militar-espanol-en-un-accidente-en-irak\/"}],"_links":{"self":[{"href":"https:\/\/www.eldigitaldeasturias.com\/noticias\/wp-json\/wp\/v2\/posts\/906532","targetHints":{"allow":["GET"]}}],"collection":[{"href":"https:\/\/www.eldigitaldeasturias.com\/noticias\/wp-json\/wp\/v2\/posts"}],"about":[{"href":"https:\/\/www.eldigitaldeasturias.com\/noticias\/wp-json\/wp\/v2\/types\/post"}],"author":[{"embeddable":true,"href":"https:\/\/www.eldigitaldeasturias.com\/noticias\/wp-json\/wp\/v2\/users\/1"}],"replies":[{"embeddable":true,"href":"https:\/\/www.eldigitaldeasturias.com\/noticias\/wp-json\/wp\/v2\/comments?post=906532"}],"version-history":[{"count":0,"href":"https:\/\/www.eldigitaldeasturias.com\/noticias\/wp-json\/wp\/v2\/posts\/906532\/revisions"}],"wp:featuredmedia":[{"embeddable":true,"href":"https:\/\/www.eldigitaldeasturias.com\/noticias\/wp-json\/wp\/v2\/media\/906533"}],"wp:attachment":[{"href":"https:\/\/www.eldigitaldeasturias.com\/noticias\/wp-json\/wp\/v2\/media?parent=906532"}],"wp:term":[{"taxonomy":"category","embeddable":true,"href":"https:\/\/www.eldigitaldeasturias.com\/noticias\/wp-json\/wp\/v2\/categories?post=906532"},{"taxonomy":"post_tag","embeddable":true,"href":"https:\/\/www.eldigitaldeasturias.com\/noticias\/wp-json\/wp\/v2\/tags?post=906532"}],"curies":[{"name":"wp","href":"https:\/\/api.w.org\/{rel}","templated":true}]}}