{"id":906527,"date":"2016-09-08T21:41:54","date_gmt":"2016-09-08T20:41:54","guid":{"rendered":"http:\/\/www.eldigitaldeasturias.com\/noticias\/?p=906527"},"modified":"2016-09-08T21:41:54","modified_gmt":"2016-09-08T20:41:54","slug":"rafael-hernando-vincula-a-la-formacion-de-gobierno-la-aprobacion-del-techo-de-gasto","status":"publish","type":"post","link":"https:\/\/www.eldigitaldeasturias.com\/noticias\/rafael-hernando-vincula-a-la-formacion-de-gobierno-la-aprobacion-del-techo-de-gasto\/","title":{"rendered":"Rafael Hernando vincula a la formaci\u00f3n de gobierno la aprobaci\u00f3n del techo de gasto"},"content":{"rendered":"<p><img loading=\"lazy\" decoding=\"async\" class=\"alignleft size-medium wp-image-906528\" src=\"https:\/\/www.eldigitaldeasturias.com\/noticias\/wp-content\/uploads\/2016\/09\/fotonoticia_20160908195913_800-360x240.jpg\" alt=\"fotonoticia_20160908195913_800\" width=\"360\" height=\"240\" srcset=\"https:\/\/www.eldigitaldeasturias.com\/noticias\/wp-content\/uploads\/2016\/09\/fotonoticia_20160908195913_800-360x240.jpg 360w, https:\/\/www.eldigitaldeasturias.com\/noticias\/wp-content\/uploads\/2016\/09\/fotonoticia_20160908195913_800-768x512.jpg 768w, https:\/\/www.eldigitaldeasturias.com\/noticias\/wp-content\/uploads\/2016\/09\/fotonoticia_20160908195913_800-650x433.jpg 650w, https:\/\/www.eldigitaldeasturias.com\/noticias\/wp-content\/uploads\/2016\/09\/fotonoticia_20160908195913_800-84x55.jpg 84w, https:\/\/www.eldigitaldeasturias.com\/noticias\/wp-content\/uploads\/2016\/09\/fotonoticia_20160908195913_800-49x32.jpg 49w, https:\/\/www.eldigitaldeasturias.com\/noticias\/wp-content\/uploads\/2016\/09\/fotonoticia_20160908195913_800.jpg 800w\" sizes=\"auto, (max-width: 360px) 100vw, 360px\" \/>El portavoz del PP en el Congreso de los Diputados, Rafael Hernando, ha asegurado este jueves que, hasta que no haya gobierno no se podr\u00e1 aprobar el techo de gasto, los presupuestos y las medidas de estabilidad que exige Bruselas, con lo que las autonom\u00edas tampoco podr\u00e1n conocer sus techos de gasto para la elaboraci\u00f3n de las cuentas auton\u00f3micas.<\/p>\n<p>En una rueda de prensa en el Congreso, ha pedido a los dirigentes auton\u00f3micos socialistas que expliquen los problemas que tienen para elaborar sus cuentas para 2017 y el dinero que puede perder si se congelan los fondos que distribuye la UE por incumplir Espa\u00f1a sus compromisos.<\/p>\n<p>Precisamente este aspecto ha sido objeto de reclamaciones por parte del Ejecutivo asturiano, quien ya en dos ocasiones ha pedido al Gobierno en funciones que informe a las comunidades del techo de gasto para as\u00ed poder perfilar los presupuestos de 2017.<\/p>\n<p>El consejero de Presidencia del Gobierno asturiano, Guillermo Mart\u00ednez, ya ha adelantado que est\u00e1 manteniendo conversaciones con dirigentes de otras comunidades aut\u00f3nomas para poder convocar el Consejo de Pol\u00edtica Fiscal y Financiera y forzar as\u00ed al Gobierno en funciones a informar de la financiaci\u00f3n auton\u00f3mica puesto que, seg\u00fan Mart\u00ednez, ya dispone de estos datos pero no los proporciona a las comunidades.<\/p>\n<p>&nbsp;<\/p>\n","protected":false},"excerpt":{"rendered":"<p>El portavoz del PP en el Congreso de los Diputados, Rafael Hernando, ha asegurado este jueves que, hasta que no haya gobierno no se podr\u00e1 aprobar el techo de gasto, los presupuestos y las medidas de estabilidad que exige Bruselas, con lo que las autonom\u00edas tampoco podr\u00e1n conocer sus techos de gasto para la elaboraci\u00f3n [&hellip;]<\/p>\n","protected":false},"author":1,"featured_media":906528,"comment_status":"closed","ping_status":"closed","sticky":false,"template":"","format":"standard","meta":{"footnotes":""},"categories":[1],"tags":[],"class_list":["post-906527","post","type-post","status-publish","format-standard","has-post-thumbnail","hentry","category-actualidad"],"aioseo_notices":[],"aioseo_head":"\n\t\t<!-- All in One SEO Pro 4.9.6.2 - aioseo.com -->\n\t<meta name=\"description\" content=\"El portavoz del PP en el Congreso de los Diputados, Rafael Hernando, ha asegurado este jueves que, hasta que no haya gobierno no se podr\u00e1 aprobar el techo de gasto, los presupuestos y las medidas de estabilidad que exige Bruselas, con lo que las autonom\u00edas tampoco podr\u00e1n conocer sus techos de gasto para la elaboraci\u00f3n\" \/>\n\t<meta name=\"robots\" content=\"max-image-preview:large\" \/>\n\t<meta name=\"author\" content=\"El Digital de Asturias\"\/>\n\t<meta name=\"google-site-verification\" content=\"UA-38556648-1\" \/>\n\t<meta name=\"msvalidate.01\" content=\"7dfe9f3f1b24437ab69f4f2559babe99\" \/>\n\t<meta name=\"keywords\" content=\"actualidad\" \/>\n\t<link rel=\"canonical\" href=\"https:\/\/www.eldigitaldeasturias.com\/noticias\/rafael-hernando-vincula-a-la-formacion-de-gobierno-la-aprobacion-del-techo-de-gasto\/\" \/>\n\t<meta name=\"generator\" content=\"All in One SEO Pro (AIOSEO) 4.9.6.2\" \/>\n\t\t<meta property=\"og:locale\" content=\"es_ES\" \/>\n\t\t<meta property=\"og:site_name\" content=\"El Digital de Asturias\" \/>\n\t\t<meta property=\"og:type\" content=\"article\" \/>\n\t\t<meta property=\"og:title\" content=\"Rafael Hernando vincula a la formaci\u00f3n de gobierno la aprobaci\u00f3n del techo de gasto - El Digital de Asturias\" \/>\n\t\t<meta property=\"og:description\" content=\"El portavoz del PP en el Congreso de los Diputados, Rafael Hernando, ha asegurado este jueves que, hasta que no haya gobierno no se podr\u00e1 aprobar el techo de gasto, los presupuestos y las medidas de estabilidad que exige Bruselas, con lo que las autonom\u00edas tampoco podr\u00e1n conocer sus techos de gasto para la elaboraci\u00f3n\" \/>\n\t\t<meta property=\"og:url\" content=\"https:\/\/www.eldigitaldeasturias.com\/noticias\/rafael-hernando-vincula-a-la-formacion-de-gobierno-la-aprobacion-del-techo-de-gasto\/\" \/>\n\t\t<meta property=\"og:image\" content=\"https:\/\/www.eldigitaldeasturias.com\/noticias\/wp-content\/uploads\/2016\/09\/fotonoticia_20160908195913_800.jpg\" \/>\n\t\t<meta property=\"og:image:secure_url\" content=\"https:\/\/www.eldigitaldeasturias.com\/noticias\/wp-content\/uploads\/2016\/09\/fotonoticia_20160908195913_800.jpg\" \/>\n\t\t<meta property=\"og:image:width\" content=\"800\" \/>\n\t\t<meta property=\"og:image:height\" content=\"533\" \/>\n\t\t<meta property=\"article:tag\" content=\"actualidad\" \/>\n\t\t<meta property=\"article:published_time\" content=\"2016-09-08T20:41:54+00:00\" \/>\n\t\t<meta property=\"article:modified_time\" content=\"2016-09-08T20:41:54+00:00\" \/>\n\t\t<meta property=\"article:publisher\" content=\"https:\/\/facebook.com\/eldigitaldeasturias\" \/>\n\t\t<meta name=\"twitter:card\" content=\"summary_large_image\" \/>\n\t\t<meta name=\"twitter:title\" content=\"Rafael Hernando vincula a la formaci\u00f3n de gobierno la aprobaci\u00f3n del techo de gasto - El Digital de Asturias\" \/>\n\t\t<meta name=\"twitter:description\" content=\"El portavoz del PP en el Congreso de los Diputados, Rafael Hernando, ha asegurado este jueves que, hasta que no haya gobierno no se podr\u00e1 aprobar el techo de gasto, los presupuestos y las medidas de estabilidad que exige Bruselas, con lo que las autonom\u00edas tampoco podr\u00e1n conocer sus techos de gasto para la elaboraci\u00f3n\" \/>\n\t\t<meta name=\"twitter:image\" content=\"https:\/\/www.eldigitaldeasturias.com\/noticias\/wp-content\/uploads\/2016\/09\/fotonoticia_20160908195913_800.jpg\" \/>\n\t\t<meta name=\"twitter:label1\" content=\"Escrito por\" \/>\n\t\t<meta name=\"twitter:data1\" content=\"El Digital de Asturias\" \/>\n\t\t<meta name=\"twitter:label2\" content=\"Tiempo de lectura estimado\" \/>\n\t\t<meta name=\"twitter:data2\" content=\"1 minuto\" \/>\n\t\t<script type=\"application\/ld+json\" class=\"aioseo-schema\">\n\t\t\t{\"@context\":\"https:\\\/\\\/schema.org\",\"@graph\":[{\"@type\":\"BlogPosting\",\"@id\":\"https:\\\/\\\/www.eldigitaldeasturias.com\\\/noticias\\\/rafael-hernando-vincula-a-la-formacion-de-gobierno-la-aprobacion-del-techo-de-gasto\\\/#blogposting\",\"name\":\"Rafael Hernando vincula a la formaci\\u00f3n de gobierno la aprobaci\\u00f3n del techo de gasto - El Digital de Asturias\",\"headline\":\"Rafael Hernando vincula a la formaci\\u00f3n de gobierno la aprobaci\\u00f3n del techo de gasto\",\"author\":{\"@id\":\"https:\\\/\\\/www.eldigitaldeasturias.com\\\/noticias\\\/author\\\/admin\\\/#author\"},\"publisher\":{\"@id\":\"https:\\\/\\\/www.eldigitaldeasturias.com\\\/noticias\\\/#organization\"},\"image\":{\"@type\":\"ImageObject\",\"url\":\"https:\\\/\\\/www.eldigitaldeasturias.com\\\/noticias\\\/wp-content\\\/uploads\\\/2016\\\/09\\\/fotonoticia_20160908195913_800.jpg\",\"width\":800,\"height\":533},\"datePublished\":\"2016-09-08T21:41:54+02:00\",\"dateModified\":\"2016-09-08T21:41:54+02:00\",\"inLanguage\":\"es-ES\",\"mainEntityOfPage\":{\"@id\":\"https:\\\/\\\/www.eldigitaldeasturias.com\\\/noticias\\\/rafael-hernando-vincula-a-la-formacion-de-gobierno-la-aprobacion-del-techo-de-gasto\\\/#webpage\"},\"isPartOf\":{\"@id\":\"https:\\\/\\\/www.eldigitaldeasturias.com\\\/noticias\\\/rafael-hernando-vincula-a-la-formacion-de-gobierno-la-aprobacion-del-techo-de-gasto\\\/#webpage\"},\"articleSection\":\"Actualidad\"},{\"@type\":\"BreadcrumbList\",\"@id\":\"https:\\\/\\\/www.eldigitaldeasturias.com\\\/noticias\\\/rafael-hernando-vincula-a-la-formacion-de-gobierno-la-aprobacion-del-techo-de-gasto\\\/#breadcrumblist\",\"itemListElement\":[{\"@type\":\"ListItem\",\"@id\":\"https:\\\/\\\/www.eldigitaldeasturias.com\\\/noticias#listItem\",\"position\":1,\"name\":\"Home\",\"item\":\"https:\\\/\\\/www.eldigitaldeasturias.com\\\/noticias\",\"nextItem\":{\"@type\":\"ListItem\",\"@id\":\"https:\\\/\\\/www.eldigitaldeasturias.com\\\/noticias\\\/category\\\/actualidad\\\/#listItem\",\"name\":\"Actualidad\"}},{\"@type\":\"ListItem\",\"@id\":\"https:\\\/\\\/www.eldigitaldeasturias.com\\\/noticias\\\/category\\\/actualidad\\\/#listItem\",\"position\":2,\"name\":\"Actualidad\",\"item\":\"https:\\\/\\\/www.eldigitaldeasturias.com\\\/noticias\\\/category\\\/actualidad\\\/\",\"nextItem\":{\"@type\":\"ListItem\",\"@id\":\"https:\\\/\\\/www.eldigitaldeasturias.com\\\/noticias\\\/rafael-hernando-vincula-a-la-formacion-de-gobierno-la-aprobacion-del-techo-de-gasto\\\/#listItem\",\"name\":\"Rafael Hernando vincula a la formaci\\u00f3n de gobierno la aprobaci\\u00f3n del techo de gasto\"},\"previousItem\":{\"@type\":\"ListItem\",\"@id\":\"https:\\\/\\\/www.eldigitaldeasturias.com\\\/noticias#listItem\",\"name\":\"Home\"}},{\"@type\":\"ListItem\",\"@id\":\"https:\\\/\\\/www.eldigitaldeasturias.com\\\/noticias\\\/rafael-hernando-vincula-a-la-formacion-de-gobierno-la-aprobacion-del-techo-de-gasto\\\/#listItem\",\"position\":3,\"name\":\"Rafael Hernando vincula a la formaci\\u00f3n de gobierno la aprobaci\\u00f3n del techo de gasto\",\"previousItem\":{\"@type\":\"ListItem\",\"@id\":\"https:\\\/\\\/www.eldigitaldeasturias.com\\\/noticias\\\/category\\\/actualidad\\\/#listItem\",\"name\":\"Actualidad\"}}]},{\"@type\":\"Organization\",\"@id\":\"https:\\\/\\\/www.eldigitaldeasturias.com\\\/noticias\\\/#organization\",\"name\":\"El Digital de Asturias\",\"description\":\"Hemeroteca\",\"url\":\"https:\\\/\\\/www.eldigitaldeasturias.com\\\/noticias\\\/\",\"email\":\"info@eldigitaldeasturias.com\",\"telephone\":\"+34652131393\",\"logo\":{\"@type\":\"ImageObject\",\"url\":\"https:\\\/\\\/www.eldigitaldeasturias.com\\\/noticias\\\/wp-content\\\/uploads\\\/2020\\\/12\\\/EDA.jpg\",\"@id\":\"https:\\\/\\\/www.eldigitaldeasturias.com\\\/noticias\\\/rafael-hernando-vincula-a-la-formacion-de-gobierno-la-aprobacion-del-techo-de-gasto\\\/#organizationLogo\",\"width\":649,\"height\":297},\"image\":{\"@id\":\"https:\\\/\\\/www.eldigitaldeasturias.com\\\/noticias\\\/rafael-hernando-vincula-a-la-formacion-de-gobierno-la-aprobacion-del-techo-de-gasto\\\/#organizationLogo\"},\"sameAs\":[\"https:\\\/\\\/facebook.com\\\/eldigitaldeasturias\",\"https:\\\/\\\/www.youtube.com\\\/channel\\\/UCZP-2wLEB9Rv6erhFmqVnvg\"],\"address\":{\"@id\":\"https:\\\/\\\/www.eldigitaldeasturias.com\\\/noticias\\\/#postaladdress\",\"@type\":\"PostalAddress\",\"streetAddress\":\"san antonio 4,\",\"postalCode\":\"33430\",\"addressLocality\":\"Cand\\u00e1s\",\"addressRegion\":\"Asturias\",\"addressCountry\":\"ES\"}},{\"@type\":\"Person\",\"@id\":\"https:\\\/\\\/www.eldigitaldeasturias.com\\\/noticias\\\/author\\\/admin\\\/#author\",\"url\":\"https:\\\/\\\/www.eldigitaldeasturias.com\\\/noticias\\\/author\\\/admin\\\/\",\"name\":\"El Digital de Asturias\",\"image\":{\"@type\":\"ImageObject\",\"@id\":\"https:\\\/\\\/www.eldigitaldeasturias.com\\\/noticias\\\/rafael-hernando-vincula-a-la-formacion-de-gobierno-la-aprobacion-del-techo-de-gasto\\\/#authorImage\",\"url\":\"https:\\\/\\\/www.eldigitaldeasturias.com\\\/noticias\\\/wp-content\\\/litespeed\\\/avatar\\\/18677e78aa0546b92d9dbf31ec7d7668.jpg?ver=1776685526\",\"width\":96,\"height\":96,\"caption\":\"El Digital de Asturias\"}},{\"@type\":\"WebPage\",\"@id\":\"https:\\\/\\\/www.eldigitaldeasturias.com\\\/noticias\\\/rafael-hernando-vincula-a-la-formacion-de-gobierno-la-aprobacion-del-techo-de-gasto\\\/#webpage\",\"url\":\"https:\\\/\\\/www.eldigitaldeasturias.com\\\/noticias\\\/rafael-hernando-vincula-a-la-formacion-de-gobierno-la-aprobacion-del-techo-de-gasto\\\/\",\"name\":\"Rafael Hernando vincula a la formaci\\u00f3n de gobierno la aprobaci\\u00f3n del techo de gasto - El Digital de Asturias\",\"description\":\"El portavoz del PP en el Congreso de los Diputados, Rafael Hernando, ha asegurado este jueves que, hasta que no haya gobierno no se podr\\u00e1 aprobar el techo de gasto, los presupuestos y las medidas de estabilidad que exige Bruselas, con lo que las autonom\\u00edas tampoco podr\\u00e1n conocer sus techos de gasto para la elaboraci\\u00f3n\",\"inLanguage\":\"es-ES\",\"isPartOf\":{\"@id\":\"https:\\\/\\\/www.eldigitaldeasturias.com\\\/noticias\\\/#website\"},\"breadcrumb\":{\"@id\":\"https:\\\/\\\/www.eldigitaldeasturias.com\\\/noticias\\\/rafael-hernando-vincula-a-la-formacion-de-gobierno-la-aprobacion-del-techo-de-gasto\\\/#breadcrumblist\"},\"author\":{\"@id\":\"https:\\\/\\\/www.eldigitaldeasturias.com\\\/noticias\\\/author\\\/admin\\\/#author\"},\"creator\":{\"@id\":\"https:\\\/\\\/www.eldigitaldeasturias.com\\\/noticias\\\/author\\\/admin\\\/#author\"},\"image\":{\"@type\":\"ImageObject\",\"url\":\"https:\\\/\\\/www.eldigitaldeasturias.com\\\/noticias\\\/wp-content\\\/uploads\\\/2016\\\/09\\\/fotonoticia_20160908195913_800.jpg\",\"@id\":\"https:\\\/\\\/www.eldigitaldeasturias.com\\\/noticias\\\/rafael-hernando-vincula-a-la-formacion-de-gobierno-la-aprobacion-del-techo-de-gasto\\\/#mainImage\",\"width\":800,\"height\":533},\"primaryImageOfPage\":{\"@id\":\"https:\\\/\\\/www.eldigitaldeasturias.com\\\/noticias\\\/rafael-hernando-vincula-a-la-formacion-de-gobierno-la-aprobacion-del-techo-de-gasto\\\/#mainImage\"},\"datePublished\":\"2016-09-08T21:41:54+02:00\",\"dateModified\":\"2016-09-08T21:41:54+02:00\"},{\"@type\":\"WebSite\",\"@id\":\"https:\\\/\\\/www.eldigitaldeasturias.com\\\/noticias\\\/#website\",\"url\":\"https:\\\/\\\/www.eldigitaldeasturias.com\\\/noticias\\\/\",\"name\":\"El Digital de Asturias - Diario de actualidad y noticias\",\"alternateName\":\"El Digital de Asturias - Diario de actualidad y noticias\",\"description\":\"Hemeroteca\",\"inLanguage\":\"es-ES\",\"publisher\":{\"@id\":\"https:\\\/\\\/www.eldigitaldeasturias.com\\\/noticias\\\/#organization\"}}]}\n\t\t<\/script>\n\t\t<!-- All in One SEO Pro -->\r\n\t\t<title>Rafael Hernando vincula a la formaci\u00f3n de gobierno la aprobaci\u00f3n del techo de gasto - El Digital de Asturias<\/title>\n\n","aioseo_head_json":{"title":"Rafael Hernando vincula a la formaci\u00f3n de gobierno la aprobaci\u00f3n del techo de gasto - El Digital de Asturias","description":"El portavoz del PP en el Congreso de los Diputados, Rafael Hernando, ha asegurado este jueves que, hasta que no haya gobierno no se podr\u00e1 aprobar el techo de gasto, los presupuestos y las medidas de estabilidad que exige Bruselas, con lo que las autonom\u00edas tampoco podr\u00e1n conocer sus techos de gasto para la elaboraci\u00f3n","canonical_url":"https:\/\/www.eldigitaldeasturias.com\/noticias\/rafael-hernando-vincula-a-la-formacion-de-gobierno-la-aprobacion-del-techo-de-gasto\/","robots":"max-image-preview:large","keywords":"actualidad","webmasterTools":{"google-site-verification":"UA-38556648-1","msvalidate.01":"7dfe9f3f1b24437ab69f4f2559babe99","miscellaneous":""},"schema":{"@context":"https:\/\/schema.org","@graph":[{"@type":"BlogPosting","@id":"https:\/\/www.eldigitaldeasturias.com\/noticias\/rafael-hernando-vincula-a-la-formacion-de-gobierno-la-aprobacion-del-techo-de-gasto\/#blogposting","name":"Rafael Hernando vincula a la formaci\u00f3n de gobierno la aprobaci\u00f3n del techo de gasto - El Digital de Asturias","headline":"Rafael Hernando vincula a la formaci\u00f3n de gobierno la aprobaci\u00f3n del techo de gasto","author":{"@id":"https:\/\/www.eldigitaldeasturias.com\/noticias\/author\/admin\/#author"},"publisher":{"@id":"https:\/\/www.eldigitaldeasturias.com\/noticias\/#organization"},"image":{"@type":"ImageObject","url":"https:\/\/www.eldigitaldeasturias.com\/noticias\/wp-content\/uploads\/2016\/09\/fotonoticia_20160908195913_800.jpg","width":800,"height":533},"datePublished":"2016-09-08T21:41:54+02:00","dateModified":"2016-09-08T21:41:54+02:00","inLanguage":"es-ES","mainEntityOfPage":{"@id":"https:\/\/www.eldigitaldeasturias.com\/noticias\/rafael-hernando-vincula-a-la-formacion-de-gobierno-la-aprobacion-del-techo-de-gasto\/#webpage"},"isPartOf":{"@id":"https:\/\/www.eldigitaldeasturias.com\/noticias\/rafael-hernando-vincula-a-la-formacion-de-gobierno-la-aprobacion-del-techo-de-gasto\/#webpage"},"articleSection":"Actualidad"},{"@type":"BreadcrumbList","@id":"https:\/\/www.eldigitaldeasturias.com\/noticias\/rafael-hernando-vincula-a-la-formacion-de-gobierno-la-aprobacion-del-techo-de-gasto\/#breadcrumblist","itemListElement":[{"@type":"ListItem","@id":"https:\/\/www.eldigitaldeasturias.com\/noticias#listItem","position":1,"name":"Home","item":"https:\/\/www.eldigitaldeasturias.com\/noticias","nextItem":{"@type":"ListItem","@id":"https:\/\/www.eldigitaldeasturias.com\/noticias\/category\/actualidad\/#listItem","name":"Actualidad"}},{"@type":"ListItem","@id":"https:\/\/www.eldigitaldeasturias.com\/noticias\/category\/actualidad\/#listItem","position":2,"name":"Actualidad","item":"https:\/\/www.eldigitaldeasturias.com\/noticias\/category\/actualidad\/","nextItem":{"@type":"ListItem","@id":"https:\/\/www.eldigitaldeasturias.com\/noticias\/rafael-hernando-vincula-a-la-formacion-de-gobierno-la-aprobacion-del-techo-de-gasto\/#listItem","name":"Rafael Hernando vincula a la formaci\u00f3n de gobierno la aprobaci\u00f3n del techo de gasto"},"previousItem":{"@type":"ListItem","@id":"https:\/\/www.eldigitaldeasturias.com\/noticias#listItem","name":"Home"}},{"@type":"ListItem","@id":"https:\/\/www.eldigitaldeasturias.com\/noticias\/rafael-hernando-vincula-a-la-formacion-de-gobierno-la-aprobacion-del-techo-de-gasto\/#listItem","position":3,"name":"Rafael Hernando vincula a la formaci\u00f3n de gobierno la aprobaci\u00f3n del techo de gasto","previousItem":{"@type":"ListItem","@id":"https:\/\/www.eldigitaldeasturias.com\/noticias\/category\/actualidad\/#listItem","name":"Actualidad"}}]},{"@type":"Organization","@id":"https:\/\/www.eldigitaldeasturias.com\/noticias\/#organization","name":"El Digital de Asturias","description":"Hemeroteca","url":"https:\/\/www.eldigitaldeasturias.com\/noticias\/","email":"info@eldigitaldeasturias.com","telephone":"+34652131393","logo":{"@type":"ImageObject","url":"https:\/\/www.eldigitaldeasturias.com\/noticias\/wp-content\/uploads\/2020\/12\/EDA.jpg","@id":"https:\/\/www.eldigitaldeasturias.com\/noticias\/rafael-hernando-vincula-a-la-formacion-de-gobierno-la-aprobacion-del-techo-de-gasto\/#organizationLogo","width":649,"height":297},"image":{"@id":"https:\/\/www.eldigitaldeasturias.com\/noticias\/rafael-hernando-vincula-a-la-formacion-de-gobierno-la-aprobacion-del-techo-de-gasto\/#organizationLogo"},"sameAs":["https:\/\/facebook.com\/eldigitaldeasturias","https:\/\/www.youtube.com\/channel\/UCZP-2wLEB9Rv6erhFmqVnvg"],"address":{"@id":"https:\/\/www.eldigitaldeasturias.com\/noticias\/#postaladdress","@type":"PostalAddress","streetAddress":"san antonio 4,","postalCode":"33430","addressLocality":"Cand\u00e1s","addressRegion":"Asturias","addressCountry":"ES"}},{"@type":"Person","@id":"https:\/\/www.eldigitaldeasturias.com\/noticias\/author\/admin\/#author","url":"https:\/\/www.eldigitaldeasturias.com\/noticias\/author\/admin\/","name":"El Digital de Asturias","image":{"@type":"ImageObject","@id":"https:\/\/www.eldigitaldeasturias.com\/noticias\/rafael-hernando-vincula-a-la-formacion-de-gobierno-la-aprobacion-del-techo-de-gasto\/#authorImage","url":"https:\/\/www.eldigitaldeasturias.com\/noticias\/wp-content\/litespeed\/avatar\/18677e78aa0546b92d9dbf31ec7d7668.jpg?ver=1776685526","width":96,"height":96,"caption":"El Digital de Asturias"}},{"@type":"WebPage","@id":"https:\/\/www.eldigitaldeasturias.com\/noticias\/rafael-hernando-vincula-a-la-formacion-de-gobierno-la-aprobacion-del-techo-de-gasto\/#webpage","url":"https:\/\/www.eldigitaldeasturias.com\/noticias\/rafael-hernando-vincula-a-la-formacion-de-gobierno-la-aprobacion-del-techo-de-gasto\/","name":"Rafael Hernando vincula a la formaci\u00f3n de gobierno la aprobaci\u00f3n del techo de gasto - El Digital de Asturias","description":"El portavoz del PP en el Congreso de los Diputados, Rafael Hernando, ha asegurado este jueves que, hasta que no haya gobierno no se podr\u00e1 aprobar el techo de gasto, los presupuestos y las medidas de estabilidad que exige Bruselas, con lo que las autonom\u00edas tampoco podr\u00e1n conocer sus techos de gasto para la elaboraci\u00f3n","inLanguage":"es-ES","isPartOf":{"@id":"https:\/\/www.eldigitaldeasturias.com\/noticias\/#website"},"breadcrumb":{"@id":"https:\/\/www.eldigitaldeasturias.com\/noticias\/rafael-hernando-vincula-a-la-formacion-de-gobierno-la-aprobacion-del-techo-de-gasto\/#breadcrumblist"},"author":{"@id":"https:\/\/www.eldigitaldeasturias.com\/noticias\/author\/admin\/#author"},"creator":{"@id":"https:\/\/www.eldigitaldeasturias.com\/noticias\/author\/admin\/#author"},"image":{"@type":"ImageObject","url":"https:\/\/www.eldigitaldeasturias.com\/noticias\/wp-content\/uploads\/2016\/09\/fotonoticia_20160908195913_800.jpg","@id":"https:\/\/www.eldigitaldeasturias.com\/noticias\/rafael-hernando-vincula-a-la-formacion-de-gobierno-la-aprobacion-del-techo-de-gasto\/#mainImage","width":800,"height":533},"primaryImageOfPage":{"@id":"https:\/\/www.eldigitaldeasturias.com\/noticias\/rafael-hernando-vincula-a-la-formacion-de-gobierno-la-aprobacion-del-techo-de-gasto\/#mainImage"},"datePublished":"2016-09-08T21:41:54+02:00","dateModified":"2016-09-08T21:41:54+02:00"},{"@type":"WebSite","@id":"https:\/\/www.eldigitaldeasturias.com\/noticias\/#website","url":"https:\/\/www.eldigitaldeasturias.com\/noticias\/","name":"El Digital de Asturias - Diario de actualidad y noticias","alternateName":"El Digital de Asturias - Diario de actualidad y noticias","description":"Hemeroteca","inLanguage":"es-ES","publisher":{"@id":"https:\/\/www.eldigitaldeasturias.com\/noticias\/#organization"}}]},"og:locale":"es_ES","og:site_name":"El Digital de Asturias","og:type":"article","og:title":"Rafael Hernando vincula a la formaci\u00f3n de gobierno la aprobaci\u00f3n del techo de gasto - El Digital de Asturias","og:description":"El portavoz del PP en el Congreso de los Diputados, Rafael Hernando, ha asegurado este jueves que, hasta que no haya gobierno no se podr\u00e1 aprobar el techo de gasto, los presupuestos y las medidas de estabilidad que exige Bruselas, con lo que las autonom\u00edas tampoco podr\u00e1n conocer sus techos de gasto para la elaboraci\u00f3n","og:url":"https:\/\/www.eldigitaldeasturias.com\/noticias\/rafael-hernando-vincula-a-la-formacion-de-gobierno-la-aprobacion-del-techo-de-gasto\/","og:image":"https:\/\/www.eldigitaldeasturias.com\/noticias\/wp-content\/uploads\/2016\/09\/fotonoticia_20160908195913_800.jpg","og:image:secure_url":"https:\/\/www.eldigitaldeasturias.com\/noticias\/wp-content\/uploads\/2016\/09\/fotonoticia_20160908195913_800.jpg","og:image:width":800,"og:image:height":533,"article:tag":["actualidad"],"article:published_time":"2016-09-08T20:41:54+00:00","article:modified_time":"2016-09-08T20:41:54+00:00","article:publisher":"https:\/\/facebook.com\/eldigitaldeasturias","twitter:card":"summary_large_image","twitter:title":"Rafael Hernando vincula a la formaci\u00f3n de gobierno la aprobaci\u00f3n del techo de gasto - El Digital de Asturias","twitter:description":"El portavoz del PP en el Congreso de los Diputados, Rafael Hernando, ha asegurado este jueves que, hasta que no haya gobierno no se podr\u00e1 aprobar el techo de gasto, los presupuestos y las medidas de estabilidad que exige Bruselas, con lo que las autonom\u00edas tampoco podr\u00e1n conocer sus techos de gasto para la elaboraci\u00f3n","twitter:image":"https:\/\/www.eldigitaldeasturias.com\/noticias\/wp-content\/uploads\/2016\/09\/fotonoticia_20160908195913_800.jpg","twitter:label1":"Escrito por","twitter:data1":"El Digital de Asturias","twitter:label2":"Tiempo de lectura estimado","twitter:data2":"1 minuto"},"aioseo_meta_data":{"post_id":"906527","title":null,"description":null,"keywords":null,"keyphrases":null,"primary_term":null,"canonical_url":null,"og_title":null,"og_description":null,"og_object_type":"default","og_image_type":"default","og_image_url":null,"og_image_width":null,"og_image_height":null,"og_image_custom_url":null,"og_image_custom_fields":null,"og_video":null,"og_custom_url":null,"og_article_section":null,"og_article_tags":null,"twitter_use_og":false,"twitter_card":"default","twitter_image_type":"default","twitter_image_url":null,"twitter_image_custom_url":null,"twitter_image_custom_fields":null,"twitter_title":null,"twitter_description":null,"schema":{"blockGraphs":[],"customGraphs":[],"default":{"data":{"Article":[],"Course":[],"Dataset":[],"FAQPage":[],"Movie":[],"Person":[],"Product":[],"ProductReview":[],"Car":[],"Recipe":[],"Service":[],"SoftwareApplication":[],"WebPage":[]},"graphName":"","isEnabled":true},"graphs":[],"defaultGraph":"","defaultPostTypeGraph":""},"schema_type":null,"schema_type_options":null,"pillar_content":false,"robots_default":true,"robots_noindex":false,"robots_noarchive":false,"robots_nosnippet":false,"robots_nofollow":false,"robots_noimageindex":false,"robots_noodp":false,"robots_notranslate":false,"robots_max_snippet":null,"robots_max_videopreview":null,"robots_max_imagepreview":"large","priority":null,"frequency":null,"local_seo":null,"seo_analyzer_scan_date":"2025-11-30 09:19:13","breadcrumb_settings":null,"limit_modified_date":false,"open_ai":null,"ai":null,"created":"2020-12-21 14:01:32","updated":"2025-11-30 09:19:13"},"aioseo_breadcrumb":"<div class=\"aioseo-breadcrumbs\"><span class=\"aioseo-breadcrumb\">\n\t<a href=\"https:\/\/www.eldigitaldeasturias.com\/noticias\" title=\"Home\">Home<\/a>\n<\/span><span class=\"aioseo-breadcrumb-separator\">\u2013<\/span><span class=\"aioseo-breadcrumb\">\n\t<a href=\"https:\/\/www.eldigitaldeasturias.com\/noticias\/category\/actualidad\/\" title=\"Actualidad\">Actualidad<\/a>\n<\/span><span class=\"aioseo-breadcrumb-separator\">\u2013<\/span><span class=\"aioseo-breadcrumb\">\n\t<a href=\"https:\/\/www.eldigitaldeasturias.com\/noticias\/rafael-hernando-vincula-a-la-formacion-de-gobierno-la-aprobacion-del-techo-de-gasto\/\" title=\"Rafael Hernando vincula a la formaci\u00f3n de gobierno la aprobaci\u00f3n del techo de gasto\">Rafael Hernando vincula a la formaci\u00f3n de gobierno la aprobaci\u00f3n del techo de gasto<\/a>\n<\/span><\/div>","aioseo_breadcrumb_json":[{"label":"Home","link":"https:\/\/www.eldigitaldeasturias.com\/noticias"},{"label":"Actualidad","link":"https:\/\/www.eldigitaldeasturias.com\/noticias\/category\/actualidad\/"},{"label":"Rafael Hernando vincula a la formaci\u00f3n de gobierno la aprobaci\u00f3n del techo de gasto","link":"https:\/\/www.eldigitaldeasturias.com\/noticias\/rafael-hernando-vincula-a-la-formacion-de-gobierno-la-aprobacion-del-techo-de-gasto\/"}],"_links":{"self":[{"href":"https:\/\/www.eldigitaldeasturias.com\/noticias\/wp-json\/wp\/v2\/posts\/906527","targetHints":{"allow":["GET"]}}],"collection":[{"href":"https:\/\/www.eldigitaldeasturias.com\/noticias\/wp-json\/wp\/v2\/posts"}],"about":[{"href":"https:\/\/www.eldigitaldeasturias.com\/noticias\/wp-json\/wp\/v2\/types\/post"}],"author":[{"embeddable":true,"href":"https:\/\/www.eldigitaldeasturias.com\/noticias\/wp-json\/wp\/v2\/users\/1"}],"replies":[{"embeddable":true,"href":"https:\/\/www.eldigitaldeasturias.com\/noticias\/wp-json\/wp\/v2\/comments?post=906527"}],"version-history":[{"count":0,"href":"https:\/\/www.eldigitaldeasturias.com\/noticias\/wp-json\/wp\/v2\/posts\/906527\/revisions"}],"wp:featuredmedia":[{"embeddable":true,"href":"https:\/\/www.eldigitaldeasturias.com\/noticias\/wp-json\/wp\/v2\/media\/906528"}],"wp:attachment":[{"href":"https:\/\/www.eldigitaldeasturias.com\/noticias\/wp-json\/wp\/v2\/media?parent=906527"}],"wp:term":[{"taxonomy":"category","embeddable":true,"href":"https:\/\/www.eldigitaldeasturias.com\/noticias\/wp-json\/wp\/v2\/categories?post=906527"},{"taxonomy":"post_tag","embeddable":true,"href":"https:\/\/www.eldigitaldeasturias.com\/noticias\/wp-json\/wp\/v2\/tags?post=906527"}],"curies":[{"name":"wp","href":"https:\/\/api.w.org\/{rel}","templated":true}]}}