{"id":906524,"date":"2016-09-08T21:39:15","date_gmt":"2016-09-08T20:39:15","guid":{"rendered":"http:\/\/www.eldigitaldeasturias.com\/noticias\/?p=906524"},"modified":"2016-09-08T21:39:15","modified_gmt":"2016-09-08T20:39:15","slug":"standard-and-poors-advierte-del-estancamiento-parlamentario","status":"publish","type":"post","link":"https:\/\/www.eldigitaldeasturias.com\/noticias\/standard-and-poors-advierte-del-estancamiento-parlamentario\/","title":{"rendered":"Standard and Poor&#8217;s advierte del estancamiento parlamentario"},"content":{"rendered":"<p><img loading=\"lazy\" decoding=\"async\" class=\"alignleft size-medium wp-image-906525\" src=\"https:\/\/www.eldigitaldeasturias.com\/noticias\/wp-content\/uploads\/2016\/09\/Standard-and-Poors-360x198.jpg\" alt=\"Standard and Poor's\" width=\"360\" height=\"198\" srcset=\"https:\/\/www.eldigitaldeasturias.com\/noticias\/wp-content\/uploads\/2016\/09\/Standard-and-Poors-360x198.jpg 360w, https:\/\/www.eldigitaldeasturias.com\/noticias\/wp-content\/uploads\/2016\/09\/Standard-and-Poors-650x357.jpg 650w, https:\/\/www.eldigitaldeasturias.com\/noticias\/wp-content\/uploads\/2016\/09\/Standard-and-Poors.jpg 655w\" sizes=\"auto, (max-width: 360px) 100vw, 360px\" \/>La agencia de calificaci\u00f3n crediticia Standard and Poor&#8217;s advierte de que las comunidades aut\u00f3nomas podr\u00edan tardar \u00abd\u00e9cadas\u00bb en reducir sustancialmente su deuda sin un aumento significativo de los recursos a trav\u00e9s del sistema de financiacion auton\u00f3mica, super\u00e1vits sostenibles o un alivio de su deuda.<\/p>\n<p>As\u00ed lo se\u00f1ala en un informe elaborado por la calificadora sobre la situaci\u00f3n de las regiones espa\u00f1olas, titulado &#8216;La recuperaci\u00f3n est\u00e1 todav\u00eda muy lejos&#8217;, en el que avisa de que un mayor incremento de los ingresos \u00abno ser\u00e1 suficiente para restaurar las finanzas regionales a niveles precrisis\u00bb.<\/p>\n<p>La calificadora cree que s\u00f3lo una \u00abprofunda\u00bb reforma estructural del sistema de financiaci\u00f3n auton\u00f3mica, de la deuda del Gobierno central, o ambos, podr\u00eda provocar un desapalancamiento pronunciado.<\/p>\n<p>En todo caso, sus previsiones sobre seis regiones son estables, y dos positivas, ya que no toman el efecto de posibles reformas en las calificaciones.<\/p>\n<p><strong>\u00abGRADUAL CONSOLIDACI\u00d3N\u00bb DE LAS FINANZAS, PERO CON D\u00c9FICIT HASTA 2018<\/strong><\/p>\n<p>En el escenario base de Standard and Poor&#8217;s, se espera una \u00abgradual consolidaci\u00f3n\u00bb de las finanzas de los gobiernos regionales que \u00abcontinuar\u00e1 independientemente del resultado pol\u00edtico nacional\u00bb, pero con d\u00e9ficits por lo menos hasta el a\u00f1o 2018.<\/p>\n<p>Adem\u00e1s, apunta que los cambios demogr\u00e1ficos representan un \u00abimportante\u00bb obst\u00e1culo para las regiones pues de ellas dependen los principales servicios sociales, excluyendo las pensiones y las ayudas por desempleo.<\/p>\n<p>A su juicio, las regiones con no pueden ser valoradas por encima de la calificaci\u00f3n de Espa\u00f1a porque reciben una gran parte de sus ingresos en forma de transferencias que gestiona el propio Ejecutivo central, por o que cualquier actualizaci\u00f3n de una calificaci\u00f3n de las regiones al mismo nivel que Espa\u00f1a est\u00e1 \u00absupeditada a la mejora soberana\u00bb.<\/p>\n<p><strong>SISTEMA DE FINANCIACI\u00d3N AUTON\u00d3MICO<\/strong><\/p>\n<p>De igual forma, indica que el Gobierno ha pospuesto la reforma del sistema de financiaci\u00f3n auton\u00f3mico, pero ha financiado las necesidades de las regiones convirti\u00e9ndose en su \u00abprincipal acreedor\u00bb.<\/p>\n<p>Seg\u00fan Standard and Poor&#8217;s, la crisis ilustra \u00abbrechas\u00bb en la capacidad del sistema de financiaci\u00f3n auton\u00f3mica para preservar la solvencia en las regiones. \u00abEl sistema no incluye ning\u00fan mecanismo para mitigar el impacto de los menores ingresos o incentivos suficientes para reducir los gastos\u00bb, critica.<\/p>\n<p>Por ello, la calificadora entiende que el sistema de financiaci\u00f3n auton\u00f3mica debe ser revisada cada cinco a\u00f1os. A pesar de un crecimiento econ\u00f3mico \u00abm\u00e1s fuerte\u00bb, se\u00f1ala que el Gobierno en funcionese se enfrenta al reto de mayores requisitos presupuestarios para cumplir con sus objetivos de control de estabilidad.<\/p>\n<p>A pesar de reconocer el \u00ab\u00e9xito\u00bb en la ejecuci\u00f3n de este objetivo, tras haber mejorado en dos ocasiones la calificacion crediticia, Standard and Poor&#8217;s apunta que la deuda de las administraciones p\u00fablicas es \u00abmuy alta\u00bb y contin\u00faa pesando sobre la calificaci\u00f3n soberana.<\/p>\n<p><strong>ADVIERTE DE LA PAR\u00c1LISIS POL\u00cdTICA Y DEL ENVEJECIMIENTO DE LA POBLACI\u00d3N<\/strong><\/p>\n<p>Por otra parte, destaca que el prolongado estancamiento parlamentario con respecto a la formaci\u00f3n de un nuevo Gobierno \u00abse interpone en el camino de cualquier reforma sustancial del sistema\u00bb.<\/p>\n<p>Adem\u00e1s, considera que cualquier propuesta para reducir significativamente los gastos regionales \u00abes probable que se encontrase con una fuerte resistencia pol\u00edtica y social\u00bb.<\/p>\n<p>Igualmente, advierte de que Espa\u00f1a, como otros pa\u00edses europeos, se enfrenta al envejecimiento de la poblaci\u00f3n, lo que llevar\u00e1 a aumentos en la asistencia sanitaria y los gastos de atenci\u00f3n a largo plazo, a lo que se sumar\u00e1 un repunte del gasto en educaci\u00f3n pese a la disminuci\u00f3n del n\u00famero de alumnos.<\/p>\n<p>&nbsp;<\/p>\n<p>&nbsp;<\/p>\n","protected":false},"excerpt":{"rendered":"<p>La agencia de calificaci\u00f3n crediticia Standard and Poor&#8217;s advierte de que las comunidades aut\u00f3nomas podr\u00edan tardar \u00abd\u00e9cadas\u00bb en reducir sustancialmente su deuda sin un aumento significativo de los recursos a trav\u00e9s del sistema de financiacion auton\u00f3mica, super\u00e1vits sostenibles o un alivio de su deuda. As\u00ed lo se\u00f1ala en un informe elaborado por la calificadora sobre [&hellip;]<\/p>\n","protected":false},"author":1,"featured_media":906525,"comment_status":"closed","ping_status":"closed","sticky":false,"template":"","format":"standard","meta":{"footnotes":""},"categories":[1],"tags":[],"class_list":["post-906524","post","type-post","status-publish","format-standard","has-post-thumbnail","hentry","category-actualidad"],"aioseo_notices":[],"aioseo_head":"\n\t\t<!-- All in One SEO Pro 4.9.6.2 - aioseo.com -->\n\t<meta name=\"description\" content=\"La agencia de calificaci\u00f3n crediticia Standard and Poor&#039;s advierte de que las comunidades aut\u00f3nomas podr\u00edan tardar &quot;d\u00e9cadas&quot; en reducir sustancialmente su deuda sin un aumento significativo de los recursos a trav\u00e9s del sistema de financiacion auton\u00f3mica, super\u00e1vits sostenibles o un alivio de su deuda. As\u00ed lo se\u00f1ala en un informe elaborado por la calificadora sobre\" \/>\n\t<meta name=\"robots\" content=\"max-image-preview:large\" \/>\n\t<meta name=\"author\" content=\"El Digital de Asturias\"\/>\n\t<meta name=\"google-site-verification\" content=\"UA-38556648-1\" \/>\n\t<meta name=\"msvalidate.01\" content=\"7dfe9f3f1b24437ab69f4f2559babe99\" \/>\n\t<meta name=\"keywords\" content=\"actualidad\" \/>\n\t<link rel=\"canonical\" href=\"https:\/\/www.eldigitaldeasturias.com\/noticias\/standard-and-poors-advierte-del-estancamiento-parlamentario\/\" \/>\n\t<meta name=\"generator\" content=\"All in One SEO Pro (AIOSEO) 4.9.6.2\" \/>\n\t\t<meta property=\"og:locale\" content=\"es_ES\" \/>\n\t\t<meta property=\"og:site_name\" content=\"El Digital de Asturias\" \/>\n\t\t<meta property=\"og:type\" content=\"article\" \/>\n\t\t<meta property=\"og:title\" content=\"Standard and Poor\u2019s advierte del estancamiento parlamentario - El Digital de Asturias\" \/>\n\t\t<meta property=\"og:description\" content=\"La agencia de calificaci\u00f3n crediticia Standard and Poor&#039;s advierte de que las comunidades aut\u00f3nomas podr\u00edan tardar &quot;d\u00e9cadas&quot; en reducir sustancialmente su deuda sin un aumento significativo de los recursos a trav\u00e9s del sistema de financiacion auton\u00f3mica, super\u00e1vits sostenibles o un alivio de su deuda. As\u00ed lo se\u00f1ala en un informe elaborado por la calificadora sobre\" \/>\n\t\t<meta property=\"og:url\" content=\"https:\/\/www.eldigitaldeasturias.com\/noticias\/standard-and-poors-advierte-del-estancamiento-parlamentario\/\" \/>\n\t\t<meta property=\"og:image\" content=\"https:\/\/www.eldigitaldeasturias.com\/noticias\/wp-content\/uploads\/2016\/09\/Standard-and-Poors.jpg\" \/>\n\t\t<meta property=\"og:image:secure_url\" content=\"https:\/\/www.eldigitaldeasturias.com\/noticias\/wp-content\/uploads\/2016\/09\/Standard-and-Poors.jpg\" \/>\n\t\t<meta property=\"og:image:width\" content=\"655\" \/>\n\t\t<meta property=\"og:image:height\" content=\"360\" \/>\n\t\t<meta property=\"article:tag\" content=\"actualidad\" \/>\n\t\t<meta property=\"article:published_time\" content=\"2016-09-08T20:39:15+00:00\" \/>\n\t\t<meta property=\"article:modified_time\" content=\"2016-09-08T20:39:15+00:00\" \/>\n\t\t<meta property=\"article:publisher\" content=\"https:\/\/facebook.com\/eldigitaldeasturias\" \/>\n\t\t<meta name=\"twitter:card\" content=\"summary_large_image\" \/>\n\t\t<meta name=\"twitter:title\" content=\"Standard and Poor\u2019s advierte del estancamiento parlamentario - El Digital de Asturias\" \/>\n\t\t<meta name=\"twitter:description\" content=\"La agencia de calificaci\u00f3n crediticia Standard and Poor&#039;s advierte de que las comunidades aut\u00f3nomas podr\u00edan tardar &quot;d\u00e9cadas&quot; en reducir sustancialmente su deuda sin un aumento significativo de los recursos a trav\u00e9s del sistema de financiacion auton\u00f3mica, super\u00e1vits sostenibles o un alivio de su deuda. As\u00ed lo se\u00f1ala en un informe elaborado por la calificadora sobre\" \/>\n\t\t<meta name=\"twitter:image\" content=\"https:\/\/www.eldigitaldeasturias.com\/noticias\/wp-content\/uploads\/2016\/09\/Standard-and-Poors.jpg\" \/>\n\t\t<meta name=\"twitter:label1\" content=\"Escrito por\" \/>\n\t\t<meta name=\"twitter:data1\" content=\"El Digital de Asturias\" \/>\n\t\t<meta name=\"twitter:label2\" content=\"Tiempo de lectura estimado\" \/>\n\t\t<meta name=\"twitter:data2\" content=\"3 minutos\" \/>\n\t\t<script type=\"application\/ld+json\" class=\"aioseo-schema\">\n\t\t\t{\"@context\":\"https:\\\/\\\/schema.org\",\"@graph\":[{\"@type\":\"BlogPosting\",\"@id\":\"https:\\\/\\\/www.eldigitaldeasturias.com\\\/noticias\\\/standard-and-poors-advierte-del-estancamiento-parlamentario\\\/#blogposting\",\"name\":\"Standard and Poor\\u2019s advierte del estancamiento parlamentario - El Digital de Asturias\",\"headline\":\"Standard and Poor&#8217;s advierte del estancamiento parlamentario\",\"author\":{\"@id\":\"https:\\\/\\\/www.eldigitaldeasturias.com\\\/noticias\\\/author\\\/admin\\\/#author\"},\"publisher\":{\"@id\":\"https:\\\/\\\/www.eldigitaldeasturias.com\\\/noticias\\\/#organization\"},\"image\":{\"@type\":\"ImageObject\",\"url\":\"https:\\\/\\\/www.eldigitaldeasturias.com\\\/noticias\\\/wp-content\\\/uploads\\\/2016\\\/09\\\/Standard-and-Poors.jpg\",\"width\":655,\"height\":360},\"datePublished\":\"2016-09-08T21:39:15+02:00\",\"dateModified\":\"2016-09-08T21:39:15+02:00\",\"inLanguage\":\"es-ES\",\"mainEntityOfPage\":{\"@id\":\"https:\\\/\\\/www.eldigitaldeasturias.com\\\/noticias\\\/standard-and-poors-advierte-del-estancamiento-parlamentario\\\/#webpage\"},\"isPartOf\":{\"@id\":\"https:\\\/\\\/www.eldigitaldeasturias.com\\\/noticias\\\/standard-and-poors-advierte-del-estancamiento-parlamentario\\\/#webpage\"},\"articleSection\":\"Actualidad\"},{\"@type\":\"BreadcrumbList\",\"@id\":\"https:\\\/\\\/www.eldigitaldeasturias.com\\\/noticias\\\/standard-and-poors-advierte-del-estancamiento-parlamentario\\\/#breadcrumblist\",\"itemListElement\":[{\"@type\":\"ListItem\",\"@id\":\"https:\\\/\\\/www.eldigitaldeasturias.com\\\/noticias#listItem\",\"position\":1,\"name\":\"Home\",\"item\":\"https:\\\/\\\/www.eldigitaldeasturias.com\\\/noticias\",\"nextItem\":{\"@type\":\"ListItem\",\"@id\":\"https:\\\/\\\/www.eldigitaldeasturias.com\\\/noticias\\\/category\\\/actualidad\\\/#listItem\",\"name\":\"Actualidad\"}},{\"@type\":\"ListItem\",\"@id\":\"https:\\\/\\\/www.eldigitaldeasturias.com\\\/noticias\\\/category\\\/actualidad\\\/#listItem\",\"position\":2,\"name\":\"Actualidad\",\"item\":\"https:\\\/\\\/www.eldigitaldeasturias.com\\\/noticias\\\/category\\\/actualidad\\\/\",\"nextItem\":{\"@type\":\"ListItem\",\"@id\":\"https:\\\/\\\/www.eldigitaldeasturias.com\\\/noticias\\\/standard-and-poors-advierte-del-estancamiento-parlamentario\\\/#listItem\",\"name\":\"Standard and Poor&#8217;s advierte del estancamiento parlamentario\"},\"previousItem\":{\"@type\":\"ListItem\",\"@id\":\"https:\\\/\\\/www.eldigitaldeasturias.com\\\/noticias#listItem\",\"name\":\"Home\"}},{\"@type\":\"ListItem\",\"@id\":\"https:\\\/\\\/www.eldigitaldeasturias.com\\\/noticias\\\/standard-and-poors-advierte-del-estancamiento-parlamentario\\\/#listItem\",\"position\":3,\"name\":\"Standard and Poor&#8217;s advierte del estancamiento parlamentario\",\"previousItem\":{\"@type\":\"ListItem\",\"@id\":\"https:\\\/\\\/www.eldigitaldeasturias.com\\\/noticias\\\/category\\\/actualidad\\\/#listItem\",\"name\":\"Actualidad\"}}]},{\"@type\":\"Organization\",\"@id\":\"https:\\\/\\\/www.eldigitaldeasturias.com\\\/noticias\\\/#organization\",\"name\":\"El Digital de Asturias\",\"description\":\"Hemeroteca\",\"url\":\"https:\\\/\\\/www.eldigitaldeasturias.com\\\/noticias\\\/\",\"email\":\"info@eldigitaldeasturias.com\",\"telephone\":\"+34652131393\",\"logo\":{\"@type\":\"ImageObject\",\"url\":\"https:\\\/\\\/www.eldigitaldeasturias.com\\\/noticias\\\/wp-content\\\/uploads\\\/2020\\\/12\\\/EDA.jpg\",\"@id\":\"https:\\\/\\\/www.eldigitaldeasturias.com\\\/noticias\\\/standard-and-poors-advierte-del-estancamiento-parlamentario\\\/#organizationLogo\",\"width\":649,\"height\":297},\"image\":{\"@id\":\"https:\\\/\\\/www.eldigitaldeasturias.com\\\/noticias\\\/standard-and-poors-advierte-del-estancamiento-parlamentario\\\/#organizationLogo\"},\"sameAs\":[\"https:\\\/\\\/facebook.com\\\/eldigitaldeasturias\",\"https:\\\/\\\/www.youtube.com\\\/channel\\\/UCZP-2wLEB9Rv6erhFmqVnvg\"],\"address\":{\"@id\":\"https:\\\/\\\/www.eldigitaldeasturias.com\\\/noticias\\\/#postaladdress\",\"@type\":\"PostalAddress\",\"streetAddress\":\"san antonio 4,\",\"postalCode\":\"33430\",\"addressLocality\":\"Cand\\u00e1s\",\"addressRegion\":\"Asturias\",\"addressCountry\":\"ES\"}},{\"@type\":\"Person\",\"@id\":\"https:\\\/\\\/www.eldigitaldeasturias.com\\\/noticias\\\/author\\\/admin\\\/#author\",\"url\":\"https:\\\/\\\/www.eldigitaldeasturias.com\\\/noticias\\\/author\\\/admin\\\/\",\"name\":\"El Digital de Asturias\",\"image\":{\"@type\":\"ImageObject\",\"@id\":\"https:\\\/\\\/www.eldigitaldeasturias.com\\\/noticias\\\/standard-and-poors-advierte-del-estancamiento-parlamentario\\\/#authorImage\",\"url\":\"https:\\\/\\\/www.eldigitaldeasturias.com\\\/noticias\\\/wp-content\\\/litespeed\\\/avatar\\\/18677e78aa0546b92d9dbf31ec7d7668.jpg?ver=1776685526\",\"width\":96,\"height\":96,\"caption\":\"El Digital de Asturias\"}},{\"@type\":\"WebPage\",\"@id\":\"https:\\\/\\\/www.eldigitaldeasturias.com\\\/noticias\\\/standard-and-poors-advierte-del-estancamiento-parlamentario\\\/#webpage\",\"url\":\"https:\\\/\\\/www.eldigitaldeasturias.com\\\/noticias\\\/standard-and-poors-advierte-del-estancamiento-parlamentario\\\/\",\"name\":\"Standard and Poor\\u2019s advierte del estancamiento parlamentario - El Digital de Asturias\",\"description\":\"La agencia de calificaci\\u00f3n crediticia Standard and Poor's advierte de que las comunidades aut\\u00f3nomas podr\\u00edan tardar \\\"d\\u00e9cadas\\\" en reducir sustancialmente su deuda sin un aumento significativo de los recursos a trav\\u00e9s del sistema de financiacion auton\\u00f3mica, super\\u00e1vits sostenibles o un alivio de su deuda. As\\u00ed lo se\\u00f1ala en un informe elaborado por la calificadora sobre\",\"inLanguage\":\"es-ES\",\"isPartOf\":{\"@id\":\"https:\\\/\\\/www.eldigitaldeasturias.com\\\/noticias\\\/#website\"},\"breadcrumb\":{\"@id\":\"https:\\\/\\\/www.eldigitaldeasturias.com\\\/noticias\\\/standard-and-poors-advierte-del-estancamiento-parlamentario\\\/#breadcrumblist\"},\"author\":{\"@id\":\"https:\\\/\\\/www.eldigitaldeasturias.com\\\/noticias\\\/author\\\/admin\\\/#author\"},\"creator\":{\"@id\":\"https:\\\/\\\/www.eldigitaldeasturias.com\\\/noticias\\\/author\\\/admin\\\/#author\"},\"image\":{\"@type\":\"ImageObject\",\"url\":\"https:\\\/\\\/www.eldigitaldeasturias.com\\\/noticias\\\/wp-content\\\/uploads\\\/2016\\\/09\\\/Standard-and-Poors.jpg\",\"@id\":\"https:\\\/\\\/www.eldigitaldeasturias.com\\\/noticias\\\/standard-and-poors-advierte-del-estancamiento-parlamentario\\\/#mainImage\",\"width\":655,\"height\":360},\"primaryImageOfPage\":{\"@id\":\"https:\\\/\\\/www.eldigitaldeasturias.com\\\/noticias\\\/standard-and-poors-advierte-del-estancamiento-parlamentario\\\/#mainImage\"},\"datePublished\":\"2016-09-08T21:39:15+02:00\",\"dateModified\":\"2016-09-08T21:39:15+02:00\"},{\"@type\":\"WebSite\",\"@id\":\"https:\\\/\\\/www.eldigitaldeasturias.com\\\/noticias\\\/#website\",\"url\":\"https:\\\/\\\/www.eldigitaldeasturias.com\\\/noticias\\\/\",\"name\":\"El Digital de Asturias - Diario de actualidad y noticias\",\"alternateName\":\"El Digital de Asturias - Diario de actualidad y noticias\",\"description\":\"Hemeroteca\",\"inLanguage\":\"es-ES\",\"publisher\":{\"@id\":\"https:\\\/\\\/www.eldigitaldeasturias.com\\\/noticias\\\/#organization\"}}]}\n\t\t<\/script>\n\t\t<!-- All in One SEO Pro -->\r\n\t\t<title>Standard and Poor\u2019s advierte del estancamiento parlamentario - El Digital de Asturias<\/title>\n\n","aioseo_head_json":{"title":"Standard and Poor\u2019s advierte del estancamiento parlamentario - El Digital de Asturias","description":"La agencia de calificaci\u00f3n crediticia Standard and Poor's advierte de que las comunidades aut\u00f3nomas podr\u00edan tardar \"d\u00e9cadas\" en reducir sustancialmente su deuda sin un aumento significativo de los recursos a trav\u00e9s del sistema de financiacion auton\u00f3mica, super\u00e1vits sostenibles o un alivio de su deuda. As\u00ed lo se\u00f1ala en un informe elaborado por la calificadora sobre","canonical_url":"https:\/\/www.eldigitaldeasturias.com\/noticias\/standard-and-poors-advierte-del-estancamiento-parlamentario\/","robots":"max-image-preview:large","keywords":"actualidad","webmasterTools":{"google-site-verification":"UA-38556648-1","msvalidate.01":"7dfe9f3f1b24437ab69f4f2559babe99","miscellaneous":""},"schema":{"@context":"https:\/\/schema.org","@graph":[{"@type":"BlogPosting","@id":"https:\/\/www.eldigitaldeasturias.com\/noticias\/standard-and-poors-advierte-del-estancamiento-parlamentario\/#blogposting","name":"Standard and Poor\u2019s advierte del estancamiento parlamentario - El Digital de Asturias","headline":"Standard and Poor&#8217;s advierte del estancamiento parlamentario","author":{"@id":"https:\/\/www.eldigitaldeasturias.com\/noticias\/author\/admin\/#author"},"publisher":{"@id":"https:\/\/www.eldigitaldeasturias.com\/noticias\/#organization"},"image":{"@type":"ImageObject","url":"https:\/\/www.eldigitaldeasturias.com\/noticias\/wp-content\/uploads\/2016\/09\/Standard-and-Poors.jpg","width":655,"height":360},"datePublished":"2016-09-08T21:39:15+02:00","dateModified":"2016-09-08T21:39:15+02:00","inLanguage":"es-ES","mainEntityOfPage":{"@id":"https:\/\/www.eldigitaldeasturias.com\/noticias\/standard-and-poors-advierte-del-estancamiento-parlamentario\/#webpage"},"isPartOf":{"@id":"https:\/\/www.eldigitaldeasturias.com\/noticias\/standard-and-poors-advierte-del-estancamiento-parlamentario\/#webpage"},"articleSection":"Actualidad"},{"@type":"BreadcrumbList","@id":"https:\/\/www.eldigitaldeasturias.com\/noticias\/standard-and-poors-advierte-del-estancamiento-parlamentario\/#breadcrumblist","itemListElement":[{"@type":"ListItem","@id":"https:\/\/www.eldigitaldeasturias.com\/noticias#listItem","position":1,"name":"Home","item":"https:\/\/www.eldigitaldeasturias.com\/noticias","nextItem":{"@type":"ListItem","@id":"https:\/\/www.eldigitaldeasturias.com\/noticias\/category\/actualidad\/#listItem","name":"Actualidad"}},{"@type":"ListItem","@id":"https:\/\/www.eldigitaldeasturias.com\/noticias\/category\/actualidad\/#listItem","position":2,"name":"Actualidad","item":"https:\/\/www.eldigitaldeasturias.com\/noticias\/category\/actualidad\/","nextItem":{"@type":"ListItem","@id":"https:\/\/www.eldigitaldeasturias.com\/noticias\/standard-and-poors-advierte-del-estancamiento-parlamentario\/#listItem","name":"Standard and Poor&#8217;s advierte del estancamiento parlamentario"},"previousItem":{"@type":"ListItem","@id":"https:\/\/www.eldigitaldeasturias.com\/noticias#listItem","name":"Home"}},{"@type":"ListItem","@id":"https:\/\/www.eldigitaldeasturias.com\/noticias\/standard-and-poors-advierte-del-estancamiento-parlamentario\/#listItem","position":3,"name":"Standard and Poor&#8217;s advierte del estancamiento parlamentario","previousItem":{"@type":"ListItem","@id":"https:\/\/www.eldigitaldeasturias.com\/noticias\/category\/actualidad\/#listItem","name":"Actualidad"}}]},{"@type":"Organization","@id":"https:\/\/www.eldigitaldeasturias.com\/noticias\/#organization","name":"El Digital de Asturias","description":"Hemeroteca","url":"https:\/\/www.eldigitaldeasturias.com\/noticias\/","email":"info@eldigitaldeasturias.com","telephone":"+34652131393","logo":{"@type":"ImageObject","url":"https:\/\/www.eldigitaldeasturias.com\/noticias\/wp-content\/uploads\/2020\/12\/EDA.jpg","@id":"https:\/\/www.eldigitaldeasturias.com\/noticias\/standard-and-poors-advierte-del-estancamiento-parlamentario\/#organizationLogo","width":649,"height":297},"image":{"@id":"https:\/\/www.eldigitaldeasturias.com\/noticias\/standard-and-poors-advierte-del-estancamiento-parlamentario\/#organizationLogo"},"sameAs":["https:\/\/facebook.com\/eldigitaldeasturias","https:\/\/www.youtube.com\/channel\/UCZP-2wLEB9Rv6erhFmqVnvg"],"address":{"@id":"https:\/\/www.eldigitaldeasturias.com\/noticias\/#postaladdress","@type":"PostalAddress","streetAddress":"san antonio 4,","postalCode":"33430","addressLocality":"Cand\u00e1s","addressRegion":"Asturias","addressCountry":"ES"}},{"@type":"Person","@id":"https:\/\/www.eldigitaldeasturias.com\/noticias\/author\/admin\/#author","url":"https:\/\/www.eldigitaldeasturias.com\/noticias\/author\/admin\/","name":"El Digital de Asturias","image":{"@type":"ImageObject","@id":"https:\/\/www.eldigitaldeasturias.com\/noticias\/standard-and-poors-advierte-del-estancamiento-parlamentario\/#authorImage","url":"https:\/\/www.eldigitaldeasturias.com\/noticias\/wp-content\/litespeed\/avatar\/18677e78aa0546b92d9dbf31ec7d7668.jpg?ver=1776685526","width":96,"height":96,"caption":"El Digital de Asturias"}},{"@type":"WebPage","@id":"https:\/\/www.eldigitaldeasturias.com\/noticias\/standard-and-poors-advierte-del-estancamiento-parlamentario\/#webpage","url":"https:\/\/www.eldigitaldeasturias.com\/noticias\/standard-and-poors-advierte-del-estancamiento-parlamentario\/","name":"Standard and Poor\u2019s advierte del estancamiento parlamentario - El Digital de Asturias","description":"La agencia de calificaci\u00f3n crediticia Standard and Poor's advierte de que las comunidades aut\u00f3nomas podr\u00edan tardar \"d\u00e9cadas\" en reducir sustancialmente su deuda sin un aumento significativo de los recursos a trav\u00e9s del sistema de financiacion auton\u00f3mica, super\u00e1vits sostenibles o un alivio de su deuda. As\u00ed lo se\u00f1ala en un informe elaborado por la calificadora sobre","inLanguage":"es-ES","isPartOf":{"@id":"https:\/\/www.eldigitaldeasturias.com\/noticias\/#website"},"breadcrumb":{"@id":"https:\/\/www.eldigitaldeasturias.com\/noticias\/standard-and-poors-advierte-del-estancamiento-parlamentario\/#breadcrumblist"},"author":{"@id":"https:\/\/www.eldigitaldeasturias.com\/noticias\/author\/admin\/#author"},"creator":{"@id":"https:\/\/www.eldigitaldeasturias.com\/noticias\/author\/admin\/#author"},"image":{"@type":"ImageObject","url":"https:\/\/www.eldigitaldeasturias.com\/noticias\/wp-content\/uploads\/2016\/09\/Standard-and-Poors.jpg","@id":"https:\/\/www.eldigitaldeasturias.com\/noticias\/standard-and-poors-advierte-del-estancamiento-parlamentario\/#mainImage","width":655,"height":360},"primaryImageOfPage":{"@id":"https:\/\/www.eldigitaldeasturias.com\/noticias\/standard-and-poors-advierte-del-estancamiento-parlamentario\/#mainImage"},"datePublished":"2016-09-08T21:39:15+02:00","dateModified":"2016-09-08T21:39:15+02:00"},{"@type":"WebSite","@id":"https:\/\/www.eldigitaldeasturias.com\/noticias\/#website","url":"https:\/\/www.eldigitaldeasturias.com\/noticias\/","name":"El Digital de Asturias - Diario de actualidad y noticias","alternateName":"El Digital de Asturias - Diario de actualidad y noticias","description":"Hemeroteca","inLanguage":"es-ES","publisher":{"@id":"https:\/\/www.eldigitaldeasturias.com\/noticias\/#organization"}}]},"og:locale":"es_ES","og:site_name":"El Digital de Asturias","og:type":"article","og:title":"Standard and Poor\u2019s advierte del estancamiento parlamentario - El Digital de Asturias","og:description":"La agencia de calificaci\u00f3n crediticia Standard and Poor's advierte de que las comunidades aut\u00f3nomas podr\u00edan tardar &quot;d\u00e9cadas&quot; en reducir sustancialmente su deuda sin un aumento significativo de los recursos a trav\u00e9s del sistema de financiacion auton\u00f3mica, super\u00e1vits sostenibles o un alivio de su deuda. As\u00ed lo se\u00f1ala en un informe elaborado por la calificadora sobre","og:url":"https:\/\/www.eldigitaldeasturias.com\/noticias\/standard-and-poors-advierte-del-estancamiento-parlamentario\/","og:image":"https:\/\/www.eldigitaldeasturias.com\/noticias\/wp-content\/uploads\/2016\/09\/Standard-and-Poors.jpg","og:image:secure_url":"https:\/\/www.eldigitaldeasturias.com\/noticias\/wp-content\/uploads\/2016\/09\/Standard-and-Poors.jpg","og:image:width":655,"og:image:height":360,"article:tag":["actualidad"],"article:published_time":"2016-09-08T20:39:15+00:00","article:modified_time":"2016-09-08T20:39:15+00:00","article:publisher":"https:\/\/facebook.com\/eldigitaldeasturias","twitter:card":"summary_large_image","twitter:title":"Standard and Poor\u2019s advierte del estancamiento parlamentario - El Digital de Asturias","twitter:description":"La agencia de calificaci\u00f3n crediticia Standard and Poor's advierte de que las comunidades aut\u00f3nomas podr\u00edan tardar &quot;d\u00e9cadas&quot; en reducir sustancialmente su deuda sin un aumento significativo de los recursos a trav\u00e9s del sistema de financiacion auton\u00f3mica, super\u00e1vits sostenibles o un alivio de su deuda. As\u00ed lo se\u00f1ala en un informe elaborado por la calificadora sobre","twitter:image":"https:\/\/www.eldigitaldeasturias.com\/noticias\/wp-content\/uploads\/2016\/09\/Standard-and-Poors.jpg","twitter:label1":"Escrito por","twitter:data1":"El Digital de Asturias","twitter:label2":"Tiempo de lectura estimado","twitter:data2":"3 minutos"},"aioseo_meta_data":{"post_id":"906524","title":null,"description":null,"keywords":null,"keyphrases":null,"primary_term":null,"canonical_url":null,"og_title":null,"og_description":null,"og_object_type":"default","og_image_type":"default","og_image_url":null,"og_image_width":null,"og_image_height":null,"og_image_custom_url":null,"og_image_custom_fields":null,"og_video":null,"og_custom_url":null,"og_article_section":null,"og_article_tags":null,"twitter_use_og":false,"twitter_card":"default","twitter_image_type":"default","twitter_image_url":null,"twitter_image_custom_url":null,"twitter_image_custom_fields":null,"twitter_title":null,"twitter_description":null,"schema":{"blockGraphs":[],"customGraphs":[],"default":{"data":{"Article":[],"Course":[],"Dataset":[],"FAQPage":[],"Movie":[],"Person":[],"Product":[],"ProductReview":[],"Car":[],"Recipe":[],"Service":[],"SoftwareApplication":[],"WebPage":[]},"graphName":"","isEnabled":true},"graphs":[],"defaultGraph":"","defaultPostTypeGraph":""},"schema_type":null,"schema_type_options":null,"pillar_content":false,"robots_default":true,"robots_noindex":false,"robots_noarchive":false,"robots_nosnippet":false,"robots_nofollow":false,"robots_noimageindex":false,"robots_noodp":false,"robots_notranslate":false,"robots_max_snippet":null,"robots_max_videopreview":null,"robots_max_imagepreview":"large","priority":null,"frequency":null,"local_seo":null,"seo_analyzer_scan_date":"2025-11-30 09:19:12","breadcrumb_settings":null,"limit_modified_date":false,"open_ai":null,"ai":null,"created":"2020-12-21 14:01:32","updated":"2025-11-30 09:19:12"},"aioseo_breadcrumb":"<div class=\"aioseo-breadcrumbs\"><span class=\"aioseo-breadcrumb\">\n\t<a href=\"https:\/\/www.eldigitaldeasturias.com\/noticias\" title=\"Home\">Home<\/a>\n<\/span><span class=\"aioseo-breadcrumb-separator\">\u2013<\/span><span class=\"aioseo-breadcrumb\">\n\t<a href=\"https:\/\/www.eldigitaldeasturias.com\/noticias\/category\/actualidad\/\" title=\"Actualidad\">Actualidad<\/a>\n<\/span><span class=\"aioseo-breadcrumb-separator\">\u2013<\/span><span class=\"aioseo-breadcrumb\">\n\t<a href=\"https:\/\/www.eldigitaldeasturias.com\/noticias\/standard-and-poors-advierte-del-estancamiento-parlamentario\/\" title=\"Standard and Poor\u2019s advierte del estancamiento parlamentario\">Standard and Poor\u2019s advierte del estancamiento parlamentario<\/a>\n<\/span><\/div>","aioseo_breadcrumb_json":[{"label":"Home","link":"https:\/\/www.eldigitaldeasturias.com\/noticias"},{"label":"Actualidad","link":"https:\/\/www.eldigitaldeasturias.com\/noticias\/category\/actualidad\/"},{"label":"Standard and Poor&#8217;s advierte del estancamiento parlamentario","link":"https:\/\/www.eldigitaldeasturias.com\/noticias\/standard-and-poors-advierte-del-estancamiento-parlamentario\/"}],"_links":{"self":[{"href":"https:\/\/www.eldigitaldeasturias.com\/noticias\/wp-json\/wp\/v2\/posts\/906524","targetHints":{"allow":["GET"]}}],"collection":[{"href":"https:\/\/www.eldigitaldeasturias.com\/noticias\/wp-json\/wp\/v2\/posts"}],"about":[{"href":"https:\/\/www.eldigitaldeasturias.com\/noticias\/wp-json\/wp\/v2\/types\/post"}],"author":[{"embeddable":true,"href":"https:\/\/www.eldigitaldeasturias.com\/noticias\/wp-json\/wp\/v2\/users\/1"}],"replies":[{"embeddable":true,"href":"https:\/\/www.eldigitaldeasturias.com\/noticias\/wp-json\/wp\/v2\/comments?post=906524"}],"version-history":[{"count":0,"href":"https:\/\/www.eldigitaldeasturias.com\/noticias\/wp-json\/wp\/v2\/posts\/906524\/revisions"}],"wp:featuredmedia":[{"embeddable":true,"href":"https:\/\/www.eldigitaldeasturias.com\/noticias\/wp-json\/wp\/v2\/media\/906525"}],"wp:attachment":[{"href":"https:\/\/www.eldigitaldeasturias.com\/noticias\/wp-json\/wp\/v2\/media?parent=906524"}],"wp:term":[{"taxonomy":"category","embeddable":true,"href":"https:\/\/www.eldigitaldeasturias.com\/noticias\/wp-json\/wp\/v2\/categories?post=906524"},{"taxonomy":"post_tag","embeddable":true,"href":"https:\/\/www.eldigitaldeasturias.com\/noticias\/wp-json\/wp\/v2\/tags?post=906524"}],"curies":[{"name":"wp","href":"https:\/\/api.w.org\/{rel}","templated":true}]}}