{"id":906521,"date":"2016-09-08T21:31:07","date_gmt":"2016-09-08T20:31:07","guid":{"rendered":"http:\/\/www.eldigitaldeasturias.com\/noticias\/?p=906521"},"modified":"2016-09-08T21:31:07","modified_gmt":"2016-09-08T20:31:07","slug":"carolina-bescansa-insta-a-sanchez-a-explicar-que-quiere-hacer","status":"publish","type":"post","link":"https:\/\/www.eldigitaldeasturias.com\/noticias\/carolina-bescansa-insta-a-sanchez-a-explicar-que-quiere-hacer\/","title":{"rendered":"Carolina Bescansa insta a S\u00e1nchez a explicar \u00abqu\u00e9 quiere hacer\u00bb"},"content":{"rendered":"<p><img loading=\"lazy\" decoding=\"async\" class=\"alignleft size-medium wp-image-906522\" src=\"https:\/\/www.eldigitaldeasturias.com\/noticias\/wp-content\/uploads\/2016\/09\/fotonoticia_20160908193638_800-360x248.jpg\" alt=\"fotonoticia_20160908193638_800\" width=\"360\" height=\"248\" srcset=\"https:\/\/www.eldigitaldeasturias.com\/noticias\/wp-content\/uploads\/2016\/09\/fotonoticia_20160908193638_800-360x248.jpg 360w, https:\/\/www.eldigitaldeasturias.com\/noticias\/wp-content\/uploads\/2016\/09\/fotonoticia_20160908193638_800-768x530.jpg 768w, https:\/\/www.eldigitaldeasturias.com\/noticias\/wp-content\/uploads\/2016\/09\/fotonoticia_20160908193638_800-650x449.jpg 650w, https:\/\/www.eldigitaldeasturias.com\/noticias\/wp-content\/uploads\/2016\/09\/fotonoticia_20160908193638_800-210x144.jpg 210w, https:\/\/www.eldigitaldeasturias.com\/noticias\/wp-content\/uploads\/2016\/09\/fotonoticia_20160908193638_800.jpg 800w\" sizes=\"auto, (max-width: 360px) 100vw, 360px\" \/>La responsable de An\u00e1lisis pol\u00edtico y social de Podemos y diputada en el Congreso, Carolina Bescansa, ha instado este jueves al l\u00edder socialista, Pedro S\u00e1nchez, a que explique en su visita a Asturias de este viernes \u00abqu\u00e9 quiere hacer\u00bb de cara a la formaci\u00f3n de un gobierno en Espa\u00f1a.<\/p>\n<p>Bescansa ha participado hoy en la Folixa Popular organizada por Podemos en Gij\u00f3n, con motivo del D\u00eda de Asturias. All\u00ed, la parlamentaria ha asegurado que, un d\u00eda \u00abpara compartir y celebrar\u00bb como el de hoy debe servir tambi\u00e9n para entender la diversidad de nuestro pa\u00eds y la naturaleza diferencial de cada pueblo. \u00abTambi\u00e9n debe servir para admirar m\u00e1s a nuestro pa\u00eds por su capacidad de acoger lo diverso y heterog\u00e9neo\u00bb, ha dicho.<\/p>\n<p>En clave regional, ha ensalzado la labor de Podemos en el parlamento asturiano, asegurando que se ha convertido en una fuerza \u00abimprescindible\u00bb en Asturias. \u00abAqu\u00ed, la confusi\u00f3n de las siglas ha sido muy intensa y con gobiernos socialistas en casi todo el periodo democr\u00e1tico, es imprescindible un proyecto como Podemos\u00bb, ha insistido.<\/p>\n<p>&nbsp;<\/p>\n<p>&nbsp;<\/p>\n","protected":false},"excerpt":{"rendered":"<p>La responsable de An\u00e1lisis pol\u00edtico y social de Podemos y diputada en el Congreso, Carolina Bescansa, ha instado este jueves al l\u00edder socialista, Pedro S\u00e1nchez, a que explique en su visita a Asturias de este viernes \u00abqu\u00e9 quiere hacer\u00bb de cara a la formaci\u00f3n de un gobierno en Espa\u00f1a. Bescansa ha participado hoy en la [&hellip;]<\/p>\n","protected":false},"author":1,"featured_media":906522,"comment_status":"closed","ping_status":"closed","sticky":false,"template":"","format":"standard","meta":{"footnotes":""},"categories":[1],"tags":[],"class_list":["post-906521","post","type-post","status-publish","format-standard","has-post-thumbnail","hentry","category-actualidad"],"aioseo_notices":[],"aioseo_head":"\n\t\t<!-- All in One SEO Pro 4.9.6.2 - aioseo.com -->\n\t<meta name=\"description\" content=\"La responsable de An\u00e1lisis pol\u00edtico y social de Podemos y diputada en el Congreso, Carolina Bescansa, ha instado este jueves al l\u00edder socialista, Pedro S\u00e1nchez, a que explique en su visita a Asturias de este viernes &quot;qu\u00e9 quiere hacer&quot; de cara a la formaci\u00f3n de un gobierno en Espa\u00f1a. Bescansa ha participado hoy en la\" \/>\n\t<meta name=\"robots\" content=\"max-image-preview:large\" \/>\n\t<meta name=\"author\" content=\"El Digital de Asturias\"\/>\n\t<meta name=\"google-site-verification\" content=\"UA-38556648-1\" \/>\n\t<meta name=\"msvalidate.01\" content=\"7dfe9f3f1b24437ab69f4f2559babe99\" \/>\n\t<meta name=\"keywords\" content=\"actualidad\" \/>\n\t<link rel=\"canonical\" href=\"https:\/\/www.eldigitaldeasturias.com\/noticias\/carolina-bescansa-insta-a-sanchez-a-explicar-que-quiere-hacer\/\" \/>\n\t<meta name=\"generator\" content=\"All in One SEO Pro (AIOSEO) 4.9.6.2\" \/>\n\t\t<meta property=\"og:locale\" content=\"es_ES\" \/>\n\t\t<meta property=\"og:site_name\" content=\"El Digital de Asturias\" \/>\n\t\t<meta property=\"og:type\" content=\"article\" \/>\n\t\t<meta property=\"og:title\" content=\"Carolina Bescansa insta a S\u00e1nchez a explicar \u00abqu\u00e9 quiere hacer\u00bb - El Digital de Asturias\" \/>\n\t\t<meta property=\"og:description\" content=\"La responsable de An\u00e1lisis pol\u00edtico y social de Podemos y diputada en el Congreso, Carolina Bescansa, ha instado este jueves al l\u00edder socialista, Pedro S\u00e1nchez, a que explique en su visita a Asturias de este viernes &quot;qu\u00e9 quiere hacer&quot; de cara a la formaci\u00f3n de un gobierno en Espa\u00f1a. Bescansa ha participado hoy en la\" \/>\n\t\t<meta property=\"og:url\" content=\"https:\/\/www.eldigitaldeasturias.com\/noticias\/carolina-bescansa-insta-a-sanchez-a-explicar-que-quiere-hacer\/\" \/>\n\t\t<meta property=\"og:image\" content=\"https:\/\/www.eldigitaldeasturias.com\/noticias\/wp-content\/uploads\/2016\/09\/fotonoticia_20160908193638_800.jpg\" \/>\n\t\t<meta property=\"og:image:secure_url\" content=\"https:\/\/www.eldigitaldeasturias.com\/noticias\/wp-content\/uploads\/2016\/09\/fotonoticia_20160908193638_800.jpg\" \/>\n\t\t<meta property=\"og:image:width\" content=\"800\" \/>\n\t\t<meta property=\"og:image:height\" content=\"552\" \/>\n\t\t<meta property=\"article:tag\" content=\"actualidad\" \/>\n\t\t<meta property=\"article:published_time\" content=\"2016-09-08T20:31:07+00:00\" \/>\n\t\t<meta property=\"article:modified_time\" content=\"2016-09-08T20:31:07+00:00\" \/>\n\t\t<meta property=\"article:publisher\" content=\"https:\/\/facebook.com\/eldigitaldeasturias\" \/>\n\t\t<meta name=\"twitter:card\" content=\"summary_large_image\" \/>\n\t\t<meta name=\"twitter:title\" content=\"Carolina Bescansa insta a S\u00e1nchez a explicar \u00abqu\u00e9 quiere hacer\u00bb - El Digital de Asturias\" \/>\n\t\t<meta name=\"twitter:description\" content=\"La responsable de An\u00e1lisis pol\u00edtico y social de Podemos y diputada en el Congreso, Carolina Bescansa, ha instado este jueves al l\u00edder socialista, Pedro S\u00e1nchez, a que explique en su visita a Asturias de este viernes &quot;qu\u00e9 quiere hacer&quot; de cara a la formaci\u00f3n de un gobierno en Espa\u00f1a. Bescansa ha participado hoy en la\" \/>\n\t\t<meta name=\"twitter:image\" content=\"https:\/\/www.eldigitaldeasturias.com\/noticias\/wp-content\/uploads\/2016\/09\/fotonoticia_20160908193638_800.jpg\" \/>\n\t\t<meta name=\"twitter:label1\" content=\"Escrito por\" \/>\n\t\t<meta name=\"twitter:data1\" content=\"El Digital de Asturias\" \/>\n\t\t<meta name=\"twitter:label2\" content=\"Tiempo de lectura estimado\" \/>\n\t\t<meta name=\"twitter:data2\" content=\"1 minuto\" \/>\n\t\t<script type=\"application\/ld+json\" class=\"aioseo-schema\">\n\t\t\t{\"@context\":\"https:\\\/\\\/schema.org\",\"@graph\":[{\"@type\":\"BlogPosting\",\"@id\":\"https:\\\/\\\/www.eldigitaldeasturias.com\\\/noticias\\\/carolina-bescansa-insta-a-sanchez-a-explicar-que-quiere-hacer\\\/#blogposting\",\"name\":\"Carolina Bescansa insta a S\\u00e1nchez a explicar \\u00abqu\\u00e9 quiere hacer\\u00bb - El Digital de Asturias\",\"headline\":\"Carolina Bescansa insta a S\\u00e1nchez a explicar \\u00abqu\\u00e9 quiere hacer\\u00bb\",\"author\":{\"@id\":\"https:\\\/\\\/www.eldigitaldeasturias.com\\\/noticias\\\/author\\\/admin\\\/#author\"},\"publisher\":{\"@id\":\"https:\\\/\\\/www.eldigitaldeasturias.com\\\/noticias\\\/#organization\"},\"image\":{\"@type\":\"ImageObject\",\"url\":\"https:\\\/\\\/www.eldigitaldeasturias.com\\\/noticias\\\/wp-content\\\/uploads\\\/2016\\\/09\\\/fotonoticia_20160908193638_800.jpg\",\"width\":800,\"height\":552},\"datePublished\":\"2016-09-08T21:31:07+02:00\",\"dateModified\":\"2016-09-08T21:31:07+02:00\",\"inLanguage\":\"es-ES\",\"mainEntityOfPage\":{\"@id\":\"https:\\\/\\\/www.eldigitaldeasturias.com\\\/noticias\\\/carolina-bescansa-insta-a-sanchez-a-explicar-que-quiere-hacer\\\/#webpage\"},\"isPartOf\":{\"@id\":\"https:\\\/\\\/www.eldigitaldeasturias.com\\\/noticias\\\/carolina-bescansa-insta-a-sanchez-a-explicar-que-quiere-hacer\\\/#webpage\"},\"articleSection\":\"Actualidad\"},{\"@type\":\"BreadcrumbList\",\"@id\":\"https:\\\/\\\/www.eldigitaldeasturias.com\\\/noticias\\\/carolina-bescansa-insta-a-sanchez-a-explicar-que-quiere-hacer\\\/#breadcrumblist\",\"itemListElement\":[{\"@type\":\"ListItem\",\"@id\":\"https:\\\/\\\/www.eldigitaldeasturias.com\\\/noticias#listItem\",\"position\":1,\"name\":\"Home\",\"item\":\"https:\\\/\\\/www.eldigitaldeasturias.com\\\/noticias\",\"nextItem\":{\"@type\":\"ListItem\",\"@id\":\"https:\\\/\\\/www.eldigitaldeasturias.com\\\/noticias\\\/category\\\/actualidad\\\/#listItem\",\"name\":\"Actualidad\"}},{\"@type\":\"ListItem\",\"@id\":\"https:\\\/\\\/www.eldigitaldeasturias.com\\\/noticias\\\/category\\\/actualidad\\\/#listItem\",\"position\":2,\"name\":\"Actualidad\",\"item\":\"https:\\\/\\\/www.eldigitaldeasturias.com\\\/noticias\\\/category\\\/actualidad\\\/\",\"nextItem\":{\"@type\":\"ListItem\",\"@id\":\"https:\\\/\\\/www.eldigitaldeasturias.com\\\/noticias\\\/carolina-bescansa-insta-a-sanchez-a-explicar-que-quiere-hacer\\\/#listItem\",\"name\":\"Carolina Bescansa insta a S\\u00e1nchez a explicar \\u00abqu\\u00e9 quiere hacer\\u00bb\"},\"previousItem\":{\"@type\":\"ListItem\",\"@id\":\"https:\\\/\\\/www.eldigitaldeasturias.com\\\/noticias#listItem\",\"name\":\"Home\"}},{\"@type\":\"ListItem\",\"@id\":\"https:\\\/\\\/www.eldigitaldeasturias.com\\\/noticias\\\/carolina-bescansa-insta-a-sanchez-a-explicar-que-quiere-hacer\\\/#listItem\",\"position\":3,\"name\":\"Carolina Bescansa insta a S\\u00e1nchez a explicar \\u00abqu\\u00e9 quiere hacer\\u00bb\",\"previousItem\":{\"@type\":\"ListItem\",\"@id\":\"https:\\\/\\\/www.eldigitaldeasturias.com\\\/noticias\\\/category\\\/actualidad\\\/#listItem\",\"name\":\"Actualidad\"}}]},{\"@type\":\"Organization\",\"@id\":\"https:\\\/\\\/www.eldigitaldeasturias.com\\\/noticias\\\/#organization\",\"name\":\"El Digital de Asturias\",\"description\":\"Hemeroteca\",\"url\":\"https:\\\/\\\/www.eldigitaldeasturias.com\\\/noticias\\\/\",\"email\":\"info@eldigitaldeasturias.com\",\"telephone\":\"+34652131393\",\"logo\":{\"@type\":\"ImageObject\",\"url\":\"https:\\\/\\\/www.eldigitaldeasturias.com\\\/noticias\\\/wp-content\\\/uploads\\\/2020\\\/12\\\/EDA.jpg\",\"@id\":\"https:\\\/\\\/www.eldigitaldeasturias.com\\\/noticias\\\/carolina-bescansa-insta-a-sanchez-a-explicar-que-quiere-hacer\\\/#organizationLogo\",\"width\":649,\"height\":297},\"image\":{\"@id\":\"https:\\\/\\\/www.eldigitaldeasturias.com\\\/noticias\\\/carolina-bescansa-insta-a-sanchez-a-explicar-que-quiere-hacer\\\/#organizationLogo\"},\"sameAs\":[\"https:\\\/\\\/facebook.com\\\/eldigitaldeasturias\",\"https:\\\/\\\/www.youtube.com\\\/channel\\\/UCZP-2wLEB9Rv6erhFmqVnvg\"],\"address\":{\"@id\":\"https:\\\/\\\/www.eldigitaldeasturias.com\\\/noticias\\\/#postaladdress\",\"@type\":\"PostalAddress\",\"streetAddress\":\"san antonio 4,\",\"postalCode\":\"33430\",\"addressLocality\":\"Cand\\u00e1s\",\"addressRegion\":\"Asturias\",\"addressCountry\":\"ES\"}},{\"@type\":\"Person\",\"@id\":\"https:\\\/\\\/www.eldigitaldeasturias.com\\\/noticias\\\/author\\\/admin\\\/#author\",\"url\":\"https:\\\/\\\/www.eldigitaldeasturias.com\\\/noticias\\\/author\\\/admin\\\/\",\"name\":\"El Digital de Asturias\",\"image\":{\"@type\":\"ImageObject\",\"@id\":\"https:\\\/\\\/www.eldigitaldeasturias.com\\\/noticias\\\/carolina-bescansa-insta-a-sanchez-a-explicar-que-quiere-hacer\\\/#authorImage\",\"url\":\"https:\\\/\\\/www.eldigitaldeasturias.com\\\/noticias\\\/wp-content\\\/litespeed\\\/avatar\\\/18677e78aa0546b92d9dbf31ec7d7668.jpg?ver=1776685526\",\"width\":96,\"height\":96,\"caption\":\"El Digital de Asturias\"}},{\"@type\":\"WebPage\",\"@id\":\"https:\\\/\\\/www.eldigitaldeasturias.com\\\/noticias\\\/carolina-bescansa-insta-a-sanchez-a-explicar-que-quiere-hacer\\\/#webpage\",\"url\":\"https:\\\/\\\/www.eldigitaldeasturias.com\\\/noticias\\\/carolina-bescansa-insta-a-sanchez-a-explicar-que-quiere-hacer\\\/\",\"name\":\"Carolina Bescansa insta a S\\u00e1nchez a explicar \\u00abqu\\u00e9 quiere hacer\\u00bb - El Digital de Asturias\",\"description\":\"La responsable de An\\u00e1lisis pol\\u00edtico y social de Podemos y diputada en el Congreso, Carolina Bescansa, ha instado este jueves al l\\u00edder socialista, Pedro S\\u00e1nchez, a que explique en su visita a Asturias de este viernes \\\"qu\\u00e9 quiere hacer\\\" de cara a la formaci\\u00f3n de un gobierno en Espa\\u00f1a. Bescansa ha participado hoy en la\",\"inLanguage\":\"es-ES\",\"isPartOf\":{\"@id\":\"https:\\\/\\\/www.eldigitaldeasturias.com\\\/noticias\\\/#website\"},\"breadcrumb\":{\"@id\":\"https:\\\/\\\/www.eldigitaldeasturias.com\\\/noticias\\\/carolina-bescansa-insta-a-sanchez-a-explicar-que-quiere-hacer\\\/#breadcrumblist\"},\"author\":{\"@id\":\"https:\\\/\\\/www.eldigitaldeasturias.com\\\/noticias\\\/author\\\/admin\\\/#author\"},\"creator\":{\"@id\":\"https:\\\/\\\/www.eldigitaldeasturias.com\\\/noticias\\\/author\\\/admin\\\/#author\"},\"image\":{\"@type\":\"ImageObject\",\"url\":\"https:\\\/\\\/www.eldigitaldeasturias.com\\\/noticias\\\/wp-content\\\/uploads\\\/2016\\\/09\\\/fotonoticia_20160908193638_800.jpg\",\"@id\":\"https:\\\/\\\/www.eldigitaldeasturias.com\\\/noticias\\\/carolina-bescansa-insta-a-sanchez-a-explicar-que-quiere-hacer\\\/#mainImage\",\"width\":800,\"height\":552},\"primaryImageOfPage\":{\"@id\":\"https:\\\/\\\/www.eldigitaldeasturias.com\\\/noticias\\\/carolina-bescansa-insta-a-sanchez-a-explicar-que-quiere-hacer\\\/#mainImage\"},\"datePublished\":\"2016-09-08T21:31:07+02:00\",\"dateModified\":\"2016-09-08T21:31:07+02:00\"},{\"@type\":\"WebSite\",\"@id\":\"https:\\\/\\\/www.eldigitaldeasturias.com\\\/noticias\\\/#website\",\"url\":\"https:\\\/\\\/www.eldigitaldeasturias.com\\\/noticias\\\/\",\"name\":\"El Digital de Asturias - Diario de actualidad y noticias\",\"alternateName\":\"El Digital de Asturias - Diario de actualidad y noticias\",\"description\":\"Hemeroteca\",\"inLanguage\":\"es-ES\",\"publisher\":{\"@id\":\"https:\\\/\\\/www.eldigitaldeasturias.com\\\/noticias\\\/#organization\"}}]}\n\t\t<\/script>\n\t\t<!-- All in One SEO Pro -->\r\n\t\t<title>Carolina Bescansa insta a S\u00e1nchez a explicar \u00abqu\u00e9 quiere hacer\u00bb - El Digital de Asturias<\/title>\n\n","aioseo_head_json":{"title":"Carolina Bescansa insta a S\u00e1nchez a explicar \u00abqu\u00e9 quiere hacer\u00bb - El Digital de Asturias","description":"La responsable de An\u00e1lisis pol\u00edtico y social de Podemos y diputada en el Congreso, Carolina Bescansa, ha instado este jueves al l\u00edder socialista, Pedro S\u00e1nchez, a que explique en su visita a Asturias de este viernes \"qu\u00e9 quiere hacer\" de cara a la formaci\u00f3n de un gobierno en Espa\u00f1a. Bescansa ha participado hoy en la","canonical_url":"https:\/\/www.eldigitaldeasturias.com\/noticias\/carolina-bescansa-insta-a-sanchez-a-explicar-que-quiere-hacer\/","robots":"max-image-preview:large","keywords":"actualidad","webmasterTools":{"google-site-verification":"UA-38556648-1","msvalidate.01":"7dfe9f3f1b24437ab69f4f2559babe99","miscellaneous":""},"schema":{"@context":"https:\/\/schema.org","@graph":[{"@type":"BlogPosting","@id":"https:\/\/www.eldigitaldeasturias.com\/noticias\/carolina-bescansa-insta-a-sanchez-a-explicar-que-quiere-hacer\/#blogposting","name":"Carolina Bescansa insta a S\u00e1nchez a explicar \u00abqu\u00e9 quiere hacer\u00bb - El Digital de Asturias","headline":"Carolina Bescansa insta a S\u00e1nchez a explicar \u00abqu\u00e9 quiere hacer\u00bb","author":{"@id":"https:\/\/www.eldigitaldeasturias.com\/noticias\/author\/admin\/#author"},"publisher":{"@id":"https:\/\/www.eldigitaldeasturias.com\/noticias\/#organization"},"image":{"@type":"ImageObject","url":"https:\/\/www.eldigitaldeasturias.com\/noticias\/wp-content\/uploads\/2016\/09\/fotonoticia_20160908193638_800.jpg","width":800,"height":552},"datePublished":"2016-09-08T21:31:07+02:00","dateModified":"2016-09-08T21:31:07+02:00","inLanguage":"es-ES","mainEntityOfPage":{"@id":"https:\/\/www.eldigitaldeasturias.com\/noticias\/carolina-bescansa-insta-a-sanchez-a-explicar-que-quiere-hacer\/#webpage"},"isPartOf":{"@id":"https:\/\/www.eldigitaldeasturias.com\/noticias\/carolina-bescansa-insta-a-sanchez-a-explicar-que-quiere-hacer\/#webpage"},"articleSection":"Actualidad"},{"@type":"BreadcrumbList","@id":"https:\/\/www.eldigitaldeasturias.com\/noticias\/carolina-bescansa-insta-a-sanchez-a-explicar-que-quiere-hacer\/#breadcrumblist","itemListElement":[{"@type":"ListItem","@id":"https:\/\/www.eldigitaldeasturias.com\/noticias#listItem","position":1,"name":"Home","item":"https:\/\/www.eldigitaldeasturias.com\/noticias","nextItem":{"@type":"ListItem","@id":"https:\/\/www.eldigitaldeasturias.com\/noticias\/category\/actualidad\/#listItem","name":"Actualidad"}},{"@type":"ListItem","@id":"https:\/\/www.eldigitaldeasturias.com\/noticias\/category\/actualidad\/#listItem","position":2,"name":"Actualidad","item":"https:\/\/www.eldigitaldeasturias.com\/noticias\/category\/actualidad\/","nextItem":{"@type":"ListItem","@id":"https:\/\/www.eldigitaldeasturias.com\/noticias\/carolina-bescansa-insta-a-sanchez-a-explicar-que-quiere-hacer\/#listItem","name":"Carolina Bescansa insta a S\u00e1nchez a explicar \u00abqu\u00e9 quiere hacer\u00bb"},"previousItem":{"@type":"ListItem","@id":"https:\/\/www.eldigitaldeasturias.com\/noticias#listItem","name":"Home"}},{"@type":"ListItem","@id":"https:\/\/www.eldigitaldeasturias.com\/noticias\/carolina-bescansa-insta-a-sanchez-a-explicar-que-quiere-hacer\/#listItem","position":3,"name":"Carolina Bescansa insta a S\u00e1nchez a explicar \u00abqu\u00e9 quiere hacer\u00bb","previousItem":{"@type":"ListItem","@id":"https:\/\/www.eldigitaldeasturias.com\/noticias\/category\/actualidad\/#listItem","name":"Actualidad"}}]},{"@type":"Organization","@id":"https:\/\/www.eldigitaldeasturias.com\/noticias\/#organization","name":"El Digital de Asturias","description":"Hemeroteca","url":"https:\/\/www.eldigitaldeasturias.com\/noticias\/","email":"info@eldigitaldeasturias.com","telephone":"+34652131393","logo":{"@type":"ImageObject","url":"https:\/\/www.eldigitaldeasturias.com\/noticias\/wp-content\/uploads\/2020\/12\/EDA.jpg","@id":"https:\/\/www.eldigitaldeasturias.com\/noticias\/carolina-bescansa-insta-a-sanchez-a-explicar-que-quiere-hacer\/#organizationLogo","width":649,"height":297},"image":{"@id":"https:\/\/www.eldigitaldeasturias.com\/noticias\/carolina-bescansa-insta-a-sanchez-a-explicar-que-quiere-hacer\/#organizationLogo"},"sameAs":["https:\/\/facebook.com\/eldigitaldeasturias","https:\/\/www.youtube.com\/channel\/UCZP-2wLEB9Rv6erhFmqVnvg"],"address":{"@id":"https:\/\/www.eldigitaldeasturias.com\/noticias\/#postaladdress","@type":"PostalAddress","streetAddress":"san antonio 4,","postalCode":"33430","addressLocality":"Cand\u00e1s","addressRegion":"Asturias","addressCountry":"ES"}},{"@type":"Person","@id":"https:\/\/www.eldigitaldeasturias.com\/noticias\/author\/admin\/#author","url":"https:\/\/www.eldigitaldeasturias.com\/noticias\/author\/admin\/","name":"El Digital de Asturias","image":{"@type":"ImageObject","@id":"https:\/\/www.eldigitaldeasturias.com\/noticias\/carolina-bescansa-insta-a-sanchez-a-explicar-que-quiere-hacer\/#authorImage","url":"https:\/\/www.eldigitaldeasturias.com\/noticias\/wp-content\/litespeed\/avatar\/18677e78aa0546b92d9dbf31ec7d7668.jpg?ver=1776685526","width":96,"height":96,"caption":"El Digital de Asturias"}},{"@type":"WebPage","@id":"https:\/\/www.eldigitaldeasturias.com\/noticias\/carolina-bescansa-insta-a-sanchez-a-explicar-que-quiere-hacer\/#webpage","url":"https:\/\/www.eldigitaldeasturias.com\/noticias\/carolina-bescansa-insta-a-sanchez-a-explicar-que-quiere-hacer\/","name":"Carolina Bescansa insta a S\u00e1nchez a explicar \u00abqu\u00e9 quiere hacer\u00bb - El Digital de Asturias","description":"La responsable de An\u00e1lisis pol\u00edtico y social de Podemos y diputada en el Congreso, Carolina Bescansa, ha instado este jueves al l\u00edder socialista, Pedro S\u00e1nchez, a que explique en su visita a Asturias de este viernes \"qu\u00e9 quiere hacer\" de cara a la formaci\u00f3n de un gobierno en Espa\u00f1a. Bescansa ha participado hoy en la","inLanguage":"es-ES","isPartOf":{"@id":"https:\/\/www.eldigitaldeasturias.com\/noticias\/#website"},"breadcrumb":{"@id":"https:\/\/www.eldigitaldeasturias.com\/noticias\/carolina-bescansa-insta-a-sanchez-a-explicar-que-quiere-hacer\/#breadcrumblist"},"author":{"@id":"https:\/\/www.eldigitaldeasturias.com\/noticias\/author\/admin\/#author"},"creator":{"@id":"https:\/\/www.eldigitaldeasturias.com\/noticias\/author\/admin\/#author"},"image":{"@type":"ImageObject","url":"https:\/\/www.eldigitaldeasturias.com\/noticias\/wp-content\/uploads\/2016\/09\/fotonoticia_20160908193638_800.jpg","@id":"https:\/\/www.eldigitaldeasturias.com\/noticias\/carolina-bescansa-insta-a-sanchez-a-explicar-que-quiere-hacer\/#mainImage","width":800,"height":552},"primaryImageOfPage":{"@id":"https:\/\/www.eldigitaldeasturias.com\/noticias\/carolina-bescansa-insta-a-sanchez-a-explicar-que-quiere-hacer\/#mainImage"},"datePublished":"2016-09-08T21:31:07+02:00","dateModified":"2016-09-08T21:31:07+02:00"},{"@type":"WebSite","@id":"https:\/\/www.eldigitaldeasturias.com\/noticias\/#website","url":"https:\/\/www.eldigitaldeasturias.com\/noticias\/","name":"El Digital de Asturias - Diario de actualidad y noticias","alternateName":"El Digital de Asturias - Diario de actualidad y noticias","description":"Hemeroteca","inLanguage":"es-ES","publisher":{"@id":"https:\/\/www.eldigitaldeasturias.com\/noticias\/#organization"}}]},"og:locale":"es_ES","og:site_name":"El Digital de Asturias","og:type":"article","og:title":"Carolina Bescansa insta a S\u00e1nchez a explicar \u00abqu\u00e9 quiere hacer\u00bb - El Digital de Asturias","og:description":"La responsable de An\u00e1lisis pol\u00edtico y social de Podemos y diputada en el Congreso, Carolina Bescansa, ha instado este jueves al l\u00edder socialista, Pedro S\u00e1nchez, a que explique en su visita a Asturias de este viernes &quot;qu\u00e9 quiere hacer&quot; de cara a la formaci\u00f3n de un gobierno en Espa\u00f1a. Bescansa ha participado hoy en la","og:url":"https:\/\/www.eldigitaldeasturias.com\/noticias\/carolina-bescansa-insta-a-sanchez-a-explicar-que-quiere-hacer\/","og:image":"https:\/\/www.eldigitaldeasturias.com\/noticias\/wp-content\/uploads\/2016\/09\/fotonoticia_20160908193638_800.jpg","og:image:secure_url":"https:\/\/www.eldigitaldeasturias.com\/noticias\/wp-content\/uploads\/2016\/09\/fotonoticia_20160908193638_800.jpg","og:image:width":800,"og:image:height":552,"article:tag":["actualidad"],"article:published_time":"2016-09-08T20:31:07+00:00","article:modified_time":"2016-09-08T20:31:07+00:00","article:publisher":"https:\/\/facebook.com\/eldigitaldeasturias","twitter:card":"summary_large_image","twitter:title":"Carolina Bescansa insta a S\u00e1nchez a explicar \u00abqu\u00e9 quiere hacer\u00bb - El Digital de Asturias","twitter:description":"La responsable de An\u00e1lisis pol\u00edtico y social de Podemos y diputada en el Congreso, Carolina Bescansa, ha instado este jueves al l\u00edder socialista, Pedro S\u00e1nchez, a que explique en su visita a Asturias de este viernes &quot;qu\u00e9 quiere hacer&quot; de cara a la formaci\u00f3n de un gobierno en Espa\u00f1a. Bescansa ha participado hoy en la","twitter:image":"https:\/\/www.eldigitaldeasturias.com\/noticias\/wp-content\/uploads\/2016\/09\/fotonoticia_20160908193638_800.jpg","twitter:label1":"Escrito por","twitter:data1":"El Digital de Asturias","twitter:label2":"Tiempo de lectura estimado","twitter:data2":"1 minuto"},"aioseo_meta_data":{"post_id":"906521","title":null,"description":null,"keywords":null,"keyphrases":null,"primary_term":null,"canonical_url":null,"og_title":null,"og_description":null,"og_object_type":"default","og_image_type":"default","og_image_url":null,"og_image_width":null,"og_image_height":null,"og_image_custom_url":null,"og_image_custom_fields":null,"og_video":null,"og_custom_url":null,"og_article_section":null,"og_article_tags":null,"twitter_use_og":false,"twitter_card":"default","twitter_image_type":"default","twitter_image_url":null,"twitter_image_custom_url":null,"twitter_image_custom_fields":null,"twitter_title":null,"twitter_description":null,"schema":{"blockGraphs":[],"customGraphs":[],"default":{"data":{"Article":[],"Course":[],"Dataset":[],"FAQPage":[],"Movie":[],"Person":[],"Product":[],"ProductReview":[],"Car":[],"Recipe":[],"Service":[],"SoftwareApplication":[],"WebPage":[]},"graphName":"","isEnabled":true},"graphs":[],"defaultGraph":"","defaultPostTypeGraph":""},"schema_type":null,"schema_type_options":null,"pillar_content":false,"robots_default":true,"robots_noindex":false,"robots_noarchive":false,"robots_nosnippet":false,"robots_nofollow":false,"robots_noimageindex":false,"robots_noodp":false,"robots_notranslate":false,"robots_max_snippet":null,"robots_max_videopreview":null,"robots_max_imagepreview":"large","priority":null,"frequency":null,"local_seo":null,"seo_analyzer_scan_date":"2025-11-30 09:19:11","breadcrumb_settings":null,"limit_modified_date":false,"open_ai":null,"ai":null,"created":"2020-12-21 14:01:32","updated":"2025-11-30 09:19:11"},"aioseo_breadcrumb":"<div class=\"aioseo-breadcrumbs\"><span class=\"aioseo-breadcrumb\">\n\t<a href=\"https:\/\/www.eldigitaldeasturias.com\/noticias\" title=\"Home\">Home<\/a>\n<\/span><span class=\"aioseo-breadcrumb-separator\">\u2013<\/span><span class=\"aioseo-breadcrumb\">\n\t<a href=\"https:\/\/www.eldigitaldeasturias.com\/noticias\/category\/actualidad\/\" title=\"Actualidad\">Actualidad<\/a>\n<\/span><span class=\"aioseo-breadcrumb-separator\">\u2013<\/span><span class=\"aioseo-breadcrumb\">\n\t<a href=\"https:\/\/www.eldigitaldeasturias.com\/noticias\/carolina-bescansa-insta-a-sanchez-a-explicar-que-quiere-hacer\/\" title=\"Carolina Bescansa insta a S\u00e1nchez a explicar \u00abqu\u00e9 quiere hacer\u00bb\">Carolina Bescansa insta a S\u00e1nchez a explicar \u00abqu\u00e9 quiere hacer\u00bb<\/a>\n<\/span><\/div>","aioseo_breadcrumb_json":[{"label":"Home","link":"https:\/\/www.eldigitaldeasturias.com\/noticias"},{"label":"Actualidad","link":"https:\/\/www.eldigitaldeasturias.com\/noticias\/category\/actualidad\/"},{"label":"Carolina Bescansa insta a S\u00e1nchez a explicar \u00abqu\u00e9 quiere hacer\u00bb","link":"https:\/\/www.eldigitaldeasturias.com\/noticias\/carolina-bescansa-insta-a-sanchez-a-explicar-que-quiere-hacer\/"}],"_links":{"self":[{"href":"https:\/\/www.eldigitaldeasturias.com\/noticias\/wp-json\/wp\/v2\/posts\/906521","targetHints":{"allow":["GET"]}}],"collection":[{"href":"https:\/\/www.eldigitaldeasturias.com\/noticias\/wp-json\/wp\/v2\/posts"}],"about":[{"href":"https:\/\/www.eldigitaldeasturias.com\/noticias\/wp-json\/wp\/v2\/types\/post"}],"author":[{"embeddable":true,"href":"https:\/\/www.eldigitaldeasturias.com\/noticias\/wp-json\/wp\/v2\/users\/1"}],"replies":[{"embeddable":true,"href":"https:\/\/www.eldigitaldeasturias.com\/noticias\/wp-json\/wp\/v2\/comments?post=906521"}],"version-history":[{"count":0,"href":"https:\/\/www.eldigitaldeasturias.com\/noticias\/wp-json\/wp\/v2\/posts\/906521\/revisions"}],"wp:featuredmedia":[{"embeddable":true,"href":"https:\/\/www.eldigitaldeasturias.com\/noticias\/wp-json\/wp\/v2\/media\/906522"}],"wp:attachment":[{"href":"https:\/\/www.eldigitaldeasturias.com\/noticias\/wp-json\/wp\/v2\/media?parent=906521"}],"wp:term":[{"taxonomy":"category","embeddable":true,"href":"https:\/\/www.eldigitaldeasturias.com\/noticias\/wp-json\/wp\/v2\/categories?post=906521"},{"taxonomy":"post_tag","embeddable":true,"href":"https:\/\/www.eldigitaldeasturias.com\/noticias\/wp-json\/wp\/v2\/tags?post=906521"}],"curies":[{"name":"wp","href":"https:\/\/api.w.org\/{rel}","templated":true}]}}