{"id":906513,"date":"2016-09-08T21:24:23","date_gmt":"2016-09-08T20:24:23","guid":{"rendered":"http:\/\/www.eldigitaldeasturias.com\/noticias\/?p=906513"},"modified":"2016-09-08T21:24:23","modified_gmt":"2016-09-08T20:24:23","slug":"aumentan-los-robos-en-los-domicilios-asturianos-entre-enero-y-junio","status":"publish","type":"post","link":"https:\/\/www.eldigitaldeasturias.com\/noticias\/aumentan-los-robos-en-los-domicilios-asturianos-entre-enero-y-junio\/","title":{"rendered":"Aumentan los robos en los domicilios asturianos entre enero y junio"},"content":{"rendered":"<p><img loading=\"lazy\" decoding=\"async\" class=\"alignleft size-medium wp-image-906514\" src=\"https:\/\/www.eldigitaldeasturias.com\/noticias\/wp-content\/uploads\/2016\/09\/fotonoticia_20160908182529_800-360x270.jpg\" alt=\"fotonoticia_20160908182529_800\" width=\"360\" height=\"270\" srcset=\"https:\/\/www.eldigitaldeasturias.com\/noticias\/wp-content\/uploads\/2016\/09\/fotonoticia_20160908182529_800-360x270.jpg 360w, https:\/\/www.eldigitaldeasturias.com\/noticias\/wp-content\/uploads\/2016\/09\/fotonoticia_20160908182529_800-768x576.jpg 768w, https:\/\/www.eldigitaldeasturias.com\/noticias\/wp-content\/uploads\/2016\/09\/fotonoticia_20160908182529_800-650x488.jpg 650w, https:\/\/www.eldigitaldeasturias.com\/noticias\/wp-content\/uploads\/2016\/09\/fotonoticia_20160908182529_800-125x95.jpg 125w, https:\/\/www.eldigitaldeasturias.com\/noticias\/wp-content\/uploads\/2016\/09\/fotonoticia_20160908182529_800-100x75.jpg 100w, https:\/\/www.eldigitaldeasturias.com\/noticias\/wp-content\/uploads\/2016\/09\/fotonoticia_20160908182529_800.jpg 800w\" sizes=\"auto, (max-width: 360px) 100vw, 360px\" \/>El 69,40 por ciento de los espa\u00f1oles considera que hay m\u00e1s inseguridad ahora que hace dos a\u00f1os, seg\u00fan se refleja en un reciente estudio elaborado por el instituto Sondea para Securitas Direct. De hecho, seg\u00fan el informe en Asturias han aumentado los robos en domicilios un 31 por ciento en el primer semestre.<\/p>\n<p>La central receptora de alarmas de Securitas Direct, por su parte, act\u00faa cada 30,3 minutos con motivo de un robo o intento de robo en alguno de los m\u00e1s de 800.000 inmuebles que protege, entre residencias y peque\u00f1os negocios.<\/p>\n<p>En el primer semestre de este a\u00f1o, en Espa\u00f1a se produjo un robo en domicilio cada cuatro minutos y medio, seg\u00fan los datos del Balance de Criminalidad del Ministerio del Interior. Este estudio indica que entre enero y junio se registraron 57.458 robos en domicilio en nuestro pa\u00eds, un 2,2% m\u00e1s que en el mismo per\u00edodo del a\u00f1o anterior.<\/p>\n<p>As\u00ed, nos encontramos con que en esos seis meses, los robos en viviendas s\u00f3lo han descendido en el Pa\u00eds Vasco (-8,9%), Ceuta (-11,4%) y La Rioja (-33,7%). Los territorios en los que m\u00e1s han aumentado son Melilla (+67,4%), Cantabria (+39,7%) y Asturias (+31%). En cuanto a provincias, donde m\u00e1s ha aumentado este tipo de delito ha sido en Soria (+50,9%), Cantabria (+39,7%) y Segovia (+32,7%), mientras que donde m\u00e1s se ha reducido ha sido en La Rioja (-33,7%), seguida de Lleida (-30,5%) y Teruel (-28,3%).<\/p>\n<p>&nbsp;<\/p>\n","protected":false},"excerpt":{"rendered":"<p>El 69,40 por ciento de los espa\u00f1oles considera que hay m\u00e1s inseguridad ahora que hace dos a\u00f1os, seg\u00fan se refleja en un reciente estudio elaborado por el instituto Sondea para Securitas Direct. De hecho, seg\u00fan el informe en Asturias han aumentado los robos en domicilios un 31 por ciento en el primer semestre. La central [&hellip;]<\/p>\n","protected":false},"author":1,"featured_media":906514,"comment_status":"closed","ping_status":"closed","sticky":false,"template":"","format":"standard","meta":{"footnotes":""},"categories":[5],"tags":[],"class_list":["post-906513","post","type-post","status-publish","format-standard","has-post-thumbnail","hentry","category-sucesos"],"aioseo_notices":[],"aioseo_head":"\n\t\t<!-- All in One SEO Pro 4.9.6.2 - aioseo.com -->\n\t<meta name=\"description\" content=\"El 69,40 por ciento de los espa\u00f1oles considera que hay m\u00e1s inseguridad ahora que hace dos a\u00f1os, seg\u00fan se refleja en un reciente estudio elaborado por el instituto Sondea para Securitas Direct. De hecho, seg\u00fan el informe en Asturias han aumentado los robos en domicilios un 31 por ciento en el primer semestre. La central\" \/>\n\t<meta name=\"robots\" content=\"max-image-preview:large\" \/>\n\t<meta name=\"author\" content=\"El Digital de Asturias\"\/>\n\t<meta name=\"google-site-verification\" content=\"UA-38556648-1\" \/>\n\t<meta name=\"msvalidate.01\" content=\"7dfe9f3f1b24437ab69f4f2559babe99\" \/>\n\t<meta name=\"keywords\" content=\"sucesos\" \/>\n\t<link rel=\"canonical\" href=\"https:\/\/www.eldigitaldeasturias.com\/noticias\/aumentan-los-robos-en-los-domicilios-asturianos-entre-enero-y-junio\/\" \/>\n\t<meta name=\"generator\" content=\"All in One SEO Pro (AIOSEO) 4.9.6.2\" \/>\n\t\t<meta property=\"og:locale\" content=\"es_ES\" \/>\n\t\t<meta property=\"og:site_name\" content=\"El Digital de Asturias\" \/>\n\t\t<meta property=\"og:type\" content=\"article\" \/>\n\t\t<meta property=\"og:title\" content=\"Aumentan los robos en los domicilios asturianos entre enero y junio - El Digital de Asturias\" \/>\n\t\t<meta property=\"og:description\" content=\"El 69,40 por ciento de los espa\u00f1oles considera que hay m\u00e1s inseguridad ahora que hace dos a\u00f1os, seg\u00fan se refleja en un reciente estudio elaborado por el instituto Sondea para Securitas Direct. De hecho, seg\u00fan el informe en Asturias han aumentado los robos en domicilios un 31 por ciento en el primer semestre. La central\" \/>\n\t\t<meta property=\"og:url\" content=\"https:\/\/www.eldigitaldeasturias.com\/noticias\/aumentan-los-robos-en-los-domicilios-asturianos-entre-enero-y-junio\/\" \/>\n\t\t<meta property=\"og:image\" content=\"https:\/\/www.eldigitaldeasturias.com\/noticias\/wp-content\/uploads\/2016\/09\/fotonoticia_20160908182529_800.jpg\" \/>\n\t\t<meta property=\"og:image:secure_url\" content=\"https:\/\/www.eldigitaldeasturias.com\/noticias\/wp-content\/uploads\/2016\/09\/fotonoticia_20160908182529_800.jpg\" \/>\n\t\t<meta property=\"og:image:width\" content=\"800\" \/>\n\t\t<meta property=\"og:image:height\" content=\"600\" \/>\n\t\t<meta property=\"article:tag\" content=\"sucesos\" \/>\n\t\t<meta property=\"article:published_time\" content=\"2016-09-08T20:24:23+00:00\" \/>\n\t\t<meta property=\"article:modified_time\" content=\"2016-09-08T20:24:23+00:00\" \/>\n\t\t<meta property=\"article:publisher\" content=\"https:\/\/facebook.com\/eldigitaldeasturias\" \/>\n\t\t<meta name=\"twitter:card\" content=\"summary_large_image\" \/>\n\t\t<meta name=\"twitter:title\" content=\"Aumentan los robos en los domicilios asturianos entre enero y junio - El Digital de Asturias\" \/>\n\t\t<meta name=\"twitter:description\" content=\"El 69,40 por ciento de los espa\u00f1oles considera que hay m\u00e1s inseguridad ahora que hace dos a\u00f1os, seg\u00fan se refleja en un reciente estudio elaborado por el instituto Sondea para Securitas Direct. De hecho, seg\u00fan el informe en Asturias han aumentado los robos en domicilios un 31 por ciento en el primer semestre. La central\" \/>\n\t\t<meta name=\"twitter:image\" content=\"https:\/\/www.eldigitaldeasturias.com\/noticias\/wp-content\/uploads\/2016\/09\/fotonoticia_20160908182529_800.jpg\" \/>\n\t\t<meta name=\"twitter:label1\" content=\"Escrito por\" \/>\n\t\t<meta name=\"twitter:data1\" content=\"El Digital de Asturias\" \/>\n\t\t<meta name=\"twitter:label2\" content=\"Tiempo de lectura estimado\" \/>\n\t\t<meta name=\"twitter:data2\" content=\"1 minuto\" \/>\n\t\t<script type=\"application\/ld+json\" class=\"aioseo-schema\">\n\t\t\t{\"@context\":\"https:\\\/\\\/schema.org\",\"@graph\":[{\"@type\":\"BlogPosting\",\"@id\":\"https:\\\/\\\/www.eldigitaldeasturias.com\\\/noticias\\\/aumentan-los-robos-en-los-domicilios-asturianos-entre-enero-y-junio\\\/#blogposting\",\"name\":\"Aumentan los robos en los domicilios asturianos entre enero y junio - El Digital de Asturias\",\"headline\":\"Aumentan los robos en los domicilios asturianos entre enero y junio\",\"author\":{\"@id\":\"https:\\\/\\\/www.eldigitaldeasturias.com\\\/noticias\\\/author\\\/admin\\\/#author\"},\"publisher\":{\"@id\":\"https:\\\/\\\/www.eldigitaldeasturias.com\\\/noticias\\\/#organization\"},\"image\":{\"@type\":\"ImageObject\",\"url\":\"https:\\\/\\\/www.eldigitaldeasturias.com\\\/noticias\\\/wp-content\\\/uploads\\\/2016\\\/09\\\/fotonoticia_20160908182529_800.jpg\",\"width\":800,\"height\":600},\"datePublished\":\"2016-09-08T21:24:23+02:00\",\"dateModified\":\"2016-09-08T21:24:23+02:00\",\"inLanguage\":\"es-ES\",\"mainEntityOfPage\":{\"@id\":\"https:\\\/\\\/www.eldigitaldeasturias.com\\\/noticias\\\/aumentan-los-robos-en-los-domicilios-asturianos-entre-enero-y-junio\\\/#webpage\"},\"isPartOf\":{\"@id\":\"https:\\\/\\\/www.eldigitaldeasturias.com\\\/noticias\\\/aumentan-los-robos-en-los-domicilios-asturianos-entre-enero-y-junio\\\/#webpage\"},\"articleSection\":\"Sucesos\"},{\"@type\":\"BreadcrumbList\",\"@id\":\"https:\\\/\\\/www.eldigitaldeasturias.com\\\/noticias\\\/aumentan-los-robos-en-los-domicilios-asturianos-entre-enero-y-junio\\\/#breadcrumblist\",\"itemListElement\":[{\"@type\":\"ListItem\",\"@id\":\"https:\\\/\\\/www.eldigitaldeasturias.com\\\/noticias#listItem\",\"position\":1,\"name\":\"Home\",\"item\":\"https:\\\/\\\/www.eldigitaldeasturias.com\\\/noticias\",\"nextItem\":{\"@type\":\"ListItem\",\"@id\":\"https:\\\/\\\/www.eldigitaldeasturias.com\\\/noticias\\\/category\\\/sucesos\\\/#listItem\",\"name\":\"Sucesos\"}},{\"@type\":\"ListItem\",\"@id\":\"https:\\\/\\\/www.eldigitaldeasturias.com\\\/noticias\\\/category\\\/sucesos\\\/#listItem\",\"position\":2,\"name\":\"Sucesos\",\"item\":\"https:\\\/\\\/www.eldigitaldeasturias.com\\\/noticias\\\/category\\\/sucesos\\\/\",\"nextItem\":{\"@type\":\"ListItem\",\"@id\":\"https:\\\/\\\/www.eldigitaldeasturias.com\\\/noticias\\\/aumentan-los-robos-en-los-domicilios-asturianos-entre-enero-y-junio\\\/#listItem\",\"name\":\"Aumentan los robos en los domicilios asturianos entre enero y junio\"},\"previousItem\":{\"@type\":\"ListItem\",\"@id\":\"https:\\\/\\\/www.eldigitaldeasturias.com\\\/noticias#listItem\",\"name\":\"Home\"}},{\"@type\":\"ListItem\",\"@id\":\"https:\\\/\\\/www.eldigitaldeasturias.com\\\/noticias\\\/aumentan-los-robos-en-los-domicilios-asturianos-entre-enero-y-junio\\\/#listItem\",\"position\":3,\"name\":\"Aumentan los robos en los domicilios asturianos entre enero y junio\",\"previousItem\":{\"@type\":\"ListItem\",\"@id\":\"https:\\\/\\\/www.eldigitaldeasturias.com\\\/noticias\\\/category\\\/sucesos\\\/#listItem\",\"name\":\"Sucesos\"}}]},{\"@type\":\"Organization\",\"@id\":\"https:\\\/\\\/www.eldigitaldeasturias.com\\\/noticias\\\/#organization\",\"name\":\"El Digital de Asturias\",\"description\":\"Hemeroteca\",\"url\":\"https:\\\/\\\/www.eldigitaldeasturias.com\\\/noticias\\\/\",\"email\":\"info@eldigitaldeasturias.com\",\"telephone\":\"+34652131393\",\"logo\":{\"@type\":\"ImageObject\",\"url\":\"https:\\\/\\\/www.eldigitaldeasturias.com\\\/noticias\\\/wp-content\\\/uploads\\\/2020\\\/12\\\/EDA.jpg\",\"@id\":\"https:\\\/\\\/www.eldigitaldeasturias.com\\\/noticias\\\/aumentan-los-robos-en-los-domicilios-asturianos-entre-enero-y-junio\\\/#organizationLogo\",\"width\":649,\"height\":297},\"image\":{\"@id\":\"https:\\\/\\\/www.eldigitaldeasturias.com\\\/noticias\\\/aumentan-los-robos-en-los-domicilios-asturianos-entre-enero-y-junio\\\/#organizationLogo\"},\"sameAs\":[\"https:\\\/\\\/facebook.com\\\/eldigitaldeasturias\",\"https:\\\/\\\/www.youtube.com\\\/channel\\\/UCZP-2wLEB9Rv6erhFmqVnvg\"],\"address\":{\"@id\":\"https:\\\/\\\/www.eldigitaldeasturias.com\\\/noticias\\\/#postaladdress\",\"@type\":\"PostalAddress\",\"streetAddress\":\"san antonio 4,\",\"postalCode\":\"33430\",\"addressLocality\":\"Cand\\u00e1s\",\"addressRegion\":\"Asturias\",\"addressCountry\":\"ES\"}},{\"@type\":\"Person\",\"@id\":\"https:\\\/\\\/www.eldigitaldeasturias.com\\\/noticias\\\/author\\\/admin\\\/#author\",\"url\":\"https:\\\/\\\/www.eldigitaldeasturias.com\\\/noticias\\\/author\\\/admin\\\/\",\"name\":\"El Digital de Asturias\",\"image\":{\"@type\":\"ImageObject\",\"@id\":\"https:\\\/\\\/www.eldigitaldeasturias.com\\\/noticias\\\/aumentan-los-robos-en-los-domicilios-asturianos-entre-enero-y-junio\\\/#authorImage\",\"url\":\"https:\\\/\\\/www.eldigitaldeasturias.com\\\/noticias\\\/wp-content\\\/litespeed\\\/avatar\\\/18677e78aa0546b92d9dbf31ec7d7668.jpg?ver=1776685526\",\"width\":96,\"height\":96,\"caption\":\"El Digital de Asturias\"}},{\"@type\":\"WebPage\",\"@id\":\"https:\\\/\\\/www.eldigitaldeasturias.com\\\/noticias\\\/aumentan-los-robos-en-los-domicilios-asturianos-entre-enero-y-junio\\\/#webpage\",\"url\":\"https:\\\/\\\/www.eldigitaldeasturias.com\\\/noticias\\\/aumentan-los-robos-en-los-domicilios-asturianos-entre-enero-y-junio\\\/\",\"name\":\"Aumentan los robos en los domicilios asturianos entre enero y junio - El Digital de Asturias\",\"description\":\"El 69,40 por ciento de los espa\\u00f1oles considera que hay m\\u00e1s inseguridad ahora que hace dos a\\u00f1os, seg\\u00fan se refleja en un reciente estudio elaborado por el instituto Sondea para Securitas Direct. De hecho, seg\\u00fan el informe en Asturias han aumentado los robos en domicilios un 31 por ciento en el primer semestre. La central\",\"inLanguage\":\"es-ES\",\"isPartOf\":{\"@id\":\"https:\\\/\\\/www.eldigitaldeasturias.com\\\/noticias\\\/#website\"},\"breadcrumb\":{\"@id\":\"https:\\\/\\\/www.eldigitaldeasturias.com\\\/noticias\\\/aumentan-los-robos-en-los-domicilios-asturianos-entre-enero-y-junio\\\/#breadcrumblist\"},\"author\":{\"@id\":\"https:\\\/\\\/www.eldigitaldeasturias.com\\\/noticias\\\/author\\\/admin\\\/#author\"},\"creator\":{\"@id\":\"https:\\\/\\\/www.eldigitaldeasturias.com\\\/noticias\\\/author\\\/admin\\\/#author\"},\"image\":{\"@type\":\"ImageObject\",\"url\":\"https:\\\/\\\/www.eldigitaldeasturias.com\\\/noticias\\\/wp-content\\\/uploads\\\/2016\\\/09\\\/fotonoticia_20160908182529_800.jpg\",\"@id\":\"https:\\\/\\\/www.eldigitaldeasturias.com\\\/noticias\\\/aumentan-los-robos-en-los-domicilios-asturianos-entre-enero-y-junio\\\/#mainImage\",\"width\":800,\"height\":600},\"primaryImageOfPage\":{\"@id\":\"https:\\\/\\\/www.eldigitaldeasturias.com\\\/noticias\\\/aumentan-los-robos-en-los-domicilios-asturianos-entre-enero-y-junio\\\/#mainImage\"},\"datePublished\":\"2016-09-08T21:24:23+02:00\",\"dateModified\":\"2016-09-08T21:24:23+02:00\"},{\"@type\":\"WebSite\",\"@id\":\"https:\\\/\\\/www.eldigitaldeasturias.com\\\/noticias\\\/#website\",\"url\":\"https:\\\/\\\/www.eldigitaldeasturias.com\\\/noticias\\\/\",\"name\":\"El Digital de Asturias - Diario de actualidad y noticias\",\"alternateName\":\"El Digital de Asturias - Diario de actualidad y noticias\",\"description\":\"Hemeroteca\",\"inLanguage\":\"es-ES\",\"publisher\":{\"@id\":\"https:\\\/\\\/www.eldigitaldeasturias.com\\\/noticias\\\/#organization\"}}]}\n\t\t<\/script>\n\t\t<!-- All in One SEO Pro -->\r\n\t\t<title>Aumentan los robos en los domicilios asturianos entre enero y junio - El Digital de Asturias<\/title>\n\n","aioseo_head_json":{"title":"Aumentan los robos en los domicilios asturianos entre enero y junio - El Digital de Asturias","description":"El 69,40 por ciento de los espa\u00f1oles considera que hay m\u00e1s inseguridad ahora que hace dos a\u00f1os, seg\u00fan se refleja en un reciente estudio elaborado por el instituto Sondea para Securitas Direct. De hecho, seg\u00fan el informe en Asturias han aumentado los robos en domicilios un 31 por ciento en el primer semestre. La central","canonical_url":"https:\/\/www.eldigitaldeasturias.com\/noticias\/aumentan-los-robos-en-los-domicilios-asturianos-entre-enero-y-junio\/","robots":"max-image-preview:large","keywords":"sucesos","webmasterTools":{"google-site-verification":"UA-38556648-1","msvalidate.01":"7dfe9f3f1b24437ab69f4f2559babe99","miscellaneous":""},"schema":{"@context":"https:\/\/schema.org","@graph":[{"@type":"BlogPosting","@id":"https:\/\/www.eldigitaldeasturias.com\/noticias\/aumentan-los-robos-en-los-domicilios-asturianos-entre-enero-y-junio\/#blogposting","name":"Aumentan los robos en los domicilios asturianos entre enero y junio - El Digital de Asturias","headline":"Aumentan los robos en los domicilios asturianos entre enero y junio","author":{"@id":"https:\/\/www.eldigitaldeasturias.com\/noticias\/author\/admin\/#author"},"publisher":{"@id":"https:\/\/www.eldigitaldeasturias.com\/noticias\/#organization"},"image":{"@type":"ImageObject","url":"https:\/\/www.eldigitaldeasturias.com\/noticias\/wp-content\/uploads\/2016\/09\/fotonoticia_20160908182529_800.jpg","width":800,"height":600},"datePublished":"2016-09-08T21:24:23+02:00","dateModified":"2016-09-08T21:24:23+02:00","inLanguage":"es-ES","mainEntityOfPage":{"@id":"https:\/\/www.eldigitaldeasturias.com\/noticias\/aumentan-los-robos-en-los-domicilios-asturianos-entre-enero-y-junio\/#webpage"},"isPartOf":{"@id":"https:\/\/www.eldigitaldeasturias.com\/noticias\/aumentan-los-robos-en-los-domicilios-asturianos-entre-enero-y-junio\/#webpage"},"articleSection":"Sucesos"},{"@type":"BreadcrumbList","@id":"https:\/\/www.eldigitaldeasturias.com\/noticias\/aumentan-los-robos-en-los-domicilios-asturianos-entre-enero-y-junio\/#breadcrumblist","itemListElement":[{"@type":"ListItem","@id":"https:\/\/www.eldigitaldeasturias.com\/noticias#listItem","position":1,"name":"Home","item":"https:\/\/www.eldigitaldeasturias.com\/noticias","nextItem":{"@type":"ListItem","@id":"https:\/\/www.eldigitaldeasturias.com\/noticias\/category\/sucesos\/#listItem","name":"Sucesos"}},{"@type":"ListItem","@id":"https:\/\/www.eldigitaldeasturias.com\/noticias\/category\/sucesos\/#listItem","position":2,"name":"Sucesos","item":"https:\/\/www.eldigitaldeasturias.com\/noticias\/category\/sucesos\/","nextItem":{"@type":"ListItem","@id":"https:\/\/www.eldigitaldeasturias.com\/noticias\/aumentan-los-robos-en-los-domicilios-asturianos-entre-enero-y-junio\/#listItem","name":"Aumentan los robos en los domicilios asturianos entre enero y junio"},"previousItem":{"@type":"ListItem","@id":"https:\/\/www.eldigitaldeasturias.com\/noticias#listItem","name":"Home"}},{"@type":"ListItem","@id":"https:\/\/www.eldigitaldeasturias.com\/noticias\/aumentan-los-robos-en-los-domicilios-asturianos-entre-enero-y-junio\/#listItem","position":3,"name":"Aumentan los robos en los domicilios asturianos entre enero y junio","previousItem":{"@type":"ListItem","@id":"https:\/\/www.eldigitaldeasturias.com\/noticias\/category\/sucesos\/#listItem","name":"Sucesos"}}]},{"@type":"Organization","@id":"https:\/\/www.eldigitaldeasturias.com\/noticias\/#organization","name":"El Digital de Asturias","description":"Hemeroteca","url":"https:\/\/www.eldigitaldeasturias.com\/noticias\/","email":"info@eldigitaldeasturias.com","telephone":"+34652131393","logo":{"@type":"ImageObject","url":"https:\/\/www.eldigitaldeasturias.com\/noticias\/wp-content\/uploads\/2020\/12\/EDA.jpg","@id":"https:\/\/www.eldigitaldeasturias.com\/noticias\/aumentan-los-robos-en-los-domicilios-asturianos-entre-enero-y-junio\/#organizationLogo","width":649,"height":297},"image":{"@id":"https:\/\/www.eldigitaldeasturias.com\/noticias\/aumentan-los-robos-en-los-domicilios-asturianos-entre-enero-y-junio\/#organizationLogo"},"sameAs":["https:\/\/facebook.com\/eldigitaldeasturias","https:\/\/www.youtube.com\/channel\/UCZP-2wLEB9Rv6erhFmqVnvg"],"address":{"@id":"https:\/\/www.eldigitaldeasturias.com\/noticias\/#postaladdress","@type":"PostalAddress","streetAddress":"san antonio 4,","postalCode":"33430","addressLocality":"Cand\u00e1s","addressRegion":"Asturias","addressCountry":"ES"}},{"@type":"Person","@id":"https:\/\/www.eldigitaldeasturias.com\/noticias\/author\/admin\/#author","url":"https:\/\/www.eldigitaldeasturias.com\/noticias\/author\/admin\/","name":"El Digital de Asturias","image":{"@type":"ImageObject","@id":"https:\/\/www.eldigitaldeasturias.com\/noticias\/aumentan-los-robos-en-los-domicilios-asturianos-entre-enero-y-junio\/#authorImage","url":"https:\/\/www.eldigitaldeasturias.com\/noticias\/wp-content\/litespeed\/avatar\/18677e78aa0546b92d9dbf31ec7d7668.jpg?ver=1776685526","width":96,"height":96,"caption":"El Digital de Asturias"}},{"@type":"WebPage","@id":"https:\/\/www.eldigitaldeasturias.com\/noticias\/aumentan-los-robos-en-los-domicilios-asturianos-entre-enero-y-junio\/#webpage","url":"https:\/\/www.eldigitaldeasturias.com\/noticias\/aumentan-los-robos-en-los-domicilios-asturianos-entre-enero-y-junio\/","name":"Aumentan los robos en los domicilios asturianos entre enero y junio - El Digital de Asturias","description":"El 69,40 por ciento de los espa\u00f1oles considera que hay m\u00e1s inseguridad ahora que hace dos a\u00f1os, seg\u00fan se refleja en un reciente estudio elaborado por el instituto Sondea para Securitas Direct. De hecho, seg\u00fan el informe en Asturias han aumentado los robos en domicilios un 31 por ciento en el primer semestre. La central","inLanguage":"es-ES","isPartOf":{"@id":"https:\/\/www.eldigitaldeasturias.com\/noticias\/#website"},"breadcrumb":{"@id":"https:\/\/www.eldigitaldeasturias.com\/noticias\/aumentan-los-robos-en-los-domicilios-asturianos-entre-enero-y-junio\/#breadcrumblist"},"author":{"@id":"https:\/\/www.eldigitaldeasturias.com\/noticias\/author\/admin\/#author"},"creator":{"@id":"https:\/\/www.eldigitaldeasturias.com\/noticias\/author\/admin\/#author"},"image":{"@type":"ImageObject","url":"https:\/\/www.eldigitaldeasturias.com\/noticias\/wp-content\/uploads\/2016\/09\/fotonoticia_20160908182529_800.jpg","@id":"https:\/\/www.eldigitaldeasturias.com\/noticias\/aumentan-los-robos-en-los-domicilios-asturianos-entre-enero-y-junio\/#mainImage","width":800,"height":600},"primaryImageOfPage":{"@id":"https:\/\/www.eldigitaldeasturias.com\/noticias\/aumentan-los-robos-en-los-domicilios-asturianos-entre-enero-y-junio\/#mainImage"},"datePublished":"2016-09-08T21:24:23+02:00","dateModified":"2016-09-08T21:24:23+02:00"},{"@type":"WebSite","@id":"https:\/\/www.eldigitaldeasturias.com\/noticias\/#website","url":"https:\/\/www.eldigitaldeasturias.com\/noticias\/","name":"El Digital de Asturias - Diario de actualidad y noticias","alternateName":"El Digital de Asturias - Diario de actualidad y noticias","description":"Hemeroteca","inLanguage":"es-ES","publisher":{"@id":"https:\/\/www.eldigitaldeasturias.com\/noticias\/#organization"}}]},"og:locale":"es_ES","og:site_name":"El Digital de Asturias","og:type":"article","og:title":"Aumentan los robos en los domicilios asturianos entre enero y junio - El Digital de Asturias","og:description":"El 69,40 por ciento de los espa\u00f1oles considera que hay m\u00e1s inseguridad ahora que hace dos a\u00f1os, seg\u00fan se refleja en un reciente estudio elaborado por el instituto Sondea para Securitas Direct. De hecho, seg\u00fan el informe en Asturias han aumentado los robos en domicilios un 31 por ciento en el primer semestre. La central","og:url":"https:\/\/www.eldigitaldeasturias.com\/noticias\/aumentan-los-robos-en-los-domicilios-asturianos-entre-enero-y-junio\/","og:image":"https:\/\/www.eldigitaldeasturias.com\/noticias\/wp-content\/uploads\/2016\/09\/fotonoticia_20160908182529_800.jpg","og:image:secure_url":"https:\/\/www.eldigitaldeasturias.com\/noticias\/wp-content\/uploads\/2016\/09\/fotonoticia_20160908182529_800.jpg","og:image:width":800,"og:image:height":600,"article:tag":["sucesos"],"article:published_time":"2016-09-08T20:24:23+00:00","article:modified_time":"2016-09-08T20:24:23+00:00","article:publisher":"https:\/\/facebook.com\/eldigitaldeasturias","twitter:card":"summary_large_image","twitter:title":"Aumentan los robos en los domicilios asturianos entre enero y junio - El Digital de Asturias","twitter:description":"El 69,40 por ciento de los espa\u00f1oles considera que hay m\u00e1s inseguridad ahora que hace dos a\u00f1os, seg\u00fan se refleja en un reciente estudio elaborado por el instituto Sondea para Securitas Direct. De hecho, seg\u00fan el informe en Asturias han aumentado los robos en domicilios un 31 por ciento en el primer semestre. La central","twitter:image":"https:\/\/www.eldigitaldeasturias.com\/noticias\/wp-content\/uploads\/2016\/09\/fotonoticia_20160908182529_800.jpg","twitter:label1":"Escrito por","twitter:data1":"El Digital de Asturias","twitter:label2":"Tiempo de lectura estimado","twitter:data2":"1 minuto"},"aioseo_meta_data":{"post_id":"906513","title":null,"description":null,"keywords":null,"keyphrases":null,"primary_term":null,"canonical_url":null,"og_title":null,"og_description":null,"og_object_type":"default","og_image_type":"default","og_image_url":null,"og_image_width":null,"og_image_height":null,"og_image_custom_url":null,"og_image_custom_fields":null,"og_video":null,"og_custom_url":null,"og_article_section":null,"og_article_tags":null,"twitter_use_og":false,"twitter_card":"default","twitter_image_type":"default","twitter_image_url":null,"twitter_image_custom_url":null,"twitter_image_custom_fields":null,"twitter_title":null,"twitter_description":null,"schema":{"blockGraphs":[],"customGraphs":[],"default":{"data":{"Article":[],"Course":[],"Dataset":[],"FAQPage":[],"Movie":[],"Person":[],"Product":[],"ProductReview":[],"Car":[],"Recipe":[],"Service":[],"SoftwareApplication":[],"WebPage":[]},"graphName":"","isEnabled":true},"graphs":[],"defaultGraph":"","defaultPostTypeGraph":""},"schema_type":null,"schema_type_options":null,"pillar_content":false,"robots_default":true,"robots_noindex":false,"robots_noarchive":false,"robots_nosnippet":false,"robots_nofollow":false,"robots_noimageindex":false,"robots_noodp":false,"robots_notranslate":false,"robots_max_snippet":null,"robots_max_videopreview":null,"robots_max_imagepreview":"large","priority":null,"frequency":null,"local_seo":null,"seo_analyzer_scan_date":"2025-11-30 09:17:10","breadcrumb_settings":null,"limit_modified_date":false,"open_ai":null,"ai":null,"created":"2020-12-21 14:01:33","updated":"2025-11-30 09:17:10"},"aioseo_breadcrumb":"<div class=\"aioseo-breadcrumbs\"><span class=\"aioseo-breadcrumb\">\n\t<a href=\"https:\/\/www.eldigitaldeasturias.com\/noticias\" title=\"Home\">Home<\/a>\n<\/span><span class=\"aioseo-breadcrumb-separator\">\u2013<\/span><span class=\"aioseo-breadcrumb\">\n\t<a href=\"https:\/\/www.eldigitaldeasturias.com\/noticias\/category\/sucesos\/\" title=\"Sucesos\">Sucesos<\/a>\n<\/span><span class=\"aioseo-breadcrumb-separator\">\u2013<\/span><span class=\"aioseo-breadcrumb\">\n\t<a href=\"https:\/\/www.eldigitaldeasturias.com\/noticias\/aumentan-los-robos-en-los-domicilios-asturianos-entre-enero-y-junio\/\" title=\"Aumentan los robos en los domicilios asturianos entre enero y junio\">Aumentan los robos en los domicilios asturianos entre enero y junio<\/a>\n<\/span><\/div>","aioseo_breadcrumb_json":[{"label":"Home","link":"https:\/\/www.eldigitaldeasturias.com\/noticias"},{"label":"Sucesos","link":"https:\/\/www.eldigitaldeasturias.com\/noticias\/category\/sucesos\/"},{"label":"Aumentan los robos en los domicilios asturianos entre enero y junio","link":"https:\/\/www.eldigitaldeasturias.com\/noticias\/aumentan-los-robos-en-los-domicilios-asturianos-entre-enero-y-junio\/"}],"_links":{"self":[{"href":"https:\/\/www.eldigitaldeasturias.com\/noticias\/wp-json\/wp\/v2\/posts\/906513","targetHints":{"allow":["GET"]}}],"collection":[{"href":"https:\/\/www.eldigitaldeasturias.com\/noticias\/wp-json\/wp\/v2\/posts"}],"about":[{"href":"https:\/\/www.eldigitaldeasturias.com\/noticias\/wp-json\/wp\/v2\/types\/post"}],"author":[{"embeddable":true,"href":"https:\/\/www.eldigitaldeasturias.com\/noticias\/wp-json\/wp\/v2\/users\/1"}],"replies":[{"embeddable":true,"href":"https:\/\/www.eldigitaldeasturias.com\/noticias\/wp-json\/wp\/v2\/comments?post=906513"}],"version-history":[{"count":0,"href":"https:\/\/www.eldigitaldeasturias.com\/noticias\/wp-json\/wp\/v2\/posts\/906513\/revisions"}],"wp:featuredmedia":[{"embeddable":true,"href":"https:\/\/www.eldigitaldeasturias.com\/noticias\/wp-json\/wp\/v2\/media\/906514"}],"wp:attachment":[{"href":"https:\/\/www.eldigitaldeasturias.com\/noticias\/wp-json\/wp\/v2\/media?parent=906513"}],"wp:term":[{"taxonomy":"category","embeddable":true,"href":"https:\/\/www.eldigitaldeasturias.com\/noticias\/wp-json\/wp\/v2\/categories?post=906513"},{"taxonomy":"post_tag","embeddable":true,"href":"https:\/\/www.eldigitaldeasturias.com\/noticias\/wp-json\/wp\/v2\/tags?post=906513"}],"curies":[{"name":"wp","href":"https:\/\/api.w.org\/{rel}","templated":true}]}}