{"id":906508,"date":"2016-09-08T21:16:29","date_gmt":"2016-09-08T20:16:29","guid":{"rendered":"http:\/\/www.eldigitaldeasturias.com\/noticias\/?p=906508"},"modified":"2016-09-08T21:16:29","modified_gmt":"2016-09-08T20:16:29","slug":"nicanor-garcia-pide-en-taramundi-medidas-efectivas-para-el-medio-rural","status":"publish","type":"post","link":"https:\/\/www.eldigitaldeasturias.com\/noticias\/nicanor-garcia-pide-en-taramundi-medidas-efectivas-para-el-medio-rural\/","title":{"rendered":"Nicanor Garc\u00eda pide en Taramundi medidas efectivas para el medio rural"},"content":{"rendered":"<p><img loading=\"lazy\" decoding=\"async\" class=\"alignleft size-medium wp-image-906509\" src=\"https:\/\/www.eldigitaldeasturias.com\/noticias\/wp-content\/uploads\/2016\/09\/fotonoticia_20160908172959_800-360x167.jpg\" alt=\"fotonoticia_20160908172959_800\" width=\"360\" height=\"167\" srcset=\"https:\/\/www.eldigitaldeasturias.com\/noticias\/wp-content\/uploads\/2016\/09\/fotonoticia_20160908172959_800-360x167.jpg 360w, https:\/\/www.eldigitaldeasturias.com\/noticias\/wp-content\/uploads\/2016\/09\/fotonoticia_20160908172959_800-768x355.jpg 768w, https:\/\/www.eldigitaldeasturias.com\/noticias\/wp-content\/uploads\/2016\/09\/fotonoticia_20160908172959_800-650x301.jpg 650w, https:\/\/www.eldigitaldeasturias.com\/noticias\/wp-content\/uploads\/2016\/09\/fotonoticia_20160908172959_800.jpg 800w\" sizes=\"auto, (max-width: 360px) 100vw, 360px\" \/>El portavoz de Ciudadanos Asturias, Nicanor Garc\u00eda, ha reclamado este jueves en Taramundi medidas \u00abefectivas\u00bb que sirvan para combatir el envejecimiento de la poblaci\u00f3n asturiana y que posibiliten el retorno de los j\u00f3venes al medio rural.<\/p>\n<p>Garc\u00eda ha acudido a Taramundi con motivo de los actos organizados all\u00ed por el D\u00eda de Asturias. All\u00ed, ha pedido al Gobierno asturiano que tome \u00abmedidas efectivas\u00bb para contribuir a que las personas que viven en el entorno rural \u00abpuedan hacerlo en igualdad de condiciones al resto de territorios de Asturias\u00bb.<\/p>\n<p>Seg\u00fan explica en una nota de prensa remitida a los medios, para Ciudadanos las pol\u00edticas del mundo rural asturiano son una \u00abprioridad\u00bb. \u00abPedimos al Gobierno del Principado que tome medidas efectivas para el medio rural que pasan por dos ejes: sacar las convocatorias de ayudas como las de la PAC en tiempo y forma y dotar a la zona rural de infraestructuras b\u00e1sicas como son comunicaciones, acceso a internet y saneamiento para que puedan vivir en igualdad de condiciones a las de otros territorios\u00bb, ha asegurado.<\/p>\n<p>&nbsp;<\/p>\n","protected":false},"excerpt":{"rendered":"<p>El portavoz de Ciudadanos Asturias, Nicanor Garc\u00eda, ha reclamado este jueves en Taramundi medidas \u00abefectivas\u00bb que sirvan para combatir el envejecimiento de la poblaci\u00f3n asturiana y que posibiliten el retorno de los j\u00f3venes al medio rural. Garc\u00eda ha acudido a Taramundi con motivo de los actos organizados all\u00ed por el D\u00eda de Asturias. All\u00ed, ha [&hellip;]<\/p>\n","protected":false},"author":1,"featured_media":906509,"comment_status":"closed","ping_status":"closed","sticky":false,"template":"","format":"standard","meta":{"footnotes":""},"categories":[12],"tags":[],"class_list":["post-906508","post","type-post","status-publish","format-standard","has-post-thumbnail","hentry","category-actualidad-asturias"],"aioseo_notices":[],"aioseo_head":"\n\t\t<!-- All in One SEO Pro 4.9.6.2 - aioseo.com -->\n\t<meta name=\"description\" content=\"El portavoz de Ciudadanos Asturias, Nicanor Garc\u00eda, ha reclamado este jueves en Taramundi medidas &quot;efectivas&quot; que sirvan para combatir el envejecimiento de la poblaci\u00f3n asturiana y que posibiliten el retorno de los j\u00f3venes al medio rural. Garc\u00eda ha acudido a Taramundi con motivo de los actos organizados all\u00ed por el D\u00eda de Asturias. All\u00ed, ha\" \/>\n\t<meta name=\"robots\" content=\"max-image-preview:large\" \/>\n\t<meta name=\"author\" content=\"El Digital de Asturias\"\/>\n\t<meta name=\"google-site-verification\" content=\"UA-38556648-1\" \/>\n\t<meta name=\"msvalidate.01\" content=\"7dfe9f3f1b24437ab69f4f2559babe99\" \/>\n\t<meta name=\"keywords\" content=\"actualidad asturias\" \/>\n\t<link rel=\"canonical\" href=\"https:\/\/www.eldigitaldeasturias.com\/noticias\/nicanor-garcia-pide-en-taramundi-medidas-efectivas-para-el-medio-rural\/\" \/>\n\t<meta name=\"generator\" content=\"All in One SEO Pro (AIOSEO) 4.9.6.2\" \/>\n\t\t<meta property=\"og:locale\" content=\"es_ES\" \/>\n\t\t<meta property=\"og:site_name\" content=\"El Digital de Asturias\" \/>\n\t\t<meta property=\"og:type\" content=\"article\" \/>\n\t\t<meta property=\"og:title\" content=\"Nicanor Garc\u00eda pide en Taramundi medidas efectivas para el medio rural - El Digital de Asturias\" \/>\n\t\t<meta property=\"og:description\" content=\"El portavoz de Ciudadanos Asturias, Nicanor Garc\u00eda, ha reclamado este jueves en Taramundi medidas &quot;efectivas&quot; que sirvan para combatir el envejecimiento de la poblaci\u00f3n asturiana y que posibiliten el retorno de los j\u00f3venes al medio rural. Garc\u00eda ha acudido a Taramundi con motivo de los actos organizados all\u00ed por el D\u00eda de Asturias. All\u00ed, ha\" \/>\n\t\t<meta property=\"og:url\" content=\"https:\/\/www.eldigitaldeasturias.com\/noticias\/nicanor-garcia-pide-en-taramundi-medidas-efectivas-para-el-medio-rural\/\" \/>\n\t\t<meta property=\"og:image\" content=\"https:\/\/www.eldigitaldeasturias.com\/noticias\/wp-content\/uploads\/2016\/09\/fotonoticia_20160908172959_800.jpg\" \/>\n\t\t<meta property=\"og:image:secure_url\" content=\"https:\/\/www.eldigitaldeasturias.com\/noticias\/wp-content\/uploads\/2016\/09\/fotonoticia_20160908172959_800.jpg\" \/>\n\t\t<meta property=\"og:image:width\" content=\"800\" \/>\n\t\t<meta property=\"og:image:height\" content=\"370\" \/>\n\t\t<meta property=\"article:tag\" content=\"actualidad asturias\" \/>\n\t\t<meta property=\"article:published_time\" content=\"2016-09-08T20:16:29+00:00\" \/>\n\t\t<meta property=\"article:modified_time\" content=\"2016-09-08T20:16:29+00:00\" \/>\n\t\t<meta property=\"article:publisher\" content=\"https:\/\/facebook.com\/eldigitaldeasturias\" \/>\n\t\t<meta name=\"twitter:card\" content=\"summary_large_image\" \/>\n\t\t<meta name=\"twitter:title\" content=\"Nicanor Garc\u00eda pide en Taramundi medidas efectivas para el medio rural - El Digital de Asturias\" \/>\n\t\t<meta name=\"twitter:description\" content=\"El portavoz de Ciudadanos Asturias, Nicanor Garc\u00eda, ha reclamado este jueves en Taramundi medidas &quot;efectivas&quot; que sirvan para combatir el envejecimiento de la poblaci\u00f3n asturiana y que posibiliten el retorno de los j\u00f3venes al medio rural. Garc\u00eda ha acudido a Taramundi con motivo de los actos organizados all\u00ed por el D\u00eda de Asturias. All\u00ed, ha\" \/>\n\t\t<meta name=\"twitter:image\" content=\"https:\/\/www.eldigitaldeasturias.com\/noticias\/wp-content\/uploads\/2016\/09\/fotonoticia_20160908172959_800.jpg\" \/>\n\t\t<meta name=\"twitter:label1\" content=\"Escrito por\" \/>\n\t\t<meta name=\"twitter:data1\" content=\"El Digital de Asturias\" \/>\n\t\t<meta name=\"twitter:label2\" content=\"Tiempo de lectura estimado\" \/>\n\t\t<meta name=\"twitter:data2\" content=\"1 minuto\" \/>\n\t\t<script type=\"application\/ld+json\" class=\"aioseo-schema\">\n\t\t\t{\"@context\":\"https:\\\/\\\/schema.org\",\"@graph\":[{\"@type\":\"BlogPosting\",\"@id\":\"https:\\\/\\\/www.eldigitaldeasturias.com\\\/noticias\\\/nicanor-garcia-pide-en-taramundi-medidas-efectivas-para-el-medio-rural\\\/#blogposting\",\"name\":\"Nicanor Garc\\u00eda pide en Taramundi medidas efectivas para el medio rural - El Digital de Asturias\",\"headline\":\"Nicanor Garc\\u00eda pide en Taramundi medidas efectivas para el medio rural\",\"author\":{\"@id\":\"https:\\\/\\\/www.eldigitaldeasturias.com\\\/noticias\\\/author\\\/admin\\\/#author\"},\"publisher\":{\"@id\":\"https:\\\/\\\/www.eldigitaldeasturias.com\\\/noticias\\\/#organization\"},\"image\":{\"@type\":\"ImageObject\",\"url\":\"https:\\\/\\\/www.eldigitaldeasturias.com\\\/noticias\\\/wp-content\\\/uploads\\\/2016\\\/09\\\/fotonoticia_20160908172959_800.jpg\",\"width\":800,\"height\":370},\"datePublished\":\"2016-09-08T21:16:29+02:00\",\"dateModified\":\"2016-09-08T21:16:29+02:00\",\"inLanguage\":\"es-ES\",\"mainEntityOfPage\":{\"@id\":\"https:\\\/\\\/www.eldigitaldeasturias.com\\\/noticias\\\/nicanor-garcia-pide-en-taramundi-medidas-efectivas-para-el-medio-rural\\\/#webpage\"},\"isPartOf\":{\"@id\":\"https:\\\/\\\/www.eldigitaldeasturias.com\\\/noticias\\\/nicanor-garcia-pide-en-taramundi-medidas-efectivas-para-el-medio-rural\\\/#webpage\"},\"articleSection\":\"Actualidad Asturias\"},{\"@type\":\"BreadcrumbList\",\"@id\":\"https:\\\/\\\/www.eldigitaldeasturias.com\\\/noticias\\\/nicanor-garcia-pide-en-taramundi-medidas-efectivas-para-el-medio-rural\\\/#breadcrumblist\",\"itemListElement\":[{\"@type\":\"ListItem\",\"@id\":\"https:\\\/\\\/www.eldigitaldeasturias.com\\\/noticias#listItem\",\"position\":1,\"name\":\"Home\",\"item\":\"https:\\\/\\\/www.eldigitaldeasturias.com\\\/noticias\",\"nextItem\":{\"@type\":\"ListItem\",\"@id\":\"https:\\\/\\\/www.eldigitaldeasturias.com\\\/noticias\\\/category\\\/actualidad-asturias\\\/#listItem\",\"name\":\"Actualidad Asturias\"}},{\"@type\":\"ListItem\",\"@id\":\"https:\\\/\\\/www.eldigitaldeasturias.com\\\/noticias\\\/category\\\/actualidad-asturias\\\/#listItem\",\"position\":2,\"name\":\"Actualidad Asturias\",\"item\":\"https:\\\/\\\/www.eldigitaldeasturias.com\\\/noticias\\\/category\\\/actualidad-asturias\\\/\",\"nextItem\":{\"@type\":\"ListItem\",\"@id\":\"https:\\\/\\\/www.eldigitaldeasturias.com\\\/noticias\\\/nicanor-garcia-pide-en-taramundi-medidas-efectivas-para-el-medio-rural\\\/#listItem\",\"name\":\"Nicanor Garc\\u00eda pide en Taramundi medidas efectivas para el medio rural\"},\"previousItem\":{\"@type\":\"ListItem\",\"@id\":\"https:\\\/\\\/www.eldigitaldeasturias.com\\\/noticias#listItem\",\"name\":\"Home\"}},{\"@type\":\"ListItem\",\"@id\":\"https:\\\/\\\/www.eldigitaldeasturias.com\\\/noticias\\\/nicanor-garcia-pide-en-taramundi-medidas-efectivas-para-el-medio-rural\\\/#listItem\",\"position\":3,\"name\":\"Nicanor Garc\\u00eda pide en Taramundi medidas efectivas para el medio rural\",\"previousItem\":{\"@type\":\"ListItem\",\"@id\":\"https:\\\/\\\/www.eldigitaldeasturias.com\\\/noticias\\\/category\\\/actualidad-asturias\\\/#listItem\",\"name\":\"Actualidad Asturias\"}}]},{\"@type\":\"Organization\",\"@id\":\"https:\\\/\\\/www.eldigitaldeasturias.com\\\/noticias\\\/#organization\",\"name\":\"El Digital de Asturias\",\"description\":\"Hemeroteca\",\"url\":\"https:\\\/\\\/www.eldigitaldeasturias.com\\\/noticias\\\/\",\"email\":\"info@eldigitaldeasturias.com\",\"telephone\":\"+34652131393\",\"logo\":{\"@type\":\"ImageObject\",\"url\":\"https:\\\/\\\/www.eldigitaldeasturias.com\\\/noticias\\\/wp-content\\\/uploads\\\/2020\\\/12\\\/EDA.jpg\",\"@id\":\"https:\\\/\\\/www.eldigitaldeasturias.com\\\/noticias\\\/nicanor-garcia-pide-en-taramundi-medidas-efectivas-para-el-medio-rural\\\/#organizationLogo\",\"width\":649,\"height\":297},\"image\":{\"@id\":\"https:\\\/\\\/www.eldigitaldeasturias.com\\\/noticias\\\/nicanor-garcia-pide-en-taramundi-medidas-efectivas-para-el-medio-rural\\\/#organizationLogo\"},\"sameAs\":[\"https:\\\/\\\/facebook.com\\\/eldigitaldeasturias\",\"https:\\\/\\\/www.youtube.com\\\/channel\\\/UCZP-2wLEB9Rv6erhFmqVnvg\"],\"address\":{\"@id\":\"https:\\\/\\\/www.eldigitaldeasturias.com\\\/noticias\\\/#postaladdress\",\"@type\":\"PostalAddress\",\"streetAddress\":\"san antonio 4,\",\"postalCode\":\"33430\",\"addressLocality\":\"Cand\\u00e1s\",\"addressRegion\":\"Asturias\",\"addressCountry\":\"ES\"}},{\"@type\":\"Person\",\"@id\":\"https:\\\/\\\/www.eldigitaldeasturias.com\\\/noticias\\\/author\\\/admin\\\/#author\",\"url\":\"https:\\\/\\\/www.eldigitaldeasturias.com\\\/noticias\\\/author\\\/admin\\\/\",\"name\":\"El Digital de Asturias\",\"image\":{\"@type\":\"ImageObject\",\"@id\":\"https:\\\/\\\/www.eldigitaldeasturias.com\\\/noticias\\\/nicanor-garcia-pide-en-taramundi-medidas-efectivas-para-el-medio-rural\\\/#authorImage\",\"url\":\"https:\\\/\\\/www.eldigitaldeasturias.com\\\/noticias\\\/wp-content\\\/litespeed\\\/avatar\\\/18677e78aa0546b92d9dbf31ec7d7668.jpg?ver=1776685526\",\"width\":96,\"height\":96,\"caption\":\"El Digital de Asturias\"}},{\"@type\":\"WebPage\",\"@id\":\"https:\\\/\\\/www.eldigitaldeasturias.com\\\/noticias\\\/nicanor-garcia-pide-en-taramundi-medidas-efectivas-para-el-medio-rural\\\/#webpage\",\"url\":\"https:\\\/\\\/www.eldigitaldeasturias.com\\\/noticias\\\/nicanor-garcia-pide-en-taramundi-medidas-efectivas-para-el-medio-rural\\\/\",\"name\":\"Nicanor Garc\\u00eda pide en Taramundi medidas efectivas para el medio rural - El Digital de Asturias\",\"description\":\"El portavoz de Ciudadanos Asturias, Nicanor Garc\\u00eda, ha reclamado este jueves en Taramundi medidas \\\"efectivas\\\" que sirvan para combatir el envejecimiento de la poblaci\\u00f3n asturiana y que posibiliten el retorno de los j\\u00f3venes al medio rural. Garc\\u00eda ha acudido a Taramundi con motivo de los actos organizados all\\u00ed por el D\\u00eda de Asturias. All\\u00ed, ha\",\"inLanguage\":\"es-ES\",\"isPartOf\":{\"@id\":\"https:\\\/\\\/www.eldigitaldeasturias.com\\\/noticias\\\/#website\"},\"breadcrumb\":{\"@id\":\"https:\\\/\\\/www.eldigitaldeasturias.com\\\/noticias\\\/nicanor-garcia-pide-en-taramundi-medidas-efectivas-para-el-medio-rural\\\/#breadcrumblist\"},\"author\":{\"@id\":\"https:\\\/\\\/www.eldigitaldeasturias.com\\\/noticias\\\/author\\\/admin\\\/#author\"},\"creator\":{\"@id\":\"https:\\\/\\\/www.eldigitaldeasturias.com\\\/noticias\\\/author\\\/admin\\\/#author\"},\"image\":{\"@type\":\"ImageObject\",\"url\":\"https:\\\/\\\/www.eldigitaldeasturias.com\\\/noticias\\\/wp-content\\\/uploads\\\/2016\\\/09\\\/fotonoticia_20160908172959_800.jpg\",\"@id\":\"https:\\\/\\\/www.eldigitaldeasturias.com\\\/noticias\\\/nicanor-garcia-pide-en-taramundi-medidas-efectivas-para-el-medio-rural\\\/#mainImage\",\"width\":800,\"height\":370},\"primaryImageOfPage\":{\"@id\":\"https:\\\/\\\/www.eldigitaldeasturias.com\\\/noticias\\\/nicanor-garcia-pide-en-taramundi-medidas-efectivas-para-el-medio-rural\\\/#mainImage\"},\"datePublished\":\"2016-09-08T21:16:29+02:00\",\"dateModified\":\"2016-09-08T21:16:29+02:00\"},{\"@type\":\"WebSite\",\"@id\":\"https:\\\/\\\/www.eldigitaldeasturias.com\\\/noticias\\\/#website\",\"url\":\"https:\\\/\\\/www.eldigitaldeasturias.com\\\/noticias\\\/\",\"name\":\"El Digital de Asturias - Diario de actualidad y noticias\",\"alternateName\":\"El Digital de Asturias - Diario de actualidad y noticias\",\"description\":\"Hemeroteca\",\"inLanguage\":\"es-ES\",\"publisher\":{\"@id\":\"https:\\\/\\\/www.eldigitaldeasturias.com\\\/noticias\\\/#organization\"}}]}\n\t\t<\/script>\n\t\t<!-- All in One SEO Pro -->\r\n\t\t<title>Nicanor Garc\u00eda pide en Taramundi medidas efectivas para el medio rural - El Digital de Asturias<\/title>\n\n","aioseo_head_json":{"title":"Nicanor Garc\u00eda pide en Taramundi medidas efectivas para el medio rural - El Digital de Asturias","description":"El portavoz de Ciudadanos Asturias, Nicanor Garc\u00eda, ha reclamado este jueves en Taramundi medidas \"efectivas\" que sirvan para combatir el envejecimiento de la poblaci\u00f3n asturiana y que posibiliten el retorno de los j\u00f3venes al medio rural. Garc\u00eda ha acudido a Taramundi con motivo de los actos organizados all\u00ed por el D\u00eda de Asturias. All\u00ed, ha","canonical_url":"https:\/\/www.eldigitaldeasturias.com\/noticias\/nicanor-garcia-pide-en-taramundi-medidas-efectivas-para-el-medio-rural\/","robots":"max-image-preview:large","keywords":"actualidad asturias","webmasterTools":{"google-site-verification":"UA-38556648-1","msvalidate.01":"7dfe9f3f1b24437ab69f4f2559babe99","miscellaneous":""},"schema":{"@context":"https:\/\/schema.org","@graph":[{"@type":"BlogPosting","@id":"https:\/\/www.eldigitaldeasturias.com\/noticias\/nicanor-garcia-pide-en-taramundi-medidas-efectivas-para-el-medio-rural\/#blogposting","name":"Nicanor Garc\u00eda pide en Taramundi medidas efectivas para el medio rural - El Digital de Asturias","headline":"Nicanor Garc\u00eda pide en Taramundi medidas efectivas para el medio rural","author":{"@id":"https:\/\/www.eldigitaldeasturias.com\/noticias\/author\/admin\/#author"},"publisher":{"@id":"https:\/\/www.eldigitaldeasturias.com\/noticias\/#organization"},"image":{"@type":"ImageObject","url":"https:\/\/www.eldigitaldeasturias.com\/noticias\/wp-content\/uploads\/2016\/09\/fotonoticia_20160908172959_800.jpg","width":800,"height":370},"datePublished":"2016-09-08T21:16:29+02:00","dateModified":"2016-09-08T21:16:29+02:00","inLanguage":"es-ES","mainEntityOfPage":{"@id":"https:\/\/www.eldigitaldeasturias.com\/noticias\/nicanor-garcia-pide-en-taramundi-medidas-efectivas-para-el-medio-rural\/#webpage"},"isPartOf":{"@id":"https:\/\/www.eldigitaldeasturias.com\/noticias\/nicanor-garcia-pide-en-taramundi-medidas-efectivas-para-el-medio-rural\/#webpage"},"articleSection":"Actualidad Asturias"},{"@type":"BreadcrumbList","@id":"https:\/\/www.eldigitaldeasturias.com\/noticias\/nicanor-garcia-pide-en-taramundi-medidas-efectivas-para-el-medio-rural\/#breadcrumblist","itemListElement":[{"@type":"ListItem","@id":"https:\/\/www.eldigitaldeasturias.com\/noticias#listItem","position":1,"name":"Home","item":"https:\/\/www.eldigitaldeasturias.com\/noticias","nextItem":{"@type":"ListItem","@id":"https:\/\/www.eldigitaldeasturias.com\/noticias\/category\/actualidad-asturias\/#listItem","name":"Actualidad Asturias"}},{"@type":"ListItem","@id":"https:\/\/www.eldigitaldeasturias.com\/noticias\/category\/actualidad-asturias\/#listItem","position":2,"name":"Actualidad Asturias","item":"https:\/\/www.eldigitaldeasturias.com\/noticias\/category\/actualidad-asturias\/","nextItem":{"@type":"ListItem","@id":"https:\/\/www.eldigitaldeasturias.com\/noticias\/nicanor-garcia-pide-en-taramundi-medidas-efectivas-para-el-medio-rural\/#listItem","name":"Nicanor Garc\u00eda pide en Taramundi medidas efectivas para el medio rural"},"previousItem":{"@type":"ListItem","@id":"https:\/\/www.eldigitaldeasturias.com\/noticias#listItem","name":"Home"}},{"@type":"ListItem","@id":"https:\/\/www.eldigitaldeasturias.com\/noticias\/nicanor-garcia-pide-en-taramundi-medidas-efectivas-para-el-medio-rural\/#listItem","position":3,"name":"Nicanor Garc\u00eda pide en Taramundi medidas efectivas para el medio rural","previousItem":{"@type":"ListItem","@id":"https:\/\/www.eldigitaldeasturias.com\/noticias\/category\/actualidad-asturias\/#listItem","name":"Actualidad Asturias"}}]},{"@type":"Organization","@id":"https:\/\/www.eldigitaldeasturias.com\/noticias\/#organization","name":"El Digital de Asturias","description":"Hemeroteca","url":"https:\/\/www.eldigitaldeasturias.com\/noticias\/","email":"info@eldigitaldeasturias.com","telephone":"+34652131393","logo":{"@type":"ImageObject","url":"https:\/\/www.eldigitaldeasturias.com\/noticias\/wp-content\/uploads\/2020\/12\/EDA.jpg","@id":"https:\/\/www.eldigitaldeasturias.com\/noticias\/nicanor-garcia-pide-en-taramundi-medidas-efectivas-para-el-medio-rural\/#organizationLogo","width":649,"height":297},"image":{"@id":"https:\/\/www.eldigitaldeasturias.com\/noticias\/nicanor-garcia-pide-en-taramundi-medidas-efectivas-para-el-medio-rural\/#organizationLogo"},"sameAs":["https:\/\/facebook.com\/eldigitaldeasturias","https:\/\/www.youtube.com\/channel\/UCZP-2wLEB9Rv6erhFmqVnvg"],"address":{"@id":"https:\/\/www.eldigitaldeasturias.com\/noticias\/#postaladdress","@type":"PostalAddress","streetAddress":"san antonio 4,","postalCode":"33430","addressLocality":"Cand\u00e1s","addressRegion":"Asturias","addressCountry":"ES"}},{"@type":"Person","@id":"https:\/\/www.eldigitaldeasturias.com\/noticias\/author\/admin\/#author","url":"https:\/\/www.eldigitaldeasturias.com\/noticias\/author\/admin\/","name":"El Digital de Asturias","image":{"@type":"ImageObject","@id":"https:\/\/www.eldigitaldeasturias.com\/noticias\/nicanor-garcia-pide-en-taramundi-medidas-efectivas-para-el-medio-rural\/#authorImage","url":"https:\/\/www.eldigitaldeasturias.com\/noticias\/wp-content\/litespeed\/avatar\/18677e78aa0546b92d9dbf31ec7d7668.jpg?ver=1776685526","width":96,"height":96,"caption":"El Digital de Asturias"}},{"@type":"WebPage","@id":"https:\/\/www.eldigitaldeasturias.com\/noticias\/nicanor-garcia-pide-en-taramundi-medidas-efectivas-para-el-medio-rural\/#webpage","url":"https:\/\/www.eldigitaldeasturias.com\/noticias\/nicanor-garcia-pide-en-taramundi-medidas-efectivas-para-el-medio-rural\/","name":"Nicanor Garc\u00eda pide en Taramundi medidas efectivas para el medio rural - El Digital de Asturias","description":"El portavoz de Ciudadanos Asturias, Nicanor Garc\u00eda, ha reclamado este jueves en Taramundi medidas \"efectivas\" que sirvan para combatir el envejecimiento de la poblaci\u00f3n asturiana y que posibiliten el retorno de los j\u00f3venes al medio rural. Garc\u00eda ha acudido a Taramundi con motivo de los actos organizados all\u00ed por el D\u00eda de Asturias. All\u00ed, ha","inLanguage":"es-ES","isPartOf":{"@id":"https:\/\/www.eldigitaldeasturias.com\/noticias\/#website"},"breadcrumb":{"@id":"https:\/\/www.eldigitaldeasturias.com\/noticias\/nicanor-garcia-pide-en-taramundi-medidas-efectivas-para-el-medio-rural\/#breadcrumblist"},"author":{"@id":"https:\/\/www.eldigitaldeasturias.com\/noticias\/author\/admin\/#author"},"creator":{"@id":"https:\/\/www.eldigitaldeasturias.com\/noticias\/author\/admin\/#author"},"image":{"@type":"ImageObject","url":"https:\/\/www.eldigitaldeasturias.com\/noticias\/wp-content\/uploads\/2016\/09\/fotonoticia_20160908172959_800.jpg","@id":"https:\/\/www.eldigitaldeasturias.com\/noticias\/nicanor-garcia-pide-en-taramundi-medidas-efectivas-para-el-medio-rural\/#mainImage","width":800,"height":370},"primaryImageOfPage":{"@id":"https:\/\/www.eldigitaldeasturias.com\/noticias\/nicanor-garcia-pide-en-taramundi-medidas-efectivas-para-el-medio-rural\/#mainImage"},"datePublished":"2016-09-08T21:16:29+02:00","dateModified":"2016-09-08T21:16:29+02:00"},{"@type":"WebSite","@id":"https:\/\/www.eldigitaldeasturias.com\/noticias\/#website","url":"https:\/\/www.eldigitaldeasturias.com\/noticias\/","name":"El Digital de Asturias - Diario de actualidad y noticias","alternateName":"El Digital de Asturias - Diario de actualidad y noticias","description":"Hemeroteca","inLanguage":"es-ES","publisher":{"@id":"https:\/\/www.eldigitaldeasturias.com\/noticias\/#organization"}}]},"og:locale":"es_ES","og:site_name":"El Digital de Asturias","og:type":"article","og:title":"Nicanor Garc\u00eda pide en Taramundi medidas efectivas para el medio rural - El Digital de Asturias","og:description":"El portavoz de Ciudadanos Asturias, Nicanor Garc\u00eda, ha reclamado este jueves en Taramundi medidas &quot;efectivas&quot; que sirvan para combatir el envejecimiento de la poblaci\u00f3n asturiana y que posibiliten el retorno de los j\u00f3venes al medio rural. Garc\u00eda ha acudido a Taramundi con motivo de los actos organizados all\u00ed por el D\u00eda de Asturias. All\u00ed, ha","og:url":"https:\/\/www.eldigitaldeasturias.com\/noticias\/nicanor-garcia-pide-en-taramundi-medidas-efectivas-para-el-medio-rural\/","og:image":"https:\/\/www.eldigitaldeasturias.com\/noticias\/wp-content\/uploads\/2016\/09\/fotonoticia_20160908172959_800.jpg","og:image:secure_url":"https:\/\/www.eldigitaldeasturias.com\/noticias\/wp-content\/uploads\/2016\/09\/fotonoticia_20160908172959_800.jpg","og:image:width":800,"og:image:height":370,"article:tag":["actualidad asturias"],"article:published_time":"2016-09-08T20:16:29+00:00","article:modified_time":"2016-09-08T20:16:29+00:00","article:publisher":"https:\/\/facebook.com\/eldigitaldeasturias","twitter:card":"summary_large_image","twitter:title":"Nicanor Garc\u00eda pide en Taramundi medidas efectivas para el medio rural - El Digital de Asturias","twitter:description":"El portavoz de Ciudadanos Asturias, Nicanor Garc\u00eda, ha reclamado este jueves en Taramundi medidas &quot;efectivas&quot; que sirvan para combatir el envejecimiento de la poblaci\u00f3n asturiana y que posibiliten el retorno de los j\u00f3venes al medio rural. Garc\u00eda ha acudido a Taramundi con motivo de los actos organizados all\u00ed por el D\u00eda de Asturias. All\u00ed, ha","twitter:image":"https:\/\/www.eldigitaldeasturias.com\/noticias\/wp-content\/uploads\/2016\/09\/fotonoticia_20160908172959_800.jpg","twitter:label1":"Escrito por","twitter:data1":"El Digital de Asturias","twitter:label2":"Tiempo de lectura estimado","twitter:data2":"1 minuto"},"aioseo_meta_data":{"post_id":"906508","title":null,"description":null,"keywords":null,"keyphrases":null,"primary_term":null,"canonical_url":null,"og_title":null,"og_description":null,"og_object_type":"default","og_image_type":"default","og_image_url":null,"og_image_width":null,"og_image_height":null,"og_image_custom_url":null,"og_image_custom_fields":null,"og_video":null,"og_custom_url":null,"og_article_section":null,"og_article_tags":null,"twitter_use_og":false,"twitter_card":"default","twitter_image_type":"default","twitter_image_url":null,"twitter_image_custom_url":null,"twitter_image_custom_fields":null,"twitter_title":null,"twitter_description":null,"schema":{"blockGraphs":[],"customGraphs":[],"default":{"data":{"Article":[],"Course":[],"Dataset":[],"FAQPage":[],"Movie":[],"Person":[],"Product":[],"ProductReview":[],"Car":[],"Recipe":[],"Service":[],"SoftwareApplication":[],"WebPage":[]},"graphName":"","isEnabled":true},"graphs":[],"defaultGraph":"","defaultPostTypeGraph":""},"schema_type":null,"schema_type_options":null,"pillar_content":false,"robots_default":true,"robots_noindex":false,"robots_noarchive":false,"robots_nosnippet":false,"robots_nofollow":false,"robots_noimageindex":false,"robots_noodp":false,"robots_notranslate":false,"robots_max_snippet":null,"robots_max_videopreview":null,"robots_max_imagepreview":"large","priority":null,"frequency":null,"local_seo":null,"seo_analyzer_scan_date":"2025-11-30 09:15:16","breadcrumb_settings":null,"limit_modified_date":false,"open_ai":null,"ai":null,"created":"2020-12-21 14:01:33","updated":"2025-11-30 09:15:16"},"aioseo_breadcrumb":"<div class=\"aioseo-breadcrumbs\"><span class=\"aioseo-breadcrumb\">\n\t<a href=\"https:\/\/www.eldigitaldeasturias.com\/noticias\" title=\"Home\">Home<\/a>\n<\/span><span class=\"aioseo-breadcrumb-separator\">\u2013<\/span><span class=\"aioseo-breadcrumb\">\n\t<a href=\"https:\/\/www.eldigitaldeasturias.com\/noticias\/category\/actualidad-asturias\/\" title=\"Actualidad Asturias\">Actualidad Asturias<\/a>\n<\/span><span class=\"aioseo-breadcrumb-separator\">\u2013<\/span><span class=\"aioseo-breadcrumb\">\n\t<a href=\"https:\/\/www.eldigitaldeasturias.com\/noticias\/nicanor-garcia-pide-en-taramundi-medidas-efectivas-para-el-medio-rural\/\" title=\"Nicanor Garc\u00eda pide en Taramundi medidas efectivas para el medio rural\">Nicanor Garc\u00eda pide en Taramundi medidas efectivas para el medio rural<\/a>\n<\/span><\/div>","aioseo_breadcrumb_json":[{"label":"Home","link":"https:\/\/www.eldigitaldeasturias.com\/noticias"},{"label":"Actualidad Asturias","link":"https:\/\/www.eldigitaldeasturias.com\/noticias\/category\/actualidad-asturias\/"},{"label":"Nicanor Garc\u00eda pide en Taramundi medidas efectivas para el medio rural","link":"https:\/\/www.eldigitaldeasturias.com\/noticias\/nicanor-garcia-pide-en-taramundi-medidas-efectivas-para-el-medio-rural\/"}],"_links":{"self":[{"href":"https:\/\/www.eldigitaldeasturias.com\/noticias\/wp-json\/wp\/v2\/posts\/906508","targetHints":{"allow":["GET"]}}],"collection":[{"href":"https:\/\/www.eldigitaldeasturias.com\/noticias\/wp-json\/wp\/v2\/posts"}],"about":[{"href":"https:\/\/www.eldigitaldeasturias.com\/noticias\/wp-json\/wp\/v2\/types\/post"}],"author":[{"embeddable":true,"href":"https:\/\/www.eldigitaldeasturias.com\/noticias\/wp-json\/wp\/v2\/users\/1"}],"replies":[{"embeddable":true,"href":"https:\/\/www.eldigitaldeasturias.com\/noticias\/wp-json\/wp\/v2\/comments?post=906508"}],"version-history":[{"count":0,"href":"https:\/\/www.eldigitaldeasturias.com\/noticias\/wp-json\/wp\/v2\/posts\/906508\/revisions"}],"wp:featuredmedia":[{"embeddable":true,"href":"https:\/\/www.eldigitaldeasturias.com\/noticias\/wp-json\/wp\/v2\/media\/906509"}],"wp:attachment":[{"href":"https:\/\/www.eldigitaldeasturias.com\/noticias\/wp-json\/wp\/v2\/media?parent=906508"}],"wp:term":[{"taxonomy":"category","embeddable":true,"href":"https:\/\/www.eldigitaldeasturias.com\/noticias\/wp-json\/wp\/v2\/categories?post=906508"},{"taxonomy":"post_tag","embeddable":true,"href":"https:\/\/www.eldigitaldeasturias.com\/noticias\/wp-json\/wp\/v2\/tags?post=906508"}],"curies":[{"name":"wp","href":"https:\/\/api.w.org\/{rel}","templated":true}]}}