{"id":906502,"date":"2016-09-08T21:11:14","date_gmt":"2016-09-08T20:11:14","guid":{"rendered":"http:\/\/www.eldigitaldeasturias.com\/noticias\/?p=906502"},"modified":"2016-09-08T21:11:14","modified_gmt":"2016-09-08T20:11:14","slug":"alberto-garzon-vamos-a-dejar-mas-tiempo-para-que-el-psoe-se-aclare","status":"publish","type":"post","link":"https:\/\/www.eldigitaldeasturias.com\/noticias\/alberto-garzon-vamos-a-dejar-mas-tiempo-para-que-el-psoe-se-aclare\/","title":{"rendered":"Alberto Garz\u00f3n: \u00abVamos a dejar m\u00e1s tiempo para que el PSOE se aclare\u00bb"},"content":{"rendered":"<p><img loading=\"lazy\" decoding=\"async\" class=\"alignleft size-medium wp-image-906503\" src=\"https:\/\/www.eldigitaldeasturias.com\/noticias\/wp-content\/uploads\/2016\/09\/fotonoticia_20160908171123_800-360x270.jpg\" alt=\"fotonoticia_20160908171123_800\" width=\"360\" height=\"270\" srcset=\"https:\/\/www.eldigitaldeasturias.com\/noticias\/wp-content\/uploads\/2016\/09\/fotonoticia_20160908171123_800-360x270.jpg 360w, https:\/\/www.eldigitaldeasturias.com\/noticias\/wp-content\/uploads\/2016\/09\/fotonoticia_20160908171123_800-768x576.jpg 768w, https:\/\/www.eldigitaldeasturias.com\/noticias\/wp-content\/uploads\/2016\/09\/fotonoticia_20160908171123_800-650x488.jpg 650w, https:\/\/www.eldigitaldeasturias.com\/noticias\/wp-content\/uploads\/2016\/09\/fotonoticia_20160908171123_800-125x95.jpg 125w, https:\/\/www.eldigitaldeasturias.com\/noticias\/wp-content\/uploads\/2016\/09\/fotonoticia_20160908171123_800-100x75.jpg 100w, https:\/\/www.eldigitaldeasturias.com\/noticias\/wp-content\/uploads\/2016\/09\/fotonoticia_20160908171123_800.jpg 800w\" sizes=\"auto, (max-width: 360px) 100vw, 360px\" \/>El coordinador federal de Izquierda Unida, Alberto Garz\u00f3n, ha explicado este jueves en Riosa (Asturias) que su propuesta alternativa a Mariano Rajoy \u00abes muy n\u00edtida\u00bb, aunque ha reconocido estar sorprendido con el PSOE, ya que \u00abno est\u00e1 siendo claro con sus intenciones\u00bb.<\/p>\n<p>Garz\u00f3n, que hoy particip\u00f3 en Villapar\u00e1 en la fiesta organizada por IU con motivo del D\u00eda de Asturias, ha insistido en que la posici\u00f3n de IU y de Unidos Podemos \u00abha sido clara\u00bb. No obstante, ha apuntado que \u00abvamos a esperar a que el PSOE nos diga qu\u00e9 es lo que quiere\u00bb.<\/p>\n<p>Alberto Garz\u00f3n ha recordado la reuni\u00f3n mantenida ayer con Pedro S\u00e1nchez, un encuentro que ha calificado de \u00abcordial y amistoso\u00bb. \u00abInsisti\u00f3 en lo que ha dicho p\u00fablicamente, en que no se va a presentar\u00bb, y ha a\u00f1adido que \u00abes bastante sorprendente ya que necesitamos construir una alternativa\u00bb.<\/p>\n<p>\u00abVamos a dejar m\u00e1s tiempo para que el PSOE se aclare\u00bb, ha dicho. Y ha asegurado que mientras tanto, la formaci\u00f3n a la que representa \u00abseguimos haciendo pol\u00edtica. D\u00f3nde est\u00e1 el conflicto social est\u00e1 IU\u00bb.<\/p>\n<p>Para Garz\u00f3n, el PSOE debe decir \u00abqu\u00e9 quiere hacer, con qui\u00e9n quiere hacer, y si eso se cumple estamos dispuestos a hablar desde el punto de vista program\u00e1tico\u00bb. \u00abLejos de compartir el proyecto pol\u00edtico, s\u00ed se puede armar una alternativa, pero el prerrequisito es que Pedro S\u00e1nchez diga que quiere ser presidente\u00bb. Y es que, ha a\u00f1adido: \u00abo se corrige por la v\u00eda del di\u00e1logo y el entendimiento o vamos a seguir repitiendo elecciones\u00bb.<\/p>\n<p>El coordinador federal de IU considera necesario construir una alternativa al modelo que se est\u00e1 implantando en la Uni\u00f3n Europea. \u00abVemos con enorme preocupaci\u00f3n, en estos d\u00edas, el crecimiento de la extrema derecha en el resto de Europa, el crecimiento de partidos xen\u00f3fobos, racistas, que lo \u00fanico que combaten es a los pobres y no a la injusticia ni a la desigualdad\u00bb. \u00abEn las actuales circunstancias pensamos que se est\u00e1 generando un caldo de cultivo que pudiera alimentar eso mismo en nuestro pa\u00eds\u00bb.<\/p>\n<p>&nbsp;<\/p>\n","protected":false},"excerpt":{"rendered":"<p>El coordinador federal de Izquierda Unida, Alberto Garz\u00f3n, ha explicado este jueves en Riosa (Asturias) que su propuesta alternativa a Mariano Rajoy \u00abes muy n\u00edtida\u00bb, aunque ha reconocido estar sorprendido con el PSOE, ya que \u00abno est\u00e1 siendo claro con sus intenciones\u00bb. Garz\u00f3n, que hoy particip\u00f3 en Villapar\u00e1 en la fiesta organizada por IU con [&hellip;]<\/p>\n","protected":false},"author":1,"featured_media":906503,"comment_status":"closed","ping_status":"closed","sticky":false,"template":"","format":"standard","meta":{"footnotes":""},"categories":[1],"tags":[],"class_list":["post-906502","post","type-post","status-publish","format-standard","has-post-thumbnail","hentry","category-actualidad"],"aioseo_notices":[],"aioseo_head":"\n\t\t<!-- All in One SEO Pro 4.9.6.2 - aioseo.com -->\n\t<meta name=\"description\" content=\"El coordinador federal de Izquierda Unida, Alberto Garz\u00f3n, ha explicado este jueves en Riosa (Asturias) que su propuesta alternativa a Mariano Rajoy &quot;es muy n\u00edtida&quot;, aunque ha reconocido estar sorprendido con el PSOE, ya que &quot;no est\u00e1 siendo claro con sus intenciones&quot;. Garz\u00f3n, que hoy particip\u00f3 en Villapar\u00e1 en la fiesta organizada por IU con\" \/>\n\t<meta name=\"robots\" content=\"max-image-preview:large\" \/>\n\t<meta name=\"author\" content=\"El Digital de Asturias\"\/>\n\t<meta name=\"google-site-verification\" content=\"UA-38556648-1\" \/>\n\t<meta name=\"msvalidate.01\" content=\"7dfe9f3f1b24437ab69f4f2559babe99\" \/>\n\t<meta name=\"keywords\" content=\"actualidad\" \/>\n\t<link rel=\"canonical\" href=\"https:\/\/www.eldigitaldeasturias.com\/noticias\/alberto-garzon-vamos-a-dejar-mas-tiempo-para-que-el-psoe-se-aclare\/\" \/>\n\t<meta name=\"generator\" content=\"All in One SEO Pro (AIOSEO) 4.9.6.2\" \/>\n\t\t<meta property=\"og:locale\" content=\"es_ES\" \/>\n\t\t<meta property=\"og:site_name\" content=\"El Digital de Asturias\" \/>\n\t\t<meta property=\"og:type\" content=\"article\" \/>\n\t\t<meta property=\"og:title\" content=\"Alberto Garz\u00f3n: \u00abVamos a dejar m\u00e1s tiempo para que el PSOE se aclare\u00bb - El Digital de Asturias\" \/>\n\t\t<meta property=\"og:description\" content=\"El coordinador federal de Izquierda Unida, Alberto Garz\u00f3n, ha explicado este jueves en Riosa (Asturias) que su propuesta alternativa a Mariano Rajoy &quot;es muy n\u00edtida&quot;, aunque ha reconocido estar sorprendido con el PSOE, ya que &quot;no est\u00e1 siendo claro con sus intenciones&quot;. Garz\u00f3n, que hoy particip\u00f3 en Villapar\u00e1 en la fiesta organizada por IU con\" \/>\n\t\t<meta property=\"og:url\" content=\"https:\/\/www.eldigitaldeasturias.com\/noticias\/alberto-garzon-vamos-a-dejar-mas-tiempo-para-que-el-psoe-se-aclare\/\" \/>\n\t\t<meta property=\"og:image\" content=\"https:\/\/www.eldigitaldeasturias.com\/noticias\/wp-content\/uploads\/2016\/09\/fotonoticia_20160908171123_800.jpg\" \/>\n\t\t<meta property=\"og:image:secure_url\" content=\"https:\/\/www.eldigitaldeasturias.com\/noticias\/wp-content\/uploads\/2016\/09\/fotonoticia_20160908171123_800.jpg\" \/>\n\t\t<meta property=\"og:image:width\" content=\"800\" \/>\n\t\t<meta property=\"og:image:height\" content=\"600\" \/>\n\t\t<meta property=\"article:tag\" content=\"actualidad\" \/>\n\t\t<meta property=\"article:published_time\" content=\"2016-09-08T20:11:14+00:00\" \/>\n\t\t<meta property=\"article:modified_time\" content=\"2016-09-08T20:11:14+00:00\" \/>\n\t\t<meta property=\"article:publisher\" content=\"https:\/\/facebook.com\/eldigitaldeasturias\" \/>\n\t\t<meta name=\"twitter:card\" content=\"summary_large_image\" \/>\n\t\t<meta name=\"twitter:title\" content=\"Alberto Garz\u00f3n: \u00abVamos a dejar m\u00e1s tiempo para que el PSOE se aclare\u00bb - El Digital de Asturias\" \/>\n\t\t<meta name=\"twitter:description\" content=\"El coordinador federal de Izquierda Unida, Alberto Garz\u00f3n, ha explicado este jueves en Riosa (Asturias) que su propuesta alternativa a Mariano Rajoy &quot;es muy n\u00edtida&quot;, aunque ha reconocido estar sorprendido con el PSOE, ya que &quot;no est\u00e1 siendo claro con sus intenciones&quot;. Garz\u00f3n, que hoy particip\u00f3 en Villapar\u00e1 en la fiesta organizada por IU con\" \/>\n\t\t<meta name=\"twitter:image\" content=\"https:\/\/www.eldigitaldeasturias.com\/noticias\/wp-content\/uploads\/2016\/09\/fotonoticia_20160908171123_800.jpg\" \/>\n\t\t<meta name=\"twitter:label1\" content=\"Escrito por\" \/>\n\t\t<meta name=\"twitter:data1\" content=\"El Digital de Asturias\" \/>\n\t\t<meta name=\"twitter:label2\" content=\"Tiempo de lectura estimado\" \/>\n\t\t<meta name=\"twitter:data2\" content=\"2 minutos\" \/>\n\t\t<script type=\"application\/ld+json\" class=\"aioseo-schema\">\n\t\t\t{\"@context\":\"https:\\\/\\\/schema.org\",\"@graph\":[{\"@type\":\"BlogPosting\",\"@id\":\"https:\\\/\\\/www.eldigitaldeasturias.com\\\/noticias\\\/alberto-garzon-vamos-a-dejar-mas-tiempo-para-que-el-psoe-se-aclare\\\/#blogposting\",\"name\":\"Alberto Garz\\u00f3n: \\u00abVamos a dejar m\\u00e1s tiempo para que el PSOE se aclare\\u00bb - El Digital de Asturias\",\"headline\":\"Alberto Garz\\u00f3n: \\u00abVamos a dejar m\\u00e1s tiempo para que el PSOE se aclare\\u00bb\",\"author\":{\"@id\":\"https:\\\/\\\/www.eldigitaldeasturias.com\\\/noticias\\\/author\\\/admin\\\/#author\"},\"publisher\":{\"@id\":\"https:\\\/\\\/www.eldigitaldeasturias.com\\\/noticias\\\/#organization\"},\"image\":{\"@type\":\"ImageObject\",\"url\":\"https:\\\/\\\/www.eldigitaldeasturias.com\\\/noticias\\\/wp-content\\\/uploads\\\/2016\\\/09\\\/fotonoticia_20160908171123_800.jpg\",\"width\":800,\"height\":600},\"datePublished\":\"2016-09-08T21:11:14+02:00\",\"dateModified\":\"2016-09-08T21:11:14+02:00\",\"inLanguage\":\"es-ES\",\"mainEntityOfPage\":{\"@id\":\"https:\\\/\\\/www.eldigitaldeasturias.com\\\/noticias\\\/alberto-garzon-vamos-a-dejar-mas-tiempo-para-que-el-psoe-se-aclare\\\/#webpage\"},\"isPartOf\":{\"@id\":\"https:\\\/\\\/www.eldigitaldeasturias.com\\\/noticias\\\/alberto-garzon-vamos-a-dejar-mas-tiempo-para-que-el-psoe-se-aclare\\\/#webpage\"},\"articleSection\":\"Actualidad\"},{\"@type\":\"BreadcrumbList\",\"@id\":\"https:\\\/\\\/www.eldigitaldeasturias.com\\\/noticias\\\/alberto-garzon-vamos-a-dejar-mas-tiempo-para-que-el-psoe-se-aclare\\\/#breadcrumblist\",\"itemListElement\":[{\"@type\":\"ListItem\",\"@id\":\"https:\\\/\\\/www.eldigitaldeasturias.com\\\/noticias#listItem\",\"position\":1,\"name\":\"Home\",\"item\":\"https:\\\/\\\/www.eldigitaldeasturias.com\\\/noticias\",\"nextItem\":{\"@type\":\"ListItem\",\"@id\":\"https:\\\/\\\/www.eldigitaldeasturias.com\\\/noticias\\\/category\\\/actualidad\\\/#listItem\",\"name\":\"Actualidad\"}},{\"@type\":\"ListItem\",\"@id\":\"https:\\\/\\\/www.eldigitaldeasturias.com\\\/noticias\\\/category\\\/actualidad\\\/#listItem\",\"position\":2,\"name\":\"Actualidad\",\"item\":\"https:\\\/\\\/www.eldigitaldeasturias.com\\\/noticias\\\/category\\\/actualidad\\\/\",\"nextItem\":{\"@type\":\"ListItem\",\"@id\":\"https:\\\/\\\/www.eldigitaldeasturias.com\\\/noticias\\\/alberto-garzon-vamos-a-dejar-mas-tiempo-para-que-el-psoe-se-aclare\\\/#listItem\",\"name\":\"Alberto Garz\\u00f3n: \\u00abVamos a dejar m\\u00e1s tiempo para que el PSOE se aclare\\u00bb\"},\"previousItem\":{\"@type\":\"ListItem\",\"@id\":\"https:\\\/\\\/www.eldigitaldeasturias.com\\\/noticias#listItem\",\"name\":\"Home\"}},{\"@type\":\"ListItem\",\"@id\":\"https:\\\/\\\/www.eldigitaldeasturias.com\\\/noticias\\\/alberto-garzon-vamos-a-dejar-mas-tiempo-para-que-el-psoe-se-aclare\\\/#listItem\",\"position\":3,\"name\":\"Alberto Garz\\u00f3n: \\u00abVamos a dejar m\\u00e1s tiempo para que el PSOE se aclare\\u00bb\",\"previousItem\":{\"@type\":\"ListItem\",\"@id\":\"https:\\\/\\\/www.eldigitaldeasturias.com\\\/noticias\\\/category\\\/actualidad\\\/#listItem\",\"name\":\"Actualidad\"}}]},{\"@type\":\"Organization\",\"@id\":\"https:\\\/\\\/www.eldigitaldeasturias.com\\\/noticias\\\/#organization\",\"name\":\"El Digital de Asturias\",\"description\":\"Hemeroteca\",\"url\":\"https:\\\/\\\/www.eldigitaldeasturias.com\\\/noticias\\\/\",\"email\":\"info@eldigitaldeasturias.com\",\"telephone\":\"+34652131393\",\"logo\":{\"@type\":\"ImageObject\",\"url\":\"https:\\\/\\\/www.eldigitaldeasturias.com\\\/noticias\\\/wp-content\\\/uploads\\\/2020\\\/12\\\/EDA.jpg\",\"@id\":\"https:\\\/\\\/www.eldigitaldeasturias.com\\\/noticias\\\/alberto-garzon-vamos-a-dejar-mas-tiempo-para-que-el-psoe-se-aclare\\\/#organizationLogo\",\"width\":649,\"height\":297},\"image\":{\"@id\":\"https:\\\/\\\/www.eldigitaldeasturias.com\\\/noticias\\\/alberto-garzon-vamos-a-dejar-mas-tiempo-para-que-el-psoe-se-aclare\\\/#organizationLogo\"},\"sameAs\":[\"https:\\\/\\\/facebook.com\\\/eldigitaldeasturias\",\"https:\\\/\\\/www.youtube.com\\\/channel\\\/UCZP-2wLEB9Rv6erhFmqVnvg\"],\"address\":{\"@id\":\"https:\\\/\\\/www.eldigitaldeasturias.com\\\/noticias\\\/#postaladdress\",\"@type\":\"PostalAddress\",\"streetAddress\":\"san antonio 4,\",\"postalCode\":\"33430\",\"addressLocality\":\"Cand\\u00e1s\",\"addressRegion\":\"Asturias\",\"addressCountry\":\"ES\"}},{\"@type\":\"Person\",\"@id\":\"https:\\\/\\\/www.eldigitaldeasturias.com\\\/noticias\\\/author\\\/admin\\\/#author\",\"url\":\"https:\\\/\\\/www.eldigitaldeasturias.com\\\/noticias\\\/author\\\/admin\\\/\",\"name\":\"El Digital de Asturias\",\"image\":{\"@type\":\"ImageObject\",\"@id\":\"https:\\\/\\\/www.eldigitaldeasturias.com\\\/noticias\\\/alberto-garzon-vamos-a-dejar-mas-tiempo-para-que-el-psoe-se-aclare\\\/#authorImage\",\"url\":\"https:\\\/\\\/www.eldigitaldeasturias.com\\\/noticias\\\/wp-content\\\/litespeed\\\/avatar\\\/18677e78aa0546b92d9dbf31ec7d7668.jpg?ver=1776685526\",\"width\":96,\"height\":96,\"caption\":\"El Digital de Asturias\"}},{\"@type\":\"WebPage\",\"@id\":\"https:\\\/\\\/www.eldigitaldeasturias.com\\\/noticias\\\/alberto-garzon-vamos-a-dejar-mas-tiempo-para-que-el-psoe-se-aclare\\\/#webpage\",\"url\":\"https:\\\/\\\/www.eldigitaldeasturias.com\\\/noticias\\\/alberto-garzon-vamos-a-dejar-mas-tiempo-para-que-el-psoe-se-aclare\\\/\",\"name\":\"Alberto Garz\\u00f3n: \\u00abVamos a dejar m\\u00e1s tiempo para que el PSOE se aclare\\u00bb - El Digital de Asturias\",\"description\":\"El coordinador federal de Izquierda Unida, Alberto Garz\\u00f3n, ha explicado este jueves en Riosa (Asturias) que su propuesta alternativa a Mariano Rajoy \\\"es muy n\\u00edtida\\\", aunque ha reconocido estar sorprendido con el PSOE, ya que \\\"no est\\u00e1 siendo claro con sus intenciones\\\". Garz\\u00f3n, que hoy particip\\u00f3 en Villapar\\u00e1 en la fiesta organizada por IU con\",\"inLanguage\":\"es-ES\",\"isPartOf\":{\"@id\":\"https:\\\/\\\/www.eldigitaldeasturias.com\\\/noticias\\\/#website\"},\"breadcrumb\":{\"@id\":\"https:\\\/\\\/www.eldigitaldeasturias.com\\\/noticias\\\/alberto-garzon-vamos-a-dejar-mas-tiempo-para-que-el-psoe-se-aclare\\\/#breadcrumblist\"},\"author\":{\"@id\":\"https:\\\/\\\/www.eldigitaldeasturias.com\\\/noticias\\\/author\\\/admin\\\/#author\"},\"creator\":{\"@id\":\"https:\\\/\\\/www.eldigitaldeasturias.com\\\/noticias\\\/author\\\/admin\\\/#author\"},\"image\":{\"@type\":\"ImageObject\",\"url\":\"https:\\\/\\\/www.eldigitaldeasturias.com\\\/noticias\\\/wp-content\\\/uploads\\\/2016\\\/09\\\/fotonoticia_20160908171123_800.jpg\",\"@id\":\"https:\\\/\\\/www.eldigitaldeasturias.com\\\/noticias\\\/alberto-garzon-vamos-a-dejar-mas-tiempo-para-que-el-psoe-se-aclare\\\/#mainImage\",\"width\":800,\"height\":600},\"primaryImageOfPage\":{\"@id\":\"https:\\\/\\\/www.eldigitaldeasturias.com\\\/noticias\\\/alberto-garzon-vamos-a-dejar-mas-tiempo-para-que-el-psoe-se-aclare\\\/#mainImage\"},\"datePublished\":\"2016-09-08T21:11:14+02:00\",\"dateModified\":\"2016-09-08T21:11:14+02:00\"},{\"@type\":\"WebSite\",\"@id\":\"https:\\\/\\\/www.eldigitaldeasturias.com\\\/noticias\\\/#website\",\"url\":\"https:\\\/\\\/www.eldigitaldeasturias.com\\\/noticias\\\/\",\"name\":\"El Digital de Asturias - Diario de actualidad y noticias\",\"alternateName\":\"El Digital de Asturias - Diario de actualidad y noticias\",\"description\":\"Hemeroteca\",\"inLanguage\":\"es-ES\",\"publisher\":{\"@id\":\"https:\\\/\\\/www.eldigitaldeasturias.com\\\/noticias\\\/#organization\"}}]}\n\t\t<\/script>\n\t\t<!-- All in One SEO Pro -->\r\n\t\t<title>Alberto Garz\u00f3n: \u00abVamos a dejar m\u00e1s tiempo para que el PSOE se aclare\u00bb - El Digital de Asturias<\/title>\n\n","aioseo_head_json":{"title":"Alberto Garz\u00f3n: \u00abVamos a dejar m\u00e1s tiempo para que el PSOE se aclare\u00bb - El Digital de Asturias","description":"El coordinador federal de Izquierda Unida, Alberto Garz\u00f3n, ha explicado este jueves en Riosa (Asturias) que su propuesta alternativa a Mariano Rajoy \"es muy n\u00edtida\", aunque ha reconocido estar sorprendido con el PSOE, ya que \"no est\u00e1 siendo claro con sus intenciones\". Garz\u00f3n, que hoy particip\u00f3 en Villapar\u00e1 en la fiesta organizada por IU con","canonical_url":"https:\/\/www.eldigitaldeasturias.com\/noticias\/alberto-garzon-vamos-a-dejar-mas-tiempo-para-que-el-psoe-se-aclare\/","robots":"max-image-preview:large","keywords":"actualidad","webmasterTools":{"google-site-verification":"UA-38556648-1","msvalidate.01":"7dfe9f3f1b24437ab69f4f2559babe99","miscellaneous":""},"schema":{"@context":"https:\/\/schema.org","@graph":[{"@type":"BlogPosting","@id":"https:\/\/www.eldigitaldeasturias.com\/noticias\/alberto-garzon-vamos-a-dejar-mas-tiempo-para-que-el-psoe-se-aclare\/#blogposting","name":"Alberto Garz\u00f3n: \u00abVamos a dejar m\u00e1s tiempo para que el PSOE se aclare\u00bb - El Digital de Asturias","headline":"Alberto Garz\u00f3n: \u00abVamos a dejar m\u00e1s tiempo para que el PSOE se aclare\u00bb","author":{"@id":"https:\/\/www.eldigitaldeasturias.com\/noticias\/author\/admin\/#author"},"publisher":{"@id":"https:\/\/www.eldigitaldeasturias.com\/noticias\/#organization"},"image":{"@type":"ImageObject","url":"https:\/\/www.eldigitaldeasturias.com\/noticias\/wp-content\/uploads\/2016\/09\/fotonoticia_20160908171123_800.jpg","width":800,"height":600},"datePublished":"2016-09-08T21:11:14+02:00","dateModified":"2016-09-08T21:11:14+02:00","inLanguage":"es-ES","mainEntityOfPage":{"@id":"https:\/\/www.eldigitaldeasturias.com\/noticias\/alberto-garzon-vamos-a-dejar-mas-tiempo-para-que-el-psoe-se-aclare\/#webpage"},"isPartOf":{"@id":"https:\/\/www.eldigitaldeasturias.com\/noticias\/alberto-garzon-vamos-a-dejar-mas-tiempo-para-que-el-psoe-se-aclare\/#webpage"},"articleSection":"Actualidad"},{"@type":"BreadcrumbList","@id":"https:\/\/www.eldigitaldeasturias.com\/noticias\/alberto-garzon-vamos-a-dejar-mas-tiempo-para-que-el-psoe-se-aclare\/#breadcrumblist","itemListElement":[{"@type":"ListItem","@id":"https:\/\/www.eldigitaldeasturias.com\/noticias#listItem","position":1,"name":"Home","item":"https:\/\/www.eldigitaldeasturias.com\/noticias","nextItem":{"@type":"ListItem","@id":"https:\/\/www.eldigitaldeasturias.com\/noticias\/category\/actualidad\/#listItem","name":"Actualidad"}},{"@type":"ListItem","@id":"https:\/\/www.eldigitaldeasturias.com\/noticias\/category\/actualidad\/#listItem","position":2,"name":"Actualidad","item":"https:\/\/www.eldigitaldeasturias.com\/noticias\/category\/actualidad\/","nextItem":{"@type":"ListItem","@id":"https:\/\/www.eldigitaldeasturias.com\/noticias\/alberto-garzon-vamos-a-dejar-mas-tiempo-para-que-el-psoe-se-aclare\/#listItem","name":"Alberto Garz\u00f3n: \u00abVamos a dejar m\u00e1s tiempo para que el PSOE se aclare\u00bb"},"previousItem":{"@type":"ListItem","@id":"https:\/\/www.eldigitaldeasturias.com\/noticias#listItem","name":"Home"}},{"@type":"ListItem","@id":"https:\/\/www.eldigitaldeasturias.com\/noticias\/alberto-garzon-vamos-a-dejar-mas-tiempo-para-que-el-psoe-se-aclare\/#listItem","position":3,"name":"Alberto Garz\u00f3n: \u00abVamos a dejar m\u00e1s tiempo para que el PSOE se aclare\u00bb","previousItem":{"@type":"ListItem","@id":"https:\/\/www.eldigitaldeasturias.com\/noticias\/category\/actualidad\/#listItem","name":"Actualidad"}}]},{"@type":"Organization","@id":"https:\/\/www.eldigitaldeasturias.com\/noticias\/#organization","name":"El Digital de Asturias","description":"Hemeroteca","url":"https:\/\/www.eldigitaldeasturias.com\/noticias\/","email":"info@eldigitaldeasturias.com","telephone":"+34652131393","logo":{"@type":"ImageObject","url":"https:\/\/www.eldigitaldeasturias.com\/noticias\/wp-content\/uploads\/2020\/12\/EDA.jpg","@id":"https:\/\/www.eldigitaldeasturias.com\/noticias\/alberto-garzon-vamos-a-dejar-mas-tiempo-para-que-el-psoe-se-aclare\/#organizationLogo","width":649,"height":297},"image":{"@id":"https:\/\/www.eldigitaldeasturias.com\/noticias\/alberto-garzon-vamos-a-dejar-mas-tiempo-para-que-el-psoe-se-aclare\/#organizationLogo"},"sameAs":["https:\/\/facebook.com\/eldigitaldeasturias","https:\/\/www.youtube.com\/channel\/UCZP-2wLEB9Rv6erhFmqVnvg"],"address":{"@id":"https:\/\/www.eldigitaldeasturias.com\/noticias\/#postaladdress","@type":"PostalAddress","streetAddress":"san antonio 4,","postalCode":"33430","addressLocality":"Cand\u00e1s","addressRegion":"Asturias","addressCountry":"ES"}},{"@type":"Person","@id":"https:\/\/www.eldigitaldeasturias.com\/noticias\/author\/admin\/#author","url":"https:\/\/www.eldigitaldeasturias.com\/noticias\/author\/admin\/","name":"El Digital de Asturias","image":{"@type":"ImageObject","@id":"https:\/\/www.eldigitaldeasturias.com\/noticias\/alberto-garzon-vamos-a-dejar-mas-tiempo-para-que-el-psoe-se-aclare\/#authorImage","url":"https:\/\/www.eldigitaldeasturias.com\/noticias\/wp-content\/litespeed\/avatar\/18677e78aa0546b92d9dbf31ec7d7668.jpg?ver=1776685526","width":96,"height":96,"caption":"El Digital de Asturias"}},{"@type":"WebPage","@id":"https:\/\/www.eldigitaldeasturias.com\/noticias\/alberto-garzon-vamos-a-dejar-mas-tiempo-para-que-el-psoe-se-aclare\/#webpage","url":"https:\/\/www.eldigitaldeasturias.com\/noticias\/alberto-garzon-vamos-a-dejar-mas-tiempo-para-que-el-psoe-se-aclare\/","name":"Alberto Garz\u00f3n: \u00abVamos a dejar m\u00e1s tiempo para que el PSOE se aclare\u00bb - El Digital de Asturias","description":"El coordinador federal de Izquierda Unida, Alberto Garz\u00f3n, ha explicado este jueves en Riosa (Asturias) que su propuesta alternativa a Mariano Rajoy \"es muy n\u00edtida\", aunque ha reconocido estar sorprendido con el PSOE, ya que \"no est\u00e1 siendo claro con sus intenciones\". Garz\u00f3n, que hoy particip\u00f3 en Villapar\u00e1 en la fiesta organizada por IU con","inLanguage":"es-ES","isPartOf":{"@id":"https:\/\/www.eldigitaldeasturias.com\/noticias\/#website"},"breadcrumb":{"@id":"https:\/\/www.eldigitaldeasturias.com\/noticias\/alberto-garzon-vamos-a-dejar-mas-tiempo-para-que-el-psoe-se-aclare\/#breadcrumblist"},"author":{"@id":"https:\/\/www.eldigitaldeasturias.com\/noticias\/author\/admin\/#author"},"creator":{"@id":"https:\/\/www.eldigitaldeasturias.com\/noticias\/author\/admin\/#author"},"image":{"@type":"ImageObject","url":"https:\/\/www.eldigitaldeasturias.com\/noticias\/wp-content\/uploads\/2016\/09\/fotonoticia_20160908171123_800.jpg","@id":"https:\/\/www.eldigitaldeasturias.com\/noticias\/alberto-garzon-vamos-a-dejar-mas-tiempo-para-que-el-psoe-se-aclare\/#mainImage","width":800,"height":600},"primaryImageOfPage":{"@id":"https:\/\/www.eldigitaldeasturias.com\/noticias\/alberto-garzon-vamos-a-dejar-mas-tiempo-para-que-el-psoe-se-aclare\/#mainImage"},"datePublished":"2016-09-08T21:11:14+02:00","dateModified":"2016-09-08T21:11:14+02:00"},{"@type":"WebSite","@id":"https:\/\/www.eldigitaldeasturias.com\/noticias\/#website","url":"https:\/\/www.eldigitaldeasturias.com\/noticias\/","name":"El Digital de Asturias - Diario de actualidad y noticias","alternateName":"El Digital de Asturias - Diario de actualidad y noticias","description":"Hemeroteca","inLanguage":"es-ES","publisher":{"@id":"https:\/\/www.eldigitaldeasturias.com\/noticias\/#organization"}}]},"og:locale":"es_ES","og:site_name":"El Digital de Asturias","og:type":"article","og:title":"Alberto Garz\u00f3n: \u00abVamos a dejar m\u00e1s tiempo para que el PSOE se aclare\u00bb - El Digital de Asturias","og:description":"El coordinador federal de Izquierda Unida, Alberto Garz\u00f3n, ha explicado este jueves en Riosa (Asturias) que su propuesta alternativa a Mariano Rajoy &quot;es muy n\u00edtida&quot;, aunque ha reconocido estar sorprendido con el PSOE, ya que &quot;no est\u00e1 siendo claro con sus intenciones&quot;. Garz\u00f3n, que hoy particip\u00f3 en Villapar\u00e1 en la fiesta organizada por IU con","og:url":"https:\/\/www.eldigitaldeasturias.com\/noticias\/alberto-garzon-vamos-a-dejar-mas-tiempo-para-que-el-psoe-se-aclare\/","og:image":"https:\/\/www.eldigitaldeasturias.com\/noticias\/wp-content\/uploads\/2016\/09\/fotonoticia_20160908171123_800.jpg","og:image:secure_url":"https:\/\/www.eldigitaldeasturias.com\/noticias\/wp-content\/uploads\/2016\/09\/fotonoticia_20160908171123_800.jpg","og:image:width":800,"og:image:height":600,"article:tag":["actualidad"],"article:published_time":"2016-09-08T20:11:14+00:00","article:modified_time":"2016-09-08T20:11:14+00:00","article:publisher":"https:\/\/facebook.com\/eldigitaldeasturias","twitter:card":"summary_large_image","twitter:title":"Alberto Garz\u00f3n: \u00abVamos a dejar m\u00e1s tiempo para que el PSOE se aclare\u00bb - El Digital de Asturias","twitter:description":"El coordinador federal de Izquierda Unida, Alberto Garz\u00f3n, ha explicado este jueves en Riosa (Asturias) que su propuesta alternativa a Mariano Rajoy &quot;es muy n\u00edtida&quot;, aunque ha reconocido estar sorprendido con el PSOE, ya que &quot;no est\u00e1 siendo claro con sus intenciones&quot;. Garz\u00f3n, que hoy particip\u00f3 en Villapar\u00e1 en la fiesta organizada por IU con","twitter:image":"https:\/\/www.eldigitaldeasturias.com\/noticias\/wp-content\/uploads\/2016\/09\/fotonoticia_20160908171123_800.jpg","twitter:label1":"Escrito por","twitter:data1":"El Digital de Asturias","twitter:label2":"Tiempo de lectura estimado","twitter:data2":"2 minutos"},"aioseo_meta_data":{"post_id":"906502","title":null,"description":null,"keywords":null,"keyphrases":null,"primary_term":null,"canonical_url":null,"og_title":null,"og_description":null,"og_object_type":"default","og_image_type":"default","og_image_url":null,"og_image_width":null,"og_image_height":null,"og_image_custom_url":null,"og_image_custom_fields":null,"og_video":null,"og_custom_url":null,"og_article_section":null,"og_article_tags":null,"twitter_use_og":false,"twitter_card":"default","twitter_image_type":"default","twitter_image_url":null,"twitter_image_custom_url":null,"twitter_image_custom_fields":null,"twitter_title":null,"twitter_description":null,"schema":{"blockGraphs":[],"customGraphs":[],"default":{"data":{"Article":[],"Course":[],"Dataset":[],"FAQPage":[],"Movie":[],"Person":[],"Product":[],"ProductReview":[],"Car":[],"Recipe":[],"Service":[],"SoftwareApplication":[],"WebPage":[]},"graphName":"","isEnabled":true},"graphs":[],"defaultGraph":"","defaultPostTypeGraph":""},"schema_type":null,"schema_type_options":null,"pillar_content":false,"robots_default":true,"robots_noindex":false,"robots_noarchive":false,"robots_nosnippet":false,"robots_nofollow":false,"robots_noimageindex":false,"robots_noodp":false,"robots_notranslate":false,"robots_max_snippet":null,"robots_max_videopreview":null,"robots_max_imagepreview":"large","priority":null,"frequency":null,"local_seo":null,"seo_analyzer_scan_date":"2025-11-30 09:15:14","breadcrumb_settings":null,"limit_modified_date":false,"open_ai":null,"ai":null,"created":"2020-12-21 14:01:33","updated":"2025-11-30 09:15:14"},"aioseo_breadcrumb":"<div class=\"aioseo-breadcrumbs\"><span class=\"aioseo-breadcrumb\">\n\t<a href=\"https:\/\/www.eldigitaldeasturias.com\/noticias\" title=\"Home\">Home<\/a>\n<\/span><span class=\"aioseo-breadcrumb-separator\">\u2013<\/span><span class=\"aioseo-breadcrumb\">\n\t<a href=\"https:\/\/www.eldigitaldeasturias.com\/noticias\/category\/actualidad\/\" title=\"Actualidad\">Actualidad<\/a>\n<\/span><span class=\"aioseo-breadcrumb-separator\">\u2013<\/span><span class=\"aioseo-breadcrumb\">\n\t<a href=\"https:\/\/www.eldigitaldeasturias.com\/noticias\/alberto-garzon-vamos-a-dejar-mas-tiempo-para-que-el-psoe-se-aclare\/\" title=\"Alberto Garz\u00f3n: \u00abVamos a dejar m\u00e1s tiempo para que el PSOE se aclare\u00bb\">Alberto Garz\u00f3n: \u00abVamos a dejar m\u00e1s tiempo para que el PSOE se aclare\u00bb<\/a>\n<\/span><\/div>","aioseo_breadcrumb_json":[{"label":"Home","link":"https:\/\/www.eldigitaldeasturias.com\/noticias"},{"label":"Actualidad","link":"https:\/\/www.eldigitaldeasturias.com\/noticias\/category\/actualidad\/"},{"label":"Alberto Garz\u00f3n: \u00abVamos a dejar m\u00e1s tiempo para que el PSOE se aclare\u00bb","link":"https:\/\/www.eldigitaldeasturias.com\/noticias\/alberto-garzon-vamos-a-dejar-mas-tiempo-para-que-el-psoe-se-aclare\/"}],"_links":{"self":[{"href":"https:\/\/www.eldigitaldeasturias.com\/noticias\/wp-json\/wp\/v2\/posts\/906502","targetHints":{"allow":["GET"]}}],"collection":[{"href":"https:\/\/www.eldigitaldeasturias.com\/noticias\/wp-json\/wp\/v2\/posts"}],"about":[{"href":"https:\/\/www.eldigitaldeasturias.com\/noticias\/wp-json\/wp\/v2\/types\/post"}],"author":[{"embeddable":true,"href":"https:\/\/www.eldigitaldeasturias.com\/noticias\/wp-json\/wp\/v2\/users\/1"}],"replies":[{"embeddable":true,"href":"https:\/\/www.eldigitaldeasturias.com\/noticias\/wp-json\/wp\/v2\/comments?post=906502"}],"version-history":[{"count":0,"href":"https:\/\/www.eldigitaldeasturias.com\/noticias\/wp-json\/wp\/v2\/posts\/906502\/revisions"}],"wp:featuredmedia":[{"embeddable":true,"href":"https:\/\/www.eldigitaldeasturias.com\/noticias\/wp-json\/wp\/v2\/media\/906503"}],"wp:attachment":[{"href":"https:\/\/www.eldigitaldeasturias.com\/noticias\/wp-json\/wp\/v2\/media?parent=906502"}],"wp:term":[{"taxonomy":"category","embeddable":true,"href":"https:\/\/www.eldigitaldeasturias.com\/noticias\/wp-json\/wp\/v2\/categories?post=906502"},{"taxonomy":"post_tag","embeddable":true,"href":"https:\/\/www.eldigitaldeasturias.com\/noticias\/wp-json\/wp\/v2\/tags?post=906502"}],"curies":[{"name":"wp","href":"https:\/\/api.w.org\/{rel}","templated":true}]}}