{"id":906499,"date":"2016-09-08T21:09:07","date_gmt":"2016-09-08T20:09:07","guid":{"rendered":"http:\/\/www.eldigitaldeasturias.com\/noticias\/?p=906499"},"modified":"2016-09-08T21:09:07","modified_gmt":"2016-09-08T20:09:07","slug":"nueva-reunion-del-foro-de-regiones-espanolas-con-desafios-demograficos","status":"publish","type":"post","link":"https:\/\/www.eldigitaldeasturias.com\/noticias\/nueva-reunion-del-foro-de-regiones-espanolas-con-desafios-demograficos\/","title":{"rendered":"Nueva reuni\u00f3n del Foro de Regiones Espa\u00f1olas con Desaf\u00edos Demogr\u00e1ficos"},"content":{"rendered":"<p><img loading=\"lazy\" decoding=\"async\" class=\"alignleft size-medium wp-image-906500\" src=\"https:\/\/www.eldigitaldeasturias.com\/noticias\/wp-content\/uploads\/2016\/09\/fotonoticia_20160908161938_800-360x241.jpg\" alt=\"fotonoticia_20160908161938_800\" width=\"360\" height=\"241\" srcset=\"https:\/\/www.eldigitaldeasturias.com\/noticias\/wp-content\/uploads\/2016\/09\/fotonoticia_20160908161938_800-360x241.jpg 360w, https:\/\/www.eldigitaldeasturias.com\/noticias\/wp-content\/uploads\/2016\/09\/fotonoticia_20160908161938_800-768x514.jpg 768w, https:\/\/www.eldigitaldeasturias.com\/noticias\/wp-content\/uploads\/2016\/09\/fotonoticia_20160908161938_800-650x435.jpg 650w, https:\/\/www.eldigitaldeasturias.com\/noticias\/wp-content\/uploads\/2016\/09\/fotonoticia_20160908161938_800-84x55.jpg 84w, https:\/\/www.eldigitaldeasturias.com\/noticias\/wp-content\/uploads\/2016\/09\/fotonoticia_20160908161938_800-260x175.jpg 260w, https:\/\/www.eldigitaldeasturias.com\/noticias\/wp-content\/uploads\/2016\/09\/fotonoticia_20160908161938_800-49x32.jpg 49w, https:\/\/www.eldigitaldeasturias.com\/noticias\/wp-content\/uploads\/2016\/09\/fotonoticia_20160908161938_800.jpg 800w\" sizes=\"auto, (max-width: 360px) 100vw, 360px\" \/>Europarlamentarios espa\u00f1oles de los diferentes grupos pol\u00edticos de las ocho comunidades aut\u00f3nomas que forman parte del Foro de Regiones Espa\u00f1olas con Desaf\u00edos Demogr\u00e1ficos (FREDD) participar\u00e1n en la VI reuni\u00f3n de este grupo que tendr\u00e1 lugar en Castilla-La Mancha.<\/p>\n<p>As\u00ed lo ha destacado el director general de Relaciones Institucionales y Asuntos Europeos, Cruz Fern\u00e1ndez Mariscal, tras la reuni\u00f3n preparatoria mantenida con sus hom\u00f3logos del resto de regiones en Toledo, seg\u00fan ha informado la Junta en nota de prensa.<\/p>\n<p>Tendr\u00e1 lugar en pr\u00f3ximas fechas y con \u00e9l \u00abse espera dar una paso m\u00e1s desde el punto de vista cualitativo, de tal forma que no solamente se profundice en la problem\u00e1tica existente en las regiones con problemas de despoblamiento, sino que adem\u00e1s se avance en la propuesta de medidas concretas que se plantean para acometer las debilidades existentes\u00bb, ha dicho Mariscal.<\/p>\n<p>Este foro, que ha celebrado hasta la fecha un total de cinco encuentros, ha alcanzado una serie de acuerdos entre los que figura consensuar el dictamen del Comit\u00e9 de las Regiones sobre la respuesta de la Uni\u00f3n Europea al reto demogr\u00e1fico y solicitar al Gobierno de Espa\u00f1a la elaboraci\u00f3n de una estrategia nacional para el cambio demogr\u00e1fico y su posterior traslado al Congreso y al Senado.<\/p>\n<p>El Foro de Regiones Espa\u00f1olas con Desaf\u00edos Demogr\u00e1ficos se constituy\u00f3 para atender de forma espec\u00edfica los problemas derivados del cambio demogr\u00e1fico y en \u00e9l participan las comunidades de Galicia, Castilla y Le\u00f3n, Arag\u00f3n, Asturias, Castilla-La Mancha, Extremadura, Cantabria y La Rioja.<\/p>\n<p>&nbsp;<\/p>\n","protected":false},"excerpt":{"rendered":"<p>Europarlamentarios espa\u00f1oles de los diferentes grupos pol\u00edticos de las ocho comunidades aut\u00f3nomas que forman parte del Foro de Regiones Espa\u00f1olas con Desaf\u00edos Demogr\u00e1ficos (FREDD) participar\u00e1n en la VI reuni\u00f3n de este grupo que tendr\u00e1 lugar en Castilla-La Mancha. As\u00ed lo ha destacado el director general de Relaciones Institucionales y Asuntos Europeos, Cruz Fern\u00e1ndez Mariscal, tras [&hellip;]<\/p>\n","protected":false},"author":1,"featured_media":906500,"comment_status":"closed","ping_status":"closed","sticky":false,"template":"","format":"standard","meta":{"footnotes":""},"categories":[1],"tags":[],"class_list":["post-906499","post","type-post","status-publish","format-standard","has-post-thumbnail","hentry","category-actualidad"],"aioseo_notices":[],"aioseo_head":"\n\t\t<!-- All in One SEO Pro 4.9.6.2 - aioseo.com -->\n\t<meta name=\"description\" content=\"Europarlamentarios espa\u00f1oles de los diferentes grupos pol\u00edticos de las ocho comunidades aut\u00f3nomas que forman parte del Foro de Regiones Espa\u00f1olas con Desaf\u00edos Demogr\u00e1ficos (FREDD) participar\u00e1n en la VI reuni\u00f3n de este grupo que tendr\u00e1 lugar en Castilla-La Mancha. As\u00ed lo ha destacado el director general de Relaciones Institucionales y Asuntos Europeos, Cruz Fern\u00e1ndez Mariscal, tras\" \/>\n\t<meta name=\"robots\" content=\"max-image-preview:large\" \/>\n\t<meta name=\"author\" content=\"El Digital de Asturias\"\/>\n\t<meta name=\"google-site-verification\" content=\"UA-38556648-1\" \/>\n\t<meta name=\"msvalidate.01\" content=\"7dfe9f3f1b24437ab69f4f2559babe99\" \/>\n\t<meta name=\"keywords\" content=\"actualidad\" \/>\n\t<link rel=\"canonical\" href=\"https:\/\/www.eldigitaldeasturias.com\/noticias\/nueva-reunion-del-foro-de-regiones-espanolas-con-desafios-demograficos\/\" \/>\n\t<meta name=\"generator\" content=\"All in One SEO Pro (AIOSEO) 4.9.6.2\" \/>\n\t\t<meta property=\"og:locale\" content=\"es_ES\" \/>\n\t\t<meta property=\"og:site_name\" content=\"El Digital de Asturias\" \/>\n\t\t<meta property=\"og:type\" content=\"article\" \/>\n\t\t<meta property=\"og:title\" content=\"Nueva reuni\u00f3n del Foro de Regiones Espa\u00f1olas con Desaf\u00edos Demogr\u00e1ficos - El Digital de Asturias\" \/>\n\t\t<meta property=\"og:description\" content=\"Europarlamentarios espa\u00f1oles de los diferentes grupos pol\u00edticos de las ocho comunidades aut\u00f3nomas que forman parte del Foro de Regiones Espa\u00f1olas con Desaf\u00edos Demogr\u00e1ficos (FREDD) participar\u00e1n en la VI reuni\u00f3n de este grupo que tendr\u00e1 lugar en Castilla-La Mancha. As\u00ed lo ha destacado el director general de Relaciones Institucionales y Asuntos Europeos, Cruz Fern\u00e1ndez Mariscal, tras\" \/>\n\t\t<meta property=\"og:url\" content=\"https:\/\/www.eldigitaldeasturias.com\/noticias\/nueva-reunion-del-foro-de-regiones-espanolas-con-desafios-demograficos\/\" \/>\n\t\t<meta property=\"og:image\" content=\"https:\/\/www.eldigitaldeasturias.com\/noticias\/wp-content\/uploads\/2016\/09\/fotonoticia_20160908161938_800.jpg\" \/>\n\t\t<meta property=\"og:image:secure_url\" content=\"https:\/\/www.eldigitaldeasturias.com\/noticias\/wp-content\/uploads\/2016\/09\/fotonoticia_20160908161938_800.jpg\" \/>\n\t\t<meta property=\"og:image:width\" content=\"800\" \/>\n\t\t<meta property=\"og:image:height\" content=\"535\" \/>\n\t\t<meta property=\"article:tag\" content=\"actualidad\" \/>\n\t\t<meta property=\"article:published_time\" content=\"2016-09-08T20:09:07+00:00\" \/>\n\t\t<meta property=\"article:modified_time\" content=\"2016-09-08T20:09:07+00:00\" \/>\n\t\t<meta property=\"article:publisher\" content=\"https:\/\/facebook.com\/eldigitaldeasturias\" \/>\n\t\t<meta name=\"twitter:card\" content=\"summary_large_image\" \/>\n\t\t<meta name=\"twitter:title\" content=\"Nueva reuni\u00f3n del Foro de Regiones Espa\u00f1olas con Desaf\u00edos Demogr\u00e1ficos - El Digital de Asturias\" \/>\n\t\t<meta name=\"twitter:description\" content=\"Europarlamentarios espa\u00f1oles de los diferentes grupos pol\u00edticos de las ocho comunidades aut\u00f3nomas que forman parte del Foro de Regiones Espa\u00f1olas con Desaf\u00edos Demogr\u00e1ficos (FREDD) participar\u00e1n en la VI reuni\u00f3n de este grupo que tendr\u00e1 lugar en Castilla-La Mancha. As\u00ed lo ha destacado el director general de Relaciones Institucionales y Asuntos Europeos, Cruz Fern\u00e1ndez Mariscal, tras\" \/>\n\t\t<meta name=\"twitter:image\" content=\"https:\/\/www.eldigitaldeasturias.com\/noticias\/wp-content\/uploads\/2016\/09\/fotonoticia_20160908161938_800.jpg\" \/>\n\t\t<meta name=\"twitter:label1\" content=\"Escrito por\" \/>\n\t\t<meta name=\"twitter:data1\" content=\"El Digital de Asturias\" \/>\n\t\t<meta name=\"twitter:label2\" content=\"Tiempo de lectura estimado\" \/>\n\t\t<meta name=\"twitter:data2\" content=\"1 minuto\" \/>\n\t\t<script type=\"application\/ld+json\" class=\"aioseo-schema\">\n\t\t\t{\"@context\":\"https:\\\/\\\/schema.org\",\"@graph\":[{\"@type\":\"BlogPosting\",\"@id\":\"https:\\\/\\\/www.eldigitaldeasturias.com\\\/noticias\\\/nueva-reunion-del-foro-de-regiones-espanolas-con-desafios-demograficos\\\/#blogposting\",\"name\":\"Nueva reuni\\u00f3n del Foro de Regiones Espa\\u00f1olas con Desaf\\u00edos Demogr\\u00e1ficos - El Digital de Asturias\",\"headline\":\"Nueva reuni\\u00f3n del Foro de Regiones Espa\\u00f1olas con Desaf\\u00edos Demogr\\u00e1ficos\",\"author\":{\"@id\":\"https:\\\/\\\/www.eldigitaldeasturias.com\\\/noticias\\\/author\\\/admin\\\/#author\"},\"publisher\":{\"@id\":\"https:\\\/\\\/www.eldigitaldeasturias.com\\\/noticias\\\/#organization\"},\"image\":{\"@type\":\"ImageObject\",\"url\":\"https:\\\/\\\/www.eldigitaldeasturias.com\\\/noticias\\\/wp-content\\\/uploads\\\/2016\\\/09\\\/fotonoticia_20160908161938_800.jpg\",\"width\":800,\"height\":535},\"datePublished\":\"2016-09-08T21:09:07+02:00\",\"dateModified\":\"2016-09-08T21:09:07+02:00\",\"inLanguage\":\"es-ES\",\"mainEntityOfPage\":{\"@id\":\"https:\\\/\\\/www.eldigitaldeasturias.com\\\/noticias\\\/nueva-reunion-del-foro-de-regiones-espanolas-con-desafios-demograficos\\\/#webpage\"},\"isPartOf\":{\"@id\":\"https:\\\/\\\/www.eldigitaldeasturias.com\\\/noticias\\\/nueva-reunion-del-foro-de-regiones-espanolas-con-desafios-demograficos\\\/#webpage\"},\"articleSection\":\"Actualidad\"},{\"@type\":\"BreadcrumbList\",\"@id\":\"https:\\\/\\\/www.eldigitaldeasturias.com\\\/noticias\\\/nueva-reunion-del-foro-de-regiones-espanolas-con-desafios-demograficos\\\/#breadcrumblist\",\"itemListElement\":[{\"@type\":\"ListItem\",\"@id\":\"https:\\\/\\\/www.eldigitaldeasturias.com\\\/noticias#listItem\",\"position\":1,\"name\":\"Home\",\"item\":\"https:\\\/\\\/www.eldigitaldeasturias.com\\\/noticias\",\"nextItem\":{\"@type\":\"ListItem\",\"@id\":\"https:\\\/\\\/www.eldigitaldeasturias.com\\\/noticias\\\/category\\\/actualidad\\\/#listItem\",\"name\":\"Actualidad\"}},{\"@type\":\"ListItem\",\"@id\":\"https:\\\/\\\/www.eldigitaldeasturias.com\\\/noticias\\\/category\\\/actualidad\\\/#listItem\",\"position\":2,\"name\":\"Actualidad\",\"item\":\"https:\\\/\\\/www.eldigitaldeasturias.com\\\/noticias\\\/category\\\/actualidad\\\/\",\"nextItem\":{\"@type\":\"ListItem\",\"@id\":\"https:\\\/\\\/www.eldigitaldeasturias.com\\\/noticias\\\/nueva-reunion-del-foro-de-regiones-espanolas-con-desafios-demograficos\\\/#listItem\",\"name\":\"Nueva reuni\\u00f3n del Foro de Regiones Espa\\u00f1olas con Desaf\\u00edos Demogr\\u00e1ficos\"},\"previousItem\":{\"@type\":\"ListItem\",\"@id\":\"https:\\\/\\\/www.eldigitaldeasturias.com\\\/noticias#listItem\",\"name\":\"Home\"}},{\"@type\":\"ListItem\",\"@id\":\"https:\\\/\\\/www.eldigitaldeasturias.com\\\/noticias\\\/nueva-reunion-del-foro-de-regiones-espanolas-con-desafios-demograficos\\\/#listItem\",\"position\":3,\"name\":\"Nueva reuni\\u00f3n del Foro de Regiones Espa\\u00f1olas con Desaf\\u00edos Demogr\\u00e1ficos\",\"previousItem\":{\"@type\":\"ListItem\",\"@id\":\"https:\\\/\\\/www.eldigitaldeasturias.com\\\/noticias\\\/category\\\/actualidad\\\/#listItem\",\"name\":\"Actualidad\"}}]},{\"@type\":\"Organization\",\"@id\":\"https:\\\/\\\/www.eldigitaldeasturias.com\\\/noticias\\\/#organization\",\"name\":\"El Digital de Asturias\",\"description\":\"Hemeroteca\",\"url\":\"https:\\\/\\\/www.eldigitaldeasturias.com\\\/noticias\\\/\",\"email\":\"info@eldigitaldeasturias.com\",\"telephone\":\"+34652131393\",\"logo\":{\"@type\":\"ImageObject\",\"url\":\"https:\\\/\\\/www.eldigitaldeasturias.com\\\/noticias\\\/wp-content\\\/uploads\\\/2020\\\/12\\\/EDA.jpg\",\"@id\":\"https:\\\/\\\/www.eldigitaldeasturias.com\\\/noticias\\\/nueva-reunion-del-foro-de-regiones-espanolas-con-desafios-demograficos\\\/#organizationLogo\",\"width\":649,\"height\":297},\"image\":{\"@id\":\"https:\\\/\\\/www.eldigitaldeasturias.com\\\/noticias\\\/nueva-reunion-del-foro-de-regiones-espanolas-con-desafios-demograficos\\\/#organizationLogo\"},\"sameAs\":[\"https:\\\/\\\/facebook.com\\\/eldigitaldeasturias\",\"https:\\\/\\\/www.youtube.com\\\/channel\\\/UCZP-2wLEB9Rv6erhFmqVnvg\"],\"address\":{\"@id\":\"https:\\\/\\\/www.eldigitaldeasturias.com\\\/noticias\\\/#postaladdress\",\"@type\":\"PostalAddress\",\"streetAddress\":\"san antonio 4,\",\"postalCode\":\"33430\",\"addressLocality\":\"Cand\\u00e1s\",\"addressRegion\":\"Asturias\",\"addressCountry\":\"ES\"}},{\"@type\":\"Person\",\"@id\":\"https:\\\/\\\/www.eldigitaldeasturias.com\\\/noticias\\\/author\\\/admin\\\/#author\",\"url\":\"https:\\\/\\\/www.eldigitaldeasturias.com\\\/noticias\\\/author\\\/admin\\\/\",\"name\":\"El Digital de Asturias\",\"image\":{\"@type\":\"ImageObject\",\"@id\":\"https:\\\/\\\/www.eldigitaldeasturias.com\\\/noticias\\\/nueva-reunion-del-foro-de-regiones-espanolas-con-desafios-demograficos\\\/#authorImage\",\"url\":\"https:\\\/\\\/www.eldigitaldeasturias.com\\\/noticias\\\/wp-content\\\/litespeed\\\/avatar\\\/18677e78aa0546b92d9dbf31ec7d7668.jpg?ver=1776685526\",\"width\":96,\"height\":96,\"caption\":\"El Digital de Asturias\"}},{\"@type\":\"WebPage\",\"@id\":\"https:\\\/\\\/www.eldigitaldeasturias.com\\\/noticias\\\/nueva-reunion-del-foro-de-regiones-espanolas-con-desafios-demograficos\\\/#webpage\",\"url\":\"https:\\\/\\\/www.eldigitaldeasturias.com\\\/noticias\\\/nueva-reunion-del-foro-de-regiones-espanolas-con-desafios-demograficos\\\/\",\"name\":\"Nueva reuni\\u00f3n del Foro de Regiones Espa\\u00f1olas con Desaf\\u00edos Demogr\\u00e1ficos - El Digital de Asturias\",\"description\":\"Europarlamentarios espa\\u00f1oles de los diferentes grupos pol\\u00edticos de las ocho comunidades aut\\u00f3nomas que forman parte del Foro de Regiones Espa\\u00f1olas con Desaf\\u00edos Demogr\\u00e1ficos (FREDD) participar\\u00e1n en la VI reuni\\u00f3n de este grupo que tendr\\u00e1 lugar en Castilla-La Mancha. As\\u00ed lo ha destacado el director general de Relaciones Institucionales y Asuntos Europeos, Cruz Fern\\u00e1ndez Mariscal, tras\",\"inLanguage\":\"es-ES\",\"isPartOf\":{\"@id\":\"https:\\\/\\\/www.eldigitaldeasturias.com\\\/noticias\\\/#website\"},\"breadcrumb\":{\"@id\":\"https:\\\/\\\/www.eldigitaldeasturias.com\\\/noticias\\\/nueva-reunion-del-foro-de-regiones-espanolas-con-desafios-demograficos\\\/#breadcrumblist\"},\"author\":{\"@id\":\"https:\\\/\\\/www.eldigitaldeasturias.com\\\/noticias\\\/author\\\/admin\\\/#author\"},\"creator\":{\"@id\":\"https:\\\/\\\/www.eldigitaldeasturias.com\\\/noticias\\\/author\\\/admin\\\/#author\"},\"image\":{\"@type\":\"ImageObject\",\"url\":\"https:\\\/\\\/www.eldigitaldeasturias.com\\\/noticias\\\/wp-content\\\/uploads\\\/2016\\\/09\\\/fotonoticia_20160908161938_800.jpg\",\"@id\":\"https:\\\/\\\/www.eldigitaldeasturias.com\\\/noticias\\\/nueva-reunion-del-foro-de-regiones-espanolas-con-desafios-demograficos\\\/#mainImage\",\"width\":800,\"height\":535},\"primaryImageOfPage\":{\"@id\":\"https:\\\/\\\/www.eldigitaldeasturias.com\\\/noticias\\\/nueva-reunion-del-foro-de-regiones-espanolas-con-desafios-demograficos\\\/#mainImage\"},\"datePublished\":\"2016-09-08T21:09:07+02:00\",\"dateModified\":\"2016-09-08T21:09:07+02:00\"},{\"@type\":\"WebSite\",\"@id\":\"https:\\\/\\\/www.eldigitaldeasturias.com\\\/noticias\\\/#website\",\"url\":\"https:\\\/\\\/www.eldigitaldeasturias.com\\\/noticias\\\/\",\"name\":\"El Digital de Asturias - Diario de actualidad y noticias\",\"alternateName\":\"El Digital de Asturias - Diario de actualidad y noticias\",\"description\":\"Hemeroteca\",\"inLanguage\":\"es-ES\",\"publisher\":{\"@id\":\"https:\\\/\\\/www.eldigitaldeasturias.com\\\/noticias\\\/#organization\"}}]}\n\t\t<\/script>\n\t\t<!-- All in One SEO Pro -->\r\n\t\t<title>Nueva reuni\u00f3n del Foro de Regiones Espa\u00f1olas con Desaf\u00edos Demogr\u00e1ficos - El Digital de Asturias<\/title>\n\n","aioseo_head_json":{"title":"Nueva reuni\u00f3n del Foro de Regiones Espa\u00f1olas con Desaf\u00edos Demogr\u00e1ficos - El Digital de Asturias","description":"Europarlamentarios espa\u00f1oles de los diferentes grupos pol\u00edticos de las ocho comunidades aut\u00f3nomas que forman parte del Foro de Regiones Espa\u00f1olas con Desaf\u00edos Demogr\u00e1ficos (FREDD) participar\u00e1n en la VI reuni\u00f3n de este grupo que tendr\u00e1 lugar en Castilla-La Mancha. As\u00ed lo ha destacado el director general de Relaciones Institucionales y Asuntos Europeos, Cruz Fern\u00e1ndez Mariscal, tras","canonical_url":"https:\/\/www.eldigitaldeasturias.com\/noticias\/nueva-reunion-del-foro-de-regiones-espanolas-con-desafios-demograficos\/","robots":"max-image-preview:large","keywords":"actualidad","webmasterTools":{"google-site-verification":"UA-38556648-1","msvalidate.01":"7dfe9f3f1b24437ab69f4f2559babe99","miscellaneous":""},"schema":{"@context":"https:\/\/schema.org","@graph":[{"@type":"BlogPosting","@id":"https:\/\/www.eldigitaldeasturias.com\/noticias\/nueva-reunion-del-foro-de-regiones-espanolas-con-desafios-demograficos\/#blogposting","name":"Nueva reuni\u00f3n del Foro de Regiones Espa\u00f1olas con Desaf\u00edos Demogr\u00e1ficos - El Digital de Asturias","headline":"Nueva reuni\u00f3n del Foro de Regiones Espa\u00f1olas con Desaf\u00edos Demogr\u00e1ficos","author":{"@id":"https:\/\/www.eldigitaldeasturias.com\/noticias\/author\/admin\/#author"},"publisher":{"@id":"https:\/\/www.eldigitaldeasturias.com\/noticias\/#organization"},"image":{"@type":"ImageObject","url":"https:\/\/www.eldigitaldeasturias.com\/noticias\/wp-content\/uploads\/2016\/09\/fotonoticia_20160908161938_800.jpg","width":800,"height":535},"datePublished":"2016-09-08T21:09:07+02:00","dateModified":"2016-09-08T21:09:07+02:00","inLanguage":"es-ES","mainEntityOfPage":{"@id":"https:\/\/www.eldigitaldeasturias.com\/noticias\/nueva-reunion-del-foro-de-regiones-espanolas-con-desafios-demograficos\/#webpage"},"isPartOf":{"@id":"https:\/\/www.eldigitaldeasturias.com\/noticias\/nueva-reunion-del-foro-de-regiones-espanolas-con-desafios-demograficos\/#webpage"},"articleSection":"Actualidad"},{"@type":"BreadcrumbList","@id":"https:\/\/www.eldigitaldeasturias.com\/noticias\/nueva-reunion-del-foro-de-regiones-espanolas-con-desafios-demograficos\/#breadcrumblist","itemListElement":[{"@type":"ListItem","@id":"https:\/\/www.eldigitaldeasturias.com\/noticias#listItem","position":1,"name":"Home","item":"https:\/\/www.eldigitaldeasturias.com\/noticias","nextItem":{"@type":"ListItem","@id":"https:\/\/www.eldigitaldeasturias.com\/noticias\/category\/actualidad\/#listItem","name":"Actualidad"}},{"@type":"ListItem","@id":"https:\/\/www.eldigitaldeasturias.com\/noticias\/category\/actualidad\/#listItem","position":2,"name":"Actualidad","item":"https:\/\/www.eldigitaldeasturias.com\/noticias\/category\/actualidad\/","nextItem":{"@type":"ListItem","@id":"https:\/\/www.eldigitaldeasturias.com\/noticias\/nueva-reunion-del-foro-de-regiones-espanolas-con-desafios-demograficos\/#listItem","name":"Nueva reuni\u00f3n del Foro de Regiones Espa\u00f1olas con Desaf\u00edos Demogr\u00e1ficos"},"previousItem":{"@type":"ListItem","@id":"https:\/\/www.eldigitaldeasturias.com\/noticias#listItem","name":"Home"}},{"@type":"ListItem","@id":"https:\/\/www.eldigitaldeasturias.com\/noticias\/nueva-reunion-del-foro-de-regiones-espanolas-con-desafios-demograficos\/#listItem","position":3,"name":"Nueva reuni\u00f3n del Foro de Regiones Espa\u00f1olas con Desaf\u00edos Demogr\u00e1ficos","previousItem":{"@type":"ListItem","@id":"https:\/\/www.eldigitaldeasturias.com\/noticias\/category\/actualidad\/#listItem","name":"Actualidad"}}]},{"@type":"Organization","@id":"https:\/\/www.eldigitaldeasturias.com\/noticias\/#organization","name":"El Digital de Asturias","description":"Hemeroteca","url":"https:\/\/www.eldigitaldeasturias.com\/noticias\/","email":"info@eldigitaldeasturias.com","telephone":"+34652131393","logo":{"@type":"ImageObject","url":"https:\/\/www.eldigitaldeasturias.com\/noticias\/wp-content\/uploads\/2020\/12\/EDA.jpg","@id":"https:\/\/www.eldigitaldeasturias.com\/noticias\/nueva-reunion-del-foro-de-regiones-espanolas-con-desafios-demograficos\/#organizationLogo","width":649,"height":297},"image":{"@id":"https:\/\/www.eldigitaldeasturias.com\/noticias\/nueva-reunion-del-foro-de-regiones-espanolas-con-desafios-demograficos\/#organizationLogo"},"sameAs":["https:\/\/facebook.com\/eldigitaldeasturias","https:\/\/www.youtube.com\/channel\/UCZP-2wLEB9Rv6erhFmqVnvg"],"address":{"@id":"https:\/\/www.eldigitaldeasturias.com\/noticias\/#postaladdress","@type":"PostalAddress","streetAddress":"san antonio 4,","postalCode":"33430","addressLocality":"Cand\u00e1s","addressRegion":"Asturias","addressCountry":"ES"}},{"@type":"Person","@id":"https:\/\/www.eldigitaldeasturias.com\/noticias\/author\/admin\/#author","url":"https:\/\/www.eldigitaldeasturias.com\/noticias\/author\/admin\/","name":"El Digital de Asturias","image":{"@type":"ImageObject","@id":"https:\/\/www.eldigitaldeasturias.com\/noticias\/nueva-reunion-del-foro-de-regiones-espanolas-con-desafios-demograficos\/#authorImage","url":"https:\/\/www.eldigitaldeasturias.com\/noticias\/wp-content\/litespeed\/avatar\/18677e78aa0546b92d9dbf31ec7d7668.jpg?ver=1776685526","width":96,"height":96,"caption":"El Digital de Asturias"}},{"@type":"WebPage","@id":"https:\/\/www.eldigitaldeasturias.com\/noticias\/nueva-reunion-del-foro-de-regiones-espanolas-con-desafios-demograficos\/#webpage","url":"https:\/\/www.eldigitaldeasturias.com\/noticias\/nueva-reunion-del-foro-de-regiones-espanolas-con-desafios-demograficos\/","name":"Nueva reuni\u00f3n del Foro de Regiones Espa\u00f1olas con Desaf\u00edos Demogr\u00e1ficos - El Digital de Asturias","description":"Europarlamentarios espa\u00f1oles de los diferentes grupos pol\u00edticos de las ocho comunidades aut\u00f3nomas que forman parte del Foro de Regiones Espa\u00f1olas con Desaf\u00edos Demogr\u00e1ficos (FREDD) participar\u00e1n en la VI reuni\u00f3n de este grupo que tendr\u00e1 lugar en Castilla-La Mancha. As\u00ed lo ha destacado el director general de Relaciones Institucionales y Asuntos Europeos, Cruz Fern\u00e1ndez Mariscal, tras","inLanguage":"es-ES","isPartOf":{"@id":"https:\/\/www.eldigitaldeasturias.com\/noticias\/#website"},"breadcrumb":{"@id":"https:\/\/www.eldigitaldeasturias.com\/noticias\/nueva-reunion-del-foro-de-regiones-espanolas-con-desafios-demograficos\/#breadcrumblist"},"author":{"@id":"https:\/\/www.eldigitaldeasturias.com\/noticias\/author\/admin\/#author"},"creator":{"@id":"https:\/\/www.eldigitaldeasturias.com\/noticias\/author\/admin\/#author"},"image":{"@type":"ImageObject","url":"https:\/\/www.eldigitaldeasturias.com\/noticias\/wp-content\/uploads\/2016\/09\/fotonoticia_20160908161938_800.jpg","@id":"https:\/\/www.eldigitaldeasturias.com\/noticias\/nueva-reunion-del-foro-de-regiones-espanolas-con-desafios-demograficos\/#mainImage","width":800,"height":535},"primaryImageOfPage":{"@id":"https:\/\/www.eldigitaldeasturias.com\/noticias\/nueva-reunion-del-foro-de-regiones-espanolas-con-desafios-demograficos\/#mainImage"},"datePublished":"2016-09-08T21:09:07+02:00","dateModified":"2016-09-08T21:09:07+02:00"},{"@type":"WebSite","@id":"https:\/\/www.eldigitaldeasturias.com\/noticias\/#website","url":"https:\/\/www.eldigitaldeasturias.com\/noticias\/","name":"El Digital de Asturias - Diario de actualidad y noticias","alternateName":"El Digital de Asturias - Diario de actualidad y noticias","description":"Hemeroteca","inLanguage":"es-ES","publisher":{"@id":"https:\/\/www.eldigitaldeasturias.com\/noticias\/#organization"}}]},"og:locale":"es_ES","og:site_name":"El Digital de Asturias","og:type":"article","og:title":"Nueva reuni\u00f3n del Foro de Regiones Espa\u00f1olas con Desaf\u00edos Demogr\u00e1ficos - El Digital de Asturias","og:description":"Europarlamentarios espa\u00f1oles de los diferentes grupos pol\u00edticos de las ocho comunidades aut\u00f3nomas que forman parte del Foro de Regiones Espa\u00f1olas con Desaf\u00edos Demogr\u00e1ficos (FREDD) participar\u00e1n en la VI reuni\u00f3n de este grupo que tendr\u00e1 lugar en Castilla-La Mancha. As\u00ed lo ha destacado el director general de Relaciones Institucionales y Asuntos Europeos, Cruz Fern\u00e1ndez Mariscal, tras","og:url":"https:\/\/www.eldigitaldeasturias.com\/noticias\/nueva-reunion-del-foro-de-regiones-espanolas-con-desafios-demograficos\/","og:image":"https:\/\/www.eldigitaldeasturias.com\/noticias\/wp-content\/uploads\/2016\/09\/fotonoticia_20160908161938_800.jpg","og:image:secure_url":"https:\/\/www.eldigitaldeasturias.com\/noticias\/wp-content\/uploads\/2016\/09\/fotonoticia_20160908161938_800.jpg","og:image:width":800,"og:image:height":535,"article:tag":["actualidad"],"article:published_time":"2016-09-08T20:09:07+00:00","article:modified_time":"2016-09-08T20:09:07+00:00","article:publisher":"https:\/\/facebook.com\/eldigitaldeasturias","twitter:card":"summary_large_image","twitter:title":"Nueva reuni\u00f3n del Foro de Regiones Espa\u00f1olas con Desaf\u00edos Demogr\u00e1ficos - El Digital de Asturias","twitter:description":"Europarlamentarios espa\u00f1oles de los diferentes grupos pol\u00edticos de las ocho comunidades aut\u00f3nomas que forman parte del Foro de Regiones Espa\u00f1olas con Desaf\u00edos Demogr\u00e1ficos (FREDD) participar\u00e1n en la VI reuni\u00f3n de este grupo que tendr\u00e1 lugar en Castilla-La Mancha. As\u00ed lo ha destacado el director general de Relaciones Institucionales y Asuntos Europeos, Cruz Fern\u00e1ndez Mariscal, tras","twitter:image":"https:\/\/www.eldigitaldeasturias.com\/noticias\/wp-content\/uploads\/2016\/09\/fotonoticia_20160908161938_800.jpg","twitter:label1":"Escrito por","twitter:data1":"El Digital de Asturias","twitter:label2":"Tiempo de lectura estimado","twitter:data2":"1 minuto"},"aioseo_meta_data":{"post_id":"906499","title":null,"description":null,"keywords":null,"keyphrases":null,"primary_term":null,"canonical_url":null,"og_title":null,"og_description":null,"og_object_type":"default","og_image_type":"default","og_image_url":null,"og_image_width":null,"og_image_height":null,"og_image_custom_url":null,"og_image_custom_fields":null,"og_video":null,"og_custom_url":null,"og_article_section":null,"og_article_tags":null,"twitter_use_og":false,"twitter_card":"default","twitter_image_type":"default","twitter_image_url":null,"twitter_image_custom_url":null,"twitter_image_custom_fields":null,"twitter_title":null,"twitter_description":null,"schema":{"blockGraphs":[],"customGraphs":[],"default":{"data":{"Article":[],"Course":[],"Dataset":[],"FAQPage":[],"Movie":[],"Person":[],"Product":[],"ProductReview":[],"Car":[],"Recipe":[],"Service":[],"SoftwareApplication":[],"WebPage":[]},"graphName":"","isEnabled":true},"graphs":[],"defaultGraph":"","defaultPostTypeGraph":""},"schema_type":null,"schema_type_options":null,"pillar_content":false,"robots_default":true,"robots_noindex":false,"robots_noarchive":false,"robots_nosnippet":false,"robots_nofollow":false,"robots_noimageindex":false,"robots_noodp":false,"robots_notranslate":false,"robots_max_snippet":null,"robots_max_videopreview":null,"robots_max_imagepreview":"large","priority":null,"frequency":null,"local_seo":null,"seo_analyzer_scan_date":"2025-11-30 09:15:14","breadcrumb_settings":null,"limit_modified_date":false,"open_ai":null,"ai":null,"created":"2020-12-21 14:01:33","updated":"2025-11-30 09:15:14"},"aioseo_breadcrumb":"<div class=\"aioseo-breadcrumbs\"><span class=\"aioseo-breadcrumb\">\n\t<a href=\"https:\/\/www.eldigitaldeasturias.com\/noticias\" title=\"Home\">Home<\/a>\n<\/span><span class=\"aioseo-breadcrumb-separator\">\u2013<\/span><span class=\"aioseo-breadcrumb\">\n\t<a href=\"https:\/\/www.eldigitaldeasturias.com\/noticias\/category\/actualidad\/\" title=\"Actualidad\">Actualidad<\/a>\n<\/span><span class=\"aioseo-breadcrumb-separator\">\u2013<\/span><span class=\"aioseo-breadcrumb\">\n\t<a href=\"https:\/\/www.eldigitaldeasturias.com\/noticias\/nueva-reunion-del-foro-de-regiones-espanolas-con-desafios-demograficos\/\" title=\"Nueva reuni\u00f3n del Foro de Regiones Espa\u00f1olas con Desaf\u00edos Demogr\u00e1ficos\">Nueva reuni\u00f3n del Foro de Regiones Espa\u00f1olas con Desaf\u00edos Demogr\u00e1ficos<\/a>\n<\/span><\/div>","aioseo_breadcrumb_json":[{"label":"Home","link":"https:\/\/www.eldigitaldeasturias.com\/noticias"},{"label":"Actualidad","link":"https:\/\/www.eldigitaldeasturias.com\/noticias\/category\/actualidad\/"},{"label":"Nueva reuni\u00f3n del Foro de Regiones Espa\u00f1olas con Desaf\u00edos Demogr\u00e1ficos","link":"https:\/\/www.eldigitaldeasturias.com\/noticias\/nueva-reunion-del-foro-de-regiones-espanolas-con-desafios-demograficos\/"}],"_links":{"self":[{"href":"https:\/\/www.eldigitaldeasturias.com\/noticias\/wp-json\/wp\/v2\/posts\/906499","targetHints":{"allow":["GET"]}}],"collection":[{"href":"https:\/\/www.eldigitaldeasturias.com\/noticias\/wp-json\/wp\/v2\/posts"}],"about":[{"href":"https:\/\/www.eldigitaldeasturias.com\/noticias\/wp-json\/wp\/v2\/types\/post"}],"author":[{"embeddable":true,"href":"https:\/\/www.eldigitaldeasturias.com\/noticias\/wp-json\/wp\/v2\/users\/1"}],"replies":[{"embeddable":true,"href":"https:\/\/www.eldigitaldeasturias.com\/noticias\/wp-json\/wp\/v2\/comments?post=906499"}],"version-history":[{"count":0,"href":"https:\/\/www.eldigitaldeasturias.com\/noticias\/wp-json\/wp\/v2\/posts\/906499\/revisions"}],"wp:featuredmedia":[{"embeddable":true,"href":"https:\/\/www.eldigitaldeasturias.com\/noticias\/wp-json\/wp\/v2\/media\/906500"}],"wp:attachment":[{"href":"https:\/\/www.eldigitaldeasturias.com\/noticias\/wp-json\/wp\/v2\/media?parent=906499"}],"wp:term":[{"taxonomy":"category","embeddable":true,"href":"https:\/\/www.eldigitaldeasturias.com\/noticias\/wp-json\/wp\/v2\/categories?post=906499"},{"taxonomy":"post_tag","embeddable":true,"href":"https:\/\/www.eldigitaldeasturias.com\/noticias\/wp-json\/wp\/v2\/tags?post=906499"}],"curies":[{"name":"wp","href":"https:\/\/api.w.org\/{rel}","templated":true}]}}