{"id":906492,"date":"2016-09-08T21:02:50","date_gmt":"2016-09-08T20:02:50","guid":{"rendered":"http:\/\/www.eldigitaldeasturias.com\/noticias\/?p=906492"},"modified":"2016-09-08T21:03:35","modified_gmt":"2016-09-08T20:03:35","slug":"quieren-terceras-elecciones-para-que-la-ciudadania-solucione-lo-que-ellos-son-incapaces","status":"publish","type":"post","link":"https:\/\/www.eldigitaldeasturias.com\/noticias\/quieren-terceras-elecciones-para-que-la-ciudadania-solucione-lo-que-ellos-son-incapaces\/","title":{"rendered":"Dom\u00e8nech: \u00abQuieren terceras elecciones para que la ciudadan\u00eda solucione lo que ellos son incapaces\u00bb"},"content":{"rendered":"<p><img loading=\"lazy\" decoding=\"async\" class=\"alignleft size-medium wp-image-906493\" src=\"https:\/\/www.eldigitaldeasturias.com\/noticias\/wp-content\/uploads\/2016\/09\/XDomenech-360x198.jpg\" alt=\"XDomenech\" width=\"360\" height=\"198\" srcset=\"https:\/\/www.eldigitaldeasturias.com\/noticias\/wp-content\/uploads\/2016\/09\/XDomenech-360x198.jpg 360w, https:\/\/www.eldigitaldeasturias.com\/noticias\/wp-content\/uploads\/2016\/09\/XDomenech-650x357.jpg 650w, https:\/\/www.eldigitaldeasturias.com\/noticias\/wp-content\/uploads\/2016\/09\/XDomenech.jpg 655w\" sizes=\"auto, (max-width: 360px) 100vw, 360px\" \/>El portavoz de En Com\u00fa Podem en el Congreso de los Diputados, Xavier Dom\u00e8nech, ha cargado este jueves contra PP y PSOE, asegurando que buscan unas terceras elecciones \u00abpara que la ciudadan\u00eda solucione lo que ellos son incapaces de solucionar\u00bb.<\/p>\n<p>En estos t\u00e9rminos se ha pronunciado el portavoz parlamentario durante un acto de Podemos en Gij\u00f3n con motivo del D\u00eda de Asturias. En declaraciones a los medios, ha asegurado que el bipartidismo est\u00e1 demostrando ser \u00abincapaz\u00bb de aceptar el cambio y de generar mayor\u00edas que permitan un gobierno en Espa\u00f1a, despu\u00e9s de dos investiduras fallidas.<\/p>\n<p>Ante este \u00abbloqueo pol\u00edtico\u00bb, ha reclamado la vuelta a la esencia de Podemos, poniendo en valor el municipalismo y la red de \u00abayuntamientos del cambio\u00bb como una \u00abmagn\u00edfica oportunidad\u00bb para recuperar \u00abla esencia del cambio\u00bb.<\/p>\n<p>&nbsp;<\/p>\n<p>&nbsp;<\/p>\n","protected":false},"excerpt":{"rendered":"<p>El portavoz de En Com\u00fa Podem en el Congreso de los Diputados, Xavier Dom\u00e8nech, ha cargado este jueves contra PP y PSOE, asegurando que buscan unas terceras elecciones \u00abpara que la ciudadan\u00eda solucione lo que ellos son incapaces de solucionar\u00bb. En estos t\u00e9rminos se ha pronunciado el portavoz parlamentario durante un acto de Podemos en [&hellip;]<\/p>\n","protected":false},"author":1,"featured_media":906493,"comment_status":"closed","ping_status":"closed","sticky":false,"template":"","format":"standard","meta":{"footnotes":""},"categories":[12],"tags":[],"class_list":["post-906492","post","type-post","status-publish","format-standard","has-post-thumbnail","hentry","category-actualidad-asturias"],"aioseo_notices":[],"aioseo_head":"\n\t\t<!-- All in One SEO Pro 4.9.6.2 - aioseo.com -->\n\t<meta name=\"description\" content=\"El portavoz de En Com\u00fa Podem en el Congreso de los Diputados, Xavier Dom\u00e8nech, ha cargado este jueves contra PP y PSOE, asegurando que buscan unas terceras elecciones &quot;para que la ciudadan\u00eda solucione lo que ellos son incapaces de solucionar&quot;. En estos t\u00e9rminos se ha pronunciado el portavoz parlamentario durante un acto de Podemos en\" \/>\n\t<meta name=\"robots\" content=\"max-image-preview:large\" \/>\n\t<meta name=\"author\" content=\"El Digital de Asturias\"\/>\n\t<meta name=\"google-site-verification\" content=\"UA-38556648-1\" \/>\n\t<meta name=\"msvalidate.01\" content=\"7dfe9f3f1b24437ab69f4f2559babe99\" \/>\n\t<meta name=\"keywords\" content=\"actualidad asturias\" \/>\n\t<link rel=\"canonical\" href=\"https:\/\/www.eldigitaldeasturias.com\/noticias\/quieren-terceras-elecciones-para-que-la-ciudadania-solucione-lo-que-ellos-son-incapaces\/\" \/>\n\t<meta name=\"generator\" content=\"All in One SEO Pro (AIOSEO) 4.9.6.2\" \/>\n\t\t<meta property=\"og:locale\" content=\"es_ES\" \/>\n\t\t<meta property=\"og:site_name\" content=\"El Digital de Asturias\" \/>\n\t\t<meta property=\"og:type\" content=\"article\" \/>\n\t\t<meta property=\"og:title\" content=\"Dom\u00e8nech: \u00abQuieren terceras elecciones para que la ciudadan\u00eda solucione lo que ellos son incapaces\u00bb - El Digital de Asturias\" \/>\n\t\t<meta property=\"og:description\" content=\"El portavoz de En Com\u00fa Podem en el Congreso de los Diputados, Xavier Dom\u00e8nech, ha cargado este jueves contra PP y PSOE, asegurando que buscan unas terceras elecciones &quot;para que la ciudadan\u00eda solucione lo que ellos son incapaces de solucionar&quot;. En estos t\u00e9rminos se ha pronunciado el portavoz parlamentario durante un acto de Podemos en\" \/>\n\t\t<meta property=\"og:url\" content=\"https:\/\/www.eldigitaldeasturias.com\/noticias\/quieren-terceras-elecciones-para-que-la-ciudadania-solucione-lo-que-ellos-son-incapaces\/\" \/>\n\t\t<meta property=\"og:image\" content=\"https:\/\/www.eldigitaldeasturias.com\/noticias\/wp-content\/uploads\/2016\/09\/XDomenech.jpg\" \/>\n\t\t<meta property=\"og:image:secure_url\" content=\"https:\/\/www.eldigitaldeasturias.com\/noticias\/wp-content\/uploads\/2016\/09\/XDomenech.jpg\" \/>\n\t\t<meta property=\"og:image:width\" content=\"655\" \/>\n\t\t<meta property=\"og:image:height\" content=\"360\" \/>\n\t\t<meta property=\"article:tag\" content=\"actualidad asturias\" \/>\n\t\t<meta property=\"article:published_time\" content=\"2016-09-08T20:02:50+00:00\" \/>\n\t\t<meta property=\"article:modified_time\" content=\"2016-09-08T20:03:35+00:00\" \/>\n\t\t<meta property=\"article:publisher\" content=\"https:\/\/facebook.com\/eldigitaldeasturias\" \/>\n\t\t<meta name=\"twitter:card\" content=\"summary_large_image\" \/>\n\t\t<meta name=\"twitter:title\" content=\"Dom\u00e8nech: \u00abQuieren terceras elecciones para que la ciudadan\u00eda solucione lo que ellos son incapaces\u00bb - El Digital de Asturias\" \/>\n\t\t<meta name=\"twitter:description\" content=\"El portavoz de En Com\u00fa Podem en el Congreso de los Diputados, Xavier Dom\u00e8nech, ha cargado este jueves contra PP y PSOE, asegurando que buscan unas terceras elecciones &quot;para que la ciudadan\u00eda solucione lo que ellos son incapaces de solucionar&quot;. En estos t\u00e9rminos se ha pronunciado el portavoz parlamentario durante un acto de Podemos en\" \/>\n\t\t<meta name=\"twitter:image\" content=\"https:\/\/www.eldigitaldeasturias.com\/noticias\/wp-content\/uploads\/2016\/09\/XDomenech.jpg\" \/>\n\t\t<meta name=\"twitter:label1\" content=\"Escrito por\" \/>\n\t\t<meta name=\"twitter:data1\" content=\"El Digital de Asturias\" \/>\n\t\t<meta name=\"twitter:label2\" content=\"Tiempo de lectura estimado\" \/>\n\t\t<meta name=\"twitter:data2\" content=\"1 minuto\" \/>\n\t\t<script type=\"application\/ld+json\" class=\"aioseo-schema\">\n\t\t\t{\"@context\":\"https:\\\/\\\/schema.org\",\"@graph\":[{\"@type\":\"BlogPosting\",\"@id\":\"https:\\\/\\\/www.eldigitaldeasturias.com\\\/noticias\\\/quieren-terceras-elecciones-para-que-la-ciudadania-solucione-lo-que-ellos-son-incapaces\\\/#blogposting\",\"name\":\"Dom\\u00e8nech: \\u00abQuieren terceras elecciones para que la ciudadan\\u00eda solucione lo que ellos son incapaces\\u00bb - El Digital de Asturias\",\"headline\":\"Dom\\u00e8nech: \\u00abQuieren terceras elecciones para que la ciudadan\\u00eda solucione lo que ellos son incapaces\\u00bb\",\"author\":{\"@id\":\"https:\\\/\\\/www.eldigitaldeasturias.com\\\/noticias\\\/author\\\/admin\\\/#author\"},\"publisher\":{\"@id\":\"https:\\\/\\\/www.eldigitaldeasturias.com\\\/noticias\\\/#organization\"},\"image\":{\"@type\":\"ImageObject\",\"url\":\"https:\\\/\\\/www.eldigitaldeasturias.com\\\/noticias\\\/wp-content\\\/uploads\\\/2016\\\/09\\\/XDomenech.jpg\",\"width\":655,\"height\":360},\"datePublished\":\"2016-09-08T21:02:50+02:00\",\"dateModified\":\"2016-09-08T21:03:35+02:00\",\"inLanguage\":\"es-ES\",\"mainEntityOfPage\":{\"@id\":\"https:\\\/\\\/www.eldigitaldeasturias.com\\\/noticias\\\/quieren-terceras-elecciones-para-que-la-ciudadania-solucione-lo-que-ellos-son-incapaces\\\/#webpage\"},\"isPartOf\":{\"@id\":\"https:\\\/\\\/www.eldigitaldeasturias.com\\\/noticias\\\/quieren-terceras-elecciones-para-que-la-ciudadania-solucione-lo-que-ellos-son-incapaces\\\/#webpage\"},\"articleSection\":\"Actualidad Asturias\"},{\"@type\":\"BreadcrumbList\",\"@id\":\"https:\\\/\\\/www.eldigitaldeasturias.com\\\/noticias\\\/quieren-terceras-elecciones-para-que-la-ciudadania-solucione-lo-que-ellos-son-incapaces\\\/#breadcrumblist\",\"itemListElement\":[{\"@type\":\"ListItem\",\"@id\":\"https:\\\/\\\/www.eldigitaldeasturias.com\\\/noticias#listItem\",\"position\":1,\"name\":\"Home\",\"item\":\"https:\\\/\\\/www.eldigitaldeasturias.com\\\/noticias\",\"nextItem\":{\"@type\":\"ListItem\",\"@id\":\"https:\\\/\\\/www.eldigitaldeasturias.com\\\/noticias\\\/category\\\/actualidad-asturias\\\/#listItem\",\"name\":\"Actualidad Asturias\"}},{\"@type\":\"ListItem\",\"@id\":\"https:\\\/\\\/www.eldigitaldeasturias.com\\\/noticias\\\/category\\\/actualidad-asturias\\\/#listItem\",\"position\":2,\"name\":\"Actualidad Asturias\",\"item\":\"https:\\\/\\\/www.eldigitaldeasturias.com\\\/noticias\\\/category\\\/actualidad-asturias\\\/\",\"nextItem\":{\"@type\":\"ListItem\",\"@id\":\"https:\\\/\\\/www.eldigitaldeasturias.com\\\/noticias\\\/quieren-terceras-elecciones-para-que-la-ciudadania-solucione-lo-que-ellos-son-incapaces\\\/#listItem\",\"name\":\"Dom\\u00e8nech: \\u00abQuieren terceras elecciones para que la ciudadan\\u00eda solucione lo que ellos son incapaces\\u00bb\"},\"previousItem\":{\"@type\":\"ListItem\",\"@id\":\"https:\\\/\\\/www.eldigitaldeasturias.com\\\/noticias#listItem\",\"name\":\"Home\"}},{\"@type\":\"ListItem\",\"@id\":\"https:\\\/\\\/www.eldigitaldeasturias.com\\\/noticias\\\/quieren-terceras-elecciones-para-que-la-ciudadania-solucione-lo-que-ellos-son-incapaces\\\/#listItem\",\"position\":3,\"name\":\"Dom\\u00e8nech: \\u00abQuieren terceras elecciones para que la ciudadan\\u00eda solucione lo que ellos son incapaces\\u00bb\",\"previousItem\":{\"@type\":\"ListItem\",\"@id\":\"https:\\\/\\\/www.eldigitaldeasturias.com\\\/noticias\\\/category\\\/actualidad-asturias\\\/#listItem\",\"name\":\"Actualidad Asturias\"}}]},{\"@type\":\"Organization\",\"@id\":\"https:\\\/\\\/www.eldigitaldeasturias.com\\\/noticias\\\/#organization\",\"name\":\"El Digital de Asturias\",\"description\":\"Hemeroteca\",\"url\":\"https:\\\/\\\/www.eldigitaldeasturias.com\\\/noticias\\\/\",\"email\":\"info@eldigitaldeasturias.com\",\"telephone\":\"+34652131393\",\"logo\":{\"@type\":\"ImageObject\",\"url\":\"https:\\\/\\\/www.eldigitaldeasturias.com\\\/noticias\\\/wp-content\\\/uploads\\\/2020\\\/12\\\/EDA.jpg\",\"@id\":\"https:\\\/\\\/www.eldigitaldeasturias.com\\\/noticias\\\/quieren-terceras-elecciones-para-que-la-ciudadania-solucione-lo-que-ellos-son-incapaces\\\/#organizationLogo\",\"width\":649,\"height\":297},\"image\":{\"@id\":\"https:\\\/\\\/www.eldigitaldeasturias.com\\\/noticias\\\/quieren-terceras-elecciones-para-que-la-ciudadania-solucione-lo-que-ellos-son-incapaces\\\/#organizationLogo\"},\"sameAs\":[\"https:\\\/\\\/facebook.com\\\/eldigitaldeasturias\",\"https:\\\/\\\/www.youtube.com\\\/channel\\\/UCZP-2wLEB9Rv6erhFmqVnvg\"],\"address\":{\"@id\":\"https:\\\/\\\/www.eldigitaldeasturias.com\\\/noticias\\\/#postaladdress\",\"@type\":\"PostalAddress\",\"streetAddress\":\"san antonio 4,\",\"postalCode\":\"33430\",\"addressLocality\":\"Cand\\u00e1s\",\"addressRegion\":\"Asturias\",\"addressCountry\":\"ES\"}},{\"@type\":\"Person\",\"@id\":\"https:\\\/\\\/www.eldigitaldeasturias.com\\\/noticias\\\/author\\\/admin\\\/#author\",\"url\":\"https:\\\/\\\/www.eldigitaldeasturias.com\\\/noticias\\\/author\\\/admin\\\/\",\"name\":\"El Digital de Asturias\",\"image\":{\"@type\":\"ImageObject\",\"@id\":\"https:\\\/\\\/www.eldigitaldeasturias.com\\\/noticias\\\/quieren-terceras-elecciones-para-que-la-ciudadania-solucione-lo-que-ellos-son-incapaces\\\/#authorImage\",\"url\":\"https:\\\/\\\/www.eldigitaldeasturias.com\\\/noticias\\\/wp-content\\\/litespeed\\\/avatar\\\/18677e78aa0546b92d9dbf31ec7d7668.jpg?ver=1776685526\",\"width\":96,\"height\":96,\"caption\":\"El Digital de Asturias\"}},{\"@type\":\"WebPage\",\"@id\":\"https:\\\/\\\/www.eldigitaldeasturias.com\\\/noticias\\\/quieren-terceras-elecciones-para-que-la-ciudadania-solucione-lo-que-ellos-son-incapaces\\\/#webpage\",\"url\":\"https:\\\/\\\/www.eldigitaldeasturias.com\\\/noticias\\\/quieren-terceras-elecciones-para-que-la-ciudadania-solucione-lo-que-ellos-son-incapaces\\\/\",\"name\":\"Dom\\u00e8nech: \\u00abQuieren terceras elecciones para que la ciudadan\\u00eda solucione lo que ellos son incapaces\\u00bb - El Digital de Asturias\",\"description\":\"El portavoz de En Com\\u00fa Podem en el Congreso de los Diputados, Xavier Dom\\u00e8nech, ha cargado este jueves contra PP y PSOE, asegurando que buscan unas terceras elecciones \\\"para que la ciudadan\\u00eda solucione lo que ellos son incapaces de solucionar\\\". En estos t\\u00e9rminos se ha pronunciado el portavoz parlamentario durante un acto de Podemos en\",\"inLanguage\":\"es-ES\",\"isPartOf\":{\"@id\":\"https:\\\/\\\/www.eldigitaldeasturias.com\\\/noticias\\\/#website\"},\"breadcrumb\":{\"@id\":\"https:\\\/\\\/www.eldigitaldeasturias.com\\\/noticias\\\/quieren-terceras-elecciones-para-que-la-ciudadania-solucione-lo-que-ellos-son-incapaces\\\/#breadcrumblist\"},\"author\":{\"@id\":\"https:\\\/\\\/www.eldigitaldeasturias.com\\\/noticias\\\/author\\\/admin\\\/#author\"},\"creator\":{\"@id\":\"https:\\\/\\\/www.eldigitaldeasturias.com\\\/noticias\\\/author\\\/admin\\\/#author\"},\"image\":{\"@type\":\"ImageObject\",\"url\":\"https:\\\/\\\/www.eldigitaldeasturias.com\\\/noticias\\\/wp-content\\\/uploads\\\/2016\\\/09\\\/XDomenech.jpg\",\"@id\":\"https:\\\/\\\/www.eldigitaldeasturias.com\\\/noticias\\\/quieren-terceras-elecciones-para-que-la-ciudadania-solucione-lo-que-ellos-son-incapaces\\\/#mainImage\",\"width\":655,\"height\":360},\"primaryImageOfPage\":{\"@id\":\"https:\\\/\\\/www.eldigitaldeasturias.com\\\/noticias\\\/quieren-terceras-elecciones-para-que-la-ciudadania-solucione-lo-que-ellos-son-incapaces\\\/#mainImage\"},\"datePublished\":\"2016-09-08T21:02:50+02:00\",\"dateModified\":\"2016-09-08T21:03:35+02:00\"},{\"@type\":\"WebSite\",\"@id\":\"https:\\\/\\\/www.eldigitaldeasturias.com\\\/noticias\\\/#website\",\"url\":\"https:\\\/\\\/www.eldigitaldeasturias.com\\\/noticias\\\/\",\"name\":\"El Digital de Asturias - Diario de actualidad y noticias\",\"alternateName\":\"El Digital de Asturias - Diario de actualidad y noticias\",\"description\":\"Hemeroteca\",\"inLanguage\":\"es-ES\",\"publisher\":{\"@id\":\"https:\\\/\\\/www.eldigitaldeasturias.com\\\/noticias\\\/#organization\"}}]}\n\t\t<\/script>\n\t\t<!-- All in One SEO Pro -->\r\n\t\t<title>Dom\u00e8nech: \u00abQuieren terceras elecciones para que la ciudadan\u00eda solucione lo que ellos son incapaces\u00bb - El Digital de Asturias<\/title>\n\n","aioseo_head_json":{"title":"Dom\u00e8nech: \u00abQuieren terceras elecciones para que la ciudadan\u00eda solucione lo que ellos son incapaces\u00bb - El Digital de Asturias","description":"El portavoz de En Com\u00fa Podem en el Congreso de los Diputados, Xavier Dom\u00e8nech, ha cargado este jueves contra PP y PSOE, asegurando que buscan unas terceras elecciones \"para que la ciudadan\u00eda solucione lo que ellos son incapaces de solucionar\". En estos t\u00e9rminos se ha pronunciado el portavoz parlamentario durante un acto de Podemos en","canonical_url":"https:\/\/www.eldigitaldeasturias.com\/noticias\/quieren-terceras-elecciones-para-que-la-ciudadania-solucione-lo-que-ellos-son-incapaces\/","robots":"max-image-preview:large","keywords":"actualidad asturias","webmasterTools":{"google-site-verification":"UA-38556648-1","msvalidate.01":"7dfe9f3f1b24437ab69f4f2559babe99","miscellaneous":""},"schema":{"@context":"https:\/\/schema.org","@graph":[{"@type":"BlogPosting","@id":"https:\/\/www.eldigitaldeasturias.com\/noticias\/quieren-terceras-elecciones-para-que-la-ciudadania-solucione-lo-que-ellos-son-incapaces\/#blogposting","name":"Dom\u00e8nech: \u00abQuieren terceras elecciones para que la ciudadan\u00eda solucione lo que ellos son incapaces\u00bb - El Digital de Asturias","headline":"Dom\u00e8nech: \u00abQuieren terceras elecciones para que la ciudadan\u00eda solucione lo que ellos son incapaces\u00bb","author":{"@id":"https:\/\/www.eldigitaldeasturias.com\/noticias\/author\/admin\/#author"},"publisher":{"@id":"https:\/\/www.eldigitaldeasturias.com\/noticias\/#organization"},"image":{"@type":"ImageObject","url":"https:\/\/www.eldigitaldeasturias.com\/noticias\/wp-content\/uploads\/2016\/09\/XDomenech.jpg","width":655,"height":360},"datePublished":"2016-09-08T21:02:50+02:00","dateModified":"2016-09-08T21:03:35+02:00","inLanguage":"es-ES","mainEntityOfPage":{"@id":"https:\/\/www.eldigitaldeasturias.com\/noticias\/quieren-terceras-elecciones-para-que-la-ciudadania-solucione-lo-que-ellos-son-incapaces\/#webpage"},"isPartOf":{"@id":"https:\/\/www.eldigitaldeasturias.com\/noticias\/quieren-terceras-elecciones-para-que-la-ciudadania-solucione-lo-que-ellos-son-incapaces\/#webpage"},"articleSection":"Actualidad Asturias"},{"@type":"BreadcrumbList","@id":"https:\/\/www.eldigitaldeasturias.com\/noticias\/quieren-terceras-elecciones-para-que-la-ciudadania-solucione-lo-que-ellos-son-incapaces\/#breadcrumblist","itemListElement":[{"@type":"ListItem","@id":"https:\/\/www.eldigitaldeasturias.com\/noticias#listItem","position":1,"name":"Home","item":"https:\/\/www.eldigitaldeasturias.com\/noticias","nextItem":{"@type":"ListItem","@id":"https:\/\/www.eldigitaldeasturias.com\/noticias\/category\/actualidad-asturias\/#listItem","name":"Actualidad Asturias"}},{"@type":"ListItem","@id":"https:\/\/www.eldigitaldeasturias.com\/noticias\/category\/actualidad-asturias\/#listItem","position":2,"name":"Actualidad Asturias","item":"https:\/\/www.eldigitaldeasturias.com\/noticias\/category\/actualidad-asturias\/","nextItem":{"@type":"ListItem","@id":"https:\/\/www.eldigitaldeasturias.com\/noticias\/quieren-terceras-elecciones-para-que-la-ciudadania-solucione-lo-que-ellos-son-incapaces\/#listItem","name":"Dom\u00e8nech: \u00abQuieren terceras elecciones para que la ciudadan\u00eda solucione lo que ellos son incapaces\u00bb"},"previousItem":{"@type":"ListItem","@id":"https:\/\/www.eldigitaldeasturias.com\/noticias#listItem","name":"Home"}},{"@type":"ListItem","@id":"https:\/\/www.eldigitaldeasturias.com\/noticias\/quieren-terceras-elecciones-para-que-la-ciudadania-solucione-lo-que-ellos-son-incapaces\/#listItem","position":3,"name":"Dom\u00e8nech: \u00abQuieren terceras elecciones para que la ciudadan\u00eda solucione lo que ellos son incapaces\u00bb","previousItem":{"@type":"ListItem","@id":"https:\/\/www.eldigitaldeasturias.com\/noticias\/category\/actualidad-asturias\/#listItem","name":"Actualidad Asturias"}}]},{"@type":"Organization","@id":"https:\/\/www.eldigitaldeasturias.com\/noticias\/#organization","name":"El Digital de Asturias","description":"Hemeroteca","url":"https:\/\/www.eldigitaldeasturias.com\/noticias\/","email":"info@eldigitaldeasturias.com","telephone":"+34652131393","logo":{"@type":"ImageObject","url":"https:\/\/www.eldigitaldeasturias.com\/noticias\/wp-content\/uploads\/2020\/12\/EDA.jpg","@id":"https:\/\/www.eldigitaldeasturias.com\/noticias\/quieren-terceras-elecciones-para-que-la-ciudadania-solucione-lo-que-ellos-son-incapaces\/#organizationLogo","width":649,"height":297},"image":{"@id":"https:\/\/www.eldigitaldeasturias.com\/noticias\/quieren-terceras-elecciones-para-que-la-ciudadania-solucione-lo-que-ellos-son-incapaces\/#organizationLogo"},"sameAs":["https:\/\/facebook.com\/eldigitaldeasturias","https:\/\/www.youtube.com\/channel\/UCZP-2wLEB9Rv6erhFmqVnvg"],"address":{"@id":"https:\/\/www.eldigitaldeasturias.com\/noticias\/#postaladdress","@type":"PostalAddress","streetAddress":"san antonio 4,","postalCode":"33430","addressLocality":"Cand\u00e1s","addressRegion":"Asturias","addressCountry":"ES"}},{"@type":"Person","@id":"https:\/\/www.eldigitaldeasturias.com\/noticias\/author\/admin\/#author","url":"https:\/\/www.eldigitaldeasturias.com\/noticias\/author\/admin\/","name":"El Digital de Asturias","image":{"@type":"ImageObject","@id":"https:\/\/www.eldigitaldeasturias.com\/noticias\/quieren-terceras-elecciones-para-que-la-ciudadania-solucione-lo-que-ellos-son-incapaces\/#authorImage","url":"https:\/\/www.eldigitaldeasturias.com\/noticias\/wp-content\/litespeed\/avatar\/18677e78aa0546b92d9dbf31ec7d7668.jpg?ver=1776685526","width":96,"height":96,"caption":"El Digital de Asturias"}},{"@type":"WebPage","@id":"https:\/\/www.eldigitaldeasturias.com\/noticias\/quieren-terceras-elecciones-para-que-la-ciudadania-solucione-lo-que-ellos-son-incapaces\/#webpage","url":"https:\/\/www.eldigitaldeasturias.com\/noticias\/quieren-terceras-elecciones-para-que-la-ciudadania-solucione-lo-que-ellos-son-incapaces\/","name":"Dom\u00e8nech: \u00abQuieren terceras elecciones para que la ciudadan\u00eda solucione lo que ellos son incapaces\u00bb - El Digital de Asturias","description":"El portavoz de En Com\u00fa Podem en el Congreso de los Diputados, Xavier Dom\u00e8nech, ha cargado este jueves contra PP y PSOE, asegurando que buscan unas terceras elecciones \"para que la ciudadan\u00eda solucione lo que ellos son incapaces de solucionar\". En estos t\u00e9rminos se ha pronunciado el portavoz parlamentario durante un acto de Podemos en","inLanguage":"es-ES","isPartOf":{"@id":"https:\/\/www.eldigitaldeasturias.com\/noticias\/#website"},"breadcrumb":{"@id":"https:\/\/www.eldigitaldeasturias.com\/noticias\/quieren-terceras-elecciones-para-que-la-ciudadania-solucione-lo-que-ellos-son-incapaces\/#breadcrumblist"},"author":{"@id":"https:\/\/www.eldigitaldeasturias.com\/noticias\/author\/admin\/#author"},"creator":{"@id":"https:\/\/www.eldigitaldeasturias.com\/noticias\/author\/admin\/#author"},"image":{"@type":"ImageObject","url":"https:\/\/www.eldigitaldeasturias.com\/noticias\/wp-content\/uploads\/2016\/09\/XDomenech.jpg","@id":"https:\/\/www.eldigitaldeasturias.com\/noticias\/quieren-terceras-elecciones-para-que-la-ciudadania-solucione-lo-que-ellos-son-incapaces\/#mainImage","width":655,"height":360},"primaryImageOfPage":{"@id":"https:\/\/www.eldigitaldeasturias.com\/noticias\/quieren-terceras-elecciones-para-que-la-ciudadania-solucione-lo-que-ellos-son-incapaces\/#mainImage"},"datePublished":"2016-09-08T21:02:50+02:00","dateModified":"2016-09-08T21:03:35+02:00"},{"@type":"WebSite","@id":"https:\/\/www.eldigitaldeasturias.com\/noticias\/#website","url":"https:\/\/www.eldigitaldeasturias.com\/noticias\/","name":"El Digital de Asturias - Diario de actualidad y noticias","alternateName":"El Digital de Asturias - Diario de actualidad y noticias","description":"Hemeroteca","inLanguage":"es-ES","publisher":{"@id":"https:\/\/www.eldigitaldeasturias.com\/noticias\/#organization"}}]},"og:locale":"es_ES","og:site_name":"El Digital de Asturias","og:type":"article","og:title":"Dom\u00e8nech: \u00abQuieren terceras elecciones para que la ciudadan\u00eda solucione lo que ellos son incapaces\u00bb - El Digital de Asturias","og:description":"El portavoz de En Com\u00fa Podem en el Congreso de los Diputados, Xavier Dom\u00e8nech, ha cargado este jueves contra PP y PSOE, asegurando que buscan unas terceras elecciones &quot;para que la ciudadan\u00eda solucione lo que ellos son incapaces de solucionar&quot;. En estos t\u00e9rminos se ha pronunciado el portavoz parlamentario durante un acto de Podemos en","og:url":"https:\/\/www.eldigitaldeasturias.com\/noticias\/quieren-terceras-elecciones-para-que-la-ciudadania-solucione-lo-que-ellos-son-incapaces\/","og:image":"https:\/\/www.eldigitaldeasturias.com\/noticias\/wp-content\/uploads\/2016\/09\/XDomenech.jpg","og:image:secure_url":"https:\/\/www.eldigitaldeasturias.com\/noticias\/wp-content\/uploads\/2016\/09\/XDomenech.jpg","og:image:width":655,"og:image:height":360,"article:tag":["actualidad asturias"],"article:published_time":"2016-09-08T20:02:50+00:00","article:modified_time":"2016-09-08T20:03:35+00:00","article:publisher":"https:\/\/facebook.com\/eldigitaldeasturias","twitter:card":"summary_large_image","twitter:title":"Dom\u00e8nech: \u00abQuieren terceras elecciones para que la ciudadan\u00eda solucione lo que ellos son incapaces\u00bb - El Digital de Asturias","twitter:description":"El portavoz de En Com\u00fa Podem en el Congreso de los Diputados, Xavier Dom\u00e8nech, ha cargado este jueves contra PP y PSOE, asegurando que buscan unas terceras elecciones &quot;para que la ciudadan\u00eda solucione lo que ellos son incapaces de solucionar&quot;. En estos t\u00e9rminos se ha pronunciado el portavoz parlamentario durante un acto de Podemos en","twitter:image":"https:\/\/www.eldigitaldeasturias.com\/noticias\/wp-content\/uploads\/2016\/09\/XDomenech.jpg","twitter:label1":"Escrito por","twitter:data1":"El Digital de Asturias","twitter:label2":"Tiempo de lectura estimado","twitter:data2":"1 minuto"},"aioseo_meta_data":{"post_id":"906492","title":null,"description":null,"keywords":null,"keyphrases":null,"primary_term":null,"canonical_url":null,"og_title":null,"og_description":null,"og_object_type":"default","og_image_type":"default","og_image_url":null,"og_image_width":null,"og_image_height":null,"og_image_custom_url":null,"og_image_custom_fields":null,"og_video":null,"og_custom_url":null,"og_article_section":null,"og_article_tags":null,"twitter_use_og":false,"twitter_card":"default","twitter_image_type":"default","twitter_image_url":null,"twitter_image_custom_url":null,"twitter_image_custom_fields":null,"twitter_title":null,"twitter_description":null,"schema":{"blockGraphs":[],"customGraphs":[],"default":{"data":{"Article":[],"Course":[],"Dataset":[],"FAQPage":[],"Movie":[],"Person":[],"Product":[],"ProductReview":[],"Car":[],"Recipe":[],"Service":[],"SoftwareApplication":[],"WebPage":[]},"graphName":"","isEnabled":true},"graphs":[],"defaultGraph":"","defaultPostTypeGraph":""},"schema_type":null,"schema_type_options":null,"pillar_content":false,"robots_default":true,"robots_noindex":false,"robots_noarchive":false,"robots_nosnippet":false,"robots_nofollow":false,"robots_noimageindex":false,"robots_noodp":false,"robots_notranslate":false,"robots_max_snippet":null,"robots_max_videopreview":null,"robots_max_imagepreview":"large","priority":null,"frequency":null,"local_seo":null,"seo_analyzer_scan_date":"2025-11-30 09:13:09","breadcrumb_settings":null,"limit_modified_date":false,"open_ai":null,"ai":null,"created":"2020-12-21 14:01:33","updated":"2025-11-30 09:13:09"},"aioseo_breadcrumb":"<div class=\"aioseo-breadcrumbs\"><span class=\"aioseo-breadcrumb\">\n\t<a href=\"https:\/\/www.eldigitaldeasturias.com\/noticias\" title=\"Home\">Home<\/a>\n<\/span><span class=\"aioseo-breadcrumb-separator\">\u2013<\/span><span class=\"aioseo-breadcrumb\">\n\t<a href=\"https:\/\/www.eldigitaldeasturias.com\/noticias\/category\/actualidad-asturias\/\" title=\"Actualidad Asturias\">Actualidad Asturias<\/a>\n<\/span><span class=\"aioseo-breadcrumb-separator\">\u2013<\/span><span class=\"aioseo-breadcrumb\">\n\t<a href=\"https:\/\/www.eldigitaldeasturias.com\/noticias\/quieren-terceras-elecciones-para-que-la-ciudadania-solucione-lo-que-ellos-son-incapaces\/\" title=\"Dom\u00e8nech: \u00abQuieren terceras elecciones para que la ciudadan\u00eda solucione lo que ellos son incapaces\u00bb\">Dom\u00e8nech: \u00abQuieren terceras elecciones para que la ciudadan\u00eda solucione lo que ellos son incapaces\u00bb<\/a>\n<\/span><\/div>","aioseo_breadcrumb_json":[{"label":"Home","link":"https:\/\/www.eldigitaldeasturias.com\/noticias"},{"label":"Actualidad Asturias","link":"https:\/\/www.eldigitaldeasturias.com\/noticias\/category\/actualidad-asturias\/"},{"label":"Dom\u00e8nech: \u00abQuieren terceras elecciones para que la ciudadan\u00eda solucione lo que ellos son incapaces\u00bb","link":"https:\/\/www.eldigitaldeasturias.com\/noticias\/quieren-terceras-elecciones-para-que-la-ciudadania-solucione-lo-que-ellos-son-incapaces\/"}],"_links":{"self":[{"href":"https:\/\/www.eldigitaldeasturias.com\/noticias\/wp-json\/wp\/v2\/posts\/906492","targetHints":{"allow":["GET"]}}],"collection":[{"href":"https:\/\/www.eldigitaldeasturias.com\/noticias\/wp-json\/wp\/v2\/posts"}],"about":[{"href":"https:\/\/www.eldigitaldeasturias.com\/noticias\/wp-json\/wp\/v2\/types\/post"}],"author":[{"embeddable":true,"href":"https:\/\/www.eldigitaldeasturias.com\/noticias\/wp-json\/wp\/v2\/users\/1"}],"replies":[{"embeddable":true,"href":"https:\/\/www.eldigitaldeasturias.com\/noticias\/wp-json\/wp\/v2\/comments?post=906492"}],"version-history":[{"count":0,"href":"https:\/\/www.eldigitaldeasturias.com\/noticias\/wp-json\/wp\/v2\/posts\/906492\/revisions"}],"wp:featuredmedia":[{"embeddable":true,"href":"https:\/\/www.eldigitaldeasturias.com\/noticias\/wp-json\/wp\/v2\/media\/906493"}],"wp:attachment":[{"href":"https:\/\/www.eldigitaldeasturias.com\/noticias\/wp-json\/wp\/v2\/media?parent=906492"}],"wp:term":[{"taxonomy":"category","embeddable":true,"href":"https:\/\/www.eldigitaldeasturias.com\/noticias\/wp-json\/wp\/v2\/categories?post=906492"},{"taxonomy":"post_tag","embeddable":true,"href":"https:\/\/www.eldigitaldeasturias.com\/noticias\/wp-json\/wp\/v2\/tags?post=906492"}],"curies":[{"name":"wp","href":"https:\/\/api.w.org\/{rel}","templated":true}]}}