{"id":906490,"date":"2016-09-08T21:00:05","date_gmt":"2016-09-08T20:00:05","guid":{"rendered":"http:\/\/www.eldigitaldeasturias.com\/noticias\/?p=906490"},"modified":"2016-09-08T21:00:05","modified_gmt":"2016-09-08T20:00:05","slug":"nagua-alba-se-fija-en-la-actividad-parlamentaria-de-podemos-en-asturias","status":"publish","type":"post","link":"https:\/\/www.eldigitaldeasturias.com\/noticias\/nagua-alba-se-fija-en-la-actividad-parlamentaria-de-podemos-en-asturias\/","title":{"rendered":"Nagua Alba se fija en la actividad parlamentaria de Podemos en Asturias"},"content":{"rendered":"<p><img loading=\"lazy\" decoding=\"async\" class=\"alignleft size-medium wp-image-880484\" src=\"https:\/\/www.eldigitaldeasturias.com\/noticias\/wp-content\/uploads\/2016\/05\/parlamento-360x270.jpg\" alt=\"parlamento\" width=\"360\" height=\"270\" srcset=\"https:\/\/www.eldigitaldeasturias.com\/noticias\/wp-content\/uploads\/2016\/05\/parlamento-360x270.jpg 360w, https:\/\/www.eldigitaldeasturias.com\/noticias\/wp-content\/uploads\/2016\/05\/parlamento-768x576.jpg 768w, https:\/\/www.eldigitaldeasturias.com\/noticias\/wp-content\/uploads\/2016\/05\/parlamento-650x488.jpg 650w, https:\/\/www.eldigitaldeasturias.com\/noticias\/wp-content\/uploads\/2016\/05\/parlamento-125x95.jpg 125w, https:\/\/www.eldigitaldeasturias.com\/noticias\/wp-content\/uploads\/2016\/05\/parlamento-100x75.jpg 100w, https:\/\/www.eldigitaldeasturias.com\/noticias\/wp-content\/uploads\/2016\/05\/parlamento.jpg 800w\" sizes=\"auto, (max-width: 360px) 100vw, 360px\" \/>La secretaria general de Podemos en el Pa\u00eds Vasco y diputada en el Congreso, Nagua Alba, se ha fijado este jueves en la actividad parlamentaria de Podemos en Asturias como ejemplo para el futuro grupo parlamentario que se sumar\u00e1 a la actividad pol\u00edtica en el Pa\u00eds Vasco despu\u00e9s de las elecciones del 25 de septiembre.<\/p>\n<p>En declaraciones a los medios durante la Folixa Popular que Podemos Asturies ha organizado en Gij\u00f3n con motivo del D\u00eda de Asturias, Alba ha destacado la necesidad del di\u00e1logo \u00absincero\u00bb y la \u00abvalent\u00eda\u00bb para superar las dificultades.<\/p>\n<p>En este punto, ha aplaudido la labor de Podemos en la Junta General. \u00abSon un ejemplo para la nueva etapa que se abrir\u00e1 en Euskadi, porque han demostrado c\u00f3mo desde un parlamento se pueden priorizar las necesidades y problemas de la ciudadan\u00eda y darles soluci\u00f3n\u00bb, ha afirmado.<\/p>\n<p>Por su parte, el secretario general de Podemos en Asturias, Daniel Ripa, se ha mostrado confiado en que, tanto en las elecciones vascas como en las gallegas, exista una \u00abposibilidad de gobierno\u00bb impulsada por Podemos.<\/p>\n<p>&nbsp;<\/p>\n<p>&nbsp;<\/p>\n","protected":false},"excerpt":{"rendered":"<p>La secretaria general de Podemos en el Pa\u00eds Vasco y diputada en el Congreso, Nagua Alba, se ha fijado este jueves en la actividad parlamentaria de Podemos en Asturias como ejemplo para el futuro grupo parlamentario que se sumar\u00e1 a la actividad pol\u00edtica en el Pa\u00eds Vasco despu\u00e9s de las elecciones del 25 de septiembre. [&hellip;]<\/p>\n","protected":false},"author":1,"featured_media":880484,"comment_status":"closed","ping_status":"closed","sticky":false,"template":"","format":"standard","meta":{"footnotes":""},"categories":[12],"tags":[],"class_list":["post-906490","post","type-post","status-publish","format-standard","has-post-thumbnail","hentry","category-actualidad-asturias"],"aioseo_notices":[],"aioseo_head":"\n\t\t<!-- All in One SEO Pro 4.9.6.2 - aioseo.com -->\n\t<meta name=\"description\" content=\"La secretaria general de Podemos en el Pa\u00eds Vasco y diputada en el Congreso, Nagua Alba, se ha fijado este jueves en la actividad parlamentaria de Podemos en Asturias como ejemplo para el futuro grupo parlamentario que se sumar\u00e1 a la actividad pol\u00edtica en el Pa\u00eds Vasco despu\u00e9s de las elecciones del 25 de septiembre.\" \/>\n\t<meta name=\"robots\" content=\"max-image-preview:large\" \/>\n\t<meta name=\"author\" content=\"El Digital de Asturias\"\/>\n\t<meta name=\"google-site-verification\" content=\"UA-38556648-1\" \/>\n\t<meta name=\"msvalidate.01\" content=\"7dfe9f3f1b24437ab69f4f2559babe99\" \/>\n\t<meta name=\"keywords\" content=\"actualidad asturias\" \/>\n\t<link rel=\"canonical\" href=\"https:\/\/www.eldigitaldeasturias.com\/noticias\/nagua-alba-se-fija-en-la-actividad-parlamentaria-de-podemos-en-asturias\/\" \/>\n\t<meta name=\"generator\" content=\"All in One SEO Pro (AIOSEO) 4.9.6.2\" \/>\n\t\t<meta property=\"og:locale\" content=\"es_ES\" \/>\n\t\t<meta property=\"og:site_name\" content=\"El Digital de Asturias\" \/>\n\t\t<meta property=\"og:type\" content=\"article\" \/>\n\t\t<meta property=\"og:title\" content=\"Nagua Alba se fija en la actividad parlamentaria de Podemos en Asturias - El Digital de Asturias\" \/>\n\t\t<meta property=\"og:description\" content=\"La secretaria general de Podemos en el Pa\u00eds Vasco y diputada en el Congreso, Nagua Alba, se ha fijado este jueves en la actividad parlamentaria de Podemos en Asturias como ejemplo para el futuro grupo parlamentario que se sumar\u00e1 a la actividad pol\u00edtica en el Pa\u00eds Vasco despu\u00e9s de las elecciones del 25 de septiembre.\" \/>\n\t\t<meta property=\"og:url\" content=\"https:\/\/www.eldigitaldeasturias.com\/noticias\/nagua-alba-se-fija-en-la-actividad-parlamentaria-de-podemos-en-asturias\/\" \/>\n\t\t<meta property=\"og:image\" content=\"https:\/\/www.eldigitaldeasturias.com\/noticias\/wp-content\/uploads\/2016\/05\/parlamento.jpg\" \/>\n\t\t<meta property=\"og:image:secure_url\" content=\"https:\/\/www.eldigitaldeasturias.com\/noticias\/wp-content\/uploads\/2016\/05\/parlamento.jpg\" \/>\n\t\t<meta property=\"og:image:width\" content=\"800\" \/>\n\t\t<meta property=\"og:image:height\" content=\"600\" \/>\n\t\t<meta property=\"article:tag\" content=\"actualidad asturias\" \/>\n\t\t<meta property=\"article:published_time\" content=\"2016-09-08T20:00:05+00:00\" \/>\n\t\t<meta property=\"article:modified_time\" content=\"2016-09-08T20:00:05+00:00\" \/>\n\t\t<meta property=\"article:publisher\" content=\"https:\/\/facebook.com\/eldigitaldeasturias\" \/>\n\t\t<meta name=\"twitter:card\" content=\"summary_large_image\" \/>\n\t\t<meta name=\"twitter:title\" content=\"Nagua Alba se fija en la actividad parlamentaria de Podemos en Asturias - El Digital de Asturias\" \/>\n\t\t<meta name=\"twitter:description\" content=\"La secretaria general de Podemos en el Pa\u00eds Vasco y diputada en el Congreso, Nagua Alba, se ha fijado este jueves en la actividad parlamentaria de Podemos en Asturias como ejemplo para el futuro grupo parlamentario que se sumar\u00e1 a la actividad pol\u00edtica en el Pa\u00eds Vasco despu\u00e9s de las elecciones del 25 de septiembre.\" \/>\n\t\t<meta name=\"twitter:image\" content=\"https:\/\/www.eldigitaldeasturias.com\/noticias\/wp-content\/uploads\/2016\/05\/parlamento.jpg\" \/>\n\t\t<meta name=\"twitter:label1\" content=\"Escrito por\" \/>\n\t\t<meta name=\"twitter:data1\" content=\"El Digital de Asturias\" \/>\n\t\t<meta name=\"twitter:label2\" content=\"Tiempo de lectura estimado\" \/>\n\t\t<meta name=\"twitter:data2\" content=\"1 minuto\" \/>\n\t\t<script type=\"application\/ld+json\" class=\"aioseo-schema\">\n\t\t\t{\"@context\":\"https:\\\/\\\/schema.org\",\"@graph\":[{\"@type\":\"BlogPosting\",\"@id\":\"https:\\\/\\\/www.eldigitaldeasturias.com\\\/noticias\\\/nagua-alba-se-fija-en-la-actividad-parlamentaria-de-podemos-en-asturias\\\/#blogposting\",\"name\":\"Nagua Alba se fija en la actividad parlamentaria de Podemos en Asturias - El Digital de Asturias\",\"headline\":\"Nagua Alba se fija en la actividad parlamentaria de Podemos en Asturias\",\"author\":{\"@id\":\"https:\\\/\\\/www.eldigitaldeasturias.com\\\/noticias\\\/author\\\/admin\\\/#author\"},\"publisher\":{\"@id\":\"https:\\\/\\\/www.eldigitaldeasturias.com\\\/noticias\\\/#organization\"},\"image\":{\"@type\":\"ImageObject\",\"url\":\"https:\\\/\\\/www.eldigitaldeasturias.com\\\/noticias\\\/wp-content\\\/uploads\\\/2016\\\/05\\\/parlamento.jpg\",\"width\":800,\"height\":600},\"datePublished\":\"2016-09-08T21:00:05+02:00\",\"dateModified\":\"2016-09-08T21:00:05+02:00\",\"inLanguage\":\"es-ES\",\"mainEntityOfPage\":{\"@id\":\"https:\\\/\\\/www.eldigitaldeasturias.com\\\/noticias\\\/nagua-alba-se-fija-en-la-actividad-parlamentaria-de-podemos-en-asturias\\\/#webpage\"},\"isPartOf\":{\"@id\":\"https:\\\/\\\/www.eldigitaldeasturias.com\\\/noticias\\\/nagua-alba-se-fija-en-la-actividad-parlamentaria-de-podemos-en-asturias\\\/#webpage\"},\"articleSection\":\"Actualidad Asturias\"},{\"@type\":\"BreadcrumbList\",\"@id\":\"https:\\\/\\\/www.eldigitaldeasturias.com\\\/noticias\\\/nagua-alba-se-fija-en-la-actividad-parlamentaria-de-podemos-en-asturias\\\/#breadcrumblist\",\"itemListElement\":[{\"@type\":\"ListItem\",\"@id\":\"https:\\\/\\\/www.eldigitaldeasturias.com\\\/noticias#listItem\",\"position\":1,\"name\":\"Home\",\"item\":\"https:\\\/\\\/www.eldigitaldeasturias.com\\\/noticias\",\"nextItem\":{\"@type\":\"ListItem\",\"@id\":\"https:\\\/\\\/www.eldigitaldeasturias.com\\\/noticias\\\/category\\\/actualidad-asturias\\\/#listItem\",\"name\":\"Actualidad Asturias\"}},{\"@type\":\"ListItem\",\"@id\":\"https:\\\/\\\/www.eldigitaldeasturias.com\\\/noticias\\\/category\\\/actualidad-asturias\\\/#listItem\",\"position\":2,\"name\":\"Actualidad Asturias\",\"item\":\"https:\\\/\\\/www.eldigitaldeasturias.com\\\/noticias\\\/category\\\/actualidad-asturias\\\/\",\"nextItem\":{\"@type\":\"ListItem\",\"@id\":\"https:\\\/\\\/www.eldigitaldeasturias.com\\\/noticias\\\/nagua-alba-se-fija-en-la-actividad-parlamentaria-de-podemos-en-asturias\\\/#listItem\",\"name\":\"Nagua Alba se fija en la actividad parlamentaria de Podemos en Asturias\"},\"previousItem\":{\"@type\":\"ListItem\",\"@id\":\"https:\\\/\\\/www.eldigitaldeasturias.com\\\/noticias#listItem\",\"name\":\"Home\"}},{\"@type\":\"ListItem\",\"@id\":\"https:\\\/\\\/www.eldigitaldeasturias.com\\\/noticias\\\/nagua-alba-se-fija-en-la-actividad-parlamentaria-de-podemos-en-asturias\\\/#listItem\",\"position\":3,\"name\":\"Nagua Alba se fija en la actividad parlamentaria de Podemos en Asturias\",\"previousItem\":{\"@type\":\"ListItem\",\"@id\":\"https:\\\/\\\/www.eldigitaldeasturias.com\\\/noticias\\\/category\\\/actualidad-asturias\\\/#listItem\",\"name\":\"Actualidad Asturias\"}}]},{\"@type\":\"Organization\",\"@id\":\"https:\\\/\\\/www.eldigitaldeasturias.com\\\/noticias\\\/#organization\",\"name\":\"El Digital de Asturias\",\"description\":\"Hemeroteca\",\"url\":\"https:\\\/\\\/www.eldigitaldeasturias.com\\\/noticias\\\/\",\"email\":\"info@eldigitaldeasturias.com\",\"telephone\":\"+34652131393\",\"logo\":{\"@type\":\"ImageObject\",\"url\":\"https:\\\/\\\/www.eldigitaldeasturias.com\\\/noticias\\\/wp-content\\\/uploads\\\/2020\\\/12\\\/EDA.jpg\",\"@id\":\"https:\\\/\\\/www.eldigitaldeasturias.com\\\/noticias\\\/nagua-alba-se-fija-en-la-actividad-parlamentaria-de-podemos-en-asturias\\\/#organizationLogo\",\"width\":649,\"height\":297},\"image\":{\"@id\":\"https:\\\/\\\/www.eldigitaldeasturias.com\\\/noticias\\\/nagua-alba-se-fija-en-la-actividad-parlamentaria-de-podemos-en-asturias\\\/#organizationLogo\"},\"sameAs\":[\"https:\\\/\\\/facebook.com\\\/eldigitaldeasturias\",\"https:\\\/\\\/www.youtube.com\\\/channel\\\/UCZP-2wLEB9Rv6erhFmqVnvg\"],\"address\":{\"@id\":\"https:\\\/\\\/www.eldigitaldeasturias.com\\\/noticias\\\/#postaladdress\",\"@type\":\"PostalAddress\",\"streetAddress\":\"san antonio 4,\",\"postalCode\":\"33430\",\"addressLocality\":\"Cand\\u00e1s\",\"addressRegion\":\"Asturias\",\"addressCountry\":\"ES\"}},{\"@type\":\"Person\",\"@id\":\"https:\\\/\\\/www.eldigitaldeasturias.com\\\/noticias\\\/author\\\/admin\\\/#author\",\"url\":\"https:\\\/\\\/www.eldigitaldeasturias.com\\\/noticias\\\/author\\\/admin\\\/\",\"name\":\"El Digital de Asturias\",\"image\":{\"@type\":\"ImageObject\",\"@id\":\"https:\\\/\\\/www.eldigitaldeasturias.com\\\/noticias\\\/nagua-alba-se-fija-en-la-actividad-parlamentaria-de-podemos-en-asturias\\\/#authorImage\",\"url\":\"https:\\\/\\\/www.eldigitaldeasturias.com\\\/noticias\\\/wp-content\\\/litespeed\\\/avatar\\\/18677e78aa0546b92d9dbf31ec7d7668.jpg?ver=1776685526\",\"width\":96,\"height\":96,\"caption\":\"El Digital de Asturias\"}},{\"@type\":\"WebPage\",\"@id\":\"https:\\\/\\\/www.eldigitaldeasturias.com\\\/noticias\\\/nagua-alba-se-fija-en-la-actividad-parlamentaria-de-podemos-en-asturias\\\/#webpage\",\"url\":\"https:\\\/\\\/www.eldigitaldeasturias.com\\\/noticias\\\/nagua-alba-se-fija-en-la-actividad-parlamentaria-de-podemos-en-asturias\\\/\",\"name\":\"Nagua Alba se fija en la actividad parlamentaria de Podemos en Asturias - El Digital de Asturias\",\"description\":\"La secretaria general de Podemos en el Pa\\u00eds Vasco y diputada en el Congreso, Nagua Alba, se ha fijado este jueves en la actividad parlamentaria de Podemos en Asturias como ejemplo para el futuro grupo parlamentario que se sumar\\u00e1 a la actividad pol\\u00edtica en el Pa\\u00eds Vasco despu\\u00e9s de las elecciones del 25 de septiembre.\",\"inLanguage\":\"es-ES\",\"isPartOf\":{\"@id\":\"https:\\\/\\\/www.eldigitaldeasturias.com\\\/noticias\\\/#website\"},\"breadcrumb\":{\"@id\":\"https:\\\/\\\/www.eldigitaldeasturias.com\\\/noticias\\\/nagua-alba-se-fija-en-la-actividad-parlamentaria-de-podemos-en-asturias\\\/#breadcrumblist\"},\"author\":{\"@id\":\"https:\\\/\\\/www.eldigitaldeasturias.com\\\/noticias\\\/author\\\/admin\\\/#author\"},\"creator\":{\"@id\":\"https:\\\/\\\/www.eldigitaldeasturias.com\\\/noticias\\\/author\\\/admin\\\/#author\"},\"image\":{\"@type\":\"ImageObject\",\"url\":\"https:\\\/\\\/www.eldigitaldeasturias.com\\\/noticias\\\/wp-content\\\/uploads\\\/2016\\\/05\\\/parlamento.jpg\",\"@id\":\"https:\\\/\\\/www.eldigitaldeasturias.com\\\/noticias\\\/nagua-alba-se-fija-en-la-actividad-parlamentaria-de-podemos-en-asturias\\\/#mainImage\",\"width\":800,\"height\":600},\"primaryImageOfPage\":{\"@id\":\"https:\\\/\\\/www.eldigitaldeasturias.com\\\/noticias\\\/nagua-alba-se-fija-en-la-actividad-parlamentaria-de-podemos-en-asturias\\\/#mainImage\"},\"datePublished\":\"2016-09-08T21:00:05+02:00\",\"dateModified\":\"2016-09-08T21:00:05+02:00\"},{\"@type\":\"WebSite\",\"@id\":\"https:\\\/\\\/www.eldigitaldeasturias.com\\\/noticias\\\/#website\",\"url\":\"https:\\\/\\\/www.eldigitaldeasturias.com\\\/noticias\\\/\",\"name\":\"El Digital de Asturias - Diario de actualidad y noticias\",\"alternateName\":\"El Digital de Asturias - Diario de actualidad y noticias\",\"description\":\"Hemeroteca\",\"inLanguage\":\"es-ES\",\"publisher\":{\"@id\":\"https:\\\/\\\/www.eldigitaldeasturias.com\\\/noticias\\\/#organization\"}}]}\n\t\t<\/script>\n\t\t<!-- All in One SEO Pro -->\r\n\t\t<title>Nagua Alba se fija en la actividad parlamentaria de Podemos en Asturias - El Digital de Asturias<\/title>\n\n","aioseo_head_json":{"title":"Nagua Alba se fija en la actividad parlamentaria de Podemos en Asturias - El Digital de Asturias","description":"La secretaria general de Podemos en el Pa\u00eds Vasco y diputada en el Congreso, Nagua Alba, se ha fijado este jueves en la actividad parlamentaria de Podemos en Asturias como ejemplo para el futuro grupo parlamentario que se sumar\u00e1 a la actividad pol\u00edtica en el Pa\u00eds Vasco despu\u00e9s de las elecciones del 25 de septiembre.","canonical_url":"https:\/\/www.eldigitaldeasturias.com\/noticias\/nagua-alba-se-fija-en-la-actividad-parlamentaria-de-podemos-en-asturias\/","robots":"max-image-preview:large","keywords":"actualidad asturias","webmasterTools":{"google-site-verification":"UA-38556648-1","msvalidate.01":"7dfe9f3f1b24437ab69f4f2559babe99","miscellaneous":""},"schema":{"@context":"https:\/\/schema.org","@graph":[{"@type":"BlogPosting","@id":"https:\/\/www.eldigitaldeasturias.com\/noticias\/nagua-alba-se-fija-en-la-actividad-parlamentaria-de-podemos-en-asturias\/#blogposting","name":"Nagua Alba se fija en la actividad parlamentaria de Podemos en Asturias - El Digital de Asturias","headline":"Nagua Alba se fija en la actividad parlamentaria de Podemos en Asturias","author":{"@id":"https:\/\/www.eldigitaldeasturias.com\/noticias\/author\/admin\/#author"},"publisher":{"@id":"https:\/\/www.eldigitaldeasturias.com\/noticias\/#organization"},"image":{"@type":"ImageObject","url":"https:\/\/www.eldigitaldeasturias.com\/noticias\/wp-content\/uploads\/2016\/05\/parlamento.jpg","width":800,"height":600},"datePublished":"2016-09-08T21:00:05+02:00","dateModified":"2016-09-08T21:00:05+02:00","inLanguage":"es-ES","mainEntityOfPage":{"@id":"https:\/\/www.eldigitaldeasturias.com\/noticias\/nagua-alba-se-fija-en-la-actividad-parlamentaria-de-podemos-en-asturias\/#webpage"},"isPartOf":{"@id":"https:\/\/www.eldigitaldeasturias.com\/noticias\/nagua-alba-se-fija-en-la-actividad-parlamentaria-de-podemos-en-asturias\/#webpage"},"articleSection":"Actualidad Asturias"},{"@type":"BreadcrumbList","@id":"https:\/\/www.eldigitaldeasturias.com\/noticias\/nagua-alba-se-fija-en-la-actividad-parlamentaria-de-podemos-en-asturias\/#breadcrumblist","itemListElement":[{"@type":"ListItem","@id":"https:\/\/www.eldigitaldeasturias.com\/noticias#listItem","position":1,"name":"Home","item":"https:\/\/www.eldigitaldeasturias.com\/noticias","nextItem":{"@type":"ListItem","@id":"https:\/\/www.eldigitaldeasturias.com\/noticias\/category\/actualidad-asturias\/#listItem","name":"Actualidad Asturias"}},{"@type":"ListItem","@id":"https:\/\/www.eldigitaldeasturias.com\/noticias\/category\/actualidad-asturias\/#listItem","position":2,"name":"Actualidad Asturias","item":"https:\/\/www.eldigitaldeasturias.com\/noticias\/category\/actualidad-asturias\/","nextItem":{"@type":"ListItem","@id":"https:\/\/www.eldigitaldeasturias.com\/noticias\/nagua-alba-se-fija-en-la-actividad-parlamentaria-de-podemos-en-asturias\/#listItem","name":"Nagua Alba se fija en la actividad parlamentaria de Podemos en Asturias"},"previousItem":{"@type":"ListItem","@id":"https:\/\/www.eldigitaldeasturias.com\/noticias#listItem","name":"Home"}},{"@type":"ListItem","@id":"https:\/\/www.eldigitaldeasturias.com\/noticias\/nagua-alba-se-fija-en-la-actividad-parlamentaria-de-podemos-en-asturias\/#listItem","position":3,"name":"Nagua Alba se fija en la actividad parlamentaria de Podemos en Asturias","previousItem":{"@type":"ListItem","@id":"https:\/\/www.eldigitaldeasturias.com\/noticias\/category\/actualidad-asturias\/#listItem","name":"Actualidad Asturias"}}]},{"@type":"Organization","@id":"https:\/\/www.eldigitaldeasturias.com\/noticias\/#organization","name":"El Digital de Asturias","description":"Hemeroteca","url":"https:\/\/www.eldigitaldeasturias.com\/noticias\/","email":"info@eldigitaldeasturias.com","telephone":"+34652131393","logo":{"@type":"ImageObject","url":"https:\/\/www.eldigitaldeasturias.com\/noticias\/wp-content\/uploads\/2020\/12\/EDA.jpg","@id":"https:\/\/www.eldigitaldeasturias.com\/noticias\/nagua-alba-se-fija-en-la-actividad-parlamentaria-de-podemos-en-asturias\/#organizationLogo","width":649,"height":297},"image":{"@id":"https:\/\/www.eldigitaldeasturias.com\/noticias\/nagua-alba-se-fija-en-la-actividad-parlamentaria-de-podemos-en-asturias\/#organizationLogo"},"sameAs":["https:\/\/facebook.com\/eldigitaldeasturias","https:\/\/www.youtube.com\/channel\/UCZP-2wLEB9Rv6erhFmqVnvg"],"address":{"@id":"https:\/\/www.eldigitaldeasturias.com\/noticias\/#postaladdress","@type":"PostalAddress","streetAddress":"san antonio 4,","postalCode":"33430","addressLocality":"Cand\u00e1s","addressRegion":"Asturias","addressCountry":"ES"}},{"@type":"Person","@id":"https:\/\/www.eldigitaldeasturias.com\/noticias\/author\/admin\/#author","url":"https:\/\/www.eldigitaldeasturias.com\/noticias\/author\/admin\/","name":"El Digital de Asturias","image":{"@type":"ImageObject","@id":"https:\/\/www.eldigitaldeasturias.com\/noticias\/nagua-alba-se-fija-en-la-actividad-parlamentaria-de-podemos-en-asturias\/#authorImage","url":"https:\/\/www.eldigitaldeasturias.com\/noticias\/wp-content\/litespeed\/avatar\/18677e78aa0546b92d9dbf31ec7d7668.jpg?ver=1776685526","width":96,"height":96,"caption":"El Digital de Asturias"}},{"@type":"WebPage","@id":"https:\/\/www.eldigitaldeasturias.com\/noticias\/nagua-alba-se-fija-en-la-actividad-parlamentaria-de-podemos-en-asturias\/#webpage","url":"https:\/\/www.eldigitaldeasturias.com\/noticias\/nagua-alba-se-fija-en-la-actividad-parlamentaria-de-podemos-en-asturias\/","name":"Nagua Alba se fija en la actividad parlamentaria de Podemos en Asturias - El Digital de Asturias","description":"La secretaria general de Podemos en el Pa\u00eds Vasco y diputada en el Congreso, Nagua Alba, se ha fijado este jueves en la actividad parlamentaria de Podemos en Asturias como ejemplo para el futuro grupo parlamentario que se sumar\u00e1 a la actividad pol\u00edtica en el Pa\u00eds Vasco despu\u00e9s de las elecciones del 25 de septiembre.","inLanguage":"es-ES","isPartOf":{"@id":"https:\/\/www.eldigitaldeasturias.com\/noticias\/#website"},"breadcrumb":{"@id":"https:\/\/www.eldigitaldeasturias.com\/noticias\/nagua-alba-se-fija-en-la-actividad-parlamentaria-de-podemos-en-asturias\/#breadcrumblist"},"author":{"@id":"https:\/\/www.eldigitaldeasturias.com\/noticias\/author\/admin\/#author"},"creator":{"@id":"https:\/\/www.eldigitaldeasturias.com\/noticias\/author\/admin\/#author"},"image":{"@type":"ImageObject","url":"https:\/\/www.eldigitaldeasturias.com\/noticias\/wp-content\/uploads\/2016\/05\/parlamento.jpg","@id":"https:\/\/www.eldigitaldeasturias.com\/noticias\/nagua-alba-se-fija-en-la-actividad-parlamentaria-de-podemos-en-asturias\/#mainImage","width":800,"height":600},"primaryImageOfPage":{"@id":"https:\/\/www.eldigitaldeasturias.com\/noticias\/nagua-alba-se-fija-en-la-actividad-parlamentaria-de-podemos-en-asturias\/#mainImage"},"datePublished":"2016-09-08T21:00:05+02:00","dateModified":"2016-09-08T21:00:05+02:00"},{"@type":"WebSite","@id":"https:\/\/www.eldigitaldeasturias.com\/noticias\/#website","url":"https:\/\/www.eldigitaldeasturias.com\/noticias\/","name":"El Digital de Asturias - Diario de actualidad y noticias","alternateName":"El Digital de Asturias - Diario de actualidad y noticias","description":"Hemeroteca","inLanguage":"es-ES","publisher":{"@id":"https:\/\/www.eldigitaldeasturias.com\/noticias\/#organization"}}]},"og:locale":"es_ES","og:site_name":"El Digital de Asturias","og:type":"article","og:title":"Nagua Alba se fija en la actividad parlamentaria de Podemos en Asturias - El Digital de Asturias","og:description":"La secretaria general de Podemos en el Pa\u00eds Vasco y diputada en el Congreso, Nagua Alba, se ha fijado este jueves en la actividad parlamentaria de Podemos en Asturias como ejemplo para el futuro grupo parlamentario que se sumar\u00e1 a la actividad pol\u00edtica en el Pa\u00eds Vasco despu\u00e9s de las elecciones del 25 de septiembre.","og:url":"https:\/\/www.eldigitaldeasturias.com\/noticias\/nagua-alba-se-fija-en-la-actividad-parlamentaria-de-podemos-en-asturias\/","og:image":"https:\/\/www.eldigitaldeasturias.com\/noticias\/wp-content\/uploads\/2016\/05\/parlamento.jpg","og:image:secure_url":"https:\/\/www.eldigitaldeasturias.com\/noticias\/wp-content\/uploads\/2016\/05\/parlamento.jpg","og:image:width":800,"og:image:height":600,"article:tag":["actualidad asturias"],"article:published_time":"2016-09-08T20:00:05+00:00","article:modified_time":"2016-09-08T20:00:05+00:00","article:publisher":"https:\/\/facebook.com\/eldigitaldeasturias","twitter:card":"summary_large_image","twitter:title":"Nagua Alba se fija en la actividad parlamentaria de Podemos en Asturias - El Digital de Asturias","twitter:description":"La secretaria general de Podemos en el Pa\u00eds Vasco y diputada en el Congreso, Nagua Alba, se ha fijado este jueves en la actividad parlamentaria de Podemos en Asturias como ejemplo para el futuro grupo parlamentario que se sumar\u00e1 a la actividad pol\u00edtica en el Pa\u00eds Vasco despu\u00e9s de las elecciones del 25 de septiembre.","twitter:image":"https:\/\/www.eldigitaldeasturias.com\/noticias\/wp-content\/uploads\/2016\/05\/parlamento.jpg","twitter:label1":"Escrito por","twitter:data1":"El Digital de Asturias","twitter:label2":"Tiempo de lectura estimado","twitter:data2":"1 minuto"},"aioseo_meta_data":{"post_id":"906490","title":null,"description":null,"keywords":null,"keyphrases":null,"primary_term":null,"canonical_url":null,"og_title":null,"og_description":null,"og_object_type":"default","og_image_type":"default","og_image_url":null,"og_image_width":null,"og_image_height":null,"og_image_custom_url":null,"og_image_custom_fields":null,"og_video":null,"og_custom_url":null,"og_article_section":null,"og_article_tags":null,"twitter_use_og":false,"twitter_card":"default","twitter_image_type":"default","twitter_image_url":null,"twitter_image_custom_url":null,"twitter_image_custom_fields":null,"twitter_title":null,"twitter_description":null,"schema":{"blockGraphs":[],"customGraphs":[],"default":{"data":{"Article":[],"Course":[],"Dataset":[],"FAQPage":[],"Movie":[],"Person":[],"Product":[],"ProductReview":[],"Car":[],"Recipe":[],"Service":[],"SoftwareApplication":[],"WebPage":[]},"graphName":"","isEnabled":true},"graphs":[],"defaultGraph":"","defaultPostTypeGraph":""},"schema_type":null,"schema_type_options":null,"pillar_content":false,"robots_default":true,"robots_noindex":false,"robots_noarchive":false,"robots_nosnippet":false,"robots_nofollow":false,"robots_noimageindex":false,"robots_noodp":false,"robots_notranslate":false,"robots_max_snippet":null,"robots_max_videopreview":null,"robots_max_imagepreview":"large","priority":null,"frequency":null,"local_seo":null,"seo_analyzer_scan_date":"2025-11-30 09:13:09","breadcrumb_settings":null,"limit_modified_date":false,"open_ai":null,"ai":null,"created":"2020-12-21 14:01:33","updated":"2025-11-30 09:13:09"},"aioseo_breadcrumb":"<div class=\"aioseo-breadcrumbs\"><span class=\"aioseo-breadcrumb\">\n\t<a href=\"https:\/\/www.eldigitaldeasturias.com\/noticias\" title=\"Home\">Home<\/a>\n<\/span><span class=\"aioseo-breadcrumb-separator\">\u2013<\/span><span class=\"aioseo-breadcrumb\">\n\t<a href=\"https:\/\/www.eldigitaldeasturias.com\/noticias\/category\/actualidad-asturias\/\" title=\"Actualidad Asturias\">Actualidad Asturias<\/a>\n<\/span><span class=\"aioseo-breadcrumb-separator\">\u2013<\/span><span class=\"aioseo-breadcrumb\">\n\t<a href=\"https:\/\/www.eldigitaldeasturias.com\/noticias\/nagua-alba-se-fija-en-la-actividad-parlamentaria-de-podemos-en-asturias\/\" title=\"Nagua Alba se fija en la actividad parlamentaria de Podemos en Asturias\">Nagua Alba se fija en la actividad parlamentaria de Podemos en Asturias<\/a>\n<\/span><\/div>","aioseo_breadcrumb_json":[{"label":"Home","link":"https:\/\/www.eldigitaldeasturias.com\/noticias"},{"label":"Actualidad Asturias","link":"https:\/\/www.eldigitaldeasturias.com\/noticias\/category\/actualidad-asturias\/"},{"label":"Nagua Alba se fija en la actividad parlamentaria de Podemos en Asturias","link":"https:\/\/www.eldigitaldeasturias.com\/noticias\/nagua-alba-se-fija-en-la-actividad-parlamentaria-de-podemos-en-asturias\/"}],"_links":{"self":[{"href":"https:\/\/www.eldigitaldeasturias.com\/noticias\/wp-json\/wp\/v2\/posts\/906490","targetHints":{"allow":["GET"]}}],"collection":[{"href":"https:\/\/www.eldigitaldeasturias.com\/noticias\/wp-json\/wp\/v2\/posts"}],"about":[{"href":"https:\/\/www.eldigitaldeasturias.com\/noticias\/wp-json\/wp\/v2\/types\/post"}],"author":[{"embeddable":true,"href":"https:\/\/www.eldigitaldeasturias.com\/noticias\/wp-json\/wp\/v2\/users\/1"}],"replies":[{"embeddable":true,"href":"https:\/\/www.eldigitaldeasturias.com\/noticias\/wp-json\/wp\/v2\/comments?post=906490"}],"version-history":[{"count":0,"href":"https:\/\/www.eldigitaldeasturias.com\/noticias\/wp-json\/wp\/v2\/posts\/906490\/revisions"}],"wp:featuredmedia":[{"embeddable":true,"href":"https:\/\/www.eldigitaldeasturias.com\/noticias\/wp-json\/wp\/v2\/media\/880484"}],"wp:attachment":[{"href":"https:\/\/www.eldigitaldeasturias.com\/noticias\/wp-json\/wp\/v2\/media?parent=906490"}],"wp:term":[{"taxonomy":"category","embeddable":true,"href":"https:\/\/www.eldigitaldeasturias.com\/noticias\/wp-json\/wp\/v2\/categories?post=906490"},{"taxonomy":"post_tag","embeddable":true,"href":"https:\/\/www.eldigitaldeasturias.com\/noticias\/wp-json\/wp\/v2\/tags?post=906490"}],"curies":[{"name":"wp","href":"https:\/\/api.w.org\/{rel}","templated":true}]}}