{"id":906488,"date":"2016-09-08T20:58:24","date_gmt":"2016-09-08T19:58:24","guid":{"rendered":"http:\/\/www.eldigitaldeasturias.com\/noticias\/?p=906488"},"modified":"2016-09-08T20:58:24","modified_gmt":"2016-09-08T19:58:24","slug":"daniel-ripa-asturias-necesita-liderazgo-politico-para-afrontar-sus-retos","status":"publish","type":"post","link":"https:\/\/www.eldigitaldeasturias.com\/noticias\/daniel-ripa-asturias-necesita-liderazgo-politico-para-afrontar-sus-retos\/","title":{"rendered":"Daniel Ripa: \u201cAsturias necesita liderazgo pol\u00edtico para afrontar sus retos\u201d"},"content":{"rendered":"<p><img loading=\"lazy\" decoding=\"async\" class=\"alignleft size-medium wp-image-784097\" src=\"https:\/\/www.eldigitaldeasturias.com\/noticias\/wp-content\/uploads\/2015\/05\/podemos-asturias-360x198.jpg\" alt=\"podemos asturias\" width=\"360\" height=\"198\" srcset=\"https:\/\/www.eldigitaldeasturias.com\/noticias\/wp-content\/uploads\/2015\/05\/podemos-asturias-360x198.jpg 360w, https:\/\/www.eldigitaldeasturias.com\/noticias\/wp-content\/uploads\/2015\/05\/podemos-asturias-650x357.jpg 650w, https:\/\/www.eldigitaldeasturias.com\/noticias\/wp-content\/uploads\/2015\/05\/podemos-asturias.jpg 655w\" sizes=\"auto, (max-width: 360px) 100vw, 360px\" \/>El secretario general de Podemos en Asturias, Daniel Ripa, ha pedido este jueves al presidente del Principado, el socialista Javier Fern\u00e1ndez, que no se comporte como el presidente de \u00abuna comunidad de vecinos\u00bb. En referencia a la negociaci\u00f3n presupuestaria y la acci\u00f3n de gobierno, le ha reprochado que \u00abalce la voz\u00bb para pedir que Mariano Rajoy sea presidente y no en defensa de los intereses de Asturias.<\/p>\n<p>En declaraciones a los medios durante la celebraci\u00f3n de la Folixa Popular organizada por el partido en Gij\u00f3n, ha criticado la postura del presidente auton\u00f3mico, reprochando que aluda a la cuesti\u00f3n independentista antes de hablar del problema demogr\u00e1fico en Asturias, el impuesto de sucesiones o las \u00abestafas\u00bb del ERA.<\/p>\n<p>\u00abHemos visto c\u00f3mo personas han tenido que renunciar a herencias porque no pueden pagarlas, algo que es incompatible con presidentes que tienen seis casas\u00bb, ha apuntado.<\/p>\n<p>Seg\u00fan Ripa, Asturias necesita liderazgo pol\u00edtico para afrontar estos retos, y no dirigentes a los que \u00absolo les interesa hacer el AVE para estar dos horas en Madrid o vender la soberan\u00eda a Merkel\u00bb.<\/p>\n<p>Preguntado sobre la negociaci\u00f3n presupuestaria, ha advertido de que Podemos no acompa\u00f1ar\u00e1 al PSOE si \u00abquiere gestionar Asturias como una comunidad de vecinos\u00bb. En este punto, ha reprochado a \u00abla generaci\u00f3n Villa\u00bb que estuviesen \u00abacostumbrados\u00bb a arreglar problemas con \u00abuna gran chequera\u00bb. \u00abEsa chequera ya no les funciona, al igual que tampoco funciona el mandar a la polic\u00eda a desalojar a los mineros que se encerraron en el parlamento asturiano la semana pasada\u00bb, ha aseverado.<\/p>\n<p>Al PSOE, asegura Ripa, le ha \u00abtocado\u00bb el Podemos \u00abm\u00e1s fuerte del Estado\u00bb, un partido que, seg\u00fan el secretario general, \u00able mira a los ojos y le dice que cambiar todo para que no cambie nada no vale\u00bb.<\/p>\n<p>&nbsp;<\/p>\n","protected":false},"excerpt":{"rendered":"<p>El secretario general de Podemos en Asturias, Daniel Ripa, ha pedido este jueves al presidente del Principado, el socialista Javier Fern\u00e1ndez, que no se comporte como el presidente de \u00abuna comunidad de vecinos\u00bb. En referencia a la negociaci\u00f3n presupuestaria y la acci\u00f3n de gobierno, le ha reprochado que \u00abalce la voz\u00bb para pedir que Mariano [&hellip;]<\/p>\n","protected":false},"author":1,"featured_media":784097,"comment_status":"closed","ping_status":"closed","sticky":false,"template":"","format":"standard","meta":{"footnotes":""},"categories":[12],"tags":[],"class_list":["post-906488","post","type-post","status-publish","format-standard","has-post-thumbnail","hentry","category-actualidad-asturias"],"aioseo_notices":[],"aioseo_head":"\n\t\t<!-- All in One SEO Pro 4.9.6.2 - aioseo.com -->\n\t<meta name=\"description\" content=\"El secretario general de Podemos en Asturias, Daniel Ripa, ha pedido este jueves al presidente del Principado, el socialista Javier Fern\u00e1ndez, que no se comporte como el presidente de &quot;una comunidad de vecinos&quot;. En referencia a la negociaci\u00f3n presupuestaria y la acci\u00f3n de gobierno, le ha reprochado que &quot;alce la voz&quot; para pedir que Mariano\" \/>\n\t<meta name=\"robots\" content=\"max-image-preview:large\" \/>\n\t<meta name=\"author\" content=\"El Digital de Asturias\"\/>\n\t<meta name=\"google-site-verification\" content=\"UA-38556648-1\" \/>\n\t<meta name=\"msvalidate.01\" content=\"7dfe9f3f1b24437ab69f4f2559babe99\" \/>\n\t<meta name=\"keywords\" content=\"actualidad asturias\" \/>\n\t<link rel=\"canonical\" href=\"https:\/\/www.eldigitaldeasturias.com\/noticias\/daniel-ripa-asturias-necesita-liderazgo-politico-para-afrontar-sus-retos\/\" \/>\n\t<meta name=\"generator\" content=\"All in One SEO Pro (AIOSEO) 4.9.6.2\" \/>\n\t\t<meta property=\"og:locale\" content=\"es_ES\" \/>\n\t\t<meta property=\"og:site_name\" content=\"El Digital de Asturias\" \/>\n\t\t<meta property=\"og:type\" content=\"article\" \/>\n\t\t<meta property=\"og:title\" content=\"Daniel Ripa: \u201cAsturias necesita liderazgo pol\u00edtico para afrontar sus retos\u201d - El Digital de Asturias\" \/>\n\t\t<meta property=\"og:description\" content=\"El secretario general de Podemos en Asturias, Daniel Ripa, ha pedido este jueves al presidente del Principado, el socialista Javier Fern\u00e1ndez, que no se comporte como el presidente de &quot;una comunidad de vecinos&quot;. En referencia a la negociaci\u00f3n presupuestaria y la acci\u00f3n de gobierno, le ha reprochado que &quot;alce la voz&quot; para pedir que Mariano\" \/>\n\t\t<meta property=\"og:url\" content=\"https:\/\/www.eldigitaldeasturias.com\/noticias\/daniel-ripa-asturias-necesita-liderazgo-politico-para-afrontar-sus-retos\/\" \/>\n\t\t<meta property=\"og:image\" content=\"https:\/\/www.eldigitaldeasturias.com\/noticias\/wp-content\/uploads\/2015\/05\/podemos-asturias.jpg\" \/>\n\t\t<meta property=\"og:image:secure_url\" content=\"https:\/\/www.eldigitaldeasturias.com\/noticias\/wp-content\/uploads\/2015\/05\/podemos-asturias.jpg\" \/>\n\t\t<meta property=\"og:image:width\" content=\"655\" \/>\n\t\t<meta property=\"og:image:height\" content=\"360\" \/>\n\t\t<meta property=\"article:tag\" content=\"actualidad asturias\" \/>\n\t\t<meta property=\"article:published_time\" content=\"2016-09-08T19:58:24+00:00\" \/>\n\t\t<meta property=\"article:modified_time\" content=\"2016-09-08T19:58:24+00:00\" \/>\n\t\t<meta property=\"article:publisher\" content=\"https:\/\/facebook.com\/eldigitaldeasturias\" \/>\n\t\t<meta name=\"twitter:card\" content=\"summary_large_image\" \/>\n\t\t<meta name=\"twitter:title\" content=\"Daniel Ripa: \u201cAsturias necesita liderazgo pol\u00edtico para afrontar sus retos\u201d - El Digital de Asturias\" \/>\n\t\t<meta name=\"twitter:description\" content=\"El secretario general de Podemos en Asturias, Daniel Ripa, ha pedido este jueves al presidente del Principado, el socialista Javier Fern\u00e1ndez, que no se comporte como el presidente de &quot;una comunidad de vecinos&quot;. En referencia a la negociaci\u00f3n presupuestaria y la acci\u00f3n de gobierno, le ha reprochado que &quot;alce la voz&quot; para pedir que Mariano\" \/>\n\t\t<meta name=\"twitter:image\" content=\"https:\/\/www.eldigitaldeasturias.com\/noticias\/wp-content\/uploads\/2015\/05\/podemos-asturias.jpg\" \/>\n\t\t<meta name=\"twitter:label1\" content=\"Escrito por\" \/>\n\t\t<meta name=\"twitter:data1\" content=\"El Digital de Asturias\" \/>\n\t\t<meta name=\"twitter:label2\" content=\"Tiempo de lectura estimado\" \/>\n\t\t<meta name=\"twitter:data2\" content=\"2 minutos\" \/>\n\t\t<script type=\"application\/ld+json\" class=\"aioseo-schema\">\n\t\t\t{\"@context\":\"https:\\\/\\\/schema.org\",\"@graph\":[{\"@type\":\"BlogPosting\",\"@id\":\"https:\\\/\\\/www.eldigitaldeasturias.com\\\/noticias\\\/daniel-ripa-asturias-necesita-liderazgo-politico-para-afrontar-sus-retos\\\/#blogposting\",\"name\":\"Daniel Ripa: \\u201cAsturias necesita liderazgo pol\\u00edtico para afrontar sus retos\\u201d - El Digital de Asturias\",\"headline\":\"Daniel Ripa: \\u201cAsturias necesita liderazgo pol\\u00edtico para afrontar sus retos\\u201d\",\"author\":{\"@id\":\"https:\\\/\\\/www.eldigitaldeasturias.com\\\/noticias\\\/author\\\/admin\\\/#author\"},\"publisher\":{\"@id\":\"https:\\\/\\\/www.eldigitaldeasturias.com\\\/noticias\\\/#organization\"},\"image\":{\"@type\":\"ImageObject\",\"url\":\"https:\\\/\\\/www.eldigitaldeasturias.com\\\/noticias\\\/wp-content\\\/uploads\\\/2015\\\/05\\\/podemos-asturias.jpg\",\"width\":655,\"height\":360},\"datePublished\":\"2016-09-08T20:58:24+02:00\",\"dateModified\":\"2016-09-08T20:58:24+02:00\",\"inLanguage\":\"es-ES\",\"mainEntityOfPage\":{\"@id\":\"https:\\\/\\\/www.eldigitaldeasturias.com\\\/noticias\\\/daniel-ripa-asturias-necesita-liderazgo-politico-para-afrontar-sus-retos\\\/#webpage\"},\"isPartOf\":{\"@id\":\"https:\\\/\\\/www.eldigitaldeasturias.com\\\/noticias\\\/daniel-ripa-asturias-necesita-liderazgo-politico-para-afrontar-sus-retos\\\/#webpage\"},\"articleSection\":\"Actualidad Asturias\"},{\"@type\":\"BreadcrumbList\",\"@id\":\"https:\\\/\\\/www.eldigitaldeasturias.com\\\/noticias\\\/daniel-ripa-asturias-necesita-liderazgo-politico-para-afrontar-sus-retos\\\/#breadcrumblist\",\"itemListElement\":[{\"@type\":\"ListItem\",\"@id\":\"https:\\\/\\\/www.eldigitaldeasturias.com\\\/noticias#listItem\",\"position\":1,\"name\":\"Home\",\"item\":\"https:\\\/\\\/www.eldigitaldeasturias.com\\\/noticias\",\"nextItem\":{\"@type\":\"ListItem\",\"@id\":\"https:\\\/\\\/www.eldigitaldeasturias.com\\\/noticias\\\/category\\\/actualidad-asturias\\\/#listItem\",\"name\":\"Actualidad Asturias\"}},{\"@type\":\"ListItem\",\"@id\":\"https:\\\/\\\/www.eldigitaldeasturias.com\\\/noticias\\\/category\\\/actualidad-asturias\\\/#listItem\",\"position\":2,\"name\":\"Actualidad Asturias\",\"item\":\"https:\\\/\\\/www.eldigitaldeasturias.com\\\/noticias\\\/category\\\/actualidad-asturias\\\/\",\"nextItem\":{\"@type\":\"ListItem\",\"@id\":\"https:\\\/\\\/www.eldigitaldeasturias.com\\\/noticias\\\/daniel-ripa-asturias-necesita-liderazgo-politico-para-afrontar-sus-retos\\\/#listItem\",\"name\":\"Daniel Ripa: \\u201cAsturias necesita liderazgo pol\\u00edtico para afrontar sus retos\\u201d\"},\"previousItem\":{\"@type\":\"ListItem\",\"@id\":\"https:\\\/\\\/www.eldigitaldeasturias.com\\\/noticias#listItem\",\"name\":\"Home\"}},{\"@type\":\"ListItem\",\"@id\":\"https:\\\/\\\/www.eldigitaldeasturias.com\\\/noticias\\\/daniel-ripa-asturias-necesita-liderazgo-politico-para-afrontar-sus-retos\\\/#listItem\",\"position\":3,\"name\":\"Daniel Ripa: \\u201cAsturias necesita liderazgo pol\\u00edtico para afrontar sus retos\\u201d\",\"previousItem\":{\"@type\":\"ListItem\",\"@id\":\"https:\\\/\\\/www.eldigitaldeasturias.com\\\/noticias\\\/category\\\/actualidad-asturias\\\/#listItem\",\"name\":\"Actualidad Asturias\"}}]},{\"@type\":\"Organization\",\"@id\":\"https:\\\/\\\/www.eldigitaldeasturias.com\\\/noticias\\\/#organization\",\"name\":\"El Digital de Asturias\",\"description\":\"Hemeroteca\",\"url\":\"https:\\\/\\\/www.eldigitaldeasturias.com\\\/noticias\\\/\",\"email\":\"info@eldigitaldeasturias.com\",\"telephone\":\"+34652131393\",\"logo\":{\"@type\":\"ImageObject\",\"url\":\"https:\\\/\\\/www.eldigitaldeasturias.com\\\/noticias\\\/wp-content\\\/uploads\\\/2020\\\/12\\\/EDA.jpg\",\"@id\":\"https:\\\/\\\/www.eldigitaldeasturias.com\\\/noticias\\\/daniel-ripa-asturias-necesita-liderazgo-politico-para-afrontar-sus-retos\\\/#organizationLogo\",\"width\":649,\"height\":297},\"image\":{\"@id\":\"https:\\\/\\\/www.eldigitaldeasturias.com\\\/noticias\\\/daniel-ripa-asturias-necesita-liderazgo-politico-para-afrontar-sus-retos\\\/#organizationLogo\"},\"sameAs\":[\"https:\\\/\\\/facebook.com\\\/eldigitaldeasturias\",\"https:\\\/\\\/www.youtube.com\\\/channel\\\/UCZP-2wLEB9Rv6erhFmqVnvg\"],\"address\":{\"@id\":\"https:\\\/\\\/www.eldigitaldeasturias.com\\\/noticias\\\/#postaladdress\",\"@type\":\"PostalAddress\",\"streetAddress\":\"san antonio 4,\",\"postalCode\":\"33430\",\"addressLocality\":\"Cand\\u00e1s\",\"addressRegion\":\"Asturias\",\"addressCountry\":\"ES\"}},{\"@type\":\"Person\",\"@id\":\"https:\\\/\\\/www.eldigitaldeasturias.com\\\/noticias\\\/author\\\/admin\\\/#author\",\"url\":\"https:\\\/\\\/www.eldigitaldeasturias.com\\\/noticias\\\/author\\\/admin\\\/\",\"name\":\"El Digital de Asturias\",\"image\":{\"@type\":\"ImageObject\",\"@id\":\"https:\\\/\\\/www.eldigitaldeasturias.com\\\/noticias\\\/daniel-ripa-asturias-necesita-liderazgo-politico-para-afrontar-sus-retos\\\/#authorImage\",\"url\":\"https:\\\/\\\/www.eldigitaldeasturias.com\\\/noticias\\\/wp-content\\\/litespeed\\\/avatar\\\/18677e78aa0546b92d9dbf31ec7d7668.jpg?ver=1776685526\",\"width\":96,\"height\":96,\"caption\":\"El Digital de Asturias\"}},{\"@type\":\"WebPage\",\"@id\":\"https:\\\/\\\/www.eldigitaldeasturias.com\\\/noticias\\\/daniel-ripa-asturias-necesita-liderazgo-politico-para-afrontar-sus-retos\\\/#webpage\",\"url\":\"https:\\\/\\\/www.eldigitaldeasturias.com\\\/noticias\\\/daniel-ripa-asturias-necesita-liderazgo-politico-para-afrontar-sus-retos\\\/\",\"name\":\"Daniel Ripa: \\u201cAsturias necesita liderazgo pol\\u00edtico para afrontar sus retos\\u201d - El Digital de Asturias\",\"description\":\"El secretario general de Podemos en Asturias, Daniel Ripa, ha pedido este jueves al presidente del Principado, el socialista Javier Fern\\u00e1ndez, que no se comporte como el presidente de \\\"una comunidad de vecinos\\\". En referencia a la negociaci\\u00f3n presupuestaria y la acci\\u00f3n de gobierno, le ha reprochado que \\\"alce la voz\\\" para pedir que Mariano\",\"inLanguage\":\"es-ES\",\"isPartOf\":{\"@id\":\"https:\\\/\\\/www.eldigitaldeasturias.com\\\/noticias\\\/#website\"},\"breadcrumb\":{\"@id\":\"https:\\\/\\\/www.eldigitaldeasturias.com\\\/noticias\\\/daniel-ripa-asturias-necesita-liderazgo-politico-para-afrontar-sus-retos\\\/#breadcrumblist\"},\"author\":{\"@id\":\"https:\\\/\\\/www.eldigitaldeasturias.com\\\/noticias\\\/author\\\/admin\\\/#author\"},\"creator\":{\"@id\":\"https:\\\/\\\/www.eldigitaldeasturias.com\\\/noticias\\\/author\\\/admin\\\/#author\"},\"image\":{\"@type\":\"ImageObject\",\"url\":\"https:\\\/\\\/www.eldigitaldeasturias.com\\\/noticias\\\/wp-content\\\/uploads\\\/2015\\\/05\\\/podemos-asturias.jpg\",\"@id\":\"https:\\\/\\\/www.eldigitaldeasturias.com\\\/noticias\\\/daniel-ripa-asturias-necesita-liderazgo-politico-para-afrontar-sus-retos\\\/#mainImage\",\"width\":655,\"height\":360},\"primaryImageOfPage\":{\"@id\":\"https:\\\/\\\/www.eldigitaldeasturias.com\\\/noticias\\\/daniel-ripa-asturias-necesita-liderazgo-politico-para-afrontar-sus-retos\\\/#mainImage\"},\"datePublished\":\"2016-09-08T20:58:24+02:00\",\"dateModified\":\"2016-09-08T20:58:24+02:00\"},{\"@type\":\"WebSite\",\"@id\":\"https:\\\/\\\/www.eldigitaldeasturias.com\\\/noticias\\\/#website\",\"url\":\"https:\\\/\\\/www.eldigitaldeasturias.com\\\/noticias\\\/\",\"name\":\"El Digital de Asturias - Diario de actualidad y noticias\",\"alternateName\":\"El Digital de Asturias - Diario de actualidad y noticias\",\"description\":\"Hemeroteca\",\"inLanguage\":\"es-ES\",\"publisher\":{\"@id\":\"https:\\\/\\\/www.eldigitaldeasturias.com\\\/noticias\\\/#organization\"}}]}\n\t\t<\/script>\n\t\t<!-- All in One SEO Pro -->\r\n\t\t<title>Daniel Ripa: \u201cAsturias necesita liderazgo pol\u00edtico para afrontar sus retos\u201d - El Digital de Asturias<\/title>\n\n","aioseo_head_json":{"title":"Daniel Ripa: \u201cAsturias necesita liderazgo pol\u00edtico para afrontar sus retos\u201d - El Digital de Asturias","description":"El secretario general de Podemos en Asturias, Daniel Ripa, ha pedido este jueves al presidente del Principado, el socialista Javier Fern\u00e1ndez, que no se comporte como el presidente de \"una comunidad de vecinos\". En referencia a la negociaci\u00f3n presupuestaria y la acci\u00f3n de gobierno, le ha reprochado que \"alce la voz\" para pedir que Mariano","canonical_url":"https:\/\/www.eldigitaldeasturias.com\/noticias\/daniel-ripa-asturias-necesita-liderazgo-politico-para-afrontar-sus-retos\/","robots":"max-image-preview:large","keywords":"actualidad asturias","webmasterTools":{"google-site-verification":"UA-38556648-1","msvalidate.01":"7dfe9f3f1b24437ab69f4f2559babe99","miscellaneous":""},"schema":{"@context":"https:\/\/schema.org","@graph":[{"@type":"BlogPosting","@id":"https:\/\/www.eldigitaldeasturias.com\/noticias\/daniel-ripa-asturias-necesita-liderazgo-politico-para-afrontar-sus-retos\/#blogposting","name":"Daniel Ripa: \u201cAsturias necesita liderazgo pol\u00edtico para afrontar sus retos\u201d - El Digital de Asturias","headline":"Daniel Ripa: \u201cAsturias necesita liderazgo pol\u00edtico para afrontar sus retos\u201d","author":{"@id":"https:\/\/www.eldigitaldeasturias.com\/noticias\/author\/admin\/#author"},"publisher":{"@id":"https:\/\/www.eldigitaldeasturias.com\/noticias\/#organization"},"image":{"@type":"ImageObject","url":"https:\/\/www.eldigitaldeasturias.com\/noticias\/wp-content\/uploads\/2015\/05\/podemos-asturias.jpg","width":655,"height":360},"datePublished":"2016-09-08T20:58:24+02:00","dateModified":"2016-09-08T20:58:24+02:00","inLanguage":"es-ES","mainEntityOfPage":{"@id":"https:\/\/www.eldigitaldeasturias.com\/noticias\/daniel-ripa-asturias-necesita-liderazgo-politico-para-afrontar-sus-retos\/#webpage"},"isPartOf":{"@id":"https:\/\/www.eldigitaldeasturias.com\/noticias\/daniel-ripa-asturias-necesita-liderazgo-politico-para-afrontar-sus-retos\/#webpage"},"articleSection":"Actualidad Asturias"},{"@type":"BreadcrumbList","@id":"https:\/\/www.eldigitaldeasturias.com\/noticias\/daniel-ripa-asturias-necesita-liderazgo-politico-para-afrontar-sus-retos\/#breadcrumblist","itemListElement":[{"@type":"ListItem","@id":"https:\/\/www.eldigitaldeasturias.com\/noticias#listItem","position":1,"name":"Home","item":"https:\/\/www.eldigitaldeasturias.com\/noticias","nextItem":{"@type":"ListItem","@id":"https:\/\/www.eldigitaldeasturias.com\/noticias\/category\/actualidad-asturias\/#listItem","name":"Actualidad Asturias"}},{"@type":"ListItem","@id":"https:\/\/www.eldigitaldeasturias.com\/noticias\/category\/actualidad-asturias\/#listItem","position":2,"name":"Actualidad Asturias","item":"https:\/\/www.eldigitaldeasturias.com\/noticias\/category\/actualidad-asturias\/","nextItem":{"@type":"ListItem","@id":"https:\/\/www.eldigitaldeasturias.com\/noticias\/daniel-ripa-asturias-necesita-liderazgo-politico-para-afrontar-sus-retos\/#listItem","name":"Daniel Ripa: \u201cAsturias necesita liderazgo pol\u00edtico para afrontar sus retos\u201d"},"previousItem":{"@type":"ListItem","@id":"https:\/\/www.eldigitaldeasturias.com\/noticias#listItem","name":"Home"}},{"@type":"ListItem","@id":"https:\/\/www.eldigitaldeasturias.com\/noticias\/daniel-ripa-asturias-necesita-liderazgo-politico-para-afrontar-sus-retos\/#listItem","position":3,"name":"Daniel Ripa: \u201cAsturias necesita liderazgo pol\u00edtico para afrontar sus retos\u201d","previousItem":{"@type":"ListItem","@id":"https:\/\/www.eldigitaldeasturias.com\/noticias\/category\/actualidad-asturias\/#listItem","name":"Actualidad Asturias"}}]},{"@type":"Organization","@id":"https:\/\/www.eldigitaldeasturias.com\/noticias\/#organization","name":"El Digital de Asturias","description":"Hemeroteca","url":"https:\/\/www.eldigitaldeasturias.com\/noticias\/","email":"info@eldigitaldeasturias.com","telephone":"+34652131393","logo":{"@type":"ImageObject","url":"https:\/\/www.eldigitaldeasturias.com\/noticias\/wp-content\/uploads\/2020\/12\/EDA.jpg","@id":"https:\/\/www.eldigitaldeasturias.com\/noticias\/daniel-ripa-asturias-necesita-liderazgo-politico-para-afrontar-sus-retos\/#organizationLogo","width":649,"height":297},"image":{"@id":"https:\/\/www.eldigitaldeasturias.com\/noticias\/daniel-ripa-asturias-necesita-liderazgo-politico-para-afrontar-sus-retos\/#organizationLogo"},"sameAs":["https:\/\/facebook.com\/eldigitaldeasturias","https:\/\/www.youtube.com\/channel\/UCZP-2wLEB9Rv6erhFmqVnvg"],"address":{"@id":"https:\/\/www.eldigitaldeasturias.com\/noticias\/#postaladdress","@type":"PostalAddress","streetAddress":"san antonio 4,","postalCode":"33430","addressLocality":"Cand\u00e1s","addressRegion":"Asturias","addressCountry":"ES"}},{"@type":"Person","@id":"https:\/\/www.eldigitaldeasturias.com\/noticias\/author\/admin\/#author","url":"https:\/\/www.eldigitaldeasturias.com\/noticias\/author\/admin\/","name":"El Digital de Asturias","image":{"@type":"ImageObject","@id":"https:\/\/www.eldigitaldeasturias.com\/noticias\/daniel-ripa-asturias-necesita-liderazgo-politico-para-afrontar-sus-retos\/#authorImage","url":"https:\/\/www.eldigitaldeasturias.com\/noticias\/wp-content\/litespeed\/avatar\/18677e78aa0546b92d9dbf31ec7d7668.jpg?ver=1776685526","width":96,"height":96,"caption":"El Digital de Asturias"}},{"@type":"WebPage","@id":"https:\/\/www.eldigitaldeasturias.com\/noticias\/daniel-ripa-asturias-necesita-liderazgo-politico-para-afrontar-sus-retos\/#webpage","url":"https:\/\/www.eldigitaldeasturias.com\/noticias\/daniel-ripa-asturias-necesita-liderazgo-politico-para-afrontar-sus-retos\/","name":"Daniel Ripa: \u201cAsturias necesita liderazgo pol\u00edtico para afrontar sus retos\u201d - El Digital de Asturias","description":"El secretario general de Podemos en Asturias, Daniel Ripa, ha pedido este jueves al presidente del Principado, el socialista Javier Fern\u00e1ndez, que no se comporte como el presidente de \"una comunidad de vecinos\". En referencia a la negociaci\u00f3n presupuestaria y la acci\u00f3n de gobierno, le ha reprochado que \"alce la voz\" para pedir que Mariano","inLanguage":"es-ES","isPartOf":{"@id":"https:\/\/www.eldigitaldeasturias.com\/noticias\/#website"},"breadcrumb":{"@id":"https:\/\/www.eldigitaldeasturias.com\/noticias\/daniel-ripa-asturias-necesita-liderazgo-politico-para-afrontar-sus-retos\/#breadcrumblist"},"author":{"@id":"https:\/\/www.eldigitaldeasturias.com\/noticias\/author\/admin\/#author"},"creator":{"@id":"https:\/\/www.eldigitaldeasturias.com\/noticias\/author\/admin\/#author"},"image":{"@type":"ImageObject","url":"https:\/\/www.eldigitaldeasturias.com\/noticias\/wp-content\/uploads\/2015\/05\/podemos-asturias.jpg","@id":"https:\/\/www.eldigitaldeasturias.com\/noticias\/daniel-ripa-asturias-necesita-liderazgo-politico-para-afrontar-sus-retos\/#mainImage","width":655,"height":360},"primaryImageOfPage":{"@id":"https:\/\/www.eldigitaldeasturias.com\/noticias\/daniel-ripa-asturias-necesita-liderazgo-politico-para-afrontar-sus-retos\/#mainImage"},"datePublished":"2016-09-08T20:58:24+02:00","dateModified":"2016-09-08T20:58:24+02:00"},{"@type":"WebSite","@id":"https:\/\/www.eldigitaldeasturias.com\/noticias\/#website","url":"https:\/\/www.eldigitaldeasturias.com\/noticias\/","name":"El Digital de Asturias - Diario de actualidad y noticias","alternateName":"El Digital de Asturias - Diario de actualidad y noticias","description":"Hemeroteca","inLanguage":"es-ES","publisher":{"@id":"https:\/\/www.eldigitaldeasturias.com\/noticias\/#organization"}}]},"og:locale":"es_ES","og:site_name":"El Digital de Asturias","og:type":"article","og:title":"Daniel Ripa: \u201cAsturias necesita liderazgo pol\u00edtico para afrontar sus retos\u201d - El Digital de Asturias","og:description":"El secretario general de Podemos en Asturias, Daniel Ripa, ha pedido este jueves al presidente del Principado, el socialista Javier Fern\u00e1ndez, que no se comporte como el presidente de &quot;una comunidad de vecinos&quot;. En referencia a la negociaci\u00f3n presupuestaria y la acci\u00f3n de gobierno, le ha reprochado que &quot;alce la voz&quot; para pedir que Mariano","og:url":"https:\/\/www.eldigitaldeasturias.com\/noticias\/daniel-ripa-asturias-necesita-liderazgo-politico-para-afrontar-sus-retos\/","og:image":"https:\/\/www.eldigitaldeasturias.com\/noticias\/wp-content\/uploads\/2015\/05\/podemos-asturias.jpg","og:image:secure_url":"https:\/\/www.eldigitaldeasturias.com\/noticias\/wp-content\/uploads\/2015\/05\/podemos-asturias.jpg","og:image:width":655,"og:image:height":360,"article:tag":["actualidad asturias"],"article:published_time":"2016-09-08T19:58:24+00:00","article:modified_time":"2016-09-08T19:58:24+00:00","article:publisher":"https:\/\/facebook.com\/eldigitaldeasturias","twitter:card":"summary_large_image","twitter:title":"Daniel Ripa: \u201cAsturias necesita liderazgo pol\u00edtico para afrontar sus retos\u201d - El Digital de Asturias","twitter:description":"El secretario general de Podemos en Asturias, Daniel Ripa, ha pedido este jueves al presidente del Principado, el socialista Javier Fern\u00e1ndez, que no se comporte como el presidente de &quot;una comunidad de vecinos&quot;. En referencia a la negociaci\u00f3n presupuestaria y la acci\u00f3n de gobierno, le ha reprochado que &quot;alce la voz&quot; para pedir que Mariano","twitter:image":"https:\/\/www.eldigitaldeasturias.com\/noticias\/wp-content\/uploads\/2015\/05\/podemos-asturias.jpg","twitter:label1":"Escrito por","twitter:data1":"El Digital de Asturias","twitter:label2":"Tiempo de lectura estimado","twitter:data2":"2 minutos"},"aioseo_meta_data":{"post_id":"906488","title":null,"description":null,"keywords":null,"keyphrases":null,"primary_term":null,"canonical_url":null,"og_title":null,"og_description":null,"og_object_type":"default","og_image_type":"default","og_image_url":null,"og_image_width":null,"og_image_height":null,"og_image_custom_url":null,"og_image_custom_fields":null,"og_video":null,"og_custom_url":null,"og_article_section":null,"og_article_tags":null,"twitter_use_og":false,"twitter_card":"default","twitter_image_type":"default","twitter_image_url":null,"twitter_image_custom_url":null,"twitter_image_custom_fields":null,"twitter_title":null,"twitter_description":null,"schema":{"blockGraphs":[],"customGraphs":[],"default":{"data":{"Article":[],"Course":[],"Dataset":[],"FAQPage":[],"Movie":[],"Person":[],"Product":[],"ProductReview":[],"Car":[],"Recipe":[],"Service":[],"SoftwareApplication":[],"WebPage":[]},"graphName":"","isEnabled":true},"graphs":[],"defaultGraph":"","defaultPostTypeGraph":""},"schema_type":null,"schema_type_options":null,"pillar_content":false,"robots_default":true,"robots_noindex":false,"robots_noarchive":false,"robots_nosnippet":false,"robots_nofollow":false,"robots_noimageindex":false,"robots_noodp":false,"robots_notranslate":false,"robots_max_snippet":null,"robots_max_videopreview":null,"robots_max_imagepreview":"large","priority":null,"frequency":null,"local_seo":null,"seo_analyzer_scan_date":"2025-11-30 09:13:08","breadcrumb_settings":null,"limit_modified_date":false,"open_ai":null,"ai":null,"created":"2020-12-21 14:01:33","updated":"2025-11-30 09:13:08"},"aioseo_breadcrumb":"<div class=\"aioseo-breadcrumbs\"><span class=\"aioseo-breadcrumb\">\n\t<a href=\"https:\/\/www.eldigitaldeasturias.com\/noticias\" title=\"Home\">Home<\/a>\n<\/span><span class=\"aioseo-breadcrumb-separator\">\u2013<\/span><span class=\"aioseo-breadcrumb\">\n\t<a href=\"https:\/\/www.eldigitaldeasturias.com\/noticias\/category\/actualidad-asturias\/\" title=\"Actualidad Asturias\">Actualidad Asturias<\/a>\n<\/span><span class=\"aioseo-breadcrumb-separator\">\u2013<\/span><span class=\"aioseo-breadcrumb\">\n\t<a href=\"https:\/\/www.eldigitaldeasturias.com\/noticias\/daniel-ripa-asturias-necesita-liderazgo-politico-para-afrontar-sus-retos\/\" title=\"Daniel Ripa: \u201cAsturias necesita liderazgo pol\u00edtico para afrontar sus retos\u201d\">Daniel Ripa: \u201cAsturias necesita liderazgo pol\u00edtico para afrontar sus retos\u201d<\/a>\n<\/span><\/div>","aioseo_breadcrumb_json":[{"label":"Home","link":"https:\/\/www.eldigitaldeasturias.com\/noticias"},{"label":"Actualidad Asturias","link":"https:\/\/www.eldigitaldeasturias.com\/noticias\/category\/actualidad-asturias\/"},{"label":"Daniel Ripa: \u201cAsturias necesita liderazgo pol\u00edtico para afrontar sus retos\u201d","link":"https:\/\/www.eldigitaldeasturias.com\/noticias\/daniel-ripa-asturias-necesita-liderazgo-politico-para-afrontar-sus-retos\/"}],"_links":{"self":[{"href":"https:\/\/www.eldigitaldeasturias.com\/noticias\/wp-json\/wp\/v2\/posts\/906488","targetHints":{"allow":["GET"]}}],"collection":[{"href":"https:\/\/www.eldigitaldeasturias.com\/noticias\/wp-json\/wp\/v2\/posts"}],"about":[{"href":"https:\/\/www.eldigitaldeasturias.com\/noticias\/wp-json\/wp\/v2\/types\/post"}],"author":[{"embeddable":true,"href":"https:\/\/www.eldigitaldeasturias.com\/noticias\/wp-json\/wp\/v2\/users\/1"}],"replies":[{"embeddable":true,"href":"https:\/\/www.eldigitaldeasturias.com\/noticias\/wp-json\/wp\/v2\/comments?post=906488"}],"version-history":[{"count":0,"href":"https:\/\/www.eldigitaldeasturias.com\/noticias\/wp-json\/wp\/v2\/posts\/906488\/revisions"}],"wp:featuredmedia":[{"embeddable":true,"href":"https:\/\/www.eldigitaldeasturias.com\/noticias\/wp-json\/wp\/v2\/media\/784097"}],"wp:attachment":[{"href":"https:\/\/www.eldigitaldeasturias.com\/noticias\/wp-json\/wp\/v2\/media?parent=906488"}],"wp:term":[{"taxonomy":"category","embeddable":true,"href":"https:\/\/www.eldigitaldeasturias.com\/noticias\/wp-json\/wp\/v2\/categories?post=906488"},{"taxonomy":"post_tag","embeddable":true,"href":"https:\/\/www.eldigitaldeasturias.com\/noticias\/wp-json\/wp\/v2\/tags?post=906488"}],"curies":[{"name":"wp","href":"https:\/\/api.w.org\/{rel}","templated":true}]}}