{"id":906458,"date":"2016-09-08T16:18:47","date_gmt":"2016-09-08T15:18:47","guid":{"rendered":"http:\/\/www.eldigitaldeasturias.com\/noticias\/?p=906458"},"modified":"2016-09-08T16:18:47","modified_gmt":"2016-09-08T15:18:47","slug":"nueva-subida-del-precio-de-la-gasolina-en-espana","status":"publish","type":"post","link":"https:\/\/www.eldigitaldeasturias.com\/noticias\/nueva-subida-del-precio-de-la-gasolina-en-espana\/","title":{"rendered":"Nueva subida del precio de la gasolina en Espa\u00f1a"},"content":{"rendered":"<p><img loading=\"lazy\" decoding=\"async\" class=\"alignleft size-medium wp-image-906459\" src=\"https:\/\/www.eldigitaldeasturias.com\/noticias\/wp-content\/uploads\/2016\/09\/fotonoticia_20160908133726_800-346x320.jpg\" alt=\"fotonoticia_20160908133726_800\" width=\"346\" height=\"320\" srcset=\"https:\/\/www.eldigitaldeasturias.com\/noticias\/wp-content\/uploads\/2016\/09\/fotonoticia_20160908133726_800-346x320.jpg 346w, https:\/\/www.eldigitaldeasturias.com\/noticias\/wp-content\/uploads\/2016\/09\/fotonoticia_20160908133726_800-768x709.jpg 768w, https:\/\/www.eldigitaldeasturias.com\/noticias\/wp-content\/uploads\/2016\/09\/fotonoticia_20160908133726_800-650x600.jpg 650w, https:\/\/www.eldigitaldeasturias.com\/noticias\/wp-content\/uploads\/2016\/09\/fotonoticia_20160908133726_800.jpg 800w\" sizes=\"auto, (max-width: 346px) 100vw, 346px\" \/>El precio de la gasolina ha aumentado un 0,2% y suma ya cuatro semanas consecutivas de incrementos, mientras que el del gas\u00f3leo ha bajado un 0,3% y ha roto la tendencia alcista de las \u00faltimas semanas, seg\u00fan datos del Bolet\u00edn Petrolero de la Uni\u00f3n Europea (UE) recogidos por Europa Press.<\/p>\n<p>En concreto, el litro de gasolina marca un precio medio en los surtidores de 1,158 euros y se sit\u00faa, a pesar de las \u00faltimas semanas, a\u00fan lejos del m\u00e1ximo de este verano, de 1,19 euros.<\/p>\n<p>Este carburante registra en la actualidad un precio un 2,3% superior al de inicio del a\u00f1o, si bien es un 3% inferior al marcado en la misma semana del ejercicio 2015.<\/p>\n<p>En cuanto al gas\u00f3leo, marca un precio medio en los surtidores de 1,034 euros, frente al m\u00e1ximo del verano, de 1,055 euros registrado a comienzos de junio.<\/p>\n<p>Este carburante, consumido por cerca del 70% del parque automovil\u00edstico, registra en la actualidad un precio un 7,4% superior al de enero, pero se encuentra al mismo tiempo un 4,3% por debajo del de la misma semana de agosto.<\/p>\n<p>El barril de Brent, de referencia en Europa, se cambia por 48,8 d\u00f3lares, dos d\u00f3lares m\u00e1s que hace una semana, mientras que el Texas &#8216;sweet light&#8217;, de referencia en Estados Unidos, marca un precio de 46,3 d\u00f3lares por barril.<\/p>\n<p>Con los precios actuales, el llenado de un veh\u00edculo con un dep\u00f3sito medio de 55 litros de gasolina cuesta en la actualidad 63,6 euros, lo que supone un ahorro de casi dos euros con respecto a la misma semana de 2015.<\/p>\n<p>En el caso del gas\u00f3leo, el llenado del dep\u00f3sito asciende actualmente a 56,8 euros, lo que representa un ahorro para el bolsillo de casi seis euros con respecto a hace un a\u00f1o.<\/p>\n<p><strong>PRECIOS EN LA UE<\/strong><\/p>\n<p>Los carburantes son m\u00e1s baratos en Espa\u00f1a que en la media de la UE y la zona euro, donde el precio de venta al p\u00fablico del litro de gasolina se sit\u00faa en 1,292 euros y en 1,321 euros, respectivamente. Por su parte, el litro de gas\u00f3leo cuesta 1,138 euros de media en la UE y 1,12 euros en la eurozona.<\/p>\n<p>El menor nivel de precios finales con respecto a los pa\u00edses del entorno se debe a que Espa\u00f1a, pese a las subidas del IVA, a los mayores impuestos y a los nuevos grav\u00e1menes al biodi\u00e9sel, sigue contando con una menor presi\u00f3n fiscal en general.<\/p>\n<p>&nbsp;<\/p>\n","protected":false},"excerpt":{"rendered":"<p>El precio de la gasolina ha aumentado un 0,2% y suma ya cuatro semanas consecutivas de incrementos, mientras que el del gas\u00f3leo ha bajado un 0,3% y ha roto la tendencia alcista de las \u00faltimas semanas, seg\u00fan datos del Bolet\u00edn Petrolero de la Uni\u00f3n Europea (UE) recogidos por Europa Press. En concreto, el litro de [&hellip;]<\/p>\n","protected":false},"author":1,"featured_media":906459,"comment_status":"closed","ping_status":"closed","sticky":false,"template":"","format":"standard","meta":{"footnotes":""},"categories":[1],"tags":[],"class_list":["post-906458","post","type-post","status-publish","format-standard","has-post-thumbnail","hentry","category-actualidad"],"aioseo_notices":[],"aioseo_head":"\n\t\t<!-- All in One SEO Pro 4.9.6.2 - aioseo.com -->\n\t<meta name=\"description\" content=\"El precio de la gasolina ha aumentado un 0,2% y suma ya cuatro semanas consecutivas de incrementos, mientras que el del gas\u00f3leo ha bajado un 0,3% y ha roto la tendencia alcista de las \u00faltimas semanas, seg\u00fan datos del Bolet\u00edn Petrolero de la Uni\u00f3n Europea (UE) recogidos por Europa Press. En concreto, el litro de\" \/>\n\t<meta name=\"robots\" content=\"max-image-preview:large\" \/>\n\t<meta name=\"author\" content=\"El Digital de Asturias\"\/>\n\t<meta name=\"google-site-verification\" content=\"UA-38556648-1\" \/>\n\t<meta name=\"msvalidate.01\" content=\"7dfe9f3f1b24437ab69f4f2559babe99\" \/>\n\t<meta name=\"keywords\" content=\"actualidad\" \/>\n\t<link rel=\"canonical\" href=\"https:\/\/www.eldigitaldeasturias.com\/noticias\/nueva-subida-del-precio-de-la-gasolina-en-espana\/\" \/>\n\t<meta name=\"generator\" content=\"All in One SEO Pro (AIOSEO) 4.9.6.2\" \/>\n\t\t<meta property=\"og:locale\" content=\"es_ES\" \/>\n\t\t<meta property=\"og:site_name\" content=\"El Digital de Asturias\" \/>\n\t\t<meta property=\"og:type\" content=\"article\" \/>\n\t\t<meta property=\"og:title\" content=\"Nueva subida del precio de la gasolina en Espa\u00f1a - El Digital de Asturias\" \/>\n\t\t<meta property=\"og:description\" content=\"El precio de la gasolina ha aumentado un 0,2% y suma ya cuatro semanas consecutivas de incrementos, mientras que el del gas\u00f3leo ha bajado un 0,3% y ha roto la tendencia alcista de las \u00faltimas semanas, seg\u00fan datos del Bolet\u00edn Petrolero de la Uni\u00f3n Europea (UE) recogidos por Europa Press. En concreto, el litro de\" \/>\n\t\t<meta property=\"og:url\" content=\"https:\/\/www.eldigitaldeasturias.com\/noticias\/nueva-subida-del-precio-de-la-gasolina-en-espana\/\" \/>\n\t\t<meta property=\"og:image\" content=\"https:\/\/www.eldigitaldeasturias.com\/noticias\/wp-content\/uploads\/2016\/09\/fotonoticia_20160908133726_800.jpg\" \/>\n\t\t<meta property=\"og:image:secure_url\" content=\"https:\/\/www.eldigitaldeasturias.com\/noticias\/wp-content\/uploads\/2016\/09\/fotonoticia_20160908133726_800.jpg\" \/>\n\t\t<meta property=\"og:image:width\" content=\"800\" \/>\n\t\t<meta property=\"og:image:height\" content=\"739\" \/>\n\t\t<meta property=\"article:tag\" content=\"actualidad\" \/>\n\t\t<meta property=\"article:published_time\" content=\"2016-09-08T15:18:47+00:00\" \/>\n\t\t<meta property=\"article:modified_time\" content=\"2016-09-08T15:18:47+00:00\" \/>\n\t\t<meta property=\"article:publisher\" content=\"https:\/\/facebook.com\/eldigitaldeasturias\" \/>\n\t\t<meta name=\"twitter:card\" content=\"summary_large_image\" \/>\n\t\t<meta name=\"twitter:title\" content=\"Nueva subida del precio de la gasolina en Espa\u00f1a - El Digital de Asturias\" \/>\n\t\t<meta name=\"twitter:description\" content=\"El precio de la gasolina ha aumentado un 0,2% y suma ya cuatro semanas consecutivas de incrementos, mientras que el del gas\u00f3leo ha bajado un 0,3% y ha roto la tendencia alcista de las \u00faltimas semanas, seg\u00fan datos del Bolet\u00edn Petrolero de la Uni\u00f3n Europea (UE) recogidos por Europa Press. En concreto, el litro de\" \/>\n\t\t<meta name=\"twitter:image\" content=\"https:\/\/www.eldigitaldeasturias.com\/noticias\/wp-content\/uploads\/2016\/09\/fotonoticia_20160908133726_800.jpg\" \/>\n\t\t<meta name=\"twitter:label1\" content=\"Escrito por\" \/>\n\t\t<meta name=\"twitter:data1\" content=\"El Digital de Asturias\" \/>\n\t\t<meta name=\"twitter:label2\" content=\"Tiempo de lectura estimado\" \/>\n\t\t<meta name=\"twitter:data2\" content=\"2 minutos\" \/>\n\t\t<script type=\"application\/ld+json\" class=\"aioseo-schema\">\n\t\t\t{\"@context\":\"https:\\\/\\\/schema.org\",\"@graph\":[{\"@type\":\"BlogPosting\",\"@id\":\"https:\\\/\\\/www.eldigitaldeasturias.com\\\/noticias\\\/nueva-subida-del-precio-de-la-gasolina-en-espana\\\/#blogposting\",\"name\":\"Nueva subida del precio de la gasolina en Espa\\u00f1a - El Digital de Asturias\",\"headline\":\"Nueva subida del precio de la gasolina en Espa\\u00f1a\",\"author\":{\"@id\":\"https:\\\/\\\/www.eldigitaldeasturias.com\\\/noticias\\\/author\\\/admin\\\/#author\"},\"publisher\":{\"@id\":\"https:\\\/\\\/www.eldigitaldeasturias.com\\\/noticias\\\/#organization\"},\"image\":{\"@type\":\"ImageObject\",\"url\":\"https:\\\/\\\/www.eldigitaldeasturias.com\\\/noticias\\\/wp-content\\\/uploads\\\/2016\\\/09\\\/fotonoticia_20160908133726_800.jpg\",\"width\":800,\"height\":739},\"datePublished\":\"2016-09-08T16:18:47+02:00\",\"dateModified\":\"2016-09-08T16:18:47+02:00\",\"inLanguage\":\"es-ES\",\"mainEntityOfPage\":{\"@id\":\"https:\\\/\\\/www.eldigitaldeasturias.com\\\/noticias\\\/nueva-subida-del-precio-de-la-gasolina-en-espana\\\/#webpage\"},\"isPartOf\":{\"@id\":\"https:\\\/\\\/www.eldigitaldeasturias.com\\\/noticias\\\/nueva-subida-del-precio-de-la-gasolina-en-espana\\\/#webpage\"},\"articleSection\":\"Actualidad\"},{\"@type\":\"BreadcrumbList\",\"@id\":\"https:\\\/\\\/www.eldigitaldeasturias.com\\\/noticias\\\/nueva-subida-del-precio-de-la-gasolina-en-espana\\\/#breadcrumblist\",\"itemListElement\":[{\"@type\":\"ListItem\",\"@id\":\"https:\\\/\\\/www.eldigitaldeasturias.com\\\/noticias#listItem\",\"position\":1,\"name\":\"Home\",\"item\":\"https:\\\/\\\/www.eldigitaldeasturias.com\\\/noticias\",\"nextItem\":{\"@type\":\"ListItem\",\"@id\":\"https:\\\/\\\/www.eldigitaldeasturias.com\\\/noticias\\\/category\\\/actualidad\\\/#listItem\",\"name\":\"Actualidad\"}},{\"@type\":\"ListItem\",\"@id\":\"https:\\\/\\\/www.eldigitaldeasturias.com\\\/noticias\\\/category\\\/actualidad\\\/#listItem\",\"position\":2,\"name\":\"Actualidad\",\"item\":\"https:\\\/\\\/www.eldigitaldeasturias.com\\\/noticias\\\/category\\\/actualidad\\\/\",\"nextItem\":{\"@type\":\"ListItem\",\"@id\":\"https:\\\/\\\/www.eldigitaldeasturias.com\\\/noticias\\\/nueva-subida-del-precio-de-la-gasolina-en-espana\\\/#listItem\",\"name\":\"Nueva subida del precio de la gasolina en Espa\\u00f1a\"},\"previousItem\":{\"@type\":\"ListItem\",\"@id\":\"https:\\\/\\\/www.eldigitaldeasturias.com\\\/noticias#listItem\",\"name\":\"Home\"}},{\"@type\":\"ListItem\",\"@id\":\"https:\\\/\\\/www.eldigitaldeasturias.com\\\/noticias\\\/nueva-subida-del-precio-de-la-gasolina-en-espana\\\/#listItem\",\"position\":3,\"name\":\"Nueva subida del precio de la gasolina en Espa\\u00f1a\",\"previousItem\":{\"@type\":\"ListItem\",\"@id\":\"https:\\\/\\\/www.eldigitaldeasturias.com\\\/noticias\\\/category\\\/actualidad\\\/#listItem\",\"name\":\"Actualidad\"}}]},{\"@type\":\"Organization\",\"@id\":\"https:\\\/\\\/www.eldigitaldeasturias.com\\\/noticias\\\/#organization\",\"name\":\"El Digital de Asturias\",\"description\":\"Hemeroteca\",\"url\":\"https:\\\/\\\/www.eldigitaldeasturias.com\\\/noticias\\\/\",\"email\":\"info@eldigitaldeasturias.com\",\"telephone\":\"+34652131393\",\"logo\":{\"@type\":\"ImageObject\",\"url\":\"https:\\\/\\\/www.eldigitaldeasturias.com\\\/noticias\\\/wp-content\\\/uploads\\\/2020\\\/12\\\/EDA.jpg\",\"@id\":\"https:\\\/\\\/www.eldigitaldeasturias.com\\\/noticias\\\/nueva-subida-del-precio-de-la-gasolina-en-espana\\\/#organizationLogo\",\"width\":649,\"height\":297},\"image\":{\"@id\":\"https:\\\/\\\/www.eldigitaldeasturias.com\\\/noticias\\\/nueva-subida-del-precio-de-la-gasolina-en-espana\\\/#organizationLogo\"},\"sameAs\":[\"https:\\\/\\\/facebook.com\\\/eldigitaldeasturias\",\"https:\\\/\\\/www.youtube.com\\\/channel\\\/UCZP-2wLEB9Rv6erhFmqVnvg\"],\"address\":{\"@id\":\"https:\\\/\\\/www.eldigitaldeasturias.com\\\/noticias\\\/#postaladdress\",\"@type\":\"PostalAddress\",\"streetAddress\":\"san antonio 4,\",\"postalCode\":\"33430\",\"addressLocality\":\"Cand\\u00e1s\",\"addressRegion\":\"Asturias\",\"addressCountry\":\"ES\"}},{\"@type\":\"Person\",\"@id\":\"https:\\\/\\\/www.eldigitaldeasturias.com\\\/noticias\\\/author\\\/admin\\\/#author\",\"url\":\"https:\\\/\\\/www.eldigitaldeasturias.com\\\/noticias\\\/author\\\/admin\\\/\",\"name\":\"El Digital de Asturias\",\"image\":{\"@type\":\"ImageObject\",\"@id\":\"https:\\\/\\\/www.eldigitaldeasturias.com\\\/noticias\\\/nueva-subida-del-precio-de-la-gasolina-en-espana\\\/#authorImage\",\"url\":\"https:\\\/\\\/www.eldigitaldeasturias.com\\\/noticias\\\/wp-content\\\/litespeed\\\/avatar\\\/18677e78aa0546b92d9dbf31ec7d7668.jpg?ver=1776685526\",\"width\":96,\"height\":96,\"caption\":\"El Digital de Asturias\"}},{\"@type\":\"WebPage\",\"@id\":\"https:\\\/\\\/www.eldigitaldeasturias.com\\\/noticias\\\/nueva-subida-del-precio-de-la-gasolina-en-espana\\\/#webpage\",\"url\":\"https:\\\/\\\/www.eldigitaldeasturias.com\\\/noticias\\\/nueva-subida-del-precio-de-la-gasolina-en-espana\\\/\",\"name\":\"Nueva subida del precio de la gasolina en Espa\\u00f1a - El Digital de Asturias\",\"description\":\"El precio de la gasolina ha aumentado un 0,2% y suma ya cuatro semanas consecutivas de incrementos, mientras que el del gas\\u00f3leo ha bajado un 0,3% y ha roto la tendencia alcista de las \\u00faltimas semanas, seg\\u00fan datos del Bolet\\u00edn Petrolero de la Uni\\u00f3n Europea (UE) recogidos por Europa Press. En concreto, el litro de\",\"inLanguage\":\"es-ES\",\"isPartOf\":{\"@id\":\"https:\\\/\\\/www.eldigitaldeasturias.com\\\/noticias\\\/#website\"},\"breadcrumb\":{\"@id\":\"https:\\\/\\\/www.eldigitaldeasturias.com\\\/noticias\\\/nueva-subida-del-precio-de-la-gasolina-en-espana\\\/#breadcrumblist\"},\"author\":{\"@id\":\"https:\\\/\\\/www.eldigitaldeasturias.com\\\/noticias\\\/author\\\/admin\\\/#author\"},\"creator\":{\"@id\":\"https:\\\/\\\/www.eldigitaldeasturias.com\\\/noticias\\\/author\\\/admin\\\/#author\"},\"image\":{\"@type\":\"ImageObject\",\"url\":\"https:\\\/\\\/www.eldigitaldeasturias.com\\\/noticias\\\/wp-content\\\/uploads\\\/2016\\\/09\\\/fotonoticia_20160908133726_800.jpg\",\"@id\":\"https:\\\/\\\/www.eldigitaldeasturias.com\\\/noticias\\\/nueva-subida-del-precio-de-la-gasolina-en-espana\\\/#mainImage\",\"width\":800,\"height\":739},\"primaryImageOfPage\":{\"@id\":\"https:\\\/\\\/www.eldigitaldeasturias.com\\\/noticias\\\/nueva-subida-del-precio-de-la-gasolina-en-espana\\\/#mainImage\"},\"datePublished\":\"2016-09-08T16:18:47+02:00\",\"dateModified\":\"2016-09-08T16:18:47+02:00\"},{\"@type\":\"WebSite\",\"@id\":\"https:\\\/\\\/www.eldigitaldeasturias.com\\\/noticias\\\/#website\",\"url\":\"https:\\\/\\\/www.eldigitaldeasturias.com\\\/noticias\\\/\",\"name\":\"El Digital de Asturias - Diario de actualidad y noticias\",\"alternateName\":\"El Digital de Asturias - Diario de actualidad y noticias\",\"description\":\"Hemeroteca\",\"inLanguage\":\"es-ES\",\"publisher\":{\"@id\":\"https:\\\/\\\/www.eldigitaldeasturias.com\\\/noticias\\\/#organization\"}}]}\n\t\t<\/script>\n\t\t<!-- All in One SEO Pro -->\r\n\t\t<title>Nueva subida del precio de la gasolina en Espa\u00f1a - El Digital de Asturias<\/title>\n\n","aioseo_head_json":{"title":"Nueva subida del precio de la gasolina en Espa\u00f1a - El Digital de Asturias","description":"El precio de la gasolina ha aumentado un 0,2% y suma ya cuatro semanas consecutivas de incrementos, mientras que el del gas\u00f3leo ha bajado un 0,3% y ha roto la tendencia alcista de las \u00faltimas semanas, seg\u00fan datos del Bolet\u00edn Petrolero de la Uni\u00f3n Europea (UE) recogidos por Europa Press. En concreto, el litro de","canonical_url":"https:\/\/www.eldigitaldeasturias.com\/noticias\/nueva-subida-del-precio-de-la-gasolina-en-espana\/","robots":"max-image-preview:large","keywords":"actualidad","webmasterTools":{"google-site-verification":"UA-38556648-1","msvalidate.01":"7dfe9f3f1b24437ab69f4f2559babe99","miscellaneous":""},"schema":{"@context":"https:\/\/schema.org","@graph":[{"@type":"BlogPosting","@id":"https:\/\/www.eldigitaldeasturias.com\/noticias\/nueva-subida-del-precio-de-la-gasolina-en-espana\/#blogposting","name":"Nueva subida del precio de la gasolina en Espa\u00f1a - El Digital de Asturias","headline":"Nueva subida del precio de la gasolina en Espa\u00f1a","author":{"@id":"https:\/\/www.eldigitaldeasturias.com\/noticias\/author\/admin\/#author"},"publisher":{"@id":"https:\/\/www.eldigitaldeasturias.com\/noticias\/#organization"},"image":{"@type":"ImageObject","url":"https:\/\/www.eldigitaldeasturias.com\/noticias\/wp-content\/uploads\/2016\/09\/fotonoticia_20160908133726_800.jpg","width":800,"height":739},"datePublished":"2016-09-08T16:18:47+02:00","dateModified":"2016-09-08T16:18:47+02:00","inLanguage":"es-ES","mainEntityOfPage":{"@id":"https:\/\/www.eldigitaldeasturias.com\/noticias\/nueva-subida-del-precio-de-la-gasolina-en-espana\/#webpage"},"isPartOf":{"@id":"https:\/\/www.eldigitaldeasturias.com\/noticias\/nueva-subida-del-precio-de-la-gasolina-en-espana\/#webpage"},"articleSection":"Actualidad"},{"@type":"BreadcrumbList","@id":"https:\/\/www.eldigitaldeasturias.com\/noticias\/nueva-subida-del-precio-de-la-gasolina-en-espana\/#breadcrumblist","itemListElement":[{"@type":"ListItem","@id":"https:\/\/www.eldigitaldeasturias.com\/noticias#listItem","position":1,"name":"Home","item":"https:\/\/www.eldigitaldeasturias.com\/noticias","nextItem":{"@type":"ListItem","@id":"https:\/\/www.eldigitaldeasturias.com\/noticias\/category\/actualidad\/#listItem","name":"Actualidad"}},{"@type":"ListItem","@id":"https:\/\/www.eldigitaldeasturias.com\/noticias\/category\/actualidad\/#listItem","position":2,"name":"Actualidad","item":"https:\/\/www.eldigitaldeasturias.com\/noticias\/category\/actualidad\/","nextItem":{"@type":"ListItem","@id":"https:\/\/www.eldigitaldeasturias.com\/noticias\/nueva-subida-del-precio-de-la-gasolina-en-espana\/#listItem","name":"Nueva subida del precio de la gasolina en Espa\u00f1a"},"previousItem":{"@type":"ListItem","@id":"https:\/\/www.eldigitaldeasturias.com\/noticias#listItem","name":"Home"}},{"@type":"ListItem","@id":"https:\/\/www.eldigitaldeasturias.com\/noticias\/nueva-subida-del-precio-de-la-gasolina-en-espana\/#listItem","position":3,"name":"Nueva subida del precio de la gasolina en Espa\u00f1a","previousItem":{"@type":"ListItem","@id":"https:\/\/www.eldigitaldeasturias.com\/noticias\/category\/actualidad\/#listItem","name":"Actualidad"}}]},{"@type":"Organization","@id":"https:\/\/www.eldigitaldeasturias.com\/noticias\/#organization","name":"El Digital de Asturias","description":"Hemeroteca","url":"https:\/\/www.eldigitaldeasturias.com\/noticias\/","email":"info@eldigitaldeasturias.com","telephone":"+34652131393","logo":{"@type":"ImageObject","url":"https:\/\/www.eldigitaldeasturias.com\/noticias\/wp-content\/uploads\/2020\/12\/EDA.jpg","@id":"https:\/\/www.eldigitaldeasturias.com\/noticias\/nueva-subida-del-precio-de-la-gasolina-en-espana\/#organizationLogo","width":649,"height":297},"image":{"@id":"https:\/\/www.eldigitaldeasturias.com\/noticias\/nueva-subida-del-precio-de-la-gasolina-en-espana\/#organizationLogo"},"sameAs":["https:\/\/facebook.com\/eldigitaldeasturias","https:\/\/www.youtube.com\/channel\/UCZP-2wLEB9Rv6erhFmqVnvg"],"address":{"@id":"https:\/\/www.eldigitaldeasturias.com\/noticias\/#postaladdress","@type":"PostalAddress","streetAddress":"san antonio 4,","postalCode":"33430","addressLocality":"Cand\u00e1s","addressRegion":"Asturias","addressCountry":"ES"}},{"@type":"Person","@id":"https:\/\/www.eldigitaldeasturias.com\/noticias\/author\/admin\/#author","url":"https:\/\/www.eldigitaldeasturias.com\/noticias\/author\/admin\/","name":"El Digital de Asturias","image":{"@type":"ImageObject","@id":"https:\/\/www.eldigitaldeasturias.com\/noticias\/nueva-subida-del-precio-de-la-gasolina-en-espana\/#authorImage","url":"https:\/\/www.eldigitaldeasturias.com\/noticias\/wp-content\/litespeed\/avatar\/18677e78aa0546b92d9dbf31ec7d7668.jpg?ver=1776685526","width":96,"height":96,"caption":"El Digital de Asturias"}},{"@type":"WebPage","@id":"https:\/\/www.eldigitaldeasturias.com\/noticias\/nueva-subida-del-precio-de-la-gasolina-en-espana\/#webpage","url":"https:\/\/www.eldigitaldeasturias.com\/noticias\/nueva-subida-del-precio-de-la-gasolina-en-espana\/","name":"Nueva subida del precio de la gasolina en Espa\u00f1a - El Digital de Asturias","description":"El precio de la gasolina ha aumentado un 0,2% y suma ya cuatro semanas consecutivas de incrementos, mientras que el del gas\u00f3leo ha bajado un 0,3% y ha roto la tendencia alcista de las \u00faltimas semanas, seg\u00fan datos del Bolet\u00edn Petrolero de la Uni\u00f3n Europea (UE) recogidos por Europa Press. En concreto, el litro de","inLanguage":"es-ES","isPartOf":{"@id":"https:\/\/www.eldigitaldeasturias.com\/noticias\/#website"},"breadcrumb":{"@id":"https:\/\/www.eldigitaldeasturias.com\/noticias\/nueva-subida-del-precio-de-la-gasolina-en-espana\/#breadcrumblist"},"author":{"@id":"https:\/\/www.eldigitaldeasturias.com\/noticias\/author\/admin\/#author"},"creator":{"@id":"https:\/\/www.eldigitaldeasturias.com\/noticias\/author\/admin\/#author"},"image":{"@type":"ImageObject","url":"https:\/\/www.eldigitaldeasturias.com\/noticias\/wp-content\/uploads\/2016\/09\/fotonoticia_20160908133726_800.jpg","@id":"https:\/\/www.eldigitaldeasturias.com\/noticias\/nueva-subida-del-precio-de-la-gasolina-en-espana\/#mainImage","width":800,"height":739},"primaryImageOfPage":{"@id":"https:\/\/www.eldigitaldeasturias.com\/noticias\/nueva-subida-del-precio-de-la-gasolina-en-espana\/#mainImage"},"datePublished":"2016-09-08T16:18:47+02:00","dateModified":"2016-09-08T16:18:47+02:00"},{"@type":"WebSite","@id":"https:\/\/www.eldigitaldeasturias.com\/noticias\/#website","url":"https:\/\/www.eldigitaldeasturias.com\/noticias\/","name":"El Digital de Asturias - Diario de actualidad y noticias","alternateName":"El Digital de Asturias - Diario de actualidad y noticias","description":"Hemeroteca","inLanguage":"es-ES","publisher":{"@id":"https:\/\/www.eldigitaldeasturias.com\/noticias\/#organization"}}]},"og:locale":"es_ES","og:site_name":"El Digital de Asturias","og:type":"article","og:title":"Nueva subida del precio de la gasolina en Espa\u00f1a - El Digital de Asturias","og:description":"El precio de la gasolina ha aumentado un 0,2% y suma ya cuatro semanas consecutivas de incrementos, mientras que el del gas\u00f3leo ha bajado un 0,3% y ha roto la tendencia alcista de las \u00faltimas semanas, seg\u00fan datos del Bolet\u00edn Petrolero de la Uni\u00f3n Europea (UE) recogidos por Europa Press. En concreto, el litro de","og:url":"https:\/\/www.eldigitaldeasturias.com\/noticias\/nueva-subida-del-precio-de-la-gasolina-en-espana\/","og:image":"https:\/\/www.eldigitaldeasturias.com\/noticias\/wp-content\/uploads\/2016\/09\/fotonoticia_20160908133726_800.jpg","og:image:secure_url":"https:\/\/www.eldigitaldeasturias.com\/noticias\/wp-content\/uploads\/2016\/09\/fotonoticia_20160908133726_800.jpg","og:image:width":800,"og:image:height":739,"article:tag":["actualidad"],"article:published_time":"2016-09-08T15:18:47+00:00","article:modified_time":"2016-09-08T15:18:47+00:00","article:publisher":"https:\/\/facebook.com\/eldigitaldeasturias","twitter:card":"summary_large_image","twitter:title":"Nueva subida del precio de la gasolina en Espa\u00f1a - El Digital de Asturias","twitter:description":"El precio de la gasolina ha aumentado un 0,2% y suma ya cuatro semanas consecutivas de incrementos, mientras que el del gas\u00f3leo ha bajado un 0,3% y ha roto la tendencia alcista de las \u00faltimas semanas, seg\u00fan datos del Bolet\u00edn Petrolero de la Uni\u00f3n Europea (UE) recogidos por Europa Press. En concreto, el litro de","twitter:image":"https:\/\/www.eldigitaldeasturias.com\/noticias\/wp-content\/uploads\/2016\/09\/fotonoticia_20160908133726_800.jpg","twitter:label1":"Escrito por","twitter:data1":"El Digital de Asturias","twitter:label2":"Tiempo de lectura estimado","twitter:data2":"2 minutos"},"aioseo_meta_data":{"post_id":"906458","title":null,"description":null,"keywords":null,"keyphrases":null,"primary_term":null,"canonical_url":null,"og_title":null,"og_description":null,"og_object_type":"default","og_image_type":"default","og_image_url":null,"og_image_width":null,"og_image_height":null,"og_image_custom_url":null,"og_image_custom_fields":null,"og_video":null,"og_custom_url":null,"og_article_section":null,"og_article_tags":null,"twitter_use_og":false,"twitter_card":"default","twitter_image_type":"default","twitter_image_url":null,"twitter_image_custom_url":null,"twitter_image_custom_fields":null,"twitter_title":null,"twitter_description":null,"schema":{"blockGraphs":[],"customGraphs":[],"default":{"data":{"Article":[],"Course":[],"Dataset":[],"FAQPage":[],"Movie":[],"Person":[],"Product":[],"ProductReview":[],"Car":[],"Recipe":[],"Service":[],"SoftwareApplication":[],"WebPage":[]},"graphName":"","isEnabled":true},"graphs":[],"defaultGraph":"","defaultPostTypeGraph":""},"schema_type":null,"schema_type_options":null,"pillar_content":false,"robots_default":true,"robots_noindex":false,"robots_noarchive":false,"robots_nosnippet":false,"robots_nofollow":false,"robots_noimageindex":false,"robots_noodp":false,"robots_notranslate":false,"robots_max_snippet":null,"robots_max_videopreview":null,"robots_max_imagepreview":"large","priority":null,"frequency":null,"local_seo":null,"seo_analyzer_scan_date":"2025-11-30 09:04:13","breadcrumb_settings":null,"limit_modified_date":false,"open_ai":null,"ai":null,"created":"2020-12-21 14:01:33","updated":"2025-11-30 09:04:13"},"aioseo_breadcrumb":"<div class=\"aioseo-breadcrumbs\"><span class=\"aioseo-breadcrumb\">\n\t<a href=\"https:\/\/www.eldigitaldeasturias.com\/noticias\" title=\"Home\">Home<\/a>\n<\/span><span class=\"aioseo-breadcrumb-separator\">\u2013<\/span><span class=\"aioseo-breadcrumb\">\n\t<a href=\"https:\/\/www.eldigitaldeasturias.com\/noticias\/category\/actualidad\/\" title=\"Actualidad\">Actualidad<\/a>\n<\/span><span class=\"aioseo-breadcrumb-separator\">\u2013<\/span><span class=\"aioseo-breadcrumb\">\n\t<a href=\"https:\/\/www.eldigitaldeasturias.com\/noticias\/nueva-subida-del-precio-de-la-gasolina-en-espana\/\" title=\"Nueva subida del precio de la gasolina en Espa\u00f1a\">Nueva subida del precio de la gasolina en Espa\u00f1a<\/a>\n<\/span><\/div>","aioseo_breadcrumb_json":[{"label":"Home","link":"https:\/\/www.eldigitaldeasturias.com\/noticias"},{"label":"Actualidad","link":"https:\/\/www.eldigitaldeasturias.com\/noticias\/category\/actualidad\/"},{"label":"Nueva subida del precio de la gasolina en Espa\u00f1a","link":"https:\/\/www.eldigitaldeasturias.com\/noticias\/nueva-subida-del-precio-de-la-gasolina-en-espana\/"}],"_links":{"self":[{"href":"https:\/\/www.eldigitaldeasturias.com\/noticias\/wp-json\/wp\/v2\/posts\/906458","targetHints":{"allow":["GET"]}}],"collection":[{"href":"https:\/\/www.eldigitaldeasturias.com\/noticias\/wp-json\/wp\/v2\/posts"}],"about":[{"href":"https:\/\/www.eldigitaldeasturias.com\/noticias\/wp-json\/wp\/v2\/types\/post"}],"author":[{"embeddable":true,"href":"https:\/\/www.eldigitaldeasturias.com\/noticias\/wp-json\/wp\/v2\/users\/1"}],"replies":[{"embeddable":true,"href":"https:\/\/www.eldigitaldeasturias.com\/noticias\/wp-json\/wp\/v2\/comments?post=906458"}],"version-history":[{"count":0,"href":"https:\/\/www.eldigitaldeasturias.com\/noticias\/wp-json\/wp\/v2\/posts\/906458\/revisions"}],"wp:featuredmedia":[{"embeddable":true,"href":"https:\/\/www.eldigitaldeasturias.com\/noticias\/wp-json\/wp\/v2\/media\/906459"}],"wp:attachment":[{"href":"https:\/\/www.eldigitaldeasturias.com\/noticias\/wp-json\/wp\/v2\/media?parent=906458"}],"wp:term":[{"taxonomy":"category","embeddable":true,"href":"https:\/\/www.eldigitaldeasturias.com\/noticias\/wp-json\/wp\/v2\/categories?post=906458"},{"taxonomy":"post_tag","embeddable":true,"href":"https:\/\/www.eldigitaldeasturias.com\/noticias\/wp-json\/wp\/v2\/tags?post=906458"}],"curies":[{"name":"wp","href":"https:\/\/api.w.org\/{rel}","templated":true}]}}