{"id":906456,"date":"2016-09-08T15:53:43","date_gmt":"2016-09-08T14:53:43","guid":{"rendered":"http:\/\/www.eldigitaldeasturias.com\/noticias\/?p=906456"},"modified":"2016-09-08T15:53:43","modified_gmt":"2016-09-08T14:53:43","slug":"el-incendio-de-degana-continua-estabilizado","status":"publish","type":"post","link":"https:\/\/www.eldigitaldeasturias.com\/noticias\/el-incendio-de-degana-continua-estabilizado\/","title":{"rendered":"El incendio de Dega\u00f1a contin\u00faa estabilizado"},"content":{"rendered":"<p><img loading=\"lazy\" decoding=\"async\" class=\"alignleft size-medium wp-image-906431\" src=\"https:\/\/www.eldigitaldeasturias.com\/noticias\/wp-content\/uploads\/2016\/09\/fotonoticia_20160908101313_800-240x320.jpg\" alt=\"fotonoticia_20160908101313_800\" width=\"240\" height=\"320\" srcset=\"https:\/\/www.eldigitaldeasturias.com\/noticias\/wp-content\/uploads\/2016\/09\/fotonoticia_20160908101313_800-240x320.jpg 240w, https:\/\/www.eldigitaldeasturias.com\/noticias\/wp-content\/uploads\/2016\/09\/fotonoticia_20160908101313_800-768x1024.jpg 768w, https:\/\/www.eldigitaldeasturias.com\/noticias\/wp-content\/uploads\/2016\/09\/fotonoticia_20160908101313_800-487x650.jpg 487w, https:\/\/www.eldigitaldeasturias.com\/noticias\/wp-content\/uploads\/2016\/09\/fotonoticia_20160908101313_800.jpg 800w\" sizes=\"auto, (max-width: 240px) 100vw, 240px\" \/>El Consejero de Presidencia, Guillermo Mart\u00ednez, ha pasado el Nivel 1 del Plan de Protecci\u00f3n Civil de Emergencia por Incendios Forestales del Principado (INFOPA) a Situaci\u00f3n 0 para el incendio de Dega\u00f1a, a las 14:12 horas, de hoy jueves 8 de septiembre. Esta misma Situaci\u00f3n 0 del INFOPA se mantiene para el suroccidente asturiano.<\/p>\n<p>El incendio de Dega\u00f1a contin\u00faa estabilizado y en \u00e9l siguen trabajando por tierra, ya que la niebla impide por el momento la intervenci\u00f3n de medios a\u00e9reos, un Jefe de Zona de Bomberos del Servicio de Emergencias del Principado de Asturias (SEPA), efectivos de Bomberos del SEPA del parque de Cangas del Narcea, la Brif de Tineo, y dos empresas forestales.<\/p>\n<p>&nbsp;<\/p>\n<p>&nbsp;<\/p>\n","protected":false},"excerpt":{"rendered":"<p>El Consejero de Presidencia, Guillermo Mart\u00ednez, ha pasado el Nivel 1 del Plan de Protecci\u00f3n Civil de Emergencia por Incendios Forestales del Principado (INFOPA) a Situaci\u00f3n 0 para el incendio de Dega\u00f1a, a las 14:12 horas, de hoy jueves 8 de septiembre. Esta misma Situaci\u00f3n 0 del INFOPA se mantiene para el suroccidente asturiano. El [&hellip;]<\/p>\n","protected":false},"author":1,"featured_media":906431,"comment_status":"closed","ping_status":"closed","sticky":false,"template":"","format":"standard","meta":{"footnotes":""},"categories":[5],"tags":[],"class_list":["post-906456","post","type-post","status-publish","format-standard","has-post-thumbnail","hentry","category-sucesos"],"aioseo_notices":[],"aioseo_head":"\n\t\t<!-- All in One SEO Pro 4.9.6.2 - aioseo.com -->\n\t<meta name=\"description\" content=\"El Consejero de Presidencia, Guillermo Mart\u00ednez, ha pasado el Nivel 1 del Plan de Protecci\u00f3n Civil de Emergencia por Incendios Forestales del Principado (INFOPA) a Situaci\u00f3n 0 para el incendio de Dega\u00f1a, a las 14:12 horas, de hoy jueves 8 de septiembre. Esta misma Situaci\u00f3n 0 del INFOPA se mantiene para el suroccidente asturiano. El\" \/>\n\t<meta name=\"robots\" content=\"max-image-preview:large\" \/>\n\t<meta name=\"author\" content=\"El Digital de Asturias\"\/>\n\t<meta name=\"google-site-verification\" content=\"UA-38556648-1\" \/>\n\t<meta name=\"msvalidate.01\" content=\"7dfe9f3f1b24437ab69f4f2559babe99\" \/>\n\t<meta name=\"keywords\" content=\"sucesos\" \/>\n\t<link rel=\"canonical\" href=\"https:\/\/www.eldigitaldeasturias.com\/noticias\/el-incendio-de-degana-continua-estabilizado\/\" \/>\n\t<meta name=\"generator\" content=\"All in One SEO Pro (AIOSEO) 4.9.6.2\" \/>\n\t\t<meta property=\"og:locale\" content=\"es_ES\" \/>\n\t\t<meta property=\"og:site_name\" content=\"El Digital de Asturias\" \/>\n\t\t<meta property=\"og:type\" content=\"article\" \/>\n\t\t<meta property=\"og:title\" content=\"El incendio de Dega\u00f1a contin\u00faa estabilizado - El Digital de Asturias\" \/>\n\t\t<meta property=\"og:description\" content=\"El Consejero de Presidencia, Guillermo Mart\u00ednez, ha pasado el Nivel 1 del Plan de Protecci\u00f3n Civil de Emergencia por Incendios Forestales del Principado (INFOPA) a Situaci\u00f3n 0 para el incendio de Dega\u00f1a, a las 14:12 horas, de hoy jueves 8 de septiembre. Esta misma Situaci\u00f3n 0 del INFOPA se mantiene para el suroccidente asturiano. El\" \/>\n\t\t<meta property=\"og:url\" content=\"https:\/\/www.eldigitaldeasturias.com\/noticias\/el-incendio-de-degana-continua-estabilizado\/\" \/>\n\t\t<meta property=\"og:image\" content=\"https:\/\/www.eldigitaldeasturias.com\/noticias\/wp-content\/uploads\/2016\/09\/fotonoticia_20160908101313_800.jpg\" \/>\n\t\t<meta property=\"og:image:secure_url\" content=\"https:\/\/www.eldigitaldeasturias.com\/noticias\/wp-content\/uploads\/2016\/09\/fotonoticia_20160908101313_800.jpg\" \/>\n\t\t<meta property=\"og:image:width\" content=\"800\" \/>\n\t\t<meta property=\"og:image:height\" content=\"1067\" \/>\n\t\t<meta property=\"article:tag\" content=\"sucesos\" \/>\n\t\t<meta property=\"article:published_time\" content=\"2016-09-08T14:53:43+00:00\" \/>\n\t\t<meta property=\"article:modified_time\" content=\"2016-09-08T14:53:43+00:00\" \/>\n\t\t<meta property=\"article:publisher\" content=\"https:\/\/facebook.com\/eldigitaldeasturias\" \/>\n\t\t<meta name=\"twitter:card\" content=\"summary_large_image\" \/>\n\t\t<meta name=\"twitter:title\" content=\"El incendio de Dega\u00f1a contin\u00faa estabilizado - El Digital de Asturias\" \/>\n\t\t<meta name=\"twitter:description\" content=\"El Consejero de Presidencia, Guillermo Mart\u00ednez, ha pasado el Nivel 1 del Plan de Protecci\u00f3n Civil de Emergencia por Incendios Forestales del Principado (INFOPA) a Situaci\u00f3n 0 para el incendio de Dega\u00f1a, a las 14:12 horas, de hoy jueves 8 de septiembre. Esta misma Situaci\u00f3n 0 del INFOPA se mantiene para el suroccidente asturiano. El\" \/>\n\t\t<meta name=\"twitter:image\" content=\"https:\/\/www.eldigitaldeasturias.com\/noticias\/wp-content\/uploads\/2016\/09\/fotonoticia_20160908101313_800.jpg\" \/>\n\t\t<meta name=\"twitter:label1\" content=\"Escrito por\" \/>\n\t\t<meta name=\"twitter:data1\" content=\"El Digital de Asturias\" \/>\n\t\t<meta name=\"twitter:label2\" content=\"Tiempo de lectura estimado\" \/>\n\t\t<meta name=\"twitter:data2\" content=\"1 minuto\" \/>\n\t\t<script type=\"application\/ld+json\" class=\"aioseo-schema\">\n\t\t\t{\"@context\":\"https:\\\/\\\/schema.org\",\"@graph\":[{\"@type\":\"BlogPosting\",\"@id\":\"https:\\\/\\\/www.eldigitaldeasturias.com\\\/noticias\\\/el-incendio-de-degana-continua-estabilizado\\\/#blogposting\",\"name\":\"El incendio de Dega\\u00f1a contin\\u00faa estabilizado - El Digital de Asturias\",\"headline\":\"El incendio de Dega\\u00f1a contin\\u00faa estabilizado\",\"author\":{\"@id\":\"https:\\\/\\\/www.eldigitaldeasturias.com\\\/noticias\\\/author\\\/admin\\\/#author\"},\"publisher\":{\"@id\":\"https:\\\/\\\/www.eldigitaldeasturias.com\\\/noticias\\\/#organization\"},\"image\":{\"@type\":\"ImageObject\",\"url\":\"https:\\\/\\\/www.eldigitaldeasturias.com\\\/noticias\\\/wp-content\\\/uploads\\\/2016\\\/09\\\/fotonoticia_20160908101313_800.jpg\",\"width\":800,\"height\":1067},\"datePublished\":\"2016-09-08T15:53:43+02:00\",\"dateModified\":\"2016-09-08T15:53:43+02:00\",\"inLanguage\":\"es-ES\",\"mainEntityOfPage\":{\"@id\":\"https:\\\/\\\/www.eldigitaldeasturias.com\\\/noticias\\\/el-incendio-de-degana-continua-estabilizado\\\/#webpage\"},\"isPartOf\":{\"@id\":\"https:\\\/\\\/www.eldigitaldeasturias.com\\\/noticias\\\/el-incendio-de-degana-continua-estabilizado\\\/#webpage\"},\"articleSection\":\"Sucesos\"},{\"@type\":\"BreadcrumbList\",\"@id\":\"https:\\\/\\\/www.eldigitaldeasturias.com\\\/noticias\\\/el-incendio-de-degana-continua-estabilizado\\\/#breadcrumblist\",\"itemListElement\":[{\"@type\":\"ListItem\",\"@id\":\"https:\\\/\\\/www.eldigitaldeasturias.com\\\/noticias#listItem\",\"position\":1,\"name\":\"Home\",\"item\":\"https:\\\/\\\/www.eldigitaldeasturias.com\\\/noticias\",\"nextItem\":{\"@type\":\"ListItem\",\"@id\":\"https:\\\/\\\/www.eldigitaldeasturias.com\\\/noticias\\\/category\\\/sucesos\\\/#listItem\",\"name\":\"Sucesos\"}},{\"@type\":\"ListItem\",\"@id\":\"https:\\\/\\\/www.eldigitaldeasturias.com\\\/noticias\\\/category\\\/sucesos\\\/#listItem\",\"position\":2,\"name\":\"Sucesos\",\"item\":\"https:\\\/\\\/www.eldigitaldeasturias.com\\\/noticias\\\/category\\\/sucesos\\\/\",\"nextItem\":{\"@type\":\"ListItem\",\"@id\":\"https:\\\/\\\/www.eldigitaldeasturias.com\\\/noticias\\\/el-incendio-de-degana-continua-estabilizado\\\/#listItem\",\"name\":\"El incendio de Dega\\u00f1a contin\\u00faa estabilizado\"},\"previousItem\":{\"@type\":\"ListItem\",\"@id\":\"https:\\\/\\\/www.eldigitaldeasturias.com\\\/noticias#listItem\",\"name\":\"Home\"}},{\"@type\":\"ListItem\",\"@id\":\"https:\\\/\\\/www.eldigitaldeasturias.com\\\/noticias\\\/el-incendio-de-degana-continua-estabilizado\\\/#listItem\",\"position\":3,\"name\":\"El incendio de Dega\\u00f1a contin\\u00faa estabilizado\",\"previousItem\":{\"@type\":\"ListItem\",\"@id\":\"https:\\\/\\\/www.eldigitaldeasturias.com\\\/noticias\\\/category\\\/sucesos\\\/#listItem\",\"name\":\"Sucesos\"}}]},{\"@type\":\"Organization\",\"@id\":\"https:\\\/\\\/www.eldigitaldeasturias.com\\\/noticias\\\/#organization\",\"name\":\"El Digital de Asturias\",\"description\":\"Hemeroteca\",\"url\":\"https:\\\/\\\/www.eldigitaldeasturias.com\\\/noticias\\\/\",\"email\":\"info@eldigitaldeasturias.com\",\"telephone\":\"+34652131393\",\"logo\":{\"@type\":\"ImageObject\",\"url\":\"https:\\\/\\\/www.eldigitaldeasturias.com\\\/noticias\\\/wp-content\\\/uploads\\\/2020\\\/12\\\/EDA.jpg\",\"@id\":\"https:\\\/\\\/www.eldigitaldeasturias.com\\\/noticias\\\/el-incendio-de-degana-continua-estabilizado\\\/#organizationLogo\",\"width\":649,\"height\":297},\"image\":{\"@id\":\"https:\\\/\\\/www.eldigitaldeasturias.com\\\/noticias\\\/el-incendio-de-degana-continua-estabilizado\\\/#organizationLogo\"},\"sameAs\":[\"https:\\\/\\\/facebook.com\\\/eldigitaldeasturias\",\"https:\\\/\\\/www.youtube.com\\\/channel\\\/UCZP-2wLEB9Rv6erhFmqVnvg\"],\"address\":{\"@id\":\"https:\\\/\\\/www.eldigitaldeasturias.com\\\/noticias\\\/#postaladdress\",\"@type\":\"PostalAddress\",\"streetAddress\":\"san antonio 4,\",\"postalCode\":\"33430\",\"addressLocality\":\"Cand\\u00e1s\",\"addressRegion\":\"Asturias\",\"addressCountry\":\"ES\"}},{\"@type\":\"Person\",\"@id\":\"https:\\\/\\\/www.eldigitaldeasturias.com\\\/noticias\\\/author\\\/admin\\\/#author\",\"url\":\"https:\\\/\\\/www.eldigitaldeasturias.com\\\/noticias\\\/author\\\/admin\\\/\",\"name\":\"El Digital de Asturias\",\"image\":{\"@type\":\"ImageObject\",\"@id\":\"https:\\\/\\\/www.eldigitaldeasturias.com\\\/noticias\\\/el-incendio-de-degana-continua-estabilizado\\\/#authorImage\",\"url\":\"https:\\\/\\\/www.eldigitaldeasturias.com\\\/noticias\\\/wp-content\\\/litespeed\\\/avatar\\\/18677e78aa0546b92d9dbf31ec7d7668.jpg?ver=1776685526\",\"width\":96,\"height\":96,\"caption\":\"El Digital de Asturias\"}},{\"@type\":\"WebPage\",\"@id\":\"https:\\\/\\\/www.eldigitaldeasturias.com\\\/noticias\\\/el-incendio-de-degana-continua-estabilizado\\\/#webpage\",\"url\":\"https:\\\/\\\/www.eldigitaldeasturias.com\\\/noticias\\\/el-incendio-de-degana-continua-estabilizado\\\/\",\"name\":\"El incendio de Dega\\u00f1a contin\\u00faa estabilizado - El Digital de Asturias\",\"description\":\"El Consejero de Presidencia, Guillermo Mart\\u00ednez, ha pasado el Nivel 1 del Plan de Protecci\\u00f3n Civil de Emergencia por Incendios Forestales del Principado (INFOPA) a Situaci\\u00f3n 0 para el incendio de Dega\\u00f1a, a las 14:12 horas, de hoy jueves 8 de septiembre. Esta misma Situaci\\u00f3n 0 del INFOPA se mantiene para el suroccidente asturiano. El\",\"inLanguage\":\"es-ES\",\"isPartOf\":{\"@id\":\"https:\\\/\\\/www.eldigitaldeasturias.com\\\/noticias\\\/#website\"},\"breadcrumb\":{\"@id\":\"https:\\\/\\\/www.eldigitaldeasturias.com\\\/noticias\\\/el-incendio-de-degana-continua-estabilizado\\\/#breadcrumblist\"},\"author\":{\"@id\":\"https:\\\/\\\/www.eldigitaldeasturias.com\\\/noticias\\\/author\\\/admin\\\/#author\"},\"creator\":{\"@id\":\"https:\\\/\\\/www.eldigitaldeasturias.com\\\/noticias\\\/author\\\/admin\\\/#author\"},\"image\":{\"@type\":\"ImageObject\",\"url\":\"https:\\\/\\\/www.eldigitaldeasturias.com\\\/noticias\\\/wp-content\\\/uploads\\\/2016\\\/09\\\/fotonoticia_20160908101313_800.jpg\",\"@id\":\"https:\\\/\\\/www.eldigitaldeasturias.com\\\/noticias\\\/el-incendio-de-degana-continua-estabilizado\\\/#mainImage\",\"width\":800,\"height\":1067},\"primaryImageOfPage\":{\"@id\":\"https:\\\/\\\/www.eldigitaldeasturias.com\\\/noticias\\\/el-incendio-de-degana-continua-estabilizado\\\/#mainImage\"},\"datePublished\":\"2016-09-08T15:53:43+02:00\",\"dateModified\":\"2016-09-08T15:53:43+02:00\"},{\"@type\":\"WebSite\",\"@id\":\"https:\\\/\\\/www.eldigitaldeasturias.com\\\/noticias\\\/#website\",\"url\":\"https:\\\/\\\/www.eldigitaldeasturias.com\\\/noticias\\\/\",\"name\":\"El Digital de Asturias - Diario de actualidad y noticias\",\"alternateName\":\"El Digital de Asturias - Diario de actualidad y noticias\",\"description\":\"Hemeroteca\",\"inLanguage\":\"es-ES\",\"publisher\":{\"@id\":\"https:\\\/\\\/www.eldigitaldeasturias.com\\\/noticias\\\/#organization\"}}]}\n\t\t<\/script>\n\t\t<!-- All in One SEO Pro -->\r\n\t\t<title>El incendio de Dega\u00f1a contin\u00faa estabilizado - El Digital de Asturias<\/title>\n\n","aioseo_head_json":{"title":"El incendio de Dega\u00f1a contin\u00faa estabilizado - El Digital de Asturias","description":"El Consejero de Presidencia, Guillermo Mart\u00ednez, ha pasado el Nivel 1 del Plan de Protecci\u00f3n Civil de Emergencia por Incendios Forestales del Principado (INFOPA) a Situaci\u00f3n 0 para el incendio de Dega\u00f1a, a las 14:12 horas, de hoy jueves 8 de septiembre. Esta misma Situaci\u00f3n 0 del INFOPA se mantiene para el suroccidente asturiano. El","canonical_url":"https:\/\/www.eldigitaldeasturias.com\/noticias\/el-incendio-de-degana-continua-estabilizado\/","robots":"max-image-preview:large","keywords":"sucesos","webmasterTools":{"google-site-verification":"UA-38556648-1","msvalidate.01":"7dfe9f3f1b24437ab69f4f2559babe99","miscellaneous":""},"schema":{"@context":"https:\/\/schema.org","@graph":[{"@type":"BlogPosting","@id":"https:\/\/www.eldigitaldeasturias.com\/noticias\/el-incendio-de-degana-continua-estabilizado\/#blogposting","name":"El incendio de Dega\u00f1a contin\u00faa estabilizado - El Digital de Asturias","headline":"El incendio de Dega\u00f1a contin\u00faa estabilizado","author":{"@id":"https:\/\/www.eldigitaldeasturias.com\/noticias\/author\/admin\/#author"},"publisher":{"@id":"https:\/\/www.eldigitaldeasturias.com\/noticias\/#organization"},"image":{"@type":"ImageObject","url":"https:\/\/www.eldigitaldeasturias.com\/noticias\/wp-content\/uploads\/2016\/09\/fotonoticia_20160908101313_800.jpg","width":800,"height":1067},"datePublished":"2016-09-08T15:53:43+02:00","dateModified":"2016-09-08T15:53:43+02:00","inLanguage":"es-ES","mainEntityOfPage":{"@id":"https:\/\/www.eldigitaldeasturias.com\/noticias\/el-incendio-de-degana-continua-estabilizado\/#webpage"},"isPartOf":{"@id":"https:\/\/www.eldigitaldeasturias.com\/noticias\/el-incendio-de-degana-continua-estabilizado\/#webpage"},"articleSection":"Sucesos"},{"@type":"BreadcrumbList","@id":"https:\/\/www.eldigitaldeasturias.com\/noticias\/el-incendio-de-degana-continua-estabilizado\/#breadcrumblist","itemListElement":[{"@type":"ListItem","@id":"https:\/\/www.eldigitaldeasturias.com\/noticias#listItem","position":1,"name":"Home","item":"https:\/\/www.eldigitaldeasturias.com\/noticias","nextItem":{"@type":"ListItem","@id":"https:\/\/www.eldigitaldeasturias.com\/noticias\/category\/sucesos\/#listItem","name":"Sucesos"}},{"@type":"ListItem","@id":"https:\/\/www.eldigitaldeasturias.com\/noticias\/category\/sucesos\/#listItem","position":2,"name":"Sucesos","item":"https:\/\/www.eldigitaldeasturias.com\/noticias\/category\/sucesos\/","nextItem":{"@type":"ListItem","@id":"https:\/\/www.eldigitaldeasturias.com\/noticias\/el-incendio-de-degana-continua-estabilizado\/#listItem","name":"El incendio de Dega\u00f1a contin\u00faa estabilizado"},"previousItem":{"@type":"ListItem","@id":"https:\/\/www.eldigitaldeasturias.com\/noticias#listItem","name":"Home"}},{"@type":"ListItem","@id":"https:\/\/www.eldigitaldeasturias.com\/noticias\/el-incendio-de-degana-continua-estabilizado\/#listItem","position":3,"name":"El incendio de Dega\u00f1a contin\u00faa estabilizado","previousItem":{"@type":"ListItem","@id":"https:\/\/www.eldigitaldeasturias.com\/noticias\/category\/sucesos\/#listItem","name":"Sucesos"}}]},{"@type":"Organization","@id":"https:\/\/www.eldigitaldeasturias.com\/noticias\/#organization","name":"El Digital de Asturias","description":"Hemeroteca","url":"https:\/\/www.eldigitaldeasturias.com\/noticias\/","email":"info@eldigitaldeasturias.com","telephone":"+34652131393","logo":{"@type":"ImageObject","url":"https:\/\/www.eldigitaldeasturias.com\/noticias\/wp-content\/uploads\/2020\/12\/EDA.jpg","@id":"https:\/\/www.eldigitaldeasturias.com\/noticias\/el-incendio-de-degana-continua-estabilizado\/#organizationLogo","width":649,"height":297},"image":{"@id":"https:\/\/www.eldigitaldeasturias.com\/noticias\/el-incendio-de-degana-continua-estabilizado\/#organizationLogo"},"sameAs":["https:\/\/facebook.com\/eldigitaldeasturias","https:\/\/www.youtube.com\/channel\/UCZP-2wLEB9Rv6erhFmqVnvg"],"address":{"@id":"https:\/\/www.eldigitaldeasturias.com\/noticias\/#postaladdress","@type":"PostalAddress","streetAddress":"san antonio 4,","postalCode":"33430","addressLocality":"Cand\u00e1s","addressRegion":"Asturias","addressCountry":"ES"}},{"@type":"Person","@id":"https:\/\/www.eldigitaldeasturias.com\/noticias\/author\/admin\/#author","url":"https:\/\/www.eldigitaldeasturias.com\/noticias\/author\/admin\/","name":"El Digital de Asturias","image":{"@type":"ImageObject","@id":"https:\/\/www.eldigitaldeasturias.com\/noticias\/el-incendio-de-degana-continua-estabilizado\/#authorImage","url":"https:\/\/www.eldigitaldeasturias.com\/noticias\/wp-content\/litespeed\/avatar\/18677e78aa0546b92d9dbf31ec7d7668.jpg?ver=1776685526","width":96,"height":96,"caption":"El Digital de Asturias"}},{"@type":"WebPage","@id":"https:\/\/www.eldigitaldeasturias.com\/noticias\/el-incendio-de-degana-continua-estabilizado\/#webpage","url":"https:\/\/www.eldigitaldeasturias.com\/noticias\/el-incendio-de-degana-continua-estabilizado\/","name":"El incendio de Dega\u00f1a contin\u00faa estabilizado - El Digital de Asturias","description":"El Consejero de Presidencia, Guillermo Mart\u00ednez, ha pasado el Nivel 1 del Plan de Protecci\u00f3n Civil de Emergencia por Incendios Forestales del Principado (INFOPA) a Situaci\u00f3n 0 para el incendio de Dega\u00f1a, a las 14:12 horas, de hoy jueves 8 de septiembre. Esta misma Situaci\u00f3n 0 del INFOPA se mantiene para el suroccidente asturiano. El","inLanguage":"es-ES","isPartOf":{"@id":"https:\/\/www.eldigitaldeasturias.com\/noticias\/#website"},"breadcrumb":{"@id":"https:\/\/www.eldigitaldeasturias.com\/noticias\/el-incendio-de-degana-continua-estabilizado\/#breadcrumblist"},"author":{"@id":"https:\/\/www.eldigitaldeasturias.com\/noticias\/author\/admin\/#author"},"creator":{"@id":"https:\/\/www.eldigitaldeasturias.com\/noticias\/author\/admin\/#author"},"image":{"@type":"ImageObject","url":"https:\/\/www.eldigitaldeasturias.com\/noticias\/wp-content\/uploads\/2016\/09\/fotonoticia_20160908101313_800.jpg","@id":"https:\/\/www.eldigitaldeasturias.com\/noticias\/el-incendio-de-degana-continua-estabilizado\/#mainImage","width":800,"height":1067},"primaryImageOfPage":{"@id":"https:\/\/www.eldigitaldeasturias.com\/noticias\/el-incendio-de-degana-continua-estabilizado\/#mainImage"},"datePublished":"2016-09-08T15:53:43+02:00","dateModified":"2016-09-08T15:53:43+02:00"},{"@type":"WebSite","@id":"https:\/\/www.eldigitaldeasturias.com\/noticias\/#website","url":"https:\/\/www.eldigitaldeasturias.com\/noticias\/","name":"El Digital de Asturias - Diario de actualidad y noticias","alternateName":"El Digital de Asturias - Diario de actualidad y noticias","description":"Hemeroteca","inLanguage":"es-ES","publisher":{"@id":"https:\/\/www.eldigitaldeasturias.com\/noticias\/#organization"}}]},"og:locale":"es_ES","og:site_name":"El Digital de Asturias","og:type":"article","og:title":"El incendio de Dega\u00f1a contin\u00faa estabilizado - El Digital de Asturias","og:description":"El Consejero de Presidencia, Guillermo Mart\u00ednez, ha pasado el Nivel 1 del Plan de Protecci\u00f3n Civil de Emergencia por Incendios Forestales del Principado (INFOPA) a Situaci\u00f3n 0 para el incendio de Dega\u00f1a, a las 14:12 horas, de hoy jueves 8 de septiembre. Esta misma Situaci\u00f3n 0 del INFOPA se mantiene para el suroccidente asturiano. El","og:url":"https:\/\/www.eldigitaldeasturias.com\/noticias\/el-incendio-de-degana-continua-estabilizado\/","og:image":"https:\/\/www.eldigitaldeasturias.com\/noticias\/wp-content\/uploads\/2016\/09\/fotonoticia_20160908101313_800.jpg","og:image:secure_url":"https:\/\/www.eldigitaldeasturias.com\/noticias\/wp-content\/uploads\/2016\/09\/fotonoticia_20160908101313_800.jpg","og:image:width":800,"og:image:height":1067,"article:tag":["sucesos"],"article:published_time":"2016-09-08T14:53:43+00:00","article:modified_time":"2016-09-08T14:53:43+00:00","article:publisher":"https:\/\/facebook.com\/eldigitaldeasturias","twitter:card":"summary_large_image","twitter:title":"El incendio de Dega\u00f1a contin\u00faa estabilizado - El Digital de Asturias","twitter:description":"El Consejero de Presidencia, Guillermo Mart\u00ednez, ha pasado el Nivel 1 del Plan de Protecci\u00f3n Civil de Emergencia por Incendios Forestales del Principado (INFOPA) a Situaci\u00f3n 0 para el incendio de Dega\u00f1a, a las 14:12 horas, de hoy jueves 8 de septiembre. Esta misma Situaci\u00f3n 0 del INFOPA se mantiene para el suroccidente asturiano. El","twitter:image":"https:\/\/www.eldigitaldeasturias.com\/noticias\/wp-content\/uploads\/2016\/09\/fotonoticia_20160908101313_800.jpg","twitter:label1":"Escrito por","twitter:data1":"El Digital de Asturias","twitter:label2":"Tiempo de lectura estimado","twitter:data2":"1 minuto"},"aioseo_meta_data":{"post_id":"906456","title":null,"description":null,"keywords":null,"keyphrases":null,"primary_term":null,"canonical_url":null,"og_title":null,"og_description":null,"og_object_type":"default","og_image_type":"default","og_image_url":null,"og_image_width":null,"og_image_height":null,"og_image_custom_url":null,"og_image_custom_fields":null,"og_video":null,"og_custom_url":null,"og_article_section":null,"og_article_tags":null,"twitter_use_og":false,"twitter_card":"default","twitter_image_type":"default","twitter_image_url":null,"twitter_image_custom_url":null,"twitter_image_custom_fields":null,"twitter_title":null,"twitter_description":null,"schema":{"blockGraphs":[],"customGraphs":[],"default":{"data":{"Article":[],"Course":[],"Dataset":[],"FAQPage":[],"Movie":[],"Person":[],"Product":[],"ProductReview":[],"Car":[],"Recipe":[],"Service":[],"SoftwareApplication":[],"WebPage":[]},"graphName":"","isEnabled":true},"graphs":[],"defaultGraph":"","defaultPostTypeGraph":""},"schema_type":null,"schema_type_options":null,"pillar_content":false,"robots_default":true,"robots_noindex":false,"robots_noarchive":false,"robots_nosnippet":false,"robots_nofollow":false,"robots_noimageindex":false,"robots_noodp":false,"robots_notranslate":false,"robots_max_snippet":null,"robots_max_videopreview":null,"robots_max_imagepreview":"large","priority":null,"frequency":null,"local_seo":null,"seo_analyzer_scan_date":"2025-11-30 09:04:12","breadcrumb_settings":null,"limit_modified_date":false,"open_ai":null,"ai":null,"created":"2020-12-21 14:01:33","updated":"2025-11-30 09:04:12"},"aioseo_breadcrumb":"<div class=\"aioseo-breadcrumbs\"><span class=\"aioseo-breadcrumb\">\n\t<a href=\"https:\/\/www.eldigitaldeasturias.com\/noticias\" title=\"Home\">Home<\/a>\n<\/span><span class=\"aioseo-breadcrumb-separator\">\u2013<\/span><span class=\"aioseo-breadcrumb\">\n\t<a href=\"https:\/\/www.eldigitaldeasturias.com\/noticias\/category\/sucesos\/\" title=\"Sucesos\">Sucesos<\/a>\n<\/span><span class=\"aioseo-breadcrumb-separator\">\u2013<\/span><span class=\"aioseo-breadcrumb\">\n\t<a href=\"https:\/\/www.eldigitaldeasturias.com\/noticias\/el-incendio-de-degana-continua-estabilizado\/\" title=\"El incendio de Dega\u00f1a contin\u00faa estabilizado\">El incendio de Dega\u00f1a contin\u00faa estabilizado<\/a>\n<\/span><\/div>","aioseo_breadcrumb_json":[{"label":"Home","link":"https:\/\/www.eldigitaldeasturias.com\/noticias"},{"label":"Sucesos","link":"https:\/\/www.eldigitaldeasturias.com\/noticias\/category\/sucesos\/"},{"label":"El incendio de Dega\u00f1a contin\u00faa estabilizado","link":"https:\/\/www.eldigitaldeasturias.com\/noticias\/el-incendio-de-degana-continua-estabilizado\/"}],"_links":{"self":[{"href":"https:\/\/www.eldigitaldeasturias.com\/noticias\/wp-json\/wp\/v2\/posts\/906456","targetHints":{"allow":["GET"]}}],"collection":[{"href":"https:\/\/www.eldigitaldeasturias.com\/noticias\/wp-json\/wp\/v2\/posts"}],"about":[{"href":"https:\/\/www.eldigitaldeasturias.com\/noticias\/wp-json\/wp\/v2\/types\/post"}],"author":[{"embeddable":true,"href":"https:\/\/www.eldigitaldeasturias.com\/noticias\/wp-json\/wp\/v2\/users\/1"}],"replies":[{"embeddable":true,"href":"https:\/\/www.eldigitaldeasturias.com\/noticias\/wp-json\/wp\/v2\/comments?post=906456"}],"version-history":[{"count":0,"href":"https:\/\/www.eldigitaldeasturias.com\/noticias\/wp-json\/wp\/v2\/posts\/906456\/revisions"}],"wp:featuredmedia":[{"embeddable":true,"href":"https:\/\/www.eldigitaldeasturias.com\/noticias\/wp-json\/wp\/v2\/media\/906431"}],"wp:attachment":[{"href":"https:\/\/www.eldigitaldeasturias.com\/noticias\/wp-json\/wp\/v2\/media?parent=906456"}],"wp:term":[{"taxonomy":"category","embeddable":true,"href":"https:\/\/www.eldigitaldeasturias.com\/noticias\/wp-json\/wp\/v2\/categories?post=906456"},{"taxonomy":"post_tag","embeddable":true,"href":"https:\/\/www.eldigitaldeasturias.com\/noticias\/wp-json\/wp\/v2\/tags?post=906456"}],"curies":[{"name":"wp","href":"https:\/\/api.w.org\/{rel}","templated":true}]}}