{"id":906453,"date":"2016-09-08T13:49:43","date_gmt":"2016-09-08T12:49:43","guid":{"rendered":"http:\/\/www.eldigitaldeasturias.com\/noticias\/?p=906453"},"modified":"2016-09-08T13:49:43","modified_gmt":"2016-09-08T12:49:43","slug":"el-precio-de-la-vivienda-libre-sube-un-07-en-el-principado-de-asturias","status":"publish","type":"post","link":"https:\/\/www.eldigitaldeasturias.com\/noticias\/el-precio-de-la-vivienda-libre-sube-un-07-en-el-principado-de-asturias\/","title":{"rendered":"El precio de la vivienda libre sube un 0,7% en el Principado de Asturias"},"content":{"rendered":"<p><img loading=\"lazy\" decoding=\"async\" class=\"alignleft size-medium wp-image-906454\" src=\"https:\/\/www.eldigitaldeasturias.com\/noticias\/wp-content\/uploads\/2016\/09\/fotonoticia_20160908132433_800-360x203.jpg\" alt=\"fotonoticia_20160908132433_800\" width=\"360\" height=\"203\" srcset=\"https:\/\/www.eldigitaldeasturias.com\/noticias\/wp-content\/uploads\/2016\/09\/fotonoticia_20160908132433_800-360x203.jpg 360w, https:\/\/www.eldigitaldeasturias.com\/noticias\/wp-content\/uploads\/2016\/09\/fotonoticia_20160908132433_800-768x432.jpg 768w, https:\/\/www.eldigitaldeasturias.com\/noticias\/wp-content\/uploads\/2016\/09\/fotonoticia_20160908132433_800-650x366.jpg 650w, https:\/\/www.eldigitaldeasturias.com\/noticias\/wp-content\/uploads\/2016\/09\/fotonoticia_20160908132433_800.jpg 800w\" sizes=\"auto, (max-width: 360px) 100vw, 360px\" \/>El precio de la vivienda libre ha subido un 0,7 por ciento en el Principado de Asturias en el segundo trimestre del a\u00f1o con respecto al mismo periodo del a\u00f1o anterior. Tambi\u00e9n aumenta la media en lo que va de a\u00f1o, con un aumento del 1,5 por ciento.<\/p>\n<p>El incremento registrado en el segundo trimestre en tasa interanual es inferior a la media nacional, donde el aumento ha sido del 3,9 por ciento en este mismo periodo, seg\u00fan los datos del Instituto Nacional de Estad\u00edstica (INE).<\/p>\n<p>En el conjunto nacional, el precio de la vivienda libre aument\u00f3 un 3,9% en el segundo trimestre en tasa interanual, casi dos puntos y medio por debajo del repunte anual del primer trimestre (+6,3%), seg\u00fan datos difundidos este jueves por el Instituto Nacional de Estad\u00edstica (INE).<\/p>\n<p>Con este incremento del 3,9%, ya son nueve los trimestres consecutivos en los que los precios de la vivienda presentan tasas interanuales positivas.<\/p>\n<p>Por tipo de vivienda, el precio de la vivienda nueva subi\u00f3 un 8,4% en comparaci\u00f3n con el segundo trimestre de 2015, m\u00e1s de dos puntos superior a la del trimestre anterior (+6,1%), mientras que el precio de la vivienda usada se increment\u00f3 un 3,2%, m\u00e1s de tres puntos por debajo de la del primer trimestre (+6,4%).<\/p>\n<p>En tasa intertrimestral (segundo trimestre sobre primer trimestre de 2016), el precio de la vivienda libre aument\u00f3 un 1,8%, con lo que suma dos trimestres al alza.<\/p>\n<p>Por tipo de vivienda, el precio de la vivienda nueva aument\u00f3 entre abril y junio un 3,7% en tasa intertrimestral, 1,1 puntos m\u00e1s que en el trimestre anterior.<\/p>\n<p>Por su parte, el precio de la vivienda usada experiment\u00f3 un alza trimestral del 1,5%, frente al 1,3% del trimestre anterior.<\/p>\n<p><strong>TODAS LAS COMUNIDADES DISMINUYEN SU TASA ANUAL<\/strong><\/p>\n<p>Todas las comunidades aut\u00f3nomas disminuyeron su tasa anual en el precio de la vivienda durante el segundo trimestre, excepto Pa\u00eds Vasco, que la mantuvo en el 2,8%.<\/p>\n<p>As\u00ed, los mayores descensos se registraron en Canarias (+1,9%) y Baleares (+5%), con bajadas de 4 y 3,8 puntos, respectivamente, al tiempo que las regiones que menos disminuyeron su tasa anual fueron Extremadura (cuatro d\u00e9cimas) y Arag\u00f3n (seis d\u00e9cimas), tras situar sus tasas en el 1,3%.<\/p>\n<p>En valores trimestrales, todas las comunidades aut\u00f3nomas presentaron tasas positivas en el segundo trimestre de 2016.<\/p>\n<p>En concreto, los mayores incrementos respecto al trimestre anterior se produjeron en Comunidad de Madrid y Catalu\u00f1a, con subidas del 3,1% y 2,5%, respectivamente.<\/p>\n<p>El IPV que publica Estad\u00edstica es compatible con las exigencias de Eurostat y complementa al que publica trimestralmente el Ministerio de Fomento. Entre sus objetivos se encuentra el de servir de elemento de comparaci\u00f3n entre los Estados miembros en lo referente a los precios de la vivienda.<\/p>\n<p>&nbsp;<\/p>\n<p>&nbsp;<\/p>\n","protected":false},"excerpt":{"rendered":"<p>El precio de la vivienda libre ha subido un 0,7 por ciento en el Principado de Asturias en el segundo trimestre del a\u00f1o con respecto al mismo periodo del a\u00f1o anterior. Tambi\u00e9n aumenta la media en lo que va de a\u00f1o, con un aumento del 1,5 por ciento. El incremento registrado en el segundo trimestre [&hellip;]<\/p>\n","protected":false},"author":1,"featured_media":906454,"comment_status":"closed","ping_status":"closed","sticky":false,"template":"","format":"standard","meta":{"footnotes":""},"categories":[12],"tags":[],"class_list":["post-906453","post","type-post","status-publish","format-standard","has-post-thumbnail","hentry","category-actualidad-asturias"],"aioseo_notices":[],"aioseo_head":"\n\t\t<!-- All in One SEO Pro 4.9.6.2 - aioseo.com -->\n\t<meta name=\"description\" content=\"El precio de la vivienda libre ha subido un 0,7 por ciento en el Principado de Asturias en el segundo trimestre del a\u00f1o con respecto al mismo periodo del a\u00f1o anterior. Tambi\u00e9n aumenta la media en lo que va de a\u00f1o, con un aumento del 1,5 por ciento. El incremento registrado en el segundo trimestre\" \/>\n\t<meta name=\"robots\" content=\"max-image-preview:large\" \/>\n\t<meta name=\"author\" content=\"El Digital de Asturias\"\/>\n\t<meta name=\"google-site-verification\" content=\"UA-38556648-1\" \/>\n\t<meta name=\"msvalidate.01\" content=\"7dfe9f3f1b24437ab69f4f2559babe99\" \/>\n\t<meta name=\"keywords\" content=\"actualidad asturias\" \/>\n\t<link rel=\"canonical\" href=\"https:\/\/www.eldigitaldeasturias.com\/noticias\/el-precio-de-la-vivienda-libre-sube-un-07-en-el-principado-de-asturias\/\" \/>\n\t<meta name=\"generator\" content=\"All in One SEO Pro (AIOSEO) 4.9.6.2\" \/>\n\t\t<meta property=\"og:locale\" content=\"es_ES\" \/>\n\t\t<meta property=\"og:site_name\" content=\"El Digital de Asturias\" \/>\n\t\t<meta property=\"og:type\" content=\"article\" \/>\n\t\t<meta property=\"og:title\" content=\"El precio de la vivienda libre sube un 0,7% en el Principado de Asturias - El Digital de Asturias\" \/>\n\t\t<meta property=\"og:description\" content=\"El precio de la vivienda libre ha subido un 0,7 por ciento en el Principado de Asturias en el segundo trimestre del a\u00f1o con respecto al mismo periodo del a\u00f1o anterior. Tambi\u00e9n aumenta la media en lo que va de a\u00f1o, con un aumento del 1,5 por ciento. El incremento registrado en el segundo trimestre\" \/>\n\t\t<meta property=\"og:url\" content=\"https:\/\/www.eldigitaldeasturias.com\/noticias\/el-precio-de-la-vivienda-libre-sube-un-07-en-el-principado-de-asturias\/\" \/>\n\t\t<meta property=\"og:image\" content=\"https:\/\/www.eldigitaldeasturias.com\/noticias\/wp-content\/uploads\/2016\/09\/fotonoticia_20160908132433_800.jpg\" \/>\n\t\t<meta property=\"og:image:secure_url\" content=\"https:\/\/www.eldigitaldeasturias.com\/noticias\/wp-content\/uploads\/2016\/09\/fotonoticia_20160908132433_800.jpg\" \/>\n\t\t<meta property=\"og:image:width\" content=\"800\" \/>\n\t\t<meta property=\"og:image:height\" content=\"450\" \/>\n\t\t<meta property=\"article:tag\" content=\"actualidad asturias\" \/>\n\t\t<meta property=\"article:published_time\" content=\"2016-09-08T12:49:43+00:00\" \/>\n\t\t<meta property=\"article:modified_time\" content=\"2016-09-08T12:49:43+00:00\" \/>\n\t\t<meta property=\"article:publisher\" content=\"https:\/\/facebook.com\/eldigitaldeasturias\" \/>\n\t\t<meta name=\"twitter:card\" content=\"summary_large_image\" \/>\n\t\t<meta name=\"twitter:title\" content=\"El precio de la vivienda libre sube un 0,7% en el Principado de Asturias - El Digital de Asturias\" \/>\n\t\t<meta name=\"twitter:description\" content=\"El precio de la vivienda libre ha subido un 0,7 por ciento en el Principado de Asturias en el segundo trimestre del a\u00f1o con respecto al mismo periodo del a\u00f1o anterior. Tambi\u00e9n aumenta la media en lo que va de a\u00f1o, con un aumento del 1,5 por ciento. El incremento registrado en el segundo trimestre\" \/>\n\t\t<meta name=\"twitter:image\" content=\"https:\/\/www.eldigitaldeasturias.com\/noticias\/wp-content\/uploads\/2016\/09\/fotonoticia_20160908132433_800.jpg\" \/>\n\t\t<meta name=\"twitter:label1\" content=\"Escrito por\" \/>\n\t\t<meta name=\"twitter:data1\" content=\"El Digital de Asturias\" \/>\n\t\t<meta name=\"twitter:label2\" content=\"Tiempo de lectura estimado\" \/>\n\t\t<meta name=\"twitter:data2\" content=\"2 minutos\" \/>\n\t\t<script type=\"application\/ld+json\" class=\"aioseo-schema\">\n\t\t\t{\"@context\":\"https:\\\/\\\/schema.org\",\"@graph\":[{\"@type\":\"BlogPosting\",\"@id\":\"https:\\\/\\\/www.eldigitaldeasturias.com\\\/noticias\\\/el-precio-de-la-vivienda-libre-sube-un-07-en-el-principado-de-asturias\\\/#blogposting\",\"name\":\"El precio de la vivienda libre sube un 0,7% en el Principado de Asturias - El Digital de Asturias\",\"headline\":\"El precio de la vivienda libre sube un 0,7% en el Principado de Asturias\",\"author\":{\"@id\":\"https:\\\/\\\/www.eldigitaldeasturias.com\\\/noticias\\\/author\\\/admin\\\/#author\"},\"publisher\":{\"@id\":\"https:\\\/\\\/www.eldigitaldeasturias.com\\\/noticias\\\/#organization\"},\"image\":{\"@type\":\"ImageObject\",\"url\":\"https:\\\/\\\/www.eldigitaldeasturias.com\\\/noticias\\\/wp-content\\\/uploads\\\/2016\\\/09\\\/fotonoticia_20160908132433_800.jpg\",\"width\":800,\"height\":450},\"datePublished\":\"2016-09-08T13:49:43+02:00\",\"dateModified\":\"2016-09-08T13:49:43+02:00\",\"inLanguage\":\"es-ES\",\"mainEntityOfPage\":{\"@id\":\"https:\\\/\\\/www.eldigitaldeasturias.com\\\/noticias\\\/el-precio-de-la-vivienda-libre-sube-un-07-en-el-principado-de-asturias\\\/#webpage\"},\"isPartOf\":{\"@id\":\"https:\\\/\\\/www.eldigitaldeasturias.com\\\/noticias\\\/el-precio-de-la-vivienda-libre-sube-un-07-en-el-principado-de-asturias\\\/#webpage\"},\"articleSection\":\"Actualidad Asturias\"},{\"@type\":\"BreadcrumbList\",\"@id\":\"https:\\\/\\\/www.eldigitaldeasturias.com\\\/noticias\\\/el-precio-de-la-vivienda-libre-sube-un-07-en-el-principado-de-asturias\\\/#breadcrumblist\",\"itemListElement\":[{\"@type\":\"ListItem\",\"@id\":\"https:\\\/\\\/www.eldigitaldeasturias.com\\\/noticias#listItem\",\"position\":1,\"name\":\"Home\",\"item\":\"https:\\\/\\\/www.eldigitaldeasturias.com\\\/noticias\",\"nextItem\":{\"@type\":\"ListItem\",\"@id\":\"https:\\\/\\\/www.eldigitaldeasturias.com\\\/noticias\\\/category\\\/actualidad-asturias\\\/#listItem\",\"name\":\"Actualidad Asturias\"}},{\"@type\":\"ListItem\",\"@id\":\"https:\\\/\\\/www.eldigitaldeasturias.com\\\/noticias\\\/category\\\/actualidad-asturias\\\/#listItem\",\"position\":2,\"name\":\"Actualidad Asturias\",\"item\":\"https:\\\/\\\/www.eldigitaldeasturias.com\\\/noticias\\\/category\\\/actualidad-asturias\\\/\",\"nextItem\":{\"@type\":\"ListItem\",\"@id\":\"https:\\\/\\\/www.eldigitaldeasturias.com\\\/noticias\\\/el-precio-de-la-vivienda-libre-sube-un-07-en-el-principado-de-asturias\\\/#listItem\",\"name\":\"El precio de la vivienda libre sube un 0,7% en el Principado de Asturias\"},\"previousItem\":{\"@type\":\"ListItem\",\"@id\":\"https:\\\/\\\/www.eldigitaldeasturias.com\\\/noticias#listItem\",\"name\":\"Home\"}},{\"@type\":\"ListItem\",\"@id\":\"https:\\\/\\\/www.eldigitaldeasturias.com\\\/noticias\\\/el-precio-de-la-vivienda-libre-sube-un-07-en-el-principado-de-asturias\\\/#listItem\",\"position\":3,\"name\":\"El precio de la vivienda libre sube un 0,7% en el Principado de Asturias\",\"previousItem\":{\"@type\":\"ListItem\",\"@id\":\"https:\\\/\\\/www.eldigitaldeasturias.com\\\/noticias\\\/category\\\/actualidad-asturias\\\/#listItem\",\"name\":\"Actualidad Asturias\"}}]},{\"@type\":\"Organization\",\"@id\":\"https:\\\/\\\/www.eldigitaldeasturias.com\\\/noticias\\\/#organization\",\"name\":\"El Digital de Asturias\",\"description\":\"Hemeroteca\",\"url\":\"https:\\\/\\\/www.eldigitaldeasturias.com\\\/noticias\\\/\",\"email\":\"info@eldigitaldeasturias.com\",\"telephone\":\"+34652131393\",\"logo\":{\"@type\":\"ImageObject\",\"url\":\"https:\\\/\\\/www.eldigitaldeasturias.com\\\/noticias\\\/wp-content\\\/uploads\\\/2020\\\/12\\\/EDA.jpg\",\"@id\":\"https:\\\/\\\/www.eldigitaldeasturias.com\\\/noticias\\\/el-precio-de-la-vivienda-libre-sube-un-07-en-el-principado-de-asturias\\\/#organizationLogo\",\"width\":649,\"height\":297},\"image\":{\"@id\":\"https:\\\/\\\/www.eldigitaldeasturias.com\\\/noticias\\\/el-precio-de-la-vivienda-libre-sube-un-07-en-el-principado-de-asturias\\\/#organizationLogo\"},\"sameAs\":[\"https:\\\/\\\/facebook.com\\\/eldigitaldeasturias\",\"https:\\\/\\\/www.youtube.com\\\/channel\\\/UCZP-2wLEB9Rv6erhFmqVnvg\"],\"address\":{\"@id\":\"https:\\\/\\\/www.eldigitaldeasturias.com\\\/noticias\\\/#postaladdress\",\"@type\":\"PostalAddress\",\"streetAddress\":\"san antonio 4,\",\"postalCode\":\"33430\",\"addressLocality\":\"Cand\\u00e1s\",\"addressRegion\":\"Asturias\",\"addressCountry\":\"ES\"}},{\"@type\":\"Person\",\"@id\":\"https:\\\/\\\/www.eldigitaldeasturias.com\\\/noticias\\\/author\\\/admin\\\/#author\",\"url\":\"https:\\\/\\\/www.eldigitaldeasturias.com\\\/noticias\\\/author\\\/admin\\\/\",\"name\":\"El Digital de Asturias\",\"image\":{\"@type\":\"ImageObject\",\"@id\":\"https:\\\/\\\/www.eldigitaldeasturias.com\\\/noticias\\\/el-precio-de-la-vivienda-libre-sube-un-07-en-el-principado-de-asturias\\\/#authorImage\",\"url\":\"https:\\\/\\\/www.eldigitaldeasturias.com\\\/noticias\\\/wp-content\\\/litespeed\\\/avatar\\\/18677e78aa0546b92d9dbf31ec7d7668.jpg?ver=1776685526\",\"width\":96,\"height\":96,\"caption\":\"El Digital de Asturias\"}},{\"@type\":\"WebPage\",\"@id\":\"https:\\\/\\\/www.eldigitaldeasturias.com\\\/noticias\\\/el-precio-de-la-vivienda-libre-sube-un-07-en-el-principado-de-asturias\\\/#webpage\",\"url\":\"https:\\\/\\\/www.eldigitaldeasturias.com\\\/noticias\\\/el-precio-de-la-vivienda-libre-sube-un-07-en-el-principado-de-asturias\\\/\",\"name\":\"El precio de la vivienda libre sube un 0,7% en el Principado de Asturias - El Digital de Asturias\",\"description\":\"El precio de la vivienda libre ha subido un 0,7 por ciento en el Principado de Asturias en el segundo trimestre del a\\u00f1o con respecto al mismo periodo del a\\u00f1o anterior. Tambi\\u00e9n aumenta la media en lo que va de a\\u00f1o, con un aumento del 1,5 por ciento. El incremento registrado en el segundo trimestre\",\"inLanguage\":\"es-ES\",\"isPartOf\":{\"@id\":\"https:\\\/\\\/www.eldigitaldeasturias.com\\\/noticias\\\/#website\"},\"breadcrumb\":{\"@id\":\"https:\\\/\\\/www.eldigitaldeasturias.com\\\/noticias\\\/el-precio-de-la-vivienda-libre-sube-un-07-en-el-principado-de-asturias\\\/#breadcrumblist\"},\"author\":{\"@id\":\"https:\\\/\\\/www.eldigitaldeasturias.com\\\/noticias\\\/author\\\/admin\\\/#author\"},\"creator\":{\"@id\":\"https:\\\/\\\/www.eldigitaldeasturias.com\\\/noticias\\\/author\\\/admin\\\/#author\"},\"image\":{\"@type\":\"ImageObject\",\"url\":\"https:\\\/\\\/www.eldigitaldeasturias.com\\\/noticias\\\/wp-content\\\/uploads\\\/2016\\\/09\\\/fotonoticia_20160908132433_800.jpg\",\"@id\":\"https:\\\/\\\/www.eldigitaldeasturias.com\\\/noticias\\\/el-precio-de-la-vivienda-libre-sube-un-07-en-el-principado-de-asturias\\\/#mainImage\",\"width\":800,\"height\":450},\"primaryImageOfPage\":{\"@id\":\"https:\\\/\\\/www.eldigitaldeasturias.com\\\/noticias\\\/el-precio-de-la-vivienda-libre-sube-un-07-en-el-principado-de-asturias\\\/#mainImage\"},\"datePublished\":\"2016-09-08T13:49:43+02:00\",\"dateModified\":\"2016-09-08T13:49:43+02:00\"},{\"@type\":\"WebSite\",\"@id\":\"https:\\\/\\\/www.eldigitaldeasturias.com\\\/noticias\\\/#website\",\"url\":\"https:\\\/\\\/www.eldigitaldeasturias.com\\\/noticias\\\/\",\"name\":\"El Digital de Asturias - Diario de actualidad y noticias\",\"alternateName\":\"El Digital de Asturias - Diario de actualidad y noticias\",\"description\":\"Hemeroteca\",\"inLanguage\":\"es-ES\",\"publisher\":{\"@id\":\"https:\\\/\\\/www.eldigitaldeasturias.com\\\/noticias\\\/#organization\"}}]}\n\t\t<\/script>\n\t\t<!-- All in One SEO Pro -->\r\n\t\t<title>El precio de la vivienda libre sube un 0,7% en el Principado de Asturias - El Digital de Asturias<\/title>\n\n","aioseo_head_json":{"title":"El precio de la vivienda libre sube un 0,7% en el Principado de Asturias - El Digital de Asturias","description":"El precio de la vivienda libre ha subido un 0,7 por ciento en el Principado de Asturias en el segundo trimestre del a\u00f1o con respecto al mismo periodo del a\u00f1o anterior. Tambi\u00e9n aumenta la media en lo que va de a\u00f1o, con un aumento del 1,5 por ciento. El incremento registrado en el segundo trimestre","canonical_url":"https:\/\/www.eldigitaldeasturias.com\/noticias\/el-precio-de-la-vivienda-libre-sube-un-07-en-el-principado-de-asturias\/","robots":"max-image-preview:large","keywords":"actualidad asturias","webmasterTools":{"google-site-verification":"UA-38556648-1","msvalidate.01":"7dfe9f3f1b24437ab69f4f2559babe99","miscellaneous":""},"schema":{"@context":"https:\/\/schema.org","@graph":[{"@type":"BlogPosting","@id":"https:\/\/www.eldigitaldeasturias.com\/noticias\/el-precio-de-la-vivienda-libre-sube-un-07-en-el-principado-de-asturias\/#blogposting","name":"El precio de la vivienda libre sube un 0,7% en el Principado de Asturias - El Digital de Asturias","headline":"El precio de la vivienda libre sube un 0,7% en el Principado de Asturias","author":{"@id":"https:\/\/www.eldigitaldeasturias.com\/noticias\/author\/admin\/#author"},"publisher":{"@id":"https:\/\/www.eldigitaldeasturias.com\/noticias\/#organization"},"image":{"@type":"ImageObject","url":"https:\/\/www.eldigitaldeasturias.com\/noticias\/wp-content\/uploads\/2016\/09\/fotonoticia_20160908132433_800.jpg","width":800,"height":450},"datePublished":"2016-09-08T13:49:43+02:00","dateModified":"2016-09-08T13:49:43+02:00","inLanguage":"es-ES","mainEntityOfPage":{"@id":"https:\/\/www.eldigitaldeasturias.com\/noticias\/el-precio-de-la-vivienda-libre-sube-un-07-en-el-principado-de-asturias\/#webpage"},"isPartOf":{"@id":"https:\/\/www.eldigitaldeasturias.com\/noticias\/el-precio-de-la-vivienda-libre-sube-un-07-en-el-principado-de-asturias\/#webpage"},"articleSection":"Actualidad Asturias"},{"@type":"BreadcrumbList","@id":"https:\/\/www.eldigitaldeasturias.com\/noticias\/el-precio-de-la-vivienda-libre-sube-un-07-en-el-principado-de-asturias\/#breadcrumblist","itemListElement":[{"@type":"ListItem","@id":"https:\/\/www.eldigitaldeasturias.com\/noticias#listItem","position":1,"name":"Home","item":"https:\/\/www.eldigitaldeasturias.com\/noticias","nextItem":{"@type":"ListItem","@id":"https:\/\/www.eldigitaldeasturias.com\/noticias\/category\/actualidad-asturias\/#listItem","name":"Actualidad Asturias"}},{"@type":"ListItem","@id":"https:\/\/www.eldigitaldeasturias.com\/noticias\/category\/actualidad-asturias\/#listItem","position":2,"name":"Actualidad Asturias","item":"https:\/\/www.eldigitaldeasturias.com\/noticias\/category\/actualidad-asturias\/","nextItem":{"@type":"ListItem","@id":"https:\/\/www.eldigitaldeasturias.com\/noticias\/el-precio-de-la-vivienda-libre-sube-un-07-en-el-principado-de-asturias\/#listItem","name":"El precio de la vivienda libre sube un 0,7% en el Principado de Asturias"},"previousItem":{"@type":"ListItem","@id":"https:\/\/www.eldigitaldeasturias.com\/noticias#listItem","name":"Home"}},{"@type":"ListItem","@id":"https:\/\/www.eldigitaldeasturias.com\/noticias\/el-precio-de-la-vivienda-libre-sube-un-07-en-el-principado-de-asturias\/#listItem","position":3,"name":"El precio de la vivienda libre sube un 0,7% en el Principado de Asturias","previousItem":{"@type":"ListItem","@id":"https:\/\/www.eldigitaldeasturias.com\/noticias\/category\/actualidad-asturias\/#listItem","name":"Actualidad Asturias"}}]},{"@type":"Organization","@id":"https:\/\/www.eldigitaldeasturias.com\/noticias\/#organization","name":"El Digital de Asturias","description":"Hemeroteca","url":"https:\/\/www.eldigitaldeasturias.com\/noticias\/","email":"info@eldigitaldeasturias.com","telephone":"+34652131393","logo":{"@type":"ImageObject","url":"https:\/\/www.eldigitaldeasturias.com\/noticias\/wp-content\/uploads\/2020\/12\/EDA.jpg","@id":"https:\/\/www.eldigitaldeasturias.com\/noticias\/el-precio-de-la-vivienda-libre-sube-un-07-en-el-principado-de-asturias\/#organizationLogo","width":649,"height":297},"image":{"@id":"https:\/\/www.eldigitaldeasturias.com\/noticias\/el-precio-de-la-vivienda-libre-sube-un-07-en-el-principado-de-asturias\/#organizationLogo"},"sameAs":["https:\/\/facebook.com\/eldigitaldeasturias","https:\/\/www.youtube.com\/channel\/UCZP-2wLEB9Rv6erhFmqVnvg"],"address":{"@id":"https:\/\/www.eldigitaldeasturias.com\/noticias\/#postaladdress","@type":"PostalAddress","streetAddress":"san antonio 4,","postalCode":"33430","addressLocality":"Cand\u00e1s","addressRegion":"Asturias","addressCountry":"ES"}},{"@type":"Person","@id":"https:\/\/www.eldigitaldeasturias.com\/noticias\/author\/admin\/#author","url":"https:\/\/www.eldigitaldeasturias.com\/noticias\/author\/admin\/","name":"El Digital de Asturias","image":{"@type":"ImageObject","@id":"https:\/\/www.eldigitaldeasturias.com\/noticias\/el-precio-de-la-vivienda-libre-sube-un-07-en-el-principado-de-asturias\/#authorImage","url":"https:\/\/www.eldigitaldeasturias.com\/noticias\/wp-content\/litespeed\/avatar\/18677e78aa0546b92d9dbf31ec7d7668.jpg?ver=1776685526","width":96,"height":96,"caption":"El Digital de Asturias"}},{"@type":"WebPage","@id":"https:\/\/www.eldigitaldeasturias.com\/noticias\/el-precio-de-la-vivienda-libre-sube-un-07-en-el-principado-de-asturias\/#webpage","url":"https:\/\/www.eldigitaldeasturias.com\/noticias\/el-precio-de-la-vivienda-libre-sube-un-07-en-el-principado-de-asturias\/","name":"El precio de la vivienda libre sube un 0,7% en el Principado de Asturias - El Digital de Asturias","description":"El precio de la vivienda libre ha subido un 0,7 por ciento en el Principado de Asturias en el segundo trimestre del a\u00f1o con respecto al mismo periodo del a\u00f1o anterior. Tambi\u00e9n aumenta la media en lo que va de a\u00f1o, con un aumento del 1,5 por ciento. El incremento registrado en el segundo trimestre","inLanguage":"es-ES","isPartOf":{"@id":"https:\/\/www.eldigitaldeasturias.com\/noticias\/#website"},"breadcrumb":{"@id":"https:\/\/www.eldigitaldeasturias.com\/noticias\/el-precio-de-la-vivienda-libre-sube-un-07-en-el-principado-de-asturias\/#breadcrumblist"},"author":{"@id":"https:\/\/www.eldigitaldeasturias.com\/noticias\/author\/admin\/#author"},"creator":{"@id":"https:\/\/www.eldigitaldeasturias.com\/noticias\/author\/admin\/#author"},"image":{"@type":"ImageObject","url":"https:\/\/www.eldigitaldeasturias.com\/noticias\/wp-content\/uploads\/2016\/09\/fotonoticia_20160908132433_800.jpg","@id":"https:\/\/www.eldigitaldeasturias.com\/noticias\/el-precio-de-la-vivienda-libre-sube-un-07-en-el-principado-de-asturias\/#mainImage","width":800,"height":450},"primaryImageOfPage":{"@id":"https:\/\/www.eldigitaldeasturias.com\/noticias\/el-precio-de-la-vivienda-libre-sube-un-07-en-el-principado-de-asturias\/#mainImage"},"datePublished":"2016-09-08T13:49:43+02:00","dateModified":"2016-09-08T13:49:43+02:00"},{"@type":"WebSite","@id":"https:\/\/www.eldigitaldeasturias.com\/noticias\/#website","url":"https:\/\/www.eldigitaldeasturias.com\/noticias\/","name":"El Digital de Asturias - Diario de actualidad y noticias","alternateName":"El Digital de Asturias - Diario de actualidad y noticias","description":"Hemeroteca","inLanguage":"es-ES","publisher":{"@id":"https:\/\/www.eldigitaldeasturias.com\/noticias\/#organization"}}]},"og:locale":"es_ES","og:site_name":"El Digital de Asturias","og:type":"article","og:title":"El precio de la vivienda libre sube un 0,7% en el Principado de Asturias - El Digital de Asturias","og:description":"El precio de la vivienda libre ha subido un 0,7 por ciento en el Principado de Asturias en el segundo trimestre del a\u00f1o con respecto al mismo periodo del a\u00f1o anterior. Tambi\u00e9n aumenta la media en lo que va de a\u00f1o, con un aumento del 1,5 por ciento. El incremento registrado en el segundo trimestre","og:url":"https:\/\/www.eldigitaldeasturias.com\/noticias\/el-precio-de-la-vivienda-libre-sube-un-07-en-el-principado-de-asturias\/","og:image":"https:\/\/www.eldigitaldeasturias.com\/noticias\/wp-content\/uploads\/2016\/09\/fotonoticia_20160908132433_800.jpg","og:image:secure_url":"https:\/\/www.eldigitaldeasturias.com\/noticias\/wp-content\/uploads\/2016\/09\/fotonoticia_20160908132433_800.jpg","og:image:width":800,"og:image:height":450,"article:tag":["actualidad asturias"],"article:published_time":"2016-09-08T12:49:43+00:00","article:modified_time":"2016-09-08T12:49:43+00:00","article:publisher":"https:\/\/facebook.com\/eldigitaldeasturias","twitter:card":"summary_large_image","twitter:title":"El precio de la vivienda libre sube un 0,7% en el Principado de Asturias - El Digital de Asturias","twitter:description":"El precio de la vivienda libre ha subido un 0,7 por ciento en el Principado de Asturias en el segundo trimestre del a\u00f1o con respecto al mismo periodo del a\u00f1o anterior. Tambi\u00e9n aumenta la media en lo que va de a\u00f1o, con un aumento del 1,5 por ciento. El incremento registrado en el segundo trimestre","twitter:image":"https:\/\/www.eldigitaldeasturias.com\/noticias\/wp-content\/uploads\/2016\/09\/fotonoticia_20160908132433_800.jpg","twitter:label1":"Escrito por","twitter:data1":"El Digital de Asturias","twitter:label2":"Tiempo de lectura estimado","twitter:data2":"2 minutos"},"aioseo_meta_data":{"post_id":"906453","title":null,"description":null,"keywords":null,"keyphrases":null,"primary_term":null,"canonical_url":null,"og_title":null,"og_description":null,"og_object_type":"default","og_image_type":"default","og_image_url":null,"og_image_width":null,"og_image_height":null,"og_image_custom_url":null,"og_image_custom_fields":null,"og_video":null,"og_custom_url":null,"og_article_section":null,"og_article_tags":null,"twitter_use_og":false,"twitter_card":"default","twitter_image_type":"default","twitter_image_url":null,"twitter_image_custom_url":null,"twitter_image_custom_fields":null,"twitter_title":null,"twitter_description":null,"schema":{"blockGraphs":[],"customGraphs":[],"default":{"data":{"Article":[],"Course":[],"Dataset":[],"FAQPage":[],"Movie":[],"Person":[],"Product":[],"ProductReview":[],"Car":[],"Recipe":[],"Service":[],"SoftwareApplication":[],"WebPage":[]},"graphName":"","isEnabled":true},"graphs":[],"defaultGraph":"","defaultPostTypeGraph":""},"schema_type":null,"schema_type_options":null,"pillar_content":false,"robots_default":true,"robots_noindex":false,"robots_noarchive":false,"robots_nosnippet":false,"robots_nofollow":false,"robots_noimageindex":false,"robots_noodp":false,"robots_notranslate":false,"robots_max_snippet":null,"robots_max_videopreview":null,"robots_max_imagepreview":"large","priority":null,"frequency":null,"local_seo":null,"seo_analyzer_scan_date":"2025-11-30 09:04:10","breadcrumb_settings":null,"limit_modified_date":false,"open_ai":null,"ai":null,"created":"2020-12-21 14:01:33","updated":"2025-11-30 09:04:10"},"aioseo_breadcrumb":"<div class=\"aioseo-breadcrumbs\"><span class=\"aioseo-breadcrumb\">\n\t<a href=\"https:\/\/www.eldigitaldeasturias.com\/noticias\" title=\"Home\">Home<\/a>\n<\/span><span class=\"aioseo-breadcrumb-separator\">\u2013<\/span><span class=\"aioseo-breadcrumb\">\n\t<a href=\"https:\/\/www.eldigitaldeasturias.com\/noticias\/category\/actualidad-asturias\/\" title=\"Actualidad Asturias\">Actualidad Asturias<\/a>\n<\/span><span class=\"aioseo-breadcrumb-separator\">\u2013<\/span><span class=\"aioseo-breadcrumb\">\n\t<a href=\"https:\/\/www.eldigitaldeasturias.com\/noticias\/el-precio-de-la-vivienda-libre-sube-un-07-en-el-principado-de-asturias\/\" title=\"El precio de la vivienda libre sube un 0,7% en el Principado de Asturias\">El precio de la vivienda libre sube un 0,7% en el Principado de Asturias<\/a>\n<\/span><\/div>","aioseo_breadcrumb_json":[{"label":"Home","link":"https:\/\/www.eldigitaldeasturias.com\/noticias"},{"label":"Actualidad Asturias","link":"https:\/\/www.eldigitaldeasturias.com\/noticias\/category\/actualidad-asturias\/"},{"label":"El precio de la vivienda libre sube un 0,7% en el Principado de Asturias","link":"https:\/\/www.eldigitaldeasturias.com\/noticias\/el-precio-de-la-vivienda-libre-sube-un-07-en-el-principado-de-asturias\/"}],"_links":{"self":[{"href":"https:\/\/www.eldigitaldeasturias.com\/noticias\/wp-json\/wp\/v2\/posts\/906453","targetHints":{"allow":["GET"]}}],"collection":[{"href":"https:\/\/www.eldigitaldeasturias.com\/noticias\/wp-json\/wp\/v2\/posts"}],"about":[{"href":"https:\/\/www.eldigitaldeasturias.com\/noticias\/wp-json\/wp\/v2\/types\/post"}],"author":[{"embeddable":true,"href":"https:\/\/www.eldigitaldeasturias.com\/noticias\/wp-json\/wp\/v2\/users\/1"}],"replies":[{"embeddable":true,"href":"https:\/\/www.eldigitaldeasturias.com\/noticias\/wp-json\/wp\/v2\/comments?post=906453"}],"version-history":[{"count":0,"href":"https:\/\/www.eldigitaldeasturias.com\/noticias\/wp-json\/wp\/v2\/posts\/906453\/revisions"}],"wp:featuredmedia":[{"embeddable":true,"href":"https:\/\/www.eldigitaldeasturias.com\/noticias\/wp-json\/wp\/v2\/media\/906454"}],"wp:attachment":[{"href":"https:\/\/www.eldigitaldeasturias.com\/noticias\/wp-json\/wp\/v2\/media?parent=906453"}],"wp:term":[{"taxonomy":"category","embeddable":true,"href":"https:\/\/www.eldigitaldeasturias.com\/noticias\/wp-json\/wp\/v2\/categories?post=906453"},{"taxonomy":"post_tag","embeddable":true,"href":"https:\/\/www.eldigitaldeasturias.com\/noticias\/wp-json\/wp\/v2\/tags?post=906453"}],"curies":[{"name":"wp","href":"https:\/\/api.w.org\/{rel}","templated":true}]}}