{"id":906451,"date":"2016-09-08T13:43:32","date_gmt":"2016-09-08T12:43:32","guid":{"rendered":"http:\/\/www.eldigitaldeasturias.com\/noticias\/?p=906451"},"modified":"2016-09-08T13:43:32","modified_gmt":"2016-09-08T12:43:32","slug":"ugt-y-ccoo-piden-la-convocatoria-urgente-de-la-comision-de-seguimiento-de-la-mineria-del-carbon","status":"publish","type":"post","link":"https:\/\/www.eldigitaldeasturias.com\/noticias\/ugt-y-ccoo-piden-la-convocatoria-urgente-de-la-comision-de-seguimiento-de-la-mineria-del-carbon\/","title":{"rendered":"UGT y CCOO piden la \u00abconvocatoria urgente\u00bb de la Comisi\u00f3n de seguimiento de la miner\u00eda del carb\u00f3n"},"content":{"rendered":"<p><img loading=\"lazy\" decoding=\"async\" class=\"alignleft size-medium wp-image-1018\" src=\"https:\/\/www.eldigitaldeasturias.com\/noticias\/wp-content\/uploads\/2013\/09\/carbon_20130920131909_800-360x240.jpg\" alt=\"carbon_20130920131909_800\" width=\"360\" height=\"240\" srcset=\"https:\/\/www.eldigitaldeasturias.com\/noticias\/wp-content\/uploads\/2013\/09\/carbon_20130920131909_800-360x240.jpg 360w, https:\/\/www.eldigitaldeasturias.com\/noticias\/wp-content\/uploads\/2013\/09\/carbon_20130920131909_800-650x433.jpg 650w, https:\/\/www.eldigitaldeasturias.com\/noticias\/wp-content\/uploads\/2013\/09\/carbon_20130920131909_800-84x55.jpg 84w, https:\/\/www.eldigitaldeasturias.com\/noticias\/wp-content\/uploads\/2013\/09\/carbon_20130920131909_800-49x32.jpg 49w, https:\/\/www.eldigitaldeasturias.com\/noticias\/wp-content\/uploads\/2013\/09\/carbon_20130920131909_800.jpg 750w\" sizes=\"auto, (max-width: 360px) 100vw, 360px\" \/>UGT FICA y CCOO han enviado este jueves una misiva al Secretario de Estado de Energ\u00eda, Alberto Nadal, para solicitar la \u00abconvocatoria urgente\u00bb de la Comisi\u00f3n de Seguimiento de la Miner\u00eda del Carb\u00f3n. Ambos sindicatos se han marcado un plazo de 15 d\u00edas para recibir una respuesta positiva. En caso contrario, han advertido, se iniciar\u00eda una nueva campa\u00f1a de movilizaciones en el sector \u00abante la situaci\u00f3n cr\u00edtica en la que se encuentra y para la que pediremos el apoyo a todos los \u00e1mbitos de la sociedad\u00bb.<\/p>\n<p>En una nota de prensa, ambas formaciones han denunciado la \u00absituaci\u00f3n ag\u00f3nica\u00bb que atraviesa la Miner\u00eda del Carb\u00f3n en Espa\u00f1a, afirmando que requiere medidas de actuaci\u00f3n \u00aburgentes\u00bb por parte del Ministerio de Industria, Energ\u00eda y Turismo. Entienden desde los sindicatos que el Ministerio es el \u00abprincipal causante\u00bb de la misma por los \u00abreiterados incumplimientos\u00bb del Marco de Actuaci\u00f3n para la Miner\u00eda del Carb\u00f3n y Las Comarcas Mineras firmado en 2013.<\/p>\n<p>En la carta, remitida a los medios, han reclamado la celebraci\u00f3n de la reuni\u00f3n para poder tener conocimiento de los problemas y buscar posibles soluciones. El carb\u00f3n, recuerdan a Nadal, es \u00abuna de nuestras \u00fanicas fuentes de energ\u00eda aut\u00f3ctona y por ende de garant\u00eda de suministro, adem\u00e1s de a\u00f1adir unas conocidas connotaciones sociales y territoriales\u00bb.<\/p>\n<p>&nbsp;<\/p>\n<p>&nbsp;<\/p>\n","protected":false},"excerpt":{"rendered":"<p>UGT FICA y CCOO han enviado este jueves una misiva al Secretario de Estado de Energ\u00eda, Alberto Nadal, para solicitar la \u00abconvocatoria urgente\u00bb de la Comisi\u00f3n de Seguimiento de la Miner\u00eda del Carb\u00f3n. Ambos sindicatos se han marcado un plazo de 15 d\u00edas para recibir una respuesta positiva. En caso contrario, han advertido, se iniciar\u00eda [&hellip;]<\/p>\n","protected":false},"author":1,"featured_media":1018,"comment_status":"closed","ping_status":"closed","sticky":false,"template":"","format":"standard","meta":{"footnotes":""},"categories":[12],"tags":[],"class_list":["post-906451","post","type-post","status-publish","format-standard","has-post-thumbnail","hentry","category-actualidad-asturias"],"aioseo_notices":[],"aioseo_head":"\n\t\t<!-- All in One SEO Pro 4.9.6.2 - aioseo.com -->\n\t<meta name=\"description\" content=\"UGT FICA y CCOO han enviado este jueves una misiva al Secretario de Estado de Energ\u00eda, Alberto Nadal, para solicitar la &quot;convocatoria urgente&quot; de la Comisi\u00f3n de Seguimiento de la Miner\u00eda del Carb\u00f3n. Ambos sindicatos se han marcado un plazo de 15 d\u00edas para recibir una respuesta positiva. En caso contrario, han advertido, se iniciar\u00eda\" \/>\n\t<meta name=\"robots\" content=\"max-image-preview:large\" \/>\n\t<meta name=\"author\" content=\"El Digital de Asturias\"\/>\n\t<meta name=\"google-site-verification\" content=\"UA-38556648-1\" \/>\n\t<meta name=\"msvalidate.01\" content=\"7dfe9f3f1b24437ab69f4f2559babe99\" \/>\n\t<meta name=\"keywords\" content=\"actualidad asturias\" \/>\n\t<link rel=\"canonical\" href=\"https:\/\/www.eldigitaldeasturias.com\/noticias\/ugt-y-ccoo-piden-la-convocatoria-urgente-de-la-comision-de-seguimiento-de-la-mineria-del-carbon\/\" \/>\n\t<meta name=\"generator\" content=\"All in One SEO Pro (AIOSEO) 4.9.6.2\" \/>\n\t\t<meta property=\"og:locale\" content=\"es_ES\" \/>\n\t\t<meta property=\"og:site_name\" content=\"El Digital de Asturias\" \/>\n\t\t<meta property=\"og:type\" content=\"article\" \/>\n\t\t<meta property=\"og:title\" content=\"UGT y CCOO piden la \u00abconvocatoria urgente\u00bb de la Comisi\u00f3n de seguimiento de la miner\u00eda del carb\u00f3n - El Digital de Asturias\" \/>\n\t\t<meta property=\"og:description\" content=\"UGT FICA y CCOO han enviado este jueves una misiva al Secretario de Estado de Energ\u00eda, Alberto Nadal, para solicitar la &quot;convocatoria urgente&quot; de la Comisi\u00f3n de Seguimiento de la Miner\u00eda del Carb\u00f3n. Ambos sindicatos se han marcado un plazo de 15 d\u00edas para recibir una respuesta positiva. En caso contrario, han advertido, se iniciar\u00eda\" \/>\n\t\t<meta property=\"og:url\" content=\"https:\/\/www.eldigitaldeasturias.com\/noticias\/ugt-y-ccoo-piden-la-convocatoria-urgente-de-la-comision-de-seguimiento-de-la-mineria-del-carbon\/\" \/>\n\t\t<meta property=\"og:image\" content=\"https:\/\/www.eldigitaldeasturias.com\/noticias\/wp-content\/uploads\/2013\/09\/carbon_20130920131909_800.jpg\" \/>\n\t\t<meta property=\"og:image:secure_url\" content=\"https:\/\/www.eldigitaldeasturias.com\/noticias\/wp-content\/uploads\/2013\/09\/carbon_20130920131909_800.jpg\" \/>\n\t\t<meta property=\"og:image:width\" content=\"750\" \/>\n\t\t<meta property=\"og:image:height\" content=\"500\" \/>\n\t\t<meta property=\"article:tag\" content=\"actualidad asturias\" \/>\n\t\t<meta property=\"article:published_time\" content=\"2016-09-08T12:43:32+00:00\" \/>\n\t\t<meta property=\"article:modified_time\" content=\"2016-09-08T12:43:32+00:00\" \/>\n\t\t<meta property=\"article:publisher\" content=\"https:\/\/facebook.com\/eldigitaldeasturias\" \/>\n\t\t<meta name=\"twitter:card\" content=\"summary_large_image\" \/>\n\t\t<meta name=\"twitter:title\" content=\"UGT y CCOO piden la \u00abconvocatoria urgente\u00bb de la Comisi\u00f3n de seguimiento de la miner\u00eda del carb\u00f3n - El Digital de Asturias\" \/>\n\t\t<meta name=\"twitter:description\" content=\"UGT FICA y CCOO han enviado este jueves una misiva al Secretario de Estado de Energ\u00eda, Alberto Nadal, para solicitar la &quot;convocatoria urgente&quot; de la Comisi\u00f3n de Seguimiento de la Miner\u00eda del Carb\u00f3n. Ambos sindicatos se han marcado un plazo de 15 d\u00edas para recibir una respuesta positiva. En caso contrario, han advertido, se iniciar\u00eda\" \/>\n\t\t<meta name=\"twitter:image\" content=\"https:\/\/www.eldigitaldeasturias.com\/noticias\/wp-content\/uploads\/2013\/09\/carbon_20130920131909_800.jpg\" \/>\n\t\t<meta name=\"twitter:label1\" content=\"Escrito por\" \/>\n\t\t<meta name=\"twitter:data1\" content=\"El Digital de Asturias\" \/>\n\t\t<meta name=\"twitter:label2\" content=\"Tiempo de lectura estimado\" \/>\n\t\t<meta name=\"twitter:data2\" content=\"1 minuto\" \/>\n\t\t<script type=\"application\/ld+json\" class=\"aioseo-schema\">\n\t\t\t{\"@context\":\"https:\\\/\\\/schema.org\",\"@graph\":[{\"@type\":\"BlogPosting\",\"@id\":\"https:\\\/\\\/www.eldigitaldeasturias.com\\\/noticias\\\/ugt-y-ccoo-piden-la-convocatoria-urgente-de-la-comision-de-seguimiento-de-la-mineria-del-carbon\\\/#blogposting\",\"name\":\"UGT y CCOO piden la \\u00abconvocatoria urgente\\u00bb de la Comisi\\u00f3n de seguimiento de la miner\\u00eda del carb\\u00f3n - El Digital de Asturias\",\"headline\":\"UGT y CCOO piden la \\u00abconvocatoria urgente\\u00bb de la Comisi\\u00f3n de seguimiento de la miner\\u00eda del carb\\u00f3n\",\"author\":{\"@id\":\"https:\\\/\\\/www.eldigitaldeasturias.com\\\/noticias\\\/author\\\/admin\\\/#author\"},\"publisher\":{\"@id\":\"https:\\\/\\\/www.eldigitaldeasturias.com\\\/noticias\\\/#organization\"},\"image\":{\"@type\":\"ImageObject\",\"url\":\"https:\\\/\\\/www.eldigitaldeasturias.com\\\/noticias\\\/wp-content\\\/uploads\\\/2013\\\/09\\\/carbon_20130920131909_800.jpg\",\"width\":750,\"height\":500},\"datePublished\":\"2016-09-08T13:43:32+02:00\",\"dateModified\":\"2016-09-08T13:43:32+02:00\",\"inLanguage\":\"es-ES\",\"mainEntityOfPage\":{\"@id\":\"https:\\\/\\\/www.eldigitaldeasturias.com\\\/noticias\\\/ugt-y-ccoo-piden-la-convocatoria-urgente-de-la-comision-de-seguimiento-de-la-mineria-del-carbon\\\/#webpage\"},\"isPartOf\":{\"@id\":\"https:\\\/\\\/www.eldigitaldeasturias.com\\\/noticias\\\/ugt-y-ccoo-piden-la-convocatoria-urgente-de-la-comision-de-seguimiento-de-la-mineria-del-carbon\\\/#webpage\"},\"articleSection\":\"Actualidad Asturias\"},{\"@type\":\"BreadcrumbList\",\"@id\":\"https:\\\/\\\/www.eldigitaldeasturias.com\\\/noticias\\\/ugt-y-ccoo-piden-la-convocatoria-urgente-de-la-comision-de-seguimiento-de-la-mineria-del-carbon\\\/#breadcrumblist\",\"itemListElement\":[{\"@type\":\"ListItem\",\"@id\":\"https:\\\/\\\/www.eldigitaldeasturias.com\\\/noticias#listItem\",\"position\":1,\"name\":\"Home\",\"item\":\"https:\\\/\\\/www.eldigitaldeasturias.com\\\/noticias\",\"nextItem\":{\"@type\":\"ListItem\",\"@id\":\"https:\\\/\\\/www.eldigitaldeasturias.com\\\/noticias\\\/category\\\/actualidad-asturias\\\/#listItem\",\"name\":\"Actualidad Asturias\"}},{\"@type\":\"ListItem\",\"@id\":\"https:\\\/\\\/www.eldigitaldeasturias.com\\\/noticias\\\/category\\\/actualidad-asturias\\\/#listItem\",\"position\":2,\"name\":\"Actualidad Asturias\",\"item\":\"https:\\\/\\\/www.eldigitaldeasturias.com\\\/noticias\\\/category\\\/actualidad-asturias\\\/\",\"nextItem\":{\"@type\":\"ListItem\",\"@id\":\"https:\\\/\\\/www.eldigitaldeasturias.com\\\/noticias\\\/ugt-y-ccoo-piden-la-convocatoria-urgente-de-la-comision-de-seguimiento-de-la-mineria-del-carbon\\\/#listItem\",\"name\":\"UGT y CCOO piden la \\u00abconvocatoria urgente\\u00bb de la Comisi\\u00f3n de seguimiento de la miner\\u00eda del carb\\u00f3n\"},\"previousItem\":{\"@type\":\"ListItem\",\"@id\":\"https:\\\/\\\/www.eldigitaldeasturias.com\\\/noticias#listItem\",\"name\":\"Home\"}},{\"@type\":\"ListItem\",\"@id\":\"https:\\\/\\\/www.eldigitaldeasturias.com\\\/noticias\\\/ugt-y-ccoo-piden-la-convocatoria-urgente-de-la-comision-de-seguimiento-de-la-mineria-del-carbon\\\/#listItem\",\"position\":3,\"name\":\"UGT y CCOO piden la \\u00abconvocatoria urgente\\u00bb de la Comisi\\u00f3n de seguimiento de la miner\\u00eda del carb\\u00f3n\",\"previousItem\":{\"@type\":\"ListItem\",\"@id\":\"https:\\\/\\\/www.eldigitaldeasturias.com\\\/noticias\\\/category\\\/actualidad-asturias\\\/#listItem\",\"name\":\"Actualidad Asturias\"}}]},{\"@type\":\"Organization\",\"@id\":\"https:\\\/\\\/www.eldigitaldeasturias.com\\\/noticias\\\/#organization\",\"name\":\"El Digital de Asturias\",\"description\":\"Hemeroteca\",\"url\":\"https:\\\/\\\/www.eldigitaldeasturias.com\\\/noticias\\\/\",\"email\":\"info@eldigitaldeasturias.com\",\"telephone\":\"+34652131393\",\"logo\":{\"@type\":\"ImageObject\",\"url\":\"https:\\\/\\\/www.eldigitaldeasturias.com\\\/noticias\\\/wp-content\\\/uploads\\\/2020\\\/12\\\/EDA.jpg\",\"@id\":\"https:\\\/\\\/www.eldigitaldeasturias.com\\\/noticias\\\/ugt-y-ccoo-piden-la-convocatoria-urgente-de-la-comision-de-seguimiento-de-la-mineria-del-carbon\\\/#organizationLogo\",\"width\":649,\"height\":297},\"image\":{\"@id\":\"https:\\\/\\\/www.eldigitaldeasturias.com\\\/noticias\\\/ugt-y-ccoo-piden-la-convocatoria-urgente-de-la-comision-de-seguimiento-de-la-mineria-del-carbon\\\/#organizationLogo\"},\"sameAs\":[\"https:\\\/\\\/facebook.com\\\/eldigitaldeasturias\",\"https:\\\/\\\/www.youtube.com\\\/channel\\\/UCZP-2wLEB9Rv6erhFmqVnvg\"],\"address\":{\"@id\":\"https:\\\/\\\/www.eldigitaldeasturias.com\\\/noticias\\\/#postaladdress\",\"@type\":\"PostalAddress\",\"streetAddress\":\"san antonio 4,\",\"postalCode\":\"33430\",\"addressLocality\":\"Cand\\u00e1s\",\"addressRegion\":\"Asturias\",\"addressCountry\":\"ES\"}},{\"@type\":\"Person\",\"@id\":\"https:\\\/\\\/www.eldigitaldeasturias.com\\\/noticias\\\/author\\\/admin\\\/#author\",\"url\":\"https:\\\/\\\/www.eldigitaldeasturias.com\\\/noticias\\\/author\\\/admin\\\/\",\"name\":\"El Digital de Asturias\",\"image\":{\"@type\":\"ImageObject\",\"@id\":\"https:\\\/\\\/www.eldigitaldeasturias.com\\\/noticias\\\/ugt-y-ccoo-piden-la-convocatoria-urgente-de-la-comision-de-seguimiento-de-la-mineria-del-carbon\\\/#authorImage\",\"url\":\"https:\\\/\\\/www.eldigitaldeasturias.com\\\/noticias\\\/wp-content\\\/litespeed\\\/avatar\\\/18677e78aa0546b92d9dbf31ec7d7668.jpg?ver=1776685526\",\"width\":96,\"height\":96,\"caption\":\"El Digital de Asturias\"}},{\"@type\":\"WebPage\",\"@id\":\"https:\\\/\\\/www.eldigitaldeasturias.com\\\/noticias\\\/ugt-y-ccoo-piden-la-convocatoria-urgente-de-la-comision-de-seguimiento-de-la-mineria-del-carbon\\\/#webpage\",\"url\":\"https:\\\/\\\/www.eldigitaldeasturias.com\\\/noticias\\\/ugt-y-ccoo-piden-la-convocatoria-urgente-de-la-comision-de-seguimiento-de-la-mineria-del-carbon\\\/\",\"name\":\"UGT y CCOO piden la \\u00abconvocatoria urgente\\u00bb de la Comisi\\u00f3n de seguimiento de la miner\\u00eda del carb\\u00f3n - El Digital de Asturias\",\"description\":\"UGT FICA y CCOO han enviado este jueves una misiva al Secretario de Estado de Energ\\u00eda, Alberto Nadal, para solicitar la \\\"convocatoria urgente\\\" de la Comisi\\u00f3n de Seguimiento de la Miner\\u00eda del Carb\\u00f3n. Ambos sindicatos se han marcado un plazo de 15 d\\u00edas para recibir una respuesta positiva. En caso contrario, han advertido, se iniciar\\u00eda\",\"inLanguage\":\"es-ES\",\"isPartOf\":{\"@id\":\"https:\\\/\\\/www.eldigitaldeasturias.com\\\/noticias\\\/#website\"},\"breadcrumb\":{\"@id\":\"https:\\\/\\\/www.eldigitaldeasturias.com\\\/noticias\\\/ugt-y-ccoo-piden-la-convocatoria-urgente-de-la-comision-de-seguimiento-de-la-mineria-del-carbon\\\/#breadcrumblist\"},\"author\":{\"@id\":\"https:\\\/\\\/www.eldigitaldeasturias.com\\\/noticias\\\/author\\\/admin\\\/#author\"},\"creator\":{\"@id\":\"https:\\\/\\\/www.eldigitaldeasturias.com\\\/noticias\\\/author\\\/admin\\\/#author\"},\"image\":{\"@type\":\"ImageObject\",\"url\":\"https:\\\/\\\/www.eldigitaldeasturias.com\\\/noticias\\\/wp-content\\\/uploads\\\/2013\\\/09\\\/carbon_20130920131909_800.jpg\",\"@id\":\"https:\\\/\\\/www.eldigitaldeasturias.com\\\/noticias\\\/ugt-y-ccoo-piden-la-convocatoria-urgente-de-la-comision-de-seguimiento-de-la-mineria-del-carbon\\\/#mainImage\",\"width\":750,\"height\":500},\"primaryImageOfPage\":{\"@id\":\"https:\\\/\\\/www.eldigitaldeasturias.com\\\/noticias\\\/ugt-y-ccoo-piden-la-convocatoria-urgente-de-la-comision-de-seguimiento-de-la-mineria-del-carbon\\\/#mainImage\"},\"datePublished\":\"2016-09-08T13:43:32+02:00\",\"dateModified\":\"2016-09-08T13:43:32+02:00\"},{\"@type\":\"WebSite\",\"@id\":\"https:\\\/\\\/www.eldigitaldeasturias.com\\\/noticias\\\/#website\",\"url\":\"https:\\\/\\\/www.eldigitaldeasturias.com\\\/noticias\\\/\",\"name\":\"El Digital de Asturias - Diario de actualidad y noticias\",\"alternateName\":\"El Digital de Asturias - Diario de actualidad y noticias\",\"description\":\"Hemeroteca\",\"inLanguage\":\"es-ES\",\"publisher\":{\"@id\":\"https:\\\/\\\/www.eldigitaldeasturias.com\\\/noticias\\\/#organization\"}}]}\n\t\t<\/script>\n\t\t<!-- All in One SEO Pro -->\r\n\t\t<title>UGT y CCOO piden la \u00abconvocatoria urgente\u00bb de la Comisi\u00f3n de seguimiento de la miner\u00eda del carb\u00f3n - El Digital de Asturias<\/title>\n\n","aioseo_head_json":{"title":"UGT y CCOO piden la \u00abconvocatoria urgente\u00bb de la Comisi\u00f3n de seguimiento de la miner\u00eda del carb\u00f3n - El Digital de Asturias","description":"UGT FICA y CCOO han enviado este jueves una misiva al Secretario de Estado de Energ\u00eda, Alberto Nadal, para solicitar la \"convocatoria urgente\" de la Comisi\u00f3n de Seguimiento de la Miner\u00eda del Carb\u00f3n. Ambos sindicatos se han marcado un plazo de 15 d\u00edas para recibir una respuesta positiva. En caso contrario, han advertido, se iniciar\u00eda","canonical_url":"https:\/\/www.eldigitaldeasturias.com\/noticias\/ugt-y-ccoo-piden-la-convocatoria-urgente-de-la-comision-de-seguimiento-de-la-mineria-del-carbon\/","robots":"max-image-preview:large","keywords":"actualidad asturias","webmasterTools":{"google-site-verification":"UA-38556648-1","msvalidate.01":"7dfe9f3f1b24437ab69f4f2559babe99","miscellaneous":""},"schema":{"@context":"https:\/\/schema.org","@graph":[{"@type":"BlogPosting","@id":"https:\/\/www.eldigitaldeasturias.com\/noticias\/ugt-y-ccoo-piden-la-convocatoria-urgente-de-la-comision-de-seguimiento-de-la-mineria-del-carbon\/#blogposting","name":"UGT y CCOO piden la \u00abconvocatoria urgente\u00bb de la Comisi\u00f3n de seguimiento de la miner\u00eda del carb\u00f3n - El Digital de Asturias","headline":"UGT y CCOO piden la \u00abconvocatoria urgente\u00bb de la Comisi\u00f3n de seguimiento de la miner\u00eda del carb\u00f3n","author":{"@id":"https:\/\/www.eldigitaldeasturias.com\/noticias\/author\/admin\/#author"},"publisher":{"@id":"https:\/\/www.eldigitaldeasturias.com\/noticias\/#organization"},"image":{"@type":"ImageObject","url":"https:\/\/www.eldigitaldeasturias.com\/noticias\/wp-content\/uploads\/2013\/09\/carbon_20130920131909_800.jpg","width":750,"height":500},"datePublished":"2016-09-08T13:43:32+02:00","dateModified":"2016-09-08T13:43:32+02:00","inLanguage":"es-ES","mainEntityOfPage":{"@id":"https:\/\/www.eldigitaldeasturias.com\/noticias\/ugt-y-ccoo-piden-la-convocatoria-urgente-de-la-comision-de-seguimiento-de-la-mineria-del-carbon\/#webpage"},"isPartOf":{"@id":"https:\/\/www.eldigitaldeasturias.com\/noticias\/ugt-y-ccoo-piden-la-convocatoria-urgente-de-la-comision-de-seguimiento-de-la-mineria-del-carbon\/#webpage"},"articleSection":"Actualidad Asturias"},{"@type":"BreadcrumbList","@id":"https:\/\/www.eldigitaldeasturias.com\/noticias\/ugt-y-ccoo-piden-la-convocatoria-urgente-de-la-comision-de-seguimiento-de-la-mineria-del-carbon\/#breadcrumblist","itemListElement":[{"@type":"ListItem","@id":"https:\/\/www.eldigitaldeasturias.com\/noticias#listItem","position":1,"name":"Home","item":"https:\/\/www.eldigitaldeasturias.com\/noticias","nextItem":{"@type":"ListItem","@id":"https:\/\/www.eldigitaldeasturias.com\/noticias\/category\/actualidad-asturias\/#listItem","name":"Actualidad Asturias"}},{"@type":"ListItem","@id":"https:\/\/www.eldigitaldeasturias.com\/noticias\/category\/actualidad-asturias\/#listItem","position":2,"name":"Actualidad Asturias","item":"https:\/\/www.eldigitaldeasturias.com\/noticias\/category\/actualidad-asturias\/","nextItem":{"@type":"ListItem","@id":"https:\/\/www.eldigitaldeasturias.com\/noticias\/ugt-y-ccoo-piden-la-convocatoria-urgente-de-la-comision-de-seguimiento-de-la-mineria-del-carbon\/#listItem","name":"UGT y CCOO piden la \u00abconvocatoria urgente\u00bb de la Comisi\u00f3n de seguimiento de la miner\u00eda del carb\u00f3n"},"previousItem":{"@type":"ListItem","@id":"https:\/\/www.eldigitaldeasturias.com\/noticias#listItem","name":"Home"}},{"@type":"ListItem","@id":"https:\/\/www.eldigitaldeasturias.com\/noticias\/ugt-y-ccoo-piden-la-convocatoria-urgente-de-la-comision-de-seguimiento-de-la-mineria-del-carbon\/#listItem","position":3,"name":"UGT y CCOO piden la \u00abconvocatoria urgente\u00bb de la Comisi\u00f3n de seguimiento de la miner\u00eda del carb\u00f3n","previousItem":{"@type":"ListItem","@id":"https:\/\/www.eldigitaldeasturias.com\/noticias\/category\/actualidad-asturias\/#listItem","name":"Actualidad Asturias"}}]},{"@type":"Organization","@id":"https:\/\/www.eldigitaldeasturias.com\/noticias\/#organization","name":"El Digital de Asturias","description":"Hemeroteca","url":"https:\/\/www.eldigitaldeasturias.com\/noticias\/","email":"info@eldigitaldeasturias.com","telephone":"+34652131393","logo":{"@type":"ImageObject","url":"https:\/\/www.eldigitaldeasturias.com\/noticias\/wp-content\/uploads\/2020\/12\/EDA.jpg","@id":"https:\/\/www.eldigitaldeasturias.com\/noticias\/ugt-y-ccoo-piden-la-convocatoria-urgente-de-la-comision-de-seguimiento-de-la-mineria-del-carbon\/#organizationLogo","width":649,"height":297},"image":{"@id":"https:\/\/www.eldigitaldeasturias.com\/noticias\/ugt-y-ccoo-piden-la-convocatoria-urgente-de-la-comision-de-seguimiento-de-la-mineria-del-carbon\/#organizationLogo"},"sameAs":["https:\/\/facebook.com\/eldigitaldeasturias","https:\/\/www.youtube.com\/channel\/UCZP-2wLEB9Rv6erhFmqVnvg"],"address":{"@id":"https:\/\/www.eldigitaldeasturias.com\/noticias\/#postaladdress","@type":"PostalAddress","streetAddress":"san antonio 4,","postalCode":"33430","addressLocality":"Cand\u00e1s","addressRegion":"Asturias","addressCountry":"ES"}},{"@type":"Person","@id":"https:\/\/www.eldigitaldeasturias.com\/noticias\/author\/admin\/#author","url":"https:\/\/www.eldigitaldeasturias.com\/noticias\/author\/admin\/","name":"El Digital de Asturias","image":{"@type":"ImageObject","@id":"https:\/\/www.eldigitaldeasturias.com\/noticias\/ugt-y-ccoo-piden-la-convocatoria-urgente-de-la-comision-de-seguimiento-de-la-mineria-del-carbon\/#authorImage","url":"https:\/\/www.eldigitaldeasturias.com\/noticias\/wp-content\/litespeed\/avatar\/18677e78aa0546b92d9dbf31ec7d7668.jpg?ver=1776685526","width":96,"height":96,"caption":"El Digital de Asturias"}},{"@type":"WebPage","@id":"https:\/\/www.eldigitaldeasturias.com\/noticias\/ugt-y-ccoo-piden-la-convocatoria-urgente-de-la-comision-de-seguimiento-de-la-mineria-del-carbon\/#webpage","url":"https:\/\/www.eldigitaldeasturias.com\/noticias\/ugt-y-ccoo-piden-la-convocatoria-urgente-de-la-comision-de-seguimiento-de-la-mineria-del-carbon\/","name":"UGT y CCOO piden la \u00abconvocatoria urgente\u00bb de la Comisi\u00f3n de seguimiento de la miner\u00eda del carb\u00f3n - El Digital de Asturias","description":"UGT FICA y CCOO han enviado este jueves una misiva al Secretario de Estado de Energ\u00eda, Alberto Nadal, para solicitar la \"convocatoria urgente\" de la Comisi\u00f3n de Seguimiento de la Miner\u00eda del Carb\u00f3n. Ambos sindicatos se han marcado un plazo de 15 d\u00edas para recibir una respuesta positiva. En caso contrario, han advertido, se iniciar\u00eda","inLanguage":"es-ES","isPartOf":{"@id":"https:\/\/www.eldigitaldeasturias.com\/noticias\/#website"},"breadcrumb":{"@id":"https:\/\/www.eldigitaldeasturias.com\/noticias\/ugt-y-ccoo-piden-la-convocatoria-urgente-de-la-comision-de-seguimiento-de-la-mineria-del-carbon\/#breadcrumblist"},"author":{"@id":"https:\/\/www.eldigitaldeasturias.com\/noticias\/author\/admin\/#author"},"creator":{"@id":"https:\/\/www.eldigitaldeasturias.com\/noticias\/author\/admin\/#author"},"image":{"@type":"ImageObject","url":"https:\/\/www.eldigitaldeasturias.com\/noticias\/wp-content\/uploads\/2013\/09\/carbon_20130920131909_800.jpg","@id":"https:\/\/www.eldigitaldeasturias.com\/noticias\/ugt-y-ccoo-piden-la-convocatoria-urgente-de-la-comision-de-seguimiento-de-la-mineria-del-carbon\/#mainImage","width":750,"height":500},"primaryImageOfPage":{"@id":"https:\/\/www.eldigitaldeasturias.com\/noticias\/ugt-y-ccoo-piden-la-convocatoria-urgente-de-la-comision-de-seguimiento-de-la-mineria-del-carbon\/#mainImage"},"datePublished":"2016-09-08T13:43:32+02:00","dateModified":"2016-09-08T13:43:32+02:00"},{"@type":"WebSite","@id":"https:\/\/www.eldigitaldeasturias.com\/noticias\/#website","url":"https:\/\/www.eldigitaldeasturias.com\/noticias\/","name":"El Digital de Asturias - Diario de actualidad y noticias","alternateName":"El Digital de Asturias - Diario de actualidad y noticias","description":"Hemeroteca","inLanguage":"es-ES","publisher":{"@id":"https:\/\/www.eldigitaldeasturias.com\/noticias\/#organization"}}]},"og:locale":"es_ES","og:site_name":"El Digital de Asturias","og:type":"article","og:title":"UGT y CCOO piden la \u00abconvocatoria urgente\u00bb de la Comisi\u00f3n de seguimiento de la miner\u00eda del carb\u00f3n - El Digital de Asturias","og:description":"UGT FICA y CCOO han enviado este jueves una misiva al Secretario de Estado de Energ\u00eda, Alberto Nadal, para solicitar la &quot;convocatoria urgente&quot; de la Comisi\u00f3n de Seguimiento de la Miner\u00eda del Carb\u00f3n. Ambos sindicatos se han marcado un plazo de 15 d\u00edas para recibir una respuesta positiva. En caso contrario, han advertido, se iniciar\u00eda","og:url":"https:\/\/www.eldigitaldeasturias.com\/noticias\/ugt-y-ccoo-piden-la-convocatoria-urgente-de-la-comision-de-seguimiento-de-la-mineria-del-carbon\/","og:image":"https:\/\/www.eldigitaldeasturias.com\/noticias\/wp-content\/uploads\/2013\/09\/carbon_20130920131909_800.jpg","og:image:secure_url":"https:\/\/www.eldigitaldeasturias.com\/noticias\/wp-content\/uploads\/2013\/09\/carbon_20130920131909_800.jpg","og:image:width":750,"og:image:height":500,"article:tag":["actualidad asturias"],"article:published_time":"2016-09-08T12:43:32+00:00","article:modified_time":"2016-09-08T12:43:32+00:00","article:publisher":"https:\/\/facebook.com\/eldigitaldeasturias","twitter:card":"summary_large_image","twitter:title":"UGT y CCOO piden la \u00abconvocatoria urgente\u00bb de la Comisi\u00f3n de seguimiento de la miner\u00eda del carb\u00f3n - El Digital de Asturias","twitter:description":"UGT FICA y CCOO han enviado este jueves una misiva al Secretario de Estado de Energ\u00eda, Alberto Nadal, para solicitar la &quot;convocatoria urgente&quot; de la Comisi\u00f3n de Seguimiento de la Miner\u00eda del Carb\u00f3n. Ambos sindicatos se han marcado un plazo de 15 d\u00edas para recibir una respuesta positiva. En caso contrario, han advertido, se iniciar\u00eda","twitter:image":"https:\/\/www.eldigitaldeasturias.com\/noticias\/wp-content\/uploads\/2013\/09\/carbon_20130920131909_800.jpg","twitter:label1":"Escrito por","twitter:data1":"El Digital de Asturias","twitter:label2":"Tiempo de lectura estimado","twitter:data2":"1 minuto"},"aioseo_meta_data":{"post_id":"906451","title":null,"description":null,"keywords":null,"keyphrases":null,"primary_term":null,"canonical_url":null,"og_title":null,"og_description":null,"og_object_type":"default","og_image_type":"default","og_image_url":null,"og_image_width":null,"og_image_height":null,"og_image_custom_url":null,"og_image_custom_fields":null,"og_video":null,"og_custom_url":null,"og_article_section":null,"og_article_tags":null,"twitter_use_og":false,"twitter_card":"default","twitter_image_type":"default","twitter_image_url":null,"twitter_image_custom_url":null,"twitter_image_custom_fields":null,"twitter_title":null,"twitter_description":null,"schema":{"blockGraphs":[],"customGraphs":[],"default":{"data":{"Article":[],"Course":[],"Dataset":[],"FAQPage":[],"Movie":[],"Person":[],"Product":[],"ProductReview":[],"Car":[],"Recipe":[],"Service":[],"SoftwareApplication":[],"WebPage":[]},"graphName":"","isEnabled":true},"graphs":[],"defaultGraph":"","defaultPostTypeGraph":""},"schema_type":null,"schema_type_options":null,"pillar_content":false,"robots_default":true,"robots_noindex":false,"robots_noarchive":false,"robots_nosnippet":false,"robots_nofollow":false,"robots_noimageindex":false,"robots_noodp":false,"robots_notranslate":false,"robots_max_snippet":null,"robots_max_videopreview":null,"robots_max_imagepreview":"large","priority":null,"frequency":null,"local_seo":null,"seo_analyzer_scan_date":"2025-11-30 09:02:15","breadcrumb_settings":null,"limit_modified_date":false,"open_ai":null,"ai":null,"created":"2020-12-21 14:01:33","updated":"2025-11-30 09:02:15"},"aioseo_breadcrumb":"<div class=\"aioseo-breadcrumbs\"><span class=\"aioseo-breadcrumb\">\n\t<a href=\"https:\/\/www.eldigitaldeasturias.com\/noticias\" title=\"Home\">Home<\/a>\n<\/span><span class=\"aioseo-breadcrumb-separator\">\u2013<\/span><span class=\"aioseo-breadcrumb\">\n\t<a href=\"https:\/\/www.eldigitaldeasturias.com\/noticias\/category\/actualidad-asturias\/\" title=\"Actualidad Asturias\">Actualidad Asturias<\/a>\n<\/span><span class=\"aioseo-breadcrumb-separator\">\u2013<\/span><span class=\"aioseo-breadcrumb\">\n\t<a href=\"https:\/\/www.eldigitaldeasturias.com\/noticias\/ugt-y-ccoo-piden-la-convocatoria-urgente-de-la-comision-de-seguimiento-de-la-mineria-del-carbon\/\" title=\"UGT y CCOO piden la \u00abconvocatoria urgente\u00bb de la Comisi\u00f3n de seguimiento de la miner\u00eda del carb\u00f3n\">UGT y CCOO piden la \u00abconvocatoria urgente\u00bb de la Comisi\u00f3n de seguimiento de la miner\u00eda del carb\u00f3n<\/a>\n<\/span><\/div>","aioseo_breadcrumb_json":[{"label":"Home","link":"https:\/\/www.eldigitaldeasturias.com\/noticias"},{"label":"Actualidad Asturias","link":"https:\/\/www.eldigitaldeasturias.com\/noticias\/category\/actualidad-asturias\/"},{"label":"UGT y CCOO piden la \u00abconvocatoria urgente\u00bb de la Comisi\u00f3n de seguimiento de la miner\u00eda del carb\u00f3n","link":"https:\/\/www.eldigitaldeasturias.com\/noticias\/ugt-y-ccoo-piden-la-convocatoria-urgente-de-la-comision-de-seguimiento-de-la-mineria-del-carbon\/"}],"_links":{"self":[{"href":"https:\/\/www.eldigitaldeasturias.com\/noticias\/wp-json\/wp\/v2\/posts\/906451","targetHints":{"allow":["GET"]}}],"collection":[{"href":"https:\/\/www.eldigitaldeasturias.com\/noticias\/wp-json\/wp\/v2\/posts"}],"about":[{"href":"https:\/\/www.eldigitaldeasturias.com\/noticias\/wp-json\/wp\/v2\/types\/post"}],"author":[{"embeddable":true,"href":"https:\/\/www.eldigitaldeasturias.com\/noticias\/wp-json\/wp\/v2\/users\/1"}],"replies":[{"embeddable":true,"href":"https:\/\/www.eldigitaldeasturias.com\/noticias\/wp-json\/wp\/v2\/comments?post=906451"}],"version-history":[{"count":0,"href":"https:\/\/www.eldigitaldeasturias.com\/noticias\/wp-json\/wp\/v2\/posts\/906451\/revisions"}],"wp:featuredmedia":[{"embeddable":true,"href":"https:\/\/www.eldigitaldeasturias.com\/noticias\/wp-json\/wp\/v2\/media\/1018"}],"wp:attachment":[{"href":"https:\/\/www.eldigitaldeasturias.com\/noticias\/wp-json\/wp\/v2\/media?parent=906451"}],"wp:term":[{"taxonomy":"category","embeddable":true,"href":"https:\/\/www.eldigitaldeasturias.com\/noticias\/wp-json\/wp\/v2\/categories?post=906451"},{"taxonomy":"post_tag","embeddable":true,"href":"https:\/\/www.eldigitaldeasturias.com\/noticias\/wp-json\/wp\/v2\/tags?post=906451"}],"curies":[{"name":"wp","href":"https:\/\/api.w.org\/{rel}","templated":true}]}}