{"id":906448,"date":"2016-09-08T13:40:40","date_gmt":"2016-09-08T12:40:40","guid":{"rendered":"http:\/\/www.eldigitaldeasturias.com\/noticias\/?p=906448"},"modified":"2016-09-08T13:40:40","modified_gmt":"2016-09-08T12:40:40","slug":"nosotrs-promueve-la-ya-tradicional-marcha-jubilar-desde-guimaran-a-candas","status":"publish","type":"post","link":"https:\/\/www.eldigitaldeasturias.com\/noticias\/nosotrs-promueve-la-ya-tradicional-marcha-jubilar-desde-guimaran-a-candas\/","title":{"rendered":"\u201cNosotr@s\u201d promueve la ya tradicional marcha jubilar desde Guimar\u00e1n a Cand\u00e1s"},"content":{"rendered":"<p><img loading=\"lazy\" decoding=\"async\" class=\"alignleft size-medium wp-image-906449\" src=\"https:\/\/www.eldigitaldeasturias.com\/noticias\/wp-content\/uploads\/2016\/09\/primera_marcha-Guimar\u00e1n-Cand\u00e1s-de-las-Mujeres-Rurales-360x244.jpg\" alt=\"primera_marcha Guimar\u00e1n - Cand\u00e1s de las Mujeres Rurales\" width=\"360\" height=\"244\" srcset=\"https:\/\/www.eldigitaldeasturias.com\/noticias\/wp-content\/uploads\/2016\/09\/primera_marcha-Guimar\u00e1n-Cand\u00e1s-de-las-Mujeres-Rurales-360x244.jpg 360w, https:\/\/www.eldigitaldeasturias.com\/noticias\/wp-content\/uploads\/2016\/09\/primera_marcha-Guimar\u00e1n-Cand\u00e1s-de-las-Mujeres-Rurales-696x472.jpg 696w, https:\/\/www.eldigitaldeasturias.com\/noticias\/wp-content\/uploads\/2016\/09\/primera_marcha-Guimar\u00e1n-Cand\u00e1s-de-las-Mujeres-Rurales-1068x724.jpg 1068w, https:\/\/www.eldigitaldeasturias.com\/noticias\/wp-content\/uploads\/2016\/09\/primera_marcha-Guimar\u00e1n-Cand\u00e1s-de-las-Mujeres-Rurales-620x420.jpg 620w, https:\/\/www.eldigitaldeasturias.com\/noticias\/wp-content\/uploads\/2016\/09\/primera_marcha-Guimar\u00e1n-Cand\u00e1s-de-las-Mujeres-Rurales-768x521.jpg 768w, https:\/\/www.eldigitaldeasturias.com\/noticias\/wp-content\/uploads\/2016\/09\/primera_marcha-Guimar\u00e1n-Cand\u00e1s-de-las-Mujeres-Rurales-650x441.jpg 650w, https:\/\/www.eldigitaldeasturias.com\/noticias\/wp-content\/uploads\/2016\/09\/primera_marcha-Guimar\u00e1n-Cand\u00e1s-de-las-Mujeres-Rurales.jpg 1180w\" sizes=\"auto, (max-width: 360px) 100vw, 360px\" \/>La Asociaci\u00f3n de Mujeres rurales \u201c Nosotr@s\u201d, que preside Josefina Vega, promueve, un a\u00f1os m\u00e1s, la ya tradicional marcha jubilar desde Guimar\u00e1n a Cand\u00e1s.<\/p>\n<p>A trav\u00e9s de las redes sociales, en su perfil de Facebook, comunicaron a las socias que ya est\u00e1n listos los preparativos para la marcha que partir\u00e1 el pr\u00f3ximo Lunes, d\u00eda 12 de Septiembre a las 16:30 h. desde el Santuario de Nuestra Se\u00f1ora de los Remedios en Guimar\u00e1n.<\/p>\n<p>Una a\u00f1o m\u00e1s, participar\u00e1 en la misma la alcaldesa de Carre\u00f1o, Amelia Fern\u00e1ndez, socia fundadora de esta entidad asociativa del concejo.<\/p>\n<p>\u201cLa vida est\u00e1 llena de peque\u00f1as cosas y esas peque\u00f1as cosas dan paso a otras m\u00e1s grandes. Las mujeres del medio rural de Carre\u00f1o, saben que s\u00f3lo paso a paso llegan a conseguir sus objetivos, por eso nunca se paran \u201d \u2013 se\u00f1al\u00f3 la alcaldesa.<\/p>\n<p>\u201cLas doce parroquias de Carre\u00f1o se hallan representadas en esta asociaci\u00f3n, pues sus socias son mujeres que viven en todas las parroquias del concejo, once de ellas n\u00facleos rurales dispersos\u201d \u2013 prosigui\u00f3 la regidora.<\/p>\n<p>\u201cUno de los avances de la mayor significaci\u00f3n en el proceso de lucha por la igualdad y la equidad entre hombres y mujeres es el propio desarrollo del movimiento asociativo femenino y su capacidad de articulaci\u00f3n. La asociaci\u00f3n de mujeres rurales de Carre\u00f1o \u201c Nosotr@s\u201d es un claro ejemplo de ese avance en nuestro municipio. Con su trabajo, llevan 16 a\u00f1os, en el d\u00eda a d\u00eda, dando peque\u00f1os y grandes pasos, revalorizando de esta forma el trabajo de la mujer rural, mejorando la comunicaci\u00f3n con las Administraciones y otras asociaciones. \u201d &#8211; concluy\u00f3 Amelia Fern\u00e1ndez.<\/p>\n<p>\u201cNosotr@s\u201d fue la primera asociaci\u00f3n de mujeres legalmente constituida en el municipio de Carre\u00f1o, surgi\u00f3 casi a la par que el Ayuntamiento publicaba su I Plan de Igualdad de Oportunidades. Esta veterana asociaci\u00f3n cumple, junto con el resto de asociaciones que han ido surgiendo en los \u00faltimos a\u00f1os, un importante papel generando espacios para la interrelaci\u00f3n personal de las mujeres y aportando una serie de actividades que a su vez implican un refuerzo psicol\u00f3gico y emocional muy importarte para las socias. En la actualidad adem\u00e1s de la Comisi\u00f3n de Igualdad participan en las Comisiones de gesti\u00f3n de los Fondos europeos LEADER y FEMP.<\/p>\n<p>El pr\u00f3ximo lunes, a mitad del camino, en la zona de Arquiella ( Perlora) habilitar\u00e1n la zona de avituallamiento para facilitar agua a las participantes.<\/p>\n<p>La marcha contar\u00e1 con la asistencia de la ambulancia de Cruz Roja de la asamblea local de Carre\u00f1o. Recorrer\u00e1n el antiguo trazado de regreso a casa de les muyeres de la paxa, desde Guimar\u00e1n, ascender\u00e1n por la CE \u2013 3 para adentrarse en Perlora y de ah\u00ed hasta Cand\u00e1s por el Paseo Maritimo. Haciendo una parada ante la escultura de Ant\u00f3n, \u201c La Marinera\u201d donde realizar\u00e1n una foto de grupo para, como cada a\u00f1o, tener un recuerdo gr\u00e1fico de la expedici\u00f3n<\/p>\n<p>En Cand\u00e1s, ser\u00e1n recibidas por el Teniente Alcalde y otros ediles de la Corporaci\u00f3n de Carre\u00f1o<\/p>\n<p>Tras la foto de grupo merendar\u00e1n juntas en un establecimiento de Cand\u00e1s, para seguidamente, las que deseen acudir a la Novena del Cristo. Una vez concluida la novena regresar\u00e1n a sus domicilios en el transporte municipal que saldr\u00e1 de la parada de bus, m\u00e1s pr\u00f3xima a la iglesia de San F\u00e9lix de Cand\u00e1s.<\/p>\n<p>\u201c Participamos junto con el resto de asociaciones de mujeres de Carre\u00f1o en la Comisi\u00f3n de Seguimiento del Plan de Igualdad que elabor\u00f3 el Ayuntamiento. En este foro de participaci\u00f3n municipal desde el a\u00f1o 2000 venimos haciendo aportaciones. En \u00e9l se nos permite visibilizar las necesidades de las mujeres, conseguir que se diversifiquen las acciones formativas municipales llegando hasta la zona rural con programas y cursos tan novedosos como Reflexolog\u00eda Podal, Terapias Alternativas, Cursos de Alfabetizaci\u00f3n Digital, Internet aplicado al sector ganadero, etc&#8230;\u201d \u2013 se\u00f1al\u00f3 Josefina Vega, Presidenta de la Asociaci\u00f3n de Mujeres.<\/p>\n<p>\u201c Nuestros fines, tal y como se reflejan en los estatutos son los que siguen:<\/p>\n<p>\u2022 Informar a las mujeres del concejo sobre los servicios y recursos a los que pueden acceder.<br \/>\n\u2022 Fomentar la participaci\u00f3n de las mujeres rurales de Carre\u00f1o en todos los \u00e1mbitos de la sociedad desde la defensa a la igualdad de oportunidades.<br \/>\n\u2022 Promover y facilitar el acercamiento de la mujeres del medio rural a las nuevas tecnolog\u00edas y la sociedad de la informaci\u00f3n,<br \/>\n\u2022 Apoyar las iniciativas de mujeres emprendedoras del medio rural de Carre\u00f1o fomentando su participaci\u00f3n en el mercado de trabajo.<br \/>\n\u2022 Organizar actividades (talleres, charlas, jornadas,&#8230;) de sensibilizaci\u00f3n en Igualdad de Oportunidades en otras entidades asociativas del concejo, Centros de Ense\u00f1anza, Centros de Iniciativa Rural,&#8230; en las que se de a conocer la situaci\u00f3n desfavorable de las mujeres en los distintos \u00e1mbitos de la vida social.<br \/>\n\u2022 Promover el uso de un lenguaje no sexista.<br \/>\n\u2022 Desarrollar una labor de informaci\u00f3n, sensibilizaci\u00f3n y prevenci\u00f3n con respecto a la salud, y difusi\u00f3n de materiales divulgativos editados sobre estos temas por ejemplo los del Instituto de la Mujer, etc&#8230;<br \/>\n\u2022 Sensibilizar y favorecer la denuncia de las situaciones de violencia sufridas por ni\u00f1as y mujeres.<\/p>\n<p>\u00b7 Facilitar la incorporaci\u00f3n de las mujeres de Carre\u00f1o a la vida social y activa \u201c \u2013 a\u00f1adi\u00f3 Vega.<\/p>\n<p>\u201cEntre las actividades m\u00e1s entra\u00f1ables est\u00e1 esta marcha que hacemos, todos los a\u00f1os, en el mes de septiembre. Para ello la asociaci\u00f3n trabaja en la recuperaci\u00f3n de tradiciones antiguas como el recorrido conocido como el Cam\u00edn de la Paxa, una ruta que hac\u00edan de madrugada las antiguas sardineras que ven\u00edan de Cand\u00e1s para vender el pescado en el Font\u00e1n en Oviedo\u201d \u2013 concluy\u00f3 la Presidenta.<\/p>\n<p>&nbsp;<\/p>\n","protected":false},"excerpt":{"rendered":"<p>La Asociaci\u00f3n de Mujeres rurales \u201c Nosotr@s\u201d, que preside Josefina Vega, promueve, un a\u00f1os m\u00e1s, la ya tradicional marcha jubilar desde Guimar\u00e1n a Cand\u00e1s. A trav\u00e9s de las redes sociales, en su perfil de Facebook, comunicaron a las socias que ya est\u00e1n listos los preparativos para la marcha que partir\u00e1 el pr\u00f3ximo Lunes, d\u00eda 12 [&hellip;]<\/p>\n","protected":false},"author":1,"featured_media":906449,"comment_status":"closed","ping_status":"closed","sticky":false,"template":"","format":"standard","meta":{"footnotes":""},"categories":[12],"tags":[],"class_list":["post-906448","post","type-post","status-publish","format-standard","has-post-thumbnail","hentry","category-actualidad-asturias"],"aioseo_notices":[],"aioseo_head":"\n\t\t<!-- All in One SEO Pro 4.9.6.2 - aioseo.com -->\n\t<meta name=\"description\" content=\"La Asociaci\u00f3n de Mujeres rurales \u201c Nosotr@s\u201d, que preside Josefina Vega, promueve, un a\u00f1os m\u00e1s, la ya tradicional marcha jubilar desde Guimar\u00e1n a Cand\u00e1s. A trav\u00e9s de las redes sociales, en su perfil de Facebook, comunicaron a las socias que ya est\u00e1n listos los preparativos para la marcha que partir\u00e1 el pr\u00f3ximo Lunes, d\u00eda 12\" \/>\n\t<meta name=\"robots\" content=\"max-image-preview:large\" \/>\n\t<meta name=\"author\" content=\"El Digital de Asturias\"\/>\n\t<meta name=\"google-site-verification\" content=\"UA-38556648-1\" \/>\n\t<meta name=\"msvalidate.01\" content=\"7dfe9f3f1b24437ab69f4f2559babe99\" \/>\n\t<meta name=\"keywords\" content=\"actualidad asturias\" \/>\n\t<link rel=\"canonical\" href=\"https:\/\/www.eldigitaldeasturias.com\/noticias\/nosotrs-promueve-la-ya-tradicional-marcha-jubilar-desde-guimaran-a-candas\/\" \/>\n\t<meta name=\"generator\" content=\"All in One SEO Pro (AIOSEO) 4.9.6.2\" \/>\n\t\t<meta property=\"og:locale\" content=\"es_ES\" \/>\n\t\t<meta property=\"og:site_name\" content=\"El Digital de Asturias\" \/>\n\t\t<meta property=\"og:type\" content=\"article\" \/>\n\t\t<meta property=\"og:title\" content=\"\u201cNosotr@s\u201d promueve la ya tradicional marcha jubilar desde Guimar\u00e1n a Cand\u00e1s - El Digital de Asturias\" \/>\n\t\t<meta property=\"og:description\" content=\"La Asociaci\u00f3n de Mujeres rurales \u201c Nosotr@s\u201d, que preside Josefina Vega, promueve, un a\u00f1os m\u00e1s, la ya tradicional marcha jubilar desde Guimar\u00e1n a Cand\u00e1s. A trav\u00e9s de las redes sociales, en su perfil de Facebook, comunicaron a las socias que ya est\u00e1n listos los preparativos para la marcha que partir\u00e1 el pr\u00f3ximo Lunes, d\u00eda 12\" \/>\n\t\t<meta property=\"og:url\" content=\"https:\/\/www.eldigitaldeasturias.com\/noticias\/nosotrs-promueve-la-ya-tradicional-marcha-jubilar-desde-guimaran-a-candas\/\" \/>\n\t\t<meta property=\"og:image\" content=\"https:\/\/www.eldigitaldeasturias.com\/noticias\/wp-content\/uploads\/2016\/09\/primera_marcha-Guimar\u00e1n-Cand\u00e1s-de-las-Mujeres-Rurales.jpg\" \/>\n\t\t<meta property=\"og:image:secure_url\" content=\"https:\/\/www.eldigitaldeasturias.com\/noticias\/wp-content\/uploads\/2016\/09\/primera_marcha-Guimar\u00e1n-Cand\u00e1s-de-las-Mujeres-Rurales.jpg\" \/>\n\t\t<meta property=\"og:image:width\" content=\"1180\" \/>\n\t\t<meta property=\"og:image:height\" content=\"800\" \/>\n\t\t<meta property=\"article:tag\" content=\"actualidad asturias\" \/>\n\t\t<meta property=\"article:published_time\" content=\"2016-09-08T12:40:40+00:00\" \/>\n\t\t<meta property=\"article:modified_time\" content=\"2016-09-08T12:40:40+00:00\" \/>\n\t\t<meta property=\"article:publisher\" content=\"https:\/\/facebook.com\/eldigitaldeasturias\" \/>\n\t\t<meta name=\"twitter:card\" content=\"summary_large_image\" \/>\n\t\t<meta name=\"twitter:title\" content=\"\u201cNosotr@s\u201d promueve la ya tradicional marcha jubilar desde Guimar\u00e1n a Cand\u00e1s - El Digital de Asturias\" \/>\n\t\t<meta name=\"twitter:description\" content=\"La Asociaci\u00f3n de Mujeres rurales \u201c Nosotr@s\u201d, que preside Josefina Vega, promueve, un a\u00f1os m\u00e1s, la ya tradicional marcha jubilar desde Guimar\u00e1n a Cand\u00e1s. A trav\u00e9s de las redes sociales, en su perfil de Facebook, comunicaron a las socias que ya est\u00e1n listos los preparativos para la marcha que partir\u00e1 el pr\u00f3ximo Lunes, d\u00eda 12\" \/>\n\t\t<meta name=\"twitter:image\" content=\"https:\/\/www.eldigitaldeasturias.com\/noticias\/wp-content\/uploads\/2016\/09\/primera_marcha-Guimar\u00e1n-Cand\u00e1s-de-las-Mujeres-Rurales.jpg\" \/>\n\t\t<meta name=\"twitter:label1\" content=\"Escrito por\" \/>\n\t\t<meta name=\"twitter:data1\" content=\"El Digital de Asturias\" \/>\n\t\t<meta name=\"twitter:label2\" content=\"Tiempo de lectura estimado\" \/>\n\t\t<meta name=\"twitter:data2\" content=\"5 minutos\" \/>\n\t\t<script type=\"application\/ld+json\" class=\"aioseo-schema\">\n\t\t\t{\"@context\":\"https:\\\/\\\/schema.org\",\"@graph\":[{\"@type\":\"BlogPosting\",\"@id\":\"https:\\\/\\\/www.eldigitaldeasturias.com\\\/noticias\\\/nosotrs-promueve-la-ya-tradicional-marcha-jubilar-desde-guimaran-a-candas\\\/#blogposting\",\"name\":\"\\u201cNosotr@s\\u201d promueve la ya tradicional marcha jubilar desde Guimar\\u00e1n a Cand\\u00e1s - El Digital de Asturias\",\"headline\":\"\\u201cNosotr@s\\u201d promueve la ya tradicional marcha jubilar desde Guimar\\u00e1n a Cand\\u00e1s\",\"author\":{\"@id\":\"https:\\\/\\\/www.eldigitaldeasturias.com\\\/noticias\\\/author\\\/admin\\\/#author\"},\"publisher\":{\"@id\":\"https:\\\/\\\/www.eldigitaldeasturias.com\\\/noticias\\\/#organization\"},\"image\":{\"@type\":\"ImageObject\",\"url\":\"https:\\\/\\\/www.eldigitaldeasturias.com\\\/noticias\\\/wp-content\\\/uploads\\\/2016\\\/09\\\/primera_marcha-Guimar\\u00e1n-Cand\\u00e1s-de-las-Mujeres-Rurales.jpg\",\"width\":1180,\"height\":800},\"datePublished\":\"2016-09-08T13:40:40+02:00\",\"dateModified\":\"2016-09-08T13:40:40+02:00\",\"inLanguage\":\"es-ES\",\"mainEntityOfPage\":{\"@id\":\"https:\\\/\\\/www.eldigitaldeasturias.com\\\/noticias\\\/nosotrs-promueve-la-ya-tradicional-marcha-jubilar-desde-guimaran-a-candas\\\/#webpage\"},\"isPartOf\":{\"@id\":\"https:\\\/\\\/www.eldigitaldeasturias.com\\\/noticias\\\/nosotrs-promueve-la-ya-tradicional-marcha-jubilar-desde-guimaran-a-candas\\\/#webpage\"},\"articleSection\":\"Actualidad Asturias\"},{\"@type\":\"BreadcrumbList\",\"@id\":\"https:\\\/\\\/www.eldigitaldeasturias.com\\\/noticias\\\/nosotrs-promueve-la-ya-tradicional-marcha-jubilar-desde-guimaran-a-candas\\\/#breadcrumblist\",\"itemListElement\":[{\"@type\":\"ListItem\",\"@id\":\"https:\\\/\\\/www.eldigitaldeasturias.com\\\/noticias#listItem\",\"position\":1,\"name\":\"Home\",\"item\":\"https:\\\/\\\/www.eldigitaldeasturias.com\\\/noticias\",\"nextItem\":{\"@type\":\"ListItem\",\"@id\":\"https:\\\/\\\/www.eldigitaldeasturias.com\\\/noticias\\\/category\\\/actualidad-asturias\\\/#listItem\",\"name\":\"Actualidad Asturias\"}},{\"@type\":\"ListItem\",\"@id\":\"https:\\\/\\\/www.eldigitaldeasturias.com\\\/noticias\\\/category\\\/actualidad-asturias\\\/#listItem\",\"position\":2,\"name\":\"Actualidad Asturias\",\"item\":\"https:\\\/\\\/www.eldigitaldeasturias.com\\\/noticias\\\/category\\\/actualidad-asturias\\\/\",\"nextItem\":{\"@type\":\"ListItem\",\"@id\":\"https:\\\/\\\/www.eldigitaldeasturias.com\\\/noticias\\\/nosotrs-promueve-la-ya-tradicional-marcha-jubilar-desde-guimaran-a-candas\\\/#listItem\",\"name\":\"\\u201cNosotr@s\\u201d promueve la ya tradicional marcha jubilar desde Guimar\\u00e1n a Cand\\u00e1s\"},\"previousItem\":{\"@type\":\"ListItem\",\"@id\":\"https:\\\/\\\/www.eldigitaldeasturias.com\\\/noticias#listItem\",\"name\":\"Home\"}},{\"@type\":\"ListItem\",\"@id\":\"https:\\\/\\\/www.eldigitaldeasturias.com\\\/noticias\\\/nosotrs-promueve-la-ya-tradicional-marcha-jubilar-desde-guimaran-a-candas\\\/#listItem\",\"position\":3,\"name\":\"\\u201cNosotr@s\\u201d promueve la ya tradicional marcha jubilar desde Guimar\\u00e1n a Cand\\u00e1s\",\"previousItem\":{\"@type\":\"ListItem\",\"@id\":\"https:\\\/\\\/www.eldigitaldeasturias.com\\\/noticias\\\/category\\\/actualidad-asturias\\\/#listItem\",\"name\":\"Actualidad Asturias\"}}]},{\"@type\":\"Organization\",\"@id\":\"https:\\\/\\\/www.eldigitaldeasturias.com\\\/noticias\\\/#organization\",\"name\":\"El Digital de Asturias\",\"description\":\"Hemeroteca\",\"url\":\"https:\\\/\\\/www.eldigitaldeasturias.com\\\/noticias\\\/\",\"email\":\"info@eldigitaldeasturias.com\",\"telephone\":\"+34652131393\",\"logo\":{\"@type\":\"ImageObject\",\"url\":\"https:\\\/\\\/www.eldigitaldeasturias.com\\\/noticias\\\/wp-content\\\/uploads\\\/2020\\\/12\\\/EDA.jpg\",\"@id\":\"https:\\\/\\\/www.eldigitaldeasturias.com\\\/noticias\\\/nosotrs-promueve-la-ya-tradicional-marcha-jubilar-desde-guimaran-a-candas\\\/#organizationLogo\",\"width\":649,\"height\":297},\"image\":{\"@id\":\"https:\\\/\\\/www.eldigitaldeasturias.com\\\/noticias\\\/nosotrs-promueve-la-ya-tradicional-marcha-jubilar-desde-guimaran-a-candas\\\/#organizationLogo\"},\"sameAs\":[\"https:\\\/\\\/facebook.com\\\/eldigitaldeasturias\",\"https:\\\/\\\/www.youtube.com\\\/channel\\\/UCZP-2wLEB9Rv6erhFmqVnvg\"],\"address\":{\"@id\":\"https:\\\/\\\/www.eldigitaldeasturias.com\\\/noticias\\\/#postaladdress\",\"@type\":\"PostalAddress\",\"streetAddress\":\"san antonio 4,\",\"postalCode\":\"33430\",\"addressLocality\":\"Cand\\u00e1s\",\"addressRegion\":\"Asturias\",\"addressCountry\":\"ES\"}},{\"@type\":\"Person\",\"@id\":\"https:\\\/\\\/www.eldigitaldeasturias.com\\\/noticias\\\/author\\\/admin\\\/#author\",\"url\":\"https:\\\/\\\/www.eldigitaldeasturias.com\\\/noticias\\\/author\\\/admin\\\/\",\"name\":\"El Digital de Asturias\",\"image\":{\"@type\":\"ImageObject\",\"@id\":\"https:\\\/\\\/www.eldigitaldeasturias.com\\\/noticias\\\/nosotrs-promueve-la-ya-tradicional-marcha-jubilar-desde-guimaran-a-candas\\\/#authorImage\",\"url\":\"https:\\\/\\\/www.eldigitaldeasturias.com\\\/noticias\\\/wp-content\\\/litespeed\\\/avatar\\\/18677e78aa0546b92d9dbf31ec7d7668.jpg?ver=1776685526\",\"width\":96,\"height\":96,\"caption\":\"El Digital de Asturias\"}},{\"@type\":\"WebPage\",\"@id\":\"https:\\\/\\\/www.eldigitaldeasturias.com\\\/noticias\\\/nosotrs-promueve-la-ya-tradicional-marcha-jubilar-desde-guimaran-a-candas\\\/#webpage\",\"url\":\"https:\\\/\\\/www.eldigitaldeasturias.com\\\/noticias\\\/nosotrs-promueve-la-ya-tradicional-marcha-jubilar-desde-guimaran-a-candas\\\/\",\"name\":\"\\u201cNosotr@s\\u201d promueve la ya tradicional marcha jubilar desde Guimar\\u00e1n a Cand\\u00e1s - El Digital de Asturias\",\"description\":\"La Asociaci\\u00f3n de Mujeres rurales \\u201c Nosotr@s\\u201d, que preside Josefina Vega, promueve, un a\\u00f1os m\\u00e1s, la ya tradicional marcha jubilar desde Guimar\\u00e1n a Cand\\u00e1s. A trav\\u00e9s de las redes sociales, en su perfil de Facebook, comunicaron a las socias que ya est\\u00e1n listos los preparativos para la marcha que partir\\u00e1 el pr\\u00f3ximo Lunes, d\\u00eda 12\",\"inLanguage\":\"es-ES\",\"isPartOf\":{\"@id\":\"https:\\\/\\\/www.eldigitaldeasturias.com\\\/noticias\\\/#website\"},\"breadcrumb\":{\"@id\":\"https:\\\/\\\/www.eldigitaldeasturias.com\\\/noticias\\\/nosotrs-promueve-la-ya-tradicional-marcha-jubilar-desde-guimaran-a-candas\\\/#breadcrumblist\"},\"author\":{\"@id\":\"https:\\\/\\\/www.eldigitaldeasturias.com\\\/noticias\\\/author\\\/admin\\\/#author\"},\"creator\":{\"@id\":\"https:\\\/\\\/www.eldigitaldeasturias.com\\\/noticias\\\/author\\\/admin\\\/#author\"},\"image\":{\"@type\":\"ImageObject\",\"url\":\"https:\\\/\\\/www.eldigitaldeasturias.com\\\/noticias\\\/wp-content\\\/uploads\\\/2016\\\/09\\\/primera_marcha-Guimar\\u00e1n-Cand\\u00e1s-de-las-Mujeres-Rurales.jpg\",\"@id\":\"https:\\\/\\\/www.eldigitaldeasturias.com\\\/noticias\\\/nosotrs-promueve-la-ya-tradicional-marcha-jubilar-desde-guimaran-a-candas\\\/#mainImage\",\"width\":1180,\"height\":800},\"primaryImageOfPage\":{\"@id\":\"https:\\\/\\\/www.eldigitaldeasturias.com\\\/noticias\\\/nosotrs-promueve-la-ya-tradicional-marcha-jubilar-desde-guimaran-a-candas\\\/#mainImage\"},\"datePublished\":\"2016-09-08T13:40:40+02:00\",\"dateModified\":\"2016-09-08T13:40:40+02:00\"},{\"@type\":\"WebSite\",\"@id\":\"https:\\\/\\\/www.eldigitaldeasturias.com\\\/noticias\\\/#website\",\"url\":\"https:\\\/\\\/www.eldigitaldeasturias.com\\\/noticias\\\/\",\"name\":\"El Digital de Asturias - Diario de actualidad y noticias\",\"alternateName\":\"El Digital de Asturias - Diario de actualidad y noticias\",\"description\":\"Hemeroteca\",\"inLanguage\":\"es-ES\",\"publisher\":{\"@id\":\"https:\\\/\\\/www.eldigitaldeasturias.com\\\/noticias\\\/#organization\"}}]}\n\t\t<\/script>\n\t\t<!-- All in One SEO Pro -->\r\n\t\t<title>\u201cNosotr@s\u201d promueve la ya tradicional marcha jubilar desde Guimar\u00e1n a Cand\u00e1s - El Digital de Asturias<\/title>\n\n","aioseo_head_json":{"title":"\u201cNosotr@s\u201d promueve la ya tradicional marcha jubilar desde Guimar\u00e1n a Cand\u00e1s - El Digital de Asturias","description":"La Asociaci\u00f3n de Mujeres rurales \u201c Nosotr@s\u201d, que preside Josefina Vega, promueve, un a\u00f1os m\u00e1s, la ya tradicional marcha jubilar desde Guimar\u00e1n a Cand\u00e1s. A trav\u00e9s de las redes sociales, en su perfil de Facebook, comunicaron a las socias que ya est\u00e1n listos los preparativos para la marcha que partir\u00e1 el pr\u00f3ximo Lunes, d\u00eda 12","canonical_url":"https:\/\/www.eldigitaldeasturias.com\/noticias\/nosotrs-promueve-la-ya-tradicional-marcha-jubilar-desde-guimaran-a-candas\/","robots":"max-image-preview:large","keywords":"actualidad asturias","webmasterTools":{"google-site-verification":"UA-38556648-1","msvalidate.01":"7dfe9f3f1b24437ab69f4f2559babe99","miscellaneous":""},"schema":{"@context":"https:\/\/schema.org","@graph":[{"@type":"BlogPosting","@id":"https:\/\/www.eldigitaldeasturias.com\/noticias\/nosotrs-promueve-la-ya-tradicional-marcha-jubilar-desde-guimaran-a-candas\/#blogposting","name":"\u201cNosotr@s\u201d promueve la ya tradicional marcha jubilar desde Guimar\u00e1n a Cand\u00e1s - El Digital de Asturias","headline":"\u201cNosotr@s\u201d promueve la ya tradicional marcha jubilar desde Guimar\u00e1n a Cand\u00e1s","author":{"@id":"https:\/\/www.eldigitaldeasturias.com\/noticias\/author\/admin\/#author"},"publisher":{"@id":"https:\/\/www.eldigitaldeasturias.com\/noticias\/#organization"},"image":{"@type":"ImageObject","url":"https:\/\/www.eldigitaldeasturias.com\/noticias\/wp-content\/uploads\/2016\/09\/primera_marcha-Guimar\u00e1n-Cand\u00e1s-de-las-Mujeres-Rurales.jpg","width":1180,"height":800},"datePublished":"2016-09-08T13:40:40+02:00","dateModified":"2016-09-08T13:40:40+02:00","inLanguage":"es-ES","mainEntityOfPage":{"@id":"https:\/\/www.eldigitaldeasturias.com\/noticias\/nosotrs-promueve-la-ya-tradicional-marcha-jubilar-desde-guimaran-a-candas\/#webpage"},"isPartOf":{"@id":"https:\/\/www.eldigitaldeasturias.com\/noticias\/nosotrs-promueve-la-ya-tradicional-marcha-jubilar-desde-guimaran-a-candas\/#webpage"},"articleSection":"Actualidad Asturias"},{"@type":"BreadcrumbList","@id":"https:\/\/www.eldigitaldeasturias.com\/noticias\/nosotrs-promueve-la-ya-tradicional-marcha-jubilar-desde-guimaran-a-candas\/#breadcrumblist","itemListElement":[{"@type":"ListItem","@id":"https:\/\/www.eldigitaldeasturias.com\/noticias#listItem","position":1,"name":"Home","item":"https:\/\/www.eldigitaldeasturias.com\/noticias","nextItem":{"@type":"ListItem","@id":"https:\/\/www.eldigitaldeasturias.com\/noticias\/category\/actualidad-asturias\/#listItem","name":"Actualidad Asturias"}},{"@type":"ListItem","@id":"https:\/\/www.eldigitaldeasturias.com\/noticias\/category\/actualidad-asturias\/#listItem","position":2,"name":"Actualidad Asturias","item":"https:\/\/www.eldigitaldeasturias.com\/noticias\/category\/actualidad-asturias\/","nextItem":{"@type":"ListItem","@id":"https:\/\/www.eldigitaldeasturias.com\/noticias\/nosotrs-promueve-la-ya-tradicional-marcha-jubilar-desde-guimaran-a-candas\/#listItem","name":"\u201cNosotr@s\u201d promueve la ya tradicional marcha jubilar desde Guimar\u00e1n a Cand\u00e1s"},"previousItem":{"@type":"ListItem","@id":"https:\/\/www.eldigitaldeasturias.com\/noticias#listItem","name":"Home"}},{"@type":"ListItem","@id":"https:\/\/www.eldigitaldeasturias.com\/noticias\/nosotrs-promueve-la-ya-tradicional-marcha-jubilar-desde-guimaran-a-candas\/#listItem","position":3,"name":"\u201cNosotr@s\u201d promueve la ya tradicional marcha jubilar desde Guimar\u00e1n a Cand\u00e1s","previousItem":{"@type":"ListItem","@id":"https:\/\/www.eldigitaldeasturias.com\/noticias\/category\/actualidad-asturias\/#listItem","name":"Actualidad Asturias"}}]},{"@type":"Organization","@id":"https:\/\/www.eldigitaldeasturias.com\/noticias\/#organization","name":"El Digital de Asturias","description":"Hemeroteca","url":"https:\/\/www.eldigitaldeasturias.com\/noticias\/","email":"info@eldigitaldeasturias.com","telephone":"+34652131393","logo":{"@type":"ImageObject","url":"https:\/\/www.eldigitaldeasturias.com\/noticias\/wp-content\/uploads\/2020\/12\/EDA.jpg","@id":"https:\/\/www.eldigitaldeasturias.com\/noticias\/nosotrs-promueve-la-ya-tradicional-marcha-jubilar-desde-guimaran-a-candas\/#organizationLogo","width":649,"height":297},"image":{"@id":"https:\/\/www.eldigitaldeasturias.com\/noticias\/nosotrs-promueve-la-ya-tradicional-marcha-jubilar-desde-guimaran-a-candas\/#organizationLogo"},"sameAs":["https:\/\/facebook.com\/eldigitaldeasturias","https:\/\/www.youtube.com\/channel\/UCZP-2wLEB9Rv6erhFmqVnvg"],"address":{"@id":"https:\/\/www.eldigitaldeasturias.com\/noticias\/#postaladdress","@type":"PostalAddress","streetAddress":"san antonio 4,","postalCode":"33430","addressLocality":"Cand\u00e1s","addressRegion":"Asturias","addressCountry":"ES"}},{"@type":"Person","@id":"https:\/\/www.eldigitaldeasturias.com\/noticias\/author\/admin\/#author","url":"https:\/\/www.eldigitaldeasturias.com\/noticias\/author\/admin\/","name":"El Digital de Asturias","image":{"@type":"ImageObject","@id":"https:\/\/www.eldigitaldeasturias.com\/noticias\/nosotrs-promueve-la-ya-tradicional-marcha-jubilar-desde-guimaran-a-candas\/#authorImage","url":"https:\/\/www.eldigitaldeasturias.com\/noticias\/wp-content\/litespeed\/avatar\/18677e78aa0546b92d9dbf31ec7d7668.jpg?ver=1776685526","width":96,"height":96,"caption":"El Digital de Asturias"}},{"@type":"WebPage","@id":"https:\/\/www.eldigitaldeasturias.com\/noticias\/nosotrs-promueve-la-ya-tradicional-marcha-jubilar-desde-guimaran-a-candas\/#webpage","url":"https:\/\/www.eldigitaldeasturias.com\/noticias\/nosotrs-promueve-la-ya-tradicional-marcha-jubilar-desde-guimaran-a-candas\/","name":"\u201cNosotr@s\u201d promueve la ya tradicional marcha jubilar desde Guimar\u00e1n a Cand\u00e1s - El Digital de Asturias","description":"La Asociaci\u00f3n de Mujeres rurales \u201c Nosotr@s\u201d, que preside Josefina Vega, promueve, un a\u00f1os m\u00e1s, la ya tradicional marcha jubilar desde Guimar\u00e1n a Cand\u00e1s. A trav\u00e9s de las redes sociales, en su perfil de Facebook, comunicaron a las socias que ya est\u00e1n listos los preparativos para la marcha que partir\u00e1 el pr\u00f3ximo Lunes, d\u00eda 12","inLanguage":"es-ES","isPartOf":{"@id":"https:\/\/www.eldigitaldeasturias.com\/noticias\/#website"},"breadcrumb":{"@id":"https:\/\/www.eldigitaldeasturias.com\/noticias\/nosotrs-promueve-la-ya-tradicional-marcha-jubilar-desde-guimaran-a-candas\/#breadcrumblist"},"author":{"@id":"https:\/\/www.eldigitaldeasturias.com\/noticias\/author\/admin\/#author"},"creator":{"@id":"https:\/\/www.eldigitaldeasturias.com\/noticias\/author\/admin\/#author"},"image":{"@type":"ImageObject","url":"https:\/\/www.eldigitaldeasturias.com\/noticias\/wp-content\/uploads\/2016\/09\/primera_marcha-Guimar\u00e1n-Cand\u00e1s-de-las-Mujeres-Rurales.jpg","@id":"https:\/\/www.eldigitaldeasturias.com\/noticias\/nosotrs-promueve-la-ya-tradicional-marcha-jubilar-desde-guimaran-a-candas\/#mainImage","width":1180,"height":800},"primaryImageOfPage":{"@id":"https:\/\/www.eldigitaldeasturias.com\/noticias\/nosotrs-promueve-la-ya-tradicional-marcha-jubilar-desde-guimaran-a-candas\/#mainImage"},"datePublished":"2016-09-08T13:40:40+02:00","dateModified":"2016-09-08T13:40:40+02:00"},{"@type":"WebSite","@id":"https:\/\/www.eldigitaldeasturias.com\/noticias\/#website","url":"https:\/\/www.eldigitaldeasturias.com\/noticias\/","name":"El Digital de Asturias - Diario de actualidad y noticias","alternateName":"El Digital de Asturias - Diario de actualidad y noticias","description":"Hemeroteca","inLanguage":"es-ES","publisher":{"@id":"https:\/\/www.eldigitaldeasturias.com\/noticias\/#organization"}}]},"og:locale":"es_ES","og:site_name":"El Digital de Asturias","og:type":"article","og:title":"\u201cNosotr@s\u201d promueve la ya tradicional marcha jubilar desde Guimar\u00e1n a Cand\u00e1s - El Digital de Asturias","og:description":"La Asociaci\u00f3n de Mujeres rurales \u201c Nosotr@s\u201d, que preside Josefina Vega, promueve, un a\u00f1os m\u00e1s, la ya tradicional marcha jubilar desde Guimar\u00e1n a Cand\u00e1s. A trav\u00e9s de las redes sociales, en su perfil de Facebook, comunicaron a las socias que ya est\u00e1n listos los preparativos para la marcha que partir\u00e1 el pr\u00f3ximo Lunes, d\u00eda 12","og:url":"https:\/\/www.eldigitaldeasturias.com\/noticias\/nosotrs-promueve-la-ya-tradicional-marcha-jubilar-desde-guimaran-a-candas\/","og:image":"https:\/\/www.eldigitaldeasturias.com\/noticias\/wp-content\/uploads\/2016\/09\/primera_marcha-Guimar\u00e1n-Cand\u00e1s-de-las-Mujeres-Rurales.jpg","og:image:secure_url":"https:\/\/www.eldigitaldeasturias.com\/noticias\/wp-content\/uploads\/2016\/09\/primera_marcha-Guimar\u00e1n-Cand\u00e1s-de-las-Mujeres-Rurales.jpg","og:image:width":1180,"og:image:height":800,"article:tag":["actualidad asturias"],"article:published_time":"2016-09-08T12:40:40+00:00","article:modified_time":"2016-09-08T12:40:40+00:00","article:publisher":"https:\/\/facebook.com\/eldigitaldeasturias","twitter:card":"summary_large_image","twitter:title":"\u201cNosotr@s\u201d promueve la ya tradicional marcha jubilar desde Guimar\u00e1n a Cand\u00e1s - El Digital de Asturias","twitter:description":"La Asociaci\u00f3n de Mujeres rurales \u201c Nosotr@s\u201d, que preside Josefina Vega, promueve, un a\u00f1os m\u00e1s, la ya tradicional marcha jubilar desde Guimar\u00e1n a Cand\u00e1s. A trav\u00e9s de las redes sociales, en su perfil de Facebook, comunicaron a las socias que ya est\u00e1n listos los preparativos para la marcha que partir\u00e1 el pr\u00f3ximo Lunes, d\u00eda 12","twitter:image":"https:\/\/www.eldigitaldeasturias.com\/noticias\/wp-content\/uploads\/2016\/09\/primera_marcha-Guimar\u00e1n-Cand\u00e1s-de-las-Mujeres-Rurales.jpg","twitter:label1":"Escrito por","twitter:data1":"El Digital de Asturias","twitter:label2":"Tiempo de lectura estimado","twitter:data2":"5 minutos"},"aioseo_meta_data":{"post_id":"906448","title":null,"description":null,"keywords":null,"keyphrases":null,"primary_term":null,"canonical_url":null,"og_title":null,"og_description":null,"og_object_type":"default","og_image_type":"default","og_image_url":null,"og_image_width":null,"og_image_height":null,"og_image_custom_url":null,"og_image_custom_fields":null,"og_video":null,"og_custom_url":null,"og_article_section":null,"og_article_tags":null,"twitter_use_og":false,"twitter_card":"default","twitter_image_type":"default","twitter_image_url":null,"twitter_image_custom_url":null,"twitter_image_custom_fields":null,"twitter_title":null,"twitter_description":null,"schema":{"blockGraphs":[],"customGraphs":[],"default":{"data":{"Article":[],"Course":[],"Dataset":[],"FAQPage":[],"Movie":[],"Person":[],"Product":[],"ProductReview":[],"Car":[],"Recipe":[],"Service":[],"SoftwareApplication":[],"WebPage":[]},"graphName":"","isEnabled":true},"graphs":[],"defaultGraph":"","defaultPostTypeGraph":""},"schema_type":null,"schema_type_options":null,"pillar_content":false,"robots_default":true,"robots_noindex":false,"robots_noarchive":false,"robots_nosnippet":false,"robots_nofollow":false,"robots_noimageindex":false,"robots_noodp":false,"robots_notranslate":false,"robots_max_snippet":null,"robots_max_videopreview":null,"robots_max_imagepreview":"large","priority":null,"frequency":null,"local_seo":null,"seo_analyzer_scan_date":"2025-11-30 09:02:15","breadcrumb_settings":null,"limit_modified_date":false,"open_ai":null,"ai":null,"created":"2020-12-21 14:01:33","updated":"2025-11-30 09:02:15"},"aioseo_breadcrumb":"<div class=\"aioseo-breadcrumbs\"><span class=\"aioseo-breadcrumb\">\n\t<a href=\"https:\/\/www.eldigitaldeasturias.com\/noticias\" title=\"Home\">Home<\/a>\n<\/span><span class=\"aioseo-breadcrumb-separator\">\u2013<\/span><span class=\"aioseo-breadcrumb\">\n\t<a href=\"https:\/\/www.eldigitaldeasturias.com\/noticias\/category\/actualidad-asturias\/\" title=\"Actualidad Asturias\">Actualidad Asturias<\/a>\n<\/span><span class=\"aioseo-breadcrumb-separator\">\u2013<\/span><span class=\"aioseo-breadcrumb\">\n\t<a href=\"https:\/\/www.eldigitaldeasturias.com\/noticias\/nosotrs-promueve-la-ya-tradicional-marcha-jubilar-desde-guimaran-a-candas\/\" title=\"\u201cNosotr@s\u201d promueve la ya tradicional marcha jubilar desde Guimar\u00e1n a Cand\u00e1s\">\u201cNosotr@s\u201d promueve la ya tradicional marcha jubilar desde Guimar\u00e1n a Cand\u00e1s<\/a>\n<\/span><\/div>","aioseo_breadcrumb_json":[{"label":"Home","link":"https:\/\/www.eldigitaldeasturias.com\/noticias"},{"label":"Actualidad Asturias","link":"https:\/\/www.eldigitaldeasturias.com\/noticias\/category\/actualidad-asturias\/"},{"label":"\u201cNosotr@s\u201d promueve la ya tradicional marcha jubilar desde Guimar\u00e1n a Cand\u00e1s","link":"https:\/\/www.eldigitaldeasturias.com\/noticias\/nosotrs-promueve-la-ya-tradicional-marcha-jubilar-desde-guimaran-a-candas\/"}],"_links":{"self":[{"href":"https:\/\/www.eldigitaldeasturias.com\/noticias\/wp-json\/wp\/v2\/posts\/906448","targetHints":{"allow":["GET"]}}],"collection":[{"href":"https:\/\/www.eldigitaldeasturias.com\/noticias\/wp-json\/wp\/v2\/posts"}],"about":[{"href":"https:\/\/www.eldigitaldeasturias.com\/noticias\/wp-json\/wp\/v2\/types\/post"}],"author":[{"embeddable":true,"href":"https:\/\/www.eldigitaldeasturias.com\/noticias\/wp-json\/wp\/v2\/users\/1"}],"replies":[{"embeddable":true,"href":"https:\/\/www.eldigitaldeasturias.com\/noticias\/wp-json\/wp\/v2\/comments?post=906448"}],"version-history":[{"count":0,"href":"https:\/\/www.eldigitaldeasturias.com\/noticias\/wp-json\/wp\/v2\/posts\/906448\/revisions"}],"wp:featuredmedia":[{"embeddable":true,"href":"https:\/\/www.eldigitaldeasturias.com\/noticias\/wp-json\/wp\/v2\/media\/906449"}],"wp:attachment":[{"href":"https:\/\/www.eldigitaldeasturias.com\/noticias\/wp-json\/wp\/v2\/media?parent=906448"}],"wp:term":[{"taxonomy":"category","embeddable":true,"href":"https:\/\/www.eldigitaldeasturias.com\/noticias\/wp-json\/wp\/v2\/categories?post=906448"},{"taxonomy":"post_tag","embeddable":true,"href":"https:\/\/www.eldigitaldeasturias.com\/noticias\/wp-json\/wp\/v2\/tags?post=906448"}],"curies":[{"name":"wp","href":"https:\/\/api.w.org\/{rel}","templated":true}]}}