{"id":906445,"date":"2016-09-08T13:36:01","date_gmt":"2016-09-08T12:36:01","guid":{"rendered":"http:\/\/www.eldigitaldeasturias.com\/noticias\/?p=906445"},"modified":"2016-09-08T13:36:01","modified_gmt":"2016-09-08T12:36:01","slug":"el-arzobispo-de-oviedo-menciona-el-conflicto-sirio-y-la-corrupcion-en-su-homilia-en-covadonga","status":"publish","type":"post","link":"https:\/\/www.eldigitaldeasturias.com\/noticias\/el-arzobispo-de-oviedo-menciona-el-conflicto-sirio-y-la-corrupcion-en-su-homilia-en-covadonga\/","title":{"rendered":"El Arzobispo de Oviedo menciona el conflicto sirio y la corrupci\u00f3n en su homil\u00eda en Covadonga"},"content":{"rendered":"<p><img loading=\"lazy\" decoding=\"async\" class=\"alignleft size-medium wp-image-906446\" src=\"https:\/\/www.eldigitaldeasturias.com\/noticias\/wp-content\/uploads\/2016\/09\/fotonoticia_20160908124143_800-360x232.jpg\" alt=\"fotonoticia_20160908124143_800\" width=\"360\" height=\"232\" srcset=\"https:\/\/www.eldigitaldeasturias.com\/noticias\/wp-content\/uploads\/2016\/09\/fotonoticia_20160908124143_800-360x232.jpg 360w, https:\/\/www.eldigitaldeasturias.com\/noticias\/wp-content\/uploads\/2016\/09\/fotonoticia_20160908124143_800-768x494.jpg 768w, https:\/\/www.eldigitaldeasturias.com\/noticias\/wp-content\/uploads\/2016\/09\/fotonoticia_20160908124143_800-650x418.jpg 650w, https:\/\/www.eldigitaldeasturias.com\/noticias\/wp-content\/uploads\/2016\/09\/fotonoticia_20160908124143_800-84x55.jpg 84w, https:\/\/www.eldigitaldeasturias.com\/noticias\/wp-content\/uploads\/2016\/09\/fotonoticia_20160908124143_800-49x32.jpg 49w, https:\/\/www.eldigitaldeasturias.com\/noticias\/wp-content\/uploads\/2016\/09\/fotonoticia_20160908124143_800.jpg 800w\" sizes=\"auto, (max-width: 360px) 100vw, 360px\" \/>El Arzobispo de Oviedo, Monse\u00f1or Jes\u00fas Sanz Montes, ha denunciado este jueves durante su homil\u00eda en la Festividad de la Virgen de Covadonga el terror del conflicto sirio y la corrupci\u00f3n pol\u00edtica, ambas \u00abincoherencias de una sociedad sin entra\u00f1as\u00bb.<\/p>\n<p>En el marco del D\u00eda de Asturias, el Arzobispo ha recordado en la Bas\u00edlica de Covadonga a dos ni\u00f1os, protagonistas uno de la guerra en Siria y otra del reciente terremoto sufrido en Amatrice (Italia). Son dos ni\u00f1os que, seg\u00fan ha afirmado, \u00abprotagonizan nuestras contradicciones y carencias\u00bb.<\/p>\n<p>En primer t\u00e9rmino se ha referido Sanz Montes al ni\u00f1o sirio Omran Daqneesh, un peque\u00f1o rescatado de un bombardeo en Alepo \u00abque se convirti\u00f3 en s\u00edmbolo del horror en Siria\u00bb, conmocionando al mundo occidental. \u00abParec\u00eda totalmente desorientado, sentado en una ambulancia solitaria como si hubiera ocupado una butaca para ver por fuera una pel\u00edcula de miedo, cuando el terror lo llevaba encima por los cuatro costados de su cuerpo\u00bb, ha recordado.<\/p>\n<p>Su mirada \u00abausente y ciega\u00bb, prosigui\u00f3 el Arzobispo, es la que hace ver \u00abel mundo absurdo que estamos construyendo y les estamos heredando\u00bb. \u00abTras un in\u00fatil bombardeo donde caen personas inocentes, queda manifiesto el absurdo de un guerra que no sirve para nada y para nadie\u00bb, ha aseverado.<\/p>\n<p>Tambi\u00e9n ha tenido palabras en recuerdo de la ni\u00f1a de ocho a\u00f1os hallada despu\u00e9s de 17 horas bajo los escombros en el terremoto de Amatrice, Giuliana. \u00abFue su silencio el que m\u00e1s nos gritaba, los labios de una ni\u00f1a que sin pronunciar palabra nos gritaron la incoherencia de una sociedad sin entra\u00f1a\u00bb, ha se\u00f1alado, en alusi\u00f3n a las informaciones que aseguraban que los pueblos arrasados por el terremoto hab\u00edan recibido dotaciones presupuestarias para construir edificios resistentes a los se\u00edsmos.<\/p>\n<p>\u00abTras una tragedia natural, aparecen las comedias de una corrupci\u00f3n pol\u00edtica y financiera que mercadea con la seguridad de unos edificios para sacar tajada haciendo el agosto en sus bolsillos, aunque en agosto se caiga la ciudad entera llev\u00e1ndose por delante tantas vidas humanas\u00bb, ha lamentado.<\/p>\n<p>Por otro lado, Sanz Montes se ha referido al a\u00f1o jubilar de la Misericordia, recordando a la Virgen Mar\u00eda como \u00abpuerta\u00bb de la misericordia. \u00abEn un mundo en el que cuenta mucho m\u00e1s lo que puede engordar unas arcas de codicia, o unas rentas electorales, o unas prebendas de poder, o una fr\u00edvola experiencia de placer, necesitamos que alguien nos recuerde no s\u00f3lo que estamos descentrados, desquiciados y perdidos, sino c\u00f3mo volver a lo que nos centra, nos concentra y nos encuentra en lo que es bondadoso, justo y bello\u00bb, ha manifestado.<\/p>\n<p>Con la celebraci\u00f3n de la eucarist\u00eda se pone fin adem\u00e1s a la Novena de la Santina de Covadonga, iniciada el pasado martes 30 de agosto, con el lema &#8216;Mar\u00eda, puerta de la misericordia&#8217;. Tras la misa, se producir\u00e1 la tradicional procesi\u00f3n con la imagen de la Virgen hasta la Santa Cueva. Este a\u00f1o, la ofrenda a la Santina, signo de comuni\u00f3n entre Covadonga y los concejos y parroquias de toda Asturias, correr\u00e1 a cargo del concejo de Bimenes.<\/p>\n<p>&nbsp;<\/p>\n","protected":false},"excerpt":{"rendered":"<p>El Arzobispo de Oviedo, Monse\u00f1or Jes\u00fas Sanz Montes, ha denunciado este jueves durante su homil\u00eda en la Festividad de la Virgen de Covadonga el terror del conflicto sirio y la corrupci\u00f3n pol\u00edtica, ambas \u00abincoherencias de una sociedad sin entra\u00f1as\u00bb. En el marco del D\u00eda de Asturias, el Arzobispo ha recordado en la Bas\u00edlica de Covadonga [&hellip;]<\/p>\n","protected":false},"author":1,"featured_media":906446,"comment_status":"closed","ping_status":"closed","sticky":false,"template":"","format":"standard","meta":{"footnotes":""},"categories":[12],"tags":[],"class_list":["post-906445","post","type-post","status-publish","format-standard","has-post-thumbnail","hentry","category-actualidad-asturias"],"aioseo_notices":[],"aioseo_head":"\n\t\t<!-- All in One SEO Pro 4.9.6.2 - aioseo.com -->\n\t<meta name=\"description\" content=\"El Arzobispo de Oviedo, Monse\u00f1or Jes\u00fas Sanz Montes, ha denunciado este jueves durante su homil\u00eda en la Festividad de la Virgen de Covadonga el terror del conflicto sirio y la corrupci\u00f3n pol\u00edtica, ambas &quot;incoherencias de una sociedad sin entra\u00f1as&quot;. En el marco del D\u00eda de Asturias, el Arzobispo ha recordado en la Bas\u00edlica de Covadonga\" \/>\n\t<meta name=\"robots\" content=\"max-image-preview:large\" \/>\n\t<meta name=\"author\" content=\"El Digital de Asturias\"\/>\n\t<meta name=\"google-site-verification\" content=\"UA-38556648-1\" \/>\n\t<meta name=\"msvalidate.01\" content=\"7dfe9f3f1b24437ab69f4f2559babe99\" \/>\n\t<meta name=\"keywords\" content=\"actualidad asturias\" \/>\n\t<link rel=\"canonical\" href=\"https:\/\/www.eldigitaldeasturias.com\/noticias\/el-arzobispo-de-oviedo-menciona-el-conflicto-sirio-y-la-corrupcion-en-su-homilia-en-covadonga\/\" \/>\n\t<meta name=\"generator\" content=\"All in One SEO Pro (AIOSEO) 4.9.6.2\" \/>\n\t\t<meta property=\"og:locale\" content=\"es_ES\" \/>\n\t\t<meta property=\"og:site_name\" content=\"El Digital de Asturias\" \/>\n\t\t<meta property=\"og:type\" content=\"article\" \/>\n\t\t<meta property=\"og:title\" content=\"El Arzobispo de Oviedo menciona el conflicto sirio y la corrupci\u00f3n en su homil\u00eda en Covadonga - El Digital de Asturias\" \/>\n\t\t<meta property=\"og:description\" content=\"El Arzobispo de Oviedo, Monse\u00f1or Jes\u00fas Sanz Montes, ha denunciado este jueves durante su homil\u00eda en la Festividad de la Virgen de Covadonga el terror del conflicto sirio y la corrupci\u00f3n pol\u00edtica, ambas &quot;incoherencias de una sociedad sin entra\u00f1as&quot;. En el marco del D\u00eda de Asturias, el Arzobispo ha recordado en la Bas\u00edlica de Covadonga\" \/>\n\t\t<meta property=\"og:url\" content=\"https:\/\/www.eldigitaldeasturias.com\/noticias\/el-arzobispo-de-oviedo-menciona-el-conflicto-sirio-y-la-corrupcion-en-su-homilia-en-covadonga\/\" \/>\n\t\t<meta property=\"og:image\" content=\"https:\/\/www.eldigitaldeasturias.com\/noticias\/wp-content\/uploads\/2016\/09\/fotonoticia_20160908124143_800.jpg\" \/>\n\t\t<meta property=\"og:image:secure_url\" content=\"https:\/\/www.eldigitaldeasturias.com\/noticias\/wp-content\/uploads\/2016\/09\/fotonoticia_20160908124143_800.jpg\" \/>\n\t\t<meta property=\"og:image:width\" content=\"800\" \/>\n\t\t<meta property=\"og:image:height\" content=\"515\" \/>\n\t\t<meta property=\"article:tag\" content=\"actualidad asturias\" \/>\n\t\t<meta property=\"article:published_time\" content=\"2016-09-08T12:36:01+00:00\" \/>\n\t\t<meta property=\"article:modified_time\" content=\"2016-09-08T12:36:01+00:00\" \/>\n\t\t<meta property=\"article:publisher\" content=\"https:\/\/facebook.com\/eldigitaldeasturias\" \/>\n\t\t<meta name=\"twitter:card\" content=\"summary_large_image\" \/>\n\t\t<meta name=\"twitter:title\" content=\"El Arzobispo de Oviedo menciona el conflicto sirio y la corrupci\u00f3n en su homil\u00eda en Covadonga - El Digital de Asturias\" \/>\n\t\t<meta name=\"twitter:description\" content=\"El Arzobispo de Oviedo, Monse\u00f1or Jes\u00fas Sanz Montes, ha denunciado este jueves durante su homil\u00eda en la Festividad de la Virgen de Covadonga el terror del conflicto sirio y la corrupci\u00f3n pol\u00edtica, ambas &quot;incoherencias de una sociedad sin entra\u00f1as&quot;. En el marco del D\u00eda de Asturias, el Arzobispo ha recordado en la Bas\u00edlica de Covadonga\" \/>\n\t\t<meta name=\"twitter:image\" content=\"https:\/\/www.eldigitaldeasturias.com\/noticias\/wp-content\/uploads\/2016\/09\/fotonoticia_20160908124143_800.jpg\" \/>\n\t\t<meta name=\"twitter:label1\" content=\"Escrito por\" \/>\n\t\t<meta name=\"twitter:data1\" content=\"El Digital de Asturias\" \/>\n\t\t<meta name=\"twitter:label2\" content=\"Tiempo de lectura estimado\" \/>\n\t\t<meta name=\"twitter:data2\" content=\"3 minutos\" \/>\n\t\t<script type=\"application\/ld+json\" class=\"aioseo-schema\">\n\t\t\t{\"@context\":\"https:\\\/\\\/schema.org\",\"@graph\":[{\"@type\":\"BlogPosting\",\"@id\":\"https:\\\/\\\/www.eldigitaldeasturias.com\\\/noticias\\\/el-arzobispo-de-oviedo-menciona-el-conflicto-sirio-y-la-corrupcion-en-su-homilia-en-covadonga\\\/#blogposting\",\"name\":\"El Arzobispo de Oviedo menciona el conflicto sirio y la corrupci\\u00f3n en su homil\\u00eda en Covadonga - El Digital de Asturias\",\"headline\":\"El Arzobispo de Oviedo menciona el conflicto sirio y la corrupci\\u00f3n en su homil\\u00eda en Covadonga\",\"author\":{\"@id\":\"https:\\\/\\\/www.eldigitaldeasturias.com\\\/noticias\\\/author\\\/admin\\\/#author\"},\"publisher\":{\"@id\":\"https:\\\/\\\/www.eldigitaldeasturias.com\\\/noticias\\\/#organization\"},\"image\":{\"@type\":\"ImageObject\",\"url\":\"https:\\\/\\\/www.eldigitaldeasturias.com\\\/noticias\\\/wp-content\\\/uploads\\\/2016\\\/09\\\/fotonoticia_20160908124143_800.jpg\",\"width\":800,\"height\":515},\"datePublished\":\"2016-09-08T13:36:01+02:00\",\"dateModified\":\"2016-09-08T13:36:01+02:00\",\"inLanguage\":\"es-ES\",\"mainEntityOfPage\":{\"@id\":\"https:\\\/\\\/www.eldigitaldeasturias.com\\\/noticias\\\/el-arzobispo-de-oviedo-menciona-el-conflicto-sirio-y-la-corrupcion-en-su-homilia-en-covadonga\\\/#webpage\"},\"isPartOf\":{\"@id\":\"https:\\\/\\\/www.eldigitaldeasturias.com\\\/noticias\\\/el-arzobispo-de-oviedo-menciona-el-conflicto-sirio-y-la-corrupcion-en-su-homilia-en-covadonga\\\/#webpage\"},\"articleSection\":\"Actualidad Asturias\"},{\"@type\":\"BreadcrumbList\",\"@id\":\"https:\\\/\\\/www.eldigitaldeasturias.com\\\/noticias\\\/el-arzobispo-de-oviedo-menciona-el-conflicto-sirio-y-la-corrupcion-en-su-homilia-en-covadonga\\\/#breadcrumblist\",\"itemListElement\":[{\"@type\":\"ListItem\",\"@id\":\"https:\\\/\\\/www.eldigitaldeasturias.com\\\/noticias#listItem\",\"position\":1,\"name\":\"Home\",\"item\":\"https:\\\/\\\/www.eldigitaldeasturias.com\\\/noticias\",\"nextItem\":{\"@type\":\"ListItem\",\"@id\":\"https:\\\/\\\/www.eldigitaldeasturias.com\\\/noticias\\\/category\\\/actualidad-asturias\\\/#listItem\",\"name\":\"Actualidad Asturias\"}},{\"@type\":\"ListItem\",\"@id\":\"https:\\\/\\\/www.eldigitaldeasturias.com\\\/noticias\\\/category\\\/actualidad-asturias\\\/#listItem\",\"position\":2,\"name\":\"Actualidad Asturias\",\"item\":\"https:\\\/\\\/www.eldigitaldeasturias.com\\\/noticias\\\/category\\\/actualidad-asturias\\\/\",\"nextItem\":{\"@type\":\"ListItem\",\"@id\":\"https:\\\/\\\/www.eldigitaldeasturias.com\\\/noticias\\\/el-arzobispo-de-oviedo-menciona-el-conflicto-sirio-y-la-corrupcion-en-su-homilia-en-covadonga\\\/#listItem\",\"name\":\"El Arzobispo de Oviedo menciona el conflicto sirio y la corrupci\\u00f3n en su homil\\u00eda en Covadonga\"},\"previousItem\":{\"@type\":\"ListItem\",\"@id\":\"https:\\\/\\\/www.eldigitaldeasturias.com\\\/noticias#listItem\",\"name\":\"Home\"}},{\"@type\":\"ListItem\",\"@id\":\"https:\\\/\\\/www.eldigitaldeasturias.com\\\/noticias\\\/el-arzobispo-de-oviedo-menciona-el-conflicto-sirio-y-la-corrupcion-en-su-homilia-en-covadonga\\\/#listItem\",\"position\":3,\"name\":\"El Arzobispo de Oviedo menciona el conflicto sirio y la corrupci\\u00f3n en su homil\\u00eda en Covadonga\",\"previousItem\":{\"@type\":\"ListItem\",\"@id\":\"https:\\\/\\\/www.eldigitaldeasturias.com\\\/noticias\\\/category\\\/actualidad-asturias\\\/#listItem\",\"name\":\"Actualidad Asturias\"}}]},{\"@type\":\"Organization\",\"@id\":\"https:\\\/\\\/www.eldigitaldeasturias.com\\\/noticias\\\/#organization\",\"name\":\"El Digital de Asturias\",\"description\":\"Hemeroteca\",\"url\":\"https:\\\/\\\/www.eldigitaldeasturias.com\\\/noticias\\\/\",\"email\":\"info@eldigitaldeasturias.com\",\"telephone\":\"+34652131393\",\"logo\":{\"@type\":\"ImageObject\",\"url\":\"https:\\\/\\\/www.eldigitaldeasturias.com\\\/noticias\\\/wp-content\\\/uploads\\\/2020\\\/12\\\/EDA.jpg\",\"@id\":\"https:\\\/\\\/www.eldigitaldeasturias.com\\\/noticias\\\/el-arzobispo-de-oviedo-menciona-el-conflicto-sirio-y-la-corrupcion-en-su-homilia-en-covadonga\\\/#organizationLogo\",\"width\":649,\"height\":297},\"image\":{\"@id\":\"https:\\\/\\\/www.eldigitaldeasturias.com\\\/noticias\\\/el-arzobispo-de-oviedo-menciona-el-conflicto-sirio-y-la-corrupcion-en-su-homilia-en-covadonga\\\/#organizationLogo\"},\"sameAs\":[\"https:\\\/\\\/facebook.com\\\/eldigitaldeasturias\",\"https:\\\/\\\/www.youtube.com\\\/channel\\\/UCZP-2wLEB9Rv6erhFmqVnvg\"],\"address\":{\"@id\":\"https:\\\/\\\/www.eldigitaldeasturias.com\\\/noticias\\\/#postaladdress\",\"@type\":\"PostalAddress\",\"streetAddress\":\"san antonio 4,\",\"postalCode\":\"33430\",\"addressLocality\":\"Cand\\u00e1s\",\"addressRegion\":\"Asturias\",\"addressCountry\":\"ES\"}},{\"@type\":\"Person\",\"@id\":\"https:\\\/\\\/www.eldigitaldeasturias.com\\\/noticias\\\/author\\\/admin\\\/#author\",\"url\":\"https:\\\/\\\/www.eldigitaldeasturias.com\\\/noticias\\\/author\\\/admin\\\/\",\"name\":\"El Digital de Asturias\",\"image\":{\"@type\":\"ImageObject\",\"@id\":\"https:\\\/\\\/www.eldigitaldeasturias.com\\\/noticias\\\/el-arzobispo-de-oviedo-menciona-el-conflicto-sirio-y-la-corrupcion-en-su-homilia-en-covadonga\\\/#authorImage\",\"url\":\"https:\\\/\\\/www.eldigitaldeasturias.com\\\/noticias\\\/wp-content\\\/litespeed\\\/avatar\\\/18677e78aa0546b92d9dbf31ec7d7668.jpg?ver=1776685526\",\"width\":96,\"height\":96,\"caption\":\"El Digital de Asturias\"}},{\"@type\":\"WebPage\",\"@id\":\"https:\\\/\\\/www.eldigitaldeasturias.com\\\/noticias\\\/el-arzobispo-de-oviedo-menciona-el-conflicto-sirio-y-la-corrupcion-en-su-homilia-en-covadonga\\\/#webpage\",\"url\":\"https:\\\/\\\/www.eldigitaldeasturias.com\\\/noticias\\\/el-arzobispo-de-oviedo-menciona-el-conflicto-sirio-y-la-corrupcion-en-su-homilia-en-covadonga\\\/\",\"name\":\"El Arzobispo de Oviedo menciona el conflicto sirio y la corrupci\\u00f3n en su homil\\u00eda en Covadonga - El Digital de Asturias\",\"description\":\"El Arzobispo de Oviedo, Monse\\u00f1or Jes\\u00fas Sanz Montes, ha denunciado este jueves durante su homil\\u00eda en la Festividad de la Virgen de Covadonga el terror del conflicto sirio y la corrupci\\u00f3n pol\\u00edtica, ambas \\\"incoherencias de una sociedad sin entra\\u00f1as\\\". En el marco del D\\u00eda de Asturias, el Arzobispo ha recordado en la Bas\\u00edlica de Covadonga\",\"inLanguage\":\"es-ES\",\"isPartOf\":{\"@id\":\"https:\\\/\\\/www.eldigitaldeasturias.com\\\/noticias\\\/#website\"},\"breadcrumb\":{\"@id\":\"https:\\\/\\\/www.eldigitaldeasturias.com\\\/noticias\\\/el-arzobispo-de-oviedo-menciona-el-conflicto-sirio-y-la-corrupcion-en-su-homilia-en-covadonga\\\/#breadcrumblist\"},\"author\":{\"@id\":\"https:\\\/\\\/www.eldigitaldeasturias.com\\\/noticias\\\/author\\\/admin\\\/#author\"},\"creator\":{\"@id\":\"https:\\\/\\\/www.eldigitaldeasturias.com\\\/noticias\\\/author\\\/admin\\\/#author\"},\"image\":{\"@type\":\"ImageObject\",\"url\":\"https:\\\/\\\/www.eldigitaldeasturias.com\\\/noticias\\\/wp-content\\\/uploads\\\/2016\\\/09\\\/fotonoticia_20160908124143_800.jpg\",\"@id\":\"https:\\\/\\\/www.eldigitaldeasturias.com\\\/noticias\\\/el-arzobispo-de-oviedo-menciona-el-conflicto-sirio-y-la-corrupcion-en-su-homilia-en-covadonga\\\/#mainImage\",\"width\":800,\"height\":515},\"primaryImageOfPage\":{\"@id\":\"https:\\\/\\\/www.eldigitaldeasturias.com\\\/noticias\\\/el-arzobispo-de-oviedo-menciona-el-conflicto-sirio-y-la-corrupcion-en-su-homilia-en-covadonga\\\/#mainImage\"},\"datePublished\":\"2016-09-08T13:36:01+02:00\",\"dateModified\":\"2016-09-08T13:36:01+02:00\"},{\"@type\":\"WebSite\",\"@id\":\"https:\\\/\\\/www.eldigitaldeasturias.com\\\/noticias\\\/#website\",\"url\":\"https:\\\/\\\/www.eldigitaldeasturias.com\\\/noticias\\\/\",\"name\":\"El Digital de Asturias - Diario de actualidad y noticias\",\"alternateName\":\"El Digital de Asturias - Diario de actualidad y noticias\",\"description\":\"Hemeroteca\",\"inLanguage\":\"es-ES\",\"publisher\":{\"@id\":\"https:\\\/\\\/www.eldigitaldeasturias.com\\\/noticias\\\/#organization\"}}]}\n\t\t<\/script>\n\t\t<!-- All in One SEO Pro -->\r\n\t\t<title>El Arzobispo de Oviedo menciona el conflicto sirio y la corrupci\u00f3n en su homil\u00eda en Covadonga - El Digital de Asturias<\/title>\n\n","aioseo_head_json":{"title":"El Arzobispo de Oviedo menciona el conflicto sirio y la corrupci\u00f3n en su homil\u00eda en Covadonga - El Digital de Asturias","description":"El Arzobispo de Oviedo, Monse\u00f1or Jes\u00fas Sanz Montes, ha denunciado este jueves durante su homil\u00eda en la Festividad de la Virgen de Covadonga el terror del conflicto sirio y la corrupci\u00f3n pol\u00edtica, ambas \"incoherencias de una sociedad sin entra\u00f1as\". En el marco del D\u00eda de Asturias, el Arzobispo ha recordado en la Bas\u00edlica de Covadonga","canonical_url":"https:\/\/www.eldigitaldeasturias.com\/noticias\/el-arzobispo-de-oviedo-menciona-el-conflicto-sirio-y-la-corrupcion-en-su-homilia-en-covadonga\/","robots":"max-image-preview:large","keywords":"actualidad asturias","webmasterTools":{"google-site-verification":"UA-38556648-1","msvalidate.01":"7dfe9f3f1b24437ab69f4f2559babe99","miscellaneous":""},"schema":{"@context":"https:\/\/schema.org","@graph":[{"@type":"BlogPosting","@id":"https:\/\/www.eldigitaldeasturias.com\/noticias\/el-arzobispo-de-oviedo-menciona-el-conflicto-sirio-y-la-corrupcion-en-su-homilia-en-covadonga\/#blogposting","name":"El Arzobispo de Oviedo menciona el conflicto sirio y la corrupci\u00f3n en su homil\u00eda en Covadonga - El Digital de Asturias","headline":"El Arzobispo de Oviedo menciona el conflicto sirio y la corrupci\u00f3n en su homil\u00eda en Covadonga","author":{"@id":"https:\/\/www.eldigitaldeasturias.com\/noticias\/author\/admin\/#author"},"publisher":{"@id":"https:\/\/www.eldigitaldeasturias.com\/noticias\/#organization"},"image":{"@type":"ImageObject","url":"https:\/\/www.eldigitaldeasturias.com\/noticias\/wp-content\/uploads\/2016\/09\/fotonoticia_20160908124143_800.jpg","width":800,"height":515},"datePublished":"2016-09-08T13:36:01+02:00","dateModified":"2016-09-08T13:36:01+02:00","inLanguage":"es-ES","mainEntityOfPage":{"@id":"https:\/\/www.eldigitaldeasturias.com\/noticias\/el-arzobispo-de-oviedo-menciona-el-conflicto-sirio-y-la-corrupcion-en-su-homilia-en-covadonga\/#webpage"},"isPartOf":{"@id":"https:\/\/www.eldigitaldeasturias.com\/noticias\/el-arzobispo-de-oviedo-menciona-el-conflicto-sirio-y-la-corrupcion-en-su-homilia-en-covadonga\/#webpage"},"articleSection":"Actualidad Asturias"},{"@type":"BreadcrumbList","@id":"https:\/\/www.eldigitaldeasturias.com\/noticias\/el-arzobispo-de-oviedo-menciona-el-conflicto-sirio-y-la-corrupcion-en-su-homilia-en-covadonga\/#breadcrumblist","itemListElement":[{"@type":"ListItem","@id":"https:\/\/www.eldigitaldeasturias.com\/noticias#listItem","position":1,"name":"Home","item":"https:\/\/www.eldigitaldeasturias.com\/noticias","nextItem":{"@type":"ListItem","@id":"https:\/\/www.eldigitaldeasturias.com\/noticias\/category\/actualidad-asturias\/#listItem","name":"Actualidad Asturias"}},{"@type":"ListItem","@id":"https:\/\/www.eldigitaldeasturias.com\/noticias\/category\/actualidad-asturias\/#listItem","position":2,"name":"Actualidad Asturias","item":"https:\/\/www.eldigitaldeasturias.com\/noticias\/category\/actualidad-asturias\/","nextItem":{"@type":"ListItem","@id":"https:\/\/www.eldigitaldeasturias.com\/noticias\/el-arzobispo-de-oviedo-menciona-el-conflicto-sirio-y-la-corrupcion-en-su-homilia-en-covadonga\/#listItem","name":"El Arzobispo de Oviedo menciona el conflicto sirio y la corrupci\u00f3n en su homil\u00eda en Covadonga"},"previousItem":{"@type":"ListItem","@id":"https:\/\/www.eldigitaldeasturias.com\/noticias#listItem","name":"Home"}},{"@type":"ListItem","@id":"https:\/\/www.eldigitaldeasturias.com\/noticias\/el-arzobispo-de-oviedo-menciona-el-conflicto-sirio-y-la-corrupcion-en-su-homilia-en-covadonga\/#listItem","position":3,"name":"El Arzobispo de Oviedo menciona el conflicto sirio y la corrupci\u00f3n en su homil\u00eda en Covadonga","previousItem":{"@type":"ListItem","@id":"https:\/\/www.eldigitaldeasturias.com\/noticias\/category\/actualidad-asturias\/#listItem","name":"Actualidad Asturias"}}]},{"@type":"Organization","@id":"https:\/\/www.eldigitaldeasturias.com\/noticias\/#organization","name":"El Digital de Asturias","description":"Hemeroteca","url":"https:\/\/www.eldigitaldeasturias.com\/noticias\/","email":"info@eldigitaldeasturias.com","telephone":"+34652131393","logo":{"@type":"ImageObject","url":"https:\/\/www.eldigitaldeasturias.com\/noticias\/wp-content\/uploads\/2020\/12\/EDA.jpg","@id":"https:\/\/www.eldigitaldeasturias.com\/noticias\/el-arzobispo-de-oviedo-menciona-el-conflicto-sirio-y-la-corrupcion-en-su-homilia-en-covadonga\/#organizationLogo","width":649,"height":297},"image":{"@id":"https:\/\/www.eldigitaldeasturias.com\/noticias\/el-arzobispo-de-oviedo-menciona-el-conflicto-sirio-y-la-corrupcion-en-su-homilia-en-covadonga\/#organizationLogo"},"sameAs":["https:\/\/facebook.com\/eldigitaldeasturias","https:\/\/www.youtube.com\/channel\/UCZP-2wLEB9Rv6erhFmqVnvg"],"address":{"@id":"https:\/\/www.eldigitaldeasturias.com\/noticias\/#postaladdress","@type":"PostalAddress","streetAddress":"san antonio 4,","postalCode":"33430","addressLocality":"Cand\u00e1s","addressRegion":"Asturias","addressCountry":"ES"}},{"@type":"Person","@id":"https:\/\/www.eldigitaldeasturias.com\/noticias\/author\/admin\/#author","url":"https:\/\/www.eldigitaldeasturias.com\/noticias\/author\/admin\/","name":"El Digital de Asturias","image":{"@type":"ImageObject","@id":"https:\/\/www.eldigitaldeasturias.com\/noticias\/el-arzobispo-de-oviedo-menciona-el-conflicto-sirio-y-la-corrupcion-en-su-homilia-en-covadonga\/#authorImage","url":"https:\/\/www.eldigitaldeasturias.com\/noticias\/wp-content\/litespeed\/avatar\/18677e78aa0546b92d9dbf31ec7d7668.jpg?ver=1776685526","width":96,"height":96,"caption":"El Digital de Asturias"}},{"@type":"WebPage","@id":"https:\/\/www.eldigitaldeasturias.com\/noticias\/el-arzobispo-de-oviedo-menciona-el-conflicto-sirio-y-la-corrupcion-en-su-homilia-en-covadonga\/#webpage","url":"https:\/\/www.eldigitaldeasturias.com\/noticias\/el-arzobispo-de-oviedo-menciona-el-conflicto-sirio-y-la-corrupcion-en-su-homilia-en-covadonga\/","name":"El Arzobispo de Oviedo menciona el conflicto sirio y la corrupci\u00f3n en su homil\u00eda en Covadonga - El Digital de Asturias","description":"El Arzobispo de Oviedo, Monse\u00f1or Jes\u00fas Sanz Montes, ha denunciado este jueves durante su homil\u00eda en la Festividad de la Virgen de Covadonga el terror del conflicto sirio y la corrupci\u00f3n pol\u00edtica, ambas \"incoherencias de una sociedad sin entra\u00f1as\". En el marco del D\u00eda de Asturias, el Arzobispo ha recordado en la Bas\u00edlica de Covadonga","inLanguage":"es-ES","isPartOf":{"@id":"https:\/\/www.eldigitaldeasturias.com\/noticias\/#website"},"breadcrumb":{"@id":"https:\/\/www.eldigitaldeasturias.com\/noticias\/el-arzobispo-de-oviedo-menciona-el-conflicto-sirio-y-la-corrupcion-en-su-homilia-en-covadonga\/#breadcrumblist"},"author":{"@id":"https:\/\/www.eldigitaldeasturias.com\/noticias\/author\/admin\/#author"},"creator":{"@id":"https:\/\/www.eldigitaldeasturias.com\/noticias\/author\/admin\/#author"},"image":{"@type":"ImageObject","url":"https:\/\/www.eldigitaldeasturias.com\/noticias\/wp-content\/uploads\/2016\/09\/fotonoticia_20160908124143_800.jpg","@id":"https:\/\/www.eldigitaldeasturias.com\/noticias\/el-arzobispo-de-oviedo-menciona-el-conflicto-sirio-y-la-corrupcion-en-su-homilia-en-covadonga\/#mainImage","width":800,"height":515},"primaryImageOfPage":{"@id":"https:\/\/www.eldigitaldeasturias.com\/noticias\/el-arzobispo-de-oviedo-menciona-el-conflicto-sirio-y-la-corrupcion-en-su-homilia-en-covadonga\/#mainImage"},"datePublished":"2016-09-08T13:36:01+02:00","dateModified":"2016-09-08T13:36:01+02:00"},{"@type":"WebSite","@id":"https:\/\/www.eldigitaldeasturias.com\/noticias\/#website","url":"https:\/\/www.eldigitaldeasturias.com\/noticias\/","name":"El Digital de Asturias - Diario de actualidad y noticias","alternateName":"El Digital de Asturias - Diario de actualidad y noticias","description":"Hemeroteca","inLanguage":"es-ES","publisher":{"@id":"https:\/\/www.eldigitaldeasturias.com\/noticias\/#organization"}}]},"og:locale":"es_ES","og:site_name":"El Digital de Asturias","og:type":"article","og:title":"El Arzobispo de Oviedo menciona el conflicto sirio y la corrupci\u00f3n en su homil\u00eda en Covadonga - El Digital de Asturias","og:description":"El Arzobispo de Oviedo, Monse\u00f1or Jes\u00fas Sanz Montes, ha denunciado este jueves durante su homil\u00eda en la Festividad de la Virgen de Covadonga el terror del conflicto sirio y la corrupci\u00f3n pol\u00edtica, ambas &quot;incoherencias de una sociedad sin entra\u00f1as&quot;. En el marco del D\u00eda de Asturias, el Arzobispo ha recordado en la Bas\u00edlica de Covadonga","og:url":"https:\/\/www.eldigitaldeasturias.com\/noticias\/el-arzobispo-de-oviedo-menciona-el-conflicto-sirio-y-la-corrupcion-en-su-homilia-en-covadonga\/","og:image":"https:\/\/www.eldigitaldeasturias.com\/noticias\/wp-content\/uploads\/2016\/09\/fotonoticia_20160908124143_800.jpg","og:image:secure_url":"https:\/\/www.eldigitaldeasturias.com\/noticias\/wp-content\/uploads\/2016\/09\/fotonoticia_20160908124143_800.jpg","og:image:width":800,"og:image:height":515,"article:tag":["actualidad asturias"],"article:published_time":"2016-09-08T12:36:01+00:00","article:modified_time":"2016-09-08T12:36:01+00:00","article:publisher":"https:\/\/facebook.com\/eldigitaldeasturias","twitter:card":"summary_large_image","twitter:title":"El Arzobispo de Oviedo menciona el conflicto sirio y la corrupci\u00f3n en su homil\u00eda en Covadonga - El Digital de Asturias","twitter:description":"El Arzobispo de Oviedo, Monse\u00f1or Jes\u00fas Sanz Montes, ha denunciado este jueves durante su homil\u00eda en la Festividad de la Virgen de Covadonga el terror del conflicto sirio y la corrupci\u00f3n pol\u00edtica, ambas &quot;incoherencias de una sociedad sin entra\u00f1as&quot;. En el marco del D\u00eda de Asturias, el Arzobispo ha recordado en la Bas\u00edlica de Covadonga","twitter:image":"https:\/\/www.eldigitaldeasturias.com\/noticias\/wp-content\/uploads\/2016\/09\/fotonoticia_20160908124143_800.jpg","twitter:label1":"Escrito por","twitter:data1":"El Digital de Asturias","twitter:label2":"Tiempo de lectura estimado","twitter:data2":"3 minutos"},"aioseo_meta_data":{"post_id":"906445","title":null,"description":null,"keywords":null,"keyphrases":null,"primary_term":null,"canonical_url":null,"og_title":null,"og_description":null,"og_object_type":"default","og_image_type":"default","og_image_url":null,"og_image_width":null,"og_image_height":null,"og_image_custom_url":null,"og_image_custom_fields":null,"og_video":null,"og_custom_url":null,"og_article_section":null,"og_article_tags":null,"twitter_use_og":false,"twitter_card":"default","twitter_image_type":"default","twitter_image_url":null,"twitter_image_custom_url":null,"twitter_image_custom_fields":null,"twitter_title":null,"twitter_description":null,"schema":{"blockGraphs":[],"customGraphs":[],"default":{"data":{"Article":[],"Course":[],"Dataset":[],"FAQPage":[],"Movie":[],"Person":[],"Product":[],"ProductReview":[],"Car":[],"Recipe":[],"Service":[],"SoftwareApplication":[],"WebPage":[]},"graphName":"","isEnabled":true},"graphs":[],"defaultGraph":"","defaultPostTypeGraph":""},"schema_type":null,"schema_type_options":null,"pillar_content":false,"robots_default":true,"robots_noindex":false,"robots_noarchive":false,"robots_nosnippet":false,"robots_nofollow":false,"robots_noimageindex":false,"robots_noodp":false,"robots_notranslate":false,"robots_max_snippet":null,"robots_max_videopreview":null,"robots_max_imagepreview":"large","priority":null,"frequency":null,"local_seo":null,"seo_analyzer_scan_date":"2025-11-30 09:02:14","breadcrumb_settings":null,"limit_modified_date":false,"open_ai":null,"ai":null,"created":"2020-12-21 14:01:33","updated":"2025-11-30 09:02:14"},"aioseo_breadcrumb":"<div class=\"aioseo-breadcrumbs\"><span class=\"aioseo-breadcrumb\">\n\t<a href=\"https:\/\/www.eldigitaldeasturias.com\/noticias\" title=\"Home\">Home<\/a>\n<\/span><span class=\"aioseo-breadcrumb-separator\">\u2013<\/span><span class=\"aioseo-breadcrumb\">\n\t<a href=\"https:\/\/www.eldigitaldeasturias.com\/noticias\/category\/actualidad-asturias\/\" title=\"Actualidad Asturias\">Actualidad Asturias<\/a>\n<\/span><span class=\"aioseo-breadcrumb-separator\">\u2013<\/span><span class=\"aioseo-breadcrumb\">\n\t<a href=\"https:\/\/www.eldigitaldeasturias.com\/noticias\/el-arzobispo-de-oviedo-menciona-el-conflicto-sirio-y-la-corrupcion-en-su-homilia-en-covadonga\/\" title=\"El Arzobispo de Oviedo menciona el conflicto sirio y la corrupci\u00f3n en su homil\u00eda en Covadonga\">El Arzobispo de Oviedo menciona el conflicto sirio y la corrupci\u00f3n en su homil\u00eda en Covadonga<\/a>\n<\/span><\/div>","aioseo_breadcrumb_json":[{"label":"Home","link":"https:\/\/www.eldigitaldeasturias.com\/noticias"},{"label":"Actualidad Asturias","link":"https:\/\/www.eldigitaldeasturias.com\/noticias\/category\/actualidad-asturias\/"},{"label":"El Arzobispo de Oviedo menciona el conflicto sirio y la corrupci\u00f3n en su homil\u00eda en Covadonga","link":"https:\/\/www.eldigitaldeasturias.com\/noticias\/el-arzobispo-de-oviedo-menciona-el-conflicto-sirio-y-la-corrupcion-en-su-homilia-en-covadonga\/"}],"_links":{"self":[{"href":"https:\/\/www.eldigitaldeasturias.com\/noticias\/wp-json\/wp\/v2\/posts\/906445","targetHints":{"allow":["GET"]}}],"collection":[{"href":"https:\/\/www.eldigitaldeasturias.com\/noticias\/wp-json\/wp\/v2\/posts"}],"about":[{"href":"https:\/\/www.eldigitaldeasturias.com\/noticias\/wp-json\/wp\/v2\/types\/post"}],"author":[{"embeddable":true,"href":"https:\/\/www.eldigitaldeasturias.com\/noticias\/wp-json\/wp\/v2\/users\/1"}],"replies":[{"embeddable":true,"href":"https:\/\/www.eldigitaldeasturias.com\/noticias\/wp-json\/wp\/v2\/comments?post=906445"}],"version-history":[{"count":0,"href":"https:\/\/www.eldigitaldeasturias.com\/noticias\/wp-json\/wp\/v2\/posts\/906445\/revisions"}],"wp:featuredmedia":[{"embeddable":true,"href":"https:\/\/www.eldigitaldeasturias.com\/noticias\/wp-json\/wp\/v2\/media\/906446"}],"wp:attachment":[{"href":"https:\/\/www.eldigitaldeasturias.com\/noticias\/wp-json\/wp\/v2\/media?parent=906445"}],"wp:term":[{"taxonomy":"category","embeddable":true,"href":"https:\/\/www.eldigitaldeasturias.com\/noticias\/wp-json\/wp\/v2\/categories?post=906445"},{"taxonomy":"post_tag","embeddable":true,"href":"https:\/\/www.eldigitaldeasturias.com\/noticias\/wp-json\/wp\/v2\/tags?post=906445"}],"curies":[{"name":"wp","href":"https:\/\/api.w.org\/{rel}","templated":true}]}}