{"id":906440,"date":"2016-09-08T13:28:27","date_gmt":"2016-09-08T12:28:27","guid":{"rendered":"http:\/\/www.eldigitaldeasturias.com\/noticias\/?p=906440"},"modified":"2016-09-08T13:28:27","modified_gmt":"2016-09-08T12:28:27","slug":"el-psoe-de-gijon-lleva-al-pleno-la-defensa-de-las-empresas-municipales","status":"publish","type":"post","link":"https:\/\/www.eldigitaldeasturias.com\/noticias\/el-psoe-de-gijon-lleva-al-pleno-la-defensa-de-las-empresas-municipales\/","title":{"rendered":"El PSOE de Gij\u00f3n lleva al pleno la defensa de las empresas municipales"},"content":{"rendered":"<p><img loading=\"lazy\" decoding=\"async\" class=\"alignleft size-medium wp-image-865821\" src=\"https:\/\/www.eldigitaldeasturias.com\/noticias\/wp-content\/uploads\/2016\/03\/gijon-360x203.jpg\" alt=\"gijon\" width=\"360\" height=\"203\" srcset=\"https:\/\/www.eldigitaldeasturias.com\/noticias\/wp-content\/uploads\/2016\/03\/gijon-360x203.jpg 360w, https:\/\/www.eldigitaldeasturias.com\/noticias\/wp-content\/uploads\/2016\/03\/gijon-480x270.jpg 480w, https:\/\/www.eldigitaldeasturias.com\/noticias\/wp-content\/uploads\/2016\/03\/gijon-768x432.jpg 768w, https:\/\/www.eldigitaldeasturias.com\/noticias\/wp-content\/uploads\/2016\/03\/gijon-690x388.jpg 690w, https:\/\/www.eldigitaldeasturias.com\/noticias\/wp-content\/uploads\/2016\/03\/gijon-20x11.jpg 20w, https:\/\/www.eldigitaldeasturias.com\/noticias\/wp-content\/uploads\/2016\/03\/gijon.jpg 800w\" sizes=\"auto, (max-width: 360px) 100vw, 360px\" \/>La concejala del Grupo Municipal Socialista Marina Pineda, ha presentado este jueves una proposici\u00f3n para que el gobierno municipal de Foro inste a la administraci\u00f3n central a que derogue la Disposici\u00f3n Adicional Novena de la Ley de Bases de R\u00e9gimen Local, en defensa de las empresas p\u00fablicas municipales.<\/p>\n<p>La iniciativa socialista recoge tambi\u00e9n que el gobierno local inste al central a que paralice \u00abde manera inmediata\u00bb la disoluci\u00f3n de las entidades dependientes de las administraciones locales que presten servicios p\u00fablicos a la ciudadan\u00eda, o realicen actividades de impulso econ\u00f3mico o social.<\/p>\n<p>En nota de prensa, Pineda ha se\u00f1alado que, seg\u00fan esta Disposici\u00f3n, en Gij\u00f3n se pretende la disoluci\u00f3n de las empresas p\u00fablicas EMTUSA, EMVISA y DIVERTIA, del Fondo de Capital Riesgo &#8216;Gij\u00f3n Invierte&#8217; y de la Fundaci\u00f3n Municipal de Cultura, Educaci\u00f3n y Universidad Popular.<\/p>\n<p>A su juicio \u00e9ste es \u00abun nuevo ataque del ministro de Hacienda en funciones, Crist\u00f3bal Montoro, a la autonom\u00eda local\u00bb. De ejecutarse, la ciudadan\u00eda de las entidades locales afectadas \u00abver\u00edan como sus ayuntamientos dejan de prestar servicios p\u00fablicos esenciales en su vida cotidiana, servicios que ninguna administraci\u00f3n est\u00e1 en condiciones de dejar de prestar y que adem\u00e1s redundan en el la recuperaci\u00f3n econ\u00f3mica y el desarrollo local\u00bb.<\/p>\n<p>Con esta proposici\u00f3n el PSOE insta asimismo a la alcaldesa de Gij\u00f3n a que traslade este acuerdo a todos los grupos parlamentarios del Congreso de los Diputados, para que presenten un Proyecto de Ley para la modificaci\u00f3n de la Ley de Bases de R\u00e9gimen Local.<\/p>\n<p>Por \u00faltimo ha lamentado que el objetivo del Partido Popular con esta iniciativa es la privatizaci\u00f3n de los servicios p\u00fablicos sin tener en cuenta la calidad de los mismos o el coste que esto tendr\u00eda para los ayuntamientos y para la ciudadan\u00eda.<\/p>\n<p>&nbsp;<\/p>\n<p>&nbsp;<\/p>\n","protected":false},"excerpt":{"rendered":"<p>La concejala del Grupo Municipal Socialista Marina Pineda, ha presentado este jueves una proposici\u00f3n para que el gobierno municipal de Foro inste a la administraci\u00f3n central a que derogue la Disposici\u00f3n Adicional Novena de la Ley de Bases de R\u00e9gimen Local, en defensa de las empresas p\u00fablicas municipales. La iniciativa socialista recoge tambi\u00e9n que el [&hellip;]<\/p>\n","protected":false},"author":1,"featured_media":865821,"comment_status":"closed","ping_status":"closed","sticky":false,"template":"","format":"standard","meta":{"footnotes":""},"categories":[12],"tags":[],"class_list":["post-906440","post","type-post","status-publish","format-standard","has-post-thumbnail","hentry","category-actualidad-asturias"],"aioseo_notices":[],"aioseo_head":"\n\t\t<!-- All in One SEO Pro 4.9.6.2 - aioseo.com -->\n\t<meta name=\"description\" content=\"La concejala del Grupo Municipal Socialista Marina Pineda, ha presentado este jueves una proposici\u00f3n para que el gobierno municipal de Foro inste a la administraci\u00f3n central a que derogue la Disposici\u00f3n Adicional Novena de la Ley de Bases de R\u00e9gimen Local, en defensa de las empresas p\u00fablicas municipales. La iniciativa socialista recoge tambi\u00e9n que el\" \/>\n\t<meta name=\"robots\" content=\"max-image-preview:large\" \/>\n\t<meta name=\"author\" content=\"El Digital de Asturias\"\/>\n\t<meta name=\"google-site-verification\" content=\"UA-38556648-1\" \/>\n\t<meta name=\"msvalidate.01\" content=\"7dfe9f3f1b24437ab69f4f2559babe99\" \/>\n\t<meta name=\"keywords\" content=\"actualidad asturias\" \/>\n\t<link rel=\"canonical\" href=\"https:\/\/www.eldigitaldeasturias.com\/noticias\/el-psoe-de-gijon-lleva-al-pleno-la-defensa-de-las-empresas-municipales\/\" \/>\n\t<meta name=\"generator\" content=\"All in One SEO Pro (AIOSEO) 4.9.6.2\" \/>\n\t\t<meta property=\"og:locale\" content=\"es_ES\" \/>\n\t\t<meta property=\"og:site_name\" content=\"El Digital de Asturias\" \/>\n\t\t<meta property=\"og:type\" content=\"article\" \/>\n\t\t<meta property=\"og:title\" content=\"El PSOE de Gij\u00f3n lleva al pleno la defensa de las empresas municipales - El Digital de Asturias\" \/>\n\t\t<meta property=\"og:description\" content=\"La concejala del Grupo Municipal Socialista Marina Pineda, ha presentado este jueves una proposici\u00f3n para que el gobierno municipal de Foro inste a la administraci\u00f3n central a que derogue la Disposici\u00f3n Adicional Novena de la Ley de Bases de R\u00e9gimen Local, en defensa de las empresas p\u00fablicas municipales. La iniciativa socialista recoge tambi\u00e9n que el\" \/>\n\t\t<meta property=\"og:url\" content=\"https:\/\/www.eldigitaldeasturias.com\/noticias\/el-psoe-de-gijon-lleva-al-pleno-la-defensa-de-las-empresas-municipales\/\" \/>\n\t\t<meta property=\"og:image\" content=\"https:\/\/www.eldigitaldeasturias.com\/noticias\/wp-content\/uploads\/2016\/03\/gijon.jpg\" \/>\n\t\t<meta property=\"og:image:secure_url\" content=\"https:\/\/www.eldigitaldeasturias.com\/noticias\/wp-content\/uploads\/2016\/03\/gijon.jpg\" \/>\n\t\t<meta property=\"og:image:width\" content=\"800\" \/>\n\t\t<meta property=\"og:image:height\" content=\"450\" \/>\n\t\t<meta property=\"article:tag\" content=\"actualidad asturias\" \/>\n\t\t<meta property=\"article:published_time\" content=\"2016-09-08T12:28:27+00:00\" \/>\n\t\t<meta property=\"article:modified_time\" content=\"2016-09-08T12:28:27+00:00\" \/>\n\t\t<meta property=\"article:publisher\" content=\"https:\/\/facebook.com\/eldigitaldeasturias\" \/>\n\t\t<meta name=\"twitter:card\" content=\"summary_large_image\" \/>\n\t\t<meta name=\"twitter:title\" content=\"El PSOE de Gij\u00f3n lleva al pleno la defensa de las empresas municipales - El Digital de Asturias\" \/>\n\t\t<meta name=\"twitter:description\" content=\"La concejala del Grupo Municipal Socialista Marina Pineda, ha presentado este jueves una proposici\u00f3n para que el gobierno municipal de Foro inste a la administraci\u00f3n central a que derogue la Disposici\u00f3n Adicional Novena de la Ley de Bases de R\u00e9gimen Local, en defensa de las empresas p\u00fablicas municipales. La iniciativa socialista recoge tambi\u00e9n que el\" \/>\n\t\t<meta name=\"twitter:image\" content=\"https:\/\/www.eldigitaldeasturias.com\/noticias\/wp-content\/uploads\/2016\/03\/gijon.jpg\" \/>\n\t\t<meta name=\"twitter:label1\" content=\"Escrito por\" \/>\n\t\t<meta name=\"twitter:data1\" content=\"El Digital de Asturias\" \/>\n\t\t<meta name=\"twitter:label2\" content=\"Tiempo de lectura estimado\" \/>\n\t\t<meta name=\"twitter:data2\" content=\"2 minutos\" \/>\n\t\t<script type=\"application\/ld+json\" class=\"aioseo-schema\">\n\t\t\t{\"@context\":\"https:\\\/\\\/schema.org\",\"@graph\":[{\"@type\":\"BlogPosting\",\"@id\":\"https:\\\/\\\/www.eldigitaldeasturias.com\\\/noticias\\\/el-psoe-de-gijon-lleva-al-pleno-la-defensa-de-las-empresas-municipales\\\/#blogposting\",\"name\":\"El PSOE de Gij\\u00f3n lleva al pleno la defensa de las empresas municipales - El Digital de Asturias\",\"headline\":\"El PSOE de Gij\\u00f3n lleva al pleno la defensa de las empresas municipales\",\"author\":{\"@id\":\"https:\\\/\\\/www.eldigitaldeasturias.com\\\/noticias\\\/author\\\/admin\\\/#author\"},\"publisher\":{\"@id\":\"https:\\\/\\\/www.eldigitaldeasturias.com\\\/noticias\\\/#organization\"},\"image\":{\"@type\":\"ImageObject\",\"url\":\"https:\\\/\\\/www.eldigitaldeasturias.com\\\/noticias\\\/wp-content\\\/uploads\\\/2016\\\/03\\\/gijon.jpg\",\"width\":800,\"height\":450},\"datePublished\":\"2016-09-08T13:28:27+02:00\",\"dateModified\":\"2016-09-08T13:28:27+02:00\",\"inLanguage\":\"es-ES\",\"mainEntityOfPage\":{\"@id\":\"https:\\\/\\\/www.eldigitaldeasturias.com\\\/noticias\\\/el-psoe-de-gijon-lleva-al-pleno-la-defensa-de-las-empresas-municipales\\\/#webpage\"},\"isPartOf\":{\"@id\":\"https:\\\/\\\/www.eldigitaldeasturias.com\\\/noticias\\\/el-psoe-de-gijon-lleva-al-pleno-la-defensa-de-las-empresas-municipales\\\/#webpage\"},\"articleSection\":\"Actualidad Asturias\"},{\"@type\":\"BreadcrumbList\",\"@id\":\"https:\\\/\\\/www.eldigitaldeasturias.com\\\/noticias\\\/el-psoe-de-gijon-lleva-al-pleno-la-defensa-de-las-empresas-municipales\\\/#breadcrumblist\",\"itemListElement\":[{\"@type\":\"ListItem\",\"@id\":\"https:\\\/\\\/www.eldigitaldeasturias.com\\\/noticias#listItem\",\"position\":1,\"name\":\"Home\",\"item\":\"https:\\\/\\\/www.eldigitaldeasturias.com\\\/noticias\",\"nextItem\":{\"@type\":\"ListItem\",\"@id\":\"https:\\\/\\\/www.eldigitaldeasturias.com\\\/noticias\\\/category\\\/actualidad-asturias\\\/#listItem\",\"name\":\"Actualidad Asturias\"}},{\"@type\":\"ListItem\",\"@id\":\"https:\\\/\\\/www.eldigitaldeasturias.com\\\/noticias\\\/category\\\/actualidad-asturias\\\/#listItem\",\"position\":2,\"name\":\"Actualidad Asturias\",\"item\":\"https:\\\/\\\/www.eldigitaldeasturias.com\\\/noticias\\\/category\\\/actualidad-asturias\\\/\",\"nextItem\":{\"@type\":\"ListItem\",\"@id\":\"https:\\\/\\\/www.eldigitaldeasturias.com\\\/noticias\\\/el-psoe-de-gijon-lleva-al-pleno-la-defensa-de-las-empresas-municipales\\\/#listItem\",\"name\":\"El PSOE de Gij\\u00f3n lleva al pleno la defensa de las empresas municipales\"},\"previousItem\":{\"@type\":\"ListItem\",\"@id\":\"https:\\\/\\\/www.eldigitaldeasturias.com\\\/noticias#listItem\",\"name\":\"Home\"}},{\"@type\":\"ListItem\",\"@id\":\"https:\\\/\\\/www.eldigitaldeasturias.com\\\/noticias\\\/el-psoe-de-gijon-lleva-al-pleno-la-defensa-de-las-empresas-municipales\\\/#listItem\",\"position\":3,\"name\":\"El PSOE de Gij\\u00f3n lleva al pleno la defensa de las empresas municipales\",\"previousItem\":{\"@type\":\"ListItem\",\"@id\":\"https:\\\/\\\/www.eldigitaldeasturias.com\\\/noticias\\\/category\\\/actualidad-asturias\\\/#listItem\",\"name\":\"Actualidad Asturias\"}}]},{\"@type\":\"Organization\",\"@id\":\"https:\\\/\\\/www.eldigitaldeasturias.com\\\/noticias\\\/#organization\",\"name\":\"El Digital de Asturias\",\"description\":\"Hemeroteca\",\"url\":\"https:\\\/\\\/www.eldigitaldeasturias.com\\\/noticias\\\/\",\"email\":\"info@eldigitaldeasturias.com\",\"telephone\":\"+34652131393\",\"logo\":{\"@type\":\"ImageObject\",\"url\":\"https:\\\/\\\/www.eldigitaldeasturias.com\\\/noticias\\\/wp-content\\\/uploads\\\/2020\\\/12\\\/EDA.jpg\",\"@id\":\"https:\\\/\\\/www.eldigitaldeasturias.com\\\/noticias\\\/el-psoe-de-gijon-lleva-al-pleno-la-defensa-de-las-empresas-municipales\\\/#organizationLogo\",\"width\":649,\"height\":297},\"image\":{\"@id\":\"https:\\\/\\\/www.eldigitaldeasturias.com\\\/noticias\\\/el-psoe-de-gijon-lleva-al-pleno-la-defensa-de-las-empresas-municipales\\\/#organizationLogo\"},\"sameAs\":[\"https:\\\/\\\/facebook.com\\\/eldigitaldeasturias\",\"https:\\\/\\\/www.youtube.com\\\/channel\\\/UCZP-2wLEB9Rv6erhFmqVnvg\"],\"address\":{\"@id\":\"https:\\\/\\\/www.eldigitaldeasturias.com\\\/noticias\\\/#postaladdress\",\"@type\":\"PostalAddress\",\"streetAddress\":\"san antonio 4,\",\"postalCode\":\"33430\",\"addressLocality\":\"Cand\\u00e1s\",\"addressRegion\":\"Asturias\",\"addressCountry\":\"ES\"}},{\"@type\":\"Person\",\"@id\":\"https:\\\/\\\/www.eldigitaldeasturias.com\\\/noticias\\\/author\\\/admin\\\/#author\",\"url\":\"https:\\\/\\\/www.eldigitaldeasturias.com\\\/noticias\\\/author\\\/admin\\\/\",\"name\":\"El Digital de Asturias\",\"image\":{\"@type\":\"ImageObject\",\"@id\":\"https:\\\/\\\/www.eldigitaldeasturias.com\\\/noticias\\\/el-psoe-de-gijon-lleva-al-pleno-la-defensa-de-las-empresas-municipales\\\/#authorImage\",\"url\":\"https:\\\/\\\/www.eldigitaldeasturias.com\\\/noticias\\\/wp-content\\\/litespeed\\\/avatar\\\/18677e78aa0546b92d9dbf31ec7d7668.jpg?ver=1776685526\",\"width\":96,\"height\":96,\"caption\":\"El Digital de Asturias\"}},{\"@type\":\"WebPage\",\"@id\":\"https:\\\/\\\/www.eldigitaldeasturias.com\\\/noticias\\\/el-psoe-de-gijon-lleva-al-pleno-la-defensa-de-las-empresas-municipales\\\/#webpage\",\"url\":\"https:\\\/\\\/www.eldigitaldeasturias.com\\\/noticias\\\/el-psoe-de-gijon-lleva-al-pleno-la-defensa-de-las-empresas-municipales\\\/\",\"name\":\"El PSOE de Gij\\u00f3n lleva al pleno la defensa de las empresas municipales - El Digital de Asturias\",\"description\":\"La concejala del Grupo Municipal Socialista Marina Pineda, ha presentado este jueves una proposici\\u00f3n para que el gobierno municipal de Foro inste a la administraci\\u00f3n central a que derogue la Disposici\\u00f3n Adicional Novena de la Ley de Bases de R\\u00e9gimen Local, en defensa de las empresas p\\u00fablicas municipales. La iniciativa socialista recoge tambi\\u00e9n que el\",\"inLanguage\":\"es-ES\",\"isPartOf\":{\"@id\":\"https:\\\/\\\/www.eldigitaldeasturias.com\\\/noticias\\\/#website\"},\"breadcrumb\":{\"@id\":\"https:\\\/\\\/www.eldigitaldeasturias.com\\\/noticias\\\/el-psoe-de-gijon-lleva-al-pleno-la-defensa-de-las-empresas-municipales\\\/#breadcrumblist\"},\"author\":{\"@id\":\"https:\\\/\\\/www.eldigitaldeasturias.com\\\/noticias\\\/author\\\/admin\\\/#author\"},\"creator\":{\"@id\":\"https:\\\/\\\/www.eldigitaldeasturias.com\\\/noticias\\\/author\\\/admin\\\/#author\"},\"image\":{\"@type\":\"ImageObject\",\"url\":\"https:\\\/\\\/www.eldigitaldeasturias.com\\\/noticias\\\/wp-content\\\/uploads\\\/2016\\\/03\\\/gijon.jpg\",\"@id\":\"https:\\\/\\\/www.eldigitaldeasturias.com\\\/noticias\\\/el-psoe-de-gijon-lleva-al-pleno-la-defensa-de-las-empresas-municipales\\\/#mainImage\",\"width\":800,\"height\":450},\"primaryImageOfPage\":{\"@id\":\"https:\\\/\\\/www.eldigitaldeasturias.com\\\/noticias\\\/el-psoe-de-gijon-lleva-al-pleno-la-defensa-de-las-empresas-municipales\\\/#mainImage\"},\"datePublished\":\"2016-09-08T13:28:27+02:00\",\"dateModified\":\"2016-09-08T13:28:27+02:00\"},{\"@type\":\"WebSite\",\"@id\":\"https:\\\/\\\/www.eldigitaldeasturias.com\\\/noticias\\\/#website\",\"url\":\"https:\\\/\\\/www.eldigitaldeasturias.com\\\/noticias\\\/\",\"name\":\"El Digital de Asturias - Diario de actualidad y noticias\",\"alternateName\":\"El Digital de Asturias - Diario de actualidad y noticias\",\"description\":\"Hemeroteca\",\"inLanguage\":\"es-ES\",\"publisher\":{\"@id\":\"https:\\\/\\\/www.eldigitaldeasturias.com\\\/noticias\\\/#organization\"}}]}\n\t\t<\/script>\n\t\t<!-- All in One SEO Pro -->\r\n\t\t<title>El PSOE de Gij\u00f3n lleva al pleno la defensa de las empresas municipales - El Digital de Asturias<\/title>\n\n","aioseo_head_json":{"title":"El PSOE de Gij\u00f3n lleva al pleno la defensa de las empresas municipales - El Digital de Asturias","description":"La concejala del Grupo Municipal Socialista Marina Pineda, ha presentado este jueves una proposici\u00f3n para que el gobierno municipal de Foro inste a la administraci\u00f3n central a que derogue la Disposici\u00f3n Adicional Novena de la Ley de Bases de R\u00e9gimen Local, en defensa de las empresas p\u00fablicas municipales. La iniciativa socialista recoge tambi\u00e9n que el","canonical_url":"https:\/\/www.eldigitaldeasturias.com\/noticias\/el-psoe-de-gijon-lleva-al-pleno-la-defensa-de-las-empresas-municipales\/","robots":"max-image-preview:large","keywords":"actualidad asturias","webmasterTools":{"google-site-verification":"UA-38556648-1","msvalidate.01":"7dfe9f3f1b24437ab69f4f2559babe99","miscellaneous":""},"schema":{"@context":"https:\/\/schema.org","@graph":[{"@type":"BlogPosting","@id":"https:\/\/www.eldigitaldeasturias.com\/noticias\/el-psoe-de-gijon-lleva-al-pleno-la-defensa-de-las-empresas-municipales\/#blogposting","name":"El PSOE de Gij\u00f3n lleva al pleno la defensa de las empresas municipales - El Digital de Asturias","headline":"El PSOE de Gij\u00f3n lleva al pleno la defensa de las empresas municipales","author":{"@id":"https:\/\/www.eldigitaldeasturias.com\/noticias\/author\/admin\/#author"},"publisher":{"@id":"https:\/\/www.eldigitaldeasturias.com\/noticias\/#organization"},"image":{"@type":"ImageObject","url":"https:\/\/www.eldigitaldeasturias.com\/noticias\/wp-content\/uploads\/2016\/03\/gijon.jpg","width":800,"height":450},"datePublished":"2016-09-08T13:28:27+02:00","dateModified":"2016-09-08T13:28:27+02:00","inLanguage":"es-ES","mainEntityOfPage":{"@id":"https:\/\/www.eldigitaldeasturias.com\/noticias\/el-psoe-de-gijon-lleva-al-pleno-la-defensa-de-las-empresas-municipales\/#webpage"},"isPartOf":{"@id":"https:\/\/www.eldigitaldeasturias.com\/noticias\/el-psoe-de-gijon-lleva-al-pleno-la-defensa-de-las-empresas-municipales\/#webpage"},"articleSection":"Actualidad Asturias"},{"@type":"BreadcrumbList","@id":"https:\/\/www.eldigitaldeasturias.com\/noticias\/el-psoe-de-gijon-lleva-al-pleno-la-defensa-de-las-empresas-municipales\/#breadcrumblist","itemListElement":[{"@type":"ListItem","@id":"https:\/\/www.eldigitaldeasturias.com\/noticias#listItem","position":1,"name":"Home","item":"https:\/\/www.eldigitaldeasturias.com\/noticias","nextItem":{"@type":"ListItem","@id":"https:\/\/www.eldigitaldeasturias.com\/noticias\/category\/actualidad-asturias\/#listItem","name":"Actualidad Asturias"}},{"@type":"ListItem","@id":"https:\/\/www.eldigitaldeasturias.com\/noticias\/category\/actualidad-asturias\/#listItem","position":2,"name":"Actualidad Asturias","item":"https:\/\/www.eldigitaldeasturias.com\/noticias\/category\/actualidad-asturias\/","nextItem":{"@type":"ListItem","@id":"https:\/\/www.eldigitaldeasturias.com\/noticias\/el-psoe-de-gijon-lleva-al-pleno-la-defensa-de-las-empresas-municipales\/#listItem","name":"El PSOE de Gij\u00f3n lleva al pleno la defensa de las empresas municipales"},"previousItem":{"@type":"ListItem","@id":"https:\/\/www.eldigitaldeasturias.com\/noticias#listItem","name":"Home"}},{"@type":"ListItem","@id":"https:\/\/www.eldigitaldeasturias.com\/noticias\/el-psoe-de-gijon-lleva-al-pleno-la-defensa-de-las-empresas-municipales\/#listItem","position":3,"name":"El PSOE de Gij\u00f3n lleva al pleno la defensa de las empresas municipales","previousItem":{"@type":"ListItem","@id":"https:\/\/www.eldigitaldeasturias.com\/noticias\/category\/actualidad-asturias\/#listItem","name":"Actualidad Asturias"}}]},{"@type":"Organization","@id":"https:\/\/www.eldigitaldeasturias.com\/noticias\/#organization","name":"El Digital de Asturias","description":"Hemeroteca","url":"https:\/\/www.eldigitaldeasturias.com\/noticias\/","email":"info@eldigitaldeasturias.com","telephone":"+34652131393","logo":{"@type":"ImageObject","url":"https:\/\/www.eldigitaldeasturias.com\/noticias\/wp-content\/uploads\/2020\/12\/EDA.jpg","@id":"https:\/\/www.eldigitaldeasturias.com\/noticias\/el-psoe-de-gijon-lleva-al-pleno-la-defensa-de-las-empresas-municipales\/#organizationLogo","width":649,"height":297},"image":{"@id":"https:\/\/www.eldigitaldeasturias.com\/noticias\/el-psoe-de-gijon-lleva-al-pleno-la-defensa-de-las-empresas-municipales\/#organizationLogo"},"sameAs":["https:\/\/facebook.com\/eldigitaldeasturias","https:\/\/www.youtube.com\/channel\/UCZP-2wLEB9Rv6erhFmqVnvg"],"address":{"@id":"https:\/\/www.eldigitaldeasturias.com\/noticias\/#postaladdress","@type":"PostalAddress","streetAddress":"san antonio 4,","postalCode":"33430","addressLocality":"Cand\u00e1s","addressRegion":"Asturias","addressCountry":"ES"}},{"@type":"Person","@id":"https:\/\/www.eldigitaldeasturias.com\/noticias\/author\/admin\/#author","url":"https:\/\/www.eldigitaldeasturias.com\/noticias\/author\/admin\/","name":"El Digital de Asturias","image":{"@type":"ImageObject","@id":"https:\/\/www.eldigitaldeasturias.com\/noticias\/el-psoe-de-gijon-lleva-al-pleno-la-defensa-de-las-empresas-municipales\/#authorImage","url":"https:\/\/www.eldigitaldeasturias.com\/noticias\/wp-content\/litespeed\/avatar\/18677e78aa0546b92d9dbf31ec7d7668.jpg?ver=1776685526","width":96,"height":96,"caption":"El Digital de Asturias"}},{"@type":"WebPage","@id":"https:\/\/www.eldigitaldeasturias.com\/noticias\/el-psoe-de-gijon-lleva-al-pleno-la-defensa-de-las-empresas-municipales\/#webpage","url":"https:\/\/www.eldigitaldeasturias.com\/noticias\/el-psoe-de-gijon-lleva-al-pleno-la-defensa-de-las-empresas-municipales\/","name":"El PSOE de Gij\u00f3n lleva al pleno la defensa de las empresas municipales - El Digital de Asturias","description":"La concejala del Grupo Municipal Socialista Marina Pineda, ha presentado este jueves una proposici\u00f3n para que el gobierno municipal de Foro inste a la administraci\u00f3n central a que derogue la Disposici\u00f3n Adicional Novena de la Ley de Bases de R\u00e9gimen Local, en defensa de las empresas p\u00fablicas municipales. La iniciativa socialista recoge tambi\u00e9n que el","inLanguage":"es-ES","isPartOf":{"@id":"https:\/\/www.eldigitaldeasturias.com\/noticias\/#website"},"breadcrumb":{"@id":"https:\/\/www.eldigitaldeasturias.com\/noticias\/el-psoe-de-gijon-lleva-al-pleno-la-defensa-de-las-empresas-municipales\/#breadcrumblist"},"author":{"@id":"https:\/\/www.eldigitaldeasturias.com\/noticias\/author\/admin\/#author"},"creator":{"@id":"https:\/\/www.eldigitaldeasturias.com\/noticias\/author\/admin\/#author"},"image":{"@type":"ImageObject","url":"https:\/\/www.eldigitaldeasturias.com\/noticias\/wp-content\/uploads\/2016\/03\/gijon.jpg","@id":"https:\/\/www.eldigitaldeasturias.com\/noticias\/el-psoe-de-gijon-lleva-al-pleno-la-defensa-de-las-empresas-municipales\/#mainImage","width":800,"height":450},"primaryImageOfPage":{"@id":"https:\/\/www.eldigitaldeasturias.com\/noticias\/el-psoe-de-gijon-lleva-al-pleno-la-defensa-de-las-empresas-municipales\/#mainImage"},"datePublished":"2016-09-08T13:28:27+02:00","dateModified":"2016-09-08T13:28:27+02:00"},{"@type":"WebSite","@id":"https:\/\/www.eldigitaldeasturias.com\/noticias\/#website","url":"https:\/\/www.eldigitaldeasturias.com\/noticias\/","name":"El Digital de Asturias - Diario de actualidad y noticias","alternateName":"El Digital de Asturias - Diario de actualidad y noticias","description":"Hemeroteca","inLanguage":"es-ES","publisher":{"@id":"https:\/\/www.eldigitaldeasturias.com\/noticias\/#organization"}}]},"og:locale":"es_ES","og:site_name":"El Digital de Asturias","og:type":"article","og:title":"El PSOE de Gij\u00f3n lleva al pleno la defensa de las empresas municipales - El Digital de Asturias","og:description":"La concejala del Grupo Municipal Socialista Marina Pineda, ha presentado este jueves una proposici\u00f3n para que el gobierno municipal de Foro inste a la administraci\u00f3n central a que derogue la Disposici\u00f3n Adicional Novena de la Ley de Bases de R\u00e9gimen Local, en defensa de las empresas p\u00fablicas municipales. La iniciativa socialista recoge tambi\u00e9n que el","og:url":"https:\/\/www.eldigitaldeasturias.com\/noticias\/el-psoe-de-gijon-lleva-al-pleno-la-defensa-de-las-empresas-municipales\/","og:image":"https:\/\/www.eldigitaldeasturias.com\/noticias\/wp-content\/uploads\/2016\/03\/gijon.jpg","og:image:secure_url":"https:\/\/www.eldigitaldeasturias.com\/noticias\/wp-content\/uploads\/2016\/03\/gijon.jpg","og:image:width":800,"og:image:height":450,"article:tag":["actualidad asturias"],"article:published_time":"2016-09-08T12:28:27+00:00","article:modified_time":"2016-09-08T12:28:27+00:00","article:publisher":"https:\/\/facebook.com\/eldigitaldeasturias","twitter:card":"summary_large_image","twitter:title":"El PSOE de Gij\u00f3n lleva al pleno la defensa de las empresas municipales - El Digital de Asturias","twitter:description":"La concejala del Grupo Municipal Socialista Marina Pineda, ha presentado este jueves una proposici\u00f3n para que el gobierno municipal de Foro inste a la administraci\u00f3n central a que derogue la Disposici\u00f3n Adicional Novena de la Ley de Bases de R\u00e9gimen Local, en defensa de las empresas p\u00fablicas municipales. La iniciativa socialista recoge tambi\u00e9n que el","twitter:image":"https:\/\/www.eldigitaldeasturias.com\/noticias\/wp-content\/uploads\/2016\/03\/gijon.jpg","twitter:label1":"Escrito por","twitter:data1":"El Digital de Asturias","twitter:label2":"Tiempo de lectura estimado","twitter:data2":"2 minutos"},"aioseo_meta_data":{"post_id":"906440","title":null,"description":null,"keywords":null,"keyphrases":null,"primary_term":null,"canonical_url":null,"og_title":null,"og_description":null,"og_object_type":"default","og_image_type":"default","og_image_url":null,"og_image_width":null,"og_image_height":null,"og_image_custom_url":null,"og_image_custom_fields":null,"og_video":null,"og_custom_url":null,"og_article_section":null,"og_article_tags":null,"twitter_use_og":false,"twitter_card":"default","twitter_image_type":"default","twitter_image_url":null,"twitter_image_custom_url":null,"twitter_image_custom_fields":null,"twitter_title":null,"twitter_description":null,"schema":{"blockGraphs":[],"customGraphs":[],"default":{"data":{"Article":[],"Course":[],"Dataset":[],"FAQPage":[],"Movie":[],"Person":[],"Product":[],"ProductReview":[],"Car":[],"Recipe":[],"Service":[],"SoftwareApplication":[],"WebPage":[]},"graphName":"","isEnabled":true},"graphs":[],"defaultGraph":"","defaultPostTypeGraph":""},"schema_type":null,"schema_type_options":null,"pillar_content":false,"robots_default":true,"robots_noindex":false,"robots_noarchive":false,"robots_nosnippet":false,"robots_nofollow":false,"robots_noimageindex":false,"robots_noodp":false,"robots_notranslate":false,"robots_max_snippet":null,"robots_max_videopreview":null,"robots_max_imagepreview":"large","priority":null,"frequency":null,"local_seo":null,"seo_analyzer_scan_date":"2025-11-30 09:00:15","breadcrumb_settings":null,"limit_modified_date":false,"open_ai":null,"ai":null,"created":"2020-12-21 14:01:33","updated":"2025-11-30 09:00:15"},"aioseo_breadcrumb":"<div class=\"aioseo-breadcrumbs\"><span class=\"aioseo-breadcrumb\">\n\t<a href=\"https:\/\/www.eldigitaldeasturias.com\/noticias\" title=\"Home\">Home<\/a>\n<\/span><span class=\"aioseo-breadcrumb-separator\">\u2013<\/span><span class=\"aioseo-breadcrumb\">\n\t<a href=\"https:\/\/www.eldigitaldeasturias.com\/noticias\/category\/actualidad-asturias\/\" title=\"Actualidad Asturias\">Actualidad Asturias<\/a>\n<\/span><span class=\"aioseo-breadcrumb-separator\">\u2013<\/span><span class=\"aioseo-breadcrumb\">\n\t<a href=\"https:\/\/www.eldigitaldeasturias.com\/noticias\/el-psoe-de-gijon-lleva-al-pleno-la-defensa-de-las-empresas-municipales\/\" title=\"El PSOE de Gij\u00f3n lleva al pleno la defensa de las empresas municipales\">El PSOE de Gij\u00f3n lleva al pleno la defensa de las empresas municipales<\/a>\n<\/span><\/div>","aioseo_breadcrumb_json":[{"label":"Home","link":"https:\/\/www.eldigitaldeasturias.com\/noticias"},{"label":"Actualidad Asturias","link":"https:\/\/www.eldigitaldeasturias.com\/noticias\/category\/actualidad-asturias\/"},{"label":"El PSOE de Gij\u00f3n lleva al pleno la defensa de las empresas municipales","link":"https:\/\/www.eldigitaldeasturias.com\/noticias\/el-psoe-de-gijon-lleva-al-pleno-la-defensa-de-las-empresas-municipales\/"}],"_links":{"self":[{"href":"https:\/\/www.eldigitaldeasturias.com\/noticias\/wp-json\/wp\/v2\/posts\/906440","targetHints":{"allow":["GET"]}}],"collection":[{"href":"https:\/\/www.eldigitaldeasturias.com\/noticias\/wp-json\/wp\/v2\/posts"}],"about":[{"href":"https:\/\/www.eldigitaldeasturias.com\/noticias\/wp-json\/wp\/v2\/types\/post"}],"author":[{"embeddable":true,"href":"https:\/\/www.eldigitaldeasturias.com\/noticias\/wp-json\/wp\/v2\/users\/1"}],"replies":[{"embeddable":true,"href":"https:\/\/www.eldigitaldeasturias.com\/noticias\/wp-json\/wp\/v2\/comments?post=906440"}],"version-history":[{"count":0,"href":"https:\/\/www.eldigitaldeasturias.com\/noticias\/wp-json\/wp\/v2\/posts\/906440\/revisions"}],"wp:featuredmedia":[{"embeddable":true,"href":"https:\/\/www.eldigitaldeasturias.com\/noticias\/wp-json\/wp\/v2\/media\/865821"}],"wp:attachment":[{"href":"https:\/\/www.eldigitaldeasturias.com\/noticias\/wp-json\/wp\/v2\/media?parent=906440"}],"wp:term":[{"taxonomy":"category","embeddable":true,"href":"https:\/\/www.eldigitaldeasturias.com\/noticias\/wp-json\/wp\/v2\/categories?post=906440"},{"taxonomy":"post_tag","embeddable":true,"href":"https:\/\/www.eldigitaldeasturias.com\/noticias\/wp-json\/wp\/v2\/tags?post=906440"}],"curies":[{"name":"wp","href":"https:\/\/api.w.org\/{rel}","templated":true}]}}