{"id":906437,"date":"2016-09-08T13:24:39","date_gmt":"2016-09-08T12:24:39","guid":{"rendered":"http:\/\/www.eldigitaldeasturias.com\/noticias\/?p=906437"},"modified":"2016-09-08T13:24:39","modified_gmt":"2016-09-08T12:24:39","slug":"foro-advierte-de-que-las-listas-de-espera-para-ayudas-a-la-dependencia-van-camino-de-batir-records","status":"publish","type":"post","link":"https:\/\/www.eldigitaldeasturias.com\/noticias\/foro-advierte-de-que-las-listas-de-espera-para-ayudas-a-la-dependencia-van-camino-de-batir-records\/","title":{"rendered":"Foro advierte de que las listas de espera para ayudas a la dependencia van \u00abcamino de batir r\u00e9cords\u00bb"},"content":{"rendered":"<p><img loading=\"lazy\" decoding=\"async\" class=\"alignleft size-medium wp-image-906438\" src=\"https:\/\/www.eldigitaldeasturias.com\/noticias\/wp-content\/uploads\/2016\/09\/fotonoticia_20160908111907_800-360x240.jpg\" alt=\"fotonoticia_20160908111907_800\" width=\"360\" height=\"240\" srcset=\"https:\/\/www.eldigitaldeasturias.com\/noticias\/wp-content\/uploads\/2016\/09\/fotonoticia_20160908111907_800-360x240.jpg 360w, https:\/\/www.eldigitaldeasturias.com\/noticias\/wp-content\/uploads\/2016\/09\/fotonoticia_20160908111907_800-768x512.jpg 768w, https:\/\/www.eldigitaldeasturias.com\/noticias\/wp-content\/uploads\/2016\/09\/fotonoticia_20160908111907_800-650x433.jpg 650w, https:\/\/www.eldigitaldeasturias.com\/noticias\/wp-content\/uploads\/2016\/09\/fotonoticia_20160908111907_800-84x55.jpg 84w, https:\/\/www.eldigitaldeasturias.com\/noticias\/wp-content\/uploads\/2016\/09\/fotonoticia_20160908111907_800-49x32.jpg 49w, https:\/\/www.eldigitaldeasturias.com\/noticias\/wp-content\/uploads\/2016\/09\/fotonoticia_20160908111907_800.jpg 800w\" sizes=\"auto, (max-width: 360px) 100vw, 360px\" \/>El diputado de Foro Asturias en la Junta General Pedro Leal, ha advertido este jueves del estado de las listas de espera por las ayudas a la dependencia. Seg\u00fan el parlamentario, \u00abvan camino de batir los r\u00e9cords de las sanitarias\u00bb.<\/p>\n<p>En una nota de prensa, ha explicado que Asturias cuenta con 4.107 personas con derecho reconocido que a\u00fan no han logrado que la Consejer\u00eda de Servicios y Derechos Sociales les d\u00e9 ninguna ayuda. Se debe, en su opini\u00f3n, a que en Asturias \u00abfaltan valoradores y los que hay mantienen con su esfuerzo y dedicaci\u00f3n el sistema con medios muy precarios\u00bb, a\u00f1adi\u00f3.<\/p>\n<p>Amparado en datos del Instituto de Mayores y Servicios Sociales (Imserso), Leal ha asegurado que a finales de julio en Asturias eran 23.100 las personas con derecho a una ayuda de dependencia, pero \u00abexiste un atasco\u00bb de 4.017 personas con derecho reconocido a alg\u00fan tipo de ayudas que a\u00fan no las han percibido.<\/p>\n<p>\u00abLejos de mejorar, es una situaci\u00f3n que, ante la inacci\u00f3n de la Consejer\u00eda y del gobierno de Javier Fern\u00e1ndez respecto al grav\u00edsimo problema demogr\u00e1fico de Asturias, tender\u00e1 a agravarse por el envejecimiento de la poblaci\u00f3n\u00bb, advierte el diputado de Foro.<\/p>\n<p>Estos \u00abatascos\u00bb, ha explicado, no son algo nuevo, puesto que el Principado \u00abtarda de 4 a 6 meses en enviar al valorador de dependencia\u00bb, primer paso para la tramitaci\u00f3n de las ayudas, cuando la ley fija un plazo m\u00e1ximo de seis meses para el reconocimiento de la condici\u00f3n de dependiente.<\/p>\n<p>&nbsp;<\/p>\n","protected":false},"excerpt":{"rendered":"<p>El diputado de Foro Asturias en la Junta General Pedro Leal, ha advertido este jueves del estado de las listas de espera por las ayudas a la dependencia. Seg\u00fan el parlamentario, \u00abvan camino de batir los r\u00e9cords de las sanitarias\u00bb. En una nota de prensa, ha explicado que Asturias cuenta con 4.107 personas con derecho [&hellip;]<\/p>\n","protected":false},"author":1,"featured_media":906438,"comment_status":"closed","ping_status":"closed","sticky":false,"template":"","format":"standard","meta":{"footnotes":""},"categories":[12],"tags":[],"class_list":["post-906437","post","type-post","status-publish","format-standard","has-post-thumbnail","hentry","category-actualidad-asturias"],"aioseo_notices":[],"aioseo_head":"\n\t\t<!-- All in One SEO Pro 4.9.6.2 - aioseo.com -->\n\t<meta name=\"description\" content=\"El diputado de Foro Asturias en la Junta General Pedro Leal, ha advertido este jueves del estado de las listas de espera por las ayudas a la dependencia. Seg\u00fan el parlamentario, &quot;van camino de batir los r\u00e9cords de las sanitarias&quot;. En una nota de prensa, ha explicado que Asturias cuenta con 4.107 personas con derecho\" \/>\n\t<meta name=\"robots\" content=\"max-image-preview:large\" \/>\n\t<meta name=\"author\" content=\"El Digital de Asturias\"\/>\n\t<meta name=\"google-site-verification\" content=\"UA-38556648-1\" \/>\n\t<meta name=\"msvalidate.01\" content=\"7dfe9f3f1b24437ab69f4f2559babe99\" \/>\n\t<meta name=\"keywords\" content=\"actualidad asturias\" \/>\n\t<link rel=\"canonical\" href=\"https:\/\/www.eldigitaldeasturias.com\/noticias\/foro-advierte-de-que-las-listas-de-espera-para-ayudas-a-la-dependencia-van-camino-de-batir-records\/\" \/>\n\t<meta name=\"generator\" content=\"All in One SEO Pro (AIOSEO) 4.9.6.2\" \/>\n\t\t<meta property=\"og:locale\" content=\"es_ES\" \/>\n\t\t<meta property=\"og:site_name\" content=\"El Digital de Asturias\" \/>\n\t\t<meta property=\"og:type\" content=\"article\" \/>\n\t\t<meta property=\"og:title\" content=\"Foro advierte de que las listas de espera para ayudas a la dependencia van \u00abcamino de batir r\u00e9cords\u00bb - El Digital de Asturias\" \/>\n\t\t<meta property=\"og:description\" content=\"El diputado de Foro Asturias en la Junta General Pedro Leal, ha advertido este jueves del estado de las listas de espera por las ayudas a la dependencia. Seg\u00fan el parlamentario, &quot;van camino de batir los r\u00e9cords de las sanitarias&quot;. En una nota de prensa, ha explicado que Asturias cuenta con 4.107 personas con derecho\" \/>\n\t\t<meta property=\"og:url\" content=\"https:\/\/www.eldigitaldeasturias.com\/noticias\/foro-advierte-de-que-las-listas-de-espera-para-ayudas-a-la-dependencia-van-camino-de-batir-records\/\" \/>\n\t\t<meta property=\"og:image\" content=\"https:\/\/www.eldigitaldeasturias.com\/noticias\/wp-content\/uploads\/2016\/09\/fotonoticia_20160908111907_800.jpg\" \/>\n\t\t<meta property=\"og:image:secure_url\" content=\"https:\/\/www.eldigitaldeasturias.com\/noticias\/wp-content\/uploads\/2016\/09\/fotonoticia_20160908111907_800.jpg\" \/>\n\t\t<meta property=\"og:image:width\" content=\"800\" \/>\n\t\t<meta property=\"og:image:height\" content=\"533\" \/>\n\t\t<meta property=\"article:tag\" content=\"actualidad asturias\" \/>\n\t\t<meta property=\"article:published_time\" content=\"2016-09-08T12:24:39+00:00\" \/>\n\t\t<meta property=\"article:modified_time\" content=\"2016-09-08T12:24:39+00:00\" \/>\n\t\t<meta property=\"article:publisher\" content=\"https:\/\/facebook.com\/eldigitaldeasturias\" \/>\n\t\t<meta name=\"twitter:card\" content=\"summary_large_image\" \/>\n\t\t<meta name=\"twitter:title\" content=\"Foro advierte de que las listas de espera para ayudas a la dependencia van \u00abcamino de batir r\u00e9cords\u00bb - El Digital de Asturias\" \/>\n\t\t<meta name=\"twitter:description\" content=\"El diputado de Foro Asturias en la Junta General Pedro Leal, ha advertido este jueves del estado de las listas de espera por las ayudas a la dependencia. Seg\u00fan el parlamentario, &quot;van camino de batir los r\u00e9cords de las sanitarias&quot;. En una nota de prensa, ha explicado que Asturias cuenta con 4.107 personas con derecho\" \/>\n\t\t<meta name=\"twitter:image\" content=\"https:\/\/www.eldigitaldeasturias.com\/noticias\/wp-content\/uploads\/2016\/09\/fotonoticia_20160908111907_800.jpg\" \/>\n\t\t<meta name=\"twitter:label1\" content=\"Escrito por\" \/>\n\t\t<meta name=\"twitter:data1\" content=\"El Digital de Asturias\" \/>\n\t\t<meta name=\"twitter:label2\" content=\"Tiempo de lectura estimado\" \/>\n\t\t<meta name=\"twitter:data2\" content=\"1 minuto\" \/>\n\t\t<script type=\"application\/ld+json\" class=\"aioseo-schema\">\n\t\t\t{\"@context\":\"https:\\\/\\\/schema.org\",\"@graph\":[{\"@type\":\"BlogPosting\",\"@id\":\"https:\\\/\\\/www.eldigitaldeasturias.com\\\/noticias\\\/foro-advierte-de-que-las-listas-de-espera-para-ayudas-a-la-dependencia-van-camino-de-batir-records\\\/#blogposting\",\"name\":\"Foro advierte de que las listas de espera para ayudas a la dependencia van \\u00abcamino de batir r\\u00e9cords\\u00bb - El Digital de Asturias\",\"headline\":\"Foro advierte de que las listas de espera para ayudas a la dependencia van \\u00abcamino de batir r\\u00e9cords\\u00bb\",\"author\":{\"@id\":\"https:\\\/\\\/www.eldigitaldeasturias.com\\\/noticias\\\/author\\\/admin\\\/#author\"},\"publisher\":{\"@id\":\"https:\\\/\\\/www.eldigitaldeasturias.com\\\/noticias\\\/#organization\"},\"image\":{\"@type\":\"ImageObject\",\"url\":\"https:\\\/\\\/www.eldigitaldeasturias.com\\\/noticias\\\/wp-content\\\/uploads\\\/2016\\\/09\\\/fotonoticia_20160908111907_800.jpg\",\"width\":800,\"height\":533},\"datePublished\":\"2016-09-08T13:24:39+02:00\",\"dateModified\":\"2016-09-08T13:24:39+02:00\",\"inLanguage\":\"es-ES\",\"mainEntityOfPage\":{\"@id\":\"https:\\\/\\\/www.eldigitaldeasturias.com\\\/noticias\\\/foro-advierte-de-que-las-listas-de-espera-para-ayudas-a-la-dependencia-van-camino-de-batir-records\\\/#webpage\"},\"isPartOf\":{\"@id\":\"https:\\\/\\\/www.eldigitaldeasturias.com\\\/noticias\\\/foro-advierte-de-que-las-listas-de-espera-para-ayudas-a-la-dependencia-van-camino-de-batir-records\\\/#webpage\"},\"articleSection\":\"Actualidad Asturias\"},{\"@type\":\"BreadcrumbList\",\"@id\":\"https:\\\/\\\/www.eldigitaldeasturias.com\\\/noticias\\\/foro-advierte-de-que-las-listas-de-espera-para-ayudas-a-la-dependencia-van-camino-de-batir-records\\\/#breadcrumblist\",\"itemListElement\":[{\"@type\":\"ListItem\",\"@id\":\"https:\\\/\\\/www.eldigitaldeasturias.com\\\/noticias#listItem\",\"position\":1,\"name\":\"Home\",\"item\":\"https:\\\/\\\/www.eldigitaldeasturias.com\\\/noticias\",\"nextItem\":{\"@type\":\"ListItem\",\"@id\":\"https:\\\/\\\/www.eldigitaldeasturias.com\\\/noticias\\\/category\\\/actualidad-asturias\\\/#listItem\",\"name\":\"Actualidad Asturias\"}},{\"@type\":\"ListItem\",\"@id\":\"https:\\\/\\\/www.eldigitaldeasturias.com\\\/noticias\\\/category\\\/actualidad-asturias\\\/#listItem\",\"position\":2,\"name\":\"Actualidad Asturias\",\"item\":\"https:\\\/\\\/www.eldigitaldeasturias.com\\\/noticias\\\/category\\\/actualidad-asturias\\\/\",\"nextItem\":{\"@type\":\"ListItem\",\"@id\":\"https:\\\/\\\/www.eldigitaldeasturias.com\\\/noticias\\\/foro-advierte-de-que-las-listas-de-espera-para-ayudas-a-la-dependencia-van-camino-de-batir-records\\\/#listItem\",\"name\":\"Foro advierte de que las listas de espera para ayudas a la dependencia van \\u00abcamino de batir r\\u00e9cords\\u00bb\"},\"previousItem\":{\"@type\":\"ListItem\",\"@id\":\"https:\\\/\\\/www.eldigitaldeasturias.com\\\/noticias#listItem\",\"name\":\"Home\"}},{\"@type\":\"ListItem\",\"@id\":\"https:\\\/\\\/www.eldigitaldeasturias.com\\\/noticias\\\/foro-advierte-de-que-las-listas-de-espera-para-ayudas-a-la-dependencia-van-camino-de-batir-records\\\/#listItem\",\"position\":3,\"name\":\"Foro advierte de que las listas de espera para ayudas a la dependencia van \\u00abcamino de batir r\\u00e9cords\\u00bb\",\"previousItem\":{\"@type\":\"ListItem\",\"@id\":\"https:\\\/\\\/www.eldigitaldeasturias.com\\\/noticias\\\/category\\\/actualidad-asturias\\\/#listItem\",\"name\":\"Actualidad Asturias\"}}]},{\"@type\":\"Organization\",\"@id\":\"https:\\\/\\\/www.eldigitaldeasturias.com\\\/noticias\\\/#organization\",\"name\":\"El Digital de Asturias\",\"description\":\"Hemeroteca\",\"url\":\"https:\\\/\\\/www.eldigitaldeasturias.com\\\/noticias\\\/\",\"email\":\"info@eldigitaldeasturias.com\",\"telephone\":\"+34652131393\",\"logo\":{\"@type\":\"ImageObject\",\"url\":\"https:\\\/\\\/www.eldigitaldeasturias.com\\\/noticias\\\/wp-content\\\/uploads\\\/2020\\\/12\\\/EDA.jpg\",\"@id\":\"https:\\\/\\\/www.eldigitaldeasturias.com\\\/noticias\\\/foro-advierte-de-que-las-listas-de-espera-para-ayudas-a-la-dependencia-van-camino-de-batir-records\\\/#organizationLogo\",\"width\":649,\"height\":297},\"image\":{\"@id\":\"https:\\\/\\\/www.eldigitaldeasturias.com\\\/noticias\\\/foro-advierte-de-que-las-listas-de-espera-para-ayudas-a-la-dependencia-van-camino-de-batir-records\\\/#organizationLogo\"},\"sameAs\":[\"https:\\\/\\\/facebook.com\\\/eldigitaldeasturias\",\"https:\\\/\\\/www.youtube.com\\\/channel\\\/UCZP-2wLEB9Rv6erhFmqVnvg\"],\"address\":{\"@id\":\"https:\\\/\\\/www.eldigitaldeasturias.com\\\/noticias\\\/#postaladdress\",\"@type\":\"PostalAddress\",\"streetAddress\":\"san antonio 4,\",\"postalCode\":\"33430\",\"addressLocality\":\"Cand\\u00e1s\",\"addressRegion\":\"Asturias\",\"addressCountry\":\"ES\"}},{\"@type\":\"Person\",\"@id\":\"https:\\\/\\\/www.eldigitaldeasturias.com\\\/noticias\\\/author\\\/admin\\\/#author\",\"url\":\"https:\\\/\\\/www.eldigitaldeasturias.com\\\/noticias\\\/author\\\/admin\\\/\",\"name\":\"El Digital de Asturias\",\"image\":{\"@type\":\"ImageObject\",\"@id\":\"https:\\\/\\\/www.eldigitaldeasturias.com\\\/noticias\\\/foro-advierte-de-que-las-listas-de-espera-para-ayudas-a-la-dependencia-van-camino-de-batir-records\\\/#authorImage\",\"url\":\"https:\\\/\\\/www.eldigitaldeasturias.com\\\/noticias\\\/wp-content\\\/litespeed\\\/avatar\\\/18677e78aa0546b92d9dbf31ec7d7668.jpg?ver=1776685526\",\"width\":96,\"height\":96,\"caption\":\"El Digital de Asturias\"}},{\"@type\":\"WebPage\",\"@id\":\"https:\\\/\\\/www.eldigitaldeasturias.com\\\/noticias\\\/foro-advierte-de-que-las-listas-de-espera-para-ayudas-a-la-dependencia-van-camino-de-batir-records\\\/#webpage\",\"url\":\"https:\\\/\\\/www.eldigitaldeasturias.com\\\/noticias\\\/foro-advierte-de-que-las-listas-de-espera-para-ayudas-a-la-dependencia-van-camino-de-batir-records\\\/\",\"name\":\"Foro advierte de que las listas de espera para ayudas a la dependencia van \\u00abcamino de batir r\\u00e9cords\\u00bb - El Digital de Asturias\",\"description\":\"El diputado de Foro Asturias en la Junta General Pedro Leal, ha advertido este jueves del estado de las listas de espera por las ayudas a la dependencia. Seg\\u00fan el parlamentario, \\\"van camino de batir los r\\u00e9cords de las sanitarias\\\". En una nota de prensa, ha explicado que Asturias cuenta con 4.107 personas con derecho\",\"inLanguage\":\"es-ES\",\"isPartOf\":{\"@id\":\"https:\\\/\\\/www.eldigitaldeasturias.com\\\/noticias\\\/#website\"},\"breadcrumb\":{\"@id\":\"https:\\\/\\\/www.eldigitaldeasturias.com\\\/noticias\\\/foro-advierte-de-que-las-listas-de-espera-para-ayudas-a-la-dependencia-van-camino-de-batir-records\\\/#breadcrumblist\"},\"author\":{\"@id\":\"https:\\\/\\\/www.eldigitaldeasturias.com\\\/noticias\\\/author\\\/admin\\\/#author\"},\"creator\":{\"@id\":\"https:\\\/\\\/www.eldigitaldeasturias.com\\\/noticias\\\/author\\\/admin\\\/#author\"},\"image\":{\"@type\":\"ImageObject\",\"url\":\"https:\\\/\\\/www.eldigitaldeasturias.com\\\/noticias\\\/wp-content\\\/uploads\\\/2016\\\/09\\\/fotonoticia_20160908111907_800.jpg\",\"@id\":\"https:\\\/\\\/www.eldigitaldeasturias.com\\\/noticias\\\/foro-advierte-de-que-las-listas-de-espera-para-ayudas-a-la-dependencia-van-camino-de-batir-records\\\/#mainImage\",\"width\":800,\"height\":533},\"primaryImageOfPage\":{\"@id\":\"https:\\\/\\\/www.eldigitaldeasturias.com\\\/noticias\\\/foro-advierte-de-que-las-listas-de-espera-para-ayudas-a-la-dependencia-van-camino-de-batir-records\\\/#mainImage\"},\"datePublished\":\"2016-09-08T13:24:39+02:00\",\"dateModified\":\"2016-09-08T13:24:39+02:00\"},{\"@type\":\"WebSite\",\"@id\":\"https:\\\/\\\/www.eldigitaldeasturias.com\\\/noticias\\\/#website\",\"url\":\"https:\\\/\\\/www.eldigitaldeasturias.com\\\/noticias\\\/\",\"name\":\"El Digital de Asturias - Diario de actualidad y noticias\",\"alternateName\":\"El Digital de Asturias - Diario de actualidad y noticias\",\"description\":\"Hemeroteca\",\"inLanguage\":\"es-ES\",\"publisher\":{\"@id\":\"https:\\\/\\\/www.eldigitaldeasturias.com\\\/noticias\\\/#organization\"}}]}\n\t\t<\/script>\n\t\t<!-- All in One SEO Pro -->\r\n\t\t<title>Foro advierte de que las listas de espera para ayudas a la dependencia van \u00abcamino de batir r\u00e9cords\u00bb - El Digital de Asturias<\/title>\n\n","aioseo_head_json":{"title":"Foro advierte de que las listas de espera para ayudas a la dependencia van \u00abcamino de batir r\u00e9cords\u00bb - El Digital de Asturias","description":"El diputado de Foro Asturias en la Junta General Pedro Leal, ha advertido este jueves del estado de las listas de espera por las ayudas a la dependencia. Seg\u00fan el parlamentario, \"van camino de batir los r\u00e9cords de las sanitarias\". En una nota de prensa, ha explicado que Asturias cuenta con 4.107 personas con derecho","canonical_url":"https:\/\/www.eldigitaldeasturias.com\/noticias\/foro-advierte-de-que-las-listas-de-espera-para-ayudas-a-la-dependencia-van-camino-de-batir-records\/","robots":"max-image-preview:large","keywords":"actualidad asturias","webmasterTools":{"google-site-verification":"UA-38556648-1","msvalidate.01":"7dfe9f3f1b24437ab69f4f2559babe99","miscellaneous":""},"schema":{"@context":"https:\/\/schema.org","@graph":[{"@type":"BlogPosting","@id":"https:\/\/www.eldigitaldeasturias.com\/noticias\/foro-advierte-de-que-las-listas-de-espera-para-ayudas-a-la-dependencia-van-camino-de-batir-records\/#blogposting","name":"Foro advierte de que las listas de espera para ayudas a la dependencia van \u00abcamino de batir r\u00e9cords\u00bb - El Digital de Asturias","headline":"Foro advierte de que las listas de espera para ayudas a la dependencia van \u00abcamino de batir r\u00e9cords\u00bb","author":{"@id":"https:\/\/www.eldigitaldeasturias.com\/noticias\/author\/admin\/#author"},"publisher":{"@id":"https:\/\/www.eldigitaldeasturias.com\/noticias\/#organization"},"image":{"@type":"ImageObject","url":"https:\/\/www.eldigitaldeasturias.com\/noticias\/wp-content\/uploads\/2016\/09\/fotonoticia_20160908111907_800.jpg","width":800,"height":533},"datePublished":"2016-09-08T13:24:39+02:00","dateModified":"2016-09-08T13:24:39+02:00","inLanguage":"es-ES","mainEntityOfPage":{"@id":"https:\/\/www.eldigitaldeasturias.com\/noticias\/foro-advierte-de-que-las-listas-de-espera-para-ayudas-a-la-dependencia-van-camino-de-batir-records\/#webpage"},"isPartOf":{"@id":"https:\/\/www.eldigitaldeasturias.com\/noticias\/foro-advierte-de-que-las-listas-de-espera-para-ayudas-a-la-dependencia-van-camino-de-batir-records\/#webpage"},"articleSection":"Actualidad Asturias"},{"@type":"BreadcrumbList","@id":"https:\/\/www.eldigitaldeasturias.com\/noticias\/foro-advierte-de-que-las-listas-de-espera-para-ayudas-a-la-dependencia-van-camino-de-batir-records\/#breadcrumblist","itemListElement":[{"@type":"ListItem","@id":"https:\/\/www.eldigitaldeasturias.com\/noticias#listItem","position":1,"name":"Home","item":"https:\/\/www.eldigitaldeasturias.com\/noticias","nextItem":{"@type":"ListItem","@id":"https:\/\/www.eldigitaldeasturias.com\/noticias\/category\/actualidad-asturias\/#listItem","name":"Actualidad Asturias"}},{"@type":"ListItem","@id":"https:\/\/www.eldigitaldeasturias.com\/noticias\/category\/actualidad-asturias\/#listItem","position":2,"name":"Actualidad Asturias","item":"https:\/\/www.eldigitaldeasturias.com\/noticias\/category\/actualidad-asturias\/","nextItem":{"@type":"ListItem","@id":"https:\/\/www.eldigitaldeasturias.com\/noticias\/foro-advierte-de-que-las-listas-de-espera-para-ayudas-a-la-dependencia-van-camino-de-batir-records\/#listItem","name":"Foro advierte de que las listas de espera para ayudas a la dependencia van \u00abcamino de batir r\u00e9cords\u00bb"},"previousItem":{"@type":"ListItem","@id":"https:\/\/www.eldigitaldeasturias.com\/noticias#listItem","name":"Home"}},{"@type":"ListItem","@id":"https:\/\/www.eldigitaldeasturias.com\/noticias\/foro-advierte-de-que-las-listas-de-espera-para-ayudas-a-la-dependencia-van-camino-de-batir-records\/#listItem","position":3,"name":"Foro advierte de que las listas de espera para ayudas a la dependencia van \u00abcamino de batir r\u00e9cords\u00bb","previousItem":{"@type":"ListItem","@id":"https:\/\/www.eldigitaldeasturias.com\/noticias\/category\/actualidad-asturias\/#listItem","name":"Actualidad Asturias"}}]},{"@type":"Organization","@id":"https:\/\/www.eldigitaldeasturias.com\/noticias\/#organization","name":"El Digital de Asturias","description":"Hemeroteca","url":"https:\/\/www.eldigitaldeasturias.com\/noticias\/","email":"info@eldigitaldeasturias.com","telephone":"+34652131393","logo":{"@type":"ImageObject","url":"https:\/\/www.eldigitaldeasturias.com\/noticias\/wp-content\/uploads\/2020\/12\/EDA.jpg","@id":"https:\/\/www.eldigitaldeasturias.com\/noticias\/foro-advierte-de-que-las-listas-de-espera-para-ayudas-a-la-dependencia-van-camino-de-batir-records\/#organizationLogo","width":649,"height":297},"image":{"@id":"https:\/\/www.eldigitaldeasturias.com\/noticias\/foro-advierte-de-que-las-listas-de-espera-para-ayudas-a-la-dependencia-van-camino-de-batir-records\/#organizationLogo"},"sameAs":["https:\/\/facebook.com\/eldigitaldeasturias","https:\/\/www.youtube.com\/channel\/UCZP-2wLEB9Rv6erhFmqVnvg"],"address":{"@id":"https:\/\/www.eldigitaldeasturias.com\/noticias\/#postaladdress","@type":"PostalAddress","streetAddress":"san antonio 4,","postalCode":"33430","addressLocality":"Cand\u00e1s","addressRegion":"Asturias","addressCountry":"ES"}},{"@type":"Person","@id":"https:\/\/www.eldigitaldeasturias.com\/noticias\/author\/admin\/#author","url":"https:\/\/www.eldigitaldeasturias.com\/noticias\/author\/admin\/","name":"El Digital de Asturias","image":{"@type":"ImageObject","@id":"https:\/\/www.eldigitaldeasturias.com\/noticias\/foro-advierte-de-que-las-listas-de-espera-para-ayudas-a-la-dependencia-van-camino-de-batir-records\/#authorImage","url":"https:\/\/www.eldigitaldeasturias.com\/noticias\/wp-content\/litespeed\/avatar\/18677e78aa0546b92d9dbf31ec7d7668.jpg?ver=1776685526","width":96,"height":96,"caption":"El Digital de Asturias"}},{"@type":"WebPage","@id":"https:\/\/www.eldigitaldeasturias.com\/noticias\/foro-advierte-de-que-las-listas-de-espera-para-ayudas-a-la-dependencia-van-camino-de-batir-records\/#webpage","url":"https:\/\/www.eldigitaldeasturias.com\/noticias\/foro-advierte-de-que-las-listas-de-espera-para-ayudas-a-la-dependencia-van-camino-de-batir-records\/","name":"Foro advierte de que las listas de espera para ayudas a la dependencia van \u00abcamino de batir r\u00e9cords\u00bb - El Digital de Asturias","description":"El diputado de Foro Asturias en la Junta General Pedro Leal, ha advertido este jueves del estado de las listas de espera por las ayudas a la dependencia. Seg\u00fan el parlamentario, \"van camino de batir los r\u00e9cords de las sanitarias\". En una nota de prensa, ha explicado que Asturias cuenta con 4.107 personas con derecho","inLanguage":"es-ES","isPartOf":{"@id":"https:\/\/www.eldigitaldeasturias.com\/noticias\/#website"},"breadcrumb":{"@id":"https:\/\/www.eldigitaldeasturias.com\/noticias\/foro-advierte-de-que-las-listas-de-espera-para-ayudas-a-la-dependencia-van-camino-de-batir-records\/#breadcrumblist"},"author":{"@id":"https:\/\/www.eldigitaldeasturias.com\/noticias\/author\/admin\/#author"},"creator":{"@id":"https:\/\/www.eldigitaldeasturias.com\/noticias\/author\/admin\/#author"},"image":{"@type":"ImageObject","url":"https:\/\/www.eldigitaldeasturias.com\/noticias\/wp-content\/uploads\/2016\/09\/fotonoticia_20160908111907_800.jpg","@id":"https:\/\/www.eldigitaldeasturias.com\/noticias\/foro-advierte-de-que-las-listas-de-espera-para-ayudas-a-la-dependencia-van-camino-de-batir-records\/#mainImage","width":800,"height":533},"primaryImageOfPage":{"@id":"https:\/\/www.eldigitaldeasturias.com\/noticias\/foro-advierte-de-que-las-listas-de-espera-para-ayudas-a-la-dependencia-van-camino-de-batir-records\/#mainImage"},"datePublished":"2016-09-08T13:24:39+02:00","dateModified":"2016-09-08T13:24:39+02:00"},{"@type":"WebSite","@id":"https:\/\/www.eldigitaldeasturias.com\/noticias\/#website","url":"https:\/\/www.eldigitaldeasturias.com\/noticias\/","name":"El Digital de Asturias - Diario de actualidad y noticias","alternateName":"El Digital de Asturias - Diario de actualidad y noticias","description":"Hemeroteca","inLanguage":"es-ES","publisher":{"@id":"https:\/\/www.eldigitaldeasturias.com\/noticias\/#organization"}}]},"og:locale":"es_ES","og:site_name":"El Digital de Asturias","og:type":"article","og:title":"Foro advierte de que las listas de espera para ayudas a la dependencia van \u00abcamino de batir r\u00e9cords\u00bb - El Digital de Asturias","og:description":"El diputado de Foro Asturias en la Junta General Pedro Leal, ha advertido este jueves del estado de las listas de espera por las ayudas a la dependencia. Seg\u00fan el parlamentario, &quot;van camino de batir los r\u00e9cords de las sanitarias&quot;. En una nota de prensa, ha explicado que Asturias cuenta con 4.107 personas con derecho","og:url":"https:\/\/www.eldigitaldeasturias.com\/noticias\/foro-advierte-de-que-las-listas-de-espera-para-ayudas-a-la-dependencia-van-camino-de-batir-records\/","og:image":"https:\/\/www.eldigitaldeasturias.com\/noticias\/wp-content\/uploads\/2016\/09\/fotonoticia_20160908111907_800.jpg","og:image:secure_url":"https:\/\/www.eldigitaldeasturias.com\/noticias\/wp-content\/uploads\/2016\/09\/fotonoticia_20160908111907_800.jpg","og:image:width":800,"og:image:height":533,"article:tag":["actualidad asturias"],"article:published_time":"2016-09-08T12:24:39+00:00","article:modified_time":"2016-09-08T12:24:39+00:00","article:publisher":"https:\/\/facebook.com\/eldigitaldeasturias","twitter:card":"summary_large_image","twitter:title":"Foro advierte de que las listas de espera para ayudas a la dependencia van \u00abcamino de batir r\u00e9cords\u00bb - El Digital de Asturias","twitter:description":"El diputado de Foro Asturias en la Junta General Pedro Leal, ha advertido este jueves del estado de las listas de espera por las ayudas a la dependencia. Seg\u00fan el parlamentario, &quot;van camino de batir los r\u00e9cords de las sanitarias&quot;. En una nota de prensa, ha explicado que Asturias cuenta con 4.107 personas con derecho","twitter:image":"https:\/\/www.eldigitaldeasturias.com\/noticias\/wp-content\/uploads\/2016\/09\/fotonoticia_20160908111907_800.jpg","twitter:label1":"Escrito por","twitter:data1":"El Digital de Asturias","twitter:label2":"Tiempo de lectura estimado","twitter:data2":"1 minuto"},"aioseo_meta_data":{"post_id":"906437","title":null,"description":null,"keywords":null,"keyphrases":null,"primary_term":null,"canonical_url":null,"og_title":null,"og_description":null,"og_object_type":"default","og_image_type":"default","og_image_url":null,"og_image_width":null,"og_image_height":null,"og_image_custom_url":null,"og_image_custom_fields":null,"og_video":null,"og_custom_url":null,"og_article_section":null,"og_article_tags":null,"twitter_use_og":false,"twitter_card":"default","twitter_image_type":"default","twitter_image_url":null,"twitter_image_custom_url":null,"twitter_image_custom_fields":null,"twitter_title":null,"twitter_description":null,"schema":{"blockGraphs":[],"customGraphs":[],"default":{"data":{"Article":[],"Course":[],"Dataset":[],"FAQPage":[],"Movie":[],"Person":[],"Product":[],"ProductReview":[],"Car":[],"Recipe":[],"Service":[],"SoftwareApplication":[],"WebPage":[]},"graphName":"","isEnabled":true},"graphs":[],"defaultGraph":"","defaultPostTypeGraph":""},"schema_type":null,"schema_type_options":null,"pillar_content":false,"robots_default":true,"robots_noindex":false,"robots_noarchive":false,"robots_nosnippet":false,"robots_nofollow":false,"robots_noimageindex":false,"robots_noodp":false,"robots_notranslate":false,"robots_max_snippet":null,"robots_max_videopreview":null,"robots_max_imagepreview":"large","priority":null,"frequency":null,"local_seo":null,"seo_analyzer_scan_date":"2025-11-30 09:00:15","breadcrumb_settings":null,"limit_modified_date":false,"open_ai":null,"ai":null,"created":"2020-12-21 14:01:33","updated":"2025-11-30 09:00:15"},"aioseo_breadcrumb":"<div class=\"aioseo-breadcrumbs\"><span class=\"aioseo-breadcrumb\">\n\t<a href=\"https:\/\/www.eldigitaldeasturias.com\/noticias\" title=\"Home\">Home<\/a>\n<\/span><span class=\"aioseo-breadcrumb-separator\">\u2013<\/span><span class=\"aioseo-breadcrumb\">\n\t<a href=\"https:\/\/www.eldigitaldeasturias.com\/noticias\/category\/actualidad-asturias\/\" title=\"Actualidad Asturias\">Actualidad Asturias<\/a>\n<\/span><span class=\"aioseo-breadcrumb-separator\">\u2013<\/span><span class=\"aioseo-breadcrumb\">\n\t<a href=\"https:\/\/www.eldigitaldeasturias.com\/noticias\/foro-advierte-de-que-las-listas-de-espera-para-ayudas-a-la-dependencia-van-camino-de-batir-records\/\" title=\"Foro advierte de que las listas de espera para ayudas a la dependencia van \u00abcamino de batir r\u00e9cords\u00bb\">Foro advierte de que las listas de espera para ayudas a la dependencia van \u00abcamino de batir r\u00e9cords\u00bb<\/a>\n<\/span><\/div>","aioseo_breadcrumb_json":[{"label":"Home","link":"https:\/\/www.eldigitaldeasturias.com\/noticias"},{"label":"Actualidad Asturias","link":"https:\/\/www.eldigitaldeasturias.com\/noticias\/category\/actualidad-asturias\/"},{"label":"Foro advierte de que las listas de espera para ayudas a la dependencia van \u00abcamino de batir r\u00e9cords\u00bb","link":"https:\/\/www.eldigitaldeasturias.com\/noticias\/foro-advierte-de-que-las-listas-de-espera-para-ayudas-a-la-dependencia-van-camino-de-batir-records\/"}],"_links":{"self":[{"href":"https:\/\/www.eldigitaldeasturias.com\/noticias\/wp-json\/wp\/v2\/posts\/906437","targetHints":{"allow":["GET"]}}],"collection":[{"href":"https:\/\/www.eldigitaldeasturias.com\/noticias\/wp-json\/wp\/v2\/posts"}],"about":[{"href":"https:\/\/www.eldigitaldeasturias.com\/noticias\/wp-json\/wp\/v2\/types\/post"}],"author":[{"embeddable":true,"href":"https:\/\/www.eldigitaldeasturias.com\/noticias\/wp-json\/wp\/v2\/users\/1"}],"replies":[{"embeddable":true,"href":"https:\/\/www.eldigitaldeasturias.com\/noticias\/wp-json\/wp\/v2\/comments?post=906437"}],"version-history":[{"count":0,"href":"https:\/\/www.eldigitaldeasturias.com\/noticias\/wp-json\/wp\/v2\/posts\/906437\/revisions"}],"wp:featuredmedia":[{"embeddable":true,"href":"https:\/\/www.eldigitaldeasturias.com\/noticias\/wp-json\/wp\/v2\/media\/906438"}],"wp:attachment":[{"href":"https:\/\/www.eldigitaldeasturias.com\/noticias\/wp-json\/wp\/v2\/media?parent=906437"}],"wp:term":[{"taxonomy":"category","embeddable":true,"href":"https:\/\/www.eldigitaldeasturias.com\/noticias\/wp-json\/wp\/v2\/categories?post=906437"},{"taxonomy":"post_tag","embeddable":true,"href":"https:\/\/www.eldigitaldeasturias.com\/noticias\/wp-json\/wp\/v2\/tags?post=906437"}],"curies":[{"name":"wp","href":"https:\/\/api.w.org\/{rel}","templated":true}]}}