{"id":906433,"date":"2016-09-08T13:16:22","date_gmt":"2016-09-08T12:16:22","guid":{"rendered":"http:\/\/www.eldigitaldeasturias.com\/noticias\/?p=906433"},"modified":"2016-09-08T13:16:22","modified_gmt":"2016-09-08T12:16:22","slug":"la-universidad-de-oviedo-ensalza-la-labor-de-jose-baruenga","status":"publish","type":"post","link":"https:\/\/www.eldigitaldeasturias.com\/noticias\/la-universidad-de-oviedo-ensalza-la-labor-de-jose-baruenga\/","title":{"rendered":"La Universidad de Oviedo ensalza la labor de Jos\u00e9 Baruenga"},"content":{"rendered":"<p><img loading=\"lazy\" decoding=\"async\" class=\"alignleft size-medium wp-image-794665\" src=\"https:\/\/www.eldigitaldeasturias.com\/noticias\/wp-content\/uploads\/2015\/07\/universidad-oviedo-360x270.jpg\" alt=\"universidad oviedo\" width=\"360\" height=\"270\" srcset=\"https:\/\/www.eldigitaldeasturias.com\/noticias\/wp-content\/uploads\/2015\/07\/universidad-oviedo-360x270.jpg 360w, https:\/\/www.eldigitaldeasturias.com\/noticias\/wp-content\/uploads\/2015\/07\/universidad-oviedo-768x576.jpg 768w, https:\/\/www.eldigitaldeasturias.com\/noticias\/wp-content\/uploads\/2015\/07\/universidad-oviedo-650x488.jpg 650w, https:\/\/www.eldigitaldeasturias.com\/noticias\/wp-content\/uploads\/2015\/07\/universidad-oviedo-90x67.jpg 90w, https:\/\/www.eldigitaldeasturias.com\/noticias\/wp-content\/uploads\/2015\/07\/universidad-oviedo-100x75.jpg 100w, https:\/\/www.eldigitaldeasturias.com\/noticias\/wp-content\/uploads\/2015\/07\/universidad-oviedo.jpg 800w\" sizes=\"auto, (max-width: 360px) 100vw, 360px\" \/>La Universidad de Oviedo ha emitido un comunicado en el que lamenta el fallecimiento del profesor Jos\u00e9 Barluenga Mur, un catedr\u00e1tico de Qu\u00edmica org\u00e1nica que, seg\u00fan la instituci\u00f3n, \u00abejerci\u00f3 con maestr\u00eda\u00bb la docencia y la labor investigadora. El funeral se celebrar\u00e1 este viernes a las 12.30 horas en la Iglesia de San Francisco de As\u00eds de Oviedo.<\/p>\n<p>El rectorado ha lamentado la p\u00e9rdida de \u00abuno de sus investigadores m\u00e1s destacados en el \u00e1mbito nacional e internacional\u00bb. Catedr\u00e1tico de Qu\u00edmica Org\u00e1nica y profesor em\u00e9rito, Jos\u00e9 Barluenga ejerci\u00f3 \u00abcon maestr\u00eda\u00bb la docencia y la investigaci\u00f3n en la Universidad de Oviedo desde 1975, tras su paso por el instituto Max Planck y por el Consejo Superior de Investigaciones Cient\u00edficas (CSIC).<\/p>\n<p>Impulsor del Instituto Universitario de Qu\u00edmica Organomet\u00e1lica Enrique Moles, en 1992, Jos\u00e9 Barluenga form\u00f3 un s\u00f3lido grupo de investigaci\u00f3n en la Universidad de Oviedo y una escuela a trav\u00e9s de sus disc\u00edpulos en Espa\u00f1a y fuera de Espa\u00f1a, y atesor\u00f3 m\u00e1s de una veintena de premios internacionales, adem\u00e1s de numerosas publicaciones del m\u00e1s alto nivel y direcciones de tesis doctorales.<\/p>\n<p>Entre sus galardones cient\u00edficos de prestigio destaca el Premio Rey Jaime I de Investigaci\u00f3n, mientras que en el \u00e1mbito social recogi\u00f3 la Medalla de Plata de Asturias en 2009.<\/p>\n<p>&nbsp;<\/p>\n<p>&nbsp;<\/p>\n","protected":false},"excerpt":{"rendered":"<p>La Universidad de Oviedo ha emitido un comunicado en el que lamenta el fallecimiento del profesor Jos\u00e9 Barluenga Mur, un catedr\u00e1tico de Qu\u00edmica org\u00e1nica que, seg\u00fan la instituci\u00f3n, \u00abejerci\u00f3 con maestr\u00eda\u00bb la docencia y la labor investigadora. El funeral se celebrar\u00e1 este viernes a las 12.30 horas en la Iglesia de San Francisco de As\u00eds [&hellip;]<\/p>\n","protected":false},"author":1,"featured_media":794665,"comment_status":"closed","ping_status":"closed","sticky":false,"template":"","format":"standard","meta":{"footnotes":""},"categories":[12],"tags":[],"class_list":["post-906433","post","type-post","status-publish","format-standard","has-post-thumbnail","hentry","category-actualidad-asturias"],"aioseo_notices":[],"aioseo_head":"\n\t\t<!-- All in One SEO Pro 4.9.6.2 - aioseo.com -->\n\t<meta name=\"description\" content=\"La Universidad de Oviedo ha emitido un comunicado en el que lamenta el fallecimiento del profesor Jos\u00e9 Barluenga Mur, un catedr\u00e1tico de Qu\u00edmica org\u00e1nica que, seg\u00fan la instituci\u00f3n, &quot;ejerci\u00f3 con maestr\u00eda&quot; la docencia y la labor investigadora. El funeral se celebrar\u00e1 este viernes a las 12.30 horas en la Iglesia de San Francisco de As\u00eds\" \/>\n\t<meta name=\"robots\" content=\"max-image-preview:large\" \/>\n\t<meta name=\"author\" content=\"El Digital de Asturias\"\/>\n\t<meta name=\"google-site-verification\" content=\"UA-38556648-1\" \/>\n\t<meta name=\"msvalidate.01\" content=\"7dfe9f3f1b24437ab69f4f2559babe99\" \/>\n\t<meta name=\"keywords\" content=\"actualidad asturias\" \/>\n\t<link rel=\"canonical\" href=\"https:\/\/www.eldigitaldeasturias.com\/noticias\/la-universidad-de-oviedo-ensalza-la-labor-de-jose-baruenga\/\" \/>\n\t<meta name=\"generator\" content=\"All in One SEO Pro (AIOSEO) 4.9.6.2\" \/>\n\t\t<meta property=\"og:locale\" content=\"es_ES\" \/>\n\t\t<meta property=\"og:site_name\" content=\"El Digital de Asturias\" \/>\n\t\t<meta property=\"og:type\" content=\"article\" \/>\n\t\t<meta property=\"og:title\" content=\"La Universidad de Oviedo ensalza la labor de Jos\u00e9 Baruenga - El Digital de Asturias\" \/>\n\t\t<meta property=\"og:description\" content=\"La Universidad de Oviedo ha emitido un comunicado en el que lamenta el fallecimiento del profesor Jos\u00e9 Barluenga Mur, un catedr\u00e1tico de Qu\u00edmica org\u00e1nica que, seg\u00fan la instituci\u00f3n, &quot;ejerci\u00f3 con maestr\u00eda&quot; la docencia y la labor investigadora. El funeral se celebrar\u00e1 este viernes a las 12.30 horas en la Iglesia de San Francisco de As\u00eds\" \/>\n\t\t<meta property=\"og:url\" content=\"https:\/\/www.eldigitaldeasturias.com\/noticias\/la-universidad-de-oviedo-ensalza-la-labor-de-jose-baruenga\/\" \/>\n\t\t<meta property=\"og:image\" content=\"https:\/\/www.eldigitaldeasturias.com\/noticias\/wp-content\/uploads\/2015\/07\/universidad-oviedo.jpg\" \/>\n\t\t<meta property=\"og:image:secure_url\" content=\"https:\/\/www.eldigitaldeasturias.com\/noticias\/wp-content\/uploads\/2015\/07\/universidad-oviedo.jpg\" \/>\n\t\t<meta property=\"og:image:width\" content=\"800\" \/>\n\t\t<meta property=\"og:image:height\" content=\"600\" \/>\n\t\t<meta property=\"article:tag\" content=\"actualidad asturias\" \/>\n\t\t<meta property=\"article:published_time\" content=\"2016-09-08T12:16:22+00:00\" \/>\n\t\t<meta property=\"article:modified_time\" content=\"2016-09-08T12:16:22+00:00\" \/>\n\t\t<meta property=\"article:publisher\" content=\"https:\/\/facebook.com\/eldigitaldeasturias\" \/>\n\t\t<meta name=\"twitter:card\" content=\"summary_large_image\" \/>\n\t\t<meta name=\"twitter:title\" content=\"La Universidad de Oviedo ensalza la labor de Jos\u00e9 Baruenga - El Digital de Asturias\" \/>\n\t\t<meta name=\"twitter:description\" content=\"La Universidad de Oviedo ha emitido un comunicado en el que lamenta el fallecimiento del profesor Jos\u00e9 Barluenga Mur, un catedr\u00e1tico de Qu\u00edmica org\u00e1nica que, seg\u00fan la instituci\u00f3n, &quot;ejerci\u00f3 con maestr\u00eda&quot; la docencia y la labor investigadora. El funeral se celebrar\u00e1 este viernes a las 12.30 horas en la Iglesia de San Francisco de As\u00eds\" \/>\n\t\t<meta name=\"twitter:image\" content=\"https:\/\/www.eldigitaldeasturias.com\/noticias\/wp-content\/uploads\/2015\/07\/universidad-oviedo.jpg\" \/>\n\t\t<meta name=\"twitter:label1\" content=\"Escrito por\" \/>\n\t\t<meta name=\"twitter:data1\" content=\"El Digital de Asturias\" \/>\n\t\t<meta name=\"twitter:label2\" content=\"Tiempo de lectura estimado\" \/>\n\t\t<meta name=\"twitter:data2\" content=\"1 minuto\" \/>\n\t\t<script type=\"application\/ld+json\" class=\"aioseo-schema\">\n\t\t\t{\"@context\":\"https:\\\/\\\/schema.org\",\"@graph\":[{\"@type\":\"BlogPosting\",\"@id\":\"https:\\\/\\\/www.eldigitaldeasturias.com\\\/noticias\\\/la-universidad-de-oviedo-ensalza-la-labor-de-jose-baruenga\\\/#blogposting\",\"name\":\"La Universidad de Oviedo ensalza la labor de Jos\\u00e9 Baruenga - El Digital de Asturias\",\"headline\":\"La Universidad de Oviedo ensalza la labor de Jos\\u00e9 Baruenga\",\"author\":{\"@id\":\"https:\\\/\\\/www.eldigitaldeasturias.com\\\/noticias\\\/author\\\/admin\\\/#author\"},\"publisher\":{\"@id\":\"https:\\\/\\\/www.eldigitaldeasturias.com\\\/noticias\\\/#organization\"},\"image\":{\"@type\":\"ImageObject\",\"url\":\"https:\\\/\\\/www.eldigitaldeasturias.com\\\/noticias\\\/wp-content\\\/uploads\\\/2015\\\/07\\\/universidad-oviedo.jpg\",\"width\":800,\"height\":600},\"datePublished\":\"2016-09-08T13:16:22+02:00\",\"dateModified\":\"2016-09-08T13:16:22+02:00\",\"inLanguage\":\"es-ES\",\"mainEntityOfPage\":{\"@id\":\"https:\\\/\\\/www.eldigitaldeasturias.com\\\/noticias\\\/la-universidad-de-oviedo-ensalza-la-labor-de-jose-baruenga\\\/#webpage\"},\"isPartOf\":{\"@id\":\"https:\\\/\\\/www.eldigitaldeasturias.com\\\/noticias\\\/la-universidad-de-oviedo-ensalza-la-labor-de-jose-baruenga\\\/#webpage\"},\"articleSection\":\"Actualidad Asturias\"},{\"@type\":\"BreadcrumbList\",\"@id\":\"https:\\\/\\\/www.eldigitaldeasturias.com\\\/noticias\\\/la-universidad-de-oviedo-ensalza-la-labor-de-jose-baruenga\\\/#breadcrumblist\",\"itemListElement\":[{\"@type\":\"ListItem\",\"@id\":\"https:\\\/\\\/www.eldigitaldeasturias.com\\\/noticias#listItem\",\"position\":1,\"name\":\"Home\",\"item\":\"https:\\\/\\\/www.eldigitaldeasturias.com\\\/noticias\",\"nextItem\":{\"@type\":\"ListItem\",\"@id\":\"https:\\\/\\\/www.eldigitaldeasturias.com\\\/noticias\\\/category\\\/actualidad-asturias\\\/#listItem\",\"name\":\"Actualidad Asturias\"}},{\"@type\":\"ListItem\",\"@id\":\"https:\\\/\\\/www.eldigitaldeasturias.com\\\/noticias\\\/category\\\/actualidad-asturias\\\/#listItem\",\"position\":2,\"name\":\"Actualidad Asturias\",\"item\":\"https:\\\/\\\/www.eldigitaldeasturias.com\\\/noticias\\\/category\\\/actualidad-asturias\\\/\",\"nextItem\":{\"@type\":\"ListItem\",\"@id\":\"https:\\\/\\\/www.eldigitaldeasturias.com\\\/noticias\\\/la-universidad-de-oviedo-ensalza-la-labor-de-jose-baruenga\\\/#listItem\",\"name\":\"La Universidad de Oviedo ensalza la labor de Jos\\u00e9 Baruenga\"},\"previousItem\":{\"@type\":\"ListItem\",\"@id\":\"https:\\\/\\\/www.eldigitaldeasturias.com\\\/noticias#listItem\",\"name\":\"Home\"}},{\"@type\":\"ListItem\",\"@id\":\"https:\\\/\\\/www.eldigitaldeasturias.com\\\/noticias\\\/la-universidad-de-oviedo-ensalza-la-labor-de-jose-baruenga\\\/#listItem\",\"position\":3,\"name\":\"La Universidad de Oviedo ensalza la labor de Jos\\u00e9 Baruenga\",\"previousItem\":{\"@type\":\"ListItem\",\"@id\":\"https:\\\/\\\/www.eldigitaldeasturias.com\\\/noticias\\\/category\\\/actualidad-asturias\\\/#listItem\",\"name\":\"Actualidad Asturias\"}}]},{\"@type\":\"Organization\",\"@id\":\"https:\\\/\\\/www.eldigitaldeasturias.com\\\/noticias\\\/#organization\",\"name\":\"El Digital de Asturias\",\"description\":\"Hemeroteca\",\"url\":\"https:\\\/\\\/www.eldigitaldeasturias.com\\\/noticias\\\/\",\"email\":\"info@eldigitaldeasturias.com\",\"telephone\":\"+34652131393\",\"logo\":{\"@type\":\"ImageObject\",\"url\":\"https:\\\/\\\/www.eldigitaldeasturias.com\\\/noticias\\\/wp-content\\\/uploads\\\/2020\\\/12\\\/EDA.jpg\",\"@id\":\"https:\\\/\\\/www.eldigitaldeasturias.com\\\/noticias\\\/la-universidad-de-oviedo-ensalza-la-labor-de-jose-baruenga\\\/#organizationLogo\",\"width\":649,\"height\":297},\"image\":{\"@id\":\"https:\\\/\\\/www.eldigitaldeasturias.com\\\/noticias\\\/la-universidad-de-oviedo-ensalza-la-labor-de-jose-baruenga\\\/#organizationLogo\"},\"sameAs\":[\"https:\\\/\\\/facebook.com\\\/eldigitaldeasturias\",\"https:\\\/\\\/www.youtube.com\\\/channel\\\/UCZP-2wLEB9Rv6erhFmqVnvg\"],\"address\":{\"@id\":\"https:\\\/\\\/www.eldigitaldeasturias.com\\\/noticias\\\/#postaladdress\",\"@type\":\"PostalAddress\",\"streetAddress\":\"san antonio 4,\",\"postalCode\":\"33430\",\"addressLocality\":\"Cand\\u00e1s\",\"addressRegion\":\"Asturias\",\"addressCountry\":\"ES\"}},{\"@type\":\"Person\",\"@id\":\"https:\\\/\\\/www.eldigitaldeasturias.com\\\/noticias\\\/author\\\/admin\\\/#author\",\"url\":\"https:\\\/\\\/www.eldigitaldeasturias.com\\\/noticias\\\/author\\\/admin\\\/\",\"name\":\"El Digital de Asturias\",\"image\":{\"@type\":\"ImageObject\",\"@id\":\"https:\\\/\\\/www.eldigitaldeasturias.com\\\/noticias\\\/la-universidad-de-oviedo-ensalza-la-labor-de-jose-baruenga\\\/#authorImage\",\"url\":\"https:\\\/\\\/www.eldigitaldeasturias.com\\\/noticias\\\/wp-content\\\/litespeed\\\/avatar\\\/18677e78aa0546b92d9dbf31ec7d7668.jpg?ver=1777290358\",\"width\":96,\"height\":96,\"caption\":\"El Digital de Asturias\"}},{\"@type\":\"WebPage\",\"@id\":\"https:\\\/\\\/www.eldigitaldeasturias.com\\\/noticias\\\/la-universidad-de-oviedo-ensalza-la-labor-de-jose-baruenga\\\/#webpage\",\"url\":\"https:\\\/\\\/www.eldigitaldeasturias.com\\\/noticias\\\/la-universidad-de-oviedo-ensalza-la-labor-de-jose-baruenga\\\/\",\"name\":\"La Universidad de Oviedo ensalza la labor de Jos\\u00e9 Baruenga - El Digital de Asturias\",\"description\":\"La Universidad de Oviedo ha emitido un comunicado en el que lamenta el fallecimiento del profesor Jos\\u00e9 Barluenga Mur, un catedr\\u00e1tico de Qu\\u00edmica org\\u00e1nica que, seg\\u00fan la instituci\\u00f3n, \\\"ejerci\\u00f3 con maestr\\u00eda\\\" la docencia y la labor investigadora. El funeral se celebrar\\u00e1 este viernes a las 12.30 horas en la Iglesia de San Francisco de As\\u00eds\",\"inLanguage\":\"es-ES\",\"isPartOf\":{\"@id\":\"https:\\\/\\\/www.eldigitaldeasturias.com\\\/noticias\\\/#website\"},\"breadcrumb\":{\"@id\":\"https:\\\/\\\/www.eldigitaldeasturias.com\\\/noticias\\\/la-universidad-de-oviedo-ensalza-la-labor-de-jose-baruenga\\\/#breadcrumblist\"},\"author\":{\"@id\":\"https:\\\/\\\/www.eldigitaldeasturias.com\\\/noticias\\\/author\\\/admin\\\/#author\"},\"creator\":{\"@id\":\"https:\\\/\\\/www.eldigitaldeasturias.com\\\/noticias\\\/author\\\/admin\\\/#author\"},\"image\":{\"@type\":\"ImageObject\",\"url\":\"https:\\\/\\\/www.eldigitaldeasturias.com\\\/noticias\\\/wp-content\\\/uploads\\\/2015\\\/07\\\/universidad-oviedo.jpg\",\"@id\":\"https:\\\/\\\/www.eldigitaldeasturias.com\\\/noticias\\\/la-universidad-de-oviedo-ensalza-la-labor-de-jose-baruenga\\\/#mainImage\",\"width\":800,\"height\":600},\"primaryImageOfPage\":{\"@id\":\"https:\\\/\\\/www.eldigitaldeasturias.com\\\/noticias\\\/la-universidad-de-oviedo-ensalza-la-labor-de-jose-baruenga\\\/#mainImage\"},\"datePublished\":\"2016-09-08T13:16:22+02:00\",\"dateModified\":\"2016-09-08T13:16:22+02:00\"},{\"@type\":\"WebSite\",\"@id\":\"https:\\\/\\\/www.eldigitaldeasturias.com\\\/noticias\\\/#website\",\"url\":\"https:\\\/\\\/www.eldigitaldeasturias.com\\\/noticias\\\/\",\"name\":\"El Digital de Asturias - Diario de actualidad y noticias\",\"alternateName\":\"El Digital de Asturias - Diario de actualidad y noticias\",\"description\":\"Hemeroteca\",\"inLanguage\":\"es-ES\",\"publisher\":{\"@id\":\"https:\\\/\\\/www.eldigitaldeasturias.com\\\/noticias\\\/#organization\"}}]}\n\t\t<\/script>\n\t\t<!-- All in One SEO Pro -->\r\n\t\t<title>La Universidad de Oviedo ensalza la labor de Jos\u00e9 Baruenga - El Digital de Asturias<\/title>\n\n","aioseo_head_json":{"title":"La Universidad de Oviedo ensalza la labor de Jos\u00e9 Baruenga - El Digital de Asturias","description":"La Universidad de Oviedo ha emitido un comunicado en el que lamenta el fallecimiento del profesor Jos\u00e9 Barluenga Mur, un catedr\u00e1tico de Qu\u00edmica org\u00e1nica que, seg\u00fan la instituci\u00f3n, \"ejerci\u00f3 con maestr\u00eda\" la docencia y la labor investigadora. El funeral se celebrar\u00e1 este viernes a las 12.30 horas en la Iglesia de San Francisco de As\u00eds","canonical_url":"https:\/\/www.eldigitaldeasturias.com\/noticias\/la-universidad-de-oviedo-ensalza-la-labor-de-jose-baruenga\/","robots":"max-image-preview:large","keywords":"actualidad asturias","webmasterTools":{"google-site-verification":"UA-38556648-1","msvalidate.01":"7dfe9f3f1b24437ab69f4f2559babe99","miscellaneous":""},"schema":{"@context":"https:\/\/schema.org","@graph":[{"@type":"BlogPosting","@id":"https:\/\/www.eldigitaldeasturias.com\/noticias\/la-universidad-de-oviedo-ensalza-la-labor-de-jose-baruenga\/#blogposting","name":"La Universidad de Oviedo ensalza la labor de Jos\u00e9 Baruenga - El Digital de Asturias","headline":"La Universidad de Oviedo ensalza la labor de Jos\u00e9 Baruenga","author":{"@id":"https:\/\/www.eldigitaldeasturias.com\/noticias\/author\/admin\/#author"},"publisher":{"@id":"https:\/\/www.eldigitaldeasturias.com\/noticias\/#organization"},"image":{"@type":"ImageObject","url":"https:\/\/www.eldigitaldeasturias.com\/noticias\/wp-content\/uploads\/2015\/07\/universidad-oviedo.jpg","width":800,"height":600},"datePublished":"2016-09-08T13:16:22+02:00","dateModified":"2016-09-08T13:16:22+02:00","inLanguage":"es-ES","mainEntityOfPage":{"@id":"https:\/\/www.eldigitaldeasturias.com\/noticias\/la-universidad-de-oviedo-ensalza-la-labor-de-jose-baruenga\/#webpage"},"isPartOf":{"@id":"https:\/\/www.eldigitaldeasturias.com\/noticias\/la-universidad-de-oviedo-ensalza-la-labor-de-jose-baruenga\/#webpage"},"articleSection":"Actualidad Asturias"},{"@type":"BreadcrumbList","@id":"https:\/\/www.eldigitaldeasturias.com\/noticias\/la-universidad-de-oviedo-ensalza-la-labor-de-jose-baruenga\/#breadcrumblist","itemListElement":[{"@type":"ListItem","@id":"https:\/\/www.eldigitaldeasturias.com\/noticias#listItem","position":1,"name":"Home","item":"https:\/\/www.eldigitaldeasturias.com\/noticias","nextItem":{"@type":"ListItem","@id":"https:\/\/www.eldigitaldeasturias.com\/noticias\/category\/actualidad-asturias\/#listItem","name":"Actualidad Asturias"}},{"@type":"ListItem","@id":"https:\/\/www.eldigitaldeasturias.com\/noticias\/category\/actualidad-asturias\/#listItem","position":2,"name":"Actualidad Asturias","item":"https:\/\/www.eldigitaldeasturias.com\/noticias\/category\/actualidad-asturias\/","nextItem":{"@type":"ListItem","@id":"https:\/\/www.eldigitaldeasturias.com\/noticias\/la-universidad-de-oviedo-ensalza-la-labor-de-jose-baruenga\/#listItem","name":"La Universidad de Oviedo ensalza la labor de Jos\u00e9 Baruenga"},"previousItem":{"@type":"ListItem","@id":"https:\/\/www.eldigitaldeasturias.com\/noticias#listItem","name":"Home"}},{"@type":"ListItem","@id":"https:\/\/www.eldigitaldeasturias.com\/noticias\/la-universidad-de-oviedo-ensalza-la-labor-de-jose-baruenga\/#listItem","position":3,"name":"La Universidad de Oviedo ensalza la labor de Jos\u00e9 Baruenga","previousItem":{"@type":"ListItem","@id":"https:\/\/www.eldigitaldeasturias.com\/noticias\/category\/actualidad-asturias\/#listItem","name":"Actualidad Asturias"}}]},{"@type":"Organization","@id":"https:\/\/www.eldigitaldeasturias.com\/noticias\/#organization","name":"El Digital de Asturias","description":"Hemeroteca","url":"https:\/\/www.eldigitaldeasturias.com\/noticias\/","email":"info@eldigitaldeasturias.com","telephone":"+34652131393","logo":{"@type":"ImageObject","url":"https:\/\/www.eldigitaldeasturias.com\/noticias\/wp-content\/uploads\/2020\/12\/EDA.jpg","@id":"https:\/\/www.eldigitaldeasturias.com\/noticias\/la-universidad-de-oviedo-ensalza-la-labor-de-jose-baruenga\/#organizationLogo","width":649,"height":297},"image":{"@id":"https:\/\/www.eldigitaldeasturias.com\/noticias\/la-universidad-de-oviedo-ensalza-la-labor-de-jose-baruenga\/#organizationLogo"},"sameAs":["https:\/\/facebook.com\/eldigitaldeasturias","https:\/\/www.youtube.com\/channel\/UCZP-2wLEB9Rv6erhFmqVnvg"],"address":{"@id":"https:\/\/www.eldigitaldeasturias.com\/noticias\/#postaladdress","@type":"PostalAddress","streetAddress":"san antonio 4,","postalCode":"33430","addressLocality":"Cand\u00e1s","addressRegion":"Asturias","addressCountry":"ES"}},{"@type":"Person","@id":"https:\/\/www.eldigitaldeasturias.com\/noticias\/author\/admin\/#author","url":"https:\/\/www.eldigitaldeasturias.com\/noticias\/author\/admin\/","name":"El Digital de Asturias","image":{"@type":"ImageObject","@id":"https:\/\/www.eldigitaldeasturias.com\/noticias\/la-universidad-de-oviedo-ensalza-la-labor-de-jose-baruenga\/#authorImage","url":"https:\/\/www.eldigitaldeasturias.com\/noticias\/wp-content\/litespeed\/avatar\/18677e78aa0546b92d9dbf31ec7d7668.jpg?ver=1777290358","width":96,"height":96,"caption":"El Digital de Asturias"}},{"@type":"WebPage","@id":"https:\/\/www.eldigitaldeasturias.com\/noticias\/la-universidad-de-oviedo-ensalza-la-labor-de-jose-baruenga\/#webpage","url":"https:\/\/www.eldigitaldeasturias.com\/noticias\/la-universidad-de-oviedo-ensalza-la-labor-de-jose-baruenga\/","name":"La Universidad de Oviedo ensalza la labor de Jos\u00e9 Baruenga - El Digital de Asturias","description":"La Universidad de Oviedo ha emitido un comunicado en el que lamenta el fallecimiento del profesor Jos\u00e9 Barluenga Mur, un catedr\u00e1tico de Qu\u00edmica org\u00e1nica que, seg\u00fan la instituci\u00f3n, \"ejerci\u00f3 con maestr\u00eda\" la docencia y la labor investigadora. El funeral se celebrar\u00e1 este viernes a las 12.30 horas en la Iglesia de San Francisco de As\u00eds","inLanguage":"es-ES","isPartOf":{"@id":"https:\/\/www.eldigitaldeasturias.com\/noticias\/#website"},"breadcrumb":{"@id":"https:\/\/www.eldigitaldeasturias.com\/noticias\/la-universidad-de-oviedo-ensalza-la-labor-de-jose-baruenga\/#breadcrumblist"},"author":{"@id":"https:\/\/www.eldigitaldeasturias.com\/noticias\/author\/admin\/#author"},"creator":{"@id":"https:\/\/www.eldigitaldeasturias.com\/noticias\/author\/admin\/#author"},"image":{"@type":"ImageObject","url":"https:\/\/www.eldigitaldeasturias.com\/noticias\/wp-content\/uploads\/2015\/07\/universidad-oviedo.jpg","@id":"https:\/\/www.eldigitaldeasturias.com\/noticias\/la-universidad-de-oviedo-ensalza-la-labor-de-jose-baruenga\/#mainImage","width":800,"height":600},"primaryImageOfPage":{"@id":"https:\/\/www.eldigitaldeasturias.com\/noticias\/la-universidad-de-oviedo-ensalza-la-labor-de-jose-baruenga\/#mainImage"},"datePublished":"2016-09-08T13:16:22+02:00","dateModified":"2016-09-08T13:16:22+02:00"},{"@type":"WebSite","@id":"https:\/\/www.eldigitaldeasturias.com\/noticias\/#website","url":"https:\/\/www.eldigitaldeasturias.com\/noticias\/","name":"El Digital de Asturias - Diario de actualidad y noticias","alternateName":"El Digital de Asturias - Diario de actualidad y noticias","description":"Hemeroteca","inLanguage":"es-ES","publisher":{"@id":"https:\/\/www.eldigitaldeasturias.com\/noticias\/#organization"}}]},"og:locale":"es_ES","og:site_name":"El Digital de Asturias","og:type":"article","og:title":"La Universidad de Oviedo ensalza la labor de Jos\u00e9 Baruenga - El Digital de Asturias","og:description":"La Universidad de Oviedo ha emitido un comunicado en el que lamenta el fallecimiento del profesor Jos\u00e9 Barluenga Mur, un catedr\u00e1tico de Qu\u00edmica org\u00e1nica que, seg\u00fan la instituci\u00f3n, &quot;ejerci\u00f3 con maestr\u00eda&quot; la docencia y la labor investigadora. El funeral se celebrar\u00e1 este viernes a las 12.30 horas en la Iglesia de San Francisco de As\u00eds","og:url":"https:\/\/www.eldigitaldeasturias.com\/noticias\/la-universidad-de-oviedo-ensalza-la-labor-de-jose-baruenga\/","og:image":"https:\/\/www.eldigitaldeasturias.com\/noticias\/wp-content\/uploads\/2015\/07\/universidad-oviedo.jpg","og:image:secure_url":"https:\/\/www.eldigitaldeasturias.com\/noticias\/wp-content\/uploads\/2015\/07\/universidad-oviedo.jpg","og:image:width":800,"og:image:height":600,"article:tag":["actualidad asturias"],"article:published_time":"2016-09-08T12:16:22+00:00","article:modified_time":"2016-09-08T12:16:22+00:00","article:publisher":"https:\/\/facebook.com\/eldigitaldeasturias","twitter:card":"summary_large_image","twitter:title":"La Universidad de Oviedo ensalza la labor de Jos\u00e9 Baruenga - El Digital de Asturias","twitter:description":"La Universidad de Oviedo ha emitido un comunicado en el que lamenta el fallecimiento del profesor Jos\u00e9 Barluenga Mur, un catedr\u00e1tico de Qu\u00edmica org\u00e1nica que, seg\u00fan la instituci\u00f3n, &quot;ejerci\u00f3 con maestr\u00eda&quot; la docencia y la labor investigadora. El funeral se celebrar\u00e1 este viernes a las 12.30 horas en la Iglesia de San Francisco de As\u00eds","twitter:image":"https:\/\/www.eldigitaldeasturias.com\/noticias\/wp-content\/uploads\/2015\/07\/universidad-oviedo.jpg","twitter:label1":"Escrito por","twitter:data1":"El Digital de Asturias","twitter:label2":"Tiempo de lectura estimado","twitter:data2":"1 minuto"},"aioseo_meta_data":{"post_id":"906433","title":null,"description":null,"keywords":null,"keyphrases":null,"primary_term":null,"canonical_url":null,"og_title":null,"og_description":null,"og_object_type":"default","og_image_type":"default","og_image_url":null,"og_image_width":null,"og_image_height":null,"og_image_custom_url":null,"og_image_custom_fields":null,"og_video":null,"og_custom_url":null,"og_article_section":null,"og_article_tags":null,"twitter_use_og":false,"twitter_card":"default","twitter_image_type":"default","twitter_image_url":null,"twitter_image_custom_url":null,"twitter_image_custom_fields":null,"twitter_title":null,"twitter_description":null,"schema":{"blockGraphs":[],"customGraphs":[],"default":{"data":{"Article":[],"Course":[],"Dataset":[],"FAQPage":[],"Movie":[],"Person":[],"Product":[],"ProductReview":[],"Car":[],"Recipe":[],"Service":[],"SoftwareApplication":[],"WebPage":[]},"graphName":"","isEnabled":true},"graphs":[],"defaultGraph":"","defaultPostTypeGraph":""},"schema_type":null,"schema_type_options":null,"pillar_content":false,"robots_default":true,"robots_noindex":false,"robots_noarchive":false,"robots_nosnippet":false,"robots_nofollow":false,"robots_noimageindex":false,"robots_noodp":false,"robots_notranslate":false,"robots_max_snippet":null,"robots_max_videopreview":null,"robots_max_imagepreview":"large","priority":null,"frequency":null,"local_seo":null,"seo_analyzer_scan_date":"2025-11-30 09:00:13","breadcrumb_settings":null,"limit_modified_date":false,"open_ai":null,"ai":null,"created":"2020-12-21 14:01:33","updated":"2025-11-30 09:00:13"},"aioseo_breadcrumb":"<div class=\"aioseo-breadcrumbs\"><span class=\"aioseo-breadcrumb\">\n\t<a href=\"https:\/\/www.eldigitaldeasturias.com\/noticias\" title=\"Home\">Home<\/a>\n<\/span><span class=\"aioseo-breadcrumb-separator\">\u2013<\/span><span class=\"aioseo-breadcrumb\">\n\t<a href=\"https:\/\/www.eldigitaldeasturias.com\/noticias\/category\/actualidad-asturias\/\" title=\"Actualidad Asturias\">Actualidad Asturias<\/a>\n<\/span><span class=\"aioseo-breadcrumb-separator\">\u2013<\/span><span class=\"aioseo-breadcrumb\">\n\t<a href=\"https:\/\/www.eldigitaldeasturias.com\/noticias\/la-universidad-de-oviedo-ensalza-la-labor-de-jose-baruenga\/\" title=\"La Universidad de Oviedo ensalza la labor de Jos\u00e9 Baruenga\">La Universidad de Oviedo ensalza la labor de Jos\u00e9 Baruenga<\/a>\n<\/span><\/div>","aioseo_breadcrumb_json":[{"label":"Home","link":"https:\/\/www.eldigitaldeasturias.com\/noticias"},{"label":"Actualidad Asturias","link":"https:\/\/www.eldigitaldeasturias.com\/noticias\/category\/actualidad-asturias\/"},{"label":"La Universidad de Oviedo ensalza la labor de Jos\u00e9 Baruenga","link":"https:\/\/www.eldigitaldeasturias.com\/noticias\/la-universidad-de-oviedo-ensalza-la-labor-de-jose-baruenga\/"}],"_links":{"self":[{"href":"https:\/\/www.eldigitaldeasturias.com\/noticias\/wp-json\/wp\/v2\/posts\/906433","targetHints":{"allow":["GET"]}}],"collection":[{"href":"https:\/\/www.eldigitaldeasturias.com\/noticias\/wp-json\/wp\/v2\/posts"}],"about":[{"href":"https:\/\/www.eldigitaldeasturias.com\/noticias\/wp-json\/wp\/v2\/types\/post"}],"author":[{"embeddable":true,"href":"https:\/\/www.eldigitaldeasturias.com\/noticias\/wp-json\/wp\/v2\/users\/1"}],"replies":[{"embeddable":true,"href":"https:\/\/www.eldigitaldeasturias.com\/noticias\/wp-json\/wp\/v2\/comments?post=906433"}],"version-history":[{"count":0,"href":"https:\/\/www.eldigitaldeasturias.com\/noticias\/wp-json\/wp\/v2\/posts\/906433\/revisions"}],"wp:featuredmedia":[{"embeddable":true,"href":"https:\/\/www.eldigitaldeasturias.com\/noticias\/wp-json\/wp\/v2\/media\/794665"}],"wp:attachment":[{"href":"https:\/\/www.eldigitaldeasturias.com\/noticias\/wp-json\/wp\/v2\/media?parent=906433"}],"wp:term":[{"taxonomy":"category","embeddable":true,"href":"https:\/\/www.eldigitaldeasturias.com\/noticias\/wp-json\/wp\/v2\/categories?post=906433"},{"taxonomy":"post_tag","embeddable":true,"href":"https:\/\/www.eldigitaldeasturias.com\/noticias\/wp-json\/wp\/v2\/tags?post=906433"}],"curies":[{"name":"wp","href":"https:\/\/api.w.org\/{rel}","templated":true}]}}