{"id":906430,"date":"2016-09-08T13:13:14","date_gmt":"2016-09-08T12:13:14","guid":{"rendered":"http:\/\/www.eldigitaldeasturias.com\/noticias\/?p=906430"},"modified":"2016-09-08T13:13:14","modified_gmt":"2016-09-08T12:13:14","slug":"los-bomberos-estabilizan-el-incendio-de-degana","status":"publish","type":"post","link":"https:\/\/www.eldigitaldeasturias.com\/noticias\/los-bomberos-estabilizan-el-incendio-de-degana\/","title":{"rendered":"Los bomberos estabilizan el incendio de Dega\u00f1a"},"content":{"rendered":"<p><img loading=\"lazy\" decoding=\"async\" class=\"alignleft size-medium wp-image-906431\" src=\"https:\/\/www.eldigitaldeasturias.com\/noticias\/wp-content\/uploads\/2016\/09\/fotonoticia_20160908101313_800-240x320.jpg\" alt=\"fotonoticia_20160908101313_800\" width=\"240\" height=\"320\" srcset=\"https:\/\/www.eldigitaldeasturias.com\/noticias\/wp-content\/uploads\/2016\/09\/fotonoticia_20160908101313_800-240x320.jpg 240w, https:\/\/www.eldigitaldeasturias.com\/noticias\/wp-content\/uploads\/2016\/09\/fotonoticia_20160908101313_800-768x1024.jpg 768w, https:\/\/www.eldigitaldeasturias.com\/noticias\/wp-content\/uploads\/2016\/09\/fotonoticia_20160908101313_800-487x650.jpg 487w, https:\/\/www.eldigitaldeasturias.com\/noticias\/wp-content\/uploads\/2016\/09\/fotonoticia_20160908101313_800.jpg 800w\" sizes=\"auto, (max-width: 240px) 100vw, 240px\" \/>Los bomberos del Servicio de Emergencias del Principado de Asturias han dado a las 8.03 horas por estabilizado el incendio declarado el pasado martes en Dega\u00f1a. En estos momentos, contin\u00faan trabajando efectivos de bomberos del parque de Cangas del Narcea, Brif de Tineo por tierra, dos empresas forestales y una retroara\u00f1a.<\/p>\n<p>El Consejero de Presidencia, Guillermo Mart\u00ednez, activ\u00f3 ayer mi\u00e9rcoles, a las 8.49 horas, el Plan de Protecci\u00f3n Civil de Emergencia por Incendios Forestales del Principado (Infopa) en situaci\u00f3n 0 para el suroccidente asturiano. Posteriormente, a las 11:02 horas, el consejero activ\u00f3 el nivel 1 para el incendio forestal de Dega\u00f1a, dadas las especiales caracter\u00edsticas orogr\u00e1ficas de la zona y su alto valor ecol\u00f3gico y medioambiental.<\/p>\n<p>A pesar de la bajada de las temperaturas registrada este jueves, el Infopa en nivel cero contin\u00faa vigente en todo el suroccidente asturiano<\/p>\n<p>&nbsp;<\/p>\n","protected":false},"excerpt":{"rendered":"<p>Los bomberos del Servicio de Emergencias del Principado de Asturias han dado a las 8.03 horas por estabilizado el incendio declarado el pasado martes en Dega\u00f1a. En estos momentos, contin\u00faan trabajando efectivos de bomberos del parque de Cangas del Narcea, Brif de Tineo por tierra, dos empresas forestales y una retroara\u00f1a. El Consejero de Presidencia, [&hellip;]<\/p>\n","protected":false},"author":1,"featured_media":906431,"comment_status":"closed","ping_status":"closed","sticky":false,"template":"","format":"standard","meta":{"footnotes":""},"categories":[5],"tags":[],"class_list":["post-906430","post","type-post","status-publish","format-standard","has-post-thumbnail","hentry","category-sucesos"],"aioseo_notices":[],"aioseo_head":"\n\t\t<!-- All in One SEO Pro 4.9.6.2 - aioseo.com -->\n\t<meta name=\"description\" content=\"Los bomberos del Servicio de Emergencias del Principado de Asturias han dado a las 8.03 horas por estabilizado el incendio declarado el pasado martes en Dega\u00f1a. En estos momentos, contin\u00faan trabajando efectivos de bomberos del parque de Cangas del Narcea, Brif de Tineo por tierra, dos empresas forestales y una retroara\u00f1a. El Consejero de Presidencia,\" \/>\n\t<meta name=\"robots\" content=\"max-image-preview:large\" \/>\n\t<meta name=\"author\" content=\"El Digital de Asturias\"\/>\n\t<meta name=\"google-site-verification\" content=\"UA-38556648-1\" \/>\n\t<meta name=\"msvalidate.01\" content=\"7dfe9f3f1b24437ab69f4f2559babe99\" \/>\n\t<meta name=\"keywords\" content=\"sucesos\" \/>\n\t<link rel=\"canonical\" href=\"https:\/\/www.eldigitaldeasturias.com\/noticias\/los-bomberos-estabilizan-el-incendio-de-degana\/\" \/>\n\t<meta name=\"generator\" content=\"All in One SEO Pro (AIOSEO) 4.9.6.2\" \/>\n\t\t<meta property=\"og:locale\" content=\"es_ES\" \/>\n\t\t<meta property=\"og:site_name\" content=\"El Digital de Asturias\" \/>\n\t\t<meta property=\"og:type\" content=\"article\" \/>\n\t\t<meta property=\"og:title\" content=\"Los bomberos estabilizan el incendio de Dega\u00f1a - El Digital de Asturias\" \/>\n\t\t<meta property=\"og:description\" content=\"Los bomberos del Servicio de Emergencias del Principado de Asturias han dado a las 8.03 horas por estabilizado el incendio declarado el pasado martes en Dega\u00f1a. En estos momentos, contin\u00faan trabajando efectivos de bomberos del parque de Cangas del Narcea, Brif de Tineo por tierra, dos empresas forestales y una retroara\u00f1a. El Consejero de Presidencia,\" \/>\n\t\t<meta property=\"og:url\" content=\"https:\/\/www.eldigitaldeasturias.com\/noticias\/los-bomberos-estabilizan-el-incendio-de-degana\/\" \/>\n\t\t<meta property=\"og:image\" content=\"https:\/\/www.eldigitaldeasturias.com\/noticias\/wp-content\/uploads\/2016\/09\/fotonoticia_20160908101313_800.jpg\" \/>\n\t\t<meta property=\"og:image:secure_url\" content=\"https:\/\/www.eldigitaldeasturias.com\/noticias\/wp-content\/uploads\/2016\/09\/fotonoticia_20160908101313_800.jpg\" \/>\n\t\t<meta property=\"og:image:width\" content=\"800\" \/>\n\t\t<meta property=\"og:image:height\" content=\"1067\" \/>\n\t\t<meta property=\"article:tag\" content=\"sucesos\" \/>\n\t\t<meta property=\"article:published_time\" content=\"2016-09-08T12:13:14+00:00\" \/>\n\t\t<meta property=\"article:modified_time\" content=\"2016-09-08T12:13:14+00:00\" \/>\n\t\t<meta property=\"article:publisher\" content=\"https:\/\/facebook.com\/eldigitaldeasturias\" \/>\n\t\t<meta name=\"twitter:card\" content=\"summary_large_image\" \/>\n\t\t<meta name=\"twitter:title\" content=\"Los bomberos estabilizan el incendio de Dega\u00f1a - El Digital de Asturias\" \/>\n\t\t<meta name=\"twitter:description\" content=\"Los bomberos del Servicio de Emergencias del Principado de Asturias han dado a las 8.03 horas por estabilizado el incendio declarado el pasado martes en Dega\u00f1a. En estos momentos, contin\u00faan trabajando efectivos de bomberos del parque de Cangas del Narcea, Brif de Tineo por tierra, dos empresas forestales y una retroara\u00f1a. El Consejero de Presidencia,\" \/>\n\t\t<meta name=\"twitter:image\" content=\"https:\/\/www.eldigitaldeasturias.com\/noticias\/wp-content\/uploads\/2016\/09\/fotonoticia_20160908101313_800.jpg\" \/>\n\t\t<meta name=\"twitter:label1\" content=\"Escrito por\" \/>\n\t\t<meta name=\"twitter:data1\" content=\"El Digital de Asturias\" \/>\n\t\t<meta name=\"twitter:label2\" content=\"Tiempo de lectura estimado\" \/>\n\t\t<meta name=\"twitter:data2\" content=\"1 minuto\" \/>\n\t\t<script type=\"application\/ld+json\" class=\"aioseo-schema\">\n\t\t\t{\"@context\":\"https:\\\/\\\/schema.org\",\"@graph\":[{\"@type\":\"BlogPosting\",\"@id\":\"https:\\\/\\\/www.eldigitaldeasturias.com\\\/noticias\\\/los-bomberos-estabilizan-el-incendio-de-degana\\\/#blogposting\",\"name\":\"Los bomberos estabilizan el incendio de Dega\\u00f1a - El Digital de Asturias\",\"headline\":\"Los bomberos estabilizan el incendio de Dega\\u00f1a\",\"author\":{\"@id\":\"https:\\\/\\\/www.eldigitaldeasturias.com\\\/noticias\\\/author\\\/admin\\\/#author\"},\"publisher\":{\"@id\":\"https:\\\/\\\/www.eldigitaldeasturias.com\\\/noticias\\\/#organization\"},\"image\":{\"@type\":\"ImageObject\",\"url\":\"https:\\\/\\\/www.eldigitaldeasturias.com\\\/noticias\\\/wp-content\\\/uploads\\\/2016\\\/09\\\/fotonoticia_20160908101313_800.jpg\",\"width\":800,\"height\":1067},\"datePublished\":\"2016-09-08T13:13:14+02:00\",\"dateModified\":\"2016-09-08T13:13:14+02:00\",\"inLanguage\":\"es-ES\",\"mainEntityOfPage\":{\"@id\":\"https:\\\/\\\/www.eldigitaldeasturias.com\\\/noticias\\\/los-bomberos-estabilizan-el-incendio-de-degana\\\/#webpage\"},\"isPartOf\":{\"@id\":\"https:\\\/\\\/www.eldigitaldeasturias.com\\\/noticias\\\/los-bomberos-estabilizan-el-incendio-de-degana\\\/#webpage\"},\"articleSection\":\"Sucesos\"},{\"@type\":\"BreadcrumbList\",\"@id\":\"https:\\\/\\\/www.eldigitaldeasturias.com\\\/noticias\\\/los-bomberos-estabilizan-el-incendio-de-degana\\\/#breadcrumblist\",\"itemListElement\":[{\"@type\":\"ListItem\",\"@id\":\"https:\\\/\\\/www.eldigitaldeasturias.com\\\/noticias#listItem\",\"position\":1,\"name\":\"Home\",\"item\":\"https:\\\/\\\/www.eldigitaldeasturias.com\\\/noticias\",\"nextItem\":{\"@type\":\"ListItem\",\"@id\":\"https:\\\/\\\/www.eldigitaldeasturias.com\\\/noticias\\\/category\\\/sucesos\\\/#listItem\",\"name\":\"Sucesos\"}},{\"@type\":\"ListItem\",\"@id\":\"https:\\\/\\\/www.eldigitaldeasturias.com\\\/noticias\\\/category\\\/sucesos\\\/#listItem\",\"position\":2,\"name\":\"Sucesos\",\"item\":\"https:\\\/\\\/www.eldigitaldeasturias.com\\\/noticias\\\/category\\\/sucesos\\\/\",\"nextItem\":{\"@type\":\"ListItem\",\"@id\":\"https:\\\/\\\/www.eldigitaldeasturias.com\\\/noticias\\\/los-bomberos-estabilizan-el-incendio-de-degana\\\/#listItem\",\"name\":\"Los bomberos estabilizan el incendio de Dega\\u00f1a\"},\"previousItem\":{\"@type\":\"ListItem\",\"@id\":\"https:\\\/\\\/www.eldigitaldeasturias.com\\\/noticias#listItem\",\"name\":\"Home\"}},{\"@type\":\"ListItem\",\"@id\":\"https:\\\/\\\/www.eldigitaldeasturias.com\\\/noticias\\\/los-bomberos-estabilizan-el-incendio-de-degana\\\/#listItem\",\"position\":3,\"name\":\"Los bomberos estabilizan el incendio de Dega\\u00f1a\",\"previousItem\":{\"@type\":\"ListItem\",\"@id\":\"https:\\\/\\\/www.eldigitaldeasturias.com\\\/noticias\\\/category\\\/sucesos\\\/#listItem\",\"name\":\"Sucesos\"}}]},{\"@type\":\"Organization\",\"@id\":\"https:\\\/\\\/www.eldigitaldeasturias.com\\\/noticias\\\/#organization\",\"name\":\"El Digital de Asturias\",\"description\":\"Hemeroteca\",\"url\":\"https:\\\/\\\/www.eldigitaldeasturias.com\\\/noticias\\\/\",\"email\":\"info@eldigitaldeasturias.com\",\"telephone\":\"+34652131393\",\"logo\":{\"@type\":\"ImageObject\",\"url\":\"https:\\\/\\\/www.eldigitaldeasturias.com\\\/noticias\\\/wp-content\\\/uploads\\\/2020\\\/12\\\/EDA.jpg\",\"@id\":\"https:\\\/\\\/www.eldigitaldeasturias.com\\\/noticias\\\/los-bomberos-estabilizan-el-incendio-de-degana\\\/#organizationLogo\",\"width\":649,\"height\":297},\"image\":{\"@id\":\"https:\\\/\\\/www.eldigitaldeasturias.com\\\/noticias\\\/los-bomberos-estabilizan-el-incendio-de-degana\\\/#organizationLogo\"},\"sameAs\":[\"https:\\\/\\\/facebook.com\\\/eldigitaldeasturias\",\"https:\\\/\\\/www.youtube.com\\\/channel\\\/UCZP-2wLEB9Rv6erhFmqVnvg\"],\"address\":{\"@id\":\"https:\\\/\\\/www.eldigitaldeasturias.com\\\/noticias\\\/#postaladdress\",\"@type\":\"PostalAddress\",\"streetAddress\":\"san antonio 4,\",\"postalCode\":\"33430\",\"addressLocality\":\"Cand\\u00e1s\",\"addressRegion\":\"Asturias\",\"addressCountry\":\"ES\"}},{\"@type\":\"Person\",\"@id\":\"https:\\\/\\\/www.eldigitaldeasturias.com\\\/noticias\\\/author\\\/admin\\\/#author\",\"url\":\"https:\\\/\\\/www.eldigitaldeasturias.com\\\/noticias\\\/author\\\/admin\\\/\",\"name\":\"El Digital de Asturias\",\"image\":{\"@type\":\"ImageObject\",\"@id\":\"https:\\\/\\\/www.eldigitaldeasturias.com\\\/noticias\\\/los-bomberos-estabilizan-el-incendio-de-degana\\\/#authorImage\",\"url\":\"https:\\\/\\\/www.eldigitaldeasturias.com\\\/noticias\\\/wp-content\\\/litespeed\\\/avatar\\\/18677e78aa0546b92d9dbf31ec7d7668.jpg?ver=1777290358\",\"width\":96,\"height\":96,\"caption\":\"El Digital de Asturias\"}},{\"@type\":\"WebPage\",\"@id\":\"https:\\\/\\\/www.eldigitaldeasturias.com\\\/noticias\\\/los-bomberos-estabilizan-el-incendio-de-degana\\\/#webpage\",\"url\":\"https:\\\/\\\/www.eldigitaldeasturias.com\\\/noticias\\\/los-bomberos-estabilizan-el-incendio-de-degana\\\/\",\"name\":\"Los bomberos estabilizan el incendio de Dega\\u00f1a - El Digital de Asturias\",\"description\":\"Los bomberos del Servicio de Emergencias del Principado de Asturias han dado a las 8.03 horas por estabilizado el incendio declarado el pasado martes en Dega\\u00f1a. En estos momentos, contin\\u00faan trabajando efectivos de bomberos del parque de Cangas del Narcea, Brif de Tineo por tierra, dos empresas forestales y una retroara\\u00f1a. El Consejero de Presidencia,\",\"inLanguage\":\"es-ES\",\"isPartOf\":{\"@id\":\"https:\\\/\\\/www.eldigitaldeasturias.com\\\/noticias\\\/#website\"},\"breadcrumb\":{\"@id\":\"https:\\\/\\\/www.eldigitaldeasturias.com\\\/noticias\\\/los-bomberos-estabilizan-el-incendio-de-degana\\\/#breadcrumblist\"},\"author\":{\"@id\":\"https:\\\/\\\/www.eldigitaldeasturias.com\\\/noticias\\\/author\\\/admin\\\/#author\"},\"creator\":{\"@id\":\"https:\\\/\\\/www.eldigitaldeasturias.com\\\/noticias\\\/author\\\/admin\\\/#author\"},\"image\":{\"@type\":\"ImageObject\",\"url\":\"https:\\\/\\\/www.eldigitaldeasturias.com\\\/noticias\\\/wp-content\\\/uploads\\\/2016\\\/09\\\/fotonoticia_20160908101313_800.jpg\",\"@id\":\"https:\\\/\\\/www.eldigitaldeasturias.com\\\/noticias\\\/los-bomberos-estabilizan-el-incendio-de-degana\\\/#mainImage\",\"width\":800,\"height\":1067},\"primaryImageOfPage\":{\"@id\":\"https:\\\/\\\/www.eldigitaldeasturias.com\\\/noticias\\\/los-bomberos-estabilizan-el-incendio-de-degana\\\/#mainImage\"},\"datePublished\":\"2016-09-08T13:13:14+02:00\",\"dateModified\":\"2016-09-08T13:13:14+02:00\"},{\"@type\":\"WebSite\",\"@id\":\"https:\\\/\\\/www.eldigitaldeasturias.com\\\/noticias\\\/#website\",\"url\":\"https:\\\/\\\/www.eldigitaldeasturias.com\\\/noticias\\\/\",\"name\":\"El Digital de Asturias - Diario de actualidad y noticias\",\"alternateName\":\"El Digital de Asturias - Diario de actualidad y noticias\",\"description\":\"Hemeroteca\",\"inLanguage\":\"es-ES\",\"publisher\":{\"@id\":\"https:\\\/\\\/www.eldigitaldeasturias.com\\\/noticias\\\/#organization\"}}]}\n\t\t<\/script>\n\t\t<!-- All in One SEO Pro -->\r\n\t\t<title>Los bomberos estabilizan el incendio de Dega\u00f1a - El Digital de Asturias<\/title>\n\n","aioseo_head_json":{"title":"Los bomberos estabilizan el incendio de Dega\u00f1a - El Digital de Asturias","description":"Los bomberos del Servicio de Emergencias del Principado de Asturias han dado a las 8.03 horas por estabilizado el incendio declarado el pasado martes en Dega\u00f1a. En estos momentos, contin\u00faan trabajando efectivos de bomberos del parque de Cangas del Narcea, Brif de Tineo por tierra, dos empresas forestales y una retroara\u00f1a. El Consejero de Presidencia,","canonical_url":"https:\/\/www.eldigitaldeasturias.com\/noticias\/los-bomberos-estabilizan-el-incendio-de-degana\/","robots":"max-image-preview:large","keywords":"sucesos","webmasterTools":{"google-site-verification":"UA-38556648-1","msvalidate.01":"7dfe9f3f1b24437ab69f4f2559babe99","miscellaneous":""},"schema":{"@context":"https:\/\/schema.org","@graph":[{"@type":"BlogPosting","@id":"https:\/\/www.eldigitaldeasturias.com\/noticias\/los-bomberos-estabilizan-el-incendio-de-degana\/#blogposting","name":"Los bomberos estabilizan el incendio de Dega\u00f1a - El Digital de Asturias","headline":"Los bomberos estabilizan el incendio de Dega\u00f1a","author":{"@id":"https:\/\/www.eldigitaldeasturias.com\/noticias\/author\/admin\/#author"},"publisher":{"@id":"https:\/\/www.eldigitaldeasturias.com\/noticias\/#organization"},"image":{"@type":"ImageObject","url":"https:\/\/www.eldigitaldeasturias.com\/noticias\/wp-content\/uploads\/2016\/09\/fotonoticia_20160908101313_800.jpg","width":800,"height":1067},"datePublished":"2016-09-08T13:13:14+02:00","dateModified":"2016-09-08T13:13:14+02:00","inLanguage":"es-ES","mainEntityOfPage":{"@id":"https:\/\/www.eldigitaldeasturias.com\/noticias\/los-bomberos-estabilizan-el-incendio-de-degana\/#webpage"},"isPartOf":{"@id":"https:\/\/www.eldigitaldeasturias.com\/noticias\/los-bomberos-estabilizan-el-incendio-de-degana\/#webpage"},"articleSection":"Sucesos"},{"@type":"BreadcrumbList","@id":"https:\/\/www.eldigitaldeasturias.com\/noticias\/los-bomberos-estabilizan-el-incendio-de-degana\/#breadcrumblist","itemListElement":[{"@type":"ListItem","@id":"https:\/\/www.eldigitaldeasturias.com\/noticias#listItem","position":1,"name":"Home","item":"https:\/\/www.eldigitaldeasturias.com\/noticias","nextItem":{"@type":"ListItem","@id":"https:\/\/www.eldigitaldeasturias.com\/noticias\/category\/sucesos\/#listItem","name":"Sucesos"}},{"@type":"ListItem","@id":"https:\/\/www.eldigitaldeasturias.com\/noticias\/category\/sucesos\/#listItem","position":2,"name":"Sucesos","item":"https:\/\/www.eldigitaldeasturias.com\/noticias\/category\/sucesos\/","nextItem":{"@type":"ListItem","@id":"https:\/\/www.eldigitaldeasturias.com\/noticias\/los-bomberos-estabilizan-el-incendio-de-degana\/#listItem","name":"Los bomberos estabilizan el incendio de Dega\u00f1a"},"previousItem":{"@type":"ListItem","@id":"https:\/\/www.eldigitaldeasturias.com\/noticias#listItem","name":"Home"}},{"@type":"ListItem","@id":"https:\/\/www.eldigitaldeasturias.com\/noticias\/los-bomberos-estabilizan-el-incendio-de-degana\/#listItem","position":3,"name":"Los bomberos estabilizan el incendio de Dega\u00f1a","previousItem":{"@type":"ListItem","@id":"https:\/\/www.eldigitaldeasturias.com\/noticias\/category\/sucesos\/#listItem","name":"Sucesos"}}]},{"@type":"Organization","@id":"https:\/\/www.eldigitaldeasturias.com\/noticias\/#organization","name":"El Digital de Asturias","description":"Hemeroteca","url":"https:\/\/www.eldigitaldeasturias.com\/noticias\/","email":"info@eldigitaldeasturias.com","telephone":"+34652131393","logo":{"@type":"ImageObject","url":"https:\/\/www.eldigitaldeasturias.com\/noticias\/wp-content\/uploads\/2020\/12\/EDA.jpg","@id":"https:\/\/www.eldigitaldeasturias.com\/noticias\/los-bomberos-estabilizan-el-incendio-de-degana\/#organizationLogo","width":649,"height":297},"image":{"@id":"https:\/\/www.eldigitaldeasturias.com\/noticias\/los-bomberos-estabilizan-el-incendio-de-degana\/#organizationLogo"},"sameAs":["https:\/\/facebook.com\/eldigitaldeasturias","https:\/\/www.youtube.com\/channel\/UCZP-2wLEB9Rv6erhFmqVnvg"],"address":{"@id":"https:\/\/www.eldigitaldeasturias.com\/noticias\/#postaladdress","@type":"PostalAddress","streetAddress":"san antonio 4,","postalCode":"33430","addressLocality":"Cand\u00e1s","addressRegion":"Asturias","addressCountry":"ES"}},{"@type":"Person","@id":"https:\/\/www.eldigitaldeasturias.com\/noticias\/author\/admin\/#author","url":"https:\/\/www.eldigitaldeasturias.com\/noticias\/author\/admin\/","name":"El Digital de Asturias","image":{"@type":"ImageObject","@id":"https:\/\/www.eldigitaldeasturias.com\/noticias\/los-bomberos-estabilizan-el-incendio-de-degana\/#authorImage","url":"https:\/\/www.eldigitaldeasturias.com\/noticias\/wp-content\/litespeed\/avatar\/18677e78aa0546b92d9dbf31ec7d7668.jpg?ver=1777290358","width":96,"height":96,"caption":"El Digital de Asturias"}},{"@type":"WebPage","@id":"https:\/\/www.eldigitaldeasturias.com\/noticias\/los-bomberos-estabilizan-el-incendio-de-degana\/#webpage","url":"https:\/\/www.eldigitaldeasturias.com\/noticias\/los-bomberos-estabilizan-el-incendio-de-degana\/","name":"Los bomberos estabilizan el incendio de Dega\u00f1a - El Digital de Asturias","description":"Los bomberos del Servicio de Emergencias del Principado de Asturias han dado a las 8.03 horas por estabilizado el incendio declarado el pasado martes en Dega\u00f1a. En estos momentos, contin\u00faan trabajando efectivos de bomberos del parque de Cangas del Narcea, Brif de Tineo por tierra, dos empresas forestales y una retroara\u00f1a. El Consejero de Presidencia,","inLanguage":"es-ES","isPartOf":{"@id":"https:\/\/www.eldigitaldeasturias.com\/noticias\/#website"},"breadcrumb":{"@id":"https:\/\/www.eldigitaldeasturias.com\/noticias\/los-bomberos-estabilizan-el-incendio-de-degana\/#breadcrumblist"},"author":{"@id":"https:\/\/www.eldigitaldeasturias.com\/noticias\/author\/admin\/#author"},"creator":{"@id":"https:\/\/www.eldigitaldeasturias.com\/noticias\/author\/admin\/#author"},"image":{"@type":"ImageObject","url":"https:\/\/www.eldigitaldeasturias.com\/noticias\/wp-content\/uploads\/2016\/09\/fotonoticia_20160908101313_800.jpg","@id":"https:\/\/www.eldigitaldeasturias.com\/noticias\/los-bomberos-estabilizan-el-incendio-de-degana\/#mainImage","width":800,"height":1067},"primaryImageOfPage":{"@id":"https:\/\/www.eldigitaldeasturias.com\/noticias\/los-bomberos-estabilizan-el-incendio-de-degana\/#mainImage"},"datePublished":"2016-09-08T13:13:14+02:00","dateModified":"2016-09-08T13:13:14+02:00"},{"@type":"WebSite","@id":"https:\/\/www.eldigitaldeasturias.com\/noticias\/#website","url":"https:\/\/www.eldigitaldeasturias.com\/noticias\/","name":"El Digital de Asturias - Diario de actualidad y noticias","alternateName":"El Digital de Asturias - Diario de actualidad y noticias","description":"Hemeroteca","inLanguage":"es-ES","publisher":{"@id":"https:\/\/www.eldigitaldeasturias.com\/noticias\/#organization"}}]},"og:locale":"es_ES","og:site_name":"El Digital de Asturias","og:type":"article","og:title":"Los bomberos estabilizan el incendio de Dega\u00f1a - El Digital de Asturias","og:description":"Los bomberos del Servicio de Emergencias del Principado de Asturias han dado a las 8.03 horas por estabilizado el incendio declarado el pasado martes en Dega\u00f1a. En estos momentos, contin\u00faan trabajando efectivos de bomberos del parque de Cangas del Narcea, Brif de Tineo por tierra, dos empresas forestales y una retroara\u00f1a. El Consejero de Presidencia,","og:url":"https:\/\/www.eldigitaldeasturias.com\/noticias\/los-bomberos-estabilizan-el-incendio-de-degana\/","og:image":"https:\/\/www.eldigitaldeasturias.com\/noticias\/wp-content\/uploads\/2016\/09\/fotonoticia_20160908101313_800.jpg","og:image:secure_url":"https:\/\/www.eldigitaldeasturias.com\/noticias\/wp-content\/uploads\/2016\/09\/fotonoticia_20160908101313_800.jpg","og:image:width":800,"og:image:height":1067,"article:tag":["sucesos"],"article:published_time":"2016-09-08T12:13:14+00:00","article:modified_time":"2016-09-08T12:13:14+00:00","article:publisher":"https:\/\/facebook.com\/eldigitaldeasturias","twitter:card":"summary_large_image","twitter:title":"Los bomberos estabilizan el incendio de Dega\u00f1a - El Digital de Asturias","twitter:description":"Los bomberos del Servicio de Emergencias del Principado de Asturias han dado a las 8.03 horas por estabilizado el incendio declarado el pasado martes en Dega\u00f1a. En estos momentos, contin\u00faan trabajando efectivos de bomberos del parque de Cangas del Narcea, Brif de Tineo por tierra, dos empresas forestales y una retroara\u00f1a. El Consejero de Presidencia,","twitter:image":"https:\/\/www.eldigitaldeasturias.com\/noticias\/wp-content\/uploads\/2016\/09\/fotonoticia_20160908101313_800.jpg","twitter:label1":"Escrito por","twitter:data1":"El Digital de Asturias","twitter:label2":"Tiempo de lectura estimado","twitter:data2":"1 minuto"},"aioseo_meta_data":{"post_id":"906430","title":null,"description":null,"keywords":null,"keyphrases":null,"primary_term":null,"canonical_url":null,"og_title":null,"og_description":null,"og_object_type":"default","og_image_type":"default","og_image_url":null,"og_image_width":null,"og_image_height":null,"og_image_custom_url":null,"og_image_custom_fields":null,"og_video":null,"og_custom_url":null,"og_article_section":null,"og_article_tags":null,"twitter_use_og":false,"twitter_card":"default","twitter_image_type":"default","twitter_image_url":null,"twitter_image_custom_url":null,"twitter_image_custom_fields":null,"twitter_title":null,"twitter_description":null,"schema":{"blockGraphs":[],"customGraphs":[],"default":{"data":{"Article":[],"Course":[],"Dataset":[],"FAQPage":[],"Movie":[],"Person":[],"Product":[],"ProductReview":[],"Car":[],"Recipe":[],"Service":[],"SoftwareApplication":[],"WebPage":[]},"graphName":"","isEnabled":true},"graphs":[],"defaultGraph":"","defaultPostTypeGraph":""},"schema_type":null,"schema_type_options":null,"pillar_content":false,"robots_default":true,"robots_noindex":false,"robots_noarchive":false,"robots_nosnippet":false,"robots_nofollow":false,"robots_noimageindex":false,"robots_noodp":false,"robots_notranslate":false,"robots_max_snippet":null,"robots_max_videopreview":null,"robots_max_imagepreview":"large","priority":null,"frequency":null,"local_seo":null,"seo_analyzer_scan_date":"2025-11-30 08:58:12","breadcrumb_settings":null,"limit_modified_date":false,"open_ai":null,"ai":null,"created":"2020-12-21 14:01:33","updated":"2025-11-30 08:58:12"},"aioseo_breadcrumb":"<div class=\"aioseo-breadcrumbs\"><span class=\"aioseo-breadcrumb\">\n\t<a href=\"https:\/\/www.eldigitaldeasturias.com\/noticias\" title=\"Home\">Home<\/a>\n<\/span><span class=\"aioseo-breadcrumb-separator\">\u2013<\/span><span class=\"aioseo-breadcrumb\">\n\t<a href=\"https:\/\/www.eldigitaldeasturias.com\/noticias\/category\/sucesos\/\" title=\"Sucesos\">Sucesos<\/a>\n<\/span><span class=\"aioseo-breadcrumb-separator\">\u2013<\/span><span class=\"aioseo-breadcrumb\">\n\t<a href=\"https:\/\/www.eldigitaldeasturias.com\/noticias\/los-bomberos-estabilizan-el-incendio-de-degana\/\" title=\"Los bomberos estabilizan el incendio de Dega\u00f1a\">Los bomberos estabilizan el incendio de Dega\u00f1a<\/a>\n<\/span><\/div>","aioseo_breadcrumb_json":[{"label":"Home","link":"https:\/\/www.eldigitaldeasturias.com\/noticias"},{"label":"Sucesos","link":"https:\/\/www.eldigitaldeasturias.com\/noticias\/category\/sucesos\/"},{"label":"Los bomberos estabilizan el incendio de Dega\u00f1a","link":"https:\/\/www.eldigitaldeasturias.com\/noticias\/los-bomberos-estabilizan-el-incendio-de-degana\/"}],"_links":{"self":[{"href":"https:\/\/www.eldigitaldeasturias.com\/noticias\/wp-json\/wp\/v2\/posts\/906430","targetHints":{"allow":["GET"]}}],"collection":[{"href":"https:\/\/www.eldigitaldeasturias.com\/noticias\/wp-json\/wp\/v2\/posts"}],"about":[{"href":"https:\/\/www.eldigitaldeasturias.com\/noticias\/wp-json\/wp\/v2\/types\/post"}],"author":[{"embeddable":true,"href":"https:\/\/www.eldigitaldeasturias.com\/noticias\/wp-json\/wp\/v2\/users\/1"}],"replies":[{"embeddable":true,"href":"https:\/\/www.eldigitaldeasturias.com\/noticias\/wp-json\/wp\/v2\/comments?post=906430"}],"version-history":[{"count":0,"href":"https:\/\/www.eldigitaldeasturias.com\/noticias\/wp-json\/wp\/v2\/posts\/906430\/revisions"}],"wp:featuredmedia":[{"embeddable":true,"href":"https:\/\/www.eldigitaldeasturias.com\/noticias\/wp-json\/wp\/v2\/media\/906431"}],"wp:attachment":[{"href":"https:\/\/www.eldigitaldeasturias.com\/noticias\/wp-json\/wp\/v2\/media?parent=906430"}],"wp:term":[{"taxonomy":"category","embeddable":true,"href":"https:\/\/www.eldigitaldeasturias.com\/noticias\/wp-json\/wp\/v2\/categories?post=906430"},{"taxonomy":"post_tag","embeddable":true,"href":"https:\/\/www.eldigitaldeasturias.com\/noticias\/wp-json\/wp\/v2\/tags?post=906430"}],"curies":[{"name":"wp","href":"https:\/\/api.w.org\/{rel}","templated":true}]}}