{"id":906427,"date":"2016-09-08T13:10:24","date_gmt":"2016-09-08T12:10:24","guid":{"rendered":"http:\/\/www.eldigitaldeasturias.com\/noticias\/?p=906427"},"modified":"2016-09-08T13:10:24","modified_gmt":"2016-09-08T12:10:24","slug":"javier-fernandez-buscara-el-dialogo-para-asturias","status":"publish","type":"post","link":"https:\/\/www.eldigitaldeasturias.com\/noticias\/javier-fernandez-buscara-el-dialogo-para-asturias\/","title":{"rendered":"Javier Fern\u00e1ndez buscar\u00e1 el \u201cdi\u00e1logo\u201d para Asturias"},"content":{"rendered":"<p><img loading=\"lazy\" decoding=\"async\" class=\"alignleft size-medium wp-image-906428\" src=\"https:\/\/www.eldigitaldeasturias.com\/noticias\/wp-content\/uploads\/2016\/09\/fotonoticia_20160908100840_800-286x320.jpg\" alt=\"fotonoticia_20160908100840_800\" width=\"286\" height=\"320\" srcset=\"https:\/\/www.eldigitaldeasturias.com\/noticias\/wp-content\/uploads\/2016\/09\/fotonoticia_20160908100840_800-286x320.jpg 286w, https:\/\/www.eldigitaldeasturias.com\/noticias\/wp-content\/uploads\/2016\/09\/fotonoticia_20160908100840_800-768x859.jpg 768w, https:\/\/www.eldigitaldeasturias.com\/noticias\/wp-content\/uploads\/2016\/09\/fotonoticia_20160908100840_800-581x650.jpg 581w, https:\/\/www.eldigitaldeasturias.com\/noticias\/wp-content\/uploads\/2016\/09\/fotonoticia_20160908100840_800.jpg 800w\" sizes=\"auto, (max-width: 286px) 100vw, 286px\" \/>El presidente del Gobierno del Principado de Asturias, el socialista Javier Fern\u00e1ndez, se ha mostrado preocupado por la fortaleza que han alcanzado las demandas independentistas en la actual etapa de \u00abincertidumbre pol\u00edtica e institucional\u00bb en Espa\u00f1a.<\/p>\n<p>Fern\u00e1ndez se ha pronunciado en esos t\u00e9rminos en su discurso institucional con motivo del D\u00eda de Asturias. El dirigente socialista ha querido aprovechar la ocasi\u00f3n para hacer un llamamiento para evitar que esa situaci\u00f3n de incertidumbre se prolongue en el tiempo y \u00abdegenere en un hartazgo ciudadano contra la irresponsabilidad de sus representantes\u00bb.<\/p>\n<p>En clave asturiana, Javier Fern\u00e1ndez ha querido apelar al \u00abdi\u00e1logo\u00bb, con una pol\u00edtica de \u00abmano tendida\u00bb por parte del Gobierno regional \u00aba todos quienes de verdad est\u00e9n comprometidos con el apoyo a los m\u00e1s necesitados, el bienestar social, la solidaridad y el desarrollo econ\u00f3mico de esta tierra\u00bb.<\/p>\n<p>En opini\u00f3n del dirigente socialista, las \u00aboportunidades desperdiciadas en el pasado\u00bb han de servir para recapacitar. \u00abLos hombres y mujeres de Asturias no merecen cargar con las consecuencias de la cerraz\u00f3n y de las miserias de los c\u00e1lculos particulares. \u00c9ste es, expl\u00edcitamente, un mensaje para el entendimiento por el progreso del Principado al que nadie deber\u00eda sentirse ajeno\u00bb, ha apuntado el pol\u00edtico asturiano, necesitado de apoyos para sacar adelante los presupuestos de 2017.<\/p>\n<p>En su discurso, Javier Fern\u00e1ndez ha puesto en valor lo que ha considerado como logros de su Ejecutivo, como los proyectos relativos al desarrollo del \u00e1rea metropolitana, el acuerdo de concertaci\u00f3n y un pacto contra la violencia de g\u00e9nero.<\/p>\n<p>\u00abLa reducci\u00f3n sostenida del desempleo y la mejora de los datos econ\u00f3micos refuerzan adem\u00e1s la convicci\u00f3n de que nuestra comunidad ha logrado sumarse a la recuperaci\u00f3n.\u00bb, ha a\u00f1adido el presidente asturiano.<\/p>\n<p>&nbsp;<\/p>\n","protected":false},"excerpt":{"rendered":"<p>El presidente del Gobierno del Principado de Asturias, el socialista Javier Fern\u00e1ndez, se ha mostrado preocupado por la fortaleza que han alcanzado las demandas independentistas en la actual etapa de \u00abincertidumbre pol\u00edtica e institucional\u00bb en Espa\u00f1a. Fern\u00e1ndez se ha pronunciado en esos t\u00e9rminos en su discurso institucional con motivo del D\u00eda de Asturias. El dirigente [&hellip;]<\/p>\n","protected":false},"author":1,"featured_media":906428,"comment_status":"closed","ping_status":"closed","sticky":false,"template":"","format":"standard","meta":{"footnotes":""},"categories":[12],"tags":[],"class_list":["post-906427","post","type-post","status-publish","format-standard","has-post-thumbnail","hentry","category-actualidad-asturias"],"aioseo_notices":[],"aioseo_head":"\n\t\t<!-- All in One SEO Pro 4.9.6.2 - aioseo.com -->\n\t<meta name=\"description\" content=\"El presidente del Gobierno del Principado de Asturias, el socialista Javier Fern\u00e1ndez, se ha mostrado preocupado por la fortaleza que han alcanzado las demandas independentistas en la actual etapa de &quot;incertidumbre pol\u00edtica e institucional&quot; en Espa\u00f1a. Fern\u00e1ndez se ha pronunciado en esos t\u00e9rminos en su discurso institucional con motivo del D\u00eda de Asturias. El dirigente\" \/>\n\t<meta name=\"robots\" content=\"max-image-preview:large\" \/>\n\t<meta name=\"author\" content=\"El Digital de Asturias\"\/>\n\t<meta name=\"google-site-verification\" content=\"UA-38556648-1\" \/>\n\t<meta name=\"msvalidate.01\" content=\"7dfe9f3f1b24437ab69f4f2559babe99\" \/>\n\t<meta name=\"keywords\" content=\"actualidad asturias\" \/>\n\t<link rel=\"canonical\" href=\"https:\/\/www.eldigitaldeasturias.com\/noticias\/javier-fernandez-buscara-el-dialogo-para-asturias\/\" \/>\n\t<meta name=\"generator\" content=\"All in One SEO Pro (AIOSEO) 4.9.6.2\" \/>\n\t\t<meta property=\"og:locale\" content=\"es_ES\" \/>\n\t\t<meta property=\"og:site_name\" content=\"El Digital de Asturias\" \/>\n\t\t<meta property=\"og:type\" content=\"article\" \/>\n\t\t<meta property=\"og:title\" content=\"Javier Fern\u00e1ndez buscar\u00e1 el \u201cdi\u00e1logo\u201d para Asturias - El Digital de Asturias\" \/>\n\t\t<meta property=\"og:description\" content=\"El presidente del Gobierno del Principado de Asturias, el socialista Javier Fern\u00e1ndez, se ha mostrado preocupado por la fortaleza que han alcanzado las demandas independentistas en la actual etapa de &quot;incertidumbre pol\u00edtica e institucional&quot; en Espa\u00f1a. Fern\u00e1ndez se ha pronunciado en esos t\u00e9rminos en su discurso institucional con motivo del D\u00eda de Asturias. El dirigente\" \/>\n\t\t<meta property=\"og:url\" content=\"https:\/\/www.eldigitaldeasturias.com\/noticias\/javier-fernandez-buscara-el-dialogo-para-asturias\/\" \/>\n\t\t<meta property=\"og:image\" content=\"https:\/\/www.eldigitaldeasturias.com\/noticias\/wp-content\/uploads\/2016\/09\/fotonoticia_20160908100840_800.jpg\" \/>\n\t\t<meta property=\"og:image:secure_url\" content=\"https:\/\/www.eldigitaldeasturias.com\/noticias\/wp-content\/uploads\/2016\/09\/fotonoticia_20160908100840_800.jpg\" \/>\n\t\t<meta property=\"og:image:width\" content=\"800\" \/>\n\t\t<meta property=\"og:image:height\" content=\"895\" \/>\n\t\t<meta property=\"article:tag\" content=\"actualidad asturias\" \/>\n\t\t<meta property=\"article:published_time\" content=\"2016-09-08T12:10:24+00:00\" \/>\n\t\t<meta property=\"article:modified_time\" content=\"2016-09-08T12:10:24+00:00\" \/>\n\t\t<meta property=\"article:publisher\" content=\"https:\/\/facebook.com\/eldigitaldeasturias\" \/>\n\t\t<meta name=\"twitter:card\" content=\"summary_large_image\" \/>\n\t\t<meta name=\"twitter:title\" content=\"Javier Fern\u00e1ndez buscar\u00e1 el \u201cdi\u00e1logo\u201d para Asturias - El Digital de Asturias\" \/>\n\t\t<meta name=\"twitter:description\" content=\"El presidente del Gobierno del Principado de Asturias, el socialista Javier Fern\u00e1ndez, se ha mostrado preocupado por la fortaleza que han alcanzado las demandas independentistas en la actual etapa de &quot;incertidumbre pol\u00edtica e institucional&quot; en Espa\u00f1a. Fern\u00e1ndez se ha pronunciado en esos t\u00e9rminos en su discurso institucional con motivo del D\u00eda de Asturias. El dirigente\" \/>\n\t\t<meta name=\"twitter:image\" content=\"https:\/\/www.eldigitaldeasturias.com\/noticias\/wp-content\/uploads\/2016\/09\/fotonoticia_20160908100840_800.jpg\" \/>\n\t\t<meta name=\"twitter:label1\" content=\"Escrito por\" \/>\n\t\t<meta name=\"twitter:data1\" content=\"El Digital de Asturias\" \/>\n\t\t<meta name=\"twitter:label2\" content=\"Tiempo de lectura estimado\" \/>\n\t\t<meta name=\"twitter:data2\" content=\"2 minutos\" \/>\n\t\t<script type=\"application\/ld+json\" class=\"aioseo-schema\">\n\t\t\t{\"@context\":\"https:\\\/\\\/schema.org\",\"@graph\":[{\"@type\":\"BlogPosting\",\"@id\":\"https:\\\/\\\/www.eldigitaldeasturias.com\\\/noticias\\\/javier-fernandez-buscara-el-dialogo-para-asturias\\\/#blogposting\",\"name\":\"Javier Fern\\u00e1ndez buscar\\u00e1 el \\u201cdi\\u00e1logo\\u201d para Asturias - El Digital de Asturias\",\"headline\":\"Javier Fern\\u00e1ndez buscar\\u00e1 el \\u201cdi\\u00e1logo\\u201d para Asturias\",\"author\":{\"@id\":\"https:\\\/\\\/www.eldigitaldeasturias.com\\\/noticias\\\/author\\\/admin\\\/#author\"},\"publisher\":{\"@id\":\"https:\\\/\\\/www.eldigitaldeasturias.com\\\/noticias\\\/#organization\"},\"image\":{\"@type\":\"ImageObject\",\"url\":\"https:\\\/\\\/www.eldigitaldeasturias.com\\\/noticias\\\/wp-content\\\/uploads\\\/2016\\\/09\\\/fotonoticia_20160908100840_800.jpg\",\"width\":800,\"height\":895},\"datePublished\":\"2016-09-08T13:10:24+02:00\",\"dateModified\":\"2016-09-08T13:10:24+02:00\",\"inLanguage\":\"es-ES\",\"mainEntityOfPage\":{\"@id\":\"https:\\\/\\\/www.eldigitaldeasturias.com\\\/noticias\\\/javier-fernandez-buscara-el-dialogo-para-asturias\\\/#webpage\"},\"isPartOf\":{\"@id\":\"https:\\\/\\\/www.eldigitaldeasturias.com\\\/noticias\\\/javier-fernandez-buscara-el-dialogo-para-asturias\\\/#webpage\"},\"articleSection\":\"Actualidad Asturias\"},{\"@type\":\"BreadcrumbList\",\"@id\":\"https:\\\/\\\/www.eldigitaldeasturias.com\\\/noticias\\\/javier-fernandez-buscara-el-dialogo-para-asturias\\\/#breadcrumblist\",\"itemListElement\":[{\"@type\":\"ListItem\",\"@id\":\"https:\\\/\\\/www.eldigitaldeasturias.com\\\/noticias#listItem\",\"position\":1,\"name\":\"Home\",\"item\":\"https:\\\/\\\/www.eldigitaldeasturias.com\\\/noticias\",\"nextItem\":{\"@type\":\"ListItem\",\"@id\":\"https:\\\/\\\/www.eldigitaldeasturias.com\\\/noticias\\\/category\\\/actualidad-asturias\\\/#listItem\",\"name\":\"Actualidad Asturias\"}},{\"@type\":\"ListItem\",\"@id\":\"https:\\\/\\\/www.eldigitaldeasturias.com\\\/noticias\\\/category\\\/actualidad-asturias\\\/#listItem\",\"position\":2,\"name\":\"Actualidad Asturias\",\"item\":\"https:\\\/\\\/www.eldigitaldeasturias.com\\\/noticias\\\/category\\\/actualidad-asturias\\\/\",\"nextItem\":{\"@type\":\"ListItem\",\"@id\":\"https:\\\/\\\/www.eldigitaldeasturias.com\\\/noticias\\\/javier-fernandez-buscara-el-dialogo-para-asturias\\\/#listItem\",\"name\":\"Javier Fern\\u00e1ndez buscar\\u00e1 el \\u201cdi\\u00e1logo\\u201d para Asturias\"},\"previousItem\":{\"@type\":\"ListItem\",\"@id\":\"https:\\\/\\\/www.eldigitaldeasturias.com\\\/noticias#listItem\",\"name\":\"Home\"}},{\"@type\":\"ListItem\",\"@id\":\"https:\\\/\\\/www.eldigitaldeasturias.com\\\/noticias\\\/javier-fernandez-buscara-el-dialogo-para-asturias\\\/#listItem\",\"position\":3,\"name\":\"Javier Fern\\u00e1ndez buscar\\u00e1 el \\u201cdi\\u00e1logo\\u201d para Asturias\",\"previousItem\":{\"@type\":\"ListItem\",\"@id\":\"https:\\\/\\\/www.eldigitaldeasturias.com\\\/noticias\\\/category\\\/actualidad-asturias\\\/#listItem\",\"name\":\"Actualidad Asturias\"}}]},{\"@type\":\"Organization\",\"@id\":\"https:\\\/\\\/www.eldigitaldeasturias.com\\\/noticias\\\/#organization\",\"name\":\"El Digital de Asturias\",\"description\":\"Hemeroteca\",\"url\":\"https:\\\/\\\/www.eldigitaldeasturias.com\\\/noticias\\\/\",\"email\":\"info@eldigitaldeasturias.com\",\"telephone\":\"+34652131393\",\"logo\":{\"@type\":\"ImageObject\",\"url\":\"https:\\\/\\\/www.eldigitaldeasturias.com\\\/noticias\\\/wp-content\\\/uploads\\\/2020\\\/12\\\/EDA.jpg\",\"@id\":\"https:\\\/\\\/www.eldigitaldeasturias.com\\\/noticias\\\/javier-fernandez-buscara-el-dialogo-para-asturias\\\/#organizationLogo\",\"width\":649,\"height\":297},\"image\":{\"@id\":\"https:\\\/\\\/www.eldigitaldeasturias.com\\\/noticias\\\/javier-fernandez-buscara-el-dialogo-para-asturias\\\/#organizationLogo\"},\"sameAs\":[\"https:\\\/\\\/facebook.com\\\/eldigitaldeasturias\",\"https:\\\/\\\/www.youtube.com\\\/channel\\\/UCZP-2wLEB9Rv6erhFmqVnvg\"],\"address\":{\"@id\":\"https:\\\/\\\/www.eldigitaldeasturias.com\\\/noticias\\\/#postaladdress\",\"@type\":\"PostalAddress\",\"streetAddress\":\"san antonio 4,\",\"postalCode\":\"33430\",\"addressLocality\":\"Cand\\u00e1s\",\"addressRegion\":\"Asturias\",\"addressCountry\":\"ES\"}},{\"@type\":\"Person\",\"@id\":\"https:\\\/\\\/www.eldigitaldeasturias.com\\\/noticias\\\/author\\\/admin\\\/#author\",\"url\":\"https:\\\/\\\/www.eldigitaldeasturias.com\\\/noticias\\\/author\\\/admin\\\/\",\"name\":\"El Digital de Asturias\",\"image\":{\"@type\":\"ImageObject\",\"@id\":\"https:\\\/\\\/www.eldigitaldeasturias.com\\\/noticias\\\/javier-fernandez-buscara-el-dialogo-para-asturias\\\/#authorImage\",\"url\":\"https:\\\/\\\/www.eldigitaldeasturias.com\\\/noticias\\\/wp-content\\\/litespeed\\\/avatar\\\/18677e78aa0546b92d9dbf31ec7d7668.jpg?ver=1777290358\",\"width\":96,\"height\":96,\"caption\":\"El Digital de Asturias\"}},{\"@type\":\"WebPage\",\"@id\":\"https:\\\/\\\/www.eldigitaldeasturias.com\\\/noticias\\\/javier-fernandez-buscara-el-dialogo-para-asturias\\\/#webpage\",\"url\":\"https:\\\/\\\/www.eldigitaldeasturias.com\\\/noticias\\\/javier-fernandez-buscara-el-dialogo-para-asturias\\\/\",\"name\":\"Javier Fern\\u00e1ndez buscar\\u00e1 el \\u201cdi\\u00e1logo\\u201d para Asturias - El Digital de Asturias\",\"description\":\"El presidente del Gobierno del Principado de Asturias, el socialista Javier Fern\\u00e1ndez, se ha mostrado preocupado por la fortaleza que han alcanzado las demandas independentistas en la actual etapa de \\\"incertidumbre pol\\u00edtica e institucional\\\" en Espa\\u00f1a. Fern\\u00e1ndez se ha pronunciado en esos t\\u00e9rminos en su discurso institucional con motivo del D\\u00eda de Asturias. El dirigente\",\"inLanguage\":\"es-ES\",\"isPartOf\":{\"@id\":\"https:\\\/\\\/www.eldigitaldeasturias.com\\\/noticias\\\/#website\"},\"breadcrumb\":{\"@id\":\"https:\\\/\\\/www.eldigitaldeasturias.com\\\/noticias\\\/javier-fernandez-buscara-el-dialogo-para-asturias\\\/#breadcrumblist\"},\"author\":{\"@id\":\"https:\\\/\\\/www.eldigitaldeasturias.com\\\/noticias\\\/author\\\/admin\\\/#author\"},\"creator\":{\"@id\":\"https:\\\/\\\/www.eldigitaldeasturias.com\\\/noticias\\\/author\\\/admin\\\/#author\"},\"image\":{\"@type\":\"ImageObject\",\"url\":\"https:\\\/\\\/www.eldigitaldeasturias.com\\\/noticias\\\/wp-content\\\/uploads\\\/2016\\\/09\\\/fotonoticia_20160908100840_800.jpg\",\"@id\":\"https:\\\/\\\/www.eldigitaldeasturias.com\\\/noticias\\\/javier-fernandez-buscara-el-dialogo-para-asturias\\\/#mainImage\",\"width\":800,\"height\":895},\"primaryImageOfPage\":{\"@id\":\"https:\\\/\\\/www.eldigitaldeasturias.com\\\/noticias\\\/javier-fernandez-buscara-el-dialogo-para-asturias\\\/#mainImage\"},\"datePublished\":\"2016-09-08T13:10:24+02:00\",\"dateModified\":\"2016-09-08T13:10:24+02:00\"},{\"@type\":\"WebSite\",\"@id\":\"https:\\\/\\\/www.eldigitaldeasturias.com\\\/noticias\\\/#website\",\"url\":\"https:\\\/\\\/www.eldigitaldeasturias.com\\\/noticias\\\/\",\"name\":\"El Digital de Asturias - Diario de actualidad y noticias\",\"alternateName\":\"El Digital de Asturias - Diario de actualidad y noticias\",\"description\":\"Hemeroteca\",\"inLanguage\":\"es-ES\",\"publisher\":{\"@id\":\"https:\\\/\\\/www.eldigitaldeasturias.com\\\/noticias\\\/#organization\"}}]}\n\t\t<\/script>\n\t\t<!-- All in One SEO Pro -->\r\n\t\t<title>Javier Fern\u00e1ndez buscar\u00e1 el \u201cdi\u00e1logo\u201d para Asturias - El Digital de Asturias<\/title>\n\n","aioseo_head_json":{"title":"Javier Fern\u00e1ndez buscar\u00e1 el \u201cdi\u00e1logo\u201d para Asturias - El Digital de Asturias","description":"El presidente del Gobierno del Principado de Asturias, el socialista Javier Fern\u00e1ndez, se ha mostrado preocupado por la fortaleza que han alcanzado las demandas independentistas en la actual etapa de \"incertidumbre pol\u00edtica e institucional\" en Espa\u00f1a. Fern\u00e1ndez se ha pronunciado en esos t\u00e9rminos en su discurso institucional con motivo del D\u00eda de Asturias. El dirigente","canonical_url":"https:\/\/www.eldigitaldeasturias.com\/noticias\/javier-fernandez-buscara-el-dialogo-para-asturias\/","robots":"max-image-preview:large","keywords":"actualidad asturias","webmasterTools":{"google-site-verification":"UA-38556648-1","msvalidate.01":"7dfe9f3f1b24437ab69f4f2559babe99","miscellaneous":""},"schema":{"@context":"https:\/\/schema.org","@graph":[{"@type":"BlogPosting","@id":"https:\/\/www.eldigitaldeasturias.com\/noticias\/javier-fernandez-buscara-el-dialogo-para-asturias\/#blogposting","name":"Javier Fern\u00e1ndez buscar\u00e1 el \u201cdi\u00e1logo\u201d para Asturias - El Digital de Asturias","headline":"Javier Fern\u00e1ndez buscar\u00e1 el \u201cdi\u00e1logo\u201d para Asturias","author":{"@id":"https:\/\/www.eldigitaldeasturias.com\/noticias\/author\/admin\/#author"},"publisher":{"@id":"https:\/\/www.eldigitaldeasturias.com\/noticias\/#organization"},"image":{"@type":"ImageObject","url":"https:\/\/www.eldigitaldeasturias.com\/noticias\/wp-content\/uploads\/2016\/09\/fotonoticia_20160908100840_800.jpg","width":800,"height":895},"datePublished":"2016-09-08T13:10:24+02:00","dateModified":"2016-09-08T13:10:24+02:00","inLanguage":"es-ES","mainEntityOfPage":{"@id":"https:\/\/www.eldigitaldeasturias.com\/noticias\/javier-fernandez-buscara-el-dialogo-para-asturias\/#webpage"},"isPartOf":{"@id":"https:\/\/www.eldigitaldeasturias.com\/noticias\/javier-fernandez-buscara-el-dialogo-para-asturias\/#webpage"},"articleSection":"Actualidad Asturias"},{"@type":"BreadcrumbList","@id":"https:\/\/www.eldigitaldeasturias.com\/noticias\/javier-fernandez-buscara-el-dialogo-para-asturias\/#breadcrumblist","itemListElement":[{"@type":"ListItem","@id":"https:\/\/www.eldigitaldeasturias.com\/noticias#listItem","position":1,"name":"Home","item":"https:\/\/www.eldigitaldeasturias.com\/noticias","nextItem":{"@type":"ListItem","@id":"https:\/\/www.eldigitaldeasturias.com\/noticias\/category\/actualidad-asturias\/#listItem","name":"Actualidad Asturias"}},{"@type":"ListItem","@id":"https:\/\/www.eldigitaldeasturias.com\/noticias\/category\/actualidad-asturias\/#listItem","position":2,"name":"Actualidad Asturias","item":"https:\/\/www.eldigitaldeasturias.com\/noticias\/category\/actualidad-asturias\/","nextItem":{"@type":"ListItem","@id":"https:\/\/www.eldigitaldeasturias.com\/noticias\/javier-fernandez-buscara-el-dialogo-para-asturias\/#listItem","name":"Javier Fern\u00e1ndez buscar\u00e1 el \u201cdi\u00e1logo\u201d para Asturias"},"previousItem":{"@type":"ListItem","@id":"https:\/\/www.eldigitaldeasturias.com\/noticias#listItem","name":"Home"}},{"@type":"ListItem","@id":"https:\/\/www.eldigitaldeasturias.com\/noticias\/javier-fernandez-buscara-el-dialogo-para-asturias\/#listItem","position":3,"name":"Javier Fern\u00e1ndez buscar\u00e1 el \u201cdi\u00e1logo\u201d para Asturias","previousItem":{"@type":"ListItem","@id":"https:\/\/www.eldigitaldeasturias.com\/noticias\/category\/actualidad-asturias\/#listItem","name":"Actualidad Asturias"}}]},{"@type":"Organization","@id":"https:\/\/www.eldigitaldeasturias.com\/noticias\/#organization","name":"El Digital de Asturias","description":"Hemeroteca","url":"https:\/\/www.eldigitaldeasturias.com\/noticias\/","email":"info@eldigitaldeasturias.com","telephone":"+34652131393","logo":{"@type":"ImageObject","url":"https:\/\/www.eldigitaldeasturias.com\/noticias\/wp-content\/uploads\/2020\/12\/EDA.jpg","@id":"https:\/\/www.eldigitaldeasturias.com\/noticias\/javier-fernandez-buscara-el-dialogo-para-asturias\/#organizationLogo","width":649,"height":297},"image":{"@id":"https:\/\/www.eldigitaldeasturias.com\/noticias\/javier-fernandez-buscara-el-dialogo-para-asturias\/#organizationLogo"},"sameAs":["https:\/\/facebook.com\/eldigitaldeasturias","https:\/\/www.youtube.com\/channel\/UCZP-2wLEB9Rv6erhFmqVnvg"],"address":{"@id":"https:\/\/www.eldigitaldeasturias.com\/noticias\/#postaladdress","@type":"PostalAddress","streetAddress":"san antonio 4,","postalCode":"33430","addressLocality":"Cand\u00e1s","addressRegion":"Asturias","addressCountry":"ES"}},{"@type":"Person","@id":"https:\/\/www.eldigitaldeasturias.com\/noticias\/author\/admin\/#author","url":"https:\/\/www.eldigitaldeasturias.com\/noticias\/author\/admin\/","name":"El Digital de Asturias","image":{"@type":"ImageObject","@id":"https:\/\/www.eldigitaldeasturias.com\/noticias\/javier-fernandez-buscara-el-dialogo-para-asturias\/#authorImage","url":"https:\/\/www.eldigitaldeasturias.com\/noticias\/wp-content\/litespeed\/avatar\/18677e78aa0546b92d9dbf31ec7d7668.jpg?ver=1777290358","width":96,"height":96,"caption":"El Digital de Asturias"}},{"@type":"WebPage","@id":"https:\/\/www.eldigitaldeasturias.com\/noticias\/javier-fernandez-buscara-el-dialogo-para-asturias\/#webpage","url":"https:\/\/www.eldigitaldeasturias.com\/noticias\/javier-fernandez-buscara-el-dialogo-para-asturias\/","name":"Javier Fern\u00e1ndez buscar\u00e1 el \u201cdi\u00e1logo\u201d para Asturias - El Digital de Asturias","description":"El presidente del Gobierno del Principado de Asturias, el socialista Javier Fern\u00e1ndez, se ha mostrado preocupado por la fortaleza que han alcanzado las demandas independentistas en la actual etapa de \"incertidumbre pol\u00edtica e institucional\" en Espa\u00f1a. Fern\u00e1ndez se ha pronunciado en esos t\u00e9rminos en su discurso institucional con motivo del D\u00eda de Asturias. El dirigente","inLanguage":"es-ES","isPartOf":{"@id":"https:\/\/www.eldigitaldeasturias.com\/noticias\/#website"},"breadcrumb":{"@id":"https:\/\/www.eldigitaldeasturias.com\/noticias\/javier-fernandez-buscara-el-dialogo-para-asturias\/#breadcrumblist"},"author":{"@id":"https:\/\/www.eldigitaldeasturias.com\/noticias\/author\/admin\/#author"},"creator":{"@id":"https:\/\/www.eldigitaldeasturias.com\/noticias\/author\/admin\/#author"},"image":{"@type":"ImageObject","url":"https:\/\/www.eldigitaldeasturias.com\/noticias\/wp-content\/uploads\/2016\/09\/fotonoticia_20160908100840_800.jpg","@id":"https:\/\/www.eldigitaldeasturias.com\/noticias\/javier-fernandez-buscara-el-dialogo-para-asturias\/#mainImage","width":800,"height":895},"primaryImageOfPage":{"@id":"https:\/\/www.eldigitaldeasturias.com\/noticias\/javier-fernandez-buscara-el-dialogo-para-asturias\/#mainImage"},"datePublished":"2016-09-08T13:10:24+02:00","dateModified":"2016-09-08T13:10:24+02:00"},{"@type":"WebSite","@id":"https:\/\/www.eldigitaldeasturias.com\/noticias\/#website","url":"https:\/\/www.eldigitaldeasturias.com\/noticias\/","name":"El Digital de Asturias - Diario de actualidad y noticias","alternateName":"El Digital de Asturias - Diario de actualidad y noticias","description":"Hemeroteca","inLanguage":"es-ES","publisher":{"@id":"https:\/\/www.eldigitaldeasturias.com\/noticias\/#organization"}}]},"og:locale":"es_ES","og:site_name":"El Digital de Asturias","og:type":"article","og:title":"Javier Fern\u00e1ndez buscar\u00e1 el \u201cdi\u00e1logo\u201d para Asturias - El Digital de Asturias","og:description":"El presidente del Gobierno del Principado de Asturias, el socialista Javier Fern\u00e1ndez, se ha mostrado preocupado por la fortaleza que han alcanzado las demandas independentistas en la actual etapa de &quot;incertidumbre pol\u00edtica e institucional&quot; en Espa\u00f1a. Fern\u00e1ndez se ha pronunciado en esos t\u00e9rminos en su discurso institucional con motivo del D\u00eda de Asturias. El dirigente","og:url":"https:\/\/www.eldigitaldeasturias.com\/noticias\/javier-fernandez-buscara-el-dialogo-para-asturias\/","og:image":"https:\/\/www.eldigitaldeasturias.com\/noticias\/wp-content\/uploads\/2016\/09\/fotonoticia_20160908100840_800.jpg","og:image:secure_url":"https:\/\/www.eldigitaldeasturias.com\/noticias\/wp-content\/uploads\/2016\/09\/fotonoticia_20160908100840_800.jpg","og:image:width":800,"og:image:height":895,"article:tag":["actualidad asturias"],"article:published_time":"2016-09-08T12:10:24+00:00","article:modified_time":"2016-09-08T12:10:24+00:00","article:publisher":"https:\/\/facebook.com\/eldigitaldeasturias","twitter:card":"summary_large_image","twitter:title":"Javier Fern\u00e1ndez buscar\u00e1 el \u201cdi\u00e1logo\u201d para Asturias - El Digital de Asturias","twitter:description":"El presidente del Gobierno del Principado de Asturias, el socialista Javier Fern\u00e1ndez, se ha mostrado preocupado por la fortaleza que han alcanzado las demandas independentistas en la actual etapa de &quot;incertidumbre pol\u00edtica e institucional&quot; en Espa\u00f1a. Fern\u00e1ndez se ha pronunciado en esos t\u00e9rminos en su discurso institucional con motivo del D\u00eda de Asturias. El dirigente","twitter:image":"https:\/\/www.eldigitaldeasturias.com\/noticias\/wp-content\/uploads\/2016\/09\/fotonoticia_20160908100840_800.jpg","twitter:label1":"Escrito por","twitter:data1":"El Digital de Asturias","twitter:label2":"Tiempo de lectura estimado","twitter:data2":"2 minutos"},"aioseo_meta_data":{"post_id":"906427","title":null,"description":null,"keywords":null,"keyphrases":null,"primary_term":null,"canonical_url":null,"og_title":null,"og_description":null,"og_object_type":"default","og_image_type":"default","og_image_url":null,"og_image_width":null,"og_image_height":null,"og_image_custom_url":null,"og_image_custom_fields":null,"og_video":null,"og_custom_url":null,"og_article_section":null,"og_article_tags":null,"twitter_use_og":false,"twitter_card":"default","twitter_image_type":"default","twitter_image_url":null,"twitter_image_custom_url":null,"twitter_image_custom_fields":null,"twitter_title":null,"twitter_description":null,"schema":{"blockGraphs":[],"customGraphs":[],"default":{"data":{"Article":[],"Course":[],"Dataset":[],"FAQPage":[],"Movie":[],"Person":[],"Product":[],"ProductReview":[],"Car":[],"Recipe":[],"Service":[],"SoftwareApplication":[],"WebPage":[]},"graphName":"","isEnabled":true},"graphs":[],"defaultGraph":"","defaultPostTypeGraph":""},"schema_type":null,"schema_type_options":null,"pillar_content":false,"robots_default":true,"robots_noindex":false,"robots_noarchive":false,"robots_nosnippet":false,"robots_nofollow":false,"robots_noimageindex":false,"robots_noodp":false,"robots_notranslate":false,"robots_max_snippet":null,"robots_max_videopreview":null,"robots_max_imagepreview":"large","priority":null,"frequency":null,"local_seo":null,"seo_analyzer_scan_date":"2025-11-30 08:58:11","breadcrumb_settings":null,"limit_modified_date":false,"open_ai":null,"ai":null,"created":"2020-12-21 14:01:33","updated":"2025-11-30 08:58:11"},"aioseo_breadcrumb":"<div class=\"aioseo-breadcrumbs\"><span class=\"aioseo-breadcrumb\">\n\t<a href=\"https:\/\/www.eldigitaldeasturias.com\/noticias\" title=\"Home\">Home<\/a>\n<\/span><span class=\"aioseo-breadcrumb-separator\">\u2013<\/span><span class=\"aioseo-breadcrumb\">\n\t<a href=\"https:\/\/www.eldigitaldeasturias.com\/noticias\/category\/actualidad-asturias\/\" title=\"Actualidad Asturias\">Actualidad Asturias<\/a>\n<\/span><span class=\"aioseo-breadcrumb-separator\">\u2013<\/span><span class=\"aioseo-breadcrumb\">\n\t<a href=\"https:\/\/www.eldigitaldeasturias.com\/noticias\/javier-fernandez-buscara-el-dialogo-para-asturias\/\" title=\"Javier Fern\u00e1ndez buscar\u00e1 el \u201cdi\u00e1logo\u201d para Asturias\">Javier Fern\u00e1ndez buscar\u00e1 el \u201cdi\u00e1logo\u201d para Asturias<\/a>\n<\/span><\/div>","aioseo_breadcrumb_json":[{"label":"Home","link":"https:\/\/www.eldigitaldeasturias.com\/noticias"},{"label":"Actualidad Asturias","link":"https:\/\/www.eldigitaldeasturias.com\/noticias\/category\/actualidad-asturias\/"},{"label":"Javier Fern\u00e1ndez buscar\u00e1 el \u201cdi\u00e1logo\u201d para Asturias","link":"https:\/\/www.eldigitaldeasturias.com\/noticias\/javier-fernandez-buscara-el-dialogo-para-asturias\/"}],"_links":{"self":[{"href":"https:\/\/www.eldigitaldeasturias.com\/noticias\/wp-json\/wp\/v2\/posts\/906427","targetHints":{"allow":["GET"]}}],"collection":[{"href":"https:\/\/www.eldigitaldeasturias.com\/noticias\/wp-json\/wp\/v2\/posts"}],"about":[{"href":"https:\/\/www.eldigitaldeasturias.com\/noticias\/wp-json\/wp\/v2\/types\/post"}],"author":[{"embeddable":true,"href":"https:\/\/www.eldigitaldeasturias.com\/noticias\/wp-json\/wp\/v2\/users\/1"}],"replies":[{"embeddable":true,"href":"https:\/\/www.eldigitaldeasturias.com\/noticias\/wp-json\/wp\/v2\/comments?post=906427"}],"version-history":[{"count":0,"href":"https:\/\/www.eldigitaldeasturias.com\/noticias\/wp-json\/wp\/v2\/posts\/906427\/revisions"}],"wp:featuredmedia":[{"embeddable":true,"href":"https:\/\/www.eldigitaldeasturias.com\/noticias\/wp-json\/wp\/v2\/media\/906428"}],"wp:attachment":[{"href":"https:\/\/www.eldigitaldeasturias.com\/noticias\/wp-json\/wp\/v2\/media?parent=906427"}],"wp:term":[{"taxonomy":"category","embeddable":true,"href":"https:\/\/www.eldigitaldeasturias.com\/noticias\/wp-json\/wp\/v2\/categories?post=906427"},{"taxonomy":"post_tag","embeddable":true,"href":"https:\/\/www.eldigitaldeasturias.com\/noticias\/wp-json\/wp\/v2\/tags?post=906427"}],"curies":[{"name":"wp","href":"https:\/\/api.w.org\/{rel}","templated":true}]}}