{"id":906422,"date":"2016-09-08T13:04:50","date_gmt":"2016-09-08T12:04:50","guid":{"rendered":"http:\/\/www.eldigitaldeasturias.com\/noticias\/?p=906422"},"modified":"2016-09-08T13:04:50","modified_gmt":"2016-09-08T12:04:50","slug":"oviedo-acoge-el-16o-simposio-europeo-sobre-el-suicidio-y-la-conducta-suicida","status":"publish","type":"post","link":"https:\/\/www.eldigitaldeasturias.com\/noticias\/oviedo-acoge-el-16o-simposio-europeo-sobre-el-suicidio-y-la-conducta-suicida\/","title":{"rendered":"Oviedo acoge el &#8217;16\u00ba Simposio Europeo sobre el suicidio y la conducta suicida&#8217;"},"content":{"rendered":"<p><img loading=\"lazy\" decoding=\"async\" class=\"alignleft size-medium wp-image-776514\" src=\"https:\/\/www.eldigitaldeasturias.com\/noticias\/wp-content\/uploads\/2015\/04\/Oviedo-360x182.jpg\" alt=\"Oviedo\" width=\"360\" height=\"182\" srcset=\"https:\/\/www.eldigitaldeasturias.com\/noticias\/wp-content\/uploads\/2015\/04\/Oviedo-360x182.jpg 360w, https:\/\/www.eldigitaldeasturias.com\/noticias\/wp-content\/uploads\/2015\/04\/Oviedo-768x389.jpg 768w, https:\/\/www.eldigitaldeasturias.com\/noticias\/wp-content\/uploads\/2015\/04\/Oviedo-650x329.jpg 650w, https:\/\/www.eldigitaldeasturias.com\/noticias\/wp-content\/uploads\/2015\/04\/Oviedo-304x154.jpg 304w\" sizes=\"auto, (max-width: 360px) 100vw, 360px\" \/>La ciudad de Oviedo acoger\u00e1 desde este jueves, 8 de septiembre, y hasta el pr\u00f3ximo s\u00e1bado, d\u00eda 10, el &#8217;16\u00ba Simposio Europeo sobre el suicidio y la conducta suicida&#8217;. El Palacio de Congresos Pr\u00edncipe Felipe ser\u00e1 la sede del congreso internacional m\u00e1s importante del mundo sobre suicidio y su prevenci\u00f3n que se celebra bienalmente en Europa.<\/p>\n<p>En una nota, desde la organizaci\u00f3n han detallado que m\u00e1s de 500 personas procedentes de diferentes pa\u00edses de todos los continentes tomar\u00e1n parte en este simposio. Los asistentes son expertos multidisciplinares con distintos perfiles entre los que se encuentran m\u00e9dicos, psic\u00f3logos, enfermeros, psiquiatras, soci\u00f3logos, antrop\u00f3logos o farmac\u00f3logos.<\/p>\n<p>Las fechas de esta 16\u00ba Simposio son \u00absignificativas\u00bb ya que el d\u00eda 10 de septiembre, se conmemora el D\u00eda Mundial de la Prevenci\u00f3n del Suicidio, que este a\u00f1o tiene como lema &#8216;Conectar, comunicar y cuidar&#8217;.<\/p>\n<p>El catedr\u00e1tico de Psiquiatr\u00eda de la Universidad de Oviedo y presidente del comit\u00e9 organizador del congreso, Julio Bobes, ha destacado que Oviedo ha sido elegida anfitriona del evento \u00abfruto del reconocimiento que el \u00c1rea de Psiquiatr\u00eda de la Universidad de Oviedo y el Servicio de Salud del Principado de Asturias (Sespa) \u00abhan alcanzado en esta \u00e1rea de la suicidolog\u00eda, especialmente en Europa\u00bb.<\/p>\n<p>&nbsp;<\/p>\n<p>&nbsp;<\/p>\n","protected":false},"excerpt":{"rendered":"<p>La ciudad de Oviedo acoger\u00e1 desde este jueves, 8 de septiembre, y hasta el pr\u00f3ximo s\u00e1bado, d\u00eda 10, el &#8217;16\u00ba Simposio Europeo sobre el suicidio y la conducta suicida&#8217;. El Palacio de Congresos Pr\u00edncipe Felipe ser\u00e1 la sede del congreso internacional m\u00e1s importante del mundo sobre suicidio y su prevenci\u00f3n que se celebra bienalmente en [&hellip;]<\/p>\n","protected":false},"author":1,"featured_media":776514,"comment_status":"closed","ping_status":"closed","sticky":false,"template":"","format":"standard","meta":{"footnotes":""},"categories":[28],"tags":[],"class_list":["post-906422","post","type-post","status-publish","format-standard","has-post-thumbnail","hentry","category-sociedad"],"aioseo_notices":[],"aioseo_head":"\n\t\t<!-- All in One SEO Pro 4.9.6.2 - aioseo.com -->\n\t<meta name=\"description\" content=\"La ciudad de Oviedo acoger\u00e1 desde este jueves, 8 de septiembre, y hasta el pr\u00f3ximo s\u00e1bado, d\u00eda 10, el &#039;16\u00ba Simposio Europeo sobre el suicidio y la conducta suicida&#039;. El Palacio de Congresos Pr\u00edncipe Felipe ser\u00e1 la sede del congreso internacional m\u00e1s importante del mundo sobre suicidio y su prevenci\u00f3n que se celebra bienalmente en\" \/>\n\t<meta name=\"robots\" content=\"max-image-preview:large\" \/>\n\t<meta name=\"author\" content=\"El Digital de Asturias\"\/>\n\t<meta name=\"google-site-verification\" content=\"UA-38556648-1\" \/>\n\t<meta name=\"msvalidate.01\" content=\"7dfe9f3f1b24437ab69f4f2559babe99\" \/>\n\t<meta name=\"keywords\" content=\"sociedad\" \/>\n\t<link rel=\"canonical\" href=\"https:\/\/www.eldigitaldeasturias.com\/noticias\/oviedo-acoge-el-16o-simposio-europeo-sobre-el-suicidio-y-la-conducta-suicida\/\" \/>\n\t<meta name=\"generator\" content=\"All in One SEO Pro (AIOSEO) 4.9.6.2\" \/>\n\t\t<meta property=\"og:locale\" content=\"es_ES\" \/>\n\t\t<meta property=\"og:site_name\" content=\"El Digital de Asturias\" \/>\n\t\t<meta property=\"og:type\" content=\"article\" \/>\n\t\t<meta property=\"og:title\" content=\"Oviedo acoge el \u201916\u00ba Simposio Europeo sobre el suicidio y la conducta suicida\u2019 - El Digital de Asturias\" \/>\n\t\t<meta property=\"og:description\" content=\"La ciudad de Oviedo acoger\u00e1 desde este jueves, 8 de septiembre, y hasta el pr\u00f3ximo s\u00e1bado, d\u00eda 10, el &#039;16\u00ba Simposio Europeo sobre el suicidio y la conducta suicida&#039;. El Palacio de Congresos Pr\u00edncipe Felipe ser\u00e1 la sede del congreso internacional m\u00e1s importante del mundo sobre suicidio y su prevenci\u00f3n que se celebra bienalmente en\" \/>\n\t\t<meta property=\"og:url\" content=\"https:\/\/www.eldigitaldeasturias.com\/noticias\/oviedo-acoge-el-16o-simposio-europeo-sobre-el-suicidio-y-la-conducta-suicida\/\" \/>\n\t\t<meta property=\"og:image\" content=\"https:\/\/www.eldigitaldeasturias.com\/noticias\/wp-content\/uploads\/2015\/04\/Oviedo.jpg\" \/>\n\t\t<meta property=\"og:image:secure_url\" content=\"https:\/\/www.eldigitaldeasturias.com\/noticias\/wp-content\/uploads\/2015\/04\/Oviedo.jpg\" \/>\n\t\t<meta property=\"og:image:width\" content=\"2439\" \/>\n\t\t<meta property=\"og:image:height\" content=\"1234\" \/>\n\t\t<meta property=\"article:tag\" content=\"sociedad\" \/>\n\t\t<meta property=\"article:published_time\" content=\"2016-09-08T12:04:50+00:00\" \/>\n\t\t<meta property=\"article:modified_time\" content=\"2016-09-08T12:04:50+00:00\" \/>\n\t\t<meta property=\"article:publisher\" content=\"https:\/\/facebook.com\/eldigitaldeasturias\" \/>\n\t\t<meta name=\"twitter:card\" content=\"summary_large_image\" \/>\n\t\t<meta name=\"twitter:title\" content=\"Oviedo acoge el \u201916\u00ba Simposio Europeo sobre el suicidio y la conducta suicida\u2019 - El Digital de Asturias\" \/>\n\t\t<meta name=\"twitter:description\" content=\"La ciudad de Oviedo acoger\u00e1 desde este jueves, 8 de septiembre, y hasta el pr\u00f3ximo s\u00e1bado, d\u00eda 10, el &#039;16\u00ba Simposio Europeo sobre el suicidio y la conducta suicida&#039;. El Palacio de Congresos Pr\u00edncipe Felipe ser\u00e1 la sede del congreso internacional m\u00e1s importante del mundo sobre suicidio y su prevenci\u00f3n que se celebra bienalmente en\" \/>\n\t\t<meta name=\"twitter:image\" content=\"https:\/\/www.eldigitaldeasturias.com\/noticias\/wp-content\/uploads\/2015\/04\/Oviedo.jpg\" \/>\n\t\t<meta name=\"twitter:label1\" content=\"Escrito por\" \/>\n\t\t<meta name=\"twitter:data1\" content=\"El Digital de Asturias\" \/>\n\t\t<meta name=\"twitter:label2\" content=\"Tiempo de lectura estimado\" \/>\n\t\t<meta name=\"twitter:data2\" content=\"1 minuto\" \/>\n\t\t<script type=\"application\/ld+json\" class=\"aioseo-schema\">\n\t\t\t{\"@context\":\"https:\\\/\\\/schema.org\",\"@graph\":[{\"@type\":\"BlogPosting\",\"@id\":\"https:\\\/\\\/www.eldigitaldeasturias.com\\\/noticias\\\/oviedo-acoge-el-16o-simposio-europeo-sobre-el-suicidio-y-la-conducta-suicida\\\/#blogposting\",\"name\":\"Oviedo acoge el \\u201916\\u00ba Simposio Europeo sobre el suicidio y la conducta suicida\\u2019 - El Digital de Asturias\",\"headline\":\"Oviedo acoge el &#8217;16\\u00ba Simposio Europeo sobre el suicidio y la conducta suicida&#8217;\",\"author\":{\"@id\":\"https:\\\/\\\/www.eldigitaldeasturias.com\\\/noticias\\\/author\\\/admin\\\/#author\"},\"publisher\":{\"@id\":\"https:\\\/\\\/www.eldigitaldeasturias.com\\\/noticias\\\/#organization\"},\"image\":{\"@type\":\"ImageObject\",\"url\":\"https:\\\/\\\/www.eldigitaldeasturias.com\\\/noticias\\\/wp-content\\\/uploads\\\/2015\\\/04\\\/Oviedo.jpg\",\"width\":2439,\"height\":1234},\"datePublished\":\"2016-09-08T13:04:50+02:00\",\"dateModified\":\"2016-09-08T13:04:50+02:00\",\"inLanguage\":\"es-ES\",\"mainEntityOfPage\":{\"@id\":\"https:\\\/\\\/www.eldigitaldeasturias.com\\\/noticias\\\/oviedo-acoge-el-16o-simposio-europeo-sobre-el-suicidio-y-la-conducta-suicida\\\/#webpage\"},\"isPartOf\":{\"@id\":\"https:\\\/\\\/www.eldigitaldeasturias.com\\\/noticias\\\/oviedo-acoge-el-16o-simposio-europeo-sobre-el-suicidio-y-la-conducta-suicida\\\/#webpage\"},\"articleSection\":\"Sociedad\"},{\"@type\":\"BreadcrumbList\",\"@id\":\"https:\\\/\\\/www.eldigitaldeasturias.com\\\/noticias\\\/oviedo-acoge-el-16o-simposio-europeo-sobre-el-suicidio-y-la-conducta-suicida\\\/#breadcrumblist\",\"itemListElement\":[{\"@type\":\"ListItem\",\"@id\":\"https:\\\/\\\/www.eldigitaldeasturias.com\\\/noticias#listItem\",\"position\":1,\"name\":\"Home\",\"item\":\"https:\\\/\\\/www.eldigitaldeasturias.com\\\/noticias\",\"nextItem\":{\"@type\":\"ListItem\",\"@id\":\"https:\\\/\\\/www.eldigitaldeasturias.com\\\/noticias\\\/category\\\/sociedad\\\/#listItem\",\"name\":\"Sociedad\"}},{\"@type\":\"ListItem\",\"@id\":\"https:\\\/\\\/www.eldigitaldeasturias.com\\\/noticias\\\/category\\\/sociedad\\\/#listItem\",\"position\":2,\"name\":\"Sociedad\",\"item\":\"https:\\\/\\\/www.eldigitaldeasturias.com\\\/noticias\\\/category\\\/sociedad\\\/\",\"nextItem\":{\"@type\":\"ListItem\",\"@id\":\"https:\\\/\\\/www.eldigitaldeasturias.com\\\/noticias\\\/oviedo-acoge-el-16o-simposio-europeo-sobre-el-suicidio-y-la-conducta-suicida\\\/#listItem\",\"name\":\"Oviedo acoge el &#8217;16\\u00ba Simposio Europeo sobre el suicidio y la conducta suicida&#8217;\"},\"previousItem\":{\"@type\":\"ListItem\",\"@id\":\"https:\\\/\\\/www.eldigitaldeasturias.com\\\/noticias#listItem\",\"name\":\"Home\"}},{\"@type\":\"ListItem\",\"@id\":\"https:\\\/\\\/www.eldigitaldeasturias.com\\\/noticias\\\/oviedo-acoge-el-16o-simposio-europeo-sobre-el-suicidio-y-la-conducta-suicida\\\/#listItem\",\"position\":3,\"name\":\"Oviedo acoge el &#8217;16\\u00ba Simposio Europeo sobre el suicidio y la conducta suicida&#8217;\",\"previousItem\":{\"@type\":\"ListItem\",\"@id\":\"https:\\\/\\\/www.eldigitaldeasturias.com\\\/noticias\\\/category\\\/sociedad\\\/#listItem\",\"name\":\"Sociedad\"}}]},{\"@type\":\"Organization\",\"@id\":\"https:\\\/\\\/www.eldigitaldeasturias.com\\\/noticias\\\/#organization\",\"name\":\"El Digital de Asturias\",\"description\":\"Hemeroteca\",\"url\":\"https:\\\/\\\/www.eldigitaldeasturias.com\\\/noticias\\\/\",\"email\":\"info@eldigitaldeasturias.com\",\"telephone\":\"+34652131393\",\"logo\":{\"@type\":\"ImageObject\",\"url\":\"https:\\\/\\\/www.eldigitaldeasturias.com\\\/noticias\\\/wp-content\\\/uploads\\\/2020\\\/12\\\/EDA.jpg\",\"@id\":\"https:\\\/\\\/www.eldigitaldeasturias.com\\\/noticias\\\/oviedo-acoge-el-16o-simposio-europeo-sobre-el-suicidio-y-la-conducta-suicida\\\/#organizationLogo\",\"width\":649,\"height\":297},\"image\":{\"@id\":\"https:\\\/\\\/www.eldigitaldeasturias.com\\\/noticias\\\/oviedo-acoge-el-16o-simposio-europeo-sobre-el-suicidio-y-la-conducta-suicida\\\/#organizationLogo\"},\"sameAs\":[\"https:\\\/\\\/facebook.com\\\/eldigitaldeasturias\",\"https:\\\/\\\/www.youtube.com\\\/channel\\\/UCZP-2wLEB9Rv6erhFmqVnvg\"],\"address\":{\"@id\":\"https:\\\/\\\/www.eldigitaldeasturias.com\\\/noticias\\\/#postaladdress\",\"@type\":\"PostalAddress\",\"streetAddress\":\"san antonio 4,\",\"postalCode\":\"33430\",\"addressLocality\":\"Cand\\u00e1s\",\"addressRegion\":\"Asturias\",\"addressCountry\":\"ES\"}},{\"@type\":\"Person\",\"@id\":\"https:\\\/\\\/www.eldigitaldeasturias.com\\\/noticias\\\/author\\\/admin\\\/#author\",\"url\":\"https:\\\/\\\/www.eldigitaldeasturias.com\\\/noticias\\\/author\\\/admin\\\/\",\"name\":\"El Digital de Asturias\",\"image\":{\"@type\":\"ImageObject\",\"@id\":\"https:\\\/\\\/www.eldigitaldeasturias.com\\\/noticias\\\/oviedo-acoge-el-16o-simposio-europeo-sobre-el-suicidio-y-la-conducta-suicida\\\/#authorImage\",\"url\":\"https:\\\/\\\/www.eldigitaldeasturias.com\\\/noticias\\\/wp-content\\\/litespeed\\\/avatar\\\/18677e78aa0546b92d9dbf31ec7d7668.jpg?ver=1777290358\",\"width\":96,\"height\":96,\"caption\":\"El Digital de Asturias\"}},{\"@type\":\"WebPage\",\"@id\":\"https:\\\/\\\/www.eldigitaldeasturias.com\\\/noticias\\\/oviedo-acoge-el-16o-simposio-europeo-sobre-el-suicidio-y-la-conducta-suicida\\\/#webpage\",\"url\":\"https:\\\/\\\/www.eldigitaldeasturias.com\\\/noticias\\\/oviedo-acoge-el-16o-simposio-europeo-sobre-el-suicidio-y-la-conducta-suicida\\\/\",\"name\":\"Oviedo acoge el \\u201916\\u00ba Simposio Europeo sobre el suicidio y la conducta suicida\\u2019 - El Digital de Asturias\",\"description\":\"La ciudad de Oviedo acoger\\u00e1 desde este jueves, 8 de septiembre, y hasta el pr\\u00f3ximo s\\u00e1bado, d\\u00eda 10, el '16\\u00ba Simposio Europeo sobre el suicidio y la conducta suicida'. El Palacio de Congresos Pr\\u00edncipe Felipe ser\\u00e1 la sede del congreso internacional m\\u00e1s importante del mundo sobre suicidio y su prevenci\\u00f3n que se celebra bienalmente en\",\"inLanguage\":\"es-ES\",\"isPartOf\":{\"@id\":\"https:\\\/\\\/www.eldigitaldeasturias.com\\\/noticias\\\/#website\"},\"breadcrumb\":{\"@id\":\"https:\\\/\\\/www.eldigitaldeasturias.com\\\/noticias\\\/oviedo-acoge-el-16o-simposio-europeo-sobre-el-suicidio-y-la-conducta-suicida\\\/#breadcrumblist\"},\"author\":{\"@id\":\"https:\\\/\\\/www.eldigitaldeasturias.com\\\/noticias\\\/author\\\/admin\\\/#author\"},\"creator\":{\"@id\":\"https:\\\/\\\/www.eldigitaldeasturias.com\\\/noticias\\\/author\\\/admin\\\/#author\"},\"image\":{\"@type\":\"ImageObject\",\"url\":\"https:\\\/\\\/www.eldigitaldeasturias.com\\\/noticias\\\/wp-content\\\/uploads\\\/2015\\\/04\\\/Oviedo.jpg\",\"@id\":\"https:\\\/\\\/www.eldigitaldeasturias.com\\\/noticias\\\/oviedo-acoge-el-16o-simposio-europeo-sobre-el-suicidio-y-la-conducta-suicida\\\/#mainImage\",\"width\":2439,\"height\":1234},\"primaryImageOfPage\":{\"@id\":\"https:\\\/\\\/www.eldigitaldeasturias.com\\\/noticias\\\/oviedo-acoge-el-16o-simposio-europeo-sobre-el-suicidio-y-la-conducta-suicida\\\/#mainImage\"},\"datePublished\":\"2016-09-08T13:04:50+02:00\",\"dateModified\":\"2016-09-08T13:04:50+02:00\"},{\"@type\":\"WebSite\",\"@id\":\"https:\\\/\\\/www.eldigitaldeasturias.com\\\/noticias\\\/#website\",\"url\":\"https:\\\/\\\/www.eldigitaldeasturias.com\\\/noticias\\\/\",\"name\":\"El Digital de Asturias - Diario de actualidad y noticias\",\"alternateName\":\"El Digital de Asturias - Diario de actualidad y noticias\",\"description\":\"Hemeroteca\",\"inLanguage\":\"es-ES\",\"publisher\":{\"@id\":\"https:\\\/\\\/www.eldigitaldeasturias.com\\\/noticias\\\/#organization\"}}]}\n\t\t<\/script>\n\t\t<!-- All in One SEO Pro -->\r\n\t\t<title>Oviedo acoge el \u201916\u00ba Simposio Europeo sobre el suicidio y la conducta suicida\u2019 - El Digital de Asturias<\/title>\n\n","aioseo_head_json":{"title":"Oviedo acoge el \u201916\u00ba Simposio Europeo sobre el suicidio y la conducta suicida\u2019 - El Digital de Asturias","description":"La ciudad de Oviedo acoger\u00e1 desde este jueves, 8 de septiembre, y hasta el pr\u00f3ximo s\u00e1bado, d\u00eda 10, el '16\u00ba Simposio Europeo sobre el suicidio y la conducta suicida'. El Palacio de Congresos Pr\u00edncipe Felipe ser\u00e1 la sede del congreso internacional m\u00e1s importante del mundo sobre suicidio y su prevenci\u00f3n que se celebra bienalmente en","canonical_url":"https:\/\/www.eldigitaldeasturias.com\/noticias\/oviedo-acoge-el-16o-simposio-europeo-sobre-el-suicidio-y-la-conducta-suicida\/","robots":"max-image-preview:large","keywords":"sociedad","webmasterTools":{"google-site-verification":"UA-38556648-1","msvalidate.01":"7dfe9f3f1b24437ab69f4f2559babe99","miscellaneous":""},"schema":{"@context":"https:\/\/schema.org","@graph":[{"@type":"BlogPosting","@id":"https:\/\/www.eldigitaldeasturias.com\/noticias\/oviedo-acoge-el-16o-simposio-europeo-sobre-el-suicidio-y-la-conducta-suicida\/#blogposting","name":"Oviedo acoge el \u201916\u00ba Simposio Europeo sobre el suicidio y la conducta suicida\u2019 - El Digital de Asturias","headline":"Oviedo acoge el &#8217;16\u00ba Simposio Europeo sobre el suicidio y la conducta suicida&#8217;","author":{"@id":"https:\/\/www.eldigitaldeasturias.com\/noticias\/author\/admin\/#author"},"publisher":{"@id":"https:\/\/www.eldigitaldeasturias.com\/noticias\/#organization"},"image":{"@type":"ImageObject","url":"https:\/\/www.eldigitaldeasturias.com\/noticias\/wp-content\/uploads\/2015\/04\/Oviedo.jpg","width":2439,"height":1234},"datePublished":"2016-09-08T13:04:50+02:00","dateModified":"2016-09-08T13:04:50+02:00","inLanguage":"es-ES","mainEntityOfPage":{"@id":"https:\/\/www.eldigitaldeasturias.com\/noticias\/oviedo-acoge-el-16o-simposio-europeo-sobre-el-suicidio-y-la-conducta-suicida\/#webpage"},"isPartOf":{"@id":"https:\/\/www.eldigitaldeasturias.com\/noticias\/oviedo-acoge-el-16o-simposio-europeo-sobre-el-suicidio-y-la-conducta-suicida\/#webpage"},"articleSection":"Sociedad"},{"@type":"BreadcrumbList","@id":"https:\/\/www.eldigitaldeasturias.com\/noticias\/oviedo-acoge-el-16o-simposio-europeo-sobre-el-suicidio-y-la-conducta-suicida\/#breadcrumblist","itemListElement":[{"@type":"ListItem","@id":"https:\/\/www.eldigitaldeasturias.com\/noticias#listItem","position":1,"name":"Home","item":"https:\/\/www.eldigitaldeasturias.com\/noticias","nextItem":{"@type":"ListItem","@id":"https:\/\/www.eldigitaldeasturias.com\/noticias\/category\/sociedad\/#listItem","name":"Sociedad"}},{"@type":"ListItem","@id":"https:\/\/www.eldigitaldeasturias.com\/noticias\/category\/sociedad\/#listItem","position":2,"name":"Sociedad","item":"https:\/\/www.eldigitaldeasturias.com\/noticias\/category\/sociedad\/","nextItem":{"@type":"ListItem","@id":"https:\/\/www.eldigitaldeasturias.com\/noticias\/oviedo-acoge-el-16o-simposio-europeo-sobre-el-suicidio-y-la-conducta-suicida\/#listItem","name":"Oviedo acoge el &#8217;16\u00ba Simposio Europeo sobre el suicidio y la conducta suicida&#8217;"},"previousItem":{"@type":"ListItem","@id":"https:\/\/www.eldigitaldeasturias.com\/noticias#listItem","name":"Home"}},{"@type":"ListItem","@id":"https:\/\/www.eldigitaldeasturias.com\/noticias\/oviedo-acoge-el-16o-simposio-europeo-sobre-el-suicidio-y-la-conducta-suicida\/#listItem","position":3,"name":"Oviedo acoge el &#8217;16\u00ba Simposio Europeo sobre el suicidio y la conducta suicida&#8217;","previousItem":{"@type":"ListItem","@id":"https:\/\/www.eldigitaldeasturias.com\/noticias\/category\/sociedad\/#listItem","name":"Sociedad"}}]},{"@type":"Organization","@id":"https:\/\/www.eldigitaldeasturias.com\/noticias\/#organization","name":"El Digital de Asturias","description":"Hemeroteca","url":"https:\/\/www.eldigitaldeasturias.com\/noticias\/","email":"info@eldigitaldeasturias.com","telephone":"+34652131393","logo":{"@type":"ImageObject","url":"https:\/\/www.eldigitaldeasturias.com\/noticias\/wp-content\/uploads\/2020\/12\/EDA.jpg","@id":"https:\/\/www.eldigitaldeasturias.com\/noticias\/oviedo-acoge-el-16o-simposio-europeo-sobre-el-suicidio-y-la-conducta-suicida\/#organizationLogo","width":649,"height":297},"image":{"@id":"https:\/\/www.eldigitaldeasturias.com\/noticias\/oviedo-acoge-el-16o-simposio-europeo-sobre-el-suicidio-y-la-conducta-suicida\/#organizationLogo"},"sameAs":["https:\/\/facebook.com\/eldigitaldeasturias","https:\/\/www.youtube.com\/channel\/UCZP-2wLEB9Rv6erhFmqVnvg"],"address":{"@id":"https:\/\/www.eldigitaldeasturias.com\/noticias\/#postaladdress","@type":"PostalAddress","streetAddress":"san antonio 4,","postalCode":"33430","addressLocality":"Cand\u00e1s","addressRegion":"Asturias","addressCountry":"ES"}},{"@type":"Person","@id":"https:\/\/www.eldigitaldeasturias.com\/noticias\/author\/admin\/#author","url":"https:\/\/www.eldigitaldeasturias.com\/noticias\/author\/admin\/","name":"El Digital de Asturias","image":{"@type":"ImageObject","@id":"https:\/\/www.eldigitaldeasturias.com\/noticias\/oviedo-acoge-el-16o-simposio-europeo-sobre-el-suicidio-y-la-conducta-suicida\/#authorImage","url":"https:\/\/www.eldigitaldeasturias.com\/noticias\/wp-content\/litespeed\/avatar\/18677e78aa0546b92d9dbf31ec7d7668.jpg?ver=1777290358","width":96,"height":96,"caption":"El Digital de Asturias"}},{"@type":"WebPage","@id":"https:\/\/www.eldigitaldeasturias.com\/noticias\/oviedo-acoge-el-16o-simposio-europeo-sobre-el-suicidio-y-la-conducta-suicida\/#webpage","url":"https:\/\/www.eldigitaldeasturias.com\/noticias\/oviedo-acoge-el-16o-simposio-europeo-sobre-el-suicidio-y-la-conducta-suicida\/","name":"Oviedo acoge el \u201916\u00ba Simposio Europeo sobre el suicidio y la conducta suicida\u2019 - El Digital de Asturias","description":"La ciudad de Oviedo acoger\u00e1 desde este jueves, 8 de septiembre, y hasta el pr\u00f3ximo s\u00e1bado, d\u00eda 10, el '16\u00ba Simposio Europeo sobre el suicidio y la conducta suicida'. El Palacio de Congresos Pr\u00edncipe Felipe ser\u00e1 la sede del congreso internacional m\u00e1s importante del mundo sobre suicidio y su prevenci\u00f3n que se celebra bienalmente en","inLanguage":"es-ES","isPartOf":{"@id":"https:\/\/www.eldigitaldeasturias.com\/noticias\/#website"},"breadcrumb":{"@id":"https:\/\/www.eldigitaldeasturias.com\/noticias\/oviedo-acoge-el-16o-simposio-europeo-sobre-el-suicidio-y-la-conducta-suicida\/#breadcrumblist"},"author":{"@id":"https:\/\/www.eldigitaldeasturias.com\/noticias\/author\/admin\/#author"},"creator":{"@id":"https:\/\/www.eldigitaldeasturias.com\/noticias\/author\/admin\/#author"},"image":{"@type":"ImageObject","url":"https:\/\/www.eldigitaldeasturias.com\/noticias\/wp-content\/uploads\/2015\/04\/Oviedo.jpg","@id":"https:\/\/www.eldigitaldeasturias.com\/noticias\/oviedo-acoge-el-16o-simposio-europeo-sobre-el-suicidio-y-la-conducta-suicida\/#mainImage","width":2439,"height":1234},"primaryImageOfPage":{"@id":"https:\/\/www.eldigitaldeasturias.com\/noticias\/oviedo-acoge-el-16o-simposio-europeo-sobre-el-suicidio-y-la-conducta-suicida\/#mainImage"},"datePublished":"2016-09-08T13:04:50+02:00","dateModified":"2016-09-08T13:04:50+02:00"},{"@type":"WebSite","@id":"https:\/\/www.eldigitaldeasturias.com\/noticias\/#website","url":"https:\/\/www.eldigitaldeasturias.com\/noticias\/","name":"El Digital de Asturias - Diario de actualidad y noticias","alternateName":"El Digital de Asturias - Diario de actualidad y noticias","description":"Hemeroteca","inLanguage":"es-ES","publisher":{"@id":"https:\/\/www.eldigitaldeasturias.com\/noticias\/#organization"}}]},"og:locale":"es_ES","og:site_name":"El Digital de Asturias","og:type":"article","og:title":"Oviedo acoge el \u201916\u00ba Simposio Europeo sobre el suicidio y la conducta suicida\u2019 - El Digital de Asturias","og:description":"La ciudad de Oviedo acoger\u00e1 desde este jueves, 8 de septiembre, y hasta el pr\u00f3ximo s\u00e1bado, d\u00eda 10, el '16\u00ba Simposio Europeo sobre el suicidio y la conducta suicida'. El Palacio de Congresos Pr\u00edncipe Felipe ser\u00e1 la sede del congreso internacional m\u00e1s importante del mundo sobre suicidio y su prevenci\u00f3n que se celebra bienalmente en","og:url":"https:\/\/www.eldigitaldeasturias.com\/noticias\/oviedo-acoge-el-16o-simposio-europeo-sobre-el-suicidio-y-la-conducta-suicida\/","og:image":"https:\/\/www.eldigitaldeasturias.com\/noticias\/wp-content\/uploads\/2015\/04\/Oviedo.jpg","og:image:secure_url":"https:\/\/www.eldigitaldeasturias.com\/noticias\/wp-content\/uploads\/2015\/04\/Oviedo.jpg","og:image:width":2439,"og:image:height":1234,"article:tag":["sociedad"],"article:published_time":"2016-09-08T12:04:50+00:00","article:modified_time":"2016-09-08T12:04:50+00:00","article:publisher":"https:\/\/facebook.com\/eldigitaldeasturias","twitter:card":"summary_large_image","twitter:title":"Oviedo acoge el \u201916\u00ba Simposio Europeo sobre el suicidio y la conducta suicida\u2019 - El Digital de Asturias","twitter:description":"La ciudad de Oviedo acoger\u00e1 desde este jueves, 8 de septiembre, y hasta el pr\u00f3ximo s\u00e1bado, d\u00eda 10, el '16\u00ba Simposio Europeo sobre el suicidio y la conducta suicida'. El Palacio de Congresos Pr\u00edncipe Felipe ser\u00e1 la sede del congreso internacional m\u00e1s importante del mundo sobre suicidio y su prevenci\u00f3n que se celebra bienalmente en","twitter:image":"https:\/\/www.eldigitaldeasturias.com\/noticias\/wp-content\/uploads\/2015\/04\/Oviedo.jpg","twitter:label1":"Escrito por","twitter:data1":"El Digital de Asturias","twitter:label2":"Tiempo de lectura estimado","twitter:data2":"1 minuto"},"aioseo_meta_data":{"post_id":"906422","title":null,"description":null,"keywords":null,"keyphrases":null,"primary_term":null,"canonical_url":null,"og_title":null,"og_description":null,"og_object_type":"default","og_image_type":"default","og_image_url":null,"og_image_width":null,"og_image_height":null,"og_image_custom_url":null,"og_image_custom_fields":null,"og_video":null,"og_custom_url":null,"og_article_section":null,"og_article_tags":null,"twitter_use_og":false,"twitter_card":"default","twitter_image_type":"default","twitter_image_url":null,"twitter_image_custom_url":null,"twitter_image_custom_fields":null,"twitter_title":null,"twitter_description":null,"schema":{"blockGraphs":[],"customGraphs":[],"default":{"data":{"Article":[],"Course":[],"Dataset":[],"FAQPage":[],"Movie":[],"Person":[],"Product":[],"ProductReview":[],"Car":[],"Recipe":[],"Service":[],"SoftwareApplication":[],"WebPage":[]},"graphName":"","isEnabled":true},"graphs":[],"defaultGraph":"","defaultPostTypeGraph":""},"schema_type":null,"schema_type_options":null,"pillar_content":false,"robots_default":true,"robots_noindex":false,"robots_noarchive":false,"robots_nosnippet":false,"robots_nofollow":false,"robots_noimageindex":false,"robots_noodp":false,"robots_notranslate":false,"robots_max_snippet":null,"robots_max_videopreview":null,"robots_max_imagepreview":"large","priority":null,"frequency":null,"local_seo":null,"seo_analyzer_scan_date":"2025-11-30 08:58:10","breadcrumb_settings":null,"limit_modified_date":false,"open_ai":null,"ai":null,"created":"2020-12-21 14:01:33","updated":"2025-11-30 08:58:10"},"aioseo_breadcrumb":"<div class=\"aioseo-breadcrumbs\"><span class=\"aioseo-breadcrumb\">\n\t<a href=\"https:\/\/www.eldigitaldeasturias.com\/noticias\" title=\"Home\">Home<\/a>\n<\/span><span class=\"aioseo-breadcrumb-separator\">\u2013<\/span><span class=\"aioseo-breadcrumb\">\n\t<a href=\"https:\/\/www.eldigitaldeasturias.com\/noticias\/category\/sociedad\/\" title=\"Sociedad\">Sociedad<\/a>\n<\/span><span class=\"aioseo-breadcrumb-separator\">\u2013<\/span><span class=\"aioseo-breadcrumb\">\n\t<a href=\"https:\/\/www.eldigitaldeasturias.com\/noticias\/oviedo-acoge-el-16o-simposio-europeo-sobre-el-suicidio-y-la-conducta-suicida\/\" title=\"Oviedo acoge el \u201916\u00ba Simposio Europeo sobre el suicidio y la conducta suicida\u2019\">Oviedo acoge el \u201916\u00ba Simposio Europeo sobre el suicidio y la conducta suicida\u2019<\/a>\n<\/span><\/div>","aioseo_breadcrumb_json":[{"label":"Home","link":"https:\/\/www.eldigitaldeasturias.com\/noticias"},{"label":"Sociedad","link":"https:\/\/www.eldigitaldeasturias.com\/noticias\/category\/sociedad\/"},{"label":"Oviedo acoge el &#8217;16\u00ba Simposio Europeo sobre el suicidio y la conducta suicida&#8217;","link":"https:\/\/www.eldigitaldeasturias.com\/noticias\/oviedo-acoge-el-16o-simposio-europeo-sobre-el-suicidio-y-la-conducta-suicida\/"}],"_links":{"self":[{"href":"https:\/\/www.eldigitaldeasturias.com\/noticias\/wp-json\/wp\/v2\/posts\/906422","targetHints":{"allow":["GET"]}}],"collection":[{"href":"https:\/\/www.eldigitaldeasturias.com\/noticias\/wp-json\/wp\/v2\/posts"}],"about":[{"href":"https:\/\/www.eldigitaldeasturias.com\/noticias\/wp-json\/wp\/v2\/types\/post"}],"author":[{"embeddable":true,"href":"https:\/\/www.eldigitaldeasturias.com\/noticias\/wp-json\/wp\/v2\/users\/1"}],"replies":[{"embeddable":true,"href":"https:\/\/www.eldigitaldeasturias.com\/noticias\/wp-json\/wp\/v2\/comments?post=906422"}],"version-history":[{"count":0,"href":"https:\/\/www.eldigitaldeasturias.com\/noticias\/wp-json\/wp\/v2\/posts\/906422\/revisions"}],"wp:featuredmedia":[{"embeddable":true,"href":"https:\/\/www.eldigitaldeasturias.com\/noticias\/wp-json\/wp\/v2\/media\/776514"}],"wp:attachment":[{"href":"https:\/\/www.eldigitaldeasturias.com\/noticias\/wp-json\/wp\/v2\/media?parent=906422"}],"wp:term":[{"taxonomy":"category","embeddable":true,"href":"https:\/\/www.eldigitaldeasturias.com\/noticias\/wp-json\/wp\/v2\/categories?post=906422"},{"taxonomy":"post_tag","embeddable":true,"href":"https:\/\/www.eldigitaldeasturias.com\/noticias\/wp-json\/wp\/v2\/tags?post=906422"}],"curies":[{"name":"wp","href":"https:\/\/api.w.org\/{rel}","templated":true}]}}