{"id":906412,"date":"2016-09-08T05:44:25","date_gmt":"2016-09-08T04:44:25","guid":{"rendered":"http:\/\/www.eldigitaldeasturias.com\/noticias\/?p=906412"},"modified":"2016-09-08T05:45:00","modified_gmt":"2016-09-08T04:45:00","slug":"entrega-de-las-medallas-de-asturias-de-2016","status":"publish","type":"post","link":"https:\/\/www.eldigitaldeasturias.com\/noticias\/entrega-de-las-medallas-de-asturias-de-2016\/","title":{"rendered":"Entrega de las Medallas de Asturias de 2016"},"content":{"rendered":"<p>El presidente del Gobierno de Asturias, Javier Fern\u00e1ndez, ha destacado este mi\u00e9rcoles la \u00abpluralidad enriquecedora\u00bb de Asturias en su discurso en el acto de entrega de las Medallas de Asturias de 2016.<\/p>\n<p>\u00abEn el D\u00eda de Asturias, la celebraci\u00f3n que nos convoca, estemos orgullosos de nuestra pluralidad, pero sepamos allanar nuestras divergencias a favor del inter\u00e9s colectivo. La diversidad que se encastilla soberbia y desde\u00f1osa, que se a\u00edsla y confunde acuerdo con rendici\u00f3n se convierte en fragmentaci\u00f3n yerma\u00bb, ha se\u00f1alado en su intervenci\u00f3n.<\/p>\n<p><img loading=\"lazy\" decoding=\"async\" class=\" size-large wp-image-906413 alignright\" src=\"https:\/\/www.eldigitaldeasturias.com\/noticias\/wp-content\/uploads\/2016\/09\/2016_09_07-presidente-Principado-medallas-de-Asturias-1-650x457.jpg\" alt=\"2016_09_07 presidente Principado medallas de Asturias 1\" width=\"650\" height=\"457\" srcset=\"https:\/\/www.eldigitaldeasturias.com\/noticias\/wp-content\/uploads\/2016\/09\/2016_09_07-presidente-Principado-medallas-de-Asturias-1-650x457.jpg 650w, https:\/\/www.eldigitaldeasturias.com\/noticias\/wp-content\/uploads\/2016\/09\/2016_09_07-presidente-Principado-medallas-de-Asturias-1-360x253.jpg 360w, https:\/\/www.eldigitaldeasturias.com\/noticias\/wp-content\/uploads\/2016\/09\/2016_09_07-presidente-Principado-medallas-de-Asturias-1-768x540.jpg 768w\" sizes=\"auto, (max-width: 650px) 100vw, 650px\" \/><\/p>\n<p>&nbsp;<\/p>\n<p>Fern\u00e1ndez ha pronunciado estas palabras en presencia de los galardonados con las Medallas de Asturias que este a\u00f1o ha otorgado el Gobierno asturiano. La Medalla de Oro ha sido para el periodista Jos\u00e9 Manuel Vaquero, mientras que galardonados con plata han resultado las cooperativas El Orrio y Campoastur, el pintor Alejandro Mieres, la Fundaci\u00f3n Banco Sabadell, la Asociaci\u00f3n de Ayuda a Personas con Par\u00e1lisis Cerebral y Laureano V\u00edctor Garc\u00eda D\u00edez, presidente de la Asociaci\u00f3n de Amigos del Camino de Santiago Astur_Galaico del Interior.<\/p>\n<p>&nbsp;<\/p>\n","protected":false},"excerpt":{"rendered":"<p>El presidente del Gobierno de Asturias, Javier Fern\u00e1ndez, ha destacado este mi\u00e9rcoles la \u00abpluralidad enriquecedora\u00bb de Asturias en su discurso en el acto de entrega de las Medallas de Asturias de 2016. \u00abEn el D\u00eda de Asturias, la celebraci\u00f3n que nos convoca, estemos orgullosos de nuestra pluralidad, pero sepamos allanar nuestras divergencias a favor del [&hellip;]<\/p>\n","protected":false},"author":1,"featured_media":906413,"comment_status":"closed","ping_status":"closed","sticky":false,"template":"","format":"standard","meta":{"footnotes":""},"categories":[12],"tags":[],"class_list":["post-906412","post","type-post","status-publish","format-standard","has-post-thumbnail","hentry","category-actualidad-asturias"],"aioseo_notices":[],"aioseo_head":"\n\t\t<!-- All in One SEO Pro 4.9.6.2 - aioseo.com -->\n\t<meta name=\"description\" content=\"El presidente del Gobierno de Asturias, Javier Fern\u00e1ndez, ha destacado este mi\u00e9rcoles la &quot;pluralidad enriquecedora&quot; de Asturias en su discurso en el acto de entrega de las Medallas de Asturias de 2016. &quot;En el D\u00eda de Asturias, la celebraci\u00f3n que nos convoca, estemos orgullosos de nuestra pluralidad, pero sepamos allanar nuestras divergencias a favor del\" \/>\n\t<meta name=\"robots\" content=\"max-image-preview:large\" \/>\n\t<meta name=\"author\" content=\"El Digital de Asturias\"\/>\n\t<meta name=\"google-site-verification\" content=\"UA-38556648-1\" \/>\n\t<meta name=\"msvalidate.01\" content=\"7dfe9f3f1b24437ab69f4f2559babe99\" \/>\n\t<meta name=\"keywords\" content=\"actualidad asturias\" \/>\n\t<link rel=\"canonical\" href=\"https:\/\/www.eldigitaldeasturias.com\/noticias\/entrega-de-las-medallas-de-asturias-de-2016\/\" \/>\n\t<meta name=\"generator\" content=\"All in One SEO Pro (AIOSEO) 4.9.6.2\" \/>\n\t\t<meta property=\"og:locale\" content=\"es_ES\" \/>\n\t\t<meta property=\"og:site_name\" content=\"El Digital de Asturias\" \/>\n\t\t<meta property=\"og:type\" content=\"article\" \/>\n\t\t<meta property=\"og:title\" content=\"Entrega de las Medallas de Asturias de 2016 - El Digital de Asturias\" \/>\n\t\t<meta property=\"og:description\" content=\"El presidente del Gobierno de Asturias, Javier Fern\u00e1ndez, ha destacado este mi\u00e9rcoles la &quot;pluralidad enriquecedora&quot; de Asturias en su discurso en el acto de entrega de las Medallas de Asturias de 2016. &quot;En el D\u00eda de Asturias, la celebraci\u00f3n que nos convoca, estemos orgullosos de nuestra pluralidad, pero sepamos allanar nuestras divergencias a favor del\" \/>\n\t\t<meta property=\"og:url\" content=\"https:\/\/www.eldigitaldeasturias.com\/noticias\/entrega-de-las-medallas-de-asturias-de-2016\/\" \/>\n\t\t<meta property=\"og:image\" content=\"https:\/\/www.eldigitaldeasturias.com\/noticias\/wp-content\/uploads\/2016\/09\/2016_09_07-presidente-Principado-medallas-de-Asturias-1.jpg\" \/>\n\t\t<meta property=\"og:image:secure_url\" content=\"https:\/\/www.eldigitaldeasturias.com\/noticias\/wp-content\/uploads\/2016\/09\/2016_09_07-presidente-Principado-medallas-de-Asturias-1.jpg\" \/>\n\t\t<meta property=\"og:image:width\" content=\"2600\" \/>\n\t\t<meta property=\"og:image:height\" content=\"1827\" \/>\n\t\t<meta property=\"article:tag\" content=\"actualidad asturias\" \/>\n\t\t<meta property=\"article:published_time\" content=\"2016-09-08T04:44:25+00:00\" \/>\n\t\t<meta property=\"article:modified_time\" content=\"2016-09-08T04:45:00+00:00\" \/>\n\t\t<meta property=\"article:publisher\" content=\"https:\/\/facebook.com\/eldigitaldeasturias\" \/>\n\t\t<meta name=\"twitter:card\" content=\"summary_large_image\" \/>\n\t\t<meta name=\"twitter:title\" content=\"Entrega de las Medallas de Asturias de 2016 - El Digital de Asturias\" \/>\n\t\t<meta name=\"twitter:description\" content=\"El presidente del Gobierno de Asturias, Javier Fern\u00e1ndez, ha destacado este mi\u00e9rcoles la &quot;pluralidad enriquecedora&quot; de Asturias en su discurso en el acto de entrega de las Medallas de Asturias de 2016. &quot;En el D\u00eda de Asturias, la celebraci\u00f3n que nos convoca, estemos orgullosos de nuestra pluralidad, pero sepamos allanar nuestras divergencias a favor del\" \/>\n\t\t<meta name=\"twitter:image\" content=\"https:\/\/www.eldigitaldeasturias.com\/noticias\/wp-content\/uploads\/2016\/09\/2016_09_07-presidente-Principado-medallas-de-Asturias-1.jpg\" \/>\n\t\t<meta name=\"twitter:label1\" content=\"Escrito por\" \/>\n\t\t<meta name=\"twitter:data1\" content=\"El Digital de Asturias\" \/>\n\t\t<meta name=\"twitter:label2\" content=\"Tiempo de lectura estimado\" \/>\n\t\t<meta name=\"twitter:data2\" content=\"1 minuto\" \/>\n\t\t<script type=\"application\/ld+json\" class=\"aioseo-schema\">\n\t\t\t{\"@context\":\"https:\\\/\\\/schema.org\",\"@graph\":[{\"@type\":\"BlogPosting\",\"@id\":\"https:\\\/\\\/www.eldigitaldeasturias.com\\\/noticias\\\/entrega-de-las-medallas-de-asturias-de-2016\\\/#blogposting\",\"name\":\"Entrega de las Medallas de Asturias de 2016 - El Digital de Asturias\",\"headline\":\"Entrega de las Medallas de Asturias de 2016\",\"author\":{\"@id\":\"https:\\\/\\\/www.eldigitaldeasturias.com\\\/noticias\\\/author\\\/admin\\\/#author\"},\"publisher\":{\"@id\":\"https:\\\/\\\/www.eldigitaldeasturias.com\\\/noticias\\\/#organization\"},\"image\":{\"@type\":\"ImageObject\",\"url\":\"https:\\\/\\\/www.eldigitaldeasturias.com\\\/noticias\\\/wp-content\\\/uploads\\\/2016\\\/09\\\/2016_09_07-presidente-Principado-medallas-de-Asturias-1.jpg\",\"width\":2600,\"height\":1827},\"datePublished\":\"2016-09-08T05:44:25+02:00\",\"dateModified\":\"2016-09-08T05:45:00+02:00\",\"inLanguage\":\"es-ES\",\"mainEntityOfPage\":{\"@id\":\"https:\\\/\\\/www.eldigitaldeasturias.com\\\/noticias\\\/entrega-de-las-medallas-de-asturias-de-2016\\\/#webpage\"},\"isPartOf\":{\"@id\":\"https:\\\/\\\/www.eldigitaldeasturias.com\\\/noticias\\\/entrega-de-las-medallas-de-asturias-de-2016\\\/#webpage\"},\"articleSection\":\"Actualidad Asturias\"},{\"@type\":\"BreadcrumbList\",\"@id\":\"https:\\\/\\\/www.eldigitaldeasturias.com\\\/noticias\\\/entrega-de-las-medallas-de-asturias-de-2016\\\/#breadcrumblist\",\"itemListElement\":[{\"@type\":\"ListItem\",\"@id\":\"https:\\\/\\\/www.eldigitaldeasturias.com\\\/noticias#listItem\",\"position\":1,\"name\":\"Home\",\"item\":\"https:\\\/\\\/www.eldigitaldeasturias.com\\\/noticias\",\"nextItem\":{\"@type\":\"ListItem\",\"@id\":\"https:\\\/\\\/www.eldigitaldeasturias.com\\\/noticias\\\/category\\\/actualidad-asturias\\\/#listItem\",\"name\":\"Actualidad Asturias\"}},{\"@type\":\"ListItem\",\"@id\":\"https:\\\/\\\/www.eldigitaldeasturias.com\\\/noticias\\\/category\\\/actualidad-asturias\\\/#listItem\",\"position\":2,\"name\":\"Actualidad Asturias\",\"item\":\"https:\\\/\\\/www.eldigitaldeasturias.com\\\/noticias\\\/category\\\/actualidad-asturias\\\/\",\"nextItem\":{\"@type\":\"ListItem\",\"@id\":\"https:\\\/\\\/www.eldigitaldeasturias.com\\\/noticias\\\/entrega-de-las-medallas-de-asturias-de-2016\\\/#listItem\",\"name\":\"Entrega de las Medallas de Asturias de 2016\"},\"previousItem\":{\"@type\":\"ListItem\",\"@id\":\"https:\\\/\\\/www.eldigitaldeasturias.com\\\/noticias#listItem\",\"name\":\"Home\"}},{\"@type\":\"ListItem\",\"@id\":\"https:\\\/\\\/www.eldigitaldeasturias.com\\\/noticias\\\/entrega-de-las-medallas-de-asturias-de-2016\\\/#listItem\",\"position\":3,\"name\":\"Entrega de las Medallas de Asturias de 2016\",\"previousItem\":{\"@type\":\"ListItem\",\"@id\":\"https:\\\/\\\/www.eldigitaldeasturias.com\\\/noticias\\\/category\\\/actualidad-asturias\\\/#listItem\",\"name\":\"Actualidad Asturias\"}}]},{\"@type\":\"Organization\",\"@id\":\"https:\\\/\\\/www.eldigitaldeasturias.com\\\/noticias\\\/#organization\",\"name\":\"El Digital de Asturias\",\"description\":\"Hemeroteca\",\"url\":\"https:\\\/\\\/www.eldigitaldeasturias.com\\\/noticias\\\/\",\"email\":\"info@eldigitaldeasturias.com\",\"telephone\":\"+34652131393\",\"logo\":{\"@type\":\"ImageObject\",\"url\":\"https:\\\/\\\/www.eldigitaldeasturias.com\\\/noticias\\\/wp-content\\\/uploads\\\/2020\\\/12\\\/EDA.jpg\",\"@id\":\"https:\\\/\\\/www.eldigitaldeasturias.com\\\/noticias\\\/entrega-de-las-medallas-de-asturias-de-2016\\\/#organizationLogo\",\"width\":649,\"height\":297},\"image\":{\"@id\":\"https:\\\/\\\/www.eldigitaldeasturias.com\\\/noticias\\\/entrega-de-las-medallas-de-asturias-de-2016\\\/#organizationLogo\"},\"sameAs\":[\"https:\\\/\\\/facebook.com\\\/eldigitaldeasturias\",\"https:\\\/\\\/www.youtube.com\\\/channel\\\/UCZP-2wLEB9Rv6erhFmqVnvg\"],\"address\":{\"@id\":\"https:\\\/\\\/www.eldigitaldeasturias.com\\\/noticias\\\/#postaladdress\",\"@type\":\"PostalAddress\",\"streetAddress\":\"san antonio 4,\",\"postalCode\":\"33430\",\"addressLocality\":\"Cand\\u00e1s\",\"addressRegion\":\"Asturias\",\"addressCountry\":\"ES\"}},{\"@type\":\"Person\",\"@id\":\"https:\\\/\\\/www.eldigitaldeasturias.com\\\/noticias\\\/author\\\/admin\\\/#author\",\"url\":\"https:\\\/\\\/www.eldigitaldeasturias.com\\\/noticias\\\/author\\\/admin\\\/\",\"name\":\"El Digital de Asturias\",\"image\":{\"@type\":\"ImageObject\",\"@id\":\"https:\\\/\\\/www.eldigitaldeasturias.com\\\/noticias\\\/entrega-de-las-medallas-de-asturias-de-2016\\\/#authorImage\",\"url\":\"https:\\\/\\\/www.eldigitaldeasturias.com\\\/noticias\\\/wp-content\\\/litespeed\\\/avatar\\\/18677e78aa0546b92d9dbf31ec7d7668.jpg?ver=1777290358\",\"width\":96,\"height\":96,\"caption\":\"El Digital de Asturias\"}},{\"@type\":\"WebPage\",\"@id\":\"https:\\\/\\\/www.eldigitaldeasturias.com\\\/noticias\\\/entrega-de-las-medallas-de-asturias-de-2016\\\/#webpage\",\"url\":\"https:\\\/\\\/www.eldigitaldeasturias.com\\\/noticias\\\/entrega-de-las-medallas-de-asturias-de-2016\\\/\",\"name\":\"Entrega de las Medallas de Asturias de 2016 - El Digital de Asturias\",\"description\":\"El presidente del Gobierno de Asturias, Javier Fern\\u00e1ndez, ha destacado este mi\\u00e9rcoles la \\\"pluralidad enriquecedora\\\" de Asturias en su discurso en el acto de entrega de las Medallas de Asturias de 2016. \\\"En el D\\u00eda de Asturias, la celebraci\\u00f3n que nos convoca, estemos orgullosos de nuestra pluralidad, pero sepamos allanar nuestras divergencias a favor del\",\"inLanguage\":\"es-ES\",\"isPartOf\":{\"@id\":\"https:\\\/\\\/www.eldigitaldeasturias.com\\\/noticias\\\/#website\"},\"breadcrumb\":{\"@id\":\"https:\\\/\\\/www.eldigitaldeasturias.com\\\/noticias\\\/entrega-de-las-medallas-de-asturias-de-2016\\\/#breadcrumblist\"},\"author\":{\"@id\":\"https:\\\/\\\/www.eldigitaldeasturias.com\\\/noticias\\\/author\\\/admin\\\/#author\"},\"creator\":{\"@id\":\"https:\\\/\\\/www.eldigitaldeasturias.com\\\/noticias\\\/author\\\/admin\\\/#author\"},\"image\":{\"@type\":\"ImageObject\",\"url\":\"https:\\\/\\\/www.eldigitaldeasturias.com\\\/noticias\\\/wp-content\\\/uploads\\\/2016\\\/09\\\/2016_09_07-presidente-Principado-medallas-de-Asturias-1.jpg\",\"@id\":\"https:\\\/\\\/www.eldigitaldeasturias.com\\\/noticias\\\/entrega-de-las-medallas-de-asturias-de-2016\\\/#mainImage\",\"width\":2600,\"height\":1827},\"primaryImageOfPage\":{\"@id\":\"https:\\\/\\\/www.eldigitaldeasturias.com\\\/noticias\\\/entrega-de-las-medallas-de-asturias-de-2016\\\/#mainImage\"},\"datePublished\":\"2016-09-08T05:44:25+02:00\",\"dateModified\":\"2016-09-08T05:45:00+02:00\"},{\"@type\":\"WebSite\",\"@id\":\"https:\\\/\\\/www.eldigitaldeasturias.com\\\/noticias\\\/#website\",\"url\":\"https:\\\/\\\/www.eldigitaldeasturias.com\\\/noticias\\\/\",\"name\":\"El Digital de Asturias - Diario de actualidad y noticias\",\"alternateName\":\"El Digital de Asturias - Diario de actualidad y noticias\",\"description\":\"Hemeroteca\",\"inLanguage\":\"es-ES\",\"publisher\":{\"@id\":\"https:\\\/\\\/www.eldigitaldeasturias.com\\\/noticias\\\/#organization\"}}]}\n\t\t<\/script>\n\t\t<!-- All in One SEO Pro -->\r\n\t\t<title>Entrega de las Medallas de Asturias de 2016 - El Digital de Asturias<\/title>\n\n","aioseo_head_json":{"title":"Entrega de las Medallas de Asturias de 2016 - El Digital de Asturias","description":"El presidente del Gobierno de Asturias, Javier Fern\u00e1ndez, ha destacado este mi\u00e9rcoles la \"pluralidad enriquecedora\" de Asturias en su discurso en el acto de entrega de las Medallas de Asturias de 2016. \"En el D\u00eda de Asturias, la celebraci\u00f3n que nos convoca, estemos orgullosos de nuestra pluralidad, pero sepamos allanar nuestras divergencias a favor del","canonical_url":"https:\/\/www.eldigitaldeasturias.com\/noticias\/entrega-de-las-medallas-de-asturias-de-2016\/","robots":"max-image-preview:large","keywords":"actualidad asturias","webmasterTools":{"google-site-verification":"UA-38556648-1","msvalidate.01":"7dfe9f3f1b24437ab69f4f2559babe99","miscellaneous":""},"schema":{"@context":"https:\/\/schema.org","@graph":[{"@type":"BlogPosting","@id":"https:\/\/www.eldigitaldeasturias.com\/noticias\/entrega-de-las-medallas-de-asturias-de-2016\/#blogposting","name":"Entrega de las Medallas de Asturias de 2016 - El Digital de Asturias","headline":"Entrega de las Medallas de Asturias de 2016","author":{"@id":"https:\/\/www.eldigitaldeasturias.com\/noticias\/author\/admin\/#author"},"publisher":{"@id":"https:\/\/www.eldigitaldeasturias.com\/noticias\/#organization"},"image":{"@type":"ImageObject","url":"https:\/\/www.eldigitaldeasturias.com\/noticias\/wp-content\/uploads\/2016\/09\/2016_09_07-presidente-Principado-medallas-de-Asturias-1.jpg","width":2600,"height":1827},"datePublished":"2016-09-08T05:44:25+02:00","dateModified":"2016-09-08T05:45:00+02:00","inLanguage":"es-ES","mainEntityOfPage":{"@id":"https:\/\/www.eldigitaldeasturias.com\/noticias\/entrega-de-las-medallas-de-asturias-de-2016\/#webpage"},"isPartOf":{"@id":"https:\/\/www.eldigitaldeasturias.com\/noticias\/entrega-de-las-medallas-de-asturias-de-2016\/#webpage"},"articleSection":"Actualidad Asturias"},{"@type":"BreadcrumbList","@id":"https:\/\/www.eldigitaldeasturias.com\/noticias\/entrega-de-las-medallas-de-asturias-de-2016\/#breadcrumblist","itemListElement":[{"@type":"ListItem","@id":"https:\/\/www.eldigitaldeasturias.com\/noticias#listItem","position":1,"name":"Home","item":"https:\/\/www.eldigitaldeasturias.com\/noticias","nextItem":{"@type":"ListItem","@id":"https:\/\/www.eldigitaldeasturias.com\/noticias\/category\/actualidad-asturias\/#listItem","name":"Actualidad Asturias"}},{"@type":"ListItem","@id":"https:\/\/www.eldigitaldeasturias.com\/noticias\/category\/actualidad-asturias\/#listItem","position":2,"name":"Actualidad Asturias","item":"https:\/\/www.eldigitaldeasturias.com\/noticias\/category\/actualidad-asturias\/","nextItem":{"@type":"ListItem","@id":"https:\/\/www.eldigitaldeasturias.com\/noticias\/entrega-de-las-medallas-de-asturias-de-2016\/#listItem","name":"Entrega de las Medallas de Asturias de 2016"},"previousItem":{"@type":"ListItem","@id":"https:\/\/www.eldigitaldeasturias.com\/noticias#listItem","name":"Home"}},{"@type":"ListItem","@id":"https:\/\/www.eldigitaldeasturias.com\/noticias\/entrega-de-las-medallas-de-asturias-de-2016\/#listItem","position":3,"name":"Entrega de las Medallas de Asturias de 2016","previousItem":{"@type":"ListItem","@id":"https:\/\/www.eldigitaldeasturias.com\/noticias\/category\/actualidad-asturias\/#listItem","name":"Actualidad Asturias"}}]},{"@type":"Organization","@id":"https:\/\/www.eldigitaldeasturias.com\/noticias\/#organization","name":"El Digital de Asturias","description":"Hemeroteca","url":"https:\/\/www.eldigitaldeasturias.com\/noticias\/","email":"info@eldigitaldeasturias.com","telephone":"+34652131393","logo":{"@type":"ImageObject","url":"https:\/\/www.eldigitaldeasturias.com\/noticias\/wp-content\/uploads\/2020\/12\/EDA.jpg","@id":"https:\/\/www.eldigitaldeasturias.com\/noticias\/entrega-de-las-medallas-de-asturias-de-2016\/#organizationLogo","width":649,"height":297},"image":{"@id":"https:\/\/www.eldigitaldeasturias.com\/noticias\/entrega-de-las-medallas-de-asturias-de-2016\/#organizationLogo"},"sameAs":["https:\/\/facebook.com\/eldigitaldeasturias","https:\/\/www.youtube.com\/channel\/UCZP-2wLEB9Rv6erhFmqVnvg"],"address":{"@id":"https:\/\/www.eldigitaldeasturias.com\/noticias\/#postaladdress","@type":"PostalAddress","streetAddress":"san antonio 4,","postalCode":"33430","addressLocality":"Cand\u00e1s","addressRegion":"Asturias","addressCountry":"ES"}},{"@type":"Person","@id":"https:\/\/www.eldigitaldeasturias.com\/noticias\/author\/admin\/#author","url":"https:\/\/www.eldigitaldeasturias.com\/noticias\/author\/admin\/","name":"El Digital de Asturias","image":{"@type":"ImageObject","@id":"https:\/\/www.eldigitaldeasturias.com\/noticias\/entrega-de-las-medallas-de-asturias-de-2016\/#authorImage","url":"https:\/\/www.eldigitaldeasturias.com\/noticias\/wp-content\/litespeed\/avatar\/18677e78aa0546b92d9dbf31ec7d7668.jpg?ver=1777290358","width":96,"height":96,"caption":"El Digital de Asturias"}},{"@type":"WebPage","@id":"https:\/\/www.eldigitaldeasturias.com\/noticias\/entrega-de-las-medallas-de-asturias-de-2016\/#webpage","url":"https:\/\/www.eldigitaldeasturias.com\/noticias\/entrega-de-las-medallas-de-asturias-de-2016\/","name":"Entrega de las Medallas de Asturias de 2016 - El Digital de Asturias","description":"El presidente del Gobierno de Asturias, Javier Fern\u00e1ndez, ha destacado este mi\u00e9rcoles la \"pluralidad enriquecedora\" de Asturias en su discurso en el acto de entrega de las Medallas de Asturias de 2016. \"En el D\u00eda de Asturias, la celebraci\u00f3n que nos convoca, estemos orgullosos de nuestra pluralidad, pero sepamos allanar nuestras divergencias a favor del","inLanguage":"es-ES","isPartOf":{"@id":"https:\/\/www.eldigitaldeasturias.com\/noticias\/#website"},"breadcrumb":{"@id":"https:\/\/www.eldigitaldeasturias.com\/noticias\/entrega-de-las-medallas-de-asturias-de-2016\/#breadcrumblist"},"author":{"@id":"https:\/\/www.eldigitaldeasturias.com\/noticias\/author\/admin\/#author"},"creator":{"@id":"https:\/\/www.eldigitaldeasturias.com\/noticias\/author\/admin\/#author"},"image":{"@type":"ImageObject","url":"https:\/\/www.eldigitaldeasturias.com\/noticias\/wp-content\/uploads\/2016\/09\/2016_09_07-presidente-Principado-medallas-de-Asturias-1.jpg","@id":"https:\/\/www.eldigitaldeasturias.com\/noticias\/entrega-de-las-medallas-de-asturias-de-2016\/#mainImage","width":2600,"height":1827},"primaryImageOfPage":{"@id":"https:\/\/www.eldigitaldeasturias.com\/noticias\/entrega-de-las-medallas-de-asturias-de-2016\/#mainImage"},"datePublished":"2016-09-08T05:44:25+02:00","dateModified":"2016-09-08T05:45:00+02:00"},{"@type":"WebSite","@id":"https:\/\/www.eldigitaldeasturias.com\/noticias\/#website","url":"https:\/\/www.eldigitaldeasturias.com\/noticias\/","name":"El Digital de Asturias - Diario de actualidad y noticias","alternateName":"El Digital de Asturias - Diario de actualidad y noticias","description":"Hemeroteca","inLanguage":"es-ES","publisher":{"@id":"https:\/\/www.eldigitaldeasturias.com\/noticias\/#organization"}}]},"og:locale":"es_ES","og:site_name":"El Digital de Asturias","og:type":"article","og:title":"Entrega de las Medallas de Asturias de 2016 - El Digital de Asturias","og:description":"El presidente del Gobierno de Asturias, Javier Fern\u00e1ndez, ha destacado este mi\u00e9rcoles la &quot;pluralidad enriquecedora&quot; de Asturias en su discurso en el acto de entrega de las Medallas de Asturias de 2016. &quot;En el D\u00eda de Asturias, la celebraci\u00f3n que nos convoca, estemos orgullosos de nuestra pluralidad, pero sepamos allanar nuestras divergencias a favor del","og:url":"https:\/\/www.eldigitaldeasturias.com\/noticias\/entrega-de-las-medallas-de-asturias-de-2016\/","og:image":"https:\/\/www.eldigitaldeasturias.com\/noticias\/wp-content\/uploads\/2016\/09\/2016_09_07-presidente-Principado-medallas-de-Asturias-1.jpg","og:image:secure_url":"https:\/\/www.eldigitaldeasturias.com\/noticias\/wp-content\/uploads\/2016\/09\/2016_09_07-presidente-Principado-medallas-de-Asturias-1.jpg","og:image:width":2600,"og:image:height":1827,"article:tag":["actualidad asturias"],"article:published_time":"2016-09-08T04:44:25+00:00","article:modified_time":"2016-09-08T04:45:00+00:00","article:publisher":"https:\/\/facebook.com\/eldigitaldeasturias","twitter:card":"summary_large_image","twitter:title":"Entrega de las Medallas de Asturias de 2016 - El Digital de Asturias","twitter:description":"El presidente del Gobierno de Asturias, Javier Fern\u00e1ndez, ha destacado este mi\u00e9rcoles la &quot;pluralidad enriquecedora&quot; de Asturias en su discurso en el acto de entrega de las Medallas de Asturias de 2016. &quot;En el D\u00eda de Asturias, la celebraci\u00f3n que nos convoca, estemos orgullosos de nuestra pluralidad, pero sepamos allanar nuestras divergencias a favor del","twitter:image":"https:\/\/www.eldigitaldeasturias.com\/noticias\/wp-content\/uploads\/2016\/09\/2016_09_07-presidente-Principado-medallas-de-Asturias-1.jpg","twitter:label1":"Escrito por","twitter:data1":"El Digital de Asturias","twitter:label2":"Tiempo de lectura estimado","twitter:data2":"1 minuto"},"aioseo_meta_data":{"post_id":"906412","title":null,"description":null,"keywords":null,"keyphrases":null,"primary_term":null,"canonical_url":null,"og_title":null,"og_description":null,"og_object_type":"default","og_image_type":"default","og_image_url":null,"og_image_width":null,"og_image_height":null,"og_image_custom_url":null,"og_image_custom_fields":null,"og_video":null,"og_custom_url":null,"og_article_section":null,"og_article_tags":null,"twitter_use_og":false,"twitter_card":"default","twitter_image_type":"default","twitter_image_url":null,"twitter_image_custom_url":null,"twitter_image_custom_fields":null,"twitter_title":null,"twitter_description":null,"schema":{"blockGraphs":[],"customGraphs":[],"default":{"data":{"Article":[],"Course":[],"Dataset":[],"FAQPage":[],"Movie":[],"Person":[],"Product":[],"ProductReview":[],"Car":[],"Recipe":[],"Service":[],"SoftwareApplication":[],"WebPage":[]},"graphName":"","isEnabled":true},"graphs":[],"defaultGraph":"","defaultPostTypeGraph":""},"schema_type":null,"schema_type_options":null,"pillar_content":false,"robots_default":true,"robots_noindex":false,"robots_noarchive":false,"robots_nosnippet":false,"robots_nofollow":false,"robots_noimageindex":false,"robots_noodp":false,"robots_notranslate":false,"robots_max_snippet":null,"robots_max_videopreview":null,"robots_max_imagepreview":"large","priority":null,"frequency":null,"local_seo":null,"seo_analyzer_scan_date":"2025-11-30 08:56:11","breadcrumb_settings":null,"limit_modified_date":false,"open_ai":null,"ai":null,"created":"2020-12-21 14:01:55","updated":"2025-11-30 08:56:11"},"aioseo_breadcrumb":"<div class=\"aioseo-breadcrumbs\"><span class=\"aioseo-breadcrumb\">\n\t<a href=\"https:\/\/www.eldigitaldeasturias.com\/noticias\" title=\"Home\">Home<\/a>\n<\/span><span class=\"aioseo-breadcrumb-separator\">\u2013<\/span><span class=\"aioseo-breadcrumb\">\n\t<a href=\"https:\/\/www.eldigitaldeasturias.com\/noticias\/category\/actualidad-asturias\/\" title=\"Actualidad Asturias\">Actualidad Asturias<\/a>\n<\/span><span class=\"aioseo-breadcrumb-separator\">\u2013<\/span><span class=\"aioseo-breadcrumb\">\n\t<a href=\"https:\/\/www.eldigitaldeasturias.com\/noticias\/entrega-de-las-medallas-de-asturias-de-2016\/\" title=\"Entrega de las Medallas de Asturias de 2016\">Entrega de las Medallas de Asturias de 2016<\/a>\n<\/span><\/div>","aioseo_breadcrumb_json":[{"label":"Home","link":"https:\/\/www.eldigitaldeasturias.com\/noticias"},{"label":"Actualidad Asturias","link":"https:\/\/www.eldigitaldeasturias.com\/noticias\/category\/actualidad-asturias\/"},{"label":"Entrega de las Medallas de Asturias de 2016","link":"https:\/\/www.eldigitaldeasturias.com\/noticias\/entrega-de-las-medallas-de-asturias-de-2016\/"}],"_links":{"self":[{"href":"https:\/\/www.eldigitaldeasturias.com\/noticias\/wp-json\/wp\/v2\/posts\/906412","targetHints":{"allow":["GET"]}}],"collection":[{"href":"https:\/\/www.eldigitaldeasturias.com\/noticias\/wp-json\/wp\/v2\/posts"}],"about":[{"href":"https:\/\/www.eldigitaldeasturias.com\/noticias\/wp-json\/wp\/v2\/types\/post"}],"author":[{"embeddable":true,"href":"https:\/\/www.eldigitaldeasturias.com\/noticias\/wp-json\/wp\/v2\/users\/1"}],"replies":[{"embeddable":true,"href":"https:\/\/www.eldigitaldeasturias.com\/noticias\/wp-json\/wp\/v2\/comments?post=906412"}],"version-history":[{"count":0,"href":"https:\/\/www.eldigitaldeasturias.com\/noticias\/wp-json\/wp\/v2\/posts\/906412\/revisions"}],"wp:featuredmedia":[{"embeddable":true,"href":"https:\/\/www.eldigitaldeasturias.com\/noticias\/wp-json\/wp\/v2\/media\/906413"}],"wp:attachment":[{"href":"https:\/\/www.eldigitaldeasturias.com\/noticias\/wp-json\/wp\/v2\/media?parent=906412"}],"wp:term":[{"taxonomy":"category","embeddable":true,"href":"https:\/\/www.eldigitaldeasturias.com\/noticias\/wp-json\/wp\/v2\/categories?post=906412"},{"taxonomy":"post_tag","embeddable":true,"href":"https:\/\/www.eldigitaldeasturias.com\/noticias\/wp-json\/wp\/v2\/tags?post=906412"}],"curies":[{"name":"wp","href":"https:\/\/api.w.org\/{rel}","templated":true}]}}