{"id":906407,"date":"2016-09-08T05:39:05","date_gmt":"2016-09-08T04:39:05","guid":{"rendered":"http:\/\/www.eldigitaldeasturias.com\/noticias\/?p=906407"},"modified":"2016-09-08T05:39:05","modified_gmt":"2016-09-08T04:39:05","slug":"emilio-leon-no-va-a-permitir-que-asturias-siga-paralizada-otro-ano-mas","status":"publish","type":"post","link":"https:\/\/www.eldigitaldeasturias.com\/noticias\/emilio-leon-no-va-a-permitir-que-asturias-siga-paralizada-otro-ano-mas\/","title":{"rendered":"Emilio Le\u00f3n no va a permitir que Asturias siga paralizada otro a\u00f1o m\u00e1s"},"content":{"rendered":"<p><img loading=\"lazy\" decoding=\"async\" class=\"alignleft size-medium wp-image-906408\" src=\"https:\/\/www.eldigitaldeasturias.com\/noticias\/wp-content\/uploads\/2016\/09\/fotonoticia_20160907200407_800-360x270.jpg\" alt=\"fotonoticia_20160907200407_800\" width=\"360\" height=\"270\" srcset=\"https:\/\/www.eldigitaldeasturias.com\/noticias\/wp-content\/uploads\/2016\/09\/fotonoticia_20160907200407_800-360x270.jpg 360w, https:\/\/www.eldigitaldeasturias.com\/noticias\/wp-content\/uploads\/2016\/09\/fotonoticia_20160907200407_800-768x576.jpg 768w, https:\/\/www.eldigitaldeasturias.com\/noticias\/wp-content\/uploads\/2016\/09\/fotonoticia_20160907200407_800-650x488.jpg 650w, https:\/\/www.eldigitaldeasturias.com\/noticias\/wp-content\/uploads\/2016\/09\/fotonoticia_20160907200407_800-125x95.jpg 125w, https:\/\/www.eldigitaldeasturias.com\/noticias\/wp-content\/uploads\/2016\/09\/fotonoticia_20160907200407_800-100x75.jpg 100w, https:\/\/www.eldigitaldeasturias.com\/noticias\/wp-content\/uploads\/2016\/09\/fotonoticia_20160907200407_800.jpg 800w\" sizes=\"auto, (max-width: 360px) 100vw, 360px\" \/>El portavoz de Podemos en la Junta General del Principado de Asturias (JGPA), Emilio Le\u00f3n, ha advertido este mi\u00e9rcoles al Gobierno socialista liderado por Javier Fern\u00e1ndez que no va a permitir que tenga \u00abparalizada\u00bb a Asturias otro a\u00f1o m\u00e1s y que est\u00e1 dispuesto a hacer los gestos que sean necesarios, incluido un \u00abcorte de manga institucional\u00bb.<\/p>\n<p>La idea del corte de manga la ha incluido Le\u00f3n en su discurso en el pleno institucional del D\u00eda de Asturias al recordar el episodio del atleta Wladyslaw Kozakiewicz, de origen lituano, que en los Juegos Ol\u00edmpicos de Mosc\u00fa realiz\u00f3 un corte de manga a la afici\u00f3n rusa al recibir la medalla de oro de salto de p\u00e9rtiga. Inmediatamente explic\u00f3 que hab\u00eda sufrido un repentino calambre para evitar la sanci\u00f3n.<\/p>\n<p>\u00abSe\u00f1or\u00edas del Gobierno, no crean que vamos a permitir que tengan a Asturias paralizada otro a\u00f1o, ni nos van a hacer tragar con unos presupuestos escritos en una servilleta a \u00faltima hora. Llegado el caso, si tengo que hacerles un corte de manga, yo no voy a fingir que me haya dado ning\u00fan calambre\u00bb, ha advertido a la bancada de los socialistas, donde se encontraba el presidente asturiano, Javier Fern\u00e1ndez.<\/p>\n<p>Ha instado a todos los parlamentarios a trabajar para mejorar la situaci\u00f3n en el Principado. \u00ab\u00bfQu\u00e9 tal si logramos que antes de fin de a\u00f1o ninguna familia tenga que rechazar la herencia por no poder pagar los impuestos? \u00bfy si logramos que nadie tenga miedo a una factura por llevar a sus mayores a una residencia p\u00fablica? \u00bfy si hacemos que las listas de espera no sean una ruleta rusa o una excusa para la privatizaci\u00f3n encubierta? \u00bfy si conseguimos que Asturias exporte algo m\u00e1s innovador que una visi\u00f3n de la pol\u00edtica en la que un gobierno se confunde con una gestora?\u00bb, se ha preguntado<\/p>\n<p>&nbsp;<\/p>\n","protected":false},"excerpt":{"rendered":"<p>El portavoz de Podemos en la Junta General del Principado de Asturias (JGPA), Emilio Le\u00f3n, ha advertido este mi\u00e9rcoles al Gobierno socialista liderado por Javier Fern\u00e1ndez que no va a permitir que tenga \u00abparalizada\u00bb a Asturias otro a\u00f1o m\u00e1s y que est\u00e1 dispuesto a hacer los gestos que sean necesarios, incluido un \u00abcorte de manga [&hellip;]<\/p>\n","protected":false},"author":1,"featured_media":906408,"comment_status":"closed","ping_status":"closed","sticky":false,"template":"","format":"standard","meta":{"footnotes":""},"categories":[12],"tags":[],"class_list":["post-906407","post","type-post","status-publish","format-standard","has-post-thumbnail","hentry","category-actualidad-asturias"],"aioseo_notices":[],"aioseo_head":"\n\t\t<!-- All in One SEO Pro 4.9.6.2 - aioseo.com -->\n\t<meta name=\"description\" content=\"El portavoz de Podemos en la Junta General del Principado de Asturias (JGPA), Emilio Le\u00f3n, ha advertido este mi\u00e9rcoles al Gobierno socialista liderado por Javier Fern\u00e1ndez que no va a permitir que tenga &quot;paralizada&quot; a Asturias otro a\u00f1o m\u00e1s y que est\u00e1 dispuesto a hacer los gestos que sean necesarios, incluido un &quot;corte de manga\" \/>\n\t<meta name=\"robots\" content=\"max-image-preview:large\" \/>\n\t<meta name=\"author\" content=\"El Digital de Asturias\"\/>\n\t<meta name=\"google-site-verification\" content=\"UA-38556648-1\" \/>\n\t<meta name=\"msvalidate.01\" content=\"7dfe9f3f1b24437ab69f4f2559babe99\" \/>\n\t<meta name=\"keywords\" content=\"actualidad asturias\" \/>\n\t<link rel=\"canonical\" href=\"https:\/\/www.eldigitaldeasturias.com\/noticias\/emilio-leon-no-va-a-permitir-que-asturias-siga-paralizada-otro-ano-mas\/\" \/>\n\t<meta name=\"generator\" content=\"All in One SEO Pro (AIOSEO) 4.9.6.2\" \/>\n\t\t<meta property=\"og:locale\" content=\"es_ES\" \/>\n\t\t<meta property=\"og:site_name\" content=\"El Digital de Asturias\" \/>\n\t\t<meta property=\"og:type\" content=\"article\" \/>\n\t\t<meta property=\"og:title\" content=\"Emilio Le\u00f3n no va a permitir que Asturias siga paralizada otro a\u00f1o m\u00e1s - El Digital de Asturias\" \/>\n\t\t<meta property=\"og:description\" content=\"El portavoz de Podemos en la Junta General del Principado de Asturias (JGPA), Emilio Le\u00f3n, ha advertido este mi\u00e9rcoles al Gobierno socialista liderado por Javier Fern\u00e1ndez que no va a permitir que tenga &quot;paralizada&quot; a Asturias otro a\u00f1o m\u00e1s y que est\u00e1 dispuesto a hacer los gestos que sean necesarios, incluido un &quot;corte de manga\" \/>\n\t\t<meta property=\"og:url\" content=\"https:\/\/www.eldigitaldeasturias.com\/noticias\/emilio-leon-no-va-a-permitir-que-asturias-siga-paralizada-otro-ano-mas\/\" \/>\n\t\t<meta property=\"og:image\" content=\"https:\/\/www.eldigitaldeasturias.com\/noticias\/wp-content\/uploads\/2016\/09\/fotonoticia_20160907200407_800.jpg\" \/>\n\t\t<meta property=\"og:image:secure_url\" content=\"https:\/\/www.eldigitaldeasturias.com\/noticias\/wp-content\/uploads\/2016\/09\/fotonoticia_20160907200407_800.jpg\" \/>\n\t\t<meta property=\"og:image:width\" content=\"800\" \/>\n\t\t<meta property=\"og:image:height\" content=\"600\" \/>\n\t\t<meta property=\"article:tag\" content=\"actualidad asturias\" \/>\n\t\t<meta property=\"article:published_time\" content=\"2016-09-08T04:39:05+00:00\" \/>\n\t\t<meta property=\"article:modified_time\" content=\"2016-09-08T04:39:05+00:00\" \/>\n\t\t<meta property=\"article:publisher\" content=\"https:\/\/facebook.com\/eldigitaldeasturias\" \/>\n\t\t<meta name=\"twitter:card\" content=\"summary_large_image\" \/>\n\t\t<meta name=\"twitter:title\" content=\"Emilio Le\u00f3n no va a permitir que Asturias siga paralizada otro a\u00f1o m\u00e1s - El Digital de Asturias\" \/>\n\t\t<meta name=\"twitter:description\" content=\"El portavoz de Podemos en la Junta General del Principado de Asturias (JGPA), Emilio Le\u00f3n, ha advertido este mi\u00e9rcoles al Gobierno socialista liderado por Javier Fern\u00e1ndez que no va a permitir que tenga &quot;paralizada&quot; a Asturias otro a\u00f1o m\u00e1s y que est\u00e1 dispuesto a hacer los gestos que sean necesarios, incluido un &quot;corte de manga\" \/>\n\t\t<meta name=\"twitter:image\" content=\"https:\/\/www.eldigitaldeasturias.com\/noticias\/wp-content\/uploads\/2016\/09\/fotonoticia_20160907200407_800.jpg\" \/>\n\t\t<meta name=\"twitter:label1\" content=\"Escrito por\" \/>\n\t\t<meta name=\"twitter:data1\" content=\"El Digital de Asturias\" \/>\n\t\t<meta name=\"twitter:label2\" content=\"Tiempo de lectura estimado\" \/>\n\t\t<meta name=\"twitter:data2\" content=\"2 minutos\" \/>\n\t\t<script type=\"application\/ld+json\" class=\"aioseo-schema\">\n\t\t\t{\"@context\":\"https:\\\/\\\/schema.org\",\"@graph\":[{\"@type\":\"BlogPosting\",\"@id\":\"https:\\\/\\\/www.eldigitaldeasturias.com\\\/noticias\\\/emilio-leon-no-va-a-permitir-que-asturias-siga-paralizada-otro-ano-mas\\\/#blogposting\",\"name\":\"Emilio Le\\u00f3n no va a permitir que Asturias siga paralizada otro a\\u00f1o m\\u00e1s - El Digital de Asturias\",\"headline\":\"Emilio Le\\u00f3n no va a permitir que Asturias siga paralizada otro a\\u00f1o m\\u00e1s\",\"author\":{\"@id\":\"https:\\\/\\\/www.eldigitaldeasturias.com\\\/noticias\\\/author\\\/admin\\\/#author\"},\"publisher\":{\"@id\":\"https:\\\/\\\/www.eldigitaldeasturias.com\\\/noticias\\\/#organization\"},\"image\":{\"@type\":\"ImageObject\",\"url\":\"https:\\\/\\\/www.eldigitaldeasturias.com\\\/noticias\\\/wp-content\\\/uploads\\\/2016\\\/09\\\/fotonoticia_20160907200407_800.jpg\",\"width\":800,\"height\":600},\"datePublished\":\"2016-09-08T05:39:05+02:00\",\"dateModified\":\"2016-09-08T05:39:05+02:00\",\"inLanguage\":\"es-ES\",\"mainEntityOfPage\":{\"@id\":\"https:\\\/\\\/www.eldigitaldeasturias.com\\\/noticias\\\/emilio-leon-no-va-a-permitir-que-asturias-siga-paralizada-otro-ano-mas\\\/#webpage\"},\"isPartOf\":{\"@id\":\"https:\\\/\\\/www.eldigitaldeasturias.com\\\/noticias\\\/emilio-leon-no-va-a-permitir-que-asturias-siga-paralizada-otro-ano-mas\\\/#webpage\"},\"articleSection\":\"Actualidad Asturias\"},{\"@type\":\"BreadcrumbList\",\"@id\":\"https:\\\/\\\/www.eldigitaldeasturias.com\\\/noticias\\\/emilio-leon-no-va-a-permitir-que-asturias-siga-paralizada-otro-ano-mas\\\/#breadcrumblist\",\"itemListElement\":[{\"@type\":\"ListItem\",\"@id\":\"https:\\\/\\\/www.eldigitaldeasturias.com\\\/noticias#listItem\",\"position\":1,\"name\":\"Home\",\"item\":\"https:\\\/\\\/www.eldigitaldeasturias.com\\\/noticias\",\"nextItem\":{\"@type\":\"ListItem\",\"@id\":\"https:\\\/\\\/www.eldigitaldeasturias.com\\\/noticias\\\/category\\\/actualidad-asturias\\\/#listItem\",\"name\":\"Actualidad Asturias\"}},{\"@type\":\"ListItem\",\"@id\":\"https:\\\/\\\/www.eldigitaldeasturias.com\\\/noticias\\\/category\\\/actualidad-asturias\\\/#listItem\",\"position\":2,\"name\":\"Actualidad Asturias\",\"item\":\"https:\\\/\\\/www.eldigitaldeasturias.com\\\/noticias\\\/category\\\/actualidad-asturias\\\/\",\"nextItem\":{\"@type\":\"ListItem\",\"@id\":\"https:\\\/\\\/www.eldigitaldeasturias.com\\\/noticias\\\/emilio-leon-no-va-a-permitir-que-asturias-siga-paralizada-otro-ano-mas\\\/#listItem\",\"name\":\"Emilio Le\\u00f3n no va a permitir que Asturias siga paralizada otro a\\u00f1o m\\u00e1s\"},\"previousItem\":{\"@type\":\"ListItem\",\"@id\":\"https:\\\/\\\/www.eldigitaldeasturias.com\\\/noticias#listItem\",\"name\":\"Home\"}},{\"@type\":\"ListItem\",\"@id\":\"https:\\\/\\\/www.eldigitaldeasturias.com\\\/noticias\\\/emilio-leon-no-va-a-permitir-que-asturias-siga-paralizada-otro-ano-mas\\\/#listItem\",\"position\":3,\"name\":\"Emilio Le\\u00f3n no va a permitir que Asturias siga paralizada otro a\\u00f1o m\\u00e1s\",\"previousItem\":{\"@type\":\"ListItem\",\"@id\":\"https:\\\/\\\/www.eldigitaldeasturias.com\\\/noticias\\\/category\\\/actualidad-asturias\\\/#listItem\",\"name\":\"Actualidad Asturias\"}}]},{\"@type\":\"Organization\",\"@id\":\"https:\\\/\\\/www.eldigitaldeasturias.com\\\/noticias\\\/#organization\",\"name\":\"El Digital de Asturias\",\"description\":\"Hemeroteca\",\"url\":\"https:\\\/\\\/www.eldigitaldeasturias.com\\\/noticias\\\/\",\"email\":\"info@eldigitaldeasturias.com\",\"telephone\":\"+34652131393\",\"logo\":{\"@type\":\"ImageObject\",\"url\":\"https:\\\/\\\/www.eldigitaldeasturias.com\\\/noticias\\\/wp-content\\\/uploads\\\/2020\\\/12\\\/EDA.jpg\",\"@id\":\"https:\\\/\\\/www.eldigitaldeasturias.com\\\/noticias\\\/emilio-leon-no-va-a-permitir-que-asturias-siga-paralizada-otro-ano-mas\\\/#organizationLogo\",\"width\":649,\"height\":297},\"image\":{\"@id\":\"https:\\\/\\\/www.eldigitaldeasturias.com\\\/noticias\\\/emilio-leon-no-va-a-permitir-que-asturias-siga-paralizada-otro-ano-mas\\\/#organizationLogo\"},\"sameAs\":[\"https:\\\/\\\/facebook.com\\\/eldigitaldeasturias\",\"https:\\\/\\\/www.youtube.com\\\/channel\\\/UCZP-2wLEB9Rv6erhFmqVnvg\"],\"address\":{\"@id\":\"https:\\\/\\\/www.eldigitaldeasturias.com\\\/noticias\\\/#postaladdress\",\"@type\":\"PostalAddress\",\"streetAddress\":\"san antonio 4,\",\"postalCode\":\"33430\",\"addressLocality\":\"Cand\\u00e1s\",\"addressRegion\":\"Asturias\",\"addressCountry\":\"ES\"}},{\"@type\":\"Person\",\"@id\":\"https:\\\/\\\/www.eldigitaldeasturias.com\\\/noticias\\\/author\\\/admin\\\/#author\",\"url\":\"https:\\\/\\\/www.eldigitaldeasturias.com\\\/noticias\\\/author\\\/admin\\\/\",\"name\":\"El Digital de Asturias\",\"image\":{\"@type\":\"ImageObject\",\"@id\":\"https:\\\/\\\/www.eldigitaldeasturias.com\\\/noticias\\\/emilio-leon-no-va-a-permitir-que-asturias-siga-paralizada-otro-ano-mas\\\/#authorImage\",\"url\":\"https:\\\/\\\/www.eldigitaldeasturias.com\\\/noticias\\\/wp-content\\\/litespeed\\\/avatar\\\/18677e78aa0546b92d9dbf31ec7d7668.jpg?ver=1777290358\",\"width\":96,\"height\":96,\"caption\":\"El Digital de Asturias\"}},{\"@type\":\"WebPage\",\"@id\":\"https:\\\/\\\/www.eldigitaldeasturias.com\\\/noticias\\\/emilio-leon-no-va-a-permitir-que-asturias-siga-paralizada-otro-ano-mas\\\/#webpage\",\"url\":\"https:\\\/\\\/www.eldigitaldeasturias.com\\\/noticias\\\/emilio-leon-no-va-a-permitir-que-asturias-siga-paralizada-otro-ano-mas\\\/\",\"name\":\"Emilio Le\\u00f3n no va a permitir que Asturias siga paralizada otro a\\u00f1o m\\u00e1s - El Digital de Asturias\",\"description\":\"El portavoz de Podemos en la Junta General del Principado de Asturias (JGPA), Emilio Le\\u00f3n, ha advertido este mi\\u00e9rcoles al Gobierno socialista liderado por Javier Fern\\u00e1ndez que no va a permitir que tenga \\\"paralizada\\\" a Asturias otro a\\u00f1o m\\u00e1s y que est\\u00e1 dispuesto a hacer los gestos que sean necesarios, incluido un \\\"corte de manga\",\"inLanguage\":\"es-ES\",\"isPartOf\":{\"@id\":\"https:\\\/\\\/www.eldigitaldeasturias.com\\\/noticias\\\/#website\"},\"breadcrumb\":{\"@id\":\"https:\\\/\\\/www.eldigitaldeasturias.com\\\/noticias\\\/emilio-leon-no-va-a-permitir-que-asturias-siga-paralizada-otro-ano-mas\\\/#breadcrumblist\"},\"author\":{\"@id\":\"https:\\\/\\\/www.eldigitaldeasturias.com\\\/noticias\\\/author\\\/admin\\\/#author\"},\"creator\":{\"@id\":\"https:\\\/\\\/www.eldigitaldeasturias.com\\\/noticias\\\/author\\\/admin\\\/#author\"},\"image\":{\"@type\":\"ImageObject\",\"url\":\"https:\\\/\\\/www.eldigitaldeasturias.com\\\/noticias\\\/wp-content\\\/uploads\\\/2016\\\/09\\\/fotonoticia_20160907200407_800.jpg\",\"@id\":\"https:\\\/\\\/www.eldigitaldeasturias.com\\\/noticias\\\/emilio-leon-no-va-a-permitir-que-asturias-siga-paralizada-otro-ano-mas\\\/#mainImage\",\"width\":800,\"height\":600},\"primaryImageOfPage\":{\"@id\":\"https:\\\/\\\/www.eldigitaldeasturias.com\\\/noticias\\\/emilio-leon-no-va-a-permitir-que-asturias-siga-paralizada-otro-ano-mas\\\/#mainImage\"},\"datePublished\":\"2016-09-08T05:39:05+02:00\",\"dateModified\":\"2016-09-08T05:39:05+02:00\"},{\"@type\":\"WebSite\",\"@id\":\"https:\\\/\\\/www.eldigitaldeasturias.com\\\/noticias\\\/#website\",\"url\":\"https:\\\/\\\/www.eldigitaldeasturias.com\\\/noticias\\\/\",\"name\":\"El Digital de Asturias - Diario de actualidad y noticias\",\"alternateName\":\"El Digital de Asturias - Diario de actualidad y noticias\",\"description\":\"Hemeroteca\",\"inLanguage\":\"es-ES\",\"publisher\":{\"@id\":\"https:\\\/\\\/www.eldigitaldeasturias.com\\\/noticias\\\/#organization\"}}]}\n\t\t<\/script>\n\t\t<!-- All in One SEO Pro -->\r\n\t\t<title>Emilio Le\u00f3n no va a permitir que Asturias siga paralizada otro a\u00f1o m\u00e1s - El Digital de Asturias<\/title>\n\n","aioseo_head_json":{"title":"Emilio Le\u00f3n no va a permitir que Asturias siga paralizada otro a\u00f1o m\u00e1s - El Digital de Asturias","description":"El portavoz de Podemos en la Junta General del Principado de Asturias (JGPA), Emilio Le\u00f3n, ha advertido este mi\u00e9rcoles al Gobierno socialista liderado por Javier Fern\u00e1ndez que no va a permitir que tenga \"paralizada\" a Asturias otro a\u00f1o m\u00e1s y que est\u00e1 dispuesto a hacer los gestos que sean necesarios, incluido un \"corte de manga","canonical_url":"https:\/\/www.eldigitaldeasturias.com\/noticias\/emilio-leon-no-va-a-permitir-que-asturias-siga-paralizada-otro-ano-mas\/","robots":"max-image-preview:large","keywords":"actualidad asturias","webmasterTools":{"google-site-verification":"UA-38556648-1","msvalidate.01":"7dfe9f3f1b24437ab69f4f2559babe99","miscellaneous":""},"schema":{"@context":"https:\/\/schema.org","@graph":[{"@type":"BlogPosting","@id":"https:\/\/www.eldigitaldeasturias.com\/noticias\/emilio-leon-no-va-a-permitir-que-asturias-siga-paralizada-otro-ano-mas\/#blogposting","name":"Emilio Le\u00f3n no va a permitir que Asturias siga paralizada otro a\u00f1o m\u00e1s - El Digital de Asturias","headline":"Emilio Le\u00f3n no va a permitir que Asturias siga paralizada otro a\u00f1o m\u00e1s","author":{"@id":"https:\/\/www.eldigitaldeasturias.com\/noticias\/author\/admin\/#author"},"publisher":{"@id":"https:\/\/www.eldigitaldeasturias.com\/noticias\/#organization"},"image":{"@type":"ImageObject","url":"https:\/\/www.eldigitaldeasturias.com\/noticias\/wp-content\/uploads\/2016\/09\/fotonoticia_20160907200407_800.jpg","width":800,"height":600},"datePublished":"2016-09-08T05:39:05+02:00","dateModified":"2016-09-08T05:39:05+02:00","inLanguage":"es-ES","mainEntityOfPage":{"@id":"https:\/\/www.eldigitaldeasturias.com\/noticias\/emilio-leon-no-va-a-permitir-que-asturias-siga-paralizada-otro-ano-mas\/#webpage"},"isPartOf":{"@id":"https:\/\/www.eldigitaldeasturias.com\/noticias\/emilio-leon-no-va-a-permitir-que-asturias-siga-paralizada-otro-ano-mas\/#webpage"},"articleSection":"Actualidad Asturias"},{"@type":"BreadcrumbList","@id":"https:\/\/www.eldigitaldeasturias.com\/noticias\/emilio-leon-no-va-a-permitir-que-asturias-siga-paralizada-otro-ano-mas\/#breadcrumblist","itemListElement":[{"@type":"ListItem","@id":"https:\/\/www.eldigitaldeasturias.com\/noticias#listItem","position":1,"name":"Home","item":"https:\/\/www.eldigitaldeasturias.com\/noticias","nextItem":{"@type":"ListItem","@id":"https:\/\/www.eldigitaldeasturias.com\/noticias\/category\/actualidad-asturias\/#listItem","name":"Actualidad Asturias"}},{"@type":"ListItem","@id":"https:\/\/www.eldigitaldeasturias.com\/noticias\/category\/actualidad-asturias\/#listItem","position":2,"name":"Actualidad Asturias","item":"https:\/\/www.eldigitaldeasturias.com\/noticias\/category\/actualidad-asturias\/","nextItem":{"@type":"ListItem","@id":"https:\/\/www.eldigitaldeasturias.com\/noticias\/emilio-leon-no-va-a-permitir-que-asturias-siga-paralizada-otro-ano-mas\/#listItem","name":"Emilio Le\u00f3n no va a permitir que Asturias siga paralizada otro a\u00f1o m\u00e1s"},"previousItem":{"@type":"ListItem","@id":"https:\/\/www.eldigitaldeasturias.com\/noticias#listItem","name":"Home"}},{"@type":"ListItem","@id":"https:\/\/www.eldigitaldeasturias.com\/noticias\/emilio-leon-no-va-a-permitir-que-asturias-siga-paralizada-otro-ano-mas\/#listItem","position":3,"name":"Emilio Le\u00f3n no va a permitir que Asturias siga paralizada otro a\u00f1o m\u00e1s","previousItem":{"@type":"ListItem","@id":"https:\/\/www.eldigitaldeasturias.com\/noticias\/category\/actualidad-asturias\/#listItem","name":"Actualidad Asturias"}}]},{"@type":"Organization","@id":"https:\/\/www.eldigitaldeasturias.com\/noticias\/#organization","name":"El Digital de Asturias","description":"Hemeroteca","url":"https:\/\/www.eldigitaldeasturias.com\/noticias\/","email":"info@eldigitaldeasturias.com","telephone":"+34652131393","logo":{"@type":"ImageObject","url":"https:\/\/www.eldigitaldeasturias.com\/noticias\/wp-content\/uploads\/2020\/12\/EDA.jpg","@id":"https:\/\/www.eldigitaldeasturias.com\/noticias\/emilio-leon-no-va-a-permitir-que-asturias-siga-paralizada-otro-ano-mas\/#organizationLogo","width":649,"height":297},"image":{"@id":"https:\/\/www.eldigitaldeasturias.com\/noticias\/emilio-leon-no-va-a-permitir-que-asturias-siga-paralizada-otro-ano-mas\/#organizationLogo"},"sameAs":["https:\/\/facebook.com\/eldigitaldeasturias","https:\/\/www.youtube.com\/channel\/UCZP-2wLEB9Rv6erhFmqVnvg"],"address":{"@id":"https:\/\/www.eldigitaldeasturias.com\/noticias\/#postaladdress","@type":"PostalAddress","streetAddress":"san antonio 4,","postalCode":"33430","addressLocality":"Cand\u00e1s","addressRegion":"Asturias","addressCountry":"ES"}},{"@type":"Person","@id":"https:\/\/www.eldigitaldeasturias.com\/noticias\/author\/admin\/#author","url":"https:\/\/www.eldigitaldeasturias.com\/noticias\/author\/admin\/","name":"El Digital de Asturias","image":{"@type":"ImageObject","@id":"https:\/\/www.eldigitaldeasturias.com\/noticias\/emilio-leon-no-va-a-permitir-que-asturias-siga-paralizada-otro-ano-mas\/#authorImage","url":"https:\/\/www.eldigitaldeasturias.com\/noticias\/wp-content\/litespeed\/avatar\/18677e78aa0546b92d9dbf31ec7d7668.jpg?ver=1777290358","width":96,"height":96,"caption":"El Digital de Asturias"}},{"@type":"WebPage","@id":"https:\/\/www.eldigitaldeasturias.com\/noticias\/emilio-leon-no-va-a-permitir-que-asturias-siga-paralizada-otro-ano-mas\/#webpage","url":"https:\/\/www.eldigitaldeasturias.com\/noticias\/emilio-leon-no-va-a-permitir-que-asturias-siga-paralizada-otro-ano-mas\/","name":"Emilio Le\u00f3n no va a permitir que Asturias siga paralizada otro a\u00f1o m\u00e1s - El Digital de Asturias","description":"El portavoz de Podemos en la Junta General del Principado de Asturias (JGPA), Emilio Le\u00f3n, ha advertido este mi\u00e9rcoles al Gobierno socialista liderado por Javier Fern\u00e1ndez que no va a permitir que tenga \"paralizada\" a Asturias otro a\u00f1o m\u00e1s y que est\u00e1 dispuesto a hacer los gestos que sean necesarios, incluido un \"corte de manga","inLanguage":"es-ES","isPartOf":{"@id":"https:\/\/www.eldigitaldeasturias.com\/noticias\/#website"},"breadcrumb":{"@id":"https:\/\/www.eldigitaldeasturias.com\/noticias\/emilio-leon-no-va-a-permitir-que-asturias-siga-paralizada-otro-ano-mas\/#breadcrumblist"},"author":{"@id":"https:\/\/www.eldigitaldeasturias.com\/noticias\/author\/admin\/#author"},"creator":{"@id":"https:\/\/www.eldigitaldeasturias.com\/noticias\/author\/admin\/#author"},"image":{"@type":"ImageObject","url":"https:\/\/www.eldigitaldeasturias.com\/noticias\/wp-content\/uploads\/2016\/09\/fotonoticia_20160907200407_800.jpg","@id":"https:\/\/www.eldigitaldeasturias.com\/noticias\/emilio-leon-no-va-a-permitir-que-asturias-siga-paralizada-otro-ano-mas\/#mainImage","width":800,"height":600},"primaryImageOfPage":{"@id":"https:\/\/www.eldigitaldeasturias.com\/noticias\/emilio-leon-no-va-a-permitir-que-asturias-siga-paralizada-otro-ano-mas\/#mainImage"},"datePublished":"2016-09-08T05:39:05+02:00","dateModified":"2016-09-08T05:39:05+02:00"},{"@type":"WebSite","@id":"https:\/\/www.eldigitaldeasturias.com\/noticias\/#website","url":"https:\/\/www.eldigitaldeasturias.com\/noticias\/","name":"El Digital de Asturias - Diario de actualidad y noticias","alternateName":"El Digital de Asturias - Diario de actualidad y noticias","description":"Hemeroteca","inLanguage":"es-ES","publisher":{"@id":"https:\/\/www.eldigitaldeasturias.com\/noticias\/#organization"}}]},"og:locale":"es_ES","og:site_name":"El Digital de Asturias","og:type":"article","og:title":"Emilio Le\u00f3n no va a permitir que Asturias siga paralizada otro a\u00f1o m\u00e1s - El Digital de Asturias","og:description":"El portavoz de Podemos en la Junta General del Principado de Asturias (JGPA), Emilio Le\u00f3n, ha advertido este mi\u00e9rcoles al Gobierno socialista liderado por Javier Fern\u00e1ndez que no va a permitir que tenga &quot;paralizada&quot; a Asturias otro a\u00f1o m\u00e1s y que est\u00e1 dispuesto a hacer los gestos que sean necesarios, incluido un &quot;corte de manga","og:url":"https:\/\/www.eldigitaldeasturias.com\/noticias\/emilio-leon-no-va-a-permitir-que-asturias-siga-paralizada-otro-ano-mas\/","og:image":"https:\/\/www.eldigitaldeasturias.com\/noticias\/wp-content\/uploads\/2016\/09\/fotonoticia_20160907200407_800.jpg","og:image:secure_url":"https:\/\/www.eldigitaldeasturias.com\/noticias\/wp-content\/uploads\/2016\/09\/fotonoticia_20160907200407_800.jpg","og:image:width":800,"og:image:height":600,"article:tag":["actualidad asturias"],"article:published_time":"2016-09-08T04:39:05+00:00","article:modified_time":"2016-09-08T04:39:05+00:00","article:publisher":"https:\/\/facebook.com\/eldigitaldeasturias","twitter:card":"summary_large_image","twitter:title":"Emilio Le\u00f3n no va a permitir que Asturias siga paralizada otro a\u00f1o m\u00e1s - El Digital de Asturias","twitter:description":"El portavoz de Podemos en la Junta General del Principado de Asturias (JGPA), Emilio Le\u00f3n, ha advertido este mi\u00e9rcoles al Gobierno socialista liderado por Javier Fern\u00e1ndez que no va a permitir que tenga &quot;paralizada&quot; a Asturias otro a\u00f1o m\u00e1s y que est\u00e1 dispuesto a hacer los gestos que sean necesarios, incluido un &quot;corte de manga","twitter:image":"https:\/\/www.eldigitaldeasturias.com\/noticias\/wp-content\/uploads\/2016\/09\/fotonoticia_20160907200407_800.jpg","twitter:label1":"Escrito por","twitter:data1":"El Digital de Asturias","twitter:label2":"Tiempo de lectura estimado","twitter:data2":"2 minutos"},"aioseo_meta_data":{"post_id":"906407","title":null,"description":null,"keywords":null,"keyphrases":null,"primary_term":null,"canonical_url":null,"og_title":null,"og_description":null,"og_object_type":"default","og_image_type":"default","og_image_url":null,"og_image_width":null,"og_image_height":null,"og_image_custom_url":null,"og_image_custom_fields":null,"og_video":null,"og_custom_url":null,"og_article_section":null,"og_article_tags":null,"twitter_use_og":false,"twitter_card":"default","twitter_image_type":"default","twitter_image_url":null,"twitter_image_custom_url":null,"twitter_image_custom_fields":null,"twitter_title":null,"twitter_description":null,"schema":{"blockGraphs":[],"customGraphs":[],"default":{"data":{"Article":[],"Course":[],"Dataset":[],"FAQPage":[],"Movie":[],"Person":[],"Product":[],"ProductReview":[],"Car":[],"Recipe":[],"Service":[],"SoftwareApplication":[],"WebPage":[]},"graphName":"","isEnabled":true},"graphs":[],"defaultGraph":"","defaultPostTypeGraph":""},"schema_type":null,"schema_type_options":null,"pillar_content":false,"robots_default":true,"robots_noindex":false,"robots_noarchive":false,"robots_nosnippet":false,"robots_nofollow":false,"robots_noimageindex":false,"robots_noodp":false,"robots_notranslate":false,"robots_max_snippet":null,"robots_max_videopreview":null,"robots_max_imagepreview":"large","priority":null,"frequency":null,"local_seo":null,"seo_analyzer_scan_date":"2025-11-30 08:54:23","breadcrumb_settings":null,"limit_modified_date":false,"open_ai":null,"ai":null,"created":"2020-12-21 14:01:55","updated":"2025-11-30 08:54:23"},"aioseo_breadcrumb":"<div class=\"aioseo-breadcrumbs\"><span class=\"aioseo-breadcrumb\">\n\t<a href=\"https:\/\/www.eldigitaldeasturias.com\/noticias\" title=\"Home\">Home<\/a>\n<\/span><span class=\"aioseo-breadcrumb-separator\">\u2013<\/span><span class=\"aioseo-breadcrumb\">\n\t<a href=\"https:\/\/www.eldigitaldeasturias.com\/noticias\/category\/actualidad-asturias\/\" title=\"Actualidad Asturias\">Actualidad Asturias<\/a>\n<\/span><span class=\"aioseo-breadcrumb-separator\">\u2013<\/span><span class=\"aioseo-breadcrumb\">\n\t<a href=\"https:\/\/www.eldigitaldeasturias.com\/noticias\/emilio-leon-no-va-a-permitir-que-asturias-siga-paralizada-otro-ano-mas\/\" title=\"Emilio Le\u00f3n no va a permitir que Asturias siga paralizada otro a\u00f1o m\u00e1s\">Emilio Le\u00f3n no va a permitir que Asturias siga paralizada otro a\u00f1o m\u00e1s<\/a>\n<\/span><\/div>","aioseo_breadcrumb_json":[{"label":"Home","link":"https:\/\/www.eldigitaldeasturias.com\/noticias"},{"label":"Actualidad Asturias","link":"https:\/\/www.eldigitaldeasturias.com\/noticias\/category\/actualidad-asturias\/"},{"label":"Emilio Le\u00f3n no va a permitir que Asturias siga paralizada otro a\u00f1o m\u00e1s","link":"https:\/\/www.eldigitaldeasturias.com\/noticias\/emilio-leon-no-va-a-permitir-que-asturias-siga-paralizada-otro-ano-mas\/"}],"_links":{"self":[{"href":"https:\/\/www.eldigitaldeasturias.com\/noticias\/wp-json\/wp\/v2\/posts\/906407","targetHints":{"allow":["GET"]}}],"collection":[{"href":"https:\/\/www.eldigitaldeasturias.com\/noticias\/wp-json\/wp\/v2\/posts"}],"about":[{"href":"https:\/\/www.eldigitaldeasturias.com\/noticias\/wp-json\/wp\/v2\/types\/post"}],"author":[{"embeddable":true,"href":"https:\/\/www.eldigitaldeasturias.com\/noticias\/wp-json\/wp\/v2\/users\/1"}],"replies":[{"embeddable":true,"href":"https:\/\/www.eldigitaldeasturias.com\/noticias\/wp-json\/wp\/v2\/comments?post=906407"}],"version-history":[{"count":0,"href":"https:\/\/www.eldigitaldeasturias.com\/noticias\/wp-json\/wp\/v2\/posts\/906407\/revisions"}],"wp:featuredmedia":[{"embeddable":true,"href":"https:\/\/www.eldigitaldeasturias.com\/noticias\/wp-json\/wp\/v2\/media\/906408"}],"wp:attachment":[{"href":"https:\/\/www.eldigitaldeasturias.com\/noticias\/wp-json\/wp\/v2\/media?parent=906407"}],"wp:term":[{"taxonomy":"category","embeddable":true,"href":"https:\/\/www.eldigitaldeasturias.com\/noticias\/wp-json\/wp\/v2\/categories?post=906407"},{"taxonomy":"post_tag","embeddable":true,"href":"https:\/\/www.eldigitaldeasturias.com\/noticias\/wp-json\/wp\/v2\/tags?post=906407"}],"curies":[{"name":"wp","href":"https:\/\/api.w.org\/{rel}","templated":true}]}}