{"id":906404,"date":"2016-09-08T05:36:38","date_gmt":"2016-09-08T04:36:38","guid":{"rendered":"http:\/\/www.eldigitaldeasturias.com\/noticias\/?p=906404"},"modified":"2016-09-08T05:36:38","modified_gmt":"2016-09-08T04:36:38","slug":"gaspar-llamazares-anima-al-gobierno-asturiano-a-salir-de-su-encierro","status":"publish","type":"post","link":"https:\/\/www.eldigitaldeasturias.com\/noticias\/gaspar-llamazares-anima-al-gobierno-asturiano-a-salir-de-su-encierro\/","title":{"rendered":"Gaspar Llamazares anima al Gobierno asturiano a salir de su \u00abencierro\u00bb"},"content":{"rendered":"<p><img loading=\"lazy\" decoding=\"async\" class=\"alignleft size-medium wp-image-906405\" src=\"https:\/\/www.eldigitaldeasturias.com\/noticias\/wp-content\/uploads\/2016\/09\/fotonoticia_20160907195333_800-360x270.jpg\" alt=\"fotonoticia_20160907195333_800\" width=\"360\" height=\"270\" srcset=\"https:\/\/www.eldigitaldeasturias.com\/noticias\/wp-content\/uploads\/2016\/09\/fotonoticia_20160907195333_800-360x270.jpg 360w, https:\/\/www.eldigitaldeasturias.com\/noticias\/wp-content\/uploads\/2016\/09\/fotonoticia_20160907195333_800-768x576.jpg 768w, https:\/\/www.eldigitaldeasturias.com\/noticias\/wp-content\/uploads\/2016\/09\/fotonoticia_20160907195333_800-650x488.jpg 650w, https:\/\/www.eldigitaldeasturias.com\/noticias\/wp-content\/uploads\/2016\/09\/fotonoticia_20160907195333_800-125x95.jpg 125w, https:\/\/www.eldigitaldeasturias.com\/noticias\/wp-content\/uploads\/2016\/09\/fotonoticia_20160907195333_800-100x75.jpg 100w, https:\/\/www.eldigitaldeasturias.com\/noticias\/wp-content\/uploads\/2016\/09\/fotonoticia_20160907195333_800.jpg 800w\" sizes=\"auto, (max-width: 360px) 100vw, 360px\" \/>El portavoz de IU en la Junta General del Principado de Asturias, Gaspar Llamazares, ha reclamado \u00abdi\u00e1logo, cambio y giro a la izquierda\u00bb al Gobierno regional del PSOE, que se sustenta con 14 de los 45 diputados del parlamento asturiano.<\/p>\n<p>Se trata de la misma f\u00f3rmula, ha se\u00f1alado Llamazares, que ha de aplicarse tambi\u00e9n a escala nacional. El dirigente de IU se ha pronunciado en esos t\u00e9rminos en su discurso en el pleno institucional del D\u00eda de Asturias.<\/p>\n<p>Llamazares ha dicho que la pol\u00edtica y la democracia est\u00e1n hoy \u00aben crisis\u00bb. Para hacer frente a la situaci\u00f3n, ha apostado por romper la actual incomunicaci\u00f3n.<\/p>\n<p>A nivel nacional, Llamazares ha negado la idea de que que los ciudadanos est\u00e9n condenados a elegir entre nuevas elecciones o continuidad de lo que existe. \u00abPodemos dar un cambio, probablemente insatisfactorio, pero que haga girar la pol\u00edtica espa\u00f1ola hacia los problemas sociales\u00bb, ha comentado.<\/p>\n<p>En cuanto a Asturias, ha apostado por \u00abelevar la mirada\u00bb y ha animado al Gobierno asturiano a salir de su \u00abencierro\u00bb ante una c\u00e1mara legislativa \u00abagitada\u00bb que impulsa muchas iniciativas.<\/p>\n<p>&nbsp;<\/p>\n","protected":false},"excerpt":{"rendered":"<p>El portavoz de IU en la Junta General del Principado de Asturias, Gaspar Llamazares, ha reclamado \u00abdi\u00e1logo, cambio y giro a la izquierda\u00bb al Gobierno regional del PSOE, que se sustenta con 14 de los 45 diputados del parlamento asturiano. Se trata de la misma f\u00f3rmula, ha se\u00f1alado Llamazares, que ha de aplicarse tambi\u00e9n a [&hellip;]<\/p>\n","protected":false},"author":1,"featured_media":906405,"comment_status":"closed","ping_status":"closed","sticky":false,"template":"","format":"standard","meta":{"footnotes":""},"categories":[12],"tags":[],"class_list":["post-906404","post","type-post","status-publish","format-standard","has-post-thumbnail","hentry","category-actualidad-asturias"],"aioseo_notices":[],"aioseo_head":"\n\t\t<!-- All in One SEO Pro 4.9.6.2 - aioseo.com -->\n\t<meta name=\"description\" content=\"El portavoz de IU en la Junta General del Principado de Asturias, Gaspar Llamazares, ha reclamado &quot;di\u00e1logo, cambio y giro a la izquierda&quot; al Gobierno regional del PSOE, que se sustenta con 14 de los 45 diputados del parlamento asturiano. Se trata de la misma f\u00f3rmula, ha se\u00f1alado Llamazares, que ha de aplicarse tambi\u00e9n a\" \/>\n\t<meta name=\"robots\" content=\"max-image-preview:large\" \/>\n\t<meta name=\"author\" content=\"El Digital de Asturias\"\/>\n\t<meta name=\"google-site-verification\" content=\"UA-38556648-1\" \/>\n\t<meta name=\"msvalidate.01\" content=\"7dfe9f3f1b24437ab69f4f2559babe99\" \/>\n\t<meta name=\"keywords\" content=\"actualidad asturias\" \/>\n\t<link rel=\"canonical\" href=\"https:\/\/www.eldigitaldeasturias.com\/noticias\/gaspar-llamazares-anima-al-gobierno-asturiano-a-salir-de-su-encierro\/\" \/>\n\t<meta name=\"generator\" content=\"All in One SEO Pro (AIOSEO) 4.9.6.2\" \/>\n\t\t<meta property=\"og:locale\" content=\"es_ES\" \/>\n\t\t<meta property=\"og:site_name\" content=\"El Digital de Asturias\" \/>\n\t\t<meta property=\"og:type\" content=\"article\" \/>\n\t\t<meta property=\"og:title\" content=\"Gaspar Llamazares anima al Gobierno asturiano a salir de su \u00abencierro\u00bb - El Digital de Asturias\" \/>\n\t\t<meta property=\"og:description\" content=\"El portavoz de IU en la Junta General del Principado de Asturias, Gaspar Llamazares, ha reclamado &quot;di\u00e1logo, cambio y giro a la izquierda&quot; al Gobierno regional del PSOE, que se sustenta con 14 de los 45 diputados del parlamento asturiano. Se trata de la misma f\u00f3rmula, ha se\u00f1alado Llamazares, que ha de aplicarse tambi\u00e9n a\" \/>\n\t\t<meta property=\"og:url\" content=\"https:\/\/www.eldigitaldeasturias.com\/noticias\/gaspar-llamazares-anima-al-gobierno-asturiano-a-salir-de-su-encierro\/\" \/>\n\t\t<meta property=\"og:image\" content=\"https:\/\/www.eldigitaldeasturias.com\/noticias\/wp-content\/uploads\/2016\/09\/fotonoticia_20160907195333_800.jpg\" \/>\n\t\t<meta property=\"og:image:secure_url\" content=\"https:\/\/www.eldigitaldeasturias.com\/noticias\/wp-content\/uploads\/2016\/09\/fotonoticia_20160907195333_800.jpg\" \/>\n\t\t<meta property=\"og:image:width\" content=\"800\" \/>\n\t\t<meta property=\"og:image:height\" content=\"600\" \/>\n\t\t<meta property=\"article:tag\" content=\"actualidad asturias\" \/>\n\t\t<meta property=\"article:published_time\" content=\"2016-09-08T04:36:38+00:00\" \/>\n\t\t<meta property=\"article:modified_time\" content=\"2016-09-08T04:36:38+00:00\" \/>\n\t\t<meta property=\"article:publisher\" content=\"https:\/\/facebook.com\/eldigitaldeasturias\" \/>\n\t\t<meta name=\"twitter:card\" content=\"summary_large_image\" \/>\n\t\t<meta name=\"twitter:title\" content=\"Gaspar Llamazares anima al Gobierno asturiano a salir de su \u00abencierro\u00bb - El Digital de Asturias\" \/>\n\t\t<meta name=\"twitter:description\" content=\"El portavoz de IU en la Junta General del Principado de Asturias, Gaspar Llamazares, ha reclamado &quot;di\u00e1logo, cambio y giro a la izquierda&quot; al Gobierno regional del PSOE, que se sustenta con 14 de los 45 diputados del parlamento asturiano. Se trata de la misma f\u00f3rmula, ha se\u00f1alado Llamazares, que ha de aplicarse tambi\u00e9n a\" \/>\n\t\t<meta name=\"twitter:image\" content=\"https:\/\/www.eldigitaldeasturias.com\/noticias\/wp-content\/uploads\/2016\/09\/fotonoticia_20160907195333_800.jpg\" \/>\n\t\t<meta name=\"twitter:label1\" content=\"Escrito por\" \/>\n\t\t<meta name=\"twitter:data1\" content=\"El Digital de Asturias\" \/>\n\t\t<meta name=\"twitter:label2\" content=\"Tiempo de lectura estimado\" \/>\n\t\t<meta name=\"twitter:data2\" content=\"1 minuto\" \/>\n\t\t<script type=\"application\/ld+json\" class=\"aioseo-schema\">\n\t\t\t{\"@context\":\"https:\\\/\\\/schema.org\",\"@graph\":[{\"@type\":\"BlogPosting\",\"@id\":\"https:\\\/\\\/www.eldigitaldeasturias.com\\\/noticias\\\/gaspar-llamazares-anima-al-gobierno-asturiano-a-salir-de-su-encierro\\\/#blogposting\",\"name\":\"Gaspar Llamazares anima al Gobierno asturiano a salir de su \\u00abencierro\\u00bb - El Digital de Asturias\",\"headline\":\"Gaspar Llamazares anima al Gobierno asturiano a salir de su \\u00abencierro\\u00bb\",\"author\":{\"@id\":\"https:\\\/\\\/www.eldigitaldeasturias.com\\\/noticias\\\/author\\\/admin\\\/#author\"},\"publisher\":{\"@id\":\"https:\\\/\\\/www.eldigitaldeasturias.com\\\/noticias\\\/#organization\"},\"image\":{\"@type\":\"ImageObject\",\"url\":\"https:\\\/\\\/www.eldigitaldeasturias.com\\\/noticias\\\/wp-content\\\/uploads\\\/2016\\\/09\\\/fotonoticia_20160907195333_800.jpg\",\"width\":800,\"height\":600},\"datePublished\":\"2016-09-08T05:36:38+02:00\",\"dateModified\":\"2016-09-08T05:36:38+02:00\",\"inLanguage\":\"es-ES\",\"mainEntityOfPage\":{\"@id\":\"https:\\\/\\\/www.eldigitaldeasturias.com\\\/noticias\\\/gaspar-llamazares-anima-al-gobierno-asturiano-a-salir-de-su-encierro\\\/#webpage\"},\"isPartOf\":{\"@id\":\"https:\\\/\\\/www.eldigitaldeasturias.com\\\/noticias\\\/gaspar-llamazares-anima-al-gobierno-asturiano-a-salir-de-su-encierro\\\/#webpage\"},\"articleSection\":\"Actualidad Asturias\"},{\"@type\":\"BreadcrumbList\",\"@id\":\"https:\\\/\\\/www.eldigitaldeasturias.com\\\/noticias\\\/gaspar-llamazares-anima-al-gobierno-asturiano-a-salir-de-su-encierro\\\/#breadcrumblist\",\"itemListElement\":[{\"@type\":\"ListItem\",\"@id\":\"https:\\\/\\\/www.eldigitaldeasturias.com\\\/noticias#listItem\",\"position\":1,\"name\":\"Home\",\"item\":\"https:\\\/\\\/www.eldigitaldeasturias.com\\\/noticias\",\"nextItem\":{\"@type\":\"ListItem\",\"@id\":\"https:\\\/\\\/www.eldigitaldeasturias.com\\\/noticias\\\/category\\\/actualidad-asturias\\\/#listItem\",\"name\":\"Actualidad Asturias\"}},{\"@type\":\"ListItem\",\"@id\":\"https:\\\/\\\/www.eldigitaldeasturias.com\\\/noticias\\\/category\\\/actualidad-asturias\\\/#listItem\",\"position\":2,\"name\":\"Actualidad Asturias\",\"item\":\"https:\\\/\\\/www.eldigitaldeasturias.com\\\/noticias\\\/category\\\/actualidad-asturias\\\/\",\"nextItem\":{\"@type\":\"ListItem\",\"@id\":\"https:\\\/\\\/www.eldigitaldeasturias.com\\\/noticias\\\/gaspar-llamazares-anima-al-gobierno-asturiano-a-salir-de-su-encierro\\\/#listItem\",\"name\":\"Gaspar Llamazares anima al Gobierno asturiano a salir de su \\u00abencierro\\u00bb\"},\"previousItem\":{\"@type\":\"ListItem\",\"@id\":\"https:\\\/\\\/www.eldigitaldeasturias.com\\\/noticias#listItem\",\"name\":\"Home\"}},{\"@type\":\"ListItem\",\"@id\":\"https:\\\/\\\/www.eldigitaldeasturias.com\\\/noticias\\\/gaspar-llamazares-anima-al-gobierno-asturiano-a-salir-de-su-encierro\\\/#listItem\",\"position\":3,\"name\":\"Gaspar Llamazares anima al Gobierno asturiano a salir de su \\u00abencierro\\u00bb\",\"previousItem\":{\"@type\":\"ListItem\",\"@id\":\"https:\\\/\\\/www.eldigitaldeasturias.com\\\/noticias\\\/category\\\/actualidad-asturias\\\/#listItem\",\"name\":\"Actualidad Asturias\"}}]},{\"@type\":\"Organization\",\"@id\":\"https:\\\/\\\/www.eldigitaldeasturias.com\\\/noticias\\\/#organization\",\"name\":\"El Digital de Asturias\",\"description\":\"Hemeroteca\",\"url\":\"https:\\\/\\\/www.eldigitaldeasturias.com\\\/noticias\\\/\",\"email\":\"info@eldigitaldeasturias.com\",\"telephone\":\"+34652131393\",\"logo\":{\"@type\":\"ImageObject\",\"url\":\"https:\\\/\\\/www.eldigitaldeasturias.com\\\/noticias\\\/wp-content\\\/uploads\\\/2020\\\/12\\\/EDA.jpg\",\"@id\":\"https:\\\/\\\/www.eldigitaldeasturias.com\\\/noticias\\\/gaspar-llamazares-anima-al-gobierno-asturiano-a-salir-de-su-encierro\\\/#organizationLogo\",\"width\":649,\"height\":297},\"image\":{\"@id\":\"https:\\\/\\\/www.eldigitaldeasturias.com\\\/noticias\\\/gaspar-llamazares-anima-al-gobierno-asturiano-a-salir-de-su-encierro\\\/#organizationLogo\"},\"sameAs\":[\"https:\\\/\\\/facebook.com\\\/eldigitaldeasturias\",\"https:\\\/\\\/www.youtube.com\\\/channel\\\/UCZP-2wLEB9Rv6erhFmqVnvg\"],\"address\":{\"@id\":\"https:\\\/\\\/www.eldigitaldeasturias.com\\\/noticias\\\/#postaladdress\",\"@type\":\"PostalAddress\",\"streetAddress\":\"san antonio 4,\",\"postalCode\":\"33430\",\"addressLocality\":\"Cand\\u00e1s\",\"addressRegion\":\"Asturias\",\"addressCountry\":\"ES\"}},{\"@type\":\"Person\",\"@id\":\"https:\\\/\\\/www.eldigitaldeasturias.com\\\/noticias\\\/author\\\/admin\\\/#author\",\"url\":\"https:\\\/\\\/www.eldigitaldeasturias.com\\\/noticias\\\/author\\\/admin\\\/\",\"name\":\"El Digital de Asturias\",\"image\":{\"@type\":\"ImageObject\",\"@id\":\"https:\\\/\\\/www.eldigitaldeasturias.com\\\/noticias\\\/gaspar-llamazares-anima-al-gobierno-asturiano-a-salir-de-su-encierro\\\/#authorImage\",\"url\":\"https:\\\/\\\/www.eldigitaldeasturias.com\\\/noticias\\\/wp-content\\\/litespeed\\\/avatar\\\/18677e78aa0546b92d9dbf31ec7d7668.jpg?ver=1777290358\",\"width\":96,\"height\":96,\"caption\":\"El Digital de Asturias\"}},{\"@type\":\"WebPage\",\"@id\":\"https:\\\/\\\/www.eldigitaldeasturias.com\\\/noticias\\\/gaspar-llamazares-anima-al-gobierno-asturiano-a-salir-de-su-encierro\\\/#webpage\",\"url\":\"https:\\\/\\\/www.eldigitaldeasturias.com\\\/noticias\\\/gaspar-llamazares-anima-al-gobierno-asturiano-a-salir-de-su-encierro\\\/\",\"name\":\"Gaspar Llamazares anima al Gobierno asturiano a salir de su \\u00abencierro\\u00bb - El Digital de Asturias\",\"description\":\"El portavoz de IU en la Junta General del Principado de Asturias, Gaspar Llamazares, ha reclamado \\\"di\\u00e1logo, cambio y giro a la izquierda\\\" al Gobierno regional del PSOE, que se sustenta con 14 de los 45 diputados del parlamento asturiano. Se trata de la misma f\\u00f3rmula, ha se\\u00f1alado Llamazares, que ha de aplicarse tambi\\u00e9n a\",\"inLanguage\":\"es-ES\",\"isPartOf\":{\"@id\":\"https:\\\/\\\/www.eldigitaldeasturias.com\\\/noticias\\\/#website\"},\"breadcrumb\":{\"@id\":\"https:\\\/\\\/www.eldigitaldeasturias.com\\\/noticias\\\/gaspar-llamazares-anima-al-gobierno-asturiano-a-salir-de-su-encierro\\\/#breadcrumblist\"},\"author\":{\"@id\":\"https:\\\/\\\/www.eldigitaldeasturias.com\\\/noticias\\\/author\\\/admin\\\/#author\"},\"creator\":{\"@id\":\"https:\\\/\\\/www.eldigitaldeasturias.com\\\/noticias\\\/author\\\/admin\\\/#author\"},\"image\":{\"@type\":\"ImageObject\",\"url\":\"https:\\\/\\\/www.eldigitaldeasturias.com\\\/noticias\\\/wp-content\\\/uploads\\\/2016\\\/09\\\/fotonoticia_20160907195333_800.jpg\",\"@id\":\"https:\\\/\\\/www.eldigitaldeasturias.com\\\/noticias\\\/gaspar-llamazares-anima-al-gobierno-asturiano-a-salir-de-su-encierro\\\/#mainImage\",\"width\":800,\"height\":600},\"primaryImageOfPage\":{\"@id\":\"https:\\\/\\\/www.eldigitaldeasturias.com\\\/noticias\\\/gaspar-llamazares-anima-al-gobierno-asturiano-a-salir-de-su-encierro\\\/#mainImage\"},\"datePublished\":\"2016-09-08T05:36:38+02:00\",\"dateModified\":\"2016-09-08T05:36:38+02:00\"},{\"@type\":\"WebSite\",\"@id\":\"https:\\\/\\\/www.eldigitaldeasturias.com\\\/noticias\\\/#website\",\"url\":\"https:\\\/\\\/www.eldigitaldeasturias.com\\\/noticias\\\/\",\"name\":\"El Digital de Asturias - Diario de actualidad y noticias\",\"alternateName\":\"El Digital de Asturias - Diario de actualidad y noticias\",\"description\":\"Hemeroteca\",\"inLanguage\":\"es-ES\",\"publisher\":{\"@id\":\"https:\\\/\\\/www.eldigitaldeasturias.com\\\/noticias\\\/#organization\"}}]}\n\t\t<\/script>\n\t\t<!-- All in One SEO Pro -->\r\n\t\t<title>Gaspar Llamazares anima al Gobierno asturiano a salir de su \u00abencierro\u00bb - El Digital de Asturias<\/title>\n\n","aioseo_head_json":{"title":"Gaspar Llamazares anima al Gobierno asturiano a salir de su \u00abencierro\u00bb - El Digital de Asturias","description":"El portavoz de IU en la Junta General del Principado de Asturias, Gaspar Llamazares, ha reclamado \"di\u00e1logo, cambio y giro a la izquierda\" al Gobierno regional del PSOE, que se sustenta con 14 de los 45 diputados del parlamento asturiano. Se trata de la misma f\u00f3rmula, ha se\u00f1alado Llamazares, que ha de aplicarse tambi\u00e9n a","canonical_url":"https:\/\/www.eldigitaldeasturias.com\/noticias\/gaspar-llamazares-anima-al-gobierno-asturiano-a-salir-de-su-encierro\/","robots":"max-image-preview:large","keywords":"actualidad asturias","webmasterTools":{"google-site-verification":"UA-38556648-1","msvalidate.01":"7dfe9f3f1b24437ab69f4f2559babe99","miscellaneous":""},"schema":{"@context":"https:\/\/schema.org","@graph":[{"@type":"BlogPosting","@id":"https:\/\/www.eldigitaldeasturias.com\/noticias\/gaspar-llamazares-anima-al-gobierno-asturiano-a-salir-de-su-encierro\/#blogposting","name":"Gaspar Llamazares anima al Gobierno asturiano a salir de su \u00abencierro\u00bb - El Digital de Asturias","headline":"Gaspar Llamazares anima al Gobierno asturiano a salir de su \u00abencierro\u00bb","author":{"@id":"https:\/\/www.eldigitaldeasturias.com\/noticias\/author\/admin\/#author"},"publisher":{"@id":"https:\/\/www.eldigitaldeasturias.com\/noticias\/#organization"},"image":{"@type":"ImageObject","url":"https:\/\/www.eldigitaldeasturias.com\/noticias\/wp-content\/uploads\/2016\/09\/fotonoticia_20160907195333_800.jpg","width":800,"height":600},"datePublished":"2016-09-08T05:36:38+02:00","dateModified":"2016-09-08T05:36:38+02:00","inLanguage":"es-ES","mainEntityOfPage":{"@id":"https:\/\/www.eldigitaldeasturias.com\/noticias\/gaspar-llamazares-anima-al-gobierno-asturiano-a-salir-de-su-encierro\/#webpage"},"isPartOf":{"@id":"https:\/\/www.eldigitaldeasturias.com\/noticias\/gaspar-llamazares-anima-al-gobierno-asturiano-a-salir-de-su-encierro\/#webpage"},"articleSection":"Actualidad Asturias"},{"@type":"BreadcrumbList","@id":"https:\/\/www.eldigitaldeasturias.com\/noticias\/gaspar-llamazares-anima-al-gobierno-asturiano-a-salir-de-su-encierro\/#breadcrumblist","itemListElement":[{"@type":"ListItem","@id":"https:\/\/www.eldigitaldeasturias.com\/noticias#listItem","position":1,"name":"Home","item":"https:\/\/www.eldigitaldeasturias.com\/noticias","nextItem":{"@type":"ListItem","@id":"https:\/\/www.eldigitaldeasturias.com\/noticias\/category\/actualidad-asturias\/#listItem","name":"Actualidad Asturias"}},{"@type":"ListItem","@id":"https:\/\/www.eldigitaldeasturias.com\/noticias\/category\/actualidad-asturias\/#listItem","position":2,"name":"Actualidad Asturias","item":"https:\/\/www.eldigitaldeasturias.com\/noticias\/category\/actualidad-asturias\/","nextItem":{"@type":"ListItem","@id":"https:\/\/www.eldigitaldeasturias.com\/noticias\/gaspar-llamazares-anima-al-gobierno-asturiano-a-salir-de-su-encierro\/#listItem","name":"Gaspar Llamazares anima al Gobierno asturiano a salir de su \u00abencierro\u00bb"},"previousItem":{"@type":"ListItem","@id":"https:\/\/www.eldigitaldeasturias.com\/noticias#listItem","name":"Home"}},{"@type":"ListItem","@id":"https:\/\/www.eldigitaldeasturias.com\/noticias\/gaspar-llamazares-anima-al-gobierno-asturiano-a-salir-de-su-encierro\/#listItem","position":3,"name":"Gaspar Llamazares anima al Gobierno asturiano a salir de su \u00abencierro\u00bb","previousItem":{"@type":"ListItem","@id":"https:\/\/www.eldigitaldeasturias.com\/noticias\/category\/actualidad-asturias\/#listItem","name":"Actualidad Asturias"}}]},{"@type":"Organization","@id":"https:\/\/www.eldigitaldeasturias.com\/noticias\/#organization","name":"El Digital de Asturias","description":"Hemeroteca","url":"https:\/\/www.eldigitaldeasturias.com\/noticias\/","email":"info@eldigitaldeasturias.com","telephone":"+34652131393","logo":{"@type":"ImageObject","url":"https:\/\/www.eldigitaldeasturias.com\/noticias\/wp-content\/uploads\/2020\/12\/EDA.jpg","@id":"https:\/\/www.eldigitaldeasturias.com\/noticias\/gaspar-llamazares-anima-al-gobierno-asturiano-a-salir-de-su-encierro\/#organizationLogo","width":649,"height":297},"image":{"@id":"https:\/\/www.eldigitaldeasturias.com\/noticias\/gaspar-llamazares-anima-al-gobierno-asturiano-a-salir-de-su-encierro\/#organizationLogo"},"sameAs":["https:\/\/facebook.com\/eldigitaldeasturias","https:\/\/www.youtube.com\/channel\/UCZP-2wLEB9Rv6erhFmqVnvg"],"address":{"@id":"https:\/\/www.eldigitaldeasturias.com\/noticias\/#postaladdress","@type":"PostalAddress","streetAddress":"san antonio 4,","postalCode":"33430","addressLocality":"Cand\u00e1s","addressRegion":"Asturias","addressCountry":"ES"}},{"@type":"Person","@id":"https:\/\/www.eldigitaldeasturias.com\/noticias\/author\/admin\/#author","url":"https:\/\/www.eldigitaldeasturias.com\/noticias\/author\/admin\/","name":"El Digital de Asturias","image":{"@type":"ImageObject","@id":"https:\/\/www.eldigitaldeasturias.com\/noticias\/gaspar-llamazares-anima-al-gobierno-asturiano-a-salir-de-su-encierro\/#authorImage","url":"https:\/\/www.eldigitaldeasturias.com\/noticias\/wp-content\/litespeed\/avatar\/18677e78aa0546b92d9dbf31ec7d7668.jpg?ver=1777290358","width":96,"height":96,"caption":"El Digital de Asturias"}},{"@type":"WebPage","@id":"https:\/\/www.eldigitaldeasturias.com\/noticias\/gaspar-llamazares-anima-al-gobierno-asturiano-a-salir-de-su-encierro\/#webpage","url":"https:\/\/www.eldigitaldeasturias.com\/noticias\/gaspar-llamazares-anima-al-gobierno-asturiano-a-salir-de-su-encierro\/","name":"Gaspar Llamazares anima al Gobierno asturiano a salir de su \u00abencierro\u00bb - El Digital de Asturias","description":"El portavoz de IU en la Junta General del Principado de Asturias, Gaspar Llamazares, ha reclamado \"di\u00e1logo, cambio y giro a la izquierda\" al Gobierno regional del PSOE, que se sustenta con 14 de los 45 diputados del parlamento asturiano. Se trata de la misma f\u00f3rmula, ha se\u00f1alado Llamazares, que ha de aplicarse tambi\u00e9n a","inLanguage":"es-ES","isPartOf":{"@id":"https:\/\/www.eldigitaldeasturias.com\/noticias\/#website"},"breadcrumb":{"@id":"https:\/\/www.eldigitaldeasturias.com\/noticias\/gaspar-llamazares-anima-al-gobierno-asturiano-a-salir-de-su-encierro\/#breadcrumblist"},"author":{"@id":"https:\/\/www.eldigitaldeasturias.com\/noticias\/author\/admin\/#author"},"creator":{"@id":"https:\/\/www.eldigitaldeasturias.com\/noticias\/author\/admin\/#author"},"image":{"@type":"ImageObject","url":"https:\/\/www.eldigitaldeasturias.com\/noticias\/wp-content\/uploads\/2016\/09\/fotonoticia_20160907195333_800.jpg","@id":"https:\/\/www.eldigitaldeasturias.com\/noticias\/gaspar-llamazares-anima-al-gobierno-asturiano-a-salir-de-su-encierro\/#mainImage","width":800,"height":600},"primaryImageOfPage":{"@id":"https:\/\/www.eldigitaldeasturias.com\/noticias\/gaspar-llamazares-anima-al-gobierno-asturiano-a-salir-de-su-encierro\/#mainImage"},"datePublished":"2016-09-08T05:36:38+02:00","dateModified":"2016-09-08T05:36:38+02:00"},{"@type":"WebSite","@id":"https:\/\/www.eldigitaldeasturias.com\/noticias\/#website","url":"https:\/\/www.eldigitaldeasturias.com\/noticias\/","name":"El Digital de Asturias - Diario de actualidad y noticias","alternateName":"El Digital de Asturias - Diario de actualidad y noticias","description":"Hemeroteca","inLanguage":"es-ES","publisher":{"@id":"https:\/\/www.eldigitaldeasturias.com\/noticias\/#organization"}}]},"og:locale":"es_ES","og:site_name":"El Digital de Asturias","og:type":"article","og:title":"Gaspar Llamazares anima al Gobierno asturiano a salir de su \u00abencierro\u00bb - El Digital de Asturias","og:description":"El portavoz de IU en la Junta General del Principado de Asturias, Gaspar Llamazares, ha reclamado &quot;di\u00e1logo, cambio y giro a la izquierda&quot; al Gobierno regional del PSOE, que se sustenta con 14 de los 45 diputados del parlamento asturiano. Se trata de la misma f\u00f3rmula, ha se\u00f1alado Llamazares, que ha de aplicarse tambi\u00e9n a","og:url":"https:\/\/www.eldigitaldeasturias.com\/noticias\/gaspar-llamazares-anima-al-gobierno-asturiano-a-salir-de-su-encierro\/","og:image":"https:\/\/www.eldigitaldeasturias.com\/noticias\/wp-content\/uploads\/2016\/09\/fotonoticia_20160907195333_800.jpg","og:image:secure_url":"https:\/\/www.eldigitaldeasturias.com\/noticias\/wp-content\/uploads\/2016\/09\/fotonoticia_20160907195333_800.jpg","og:image:width":800,"og:image:height":600,"article:tag":["actualidad asturias"],"article:published_time":"2016-09-08T04:36:38+00:00","article:modified_time":"2016-09-08T04:36:38+00:00","article:publisher":"https:\/\/facebook.com\/eldigitaldeasturias","twitter:card":"summary_large_image","twitter:title":"Gaspar Llamazares anima al Gobierno asturiano a salir de su \u00abencierro\u00bb - El Digital de Asturias","twitter:description":"El portavoz de IU en la Junta General del Principado de Asturias, Gaspar Llamazares, ha reclamado &quot;di\u00e1logo, cambio y giro a la izquierda&quot; al Gobierno regional del PSOE, que se sustenta con 14 de los 45 diputados del parlamento asturiano. Se trata de la misma f\u00f3rmula, ha se\u00f1alado Llamazares, que ha de aplicarse tambi\u00e9n a","twitter:image":"https:\/\/www.eldigitaldeasturias.com\/noticias\/wp-content\/uploads\/2016\/09\/fotonoticia_20160907195333_800.jpg","twitter:label1":"Escrito por","twitter:data1":"El Digital de Asturias","twitter:label2":"Tiempo de lectura estimado","twitter:data2":"1 minuto"},"aioseo_meta_data":{"post_id":"906404","title":null,"description":null,"keywords":null,"keyphrases":null,"primary_term":null,"canonical_url":null,"og_title":null,"og_description":null,"og_object_type":"default","og_image_type":"default","og_image_url":null,"og_image_width":null,"og_image_height":null,"og_image_custom_url":null,"og_image_custom_fields":null,"og_video":null,"og_custom_url":null,"og_article_section":null,"og_article_tags":null,"twitter_use_og":false,"twitter_card":"default","twitter_image_type":"default","twitter_image_url":null,"twitter_image_custom_url":null,"twitter_image_custom_fields":null,"twitter_title":null,"twitter_description":null,"schema":{"blockGraphs":[],"customGraphs":[],"default":{"data":{"Article":[],"Course":[],"Dataset":[],"FAQPage":[],"Movie":[],"Person":[],"Product":[],"ProductReview":[],"Car":[],"Recipe":[],"Service":[],"SoftwareApplication":[],"WebPage":[]},"graphName":"","isEnabled":true},"graphs":[],"defaultGraph":"","defaultPostTypeGraph":""},"schema_type":null,"schema_type_options":null,"pillar_content":false,"robots_default":true,"robots_noindex":false,"robots_noarchive":false,"robots_nosnippet":false,"robots_nofollow":false,"robots_noimageindex":false,"robots_noodp":false,"robots_notranslate":false,"robots_max_snippet":null,"robots_max_videopreview":null,"robots_max_imagepreview":"large","priority":null,"frequency":null,"local_seo":null,"seo_analyzer_scan_date":"2025-11-30 08:54:23","breadcrumb_settings":null,"limit_modified_date":false,"open_ai":null,"ai":null,"created":"2020-12-21 14:01:55","updated":"2025-11-30 08:54:23"},"aioseo_breadcrumb":"<div class=\"aioseo-breadcrumbs\"><span class=\"aioseo-breadcrumb\">\n\t<a href=\"https:\/\/www.eldigitaldeasturias.com\/noticias\" title=\"Home\">Home<\/a>\n<\/span><span class=\"aioseo-breadcrumb-separator\">\u2013<\/span><span class=\"aioseo-breadcrumb\">\n\t<a href=\"https:\/\/www.eldigitaldeasturias.com\/noticias\/category\/actualidad-asturias\/\" title=\"Actualidad Asturias\">Actualidad Asturias<\/a>\n<\/span><span class=\"aioseo-breadcrumb-separator\">\u2013<\/span><span class=\"aioseo-breadcrumb\">\n\t<a href=\"https:\/\/www.eldigitaldeasturias.com\/noticias\/gaspar-llamazares-anima-al-gobierno-asturiano-a-salir-de-su-encierro\/\" title=\"Gaspar Llamazares anima al Gobierno asturiano a salir de su \u00abencierro\u00bb\">Gaspar Llamazares anima al Gobierno asturiano a salir de su \u00abencierro\u00bb<\/a>\n<\/span><\/div>","aioseo_breadcrumb_json":[{"label":"Home","link":"https:\/\/www.eldigitaldeasturias.com\/noticias"},{"label":"Actualidad Asturias","link":"https:\/\/www.eldigitaldeasturias.com\/noticias\/category\/actualidad-asturias\/"},{"label":"Gaspar Llamazares anima al Gobierno asturiano a salir de su \u00abencierro\u00bb","link":"https:\/\/www.eldigitaldeasturias.com\/noticias\/gaspar-llamazares-anima-al-gobierno-asturiano-a-salir-de-su-encierro\/"}],"_links":{"self":[{"href":"https:\/\/www.eldigitaldeasturias.com\/noticias\/wp-json\/wp\/v2\/posts\/906404","targetHints":{"allow":["GET"]}}],"collection":[{"href":"https:\/\/www.eldigitaldeasturias.com\/noticias\/wp-json\/wp\/v2\/posts"}],"about":[{"href":"https:\/\/www.eldigitaldeasturias.com\/noticias\/wp-json\/wp\/v2\/types\/post"}],"author":[{"embeddable":true,"href":"https:\/\/www.eldigitaldeasturias.com\/noticias\/wp-json\/wp\/v2\/users\/1"}],"replies":[{"embeddable":true,"href":"https:\/\/www.eldigitaldeasturias.com\/noticias\/wp-json\/wp\/v2\/comments?post=906404"}],"version-history":[{"count":0,"href":"https:\/\/www.eldigitaldeasturias.com\/noticias\/wp-json\/wp\/v2\/posts\/906404\/revisions"}],"wp:featuredmedia":[{"embeddable":true,"href":"https:\/\/www.eldigitaldeasturias.com\/noticias\/wp-json\/wp\/v2\/media\/906405"}],"wp:attachment":[{"href":"https:\/\/www.eldigitaldeasturias.com\/noticias\/wp-json\/wp\/v2\/media?parent=906404"}],"wp:term":[{"taxonomy":"category","embeddable":true,"href":"https:\/\/www.eldigitaldeasturias.com\/noticias\/wp-json\/wp\/v2\/categories?post=906404"},{"taxonomy":"post_tag","embeddable":true,"href":"https:\/\/www.eldigitaldeasturias.com\/noticias\/wp-json\/wp\/v2\/tags?post=906404"}],"curies":[{"name":"wp","href":"https:\/\/api.w.org\/{rel}","templated":true}]}}