{"id":906401,"date":"2016-09-08T05:33:15","date_gmt":"2016-09-08T04:33:15","guid":{"rendered":"http:\/\/www.eldigitaldeasturias.com\/noticias\/?p=906401"},"modified":"2016-09-08T05:33:15","modified_gmt":"2016-09-08T04:33:15","slug":"cristina-coto-lo-que-asturias-necesita-es-que-en-el-puente-de-mando-del-principado-haya-un-capitan-trabajador","status":"publish","type":"post","link":"https:\/\/www.eldigitaldeasturias.com\/noticias\/cristina-coto-lo-que-asturias-necesita-es-que-en-el-puente-de-mando-del-principado-haya-un-capitan-trabajador\/","title":{"rendered":"Cristina Coto: \u00abLo que Asturias necesita es que en el puente de mando del Principado haya un capit\u00e1n trabajador\u201d"},"content":{"rendered":"<p><img loading=\"lazy\" decoding=\"async\" class=\"alignleft size-medium wp-image-906402\" src=\"https:\/\/www.eldigitaldeasturias.com\/noticias\/wp-content\/uploads\/2016\/09\/fotonoticia_20160907194319_800-360x240.jpg\" alt=\"fotonoticia_20160907194319_800\" width=\"360\" height=\"240\" srcset=\"https:\/\/www.eldigitaldeasturias.com\/noticias\/wp-content\/uploads\/2016\/09\/fotonoticia_20160907194319_800-360x240.jpg 360w, https:\/\/www.eldigitaldeasturias.com\/noticias\/wp-content\/uploads\/2016\/09\/fotonoticia_20160907194319_800-768x512.jpg 768w, https:\/\/www.eldigitaldeasturias.com\/noticias\/wp-content\/uploads\/2016\/09\/fotonoticia_20160907194319_800-650x433.jpg 650w, https:\/\/www.eldigitaldeasturias.com\/noticias\/wp-content\/uploads\/2016\/09\/fotonoticia_20160907194319_800-84x55.jpg 84w, https:\/\/www.eldigitaldeasturias.com\/noticias\/wp-content\/uploads\/2016\/09\/fotonoticia_20160907194319_800-49x32.jpg 49w, https:\/\/www.eldigitaldeasturias.com\/noticias\/wp-content\/uploads\/2016\/09\/fotonoticia_20160907194319_800.jpg 800w\" sizes=\"auto, (max-width: 360px) 100vw, 360px\" \/>La portavoz de Foro en la Junta General del Principado de Asturias (JGPA), Cristina Coto, ha hecho este mi\u00e9rcoles, en su intervenci\u00f3n del pleno institucional del D\u00eda de Asturias, un s\u00edmil entre el Principado y un barco. En su opini\u00f3n, el \u00abcapit\u00e1n\u00bb de la embarcaci\u00f3n, el presidente de Asturias, Javier Fern\u00e1ndez (PSOE), est\u00e1 \u00abembarrancando en los arrecifes de la crisis y la decadencia\u00bb.<\/p>\n<p>\u00abLo que Asturias necesita es que en el puente de mando del Principado haya un capit\u00e1n trabajador que trace un nuevo rumbo y ponga en marcha el motor utilizando las turbinas de sus propias competencias. Ya es hora de que abandone su agotador descanso en el camarote\u00bb, ha insistido Coto en su discurso.<\/p>\n<p>A juicio de Coto, es la \u00abresistencia al cambio\u00bb la causa de que la evoluci\u00f3n de la situaci\u00f3n socioecon\u00f3mica de Asturias en estos cuatro a\u00f1os \u00abhaya sido la peor de todas Espa\u00f1a\u00bb.<\/p>\n<p>Coto tambi\u00e9n se ha referido a la pol\u00edtica nacional y ha apuntado que el problema de no tener gobierno en Espa\u00f1a es m\u00e1s grave en Asturias porque con su \u00abdivergencia negativa\u00bb Asturias necesita el impulso de \u00abuna nueva pol\u00edtica nacional\u00bb.<\/p>\n<p>Seg\u00fan ha puesto de manifiesto Coto, si Espa\u00f1a es hoy un pa\u00eds sin gobierno desde hace un a\u00f1o es por el \u00abirresponsable bloqueo\u00bb del PSOE, que est\u00e1 \u00abatrincherado en el no\u00bb a formar un gobierno de coalici\u00f3n, a hacer un pacto legislativo o a abstenerse.<\/p>\n<p>&nbsp;<\/p>\n","protected":false},"excerpt":{"rendered":"<p>La portavoz de Foro en la Junta General del Principado de Asturias (JGPA), Cristina Coto, ha hecho este mi\u00e9rcoles, en su intervenci\u00f3n del pleno institucional del D\u00eda de Asturias, un s\u00edmil entre el Principado y un barco. En su opini\u00f3n, el \u00abcapit\u00e1n\u00bb de la embarcaci\u00f3n, el presidente de Asturias, Javier Fern\u00e1ndez (PSOE), est\u00e1 \u00abembarrancando en [&hellip;]<\/p>\n","protected":false},"author":1,"featured_media":906402,"comment_status":"closed","ping_status":"closed","sticky":false,"template":"","format":"standard","meta":{"footnotes":""},"categories":[12],"tags":[],"class_list":["post-906401","post","type-post","status-publish","format-standard","has-post-thumbnail","hentry","category-actualidad-asturias"],"aioseo_notices":[],"aioseo_head":"\n\t\t<!-- All in One SEO Pro 4.9.6.2 - aioseo.com -->\n\t<meta name=\"description\" content=\"La portavoz de Foro en la Junta General del Principado de Asturias (JGPA), Cristina Coto, ha hecho este mi\u00e9rcoles, en su intervenci\u00f3n del pleno institucional del D\u00eda de Asturias, un s\u00edmil entre el Principado y un barco. En su opini\u00f3n, el &quot;capit\u00e1n&quot; de la embarcaci\u00f3n, el presidente de Asturias, Javier Fern\u00e1ndez (PSOE), est\u00e1 &quot;embarrancando en\" \/>\n\t<meta name=\"robots\" content=\"max-image-preview:large\" \/>\n\t<meta name=\"author\" content=\"El Digital de Asturias\"\/>\n\t<meta name=\"google-site-verification\" content=\"UA-38556648-1\" \/>\n\t<meta name=\"msvalidate.01\" content=\"7dfe9f3f1b24437ab69f4f2559babe99\" \/>\n\t<meta name=\"keywords\" content=\"actualidad asturias\" \/>\n\t<link rel=\"canonical\" href=\"https:\/\/www.eldigitaldeasturias.com\/noticias\/cristina-coto-lo-que-asturias-necesita-es-que-en-el-puente-de-mando-del-principado-haya-un-capitan-trabajador\/\" \/>\n\t<meta name=\"generator\" content=\"All in One SEO Pro (AIOSEO) 4.9.6.2\" \/>\n\t\t<meta property=\"og:locale\" content=\"es_ES\" \/>\n\t\t<meta property=\"og:site_name\" content=\"El Digital de Asturias\" \/>\n\t\t<meta property=\"og:type\" content=\"article\" \/>\n\t\t<meta property=\"og:title\" content=\"Cristina Coto: \u00abLo que Asturias necesita es que en el puente de mando del Principado haya un capit\u00e1n trabajador\u201d - El Digital de Asturias\" \/>\n\t\t<meta property=\"og:description\" content=\"La portavoz de Foro en la Junta General del Principado de Asturias (JGPA), Cristina Coto, ha hecho este mi\u00e9rcoles, en su intervenci\u00f3n del pleno institucional del D\u00eda de Asturias, un s\u00edmil entre el Principado y un barco. En su opini\u00f3n, el &quot;capit\u00e1n&quot; de la embarcaci\u00f3n, el presidente de Asturias, Javier Fern\u00e1ndez (PSOE), est\u00e1 &quot;embarrancando en\" \/>\n\t\t<meta property=\"og:url\" content=\"https:\/\/www.eldigitaldeasturias.com\/noticias\/cristina-coto-lo-que-asturias-necesita-es-que-en-el-puente-de-mando-del-principado-haya-un-capitan-trabajador\/\" \/>\n\t\t<meta property=\"og:image\" content=\"https:\/\/www.eldigitaldeasturias.com\/noticias\/wp-content\/uploads\/2016\/09\/fotonoticia_20160907194319_800.jpg\" \/>\n\t\t<meta property=\"og:image:secure_url\" content=\"https:\/\/www.eldigitaldeasturias.com\/noticias\/wp-content\/uploads\/2016\/09\/fotonoticia_20160907194319_800.jpg\" \/>\n\t\t<meta property=\"og:image:width\" content=\"800\" \/>\n\t\t<meta property=\"og:image:height\" content=\"533\" \/>\n\t\t<meta property=\"article:tag\" content=\"actualidad asturias\" \/>\n\t\t<meta property=\"article:published_time\" content=\"2016-09-08T04:33:15+00:00\" \/>\n\t\t<meta property=\"article:modified_time\" content=\"2016-09-08T04:33:15+00:00\" \/>\n\t\t<meta property=\"article:publisher\" content=\"https:\/\/facebook.com\/eldigitaldeasturias\" \/>\n\t\t<meta name=\"twitter:card\" content=\"summary_large_image\" \/>\n\t\t<meta name=\"twitter:title\" content=\"Cristina Coto: \u00abLo que Asturias necesita es que en el puente de mando del Principado haya un capit\u00e1n trabajador\u201d - El Digital de Asturias\" \/>\n\t\t<meta name=\"twitter:description\" content=\"La portavoz de Foro en la Junta General del Principado de Asturias (JGPA), Cristina Coto, ha hecho este mi\u00e9rcoles, en su intervenci\u00f3n del pleno institucional del D\u00eda de Asturias, un s\u00edmil entre el Principado y un barco. En su opini\u00f3n, el &quot;capit\u00e1n&quot; de la embarcaci\u00f3n, el presidente de Asturias, Javier Fern\u00e1ndez (PSOE), est\u00e1 &quot;embarrancando en\" \/>\n\t\t<meta name=\"twitter:image\" content=\"https:\/\/www.eldigitaldeasturias.com\/noticias\/wp-content\/uploads\/2016\/09\/fotonoticia_20160907194319_800.jpg\" \/>\n\t\t<meta name=\"twitter:label1\" content=\"Escrito por\" \/>\n\t\t<meta name=\"twitter:data1\" content=\"El Digital de Asturias\" \/>\n\t\t<meta name=\"twitter:label2\" content=\"Tiempo de lectura estimado\" \/>\n\t\t<meta name=\"twitter:data2\" content=\"1 minuto\" \/>\n\t\t<script type=\"application\/ld+json\" class=\"aioseo-schema\">\n\t\t\t{\"@context\":\"https:\\\/\\\/schema.org\",\"@graph\":[{\"@type\":\"BlogPosting\",\"@id\":\"https:\\\/\\\/www.eldigitaldeasturias.com\\\/noticias\\\/cristina-coto-lo-que-asturias-necesita-es-que-en-el-puente-de-mando-del-principado-haya-un-capitan-trabajador\\\/#blogposting\",\"name\":\"Cristina Coto: \\u00abLo que Asturias necesita es que en el puente de mando del Principado haya un capit\\u00e1n trabajador\\u201d - El Digital de Asturias\",\"headline\":\"Cristina Coto: \\u00abLo que Asturias necesita es que en el puente de mando del Principado haya un capit\\u00e1n trabajador\\u201d\",\"author\":{\"@id\":\"https:\\\/\\\/www.eldigitaldeasturias.com\\\/noticias\\\/author\\\/admin\\\/#author\"},\"publisher\":{\"@id\":\"https:\\\/\\\/www.eldigitaldeasturias.com\\\/noticias\\\/#organization\"},\"image\":{\"@type\":\"ImageObject\",\"url\":\"https:\\\/\\\/www.eldigitaldeasturias.com\\\/noticias\\\/wp-content\\\/uploads\\\/2016\\\/09\\\/fotonoticia_20160907194319_800.jpg\",\"width\":800,\"height\":533},\"datePublished\":\"2016-09-08T05:33:15+02:00\",\"dateModified\":\"2016-09-08T05:33:15+02:00\",\"inLanguage\":\"es-ES\",\"mainEntityOfPage\":{\"@id\":\"https:\\\/\\\/www.eldigitaldeasturias.com\\\/noticias\\\/cristina-coto-lo-que-asturias-necesita-es-que-en-el-puente-de-mando-del-principado-haya-un-capitan-trabajador\\\/#webpage\"},\"isPartOf\":{\"@id\":\"https:\\\/\\\/www.eldigitaldeasturias.com\\\/noticias\\\/cristina-coto-lo-que-asturias-necesita-es-que-en-el-puente-de-mando-del-principado-haya-un-capitan-trabajador\\\/#webpage\"},\"articleSection\":\"Actualidad Asturias\"},{\"@type\":\"BreadcrumbList\",\"@id\":\"https:\\\/\\\/www.eldigitaldeasturias.com\\\/noticias\\\/cristina-coto-lo-que-asturias-necesita-es-que-en-el-puente-de-mando-del-principado-haya-un-capitan-trabajador\\\/#breadcrumblist\",\"itemListElement\":[{\"@type\":\"ListItem\",\"@id\":\"https:\\\/\\\/www.eldigitaldeasturias.com\\\/noticias#listItem\",\"position\":1,\"name\":\"Home\",\"item\":\"https:\\\/\\\/www.eldigitaldeasturias.com\\\/noticias\",\"nextItem\":{\"@type\":\"ListItem\",\"@id\":\"https:\\\/\\\/www.eldigitaldeasturias.com\\\/noticias\\\/category\\\/actualidad-asturias\\\/#listItem\",\"name\":\"Actualidad Asturias\"}},{\"@type\":\"ListItem\",\"@id\":\"https:\\\/\\\/www.eldigitaldeasturias.com\\\/noticias\\\/category\\\/actualidad-asturias\\\/#listItem\",\"position\":2,\"name\":\"Actualidad Asturias\",\"item\":\"https:\\\/\\\/www.eldigitaldeasturias.com\\\/noticias\\\/category\\\/actualidad-asturias\\\/\",\"nextItem\":{\"@type\":\"ListItem\",\"@id\":\"https:\\\/\\\/www.eldigitaldeasturias.com\\\/noticias\\\/cristina-coto-lo-que-asturias-necesita-es-que-en-el-puente-de-mando-del-principado-haya-un-capitan-trabajador\\\/#listItem\",\"name\":\"Cristina Coto: \\u00abLo que Asturias necesita es que en el puente de mando del Principado haya un capit\\u00e1n trabajador\\u201d\"},\"previousItem\":{\"@type\":\"ListItem\",\"@id\":\"https:\\\/\\\/www.eldigitaldeasturias.com\\\/noticias#listItem\",\"name\":\"Home\"}},{\"@type\":\"ListItem\",\"@id\":\"https:\\\/\\\/www.eldigitaldeasturias.com\\\/noticias\\\/cristina-coto-lo-que-asturias-necesita-es-que-en-el-puente-de-mando-del-principado-haya-un-capitan-trabajador\\\/#listItem\",\"position\":3,\"name\":\"Cristina Coto: \\u00abLo que Asturias necesita es que en el puente de mando del Principado haya un capit\\u00e1n trabajador\\u201d\",\"previousItem\":{\"@type\":\"ListItem\",\"@id\":\"https:\\\/\\\/www.eldigitaldeasturias.com\\\/noticias\\\/category\\\/actualidad-asturias\\\/#listItem\",\"name\":\"Actualidad Asturias\"}}]},{\"@type\":\"Organization\",\"@id\":\"https:\\\/\\\/www.eldigitaldeasturias.com\\\/noticias\\\/#organization\",\"name\":\"El Digital de Asturias\",\"description\":\"Hemeroteca\",\"url\":\"https:\\\/\\\/www.eldigitaldeasturias.com\\\/noticias\\\/\",\"email\":\"info@eldigitaldeasturias.com\",\"telephone\":\"+34652131393\",\"logo\":{\"@type\":\"ImageObject\",\"url\":\"https:\\\/\\\/www.eldigitaldeasturias.com\\\/noticias\\\/wp-content\\\/uploads\\\/2020\\\/12\\\/EDA.jpg\",\"@id\":\"https:\\\/\\\/www.eldigitaldeasturias.com\\\/noticias\\\/cristina-coto-lo-que-asturias-necesita-es-que-en-el-puente-de-mando-del-principado-haya-un-capitan-trabajador\\\/#organizationLogo\",\"width\":649,\"height\":297},\"image\":{\"@id\":\"https:\\\/\\\/www.eldigitaldeasturias.com\\\/noticias\\\/cristina-coto-lo-que-asturias-necesita-es-que-en-el-puente-de-mando-del-principado-haya-un-capitan-trabajador\\\/#organizationLogo\"},\"sameAs\":[\"https:\\\/\\\/facebook.com\\\/eldigitaldeasturias\",\"https:\\\/\\\/www.youtube.com\\\/channel\\\/UCZP-2wLEB9Rv6erhFmqVnvg\"],\"address\":{\"@id\":\"https:\\\/\\\/www.eldigitaldeasturias.com\\\/noticias\\\/#postaladdress\",\"@type\":\"PostalAddress\",\"streetAddress\":\"san antonio 4,\",\"postalCode\":\"33430\",\"addressLocality\":\"Cand\\u00e1s\",\"addressRegion\":\"Asturias\",\"addressCountry\":\"ES\"}},{\"@type\":\"Person\",\"@id\":\"https:\\\/\\\/www.eldigitaldeasturias.com\\\/noticias\\\/author\\\/admin\\\/#author\",\"url\":\"https:\\\/\\\/www.eldigitaldeasturias.com\\\/noticias\\\/author\\\/admin\\\/\",\"name\":\"El Digital de Asturias\",\"image\":{\"@type\":\"ImageObject\",\"@id\":\"https:\\\/\\\/www.eldigitaldeasturias.com\\\/noticias\\\/cristina-coto-lo-que-asturias-necesita-es-que-en-el-puente-de-mando-del-principado-haya-un-capitan-trabajador\\\/#authorImage\",\"url\":\"https:\\\/\\\/www.eldigitaldeasturias.com\\\/noticias\\\/wp-content\\\/litespeed\\\/avatar\\\/18677e78aa0546b92d9dbf31ec7d7668.jpg?ver=1777290358\",\"width\":96,\"height\":96,\"caption\":\"El Digital de Asturias\"}},{\"@type\":\"WebPage\",\"@id\":\"https:\\\/\\\/www.eldigitaldeasturias.com\\\/noticias\\\/cristina-coto-lo-que-asturias-necesita-es-que-en-el-puente-de-mando-del-principado-haya-un-capitan-trabajador\\\/#webpage\",\"url\":\"https:\\\/\\\/www.eldigitaldeasturias.com\\\/noticias\\\/cristina-coto-lo-que-asturias-necesita-es-que-en-el-puente-de-mando-del-principado-haya-un-capitan-trabajador\\\/\",\"name\":\"Cristina Coto: \\u00abLo que Asturias necesita es que en el puente de mando del Principado haya un capit\\u00e1n trabajador\\u201d - El Digital de Asturias\",\"description\":\"La portavoz de Foro en la Junta General del Principado de Asturias (JGPA), Cristina Coto, ha hecho este mi\\u00e9rcoles, en su intervenci\\u00f3n del pleno institucional del D\\u00eda de Asturias, un s\\u00edmil entre el Principado y un barco. En su opini\\u00f3n, el \\\"capit\\u00e1n\\\" de la embarcaci\\u00f3n, el presidente de Asturias, Javier Fern\\u00e1ndez (PSOE), est\\u00e1 \\\"embarrancando en\",\"inLanguage\":\"es-ES\",\"isPartOf\":{\"@id\":\"https:\\\/\\\/www.eldigitaldeasturias.com\\\/noticias\\\/#website\"},\"breadcrumb\":{\"@id\":\"https:\\\/\\\/www.eldigitaldeasturias.com\\\/noticias\\\/cristina-coto-lo-que-asturias-necesita-es-que-en-el-puente-de-mando-del-principado-haya-un-capitan-trabajador\\\/#breadcrumblist\"},\"author\":{\"@id\":\"https:\\\/\\\/www.eldigitaldeasturias.com\\\/noticias\\\/author\\\/admin\\\/#author\"},\"creator\":{\"@id\":\"https:\\\/\\\/www.eldigitaldeasturias.com\\\/noticias\\\/author\\\/admin\\\/#author\"},\"image\":{\"@type\":\"ImageObject\",\"url\":\"https:\\\/\\\/www.eldigitaldeasturias.com\\\/noticias\\\/wp-content\\\/uploads\\\/2016\\\/09\\\/fotonoticia_20160907194319_800.jpg\",\"@id\":\"https:\\\/\\\/www.eldigitaldeasturias.com\\\/noticias\\\/cristina-coto-lo-que-asturias-necesita-es-que-en-el-puente-de-mando-del-principado-haya-un-capitan-trabajador\\\/#mainImage\",\"width\":800,\"height\":533},\"primaryImageOfPage\":{\"@id\":\"https:\\\/\\\/www.eldigitaldeasturias.com\\\/noticias\\\/cristina-coto-lo-que-asturias-necesita-es-que-en-el-puente-de-mando-del-principado-haya-un-capitan-trabajador\\\/#mainImage\"},\"datePublished\":\"2016-09-08T05:33:15+02:00\",\"dateModified\":\"2016-09-08T05:33:15+02:00\"},{\"@type\":\"WebSite\",\"@id\":\"https:\\\/\\\/www.eldigitaldeasturias.com\\\/noticias\\\/#website\",\"url\":\"https:\\\/\\\/www.eldigitaldeasturias.com\\\/noticias\\\/\",\"name\":\"El Digital de Asturias - Diario de actualidad y noticias\",\"alternateName\":\"El Digital de Asturias - Diario de actualidad y noticias\",\"description\":\"Hemeroteca\",\"inLanguage\":\"es-ES\",\"publisher\":{\"@id\":\"https:\\\/\\\/www.eldigitaldeasturias.com\\\/noticias\\\/#organization\"}}]}\n\t\t<\/script>\n\t\t<!-- All in One SEO Pro -->\r\n\t\t<title>Cristina Coto: \u00abLo que Asturias necesita es que en el puente de mando del Principado haya un capit\u00e1n trabajador\u201d - El Digital de Asturias<\/title>\n\n","aioseo_head_json":{"title":"Cristina Coto: \u00abLo que Asturias necesita es que en el puente de mando del Principado haya un capit\u00e1n trabajador\u201d - El Digital de Asturias","description":"La portavoz de Foro en la Junta General del Principado de Asturias (JGPA), Cristina Coto, ha hecho este mi\u00e9rcoles, en su intervenci\u00f3n del pleno institucional del D\u00eda de Asturias, un s\u00edmil entre el Principado y un barco. En su opini\u00f3n, el \"capit\u00e1n\" de la embarcaci\u00f3n, el presidente de Asturias, Javier Fern\u00e1ndez (PSOE), est\u00e1 \"embarrancando en","canonical_url":"https:\/\/www.eldigitaldeasturias.com\/noticias\/cristina-coto-lo-que-asturias-necesita-es-que-en-el-puente-de-mando-del-principado-haya-un-capitan-trabajador\/","robots":"max-image-preview:large","keywords":"actualidad asturias","webmasterTools":{"google-site-verification":"UA-38556648-1","msvalidate.01":"7dfe9f3f1b24437ab69f4f2559babe99","miscellaneous":""},"schema":{"@context":"https:\/\/schema.org","@graph":[{"@type":"BlogPosting","@id":"https:\/\/www.eldigitaldeasturias.com\/noticias\/cristina-coto-lo-que-asturias-necesita-es-que-en-el-puente-de-mando-del-principado-haya-un-capitan-trabajador\/#blogposting","name":"Cristina Coto: \u00abLo que Asturias necesita es que en el puente de mando del Principado haya un capit\u00e1n trabajador\u201d - El Digital de Asturias","headline":"Cristina Coto: \u00abLo que Asturias necesita es que en el puente de mando del Principado haya un capit\u00e1n trabajador\u201d","author":{"@id":"https:\/\/www.eldigitaldeasturias.com\/noticias\/author\/admin\/#author"},"publisher":{"@id":"https:\/\/www.eldigitaldeasturias.com\/noticias\/#organization"},"image":{"@type":"ImageObject","url":"https:\/\/www.eldigitaldeasturias.com\/noticias\/wp-content\/uploads\/2016\/09\/fotonoticia_20160907194319_800.jpg","width":800,"height":533},"datePublished":"2016-09-08T05:33:15+02:00","dateModified":"2016-09-08T05:33:15+02:00","inLanguage":"es-ES","mainEntityOfPage":{"@id":"https:\/\/www.eldigitaldeasturias.com\/noticias\/cristina-coto-lo-que-asturias-necesita-es-que-en-el-puente-de-mando-del-principado-haya-un-capitan-trabajador\/#webpage"},"isPartOf":{"@id":"https:\/\/www.eldigitaldeasturias.com\/noticias\/cristina-coto-lo-que-asturias-necesita-es-que-en-el-puente-de-mando-del-principado-haya-un-capitan-trabajador\/#webpage"},"articleSection":"Actualidad Asturias"},{"@type":"BreadcrumbList","@id":"https:\/\/www.eldigitaldeasturias.com\/noticias\/cristina-coto-lo-que-asturias-necesita-es-que-en-el-puente-de-mando-del-principado-haya-un-capitan-trabajador\/#breadcrumblist","itemListElement":[{"@type":"ListItem","@id":"https:\/\/www.eldigitaldeasturias.com\/noticias#listItem","position":1,"name":"Home","item":"https:\/\/www.eldigitaldeasturias.com\/noticias","nextItem":{"@type":"ListItem","@id":"https:\/\/www.eldigitaldeasturias.com\/noticias\/category\/actualidad-asturias\/#listItem","name":"Actualidad Asturias"}},{"@type":"ListItem","@id":"https:\/\/www.eldigitaldeasturias.com\/noticias\/category\/actualidad-asturias\/#listItem","position":2,"name":"Actualidad Asturias","item":"https:\/\/www.eldigitaldeasturias.com\/noticias\/category\/actualidad-asturias\/","nextItem":{"@type":"ListItem","@id":"https:\/\/www.eldigitaldeasturias.com\/noticias\/cristina-coto-lo-que-asturias-necesita-es-que-en-el-puente-de-mando-del-principado-haya-un-capitan-trabajador\/#listItem","name":"Cristina Coto: \u00abLo que Asturias necesita es que en el puente de mando del Principado haya un capit\u00e1n trabajador\u201d"},"previousItem":{"@type":"ListItem","@id":"https:\/\/www.eldigitaldeasturias.com\/noticias#listItem","name":"Home"}},{"@type":"ListItem","@id":"https:\/\/www.eldigitaldeasturias.com\/noticias\/cristina-coto-lo-que-asturias-necesita-es-que-en-el-puente-de-mando-del-principado-haya-un-capitan-trabajador\/#listItem","position":3,"name":"Cristina Coto: \u00abLo que Asturias necesita es que en el puente de mando del Principado haya un capit\u00e1n trabajador\u201d","previousItem":{"@type":"ListItem","@id":"https:\/\/www.eldigitaldeasturias.com\/noticias\/category\/actualidad-asturias\/#listItem","name":"Actualidad Asturias"}}]},{"@type":"Organization","@id":"https:\/\/www.eldigitaldeasturias.com\/noticias\/#organization","name":"El Digital de Asturias","description":"Hemeroteca","url":"https:\/\/www.eldigitaldeasturias.com\/noticias\/","email":"info@eldigitaldeasturias.com","telephone":"+34652131393","logo":{"@type":"ImageObject","url":"https:\/\/www.eldigitaldeasturias.com\/noticias\/wp-content\/uploads\/2020\/12\/EDA.jpg","@id":"https:\/\/www.eldigitaldeasturias.com\/noticias\/cristina-coto-lo-que-asturias-necesita-es-que-en-el-puente-de-mando-del-principado-haya-un-capitan-trabajador\/#organizationLogo","width":649,"height":297},"image":{"@id":"https:\/\/www.eldigitaldeasturias.com\/noticias\/cristina-coto-lo-que-asturias-necesita-es-que-en-el-puente-de-mando-del-principado-haya-un-capitan-trabajador\/#organizationLogo"},"sameAs":["https:\/\/facebook.com\/eldigitaldeasturias","https:\/\/www.youtube.com\/channel\/UCZP-2wLEB9Rv6erhFmqVnvg"],"address":{"@id":"https:\/\/www.eldigitaldeasturias.com\/noticias\/#postaladdress","@type":"PostalAddress","streetAddress":"san antonio 4,","postalCode":"33430","addressLocality":"Cand\u00e1s","addressRegion":"Asturias","addressCountry":"ES"}},{"@type":"Person","@id":"https:\/\/www.eldigitaldeasturias.com\/noticias\/author\/admin\/#author","url":"https:\/\/www.eldigitaldeasturias.com\/noticias\/author\/admin\/","name":"El Digital de Asturias","image":{"@type":"ImageObject","@id":"https:\/\/www.eldigitaldeasturias.com\/noticias\/cristina-coto-lo-que-asturias-necesita-es-que-en-el-puente-de-mando-del-principado-haya-un-capitan-trabajador\/#authorImage","url":"https:\/\/www.eldigitaldeasturias.com\/noticias\/wp-content\/litespeed\/avatar\/18677e78aa0546b92d9dbf31ec7d7668.jpg?ver=1777290358","width":96,"height":96,"caption":"El Digital de Asturias"}},{"@type":"WebPage","@id":"https:\/\/www.eldigitaldeasturias.com\/noticias\/cristina-coto-lo-que-asturias-necesita-es-que-en-el-puente-de-mando-del-principado-haya-un-capitan-trabajador\/#webpage","url":"https:\/\/www.eldigitaldeasturias.com\/noticias\/cristina-coto-lo-que-asturias-necesita-es-que-en-el-puente-de-mando-del-principado-haya-un-capitan-trabajador\/","name":"Cristina Coto: \u00abLo que Asturias necesita es que en el puente de mando del Principado haya un capit\u00e1n trabajador\u201d - El Digital de Asturias","description":"La portavoz de Foro en la Junta General del Principado de Asturias (JGPA), Cristina Coto, ha hecho este mi\u00e9rcoles, en su intervenci\u00f3n del pleno institucional del D\u00eda de Asturias, un s\u00edmil entre el Principado y un barco. En su opini\u00f3n, el \"capit\u00e1n\" de la embarcaci\u00f3n, el presidente de Asturias, Javier Fern\u00e1ndez (PSOE), est\u00e1 \"embarrancando en","inLanguage":"es-ES","isPartOf":{"@id":"https:\/\/www.eldigitaldeasturias.com\/noticias\/#website"},"breadcrumb":{"@id":"https:\/\/www.eldigitaldeasturias.com\/noticias\/cristina-coto-lo-que-asturias-necesita-es-que-en-el-puente-de-mando-del-principado-haya-un-capitan-trabajador\/#breadcrumblist"},"author":{"@id":"https:\/\/www.eldigitaldeasturias.com\/noticias\/author\/admin\/#author"},"creator":{"@id":"https:\/\/www.eldigitaldeasturias.com\/noticias\/author\/admin\/#author"},"image":{"@type":"ImageObject","url":"https:\/\/www.eldigitaldeasturias.com\/noticias\/wp-content\/uploads\/2016\/09\/fotonoticia_20160907194319_800.jpg","@id":"https:\/\/www.eldigitaldeasturias.com\/noticias\/cristina-coto-lo-que-asturias-necesita-es-que-en-el-puente-de-mando-del-principado-haya-un-capitan-trabajador\/#mainImage","width":800,"height":533},"primaryImageOfPage":{"@id":"https:\/\/www.eldigitaldeasturias.com\/noticias\/cristina-coto-lo-que-asturias-necesita-es-que-en-el-puente-de-mando-del-principado-haya-un-capitan-trabajador\/#mainImage"},"datePublished":"2016-09-08T05:33:15+02:00","dateModified":"2016-09-08T05:33:15+02:00"},{"@type":"WebSite","@id":"https:\/\/www.eldigitaldeasturias.com\/noticias\/#website","url":"https:\/\/www.eldigitaldeasturias.com\/noticias\/","name":"El Digital de Asturias - Diario de actualidad y noticias","alternateName":"El Digital de Asturias - Diario de actualidad y noticias","description":"Hemeroteca","inLanguage":"es-ES","publisher":{"@id":"https:\/\/www.eldigitaldeasturias.com\/noticias\/#organization"}}]},"og:locale":"es_ES","og:site_name":"El Digital de Asturias","og:type":"article","og:title":"Cristina Coto: \u00abLo que Asturias necesita es que en el puente de mando del Principado haya un capit\u00e1n trabajador\u201d - El Digital de Asturias","og:description":"La portavoz de Foro en la Junta General del Principado de Asturias (JGPA), Cristina Coto, ha hecho este mi\u00e9rcoles, en su intervenci\u00f3n del pleno institucional del D\u00eda de Asturias, un s\u00edmil entre el Principado y un barco. En su opini\u00f3n, el &quot;capit\u00e1n&quot; de la embarcaci\u00f3n, el presidente de Asturias, Javier Fern\u00e1ndez (PSOE), est\u00e1 &quot;embarrancando en","og:url":"https:\/\/www.eldigitaldeasturias.com\/noticias\/cristina-coto-lo-que-asturias-necesita-es-que-en-el-puente-de-mando-del-principado-haya-un-capitan-trabajador\/","og:image":"https:\/\/www.eldigitaldeasturias.com\/noticias\/wp-content\/uploads\/2016\/09\/fotonoticia_20160907194319_800.jpg","og:image:secure_url":"https:\/\/www.eldigitaldeasturias.com\/noticias\/wp-content\/uploads\/2016\/09\/fotonoticia_20160907194319_800.jpg","og:image:width":800,"og:image:height":533,"article:tag":["actualidad asturias"],"article:published_time":"2016-09-08T04:33:15+00:00","article:modified_time":"2016-09-08T04:33:15+00:00","article:publisher":"https:\/\/facebook.com\/eldigitaldeasturias","twitter:card":"summary_large_image","twitter:title":"Cristina Coto: \u00abLo que Asturias necesita es que en el puente de mando del Principado haya un capit\u00e1n trabajador\u201d - El Digital de Asturias","twitter:description":"La portavoz de Foro en la Junta General del Principado de Asturias (JGPA), Cristina Coto, ha hecho este mi\u00e9rcoles, en su intervenci\u00f3n del pleno institucional del D\u00eda de Asturias, un s\u00edmil entre el Principado y un barco. En su opini\u00f3n, el &quot;capit\u00e1n&quot; de la embarcaci\u00f3n, el presidente de Asturias, Javier Fern\u00e1ndez (PSOE), est\u00e1 &quot;embarrancando en","twitter:image":"https:\/\/www.eldigitaldeasturias.com\/noticias\/wp-content\/uploads\/2016\/09\/fotonoticia_20160907194319_800.jpg","twitter:label1":"Escrito por","twitter:data1":"El Digital de Asturias","twitter:label2":"Tiempo de lectura estimado","twitter:data2":"1 minuto"},"aioseo_meta_data":{"post_id":"906401","title":null,"description":null,"keywords":null,"keyphrases":null,"primary_term":null,"canonical_url":null,"og_title":null,"og_description":null,"og_object_type":"default","og_image_type":"default","og_image_url":null,"og_image_width":null,"og_image_height":null,"og_image_custom_url":null,"og_image_custom_fields":null,"og_video":null,"og_custom_url":null,"og_article_section":null,"og_article_tags":null,"twitter_use_og":false,"twitter_card":"default","twitter_image_type":"default","twitter_image_url":null,"twitter_image_custom_url":null,"twitter_image_custom_fields":null,"twitter_title":null,"twitter_description":null,"schema":{"blockGraphs":[],"customGraphs":[],"default":{"data":{"Article":[],"Course":[],"Dataset":[],"FAQPage":[],"Movie":[],"Person":[],"Product":[],"ProductReview":[],"Car":[],"Recipe":[],"Service":[],"SoftwareApplication":[],"WebPage":[]},"graphName":"","isEnabled":true},"graphs":[],"defaultGraph":"","defaultPostTypeGraph":""},"schema_type":null,"schema_type_options":null,"pillar_content":false,"robots_default":true,"robots_noindex":false,"robots_noarchive":false,"robots_nosnippet":false,"robots_nofollow":false,"robots_noimageindex":false,"robots_noodp":false,"robots_notranslate":false,"robots_max_snippet":null,"robots_max_videopreview":null,"robots_max_imagepreview":"large","priority":null,"frequency":null,"local_seo":null,"seo_analyzer_scan_date":"2025-11-30 08:54:22","breadcrumb_settings":null,"limit_modified_date":false,"open_ai":null,"ai":null,"created":"2020-12-21 14:01:55","updated":"2025-11-30 08:54:22"},"aioseo_breadcrumb":"<div class=\"aioseo-breadcrumbs\"><span class=\"aioseo-breadcrumb\">\n\t<a href=\"https:\/\/www.eldigitaldeasturias.com\/noticias\" title=\"Home\">Home<\/a>\n<\/span><span class=\"aioseo-breadcrumb-separator\">\u2013<\/span><span class=\"aioseo-breadcrumb\">\n\t<a href=\"https:\/\/www.eldigitaldeasturias.com\/noticias\/category\/actualidad-asturias\/\" title=\"Actualidad Asturias\">Actualidad Asturias<\/a>\n<\/span><span class=\"aioseo-breadcrumb-separator\">\u2013<\/span><span class=\"aioseo-breadcrumb\">\n\t<a href=\"https:\/\/www.eldigitaldeasturias.com\/noticias\/cristina-coto-lo-que-asturias-necesita-es-que-en-el-puente-de-mando-del-principado-haya-un-capitan-trabajador\/\" title=\"Cristina Coto: \u00abLo que Asturias necesita es que en el puente de mando del Principado haya un capit\u00e1n trabajador\u201d\">Cristina Coto: \u00abLo que Asturias necesita es que en el puente de mando del Principado haya un capit\u00e1n trabajador\u201d<\/a>\n<\/span><\/div>","aioseo_breadcrumb_json":[{"label":"Home","link":"https:\/\/www.eldigitaldeasturias.com\/noticias"},{"label":"Actualidad Asturias","link":"https:\/\/www.eldigitaldeasturias.com\/noticias\/category\/actualidad-asturias\/"},{"label":"Cristina Coto: \u00abLo que Asturias necesita es que en el puente de mando del Principado haya un capit\u00e1n trabajador\u201d","link":"https:\/\/www.eldigitaldeasturias.com\/noticias\/cristina-coto-lo-que-asturias-necesita-es-que-en-el-puente-de-mando-del-principado-haya-un-capitan-trabajador\/"}],"_links":{"self":[{"href":"https:\/\/www.eldigitaldeasturias.com\/noticias\/wp-json\/wp\/v2\/posts\/906401","targetHints":{"allow":["GET"]}}],"collection":[{"href":"https:\/\/www.eldigitaldeasturias.com\/noticias\/wp-json\/wp\/v2\/posts"}],"about":[{"href":"https:\/\/www.eldigitaldeasturias.com\/noticias\/wp-json\/wp\/v2\/types\/post"}],"author":[{"embeddable":true,"href":"https:\/\/www.eldigitaldeasturias.com\/noticias\/wp-json\/wp\/v2\/users\/1"}],"replies":[{"embeddable":true,"href":"https:\/\/www.eldigitaldeasturias.com\/noticias\/wp-json\/wp\/v2\/comments?post=906401"}],"version-history":[{"count":0,"href":"https:\/\/www.eldigitaldeasturias.com\/noticias\/wp-json\/wp\/v2\/posts\/906401\/revisions"}],"wp:featuredmedia":[{"embeddable":true,"href":"https:\/\/www.eldigitaldeasturias.com\/noticias\/wp-json\/wp\/v2\/media\/906402"}],"wp:attachment":[{"href":"https:\/\/www.eldigitaldeasturias.com\/noticias\/wp-json\/wp\/v2\/media?parent=906401"}],"wp:term":[{"taxonomy":"category","embeddable":true,"href":"https:\/\/www.eldigitaldeasturias.com\/noticias\/wp-json\/wp\/v2\/categories?post=906401"},{"taxonomy":"post_tag","embeddable":true,"href":"https:\/\/www.eldigitaldeasturias.com\/noticias\/wp-json\/wp\/v2\/tags?post=906401"}],"curies":[{"name":"wp","href":"https:\/\/api.w.org\/{rel}","templated":true}]}}