{"id":906398,"date":"2016-09-08T05:31:20","date_gmt":"2016-09-08T04:31:20","guid":{"rendered":"http:\/\/www.eldigitaldeasturias.com\/noticias\/?p=906398"},"modified":"2016-09-08T05:31:20","modified_gmt":"2016-09-08T04:31:20","slug":"fernando-lastra-el-nacionalismo-hace-el-mundo-mas-pequeno","status":"publish","type":"post","link":"https:\/\/www.eldigitaldeasturias.com\/noticias\/fernando-lastra-el-nacionalismo-hace-el-mundo-mas-pequeno\/","title":{"rendered":"Fernando Lastra: \u00abEl nacionalismo hace el mundo m\u00e1s peque\u00f1o\u00bb"},"content":{"rendered":"<p><img loading=\"lazy\" decoding=\"async\" class=\"alignleft size-medium wp-image-906399\" src=\"https:\/\/www.eldigitaldeasturias.com\/noticias\/wp-content\/uploads\/2016\/09\/fotonoticia_20160907192823_800-360x240.jpg\" alt=\"fotonoticia_20160907192823_800\" width=\"360\" height=\"240\" srcset=\"https:\/\/www.eldigitaldeasturias.com\/noticias\/wp-content\/uploads\/2016\/09\/fotonoticia_20160907192823_800-360x240.jpg 360w, https:\/\/www.eldigitaldeasturias.com\/noticias\/wp-content\/uploads\/2016\/09\/fotonoticia_20160907192823_800-768x513.jpg 768w, https:\/\/www.eldigitaldeasturias.com\/noticias\/wp-content\/uploads\/2016\/09\/fotonoticia_20160907192823_800-650x434.jpg 650w, https:\/\/www.eldigitaldeasturias.com\/noticias\/wp-content\/uploads\/2016\/09\/fotonoticia_20160907192823_800-84x55.jpg 84w, https:\/\/www.eldigitaldeasturias.com\/noticias\/wp-content\/uploads\/2016\/09\/fotonoticia_20160907192823_800-49x32.jpg 49w, https:\/\/www.eldigitaldeasturias.com\/noticias\/wp-content\/uploads\/2016\/09\/fotonoticia_20160907192823_800.jpg 800w\" sizes=\"auto, (max-width: 360px) 100vw, 360px\" \/>El portavoz del PSOE en la Junta General del Principado de Asturias (JGPA), Fernando Lastra, ha aprovechado su discurso en el pleno institucional del D\u00eda de Asturias, para mostrar su rechazo absoluto hacia las ideas de los independentistas. \u00abEl nacionalismo hace el mundo m\u00e1s peque\u00f1o\u00bb, ha aseverado.<\/p>\n<p>Para el diputado socialista es sorprendente que haya hoy quien quiera presentar al nacionalismo como la expresi\u00f3n de una idea nueva e incluso progresista de la vida pol\u00edtica.<\/p>\n<p>En Espa\u00f1a, ha dicho el dirigente socialista, hay asuntos \u00abde enorme importancia que afectan a la integridad territorial\u00bb que son manejados \u00abcon frivolidad y displicencia, trivializando o banalizando el alcance y las repercusiones pol\u00edticas, econ\u00f3micas y sociales que tendr\u00edan las quimeras independentistas disfrazadas del derecho a a decidir o m\u00e1s prosaicamente, apelando a un inexistente derecho de autodeterminaci\u00f3n\u00bb.<\/p>\n<p>En buena parte de su discurso, Lastra se ha referido a la situaci\u00f3n nacional, y ha apelado a \u00abla \u00e9tica de la responsabilidad\u00bb para prestigiar la pol\u00edtica, de forma que coincida \u00ablo que se dice\u00bb y \u00ablo que se hace\u00bb.<\/p>\n<p>Ha explicado que las normas para investidura o la elecci\u00f3n de un presidente vienen marcadas por la Constituci\u00f3n y las leyes. \u00abNo s\u00f3lo hay que evitar que ocurra lo que nadie quiere: repetir por tercera vez las elecciones y arruinar la legitimidad democr\u00e1tica del procedimiento electoral y el prestigio de nuestras instituciones representativas\u00bb, ha comentado.<\/p>\n<p>A la hora de buscar el entendimiento para la gobernabilidad, si no es posible, ha se\u00f1alado que deber\u00edan llevarse a cabo las reformas \u00abque permitan que sea una norma quien garantice la estabilidad\u00bb.<\/p>\n<p>&nbsp;<\/p>\n<p>&nbsp;<\/p>\n","protected":false},"excerpt":{"rendered":"<p>El portavoz del PSOE en la Junta General del Principado de Asturias (JGPA), Fernando Lastra, ha aprovechado su discurso en el pleno institucional del D\u00eda de Asturias, para mostrar su rechazo absoluto hacia las ideas de los independentistas. \u00abEl nacionalismo hace el mundo m\u00e1s peque\u00f1o\u00bb, ha aseverado. Para el diputado socialista es sorprendente que haya [&hellip;]<\/p>\n","protected":false},"author":1,"featured_media":906399,"comment_status":"closed","ping_status":"closed","sticky":false,"template":"","format":"standard","meta":{"footnotes":""},"categories":[12],"tags":[],"class_list":["post-906398","post","type-post","status-publish","format-standard","has-post-thumbnail","hentry","category-actualidad-asturias"],"aioseo_notices":[],"aioseo_head":"\n\t\t<!-- All in One SEO Pro 4.9.6.2 - aioseo.com -->\n\t<meta name=\"description\" content=\"El portavoz del PSOE en la Junta General del Principado de Asturias (JGPA), Fernando Lastra, ha aprovechado su discurso en el pleno institucional del D\u00eda de Asturias, para mostrar su rechazo absoluto hacia las ideas de los independentistas. &quot;El nacionalismo hace el mundo m\u00e1s peque\u00f1o&quot;, ha aseverado. Para el diputado socialista es sorprendente que haya\" \/>\n\t<meta name=\"robots\" content=\"max-image-preview:large\" \/>\n\t<meta name=\"author\" content=\"El Digital de Asturias\"\/>\n\t<meta name=\"google-site-verification\" content=\"UA-38556648-1\" \/>\n\t<meta name=\"msvalidate.01\" content=\"7dfe9f3f1b24437ab69f4f2559babe99\" \/>\n\t<meta name=\"keywords\" content=\"actualidad asturias\" \/>\n\t<link rel=\"canonical\" href=\"https:\/\/www.eldigitaldeasturias.com\/noticias\/fernando-lastra-el-nacionalismo-hace-el-mundo-mas-pequeno\/\" \/>\n\t<meta name=\"generator\" content=\"All in One SEO Pro (AIOSEO) 4.9.6.2\" \/>\n\t\t<meta property=\"og:locale\" content=\"es_ES\" \/>\n\t\t<meta property=\"og:site_name\" content=\"El Digital de Asturias\" \/>\n\t\t<meta property=\"og:type\" content=\"article\" \/>\n\t\t<meta property=\"og:title\" content=\"Fernando Lastra: \u00abEl nacionalismo hace el mundo m\u00e1s peque\u00f1o\u00bb - El Digital de Asturias\" \/>\n\t\t<meta property=\"og:description\" content=\"El portavoz del PSOE en la Junta General del Principado de Asturias (JGPA), Fernando Lastra, ha aprovechado su discurso en el pleno institucional del D\u00eda de Asturias, para mostrar su rechazo absoluto hacia las ideas de los independentistas. &quot;El nacionalismo hace el mundo m\u00e1s peque\u00f1o&quot;, ha aseverado. Para el diputado socialista es sorprendente que haya\" \/>\n\t\t<meta property=\"og:url\" content=\"https:\/\/www.eldigitaldeasturias.com\/noticias\/fernando-lastra-el-nacionalismo-hace-el-mundo-mas-pequeno\/\" \/>\n\t\t<meta property=\"og:image\" content=\"https:\/\/www.eldigitaldeasturias.com\/noticias\/wp-content\/uploads\/2016\/09\/fotonoticia_20160907192823_800.jpg\" \/>\n\t\t<meta property=\"og:image:secure_url\" content=\"https:\/\/www.eldigitaldeasturias.com\/noticias\/wp-content\/uploads\/2016\/09\/fotonoticia_20160907192823_800.jpg\" \/>\n\t\t<meta property=\"og:image:width\" content=\"800\" \/>\n\t\t<meta property=\"og:image:height\" content=\"534\" \/>\n\t\t<meta property=\"article:tag\" content=\"actualidad asturias\" \/>\n\t\t<meta property=\"article:published_time\" content=\"2016-09-08T04:31:20+00:00\" \/>\n\t\t<meta property=\"article:modified_time\" content=\"2016-09-08T04:31:20+00:00\" \/>\n\t\t<meta property=\"article:publisher\" content=\"https:\/\/facebook.com\/eldigitaldeasturias\" \/>\n\t\t<meta name=\"twitter:card\" content=\"summary_large_image\" \/>\n\t\t<meta name=\"twitter:title\" content=\"Fernando Lastra: \u00abEl nacionalismo hace el mundo m\u00e1s peque\u00f1o\u00bb - El Digital de Asturias\" \/>\n\t\t<meta name=\"twitter:description\" content=\"El portavoz del PSOE en la Junta General del Principado de Asturias (JGPA), Fernando Lastra, ha aprovechado su discurso en el pleno institucional del D\u00eda de Asturias, para mostrar su rechazo absoluto hacia las ideas de los independentistas. &quot;El nacionalismo hace el mundo m\u00e1s peque\u00f1o&quot;, ha aseverado. Para el diputado socialista es sorprendente que haya\" \/>\n\t\t<meta name=\"twitter:image\" content=\"https:\/\/www.eldigitaldeasturias.com\/noticias\/wp-content\/uploads\/2016\/09\/fotonoticia_20160907192823_800.jpg\" \/>\n\t\t<meta name=\"twitter:label1\" content=\"Escrito por\" \/>\n\t\t<meta name=\"twitter:data1\" content=\"El Digital de Asturias\" \/>\n\t\t<meta name=\"twitter:label2\" content=\"Tiempo de lectura estimado\" \/>\n\t\t<meta name=\"twitter:data2\" content=\"1 minuto\" \/>\n\t\t<script type=\"application\/ld+json\" class=\"aioseo-schema\">\n\t\t\t{\"@context\":\"https:\\\/\\\/schema.org\",\"@graph\":[{\"@type\":\"BlogPosting\",\"@id\":\"https:\\\/\\\/www.eldigitaldeasturias.com\\\/noticias\\\/fernando-lastra-el-nacionalismo-hace-el-mundo-mas-pequeno\\\/#blogposting\",\"name\":\"Fernando Lastra: \\u00abEl nacionalismo hace el mundo m\\u00e1s peque\\u00f1o\\u00bb - El Digital de Asturias\",\"headline\":\"Fernando Lastra: \\u00abEl nacionalismo hace el mundo m\\u00e1s peque\\u00f1o\\u00bb\",\"author\":{\"@id\":\"https:\\\/\\\/www.eldigitaldeasturias.com\\\/noticias\\\/author\\\/admin\\\/#author\"},\"publisher\":{\"@id\":\"https:\\\/\\\/www.eldigitaldeasturias.com\\\/noticias\\\/#organization\"},\"image\":{\"@type\":\"ImageObject\",\"url\":\"https:\\\/\\\/www.eldigitaldeasturias.com\\\/noticias\\\/wp-content\\\/uploads\\\/2016\\\/09\\\/fotonoticia_20160907192823_800.jpg\",\"width\":800,\"height\":534},\"datePublished\":\"2016-09-08T05:31:20+02:00\",\"dateModified\":\"2016-09-08T05:31:20+02:00\",\"inLanguage\":\"es-ES\",\"mainEntityOfPage\":{\"@id\":\"https:\\\/\\\/www.eldigitaldeasturias.com\\\/noticias\\\/fernando-lastra-el-nacionalismo-hace-el-mundo-mas-pequeno\\\/#webpage\"},\"isPartOf\":{\"@id\":\"https:\\\/\\\/www.eldigitaldeasturias.com\\\/noticias\\\/fernando-lastra-el-nacionalismo-hace-el-mundo-mas-pequeno\\\/#webpage\"},\"articleSection\":\"Actualidad Asturias\"},{\"@type\":\"BreadcrumbList\",\"@id\":\"https:\\\/\\\/www.eldigitaldeasturias.com\\\/noticias\\\/fernando-lastra-el-nacionalismo-hace-el-mundo-mas-pequeno\\\/#breadcrumblist\",\"itemListElement\":[{\"@type\":\"ListItem\",\"@id\":\"https:\\\/\\\/www.eldigitaldeasturias.com\\\/noticias#listItem\",\"position\":1,\"name\":\"Home\",\"item\":\"https:\\\/\\\/www.eldigitaldeasturias.com\\\/noticias\",\"nextItem\":{\"@type\":\"ListItem\",\"@id\":\"https:\\\/\\\/www.eldigitaldeasturias.com\\\/noticias\\\/category\\\/actualidad-asturias\\\/#listItem\",\"name\":\"Actualidad Asturias\"}},{\"@type\":\"ListItem\",\"@id\":\"https:\\\/\\\/www.eldigitaldeasturias.com\\\/noticias\\\/category\\\/actualidad-asturias\\\/#listItem\",\"position\":2,\"name\":\"Actualidad Asturias\",\"item\":\"https:\\\/\\\/www.eldigitaldeasturias.com\\\/noticias\\\/category\\\/actualidad-asturias\\\/\",\"nextItem\":{\"@type\":\"ListItem\",\"@id\":\"https:\\\/\\\/www.eldigitaldeasturias.com\\\/noticias\\\/fernando-lastra-el-nacionalismo-hace-el-mundo-mas-pequeno\\\/#listItem\",\"name\":\"Fernando Lastra: \\u00abEl nacionalismo hace el mundo m\\u00e1s peque\\u00f1o\\u00bb\"},\"previousItem\":{\"@type\":\"ListItem\",\"@id\":\"https:\\\/\\\/www.eldigitaldeasturias.com\\\/noticias#listItem\",\"name\":\"Home\"}},{\"@type\":\"ListItem\",\"@id\":\"https:\\\/\\\/www.eldigitaldeasturias.com\\\/noticias\\\/fernando-lastra-el-nacionalismo-hace-el-mundo-mas-pequeno\\\/#listItem\",\"position\":3,\"name\":\"Fernando Lastra: \\u00abEl nacionalismo hace el mundo m\\u00e1s peque\\u00f1o\\u00bb\",\"previousItem\":{\"@type\":\"ListItem\",\"@id\":\"https:\\\/\\\/www.eldigitaldeasturias.com\\\/noticias\\\/category\\\/actualidad-asturias\\\/#listItem\",\"name\":\"Actualidad Asturias\"}}]},{\"@type\":\"Organization\",\"@id\":\"https:\\\/\\\/www.eldigitaldeasturias.com\\\/noticias\\\/#organization\",\"name\":\"El Digital de Asturias\",\"description\":\"Hemeroteca\",\"url\":\"https:\\\/\\\/www.eldigitaldeasturias.com\\\/noticias\\\/\",\"email\":\"info@eldigitaldeasturias.com\",\"telephone\":\"+34652131393\",\"logo\":{\"@type\":\"ImageObject\",\"url\":\"https:\\\/\\\/www.eldigitaldeasturias.com\\\/noticias\\\/wp-content\\\/uploads\\\/2020\\\/12\\\/EDA.jpg\",\"@id\":\"https:\\\/\\\/www.eldigitaldeasturias.com\\\/noticias\\\/fernando-lastra-el-nacionalismo-hace-el-mundo-mas-pequeno\\\/#organizationLogo\",\"width\":649,\"height\":297},\"image\":{\"@id\":\"https:\\\/\\\/www.eldigitaldeasturias.com\\\/noticias\\\/fernando-lastra-el-nacionalismo-hace-el-mundo-mas-pequeno\\\/#organizationLogo\"},\"sameAs\":[\"https:\\\/\\\/facebook.com\\\/eldigitaldeasturias\",\"https:\\\/\\\/www.youtube.com\\\/channel\\\/UCZP-2wLEB9Rv6erhFmqVnvg\"],\"address\":{\"@id\":\"https:\\\/\\\/www.eldigitaldeasturias.com\\\/noticias\\\/#postaladdress\",\"@type\":\"PostalAddress\",\"streetAddress\":\"san antonio 4,\",\"postalCode\":\"33430\",\"addressLocality\":\"Cand\\u00e1s\",\"addressRegion\":\"Asturias\",\"addressCountry\":\"ES\"}},{\"@type\":\"Person\",\"@id\":\"https:\\\/\\\/www.eldigitaldeasturias.com\\\/noticias\\\/author\\\/admin\\\/#author\",\"url\":\"https:\\\/\\\/www.eldigitaldeasturias.com\\\/noticias\\\/author\\\/admin\\\/\",\"name\":\"El Digital de Asturias\",\"image\":{\"@type\":\"ImageObject\",\"@id\":\"https:\\\/\\\/www.eldigitaldeasturias.com\\\/noticias\\\/fernando-lastra-el-nacionalismo-hace-el-mundo-mas-pequeno\\\/#authorImage\",\"url\":\"https:\\\/\\\/www.eldigitaldeasturias.com\\\/noticias\\\/wp-content\\\/litespeed\\\/avatar\\\/18677e78aa0546b92d9dbf31ec7d7668.jpg?ver=1777290358\",\"width\":96,\"height\":96,\"caption\":\"El Digital de Asturias\"}},{\"@type\":\"WebPage\",\"@id\":\"https:\\\/\\\/www.eldigitaldeasturias.com\\\/noticias\\\/fernando-lastra-el-nacionalismo-hace-el-mundo-mas-pequeno\\\/#webpage\",\"url\":\"https:\\\/\\\/www.eldigitaldeasturias.com\\\/noticias\\\/fernando-lastra-el-nacionalismo-hace-el-mundo-mas-pequeno\\\/\",\"name\":\"Fernando Lastra: \\u00abEl nacionalismo hace el mundo m\\u00e1s peque\\u00f1o\\u00bb - El Digital de Asturias\",\"description\":\"El portavoz del PSOE en la Junta General del Principado de Asturias (JGPA), Fernando Lastra, ha aprovechado su discurso en el pleno institucional del D\\u00eda de Asturias, para mostrar su rechazo absoluto hacia las ideas de los independentistas. \\\"El nacionalismo hace el mundo m\\u00e1s peque\\u00f1o\\\", ha aseverado. Para el diputado socialista es sorprendente que haya\",\"inLanguage\":\"es-ES\",\"isPartOf\":{\"@id\":\"https:\\\/\\\/www.eldigitaldeasturias.com\\\/noticias\\\/#website\"},\"breadcrumb\":{\"@id\":\"https:\\\/\\\/www.eldigitaldeasturias.com\\\/noticias\\\/fernando-lastra-el-nacionalismo-hace-el-mundo-mas-pequeno\\\/#breadcrumblist\"},\"author\":{\"@id\":\"https:\\\/\\\/www.eldigitaldeasturias.com\\\/noticias\\\/author\\\/admin\\\/#author\"},\"creator\":{\"@id\":\"https:\\\/\\\/www.eldigitaldeasturias.com\\\/noticias\\\/author\\\/admin\\\/#author\"},\"image\":{\"@type\":\"ImageObject\",\"url\":\"https:\\\/\\\/www.eldigitaldeasturias.com\\\/noticias\\\/wp-content\\\/uploads\\\/2016\\\/09\\\/fotonoticia_20160907192823_800.jpg\",\"@id\":\"https:\\\/\\\/www.eldigitaldeasturias.com\\\/noticias\\\/fernando-lastra-el-nacionalismo-hace-el-mundo-mas-pequeno\\\/#mainImage\",\"width\":800,\"height\":534},\"primaryImageOfPage\":{\"@id\":\"https:\\\/\\\/www.eldigitaldeasturias.com\\\/noticias\\\/fernando-lastra-el-nacionalismo-hace-el-mundo-mas-pequeno\\\/#mainImage\"},\"datePublished\":\"2016-09-08T05:31:20+02:00\",\"dateModified\":\"2016-09-08T05:31:20+02:00\"},{\"@type\":\"WebSite\",\"@id\":\"https:\\\/\\\/www.eldigitaldeasturias.com\\\/noticias\\\/#website\",\"url\":\"https:\\\/\\\/www.eldigitaldeasturias.com\\\/noticias\\\/\",\"name\":\"El Digital de Asturias - Diario de actualidad y noticias\",\"alternateName\":\"El Digital de Asturias - Diario de actualidad y noticias\",\"description\":\"Hemeroteca\",\"inLanguage\":\"es-ES\",\"publisher\":{\"@id\":\"https:\\\/\\\/www.eldigitaldeasturias.com\\\/noticias\\\/#organization\"}}]}\n\t\t<\/script>\n\t\t<!-- All in One SEO Pro -->\r\n\t\t<title>Fernando Lastra: \u00abEl nacionalismo hace el mundo m\u00e1s peque\u00f1o\u00bb - El Digital de Asturias<\/title>\n\n","aioseo_head_json":{"title":"Fernando Lastra: \u00abEl nacionalismo hace el mundo m\u00e1s peque\u00f1o\u00bb - El Digital de Asturias","description":"El portavoz del PSOE en la Junta General del Principado de Asturias (JGPA), Fernando Lastra, ha aprovechado su discurso en el pleno institucional del D\u00eda de Asturias, para mostrar su rechazo absoluto hacia las ideas de los independentistas. \"El nacionalismo hace el mundo m\u00e1s peque\u00f1o\", ha aseverado. Para el diputado socialista es sorprendente que haya","canonical_url":"https:\/\/www.eldigitaldeasturias.com\/noticias\/fernando-lastra-el-nacionalismo-hace-el-mundo-mas-pequeno\/","robots":"max-image-preview:large","keywords":"actualidad asturias","webmasterTools":{"google-site-verification":"UA-38556648-1","msvalidate.01":"7dfe9f3f1b24437ab69f4f2559babe99","miscellaneous":""},"schema":{"@context":"https:\/\/schema.org","@graph":[{"@type":"BlogPosting","@id":"https:\/\/www.eldigitaldeasturias.com\/noticias\/fernando-lastra-el-nacionalismo-hace-el-mundo-mas-pequeno\/#blogposting","name":"Fernando Lastra: \u00abEl nacionalismo hace el mundo m\u00e1s peque\u00f1o\u00bb - El Digital de Asturias","headline":"Fernando Lastra: \u00abEl nacionalismo hace el mundo m\u00e1s peque\u00f1o\u00bb","author":{"@id":"https:\/\/www.eldigitaldeasturias.com\/noticias\/author\/admin\/#author"},"publisher":{"@id":"https:\/\/www.eldigitaldeasturias.com\/noticias\/#organization"},"image":{"@type":"ImageObject","url":"https:\/\/www.eldigitaldeasturias.com\/noticias\/wp-content\/uploads\/2016\/09\/fotonoticia_20160907192823_800.jpg","width":800,"height":534},"datePublished":"2016-09-08T05:31:20+02:00","dateModified":"2016-09-08T05:31:20+02:00","inLanguage":"es-ES","mainEntityOfPage":{"@id":"https:\/\/www.eldigitaldeasturias.com\/noticias\/fernando-lastra-el-nacionalismo-hace-el-mundo-mas-pequeno\/#webpage"},"isPartOf":{"@id":"https:\/\/www.eldigitaldeasturias.com\/noticias\/fernando-lastra-el-nacionalismo-hace-el-mundo-mas-pequeno\/#webpage"},"articleSection":"Actualidad Asturias"},{"@type":"BreadcrumbList","@id":"https:\/\/www.eldigitaldeasturias.com\/noticias\/fernando-lastra-el-nacionalismo-hace-el-mundo-mas-pequeno\/#breadcrumblist","itemListElement":[{"@type":"ListItem","@id":"https:\/\/www.eldigitaldeasturias.com\/noticias#listItem","position":1,"name":"Home","item":"https:\/\/www.eldigitaldeasturias.com\/noticias","nextItem":{"@type":"ListItem","@id":"https:\/\/www.eldigitaldeasturias.com\/noticias\/category\/actualidad-asturias\/#listItem","name":"Actualidad Asturias"}},{"@type":"ListItem","@id":"https:\/\/www.eldigitaldeasturias.com\/noticias\/category\/actualidad-asturias\/#listItem","position":2,"name":"Actualidad Asturias","item":"https:\/\/www.eldigitaldeasturias.com\/noticias\/category\/actualidad-asturias\/","nextItem":{"@type":"ListItem","@id":"https:\/\/www.eldigitaldeasturias.com\/noticias\/fernando-lastra-el-nacionalismo-hace-el-mundo-mas-pequeno\/#listItem","name":"Fernando Lastra: \u00abEl nacionalismo hace el mundo m\u00e1s peque\u00f1o\u00bb"},"previousItem":{"@type":"ListItem","@id":"https:\/\/www.eldigitaldeasturias.com\/noticias#listItem","name":"Home"}},{"@type":"ListItem","@id":"https:\/\/www.eldigitaldeasturias.com\/noticias\/fernando-lastra-el-nacionalismo-hace-el-mundo-mas-pequeno\/#listItem","position":3,"name":"Fernando Lastra: \u00abEl nacionalismo hace el mundo m\u00e1s peque\u00f1o\u00bb","previousItem":{"@type":"ListItem","@id":"https:\/\/www.eldigitaldeasturias.com\/noticias\/category\/actualidad-asturias\/#listItem","name":"Actualidad Asturias"}}]},{"@type":"Organization","@id":"https:\/\/www.eldigitaldeasturias.com\/noticias\/#organization","name":"El Digital de Asturias","description":"Hemeroteca","url":"https:\/\/www.eldigitaldeasturias.com\/noticias\/","email":"info@eldigitaldeasturias.com","telephone":"+34652131393","logo":{"@type":"ImageObject","url":"https:\/\/www.eldigitaldeasturias.com\/noticias\/wp-content\/uploads\/2020\/12\/EDA.jpg","@id":"https:\/\/www.eldigitaldeasturias.com\/noticias\/fernando-lastra-el-nacionalismo-hace-el-mundo-mas-pequeno\/#organizationLogo","width":649,"height":297},"image":{"@id":"https:\/\/www.eldigitaldeasturias.com\/noticias\/fernando-lastra-el-nacionalismo-hace-el-mundo-mas-pequeno\/#organizationLogo"},"sameAs":["https:\/\/facebook.com\/eldigitaldeasturias","https:\/\/www.youtube.com\/channel\/UCZP-2wLEB9Rv6erhFmqVnvg"],"address":{"@id":"https:\/\/www.eldigitaldeasturias.com\/noticias\/#postaladdress","@type":"PostalAddress","streetAddress":"san antonio 4,","postalCode":"33430","addressLocality":"Cand\u00e1s","addressRegion":"Asturias","addressCountry":"ES"}},{"@type":"Person","@id":"https:\/\/www.eldigitaldeasturias.com\/noticias\/author\/admin\/#author","url":"https:\/\/www.eldigitaldeasturias.com\/noticias\/author\/admin\/","name":"El Digital de Asturias","image":{"@type":"ImageObject","@id":"https:\/\/www.eldigitaldeasturias.com\/noticias\/fernando-lastra-el-nacionalismo-hace-el-mundo-mas-pequeno\/#authorImage","url":"https:\/\/www.eldigitaldeasturias.com\/noticias\/wp-content\/litespeed\/avatar\/18677e78aa0546b92d9dbf31ec7d7668.jpg?ver=1777290358","width":96,"height":96,"caption":"El Digital de Asturias"}},{"@type":"WebPage","@id":"https:\/\/www.eldigitaldeasturias.com\/noticias\/fernando-lastra-el-nacionalismo-hace-el-mundo-mas-pequeno\/#webpage","url":"https:\/\/www.eldigitaldeasturias.com\/noticias\/fernando-lastra-el-nacionalismo-hace-el-mundo-mas-pequeno\/","name":"Fernando Lastra: \u00abEl nacionalismo hace el mundo m\u00e1s peque\u00f1o\u00bb - El Digital de Asturias","description":"El portavoz del PSOE en la Junta General del Principado de Asturias (JGPA), Fernando Lastra, ha aprovechado su discurso en el pleno institucional del D\u00eda de Asturias, para mostrar su rechazo absoluto hacia las ideas de los independentistas. \"El nacionalismo hace el mundo m\u00e1s peque\u00f1o\", ha aseverado. Para el diputado socialista es sorprendente que haya","inLanguage":"es-ES","isPartOf":{"@id":"https:\/\/www.eldigitaldeasturias.com\/noticias\/#website"},"breadcrumb":{"@id":"https:\/\/www.eldigitaldeasturias.com\/noticias\/fernando-lastra-el-nacionalismo-hace-el-mundo-mas-pequeno\/#breadcrumblist"},"author":{"@id":"https:\/\/www.eldigitaldeasturias.com\/noticias\/author\/admin\/#author"},"creator":{"@id":"https:\/\/www.eldigitaldeasturias.com\/noticias\/author\/admin\/#author"},"image":{"@type":"ImageObject","url":"https:\/\/www.eldigitaldeasturias.com\/noticias\/wp-content\/uploads\/2016\/09\/fotonoticia_20160907192823_800.jpg","@id":"https:\/\/www.eldigitaldeasturias.com\/noticias\/fernando-lastra-el-nacionalismo-hace-el-mundo-mas-pequeno\/#mainImage","width":800,"height":534},"primaryImageOfPage":{"@id":"https:\/\/www.eldigitaldeasturias.com\/noticias\/fernando-lastra-el-nacionalismo-hace-el-mundo-mas-pequeno\/#mainImage"},"datePublished":"2016-09-08T05:31:20+02:00","dateModified":"2016-09-08T05:31:20+02:00"},{"@type":"WebSite","@id":"https:\/\/www.eldigitaldeasturias.com\/noticias\/#website","url":"https:\/\/www.eldigitaldeasturias.com\/noticias\/","name":"El Digital de Asturias - Diario de actualidad y noticias","alternateName":"El Digital de Asturias - Diario de actualidad y noticias","description":"Hemeroteca","inLanguage":"es-ES","publisher":{"@id":"https:\/\/www.eldigitaldeasturias.com\/noticias\/#organization"}}]},"og:locale":"es_ES","og:site_name":"El Digital de Asturias","og:type":"article","og:title":"Fernando Lastra: \u00abEl nacionalismo hace el mundo m\u00e1s peque\u00f1o\u00bb - El Digital de Asturias","og:description":"El portavoz del PSOE en la Junta General del Principado de Asturias (JGPA), Fernando Lastra, ha aprovechado su discurso en el pleno institucional del D\u00eda de Asturias, para mostrar su rechazo absoluto hacia las ideas de los independentistas. &quot;El nacionalismo hace el mundo m\u00e1s peque\u00f1o&quot;, ha aseverado. Para el diputado socialista es sorprendente que haya","og:url":"https:\/\/www.eldigitaldeasturias.com\/noticias\/fernando-lastra-el-nacionalismo-hace-el-mundo-mas-pequeno\/","og:image":"https:\/\/www.eldigitaldeasturias.com\/noticias\/wp-content\/uploads\/2016\/09\/fotonoticia_20160907192823_800.jpg","og:image:secure_url":"https:\/\/www.eldigitaldeasturias.com\/noticias\/wp-content\/uploads\/2016\/09\/fotonoticia_20160907192823_800.jpg","og:image:width":800,"og:image:height":534,"article:tag":["actualidad asturias"],"article:published_time":"2016-09-08T04:31:20+00:00","article:modified_time":"2016-09-08T04:31:20+00:00","article:publisher":"https:\/\/facebook.com\/eldigitaldeasturias","twitter:card":"summary_large_image","twitter:title":"Fernando Lastra: \u00abEl nacionalismo hace el mundo m\u00e1s peque\u00f1o\u00bb - El Digital de Asturias","twitter:description":"El portavoz del PSOE en la Junta General del Principado de Asturias (JGPA), Fernando Lastra, ha aprovechado su discurso en el pleno institucional del D\u00eda de Asturias, para mostrar su rechazo absoluto hacia las ideas de los independentistas. &quot;El nacionalismo hace el mundo m\u00e1s peque\u00f1o&quot;, ha aseverado. Para el diputado socialista es sorprendente que haya","twitter:image":"https:\/\/www.eldigitaldeasturias.com\/noticias\/wp-content\/uploads\/2016\/09\/fotonoticia_20160907192823_800.jpg","twitter:label1":"Escrito por","twitter:data1":"El Digital de Asturias","twitter:label2":"Tiempo de lectura estimado","twitter:data2":"1 minuto"},"aioseo_meta_data":{"post_id":"906398","title":null,"description":null,"keywords":null,"keyphrases":null,"primary_term":null,"canonical_url":null,"og_title":null,"og_description":null,"og_object_type":"default","og_image_type":"default","og_image_url":null,"og_image_width":null,"og_image_height":null,"og_image_custom_url":null,"og_image_custom_fields":null,"og_video":null,"og_custom_url":null,"og_article_section":null,"og_article_tags":null,"twitter_use_og":false,"twitter_card":"default","twitter_image_type":"default","twitter_image_url":null,"twitter_image_custom_url":null,"twitter_image_custom_fields":null,"twitter_title":null,"twitter_description":null,"schema":{"blockGraphs":[],"customGraphs":[],"default":{"data":{"Article":[],"Course":[],"Dataset":[],"FAQPage":[],"Movie":[],"Person":[],"Product":[],"ProductReview":[],"Car":[],"Recipe":[],"Service":[],"SoftwareApplication":[],"WebPage":[]},"graphName":"","isEnabled":true},"graphs":[],"defaultGraph":"","defaultPostTypeGraph":""},"schema_type":null,"schema_type_options":null,"pillar_content":false,"robots_default":true,"robots_noindex":false,"robots_noarchive":false,"robots_nosnippet":false,"robots_nofollow":false,"robots_noimageindex":false,"robots_noodp":false,"robots_notranslate":false,"robots_max_snippet":null,"robots_max_videopreview":null,"robots_max_imagepreview":"large","priority":null,"frequency":null,"local_seo":null,"seo_analyzer_scan_date":"2025-11-30 08:54:21","breadcrumb_settings":null,"limit_modified_date":false,"open_ai":null,"ai":null,"created":"2020-12-21 14:01:55","updated":"2025-11-30 08:54:21"},"aioseo_breadcrumb":"<div class=\"aioseo-breadcrumbs\"><span class=\"aioseo-breadcrumb\">\n\t<a href=\"https:\/\/www.eldigitaldeasturias.com\/noticias\" title=\"Home\">Home<\/a>\n<\/span><span class=\"aioseo-breadcrumb-separator\">\u2013<\/span><span class=\"aioseo-breadcrumb\">\n\t<a href=\"https:\/\/www.eldigitaldeasturias.com\/noticias\/category\/actualidad-asturias\/\" title=\"Actualidad Asturias\">Actualidad Asturias<\/a>\n<\/span><span class=\"aioseo-breadcrumb-separator\">\u2013<\/span><span class=\"aioseo-breadcrumb\">\n\t<a href=\"https:\/\/www.eldigitaldeasturias.com\/noticias\/fernando-lastra-el-nacionalismo-hace-el-mundo-mas-pequeno\/\" title=\"Fernando Lastra: \u00abEl nacionalismo hace el mundo m\u00e1s peque\u00f1o\u00bb\">Fernando Lastra: \u00abEl nacionalismo hace el mundo m\u00e1s peque\u00f1o\u00bb<\/a>\n<\/span><\/div>","aioseo_breadcrumb_json":[{"label":"Home","link":"https:\/\/www.eldigitaldeasturias.com\/noticias"},{"label":"Actualidad Asturias","link":"https:\/\/www.eldigitaldeasturias.com\/noticias\/category\/actualidad-asturias\/"},{"label":"Fernando Lastra: \u00abEl nacionalismo hace el mundo m\u00e1s peque\u00f1o\u00bb","link":"https:\/\/www.eldigitaldeasturias.com\/noticias\/fernando-lastra-el-nacionalismo-hace-el-mundo-mas-pequeno\/"}],"_links":{"self":[{"href":"https:\/\/www.eldigitaldeasturias.com\/noticias\/wp-json\/wp\/v2\/posts\/906398","targetHints":{"allow":["GET"]}}],"collection":[{"href":"https:\/\/www.eldigitaldeasturias.com\/noticias\/wp-json\/wp\/v2\/posts"}],"about":[{"href":"https:\/\/www.eldigitaldeasturias.com\/noticias\/wp-json\/wp\/v2\/types\/post"}],"author":[{"embeddable":true,"href":"https:\/\/www.eldigitaldeasturias.com\/noticias\/wp-json\/wp\/v2\/users\/1"}],"replies":[{"embeddable":true,"href":"https:\/\/www.eldigitaldeasturias.com\/noticias\/wp-json\/wp\/v2\/comments?post=906398"}],"version-history":[{"count":0,"href":"https:\/\/www.eldigitaldeasturias.com\/noticias\/wp-json\/wp\/v2\/posts\/906398\/revisions"}],"wp:featuredmedia":[{"embeddable":true,"href":"https:\/\/www.eldigitaldeasturias.com\/noticias\/wp-json\/wp\/v2\/media\/906399"}],"wp:attachment":[{"href":"https:\/\/www.eldigitaldeasturias.com\/noticias\/wp-json\/wp\/v2\/media?parent=906398"}],"wp:term":[{"taxonomy":"category","embeddable":true,"href":"https:\/\/www.eldigitaldeasturias.com\/noticias\/wp-json\/wp\/v2\/categories?post=906398"},{"taxonomy":"post_tag","embeddable":true,"href":"https:\/\/www.eldigitaldeasturias.com\/noticias\/wp-json\/wp\/v2\/tags?post=906398"}],"curies":[{"name":"wp","href":"https:\/\/api.w.org\/{rel}","templated":true}]}}