{"id":906396,"date":"2016-09-08T05:29:12","date_gmt":"2016-09-08T04:29:12","guid":{"rendered":"http:\/\/www.eldigitaldeasturias.com\/noticias\/?p=906396"},"modified":"2016-09-08T05:29:12","modified_gmt":"2016-09-08T04:29:12","slug":"xixon-si-puede-critica-el-uso-del-parque-de-isabel-la-catolica-para-el-gijon-central-park","status":"publish","type":"post","link":"https:\/\/www.eldigitaldeasturias.com\/noticias\/xixon-si-puede-critica-el-uso-del-parque-de-isabel-la-catolica-para-el-gijon-central-park\/","title":{"rendered":"Xix\u00f3n S\u00ed Puede cr\u00edtica el uso del Parque de Isabel La Cat\u00f3lica para el &#8216;Gij\u00f3n Central Park&#8217;"},"content":{"rendered":"<p><img loading=\"lazy\" decoding=\"async\" class=\"alignleft size-medium wp-image-865821\" src=\"https:\/\/www.eldigitaldeasturias.com\/noticias\/wp-content\/uploads\/2016\/03\/gijon-360x203.jpg\" alt=\"gijon\" width=\"360\" height=\"203\" srcset=\"https:\/\/www.eldigitaldeasturias.com\/noticias\/wp-content\/uploads\/2016\/03\/gijon-360x203.jpg 360w, https:\/\/www.eldigitaldeasturias.com\/noticias\/wp-content\/uploads\/2016\/03\/gijon-480x270.jpg 480w, https:\/\/www.eldigitaldeasturias.com\/noticias\/wp-content\/uploads\/2016\/03\/gijon-768x432.jpg 768w, https:\/\/www.eldigitaldeasturias.com\/noticias\/wp-content\/uploads\/2016\/03\/gijon-690x388.jpg 690w, https:\/\/www.eldigitaldeasturias.com\/noticias\/wp-content\/uploads\/2016\/03\/gijon-20x11.jpg 20w, https:\/\/www.eldigitaldeasturias.com\/noticias\/wp-content\/uploads\/2016\/03\/gijon.jpg 800w\" sizes=\"auto, (max-width: 360px) 100vw, 360px\" \/>El parque de Isabel La Cat\u00f3lica ser\u00e1 escenario desde este jueves al domingo del festival &#8216;Gij\u00f3n Central Park&#8217;, entre cr\u00edticas de algunos grupos municipales, como Xix\u00f3n S\u00ed Puede, por el uso de este espacio para este tipo de eventos.<\/p>\n<p>En el festival habr\u00e1 cabida para la gastronom\u00eda, deporte, m\u00fasica, cine al aire libre y actividades para todos los p\u00fablicos, que generar\u00e1 250 puestos de trabajo, entre empleos directos e indirectos, y contar\u00e1 con la colaboraci\u00f3n de unas 40 empresas de la ciudad. El evento se desarrollar\u00e1 en horario de 11.00 a 01.00 horas durante el jueves, viernes y s\u00e1bado y de 11.00 a 23.00 horas el domingo.<\/p>\n<p>Habr\u00e1, entre otras cosas, talleres para ni\u00f1os de jumping clay, t\u00edteres, malabares, globoflexia o clases Be Green, en las que se fabricar\u00e1n art\u00edculos decorativos con elementos naturales. Tambi\u00e9n se fomentar\u00e1n las actividades en familia con los talleres de estimulaci\u00f3n temprana para beb\u00e9s o el taller de creatividad en familia.<\/p>\n<p>Tambi\u00e9n habr\u00e1 tambi\u00e9n juegos tradicionales &#8211;con pruebas de cascayu, rana, juego de las canicas, carreras de sacos o tiro la soga&#8211; y clases de baile, yoga, hipopresivos, tai chi, pilates, zumba o competiciones de mini golf, adem\u00e1s de otras actividades m\u00e1s t\u00edpicas de feria como el martillo de fuerza. Asimismo, los Gij\u00f3n Mariners realizar\u00e1n una exhibici\u00f3n de f\u00fatbol americano para todos los visitantes, mientras que en la zona infantil habr\u00e1 un carrusel vintage de los a\u00f1os 30.<\/p>\n<p>En el apartado musical, actuar\u00e1n artistas como Rub\u00e9n Pozo (Pereza), Rafa Pons, Mbolados o Pablo Vald\u00e9s, entre otros, en dos horarios: sesi\u00f3n verm\u00fa a las 13.30 horas y sesi\u00f3n de tarde a las 20.30. En esta \u00faltima sesi\u00f3n, los conciertos finalizar\u00e1n antes de las 22.30 horas para evitar molestias a los vecinos.<\/p>\n<p>Tras realizar varias encuestas &#8216;on line&#8217;, los internautas han podido contribuir a la selecci\u00f3n de las pel\u00edculas que podr\u00e1n verse en las sesiones de cine al aire libre, aptas para todos los p\u00fablicos. En concreto, se proyectar\u00e1n: &#8216;E.T., El Extraterrestre&#8217; (jueves 8 a las 22:30 horas); &#8216;La Princesa Prometida&#8217; (viernes 9 a las 22.30); y &#8216;La historia interminable&#8217; (s\u00e1bado 10 a las 22.30).<\/p>\n<p>&nbsp;<\/p>\n<p>&nbsp;<\/p>\n","protected":false},"excerpt":{"rendered":"<p>El parque de Isabel La Cat\u00f3lica ser\u00e1 escenario desde este jueves al domingo del festival &#8216;Gij\u00f3n Central Park&#8217;, entre cr\u00edticas de algunos grupos municipales, como Xix\u00f3n S\u00ed Puede, por el uso de este espacio para este tipo de eventos. En el festival habr\u00e1 cabida para la gastronom\u00eda, deporte, m\u00fasica, cine al aire libre y actividades [&hellip;]<\/p>\n","protected":false},"author":1,"featured_media":865821,"comment_status":"closed","ping_status":"closed","sticky":false,"template":"","format":"standard","meta":{"footnotes":""},"categories":[12],"tags":[],"class_list":["post-906396","post","type-post","status-publish","format-standard","has-post-thumbnail","hentry","category-actualidad-asturias"],"aioseo_notices":[],"aioseo_head":"\n\t\t<!-- All in One SEO Pro 4.9.6.2 - aioseo.com -->\n\t<meta name=\"description\" content=\"El parque de Isabel La Cat\u00f3lica ser\u00e1 escenario desde este jueves al domingo del festival &#039;Gij\u00f3n Central Park&#039;, entre cr\u00edticas de algunos grupos municipales, como Xix\u00f3n S\u00ed Puede, por el uso de este espacio para este tipo de eventos. En el festival habr\u00e1 cabida para la gastronom\u00eda, deporte, m\u00fasica, cine al aire libre y actividades\" \/>\n\t<meta name=\"robots\" content=\"max-image-preview:large\" \/>\n\t<meta name=\"author\" content=\"El Digital de Asturias\"\/>\n\t<meta name=\"google-site-verification\" content=\"UA-38556648-1\" \/>\n\t<meta name=\"msvalidate.01\" content=\"7dfe9f3f1b24437ab69f4f2559babe99\" \/>\n\t<meta name=\"keywords\" content=\"actualidad asturias\" \/>\n\t<link rel=\"canonical\" href=\"https:\/\/www.eldigitaldeasturias.com\/noticias\/xixon-si-puede-critica-el-uso-del-parque-de-isabel-la-catolica-para-el-gijon-central-park\/\" \/>\n\t<meta name=\"generator\" content=\"All in One SEO Pro (AIOSEO) 4.9.6.2\" \/>\n\t\t<meta property=\"og:locale\" content=\"es_ES\" \/>\n\t\t<meta property=\"og:site_name\" content=\"El Digital de Asturias\" \/>\n\t\t<meta property=\"og:type\" content=\"article\" \/>\n\t\t<meta property=\"og:title\" content=\"Xix\u00f3n S\u00ed Puede cr\u00edtica el uso del Parque de Isabel La Cat\u00f3lica para el \u2018Gij\u00f3n Central Park\u2019 - El Digital de Asturias\" \/>\n\t\t<meta property=\"og:description\" content=\"El parque de Isabel La Cat\u00f3lica ser\u00e1 escenario desde este jueves al domingo del festival &#039;Gij\u00f3n Central Park&#039;, entre cr\u00edticas de algunos grupos municipales, como Xix\u00f3n S\u00ed Puede, por el uso de este espacio para este tipo de eventos. En el festival habr\u00e1 cabida para la gastronom\u00eda, deporte, m\u00fasica, cine al aire libre y actividades\" \/>\n\t\t<meta property=\"og:url\" content=\"https:\/\/www.eldigitaldeasturias.com\/noticias\/xixon-si-puede-critica-el-uso-del-parque-de-isabel-la-catolica-para-el-gijon-central-park\/\" \/>\n\t\t<meta property=\"og:image\" content=\"https:\/\/www.eldigitaldeasturias.com\/noticias\/wp-content\/uploads\/2016\/03\/gijon.jpg\" \/>\n\t\t<meta property=\"og:image:secure_url\" content=\"https:\/\/www.eldigitaldeasturias.com\/noticias\/wp-content\/uploads\/2016\/03\/gijon.jpg\" \/>\n\t\t<meta property=\"og:image:width\" content=\"800\" \/>\n\t\t<meta property=\"og:image:height\" content=\"450\" \/>\n\t\t<meta property=\"article:tag\" content=\"actualidad asturias\" \/>\n\t\t<meta property=\"article:published_time\" content=\"2016-09-08T04:29:12+00:00\" \/>\n\t\t<meta property=\"article:modified_time\" content=\"2016-09-08T04:29:12+00:00\" \/>\n\t\t<meta property=\"article:publisher\" content=\"https:\/\/facebook.com\/eldigitaldeasturias\" \/>\n\t\t<meta name=\"twitter:card\" content=\"summary_large_image\" \/>\n\t\t<meta name=\"twitter:title\" content=\"Xix\u00f3n S\u00ed Puede cr\u00edtica el uso del Parque de Isabel La Cat\u00f3lica para el \u2018Gij\u00f3n Central Park\u2019 - El Digital de Asturias\" \/>\n\t\t<meta name=\"twitter:description\" content=\"El parque de Isabel La Cat\u00f3lica ser\u00e1 escenario desde este jueves al domingo del festival &#039;Gij\u00f3n Central Park&#039;, entre cr\u00edticas de algunos grupos municipales, como Xix\u00f3n S\u00ed Puede, por el uso de este espacio para este tipo de eventos. En el festival habr\u00e1 cabida para la gastronom\u00eda, deporte, m\u00fasica, cine al aire libre y actividades\" \/>\n\t\t<meta name=\"twitter:image\" content=\"https:\/\/www.eldigitaldeasturias.com\/noticias\/wp-content\/uploads\/2016\/03\/gijon.jpg\" \/>\n\t\t<meta name=\"twitter:label1\" content=\"Escrito por\" \/>\n\t\t<meta name=\"twitter:data1\" content=\"El Digital de Asturias\" \/>\n\t\t<meta name=\"twitter:label2\" content=\"Tiempo de lectura estimado\" \/>\n\t\t<meta name=\"twitter:data2\" content=\"2 minutos\" \/>\n\t\t<script type=\"application\/ld+json\" class=\"aioseo-schema\">\n\t\t\t{\"@context\":\"https:\\\/\\\/schema.org\",\"@graph\":[{\"@type\":\"BlogPosting\",\"@id\":\"https:\\\/\\\/www.eldigitaldeasturias.com\\\/noticias\\\/xixon-si-puede-critica-el-uso-del-parque-de-isabel-la-catolica-para-el-gijon-central-park\\\/#blogposting\",\"name\":\"Xix\\u00f3n S\\u00ed Puede cr\\u00edtica el uso del Parque de Isabel La Cat\\u00f3lica para el \\u2018Gij\\u00f3n Central Park\\u2019 - El Digital de Asturias\",\"headline\":\"Xix\\u00f3n S\\u00ed Puede cr\\u00edtica el uso del Parque de Isabel La Cat\\u00f3lica para el &#8216;Gij\\u00f3n Central Park&#8217;\",\"author\":{\"@id\":\"https:\\\/\\\/www.eldigitaldeasturias.com\\\/noticias\\\/author\\\/admin\\\/#author\"},\"publisher\":{\"@id\":\"https:\\\/\\\/www.eldigitaldeasturias.com\\\/noticias\\\/#organization\"},\"image\":{\"@type\":\"ImageObject\",\"url\":\"https:\\\/\\\/www.eldigitaldeasturias.com\\\/noticias\\\/wp-content\\\/uploads\\\/2016\\\/03\\\/gijon.jpg\",\"width\":800,\"height\":450},\"datePublished\":\"2016-09-08T05:29:12+02:00\",\"dateModified\":\"2016-09-08T05:29:12+02:00\",\"inLanguage\":\"es-ES\",\"mainEntityOfPage\":{\"@id\":\"https:\\\/\\\/www.eldigitaldeasturias.com\\\/noticias\\\/xixon-si-puede-critica-el-uso-del-parque-de-isabel-la-catolica-para-el-gijon-central-park\\\/#webpage\"},\"isPartOf\":{\"@id\":\"https:\\\/\\\/www.eldigitaldeasturias.com\\\/noticias\\\/xixon-si-puede-critica-el-uso-del-parque-de-isabel-la-catolica-para-el-gijon-central-park\\\/#webpage\"},\"articleSection\":\"Actualidad Asturias\"},{\"@type\":\"BreadcrumbList\",\"@id\":\"https:\\\/\\\/www.eldigitaldeasturias.com\\\/noticias\\\/xixon-si-puede-critica-el-uso-del-parque-de-isabel-la-catolica-para-el-gijon-central-park\\\/#breadcrumblist\",\"itemListElement\":[{\"@type\":\"ListItem\",\"@id\":\"https:\\\/\\\/www.eldigitaldeasturias.com\\\/noticias#listItem\",\"position\":1,\"name\":\"Home\",\"item\":\"https:\\\/\\\/www.eldigitaldeasturias.com\\\/noticias\",\"nextItem\":{\"@type\":\"ListItem\",\"@id\":\"https:\\\/\\\/www.eldigitaldeasturias.com\\\/noticias\\\/category\\\/actualidad-asturias\\\/#listItem\",\"name\":\"Actualidad Asturias\"}},{\"@type\":\"ListItem\",\"@id\":\"https:\\\/\\\/www.eldigitaldeasturias.com\\\/noticias\\\/category\\\/actualidad-asturias\\\/#listItem\",\"position\":2,\"name\":\"Actualidad Asturias\",\"item\":\"https:\\\/\\\/www.eldigitaldeasturias.com\\\/noticias\\\/category\\\/actualidad-asturias\\\/\",\"nextItem\":{\"@type\":\"ListItem\",\"@id\":\"https:\\\/\\\/www.eldigitaldeasturias.com\\\/noticias\\\/xixon-si-puede-critica-el-uso-del-parque-de-isabel-la-catolica-para-el-gijon-central-park\\\/#listItem\",\"name\":\"Xix\\u00f3n S\\u00ed Puede cr\\u00edtica el uso del Parque de Isabel La Cat\\u00f3lica para el &#8216;Gij\\u00f3n Central Park&#8217;\"},\"previousItem\":{\"@type\":\"ListItem\",\"@id\":\"https:\\\/\\\/www.eldigitaldeasturias.com\\\/noticias#listItem\",\"name\":\"Home\"}},{\"@type\":\"ListItem\",\"@id\":\"https:\\\/\\\/www.eldigitaldeasturias.com\\\/noticias\\\/xixon-si-puede-critica-el-uso-del-parque-de-isabel-la-catolica-para-el-gijon-central-park\\\/#listItem\",\"position\":3,\"name\":\"Xix\\u00f3n S\\u00ed Puede cr\\u00edtica el uso del Parque de Isabel La Cat\\u00f3lica para el &#8216;Gij\\u00f3n Central Park&#8217;\",\"previousItem\":{\"@type\":\"ListItem\",\"@id\":\"https:\\\/\\\/www.eldigitaldeasturias.com\\\/noticias\\\/category\\\/actualidad-asturias\\\/#listItem\",\"name\":\"Actualidad Asturias\"}}]},{\"@type\":\"Organization\",\"@id\":\"https:\\\/\\\/www.eldigitaldeasturias.com\\\/noticias\\\/#organization\",\"name\":\"El Digital de Asturias\",\"description\":\"Hemeroteca\",\"url\":\"https:\\\/\\\/www.eldigitaldeasturias.com\\\/noticias\\\/\",\"email\":\"info@eldigitaldeasturias.com\",\"telephone\":\"+34652131393\",\"logo\":{\"@type\":\"ImageObject\",\"url\":\"https:\\\/\\\/www.eldigitaldeasturias.com\\\/noticias\\\/wp-content\\\/uploads\\\/2020\\\/12\\\/EDA.jpg\",\"@id\":\"https:\\\/\\\/www.eldigitaldeasturias.com\\\/noticias\\\/xixon-si-puede-critica-el-uso-del-parque-de-isabel-la-catolica-para-el-gijon-central-park\\\/#organizationLogo\",\"width\":649,\"height\":297},\"image\":{\"@id\":\"https:\\\/\\\/www.eldigitaldeasturias.com\\\/noticias\\\/xixon-si-puede-critica-el-uso-del-parque-de-isabel-la-catolica-para-el-gijon-central-park\\\/#organizationLogo\"},\"sameAs\":[\"https:\\\/\\\/facebook.com\\\/eldigitaldeasturias\",\"https:\\\/\\\/www.youtube.com\\\/channel\\\/UCZP-2wLEB9Rv6erhFmqVnvg\"],\"address\":{\"@id\":\"https:\\\/\\\/www.eldigitaldeasturias.com\\\/noticias\\\/#postaladdress\",\"@type\":\"PostalAddress\",\"streetAddress\":\"san antonio 4,\",\"postalCode\":\"33430\",\"addressLocality\":\"Cand\\u00e1s\",\"addressRegion\":\"Asturias\",\"addressCountry\":\"ES\"}},{\"@type\":\"Person\",\"@id\":\"https:\\\/\\\/www.eldigitaldeasturias.com\\\/noticias\\\/author\\\/admin\\\/#author\",\"url\":\"https:\\\/\\\/www.eldigitaldeasturias.com\\\/noticias\\\/author\\\/admin\\\/\",\"name\":\"El Digital de Asturias\",\"image\":{\"@type\":\"ImageObject\",\"@id\":\"https:\\\/\\\/www.eldigitaldeasturias.com\\\/noticias\\\/xixon-si-puede-critica-el-uso-del-parque-de-isabel-la-catolica-para-el-gijon-central-park\\\/#authorImage\",\"url\":\"https:\\\/\\\/www.eldigitaldeasturias.com\\\/noticias\\\/wp-content\\\/litespeed\\\/avatar\\\/18677e78aa0546b92d9dbf31ec7d7668.jpg?ver=1777290358\",\"width\":96,\"height\":96,\"caption\":\"El Digital de Asturias\"}},{\"@type\":\"WebPage\",\"@id\":\"https:\\\/\\\/www.eldigitaldeasturias.com\\\/noticias\\\/xixon-si-puede-critica-el-uso-del-parque-de-isabel-la-catolica-para-el-gijon-central-park\\\/#webpage\",\"url\":\"https:\\\/\\\/www.eldigitaldeasturias.com\\\/noticias\\\/xixon-si-puede-critica-el-uso-del-parque-de-isabel-la-catolica-para-el-gijon-central-park\\\/\",\"name\":\"Xix\\u00f3n S\\u00ed Puede cr\\u00edtica el uso del Parque de Isabel La Cat\\u00f3lica para el \\u2018Gij\\u00f3n Central Park\\u2019 - El Digital de Asturias\",\"description\":\"El parque de Isabel La Cat\\u00f3lica ser\\u00e1 escenario desde este jueves al domingo del festival 'Gij\\u00f3n Central Park', entre cr\\u00edticas de algunos grupos municipales, como Xix\\u00f3n S\\u00ed Puede, por el uso de este espacio para este tipo de eventos. En el festival habr\\u00e1 cabida para la gastronom\\u00eda, deporte, m\\u00fasica, cine al aire libre y actividades\",\"inLanguage\":\"es-ES\",\"isPartOf\":{\"@id\":\"https:\\\/\\\/www.eldigitaldeasturias.com\\\/noticias\\\/#website\"},\"breadcrumb\":{\"@id\":\"https:\\\/\\\/www.eldigitaldeasturias.com\\\/noticias\\\/xixon-si-puede-critica-el-uso-del-parque-de-isabel-la-catolica-para-el-gijon-central-park\\\/#breadcrumblist\"},\"author\":{\"@id\":\"https:\\\/\\\/www.eldigitaldeasturias.com\\\/noticias\\\/author\\\/admin\\\/#author\"},\"creator\":{\"@id\":\"https:\\\/\\\/www.eldigitaldeasturias.com\\\/noticias\\\/author\\\/admin\\\/#author\"},\"image\":{\"@type\":\"ImageObject\",\"url\":\"https:\\\/\\\/www.eldigitaldeasturias.com\\\/noticias\\\/wp-content\\\/uploads\\\/2016\\\/03\\\/gijon.jpg\",\"@id\":\"https:\\\/\\\/www.eldigitaldeasturias.com\\\/noticias\\\/xixon-si-puede-critica-el-uso-del-parque-de-isabel-la-catolica-para-el-gijon-central-park\\\/#mainImage\",\"width\":800,\"height\":450},\"primaryImageOfPage\":{\"@id\":\"https:\\\/\\\/www.eldigitaldeasturias.com\\\/noticias\\\/xixon-si-puede-critica-el-uso-del-parque-de-isabel-la-catolica-para-el-gijon-central-park\\\/#mainImage\"},\"datePublished\":\"2016-09-08T05:29:12+02:00\",\"dateModified\":\"2016-09-08T05:29:12+02:00\"},{\"@type\":\"WebSite\",\"@id\":\"https:\\\/\\\/www.eldigitaldeasturias.com\\\/noticias\\\/#website\",\"url\":\"https:\\\/\\\/www.eldigitaldeasturias.com\\\/noticias\\\/\",\"name\":\"El Digital de Asturias - Diario de actualidad y noticias\",\"alternateName\":\"El Digital de Asturias - Diario de actualidad y noticias\",\"description\":\"Hemeroteca\",\"inLanguage\":\"es-ES\",\"publisher\":{\"@id\":\"https:\\\/\\\/www.eldigitaldeasturias.com\\\/noticias\\\/#organization\"}}]}\n\t\t<\/script>\n\t\t<!-- All in One SEO Pro -->\r\n\t\t<title>Xix\u00f3n S\u00ed Puede cr\u00edtica el uso del Parque de Isabel La Cat\u00f3lica para el \u2018Gij\u00f3n Central Park\u2019 - El Digital de Asturias<\/title>\n\n","aioseo_head_json":{"title":"Xix\u00f3n S\u00ed Puede cr\u00edtica el uso del Parque de Isabel La Cat\u00f3lica para el \u2018Gij\u00f3n Central Park\u2019 - El Digital de Asturias","description":"El parque de Isabel La Cat\u00f3lica ser\u00e1 escenario desde este jueves al domingo del festival 'Gij\u00f3n Central Park', entre cr\u00edticas de algunos grupos municipales, como Xix\u00f3n S\u00ed Puede, por el uso de este espacio para este tipo de eventos. En el festival habr\u00e1 cabida para la gastronom\u00eda, deporte, m\u00fasica, cine al aire libre y actividades","canonical_url":"https:\/\/www.eldigitaldeasturias.com\/noticias\/xixon-si-puede-critica-el-uso-del-parque-de-isabel-la-catolica-para-el-gijon-central-park\/","robots":"max-image-preview:large","keywords":"actualidad asturias","webmasterTools":{"google-site-verification":"UA-38556648-1","msvalidate.01":"7dfe9f3f1b24437ab69f4f2559babe99","miscellaneous":""},"schema":{"@context":"https:\/\/schema.org","@graph":[{"@type":"BlogPosting","@id":"https:\/\/www.eldigitaldeasturias.com\/noticias\/xixon-si-puede-critica-el-uso-del-parque-de-isabel-la-catolica-para-el-gijon-central-park\/#blogposting","name":"Xix\u00f3n S\u00ed Puede cr\u00edtica el uso del Parque de Isabel La Cat\u00f3lica para el \u2018Gij\u00f3n Central Park\u2019 - El Digital de Asturias","headline":"Xix\u00f3n S\u00ed Puede cr\u00edtica el uso del Parque de Isabel La Cat\u00f3lica para el &#8216;Gij\u00f3n Central Park&#8217;","author":{"@id":"https:\/\/www.eldigitaldeasturias.com\/noticias\/author\/admin\/#author"},"publisher":{"@id":"https:\/\/www.eldigitaldeasturias.com\/noticias\/#organization"},"image":{"@type":"ImageObject","url":"https:\/\/www.eldigitaldeasturias.com\/noticias\/wp-content\/uploads\/2016\/03\/gijon.jpg","width":800,"height":450},"datePublished":"2016-09-08T05:29:12+02:00","dateModified":"2016-09-08T05:29:12+02:00","inLanguage":"es-ES","mainEntityOfPage":{"@id":"https:\/\/www.eldigitaldeasturias.com\/noticias\/xixon-si-puede-critica-el-uso-del-parque-de-isabel-la-catolica-para-el-gijon-central-park\/#webpage"},"isPartOf":{"@id":"https:\/\/www.eldigitaldeasturias.com\/noticias\/xixon-si-puede-critica-el-uso-del-parque-de-isabel-la-catolica-para-el-gijon-central-park\/#webpage"},"articleSection":"Actualidad Asturias"},{"@type":"BreadcrumbList","@id":"https:\/\/www.eldigitaldeasturias.com\/noticias\/xixon-si-puede-critica-el-uso-del-parque-de-isabel-la-catolica-para-el-gijon-central-park\/#breadcrumblist","itemListElement":[{"@type":"ListItem","@id":"https:\/\/www.eldigitaldeasturias.com\/noticias#listItem","position":1,"name":"Home","item":"https:\/\/www.eldigitaldeasturias.com\/noticias","nextItem":{"@type":"ListItem","@id":"https:\/\/www.eldigitaldeasturias.com\/noticias\/category\/actualidad-asturias\/#listItem","name":"Actualidad Asturias"}},{"@type":"ListItem","@id":"https:\/\/www.eldigitaldeasturias.com\/noticias\/category\/actualidad-asturias\/#listItem","position":2,"name":"Actualidad Asturias","item":"https:\/\/www.eldigitaldeasturias.com\/noticias\/category\/actualidad-asturias\/","nextItem":{"@type":"ListItem","@id":"https:\/\/www.eldigitaldeasturias.com\/noticias\/xixon-si-puede-critica-el-uso-del-parque-de-isabel-la-catolica-para-el-gijon-central-park\/#listItem","name":"Xix\u00f3n S\u00ed Puede cr\u00edtica el uso del Parque de Isabel La Cat\u00f3lica para el &#8216;Gij\u00f3n Central Park&#8217;"},"previousItem":{"@type":"ListItem","@id":"https:\/\/www.eldigitaldeasturias.com\/noticias#listItem","name":"Home"}},{"@type":"ListItem","@id":"https:\/\/www.eldigitaldeasturias.com\/noticias\/xixon-si-puede-critica-el-uso-del-parque-de-isabel-la-catolica-para-el-gijon-central-park\/#listItem","position":3,"name":"Xix\u00f3n S\u00ed Puede cr\u00edtica el uso del Parque de Isabel La Cat\u00f3lica para el &#8216;Gij\u00f3n Central Park&#8217;","previousItem":{"@type":"ListItem","@id":"https:\/\/www.eldigitaldeasturias.com\/noticias\/category\/actualidad-asturias\/#listItem","name":"Actualidad Asturias"}}]},{"@type":"Organization","@id":"https:\/\/www.eldigitaldeasturias.com\/noticias\/#organization","name":"El Digital de Asturias","description":"Hemeroteca","url":"https:\/\/www.eldigitaldeasturias.com\/noticias\/","email":"info@eldigitaldeasturias.com","telephone":"+34652131393","logo":{"@type":"ImageObject","url":"https:\/\/www.eldigitaldeasturias.com\/noticias\/wp-content\/uploads\/2020\/12\/EDA.jpg","@id":"https:\/\/www.eldigitaldeasturias.com\/noticias\/xixon-si-puede-critica-el-uso-del-parque-de-isabel-la-catolica-para-el-gijon-central-park\/#organizationLogo","width":649,"height":297},"image":{"@id":"https:\/\/www.eldigitaldeasturias.com\/noticias\/xixon-si-puede-critica-el-uso-del-parque-de-isabel-la-catolica-para-el-gijon-central-park\/#organizationLogo"},"sameAs":["https:\/\/facebook.com\/eldigitaldeasturias","https:\/\/www.youtube.com\/channel\/UCZP-2wLEB9Rv6erhFmqVnvg"],"address":{"@id":"https:\/\/www.eldigitaldeasturias.com\/noticias\/#postaladdress","@type":"PostalAddress","streetAddress":"san antonio 4,","postalCode":"33430","addressLocality":"Cand\u00e1s","addressRegion":"Asturias","addressCountry":"ES"}},{"@type":"Person","@id":"https:\/\/www.eldigitaldeasturias.com\/noticias\/author\/admin\/#author","url":"https:\/\/www.eldigitaldeasturias.com\/noticias\/author\/admin\/","name":"El Digital de Asturias","image":{"@type":"ImageObject","@id":"https:\/\/www.eldigitaldeasturias.com\/noticias\/xixon-si-puede-critica-el-uso-del-parque-de-isabel-la-catolica-para-el-gijon-central-park\/#authorImage","url":"https:\/\/www.eldigitaldeasturias.com\/noticias\/wp-content\/litespeed\/avatar\/18677e78aa0546b92d9dbf31ec7d7668.jpg?ver=1777290358","width":96,"height":96,"caption":"El Digital de Asturias"}},{"@type":"WebPage","@id":"https:\/\/www.eldigitaldeasturias.com\/noticias\/xixon-si-puede-critica-el-uso-del-parque-de-isabel-la-catolica-para-el-gijon-central-park\/#webpage","url":"https:\/\/www.eldigitaldeasturias.com\/noticias\/xixon-si-puede-critica-el-uso-del-parque-de-isabel-la-catolica-para-el-gijon-central-park\/","name":"Xix\u00f3n S\u00ed Puede cr\u00edtica el uso del Parque de Isabel La Cat\u00f3lica para el \u2018Gij\u00f3n Central Park\u2019 - El Digital de Asturias","description":"El parque de Isabel La Cat\u00f3lica ser\u00e1 escenario desde este jueves al domingo del festival 'Gij\u00f3n Central Park', entre cr\u00edticas de algunos grupos municipales, como Xix\u00f3n S\u00ed Puede, por el uso de este espacio para este tipo de eventos. En el festival habr\u00e1 cabida para la gastronom\u00eda, deporte, m\u00fasica, cine al aire libre y actividades","inLanguage":"es-ES","isPartOf":{"@id":"https:\/\/www.eldigitaldeasturias.com\/noticias\/#website"},"breadcrumb":{"@id":"https:\/\/www.eldigitaldeasturias.com\/noticias\/xixon-si-puede-critica-el-uso-del-parque-de-isabel-la-catolica-para-el-gijon-central-park\/#breadcrumblist"},"author":{"@id":"https:\/\/www.eldigitaldeasturias.com\/noticias\/author\/admin\/#author"},"creator":{"@id":"https:\/\/www.eldigitaldeasturias.com\/noticias\/author\/admin\/#author"},"image":{"@type":"ImageObject","url":"https:\/\/www.eldigitaldeasturias.com\/noticias\/wp-content\/uploads\/2016\/03\/gijon.jpg","@id":"https:\/\/www.eldigitaldeasturias.com\/noticias\/xixon-si-puede-critica-el-uso-del-parque-de-isabel-la-catolica-para-el-gijon-central-park\/#mainImage","width":800,"height":450},"primaryImageOfPage":{"@id":"https:\/\/www.eldigitaldeasturias.com\/noticias\/xixon-si-puede-critica-el-uso-del-parque-de-isabel-la-catolica-para-el-gijon-central-park\/#mainImage"},"datePublished":"2016-09-08T05:29:12+02:00","dateModified":"2016-09-08T05:29:12+02:00"},{"@type":"WebSite","@id":"https:\/\/www.eldigitaldeasturias.com\/noticias\/#website","url":"https:\/\/www.eldigitaldeasturias.com\/noticias\/","name":"El Digital de Asturias - Diario de actualidad y noticias","alternateName":"El Digital de Asturias - Diario de actualidad y noticias","description":"Hemeroteca","inLanguage":"es-ES","publisher":{"@id":"https:\/\/www.eldigitaldeasturias.com\/noticias\/#organization"}}]},"og:locale":"es_ES","og:site_name":"El Digital de Asturias","og:type":"article","og:title":"Xix\u00f3n S\u00ed Puede cr\u00edtica el uso del Parque de Isabel La Cat\u00f3lica para el \u2018Gij\u00f3n Central Park\u2019 - El Digital de Asturias","og:description":"El parque de Isabel La Cat\u00f3lica ser\u00e1 escenario desde este jueves al domingo del festival 'Gij\u00f3n Central Park', entre cr\u00edticas de algunos grupos municipales, como Xix\u00f3n S\u00ed Puede, por el uso de este espacio para este tipo de eventos. En el festival habr\u00e1 cabida para la gastronom\u00eda, deporte, m\u00fasica, cine al aire libre y actividades","og:url":"https:\/\/www.eldigitaldeasturias.com\/noticias\/xixon-si-puede-critica-el-uso-del-parque-de-isabel-la-catolica-para-el-gijon-central-park\/","og:image":"https:\/\/www.eldigitaldeasturias.com\/noticias\/wp-content\/uploads\/2016\/03\/gijon.jpg","og:image:secure_url":"https:\/\/www.eldigitaldeasturias.com\/noticias\/wp-content\/uploads\/2016\/03\/gijon.jpg","og:image:width":800,"og:image:height":450,"article:tag":["actualidad asturias"],"article:published_time":"2016-09-08T04:29:12+00:00","article:modified_time":"2016-09-08T04:29:12+00:00","article:publisher":"https:\/\/facebook.com\/eldigitaldeasturias","twitter:card":"summary_large_image","twitter:title":"Xix\u00f3n S\u00ed Puede cr\u00edtica el uso del Parque de Isabel La Cat\u00f3lica para el \u2018Gij\u00f3n Central Park\u2019 - El Digital de Asturias","twitter:description":"El parque de Isabel La Cat\u00f3lica ser\u00e1 escenario desde este jueves al domingo del festival 'Gij\u00f3n Central Park', entre cr\u00edticas de algunos grupos municipales, como Xix\u00f3n S\u00ed Puede, por el uso de este espacio para este tipo de eventos. En el festival habr\u00e1 cabida para la gastronom\u00eda, deporte, m\u00fasica, cine al aire libre y actividades","twitter:image":"https:\/\/www.eldigitaldeasturias.com\/noticias\/wp-content\/uploads\/2016\/03\/gijon.jpg","twitter:label1":"Escrito por","twitter:data1":"El Digital de Asturias","twitter:label2":"Tiempo de lectura estimado","twitter:data2":"2 minutos"},"aioseo_meta_data":{"post_id":"906396","title":null,"description":null,"keywords":null,"keyphrases":null,"primary_term":null,"canonical_url":null,"og_title":null,"og_description":null,"og_object_type":"default","og_image_type":"default","og_image_url":null,"og_image_width":null,"og_image_height":null,"og_image_custom_url":null,"og_image_custom_fields":null,"og_video":null,"og_custom_url":null,"og_article_section":null,"og_article_tags":null,"twitter_use_og":false,"twitter_card":"default","twitter_image_type":"default","twitter_image_url":null,"twitter_image_custom_url":null,"twitter_image_custom_fields":null,"twitter_title":null,"twitter_description":null,"schema":{"blockGraphs":[],"customGraphs":[],"default":{"data":{"Article":[],"Course":[],"Dataset":[],"FAQPage":[],"Movie":[],"Person":[],"Product":[],"ProductReview":[],"Car":[],"Recipe":[],"Service":[],"SoftwareApplication":[],"WebPage":[]},"graphName":"","isEnabled":true},"graphs":[]},"schema_type":null,"schema_type_options":null,"pillar_content":false,"robots_default":true,"robots_noindex":false,"robots_noarchive":false,"robots_nosnippet":false,"robots_nofollow":false,"robots_noimageindex":false,"robots_noodp":false,"robots_notranslate":false,"robots_max_snippet":null,"robots_max_videopreview":null,"robots_max_imagepreview":"large","priority":null,"frequency":null,"local_seo":null,"seo_analyzer_scan_date":"2025-11-30 08:52:12","breadcrumb_settings":null,"limit_modified_date":false,"open_ai":null,"ai":null,"created":"2020-12-21 14:01:55","updated":"2025-11-30 08:52:12"},"aioseo_breadcrumb":"<div class=\"aioseo-breadcrumbs\"><span class=\"aioseo-breadcrumb\">\n\t<a href=\"https:\/\/www.eldigitaldeasturias.com\/noticias\" title=\"Home\">Home<\/a>\n<\/span><span class=\"aioseo-breadcrumb-separator\">\u2013<\/span><span class=\"aioseo-breadcrumb\">\n\t<a href=\"https:\/\/www.eldigitaldeasturias.com\/noticias\/category\/actualidad-asturias\/\" title=\"Actualidad Asturias\">Actualidad Asturias<\/a>\n<\/span><span class=\"aioseo-breadcrumb-separator\">\u2013<\/span><span class=\"aioseo-breadcrumb\">\n\t<a href=\"https:\/\/www.eldigitaldeasturias.com\/noticias\/xixon-si-puede-critica-el-uso-del-parque-de-isabel-la-catolica-para-el-gijon-central-park\/\" title=\"Xix\u00f3n S\u00ed Puede cr\u00edtica el uso del Parque de Isabel La Cat\u00f3lica para el \u2018Gij\u00f3n Central Park\u2019\">Xix\u00f3n S\u00ed Puede cr\u00edtica el uso del Parque de Isabel La Cat\u00f3lica para el \u2018Gij\u00f3n Central Park\u2019<\/a>\n<\/span><\/div>","aioseo_breadcrumb_json":[{"label":"Home","link":"https:\/\/www.eldigitaldeasturias.com\/noticias"},{"label":"Actualidad Asturias","link":"https:\/\/www.eldigitaldeasturias.com\/noticias\/category\/actualidad-asturias\/"},{"label":"Xix\u00f3n S\u00ed Puede cr\u00edtica el uso del Parque de Isabel La Cat\u00f3lica para el &#8216;Gij\u00f3n Central Park&#8217;","link":"https:\/\/www.eldigitaldeasturias.com\/noticias\/xixon-si-puede-critica-el-uso-del-parque-de-isabel-la-catolica-para-el-gijon-central-park\/"}],"_links":{"self":[{"href":"https:\/\/www.eldigitaldeasturias.com\/noticias\/wp-json\/wp\/v2\/posts\/906396","targetHints":{"allow":["GET"]}}],"collection":[{"href":"https:\/\/www.eldigitaldeasturias.com\/noticias\/wp-json\/wp\/v2\/posts"}],"about":[{"href":"https:\/\/www.eldigitaldeasturias.com\/noticias\/wp-json\/wp\/v2\/types\/post"}],"author":[{"embeddable":true,"href":"https:\/\/www.eldigitaldeasturias.com\/noticias\/wp-json\/wp\/v2\/users\/1"}],"replies":[{"embeddable":true,"href":"https:\/\/www.eldigitaldeasturias.com\/noticias\/wp-json\/wp\/v2\/comments?post=906396"}],"version-history":[{"count":0,"href":"https:\/\/www.eldigitaldeasturias.com\/noticias\/wp-json\/wp\/v2\/posts\/906396\/revisions"}],"wp:featuredmedia":[{"embeddable":true,"href":"https:\/\/www.eldigitaldeasturias.com\/noticias\/wp-json\/wp\/v2\/media\/865821"}],"wp:attachment":[{"href":"https:\/\/www.eldigitaldeasturias.com\/noticias\/wp-json\/wp\/v2\/media?parent=906396"}],"wp:term":[{"taxonomy":"category","embeddable":true,"href":"https:\/\/www.eldigitaldeasturias.com\/noticias\/wp-json\/wp\/v2\/categories?post=906396"},{"taxonomy":"post_tag","embeddable":true,"href":"https:\/\/www.eldigitaldeasturias.com\/noticias\/wp-json\/wp\/v2\/tags?post=906396"}],"curies":[{"name":"wp","href":"https:\/\/api.w.org\/{rel}","templated":true}]}}