{"id":906393,"date":"2016-09-08T05:25:04","date_gmt":"2016-09-08T04:25:04","guid":{"rendered":"http:\/\/www.eldigitaldeasturias.com\/noticias\/?p=906393"},"modified":"2016-09-08T05:25:04","modified_gmt":"2016-09-08T04:25:04","slug":"el-grupo-9-de-universidades-acuerda-establecer-un-sistema-comun-para-la-admision-de-alumnos","status":"publish","type":"post","link":"https:\/\/www.eldigitaldeasturias.com\/noticias\/el-grupo-9-de-universidades-acuerda-establecer-un-sistema-comun-para-la-admision-de-alumnos\/","title":{"rendered":"El Grupo 9 de Universidades acuerda establecer un sistema com\u00fan para la admisi\u00f3n de alumnos"},"content":{"rendered":"<p><img loading=\"lazy\" decoding=\"async\" class=\"alignleft size-medium wp-image-906394\" src=\"https:\/\/www.eldigitaldeasturias.com\/noticias\/wp-content\/uploads\/2016\/09\/fotonoticia_20160907190305_800-323x320.jpg\" alt=\"fotonoticia_20160907190305_800\" width=\"323\" height=\"320\" srcset=\"https:\/\/www.eldigitaldeasturias.com\/noticias\/wp-content\/uploads\/2016\/09\/fotonoticia_20160907190305_800-323x320.jpg 323w, https:\/\/www.eldigitaldeasturias.com\/noticias\/wp-content\/uploads\/2016\/09\/fotonoticia_20160907190305_800-768x761.jpg 768w, https:\/\/www.eldigitaldeasturias.com\/noticias\/wp-content\/uploads\/2016\/09\/fotonoticia_20160907190305_800-650x644.jpg 650w, https:\/\/www.eldigitaldeasturias.com\/noticias\/wp-content\/uploads\/2016\/09\/fotonoticia_20160907190305_800-50x50.jpg 50w, https:\/\/www.eldigitaldeasturias.com\/noticias\/wp-content\/uploads\/2016\/09\/fotonoticia_20160907190305_800-90x90.jpg 90w, https:\/\/www.eldigitaldeasturias.com\/noticias\/wp-content\/uploads\/2016\/09\/fotonoticia_20160907190305_800.jpg 800w\" sizes=\"auto, (max-width: 323px) 100vw, 323px\" \/>El Grupo 9 de Universidades ha acordado, en el seno de la Comisi\u00f3n Sectorial de Estudiantes reunida este mi\u00e9rcoles en la Universidad de La Rioja, establecer un sistema com\u00fan para la admisi\u00f3n en la universidad en el curso 2017-2018.<\/p>\n<p>El acuerdo persigue asegurar la movilidad de estudiantes en todo el territorio. El documento ser\u00e1 elevado a la CRUE para tratar de extender el acuerdo al resto de universidades, de modo que se siga garantizando el distrito \u00fanico universitario.<\/p>\n<p>En l\u00edneas generales, el proceso de admisi\u00f3n mostrar\u00e1 continuidad respecto al sistema anterior. Concretamente habr\u00e1 una sola prueba para la admisi\u00f3n a las universidades, que ser\u00e1 organizada en cada comunidad aut\u00f3noma y permitir\u00e1 mantener la estructura de calificaciones de la PAU.<\/p>\n<p>As\u00ed, en la nota de acceso -hasta un m\u00e1ximo de 10 puntos- la media aritm\u00e9tica de las calificaciones obtenidas en los dos cursos de Bachillerato supondr\u00e1 un 60 por ciento de dicha nota, y el 40 por ciento restante provendr\u00e1 de la calificaci\u00f3n obtenida en la prueba que se organice al efecto en cada comunidad aut\u00f3noma.<\/p>\n<p>Para obtener los cuatro puntos adicionales de nota espec\u00edfica se mantienen esencialmente las mismas ponderaciones que en cursos anteriores, aunque incorporando las nuevas asignaturas de 2\u00ba de Bachillerato. En cualquier caso, el acuerdo asegura que todos los alumnos tendr\u00e1n la posibilidad de obtener la calificaci\u00f3n m\u00e1xima de 14 puntos con las calificaciones de materias troncales generales y troncales de opci\u00f3n.<\/p>\n<p>Con esto se garantiza la igualdad de oportunidades para todos los alumnos que quieran acceder a la universidad independientemente de la oferta actual de los centros educativos y de la casu\u00edstica de cada comunidad aut\u00f3noma.<\/p>\n<p>El documento aprobado se ha elaborado a partir de las propuestas planteadas en cada una de las universidades del Grupo G9 y de los acuerdos adoptados en las sucesivas reuniones de la Sectorial de Estudiantes del G9 que han tenido lugar entre los a\u00f1os 2014 y 2016. Tambi\u00e9n se han tenido en cuenta los aspectos tratados en la comisi\u00f3n CRUE Asuntos Estudiantiles y en los grupos de trabajo de Acceso y Admisi\u00f3n.<\/p>\n<p>Se estructura en tres apartados: criterios generales de admisi\u00f3n comunes a todas las universidades, criterios de admisi\u00f3n espec\u00edficos por universidades y, para terminar, procedimiento por v\u00edas y cupos. Entre otros aspectos, se contemplan factores cuya regulaci\u00f3n no depende de las universidades y que, sin embargo, determinan y condicionan los acuerdos adoptados.<\/p>\n<p>La diferenciaci\u00f3n entre criterios comunes y propios de admisi\u00f3n responde a un doble objetivo: por un lado, respetar la autonom\u00eda de las universidades y, por otro, garantizar que los criterios de admisi\u00f3n que finalmente establezca cada universidad respeten la igualdad de oportunidades de acceso y admisi\u00f3n de los estudiantes, con independencia de la comunidad aut\u00f3noma de procedencia.<\/p>\n<p>El Grupo 9 de Universidades (G-9) es una asociaci\u00f3n integrada por las universidades que son las \u00fanicas de car\u00e1cter p\u00fablico en sus respectivas Comunidades Aut\u00f3nomas: Universidad de Cantabria, Universidad de Castilla-La Mancha, Universidad de Extremadura, Universitat de les Illes Balears, Universidad de La Rioja, Universidad de Oviedo, Universidad del Pa\u00eds Vasco, Universidad P\u00fablica de Navarra y Universidad de Zaragoza. Agrupa conjuntamente a unos 200.000 estudiantes presenciales.<\/p>\n<p>&nbsp;<\/p>\n","protected":false},"excerpt":{"rendered":"<p>El Grupo 9 de Universidades ha acordado, en el seno de la Comisi\u00f3n Sectorial de Estudiantes reunida este mi\u00e9rcoles en la Universidad de La Rioja, establecer un sistema com\u00fan para la admisi\u00f3n en la universidad en el curso 2017-2018. El acuerdo persigue asegurar la movilidad de estudiantes en todo el territorio. El documento ser\u00e1 elevado [&hellip;]<\/p>\n","protected":false},"author":1,"featured_media":794665,"comment_status":"closed","ping_status":"closed","sticky":false,"template":"","format":"standard","meta":{"footnotes":""},"categories":[28],"tags":[],"class_list":["post-906393","post","type-post","status-publish","format-standard","has-post-thumbnail","hentry","category-sociedad"],"aioseo_notices":[],"aioseo_head":"\n\t\t<!-- All in One SEO Pro 4.9.6.2 - aioseo.com -->\n\t<meta name=\"description\" content=\"El Grupo 9 de Universidades ha acordado, en el seno de la Comisi\u00f3n Sectorial de Estudiantes reunida este mi\u00e9rcoles en la Universidad de La Rioja, establecer un sistema com\u00fan para la admisi\u00f3n en la universidad en el curso 2017-2018. El acuerdo persigue asegurar la movilidad de estudiantes en todo el territorio. El documento ser\u00e1 elevado\" \/>\n\t<meta name=\"robots\" content=\"max-image-preview:large\" \/>\n\t<meta name=\"author\" content=\"El Digital de Asturias\"\/>\n\t<meta name=\"google-site-verification\" content=\"UA-38556648-1\" \/>\n\t<meta name=\"msvalidate.01\" content=\"7dfe9f3f1b24437ab69f4f2559babe99\" \/>\n\t<meta name=\"keywords\" content=\"sociedad\" \/>\n\t<link rel=\"canonical\" href=\"https:\/\/www.eldigitaldeasturias.com\/noticias\/el-grupo-9-de-universidades-acuerda-establecer-un-sistema-comun-para-la-admision-de-alumnos\/\" \/>\n\t<meta name=\"generator\" content=\"All in One SEO Pro (AIOSEO) 4.9.6.2\" \/>\n\t\t<meta property=\"og:locale\" content=\"es_ES\" \/>\n\t\t<meta property=\"og:site_name\" content=\"El Digital de Asturias\" \/>\n\t\t<meta property=\"og:type\" content=\"article\" \/>\n\t\t<meta property=\"og:title\" content=\"El Grupo 9 de Universidades acuerda establecer un sistema com\u00fan para la admisi\u00f3n de alumnos - El Digital de Asturias\" \/>\n\t\t<meta property=\"og:description\" content=\"El Grupo 9 de Universidades ha acordado, en el seno de la Comisi\u00f3n Sectorial de Estudiantes reunida este mi\u00e9rcoles en la Universidad de La Rioja, establecer un sistema com\u00fan para la admisi\u00f3n en la universidad en el curso 2017-2018. El acuerdo persigue asegurar la movilidad de estudiantes en todo el territorio. El documento ser\u00e1 elevado\" \/>\n\t\t<meta property=\"og:url\" content=\"https:\/\/www.eldigitaldeasturias.com\/noticias\/el-grupo-9-de-universidades-acuerda-establecer-un-sistema-comun-para-la-admision-de-alumnos\/\" \/>\n\t\t<meta property=\"og:image\" content=\"https:\/\/www.eldigitaldeasturias.com\/noticias\/wp-content\/uploads\/2015\/07\/universidad-oviedo.jpg\" \/>\n\t\t<meta property=\"og:image:secure_url\" content=\"https:\/\/www.eldigitaldeasturias.com\/noticias\/wp-content\/uploads\/2015\/07\/universidad-oviedo.jpg\" \/>\n\t\t<meta property=\"og:image:width\" content=\"800\" \/>\n\t\t<meta property=\"og:image:height\" content=\"600\" \/>\n\t\t<meta property=\"article:tag\" content=\"sociedad\" \/>\n\t\t<meta property=\"article:published_time\" content=\"2016-09-08T04:25:04+00:00\" \/>\n\t\t<meta property=\"article:modified_time\" content=\"2016-09-08T04:25:04+00:00\" \/>\n\t\t<meta property=\"article:publisher\" content=\"https:\/\/facebook.com\/eldigitaldeasturias\" \/>\n\t\t<meta name=\"twitter:card\" content=\"summary_large_image\" \/>\n\t\t<meta name=\"twitter:title\" content=\"El Grupo 9 de Universidades acuerda establecer un sistema com\u00fan para la admisi\u00f3n de alumnos - El Digital de Asturias\" \/>\n\t\t<meta name=\"twitter:description\" content=\"El Grupo 9 de Universidades ha acordado, en el seno de la Comisi\u00f3n Sectorial de Estudiantes reunida este mi\u00e9rcoles en la Universidad de La Rioja, establecer un sistema com\u00fan para la admisi\u00f3n en la universidad en el curso 2017-2018. El acuerdo persigue asegurar la movilidad de estudiantes en todo el territorio. El documento ser\u00e1 elevado\" \/>\n\t\t<meta name=\"twitter:image\" content=\"https:\/\/www.eldigitaldeasturias.com\/noticias\/wp-content\/uploads\/2015\/07\/universidad-oviedo.jpg\" \/>\n\t\t<meta name=\"twitter:label1\" content=\"Escrito por\" \/>\n\t\t<meta name=\"twitter:data1\" content=\"El Digital de Asturias\" \/>\n\t\t<meta name=\"twitter:label2\" content=\"Tiempo de lectura estimado\" \/>\n\t\t<meta name=\"twitter:data2\" content=\"3 minutos\" \/>\n\t\t<script type=\"application\/ld+json\" class=\"aioseo-schema\">\n\t\t\t{\"@context\":\"https:\\\/\\\/schema.org\",\"@graph\":[{\"@type\":\"BlogPosting\",\"@id\":\"https:\\\/\\\/www.eldigitaldeasturias.com\\\/noticias\\\/el-grupo-9-de-universidades-acuerda-establecer-un-sistema-comun-para-la-admision-de-alumnos\\\/#blogposting\",\"name\":\"El Grupo 9 de Universidades acuerda establecer un sistema com\\u00fan para la admisi\\u00f3n de alumnos - El Digital de Asturias\",\"headline\":\"El Grupo 9 de Universidades acuerda establecer un sistema com\\u00fan para la admisi\\u00f3n de alumnos\",\"author\":{\"@id\":\"https:\\\/\\\/www.eldigitaldeasturias.com\\\/noticias\\\/author\\\/admin\\\/#author\"},\"publisher\":{\"@id\":\"https:\\\/\\\/www.eldigitaldeasturias.com\\\/noticias\\\/#organization\"},\"image\":{\"@type\":\"ImageObject\",\"url\":\"https:\\\/\\\/www.eldigitaldeasturias.com\\\/noticias\\\/wp-content\\\/uploads\\\/2015\\\/07\\\/universidad-oviedo.jpg\",\"width\":800,\"height\":600},\"datePublished\":\"2016-09-08T05:25:04+02:00\",\"dateModified\":\"2016-09-08T05:25:04+02:00\",\"inLanguage\":\"es-ES\",\"mainEntityOfPage\":{\"@id\":\"https:\\\/\\\/www.eldigitaldeasturias.com\\\/noticias\\\/el-grupo-9-de-universidades-acuerda-establecer-un-sistema-comun-para-la-admision-de-alumnos\\\/#webpage\"},\"isPartOf\":{\"@id\":\"https:\\\/\\\/www.eldigitaldeasturias.com\\\/noticias\\\/el-grupo-9-de-universidades-acuerda-establecer-un-sistema-comun-para-la-admision-de-alumnos\\\/#webpage\"},\"articleSection\":\"Sociedad\"},{\"@type\":\"BreadcrumbList\",\"@id\":\"https:\\\/\\\/www.eldigitaldeasturias.com\\\/noticias\\\/el-grupo-9-de-universidades-acuerda-establecer-un-sistema-comun-para-la-admision-de-alumnos\\\/#breadcrumblist\",\"itemListElement\":[{\"@type\":\"ListItem\",\"@id\":\"https:\\\/\\\/www.eldigitaldeasturias.com\\\/noticias#listItem\",\"position\":1,\"name\":\"Home\",\"item\":\"https:\\\/\\\/www.eldigitaldeasturias.com\\\/noticias\",\"nextItem\":{\"@type\":\"ListItem\",\"@id\":\"https:\\\/\\\/www.eldigitaldeasturias.com\\\/noticias\\\/category\\\/sociedad\\\/#listItem\",\"name\":\"Sociedad\"}},{\"@type\":\"ListItem\",\"@id\":\"https:\\\/\\\/www.eldigitaldeasturias.com\\\/noticias\\\/category\\\/sociedad\\\/#listItem\",\"position\":2,\"name\":\"Sociedad\",\"item\":\"https:\\\/\\\/www.eldigitaldeasturias.com\\\/noticias\\\/category\\\/sociedad\\\/\",\"nextItem\":{\"@type\":\"ListItem\",\"@id\":\"https:\\\/\\\/www.eldigitaldeasturias.com\\\/noticias\\\/el-grupo-9-de-universidades-acuerda-establecer-un-sistema-comun-para-la-admision-de-alumnos\\\/#listItem\",\"name\":\"El Grupo 9 de Universidades acuerda establecer un sistema com\\u00fan para la admisi\\u00f3n de alumnos\"},\"previousItem\":{\"@type\":\"ListItem\",\"@id\":\"https:\\\/\\\/www.eldigitaldeasturias.com\\\/noticias#listItem\",\"name\":\"Home\"}},{\"@type\":\"ListItem\",\"@id\":\"https:\\\/\\\/www.eldigitaldeasturias.com\\\/noticias\\\/el-grupo-9-de-universidades-acuerda-establecer-un-sistema-comun-para-la-admision-de-alumnos\\\/#listItem\",\"position\":3,\"name\":\"El Grupo 9 de Universidades acuerda establecer un sistema com\\u00fan para la admisi\\u00f3n de alumnos\",\"previousItem\":{\"@type\":\"ListItem\",\"@id\":\"https:\\\/\\\/www.eldigitaldeasturias.com\\\/noticias\\\/category\\\/sociedad\\\/#listItem\",\"name\":\"Sociedad\"}}]},{\"@type\":\"Organization\",\"@id\":\"https:\\\/\\\/www.eldigitaldeasturias.com\\\/noticias\\\/#organization\",\"name\":\"El Digital de Asturias\",\"description\":\"Hemeroteca\",\"url\":\"https:\\\/\\\/www.eldigitaldeasturias.com\\\/noticias\\\/\",\"email\":\"info@eldigitaldeasturias.com\",\"telephone\":\"+34652131393\",\"logo\":{\"@type\":\"ImageObject\",\"url\":\"https:\\\/\\\/www.eldigitaldeasturias.com\\\/noticias\\\/wp-content\\\/uploads\\\/2020\\\/12\\\/EDA.jpg\",\"@id\":\"https:\\\/\\\/www.eldigitaldeasturias.com\\\/noticias\\\/el-grupo-9-de-universidades-acuerda-establecer-un-sistema-comun-para-la-admision-de-alumnos\\\/#organizationLogo\",\"width\":649,\"height\":297},\"image\":{\"@id\":\"https:\\\/\\\/www.eldigitaldeasturias.com\\\/noticias\\\/el-grupo-9-de-universidades-acuerda-establecer-un-sistema-comun-para-la-admision-de-alumnos\\\/#organizationLogo\"},\"sameAs\":[\"https:\\\/\\\/facebook.com\\\/eldigitaldeasturias\",\"https:\\\/\\\/www.youtube.com\\\/channel\\\/UCZP-2wLEB9Rv6erhFmqVnvg\"],\"address\":{\"@id\":\"https:\\\/\\\/www.eldigitaldeasturias.com\\\/noticias\\\/#postaladdress\",\"@type\":\"PostalAddress\",\"streetAddress\":\"san antonio 4,\",\"postalCode\":\"33430\",\"addressLocality\":\"Cand\\u00e1s\",\"addressRegion\":\"Asturias\",\"addressCountry\":\"ES\"}},{\"@type\":\"Person\",\"@id\":\"https:\\\/\\\/www.eldigitaldeasturias.com\\\/noticias\\\/author\\\/admin\\\/#author\",\"url\":\"https:\\\/\\\/www.eldigitaldeasturias.com\\\/noticias\\\/author\\\/admin\\\/\",\"name\":\"El Digital de Asturias\",\"image\":{\"@type\":\"ImageObject\",\"@id\":\"https:\\\/\\\/www.eldigitaldeasturias.com\\\/noticias\\\/el-grupo-9-de-universidades-acuerda-establecer-un-sistema-comun-para-la-admision-de-alumnos\\\/#authorImage\",\"url\":\"https:\\\/\\\/www.eldigitaldeasturias.com\\\/noticias\\\/wp-content\\\/litespeed\\\/avatar\\\/18677e78aa0546b92d9dbf31ec7d7668.jpg?ver=1777290358\",\"width\":96,\"height\":96,\"caption\":\"El Digital de Asturias\"}},{\"@type\":\"WebPage\",\"@id\":\"https:\\\/\\\/www.eldigitaldeasturias.com\\\/noticias\\\/el-grupo-9-de-universidades-acuerda-establecer-un-sistema-comun-para-la-admision-de-alumnos\\\/#webpage\",\"url\":\"https:\\\/\\\/www.eldigitaldeasturias.com\\\/noticias\\\/el-grupo-9-de-universidades-acuerda-establecer-un-sistema-comun-para-la-admision-de-alumnos\\\/\",\"name\":\"El Grupo 9 de Universidades acuerda establecer un sistema com\\u00fan para la admisi\\u00f3n de alumnos - El Digital de Asturias\",\"description\":\"El Grupo 9 de Universidades ha acordado, en el seno de la Comisi\\u00f3n Sectorial de Estudiantes reunida este mi\\u00e9rcoles en la Universidad de La Rioja, establecer un sistema com\\u00fan para la admisi\\u00f3n en la universidad en el curso 2017-2018. El acuerdo persigue asegurar la movilidad de estudiantes en todo el territorio. El documento ser\\u00e1 elevado\",\"inLanguage\":\"es-ES\",\"isPartOf\":{\"@id\":\"https:\\\/\\\/www.eldigitaldeasturias.com\\\/noticias\\\/#website\"},\"breadcrumb\":{\"@id\":\"https:\\\/\\\/www.eldigitaldeasturias.com\\\/noticias\\\/el-grupo-9-de-universidades-acuerda-establecer-un-sistema-comun-para-la-admision-de-alumnos\\\/#breadcrumblist\"},\"author\":{\"@id\":\"https:\\\/\\\/www.eldigitaldeasturias.com\\\/noticias\\\/author\\\/admin\\\/#author\"},\"creator\":{\"@id\":\"https:\\\/\\\/www.eldigitaldeasturias.com\\\/noticias\\\/author\\\/admin\\\/#author\"},\"image\":{\"@type\":\"ImageObject\",\"url\":\"https:\\\/\\\/www.eldigitaldeasturias.com\\\/noticias\\\/wp-content\\\/uploads\\\/2015\\\/07\\\/universidad-oviedo.jpg\",\"@id\":\"https:\\\/\\\/www.eldigitaldeasturias.com\\\/noticias\\\/el-grupo-9-de-universidades-acuerda-establecer-un-sistema-comun-para-la-admision-de-alumnos\\\/#mainImage\",\"width\":800,\"height\":600},\"primaryImageOfPage\":{\"@id\":\"https:\\\/\\\/www.eldigitaldeasturias.com\\\/noticias\\\/el-grupo-9-de-universidades-acuerda-establecer-un-sistema-comun-para-la-admision-de-alumnos\\\/#mainImage\"},\"datePublished\":\"2016-09-08T05:25:04+02:00\",\"dateModified\":\"2016-09-08T05:25:04+02:00\"},{\"@type\":\"WebSite\",\"@id\":\"https:\\\/\\\/www.eldigitaldeasturias.com\\\/noticias\\\/#website\",\"url\":\"https:\\\/\\\/www.eldigitaldeasturias.com\\\/noticias\\\/\",\"name\":\"El Digital de Asturias - Diario de actualidad y noticias\",\"alternateName\":\"El Digital de Asturias - Diario de actualidad y noticias\",\"description\":\"Hemeroteca\",\"inLanguage\":\"es-ES\",\"publisher\":{\"@id\":\"https:\\\/\\\/www.eldigitaldeasturias.com\\\/noticias\\\/#organization\"}}]}\n\t\t<\/script>\n\t\t<!-- All in One SEO Pro -->\r\n\t\t<title>El Grupo 9 de Universidades acuerda establecer un sistema com\u00fan para la admisi\u00f3n de alumnos - El Digital de Asturias<\/title>\n\n","aioseo_head_json":{"title":"El Grupo 9 de Universidades acuerda establecer un sistema com\u00fan para la admisi\u00f3n de alumnos - El Digital de Asturias","description":"El Grupo 9 de Universidades ha acordado, en el seno de la Comisi\u00f3n Sectorial de Estudiantes reunida este mi\u00e9rcoles en la Universidad de La Rioja, establecer un sistema com\u00fan para la admisi\u00f3n en la universidad en el curso 2017-2018. El acuerdo persigue asegurar la movilidad de estudiantes en todo el territorio. El documento ser\u00e1 elevado","canonical_url":"https:\/\/www.eldigitaldeasturias.com\/noticias\/el-grupo-9-de-universidades-acuerda-establecer-un-sistema-comun-para-la-admision-de-alumnos\/","robots":"max-image-preview:large","keywords":"sociedad","webmasterTools":{"google-site-verification":"UA-38556648-1","msvalidate.01":"7dfe9f3f1b24437ab69f4f2559babe99","miscellaneous":""},"schema":{"@context":"https:\/\/schema.org","@graph":[{"@type":"BlogPosting","@id":"https:\/\/www.eldigitaldeasturias.com\/noticias\/el-grupo-9-de-universidades-acuerda-establecer-un-sistema-comun-para-la-admision-de-alumnos\/#blogposting","name":"El Grupo 9 de Universidades acuerda establecer un sistema com\u00fan para la admisi\u00f3n de alumnos - El Digital de Asturias","headline":"El Grupo 9 de Universidades acuerda establecer un sistema com\u00fan para la admisi\u00f3n de alumnos","author":{"@id":"https:\/\/www.eldigitaldeasturias.com\/noticias\/author\/admin\/#author"},"publisher":{"@id":"https:\/\/www.eldigitaldeasturias.com\/noticias\/#organization"},"image":{"@type":"ImageObject","url":"https:\/\/www.eldigitaldeasturias.com\/noticias\/wp-content\/uploads\/2015\/07\/universidad-oviedo.jpg","width":800,"height":600},"datePublished":"2016-09-08T05:25:04+02:00","dateModified":"2016-09-08T05:25:04+02:00","inLanguage":"es-ES","mainEntityOfPage":{"@id":"https:\/\/www.eldigitaldeasturias.com\/noticias\/el-grupo-9-de-universidades-acuerda-establecer-un-sistema-comun-para-la-admision-de-alumnos\/#webpage"},"isPartOf":{"@id":"https:\/\/www.eldigitaldeasturias.com\/noticias\/el-grupo-9-de-universidades-acuerda-establecer-un-sistema-comun-para-la-admision-de-alumnos\/#webpage"},"articleSection":"Sociedad"},{"@type":"BreadcrumbList","@id":"https:\/\/www.eldigitaldeasturias.com\/noticias\/el-grupo-9-de-universidades-acuerda-establecer-un-sistema-comun-para-la-admision-de-alumnos\/#breadcrumblist","itemListElement":[{"@type":"ListItem","@id":"https:\/\/www.eldigitaldeasturias.com\/noticias#listItem","position":1,"name":"Home","item":"https:\/\/www.eldigitaldeasturias.com\/noticias","nextItem":{"@type":"ListItem","@id":"https:\/\/www.eldigitaldeasturias.com\/noticias\/category\/sociedad\/#listItem","name":"Sociedad"}},{"@type":"ListItem","@id":"https:\/\/www.eldigitaldeasturias.com\/noticias\/category\/sociedad\/#listItem","position":2,"name":"Sociedad","item":"https:\/\/www.eldigitaldeasturias.com\/noticias\/category\/sociedad\/","nextItem":{"@type":"ListItem","@id":"https:\/\/www.eldigitaldeasturias.com\/noticias\/el-grupo-9-de-universidades-acuerda-establecer-un-sistema-comun-para-la-admision-de-alumnos\/#listItem","name":"El Grupo 9 de Universidades acuerda establecer un sistema com\u00fan para la admisi\u00f3n de alumnos"},"previousItem":{"@type":"ListItem","@id":"https:\/\/www.eldigitaldeasturias.com\/noticias#listItem","name":"Home"}},{"@type":"ListItem","@id":"https:\/\/www.eldigitaldeasturias.com\/noticias\/el-grupo-9-de-universidades-acuerda-establecer-un-sistema-comun-para-la-admision-de-alumnos\/#listItem","position":3,"name":"El Grupo 9 de Universidades acuerda establecer un sistema com\u00fan para la admisi\u00f3n de alumnos","previousItem":{"@type":"ListItem","@id":"https:\/\/www.eldigitaldeasturias.com\/noticias\/category\/sociedad\/#listItem","name":"Sociedad"}}]},{"@type":"Organization","@id":"https:\/\/www.eldigitaldeasturias.com\/noticias\/#organization","name":"El Digital de Asturias","description":"Hemeroteca","url":"https:\/\/www.eldigitaldeasturias.com\/noticias\/","email":"info@eldigitaldeasturias.com","telephone":"+34652131393","logo":{"@type":"ImageObject","url":"https:\/\/www.eldigitaldeasturias.com\/noticias\/wp-content\/uploads\/2020\/12\/EDA.jpg","@id":"https:\/\/www.eldigitaldeasturias.com\/noticias\/el-grupo-9-de-universidades-acuerda-establecer-un-sistema-comun-para-la-admision-de-alumnos\/#organizationLogo","width":649,"height":297},"image":{"@id":"https:\/\/www.eldigitaldeasturias.com\/noticias\/el-grupo-9-de-universidades-acuerda-establecer-un-sistema-comun-para-la-admision-de-alumnos\/#organizationLogo"},"sameAs":["https:\/\/facebook.com\/eldigitaldeasturias","https:\/\/www.youtube.com\/channel\/UCZP-2wLEB9Rv6erhFmqVnvg"],"address":{"@id":"https:\/\/www.eldigitaldeasturias.com\/noticias\/#postaladdress","@type":"PostalAddress","streetAddress":"san antonio 4,","postalCode":"33430","addressLocality":"Cand\u00e1s","addressRegion":"Asturias","addressCountry":"ES"}},{"@type":"Person","@id":"https:\/\/www.eldigitaldeasturias.com\/noticias\/author\/admin\/#author","url":"https:\/\/www.eldigitaldeasturias.com\/noticias\/author\/admin\/","name":"El Digital de Asturias","image":{"@type":"ImageObject","@id":"https:\/\/www.eldigitaldeasturias.com\/noticias\/el-grupo-9-de-universidades-acuerda-establecer-un-sistema-comun-para-la-admision-de-alumnos\/#authorImage","url":"https:\/\/www.eldigitaldeasturias.com\/noticias\/wp-content\/litespeed\/avatar\/18677e78aa0546b92d9dbf31ec7d7668.jpg?ver=1777290358","width":96,"height":96,"caption":"El Digital de Asturias"}},{"@type":"WebPage","@id":"https:\/\/www.eldigitaldeasturias.com\/noticias\/el-grupo-9-de-universidades-acuerda-establecer-un-sistema-comun-para-la-admision-de-alumnos\/#webpage","url":"https:\/\/www.eldigitaldeasturias.com\/noticias\/el-grupo-9-de-universidades-acuerda-establecer-un-sistema-comun-para-la-admision-de-alumnos\/","name":"El Grupo 9 de Universidades acuerda establecer un sistema com\u00fan para la admisi\u00f3n de alumnos - El Digital de Asturias","description":"El Grupo 9 de Universidades ha acordado, en el seno de la Comisi\u00f3n Sectorial de Estudiantes reunida este mi\u00e9rcoles en la Universidad de La Rioja, establecer un sistema com\u00fan para la admisi\u00f3n en la universidad en el curso 2017-2018. El acuerdo persigue asegurar la movilidad de estudiantes en todo el territorio. El documento ser\u00e1 elevado","inLanguage":"es-ES","isPartOf":{"@id":"https:\/\/www.eldigitaldeasturias.com\/noticias\/#website"},"breadcrumb":{"@id":"https:\/\/www.eldigitaldeasturias.com\/noticias\/el-grupo-9-de-universidades-acuerda-establecer-un-sistema-comun-para-la-admision-de-alumnos\/#breadcrumblist"},"author":{"@id":"https:\/\/www.eldigitaldeasturias.com\/noticias\/author\/admin\/#author"},"creator":{"@id":"https:\/\/www.eldigitaldeasturias.com\/noticias\/author\/admin\/#author"},"image":{"@type":"ImageObject","url":"https:\/\/www.eldigitaldeasturias.com\/noticias\/wp-content\/uploads\/2015\/07\/universidad-oviedo.jpg","@id":"https:\/\/www.eldigitaldeasturias.com\/noticias\/el-grupo-9-de-universidades-acuerda-establecer-un-sistema-comun-para-la-admision-de-alumnos\/#mainImage","width":800,"height":600},"primaryImageOfPage":{"@id":"https:\/\/www.eldigitaldeasturias.com\/noticias\/el-grupo-9-de-universidades-acuerda-establecer-un-sistema-comun-para-la-admision-de-alumnos\/#mainImage"},"datePublished":"2016-09-08T05:25:04+02:00","dateModified":"2016-09-08T05:25:04+02:00"},{"@type":"WebSite","@id":"https:\/\/www.eldigitaldeasturias.com\/noticias\/#website","url":"https:\/\/www.eldigitaldeasturias.com\/noticias\/","name":"El Digital de Asturias - Diario de actualidad y noticias","alternateName":"El Digital de Asturias - Diario de actualidad y noticias","description":"Hemeroteca","inLanguage":"es-ES","publisher":{"@id":"https:\/\/www.eldigitaldeasturias.com\/noticias\/#organization"}}]},"og:locale":"es_ES","og:site_name":"El Digital de Asturias","og:type":"article","og:title":"El Grupo 9 de Universidades acuerda establecer un sistema com\u00fan para la admisi\u00f3n de alumnos - El Digital de Asturias","og:description":"El Grupo 9 de Universidades ha acordado, en el seno de la Comisi\u00f3n Sectorial de Estudiantes reunida este mi\u00e9rcoles en la Universidad de La Rioja, establecer un sistema com\u00fan para la admisi\u00f3n en la universidad en el curso 2017-2018. El acuerdo persigue asegurar la movilidad de estudiantes en todo el territorio. El documento ser\u00e1 elevado","og:url":"https:\/\/www.eldigitaldeasturias.com\/noticias\/el-grupo-9-de-universidades-acuerda-establecer-un-sistema-comun-para-la-admision-de-alumnos\/","og:image":"https:\/\/www.eldigitaldeasturias.com\/noticias\/wp-content\/uploads\/2015\/07\/universidad-oviedo.jpg","og:image:secure_url":"https:\/\/www.eldigitaldeasturias.com\/noticias\/wp-content\/uploads\/2015\/07\/universidad-oviedo.jpg","og:image:width":800,"og:image:height":600,"article:tag":["sociedad"],"article:published_time":"2016-09-08T04:25:04+00:00","article:modified_time":"2016-09-08T04:25:04+00:00","article:publisher":"https:\/\/facebook.com\/eldigitaldeasturias","twitter:card":"summary_large_image","twitter:title":"El Grupo 9 de Universidades acuerda establecer un sistema com\u00fan para la admisi\u00f3n de alumnos - El Digital de Asturias","twitter:description":"El Grupo 9 de Universidades ha acordado, en el seno de la Comisi\u00f3n Sectorial de Estudiantes reunida este mi\u00e9rcoles en la Universidad de La Rioja, establecer un sistema com\u00fan para la admisi\u00f3n en la universidad en el curso 2017-2018. El acuerdo persigue asegurar la movilidad de estudiantes en todo el territorio. El documento ser\u00e1 elevado","twitter:image":"https:\/\/www.eldigitaldeasturias.com\/noticias\/wp-content\/uploads\/2015\/07\/universidad-oviedo.jpg","twitter:label1":"Escrito por","twitter:data1":"El Digital de Asturias","twitter:label2":"Tiempo de lectura estimado","twitter:data2":"3 minutos"},"aioseo_meta_data":{"post_id":"906393","title":null,"description":null,"keywords":null,"keyphrases":null,"primary_term":null,"canonical_url":null,"og_title":null,"og_description":null,"og_object_type":"default","og_image_type":"default","og_image_url":null,"og_image_width":null,"og_image_height":null,"og_image_custom_url":null,"og_image_custom_fields":null,"og_video":null,"og_custom_url":null,"og_article_section":null,"og_article_tags":null,"twitter_use_og":false,"twitter_card":"default","twitter_image_type":"default","twitter_image_url":null,"twitter_image_custom_url":null,"twitter_image_custom_fields":null,"twitter_title":null,"twitter_description":null,"schema":{"blockGraphs":[],"customGraphs":[],"default":{"data":{"Article":[],"Course":[],"Dataset":[],"FAQPage":[],"Movie":[],"Person":[],"Product":[],"ProductReview":[],"Car":[],"Recipe":[],"Service":[],"SoftwareApplication":[],"WebPage":[]},"graphName":"","isEnabled":true},"graphs":[]},"schema_type":null,"schema_type_options":null,"pillar_content":false,"robots_default":true,"robots_noindex":false,"robots_noarchive":false,"robots_nosnippet":false,"robots_nofollow":false,"robots_noimageindex":false,"robots_noodp":false,"robots_notranslate":false,"robots_max_snippet":null,"robots_max_videopreview":null,"robots_max_imagepreview":"large","priority":null,"frequency":null,"local_seo":null,"seo_analyzer_scan_date":"2025-11-30 08:52:12","breadcrumb_settings":null,"limit_modified_date":false,"open_ai":null,"ai":null,"created":"2020-12-21 14:01:55","updated":"2025-11-30 08:52:12"},"aioseo_breadcrumb":"<div class=\"aioseo-breadcrumbs\"><span class=\"aioseo-breadcrumb\">\n\t<a href=\"https:\/\/www.eldigitaldeasturias.com\/noticias\" title=\"Home\">Home<\/a>\n<\/span><span class=\"aioseo-breadcrumb-separator\">\u2013<\/span><span class=\"aioseo-breadcrumb\">\n\t<a href=\"https:\/\/www.eldigitaldeasturias.com\/noticias\/category\/sociedad\/\" title=\"Sociedad\">Sociedad<\/a>\n<\/span><span class=\"aioseo-breadcrumb-separator\">\u2013<\/span><span class=\"aioseo-breadcrumb\">\n\t<a href=\"https:\/\/www.eldigitaldeasturias.com\/noticias\/el-grupo-9-de-universidades-acuerda-establecer-un-sistema-comun-para-la-admision-de-alumnos\/\" title=\"El Grupo 9 de Universidades acuerda establecer un sistema com\u00fan para la admisi\u00f3n de alumnos\">El Grupo 9 de Universidades acuerda establecer un sistema com\u00fan para la admisi\u00f3n de alumnos<\/a>\n<\/span><\/div>","aioseo_breadcrumb_json":[{"label":"Home","link":"https:\/\/www.eldigitaldeasturias.com\/noticias"},{"label":"Sociedad","link":"https:\/\/www.eldigitaldeasturias.com\/noticias\/category\/sociedad\/"},{"label":"El Grupo 9 de Universidades acuerda establecer un sistema com\u00fan para la admisi\u00f3n de alumnos","link":"https:\/\/www.eldigitaldeasturias.com\/noticias\/el-grupo-9-de-universidades-acuerda-establecer-un-sistema-comun-para-la-admision-de-alumnos\/"}],"_links":{"self":[{"href":"https:\/\/www.eldigitaldeasturias.com\/noticias\/wp-json\/wp\/v2\/posts\/906393","targetHints":{"allow":["GET"]}}],"collection":[{"href":"https:\/\/www.eldigitaldeasturias.com\/noticias\/wp-json\/wp\/v2\/posts"}],"about":[{"href":"https:\/\/www.eldigitaldeasturias.com\/noticias\/wp-json\/wp\/v2\/types\/post"}],"author":[{"embeddable":true,"href":"https:\/\/www.eldigitaldeasturias.com\/noticias\/wp-json\/wp\/v2\/users\/1"}],"replies":[{"embeddable":true,"href":"https:\/\/www.eldigitaldeasturias.com\/noticias\/wp-json\/wp\/v2\/comments?post=906393"}],"version-history":[{"count":0,"href":"https:\/\/www.eldigitaldeasturias.com\/noticias\/wp-json\/wp\/v2\/posts\/906393\/revisions"}],"wp:featuredmedia":[{"embeddable":true,"href":"https:\/\/www.eldigitaldeasturias.com\/noticias\/wp-json\/wp\/v2\/media\/794665"}],"wp:attachment":[{"href":"https:\/\/www.eldigitaldeasturias.com\/noticias\/wp-json\/wp\/v2\/media?parent=906393"}],"wp:term":[{"taxonomy":"category","embeddable":true,"href":"https:\/\/www.eldigitaldeasturias.com\/noticias\/wp-json\/wp\/v2\/categories?post=906393"},{"taxonomy":"post_tag","embeddable":true,"href":"https:\/\/www.eldigitaldeasturias.com\/noticias\/wp-json\/wp\/v2\/tags?post=906393"}],"curies":[{"name":"wp","href":"https:\/\/api.w.org\/{rel}","templated":true}]}}