{"id":906390,"date":"2016-09-08T05:22:23","date_gmt":"2016-09-08T04:22:23","guid":{"rendered":"http:\/\/www.eldigitaldeasturias.com\/noticias\/?p=906390"},"modified":"2016-09-08T05:22:23","modified_gmt":"2016-09-08T04:22:23","slug":"podemos-contara-con-dirigentes-nacionales-en-la-folixa-popular-en-gijon","status":"publish","type":"post","link":"https:\/\/www.eldigitaldeasturias.com\/noticias\/podemos-contara-con-dirigentes-nacionales-en-la-folixa-popular-en-gijon\/","title":{"rendered":"Podemos contar\u00e1 con dirigentes nacionales en la \u201cFolixa Popular\u201d en Gij\u00f3n"},"content":{"rendered":"<p><img loading=\"lazy\" decoding=\"async\" class=\"alignleft size-medium wp-image-906391\" src=\"https:\/\/www.eldigitaldeasturias.com\/noticias\/wp-content\/uploads\/2016\/09\/fotonoticia_20160907185810_800-360x270.jpg\" alt=\"fotonoticia_20160907185810_800\" width=\"360\" height=\"270\" srcset=\"https:\/\/www.eldigitaldeasturias.com\/noticias\/wp-content\/uploads\/2016\/09\/fotonoticia_20160907185810_800-360x270.jpg 360w, https:\/\/www.eldigitaldeasturias.com\/noticias\/wp-content\/uploads\/2016\/09\/fotonoticia_20160907185810_800-768x576.jpg 768w, https:\/\/www.eldigitaldeasturias.com\/noticias\/wp-content\/uploads\/2016\/09\/fotonoticia_20160907185810_800-650x488.jpg 650w, https:\/\/www.eldigitaldeasturias.com\/noticias\/wp-content\/uploads\/2016\/09\/fotonoticia_20160907185810_800-125x95.jpg 125w, https:\/\/www.eldigitaldeasturias.com\/noticias\/wp-content\/uploads\/2016\/09\/fotonoticia_20160907185810_800-100x75.jpg 100w, https:\/\/www.eldigitaldeasturias.com\/noticias\/wp-content\/uploads\/2016\/09\/fotonoticia_20160907185810_800.jpg 800w\" sizes=\"auto, (max-width: 360px) 100vw, 360px\" \/>Dirigentes nacionales de Podemos participar\u00e1n este jueves, d\u00eda 8, en la Folixa Popular que ha organizado Podemos en Gij\u00f3n, con motivo de la celebraci\u00f3n del D\u00eda de Asturias, entre los que estar\u00e1n la diputada Carolina Bescansa y el portavoz de En Com\u00fa Podem en el Congreso de los Diputados, Xavi Dom\u00e8nech.<\/p>\n<p>Adem\u00e1s de estos, el evento, que se desarrollar\u00e1 en el Museo del Pueblo de Asturias, contar\u00e1 con la participaci\u00f3n de la secretaria general de Podemos Euskadi y diputada en el Congreso, Nagua Alba, y el diputado de En Marea en el Congreso, Ant\u00f3n G\u00f3mez Reino. A nivel regional, estar\u00e1n presentes, entre otros, el secretario general de Podemos Asturias, Daniel Ripa, y el portavoz de Podemos Asturias en la Junta General del Principado, Emilio Le\u00f3n.<\/p>\n<p>Durante la Folixa Popular, adem\u00e1s, tendr\u00e1 lugar la mesa redonda &#8216;El momento pol\u00edtico: \u00bfY ahora qu\u00e9?&#8217;, a las 13.00 horas, con la participaci\u00f3n de Dom\u00e8nech, Alga y G\u00f3mez-Reino &#8216;Tone&#8217;, a nivel estatal.<\/p>\n<p>Ya en sesi\u00f3n de tarde, a las 18.30 horas, Bescansa participar\u00e1 en el acto central de la jornada, junto con Dom\u00e9nech, Emilio Le\u00f3n y Patricia D\u00edaz, que ser\u00e1n presentados por el secretario general de Podemos Xix\u00f3n, Mario Su\u00e1rez del Fueyo.<\/p>\n<p>La jornada se cerrar\u00e1 con el concierto Chotoko\u00e9u, a partir de las 19.30 horas. El evento, que dar\u00e1 comienzo a las 12.00 horas, contar\u00e1 adem\u00e1s con juegos tradicionales, talleres infantiles y juveniles, feria del libro, disco, ecol\u00f3gica y artesana y m\u00fasica popular.<\/p>\n<p>&nbsp;<\/p>\n","protected":false},"excerpt":{"rendered":"<p>Dirigentes nacionales de Podemos participar\u00e1n este jueves, d\u00eda 8, en la Folixa Popular que ha organizado Podemos en Gij\u00f3n, con motivo de la celebraci\u00f3n del D\u00eda de Asturias, entre los que estar\u00e1n la diputada Carolina Bescansa y el portavoz de En Com\u00fa Podem en el Congreso de los Diputados, Xavi Dom\u00e8nech. Adem\u00e1s de estos, el [&hellip;]<\/p>\n","protected":false},"author":1,"featured_media":906391,"comment_status":"closed","ping_status":"closed","sticky":false,"template":"","format":"standard","meta":{"footnotes":""},"categories":[12],"tags":[],"class_list":["post-906390","post","type-post","status-publish","format-standard","has-post-thumbnail","hentry","category-actualidad-asturias"],"aioseo_notices":[],"aioseo_head":"\n\t\t<!-- All in One SEO Pro 4.9.6.2 - aioseo.com -->\n\t<meta name=\"description\" content=\"Dirigentes nacionales de Podemos participar\u00e1n este jueves, d\u00eda 8, en la Folixa Popular que ha organizado Podemos en Gij\u00f3n, con motivo de la celebraci\u00f3n del D\u00eda de Asturias, entre los que estar\u00e1n la diputada Carolina Bescansa y el portavoz de En Com\u00fa Podem en el Congreso de los Diputados, Xavi Dom\u00e8nech. Adem\u00e1s de estos, el\" \/>\n\t<meta name=\"robots\" content=\"max-image-preview:large\" \/>\n\t<meta name=\"author\" content=\"El Digital de Asturias\"\/>\n\t<meta name=\"google-site-verification\" content=\"UA-38556648-1\" \/>\n\t<meta name=\"msvalidate.01\" content=\"7dfe9f3f1b24437ab69f4f2559babe99\" \/>\n\t<meta name=\"keywords\" content=\"actualidad asturias\" \/>\n\t<link rel=\"canonical\" href=\"https:\/\/www.eldigitaldeasturias.com\/noticias\/podemos-contara-con-dirigentes-nacionales-en-la-folixa-popular-en-gijon\/\" \/>\n\t<meta name=\"generator\" content=\"All in One SEO Pro (AIOSEO) 4.9.6.2\" \/>\n\t\t<meta property=\"og:locale\" content=\"es_ES\" \/>\n\t\t<meta property=\"og:site_name\" content=\"El Digital de Asturias\" \/>\n\t\t<meta property=\"og:type\" content=\"article\" \/>\n\t\t<meta property=\"og:title\" content=\"Podemos contar\u00e1 con dirigentes nacionales en la \u201cFolixa Popular\u201d en Gij\u00f3n - El Digital de Asturias\" \/>\n\t\t<meta property=\"og:description\" content=\"Dirigentes nacionales de Podemos participar\u00e1n este jueves, d\u00eda 8, en la Folixa Popular que ha organizado Podemos en Gij\u00f3n, con motivo de la celebraci\u00f3n del D\u00eda de Asturias, entre los que estar\u00e1n la diputada Carolina Bescansa y el portavoz de En Com\u00fa Podem en el Congreso de los Diputados, Xavi Dom\u00e8nech. Adem\u00e1s de estos, el\" \/>\n\t\t<meta property=\"og:url\" content=\"https:\/\/www.eldigitaldeasturias.com\/noticias\/podemos-contara-con-dirigentes-nacionales-en-la-folixa-popular-en-gijon\/\" \/>\n\t\t<meta property=\"og:image\" content=\"https:\/\/www.eldigitaldeasturias.com\/noticias\/wp-content\/uploads\/2016\/09\/fotonoticia_20160907185810_800.jpg\" \/>\n\t\t<meta property=\"og:image:secure_url\" content=\"https:\/\/www.eldigitaldeasturias.com\/noticias\/wp-content\/uploads\/2016\/09\/fotonoticia_20160907185810_800.jpg\" \/>\n\t\t<meta property=\"og:image:width\" content=\"800\" \/>\n\t\t<meta property=\"og:image:height\" content=\"600\" \/>\n\t\t<meta property=\"article:tag\" content=\"actualidad asturias\" \/>\n\t\t<meta property=\"article:published_time\" content=\"2016-09-08T04:22:23+00:00\" \/>\n\t\t<meta property=\"article:modified_time\" content=\"2016-09-08T04:22:23+00:00\" \/>\n\t\t<meta property=\"article:publisher\" content=\"https:\/\/facebook.com\/eldigitaldeasturias\" \/>\n\t\t<meta name=\"twitter:card\" content=\"summary_large_image\" \/>\n\t\t<meta name=\"twitter:title\" content=\"Podemos contar\u00e1 con dirigentes nacionales en la \u201cFolixa Popular\u201d en Gij\u00f3n - El Digital de Asturias\" \/>\n\t\t<meta name=\"twitter:description\" content=\"Dirigentes nacionales de Podemos participar\u00e1n este jueves, d\u00eda 8, en la Folixa Popular que ha organizado Podemos en Gij\u00f3n, con motivo de la celebraci\u00f3n del D\u00eda de Asturias, entre los que estar\u00e1n la diputada Carolina Bescansa y el portavoz de En Com\u00fa Podem en el Congreso de los Diputados, Xavi Dom\u00e8nech. Adem\u00e1s de estos, el\" \/>\n\t\t<meta name=\"twitter:image\" content=\"https:\/\/www.eldigitaldeasturias.com\/noticias\/wp-content\/uploads\/2016\/09\/fotonoticia_20160907185810_800.jpg\" \/>\n\t\t<meta name=\"twitter:label1\" content=\"Escrito por\" \/>\n\t\t<meta name=\"twitter:data1\" content=\"El Digital de Asturias\" \/>\n\t\t<meta name=\"twitter:label2\" content=\"Tiempo de lectura estimado\" \/>\n\t\t<meta name=\"twitter:data2\" content=\"1 minuto\" \/>\n\t\t<script type=\"application\/ld+json\" class=\"aioseo-schema\">\n\t\t\t{\"@context\":\"https:\\\/\\\/schema.org\",\"@graph\":[{\"@type\":\"BlogPosting\",\"@id\":\"https:\\\/\\\/www.eldigitaldeasturias.com\\\/noticias\\\/podemos-contara-con-dirigentes-nacionales-en-la-folixa-popular-en-gijon\\\/#blogposting\",\"name\":\"Podemos contar\\u00e1 con dirigentes nacionales en la \\u201cFolixa Popular\\u201d en Gij\\u00f3n - El Digital de Asturias\",\"headline\":\"Podemos contar\\u00e1 con dirigentes nacionales en la \\u201cFolixa Popular\\u201d en Gij\\u00f3n\",\"author\":{\"@id\":\"https:\\\/\\\/www.eldigitaldeasturias.com\\\/noticias\\\/author\\\/admin\\\/#author\"},\"publisher\":{\"@id\":\"https:\\\/\\\/www.eldigitaldeasturias.com\\\/noticias\\\/#organization\"},\"image\":{\"@type\":\"ImageObject\",\"url\":\"https:\\\/\\\/www.eldigitaldeasturias.com\\\/noticias\\\/wp-content\\\/uploads\\\/2016\\\/09\\\/fotonoticia_20160907185810_800.jpg\",\"width\":800,\"height\":600},\"datePublished\":\"2016-09-08T05:22:23+02:00\",\"dateModified\":\"2016-09-08T05:22:23+02:00\",\"inLanguage\":\"es-ES\",\"mainEntityOfPage\":{\"@id\":\"https:\\\/\\\/www.eldigitaldeasturias.com\\\/noticias\\\/podemos-contara-con-dirigentes-nacionales-en-la-folixa-popular-en-gijon\\\/#webpage\"},\"isPartOf\":{\"@id\":\"https:\\\/\\\/www.eldigitaldeasturias.com\\\/noticias\\\/podemos-contara-con-dirigentes-nacionales-en-la-folixa-popular-en-gijon\\\/#webpage\"},\"articleSection\":\"Actualidad Asturias\"},{\"@type\":\"BreadcrumbList\",\"@id\":\"https:\\\/\\\/www.eldigitaldeasturias.com\\\/noticias\\\/podemos-contara-con-dirigentes-nacionales-en-la-folixa-popular-en-gijon\\\/#breadcrumblist\",\"itemListElement\":[{\"@type\":\"ListItem\",\"@id\":\"https:\\\/\\\/www.eldigitaldeasturias.com\\\/noticias#listItem\",\"position\":1,\"name\":\"Home\",\"item\":\"https:\\\/\\\/www.eldigitaldeasturias.com\\\/noticias\",\"nextItem\":{\"@type\":\"ListItem\",\"@id\":\"https:\\\/\\\/www.eldigitaldeasturias.com\\\/noticias\\\/category\\\/actualidad-asturias\\\/#listItem\",\"name\":\"Actualidad Asturias\"}},{\"@type\":\"ListItem\",\"@id\":\"https:\\\/\\\/www.eldigitaldeasturias.com\\\/noticias\\\/category\\\/actualidad-asturias\\\/#listItem\",\"position\":2,\"name\":\"Actualidad Asturias\",\"item\":\"https:\\\/\\\/www.eldigitaldeasturias.com\\\/noticias\\\/category\\\/actualidad-asturias\\\/\",\"nextItem\":{\"@type\":\"ListItem\",\"@id\":\"https:\\\/\\\/www.eldigitaldeasturias.com\\\/noticias\\\/podemos-contara-con-dirigentes-nacionales-en-la-folixa-popular-en-gijon\\\/#listItem\",\"name\":\"Podemos contar\\u00e1 con dirigentes nacionales en la \\u201cFolixa Popular\\u201d en Gij\\u00f3n\"},\"previousItem\":{\"@type\":\"ListItem\",\"@id\":\"https:\\\/\\\/www.eldigitaldeasturias.com\\\/noticias#listItem\",\"name\":\"Home\"}},{\"@type\":\"ListItem\",\"@id\":\"https:\\\/\\\/www.eldigitaldeasturias.com\\\/noticias\\\/podemos-contara-con-dirigentes-nacionales-en-la-folixa-popular-en-gijon\\\/#listItem\",\"position\":3,\"name\":\"Podemos contar\\u00e1 con dirigentes nacionales en la \\u201cFolixa Popular\\u201d en Gij\\u00f3n\",\"previousItem\":{\"@type\":\"ListItem\",\"@id\":\"https:\\\/\\\/www.eldigitaldeasturias.com\\\/noticias\\\/category\\\/actualidad-asturias\\\/#listItem\",\"name\":\"Actualidad Asturias\"}}]},{\"@type\":\"Organization\",\"@id\":\"https:\\\/\\\/www.eldigitaldeasturias.com\\\/noticias\\\/#organization\",\"name\":\"El Digital de Asturias\",\"description\":\"Hemeroteca\",\"url\":\"https:\\\/\\\/www.eldigitaldeasturias.com\\\/noticias\\\/\",\"email\":\"info@eldigitaldeasturias.com\",\"telephone\":\"+34652131393\",\"logo\":{\"@type\":\"ImageObject\",\"url\":\"https:\\\/\\\/www.eldigitaldeasturias.com\\\/noticias\\\/wp-content\\\/uploads\\\/2020\\\/12\\\/EDA.jpg\",\"@id\":\"https:\\\/\\\/www.eldigitaldeasturias.com\\\/noticias\\\/podemos-contara-con-dirigentes-nacionales-en-la-folixa-popular-en-gijon\\\/#organizationLogo\",\"width\":649,\"height\":297},\"image\":{\"@id\":\"https:\\\/\\\/www.eldigitaldeasturias.com\\\/noticias\\\/podemos-contara-con-dirigentes-nacionales-en-la-folixa-popular-en-gijon\\\/#organizationLogo\"},\"sameAs\":[\"https:\\\/\\\/facebook.com\\\/eldigitaldeasturias\",\"https:\\\/\\\/www.youtube.com\\\/channel\\\/UCZP-2wLEB9Rv6erhFmqVnvg\"],\"address\":{\"@id\":\"https:\\\/\\\/www.eldigitaldeasturias.com\\\/noticias\\\/#postaladdress\",\"@type\":\"PostalAddress\",\"streetAddress\":\"san antonio 4,\",\"postalCode\":\"33430\",\"addressLocality\":\"Cand\\u00e1s\",\"addressRegion\":\"Asturias\",\"addressCountry\":\"ES\"}},{\"@type\":\"Person\",\"@id\":\"https:\\\/\\\/www.eldigitaldeasturias.com\\\/noticias\\\/author\\\/admin\\\/#author\",\"url\":\"https:\\\/\\\/www.eldigitaldeasturias.com\\\/noticias\\\/author\\\/admin\\\/\",\"name\":\"El Digital de Asturias\",\"image\":{\"@type\":\"ImageObject\",\"@id\":\"https:\\\/\\\/www.eldigitaldeasturias.com\\\/noticias\\\/podemos-contara-con-dirigentes-nacionales-en-la-folixa-popular-en-gijon\\\/#authorImage\",\"url\":\"https:\\\/\\\/www.eldigitaldeasturias.com\\\/noticias\\\/wp-content\\\/litespeed\\\/avatar\\\/18677e78aa0546b92d9dbf31ec7d7668.jpg?ver=1777290358\",\"width\":96,\"height\":96,\"caption\":\"El Digital de Asturias\"}},{\"@type\":\"WebPage\",\"@id\":\"https:\\\/\\\/www.eldigitaldeasturias.com\\\/noticias\\\/podemos-contara-con-dirigentes-nacionales-en-la-folixa-popular-en-gijon\\\/#webpage\",\"url\":\"https:\\\/\\\/www.eldigitaldeasturias.com\\\/noticias\\\/podemos-contara-con-dirigentes-nacionales-en-la-folixa-popular-en-gijon\\\/\",\"name\":\"Podemos contar\\u00e1 con dirigentes nacionales en la \\u201cFolixa Popular\\u201d en Gij\\u00f3n - El Digital de Asturias\",\"description\":\"Dirigentes nacionales de Podemos participar\\u00e1n este jueves, d\\u00eda 8, en la Folixa Popular que ha organizado Podemos en Gij\\u00f3n, con motivo de la celebraci\\u00f3n del D\\u00eda de Asturias, entre los que estar\\u00e1n la diputada Carolina Bescansa y el portavoz de En Com\\u00fa Podem en el Congreso de los Diputados, Xavi Dom\\u00e8nech. Adem\\u00e1s de estos, el\",\"inLanguage\":\"es-ES\",\"isPartOf\":{\"@id\":\"https:\\\/\\\/www.eldigitaldeasturias.com\\\/noticias\\\/#website\"},\"breadcrumb\":{\"@id\":\"https:\\\/\\\/www.eldigitaldeasturias.com\\\/noticias\\\/podemos-contara-con-dirigentes-nacionales-en-la-folixa-popular-en-gijon\\\/#breadcrumblist\"},\"author\":{\"@id\":\"https:\\\/\\\/www.eldigitaldeasturias.com\\\/noticias\\\/author\\\/admin\\\/#author\"},\"creator\":{\"@id\":\"https:\\\/\\\/www.eldigitaldeasturias.com\\\/noticias\\\/author\\\/admin\\\/#author\"},\"image\":{\"@type\":\"ImageObject\",\"url\":\"https:\\\/\\\/www.eldigitaldeasturias.com\\\/noticias\\\/wp-content\\\/uploads\\\/2016\\\/09\\\/fotonoticia_20160907185810_800.jpg\",\"@id\":\"https:\\\/\\\/www.eldigitaldeasturias.com\\\/noticias\\\/podemos-contara-con-dirigentes-nacionales-en-la-folixa-popular-en-gijon\\\/#mainImage\",\"width\":800,\"height\":600},\"primaryImageOfPage\":{\"@id\":\"https:\\\/\\\/www.eldigitaldeasturias.com\\\/noticias\\\/podemos-contara-con-dirigentes-nacionales-en-la-folixa-popular-en-gijon\\\/#mainImage\"},\"datePublished\":\"2016-09-08T05:22:23+02:00\",\"dateModified\":\"2016-09-08T05:22:23+02:00\"},{\"@type\":\"WebSite\",\"@id\":\"https:\\\/\\\/www.eldigitaldeasturias.com\\\/noticias\\\/#website\",\"url\":\"https:\\\/\\\/www.eldigitaldeasturias.com\\\/noticias\\\/\",\"name\":\"El Digital de Asturias - Diario de actualidad y noticias\",\"alternateName\":\"El Digital de Asturias - Diario de actualidad y noticias\",\"description\":\"Hemeroteca\",\"inLanguage\":\"es-ES\",\"publisher\":{\"@id\":\"https:\\\/\\\/www.eldigitaldeasturias.com\\\/noticias\\\/#organization\"}}]}\n\t\t<\/script>\n\t\t<!-- All in One SEO Pro -->\r\n\t\t<title>Podemos contar\u00e1 con dirigentes nacionales en la \u201cFolixa Popular\u201d en Gij\u00f3n - El Digital de Asturias<\/title>\n\n","aioseo_head_json":{"title":"Podemos contar\u00e1 con dirigentes nacionales en la \u201cFolixa Popular\u201d en Gij\u00f3n - El Digital de Asturias","description":"Dirigentes nacionales de Podemos participar\u00e1n este jueves, d\u00eda 8, en la Folixa Popular que ha organizado Podemos en Gij\u00f3n, con motivo de la celebraci\u00f3n del D\u00eda de Asturias, entre los que estar\u00e1n la diputada Carolina Bescansa y el portavoz de En Com\u00fa Podem en el Congreso de los Diputados, Xavi Dom\u00e8nech. Adem\u00e1s de estos, el","canonical_url":"https:\/\/www.eldigitaldeasturias.com\/noticias\/podemos-contara-con-dirigentes-nacionales-en-la-folixa-popular-en-gijon\/","robots":"max-image-preview:large","keywords":"actualidad asturias","webmasterTools":{"google-site-verification":"UA-38556648-1","msvalidate.01":"7dfe9f3f1b24437ab69f4f2559babe99","miscellaneous":""},"schema":{"@context":"https:\/\/schema.org","@graph":[{"@type":"BlogPosting","@id":"https:\/\/www.eldigitaldeasturias.com\/noticias\/podemos-contara-con-dirigentes-nacionales-en-la-folixa-popular-en-gijon\/#blogposting","name":"Podemos contar\u00e1 con dirigentes nacionales en la \u201cFolixa Popular\u201d en Gij\u00f3n - El Digital de Asturias","headline":"Podemos contar\u00e1 con dirigentes nacionales en la \u201cFolixa Popular\u201d en Gij\u00f3n","author":{"@id":"https:\/\/www.eldigitaldeasturias.com\/noticias\/author\/admin\/#author"},"publisher":{"@id":"https:\/\/www.eldigitaldeasturias.com\/noticias\/#organization"},"image":{"@type":"ImageObject","url":"https:\/\/www.eldigitaldeasturias.com\/noticias\/wp-content\/uploads\/2016\/09\/fotonoticia_20160907185810_800.jpg","width":800,"height":600},"datePublished":"2016-09-08T05:22:23+02:00","dateModified":"2016-09-08T05:22:23+02:00","inLanguage":"es-ES","mainEntityOfPage":{"@id":"https:\/\/www.eldigitaldeasturias.com\/noticias\/podemos-contara-con-dirigentes-nacionales-en-la-folixa-popular-en-gijon\/#webpage"},"isPartOf":{"@id":"https:\/\/www.eldigitaldeasturias.com\/noticias\/podemos-contara-con-dirigentes-nacionales-en-la-folixa-popular-en-gijon\/#webpage"},"articleSection":"Actualidad Asturias"},{"@type":"BreadcrumbList","@id":"https:\/\/www.eldigitaldeasturias.com\/noticias\/podemos-contara-con-dirigentes-nacionales-en-la-folixa-popular-en-gijon\/#breadcrumblist","itemListElement":[{"@type":"ListItem","@id":"https:\/\/www.eldigitaldeasturias.com\/noticias#listItem","position":1,"name":"Home","item":"https:\/\/www.eldigitaldeasturias.com\/noticias","nextItem":{"@type":"ListItem","@id":"https:\/\/www.eldigitaldeasturias.com\/noticias\/category\/actualidad-asturias\/#listItem","name":"Actualidad Asturias"}},{"@type":"ListItem","@id":"https:\/\/www.eldigitaldeasturias.com\/noticias\/category\/actualidad-asturias\/#listItem","position":2,"name":"Actualidad Asturias","item":"https:\/\/www.eldigitaldeasturias.com\/noticias\/category\/actualidad-asturias\/","nextItem":{"@type":"ListItem","@id":"https:\/\/www.eldigitaldeasturias.com\/noticias\/podemos-contara-con-dirigentes-nacionales-en-la-folixa-popular-en-gijon\/#listItem","name":"Podemos contar\u00e1 con dirigentes nacionales en la \u201cFolixa Popular\u201d en Gij\u00f3n"},"previousItem":{"@type":"ListItem","@id":"https:\/\/www.eldigitaldeasturias.com\/noticias#listItem","name":"Home"}},{"@type":"ListItem","@id":"https:\/\/www.eldigitaldeasturias.com\/noticias\/podemos-contara-con-dirigentes-nacionales-en-la-folixa-popular-en-gijon\/#listItem","position":3,"name":"Podemos contar\u00e1 con dirigentes nacionales en la \u201cFolixa Popular\u201d en Gij\u00f3n","previousItem":{"@type":"ListItem","@id":"https:\/\/www.eldigitaldeasturias.com\/noticias\/category\/actualidad-asturias\/#listItem","name":"Actualidad Asturias"}}]},{"@type":"Organization","@id":"https:\/\/www.eldigitaldeasturias.com\/noticias\/#organization","name":"El Digital de Asturias","description":"Hemeroteca","url":"https:\/\/www.eldigitaldeasturias.com\/noticias\/","email":"info@eldigitaldeasturias.com","telephone":"+34652131393","logo":{"@type":"ImageObject","url":"https:\/\/www.eldigitaldeasturias.com\/noticias\/wp-content\/uploads\/2020\/12\/EDA.jpg","@id":"https:\/\/www.eldigitaldeasturias.com\/noticias\/podemos-contara-con-dirigentes-nacionales-en-la-folixa-popular-en-gijon\/#organizationLogo","width":649,"height":297},"image":{"@id":"https:\/\/www.eldigitaldeasturias.com\/noticias\/podemos-contara-con-dirigentes-nacionales-en-la-folixa-popular-en-gijon\/#organizationLogo"},"sameAs":["https:\/\/facebook.com\/eldigitaldeasturias","https:\/\/www.youtube.com\/channel\/UCZP-2wLEB9Rv6erhFmqVnvg"],"address":{"@id":"https:\/\/www.eldigitaldeasturias.com\/noticias\/#postaladdress","@type":"PostalAddress","streetAddress":"san antonio 4,","postalCode":"33430","addressLocality":"Cand\u00e1s","addressRegion":"Asturias","addressCountry":"ES"}},{"@type":"Person","@id":"https:\/\/www.eldigitaldeasturias.com\/noticias\/author\/admin\/#author","url":"https:\/\/www.eldigitaldeasturias.com\/noticias\/author\/admin\/","name":"El Digital de Asturias","image":{"@type":"ImageObject","@id":"https:\/\/www.eldigitaldeasturias.com\/noticias\/podemos-contara-con-dirigentes-nacionales-en-la-folixa-popular-en-gijon\/#authorImage","url":"https:\/\/www.eldigitaldeasturias.com\/noticias\/wp-content\/litespeed\/avatar\/18677e78aa0546b92d9dbf31ec7d7668.jpg?ver=1777290358","width":96,"height":96,"caption":"El Digital de Asturias"}},{"@type":"WebPage","@id":"https:\/\/www.eldigitaldeasturias.com\/noticias\/podemos-contara-con-dirigentes-nacionales-en-la-folixa-popular-en-gijon\/#webpage","url":"https:\/\/www.eldigitaldeasturias.com\/noticias\/podemos-contara-con-dirigentes-nacionales-en-la-folixa-popular-en-gijon\/","name":"Podemos contar\u00e1 con dirigentes nacionales en la \u201cFolixa Popular\u201d en Gij\u00f3n - El Digital de Asturias","description":"Dirigentes nacionales de Podemos participar\u00e1n este jueves, d\u00eda 8, en la Folixa Popular que ha organizado Podemos en Gij\u00f3n, con motivo de la celebraci\u00f3n del D\u00eda de Asturias, entre los que estar\u00e1n la diputada Carolina Bescansa y el portavoz de En Com\u00fa Podem en el Congreso de los Diputados, Xavi Dom\u00e8nech. Adem\u00e1s de estos, el","inLanguage":"es-ES","isPartOf":{"@id":"https:\/\/www.eldigitaldeasturias.com\/noticias\/#website"},"breadcrumb":{"@id":"https:\/\/www.eldigitaldeasturias.com\/noticias\/podemos-contara-con-dirigentes-nacionales-en-la-folixa-popular-en-gijon\/#breadcrumblist"},"author":{"@id":"https:\/\/www.eldigitaldeasturias.com\/noticias\/author\/admin\/#author"},"creator":{"@id":"https:\/\/www.eldigitaldeasturias.com\/noticias\/author\/admin\/#author"},"image":{"@type":"ImageObject","url":"https:\/\/www.eldigitaldeasturias.com\/noticias\/wp-content\/uploads\/2016\/09\/fotonoticia_20160907185810_800.jpg","@id":"https:\/\/www.eldigitaldeasturias.com\/noticias\/podemos-contara-con-dirigentes-nacionales-en-la-folixa-popular-en-gijon\/#mainImage","width":800,"height":600},"primaryImageOfPage":{"@id":"https:\/\/www.eldigitaldeasturias.com\/noticias\/podemos-contara-con-dirigentes-nacionales-en-la-folixa-popular-en-gijon\/#mainImage"},"datePublished":"2016-09-08T05:22:23+02:00","dateModified":"2016-09-08T05:22:23+02:00"},{"@type":"WebSite","@id":"https:\/\/www.eldigitaldeasturias.com\/noticias\/#website","url":"https:\/\/www.eldigitaldeasturias.com\/noticias\/","name":"El Digital de Asturias - Diario de actualidad y noticias","alternateName":"El Digital de Asturias - Diario de actualidad y noticias","description":"Hemeroteca","inLanguage":"es-ES","publisher":{"@id":"https:\/\/www.eldigitaldeasturias.com\/noticias\/#organization"}}]},"og:locale":"es_ES","og:site_name":"El Digital de Asturias","og:type":"article","og:title":"Podemos contar\u00e1 con dirigentes nacionales en la \u201cFolixa Popular\u201d en Gij\u00f3n - El Digital de Asturias","og:description":"Dirigentes nacionales de Podemos participar\u00e1n este jueves, d\u00eda 8, en la Folixa Popular que ha organizado Podemos en Gij\u00f3n, con motivo de la celebraci\u00f3n del D\u00eda de Asturias, entre los que estar\u00e1n la diputada Carolina Bescansa y el portavoz de En Com\u00fa Podem en el Congreso de los Diputados, Xavi Dom\u00e8nech. Adem\u00e1s de estos, el","og:url":"https:\/\/www.eldigitaldeasturias.com\/noticias\/podemos-contara-con-dirigentes-nacionales-en-la-folixa-popular-en-gijon\/","og:image":"https:\/\/www.eldigitaldeasturias.com\/noticias\/wp-content\/uploads\/2016\/09\/fotonoticia_20160907185810_800.jpg","og:image:secure_url":"https:\/\/www.eldigitaldeasturias.com\/noticias\/wp-content\/uploads\/2016\/09\/fotonoticia_20160907185810_800.jpg","og:image:width":800,"og:image:height":600,"article:tag":["actualidad asturias"],"article:published_time":"2016-09-08T04:22:23+00:00","article:modified_time":"2016-09-08T04:22:23+00:00","article:publisher":"https:\/\/facebook.com\/eldigitaldeasturias","twitter:card":"summary_large_image","twitter:title":"Podemos contar\u00e1 con dirigentes nacionales en la \u201cFolixa Popular\u201d en Gij\u00f3n - El Digital de Asturias","twitter:description":"Dirigentes nacionales de Podemos participar\u00e1n este jueves, d\u00eda 8, en la Folixa Popular que ha organizado Podemos en Gij\u00f3n, con motivo de la celebraci\u00f3n del D\u00eda de Asturias, entre los que estar\u00e1n la diputada Carolina Bescansa y el portavoz de En Com\u00fa Podem en el Congreso de los Diputados, Xavi Dom\u00e8nech. Adem\u00e1s de estos, el","twitter:image":"https:\/\/www.eldigitaldeasturias.com\/noticias\/wp-content\/uploads\/2016\/09\/fotonoticia_20160907185810_800.jpg","twitter:label1":"Escrito por","twitter:data1":"El Digital de Asturias","twitter:label2":"Tiempo de lectura estimado","twitter:data2":"1 minuto"},"aioseo_meta_data":{"post_id":"906390","title":null,"description":null,"keywords":null,"keyphrases":null,"primary_term":null,"canonical_url":null,"og_title":null,"og_description":null,"og_object_type":"default","og_image_type":"default","og_image_url":null,"og_image_width":null,"og_image_height":null,"og_image_custom_url":null,"og_image_custom_fields":null,"og_video":null,"og_custom_url":null,"og_article_section":null,"og_article_tags":null,"twitter_use_og":false,"twitter_card":"default","twitter_image_type":"default","twitter_image_url":null,"twitter_image_custom_url":null,"twitter_image_custom_fields":null,"twitter_title":null,"twitter_description":null,"schema":{"blockGraphs":[],"customGraphs":[],"default":{"data":{"Article":[],"Course":[],"Dataset":[],"FAQPage":[],"Movie":[],"Person":[],"Product":[],"ProductReview":[],"Car":[],"Recipe":[],"Service":[],"SoftwareApplication":[],"WebPage":[]},"graphName":"","isEnabled":true},"graphs":[]},"schema_type":null,"schema_type_options":null,"pillar_content":false,"robots_default":true,"robots_noindex":false,"robots_noarchive":false,"robots_nosnippet":false,"robots_nofollow":false,"robots_noimageindex":false,"robots_noodp":false,"robots_notranslate":false,"robots_max_snippet":null,"robots_max_videopreview":null,"robots_max_imagepreview":"large","priority":null,"frequency":null,"local_seo":null,"seo_analyzer_scan_date":"2025-11-30 08:52:11","breadcrumb_settings":null,"limit_modified_date":false,"open_ai":null,"ai":null,"created":"2020-12-21 14:01:55","updated":"2025-11-30 08:52:11"},"aioseo_breadcrumb":"<div class=\"aioseo-breadcrumbs\"><span class=\"aioseo-breadcrumb\">\n\t<a href=\"https:\/\/www.eldigitaldeasturias.com\/noticias\" title=\"Home\">Home<\/a>\n<\/span><span class=\"aioseo-breadcrumb-separator\">\u2013<\/span><span class=\"aioseo-breadcrumb\">\n\t<a href=\"https:\/\/www.eldigitaldeasturias.com\/noticias\/category\/actualidad-asturias\/\" title=\"Actualidad Asturias\">Actualidad Asturias<\/a>\n<\/span><span class=\"aioseo-breadcrumb-separator\">\u2013<\/span><span class=\"aioseo-breadcrumb\">\n\t<a href=\"https:\/\/www.eldigitaldeasturias.com\/noticias\/podemos-contara-con-dirigentes-nacionales-en-la-folixa-popular-en-gijon\/\" title=\"Podemos contar\u00e1 con dirigentes nacionales en la \u201cFolixa Popular\u201d en Gij\u00f3n\">Podemos contar\u00e1 con dirigentes nacionales en la \u201cFolixa Popular\u201d en Gij\u00f3n<\/a>\n<\/span><\/div>","aioseo_breadcrumb_json":[{"label":"Home","link":"https:\/\/www.eldigitaldeasturias.com\/noticias"},{"label":"Actualidad Asturias","link":"https:\/\/www.eldigitaldeasturias.com\/noticias\/category\/actualidad-asturias\/"},{"label":"Podemos contar\u00e1 con dirigentes nacionales en la \u201cFolixa Popular\u201d en Gij\u00f3n","link":"https:\/\/www.eldigitaldeasturias.com\/noticias\/podemos-contara-con-dirigentes-nacionales-en-la-folixa-popular-en-gijon\/"}],"_links":{"self":[{"href":"https:\/\/www.eldigitaldeasturias.com\/noticias\/wp-json\/wp\/v2\/posts\/906390","targetHints":{"allow":["GET"]}}],"collection":[{"href":"https:\/\/www.eldigitaldeasturias.com\/noticias\/wp-json\/wp\/v2\/posts"}],"about":[{"href":"https:\/\/www.eldigitaldeasturias.com\/noticias\/wp-json\/wp\/v2\/types\/post"}],"author":[{"embeddable":true,"href":"https:\/\/www.eldigitaldeasturias.com\/noticias\/wp-json\/wp\/v2\/users\/1"}],"replies":[{"embeddable":true,"href":"https:\/\/www.eldigitaldeasturias.com\/noticias\/wp-json\/wp\/v2\/comments?post=906390"}],"version-history":[{"count":0,"href":"https:\/\/www.eldigitaldeasturias.com\/noticias\/wp-json\/wp\/v2\/posts\/906390\/revisions"}],"wp:featuredmedia":[{"embeddable":true,"href":"https:\/\/www.eldigitaldeasturias.com\/noticias\/wp-json\/wp\/v2\/media\/906391"}],"wp:attachment":[{"href":"https:\/\/www.eldigitaldeasturias.com\/noticias\/wp-json\/wp\/v2\/media?parent=906390"}],"wp:term":[{"taxonomy":"category","embeddable":true,"href":"https:\/\/www.eldigitaldeasturias.com\/noticias\/wp-json\/wp\/v2\/categories?post=906390"},{"taxonomy":"post_tag","embeddable":true,"href":"https:\/\/www.eldigitaldeasturias.com\/noticias\/wp-json\/wp\/v2\/tags?post=906390"}],"curies":[{"name":"wp","href":"https:\/\/api.w.org\/{rel}","templated":true}]}}