{"id":906387,"date":"2016-09-08T05:20:08","date_gmt":"2016-09-08T04:20:08","guid":{"rendered":"http:\/\/www.eldigitaldeasturias.com\/noticias\/?p=906387"},"modified":"2016-09-08T05:20:08","modified_gmt":"2016-09-08T04:20:08","slug":"oviedo-apoya-la-campana-del-telefono-de-la-esperanza-para-la-prevencion-del-suicidio","status":"publish","type":"post","link":"https:\/\/www.eldigitaldeasturias.com\/noticias\/oviedo-apoya-la-campana-del-telefono-de-la-esperanza-para-la-prevencion-del-suicidio\/","title":{"rendered":"Oviedo apoya la campa\u00f1a del Tel\u00e9fono de la Esperanza para la prevenci\u00f3n del suicidio"},"content":{"rendered":"<p><img loading=\"lazy\" decoding=\"async\" class=\"alignleft size-medium wp-image-906388\" src=\"https:\/\/www.eldigitaldeasturias.com\/noticias\/wp-content\/uploads\/2016\/09\/fotonoticia_20160907183843_800-360x181.jpg\" alt=\"fotonoticia_20160907183843_800\" width=\"360\" height=\"181\" srcset=\"https:\/\/www.eldigitaldeasturias.com\/noticias\/wp-content\/uploads\/2016\/09\/fotonoticia_20160907183843_800-360x181.jpg 360w, https:\/\/www.eldigitaldeasturias.com\/noticias\/wp-content\/uploads\/2016\/09\/fotonoticia_20160907183843_800-768x387.jpg 768w, https:\/\/www.eldigitaldeasturias.com\/noticias\/wp-content\/uploads\/2016\/09\/fotonoticia_20160907183843_800-650x327.jpg 650w, https:\/\/www.eldigitaldeasturias.com\/noticias\/wp-content\/uploads\/2016\/09\/fotonoticia_20160907183843_800.jpg 800w\" sizes=\"auto, (max-width: 360px) 100vw, 360px\" \/>La concejala de Atenci\u00f3n a las Personas, Marisa Ponga, ha presentado este mi\u00e9rcoles en el Ayuntamiento de Oviedo la campa\u00f1a divulgativa que, con el lema &#8216;Busca la e&#8230; Espera. Porque hay decisiones que no tienen marcha atr\u00e1s&#8217;, el Tel\u00e9fono de la Esperanza ha puesto en marcha con motivo de la conmemoraci\u00f3n, el pr\u00f3ximo 10 de septiembre, del D\u00eda Mundial de Prevenci\u00f3n del Suicidio.<\/p>\n<p>Con esta campa\u00f1a se busca \u00abponer freno a reacciones impulsivas y transmitir al interlocutor el mensaje de que no est\u00e1 solo\u00bb. As\u00ed lo han explicado la concejala y el presidente del Tel\u00e9fono de la Esperanza de Asturias, Hilario Paz, durante una rueda de prensa.<\/p>\n<p>Seg\u00fan detalla una nota de la web municipal, Ponga ha comenzado su intervenci\u00f3n recordando que seg\u00fan datos del Instituto Nacional de Estad\u00edstica (INE), en Asturias se registraron 149 suicidios en el a\u00f1o 2014. De los fallecidos, 108 eran hombres, 41 mujeres y 12 menores de 18 a\u00f1os.<\/p>\n<p>Estos datos, ha a\u00f1adido la edil, \u00abreflejan el reto al que se enfrenta toda la sociedad y la obligaci\u00f3n que tenemos todos para prevenirlo\u00bb. Por esta raz\u00f3n, ha tildado de \u00abcuenta pendiente de las administraciones\u00bb que \u00aba\u00fan no se disponga\u00bb de un plan integral en este sentido.<\/p>\n<p>De este modo, ha agradecido la labor que lleva a cabo el Tel\u00e9fono de la Esperanza en esta materia y ha valorado el apoyo del Ayuntamiento a esta campa\u00f1a. Ponga ha se\u00f1alado que el objetivo de la misma es transmitir a aquellos que lo est\u00e1n pasando mal \u00abque no est\u00e1n solos, que hay gente que quiere y que sabe ayudarles\u00bb.<\/p>\n<p>El presidente del Tel\u00e9fono de la Esperanza ha definido al suicidio como \u00abuna realidad sobre la que no podemos mirar hacia otro lado\u00bb y ha subrayado que en 2014 el n\u00famero de suicidios fue el doble de los fallecidos en accidente de tr\u00e1fico, lo que \u00abpone de relieve la magnitud del problema\u00bb.<\/p>\n<p>Paz tambi\u00e9n ha explicado que en 2015 el Tel\u00e9fono de la Esperanza recibi\u00f3 146 llamadas de contenido suicida y ha incidido en la \u00abdificultad\u00bb de abordar este tipo de casos en los que confluyen varios factores.<\/p>\n<p>Por \u00faltimo, ha recordado que el Tel\u00e9fono de la Esperanza es un recurso gratuito que est\u00e1 disponible 24 horas al d\u00eda, los 365 d\u00edas del a\u00f1o, con una atenci\u00f3n especializada y an\u00f3nima. Adem\u00e1s, ha agradecido la cesi\u00f3n del Consistorio de espacios publicitarios (mupis) para la campa\u00f1a informativa.<\/p>\n<p>&nbsp;<\/p>\n<p>&nbsp;<\/p>\n","protected":false},"excerpt":{"rendered":"<p>La concejala de Atenci\u00f3n a las Personas, Marisa Ponga, ha presentado este mi\u00e9rcoles en el Ayuntamiento de Oviedo la campa\u00f1a divulgativa que, con el lema &#8216;Busca la e&#8230; Espera. Porque hay decisiones que no tienen marcha atr\u00e1s&#8217;, el Tel\u00e9fono de la Esperanza ha puesto en marcha con motivo de la conmemoraci\u00f3n, el pr\u00f3ximo 10 de [&hellip;]<\/p>\n","protected":false},"author":1,"featured_media":906388,"comment_status":"closed","ping_status":"closed","sticky":false,"template":"","format":"standard","meta":{"footnotes":""},"categories":[12],"tags":[],"class_list":["post-906387","post","type-post","status-publish","format-standard","has-post-thumbnail","hentry","category-actualidad-asturias"],"aioseo_notices":[],"aioseo_head":"\n\t\t<!-- All in One SEO Pro 4.9.6.2 - aioseo.com -->\n\t<meta name=\"description\" content=\"La concejala de Atenci\u00f3n a las Personas, Marisa Ponga, ha presentado este mi\u00e9rcoles en el Ayuntamiento de Oviedo la campa\u00f1a divulgativa que, con el lema &#039;Busca la e... Espera. Porque hay decisiones que no tienen marcha atr\u00e1s&#039;, el Tel\u00e9fono de la Esperanza ha puesto en marcha con motivo de la conmemoraci\u00f3n, el pr\u00f3ximo 10 de\" \/>\n\t<meta name=\"robots\" content=\"max-image-preview:large\" \/>\n\t<meta name=\"author\" content=\"El Digital de Asturias\"\/>\n\t<meta name=\"google-site-verification\" content=\"UA-38556648-1\" \/>\n\t<meta name=\"msvalidate.01\" content=\"7dfe9f3f1b24437ab69f4f2559babe99\" \/>\n\t<meta name=\"keywords\" content=\"actualidad asturias\" \/>\n\t<link rel=\"canonical\" href=\"https:\/\/www.eldigitaldeasturias.com\/noticias\/oviedo-apoya-la-campana-del-telefono-de-la-esperanza-para-la-prevencion-del-suicidio\/\" \/>\n\t<meta name=\"generator\" content=\"All in One SEO Pro (AIOSEO) 4.9.6.2\" \/>\n\t\t<meta property=\"og:locale\" content=\"es_ES\" \/>\n\t\t<meta property=\"og:site_name\" content=\"El Digital de Asturias\" \/>\n\t\t<meta property=\"og:type\" content=\"article\" \/>\n\t\t<meta property=\"og:title\" content=\"Oviedo apoya la campa\u00f1a del Tel\u00e9fono de la Esperanza para la prevenci\u00f3n del suicidio - El Digital de Asturias\" \/>\n\t\t<meta property=\"og:description\" content=\"La concejala de Atenci\u00f3n a las Personas, Marisa Ponga, ha presentado este mi\u00e9rcoles en el Ayuntamiento de Oviedo la campa\u00f1a divulgativa que, con el lema &#039;Busca la e... Espera. Porque hay decisiones que no tienen marcha atr\u00e1s&#039;, el Tel\u00e9fono de la Esperanza ha puesto en marcha con motivo de la conmemoraci\u00f3n, el pr\u00f3ximo 10 de\" \/>\n\t\t<meta property=\"og:url\" content=\"https:\/\/www.eldigitaldeasturias.com\/noticias\/oviedo-apoya-la-campana-del-telefono-de-la-esperanza-para-la-prevencion-del-suicidio\/\" \/>\n\t\t<meta property=\"og:image\" content=\"https:\/\/www.eldigitaldeasturias.com\/noticias\/wp-content\/uploads\/2016\/09\/fotonoticia_20160907183843_800.jpg\" \/>\n\t\t<meta property=\"og:image:secure_url\" content=\"https:\/\/www.eldigitaldeasturias.com\/noticias\/wp-content\/uploads\/2016\/09\/fotonoticia_20160907183843_800.jpg\" \/>\n\t\t<meta property=\"og:image:width\" content=\"800\" \/>\n\t\t<meta property=\"og:image:height\" content=\"403\" \/>\n\t\t<meta property=\"article:tag\" content=\"actualidad asturias\" \/>\n\t\t<meta property=\"article:published_time\" content=\"2016-09-08T04:20:08+00:00\" \/>\n\t\t<meta property=\"article:modified_time\" content=\"2016-09-08T04:20:08+00:00\" \/>\n\t\t<meta property=\"article:publisher\" content=\"https:\/\/facebook.com\/eldigitaldeasturias\" \/>\n\t\t<meta name=\"twitter:card\" content=\"summary_large_image\" \/>\n\t\t<meta name=\"twitter:title\" content=\"Oviedo apoya la campa\u00f1a del Tel\u00e9fono de la Esperanza para la prevenci\u00f3n del suicidio - El Digital de Asturias\" \/>\n\t\t<meta name=\"twitter:description\" content=\"La concejala de Atenci\u00f3n a las Personas, Marisa Ponga, ha presentado este mi\u00e9rcoles en el Ayuntamiento de Oviedo la campa\u00f1a divulgativa que, con el lema &#039;Busca la e... Espera. Porque hay decisiones que no tienen marcha atr\u00e1s&#039;, el Tel\u00e9fono de la Esperanza ha puesto en marcha con motivo de la conmemoraci\u00f3n, el pr\u00f3ximo 10 de\" \/>\n\t\t<meta name=\"twitter:image\" content=\"https:\/\/www.eldigitaldeasturias.com\/noticias\/wp-content\/uploads\/2016\/09\/fotonoticia_20160907183843_800.jpg\" \/>\n\t\t<meta name=\"twitter:label1\" content=\"Escrito por\" \/>\n\t\t<meta name=\"twitter:data1\" content=\"El Digital de Asturias\" \/>\n\t\t<meta name=\"twitter:label2\" content=\"Tiempo de lectura estimado\" \/>\n\t\t<meta name=\"twitter:data2\" content=\"2 minutos\" \/>\n\t\t<script type=\"application\/ld+json\" class=\"aioseo-schema\">\n\t\t\t{\"@context\":\"https:\\\/\\\/schema.org\",\"@graph\":[{\"@type\":\"BlogPosting\",\"@id\":\"https:\\\/\\\/www.eldigitaldeasturias.com\\\/noticias\\\/oviedo-apoya-la-campana-del-telefono-de-la-esperanza-para-la-prevencion-del-suicidio\\\/#blogposting\",\"name\":\"Oviedo apoya la campa\\u00f1a del Tel\\u00e9fono de la Esperanza para la prevenci\\u00f3n del suicidio - El Digital de Asturias\",\"headline\":\"Oviedo apoya la campa\\u00f1a del Tel\\u00e9fono de la Esperanza para la prevenci\\u00f3n del suicidio\",\"author\":{\"@id\":\"https:\\\/\\\/www.eldigitaldeasturias.com\\\/noticias\\\/author\\\/admin\\\/#author\"},\"publisher\":{\"@id\":\"https:\\\/\\\/www.eldigitaldeasturias.com\\\/noticias\\\/#organization\"},\"image\":{\"@type\":\"ImageObject\",\"url\":\"https:\\\/\\\/www.eldigitaldeasturias.com\\\/noticias\\\/wp-content\\\/uploads\\\/2016\\\/09\\\/fotonoticia_20160907183843_800.jpg\",\"width\":800,\"height\":403},\"datePublished\":\"2016-09-08T05:20:08+02:00\",\"dateModified\":\"2016-09-08T05:20:08+02:00\",\"inLanguage\":\"es-ES\",\"mainEntityOfPage\":{\"@id\":\"https:\\\/\\\/www.eldigitaldeasturias.com\\\/noticias\\\/oviedo-apoya-la-campana-del-telefono-de-la-esperanza-para-la-prevencion-del-suicidio\\\/#webpage\"},\"isPartOf\":{\"@id\":\"https:\\\/\\\/www.eldigitaldeasturias.com\\\/noticias\\\/oviedo-apoya-la-campana-del-telefono-de-la-esperanza-para-la-prevencion-del-suicidio\\\/#webpage\"},\"articleSection\":\"Actualidad Asturias\"},{\"@type\":\"BreadcrumbList\",\"@id\":\"https:\\\/\\\/www.eldigitaldeasturias.com\\\/noticias\\\/oviedo-apoya-la-campana-del-telefono-de-la-esperanza-para-la-prevencion-del-suicidio\\\/#breadcrumblist\",\"itemListElement\":[{\"@type\":\"ListItem\",\"@id\":\"https:\\\/\\\/www.eldigitaldeasturias.com\\\/noticias#listItem\",\"position\":1,\"name\":\"Home\",\"item\":\"https:\\\/\\\/www.eldigitaldeasturias.com\\\/noticias\",\"nextItem\":{\"@type\":\"ListItem\",\"@id\":\"https:\\\/\\\/www.eldigitaldeasturias.com\\\/noticias\\\/category\\\/actualidad-asturias\\\/#listItem\",\"name\":\"Actualidad Asturias\"}},{\"@type\":\"ListItem\",\"@id\":\"https:\\\/\\\/www.eldigitaldeasturias.com\\\/noticias\\\/category\\\/actualidad-asturias\\\/#listItem\",\"position\":2,\"name\":\"Actualidad Asturias\",\"item\":\"https:\\\/\\\/www.eldigitaldeasturias.com\\\/noticias\\\/category\\\/actualidad-asturias\\\/\",\"nextItem\":{\"@type\":\"ListItem\",\"@id\":\"https:\\\/\\\/www.eldigitaldeasturias.com\\\/noticias\\\/oviedo-apoya-la-campana-del-telefono-de-la-esperanza-para-la-prevencion-del-suicidio\\\/#listItem\",\"name\":\"Oviedo apoya la campa\\u00f1a del Tel\\u00e9fono de la Esperanza para la prevenci\\u00f3n del suicidio\"},\"previousItem\":{\"@type\":\"ListItem\",\"@id\":\"https:\\\/\\\/www.eldigitaldeasturias.com\\\/noticias#listItem\",\"name\":\"Home\"}},{\"@type\":\"ListItem\",\"@id\":\"https:\\\/\\\/www.eldigitaldeasturias.com\\\/noticias\\\/oviedo-apoya-la-campana-del-telefono-de-la-esperanza-para-la-prevencion-del-suicidio\\\/#listItem\",\"position\":3,\"name\":\"Oviedo apoya la campa\\u00f1a del Tel\\u00e9fono de la Esperanza para la prevenci\\u00f3n del suicidio\",\"previousItem\":{\"@type\":\"ListItem\",\"@id\":\"https:\\\/\\\/www.eldigitaldeasturias.com\\\/noticias\\\/category\\\/actualidad-asturias\\\/#listItem\",\"name\":\"Actualidad Asturias\"}}]},{\"@type\":\"Organization\",\"@id\":\"https:\\\/\\\/www.eldigitaldeasturias.com\\\/noticias\\\/#organization\",\"name\":\"El Digital de Asturias\",\"description\":\"Hemeroteca\",\"url\":\"https:\\\/\\\/www.eldigitaldeasturias.com\\\/noticias\\\/\",\"email\":\"info@eldigitaldeasturias.com\",\"telephone\":\"+34652131393\",\"logo\":{\"@type\":\"ImageObject\",\"url\":\"https:\\\/\\\/www.eldigitaldeasturias.com\\\/noticias\\\/wp-content\\\/uploads\\\/2020\\\/12\\\/EDA.jpg\",\"@id\":\"https:\\\/\\\/www.eldigitaldeasturias.com\\\/noticias\\\/oviedo-apoya-la-campana-del-telefono-de-la-esperanza-para-la-prevencion-del-suicidio\\\/#organizationLogo\",\"width\":649,\"height\":297},\"image\":{\"@id\":\"https:\\\/\\\/www.eldigitaldeasturias.com\\\/noticias\\\/oviedo-apoya-la-campana-del-telefono-de-la-esperanza-para-la-prevencion-del-suicidio\\\/#organizationLogo\"},\"sameAs\":[\"https:\\\/\\\/facebook.com\\\/eldigitaldeasturias\",\"https:\\\/\\\/www.youtube.com\\\/channel\\\/UCZP-2wLEB9Rv6erhFmqVnvg\"],\"address\":{\"@id\":\"https:\\\/\\\/www.eldigitaldeasturias.com\\\/noticias\\\/#postaladdress\",\"@type\":\"PostalAddress\",\"streetAddress\":\"san antonio 4,\",\"postalCode\":\"33430\",\"addressLocality\":\"Cand\\u00e1s\",\"addressRegion\":\"Asturias\",\"addressCountry\":\"ES\"}},{\"@type\":\"Person\",\"@id\":\"https:\\\/\\\/www.eldigitaldeasturias.com\\\/noticias\\\/author\\\/admin\\\/#author\",\"url\":\"https:\\\/\\\/www.eldigitaldeasturias.com\\\/noticias\\\/author\\\/admin\\\/\",\"name\":\"El Digital de Asturias\",\"image\":{\"@type\":\"ImageObject\",\"@id\":\"https:\\\/\\\/www.eldigitaldeasturias.com\\\/noticias\\\/oviedo-apoya-la-campana-del-telefono-de-la-esperanza-para-la-prevencion-del-suicidio\\\/#authorImage\",\"url\":\"https:\\\/\\\/www.eldigitaldeasturias.com\\\/noticias\\\/wp-content\\\/litespeed\\\/avatar\\\/18677e78aa0546b92d9dbf31ec7d7668.jpg?ver=1777290358\",\"width\":96,\"height\":96,\"caption\":\"El Digital de Asturias\"}},{\"@type\":\"WebPage\",\"@id\":\"https:\\\/\\\/www.eldigitaldeasturias.com\\\/noticias\\\/oviedo-apoya-la-campana-del-telefono-de-la-esperanza-para-la-prevencion-del-suicidio\\\/#webpage\",\"url\":\"https:\\\/\\\/www.eldigitaldeasturias.com\\\/noticias\\\/oviedo-apoya-la-campana-del-telefono-de-la-esperanza-para-la-prevencion-del-suicidio\\\/\",\"name\":\"Oviedo apoya la campa\\u00f1a del Tel\\u00e9fono de la Esperanza para la prevenci\\u00f3n del suicidio - El Digital de Asturias\",\"description\":\"La concejala de Atenci\\u00f3n a las Personas, Marisa Ponga, ha presentado este mi\\u00e9rcoles en el Ayuntamiento de Oviedo la campa\\u00f1a divulgativa que, con el lema 'Busca la e... Espera. Porque hay decisiones que no tienen marcha atr\\u00e1s', el Tel\\u00e9fono de la Esperanza ha puesto en marcha con motivo de la conmemoraci\\u00f3n, el pr\\u00f3ximo 10 de\",\"inLanguage\":\"es-ES\",\"isPartOf\":{\"@id\":\"https:\\\/\\\/www.eldigitaldeasturias.com\\\/noticias\\\/#website\"},\"breadcrumb\":{\"@id\":\"https:\\\/\\\/www.eldigitaldeasturias.com\\\/noticias\\\/oviedo-apoya-la-campana-del-telefono-de-la-esperanza-para-la-prevencion-del-suicidio\\\/#breadcrumblist\"},\"author\":{\"@id\":\"https:\\\/\\\/www.eldigitaldeasturias.com\\\/noticias\\\/author\\\/admin\\\/#author\"},\"creator\":{\"@id\":\"https:\\\/\\\/www.eldigitaldeasturias.com\\\/noticias\\\/author\\\/admin\\\/#author\"},\"image\":{\"@type\":\"ImageObject\",\"url\":\"https:\\\/\\\/www.eldigitaldeasturias.com\\\/noticias\\\/wp-content\\\/uploads\\\/2016\\\/09\\\/fotonoticia_20160907183843_800.jpg\",\"@id\":\"https:\\\/\\\/www.eldigitaldeasturias.com\\\/noticias\\\/oviedo-apoya-la-campana-del-telefono-de-la-esperanza-para-la-prevencion-del-suicidio\\\/#mainImage\",\"width\":800,\"height\":403},\"primaryImageOfPage\":{\"@id\":\"https:\\\/\\\/www.eldigitaldeasturias.com\\\/noticias\\\/oviedo-apoya-la-campana-del-telefono-de-la-esperanza-para-la-prevencion-del-suicidio\\\/#mainImage\"},\"datePublished\":\"2016-09-08T05:20:08+02:00\",\"dateModified\":\"2016-09-08T05:20:08+02:00\"},{\"@type\":\"WebSite\",\"@id\":\"https:\\\/\\\/www.eldigitaldeasturias.com\\\/noticias\\\/#website\",\"url\":\"https:\\\/\\\/www.eldigitaldeasturias.com\\\/noticias\\\/\",\"name\":\"El Digital de Asturias - Diario de actualidad y noticias\",\"alternateName\":\"El Digital de Asturias - Diario de actualidad y noticias\",\"description\":\"Hemeroteca\",\"inLanguage\":\"es-ES\",\"publisher\":{\"@id\":\"https:\\\/\\\/www.eldigitaldeasturias.com\\\/noticias\\\/#organization\"}}]}\n\t\t<\/script>\n\t\t<!-- All in One SEO Pro -->\r\n\t\t<title>Oviedo apoya la campa\u00f1a del Tel\u00e9fono de la Esperanza para la prevenci\u00f3n del suicidio - El Digital de Asturias<\/title>\n\n","aioseo_head_json":{"title":"Oviedo apoya la campa\u00f1a del Tel\u00e9fono de la Esperanza para la prevenci\u00f3n del suicidio - El Digital de Asturias","description":"La concejala de Atenci\u00f3n a las Personas, Marisa Ponga, ha presentado este mi\u00e9rcoles en el Ayuntamiento de Oviedo la campa\u00f1a divulgativa que, con el lema 'Busca la e... Espera. Porque hay decisiones que no tienen marcha atr\u00e1s', el Tel\u00e9fono de la Esperanza ha puesto en marcha con motivo de la conmemoraci\u00f3n, el pr\u00f3ximo 10 de","canonical_url":"https:\/\/www.eldigitaldeasturias.com\/noticias\/oviedo-apoya-la-campana-del-telefono-de-la-esperanza-para-la-prevencion-del-suicidio\/","robots":"max-image-preview:large","keywords":"actualidad asturias","webmasterTools":{"google-site-verification":"UA-38556648-1","msvalidate.01":"7dfe9f3f1b24437ab69f4f2559babe99","miscellaneous":""},"schema":{"@context":"https:\/\/schema.org","@graph":[{"@type":"BlogPosting","@id":"https:\/\/www.eldigitaldeasturias.com\/noticias\/oviedo-apoya-la-campana-del-telefono-de-la-esperanza-para-la-prevencion-del-suicidio\/#blogposting","name":"Oviedo apoya la campa\u00f1a del Tel\u00e9fono de la Esperanza para la prevenci\u00f3n del suicidio - El Digital de Asturias","headline":"Oviedo apoya la campa\u00f1a del Tel\u00e9fono de la Esperanza para la prevenci\u00f3n del suicidio","author":{"@id":"https:\/\/www.eldigitaldeasturias.com\/noticias\/author\/admin\/#author"},"publisher":{"@id":"https:\/\/www.eldigitaldeasturias.com\/noticias\/#organization"},"image":{"@type":"ImageObject","url":"https:\/\/www.eldigitaldeasturias.com\/noticias\/wp-content\/uploads\/2016\/09\/fotonoticia_20160907183843_800.jpg","width":800,"height":403},"datePublished":"2016-09-08T05:20:08+02:00","dateModified":"2016-09-08T05:20:08+02:00","inLanguage":"es-ES","mainEntityOfPage":{"@id":"https:\/\/www.eldigitaldeasturias.com\/noticias\/oviedo-apoya-la-campana-del-telefono-de-la-esperanza-para-la-prevencion-del-suicidio\/#webpage"},"isPartOf":{"@id":"https:\/\/www.eldigitaldeasturias.com\/noticias\/oviedo-apoya-la-campana-del-telefono-de-la-esperanza-para-la-prevencion-del-suicidio\/#webpage"},"articleSection":"Actualidad Asturias"},{"@type":"BreadcrumbList","@id":"https:\/\/www.eldigitaldeasturias.com\/noticias\/oviedo-apoya-la-campana-del-telefono-de-la-esperanza-para-la-prevencion-del-suicidio\/#breadcrumblist","itemListElement":[{"@type":"ListItem","@id":"https:\/\/www.eldigitaldeasturias.com\/noticias#listItem","position":1,"name":"Home","item":"https:\/\/www.eldigitaldeasturias.com\/noticias","nextItem":{"@type":"ListItem","@id":"https:\/\/www.eldigitaldeasturias.com\/noticias\/category\/actualidad-asturias\/#listItem","name":"Actualidad Asturias"}},{"@type":"ListItem","@id":"https:\/\/www.eldigitaldeasturias.com\/noticias\/category\/actualidad-asturias\/#listItem","position":2,"name":"Actualidad Asturias","item":"https:\/\/www.eldigitaldeasturias.com\/noticias\/category\/actualidad-asturias\/","nextItem":{"@type":"ListItem","@id":"https:\/\/www.eldigitaldeasturias.com\/noticias\/oviedo-apoya-la-campana-del-telefono-de-la-esperanza-para-la-prevencion-del-suicidio\/#listItem","name":"Oviedo apoya la campa\u00f1a del Tel\u00e9fono de la Esperanza para la prevenci\u00f3n del suicidio"},"previousItem":{"@type":"ListItem","@id":"https:\/\/www.eldigitaldeasturias.com\/noticias#listItem","name":"Home"}},{"@type":"ListItem","@id":"https:\/\/www.eldigitaldeasturias.com\/noticias\/oviedo-apoya-la-campana-del-telefono-de-la-esperanza-para-la-prevencion-del-suicidio\/#listItem","position":3,"name":"Oviedo apoya la campa\u00f1a del Tel\u00e9fono de la Esperanza para la prevenci\u00f3n del suicidio","previousItem":{"@type":"ListItem","@id":"https:\/\/www.eldigitaldeasturias.com\/noticias\/category\/actualidad-asturias\/#listItem","name":"Actualidad Asturias"}}]},{"@type":"Organization","@id":"https:\/\/www.eldigitaldeasturias.com\/noticias\/#organization","name":"El Digital de Asturias","description":"Hemeroteca","url":"https:\/\/www.eldigitaldeasturias.com\/noticias\/","email":"info@eldigitaldeasturias.com","telephone":"+34652131393","logo":{"@type":"ImageObject","url":"https:\/\/www.eldigitaldeasturias.com\/noticias\/wp-content\/uploads\/2020\/12\/EDA.jpg","@id":"https:\/\/www.eldigitaldeasturias.com\/noticias\/oviedo-apoya-la-campana-del-telefono-de-la-esperanza-para-la-prevencion-del-suicidio\/#organizationLogo","width":649,"height":297},"image":{"@id":"https:\/\/www.eldigitaldeasturias.com\/noticias\/oviedo-apoya-la-campana-del-telefono-de-la-esperanza-para-la-prevencion-del-suicidio\/#organizationLogo"},"sameAs":["https:\/\/facebook.com\/eldigitaldeasturias","https:\/\/www.youtube.com\/channel\/UCZP-2wLEB9Rv6erhFmqVnvg"],"address":{"@id":"https:\/\/www.eldigitaldeasturias.com\/noticias\/#postaladdress","@type":"PostalAddress","streetAddress":"san antonio 4,","postalCode":"33430","addressLocality":"Cand\u00e1s","addressRegion":"Asturias","addressCountry":"ES"}},{"@type":"Person","@id":"https:\/\/www.eldigitaldeasturias.com\/noticias\/author\/admin\/#author","url":"https:\/\/www.eldigitaldeasturias.com\/noticias\/author\/admin\/","name":"El Digital de Asturias","image":{"@type":"ImageObject","@id":"https:\/\/www.eldigitaldeasturias.com\/noticias\/oviedo-apoya-la-campana-del-telefono-de-la-esperanza-para-la-prevencion-del-suicidio\/#authorImage","url":"https:\/\/www.eldigitaldeasturias.com\/noticias\/wp-content\/litespeed\/avatar\/18677e78aa0546b92d9dbf31ec7d7668.jpg?ver=1777290358","width":96,"height":96,"caption":"El Digital de Asturias"}},{"@type":"WebPage","@id":"https:\/\/www.eldigitaldeasturias.com\/noticias\/oviedo-apoya-la-campana-del-telefono-de-la-esperanza-para-la-prevencion-del-suicidio\/#webpage","url":"https:\/\/www.eldigitaldeasturias.com\/noticias\/oviedo-apoya-la-campana-del-telefono-de-la-esperanza-para-la-prevencion-del-suicidio\/","name":"Oviedo apoya la campa\u00f1a del Tel\u00e9fono de la Esperanza para la prevenci\u00f3n del suicidio - El Digital de Asturias","description":"La concejala de Atenci\u00f3n a las Personas, Marisa Ponga, ha presentado este mi\u00e9rcoles en el Ayuntamiento de Oviedo la campa\u00f1a divulgativa que, con el lema 'Busca la e... Espera. Porque hay decisiones que no tienen marcha atr\u00e1s', el Tel\u00e9fono de la Esperanza ha puesto en marcha con motivo de la conmemoraci\u00f3n, el pr\u00f3ximo 10 de","inLanguage":"es-ES","isPartOf":{"@id":"https:\/\/www.eldigitaldeasturias.com\/noticias\/#website"},"breadcrumb":{"@id":"https:\/\/www.eldigitaldeasturias.com\/noticias\/oviedo-apoya-la-campana-del-telefono-de-la-esperanza-para-la-prevencion-del-suicidio\/#breadcrumblist"},"author":{"@id":"https:\/\/www.eldigitaldeasturias.com\/noticias\/author\/admin\/#author"},"creator":{"@id":"https:\/\/www.eldigitaldeasturias.com\/noticias\/author\/admin\/#author"},"image":{"@type":"ImageObject","url":"https:\/\/www.eldigitaldeasturias.com\/noticias\/wp-content\/uploads\/2016\/09\/fotonoticia_20160907183843_800.jpg","@id":"https:\/\/www.eldigitaldeasturias.com\/noticias\/oviedo-apoya-la-campana-del-telefono-de-la-esperanza-para-la-prevencion-del-suicidio\/#mainImage","width":800,"height":403},"primaryImageOfPage":{"@id":"https:\/\/www.eldigitaldeasturias.com\/noticias\/oviedo-apoya-la-campana-del-telefono-de-la-esperanza-para-la-prevencion-del-suicidio\/#mainImage"},"datePublished":"2016-09-08T05:20:08+02:00","dateModified":"2016-09-08T05:20:08+02:00"},{"@type":"WebSite","@id":"https:\/\/www.eldigitaldeasturias.com\/noticias\/#website","url":"https:\/\/www.eldigitaldeasturias.com\/noticias\/","name":"El Digital de Asturias - Diario de actualidad y noticias","alternateName":"El Digital de Asturias - Diario de actualidad y noticias","description":"Hemeroteca","inLanguage":"es-ES","publisher":{"@id":"https:\/\/www.eldigitaldeasturias.com\/noticias\/#organization"}}]},"og:locale":"es_ES","og:site_name":"El Digital de Asturias","og:type":"article","og:title":"Oviedo apoya la campa\u00f1a del Tel\u00e9fono de la Esperanza para la prevenci\u00f3n del suicidio - El Digital de Asturias","og:description":"La concejala de Atenci\u00f3n a las Personas, Marisa Ponga, ha presentado este mi\u00e9rcoles en el Ayuntamiento de Oviedo la campa\u00f1a divulgativa que, con el lema 'Busca la e... Espera. Porque hay decisiones que no tienen marcha atr\u00e1s', el Tel\u00e9fono de la Esperanza ha puesto en marcha con motivo de la conmemoraci\u00f3n, el pr\u00f3ximo 10 de","og:url":"https:\/\/www.eldigitaldeasturias.com\/noticias\/oviedo-apoya-la-campana-del-telefono-de-la-esperanza-para-la-prevencion-del-suicidio\/","og:image":"https:\/\/www.eldigitaldeasturias.com\/noticias\/wp-content\/uploads\/2016\/09\/fotonoticia_20160907183843_800.jpg","og:image:secure_url":"https:\/\/www.eldigitaldeasturias.com\/noticias\/wp-content\/uploads\/2016\/09\/fotonoticia_20160907183843_800.jpg","og:image:width":800,"og:image:height":403,"article:tag":["actualidad asturias"],"article:published_time":"2016-09-08T04:20:08+00:00","article:modified_time":"2016-09-08T04:20:08+00:00","article:publisher":"https:\/\/facebook.com\/eldigitaldeasturias","twitter:card":"summary_large_image","twitter:title":"Oviedo apoya la campa\u00f1a del Tel\u00e9fono de la Esperanza para la prevenci\u00f3n del suicidio - El Digital de Asturias","twitter:description":"La concejala de Atenci\u00f3n a las Personas, Marisa Ponga, ha presentado este mi\u00e9rcoles en el Ayuntamiento de Oviedo la campa\u00f1a divulgativa que, con el lema 'Busca la e... Espera. Porque hay decisiones que no tienen marcha atr\u00e1s', el Tel\u00e9fono de la Esperanza ha puesto en marcha con motivo de la conmemoraci\u00f3n, el pr\u00f3ximo 10 de","twitter:image":"https:\/\/www.eldigitaldeasturias.com\/noticias\/wp-content\/uploads\/2016\/09\/fotonoticia_20160907183843_800.jpg","twitter:label1":"Escrito por","twitter:data1":"El Digital de Asturias","twitter:label2":"Tiempo de lectura estimado","twitter:data2":"2 minutos"},"aioseo_meta_data":{"post_id":"906387","title":null,"description":null,"keywords":null,"keyphrases":null,"primary_term":null,"canonical_url":null,"og_title":null,"og_description":null,"og_object_type":"default","og_image_type":"default","og_image_url":null,"og_image_width":null,"og_image_height":null,"og_image_custom_url":null,"og_image_custom_fields":null,"og_video":null,"og_custom_url":null,"og_article_section":null,"og_article_tags":null,"twitter_use_og":false,"twitter_card":"default","twitter_image_type":"default","twitter_image_url":null,"twitter_image_custom_url":null,"twitter_image_custom_fields":null,"twitter_title":null,"twitter_description":null,"schema":{"blockGraphs":[],"customGraphs":[],"default":{"data":{"Article":[],"Course":[],"Dataset":[],"FAQPage":[],"Movie":[],"Person":[],"Product":[],"ProductReview":[],"Car":[],"Recipe":[],"Service":[],"SoftwareApplication":[],"WebPage":[]},"graphName":"","isEnabled":true},"graphs":[],"defaultGraph":"","defaultPostTypeGraph":""},"schema_type":null,"schema_type_options":null,"pillar_content":false,"robots_default":true,"robots_noindex":false,"robots_noarchive":false,"robots_nosnippet":false,"robots_nofollow":false,"robots_noimageindex":false,"robots_noodp":false,"robots_notranslate":false,"robots_max_snippet":null,"robots_max_videopreview":null,"robots_max_imagepreview":"large","priority":null,"frequency":null,"local_seo":null,"seo_analyzer_scan_date":"2025-11-30 08:52:10","breadcrumb_settings":null,"limit_modified_date":false,"open_ai":null,"ai":null,"created":"2020-12-21 14:01:55","updated":"2025-11-30 08:52:10"},"aioseo_breadcrumb":"<div class=\"aioseo-breadcrumbs\"><span class=\"aioseo-breadcrumb\">\n\t<a href=\"https:\/\/www.eldigitaldeasturias.com\/noticias\" title=\"Home\">Home<\/a>\n<\/span><span class=\"aioseo-breadcrumb-separator\">\u2013<\/span><span class=\"aioseo-breadcrumb\">\n\t<a href=\"https:\/\/www.eldigitaldeasturias.com\/noticias\/category\/actualidad-asturias\/\" title=\"Actualidad Asturias\">Actualidad Asturias<\/a>\n<\/span><span class=\"aioseo-breadcrumb-separator\">\u2013<\/span><span class=\"aioseo-breadcrumb\">\n\t<a href=\"https:\/\/www.eldigitaldeasturias.com\/noticias\/oviedo-apoya-la-campana-del-telefono-de-la-esperanza-para-la-prevencion-del-suicidio\/\" title=\"Oviedo apoya la campa\u00f1a del Tel\u00e9fono de la Esperanza para la prevenci\u00f3n del suicidio\">Oviedo apoya la campa\u00f1a del Tel\u00e9fono de la Esperanza para la prevenci\u00f3n del suicidio<\/a>\n<\/span><\/div>","aioseo_breadcrumb_json":[{"label":"Home","link":"https:\/\/www.eldigitaldeasturias.com\/noticias"},{"label":"Actualidad Asturias","link":"https:\/\/www.eldigitaldeasturias.com\/noticias\/category\/actualidad-asturias\/"},{"label":"Oviedo apoya la campa\u00f1a del Tel\u00e9fono de la Esperanza para la prevenci\u00f3n del suicidio","link":"https:\/\/www.eldigitaldeasturias.com\/noticias\/oviedo-apoya-la-campana-del-telefono-de-la-esperanza-para-la-prevencion-del-suicidio\/"}],"_links":{"self":[{"href":"https:\/\/www.eldigitaldeasturias.com\/noticias\/wp-json\/wp\/v2\/posts\/906387","targetHints":{"allow":["GET"]}}],"collection":[{"href":"https:\/\/www.eldigitaldeasturias.com\/noticias\/wp-json\/wp\/v2\/posts"}],"about":[{"href":"https:\/\/www.eldigitaldeasturias.com\/noticias\/wp-json\/wp\/v2\/types\/post"}],"author":[{"embeddable":true,"href":"https:\/\/www.eldigitaldeasturias.com\/noticias\/wp-json\/wp\/v2\/users\/1"}],"replies":[{"embeddable":true,"href":"https:\/\/www.eldigitaldeasturias.com\/noticias\/wp-json\/wp\/v2\/comments?post=906387"}],"version-history":[{"count":0,"href":"https:\/\/www.eldigitaldeasturias.com\/noticias\/wp-json\/wp\/v2\/posts\/906387\/revisions"}],"wp:featuredmedia":[{"embeddable":true,"href":"https:\/\/www.eldigitaldeasturias.com\/noticias\/wp-json\/wp\/v2\/media\/906388"}],"wp:attachment":[{"href":"https:\/\/www.eldigitaldeasturias.com\/noticias\/wp-json\/wp\/v2\/media?parent=906387"}],"wp:term":[{"taxonomy":"category","embeddable":true,"href":"https:\/\/www.eldigitaldeasturias.com\/noticias\/wp-json\/wp\/v2\/categories?post=906387"},{"taxonomy":"post_tag","embeddable":true,"href":"https:\/\/www.eldigitaldeasturias.com\/noticias\/wp-json\/wp\/v2\/tags?post=906387"}],"curies":[{"name":"wp","href":"https:\/\/api.w.org\/{rel}","templated":true}]}}