{"id":906383,"date":"2016-09-08T05:13:08","date_gmt":"2016-09-08T04:13:08","guid":{"rendered":"http:\/\/www.eldigitaldeasturias.com\/noticias\/?p=906383"},"modified":"2016-09-08T05:13:08","modified_gmt":"2016-09-08T04:13:08","slug":"pedro-sanjurjo-afirma-que-el-desafio-de-hoy-es-recuperar-el-dialogo-en-asturias","status":"publish","type":"post","link":"https:\/\/www.eldigitaldeasturias.com\/noticias\/pedro-sanjurjo-afirma-que-el-desafio-de-hoy-es-recuperar-el-dialogo-en-asturias\/","title":{"rendered":"Pedro Sanjurjo afirma que el desaf\u00edo de hoy es \u00abrecuperar el di\u00e1logo\u201d en Asturias"},"content":{"rendered":"<p><img loading=\"lazy\" decoding=\"async\" class=\"alignleft size-medium wp-image-880484\" src=\"https:\/\/www.eldigitaldeasturias.com\/noticias\/wp-content\/uploads\/2016\/05\/parlamento-360x270.jpg\" alt=\"parlamento\" width=\"360\" height=\"270\" srcset=\"https:\/\/www.eldigitaldeasturias.com\/noticias\/wp-content\/uploads\/2016\/05\/parlamento-360x270.jpg 360w, https:\/\/www.eldigitaldeasturias.com\/noticias\/wp-content\/uploads\/2016\/05\/parlamento-768x576.jpg 768w, https:\/\/www.eldigitaldeasturias.com\/noticias\/wp-content\/uploads\/2016\/05\/parlamento-650x488.jpg 650w, https:\/\/www.eldigitaldeasturias.com\/noticias\/wp-content\/uploads\/2016\/05\/parlamento-125x95.jpg 125w, https:\/\/www.eldigitaldeasturias.com\/noticias\/wp-content\/uploads\/2016\/05\/parlamento-100x75.jpg 100w, https:\/\/www.eldigitaldeasturias.com\/noticias\/wp-content\/uploads\/2016\/05\/parlamento.jpg 800w\" sizes=\"auto, (max-width: 360px) 100vw, 360px\" \/>El presidente de la Junta General del Principado de Asturias (JGPA), el socialista Pedro Sanjurjo, ha dicho este mi\u00e9rcoles que el desaf\u00edo de hoy es \u00abrecuperar el di\u00e1logo, la negociaci\u00f3n, la generosidad, los acuerdos y el compromiso\u00bb, frente a la \u00abconfrontaci\u00f3n y la crispaci\u00f3n\u00bb.<\/p>\n<p>El representante asturiano se ha pronunciado en estos t\u00e9rminos en su discurso en el pleno institucional del D\u00eda de Asturias, en el que ha invitado a los presentes a \u00abeludir tentaciones de quimeras que anuncian futuros id\u00edlicos que nunca se alcanzar\u00e1n, o dogmatismos simplistas\u00bb.<\/p>\n<p>Por ello, y para resolver los \u00abproblemas complejos\u00bb de hoy, ha explicado que es necesario \u00abalgo m\u00e1s\u00bb que compartir nuevas ideas. \u00abTambi\u00e9n tenemos que compartir compromiso\u00bb, ha apostillado el presidente de la C\u00e1mara la intervenci\u00f3n con la que se ha cerrado el pleno.<\/p>\n<p>Sanjurjo ha considerado que es preciso mecanismos que acerquen a los ciudadanos las decisiones que se toman en Espa\u00f1a y en Europa. Tambi\u00e9n cree que han de adaptarse \u00aba los tiempos actuales\u00bb las constituciones.<\/p>\n<p>\u00abAnte la desafecci\u00f3n ciudadana no cabe mejor herramienta que la defensa de nuestro sistema democr\u00e1tico, un sistema que nos ha permitido disfrutar durante los \u00faltimos 40 a\u00f1os de las mayores cotas de derechos y libertades y de bienestar de nuestra historia reciente\u00bb, ha se\u00f1alado.<\/p>\n<p>En este sentido, ha resaltado la importancia de \u00abpreservar el valor de las instituciones\u00bb como garantes y cauces para el desarrollo de una sociedad \u00abm\u00e1s justa, solidaria e igualitaria.\u00bb. El objetivo, ha a\u00f1adido es evitar que \u00abquienes quieren propiciar la desafecci\u00f3n democr\u00e1tica mediante su deterioro\u00bb consigan su objetivo.<\/p>\n<p>&nbsp;<\/p>\n","protected":false},"excerpt":{"rendered":"<p>El presidente de la Junta General del Principado de Asturias (JGPA), el socialista Pedro Sanjurjo, ha dicho este mi\u00e9rcoles que el desaf\u00edo de hoy es \u00abrecuperar el di\u00e1logo, la negociaci\u00f3n, la generosidad, los acuerdos y el compromiso\u00bb, frente a la \u00abconfrontaci\u00f3n y la crispaci\u00f3n\u00bb. El representante asturiano se ha pronunciado en estos t\u00e9rminos en su [&hellip;]<\/p>\n","protected":false},"author":1,"featured_media":789777,"comment_status":"closed","ping_status":"closed","sticky":false,"template":"","format":"standard","meta":{"footnotes":""},"categories":[12],"tags":[],"class_list":["post-906383","post","type-post","status-publish","format-standard","has-post-thumbnail","hentry","category-actualidad-asturias"],"aioseo_notices":[],"aioseo_head":"\n\t\t<!-- All in One SEO Pro 4.9.6.2 - aioseo.com -->\n\t<meta name=\"description\" content=\"El presidente de la Junta General del Principado de Asturias (JGPA), el socialista Pedro Sanjurjo, ha dicho este mi\u00e9rcoles que el desaf\u00edo de hoy es &quot;recuperar el di\u00e1logo, la negociaci\u00f3n, la generosidad, los acuerdos y el compromiso&quot;, frente a la &quot;confrontaci\u00f3n y la crispaci\u00f3n&quot;. El representante asturiano se ha pronunciado en estos t\u00e9rminos en su\" \/>\n\t<meta name=\"robots\" content=\"max-image-preview:large\" \/>\n\t<meta name=\"author\" content=\"El Digital de Asturias\"\/>\n\t<meta name=\"google-site-verification\" content=\"UA-38556648-1\" \/>\n\t<meta name=\"msvalidate.01\" content=\"7dfe9f3f1b24437ab69f4f2559babe99\" \/>\n\t<meta name=\"keywords\" content=\"actualidad asturias\" \/>\n\t<link rel=\"canonical\" href=\"https:\/\/www.eldigitaldeasturias.com\/noticias\/pedro-sanjurjo-afirma-que-el-desafio-de-hoy-es-recuperar-el-dialogo-en-asturias\/\" \/>\n\t<meta name=\"generator\" content=\"All in One SEO Pro (AIOSEO) 4.9.6.2\" \/>\n\t\t<meta property=\"og:locale\" content=\"es_ES\" \/>\n\t\t<meta property=\"og:site_name\" content=\"El Digital de Asturias\" \/>\n\t\t<meta property=\"og:type\" content=\"article\" \/>\n\t\t<meta property=\"og:title\" content=\"Pedro Sanjurjo afirma que el desaf\u00edo de hoy es \u00abrecuperar el di\u00e1logo\u201d en Asturias - El Digital de Asturias\" \/>\n\t\t<meta property=\"og:description\" content=\"El presidente de la Junta General del Principado de Asturias (JGPA), el socialista Pedro Sanjurjo, ha dicho este mi\u00e9rcoles que el desaf\u00edo de hoy es &quot;recuperar el di\u00e1logo, la negociaci\u00f3n, la generosidad, los acuerdos y el compromiso&quot;, frente a la &quot;confrontaci\u00f3n y la crispaci\u00f3n&quot;. El representante asturiano se ha pronunciado en estos t\u00e9rminos en su\" \/>\n\t\t<meta property=\"og:url\" content=\"https:\/\/www.eldigitaldeasturias.com\/noticias\/pedro-sanjurjo-afirma-que-el-desafio-de-hoy-es-recuperar-el-dialogo-en-asturias\/\" \/>\n\t\t<meta property=\"og:image\" content=\"https:\/\/www.eldigitaldeasturias.com\/noticias\/wp-content\/uploads\/2015\/06\/parlamento2015asturias.jpg\" \/>\n\t\t<meta property=\"og:image:secure_url\" content=\"https:\/\/www.eldigitaldeasturias.com\/noticias\/wp-content\/uploads\/2015\/06\/parlamento2015asturias.jpg\" \/>\n\t\t<meta property=\"og:image:width\" content=\"800\" \/>\n\t\t<meta property=\"og:image:height\" content=\"800\" \/>\n\t\t<meta property=\"article:tag\" content=\"actualidad asturias\" \/>\n\t\t<meta property=\"article:published_time\" content=\"2016-09-08T04:13:08+00:00\" \/>\n\t\t<meta property=\"article:modified_time\" content=\"2016-09-08T04:13:08+00:00\" \/>\n\t\t<meta property=\"article:publisher\" content=\"https:\/\/facebook.com\/eldigitaldeasturias\" \/>\n\t\t<meta name=\"twitter:card\" content=\"summary_large_image\" \/>\n\t\t<meta name=\"twitter:title\" content=\"Pedro Sanjurjo afirma que el desaf\u00edo de hoy es \u00abrecuperar el di\u00e1logo\u201d en Asturias - El Digital de Asturias\" \/>\n\t\t<meta name=\"twitter:description\" content=\"El presidente de la Junta General del Principado de Asturias (JGPA), el socialista Pedro Sanjurjo, ha dicho este mi\u00e9rcoles que el desaf\u00edo de hoy es &quot;recuperar el di\u00e1logo, la negociaci\u00f3n, la generosidad, los acuerdos y el compromiso&quot;, frente a la &quot;confrontaci\u00f3n y la crispaci\u00f3n&quot;. El representante asturiano se ha pronunciado en estos t\u00e9rminos en su\" \/>\n\t\t<meta name=\"twitter:image\" content=\"https:\/\/www.eldigitaldeasturias.com\/noticias\/wp-content\/uploads\/2015\/06\/parlamento2015asturias.jpg\" \/>\n\t\t<meta name=\"twitter:label1\" content=\"Escrito por\" \/>\n\t\t<meta name=\"twitter:data1\" content=\"El Digital de Asturias\" \/>\n\t\t<meta name=\"twitter:label2\" content=\"Tiempo de lectura estimado\" \/>\n\t\t<meta name=\"twitter:data2\" content=\"1 minuto\" \/>\n\t\t<script type=\"application\/ld+json\" class=\"aioseo-schema\">\n\t\t\t{\"@context\":\"https:\\\/\\\/schema.org\",\"@graph\":[{\"@type\":\"BlogPosting\",\"@id\":\"https:\\\/\\\/www.eldigitaldeasturias.com\\\/noticias\\\/pedro-sanjurjo-afirma-que-el-desafio-de-hoy-es-recuperar-el-dialogo-en-asturias\\\/#blogposting\",\"name\":\"Pedro Sanjurjo afirma que el desaf\\u00edo de hoy es \\u00abrecuperar el di\\u00e1logo\\u201d en Asturias - El Digital de Asturias\",\"headline\":\"Pedro Sanjurjo afirma que el desaf\\u00edo de hoy es \\u00abrecuperar el di\\u00e1logo\\u201d en Asturias\",\"author\":{\"@id\":\"https:\\\/\\\/www.eldigitaldeasturias.com\\\/noticias\\\/author\\\/admin\\\/#author\"},\"publisher\":{\"@id\":\"https:\\\/\\\/www.eldigitaldeasturias.com\\\/noticias\\\/#organization\"},\"image\":{\"@type\":\"ImageObject\",\"url\":\"https:\\\/\\\/www.eldigitaldeasturias.com\\\/noticias\\\/wp-content\\\/uploads\\\/2015\\\/06\\\/parlamento2015asturias.jpg\",\"width\":800,\"height\":800},\"datePublished\":\"2016-09-08T05:13:08+02:00\",\"dateModified\":\"2016-09-08T05:13:08+02:00\",\"inLanguage\":\"es-ES\",\"mainEntityOfPage\":{\"@id\":\"https:\\\/\\\/www.eldigitaldeasturias.com\\\/noticias\\\/pedro-sanjurjo-afirma-que-el-desafio-de-hoy-es-recuperar-el-dialogo-en-asturias\\\/#webpage\"},\"isPartOf\":{\"@id\":\"https:\\\/\\\/www.eldigitaldeasturias.com\\\/noticias\\\/pedro-sanjurjo-afirma-que-el-desafio-de-hoy-es-recuperar-el-dialogo-en-asturias\\\/#webpage\"},\"articleSection\":\"Actualidad Asturias\"},{\"@type\":\"BreadcrumbList\",\"@id\":\"https:\\\/\\\/www.eldigitaldeasturias.com\\\/noticias\\\/pedro-sanjurjo-afirma-que-el-desafio-de-hoy-es-recuperar-el-dialogo-en-asturias\\\/#breadcrumblist\",\"itemListElement\":[{\"@type\":\"ListItem\",\"@id\":\"https:\\\/\\\/www.eldigitaldeasturias.com\\\/noticias#listItem\",\"position\":1,\"name\":\"Home\",\"item\":\"https:\\\/\\\/www.eldigitaldeasturias.com\\\/noticias\",\"nextItem\":{\"@type\":\"ListItem\",\"@id\":\"https:\\\/\\\/www.eldigitaldeasturias.com\\\/noticias\\\/category\\\/actualidad-asturias\\\/#listItem\",\"name\":\"Actualidad Asturias\"}},{\"@type\":\"ListItem\",\"@id\":\"https:\\\/\\\/www.eldigitaldeasturias.com\\\/noticias\\\/category\\\/actualidad-asturias\\\/#listItem\",\"position\":2,\"name\":\"Actualidad Asturias\",\"item\":\"https:\\\/\\\/www.eldigitaldeasturias.com\\\/noticias\\\/category\\\/actualidad-asturias\\\/\",\"nextItem\":{\"@type\":\"ListItem\",\"@id\":\"https:\\\/\\\/www.eldigitaldeasturias.com\\\/noticias\\\/pedro-sanjurjo-afirma-que-el-desafio-de-hoy-es-recuperar-el-dialogo-en-asturias\\\/#listItem\",\"name\":\"Pedro Sanjurjo afirma que el desaf\\u00edo de hoy es \\u00abrecuperar el di\\u00e1logo\\u201d en Asturias\"},\"previousItem\":{\"@type\":\"ListItem\",\"@id\":\"https:\\\/\\\/www.eldigitaldeasturias.com\\\/noticias#listItem\",\"name\":\"Home\"}},{\"@type\":\"ListItem\",\"@id\":\"https:\\\/\\\/www.eldigitaldeasturias.com\\\/noticias\\\/pedro-sanjurjo-afirma-que-el-desafio-de-hoy-es-recuperar-el-dialogo-en-asturias\\\/#listItem\",\"position\":3,\"name\":\"Pedro Sanjurjo afirma que el desaf\\u00edo de hoy es \\u00abrecuperar el di\\u00e1logo\\u201d en Asturias\",\"previousItem\":{\"@type\":\"ListItem\",\"@id\":\"https:\\\/\\\/www.eldigitaldeasturias.com\\\/noticias\\\/category\\\/actualidad-asturias\\\/#listItem\",\"name\":\"Actualidad Asturias\"}}]},{\"@type\":\"Organization\",\"@id\":\"https:\\\/\\\/www.eldigitaldeasturias.com\\\/noticias\\\/#organization\",\"name\":\"El Digital de Asturias\",\"description\":\"Hemeroteca\",\"url\":\"https:\\\/\\\/www.eldigitaldeasturias.com\\\/noticias\\\/\",\"email\":\"info@eldigitaldeasturias.com\",\"telephone\":\"+34652131393\",\"logo\":{\"@type\":\"ImageObject\",\"url\":\"https:\\\/\\\/www.eldigitaldeasturias.com\\\/noticias\\\/wp-content\\\/uploads\\\/2020\\\/12\\\/EDA.jpg\",\"@id\":\"https:\\\/\\\/www.eldigitaldeasturias.com\\\/noticias\\\/pedro-sanjurjo-afirma-que-el-desafio-de-hoy-es-recuperar-el-dialogo-en-asturias\\\/#organizationLogo\",\"width\":649,\"height\":297},\"image\":{\"@id\":\"https:\\\/\\\/www.eldigitaldeasturias.com\\\/noticias\\\/pedro-sanjurjo-afirma-que-el-desafio-de-hoy-es-recuperar-el-dialogo-en-asturias\\\/#organizationLogo\"},\"sameAs\":[\"https:\\\/\\\/facebook.com\\\/eldigitaldeasturias\",\"https:\\\/\\\/www.youtube.com\\\/channel\\\/UCZP-2wLEB9Rv6erhFmqVnvg\"],\"address\":{\"@id\":\"https:\\\/\\\/www.eldigitaldeasturias.com\\\/noticias\\\/#postaladdress\",\"@type\":\"PostalAddress\",\"streetAddress\":\"san antonio 4,\",\"postalCode\":\"33430\",\"addressLocality\":\"Cand\\u00e1s\",\"addressRegion\":\"Asturias\",\"addressCountry\":\"ES\"}},{\"@type\":\"Person\",\"@id\":\"https:\\\/\\\/www.eldigitaldeasturias.com\\\/noticias\\\/author\\\/admin\\\/#author\",\"url\":\"https:\\\/\\\/www.eldigitaldeasturias.com\\\/noticias\\\/author\\\/admin\\\/\",\"name\":\"El Digital de Asturias\",\"image\":{\"@type\":\"ImageObject\",\"@id\":\"https:\\\/\\\/www.eldigitaldeasturias.com\\\/noticias\\\/pedro-sanjurjo-afirma-que-el-desafio-de-hoy-es-recuperar-el-dialogo-en-asturias\\\/#authorImage\",\"url\":\"https:\\\/\\\/www.eldigitaldeasturias.com\\\/noticias\\\/wp-content\\\/litespeed\\\/avatar\\\/18677e78aa0546b92d9dbf31ec7d7668.jpg?ver=1777290358\",\"width\":96,\"height\":96,\"caption\":\"El Digital de Asturias\"}},{\"@type\":\"WebPage\",\"@id\":\"https:\\\/\\\/www.eldigitaldeasturias.com\\\/noticias\\\/pedro-sanjurjo-afirma-que-el-desafio-de-hoy-es-recuperar-el-dialogo-en-asturias\\\/#webpage\",\"url\":\"https:\\\/\\\/www.eldigitaldeasturias.com\\\/noticias\\\/pedro-sanjurjo-afirma-que-el-desafio-de-hoy-es-recuperar-el-dialogo-en-asturias\\\/\",\"name\":\"Pedro Sanjurjo afirma que el desaf\\u00edo de hoy es \\u00abrecuperar el di\\u00e1logo\\u201d en Asturias - El Digital de Asturias\",\"description\":\"El presidente de la Junta General del Principado de Asturias (JGPA), el socialista Pedro Sanjurjo, ha dicho este mi\\u00e9rcoles que el desaf\\u00edo de hoy es \\\"recuperar el di\\u00e1logo, la negociaci\\u00f3n, la generosidad, los acuerdos y el compromiso\\\", frente a la \\\"confrontaci\\u00f3n y la crispaci\\u00f3n\\\". El representante asturiano se ha pronunciado en estos t\\u00e9rminos en su\",\"inLanguage\":\"es-ES\",\"isPartOf\":{\"@id\":\"https:\\\/\\\/www.eldigitaldeasturias.com\\\/noticias\\\/#website\"},\"breadcrumb\":{\"@id\":\"https:\\\/\\\/www.eldigitaldeasturias.com\\\/noticias\\\/pedro-sanjurjo-afirma-que-el-desafio-de-hoy-es-recuperar-el-dialogo-en-asturias\\\/#breadcrumblist\"},\"author\":{\"@id\":\"https:\\\/\\\/www.eldigitaldeasturias.com\\\/noticias\\\/author\\\/admin\\\/#author\"},\"creator\":{\"@id\":\"https:\\\/\\\/www.eldigitaldeasturias.com\\\/noticias\\\/author\\\/admin\\\/#author\"},\"image\":{\"@type\":\"ImageObject\",\"url\":\"https:\\\/\\\/www.eldigitaldeasturias.com\\\/noticias\\\/wp-content\\\/uploads\\\/2015\\\/06\\\/parlamento2015asturias.jpg\",\"@id\":\"https:\\\/\\\/www.eldigitaldeasturias.com\\\/noticias\\\/pedro-sanjurjo-afirma-que-el-desafio-de-hoy-es-recuperar-el-dialogo-en-asturias\\\/#mainImage\",\"width\":800,\"height\":800},\"primaryImageOfPage\":{\"@id\":\"https:\\\/\\\/www.eldigitaldeasturias.com\\\/noticias\\\/pedro-sanjurjo-afirma-que-el-desafio-de-hoy-es-recuperar-el-dialogo-en-asturias\\\/#mainImage\"},\"datePublished\":\"2016-09-08T05:13:08+02:00\",\"dateModified\":\"2016-09-08T05:13:08+02:00\"},{\"@type\":\"WebSite\",\"@id\":\"https:\\\/\\\/www.eldigitaldeasturias.com\\\/noticias\\\/#website\",\"url\":\"https:\\\/\\\/www.eldigitaldeasturias.com\\\/noticias\\\/\",\"name\":\"El Digital de Asturias - Diario de actualidad y noticias\",\"alternateName\":\"El Digital de Asturias - Diario de actualidad y noticias\",\"description\":\"Hemeroteca\",\"inLanguage\":\"es-ES\",\"publisher\":{\"@id\":\"https:\\\/\\\/www.eldigitaldeasturias.com\\\/noticias\\\/#organization\"}}]}\n\t\t<\/script>\n\t\t<!-- All in One SEO Pro -->\r\n\t\t<title>Pedro Sanjurjo afirma que el desaf\u00edo de hoy es \u00abrecuperar el di\u00e1logo\u201d en Asturias - El Digital de Asturias<\/title>\n\n","aioseo_head_json":{"title":"Pedro Sanjurjo afirma que el desaf\u00edo de hoy es \u00abrecuperar el di\u00e1logo\u201d en Asturias - El Digital de Asturias","description":"El presidente de la Junta General del Principado de Asturias (JGPA), el socialista Pedro Sanjurjo, ha dicho este mi\u00e9rcoles que el desaf\u00edo de hoy es \"recuperar el di\u00e1logo, la negociaci\u00f3n, la generosidad, los acuerdos y el compromiso\", frente a la \"confrontaci\u00f3n y la crispaci\u00f3n\". El representante asturiano se ha pronunciado en estos t\u00e9rminos en su","canonical_url":"https:\/\/www.eldigitaldeasturias.com\/noticias\/pedro-sanjurjo-afirma-que-el-desafio-de-hoy-es-recuperar-el-dialogo-en-asturias\/","robots":"max-image-preview:large","keywords":"actualidad asturias","webmasterTools":{"google-site-verification":"UA-38556648-1","msvalidate.01":"7dfe9f3f1b24437ab69f4f2559babe99","miscellaneous":""},"schema":{"@context":"https:\/\/schema.org","@graph":[{"@type":"BlogPosting","@id":"https:\/\/www.eldigitaldeasturias.com\/noticias\/pedro-sanjurjo-afirma-que-el-desafio-de-hoy-es-recuperar-el-dialogo-en-asturias\/#blogposting","name":"Pedro Sanjurjo afirma que el desaf\u00edo de hoy es \u00abrecuperar el di\u00e1logo\u201d en Asturias - El Digital de Asturias","headline":"Pedro Sanjurjo afirma que el desaf\u00edo de hoy es \u00abrecuperar el di\u00e1logo\u201d en Asturias","author":{"@id":"https:\/\/www.eldigitaldeasturias.com\/noticias\/author\/admin\/#author"},"publisher":{"@id":"https:\/\/www.eldigitaldeasturias.com\/noticias\/#organization"},"image":{"@type":"ImageObject","url":"https:\/\/www.eldigitaldeasturias.com\/noticias\/wp-content\/uploads\/2015\/06\/parlamento2015asturias.jpg","width":800,"height":800},"datePublished":"2016-09-08T05:13:08+02:00","dateModified":"2016-09-08T05:13:08+02:00","inLanguage":"es-ES","mainEntityOfPage":{"@id":"https:\/\/www.eldigitaldeasturias.com\/noticias\/pedro-sanjurjo-afirma-que-el-desafio-de-hoy-es-recuperar-el-dialogo-en-asturias\/#webpage"},"isPartOf":{"@id":"https:\/\/www.eldigitaldeasturias.com\/noticias\/pedro-sanjurjo-afirma-que-el-desafio-de-hoy-es-recuperar-el-dialogo-en-asturias\/#webpage"},"articleSection":"Actualidad Asturias"},{"@type":"BreadcrumbList","@id":"https:\/\/www.eldigitaldeasturias.com\/noticias\/pedro-sanjurjo-afirma-que-el-desafio-de-hoy-es-recuperar-el-dialogo-en-asturias\/#breadcrumblist","itemListElement":[{"@type":"ListItem","@id":"https:\/\/www.eldigitaldeasturias.com\/noticias#listItem","position":1,"name":"Home","item":"https:\/\/www.eldigitaldeasturias.com\/noticias","nextItem":{"@type":"ListItem","@id":"https:\/\/www.eldigitaldeasturias.com\/noticias\/category\/actualidad-asturias\/#listItem","name":"Actualidad Asturias"}},{"@type":"ListItem","@id":"https:\/\/www.eldigitaldeasturias.com\/noticias\/category\/actualidad-asturias\/#listItem","position":2,"name":"Actualidad Asturias","item":"https:\/\/www.eldigitaldeasturias.com\/noticias\/category\/actualidad-asturias\/","nextItem":{"@type":"ListItem","@id":"https:\/\/www.eldigitaldeasturias.com\/noticias\/pedro-sanjurjo-afirma-que-el-desafio-de-hoy-es-recuperar-el-dialogo-en-asturias\/#listItem","name":"Pedro Sanjurjo afirma que el desaf\u00edo de hoy es \u00abrecuperar el di\u00e1logo\u201d en Asturias"},"previousItem":{"@type":"ListItem","@id":"https:\/\/www.eldigitaldeasturias.com\/noticias#listItem","name":"Home"}},{"@type":"ListItem","@id":"https:\/\/www.eldigitaldeasturias.com\/noticias\/pedro-sanjurjo-afirma-que-el-desafio-de-hoy-es-recuperar-el-dialogo-en-asturias\/#listItem","position":3,"name":"Pedro Sanjurjo afirma que el desaf\u00edo de hoy es \u00abrecuperar el di\u00e1logo\u201d en Asturias","previousItem":{"@type":"ListItem","@id":"https:\/\/www.eldigitaldeasturias.com\/noticias\/category\/actualidad-asturias\/#listItem","name":"Actualidad Asturias"}}]},{"@type":"Organization","@id":"https:\/\/www.eldigitaldeasturias.com\/noticias\/#organization","name":"El Digital de Asturias","description":"Hemeroteca","url":"https:\/\/www.eldigitaldeasturias.com\/noticias\/","email":"info@eldigitaldeasturias.com","telephone":"+34652131393","logo":{"@type":"ImageObject","url":"https:\/\/www.eldigitaldeasturias.com\/noticias\/wp-content\/uploads\/2020\/12\/EDA.jpg","@id":"https:\/\/www.eldigitaldeasturias.com\/noticias\/pedro-sanjurjo-afirma-que-el-desafio-de-hoy-es-recuperar-el-dialogo-en-asturias\/#organizationLogo","width":649,"height":297},"image":{"@id":"https:\/\/www.eldigitaldeasturias.com\/noticias\/pedro-sanjurjo-afirma-que-el-desafio-de-hoy-es-recuperar-el-dialogo-en-asturias\/#organizationLogo"},"sameAs":["https:\/\/facebook.com\/eldigitaldeasturias","https:\/\/www.youtube.com\/channel\/UCZP-2wLEB9Rv6erhFmqVnvg"],"address":{"@id":"https:\/\/www.eldigitaldeasturias.com\/noticias\/#postaladdress","@type":"PostalAddress","streetAddress":"san antonio 4,","postalCode":"33430","addressLocality":"Cand\u00e1s","addressRegion":"Asturias","addressCountry":"ES"}},{"@type":"Person","@id":"https:\/\/www.eldigitaldeasturias.com\/noticias\/author\/admin\/#author","url":"https:\/\/www.eldigitaldeasturias.com\/noticias\/author\/admin\/","name":"El Digital de Asturias","image":{"@type":"ImageObject","@id":"https:\/\/www.eldigitaldeasturias.com\/noticias\/pedro-sanjurjo-afirma-que-el-desafio-de-hoy-es-recuperar-el-dialogo-en-asturias\/#authorImage","url":"https:\/\/www.eldigitaldeasturias.com\/noticias\/wp-content\/litespeed\/avatar\/18677e78aa0546b92d9dbf31ec7d7668.jpg?ver=1777290358","width":96,"height":96,"caption":"El Digital de Asturias"}},{"@type":"WebPage","@id":"https:\/\/www.eldigitaldeasturias.com\/noticias\/pedro-sanjurjo-afirma-que-el-desafio-de-hoy-es-recuperar-el-dialogo-en-asturias\/#webpage","url":"https:\/\/www.eldigitaldeasturias.com\/noticias\/pedro-sanjurjo-afirma-que-el-desafio-de-hoy-es-recuperar-el-dialogo-en-asturias\/","name":"Pedro Sanjurjo afirma que el desaf\u00edo de hoy es \u00abrecuperar el di\u00e1logo\u201d en Asturias - El Digital de Asturias","description":"El presidente de la Junta General del Principado de Asturias (JGPA), el socialista Pedro Sanjurjo, ha dicho este mi\u00e9rcoles que el desaf\u00edo de hoy es \"recuperar el di\u00e1logo, la negociaci\u00f3n, la generosidad, los acuerdos y el compromiso\", frente a la \"confrontaci\u00f3n y la crispaci\u00f3n\". El representante asturiano se ha pronunciado en estos t\u00e9rminos en su","inLanguage":"es-ES","isPartOf":{"@id":"https:\/\/www.eldigitaldeasturias.com\/noticias\/#website"},"breadcrumb":{"@id":"https:\/\/www.eldigitaldeasturias.com\/noticias\/pedro-sanjurjo-afirma-que-el-desafio-de-hoy-es-recuperar-el-dialogo-en-asturias\/#breadcrumblist"},"author":{"@id":"https:\/\/www.eldigitaldeasturias.com\/noticias\/author\/admin\/#author"},"creator":{"@id":"https:\/\/www.eldigitaldeasturias.com\/noticias\/author\/admin\/#author"},"image":{"@type":"ImageObject","url":"https:\/\/www.eldigitaldeasturias.com\/noticias\/wp-content\/uploads\/2015\/06\/parlamento2015asturias.jpg","@id":"https:\/\/www.eldigitaldeasturias.com\/noticias\/pedro-sanjurjo-afirma-que-el-desafio-de-hoy-es-recuperar-el-dialogo-en-asturias\/#mainImage","width":800,"height":800},"primaryImageOfPage":{"@id":"https:\/\/www.eldigitaldeasturias.com\/noticias\/pedro-sanjurjo-afirma-que-el-desafio-de-hoy-es-recuperar-el-dialogo-en-asturias\/#mainImage"},"datePublished":"2016-09-08T05:13:08+02:00","dateModified":"2016-09-08T05:13:08+02:00"},{"@type":"WebSite","@id":"https:\/\/www.eldigitaldeasturias.com\/noticias\/#website","url":"https:\/\/www.eldigitaldeasturias.com\/noticias\/","name":"El Digital de Asturias - Diario de actualidad y noticias","alternateName":"El Digital de Asturias - Diario de actualidad y noticias","description":"Hemeroteca","inLanguage":"es-ES","publisher":{"@id":"https:\/\/www.eldigitaldeasturias.com\/noticias\/#organization"}}]},"og:locale":"es_ES","og:site_name":"El Digital de Asturias","og:type":"article","og:title":"Pedro Sanjurjo afirma que el desaf\u00edo de hoy es \u00abrecuperar el di\u00e1logo\u201d en Asturias - El Digital de Asturias","og:description":"El presidente de la Junta General del Principado de Asturias (JGPA), el socialista Pedro Sanjurjo, ha dicho este mi\u00e9rcoles que el desaf\u00edo de hoy es &quot;recuperar el di\u00e1logo, la negociaci\u00f3n, la generosidad, los acuerdos y el compromiso&quot;, frente a la &quot;confrontaci\u00f3n y la crispaci\u00f3n&quot;. El representante asturiano se ha pronunciado en estos t\u00e9rminos en su","og:url":"https:\/\/www.eldigitaldeasturias.com\/noticias\/pedro-sanjurjo-afirma-que-el-desafio-de-hoy-es-recuperar-el-dialogo-en-asturias\/","og:image":"https:\/\/www.eldigitaldeasturias.com\/noticias\/wp-content\/uploads\/2015\/06\/parlamento2015asturias.jpg","og:image:secure_url":"https:\/\/www.eldigitaldeasturias.com\/noticias\/wp-content\/uploads\/2015\/06\/parlamento2015asturias.jpg","og:image:width":800,"og:image:height":800,"article:tag":["actualidad asturias"],"article:published_time":"2016-09-08T04:13:08+00:00","article:modified_time":"2016-09-08T04:13:08+00:00","article:publisher":"https:\/\/facebook.com\/eldigitaldeasturias","twitter:card":"summary_large_image","twitter:title":"Pedro Sanjurjo afirma que el desaf\u00edo de hoy es \u00abrecuperar el di\u00e1logo\u201d en Asturias - El Digital de Asturias","twitter:description":"El presidente de la Junta General del Principado de Asturias (JGPA), el socialista Pedro Sanjurjo, ha dicho este mi\u00e9rcoles que el desaf\u00edo de hoy es &quot;recuperar el di\u00e1logo, la negociaci\u00f3n, la generosidad, los acuerdos y el compromiso&quot;, frente a la &quot;confrontaci\u00f3n y la crispaci\u00f3n&quot;. El representante asturiano se ha pronunciado en estos t\u00e9rminos en su","twitter:image":"https:\/\/www.eldigitaldeasturias.com\/noticias\/wp-content\/uploads\/2015\/06\/parlamento2015asturias.jpg","twitter:label1":"Escrito por","twitter:data1":"El Digital de Asturias","twitter:label2":"Tiempo de lectura estimado","twitter:data2":"1 minuto"},"aioseo_meta_data":{"post_id":"906383","title":null,"description":null,"keywords":null,"keyphrases":null,"primary_term":null,"canonical_url":null,"og_title":null,"og_description":null,"og_object_type":"default","og_image_type":"default","og_image_url":null,"og_image_width":null,"og_image_height":null,"og_image_custom_url":null,"og_image_custom_fields":null,"og_video":null,"og_custom_url":null,"og_article_section":null,"og_article_tags":null,"twitter_use_og":false,"twitter_card":"default","twitter_image_type":"default","twitter_image_url":null,"twitter_image_custom_url":null,"twitter_image_custom_fields":null,"twitter_title":null,"twitter_description":null,"schema":{"blockGraphs":[],"customGraphs":[],"default":{"data":{"Article":[],"Course":[],"Dataset":[],"FAQPage":[],"Movie":[],"Person":[],"Product":[],"ProductReview":[],"Car":[],"Recipe":[],"Service":[],"SoftwareApplication":[],"WebPage":[]},"graphName":"","isEnabled":true},"graphs":[],"defaultGraph":"","defaultPostTypeGraph":""},"schema_type":null,"schema_type_options":null,"pillar_content":false,"robots_default":true,"robots_noindex":false,"robots_noarchive":false,"robots_nosnippet":false,"robots_nofollow":false,"robots_noimageindex":false,"robots_noodp":false,"robots_notranslate":false,"robots_max_snippet":null,"robots_max_videopreview":null,"robots_max_imagepreview":"large","priority":null,"frequency":null,"local_seo":null,"seo_analyzer_scan_date":"2025-11-30 08:50:10","breadcrumb_settings":null,"limit_modified_date":false,"open_ai":null,"ai":null,"created":"2020-12-21 14:01:55","updated":"2025-11-30 08:50:10"},"aioseo_breadcrumb":"<div class=\"aioseo-breadcrumbs\"><span class=\"aioseo-breadcrumb\">\n\t<a href=\"https:\/\/www.eldigitaldeasturias.com\/noticias\" title=\"Home\">Home<\/a>\n<\/span><span class=\"aioseo-breadcrumb-separator\">\u2013<\/span><span class=\"aioseo-breadcrumb\">\n\t<a href=\"https:\/\/www.eldigitaldeasturias.com\/noticias\/category\/actualidad-asturias\/\" title=\"Actualidad Asturias\">Actualidad Asturias<\/a>\n<\/span><span class=\"aioseo-breadcrumb-separator\">\u2013<\/span><span class=\"aioseo-breadcrumb\">\n\t<a href=\"https:\/\/www.eldigitaldeasturias.com\/noticias\/pedro-sanjurjo-afirma-que-el-desafio-de-hoy-es-recuperar-el-dialogo-en-asturias\/\" title=\"Pedro Sanjurjo afirma que el desaf\u00edo de hoy es \u00abrecuperar el di\u00e1logo\u201d en Asturias\">Pedro Sanjurjo afirma que el desaf\u00edo de hoy es \u00abrecuperar el di\u00e1logo\u201d en Asturias<\/a>\n<\/span><\/div>","aioseo_breadcrumb_json":[{"label":"Home","link":"https:\/\/www.eldigitaldeasturias.com\/noticias"},{"label":"Actualidad Asturias","link":"https:\/\/www.eldigitaldeasturias.com\/noticias\/category\/actualidad-asturias\/"},{"label":"Pedro Sanjurjo afirma que el desaf\u00edo de hoy es \u00abrecuperar el di\u00e1logo\u201d en Asturias","link":"https:\/\/www.eldigitaldeasturias.com\/noticias\/pedro-sanjurjo-afirma-que-el-desafio-de-hoy-es-recuperar-el-dialogo-en-asturias\/"}],"_links":{"self":[{"href":"https:\/\/www.eldigitaldeasturias.com\/noticias\/wp-json\/wp\/v2\/posts\/906383","targetHints":{"allow":["GET"]}}],"collection":[{"href":"https:\/\/www.eldigitaldeasturias.com\/noticias\/wp-json\/wp\/v2\/posts"}],"about":[{"href":"https:\/\/www.eldigitaldeasturias.com\/noticias\/wp-json\/wp\/v2\/types\/post"}],"author":[{"embeddable":true,"href":"https:\/\/www.eldigitaldeasturias.com\/noticias\/wp-json\/wp\/v2\/users\/1"}],"replies":[{"embeddable":true,"href":"https:\/\/www.eldigitaldeasturias.com\/noticias\/wp-json\/wp\/v2\/comments?post=906383"}],"version-history":[{"count":0,"href":"https:\/\/www.eldigitaldeasturias.com\/noticias\/wp-json\/wp\/v2\/posts\/906383\/revisions"}],"wp:featuredmedia":[{"embeddable":true,"href":"https:\/\/www.eldigitaldeasturias.com\/noticias\/wp-json\/wp\/v2\/media\/789777"}],"wp:attachment":[{"href":"https:\/\/www.eldigitaldeasturias.com\/noticias\/wp-json\/wp\/v2\/media?parent=906383"}],"wp:term":[{"taxonomy":"category","embeddable":true,"href":"https:\/\/www.eldigitaldeasturias.com\/noticias\/wp-json\/wp\/v2\/categories?post=906383"},{"taxonomy":"post_tag","embeddable":true,"href":"https:\/\/www.eldigitaldeasturias.com\/noticias\/wp-json\/wp\/v2\/tags?post=906383"}],"curies":[{"name":"wp","href":"https:\/\/api.w.org\/{rel}","templated":true}]}}