{"id":906378,"date":"2016-09-08T05:09:25","date_gmt":"2016-09-08T04:09:25","guid":{"rendered":"http:\/\/www.eldigitaldeasturias.com\/noticias\/?p=906378"},"modified":"2016-09-08T05:09:25","modified_gmt":"2016-09-08T04:09:25","slug":"luis-venta-asturias-tiene-un-gobierno-sin-pulso-sin-ideas-y-sin-ambicion","status":"publish","type":"post","link":"https:\/\/www.eldigitaldeasturias.com\/noticias\/luis-venta-asturias-tiene-un-gobierno-sin-pulso-sin-ideas-y-sin-ambicion\/","title":{"rendered":"Luis Venta: \u00abAsturias tiene un Gobierno sin pulso, sin ideas y sin ambici\u00f3n\u201d"},"content":{"rendered":"<p><img loading=\"lazy\" decoding=\"async\" class=\"alignleft size-medium wp-image-906379\" src=\"https:\/\/www.eldigitaldeasturias.com\/noticias\/wp-content\/uploads\/2016\/09\/fotonoticia_20160907180249_800-360x240.jpg\" alt=\"fotonoticia_20160907180249_800\" width=\"360\" height=\"240\" srcset=\"https:\/\/www.eldigitaldeasturias.com\/noticias\/wp-content\/uploads\/2016\/09\/fotonoticia_20160907180249_800-360x240.jpg 360w, https:\/\/www.eldigitaldeasturias.com\/noticias\/wp-content\/uploads\/2016\/09\/fotonoticia_20160907180249_800-768x513.jpg 768w, https:\/\/www.eldigitaldeasturias.com\/noticias\/wp-content\/uploads\/2016\/09\/fotonoticia_20160907180249_800-650x434.jpg 650w, https:\/\/www.eldigitaldeasturias.com\/noticias\/wp-content\/uploads\/2016\/09\/fotonoticia_20160907180249_800-84x55.jpg 84w, https:\/\/www.eldigitaldeasturias.com\/noticias\/wp-content\/uploads\/2016\/09\/fotonoticia_20160907180249_800-49x32.jpg 49w, https:\/\/www.eldigitaldeasturias.com\/noticias\/wp-content\/uploads\/2016\/09\/fotonoticia_20160907180249_800.jpg 800w\" sizes=\"auto, (max-width: 360px) 100vw, 360px\" \/>El diputado del PP en la Junta General del Principado de Asturias (JGPA), Luis Venta, se ha mostrado este mi\u00e9rcoles cr\u00edtico con el gobierno socialista asturiano dirigido por el socialista Javier Fern\u00e1ndez. \u00abAsturias tiene un Gobierno sin pulso, sin ideas y sin ambici\u00f3n. Los asturianos se merecen m\u00e1s\u00bb, ha dicho .<\/p>\n<p>En su discurso en el pleno institucional del D\u00eda de Asturias, Venta ha dicho que el actual es un \u00abfin de ciclo pol\u00edtico en Asturias\u00bb tras treinta a\u00f1os de socialismo. \u00abEllo no puede ser motivo para que este gobierno espere sentado tres a\u00f1os\u00bb, ha lamentado.<\/p>\n<p>Desde el PP asturiano, han dicho que est\u00e1n dispuestos a llegar a acuerdos que transmitan optimismo y esperanza a los asturianos, entre otras cosas para que el Principado \u00abdeje de ser una de las comunidades aut\u00f3nomas que paga m\u00e1s impuestos, y especialmente, un impuesto de Sucesiones tremendamente injusto\u00bb.<\/p>\n<p>Venta tambi\u00e9n se ha referido a la situaci\u00f3n pol\u00edtica nacional y ha dicho que Espa\u00f1a vive \u00abuno de los momentos m\u00e1s dif\u00edciles de los \u00faltimos a\u00f1os, con un bloqueo institucional que impide desde hace ocho meses que haya gobierno\u00bb.<\/p>\n<p>As\u00ed, ha explicado que frente a quienes insisten en el \u00abno, no y no\u00bb, en alusi\u00f3n al PSOE, el PP dir\u00e1 \u00abs\u00ed\u00bb cuando lo que est\u00e9 en juego sea el inter\u00e9s general de Asturias. \u00abSeguiremos haciendo todo lo posible para no defraudar a los asturianos. Se lo merecen\u00bb, ha apostillado.<\/p>\n<p>Luis Venta ha recordado a los presentes que los parlamentarios tienen una \u00abresponsabilidad extra\u00bb a la hora de lograr un futuro mejor para Asturias. \u00abConstruir este futuro mejor exige esfuerzo y perseverancia, y ser conscientes de que s\u00f3lo lo lograremos con la aportaci\u00f3n de todos. Es una tarea colectiva\u00bb, ha argumentado.<\/p>\n<p>&nbsp;<\/p>\n","protected":false},"excerpt":{"rendered":"<p>El diputado del PP en la Junta General del Principado de Asturias (JGPA), Luis Venta, se ha mostrado este mi\u00e9rcoles cr\u00edtico con el gobierno socialista asturiano dirigido por el socialista Javier Fern\u00e1ndez. \u00abAsturias tiene un Gobierno sin pulso, sin ideas y sin ambici\u00f3n. Los asturianos se merecen m\u00e1s\u00bb, ha dicho . En su discurso en [&hellip;]<\/p>\n","protected":false},"author":1,"featured_media":906379,"comment_status":"closed","ping_status":"closed","sticky":false,"template":"","format":"standard","meta":{"footnotes":""},"categories":[12],"tags":[],"class_list":["post-906378","post","type-post","status-publish","format-standard","has-post-thumbnail","hentry","category-actualidad-asturias"],"aioseo_notices":[],"aioseo_head":"\n\t\t<!-- All in One SEO Pro 4.9.6.2 - aioseo.com -->\n\t<meta name=\"description\" content=\"El diputado del PP en la Junta General del Principado de Asturias (JGPA), Luis Venta, se ha mostrado este mi\u00e9rcoles cr\u00edtico con el gobierno socialista asturiano dirigido por el socialista Javier Fern\u00e1ndez. &quot;Asturias tiene un Gobierno sin pulso, sin ideas y sin ambici\u00f3n. Los asturianos se merecen m\u00e1s&quot;, ha dicho . En su discurso en\" \/>\n\t<meta name=\"robots\" content=\"max-image-preview:large\" \/>\n\t<meta name=\"author\" content=\"El Digital de Asturias\"\/>\n\t<meta name=\"google-site-verification\" content=\"UA-38556648-1\" \/>\n\t<meta name=\"msvalidate.01\" content=\"7dfe9f3f1b24437ab69f4f2559babe99\" \/>\n\t<meta name=\"keywords\" content=\"actualidad asturias\" \/>\n\t<link rel=\"canonical\" href=\"https:\/\/www.eldigitaldeasturias.com\/noticias\/luis-venta-asturias-tiene-un-gobierno-sin-pulso-sin-ideas-y-sin-ambicion\/\" \/>\n\t<meta name=\"generator\" content=\"All in One SEO Pro (AIOSEO) 4.9.6.2\" \/>\n\t\t<meta property=\"og:locale\" content=\"es_ES\" \/>\n\t\t<meta property=\"og:site_name\" content=\"El Digital de Asturias\" \/>\n\t\t<meta property=\"og:type\" content=\"article\" \/>\n\t\t<meta property=\"og:title\" content=\"Luis Venta: \u00abAsturias tiene un Gobierno sin pulso, sin ideas y sin ambici\u00f3n\u201d - El Digital de Asturias\" \/>\n\t\t<meta property=\"og:description\" content=\"El diputado del PP en la Junta General del Principado de Asturias (JGPA), Luis Venta, se ha mostrado este mi\u00e9rcoles cr\u00edtico con el gobierno socialista asturiano dirigido por el socialista Javier Fern\u00e1ndez. &quot;Asturias tiene un Gobierno sin pulso, sin ideas y sin ambici\u00f3n. Los asturianos se merecen m\u00e1s&quot;, ha dicho . En su discurso en\" \/>\n\t\t<meta property=\"og:url\" content=\"https:\/\/www.eldigitaldeasturias.com\/noticias\/luis-venta-asturias-tiene-un-gobierno-sin-pulso-sin-ideas-y-sin-ambicion\/\" \/>\n\t\t<meta property=\"og:image\" content=\"https:\/\/www.eldigitaldeasturias.com\/noticias\/wp-content\/uploads\/2016\/09\/fotonoticia_20160907180249_800.jpg\" \/>\n\t\t<meta property=\"og:image:secure_url\" content=\"https:\/\/www.eldigitaldeasturias.com\/noticias\/wp-content\/uploads\/2016\/09\/fotonoticia_20160907180249_800.jpg\" \/>\n\t\t<meta property=\"og:image:width\" content=\"800\" \/>\n\t\t<meta property=\"og:image:height\" content=\"534\" \/>\n\t\t<meta property=\"article:tag\" content=\"actualidad asturias\" \/>\n\t\t<meta property=\"article:published_time\" content=\"2016-09-08T04:09:25+00:00\" \/>\n\t\t<meta property=\"article:modified_time\" content=\"2016-09-08T04:09:25+00:00\" \/>\n\t\t<meta property=\"article:publisher\" content=\"https:\/\/facebook.com\/eldigitaldeasturias\" \/>\n\t\t<meta name=\"twitter:card\" content=\"summary_large_image\" \/>\n\t\t<meta name=\"twitter:title\" content=\"Luis Venta: \u00abAsturias tiene un Gobierno sin pulso, sin ideas y sin ambici\u00f3n\u201d - El Digital de Asturias\" \/>\n\t\t<meta name=\"twitter:description\" content=\"El diputado del PP en la Junta General del Principado de Asturias (JGPA), Luis Venta, se ha mostrado este mi\u00e9rcoles cr\u00edtico con el gobierno socialista asturiano dirigido por el socialista Javier Fern\u00e1ndez. &quot;Asturias tiene un Gobierno sin pulso, sin ideas y sin ambici\u00f3n. Los asturianos se merecen m\u00e1s&quot;, ha dicho . En su discurso en\" \/>\n\t\t<meta name=\"twitter:image\" content=\"https:\/\/www.eldigitaldeasturias.com\/noticias\/wp-content\/uploads\/2016\/09\/fotonoticia_20160907180249_800.jpg\" \/>\n\t\t<meta name=\"twitter:label1\" content=\"Escrito por\" \/>\n\t\t<meta name=\"twitter:data1\" content=\"El Digital de Asturias\" \/>\n\t\t<meta name=\"twitter:label2\" content=\"Tiempo de lectura estimado\" \/>\n\t\t<meta name=\"twitter:data2\" content=\"2 minutos\" \/>\n\t\t<script type=\"application\/ld+json\" class=\"aioseo-schema\">\n\t\t\t{\"@context\":\"https:\\\/\\\/schema.org\",\"@graph\":[{\"@type\":\"BlogPosting\",\"@id\":\"https:\\\/\\\/www.eldigitaldeasturias.com\\\/noticias\\\/luis-venta-asturias-tiene-un-gobierno-sin-pulso-sin-ideas-y-sin-ambicion\\\/#blogposting\",\"name\":\"Luis Venta: \\u00abAsturias tiene un Gobierno sin pulso, sin ideas y sin ambici\\u00f3n\\u201d - El Digital de Asturias\",\"headline\":\"Luis Venta: \\u00abAsturias tiene un Gobierno sin pulso, sin ideas y sin ambici\\u00f3n\\u201d\",\"author\":{\"@id\":\"https:\\\/\\\/www.eldigitaldeasturias.com\\\/noticias\\\/author\\\/admin\\\/#author\"},\"publisher\":{\"@id\":\"https:\\\/\\\/www.eldigitaldeasturias.com\\\/noticias\\\/#organization\"},\"image\":{\"@type\":\"ImageObject\",\"url\":\"https:\\\/\\\/www.eldigitaldeasturias.com\\\/noticias\\\/wp-content\\\/uploads\\\/2016\\\/09\\\/fotonoticia_20160907180249_800.jpg\",\"width\":800,\"height\":534},\"datePublished\":\"2016-09-08T05:09:25+02:00\",\"dateModified\":\"2016-09-08T05:09:25+02:00\",\"inLanguage\":\"es-ES\",\"mainEntityOfPage\":{\"@id\":\"https:\\\/\\\/www.eldigitaldeasturias.com\\\/noticias\\\/luis-venta-asturias-tiene-un-gobierno-sin-pulso-sin-ideas-y-sin-ambicion\\\/#webpage\"},\"isPartOf\":{\"@id\":\"https:\\\/\\\/www.eldigitaldeasturias.com\\\/noticias\\\/luis-venta-asturias-tiene-un-gobierno-sin-pulso-sin-ideas-y-sin-ambicion\\\/#webpage\"},\"articleSection\":\"Actualidad Asturias\"},{\"@type\":\"BreadcrumbList\",\"@id\":\"https:\\\/\\\/www.eldigitaldeasturias.com\\\/noticias\\\/luis-venta-asturias-tiene-un-gobierno-sin-pulso-sin-ideas-y-sin-ambicion\\\/#breadcrumblist\",\"itemListElement\":[{\"@type\":\"ListItem\",\"@id\":\"https:\\\/\\\/www.eldigitaldeasturias.com\\\/noticias#listItem\",\"position\":1,\"name\":\"Home\",\"item\":\"https:\\\/\\\/www.eldigitaldeasturias.com\\\/noticias\",\"nextItem\":{\"@type\":\"ListItem\",\"@id\":\"https:\\\/\\\/www.eldigitaldeasturias.com\\\/noticias\\\/category\\\/actualidad-asturias\\\/#listItem\",\"name\":\"Actualidad Asturias\"}},{\"@type\":\"ListItem\",\"@id\":\"https:\\\/\\\/www.eldigitaldeasturias.com\\\/noticias\\\/category\\\/actualidad-asturias\\\/#listItem\",\"position\":2,\"name\":\"Actualidad Asturias\",\"item\":\"https:\\\/\\\/www.eldigitaldeasturias.com\\\/noticias\\\/category\\\/actualidad-asturias\\\/\",\"nextItem\":{\"@type\":\"ListItem\",\"@id\":\"https:\\\/\\\/www.eldigitaldeasturias.com\\\/noticias\\\/luis-venta-asturias-tiene-un-gobierno-sin-pulso-sin-ideas-y-sin-ambicion\\\/#listItem\",\"name\":\"Luis Venta: \\u00abAsturias tiene un Gobierno sin pulso, sin ideas y sin ambici\\u00f3n\\u201d\"},\"previousItem\":{\"@type\":\"ListItem\",\"@id\":\"https:\\\/\\\/www.eldigitaldeasturias.com\\\/noticias#listItem\",\"name\":\"Home\"}},{\"@type\":\"ListItem\",\"@id\":\"https:\\\/\\\/www.eldigitaldeasturias.com\\\/noticias\\\/luis-venta-asturias-tiene-un-gobierno-sin-pulso-sin-ideas-y-sin-ambicion\\\/#listItem\",\"position\":3,\"name\":\"Luis Venta: \\u00abAsturias tiene un Gobierno sin pulso, sin ideas y sin ambici\\u00f3n\\u201d\",\"previousItem\":{\"@type\":\"ListItem\",\"@id\":\"https:\\\/\\\/www.eldigitaldeasturias.com\\\/noticias\\\/category\\\/actualidad-asturias\\\/#listItem\",\"name\":\"Actualidad Asturias\"}}]},{\"@type\":\"Organization\",\"@id\":\"https:\\\/\\\/www.eldigitaldeasturias.com\\\/noticias\\\/#organization\",\"name\":\"El Digital de Asturias\",\"description\":\"Hemeroteca\",\"url\":\"https:\\\/\\\/www.eldigitaldeasturias.com\\\/noticias\\\/\",\"email\":\"info@eldigitaldeasturias.com\",\"telephone\":\"+34652131393\",\"logo\":{\"@type\":\"ImageObject\",\"url\":\"https:\\\/\\\/www.eldigitaldeasturias.com\\\/noticias\\\/wp-content\\\/uploads\\\/2020\\\/12\\\/EDA.jpg\",\"@id\":\"https:\\\/\\\/www.eldigitaldeasturias.com\\\/noticias\\\/luis-venta-asturias-tiene-un-gobierno-sin-pulso-sin-ideas-y-sin-ambicion\\\/#organizationLogo\",\"width\":649,\"height\":297},\"image\":{\"@id\":\"https:\\\/\\\/www.eldigitaldeasturias.com\\\/noticias\\\/luis-venta-asturias-tiene-un-gobierno-sin-pulso-sin-ideas-y-sin-ambicion\\\/#organizationLogo\"},\"sameAs\":[\"https:\\\/\\\/facebook.com\\\/eldigitaldeasturias\",\"https:\\\/\\\/www.youtube.com\\\/channel\\\/UCZP-2wLEB9Rv6erhFmqVnvg\"],\"address\":{\"@id\":\"https:\\\/\\\/www.eldigitaldeasturias.com\\\/noticias\\\/#postaladdress\",\"@type\":\"PostalAddress\",\"streetAddress\":\"san antonio 4,\",\"postalCode\":\"33430\",\"addressLocality\":\"Cand\\u00e1s\",\"addressRegion\":\"Asturias\",\"addressCountry\":\"ES\"}},{\"@type\":\"Person\",\"@id\":\"https:\\\/\\\/www.eldigitaldeasturias.com\\\/noticias\\\/author\\\/admin\\\/#author\",\"url\":\"https:\\\/\\\/www.eldigitaldeasturias.com\\\/noticias\\\/author\\\/admin\\\/\",\"name\":\"El Digital de Asturias\",\"image\":{\"@type\":\"ImageObject\",\"@id\":\"https:\\\/\\\/www.eldigitaldeasturias.com\\\/noticias\\\/luis-venta-asturias-tiene-un-gobierno-sin-pulso-sin-ideas-y-sin-ambicion\\\/#authorImage\",\"url\":\"https:\\\/\\\/www.eldigitaldeasturias.com\\\/noticias\\\/wp-content\\\/litespeed\\\/avatar\\\/18677e78aa0546b92d9dbf31ec7d7668.jpg?ver=1777290358\",\"width\":96,\"height\":96,\"caption\":\"El Digital de Asturias\"}},{\"@type\":\"WebPage\",\"@id\":\"https:\\\/\\\/www.eldigitaldeasturias.com\\\/noticias\\\/luis-venta-asturias-tiene-un-gobierno-sin-pulso-sin-ideas-y-sin-ambicion\\\/#webpage\",\"url\":\"https:\\\/\\\/www.eldigitaldeasturias.com\\\/noticias\\\/luis-venta-asturias-tiene-un-gobierno-sin-pulso-sin-ideas-y-sin-ambicion\\\/\",\"name\":\"Luis Venta: \\u00abAsturias tiene un Gobierno sin pulso, sin ideas y sin ambici\\u00f3n\\u201d - El Digital de Asturias\",\"description\":\"El diputado del PP en la Junta General del Principado de Asturias (JGPA), Luis Venta, se ha mostrado este mi\\u00e9rcoles cr\\u00edtico con el gobierno socialista asturiano dirigido por el socialista Javier Fern\\u00e1ndez. \\\"Asturias tiene un Gobierno sin pulso, sin ideas y sin ambici\\u00f3n. Los asturianos se merecen m\\u00e1s\\\", ha dicho . En su discurso en\",\"inLanguage\":\"es-ES\",\"isPartOf\":{\"@id\":\"https:\\\/\\\/www.eldigitaldeasturias.com\\\/noticias\\\/#website\"},\"breadcrumb\":{\"@id\":\"https:\\\/\\\/www.eldigitaldeasturias.com\\\/noticias\\\/luis-venta-asturias-tiene-un-gobierno-sin-pulso-sin-ideas-y-sin-ambicion\\\/#breadcrumblist\"},\"author\":{\"@id\":\"https:\\\/\\\/www.eldigitaldeasturias.com\\\/noticias\\\/author\\\/admin\\\/#author\"},\"creator\":{\"@id\":\"https:\\\/\\\/www.eldigitaldeasturias.com\\\/noticias\\\/author\\\/admin\\\/#author\"},\"image\":{\"@type\":\"ImageObject\",\"url\":\"https:\\\/\\\/www.eldigitaldeasturias.com\\\/noticias\\\/wp-content\\\/uploads\\\/2016\\\/09\\\/fotonoticia_20160907180249_800.jpg\",\"@id\":\"https:\\\/\\\/www.eldigitaldeasturias.com\\\/noticias\\\/luis-venta-asturias-tiene-un-gobierno-sin-pulso-sin-ideas-y-sin-ambicion\\\/#mainImage\",\"width\":800,\"height\":534},\"primaryImageOfPage\":{\"@id\":\"https:\\\/\\\/www.eldigitaldeasturias.com\\\/noticias\\\/luis-venta-asturias-tiene-un-gobierno-sin-pulso-sin-ideas-y-sin-ambicion\\\/#mainImage\"},\"datePublished\":\"2016-09-08T05:09:25+02:00\",\"dateModified\":\"2016-09-08T05:09:25+02:00\"},{\"@type\":\"WebSite\",\"@id\":\"https:\\\/\\\/www.eldigitaldeasturias.com\\\/noticias\\\/#website\",\"url\":\"https:\\\/\\\/www.eldigitaldeasturias.com\\\/noticias\\\/\",\"name\":\"El Digital de Asturias - Diario de actualidad y noticias\",\"alternateName\":\"El Digital de Asturias - Diario de actualidad y noticias\",\"description\":\"Hemeroteca\",\"inLanguage\":\"es-ES\",\"publisher\":{\"@id\":\"https:\\\/\\\/www.eldigitaldeasturias.com\\\/noticias\\\/#organization\"}}]}\n\t\t<\/script>\n\t\t<!-- All in One SEO Pro -->\r\n\t\t<title>Luis Venta: \u00abAsturias tiene un Gobierno sin pulso, sin ideas y sin ambici\u00f3n\u201d - El Digital de Asturias<\/title>\n\n","aioseo_head_json":{"title":"Luis Venta: \u00abAsturias tiene un Gobierno sin pulso, sin ideas y sin ambici\u00f3n\u201d - El Digital de Asturias","description":"El diputado del PP en la Junta General del Principado de Asturias (JGPA), Luis Venta, se ha mostrado este mi\u00e9rcoles cr\u00edtico con el gobierno socialista asturiano dirigido por el socialista Javier Fern\u00e1ndez. \"Asturias tiene un Gobierno sin pulso, sin ideas y sin ambici\u00f3n. Los asturianos se merecen m\u00e1s\", ha dicho . En su discurso en","canonical_url":"https:\/\/www.eldigitaldeasturias.com\/noticias\/luis-venta-asturias-tiene-un-gobierno-sin-pulso-sin-ideas-y-sin-ambicion\/","robots":"max-image-preview:large","keywords":"actualidad asturias","webmasterTools":{"google-site-verification":"UA-38556648-1","msvalidate.01":"7dfe9f3f1b24437ab69f4f2559babe99","miscellaneous":""},"schema":{"@context":"https:\/\/schema.org","@graph":[{"@type":"BlogPosting","@id":"https:\/\/www.eldigitaldeasturias.com\/noticias\/luis-venta-asturias-tiene-un-gobierno-sin-pulso-sin-ideas-y-sin-ambicion\/#blogposting","name":"Luis Venta: \u00abAsturias tiene un Gobierno sin pulso, sin ideas y sin ambici\u00f3n\u201d - El Digital de Asturias","headline":"Luis Venta: \u00abAsturias tiene un Gobierno sin pulso, sin ideas y sin ambici\u00f3n\u201d","author":{"@id":"https:\/\/www.eldigitaldeasturias.com\/noticias\/author\/admin\/#author"},"publisher":{"@id":"https:\/\/www.eldigitaldeasturias.com\/noticias\/#organization"},"image":{"@type":"ImageObject","url":"https:\/\/www.eldigitaldeasturias.com\/noticias\/wp-content\/uploads\/2016\/09\/fotonoticia_20160907180249_800.jpg","width":800,"height":534},"datePublished":"2016-09-08T05:09:25+02:00","dateModified":"2016-09-08T05:09:25+02:00","inLanguage":"es-ES","mainEntityOfPage":{"@id":"https:\/\/www.eldigitaldeasturias.com\/noticias\/luis-venta-asturias-tiene-un-gobierno-sin-pulso-sin-ideas-y-sin-ambicion\/#webpage"},"isPartOf":{"@id":"https:\/\/www.eldigitaldeasturias.com\/noticias\/luis-venta-asturias-tiene-un-gobierno-sin-pulso-sin-ideas-y-sin-ambicion\/#webpage"},"articleSection":"Actualidad Asturias"},{"@type":"BreadcrumbList","@id":"https:\/\/www.eldigitaldeasturias.com\/noticias\/luis-venta-asturias-tiene-un-gobierno-sin-pulso-sin-ideas-y-sin-ambicion\/#breadcrumblist","itemListElement":[{"@type":"ListItem","@id":"https:\/\/www.eldigitaldeasturias.com\/noticias#listItem","position":1,"name":"Home","item":"https:\/\/www.eldigitaldeasturias.com\/noticias","nextItem":{"@type":"ListItem","@id":"https:\/\/www.eldigitaldeasturias.com\/noticias\/category\/actualidad-asturias\/#listItem","name":"Actualidad Asturias"}},{"@type":"ListItem","@id":"https:\/\/www.eldigitaldeasturias.com\/noticias\/category\/actualidad-asturias\/#listItem","position":2,"name":"Actualidad Asturias","item":"https:\/\/www.eldigitaldeasturias.com\/noticias\/category\/actualidad-asturias\/","nextItem":{"@type":"ListItem","@id":"https:\/\/www.eldigitaldeasturias.com\/noticias\/luis-venta-asturias-tiene-un-gobierno-sin-pulso-sin-ideas-y-sin-ambicion\/#listItem","name":"Luis Venta: \u00abAsturias tiene un Gobierno sin pulso, sin ideas y sin ambici\u00f3n\u201d"},"previousItem":{"@type":"ListItem","@id":"https:\/\/www.eldigitaldeasturias.com\/noticias#listItem","name":"Home"}},{"@type":"ListItem","@id":"https:\/\/www.eldigitaldeasturias.com\/noticias\/luis-venta-asturias-tiene-un-gobierno-sin-pulso-sin-ideas-y-sin-ambicion\/#listItem","position":3,"name":"Luis Venta: \u00abAsturias tiene un Gobierno sin pulso, sin ideas y sin ambici\u00f3n\u201d","previousItem":{"@type":"ListItem","@id":"https:\/\/www.eldigitaldeasturias.com\/noticias\/category\/actualidad-asturias\/#listItem","name":"Actualidad Asturias"}}]},{"@type":"Organization","@id":"https:\/\/www.eldigitaldeasturias.com\/noticias\/#organization","name":"El Digital de Asturias","description":"Hemeroteca","url":"https:\/\/www.eldigitaldeasturias.com\/noticias\/","email":"info@eldigitaldeasturias.com","telephone":"+34652131393","logo":{"@type":"ImageObject","url":"https:\/\/www.eldigitaldeasturias.com\/noticias\/wp-content\/uploads\/2020\/12\/EDA.jpg","@id":"https:\/\/www.eldigitaldeasturias.com\/noticias\/luis-venta-asturias-tiene-un-gobierno-sin-pulso-sin-ideas-y-sin-ambicion\/#organizationLogo","width":649,"height":297},"image":{"@id":"https:\/\/www.eldigitaldeasturias.com\/noticias\/luis-venta-asturias-tiene-un-gobierno-sin-pulso-sin-ideas-y-sin-ambicion\/#organizationLogo"},"sameAs":["https:\/\/facebook.com\/eldigitaldeasturias","https:\/\/www.youtube.com\/channel\/UCZP-2wLEB9Rv6erhFmqVnvg"],"address":{"@id":"https:\/\/www.eldigitaldeasturias.com\/noticias\/#postaladdress","@type":"PostalAddress","streetAddress":"san antonio 4,","postalCode":"33430","addressLocality":"Cand\u00e1s","addressRegion":"Asturias","addressCountry":"ES"}},{"@type":"Person","@id":"https:\/\/www.eldigitaldeasturias.com\/noticias\/author\/admin\/#author","url":"https:\/\/www.eldigitaldeasturias.com\/noticias\/author\/admin\/","name":"El Digital de Asturias","image":{"@type":"ImageObject","@id":"https:\/\/www.eldigitaldeasturias.com\/noticias\/luis-venta-asturias-tiene-un-gobierno-sin-pulso-sin-ideas-y-sin-ambicion\/#authorImage","url":"https:\/\/www.eldigitaldeasturias.com\/noticias\/wp-content\/litespeed\/avatar\/18677e78aa0546b92d9dbf31ec7d7668.jpg?ver=1777290358","width":96,"height":96,"caption":"El Digital de Asturias"}},{"@type":"WebPage","@id":"https:\/\/www.eldigitaldeasturias.com\/noticias\/luis-venta-asturias-tiene-un-gobierno-sin-pulso-sin-ideas-y-sin-ambicion\/#webpage","url":"https:\/\/www.eldigitaldeasturias.com\/noticias\/luis-venta-asturias-tiene-un-gobierno-sin-pulso-sin-ideas-y-sin-ambicion\/","name":"Luis Venta: \u00abAsturias tiene un Gobierno sin pulso, sin ideas y sin ambici\u00f3n\u201d - El Digital de Asturias","description":"El diputado del PP en la Junta General del Principado de Asturias (JGPA), Luis Venta, se ha mostrado este mi\u00e9rcoles cr\u00edtico con el gobierno socialista asturiano dirigido por el socialista Javier Fern\u00e1ndez. \"Asturias tiene un Gobierno sin pulso, sin ideas y sin ambici\u00f3n. Los asturianos se merecen m\u00e1s\", ha dicho . En su discurso en","inLanguage":"es-ES","isPartOf":{"@id":"https:\/\/www.eldigitaldeasturias.com\/noticias\/#website"},"breadcrumb":{"@id":"https:\/\/www.eldigitaldeasturias.com\/noticias\/luis-venta-asturias-tiene-un-gobierno-sin-pulso-sin-ideas-y-sin-ambicion\/#breadcrumblist"},"author":{"@id":"https:\/\/www.eldigitaldeasturias.com\/noticias\/author\/admin\/#author"},"creator":{"@id":"https:\/\/www.eldigitaldeasturias.com\/noticias\/author\/admin\/#author"},"image":{"@type":"ImageObject","url":"https:\/\/www.eldigitaldeasturias.com\/noticias\/wp-content\/uploads\/2016\/09\/fotonoticia_20160907180249_800.jpg","@id":"https:\/\/www.eldigitaldeasturias.com\/noticias\/luis-venta-asturias-tiene-un-gobierno-sin-pulso-sin-ideas-y-sin-ambicion\/#mainImage","width":800,"height":534},"primaryImageOfPage":{"@id":"https:\/\/www.eldigitaldeasturias.com\/noticias\/luis-venta-asturias-tiene-un-gobierno-sin-pulso-sin-ideas-y-sin-ambicion\/#mainImage"},"datePublished":"2016-09-08T05:09:25+02:00","dateModified":"2016-09-08T05:09:25+02:00"},{"@type":"WebSite","@id":"https:\/\/www.eldigitaldeasturias.com\/noticias\/#website","url":"https:\/\/www.eldigitaldeasturias.com\/noticias\/","name":"El Digital de Asturias - Diario de actualidad y noticias","alternateName":"El Digital de Asturias - Diario de actualidad y noticias","description":"Hemeroteca","inLanguage":"es-ES","publisher":{"@id":"https:\/\/www.eldigitaldeasturias.com\/noticias\/#organization"}}]},"og:locale":"es_ES","og:site_name":"El Digital de Asturias","og:type":"article","og:title":"Luis Venta: \u00abAsturias tiene un Gobierno sin pulso, sin ideas y sin ambici\u00f3n\u201d - El Digital de Asturias","og:description":"El diputado del PP en la Junta General del Principado de Asturias (JGPA), Luis Venta, se ha mostrado este mi\u00e9rcoles cr\u00edtico con el gobierno socialista asturiano dirigido por el socialista Javier Fern\u00e1ndez. &quot;Asturias tiene un Gobierno sin pulso, sin ideas y sin ambici\u00f3n. Los asturianos se merecen m\u00e1s&quot;, ha dicho . En su discurso en","og:url":"https:\/\/www.eldigitaldeasturias.com\/noticias\/luis-venta-asturias-tiene-un-gobierno-sin-pulso-sin-ideas-y-sin-ambicion\/","og:image":"https:\/\/www.eldigitaldeasturias.com\/noticias\/wp-content\/uploads\/2016\/09\/fotonoticia_20160907180249_800.jpg","og:image:secure_url":"https:\/\/www.eldigitaldeasturias.com\/noticias\/wp-content\/uploads\/2016\/09\/fotonoticia_20160907180249_800.jpg","og:image:width":800,"og:image:height":534,"article:tag":["actualidad asturias"],"article:published_time":"2016-09-08T04:09:25+00:00","article:modified_time":"2016-09-08T04:09:25+00:00","article:publisher":"https:\/\/facebook.com\/eldigitaldeasturias","twitter:card":"summary_large_image","twitter:title":"Luis Venta: \u00abAsturias tiene un Gobierno sin pulso, sin ideas y sin ambici\u00f3n\u201d - El Digital de Asturias","twitter:description":"El diputado del PP en la Junta General del Principado de Asturias (JGPA), Luis Venta, se ha mostrado este mi\u00e9rcoles cr\u00edtico con el gobierno socialista asturiano dirigido por el socialista Javier Fern\u00e1ndez. &quot;Asturias tiene un Gobierno sin pulso, sin ideas y sin ambici\u00f3n. Los asturianos se merecen m\u00e1s&quot;, ha dicho . En su discurso en","twitter:image":"https:\/\/www.eldigitaldeasturias.com\/noticias\/wp-content\/uploads\/2016\/09\/fotonoticia_20160907180249_800.jpg","twitter:label1":"Escrito por","twitter:data1":"El Digital de Asturias","twitter:label2":"Tiempo de lectura estimado","twitter:data2":"2 minutos"},"aioseo_meta_data":{"post_id":"906378","title":null,"description":null,"keywords":null,"keyphrases":null,"primary_term":null,"canonical_url":null,"og_title":null,"og_description":null,"og_object_type":"default","og_image_type":"default","og_image_url":null,"og_image_width":null,"og_image_height":null,"og_image_custom_url":null,"og_image_custom_fields":null,"og_video":null,"og_custom_url":null,"og_article_section":null,"og_article_tags":null,"twitter_use_og":false,"twitter_card":"default","twitter_image_type":"default","twitter_image_url":null,"twitter_image_custom_url":null,"twitter_image_custom_fields":null,"twitter_title":null,"twitter_description":null,"schema":{"blockGraphs":[],"customGraphs":[],"default":{"data":{"Article":[],"Course":[],"Dataset":[],"FAQPage":[],"Movie":[],"Person":[],"Product":[],"ProductReview":[],"Car":[],"Recipe":[],"Service":[],"SoftwareApplication":[],"WebPage":[]},"graphName":"","isEnabled":true},"graphs":[],"defaultGraph":"","defaultPostTypeGraph":""},"schema_type":null,"schema_type_options":null,"pillar_content":false,"robots_default":true,"robots_noindex":false,"robots_noarchive":false,"robots_nosnippet":false,"robots_nofollow":false,"robots_noimageindex":false,"robots_noodp":false,"robots_notranslate":false,"robots_max_snippet":null,"robots_max_videopreview":null,"robots_max_imagepreview":"large","priority":null,"frequency":null,"local_seo":null,"seo_analyzer_scan_date":"2025-11-30 08:50:09","breadcrumb_settings":null,"limit_modified_date":false,"open_ai":null,"ai":null,"created":"2020-12-21 14:01:55","updated":"2025-11-30 08:50:09"},"aioseo_breadcrumb":"<div class=\"aioseo-breadcrumbs\"><span class=\"aioseo-breadcrumb\">\n\t<a href=\"https:\/\/www.eldigitaldeasturias.com\/noticias\" title=\"Home\">Home<\/a>\n<\/span><span class=\"aioseo-breadcrumb-separator\">\u2013<\/span><span class=\"aioseo-breadcrumb\">\n\t<a href=\"https:\/\/www.eldigitaldeasturias.com\/noticias\/category\/actualidad-asturias\/\" title=\"Actualidad Asturias\">Actualidad Asturias<\/a>\n<\/span><span class=\"aioseo-breadcrumb-separator\">\u2013<\/span><span class=\"aioseo-breadcrumb\">\n\t<a href=\"https:\/\/www.eldigitaldeasturias.com\/noticias\/luis-venta-asturias-tiene-un-gobierno-sin-pulso-sin-ideas-y-sin-ambicion\/\" title=\"Luis Venta: \u00abAsturias tiene un Gobierno sin pulso, sin ideas y sin ambici\u00f3n\u201d\">Luis Venta: \u00abAsturias tiene un Gobierno sin pulso, sin ideas y sin ambici\u00f3n\u201d<\/a>\n<\/span><\/div>","aioseo_breadcrumb_json":[{"label":"Home","link":"https:\/\/www.eldigitaldeasturias.com\/noticias"},{"label":"Actualidad Asturias","link":"https:\/\/www.eldigitaldeasturias.com\/noticias\/category\/actualidad-asturias\/"},{"label":"Luis Venta: \u00abAsturias tiene un Gobierno sin pulso, sin ideas y sin ambici\u00f3n\u201d","link":"https:\/\/www.eldigitaldeasturias.com\/noticias\/luis-venta-asturias-tiene-un-gobierno-sin-pulso-sin-ideas-y-sin-ambicion\/"}],"_links":{"self":[{"href":"https:\/\/www.eldigitaldeasturias.com\/noticias\/wp-json\/wp\/v2\/posts\/906378","targetHints":{"allow":["GET"]}}],"collection":[{"href":"https:\/\/www.eldigitaldeasturias.com\/noticias\/wp-json\/wp\/v2\/posts"}],"about":[{"href":"https:\/\/www.eldigitaldeasturias.com\/noticias\/wp-json\/wp\/v2\/types\/post"}],"author":[{"embeddable":true,"href":"https:\/\/www.eldigitaldeasturias.com\/noticias\/wp-json\/wp\/v2\/users\/1"}],"replies":[{"embeddable":true,"href":"https:\/\/www.eldigitaldeasturias.com\/noticias\/wp-json\/wp\/v2\/comments?post=906378"}],"version-history":[{"count":0,"href":"https:\/\/www.eldigitaldeasturias.com\/noticias\/wp-json\/wp\/v2\/posts\/906378\/revisions"}],"wp:featuredmedia":[{"embeddable":true,"href":"https:\/\/www.eldigitaldeasturias.com\/noticias\/wp-json\/wp\/v2\/media\/906379"}],"wp:attachment":[{"href":"https:\/\/www.eldigitaldeasturias.com\/noticias\/wp-json\/wp\/v2\/media?parent=906378"}],"wp:term":[{"taxonomy":"category","embeddable":true,"href":"https:\/\/www.eldigitaldeasturias.com\/noticias\/wp-json\/wp\/v2\/categories?post=906378"},{"taxonomy":"post_tag","embeddable":true,"href":"https:\/\/www.eldigitaldeasturias.com\/noticias\/wp-json\/wp\/v2\/tags?post=906378"}],"curies":[{"name":"wp","href":"https:\/\/api.w.org\/{rel}","templated":true}]}}