{"id":906372,"date":"2016-09-08T05:05:23","date_gmt":"2016-09-08T04:05:23","guid":{"rendered":"http:\/\/www.eldigitaldeasturias.com\/noticias\/?p=906372"},"modified":"2016-09-08T05:05:23","modified_gmt":"2016-09-08T04:05:23","slug":"nicanor-garcia-apuesta-por-construir-una-asturias-diferente-y-dinamica","status":"publish","type":"post","link":"https:\/\/www.eldigitaldeasturias.com\/noticias\/nicanor-garcia-apuesta-por-construir-una-asturias-diferente-y-dinamica\/","title":{"rendered":"Nicanor Garc\u00eda apuesta por construir una Asturias \u00abdiferente\u00bb y \u00abdin\u00e1mica\u201d"},"content":{"rendered":"<p><img loading=\"lazy\" decoding=\"async\" class=\"alignleft size-medium wp-image-906373\" src=\"https:\/\/www.eldigitaldeasturias.com\/noticias\/wp-content\/uploads\/2016\/09\/fotonoticia_20160907172955_800-360x240.jpg\" alt=\"fotonoticia_20160907172955_800\" width=\"360\" height=\"240\" srcset=\"https:\/\/www.eldigitaldeasturias.com\/noticias\/wp-content\/uploads\/2016\/09\/fotonoticia_20160907172955_800-360x240.jpg 360w, https:\/\/www.eldigitaldeasturias.com\/noticias\/wp-content\/uploads\/2016\/09\/fotonoticia_20160907172955_800-768x512.jpg 768w, https:\/\/www.eldigitaldeasturias.com\/noticias\/wp-content\/uploads\/2016\/09\/fotonoticia_20160907172955_800-650x433.jpg 650w, https:\/\/www.eldigitaldeasturias.com\/noticias\/wp-content\/uploads\/2016\/09\/fotonoticia_20160907172955_800-84x55.jpg 84w, https:\/\/www.eldigitaldeasturias.com\/noticias\/wp-content\/uploads\/2016\/09\/fotonoticia_20160907172955_800-49x32.jpg 49w, https:\/\/www.eldigitaldeasturias.com\/noticias\/wp-content\/uploads\/2016\/09\/fotonoticia_20160907172955_800.jpg 800w\" sizes=\"auto, (max-width: 360px) 100vw, 360px\" \/>El portavoz de Ciudadanos en la Junta General del Principado de Asturias, Nicanor Garc\u00eda, ha aprovechado este mi\u00e9rcoles su discurso en el pleno institucional del D\u00eda de Asturias para reclamar al presidente del Gobierno asturiano, el socialista Javier Fern\u00e1ndez, un cambio en su estrategia para conseguir aprobar un presupuesto regional \u00abinversor\u00bb para 2017.<\/p>\n<p>Garc\u00eda ha dicho que el presidente asturiano ha reconocido ya que ha sido \u00abimposible\u00bb el entendimiento de la izquierda. \u00ab\u00bfNo es el momento de dar un giro y explorar otras posibilidades?\u00bb , se ha preguntado.<\/p>\n<p>As\u00ed, Garc\u00eda ha ofrecido la \u00abmano tendida\u00bb al gobierno y al resto de partidos \u00abpara intentar llegar a acuerdos\u00bb y para actuar de \u00abeje vertebrador que supere el tradicional enfrentamiento entre la izquierda y derecha\u00bb. En Asturias gobierna el PSOE con 14 diputados, despu\u00e9s de haber llegado a un acuerdo de investidura con los 5 diputados de IU. El PP tiene 11 diputados, Podemos 9, Foro 3 y Ciudadanos 3.<\/p>\n<p>Nicanor Garc\u00eda ha apostado por construir una Asturias \u00abdiferente\u00bb y \u00abdin\u00e1mica\u00bb, que no se resigne al \u00abcontinuismo pesimista\u00bb y que apueste por afrontar \u00abreformas valientes\u00bb. A su juicio, Asturias \u00abno se merece seguir con las pr\u00f3rrogas presupuestarias que paralizan la inversi\u00f3n\u00bb.<\/p>\n<p>En su discurso, el representante de Ciudadanos tambi\u00e9n ha hablado de la pol\u00edtica nacional . \u00abTodos declaran que no quieren terceras elecciones, pero nadie pone los medios para evitarlas. PP y PSOE siguen d\u00e1ndose la espalda, incapaces de asumir la nueva realidad\u00bb, ha lamentado.<\/p>\n<p>&nbsp;<\/p>\n<p>&nbsp;<\/p>\n","protected":false},"excerpt":{"rendered":"<p>El portavoz de Ciudadanos en la Junta General del Principado de Asturias, Nicanor Garc\u00eda, ha aprovechado este mi\u00e9rcoles su discurso en el pleno institucional del D\u00eda de Asturias para reclamar al presidente del Gobierno asturiano, el socialista Javier Fern\u00e1ndez, un cambio en su estrategia para conseguir aprobar un presupuesto regional \u00abinversor\u00bb para 2017. Garc\u00eda ha [&hellip;]<\/p>\n","protected":false},"author":1,"featured_media":906373,"comment_status":"closed","ping_status":"closed","sticky":false,"template":"","format":"standard","meta":{"footnotes":""},"categories":[12],"tags":[],"class_list":["post-906372","post","type-post","status-publish","format-standard","has-post-thumbnail","hentry","category-actualidad-asturias"],"aioseo_notices":[],"aioseo_head":"\n\t\t<!-- All in One SEO Pro 4.9.6.2 - aioseo.com -->\n\t<meta name=\"description\" content=\"El portavoz de Ciudadanos en la Junta General del Principado de Asturias, Nicanor Garc\u00eda, ha aprovechado este mi\u00e9rcoles su discurso en el pleno institucional del D\u00eda de Asturias para reclamar al presidente del Gobierno asturiano, el socialista Javier Fern\u00e1ndez, un cambio en su estrategia para conseguir aprobar un presupuesto regional &quot;inversor&quot; para 2017. Garc\u00eda ha\" \/>\n\t<meta name=\"robots\" content=\"max-image-preview:large\" \/>\n\t<meta name=\"author\" content=\"El Digital de Asturias\"\/>\n\t<meta name=\"google-site-verification\" content=\"UA-38556648-1\" \/>\n\t<meta name=\"msvalidate.01\" content=\"7dfe9f3f1b24437ab69f4f2559babe99\" \/>\n\t<meta name=\"keywords\" content=\"actualidad asturias\" \/>\n\t<link rel=\"canonical\" href=\"https:\/\/www.eldigitaldeasturias.com\/noticias\/nicanor-garcia-apuesta-por-construir-una-asturias-diferente-y-dinamica\/\" \/>\n\t<meta name=\"generator\" content=\"All in One SEO Pro (AIOSEO) 4.9.6.2\" \/>\n\t\t<meta property=\"og:locale\" content=\"es_ES\" \/>\n\t\t<meta property=\"og:site_name\" content=\"El Digital de Asturias\" \/>\n\t\t<meta property=\"og:type\" content=\"article\" \/>\n\t\t<meta property=\"og:title\" content=\"Nicanor Garc\u00eda apuesta por construir una Asturias \u00abdiferente\u00bb y \u00abdin\u00e1mica\u201d - El Digital de Asturias\" \/>\n\t\t<meta property=\"og:description\" content=\"El portavoz de Ciudadanos en la Junta General del Principado de Asturias, Nicanor Garc\u00eda, ha aprovechado este mi\u00e9rcoles su discurso en el pleno institucional del D\u00eda de Asturias para reclamar al presidente del Gobierno asturiano, el socialista Javier Fern\u00e1ndez, un cambio en su estrategia para conseguir aprobar un presupuesto regional &quot;inversor&quot; para 2017. Garc\u00eda ha\" \/>\n\t\t<meta property=\"og:url\" content=\"https:\/\/www.eldigitaldeasturias.com\/noticias\/nicanor-garcia-apuesta-por-construir-una-asturias-diferente-y-dinamica\/\" \/>\n\t\t<meta property=\"og:image\" content=\"https:\/\/www.eldigitaldeasturias.com\/noticias\/wp-content\/uploads\/2016\/09\/fotonoticia_20160907172955_800.jpg\" \/>\n\t\t<meta property=\"og:image:secure_url\" content=\"https:\/\/www.eldigitaldeasturias.com\/noticias\/wp-content\/uploads\/2016\/09\/fotonoticia_20160907172955_800.jpg\" \/>\n\t\t<meta property=\"og:image:width\" content=\"800\" \/>\n\t\t<meta property=\"og:image:height\" content=\"533\" \/>\n\t\t<meta property=\"article:tag\" content=\"actualidad asturias\" \/>\n\t\t<meta property=\"article:published_time\" content=\"2016-09-08T04:05:23+00:00\" \/>\n\t\t<meta property=\"article:modified_time\" content=\"2016-09-08T04:05:23+00:00\" \/>\n\t\t<meta property=\"article:publisher\" content=\"https:\/\/facebook.com\/eldigitaldeasturias\" \/>\n\t\t<meta name=\"twitter:card\" content=\"summary_large_image\" \/>\n\t\t<meta name=\"twitter:title\" content=\"Nicanor Garc\u00eda apuesta por construir una Asturias \u00abdiferente\u00bb y \u00abdin\u00e1mica\u201d - El Digital de Asturias\" \/>\n\t\t<meta name=\"twitter:description\" content=\"El portavoz de Ciudadanos en la Junta General del Principado de Asturias, Nicanor Garc\u00eda, ha aprovechado este mi\u00e9rcoles su discurso en el pleno institucional del D\u00eda de Asturias para reclamar al presidente del Gobierno asturiano, el socialista Javier Fern\u00e1ndez, un cambio en su estrategia para conseguir aprobar un presupuesto regional &quot;inversor&quot; para 2017. Garc\u00eda ha\" \/>\n\t\t<meta name=\"twitter:image\" content=\"https:\/\/www.eldigitaldeasturias.com\/noticias\/wp-content\/uploads\/2016\/09\/fotonoticia_20160907172955_800.jpg\" \/>\n\t\t<meta name=\"twitter:label1\" content=\"Escrito por\" \/>\n\t\t<meta name=\"twitter:data1\" content=\"El Digital de Asturias\" \/>\n\t\t<meta name=\"twitter:label2\" content=\"Tiempo de lectura estimado\" \/>\n\t\t<meta name=\"twitter:data2\" content=\"1 minuto\" \/>\n\t\t<script type=\"application\/ld+json\" class=\"aioseo-schema\">\n\t\t\t{\"@context\":\"https:\\\/\\\/schema.org\",\"@graph\":[{\"@type\":\"BlogPosting\",\"@id\":\"https:\\\/\\\/www.eldigitaldeasturias.com\\\/noticias\\\/nicanor-garcia-apuesta-por-construir-una-asturias-diferente-y-dinamica\\\/#blogposting\",\"name\":\"Nicanor Garc\\u00eda apuesta por construir una Asturias \\u00abdiferente\\u00bb y \\u00abdin\\u00e1mica\\u201d - El Digital de Asturias\",\"headline\":\"Nicanor Garc\\u00eda apuesta por construir una Asturias \\u00abdiferente\\u00bb y \\u00abdin\\u00e1mica\\u201d\",\"author\":{\"@id\":\"https:\\\/\\\/www.eldigitaldeasturias.com\\\/noticias\\\/author\\\/admin\\\/#author\"},\"publisher\":{\"@id\":\"https:\\\/\\\/www.eldigitaldeasturias.com\\\/noticias\\\/#organization\"},\"image\":{\"@type\":\"ImageObject\",\"url\":\"https:\\\/\\\/www.eldigitaldeasturias.com\\\/noticias\\\/wp-content\\\/uploads\\\/2016\\\/09\\\/fotonoticia_20160907172955_800.jpg\",\"width\":800,\"height\":533},\"datePublished\":\"2016-09-08T05:05:23+02:00\",\"dateModified\":\"2016-09-08T05:05:23+02:00\",\"inLanguage\":\"es-ES\",\"mainEntityOfPage\":{\"@id\":\"https:\\\/\\\/www.eldigitaldeasturias.com\\\/noticias\\\/nicanor-garcia-apuesta-por-construir-una-asturias-diferente-y-dinamica\\\/#webpage\"},\"isPartOf\":{\"@id\":\"https:\\\/\\\/www.eldigitaldeasturias.com\\\/noticias\\\/nicanor-garcia-apuesta-por-construir-una-asturias-diferente-y-dinamica\\\/#webpage\"},\"articleSection\":\"Actualidad Asturias\"},{\"@type\":\"BreadcrumbList\",\"@id\":\"https:\\\/\\\/www.eldigitaldeasturias.com\\\/noticias\\\/nicanor-garcia-apuesta-por-construir-una-asturias-diferente-y-dinamica\\\/#breadcrumblist\",\"itemListElement\":[{\"@type\":\"ListItem\",\"@id\":\"https:\\\/\\\/www.eldigitaldeasturias.com\\\/noticias#listItem\",\"position\":1,\"name\":\"Home\",\"item\":\"https:\\\/\\\/www.eldigitaldeasturias.com\\\/noticias\",\"nextItem\":{\"@type\":\"ListItem\",\"@id\":\"https:\\\/\\\/www.eldigitaldeasturias.com\\\/noticias\\\/category\\\/actualidad-asturias\\\/#listItem\",\"name\":\"Actualidad Asturias\"}},{\"@type\":\"ListItem\",\"@id\":\"https:\\\/\\\/www.eldigitaldeasturias.com\\\/noticias\\\/category\\\/actualidad-asturias\\\/#listItem\",\"position\":2,\"name\":\"Actualidad Asturias\",\"item\":\"https:\\\/\\\/www.eldigitaldeasturias.com\\\/noticias\\\/category\\\/actualidad-asturias\\\/\",\"nextItem\":{\"@type\":\"ListItem\",\"@id\":\"https:\\\/\\\/www.eldigitaldeasturias.com\\\/noticias\\\/nicanor-garcia-apuesta-por-construir-una-asturias-diferente-y-dinamica\\\/#listItem\",\"name\":\"Nicanor Garc\\u00eda apuesta por construir una Asturias \\u00abdiferente\\u00bb y \\u00abdin\\u00e1mica\\u201d\"},\"previousItem\":{\"@type\":\"ListItem\",\"@id\":\"https:\\\/\\\/www.eldigitaldeasturias.com\\\/noticias#listItem\",\"name\":\"Home\"}},{\"@type\":\"ListItem\",\"@id\":\"https:\\\/\\\/www.eldigitaldeasturias.com\\\/noticias\\\/nicanor-garcia-apuesta-por-construir-una-asturias-diferente-y-dinamica\\\/#listItem\",\"position\":3,\"name\":\"Nicanor Garc\\u00eda apuesta por construir una Asturias \\u00abdiferente\\u00bb y \\u00abdin\\u00e1mica\\u201d\",\"previousItem\":{\"@type\":\"ListItem\",\"@id\":\"https:\\\/\\\/www.eldigitaldeasturias.com\\\/noticias\\\/category\\\/actualidad-asturias\\\/#listItem\",\"name\":\"Actualidad Asturias\"}}]},{\"@type\":\"Organization\",\"@id\":\"https:\\\/\\\/www.eldigitaldeasturias.com\\\/noticias\\\/#organization\",\"name\":\"El Digital de Asturias\",\"description\":\"Hemeroteca\",\"url\":\"https:\\\/\\\/www.eldigitaldeasturias.com\\\/noticias\\\/\",\"email\":\"info@eldigitaldeasturias.com\",\"telephone\":\"+34652131393\",\"logo\":{\"@type\":\"ImageObject\",\"url\":\"https:\\\/\\\/www.eldigitaldeasturias.com\\\/noticias\\\/wp-content\\\/uploads\\\/2020\\\/12\\\/EDA.jpg\",\"@id\":\"https:\\\/\\\/www.eldigitaldeasturias.com\\\/noticias\\\/nicanor-garcia-apuesta-por-construir-una-asturias-diferente-y-dinamica\\\/#organizationLogo\",\"width\":649,\"height\":297},\"image\":{\"@id\":\"https:\\\/\\\/www.eldigitaldeasturias.com\\\/noticias\\\/nicanor-garcia-apuesta-por-construir-una-asturias-diferente-y-dinamica\\\/#organizationLogo\"},\"sameAs\":[\"https:\\\/\\\/facebook.com\\\/eldigitaldeasturias\",\"https:\\\/\\\/www.youtube.com\\\/channel\\\/UCZP-2wLEB9Rv6erhFmqVnvg\"],\"address\":{\"@id\":\"https:\\\/\\\/www.eldigitaldeasturias.com\\\/noticias\\\/#postaladdress\",\"@type\":\"PostalAddress\",\"streetAddress\":\"san antonio 4,\",\"postalCode\":\"33430\",\"addressLocality\":\"Cand\\u00e1s\",\"addressRegion\":\"Asturias\",\"addressCountry\":\"ES\"}},{\"@type\":\"Person\",\"@id\":\"https:\\\/\\\/www.eldigitaldeasturias.com\\\/noticias\\\/author\\\/admin\\\/#author\",\"url\":\"https:\\\/\\\/www.eldigitaldeasturias.com\\\/noticias\\\/author\\\/admin\\\/\",\"name\":\"El Digital de Asturias\",\"image\":{\"@type\":\"ImageObject\",\"@id\":\"https:\\\/\\\/www.eldigitaldeasturias.com\\\/noticias\\\/nicanor-garcia-apuesta-por-construir-una-asturias-diferente-y-dinamica\\\/#authorImage\",\"url\":\"https:\\\/\\\/www.eldigitaldeasturias.com\\\/noticias\\\/wp-content\\\/litespeed\\\/avatar\\\/18677e78aa0546b92d9dbf31ec7d7668.jpg?ver=1777290358\",\"width\":96,\"height\":96,\"caption\":\"El Digital de Asturias\"}},{\"@type\":\"WebPage\",\"@id\":\"https:\\\/\\\/www.eldigitaldeasturias.com\\\/noticias\\\/nicanor-garcia-apuesta-por-construir-una-asturias-diferente-y-dinamica\\\/#webpage\",\"url\":\"https:\\\/\\\/www.eldigitaldeasturias.com\\\/noticias\\\/nicanor-garcia-apuesta-por-construir-una-asturias-diferente-y-dinamica\\\/\",\"name\":\"Nicanor Garc\\u00eda apuesta por construir una Asturias \\u00abdiferente\\u00bb y \\u00abdin\\u00e1mica\\u201d - El Digital de Asturias\",\"description\":\"El portavoz de Ciudadanos en la Junta General del Principado de Asturias, Nicanor Garc\\u00eda, ha aprovechado este mi\\u00e9rcoles su discurso en el pleno institucional del D\\u00eda de Asturias para reclamar al presidente del Gobierno asturiano, el socialista Javier Fern\\u00e1ndez, un cambio en su estrategia para conseguir aprobar un presupuesto regional \\\"inversor\\\" para 2017. Garc\\u00eda ha\",\"inLanguage\":\"es-ES\",\"isPartOf\":{\"@id\":\"https:\\\/\\\/www.eldigitaldeasturias.com\\\/noticias\\\/#website\"},\"breadcrumb\":{\"@id\":\"https:\\\/\\\/www.eldigitaldeasturias.com\\\/noticias\\\/nicanor-garcia-apuesta-por-construir-una-asturias-diferente-y-dinamica\\\/#breadcrumblist\"},\"author\":{\"@id\":\"https:\\\/\\\/www.eldigitaldeasturias.com\\\/noticias\\\/author\\\/admin\\\/#author\"},\"creator\":{\"@id\":\"https:\\\/\\\/www.eldigitaldeasturias.com\\\/noticias\\\/author\\\/admin\\\/#author\"},\"image\":{\"@type\":\"ImageObject\",\"url\":\"https:\\\/\\\/www.eldigitaldeasturias.com\\\/noticias\\\/wp-content\\\/uploads\\\/2016\\\/09\\\/fotonoticia_20160907172955_800.jpg\",\"@id\":\"https:\\\/\\\/www.eldigitaldeasturias.com\\\/noticias\\\/nicanor-garcia-apuesta-por-construir-una-asturias-diferente-y-dinamica\\\/#mainImage\",\"width\":800,\"height\":533},\"primaryImageOfPage\":{\"@id\":\"https:\\\/\\\/www.eldigitaldeasturias.com\\\/noticias\\\/nicanor-garcia-apuesta-por-construir-una-asturias-diferente-y-dinamica\\\/#mainImage\"},\"datePublished\":\"2016-09-08T05:05:23+02:00\",\"dateModified\":\"2016-09-08T05:05:23+02:00\"},{\"@type\":\"WebSite\",\"@id\":\"https:\\\/\\\/www.eldigitaldeasturias.com\\\/noticias\\\/#website\",\"url\":\"https:\\\/\\\/www.eldigitaldeasturias.com\\\/noticias\\\/\",\"name\":\"El Digital de Asturias - Diario de actualidad y noticias\",\"alternateName\":\"El Digital de Asturias - Diario de actualidad y noticias\",\"description\":\"Hemeroteca\",\"inLanguage\":\"es-ES\",\"publisher\":{\"@id\":\"https:\\\/\\\/www.eldigitaldeasturias.com\\\/noticias\\\/#organization\"}}]}\n\t\t<\/script>\n\t\t<!-- All in One SEO Pro -->\r\n\t\t<title>Nicanor Garc\u00eda apuesta por construir una Asturias \u00abdiferente\u00bb y \u00abdin\u00e1mica\u201d - El Digital de Asturias<\/title>\n\n","aioseo_head_json":{"title":"Nicanor Garc\u00eda apuesta por construir una Asturias \u00abdiferente\u00bb y \u00abdin\u00e1mica\u201d - El Digital de Asturias","description":"El portavoz de Ciudadanos en la Junta General del Principado de Asturias, Nicanor Garc\u00eda, ha aprovechado este mi\u00e9rcoles su discurso en el pleno institucional del D\u00eda de Asturias para reclamar al presidente del Gobierno asturiano, el socialista Javier Fern\u00e1ndez, un cambio en su estrategia para conseguir aprobar un presupuesto regional \"inversor\" para 2017. Garc\u00eda ha","canonical_url":"https:\/\/www.eldigitaldeasturias.com\/noticias\/nicanor-garcia-apuesta-por-construir-una-asturias-diferente-y-dinamica\/","robots":"max-image-preview:large","keywords":"actualidad asturias","webmasterTools":{"google-site-verification":"UA-38556648-1","msvalidate.01":"7dfe9f3f1b24437ab69f4f2559babe99","miscellaneous":""},"schema":{"@context":"https:\/\/schema.org","@graph":[{"@type":"BlogPosting","@id":"https:\/\/www.eldigitaldeasturias.com\/noticias\/nicanor-garcia-apuesta-por-construir-una-asturias-diferente-y-dinamica\/#blogposting","name":"Nicanor Garc\u00eda apuesta por construir una Asturias \u00abdiferente\u00bb y \u00abdin\u00e1mica\u201d - El Digital de Asturias","headline":"Nicanor Garc\u00eda apuesta por construir una Asturias \u00abdiferente\u00bb y \u00abdin\u00e1mica\u201d","author":{"@id":"https:\/\/www.eldigitaldeasturias.com\/noticias\/author\/admin\/#author"},"publisher":{"@id":"https:\/\/www.eldigitaldeasturias.com\/noticias\/#organization"},"image":{"@type":"ImageObject","url":"https:\/\/www.eldigitaldeasturias.com\/noticias\/wp-content\/uploads\/2016\/09\/fotonoticia_20160907172955_800.jpg","width":800,"height":533},"datePublished":"2016-09-08T05:05:23+02:00","dateModified":"2016-09-08T05:05:23+02:00","inLanguage":"es-ES","mainEntityOfPage":{"@id":"https:\/\/www.eldigitaldeasturias.com\/noticias\/nicanor-garcia-apuesta-por-construir-una-asturias-diferente-y-dinamica\/#webpage"},"isPartOf":{"@id":"https:\/\/www.eldigitaldeasturias.com\/noticias\/nicanor-garcia-apuesta-por-construir-una-asturias-diferente-y-dinamica\/#webpage"},"articleSection":"Actualidad Asturias"},{"@type":"BreadcrumbList","@id":"https:\/\/www.eldigitaldeasturias.com\/noticias\/nicanor-garcia-apuesta-por-construir-una-asturias-diferente-y-dinamica\/#breadcrumblist","itemListElement":[{"@type":"ListItem","@id":"https:\/\/www.eldigitaldeasturias.com\/noticias#listItem","position":1,"name":"Home","item":"https:\/\/www.eldigitaldeasturias.com\/noticias","nextItem":{"@type":"ListItem","@id":"https:\/\/www.eldigitaldeasturias.com\/noticias\/category\/actualidad-asturias\/#listItem","name":"Actualidad Asturias"}},{"@type":"ListItem","@id":"https:\/\/www.eldigitaldeasturias.com\/noticias\/category\/actualidad-asturias\/#listItem","position":2,"name":"Actualidad Asturias","item":"https:\/\/www.eldigitaldeasturias.com\/noticias\/category\/actualidad-asturias\/","nextItem":{"@type":"ListItem","@id":"https:\/\/www.eldigitaldeasturias.com\/noticias\/nicanor-garcia-apuesta-por-construir-una-asturias-diferente-y-dinamica\/#listItem","name":"Nicanor Garc\u00eda apuesta por construir una Asturias \u00abdiferente\u00bb y \u00abdin\u00e1mica\u201d"},"previousItem":{"@type":"ListItem","@id":"https:\/\/www.eldigitaldeasturias.com\/noticias#listItem","name":"Home"}},{"@type":"ListItem","@id":"https:\/\/www.eldigitaldeasturias.com\/noticias\/nicanor-garcia-apuesta-por-construir-una-asturias-diferente-y-dinamica\/#listItem","position":3,"name":"Nicanor Garc\u00eda apuesta por construir una Asturias \u00abdiferente\u00bb y \u00abdin\u00e1mica\u201d","previousItem":{"@type":"ListItem","@id":"https:\/\/www.eldigitaldeasturias.com\/noticias\/category\/actualidad-asturias\/#listItem","name":"Actualidad Asturias"}}]},{"@type":"Organization","@id":"https:\/\/www.eldigitaldeasturias.com\/noticias\/#organization","name":"El Digital de Asturias","description":"Hemeroteca","url":"https:\/\/www.eldigitaldeasturias.com\/noticias\/","email":"info@eldigitaldeasturias.com","telephone":"+34652131393","logo":{"@type":"ImageObject","url":"https:\/\/www.eldigitaldeasturias.com\/noticias\/wp-content\/uploads\/2020\/12\/EDA.jpg","@id":"https:\/\/www.eldigitaldeasturias.com\/noticias\/nicanor-garcia-apuesta-por-construir-una-asturias-diferente-y-dinamica\/#organizationLogo","width":649,"height":297},"image":{"@id":"https:\/\/www.eldigitaldeasturias.com\/noticias\/nicanor-garcia-apuesta-por-construir-una-asturias-diferente-y-dinamica\/#organizationLogo"},"sameAs":["https:\/\/facebook.com\/eldigitaldeasturias","https:\/\/www.youtube.com\/channel\/UCZP-2wLEB9Rv6erhFmqVnvg"],"address":{"@id":"https:\/\/www.eldigitaldeasturias.com\/noticias\/#postaladdress","@type":"PostalAddress","streetAddress":"san antonio 4,","postalCode":"33430","addressLocality":"Cand\u00e1s","addressRegion":"Asturias","addressCountry":"ES"}},{"@type":"Person","@id":"https:\/\/www.eldigitaldeasturias.com\/noticias\/author\/admin\/#author","url":"https:\/\/www.eldigitaldeasturias.com\/noticias\/author\/admin\/","name":"El Digital de Asturias","image":{"@type":"ImageObject","@id":"https:\/\/www.eldigitaldeasturias.com\/noticias\/nicanor-garcia-apuesta-por-construir-una-asturias-diferente-y-dinamica\/#authorImage","url":"https:\/\/www.eldigitaldeasturias.com\/noticias\/wp-content\/litespeed\/avatar\/18677e78aa0546b92d9dbf31ec7d7668.jpg?ver=1777290358","width":96,"height":96,"caption":"El Digital de Asturias"}},{"@type":"WebPage","@id":"https:\/\/www.eldigitaldeasturias.com\/noticias\/nicanor-garcia-apuesta-por-construir-una-asturias-diferente-y-dinamica\/#webpage","url":"https:\/\/www.eldigitaldeasturias.com\/noticias\/nicanor-garcia-apuesta-por-construir-una-asturias-diferente-y-dinamica\/","name":"Nicanor Garc\u00eda apuesta por construir una Asturias \u00abdiferente\u00bb y \u00abdin\u00e1mica\u201d - El Digital de Asturias","description":"El portavoz de Ciudadanos en la Junta General del Principado de Asturias, Nicanor Garc\u00eda, ha aprovechado este mi\u00e9rcoles su discurso en el pleno institucional del D\u00eda de Asturias para reclamar al presidente del Gobierno asturiano, el socialista Javier Fern\u00e1ndez, un cambio en su estrategia para conseguir aprobar un presupuesto regional \"inversor\" para 2017. Garc\u00eda ha","inLanguage":"es-ES","isPartOf":{"@id":"https:\/\/www.eldigitaldeasturias.com\/noticias\/#website"},"breadcrumb":{"@id":"https:\/\/www.eldigitaldeasturias.com\/noticias\/nicanor-garcia-apuesta-por-construir-una-asturias-diferente-y-dinamica\/#breadcrumblist"},"author":{"@id":"https:\/\/www.eldigitaldeasturias.com\/noticias\/author\/admin\/#author"},"creator":{"@id":"https:\/\/www.eldigitaldeasturias.com\/noticias\/author\/admin\/#author"},"image":{"@type":"ImageObject","url":"https:\/\/www.eldigitaldeasturias.com\/noticias\/wp-content\/uploads\/2016\/09\/fotonoticia_20160907172955_800.jpg","@id":"https:\/\/www.eldigitaldeasturias.com\/noticias\/nicanor-garcia-apuesta-por-construir-una-asturias-diferente-y-dinamica\/#mainImage","width":800,"height":533},"primaryImageOfPage":{"@id":"https:\/\/www.eldigitaldeasturias.com\/noticias\/nicanor-garcia-apuesta-por-construir-una-asturias-diferente-y-dinamica\/#mainImage"},"datePublished":"2016-09-08T05:05:23+02:00","dateModified":"2016-09-08T05:05:23+02:00"},{"@type":"WebSite","@id":"https:\/\/www.eldigitaldeasturias.com\/noticias\/#website","url":"https:\/\/www.eldigitaldeasturias.com\/noticias\/","name":"El Digital de Asturias - Diario de actualidad y noticias","alternateName":"El Digital de Asturias - Diario de actualidad y noticias","description":"Hemeroteca","inLanguage":"es-ES","publisher":{"@id":"https:\/\/www.eldigitaldeasturias.com\/noticias\/#organization"}}]},"og:locale":"es_ES","og:site_name":"El Digital de Asturias","og:type":"article","og:title":"Nicanor Garc\u00eda apuesta por construir una Asturias \u00abdiferente\u00bb y \u00abdin\u00e1mica\u201d - El Digital de Asturias","og:description":"El portavoz de Ciudadanos en la Junta General del Principado de Asturias, Nicanor Garc\u00eda, ha aprovechado este mi\u00e9rcoles su discurso en el pleno institucional del D\u00eda de Asturias para reclamar al presidente del Gobierno asturiano, el socialista Javier Fern\u00e1ndez, un cambio en su estrategia para conseguir aprobar un presupuesto regional &quot;inversor&quot; para 2017. Garc\u00eda ha","og:url":"https:\/\/www.eldigitaldeasturias.com\/noticias\/nicanor-garcia-apuesta-por-construir-una-asturias-diferente-y-dinamica\/","og:image":"https:\/\/www.eldigitaldeasturias.com\/noticias\/wp-content\/uploads\/2016\/09\/fotonoticia_20160907172955_800.jpg","og:image:secure_url":"https:\/\/www.eldigitaldeasturias.com\/noticias\/wp-content\/uploads\/2016\/09\/fotonoticia_20160907172955_800.jpg","og:image:width":800,"og:image:height":533,"article:tag":["actualidad asturias"],"article:published_time":"2016-09-08T04:05:23+00:00","article:modified_time":"2016-09-08T04:05:23+00:00","article:publisher":"https:\/\/facebook.com\/eldigitaldeasturias","twitter:card":"summary_large_image","twitter:title":"Nicanor Garc\u00eda apuesta por construir una Asturias \u00abdiferente\u00bb y \u00abdin\u00e1mica\u201d - El Digital de Asturias","twitter:description":"El portavoz de Ciudadanos en la Junta General del Principado de Asturias, Nicanor Garc\u00eda, ha aprovechado este mi\u00e9rcoles su discurso en el pleno institucional del D\u00eda de Asturias para reclamar al presidente del Gobierno asturiano, el socialista Javier Fern\u00e1ndez, un cambio en su estrategia para conseguir aprobar un presupuesto regional &quot;inversor&quot; para 2017. Garc\u00eda ha","twitter:image":"https:\/\/www.eldigitaldeasturias.com\/noticias\/wp-content\/uploads\/2016\/09\/fotonoticia_20160907172955_800.jpg","twitter:label1":"Escrito por","twitter:data1":"El Digital de Asturias","twitter:label2":"Tiempo de lectura estimado","twitter:data2":"1 minuto"},"aioseo_meta_data":{"post_id":"906372","title":null,"description":null,"keywords":null,"keyphrases":null,"primary_term":null,"canonical_url":null,"og_title":null,"og_description":null,"og_object_type":"default","og_image_type":"default","og_image_url":null,"og_image_width":null,"og_image_height":null,"og_image_custom_url":null,"og_image_custom_fields":null,"og_video":null,"og_custom_url":null,"og_article_section":null,"og_article_tags":null,"twitter_use_og":false,"twitter_card":"default","twitter_image_type":"default","twitter_image_url":null,"twitter_image_custom_url":null,"twitter_image_custom_fields":null,"twitter_title":null,"twitter_description":null,"schema":{"blockGraphs":[],"customGraphs":[],"default":{"data":{"Article":[],"Course":[],"Dataset":[],"FAQPage":[],"Movie":[],"Person":[],"Product":[],"ProductReview":[],"Car":[],"Recipe":[],"Service":[],"SoftwareApplication":[],"WebPage":[]},"graphName":"","isEnabled":true},"graphs":[],"defaultGraph":"","defaultPostTypeGraph":""},"schema_type":null,"schema_type_options":null,"pillar_content":false,"robots_default":true,"robots_noindex":false,"robots_noarchive":false,"robots_nosnippet":false,"robots_nofollow":false,"robots_noimageindex":false,"robots_noodp":false,"robots_notranslate":false,"robots_max_snippet":null,"robots_max_videopreview":null,"robots_max_imagepreview":"large","priority":null,"frequency":null,"local_seo":null,"seo_analyzer_scan_date":"2025-11-30 08:48:18","breadcrumb_settings":null,"limit_modified_date":false,"open_ai":null,"ai":null,"created":"2020-12-21 14:01:55","updated":"2025-11-30 08:48:18"},"aioseo_breadcrumb":"<div class=\"aioseo-breadcrumbs\"><span class=\"aioseo-breadcrumb\">\n\t<a href=\"https:\/\/www.eldigitaldeasturias.com\/noticias\" title=\"Home\">Home<\/a>\n<\/span><span class=\"aioseo-breadcrumb-separator\">\u2013<\/span><span class=\"aioseo-breadcrumb\">\n\t<a href=\"https:\/\/www.eldigitaldeasturias.com\/noticias\/category\/actualidad-asturias\/\" title=\"Actualidad Asturias\">Actualidad Asturias<\/a>\n<\/span><span class=\"aioseo-breadcrumb-separator\">\u2013<\/span><span class=\"aioseo-breadcrumb\">\n\t<a href=\"https:\/\/www.eldigitaldeasturias.com\/noticias\/nicanor-garcia-apuesta-por-construir-una-asturias-diferente-y-dinamica\/\" title=\"Nicanor Garc\u00eda apuesta por construir una Asturias \u00abdiferente\u00bb y \u00abdin\u00e1mica\u201d\">Nicanor Garc\u00eda apuesta por construir una Asturias \u00abdiferente\u00bb y \u00abdin\u00e1mica\u201d<\/a>\n<\/span><\/div>","aioseo_breadcrumb_json":[{"label":"Home","link":"https:\/\/www.eldigitaldeasturias.com\/noticias"},{"label":"Actualidad Asturias","link":"https:\/\/www.eldigitaldeasturias.com\/noticias\/category\/actualidad-asturias\/"},{"label":"Nicanor Garc\u00eda apuesta por construir una Asturias \u00abdiferente\u00bb y \u00abdin\u00e1mica\u201d","link":"https:\/\/www.eldigitaldeasturias.com\/noticias\/nicanor-garcia-apuesta-por-construir-una-asturias-diferente-y-dinamica\/"}],"_links":{"self":[{"href":"https:\/\/www.eldigitaldeasturias.com\/noticias\/wp-json\/wp\/v2\/posts\/906372","targetHints":{"allow":["GET"]}}],"collection":[{"href":"https:\/\/www.eldigitaldeasturias.com\/noticias\/wp-json\/wp\/v2\/posts"}],"about":[{"href":"https:\/\/www.eldigitaldeasturias.com\/noticias\/wp-json\/wp\/v2\/types\/post"}],"author":[{"embeddable":true,"href":"https:\/\/www.eldigitaldeasturias.com\/noticias\/wp-json\/wp\/v2\/users\/1"}],"replies":[{"embeddable":true,"href":"https:\/\/www.eldigitaldeasturias.com\/noticias\/wp-json\/wp\/v2\/comments?post=906372"}],"version-history":[{"count":0,"href":"https:\/\/www.eldigitaldeasturias.com\/noticias\/wp-json\/wp\/v2\/posts\/906372\/revisions"}],"wp:featuredmedia":[{"embeddable":true,"href":"https:\/\/www.eldigitaldeasturias.com\/noticias\/wp-json\/wp\/v2\/media\/906373"}],"wp:attachment":[{"href":"https:\/\/www.eldigitaldeasturias.com\/noticias\/wp-json\/wp\/v2\/media?parent=906372"}],"wp:term":[{"taxonomy":"category","embeddable":true,"href":"https:\/\/www.eldigitaldeasturias.com\/noticias\/wp-json\/wp\/v2\/categories?post=906372"},{"taxonomy":"post_tag","embeddable":true,"href":"https:\/\/www.eldigitaldeasturias.com\/noticias\/wp-json\/wp\/v2\/tags?post=906372"}],"curies":[{"name":"wp","href":"https:\/\/api.w.org\/{rel}","templated":true}]}}