{"id":906370,"date":"2016-09-08T05:03:03","date_gmt":"2016-09-08T04:03:03","guid":{"rendered":"http:\/\/www.eldigitaldeasturias.com\/noticias\/?p=906370"},"modified":"2016-09-08T05:03:03","modified_gmt":"2016-09-08T04:03:03","slug":"jesus-gutierrez-la-sede-de-la-fsa-no-es-domicilio-particular-de-nadie","status":"publish","type":"post","link":"https:\/\/www.eldigitaldeasturias.com\/noticias\/jesus-gutierrez-la-sede-de-la-fsa-no-es-domicilio-particular-de-nadie\/","title":{"rendered":"Jes\u00fas Guti\u00e9rrez: \u201cLa sede de la FSA no es domicilio particular de nadie\u201d"},"content":{"rendered":"<p><img loading=\"lazy\" decoding=\"async\" class=\"alignleft size-medium wp-image-794932\" src=\"https:\/\/www.eldigitaldeasturias.com\/noticias\/wp-content\/uploads\/2015\/07\/fsa-360x240.jpg\" alt=\"fsa\" width=\"360\" height=\"240\" srcset=\"https:\/\/www.eldigitaldeasturias.com\/noticias\/wp-content\/uploads\/2015\/07\/fsa-360x240.jpg 360w, https:\/\/www.eldigitaldeasturias.com\/noticias\/wp-content\/uploads\/2015\/07\/fsa-650x434.jpg 650w, https:\/\/www.eldigitaldeasturias.com\/noticias\/wp-content\/uploads\/2015\/07\/fsa.jpg 800w\" sizes=\"auto, (max-width: 360px) 100vw, 360px\" \/>El diputado regional del PSOE Jes\u00fas Guti\u00e9rrez ha salido este mi\u00e9rcoles al paso de las cr\u00edticas realizadas por el diputado del PP Jos\u00e9 Agust\u00edn Cuervas Mons sobre las citaciones de la Comisi\u00f3n de Investigaci\u00f3n sobre la sociedad Gesti\u00f3n de Infraestructuras P\u00fablicas de Telecomunicaciones del Principado de Asturias (Gitpa).<\/p>\n<p>Seg\u00fan el socialista, las declaraciones de Cuervas Mons revelan \u00abalg\u00fan tipo de problema con su grupo\u00bb, ya que est\u00e1 acusando de tomar el pelo a los asturianos al presidente de la comisi\u00f3n, que es David Gonz\u00e1lez Medina, del PP.<\/p>\n<p>\u00abLas citaciones de comparecencias que env\u00edan los servicios de la C\u00e1mara son responsabilidad de la Comisi\u00f3n de Investigaci\u00f3n. Esas comunicaciones, l\u00f3gicamente, han sido dirigidas por el presidente de la Comisi\u00f3n, al que no le hubiera sido muy dif\u00edcil hacerse con la direcci\u00f3n del domicilio de Ana Rosa Migoya, que es el mismo que ten\u00eda cuando era diputada de la Junta General\u00bb, ha argumentado.<\/p>\n<p>Por \u00faltimo, Guti\u00e9rrez ha replicado que remitir la citaci\u00f3n a la Federaci\u00f3n Socialista Asturiana \u00abes un absurdo, ya que es evidente que la sede de la FSA no es domicilio particular de nadie\u00bb.<\/p>\n<p>&nbsp;<\/p>\n<p>&nbsp;<\/p>\n","protected":false},"excerpt":{"rendered":"<p>El diputado regional del PSOE Jes\u00fas Guti\u00e9rrez ha salido este mi\u00e9rcoles al paso de las cr\u00edticas realizadas por el diputado del PP Jos\u00e9 Agust\u00edn Cuervas Mons sobre las citaciones de la Comisi\u00f3n de Investigaci\u00f3n sobre la sociedad Gesti\u00f3n de Infraestructuras P\u00fablicas de Telecomunicaciones del Principado de Asturias (Gitpa). Seg\u00fan el socialista, las declaraciones de Cuervas [&hellip;]<\/p>\n","protected":false},"author":1,"featured_media":794932,"comment_status":"closed","ping_status":"closed","sticky":false,"template":"","format":"standard","meta":{"footnotes":""},"categories":[12],"tags":[],"class_list":["post-906370","post","type-post","status-publish","format-standard","has-post-thumbnail","hentry","category-actualidad-asturias"],"aioseo_notices":[],"aioseo_head":"\n\t\t<!-- All in One SEO Pro 4.9.6.2 - aioseo.com -->\n\t<meta name=\"description\" content=\"El diputado regional del PSOE Jes\u00fas Guti\u00e9rrez ha salido este mi\u00e9rcoles al paso de las cr\u00edticas realizadas por el diputado del PP Jos\u00e9 Agust\u00edn Cuervas Mons sobre las citaciones de la Comisi\u00f3n de Investigaci\u00f3n sobre la sociedad Gesti\u00f3n de Infraestructuras P\u00fablicas de Telecomunicaciones del Principado de Asturias (Gitpa). Seg\u00fan el socialista, las declaraciones de Cuervas\" \/>\n\t<meta name=\"robots\" content=\"max-image-preview:large\" \/>\n\t<meta name=\"author\" content=\"El Digital de Asturias\"\/>\n\t<meta name=\"google-site-verification\" content=\"UA-38556648-1\" \/>\n\t<meta name=\"msvalidate.01\" content=\"7dfe9f3f1b24437ab69f4f2559babe99\" \/>\n\t<meta name=\"keywords\" content=\"actualidad asturias\" \/>\n\t<link rel=\"canonical\" href=\"https:\/\/www.eldigitaldeasturias.com\/noticias\/jesus-gutierrez-la-sede-de-la-fsa-no-es-domicilio-particular-de-nadie\/\" \/>\n\t<meta name=\"generator\" content=\"All in One SEO Pro (AIOSEO) 4.9.6.2\" \/>\n\t\t<meta property=\"og:locale\" content=\"es_ES\" \/>\n\t\t<meta property=\"og:site_name\" content=\"El Digital de Asturias\" \/>\n\t\t<meta property=\"og:type\" content=\"article\" \/>\n\t\t<meta property=\"og:title\" content=\"Jes\u00fas Guti\u00e9rrez: \u201cLa sede de la FSA no es domicilio particular de nadie\u201d - El Digital de Asturias\" \/>\n\t\t<meta property=\"og:description\" content=\"El diputado regional del PSOE Jes\u00fas Guti\u00e9rrez ha salido este mi\u00e9rcoles al paso de las cr\u00edticas realizadas por el diputado del PP Jos\u00e9 Agust\u00edn Cuervas Mons sobre las citaciones de la Comisi\u00f3n de Investigaci\u00f3n sobre la sociedad Gesti\u00f3n de Infraestructuras P\u00fablicas de Telecomunicaciones del Principado de Asturias (Gitpa). Seg\u00fan el socialista, las declaraciones de Cuervas\" \/>\n\t\t<meta property=\"og:url\" content=\"https:\/\/www.eldigitaldeasturias.com\/noticias\/jesus-gutierrez-la-sede-de-la-fsa-no-es-domicilio-particular-de-nadie\/\" \/>\n\t\t<meta property=\"og:image\" content=\"https:\/\/www.eldigitaldeasturias.com\/noticias\/wp-content\/uploads\/2015\/07\/fsa.jpg\" \/>\n\t\t<meta property=\"og:image:secure_url\" content=\"https:\/\/www.eldigitaldeasturias.com\/noticias\/wp-content\/uploads\/2015\/07\/fsa.jpg\" \/>\n\t\t<meta property=\"og:image:width\" content=\"800\" \/>\n\t\t<meta property=\"og:image:height\" content=\"534\" \/>\n\t\t<meta property=\"article:tag\" content=\"actualidad asturias\" \/>\n\t\t<meta property=\"article:published_time\" content=\"2016-09-08T04:03:03+00:00\" \/>\n\t\t<meta property=\"article:modified_time\" content=\"2016-09-08T04:03:03+00:00\" \/>\n\t\t<meta property=\"article:publisher\" content=\"https:\/\/facebook.com\/eldigitaldeasturias\" \/>\n\t\t<meta name=\"twitter:card\" content=\"summary_large_image\" \/>\n\t\t<meta name=\"twitter:title\" content=\"Jes\u00fas Guti\u00e9rrez: \u201cLa sede de la FSA no es domicilio particular de nadie\u201d - El Digital de Asturias\" \/>\n\t\t<meta name=\"twitter:description\" content=\"El diputado regional del PSOE Jes\u00fas Guti\u00e9rrez ha salido este mi\u00e9rcoles al paso de las cr\u00edticas realizadas por el diputado del PP Jos\u00e9 Agust\u00edn Cuervas Mons sobre las citaciones de la Comisi\u00f3n de Investigaci\u00f3n sobre la sociedad Gesti\u00f3n de Infraestructuras P\u00fablicas de Telecomunicaciones del Principado de Asturias (Gitpa). Seg\u00fan el socialista, las declaraciones de Cuervas\" \/>\n\t\t<meta name=\"twitter:image\" content=\"https:\/\/www.eldigitaldeasturias.com\/noticias\/wp-content\/uploads\/2015\/07\/fsa.jpg\" \/>\n\t\t<meta name=\"twitter:label1\" content=\"Escrito por\" \/>\n\t\t<meta name=\"twitter:data1\" content=\"El Digital de Asturias\" \/>\n\t\t<meta name=\"twitter:label2\" content=\"Tiempo de lectura estimado\" \/>\n\t\t<meta name=\"twitter:data2\" content=\"1 minuto\" \/>\n\t\t<script type=\"application\/ld+json\" class=\"aioseo-schema\">\n\t\t\t{\"@context\":\"https:\\\/\\\/schema.org\",\"@graph\":[{\"@type\":\"BlogPosting\",\"@id\":\"https:\\\/\\\/www.eldigitaldeasturias.com\\\/noticias\\\/jesus-gutierrez-la-sede-de-la-fsa-no-es-domicilio-particular-de-nadie\\\/#blogposting\",\"name\":\"Jes\\u00fas Guti\\u00e9rrez: \\u201cLa sede de la FSA no es domicilio particular de nadie\\u201d - El Digital de Asturias\",\"headline\":\"Jes\\u00fas Guti\\u00e9rrez: \\u201cLa sede de la FSA no es domicilio particular de nadie\\u201d\",\"author\":{\"@id\":\"https:\\\/\\\/www.eldigitaldeasturias.com\\\/noticias\\\/author\\\/admin\\\/#author\"},\"publisher\":{\"@id\":\"https:\\\/\\\/www.eldigitaldeasturias.com\\\/noticias\\\/#organization\"},\"image\":{\"@type\":\"ImageObject\",\"url\":\"https:\\\/\\\/www.eldigitaldeasturias.com\\\/noticias\\\/wp-content\\\/uploads\\\/2015\\\/07\\\/fsa.jpg\",\"width\":800,\"height\":534},\"datePublished\":\"2016-09-08T05:03:03+02:00\",\"dateModified\":\"2016-09-08T05:03:03+02:00\",\"inLanguage\":\"es-ES\",\"mainEntityOfPage\":{\"@id\":\"https:\\\/\\\/www.eldigitaldeasturias.com\\\/noticias\\\/jesus-gutierrez-la-sede-de-la-fsa-no-es-domicilio-particular-de-nadie\\\/#webpage\"},\"isPartOf\":{\"@id\":\"https:\\\/\\\/www.eldigitaldeasturias.com\\\/noticias\\\/jesus-gutierrez-la-sede-de-la-fsa-no-es-domicilio-particular-de-nadie\\\/#webpage\"},\"articleSection\":\"Actualidad Asturias\"},{\"@type\":\"BreadcrumbList\",\"@id\":\"https:\\\/\\\/www.eldigitaldeasturias.com\\\/noticias\\\/jesus-gutierrez-la-sede-de-la-fsa-no-es-domicilio-particular-de-nadie\\\/#breadcrumblist\",\"itemListElement\":[{\"@type\":\"ListItem\",\"@id\":\"https:\\\/\\\/www.eldigitaldeasturias.com\\\/noticias#listItem\",\"position\":1,\"name\":\"Home\",\"item\":\"https:\\\/\\\/www.eldigitaldeasturias.com\\\/noticias\",\"nextItem\":{\"@type\":\"ListItem\",\"@id\":\"https:\\\/\\\/www.eldigitaldeasturias.com\\\/noticias\\\/category\\\/actualidad-asturias\\\/#listItem\",\"name\":\"Actualidad Asturias\"}},{\"@type\":\"ListItem\",\"@id\":\"https:\\\/\\\/www.eldigitaldeasturias.com\\\/noticias\\\/category\\\/actualidad-asturias\\\/#listItem\",\"position\":2,\"name\":\"Actualidad Asturias\",\"item\":\"https:\\\/\\\/www.eldigitaldeasturias.com\\\/noticias\\\/category\\\/actualidad-asturias\\\/\",\"nextItem\":{\"@type\":\"ListItem\",\"@id\":\"https:\\\/\\\/www.eldigitaldeasturias.com\\\/noticias\\\/jesus-gutierrez-la-sede-de-la-fsa-no-es-domicilio-particular-de-nadie\\\/#listItem\",\"name\":\"Jes\\u00fas Guti\\u00e9rrez: \\u201cLa sede de la FSA no es domicilio particular de nadie\\u201d\"},\"previousItem\":{\"@type\":\"ListItem\",\"@id\":\"https:\\\/\\\/www.eldigitaldeasturias.com\\\/noticias#listItem\",\"name\":\"Home\"}},{\"@type\":\"ListItem\",\"@id\":\"https:\\\/\\\/www.eldigitaldeasturias.com\\\/noticias\\\/jesus-gutierrez-la-sede-de-la-fsa-no-es-domicilio-particular-de-nadie\\\/#listItem\",\"position\":3,\"name\":\"Jes\\u00fas Guti\\u00e9rrez: \\u201cLa sede de la FSA no es domicilio particular de nadie\\u201d\",\"previousItem\":{\"@type\":\"ListItem\",\"@id\":\"https:\\\/\\\/www.eldigitaldeasturias.com\\\/noticias\\\/category\\\/actualidad-asturias\\\/#listItem\",\"name\":\"Actualidad Asturias\"}}]},{\"@type\":\"Organization\",\"@id\":\"https:\\\/\\\/www.eldigitaldeasturias.com\\\/noticias\\\/#organization\",\"name\":\"El Digital de Asturias\",\"description\":\"Hemeroteca\",\"url\":\"https:\\\/\\\/www.eldigitaldeasturias.com\\\/noticias\\\/\",\"email\":\"info@eldigitaldeasturias.com\",\"telephone\":\"+34652131393\",\"logo\":{\"@type\":\"ImageObject\",\"url\":\"https:\\\/\\\/www.eldigitaldeasturias.com\\\/noticias\\\/wp-content\\\/uploads\\\/2020\\\/12\\\/EDA.jpg\",\"@id\":\"https:\\\/\\\/www.eldigitaldeasturias.com\\\/noticias\\\/jesus-gutierrez-la-sede-de-la-fsa-no-es-domicilio-particular-de-nadie\\\/#organizationLogo\",\"width\":649,\"height\":297},\"image\":{\"@id\":\"https:\\\/\\\/www.eldigitaldeasturias.com\\\/noticias\\\/jesus-gutierrez-la-sede-de-la-fsa-no-es-domicilio-particular-de-nadie\\\/#organizationLogo\"},\"sameAs\":[\"https:\\\/\\\/facebook.com\\\/eldigitaldeasturias\",\"https:\\\/\\\/www.youtube.com\\\/channel\\\/UCZP-2wLEB9Rv6erhFmqVnvg\"],\"address\":{\"@id\":\"https:\\\/\\\/www.eldigitaldeasturias.com\\\/noticias\\\/#postaladdress\",\"@type\":\"PostalAddress\",\"streetAddress\":\"san antonio 4,\",\"postalCode\":\"33430\",\"addressLocality\":\"Cand\\u00e1s\",\"addressRegion\":\"Asturias\",\"addressCountry\":\"ES\"}},{\"@type\":\"Person\",\"@id\":\"https:\\\/\\\/www.eldigitaldeasturias.com\\\/noticias\\\/author\\\/admin\\\/#author\",\"url\":\"https:\\\/\\\/www.eldigitaldeasturias.com\\\/noticias\\\/author\\\/admin\\\/\",\"name\":\"El Digital de Asturias\",\"image\":{\"@type\":\"ImageObject\",\"@id\":\"https:\\\/\\\/www.eldigitaldeasturias.com\\\/noticias\\\/jesus-gutierrez-la-sede-de-la-fsa-no-es-domicilio-particular-de-nadie\\\/#authorImage\",\"url\":\"https:\\\/\\\/www.eldigitaldeasturias.com\\\/noticias\\\/wp-content\\\/litespeed\\\/avatar\\\/18677e78aa0546b92d9dbf31ec7d7668.jpg?ver=1777290358\",\"width\":96,\"height\":96,\"caption\":\"El Digital de Asturias\"}},{\"@type\":\"WebPage\",\"@id\":\"https:\\\/\\\/www.eldigitaldeasturias.com\\\/noticias\\\/jesus-gutierrez-la-sede-de-la-fsa-no-es-domicilio-particular-de-nadie\\\/#webpage\",\"url\":\"https:\\\/\\\/www.eldigitaldeasturias.com\\\/noticias\\\/jesus-gutierrez-la-sede-de-la-fsa-no-es-domicilio-particular-de-nadie\\\/\",\"name\":\"Jes\\u00fas Guti\\u00e9rrez: \\u201cLa sede de la FSA no es domicilio particular de nadie\\u201d - El Digital de Asturias\",\"description\":\"El diputado regional del PSOE Jes\\u00fas Guti\\u00e9rrez ha salido este mi\\u00e9rcoles al paso de las cr\\u00edticas realizadas por el diputado del PP Jos\\u00e9 Agust\\u00edn Cuervas Mons sobre las citaciones de la Comisi\\u00f3n de Investigaci\\u00f3n sobre la sociedad Gesti\\u00f3n de Infraestructuras P\\u00fablicas de Telecomunicaciones del Principado de Asturias (Gitpa). Seg\\u00fan el socialista, las declaraciones de Cuervas\",\"inLanguage\":\"es-ES\",\"isPartOf\":{\"@id\":\"https:\\\/\\\/www.eldigitaldeasturias.com\\\/noticias\\\/#website\"},\"breadcrumb\":{\"@id\":\"https:\\\/\\\/www.eldigitaldeasturias.com\\\/noticias\\\/jesus-gutierrez-la-sede-de-la-fsa-no-es-domicilio-particular-de-nadie\\\/#breadcrumblist\"},\"author\":{\"@id\":\"https:\\\/\\\/www.eldigitaldeasturias.com\\\/noticias\\\/author\\\/admin\\\/#author\"},\"creator\":{\"@id\":\"https:\\\/\\\/www.eldigitaldeasturias.com\\\/noticias\\\/author\\\/admin\\\/#author\"},\"image\":{\"@type\":\"ImageObject\",\"url\":\"https:\\\/\\\/www.eldigitaldeasturias.com\\\/noticias\\\/wp-content\\\/uploads\\\/2015\\\/07\\\/fsa.jpg\",\"@id\":\"https:\\\/\\\/www.eldigitaldeasturias.com\\\/noticias\\\/jesus-gutierrez-la-sede-de-la-fsa-no-es-domicilio-particular-de-nadie\\\/#mainImage\",\"width\":800,\"height\":534},\"primaryImageOfPage\":{\"@id\":\"https:\\\/\\\/www.eldigitaldeasturias.com\\\/noticias\\\/jesus-gutierrez-la-sede-de-la-fsa-no-es-domicilio-particular-de-nadie\\\/#mainImage\"},\"datePublished\":\"2016-09-08T05:03:03+02:00\",\"dateModified\":\"2016-09-08T05:03:03+02:00\"},{\"@type\":\"WebSite\",\"@id\":\"https:\\\/\\\/www.eldigitaldeasturias.com\\\/noticias\\\/#website\",\"url\":\"https:\\\/\\\/www.eldigitaldeasturias.com\\\/noticias\\\/\",\"name\":\"El Digital de Asturias - Diario de actualidad y noticias\",\"alternateName\":\"El Digital de Asturias - Diario de actualidad y noticias\",\"description\":\"Hemeroteca\",\"inLanguage\":\"es-ES\",\"publisher\":{\"@id\":\"https:\\\/\\\/www.eldigitaldeasturias.com\\\/noticias\\\/#organization\"}}]}\n\t\t<\/script>\n\t\t<!-- All in One SEO Pro -->\r\n\t\t<title>Jes\u00fas Guti\u00e9rrez: \u201cLa sede de la FSA no es domicilio particular de nadie\u201d - El Digital de Asturias<\/title>\n\n","aioseo_head_json":{"title":"Jes\u00fas Guti\u00e9rrez: \u201cLa sede de la FSA no es domicilio particular de nadie\u201d - El Digital de Asturias","description":"El diputado regional del PSOE Jes\u00fas Guti\u00e9rrez ha salido este mi\u00e9rcoles al paso de las cr\u00edticas realizadas por el diputado del PP Jos\u00e9 Agust\u00edn Cuervas Mons sobre las citaciones de la Comisi\u00f3n de Investigaci\u00f3n sobre la sociedad Gesti\u00f3n de Infraestructuras P\u00fablicas de Telecomunicaciones del Principado de Asturias (Gitpa). Seg\u00fan el socialista, las declaraciones de Cuervas","canonical_url":"https:\/\/www.eldigitaldeasturias.com\/noticias\/jesus-gutierrez-la-sede-de-la-fsa-no-es-domicilio-particular-de-nadie\/","robots":"max-image-preview:large","keywords":"actualidad asturias","webmasterTools":{"google-site-verification":"UA-38556648-1","msvalidate.01":"7dfe9f3f1b24437ab69f4f2559babe99","miscellaneous":""},"schema":{"@context":"https:\/\/schema.org","@graph":[{"@type":"BlogPosting","@id":"https:\/\/www.eldigitaldeasturias.com\/noticias\/jesus-gutierrez-la-sede-de-la-fsa-no-es-domicilio-particular-de-nadie\/#blogposting","name":"Jes\u00fas Guti\u00e9rrez: \u201cLa sede de la FSA no es domicilio particular de nadie\u201d - El Digital de Asturias","headline":"Jes\u00fas Guti\u00e9rrez: \u201cLa sede de la FSA no es domicilio particular de nadie\u201d","author":{"@id":"https:\/\/www.eldigitaldeasturias.com\/noticias\/author\/admin\/#author"},"publisher":{"@id":"https:\/\/www.eldigitaldeasturias.com\/noticias\/#organization"},"image":{"@type":"ImageObject","url":"https:\/\/www.eldigitaldeasturias.com\/noticias\/wp-content\/uploads\/2015\/07\/fsa.jpg","width":800,"height":534},"datePublished":"2016-09-08T05:03:03+02:00","dateModified":"2016-09-08T05:03:03+02:00","inLanguage":"es-ES","mainEntityOfPage":{"@id":"https:\/\/www.eldigitaldeasturias.com\/noticias\/jesus-gutierrez-la-sede-de-la-fsa-no-es-domicilio-particular-de-nadie\/#webpage"},"isPartOf":{"@id":"https:\/\/www.eldigitaldeasturias.com\/noticias\/jesus-gutierrez-la-sede-de-la-fsa-no-es-domicilio-particular-de-nadie\/#webpage"},"articleSection":"Actualidad Asturias"},{"@type":"BreadcrumbList","@id":"https:\/\/www.eldigitaldeasturias.com\/noticias\/jesus-gutierrez-la-sede-de-la-fsa-no-es-domicilio-particular-de-nadie\/#breadcrumblist","itemListElement":[{"@type":"ListItem","@id":"https:\/\/www.eldigitaldeasturias.com\/noticias#listItem","position":1,"name":"Home","item":"https:\/\/www.eldigitaldeasturias.com\/noticias","nextItem":{"@type":"ListItem","@id":"https:\/\/www.eldigitaldeasturias.com\/noticias\/category\/actualidad-asturias\/#listItem","name":"Actualidad Asturias"}},{"@type":"ListItem","@id":"https:\/\/www.eldigitaldeasturias.com\/noticias\/category\/actualidad-asturias\/#listItem","position":2,"name":"Actualidad Asturias","item":"https:\/\/www.eldigitaldeasturias.com\/noticias\/category\/actualidad-asturias\/","nextItem":{"@type":"ListItem","@id":"https:\/\/www.eldigitaldeasturias.com\/noticias\/jesus-gutierrez-la-sede-de-la-fsa-no-es-domicilio-particular-de-nadie\/#listItem","name":"Jes\u00fas Guti\u00e9rrez: \u201cLa sede de la FSA no es domicilio particular de nadie\u201d"},"previousItem":{"@type":"ListItem","@id":"https:\/\/www.eldigitaldeasturias.com\/noticias#listItem","name":"Home"}},{"@type":"ListItem","@id":"https:\/\/www.eldigitaldeasturias.com\/noticias\/jesus-gutierrez-la-sede-de-la-fsa-no-es-domicilio-particular-de-nadie\/#listItem","position":3,"name":"Jes\u00fas Guti\u00e9rrez: \u201cLa sede de la FSA no es domicilio particular de nadie\u201d","previousItem":{"@type":"ListItem","@id":"https:\/\/www.eldigitaldeasturias.com\/noticias\/category\/actualidad-asturias\/#listItem","name":"Actualidad Asturias"}}]},{"@type":"Organization","@id":"https:\/\/www.eldigitaldeasturias.com\/noticias\/#organization","name":"El Digital de Asturias","description":"Hemeroteca","url":"https:\/\/www.eldigitaldeasturias.com\/noticias\/","email":"info@eldigitaldeasturias.com","telephone":"+34652131393","logo":{"@type":"ImageObject","url":"https:\/\/www.eldigitaldeasturias.com\/noticias\/wp-content\/uploads\/2020\/12\/EDA.jpg","@id":"https:\/\/www.eldigitaldeasturias.com\/noticias\/jesus-gutierrez-la-sede-de-la-fsa-no-es-domicilio-particular-de-nadie\/#organizationLogo","width":649,"height":297},"image":{"@id":"https:\/\/www.eldigitaldeasturias.com\/noticias\/jesus-gutierrez-la-sede-de-la-fsa-no-es-domicilio-particular-de-nadie\/#organizationLogo"},"sameAs":["https:\/\/facebook.com\/eldigitaldeasturias","https:\/\/www.youtube.com\/channel\/UCZP-2wLEB9Rv6erhFmqVnvg"],"address":{"@id":"https:\/\/www.eldigitaldeasturias.com\/noticias\/#postaladdress","@type":"PostalAddress","streetAddress":"san antonio 4,","postalCode":"33430","addressLocality":"Cand\u00e1s","addressRegion":"Asturias","addressCountry":"ES"}},{"@type":"Person","@id":"https:\/\/www.eldigitaldeasturias.com\/noticias\/author\/admin\/#author","url":"https:\/\/www.eldigitaldeasturias.com\/noticias\/author\/admin\/","name":"El Digital de Asturias","image":{"@type":"ImageObject","@id":"https:\/\/www.eldigitaldeasturias.com\/noticias\/jesus-gutierrez-la-sede-de-la-fsa-no-es-domicilio-particular-de-nadie\/#authorImage","url":"https:\/\/www.eldigitaldeasturias.com\/noticias\/wp-content\/litespeed\/avatar\/18677e78aa0546b92d9dbf31ec7d7668.jpg?ver=1777290358","width":96,"height":96,"caption":"El Digital de Asturias"}},{"@type":"WebPage","@id":"https:\/\/www.eldigitaldeasturias.com\/noticias\/jesus-gutierrez-la-sede-de-la-fsa-no-es-domicilio-particular-de-nadie\/#webpage","url":"https:\/\/www.eldigitaldeasturias.com\/noticias\/jesus-gutierrez-la-sede-de-la-fsa-no-es-domicilio-particular-de-nadie\/","name":"Jes\u00fas Guti\u00e9rrez: \u201cLa sede de la FSA no es domicilio particular de nadie\u201d - El Digital de Asturias","description":"El diputado regional del PSOE Jes\u00fas Guti\u00e9rrez ha salido este mi\u00e9rcoles al paso de las cr\u00edticas realizadas por el diputado del PP Jos\u00e9 Agust\u00edn Cuervas Mons sobre las citaciones de la Comisi\u00f3n de Investigaci\u00f3n sobre la sociedad Gesti\u00f3n de Infraestructuras P\u00fablicas de Telecomunicaciones del Principado de Asturias (Gitpa). Seg\u00fan el socialista, las declaraciones de Cuervas","inLanguage":"es-ES","isPartOf":{"@id":"https:\/\/www.eldigitaldeasturias.com\/noticias\/#website"},"breadcrumb":{"@id":"https:\/\/www.eldigitaldeasturias.com\/noticias\/jesus-gutierrez-la-sede-de-la-fsa-no-es-domicilio-particular-de-nadie\/#breadcrumblist"},"author":{"@id":"https:\/\/www.eldigitaldeasturias.com\/noticias\/author\/admin\/#author"},"creator":{"@id":"https:\/\/www.eldigitaldeasturias.com\/noticias\/author\/admin\/#author"},"image":{"@type":"ImageObject","url":"https:\/\/www.eldigitaldeasturias.com\/noticias\/wp-content\/uploads\/2015\/07\/fsa.jpg","@id":"https:\/\/www.eldigitaldeasturias.com\/noticias\/jesus-gutierrez-la-sede-de-la-fsa-no-es-domicilio-particular-de-nadie\/#mainImage","width":800,"height":534},"primaryImageOfPage":{"@id":"https:\/\/www.eldigitaldeasturias.com\/noticias\/jesus-gutierrez-la-sede-de-la-fsa-no-es-domicilio-particular-de-nadie\/#mainImage"},"datePublished":"2016-09-08T05:03:03+02:00","dateModified":"2016-09-08T05:03:03+02:00"},{"@type":"WebSite","@id":"https:\/\/www.eldigitaldeasturias.com\/noticias\/#website","url":"https:\/\/www.eldigitaldeasturias.com\/noticias\/","name":"El Digital de Asturias - Diario de actualidad y noticias","alternateName":"El Digital de Asturias - Diario de actualidad y noticias","description":"Hemeroteca","inLanguage":"es-ES","publisher":{"@id":"https:\/\/www.eldigitaldeasturias.com\/noticias\/#organization"}}]},"og:locale":"es_ES","og:site_name":"El Digital de Asturias","og:type":"article","og:title":"Jes\u00fas Guti\u00e9rrez: \u201cLa sede de la FSA no es domicilio particular de nadie\u201d - El Digital de Asturias","og:description":"El diputado regional del PSOE Jes\u00fas Guti\u00e9rrez ha salido este mi\u00e9rcoles al paso de las cr\u00edticas realizadas por el diputado del PP Jos\u00e9 Agust\u00edn Cuervas Mons sobre las citaciones de la Comisi\u00f3n de Investigaci\u00f3n sobre la sociedad Gesti\u00f3n de Infraestructuras P\u00fablicas de Telecomunicaciones del Principado de Asturias (Gitpa). Seg\u00fan el socialista, las declaraciones de Cuervas","og:url":"https:\/\/www.eldigitaldeasturias.com\/noticias\/jesus-gutierrez-la-sede-de-la-fsa-no-es-domicilio-particular-de-nadie\/","og:image":"https:\/\/www.eldigitaldeasturias.com\/noticias\/wp-content\/uploads\/2015\/07\/fsa.jpg","og:image:secure_url":"https:\/\/www.eldigitaldeasturias.com\/noticias\/wp-content\/uploads\/2015\/07\/fsa.jpg","og:image:width":800,"og:image:height":534,"article:tag":["actualidad asturias"],"article:published_time":"2016-09-08T04:03:03+00:00","article:modified_time":"2016-09-08T04:03:03+00:00","article:publisher":"https:\/\/facebook.com\/eldigitaldeasturias","twitter:card":"summary_large_image","twitter:title":"Jes\u00fas Guti\u00e9rrez: \u201cLa sede de la FSA no es domicilio particular de nadie\u201d - El Digital de Asturias","twitter:description":"El diputado regional del PSOE Jes\u00fas Guti\u00e9rrez ha salido este mi\u00e9rcoles al paso de las cr\u00edticas realizadas por el diputado del PP Jos\u00e9 Agust\u00edn Cuervas Mons sobre las citaciones de la Comisi\u00f3n de Investigaci\u00f3n sobre la sociedad Gesti\u00f3n de Infraestructuras P\u00fablicas de Telecomunicaciones del Principado de Asturias (Gitpa). Seg\u00fan el socialista, las declaraciones de Cuervas","twitter:image":"https:\/\/www.eldigitaldeasturias.com\/noticias\/wp-content\/uploads\/2015\/07\/fsa.jpg","twitter:label1":"Escrito por","twitter:data1":"El Digital de Asturias","twitter:label2":"Tiempo de lectura estimado","twitter:data2":"1 minuto"},"aioseo_meta_data":{"post_id":"906370","title":null,"description":null,"keywords":null,"keyphrases":null,"primary_term":null,"canonical_url":null,"og_title":null,"og_description":null,"og_object_type":"default","og_image_type":"default","og_image_url":null,"og_image_width":null,"og_image_height":null,"og_image_custom_url":null,"og_image_custom_fields":null,"og_video":null,"og_custom_url":null,"og_article_section":null,"og_article_tags":null,"twitter_use_og":false,"twitter_card":"default","twitter_image_type":"default","twitter_image_url":null,"twitter_image_custom_url":null,"twitter_image_custom_fields":null,"twitter_title":null,"twitter_description":null,"schema":{"blockGraphs":[],"customGraphs":[],"default":{"data":{"Article":[],"Course":[],"Dataset":[],"FAQPage":[],"Movie":[],"Person":[],"Product":[],"ProductReview":[],"Car":[],"Recipe":[],"Service":[],"SoftwareApplication":[],"WebPage":[]},"graphName":"","isEnabled":true},"graphs":[],"defaultGraph":"","defaultPostTypeGraph":""},"schema_type":null,"schema_type_options":null,"pillar_content":false,"robots_default":true,"robots_noindex":false,"robots_noarchive":false,"robots_nosnippet":false,"robots_nofollow":false,"robots_noimageindex":false,"robots_noodp":false,"robots_notranslate":false,"robots_max_snippet":null,"robots_max_videopreview":null,"robots_max_imagepreview":"large","priority":null,"frequency":null,"local_seo":null,"seo_analyzer_scan_date":"2025-11-30 08:48:18","breadcrumb_settings":null,"limit_modified_date":false,"open_ai":null,"ai":null,"created":"2020-12-21 14:01:55","updated":"2025-11-30 08:48:18"},"aioseo_breadcrumb":"<div class=\"aioseo-breadcrumbs\"><span class=\"aioseo-breadcrumb\">\n\t<a href=\"https:\/\/www.eldigitaldeasturias.com\/noticias\" title=\"Home\">Home<\/a>\n<\/span><span class=\"aioseo-breadcrumb-separator\">\u2013<\/span><span class=\"aioseo-breadcrumb\">\n\t<a href=\"https:\/\/www.eldigitaldeasturias.com\/noticias\/category\/actualidad-asturias\/\" title=\"Actualidad Asturias\">Actualidad Asturias<\/a>\n<\/span><span class=\"aioseo-breadcrumb-separator\">\u2013<\/span><span class=\"aioseo-breadcrumb\">\n\t<a href=\"https:\/\/www.eldigitaldeasturias.com\/noticias\/jesus-gutierrez-la-sede-de-la-fsa-no-es-domicilio-particular-de-nadie\/\" title=\"Jes\u00fas Guti\u00e9rrez: \u201cLa sede de la FSA no es domicilio particular de nadie\u201d\">Jes\u00fas Guti\u00e9rrez: \u201cLa sede de la FSA no es domicilio particular de nadie\u201d<\/a>\n<\/span><\/div>","aioseo_breadcrumb_json":[{"label":"Home","link":"https:\/\/www.eldigitaldeasturias.com\/noticias"},{"label":"Actualidad Asturias","link":"https:\/\/www.eldigitaldeasturias.com\/noticias\/category\/actualidad-asturias\/"},{"label":"Jes\u00fas Guti\u00e9rrez: \u201cLa sede de la FSA no es domicilio particular de nadie\u201d","link":"https:\/\/www.eldigitaldeasturias.com\/noticias\/jesus-gutierrez-la-sede-de-la-fsa-no-es-domicilio-particular-de-nadie\/"}],"_links":{"self":[{"href":"https:\/\/www.eldigitaldeasturias.com\/noticias\/wp-json\/wp\/v2\/posts\/906370","targetHints":{"allow":["GET"]}}],"collection":[{"href":"https:\/\/www.eldigitaldeasturias.com\/noticias\/wp-json\/wp\/v2\/posts"}],"about":[{"href":"https:\/\/www.eldigitaldeasturias.com\/noticias\/wp-json\/wp\/v2\/types\/post"}],"author":[{"embeddable":true,"href":"https:\/\/www.eldigitaldeasturias.com\/noticias\/wp-json\/wp\/v2\/users\/1"}],"replies":[{"embeddable":true,"href":"https:\/\/www.eldigitaldeasturias.com\/noticias\/wp-json\/wp\/v2\/comments?post=906370"}],"version-history":[{"count":0,"href":"https:\/\/www.eldigitaldeasturias.com\/noticias\/wp-json\/wp\/v2\/posts\/906370\/revisions"}],"wp:featuredmedia":[{"embeddable":true,"href":"https:\/\/www.eldigitaldeasturias.com\/noticias\/wp-json\/wp\/v2\/media\/794932"}],"wp:attachment":[{"href":"https:\/\/www.eldigitaldeasturias.com\/noticias\/wp-json\/wp\/v2\/media?parent=906370"}],"wp:term":[{"taxonomy":"category","embeddable":true,"href":"https:\/\/www.eldigitaldeasturias.com\/noticias\/wp-json\/wp\/v2\/categories?post=906370"},{"taxonomy":"post_tag","embeddable":true,"href":"https:\/\/www.eldigitaldeasturias.com\/noticias\/wp-json\/wp\/v2\/tags?post=906370"}],"curies":[{"name":"wp","href":"https:\/\/api.w.org\/{rel}","templated":true}]}}