{"id":906365,"date":"2016-09-08T04:59:19","date_gmt":"2016-09-08T03:59:19","guid":{"rendered":"http:\/\/www.eldigitaldeasturias.com\/noticias\/?p=906365"},"modified":"2016-09-08T04:59:19","modified_gmt":"2016-09-08T03:59:19","slug":"el-dia-mas-solidario-de-los-empleados-de-caja-rural-de-asturias","status":"publish","type":"post","link":"https:\/\/www.eldigitaldeasturias.com\/noticias\/el-dia-mas-solidario-de-los-empleados-de-caja-rural-de-asturias\/","title":{"rendered":"El d\u00eda m\u00e1s solidario de los empleados de Caja Rural de Asturias"},"content":{"rendered":"<p><img loading=\"lazy\" decoding=\"async\" class=\"alignleft size-medium wp-image-906366\" src=\"https:\/\/www.eldigitaldeasturias.com\/noticias\/wp-content\/uploads\/2016\/09\/fotonoticia_20160907161548_800-360x191.jpg\" alt=\"fotonoticia_20160907161548_800\" width=\"360\" height=\"191\" srcset=\"https:\/\/www.eldigitaldeasturias.com\/noticias\/wp-content\/uploads\/2016\/09\/fotonoticia_20160907161548_800-360x191.jpg 360w, https:\/\/www.eldigitaldeasturias.com\/noticias\/wp-content\/uploads\/2016\/09\/fotonoticia_20160907161548_800-768x408.jpg 768w, https:\/\/www.eldigitaldeasturias.com\/noticias\/wp-content\/uploads\/2016\/09\/fotonoticia_20160907161548_800-650x345.jpg 650w, https:\/\/www.eldigitaldeasturias.com\/noticias\/wp-content\/uploads\/2016\/09\/fotonoticia_20160907161548_800-304x160.jpg 304w, https:\/\/www.eldigitaldeasturias.com\/noticias\/wp-content\/uploads\/2016\/09\/fotonoticia_20160907161548_800.jpg 800w\" sizes=\"auto, (max-width: 360px) 100vw, 360px\" \/>Caja Rural de Asturias, Grupo Caja Rural y el equipo Seguros RGA realiza por tercer a\u00f1o consecutivo la iniciativa &#8216;Nuestro d\u00eda m\u00e1s solidario&#8217;. En esta ocasi\u00f3n, todas las donaciones recaudadas ir\u00e1n destinadas a la Fundaci\u00f3n ONCE y su programa &#8216;Trainers Paral\u00edmpicos&#8217; de apoyo al deporte, que favorece la inclusi\u00f3n social de las personas con discapacidad. Por ese motivo, los 400 empleados de Caja Rural de Asturias han cambiado este mi\u00e9rcoles sus corbatas por la camiseta t\u00e9cnica del equipo Caja Rural y han recaudado donaciones para el proyecto.<\/p>\n<p>Seg\u00fan ha informado Caja Rural a trav\u00e9s de una nota de prensa &#8216;Trainers Paral\u00edmpicos&#8217; aprovecha los valores que encarnan estos deportistas y los aplican al funcionamiento de cualquier grupo de trabajo, empresa o instituci\u00f3n. En com\u00fan est\u00e1n valores como el trabajo en equipo, el esfuerzo, la responsabilidad, la iniciativa personal y la lucha por la consecuci\u00f3n de metas.<\/p>\n<p>La &#8216;Iniciativa Solidaria&#8217;, que tiene \u00e1mbito nacional gracias a las 38 entidades que forman parte del Grupo, se desarrollar\u00e1 entre el 7 y el 16 de septiembre y durante ese periodo cualquier persona que lo desee podr\u00e1 adquirir pulseras solidarias de tela.<\/p>\n<p>Todas las donaciones que se realicen en cualquiera de las oficinas de Caja Rural de Asturias, y superen los tres euros, obtendr\u00e1n de regalo dos pulseras que se han creado para esta acci\u00f3n y con las que se tratar\u00e1 de dar difusi\u00f3n a la misma.<\/p>\n<p>El equipo ciclista har\u00e1 una donaci\u00f3n de 2.250 euros y repartir\u00e1 1.500 pulseras entre todos los equipos que participan en la Vuelta a Espa\u00f1a, as\u00ed como entre los miembros de la organizaci\u00f3n, staff, medios de comunicaci\u00f3n y seguridad. Tambi\u00e9n se ha abierto una Fila Cero a la que se podr\u00e1n realizar donativos mediante transferencia bancaria al n\u00famero de cuenta ES13 0198 0601 6720 2877 5720.<\/p>\n<p>&nbsp;<\/p>\n","protected":false},"excerpt":{"rendered":"<p>Caja Rural de Asturias, Grupo Caja Rural y el equipo Seguros RGA realiza por tercer a\u00f1o consecutivo la iniciativa &#8216;Nuestro d\u00eda m\u00e1s solidario&#8217;. En esta ocasi\u00f3n, todas las donaciones recaudadas ir\u00e1n destinadas a la Fundaci\u00f3n ONCE y su programa &#8216;Trainers Paral\u00edmpicos&#8217; de apoyo al deporte, que favorece la inclusi\u00f3n social de las personas con discapacidad. [&hellip;]<\/p>\n","protected":false},"author":1,"featured_media":906366,"comment_status":"closed","ping_status":"closed","sticky":false,"template":"","format":"standard","meta":{"footnotes":""},"categories":[12],"tags":[],"class_list":["post-906365","post","type-post","status-publish","format-standard","has-post-thumbnail","hentry","category-actualidad-asturias"],"aioseo_notices":[],"aioseo_head":"\n\t\t<!-- All in One SEO Pro 4.9.6.2 - aioseo.com -->\n\t<meta name=\"description\" content=\"Caja Rural de Asturias, Grupo Caja Rural y el equipo Seguros RGA realiza por tercer a\u00f1o consecutivo la iniciativa &#039;Nuestro d\u00eda m\u00e1s solidario&#039;. En esta ocasi\u00f3n, todas las donaciones recaudadas ir\u00e1n destinadas a la Fundaci\u00f3n ONCE y su programa &#039;Trainers Paral\u00edmpicos&#039; de apoyo al deporte, que favorece la inclusi\u00f3n social de las personas con discapacidad.\" \/>\n\t<meta name=\"robots\" content=\"max-image-preview:large\" \/>\n\t<meta name=\"author\" content=\"El Digital de Asturias\"\/>\n\t<meta name=\"google-site-verification\" content=\"UA-38556648-1\" \/>\n\t<meta name=\"msvalidate.01\" content=\"7dfe9f3f1b24437ab69f4f2559babe99\" \/>\n\t<meta name=\"keywords\" content=\"actualidad asturias\" \/>\n\t<link rel=\"canonical\" href=\"https:\/\/www.eldigitaldeasturias.com\/noticias\/el-dia-mas-solidario-de-los-empleados-de-caja-rural-de-asturias\/\" \/>\n\t<meta name=\"generator\" content=\"All in One SEO Pro (AIOSEO) 4.9.6.2\" \/>\n\t\t<meta property=\"og:locale\" content=\"es_ES\" \/>\n\t\t<meta property=\"og:site_name\" content=\"El Digital de Asturias\" \/>\n\t\t<meta property=\"og:type\" content=\"article\" \/>\n\t\t<meta property=\"og:title\" content=\"El d\u00eda m\u00e1s solidario de los empleados de Caja Rural de Asturias - El Digital de Asturias\" \/>\n\t\t<meta property=\"og:description\" content=\"Caja Rural de Asturias, Grupo Caja Rural y el equipo Seguros RGA realiza por tercer a\u00f1o consecutivo la iniciativa &#039;Nuestro d\u00eda m\u00e1s solidario&#039;. En esta ocasi\u00f3n, todas las donaciones recaudadas ir\u00e1n destinadas a la Fundaci\u00f3n ONCE y su programa &#039;Trainers Paral\u00edmpicos&#039; de apoyo al deporte, que favorece la inclusi\u00f3n social de las personas con discapacidad.\" \/>\n\t\t<meta property=\"og:url\" content=\"https:\/\/www.eldigitaldeasturias.com\/noticias\/el-dia-mas-solidario-de-los-empleados-de-caja-rural-de-asturias\/\" \/>\n\t\t<meta property=\"og:image\" content=\"https:\/\/www.eldigitaldeasturias.com\/noticias\/wp-content\/uploads\/2016\/09\/fotonoticia_20160907161548_800.jpg\" \/>\n\t\t<meta property=\"og:image:secure_url\" content=\"https:\/\/www.eldigitaldeasturias.com\/noticias\/wp-content\/uploads\/2016\/09\/fotonoticia_20160907161548_800.jpg\" \/>\n\t\t<meta property=\"og:image:width\" content=\"800\" \/>\n\t\t<meta property=\"og:image:height\" content=\"425\" \/>\n\t\t<meta property=\"article:tag\" content=\"actualidad asturias\" \/>\n\t\t<meta property=\"article:published_time\" content=\"2016-09-08T03:59:19+00:00\" \/>\n\t\t<meta property=\"article:modified_time\" content=\"2016-09-08T03:59:19+00:00\" \/>\n\t\t<meta property=\"article:publisher\" content=\"https:\/\/facebook.com\/eldigitaldeasturias\" \/>\n\t\t<meta name=\"twitter:card\" content=\"summary_large_image\" \/>\n\t\t<meta name=\"twitter:title\" content=\"El d\u00eda m\u00e1s solidario de los empleados de Caja Rural de Asturias - El Digital de Asturias\" \/>\n\t\t<meta name=\"twitter:description\" content=\"Caja Rural de Asturias, Grupo Caja Rural y el equipo Seguros RGA realiza por tercer a\u00f1o consecutivo la iniciativa &#039;Nuestro d\u00eda m\u00e1s solidario&#039;. En esta ocasi\u00f3n, todas las donaciones recaudadas ir\u00e1n destinadas a la Fundaci\u00f3n ONCE y su programa &#039;Trainers Paral\u00edmpicos&#039; de apoyo al deporte, que favorece la inclusi\u00f3n social de las personas con discapacidad.\" \/>\n\t\t<meta name=\"twitter:image\" content=\"https:\/\/www.eldigitaldeasturias.com\/noticias\/wp-content\/uploads\/2016\/09\/fotonoticia_20160907161548_800.jpg\" \/>\n\t\t<meta name=\"twitter:label1\" content=\"Escrito por\" \/>\n\t\t<meta name=\"twitter:data1\" content=\"El Digital de Asturias\" \/>\n\t\t<meta name=\"twitter:label2\" content=\"Tiempo de lectura estimado\" \/>\n\t\t<meta name=\"twitter:data2\" content=\"2 minutos\" \/>\n\t\t<script type=\"application\/ld+json\" class=\"aioseo-schema\">\n\t\t\t{\"@context\":\"https:\\\/\\\/schema.org\",\"@graph\":[{\"@type\":\"BlogPosting\",\"@id\":\"https:\\\/\\\/www.eldigitaldeasturias.com\\\/noticias\\\/el-dia-mas-solidario-de-los-empleados-de-caja-rural-de-asturias\\\/#blogposting\",\"name\":\"El d\\u00eda m\\u00e1s solidario de los empleados de Caja Rural de Asturias - El Digital de Asturias\",\"headline\":\"El d\\u00eda m\\u00e1s solidario de los empleados de Caja Rural de Asturias\",\"author\":{\"@id\":\"https:\\\/\\\/www.eldigitaldeasturias.com\\\/noticias\\\/author\\\/admin\\\/#author\"},\"publisher\":{\"@id\":\"https:\\\/\\\/www.eldigitaldeasturias.com\\\/noticias\\\/#organization\"},\"image\":{\"@type\":\"ImageObject\",\"url\":\"https:\\\/\\\/www.eldigitaldeasturias.com\\\/noticias\\\/wp-content\\\/uploads\\\/2016\\\/09\\\/fotonoticia_20160907161548_800.jpg\",\"width\":800,\"height\":425},\"datePublished\":\"2016-09-08T04:59:19+02:00\",\"dateModified\":\"2016-09-08T04:59:19+02:00\",\"inLanguage\":\"es-ES\",\"mainEntityOfPage\":{\"@id\":\"https:\\\/\\\/www.eldigitaldeasturias.com\\\/noticias\\\/el-dia-mas-solidario-de-los-empleados-de-caja-rural-de-asturias\\\/#webpage\"},\"isPartOf\":{\"@id\":\"https:\\\/\\\/www.eldigitaldeasturias.com\\\/noticias\\\/el-dia-mas-solidario-de-los-empleados-de-caja-rural-de-asturias\\\/#webpage\"},\"articleSection\":\"Actualidad Asturias\"},{\"@type\":\"BreadcrumbList\",\"@id\":\"https:\\\/\\\/www.eldigitaldeasturias.com\\\/noticias\\\/el-dia-mas-solidario-de-los-empleados-de-caja-rural-de-asturias\\\/#breadcrumblist\",\"itemListElement\":[{\"@type\":\"ListItem\",\"@id\":\"https:\\\/\\\/www.eldigitaldeasturias.com\\\/noticias#listItem\",\"position\":1,\"name\":\"Home\",\"item\":\"https:\\\/\\\/www.eldigitaldeasturias.com\\\/noticias\",\"nextItem\":{\"@type\":\"ListItem\",\"@id\":\"https:\\\/\\\/www.eldigitaldeasturias.com\\\/noticias\\\/category\\\/actualidad-asturias\\\/#listItem\",\"name\":\"Actualidad Asturias\"}},{\"@type\":\"ListItem\",\"@id\":\"https:\\\/\\\/www.eldigitaldeasturias.com\\\/noticias\\\/category\\\/actualidad-asturias\\\/#listItem\",\"position\":2,\"name\":\"Actualidad Asturias\",\"item\":\"https:\\\/\\\/www.eldigitaldeasturias.com\\\/noticias\\\/category\\\/actualidad-asturias\\\/\",\"nextItem\":{\"@type\":\"ListItem\",\"@id\":\"https:\\\/\\\/www.eldigitaldeasturias.com\\\/noticias\\\/el-dia-mas-solidario-de-los-empleados-de-caja-rural-de-asturias\\\/#listItem\",\"name\":\"El d\\u00eda m\\u00e1s solidario de los empleados de Caja Rural de Asturias\"},\"previousItem\":{\"@type\":\"ListItem\",\"@id\":\"https:\\\/\\\/www.eldigitaldeasturias.com\\\/noticias#listItem\",\"name\":\"Home\"}},{\"@type\":\"ListItem\",\"@id\":\"https:\\\/\\\/www.eldigitaldeasturias.com\\\/noticias\\\/el-dia-mas-solidario-de-los-empleados-de-caja-rural-de-asturias\\\/#listItem\",\"position\":3,\"name\":\"El d\\u00eda m\\u00e1s solidario de los empleados de Caja Rural de Asturias\",\"previousItem\":{\"@type\":\"ListItem\",\"@id\":\"https:\\\/\\\/www.eldigitaldeasturias.com\\\/noticias\\\/category\\\/actualidad-asturias\\\/#listItem\",\"name\":\"Actualidad Asturias\"}}]},{\"@type\":\"Organization\",\"@id\":\"https:\\\/\\\/www.eldigitaldeasturias.com\\\/noticias\\\/#organization\",\"name\":\"El Digital de Asturias\",\"description\":\"Hemeroteca\",\"url\":\"https:\\\/\\\/www.eldigitaldeasturias.com\\\/noticias\\\/\",\"email\":\"info@eldigitaldeasturias.com\",\"telephone\":\"+34652131393\",\"logo\":{\"@type\":\"ImageObject\",\"url\":\"https:\\\/\\\/www.eldigitaldeasturias.com\\\/noticias\\\/wp-content\\\/uploads\\\/2020\\\/12\\\/EDA.jpg\",\"@id\":\"https:\\\/\\\/www.eldigitaldeasturias.com\\\/noticias\\\/el-dia-mas-solidario-de-los-empleados-de-caja-rural-de-asturias\\\/#organizationLogo\",\"width\":649,\"height\":297},\"image\":{\"@id\":\"https:\\\/\\\/www.eldigitaldeasturias.com\\\/noticias\\\/el-dia-mas-solidario-de-los-empleados-de-caja-rural-de-asturias\\\/#organizationLogo\"},\"sameAs\":[\"https:\\\/\\\/facebook.com\\\/eldigitaldeasturias\",\"https:\\\/\\\/www.youtube.com\\\/channel\\\/UCZP-2wLEB9Rv6erhFmqVnvg\"],\"address\":{\"@id\":\"https:\\\/\\\/www.eldigitaldeasturias.com\\\/noticias\\\/#postaladdress\",\"@type\":\"PostalAddress\",\"streetAddress\":\"san antonio 4,\",\"postalCode\":\"33430\",\"addressLocality\":\"Cand\\u00e1s\",\"addressRegion\":\"Asturias\",\"addressCountry\":\"ES\"}},{\"@type\":\"Person\",\"@id\":\"https:\\\/\\\/www.eldigitaldeasturias.com\\\/noticias\\\/author\\\/admin\\\/#author\",\"url\":\"https:\\\/\\\/www.eldigitaldeasturias.com\\\/noticias\\\/author\\\/admin\\\/\",\"name\":\"El Digital de Asturias\",\"image\":{\"@type\":\"ImageObject\",\"@id\":\"https:\\\/\\\/www.eldigitaldeasturias.com\\\/noticias\\\/el-dia-mas-solidario-de-los-empleados-de-caja-rural-de-asturias\\\/#authorImage\",\"url\":\"https:\\\/\\\/www.eldigitaldeasturias.com\\\/noticias\\\/wp-content\\\/litespeed\\\/avatar\\\/18677e78aa0546b92d9dbf31ec7d7668.jpg?ver=1777290358\",\"width\":96,\"height\":96,\"caption\":\"El Digital de Asturias\"}},{\"@type\":\"WebPage\",\"@id\":\"https:\\\/\\\/www.eldigitaldeasturias.com\\\/noticias\\\/el-dia-mas-solidario-de-los-empleados-de-caja-rural-de-asturias\\\/#webpage\",\"url\":\"https:\\\/\\\/www.eldigitaldeasturias.com\\\/noticias\\\/el-dia-mas-solidario-de-los-empleados-de-caja-rural-de-asturias\\\/\",\"name\":\"El d\\u00eda m\\u00e1s solidario de los empleados de Caja Rural de Asturias - El Digital de Asturias\",\"description\":\"Caja Rural de Asturias, Grupo Caja Rural y el equipo Seguros RGA realiza por tercer a\\u00f1o consecutivo la iniciativa 'Nuestro d\\u00eda m\\u00e1s solidario'. En esta ocasi\\u00f3n, todas las donaciones recaudadas ir\\u00e1n destinadas a la Fundaci\\u00f3n ONCE y su programa 'Trainers Paral\\u00edmpicos' de apoyo al deporte, que favorece la inclusi\\u00f3n social de las personas con discapacidad.\",\"inLanguage\":\"es-ES\",\"isPartOf\":{\"@id\":\"https:\\\/\\\/www.eldigitaldeasturias.com\\\/noticias\\\/#website\"},\"breadcrumb\":{\"@id\":\"https:\\\/\\\/www.eldigitaldeasturias.com\\\/noticias\\\/el-dia-mas-solidario-de-los-empleados-de-caja-rural-de-asturias\\\/#breadcrumblist\"},\"author\":{\"@id\":\"https:\\\/\\\/www.eldigitaldeasturias.com\\\/noticias\\\/author\\\/admin\\\/#author\"},\"creator\":{\"@id\":\"https:\\\/\\\/www.eldigitaldeasturias.com\\\/noticias\\\/author\\\/admin\\\/#author\"},\"image\":{\"@type\":\"ImageObject\",\"url\":\"https:\\\/\\\/www.eldigitaldeasturias.com\\\/noticias\\\/wp-content\\\/uploads\\\/2016\\\/09\\\/fotonoticia_20160907161548_800.jpg\",\"@id\":\"https:\\\/\\\/www.eldigitaldeasturias.com\\\/noticias\\\/el-dia-mas-solidario-de-los-empleados-de-caja-rural-de-asturias\\\/#mainImage\",\"width\":800,\"height\":425},\"primaryImageOfPage\":{\"@id\":\"https:\\\/\\\/www.eldigitaldeasturias.com\\\/noticias\\\/el-dia-mas-solidario-de-los-empleados-de-caja-rural-de-asturias\\\/#mainImage\"},\"datePublished\":\"2016-09-08T04:59:19+02:00\",\"dateModified\":\"2016-09-08T04:59:19+02:00\"},{\"@type\":\"WebSite\",\"@id\":\"https:\\\/\\\/www.eldigitaldeasturias.com\\\/noticias\\\/#website\",\"url\":\"https:\\\/\\\/www.eldigitaldeasturias.com\\\/noticias\\\/\",\"name\":\"El Digital de Asturias - Diario de actualidad y noticias\",\"alternateName\":\"El Digital de Asturias - Diario de actualidad y noticias\",\"description\":\"Hemeroteca\",\"inLanguage\":\"es-ES\",\"publisher\":{\"@id\":\"https:\\\/\\\/www.eldigitaldeasturias.com\\\/noticias\\\/#organization\"}}]}\n\t\t<\/script>\n\t\t<!-- All in One SEO Pro -->\r\n\t\t<title>El d\u00eda m\u00e1s solidario de los empleados de Caja Rural de Asturias - El Digital de Asturias<\/title>\n\n","aioseo_head_json":{"title":"El d\u00eda m\u00e1s solidario de los empleados de Caja Rural de Asturias - El Digital de Asturias","description":"Caja Rural de Asturias, Grupo Caja Rural y el equipo Seguros RGA realiza por tercer a\u00f1o consecutivo la iniciativa 'Nuestro d\u00eda m\u00e1s solidario'. En esta ocasi\u00f3n, todas las donaciones recaudadas ir\u00e1n destinadas a la Fundaci\u00f3n ONCE y su programa 'Trainers Paral\u00edmpicos' de apoyo al deporte, que favorece la inclusi\u00f3n social de las personas con discapacidad.","canonical_url":"https:\/\/www.eldigitaldeasturias.com\/noticias\/el-dia-mas-solidario-de-los-empleados-de-caja-rural-de-asturias\/","robots":"max-image-preview:large","keywords":"actualidad asturias","webmasterTools":{"google-site-verification":"UA-38556648-1","msvalidate.01":"7dfe9f3f1b24437ab69f4f2559babe99","miscellaneous":""},"schema":{"@context":"https:\/\/schema.org","@graph":[{"@type":"BlogPosting","@id":"https:\/\/www.eldigitaldeasturias.com\/noticias\/el-dia-mas-solidario-de-los-empleados-de-caja-rural-de-asturias\/#blogposting","name":"El d\u00eda m\u00e1s solidario de los empleados de Caja Rural de Asturias - El Digital de Asturias","headline":"El d\u00eda m\u00e1s solidario de los empleados de Caja Rural de Asturias","author":{"@id":"https:\/\/www.eldigitaldeasturias.com\/noticias\/author\/admin\/#author"},"publisher":{"@id":"https:\/\/www.eldigitaldeasturias.com\/noticias\/#organization"},"image":{"@type":"ImageObject","url":"https:\/\/www.eldigitaldeasturias.com\/noticias\/wp-content\/uploads\/2016\/09\/fotonoticia_20160907161548_800.jpg","width":800,"height":425},"datePublished":"2016-09-08T04:59:19+02:00","dateModified":"2016-09-08T04:59:19+02:00","inLanguage":"es-ES","mainEntityOfPage":{"@id":"https:\/\/www.eldigitaldeasturias.com\/noticias\/el-dia-mas-solidario-de-los-empleados-de-caja-rural-de-asturias\/#webpage"},"isPartOf":{"@id":"https:\/\/www.eldigitaldeasturias.com\/noticias\/el-dia-mas-solidario-de-los-empleados-de-caja-rural-de-asturias\/#webpage"},"articleSection":"Actualidad Asturias"},{"@type":"BreadcrumbList","@id":"https:\/\/www.eldigitaldeasturias.com\/noticias\/el-dia-mas-solidario-de-los-empleados-de-caja-rural-de-asturias\/#breadcrumblist","itemListElement":[{"@type":"ListItem","@id":"https:\/\/www.eldigitaldeasturias.com\/noticias#listItem","position":1,"name":"Home","item":"https:\/\/www.eldigitaldeasturias.com\/noticias","nextItem":{"@type":"ListItem","@id":"https:\/\/www.eldigitaldeasturias.com\/noticias\/category\/actualidad-asturias\/#listItem","name":"Actualidad Asturias"}},{"@type":"ListItem","@id":"https:\/\/www.eldigitaldeasturias.com\/noticias\/category\/actualidad-asturias\/#listItem","position":2,"name":"Actualidad Asturias","item":"https:\/\/www.eldigitaldeasturias.com\/noticias\/category\/actualidad-asturias\/","nextItem":{"@type":"ListItem","@id":"https:\/\/www.eldigitaldeasturias.com\/noticias\/el-dia-mas-solidario-de-los-empleados-de-caja-rural-de-asturias\/#listItem","name":"El d\u00eda m\u00e1s solidario de los empleados de Caja Rural de Asturias"},"previousItem":{"@type":"ListItem","@id":"https:\/\/www.eldigitaldeasturias.com\/noticias#listItem","name":"Home"}},{"@type":"ListItem","@id":"https:\/\/www.eldigitaldeasturias.com\/noticias\/el-dia-mas-solidario-de-los-empleados-de-caja-rural-de-asturias\/#listItem","position":3,"name":"El d\u00eda m\u00e1s solidario de los empleados de Caja Rural de Asturias","previousItem":{"@type":"ListItem","@id":"https:\/\/www.eldigitaldeasturias.com\/noticias\/category\/actualidad-asturias\/#listItem","name":"Actualidad Asturias"}}]},{"@type":"Organization","@id":"https:\/\/www.eldigitaldeasturias.com\/noticias\/#organization","name":"El Digital de Asturias","description":"Hemeroteca","url":"https:\/\/www.eldigitaldeasturias.com\/noticias\/","email":"info@eldigitaldeasturias.com","telephone":"+34652131393","logo":{"@type":"ImageObject","url":"https:\/\/www.eldigitaldeasturias.com\/noticias\/wp-content\/uploads\/2020\/12\/EDA.jpg","@id":"https:\/\/www.eldigitaldeasturias.com\/noticias\/el-dia-mas-solidario-de-los-empleados-de-caja-rural-de-asturias\/#organizationLogo","width":649,"height":297},"image":{"@id":"https:\/\/www.eldigitaldeasturias.com\/noticias\/el-dia-mas-solidario-de-los-empleados-de-caja-rural-de-asturias\/#organizationLogo"},"sameAs":["https:\/\/facebook.com\/eldigitaldeasturias","https:\/\/www.youtube.com\/channel\/UCZP-2wLEB9Rv6erhFmqVnvg"],"address":{"@id":"https:\/\/www.eldigitaldeasturias.com\/noticias\/#postaladdress","@type":"PostalAddress","streetAddress":"san antonio 4,","postalCode":"33430","addressLocality":"Cand\u00e1s","addressRegion":"Asturias","addressCountry":"ES"}},{"@type":"Person","@id":"https:\/\/www.eldigitaldeasturias.com\/noticias\/author\/admin\/#author","url":"https:\/\/www.eldigitaldeasturias.com\/noticias\/author\/admin\/","name":"El Digital de Asturias","image":{"@type":"ImageObject","@id":"https:\/\/www.eldigitaldeasturias.com\/noticias\/el-dia-mas-solidario-de-los-empleados-de-caja-rural-de-asturias\/#authorImage","url":"https:\/\/www.eldigitaldeasturias.com\/noticias\/wp-content\/litespeed\/avatar\/18677e78aa0546b92d9dbf31ec7d7668.jpg?ver=1777290358","width":96,"height":96,"caption":"El Digital de Asturias"}},{"@type":"WebPage","@id":"https:\/\/www.eldigitaldeasturias.com\/noticias\/el-dia-mas-solidario-de-los-empleados-de-caja-rural-de-asturias\/#webpage","url":"https:\/\/www.eldigitaldeasturias.com\/noticias\/el-dia-mas-solidario-de-los-empleados-de-caja-rural-de-asturias\/","name":"El d\u00eda m\u00e1s solidario de los empleados de Caja Rural de Asturias - El Digital de Asturias","description":"Caja Rural de Asturias, Grupo Caja Rural y el equipo Seguros RGA realiza por tercer a\u00f1o consecutivo la iniciativa 'Nuestro d\u00eda m\u00e1s solidario'. En esta ocasi\u00f3n, todas las donaciones recaudadas ir\u00e1n destinadas a la Fundaci\u00f3n ONCE y su programa 'Trainers Paral\u00edmpicos' de apoyo al deporte, que favorece la inclusi\u00f3n social de las personas con discapacidad.","inLanguage":"es-ES","isPartOf":{"@id":"https:\/\/www.eldigitaldeasturias.com\/noticias\/#website"},"breadcrumb":{"@id":"https:\/\/www.eldigitaldeasturias.com\/noticias\/el-dia-mas-solidario-de-los-empleados-de-caja-rural-de-asturias\/#breadcrumblist"},"author":{"@id":"https:\/\/www.eldigitaldeasturias.com\/noticias\/author\/admin\/#author"},"creator":{"@id":"https:\/\/www.eldigitaldeasturias.com\/noticias\/author\/admin\/#author"},"image":{"@type":"ImageObject","url":"https:\/\/www.eldigitaldeasturias.com\/noticias\/wp-content\/uploads\/2016\/09\/fotonoticia_20160907161548_800.jpg","@id":"https:\/\/www.eldigitaldeasturias.com\/noticias\/el-dia-mas-solidario-de-los-empleados-de-caja-rural-de-asturias\/#mainImage","width":800,"height":425},"primaryImageOfPage":{"@id":"https:\/\/www.eldigitaldeasturias.com\/noticias\/el-dia-mas-solidario-de-los-empleados-de-caja-rural-de-asturias\/#mainImage"},"datePublished":"2016-09-08T04:59:19+02:00","dateModified":"2016-09-08T04:59:19+02:00"},{"@type":"WebSite","@id":"https:\/\/www.eldigitaldeasturias.com\/noticias\/#website","url":"https:\/\/www.eldigitaldeasturias.com\/noticias\/","name":"El Digital de Asturias - Diario de actualidad y noticias","alternateName":"El Digital de Asturias - Diario de actualidad y noticias","description":"Hemeroteca","inLanguage":"es-ES","publisher":{"@id":"https:\/\/www.eldigitaldeasturias.com\/noticias\/#organization"}}]},"og:locale":"es_ES","og:site_name":"El Digital de Asturias","og:type":"article","og:title":"El d\u00eda m\u00e1s solidario de los empleados de Caja Rural de Asturias - El Digital de Asturias","og:description":"Caja Rural de Asturias, Grupo Caja Rural y el equipo Seguros RGA realiza por tercer a\u00f1o consecutivo la iniciativa 'Nuestro d\u00eda m\u00e1s solidario'. En esta ocasi\u00f3n, todas las donaciones recaudadas ir\u00e1n destinadas a la Fundaci\u00f3n ONCE y su programa 'Trainers Paral\u00edmpicos' de apoyo al deporte, que favorece la inclusi\u00f3n social de las personas con discapacidad.","og:url":"https:\/\/www.eldigitaldeasturias.com\/noticias\/el-dia-mas-solidario-de-los-empleados-de-caja-rural-de-asturias\/","og:image":"https:\/\/www.eldigitaldeasturias.com\/noticias\/wp-content\/uploads\/2016\/09\/fotonoticia_20160907161548_800.jpg","og:image:secure_url":"https:\/\/www.eldigitaldeasturias.com\/noticias\/wp-content\/uploads\/2016\/09\/fotonoticia_20160907161548_800.jpg","og:image:width":800,"og:image:height":425,"article:tag":["actualidad asturias"],"article:published_time":"2016-09-08T03:59:19+00:00","article:modified_time":"2016-09-08T03:59:19+00:00","article:publisher":"https:\/\/facebook.com\/eldigitaldeasturias","twitter:card":"summary_large_image","twitter:title":"El d\u00eda m\u00e1s solidario de los empleados de Caja Rural de Asturias - El Digital de Asturias","twitter:description":"Caja Rural de Asturias, Grupo Caja Rural y el equipo Seguros RGA realiza por tercer a\u00f1o consecutivo la iniciativa 'Nuestro d\u00eda m\u00e1s solidario'. En esta ocasi\u00f3n, todas las donaciones recaudadas ir\u00e1n destinadas a la Fundaci\u00f3n ONCE y su programa 'Trainers Paral\u00edmpicos' de apoyo al deporte, que favorece la inclusi\u00f3n social de las personas con discapacidad.","twitter:image":"https:\/\/www.eldigitaldeasturias.com\/noticias\/wp-content\/uploads\/2016\/09\/fotonoticia_20160907161548_800.jpg","twitter:label1":"Escrito por","twitter:data1":"El Digital de Asturias","twitter:label2":"Tiempo de lectura estimado","twitter:data2":"2 minutos"},"aioseo_meta_data":{"post_id":"906365","title":null,"description":null,"keywords":null,"keyphrases":null,"primary_term":null,"canonical_url":null,"og_title":null,"og_description":null,"og_object_type":"default","og_image_type":"default","og_image_url":null,"og_image_width":null,"og_image_height":null,"og_image_custom_url":null,"og_image_custom_fields":null,"og_video":null,"og_custom_url":null,"og_article_section":null,"og_article_tags":null,"twitter_use_og":false,"twitter_card":"default","twitter_image_type":"default","twitter_image_url":null,"twitter_image_custom_url":null,"twitter_image_custom_fields":null,"twitter_title":null,"twitter_description":null,"schema":{"blockGraphs":[],"customGraphs":[],"default":{"data":{"Article":[],"Course":[],"Dataset":[],"FAQPage":[],"Movie":[],"Person":[],"Product":[],"ProductReview":[],"Car":[],"Recipe":[],"Service":[],"SoftwareApplication":[],"WebPage":[]},"graphName":"","isEnabled":true},"graphs":[],"defaultGraph":"","defaultPostTypeGraph":""},"schema_type":null,"schema_type_options":null,"pillar_content":false,"robots_default":true,"robots_noindex":false,"robots_noarchive":false,"robots_nosnippet":false,"robots_nofollow":false,"robots_noimageindex":false,"robots_noodp":false,"robots_notranslate":false,"robots_max_snippet":null,"robots_max_videopreview":null,"robots_max_imagepreview":"large","priority":null,"frequency":null,"local_seo":null,"seo_analyzer_scan_date":"2025-11-30 08:46:22","breadcrumb_settings":null,"limit_modified_date":false,"open_ai":null,"ai":null,"created":"2020-12-21 14:01:55","updated":"2025-11-30 08:46:22"},"aioseo_breadcrumb":"<div class=\"aioseo-breadcrumbs\"><span class=\"aioseo-breadcrumb\">\n\t<a href=\"https:\/\/www.eldigitaldeasturias.com\/noticias\" title=\"Home\">Home<\/a>\n<\/span><span class=\"aioseo-breadcrumb-separator\">\u2013<\/span><span class=\"aioseo-breadcrumb\">\n\t<a href=\"https:\/\/www.eldigitaldeasturias.com\/noticias\/category\/actualidad-asturias\/\" title=\"Actualidad Asturias\">Actualidad Asturias<\/a>\n<\/span><span class=\"aioseo-breadcrumb-separator\">\u2013<\/span><span class=\"aioseo-breadcrumb\">\n\t<a href=\"https:\/\/www.eldigitaldeasturias.com\/noticias\/el-dia-mas-solidario-de-los-empleados-de-caja-rural-de-asturias\/\" title=\"El d\u00eda m\u00e1s solidario de los empleados de Caja Rural de Asturias\">El d\u00eda m\u00e1s solidario de los empleados de Caja Rural de Asturias<\/a>\n<\/span><\/div>","aioseo_breadcrumb_json":[{"label":"Home","link":"https:\/\/www.eldigitaldeasturias.com\/noticias"},{"label":"Actualidad Asturias","link":"https:\/\/www.eldigitaldeasturias.com\/noticias\/category\/actualidad-asturias\/"},{"label":"El d\u00eda m\u00e1s solidario de los empleados de Caja Rural de Asturias","link":"https:\/\/www.eldigitaldeasturias.com\/noticias\/el-dia-mas-solidario-de-los-empleados-de-caja-rural-de-asturias\/"}],"_links":{"self":[{"href":"https:\/\/www.eldigitaldeasturias.com\/noticias\/wp-json\/wp\/v2\/posts\/906365","targetHints":{"allow":["GET"]}}],"collection":[{"href":"https:\/\/www.eldigitaldeasturias.com\/noticias\/wp-json\/wp\/v2\/posts"}],"about":[{"href":"https:\/\/www.eldigitaldeasturias.com\/noticias\/wp-json\/wp\/v2\/types\/post"}],"author":[{"embeddable":true,"href":"https:\/\/www.eldigitaldeasturias.com\/noticias\/wp-json\/wp\/v2\/users\/1"}],"replies":[{"embeddable":true,"href":"https:\/\/www.eldigitaldeasturias.com\/noticias\/wp-json\/wp\/v2\/comments?post=906365"}],"version-history":[{"count":0,"href":"https:\/\/www.eldigitaldeasturias.com\/noticias\/wp-json\/wp\/v2\/posts\/906365\/revisions"}],"wp:featuredmedia":[{"embeddable":true,"href":"https:\/\/www.eldigitaldeasturias.com\/noticias\/wp-json\/wp\/v2\/media\/906366"}],"wp:attachment":[{"href":"https:\/\/www.eldigitaldeasturias.com\/noticias\/wp-json\/wp\/v2\/media?parent=906365"}],"wp:term":[{"taxonomy":"category","embeddable":true,"href":"https:\/\/www.eldigitaldeasturias.com\/noticias\/wp-json\/wp\/v2\/categories?post=906365"},{"taxonomy":"post_tag","embeddable":true,"href":"https:\/\/www.eldigitaldeasturias.com\/noticias\/wp-json\/wp\/v2\/tags?post=906365"}],"curies":[{"name":"wp","href":"https:\/\/api.w.org\/{rel}","templated":true}]}}