{"id":906363,"date":"2016-09-08T04:57:08","date_gmt":"2016-09-08T03:57:08","guid":{"rendered":"http:\/\/www.eldigitaldeasturias.com\/noticias\/?p=906363"},"modified":"2016-09-08T04:57:08","modified_gmt":"2016-09-08T03:57:08","slug":"jornadas-del-comic-villa-de-aviles-del-13-al-17-de-septiembre","status":"publish","type":"post","link":"https:\/\/www.eldigitaldeasturias.com\/noticias\/jornadas-del-comic-villa-de-aviles-del-13-al-17-de-septiembre\/","title":{"rendered":"Jornadas del C\u00f3mic Villa de Avil\u00e9s del 13 al 17 de septiembre"},"content":{"rendered":"<p><img loading=\"lazy\" decoding=\"async\" class=\"alignleft size-medium wp-image-785778\" src=\"https:\/\/www.eldigitaldeasturias.com\/noticias\/wp-content\/uploads\/2015\/05\/aviles1-360x241.jpg\" alt=\"aviles\" width=\"360\" height=\"241\" srcset=\"https:\/\/www.eldigitaldeasturias.com\/noticias\/wp-content\/uploads\/2015\/05\/aviles1-360x241.jpg 360w, https:\/\/www.eldigitaldeasturias.com\/noticias\/wp-content\/uploads\/2015\/05\/aviles1-768x515.jpg 768w, https:\/\/www.eldigitaldeasturias.com\/noticias\/wp-content\/uploads\/2015\/05\/aviles1-650x436.jpg 650w, https:\/\/www.eldigitaldeasturias.com\/noticias\/wp-content\/uploads\/2015\/05\/aviles1.jpg 800w\" sizes=\"auto, (max-width: 360px) 100vw, 360px\" \/>La francesa Chlo\u00e9 Cruchaudet y el matrimonio formado por Brian y Mary M. Talbot encabezan el cartel de las Jornadas Internacionales del C\u00f3mic de Avil\u00e9s, que en su 21\u00aa edici\u00f3n reunir\u00e1n a un centenar de autores desde el 13 al 17 de septiembre. El programa de actividades est\u00e1 compuesto por conferencias, sesiones de firmas, dibujos en vivo, presentaciones, mesas redondas y encuentros con autores del noveno arte.<\/p>\n<p>La lista completa de autores invitados se completa con George P\u00e9rez, Enrique Vegas, Ana Oncina, Mario Alberti, Javier Fern\u00e1ndez, Pepe Larraz, Gabriel Hern\u00e1ndez Walta, \u00c1lvaro Ortiz, Sonia Pulido, Goran Sudzuka, David Aja y Jes\u00fas Alonso Iglesias. Adem\u00e1s de dibujantes de superh\u00e9roes, muchos de ellos trabajando en Marvel y DC, hay autores de tem\u00e1tica social.<\/p>\n<p>Hay tres exposiciones, que ya se han inaugurado, con obras de Jes\u00fas Alonso y Sonia Pulido. La tercera muestra es una novedad y lleva por nombre &#8216;C\u00f3mic de terror: desde Espa\u00f1a para el mundo&#8217;. \u00abTem\u00e1ticamente es una de las m\u00e1s importantes e interesantes que hemos hecho en las jornadas con obras de Carlos Jim\u00e9nez, Pepe Gonz\u00e1lez, Jos\u00e9 Mar\u00eda Be\u00e1, Luis Garc\u00eda, Adolfo Buyllay Jos\u00e9 Ortiz\u00bb, ha indicado \u00c1ngel de la Torre, uno de los directores de las Jornadas del C\u00f3mic. Junto al otro director, Jorge Iv\u00e1n Argiz, y la concejal de Cultura de Avil\u00e9s, Yolanda Alonso, ha presentado este mi\u00e9rcoles la programaci\u00f3n.<\/p>\n<p>Alonso ha reiterado la \u00abapuesta rotunda del Ayuntamiento por estas jornadas\u00bb, a las que ha calificado como \u00abun broche final de toda la actividad que tuvimos en Avil\u00e9s en verano\u00bb.<\/p>\n<p>&nbsp;<\/p>\n","protected":false},"excerpt":{"rendered":"<p>La francesa Chlo\u00e9 Cruchaudet y el matrimonio formado por Brian y Mary M. Talbot encabezan el cartel de las Jornadas Internacionales del C\u00f3mic de Avil\u00e9s, que en su 21\u00aa edici\u00f3n reunir\u00e1n a un centenar de autores desde el 13 al 17 de septiembre. El programa de actividades est\u00e1 compuesto por conferencias, sesiones de firmas, dibujos [&hellip;]<\/p>\n","protected":false},"author":1,"featured_media":785778,"comment_status":"closed","ping_status":"closed","sticky":false,"template":"","format":"standard","meta":{"footnotes":""},"categories":[2],"tags":[],"class_list":["post-906363","post","type-post","status-publish","format-standard","has-post-thumbnail","hentry","category-agenda"],"aioseo_notices":[],"aioseo_head":"\n\t\t<!-- All in One SEO Pro 4.9.6.2 - aioseo.com -->\n\t<meta name=\"description\" content=\"La francesa Chlo\u00e9 Cruchaudet y el matrimonio formado por Brian y Mary M. Talbot encabezan el cartel de las Jornadas Internacionales del C\u00f3mic de Avil\u00e9s, que en su 21\u00aa edici\u00f3n reunir\u00e1n a un centenar de autores desde el 13 al 17 de septiembre. El programa de actividades est\u00e1 compuesto por conferencias, sesiones de firmas, dibujos\" \/>\n\t<meta name=\"robots\" content=\"max-image-preview:large\" \/>\n\t<meta name=\"author\" content=\"El Digital de Asturias\"\/>\n\t<meta name=\"google-site-verification\" content=\"UA-38556648-1\" \/>\n\t<meta name=\"msvalidate.01\" content=\"7dfe9f3f1b24437ab69f4f2559babe99\" \/>\n\t<meta name=\"keywords\" content=\"agenda\" \/>\n\t<link rel=\"canonical\" href=\"https:\/\/www.eldigitaldeasturias.com\/noticias\/jornadas-del-comic-villa-de-aviles-del-13-al-17-de-septiembre\/\" \/>\n\t<meta name=\"generator\" content=\"All in One SEO Pro (AIOSEO) 4.9.6.2\" \/>\n\t\t<meta property=\"og:locale\" content=\"es_ES\" \/>\n\t\t<meta property=\"og:site_name\" content=\"El Digital de Asturias\" \/>\n\t\t<meta property=\"og:type\" content=\"article\" \/>\n\t\t<meta property=\"og:title\" content=\"Jornadas del C\u00f3mic Villa de Avil\u00e9s del 13 al 17 de septiembre - El Digital de Asturias\" \/>\n\t\t<meta property=\"og:description\" content=\"La francesa Chlo\u00e9 Cruchaudet y el matrimonio formado por Brian y Mary M. Talbot encabezan el cartel de las Jornadas Internacionales del C\u00f3mic de Avil\u00e9s, que en su 21\u00aa edici\u00f3n reunir\u00e1n a un centenar de autores desde el 13 al 17 de septiembre. El programa de actividades est\u00e1 compuesto por conferencias, sesiones de firmas, dibujos\" \/>\n\t\t<meta property=\"og:url\" content=\"https:\/\/www.eldigitaldeasturias.com\/noticias\/jornadas-del-comic-villa-de-aviles-del-13-al-17-de-septiembre\/\" \/>\n\t\t<meta property=\"og:image\" content=\"https:\/\/www.eldigitaldeasturias.com\/noticias\/wp-content\/uploads\/2015\/05\/aviles1.jpg\" \/>\n\t\t<meta property=\"og:image:secure_url\" content=\"https:\/\/www.eldigitaldeasturias.com\/noticias\/wp-content\/uploads\/2015\/05\/aviles1.jpg\" \/>\n\t\t<meta property=\"og:image:width\" content=\"800\" \/>\n\t\t<meta property=\"og:image:height\" content=\"536\" \/>\n\t\t<meta property=\"article:tag\" content=\"agenda\" \/>\n\t\t<meta property=\"article:published_time\" content=\"2016-09-08T03:57:08+00:00\" \/>\n\t\t<meta property=\"article:modified_time\" content=\"2016-09-08T03:57:08+00:00\" \/>\n\t\t<meta property=\"article:publisher\" content=\"https:\/\/facebook.com\/eldigitaldeasturias\" \/>\n\t\t<meta name=\"twitter:card\" content=\"summary_large_image\" \/>\n\t\t<meta name=\"twitter:title\" content=\"Jornadas del C\u00f3mic Villa de Avil\u00e9s del 13 al 17 de septiembre - El Digital de Asturias\" \/>\n\t\t<meta name=\"twitter:description\" content=\"La francesa Chlo\u00e9 Cruchaudet y el matrimonio formado por Brian y Mary M. Talbot encabezan el cartel de las Jornadas Internacionales del C\u00f3mic de Avil\u00e9s, que en su 21\u00aa edici\u00f3n reunir\u00e1n a un centenar de autores desde el 13 al 17 de septiembre. El programa de actividades est\u00e1 compuesto por conferencias, sesiones de firmas, dibujos\" \/>\n\t\t<meta name=\"twitter:image\" content=\"https:\/\/www.eldigitaldeasturias.com\/noticias\/wp-content\/uploads\/2015\/05\/aviles1.jpg\" \/>\n\t\t<meta name=\"twitter:label1\" content=\"Escrito por\" \/>\n\t\t<meta name=\"twitter:data1\" content=\"El Digital de Asturias\" \/>\n\t\t<meta name=\"twitter:label2\" content=\"Tiempo de lectura estimado\" \/>\n\t\t<meta name=\"twitter:data2\" content=\"1 minuto\" \/>\n\t\t<script type=\"application\/ld+json\" class=\"aioseo-schema\">\n\t\t\t{\"@context\":\"https:\\\/\\\/schema.org\",\"@graph\":[{\"@type\":\"BlogPosting\",\"@id\":\"https:\\\/\\\/www.eldigitaldeasturias.com\\\/noticias\\\/jornadas-del-comic-villa-de-aviles-del-13-al-17-de-septiembre\\\/#blogposting\",\"name\":\"Jornadas del C\\u00f3mic Villa de Avil\\u00e9s del 13 al 17 de septiembre - El Digital de Asturias\",\"headline\":\"Jornadas del C\\u00f3mic Villa de Avil\\u00e9s del 13 al 17 de septiembre\",\"author\":{\"@id\":\"https:\\\/\\\/www.eldigitaldeasturias.com\\\/noticias\\\/author\\\/admin\\\/#author\"},\"publisher\":{\"@id\":\"https:\\\/\\\/www.eldigitaldeasturias.com\\\/noticias\\\/#organization\"},\"image\":{\"@type\":\"ImageObject\",\"url\":\"https:\\\/\\\/www.eldigitaldeasturias.com\\\/noticias\\\/wp-content\\\/uploads\\\/2015\\\/05\\\/aviles1.jpg\",\"width\":800,\"height\":536},\"datePublished\":\"2016-09-08T04:57:08+02:00\",\"dateModified\":\"2016-09-08T04:57:08+02:00\",\"inLanguage\":\"es-ES\",\"mainEntityOfPage\":{\"@id\":\"https:\\\/\\\/www.eldigitaldeasturias.com\\\/noticias\\\/jornadas-del-comic-villa-de-aviles-del-13-al-17-de-septiembre\\\/#webpage\"},\"isPartOf\":{\"@id\":\"https:\\\/\\\/www.eldigitaldeasturias.com\\\/noticias\\\/jornadas-del-comic-villa-de-aviles-del-13-al-17-de-septiembre\\\/#webpage\"},\"articleSection\":\"Agenda\"},{\"@type\":\"BreadcrumbList\",\"@id\":\"https:\\\/\\\/www.eldigitaldeasturias.com\\\/noticias\\\/jornadas-del-comic-villa-de-aviles-del-13-al-17-de-septiembre\\\/#breadcrumblist\",\"itemListElement\":[{\"@type\":\"ListItem\",\"@id\":\"https:\\\/\\\/www.eldigitaldeasturias.com\\\/noticias#listItem\",\"position\":1,\"name\":\"Home\",\"item\":\"https:\\\/\\\/www.eldigitaldeasturias.com\\\/noticias\",\"nextItem\":{\"@type\":\"ListItem\",\"@id\":\"https:\\\/\\\/www.eldigitaldeasturias.com\\\/noticias\\\/category\\\/agenda\\\/#listItem\",\"name\":\"Agenda\"}},{\"@type\":\"ListItem\",\"@id\":\"https:\\\/\\\/www.eldigitaldeasturias.com\\\/noticias\\\/category\\\/agenda\\\/#listItem\",\"position\":2,\"name\":\"Agenda\",\"item\":\"https:\\\/\\\/www.eldigitaldeasturias.com\\\/noticias\\\/category\\\/agenda\\\/\",\"nextItem\":{\"@type\":\"ListItem\",\"@id\":\"https:\\\/\\\/www.eldigitaldeasturias.com\\\/noticias\\\/jornadas-del-comic-villa-de-aviles-del-13-al-17-de-septiembre\\\/#listItem\",\"name\":\"Jornadas del C\\u00f3mic Villa de Avil\\u00e9s del 13 al 17 de septiembre\"},\"previousItem\":{\"@type\":\"ListItem\",\"@id\":\"https:\\\/\\\/www.eldigitaldeasturias.com\\\/noticias#listItem\",\"name\":\"Home\"}},{\"@type\":\"ListItem\",\"@id\":\"https:\\\/\\\/www.eldigitaldeasturias.com\\\/noticias\\\/jornadas-del-comic-villa-de-aviles-del-13-al-17-de-septiembre\\\/#listItem\",\"position\":3,\"name\":\"Jornadas del C\\u00f3mic Villa de Avil\\u00e9s del 13 al 17 de septiembre\",\"previousItem\":{\"@type\":\"ListItem\",\"@id\":\"https:\\\/\\\/www.eldigitaldeasturias.com\\\/noticias\\\/category\\\/agenda\\\/#listItem\",\"name\":\"Agenda\"}}]},{\"@type\":\"Organization\",\"@id\":\"https:\\\/\\\/www.eldigitaldeasturias.com\\\/noticias\\\/#organization\",\"name\":\"El Digital de Asturias\",\"description\":\"Hemeroteca\",\"url\":\"https:\\\/\\\/www.eldigitaldeasturias.com\\\/noticias\\\/\",\"email\":\"info@eldigitaldeasturias.com\",\"telephone\":\"+34652131393\",\"logo\":{\"@type\":\"ImageObject\",\"url\":\"https:\\\/\\\/www.eldigitaldeasturias.com\\\/noticias\\\/wp-content\\\/uploads\\\/2020\\\/12\\\/EDA.jpg\",\"@id\":\"https:\\\/\\\/www.eldigitaldeasturias.com\\\/noticias\\\/jornadas-del-comic-villa-de-aviles-del-13-al-17-de-septiembre\\\/#organizationLogo\",\"width\":649,\"height\":297},\"image\":{\"@id\":\"https:\\\/\\\/www.eldigitaldeasturias.com\\\/noticias\\\/jornadas-del-comic-villa-de-aviles-del-13-al-17-de-septiembre\\\/#organizationLogo\"},\"sameAs\":[\"https:\\\/\\\/facebook.com\\\/eldigitaldeasturias\",\"https:\\\/\\\/www.youtube.com\\\/channel\\\/UCZP-2wLEB9Rv6erhFmqVnvg\"],\"address\":{\"@id\":\"https:\\\/\\\/www.eldigitaldeasturias.com\\\/noticias\\\/#postaladdress\",\"@type\":\"PostalAddress\",\"streetAddress\":\"san antonio 4,\",\"postalCode\":\"33430\",\"addressLocality\":\"Cand\\u00e1s\",\"addressRegion\":\"Asturias\",\"addressCountry\":\"ES\"}},{\"@type\":\"Person\",\"@id\":\"https:\\\/\\\/www.eldigitaldeasturias.com\\\/noticias\\\/author\\\/admin\\\/#author\",\"url\":\"https:\\\/\\\/www.eldigitaldeasturias.com\\\/noticias\\\/author\\\/admin\\\/\",\"name\":\"El Digital de Asturias\",\"image\":{\"@type\":\"ImageObject\",\"@id\":\"https:\\\/\\\/www.eldigitaldeasturias.com\\\/noticias\\\/jornadas-del-comic-villa-de-aviles-del-13-al-17-de-septiembre\\\/#authorImage\",\"url\":\"https:\\\/\\\/www.eldigitaldeasturias.com\\\/noticias\\\/wp-content\\\/litespeed\\\/avatar\\\/18677e78aa0546b92d9dbf31ec7d7668.jpg?ver=1777290358\",\"width\":96,\"height\":96,\"caption\":\"El Digital de Asturias\"}},{\"@type\":\"WebPage\",\"@id\":\"https:\\\/\\\/www.eldigitaldeasturias.com\\\/noticias\\\/jornadas-del-comic-villa-de-aviles-del-13-al-17-de-septiembre\\\/#webpage\",\"url\":\"https:\\\/\\\/www.eldigitaldeasturias.com\\\/noticias\\\/jornadas-del-comic-villa-de-aviles-del-13-al-17-de-septiembre\\\/\",\"name\":\"Jornadas del C\\u00f3mic Villa de Avil\\u00e9s del 13 al 17 de septiembre - El Digital de Asturias\",\"description\":\"La francesa Chlo\\u00e9 Cruchaudet y el matrimonio formado por Brian y Mary M. Talbot encabezan el cartel de las Jornadas Internacionales del C\\u00f3mic de Avil\\u00e9s, que en su 21\\u00aa edici\\u00f3n reunir\\u00e1n a un centenar de autores desde el 13 al 17 de septiembre. El programa de actividades est\\u00e1 compuesto por conferencias, sesiones de firmas, dibujos\",\"inLanguage\":\"es-ES\",\"isPartOf\":{\"@id\":\"https:\\\/\\\/www.eldigitaldeasturias.com\\\/noticias\\\/#website\"},\"breadcrumb\":{\"@id\":\"https:\\\/\\\/www.eldigitaldeasturias.com\\\/noticias\\\/jornadas-del-comic-villa-de-aviles-del-13-al-17-de-septiembre\\\/#breadcrumblist\"},\"author\":{\"@id\":\"https:\\\/\\\/www.eldigitaldeasturias.com\\\/noticias\\\/author\\\/admin\\\/#author\"},\"creator\":{\"@id\":\"https:\\\/\\\/www.eldigitaldeasturias.com\\\/noticias\\\/author\\\/admin\\\/#author\"},\"image\":{\"@type\":\"ImageObject\",\"url\":\"https:\\\/\\\/www.eldigitaldeasturias.com\\\/noticias\\\/wp-content\\\/uploads\\\/2015\\\/05\\\/aviles1.jpg\",\"@id\":\"https:\\\/\\\/www.eldigitaldeasturias.com\\\/noticias\\\/jornadas-del-comic-villa-de-aviles-del-13-al-17-de-septiembre\\\/#mainImage\",\"width\":800,\"height\":536},\"primaryImageOfPage\":{\"@id\":\"https:\\\/\\\/www.eldigitaldeasturias.com\\\/noticias\\\/jornadas-del-comic-villa-de-aviles-del-13-al-17-de-septiembre\\\/#mainImage\"},\"datePublished\":\"2016-09-08T04:57:08+02:00\",\"dateModified\":\"2016-09-08T04:57:08+02:00\"},{\"@type\":\"WebSite\",\"@id\":\"https:\\\/\\\/www.eldigitaldeasturias.com\\\/noticias\\\/#website\",\"url\":\"https:\\\/\\\/www.eldigitaldeasturias.com\\\/noticias\\\/\",\"name\":\"El Digital de Asturias - Diario de actualidad y noticias\",\"alternateName\":\"El Digital de Asturias - Diario de actualidad y noticias\",\"description\":\"Hemeroteca\",\"inLanguage\":\"es-ES\",\"publisher\":{\"@id\":\"https:\\\/\\\/www.eldigitaldeasturias.com\\\/noticias\\\/#organization\"}}]}\n\t\t<\/script>\n\t\t<!-- All in One SEO Pro -->\r\n\t\t<title>Jornadas del C\u00f3mic Villa de Avil\u00e9s del 13 al 17 de septiembre - El Digital de Asturias<\/title>\n\n","aioseo_head_json":{"title":"Jornadas del C\u00f3mic Villa de Avil\u00e9s del 13 al 17 de septiembre - El Digital de Asturias","description":"La francesa Chlo\u00e9 Cruchaudet y el matrimonio formado por Brian y Mary M. Talbot encabezan el cartel de las Jornadas Internacionales del C\u00f3mic de Avil\u00e9s, que en su 21\u00aa edici\u00f3n reunir\u00e1n a un centenar de autores desde el 13 al 17 de septiembre. El programa de actividades est\u00e1 compuesto por conferencias, sesiones de firmas, dibujos","canonical_url":"https:\/\/www.eldigitaldeasturias.com\/noticias\/jornadas-del-comic-villa-de-aviles-del-13-al-17-de-septiembre\/","robots":"max-image-preview:large","keywords":"agenda","webmasterTools":{"google-site-verification":"UA-38556648-1","msvalidate.01":"7dfe9f3f1b24437ab69f4f2559babe99","miscellaneous":""},"schema":{"@context":"https:\/\/schema.org","@graph":[{"@type":"BlogPosting","@id":"https:\/\/www.eldigitaldeasturias.com\/noticias\/jornadas-del-comic-villa-de-aviles-del-13-al-17-de-septiembre\/#blogposting","name":"Jornadas del C\u00f3mic Villa de Avil\u00e9s del 13 al 17 de septiembre - El Digital de Asturias","headline":"Jornadas del C\u00f3mic Villa de Avil\u00e9s del 13 al 17 de septiembre","author":{"@id":"https:\/\/www.eldigitaldeasturias.com\/noticias\/author\/admin\/#author"},"publisher":{"@id":"https:\/\/www.eldigitaldeasturias.com\/noticias\/#organization"},"image":{"@type":"ImageObject","url":"https:\/\/www.eldigitaldeasturias.com\/noticias\/wp-content\/uploads\/2015\/05\/aviles1.jpg","width":800,"height":536},"datePublished":"2016-09-08T04:57:08+02:00","dateModified":"2016-09-08T04:57:08+02:00","inLanguage":"es-ES","mainEntityOfPage":{"@id":"https:\/\/www.eldigitaldeasturias.com\/noticias\/jornadas-del-comic-villa-de-aviles-del-13-al-17-de-septiembre\/#webpage"},"isPartOf":{"@id":"https:\/\/www.eldigitaldeasturias.com\/noticias\/jornadas-del-comic-villa-de-aviles-del-13-al-17-de-septiembre\/#webpage"},"articleSection":"Agenda"},{"@type":"BreadcrumbList","@id":"https:\/\/www.eldigitaldeasturias.com\/noticias\/jornadas-del-comic-villa-de-aviles-del-13-al-17-de-septiembre\/#breadcrumblist","itemListElement":[{"@type":"ListItem","@id":"https:\/\/www.eldigitaldeasturias.com\/noticias#listItem","position":1,"name":"Home","item":"https:\/\/www.eldigitaldeasturias.com\/noticias","nextItem":{"@type":"ListItem","@id":"https:\/\/www.eldigitaldeasturias.com\/noticias\/category\/agenda\/#listItem","name":"Agenda"}},{"@type":"ListItem","@id":"https:\/\/www.eldigitaldeasturias.com\/noticias\/category\/agenda\/#listItem","position":2,"name":"Agenda","item":"https:\/\/www.eldigitaldeasturias.com\/noticias\/category\/agenda\/","nextItem":{"@type":"ListItem","@id":"https:\/\/www.eldigitaldeasturias.com\/noticias\/jornadas-del-comic-villa-de-aviles-del-13-al-17-de-septiembre\/#listItem","name":"Jornadas del C\u00f3mic Villa de Avil\u00e9s del 13 al 17 de septiembre"},"previousItem":{"@type":"ListItem","@id":"https:\/\/www.eldigitaldeasturias.com\/noticias#listItem","name":"Home"}},{"@type":"ListItem","@id":"https:\/\/www.eldigitaldeasturias.com\/noticias\/jornadas-del-comic-villa-de-aviles-del-13-al-17-de-septiembre\/#listItem","position":3,"name":"Jornadas del C\u00f3mic Villa de Avil\u00e9s del 13 al 17 de septiembre","previousItem":{"@type":"ListItem","@id":"https:\/\/www.eldigitaldeasturias.com\/noticias\/category\/agenda\/#listItem","name":"Agenda"}}]},{"@type":"Organization","@id":"https:\/\/www.eldigitaldeasturias.com\/noticias\/#organization","name":"El Digital de Asturias","description":"Hemeroteca","url":"https:\/\/www.eldigitaldeasturias.com\/noticias\/","email":"info@eldigitaldeasturias.com","telephone":"+34652131393","logo":{"@type":"ImageObject","url":"https:\/\/www.eldigitaldeasturias.com\/noticias\/wp-content\/uploads\/2020\/12\/EDA.jpg","@id":"https:\/\/www.eldigitaldeasturias.com\/noticias\/jornadas-del-comic-villa-de-aviles-del-13-al-17-de-septiembre\/#organizationLogo","width":649,"height":297},"image":{"@id":"https:\/\/www.eldigitaldeasturias.com\/noticias\/jornadas-del-comic-villa-de-aviles-del-13-al-17-de-septiembre\/#organizationLogo"},"sameAs":["https:\/\/facebook.com\/eldigitaldeasturias","https:\/\/www.youtube.com\/channel\/UCZP-2wLEB9Rv6erhFmqVnvg"],"address":{"@id":"https:\/\/www.eldigitaldeasturias.com\/noticias\/#postaladdress","@type":"PostalAddress","streetAddress":"san antonio 4,","postalCode":"33430","addressLocality":"Cand\u00e1s","addressRegion":"Asturias","addressCountry":"ES"}},{"@type":"Person","@id":"https:\/\/www.eldigitaldeasturias.com\/noticias\/author\/admin\/#author","url":"https:\/\/www.eldigitaldeasturias.com\/noticias\/author\/admin\/","name":"El Digital de Asturias","image":{"@type":"ImageObject","@id":"https:\/\/www.eldigitaldeasturias.com\/noticias\/jornadas-del-comic-villa-de-aviles-del-13-al-17-de-septiembre\/#authorImage","url":"https:\/\/www.eldigitaldeasturias.com\/noticias\/wp-content\/litespeed\/avatar\/18677e78aa0546b92d9dbf31ec7d7668.jpg?ver=1777290358","width":96,"height":96,"caption":"El Digital de Asturias"}},{"@type":"WebPage","@id":"https:\/\/www.eldigitaldeasturias.com\/noticias\/jornadas-del-comic-villa-de-aviles-del-13-al-17-de-septiembre\/#webpage","url":"https:\/\/www.eldigitaldeasturias.com\/noticias\/jornadas-del-comic-villa-de-aviles-del-13-al-17-de-septiembre\/","name":"Jornadas del C\u00f3mic Villa de Avil\u00e9s del 13 al 17 de septiembre - El Digital de Asturias","description":"La francesa Chlo\u00e9 Cruchaudet y el matrimonio formado por Brian y Mary M. Talbot encabezan el cartel de las Jornadas Internacionales del C\u00f3mic de Avil\u00e9s, que en su 21\u00aa edici\u00f3n reunir\u00e1n a un centenar de autores desde el 13 al 17 de septiembre. El programa de actividades est\u00e1 compuesto por conferencias, sesiones de firmas, dibujos","inLanguage":"es-ES","isPartOf":{"@id":"https:\/\/www.eldigitaldeasturias.com\/noticias\/#website"},"breadcrumb":{"@id":"https:\/\/www.eldigitaldeasturias.com\/noticias\/jornadas-del-comic-villa-de-aviles-del-13-al-17-de-septiembre\/#breadcrumblist"},"author":{"@id":"https:\/\/www.eldigitaldeasturias.com\/noticias\/author\/admin\/#author"},"creator":{"@id":"https:\/\/www.eldigitaldeasturias.com\/noticias\/author\/admin\/#author"},"image":{"@type":"ImageObject","url":"https:\/\/www.eldigitaldeasturias.com\/noticias\/wp-content\/uploads\/2015\/05\/aviles1.jpg","@id":"https:\/\/www.eldigitaldeasturias.com\/noticias\/jornadas-del-comic-villa-de-aviles-del-13-al-17-de-septiembre\/#mainImage","width":800,"height":536},"primaryImageOfPage":{"@id":"https:\/\/www.eldigitaldeasturias.com\/noticias\/jornadas-del-comic-villa-de-aviles-del-13-al-17-de-septiembre\/#mainImage"},"datePublished":"2016-09-08T04:57:08+02:00","dateModified":"2016-09-08T04:57:08+02:00"},{"@type":"WebSite","@id":"https:\/\/www.eldigitaldeasturias.com\/noticias\/#website","url":"https:\/\/www.eldigitaldeasturias.com\/noticias\/","name":"El Digital de Asturias - Diario de actualidad y noticias","alternateName":"El Digital de Asturias - Diario de actualidad y noticias","description":"Hemeroteca","inLanguage":"es-ES","publisher":{"@id":"https:\/\/www.eldigitaldeasturias.com\/noticias\/#organization"}}]},"og:locale":"es_ES","og:site_name":"El Digital de Asturias","og:type":"article","og:title":"Jornadas del C\u00f3mic Villa de Avil\u00e9s del 13 al 17 de septiembre - El Digital de Asturias","og:description":"La francesa Chlo\u00e9 Cruchaudet y el matrimonio formado por Brian y Mary M. Talbot encabezan el cartel de las Jornadas Internacionales del C\u00f3mic de Avil\u00e9s, que en su 21\u00aa edici\u00f3n reunir\u00e1n a un centenar de autores desde el 13 al 17 de septiembre. El programa de actividades est\u00e1 compuesto por conferencias, sesiones de firmas, dibujos","og:url":"https:\/\/www.eldigitaldeasturias.com\/noticias\/jornadas-del-comic-villa-de-aviles-del-13-al-17-de-septiembre\/","og:image":"https:\/\/www.eldigitaldeasturias.com\/noticias\/wp-content\/uploads\/2015\/05\/aviles1.jpg","og:image:secure_url":"https:\/\/www.eldigitaldeasturias.com\/noticias\/wp-content\/uploads\/2015\/05\/aviles1.jpg","og:image:width":800,"og:image:height":536,"article:tag":["agenda"],"article:published_time":"2016-09-08T03:57:08+00:00","article:modified_time":"2016-09-08T03:57:08+00:00","article:publisher":"https:\/\/facebook.com\/eldigitaldeasturias","twitter:card":"summary_large_image","twitter:title":"Jornadas del C\u00f3mic Villa de Avil\u00e9s del 13 al 17 de septiembre - El Digital de Asturias","twitter:description":"La francesa Chlo\u00e9 Cruchaudet y el matrimonio formado por Brian y Mary M. Talbot encabezan el cartel de las Jornadas Internacionales del C\u00f3mic de Avil\u00e9s, que en su 21\u00aa edici\u00f3n reunir\u00e1n a un centenar de autores desde el 13 al 17 de septiembre. El programa de actividades est\u00e1 compuesto por conferencias, sesiones de firmas, dibujos","twitter:image":"https:\/\/www.eldigitaldeasturias.com\/noticias\/wp-content\/uploads\/2015\/05\/aviles1.jpg","twitter:label1":"Escrito por","twitter:data1":"El Digital de Asturias","twitter:label2":"Tiempo de lectura estimado","twitter:data2":"1 minuto"},"aioseo_meta_data":{"post_id":"906363","title":null,"description":null,"keywords":null,"keyphrases":null,"primary_term":null,"canonical_url":null,"og_title":null,"og_description":null,"og_object_type":"default","og_image_type":"default","og_image_url":null,"og_image_width":null,"og_image_height":null,"og_image_custom_url":null,"og_image_custom_fields":null,"og_video":null,"og_custom_url":null,"og_article_section":null,"og_article_tags":null,"twitter_use_og":false,"twitter_card":"default","twitter_image_type":"default","twitter_image_url":null,"twitter_image_custom_url":null,"twitter_image_custom_fields":null,"twitter_title":null,"twitter_description":null,"schema":{"blockGraphs":[],"customGraphs":[],"default":{"data":{"Article":[],"Course":[],"Dataset":[],"FAQPage":[],"Movie":[],"Person":[],"Product":[],"ProductReview":[],"Car":[],"Recipe":[],"Service":[],"SoftwareApplication":[],"WebPage":[]},"graphName":"","isEnabled":true},"graphs":[],"defaultGraph":"","defaultPostTypeGraph":""},"schema_type":null,"schema_type_options":null,"pillar_content":false,"robots_default":true,"robots_noindex":false,"robots_noarchive":false,"robots_nosnippet":false,"robots_nofollow":false,"robots_noimageindex":false,"robots_noodp":false,"robots_notranslate":false,"robots_max_snippet":null,"robots_max_videopreview":null,"robots_max_imagepreview":"large","priority":null,"frequency":null,"local_seo":null,"seo_analyzer_scan_date":"2025-11-30 08:46:21","breadcrumb_settings":null,"limit_modified_date":false,"open_ai":null,"ai":null,"created":"2020-12-21 13:34:21","updated":"2025-11-30 08:46:21"},"aioseo_breadcrumb":"<div class=\"aioseo-breadcrumbs\"><span class=\"aioseo-breadcrumb\">\n\t<a href=\"https:\/\/www.eldigitaldeasturias.com\/noticias\" title=\"Home\">Home<\/a>\n<\/span><span class=\"aioseo-breadcrumb-separator\">\u2013<\/span><span class=\"aioseo-breadcrumb\">\n\t<a href=\"https:\/\/www.eldigitaldeasturias.com\/noticias\/category\/agenda\/\" title=\"Agenda\">Agenda<\/a>\n<\/span><span class=\"aioseo-breadcrumb-separator\">\u2013<\/span><span class=\"aioseo-breadcrumb\">\n\t<a href=\"https:\/\/www.eldigitaldeasturias.com\/noticias\/jornadas-del-comic-villa-de-aviles-del-13-al-17-de-septiembre\/\" title=\"Jornadas del C\u00f3mic Villa de Avil\u00e9s del 13 al 17 de septiembre\">Jornadas del C\u00f3mic Villa de Avil\u00e9s del 13 al 17 de septiembre<\/a>\n<\/span><\/div>","aioseo_breadcrumb_json":[{"label":"Home","link":"https:\/\/www.eldigitaldeasturias.com\/noticias"},{"label":"Agenda","link":"https:\/\/www.eldigitaldeasturias.com\/noticias\/category\/agenda\/"},{"label":"Jornadas del C\u00f3mic Villa de Avil\u00e9s del 13 al 17 de septiembre","link":"https:\/\/www.eldigitaldeasturias.com\/noticias\/jornadas-del-comic-villa-de-aviles-del-13-al-17-de-septiembre\/"}],"_links":{"self":[{"href":"https:\/\/www.eldigitaldeasturias.com\/noticias\/wp-json\/wp\/v2\/posts\/906363","targetHints":{"allow":["GET"]}}],"collection":[{"href":"https:\/\/www.eldigitaldeasturias.com\/noticias\/wp-json\/wp\/v2\/posts"}],"about":[{"href":"https:\/\/www.eldigitaldeasturias.com\/noticias\/wp-json\/wp\/v2\/types\/post"}],"author":[{"embeddable":true,"href":"https:\/\/www.eldigitaldeasturias.com\/noticias\/wp-json\/wp\/v2\/users\/1"}],"replies":[{"embeddable":true,"href":"https:\/\/www.eldigitaldeasturias.com\/noticias\/wp-json\/wp\/v2\/comments?post=906363"}],"version-history":[{"count":0,"href":"https:\/\/www.eldigitaldeasturias.com\/noticias\/wp-json\/wp\/v2\/posts\/906363\/revisions"}],"wp:featuredmedia":[{"embeddable":true,"href":"https:\/\/www.eldigitaldeasturias.com\/noticias\/wp-json\/wp\/v2\/media\/785778"}],"wp:attachment":[{"href":"https:\/\/www.eldigitaldeasturias.com\/noticias\/wp-json\/wp\/v2\/media?parent=906363"}],"wp:term":[{"taxonomy":"category","embeddable":true,"href":"https:\/\/www.eldigitaldeasturias.com\/noticias\/wp-json\/wp\/v2\/categories?post=906363"},{"taxonomy":"post_tag","embeddable":true,"href":"https:\/\/www.eldigitaldeasturias.com\/noticias\/wp-json\/wp\/v2\/tags?post=906363"}],"curies":[{"name":"wp","href":"https:\/\/api.w.org\/{rel}","templated":true}]}}