{"id":906361,"date":"2016-09-08T04:55:16","date_gmt":"2016-09-08T03:55:16","guid":{"rendered":"http:\/\/www.eldigitaldeasturias.com\/noticias\/?p=906361"},"modified":"2016-09-08T04:55:16","modified_gmt":"2016-09-08T03:55:16","slug":"la-casa-de-asturias-en-leon-celebra-las-fiestas-de-la-santina-y-san-froilan","status":"publish","type":"post","link":"https:\/\/www.eldigitaldeasturias.com\/noticias\/la-casa-de-asturias-en-leon-celebra-las-fiestas-de-la-santina-y-san-froilan\/","title":{"rendered":"La Casa de Asturias en Le\u00f3n celebra las Fiestas de La Santina y San Froil\u00e1n"},"content":{"rendered":"<p><img loading=\"lazy\" decoding=\"async\" class=\"alignleft size-medium wp-image-868929\" src=\"https:\/\/www.eldigitaldeasturias.com\/noticias\/wp-content\/uploads\/2016\/03\/sidra-360x198.jpg\" alt=\"sidra\" width=\"360\" height=\"198\" srcset=\"https:\/\/www.eldigitaldeasturias.com\/noticias\/wp-content\/uploads\/2016\/03\/sidra-360x198.jpg 360w, https:\/\/www.eldigitaldeasturias.com\/noticias\/wp-content\/uploads\/2016\/03\/sidra-650x357.jpg 650w, https:\/\/www.eldigitaldeasturias.com\/noticias\/wp-content\/uploads\/2016\/03\/sidra.jpg 655w\" sizes=\"auto, (max-width: 360px) 100vw, 360px\" \/>La Casa de Asturias en Le\u00f3n celebra ma\u00f1ana el d\u00eda m\u00e1s grande de las Fiestas de La Santina y San Froil\u00e1n, que contar\u00e1n con la actuaci\u00f3n de Manu Tenorio y el preg\u00f3n del seleccionador nacional de balonmano juvenil, Isidro Mart\u00ednez.<\/p>\n<p>As\u00ed, ma\u00f1ana tendr\u00e1 lugar el concierto principal de las fiestas de 2016, que estar\u00e1 protagonizado por el int\u00e9rprete sevillano Manu Tenonio, conocido a ra\u00edz del programa de televisi\u00f3n Operaci\u00f3n Triunfo, en cuya primera edici\u00f3n particip\u00f3.<\/p>\n<p>Tenorio recala ma\u00f1ana jueves a las 22.00 horas en la Casa de Asturias para deleitar al p\u00fablico con sus muchos \u00e9xitos de los \u00faltimos 14 a\u00f1os de carrera, el m\u00e1s reciente de ellos el disco &#8216;Con el alma encendida&#8217;, del que este a\u00f1o se ha extra\u00eddo el tema &#8216;Hoy he vuelto a recordar\u00bb.<\/p>\n<p>Antes del concierto, a las 19.30 horas se celebrar\u00e1 un acto oficial con el preg\u00f3n, que este a\u00f1o cuenta con el protagonismo de una personalidad del mundo del deporte nacional, Isidoro Mart\u00ednez Mart\u00edn, seleccionador nacional de balonmano juvenil masculino, reciente Medalla de Oro en el Campeonato de Europa, entre otros importantes t\u00edtulos en la carrera deportiva de este leon\u00e9s que es profesor de la Facultad de Ciencias de la Actividad F\u00edsica y del Deporte en la Universidad de Le\u00f3n desde 1999.<\/p>\n<p>A continuaci\u00f3n, se llevar\u00e1 a cabo la proclamaci\u00f3n de la Xana, Laura Vega, la Xana Infantil, Jimena Llamas Vega, y el Xinxinos, Samuel Otero Mac\u00edas, que este a\u00f1o ostentar\u00e1n con orgullo el protagonismo principal de los festejos.<\/p>\n<p>Tras este momento, sobre las 20.30 horas, se celebrar\u00e1 un a\u00f1o m\u00e1s la tradicional espicha con bollo pre\u00f1ao, tambi\u00e9n gratis para menores de 12 a\u00f1os, ya que los ni\u00f1os tambi\u00e9n tendr\u00e1n merienda sin coste alguno.<\/p>\n<p>Este d\u00eda grande de la Casa de Asturias en Le\u00f3n viene precedido pordecenas de actos que se iniciaron ya a mediados de agosto y se dilatar\u00e1n hasta el 5 de octubre, fecha en la que San Froil\u00e1n tomar\u00e1 el relevo de La Santina en el protagonismo que les concede la entidad recreativa.<\/p>\n<p>La m\u00fasica moderna tambi\u00e9n tendr\u00e1 espacio con la I Muestra de Pop-Rock Astur Leon\u00e9s, un concierto que ser\u00e1 hoy mi\u00e9rcoles 7 de septiembre a partir de las ocho de la tarde con la participaci\u00f3n del reconocido grupo Polaroids, de Avi\u00e9s, y Motes, banda leonesa.<\/p>\n<p><strong>NOCHE SABINERA, PROCESI\u00d3N Y FABADA<\/strong><\/p>\n<p>El programa de fiestas cuenta con verbenas, actividades l\u00fadicas, deportivas, animaci\u00f3n, degustaciones, excursiones, monta\u00f1ismo, senderismo, teatro y eventos familiares o talleres did\u00e1cticos y art\u00edsticos.<\/p>\n<p>Uno de los momentos centrales ser\u00e1 tambi\u00e9n el domingo 11 de septiembre con la Procesi\u00f3n de la Virgen de Covadonga desde las 13.00 horas, con numerosas autoridades presentes acompa\u00f1ando a la Junta Directiva; la tradicional comida de fabada asturiana y dos eventos musicales: la actuaci\u00f3n de la Escolan\u00eda Pueri Cantores &#8216;Catedral de Le\u00f3n&#8217;, acompa\u00f1ando a la misa, y la actuaci\u00f3n del grupo de gaitas &#8216;Virgen del Camino Agavica&#8217; en la ma\u00f1ana de ese domingo 11, d\u00eda central de los festejos.<\/p>\n<p>La cultura, que identifica de manera muy especial a la Casa de Asturias, tambi\u00e9n tendr\u00e1 otro momento importante con la celebraci\u00f3n de la &#8216;Noche Sabinera&#8217; el s\u00e1bado 10 de septiembre, con la actuaci\u00f3n de Pacho Varona, Antonio Garc\u00eda de Diego y Mara Barros.<\/p>\n<p><strong>I CICLO DE CINE Y CORTO ASTUR LEON\u00c9S<\/strong><\/p>\n<p>Una novedad de las fiestas, que llegar\u00e1 en el mes de octubre con motivo de las fiestas de San Froil\u00e1n, ser\u00e1 la celebraci\u00f3n del I Ciclo de Cine y Corto Astur Leon\u00e9s, otro evento cultural en este caso audiovisual para poner en valor el nivel de creaci\u00f3n de ambos lados de la Cordillera Cant\u00e1brica dentro del s\u00e9ptimo arte.<\/p>\n<p>Para esta primera edici\u00f3n se ha previsto el martes 4 de octubre la proyecci\u00f3n de &#8216;Estirpe de tritones&#8217;, &#8216;Guzm\u00e1n Goodman&#8217; y &#8216;El hombre que vive y sue\u00f1a&#8217;, con presencia y coloquio de su autor, el director invitado de este a\u00f1o, Julio Su\u00e1rez, aunque tambi\u00e9n destacar\u00e1 la presencia de actores como Mag\u00edn Mayo, socio de la Casa de Asturias.<\/p>\n<p>El jueves 6 de octubre ser\u00e1 el momento del corto &#8216;A galope tendido&#8217; y el viernes 7 de &#8216;Tritones (m\u00e1s all\u00e1 de ning\u00fan sitio)&#8217;, la secuela de la m\u00edtica cinta. Todas las proyecciones y coloquios ser\u00e1n a las 20.00 horas los d\u00edas mencionados, siempre en el sal\u00f3n social de la entidad recreativa.<\/p>\n<p>Hasta esa fecha final de las fiestas, por \u00faltimo, socios y visitantes podr\u00e1n disfrutar de la II edici\u00f3n de El Laberinto Verde, una exposici\u00f3n al aire libre en las instalaciones de la Casa de Asturias con importantes y prometedores artistas pl\u00e1sticos, escultores y pintores, tanto de Le\u00f3n como del Principado de Asturias, que permanece desde hace dos meses.<\/p>\n<p>&nbsp;<\/p>\n<p>&nbsp;<\/p>\n","protected":false},"excerpt":{"rendered":"<p>La Casa de Asturias en Le\u00f3n celebra ma\u00f1ana el d\u00eda m\u00e1s grande de las Fiestas de La Santina y San Froil\u00e1n, que contar\u00e1n con la actuaci\u00f3n de Manu Tenorio y el preg\u00f3n del seleccionador nacional de balonmano juvenil, Isidro Mart\u00ednez. As\u00ed, ma\u00f1ana tendr\u00e1 lugar el concierto principal de las fiestas de 2016, que estar\u00e1 protagonizado [&hellip;]<\/p>\n","protected":false},"author":1,"featured_media":868929,"comment_status":"closed","ping_status":"closed","sticky":false,"template":"","format":"standard","meta":{"footnotes":""},"categories":[2],"tags":[],"class_list":["post-906361","post","type-post","status-publish","format-standard","has-post-thumbnail","hentry","category-agenda"],"aioseo_notices":[],"aioseo_head":"\n\t\t<!-- All in One SEO Pro 4.9.6.2 - aioseo.com -->\n\t<meta name=\"description\" content=\"La Casa de Asturias en Le\u00f3n celebra ma\u00f1ana el d\u00eda m\u00e1s grande de las Fiestas de La Santina y San Froil\u00e1n, que contar\u00e1n con la actuaci\u00f3n de Manu Tenorio y el preg\u00f3n del seleccionador nacional de balonmano juvenil, Isidro Mart\u00ednez. As\u00ed, ma\u00f1ana tendr\u00e1 lugar el concierto principal de las fiestas de 2016, que estar\u00e1 protagonizado\" \/>\n\t<meta name=\"robots\" content=\"max-image-preview:large\" \/>\n\t<meta name=\"author\" content=\"El Digital de Asturias\"\/>\n\t<meta name=\"google-site-verification\" content=\"UA-38556648-1\" \/>\n\t<meta name=\"msvalidate.01\" content=\"7dfe9f3f1b24437ab69f4f2559babe99\" \/>\n\t<meta name=\"keywords\" content=\"agenda\" \/>\n\t<link rel=\"canonical\" href=\"https:\/\/www.eldigitaldeasturias.com\/noticias\/la-casa-de-asturias-en-leon-celebra-las-fiestas-de-la-santina-y-san-froilan\/\" \/>\n\t<meta name=\"generator\" content=\"All in One SEO Pro (AIOSEO) 4.9.6.2\" \/>\n\t\t<meta property=\"og:locale\" content=\"es_ES\" \/>\n\t\t<meta property=\"og:site_name\" content=\"El Digital de Asturias\" \/>\n\t\t<meta property=\"og:type\" content=\"article\" \/>\n\t\t<meta property=\"og:title\" content=\"La Casa de Asturias en Le\u00f3n celebra las Fiestas de La Santina y San Froil\u00e1n - El Digital de Asturias\" \/>\n\t\t<meta property=\"og:description\" content=\"La Casa de Asturias en Le\u00f3n celebra ma\u00f1ana el d\u00eda m\u00e1s grande de las Fiestas de La Santina y San Froil\u00e1n, que contar\u00e1n con la actuaci\u00f3n de Manu Tenorio y el preg\u00f3n del seleccionador nacional de balonmano juvenil, Isidro Mart\u00ednez. As\u00ed, ma\u00f1ana tendr\u00e1 lugar el concierto principal de las fiestas de 2016, que estar\u00e1 protagonizado\" \/>\n\t\t<meta property=\"og:url\" content=\"https:\/\/www.eldigitaldeasturias.com\/noticias\/la-casa-de-asturias-en-leon-celebra-las-fiestas-de-la-santina-y-san-froilan\/\" \/>\n\t\t<meta property=\"og:image\" content=\"https:\/\/www.eldigitaldeasturias.com\/noticias\/wp-content\/uploads\/2016\/03\/sidra.jpg\" \/>\n\t\t<meta property=\"og:image:secure_url\" content=\"https:\/\/www.eldigitaldeasturias.com\/noticias\/wp-content\/uploads\/2016\/03\/sidra.jpg\" \/>\n\t\t<meta property=\"og:image:width\" content=\"655\" \/>\n\t\t<meta property=\"og:image:height\" content=\"360\" \/>\n\t\t<meta property=\"article:tag\" content=\"agenda\" \/>\n\t\t<meta property=\"article:published_time\" content=\"2016-09-08T03:55:16+00:00\" \/>\n\t\t<meta property=\"article:modified_time\" content=\"2016-09-08T03:55:16+00:00\" \/>\n\t\t<meta property=\"article:publisher\" content=\"https:\/\/facebook.com\/eldigitaldeasturias\" \/>\n\t\t<meta name=\"twitter:card\" content=\"summary_large_image\" \/>\n\t\t<meta name=\"twitter:title\" content=\"La Casa de Asturias en Le\u00f3n celebra las Fiestas de La Santina y San Froil\u00e1n - El Digital de Asturias\" \/>\n\t\t<meta name=\"twitter:description\" content=\"La Casa de Asturias en Le\u00f3n celebra ma\u00f1ana el d\u00eda m\u00e1s grande de las Fiestas de La Santina y San Froil\u00e1n, que contar\u00e1n con la actuaci\u00f3n de Manu Tenorio y el preg\u00f3n del seleccionador nacional de balonmano juvenil, Isidro Mart\u00ednez. As\u00ed, ma\u00f1ana tendr\u00e1 lugar el concierto principal de las fiestas de 2016, que estar\u00e1 protagonizado\" \/>\n\t\t<meta name=\"twitter:image\" content=\"https:\/\/www.eldigitaldeasturias.com\/noticias\/wp-content\/uploads\/2016\/03\/sidra.jpg\" \/>\n\t\t<meta name=\"twitter:label1\" content=\"Escrito por\" \/>\n\t\t<meta name=\"twitter:data1\" content=\"El Digital de Asturias\" \/>\n\t\t<meta name=\"twitter:label2\" content=\"Tiempo de lectura estimado\" \/>\n\t\t<meta name=\"twitter:data2\" content=\"4 minutos\" \/>\n\t\t<script type=\"application\/ld+json\" class=\"aioseo-schema\">\n\t\t\t{\"@context\":\"https:\\\/\\\/schema.org\",\"@graph\":[{\"@type\":\"BlogPosting\",\"@id\":\"https:\\\/\\\/www.eldigitaldeasturias.com\\\/noticias\\\/la-casa-de-asturias-en-leon-celebra-las-fiestas-de-la-santina-y-san-froilan\\\/#blogposting\",\"name\":\"La Casa de Asturias en Le\\u00f3n celebra las Fiestas de La Santina y San Froil\\u00e1n - El Digital de Asturias\",\"headline\":\"La Casa de Asturias en Le\\u00f3n celebra las Fiestas de La Santina y San Froil\\u00e1n\",\"author\":{\"@id\":\"https:\\\/\\\/www.eldigitaldeasturias.com\\\/noticias\\\/author\\\/admin\\\/#author\"},\"publisher\":{\"@id\":\"https:\\\/\\\/www.eldigitaldeasturias.com\\\/noticias\\\/#organization\"},\"image\":{\"@type\":\"ImageObject\",\"url\":\"https:\\\/\\\/www.eldigitaldeasturias.com\\\/noticias\\\/wp-content\\\/uploads\\\/2016\\\/03\\\/sidra.jpg\",\"width\":655,\"height\":360},\"datePublished\":\"2016-09-08T04:55:16+02:00\",\"dateModified\":\"2016-09-08T04:55:16+02:00\",\"inLanguage\":\"es-ES\",\"mainEntityOfPage\":{\"@id\":\"https:\\\/\\\/www.eldigitaldeasturias.com\\\/noticias\\\/la-casa-de-asturias-en-leon-celebra-las-fiestas-de-la-santina-y-san-froilan\\\/#webpage\"},\"isPartOf\":{\"@id\":\"https:\\\/\\\/www.eldigitaldeasturias.com\\\/noticias\\\/la-casa-de-asturias-en-leon-celebra-las-fiestas-de-la-santina-y-san-froilan\\\/#webpage\"},\"articleSection\":\"Agenda\"},{\"@type\":\"BreadcrumbList\",\"@id\":\"https:\\\/\\\/www.eldigitaldeasturias.com\\\/noticias\\\/la-casa-de-asturias-en-leon-celebra-las-fiestas-de-la-santina-y-san-froilan\\\/#breadcrumblist\",\"itemListElement\":[{\"@type\":\"ListItem\",\"@id\":\"https:\\\/\\\/www.eldigitaldeasturias.com\\\/noticias#listItem\",\"position\":1,\"name\":\"Home\",\"item\":\"https:\\\/\\\/www.eldigitaldeasturias.com\\\/noticias\",\"nextItem\":{\"@type\":\"ListItem\",\"@id\":\"https:\\\/\\\/www.eldigitaldeasturias.com\\\/noticias\\\/category\\\/agenda\\\/#listItem\",\"name\":\"Agenda\"}},{\"@type\":\"ListItem\",\"@id\":\"https:\\\/\\\/www.eldigitaldeasturias.com\\\/noticias\\\/category\\\/agenda\\\/#listItem\",\"position\":2,\"name\":\"Agenda\",\"item\":\"https:\\\/\\\/www.eldigitaldeasturias.com\\\/noticias\\\/category\\\/agenda\\\/\",\"nextItem\":{\"@type\":\"ListItem\",\"@id\":\"https:\\\/\\\/www.eldigitaldeasturias.com\\\/noticias\\\/la-casa-de-asturias-en-leon-celebra-las-fiestas-de-la-santina-y-san-froilan\\\/#listItem\",\"name\":\"La Casa de Asturias en Le\\u00f3n celebra las Fiestas de La Santina y San Froil\\u00e1n\"},\"previousItem\":{\"@type\":\"ListItem\",\"@id\":\"https:\\\/\\\/www.eldigitaldeasturias.com\\\/noticias#listItem\",\"name\":\"Home\"}},{\"@type\":\"ListItem\",\"@id\":\"https:\\\/\\\/www.eldigitaldeasturias.com\\\/noticias\\\/la-casa-de-asturias-en-leon-celebra-las-fiestas-de-la-santina-y-san-froilan\\\/#listItem\",\"position\":3,\"name\":\"La Casa de Asturias en Le\\u00f3n celebra las Fiestas de La Santina y San Froil\\u00e1n\",\"previousItem\":{\"@type\":\"ListItem\",\"@id\":\"https:\\\/\\\/www.eldigitaldeasturias.com\\\/noticias\\\/category\\\/agenda\\\/#listItem\",\"name\":\"Agenda\"}}]},{\"@type\":\"Organization\",\"@id\":\"https:\\\/\\\/www.eldigitaldeasturias.com\\\/noticias\\\/#organization\",\"name\":\"El Digital de Asturias\",\"description\":\"Hemeroteca\",\"url\":\"https:\\\/\\\/www.eldigitaldeasturias.com\\\/noticias\\\/\",\"email\":\"info@eldigitaldeasturias.com\",\"telephone\":\"+34652131393\",\"logo\":{\"@type\":\"ImageObject\",\"url\":\"https:\\\/\\\/www.eldigitaldeasturias.com\\\/noticias\\\/wp-content\\\/uploads\\\/2020\\\/12\\\/EDA.jpg\",\"@id\":\"https:\\\/\\\/www.eldigitaldeasturias.com\\\/noticias\\\/la-casa-de-asturias-en-leon-celebra-las-fiestas-de-la-santina-y-san-froilan\\\/#organizationLogo\",\"width\":649,\"height\":297},\"image\":{\"@id\":\"https:\\\/\\\/www.eldigitaldeasturias.com\\\/noticias\\\/la-casa-de-asturias-en-leon-celebra-las-fiestas-de-la-santina-y-san-froilan\\\/#organizationLogo\"},\"sameAs\":[\"https:\\\/\\\/facebook.com\\\/eldigitaldeasturias\",\"https:\\\/\\\/www.youtube.com\\\/channel\\\/UCZP-2wLEB9Rv6erhFmqVnvg\"],\"address\":{\"@id\":\"https:\\\/\\\/www.eldigitaldeasturias.com\\\/noticias\\\/#postaladdress\",\"@type\":\"PostalAddress\",\"streetAddress\":\"san antonio 4,\",\"postalCode\":\"33430\",\"addressLocality\":\"Cand\\u00e1s\",\"addressRegion\":\"Asturias\",\"addressCountry\":\"ES\"}},{\"@type\":\"Person\",\"@id\":\"https:\\\/\\\/www.eldigitaldeasturias.com\\\/noticias\\\/author\\\/admin\\\/#author\",\"url\":\"https:\\\/\\\/www.eldigitaldeasturias.com\\\/noticias\\\/author\\\/admin\\\/\",\"name\":\"El Digital de Asturias\",\"image\":{\"@type\":\"ImageObject\",\"@id\":\"https:\\\/\\\/www.eldigitaldeasturias.com\\\/noticias\\\/la-casa-de-asturias-en-leon-celebra-las-fiestas-de-la-santina-y-san-froilan\\\/#authorImage\",\"url\":\"https:\\\/\\\/www.eldigitaldeasturias.com\\\/noticias\\\/wp-content\\\/litespeed\\\/avatar\\\/18677e78aa0546b92d9dbf31ec7d7668.jpg?ver=1777290358\",\"width\":96,\"height\":96,\"caption\":\"El Digital de Asturias\"}},{\"@type\":\"WebPage\",\"@id\":\"https:\\\/\\\/www.eldigitaldeasturias.com\\\/noticias\\\/la-casa-de-asturias-en-leon-celebra-las-fiestas-de-la-santina-y-san-froilan\\\/#webpage\",\"url\":\"https:\\\/\\\/www.eldigitaldeasturias.com\\\/noticias\\\/la-casa-de-asturias-en-leon-celebra-las-fiestas-de-la-santina-y-san-froilan\\\/\",\"name\":\"La Casa de Asturias en Le\\u00f3n celebra las Fiestas de La Santina y San Froil\\u00e1n - El Digital de Asturias\",\"description\":\"La Casa de Asturias en Le\\u00f3n celebra ma\\u00f1ana el d\\u00eda m\\u00e1s grande de las Fiestas de La Santina y San Froil\\u00e1n, que contar\\u00e1n con la actuaci\\u00f3n de Manu Tenorio y el preg\\u00f3n del seleccionador nacional de balonmano juvenil, Isidro Mart\\u00ednez. As\\u00ed, ma\\u00f1ana tendr\\u00e1 lugar el concierto principal de las fiestas de 2016, que estar\\u00e1 protagonizado\",\"inLanguage\":\"es-ES\",\"isPartOf\":{\"@id\":\"https:\\\/\\\/www.eldigitaldeasturias.com\\\/noticias\\\/#website\"},\"breadcrumb\":{\"@id\":\"https:\\\/\\\/www.eldigitaldeasturias.com\\\/noticias\\\/la-casa-de-asturias-en-leon-celebra-las-fiestas-de-la-santina-y-san-froilan\\\/#breadcrumblist\"},\"author\":{\"@id\":\"https:\\\/\\\/www.eldigitaldeasturias.com\\\/noticias\\\/author\\\/admin\\\/#author\"},\"creator\":{\"@id\":\"https:\\\/\\\/www.eldigitaldeasturias.com\\\/noticias\\\/author\\\/admin\\\/#author\"},\"image\":{\"@type\":\"ImageObject\",\"url\":\"https:\\\/\\\/www.eldigitaldeasturias.com\\\/noticias\\\/wp-content\\\/uploads\\\/2016\\\/03\\\/sidra.jpg\",\"@id\":\"https:\\\/\\\/www.eldigitaldeasturias.com\\\/noticias\\\/la-casa-de-asturias-en-leon-celebra-las-fiestas-de-la-santina-y-san-froilan\\\/#mainImage\",\"width\":655,\"height\":360},\"primaryImageOfPage\":{\"@id\":\"https:\\\/\\\/www.eldigitaldeasturias.com\\\/noticias\\\/la-casa-de-asturias-en-leon-celebra-las-fiestas-de-la-santina-y-san-froilan\\\/#mainImage\"},\"datePublished\":\"2016-09-08T04:55:16+02:00\",\"dateModified\":\"2016-09-08T04:55:16+02:00\"},{\"@type\":\"WebSite\",\"@id\":\"https:\\\/\\\/www.eldigitaldeasturias.com\\\/noticias\\\/#website\",\"url\":\"https:\\\/\\\/www.eldigitaldeasturias.com\\\/noticias\\\/\",\"name\":\"El Digital de Asturias - Diario de actualidad y noticias\",\"alternateName\":\"El Digital de Asturias - Diario de actualidad y noticias\",\"description\":\"Hemeroteca\",\"inLanguage\":\"es-ES\",\"publisher\":{\"@id\":\"https:\\\/\\\/www.eldigitaldeasturias.com\\\/noticias\\\/#organization\"}}]}\n\t\t<\/script>\n\t\t<!-- All in One SEO Pro -->\r\n\t\t<title>La Casa de Asturias en Le\u00f3n celebra las Fiestas de La Santina y San Froil\u00e1n - El Digital de Asturias<\/title>\n\n","aioseo_head_json":{"title":"La Casa de Asturias en Le\u00f3n celebra las Fiestas de La Santina y San Froil\u00e1n - El Digital de Asturias","description":"La Casa de Asturias en Le\u00f3n celebra ma\u00f1ana el d\u00eda m\u00e1s grande de las Fiestas de La Santina y San Froil\u00e1n, que contar\u00e1n con la actuaci\u00f3n de Manu Tenorio y el preg\u00f3n del seleccionador nacional de balonmano juvenil, Isidro Mart\u00ednez. As\u00ed, ma\u00f1ana tendr\u00e1 lugar el concierto principal de las fiestas de 2016, que estar\u00e1 protagonizado","canonical_url":"https:\/\/www.eldigitaldeasturias.com\/noticias\/la-casa-de-asturias-en-leon-celebra-las-fiestas-de-la-santina-y-san-froilan\/","robots":"max-image-preview:large","keywords":"agenda","webmasterTools":{"google-site-verification":"UA-38556648-1","msvalidate.01":"7dfe9f3f1b24437ab69f4f2559babe99","miscellaneous":""},"schema":{"@context":"https:\/\/schema.org","@graph":[{"@type":"BlogPosting","@id":"https:\/\/www.eldigitaldeasturias.com\/noticias\/la-casa-de-asturias-en-leon-celebra-las-fiestas-de-la-santina-y-san-froilan\/#blogposting","name":"La Casa de Asturias en Le\u00f3n celebra las Fiestas de La Santina y San Froil\u00e1n - El Digital de Asturias","headline":"La Casa de Asturias en Le\u00f3n celebra las Fiestas de La Santina y San Froil\u00e1n","author":{"@id":"https:\/\/www.eldigitaldeasturias.com\/noticias\/author\/admin\/#author"},"publisher":{"@id":"https:\/\/www.eldigitaldeasturias.com\/noticias\/#organization"},"image":{"@type":"ImageObject","url":"https:\/\/www.eldigitaldeasturias.com\/noticias\/wp-content\/uploads\/2016\/03\/sidra.jpg","width":655,"height":360},"datePublished":"2016-09-08T04:55:16+02:00","dateModified":"2016-09-08T04:55:16+02:00","inLanguage":"es-ES","mainEntityOfPage":{"@id":"https:\/\/www.eldigitaldeasturias.com\/noticias\/la-casa-de-asturias-en-leon-celebra-las-fiestas-de-la-santina-y-san-froilan\/#webpage"},"isPartOf":{"@id":"https:\/\/www.eldigitaldeasturias.com\/noticias\/la-casa-de-asturias-en-leon-celebra-las-fiestas-de-la-santina-y-san-froilan\/#webpage"},"articleSection":"Agenda"},{"@type":"BreadcrumbList","@id":"https:\/\/www.eldigitaldeasturias.com\/noticias\/la-casa-de-asturias-en-leon-celebra-las-fiestas-de-la-santina-y-san-froilan\/#breadcrumblist","itemListElement":[{"@type":"ListItem","@id":"https:\/\/www.eldigitaldeasturias.com\/noticias#listItem","position":1,"name":"Home","item":"https:\/\/www.eldigitaldeasturias.com\/noticias","nextItem":{"@type":"ListItem","@id":"https:\/\/www.eldigitaldeasturias.com\/noticias\/category\/agenda\/#listItem","name":"Agenda"}},{"@type":"ListItem","@id":"https:\/\/www.eldigitaldeasturias.com\/noticias\/category\/agenda\/#listItem","position":2,"name":"Agenda","item":"https:\/\/www.eldigitaldeasturias.com\/noticias\/category\/agenda\/","nextItem":{"@type":"ListItem","@id":"https:\/\/www.eldigitaldeasturias.com\/noticias\/la-casa-de-asturias-en-leon-celebra-las-fiestas-de-la-santina-y-san-froilan\/#listItem","name":"La Casa de Asturias en Le\u00f3n celebra las Fiestas de La Santina y San Froil\u00e1n"},"previousItem":{"@type":"ListItem","@id":"https:\/\/www.eldigitaldeasturias.com\/noticias#listItem","name":"Home"}},{"@type":"ListItem","@id":"https:\/\/www.eldigitaldeasturias.com\/noticias\/la-casa-de-asturias-en-leon-celebra-las-fiestas-de-la-santina-y-san-froilan\/#listItem","position":3,"name":"La Casa de Asturias en Le\u00f3n celebra las Fiestas de La Santina y San Froil\u00e1n","previousItem":{"@type":"ListItem","@id":"https:\/\/www.eldigitaldeasturias.com\/noticias\/category\/agenda\/#listItem","name":"Agenda"}}]},{"@type":"Organization","@id":"https:\/\/www.eldigitaldeasturias.com\/noticias\/#organization","name":"El Digital de Asturias","description":"Hemeroteca","url":"https:\/\/www.eldigitaldeasturias.com\/noticias\/","email":"info@eldigitaldeasturias.com","telephone":"+34652131393","logo":{"@type":"ImageObject","url":"https:\/\/www.eldigitaldeasturias.com\/noticias\/wp-content\/uploads\/2020\/12\/EDA.jpg","@id":"https:\/\/www.eldigitaldeasturias.com\/noticias\/la-casa-de-asturias-en-leon-celebra-las-fiestas-de-la-santina-y-san-froilan\/#organizationLogo","width":649,"height":297},"image":{"@id":"https:\/\/www.eldigitaldeasturias.com\/noticias\/la-casa-de-asturias-en-leon-celebra-las-fiestas-de-la-santina-y-san-froilan\/#organizationLogo"},"sameAs":["https:\/\/facebook.com\/eldigitaldeasturias","https:\/\/www.youtube.com\/channel\/UCZP-2wLEB9Rv6erhFmqVnvg"],"address":{"@id":"https:\/\/www.eldigitaldeasturias.com\/noticias\/#postaladdress","@type":"PostalAddress","streetAddress":"san antonio 4,","postalCode":"33430","addressLocality":"Cand\u00e1s","addressRegion":"Asturias","addressCountry":"ES"}},{"@type":"Person","@id":"https:\/\/www.eldigitaldeasturias.com\/noticias\/author\/admin\/#author","url":"https:\/\/www.eldigitaldeasturias.com\/noticias\/author\/admin\/","name":"El Digital de Asturias","image":{"@type":"ImageObject","@id":"https:\/\/www.eldigitaldeasturias.com\/noticias\/la-casa-de-asturias-en-leon-celebra-las-fiestas-de-la-santina-y-san-froilan\/#authorImage","url":"https:\/\/www.eldigitaldeasturias.com\/noticias\/wp-content\/litespeed\/avatar\/18677e78aa0546b92d9dbf31ec7d7668.jpg?ver=1777290358","width":96,"height":96,"caption":"El Digital de Asturias"}},{"@type":"WebPage","@id":"https:\/\/www.eldigitaldeasturias.com\/noticias\/la-casa-de-asturias-en-leon-celebra-las-fiestas-de-la-santina-y-san-froilan\/#webpage","url":"https:\/\/www.eldigitaldeasturias.com\/noticias\/la-casa-de-asturias-en-leon-celebra-las-fiestas-de-la-santina-y-san-froilan\/","name":"La Casa de Asturias en Le\u00f3n celebra las Fiestas de La Santina y San Froil\u00e1n - El Digital de Asturias","description":"La Casa de Asturias en Le\u00f3n celebra ma\u00f1ana el d\u00eda m\u00e1s grande de las Fiestas de La Santina y San Froil\u00e1n, que contar\u00e1n con la actuaci\u00f3n de Manu Tenorio y el preg\u00f3n del seleccionador nacional de balonmano juvenil, Isidro Mart\u00ednez. As\u00ed, ma\u00f1ana tendr\u00e1 lugar el concierto principal de las fiestas de 2016, que estar\u00e1 protagonizado","inLanguage":"es-ES","isPartOf":{"@id":"https:\/\/www.eldigitaldeasturias.com\/noticias\/#website"},"breadcrumb":{"@id":"https:\/\/www.eldigitaldeasturias.com\/noticias\/la-casa-de-asturias-en-leon-celebra-las-fiestas-de-la-santina-y-san-froilan\/#breadcrumblist"},"author":{"@id":"https:\/\/www.eldigitaldeasturias.com\/noticias\/author\/admin\/#author"},"creator":{"@id":"https:\/\/www.eldigitaldeasturias.com\/noticias\/author\/admin\/#author"},"image":{"@type":"ImageObject","url":"https:\/\/www.eldigitaldeasturias.com\/noticias\/wp-content\/uploads\/2016\/03\/sidra.jpg","@id":"https:\/\/www.eldigitaldeasturias.com\/noticias\/la-casa-de-asturias-en-leon-celebra-las-fiestas-de-la-santina-y-san-froilan\/#mainImage","width":655,"height":360},"primaryImageOfPage":{"@id":"https:\/\/www.eldigitaldeasturias.com\/noticias\/la-casa-de-asturias-en-leon-celebra-las-fiestas-de-la-santina-y-san-froilan\/#mainImage"},"datePublished":"2016-09-08T04:55:16+02:00","dateModified":"2016-09-08T04:55:16+02:00"},{"@type":"WebSite","@id":"https:\/\/www.eldigitaldeasturias.com\/noticias\/#website","url":"https:\/\/www.eldigitaldeasturias.com\/noticias\/","name":"El Digital de Asturias - Diario de actualidad y noticias","alternateName":"El Digital de Asturias - Diario de actualidad y noticias","description":"Hemeroteca","inLanguage":"es-ES","publisher":{"@id":"https:\/\/www.eldigitaldeasturias.com\/noticias\/#organization"}}]},"og:locale":"es_ES","og:site_name":"El Digital de Asturias","og:type":"article","og:title":"La Casa de Asturias en Le\u00f3n celebra las Fiestas de La Santina y San Froil\u00e1n - El Digital de Asturias","og:description":"La Casa de Asturias en Le\u00f3n celebra ma\u00f1ana el d\u00eda m\u00e1s grande de las Fiestas de La Santina y San Froil\u00e1n, que contar\u00e1n con la actuaci\u00f3n de Manu Tenorio y el preg\u00f3n del seleccionador nacional de balonmano juvenil, Isidro Mart\u00ednez. As\u00ed, ma\u00f1ana tendr\u00e1 lugar el concierto principal de las fiestas de 2016, que estar\u00e1 protagonizado","og:url":"https:\/\/www.eldigitaldeasturias.com\/noticias\/la-casa-de-asturias-en-leon-celebra-las-fiestas-de-la-santina-y-san-froilan\/","og:image":"https:\/\/www.eldigitaldeasturias.com\/noticias\/wp-content\/uploads\/2016\/03\/sidra.jpg","og:image:secure_url":"https:\/\/www.eldigitaldeasturias.com\/noticias\/wp-content\/uploads\/2016\/03\/sidra.jpg","og:image:width":655,"og:image:height":360,"article:tag":["agenda"],"article:published_time":"2016-09-08T03:55:16+00:00","article:modified_time":"2016-09-08T03:55:16+00:00","article:publisher":"https:\/\/facebook.com\/eldigitaldeasturias","twitter:card":"summary_large_image","twitter:title":"La Casa de Asturias en Le\u00f3n celebra las Fiestas de La Santina y San Froil\u00e1n - El Digital de Asturias","twitter:description":"La Casa de Asturias en Le\u00f3n celebra ma\u00f1ana el d\u00eda m\u00e1s grande de las Fiestas de La Santina y San Froil\u00e1n, que contar\u00e1n con la actuaci\u00f3n de Manu Tenorio y el preg\u00f3n del seleccionador nacional de balonmano juvenil, Isidro Mart\u00ednez. As\u00ed, ma\u00f1ana tendr\u00e1 lugar el concierto principal de las fiestas de 2016, que estar\u00e1 protagonizado","twitter:image":"https:\/\/www.eldigitaldeasturias.com\/noticias\/wp-content\/uploads\/2016\/03\/sidra.jpg","twitter:label1":"Escrito por","twitter:data1":"El Digital de Asturias","twitter:label2":"Tiempo de lectura estimado","twitter:data2":"4 minutos"},"aioseo_meta_data":{"post_id":"906361","title":null,"description":null,"keywords":null,"keyphrases":null,"primary_term":null,"canonical_url":null,"og_title":null,"og_description":null,"og_object_type":"default","og_image_type":"default","og_image_url":null,"og_image_width":null,"og_image_height":null,"og_image_custom_url":null,"og_image_custom_fields":null,"og_video":null,"og_custom_url":null,"og_article_section":null,"og_article_tags":null,"twitter_use_og":false,"twitter_card":"default","twitter_image_type":"default","twitter_image_url":null,"twitter_image_custom_url":null,"twitter_image_custom_fields":null,"twitter_title":null,"twitter_description":null,"schema":{"blockGraphs":[],"customGraphs":[],"default":{"data":{"Article":[],"Course":[],"Dataset":[],"FAQPage":[],"Movie":[],"Person":[],"Product":[],"ProductReview":[],"Car":[],"Recipe":[],"Service":[],"SoftwareApplication":[],"WebPage":[]},"graphName":"","isEnabled":true},"graphs":[],"defaultGraph":"","defaultPostTypeGraph":""},"schema_type":null,"schema_type_options":null,"pillar_content":false,"robots_default":true,"robots_noindex":false,"robots_noarchive":false,"robots_nosnippet":false,"robots_nofollow":false,"robots_noimageindex":false,"robots_noodp":false,"robots_notranslate":false,"robots_max_snippet":null,"robots_max_videopreview":null,"robots_max_imagepreview":"large","priority":null,"frequency":null,"local_seo":null,"seo_analyzer_scan_date":"2025-11-30 08:46:21","breadcrumb_settings":null,"limit_modified_date":false,"open_ai":null,"ai":null,"created":"2020-12-21 13:34:21","updated":"2025-11-30 08:46:21"},"aioseo_breadcrumb":"<div class=\"aioseo-breadcrumbs\"><span class=\"aioseo-breadcrumb\">\n\t<a href=\"https:\/\/www.eldigitaldeasturias.com\/noticias\" title=\"Home\">Home<\/a>\n<\/span><span class=\"aioseo-breadcrumb-separator\">\u2013<\/span><span class=\"aioseo-breadcrumb\">\n\t<a href=\"https:\/\/www.eldigitaldeasturias.com\/noticias\/category\/agenda\/\" title=\"Agenda\">Agenda<\/a>\n<\/span><span class=\"aioseo-breadcrumb-separator\">\u2013<\/span><span class=\"aioseo-breadcrumb\">\n\t<a href=\"https:\/\/www.eldigitaldeasturias.com\/noticias\/la-casa-de-asturias-en-leon-celebra-las-fiestas-de-la-santina-y-san-froilan\/\" title=\"La Casa de Asturias en Le\u00f3n celebra las Fiestas de La Santina y San Froil\u00e1n\">La Casa de Asturias en Le\u00f3n celebra las Fiestas de La Santina y San Froil\u00e1n<\/a>\n<\/span><\/div>","aioseo_breadcrumb_json":[{"label":"Home","link":"https:\/\/www.eldigitaldeasturias.com\/noticias"},{"label":"Agenda","link":"https:\/\/www.eldigitaldeasturias.com\/noticias\/category\/agenda\/"},{"label":"La Casa de Asturias en Le\u00f3n celebra las Fiestas de La Santina y San Froil\u00e1n","link":"https:\/\/www.eldigitaldeasturias.com\/noticias\/la-casa-de-asturias-en-leon-celebra-las-fiestas-de-la-santina-y-san-froilan\/"}],"_links":{"self":[{"href":"https:\/\/www.eldigitaldeasturias.com\/noticias\/wp-json\/wp\/v2\/posts\/906361","targetHints":{"allow":["GET"]}}],"collection":[{"href":"https:\/\/www.eldigitaldeasturias.com\/noticias\/wp-json\/wp\/v2\/posts"}],"about":[{"href":"https:\/\/www.eldigitaldeasturias.com\/noticias\/wp-json\/wp\/v2\/types\/post"}],"author":[{"embeddable":true,"href":"https:\/\/www.eldigitaldeasturias.com\/noticias\/wp-json\/wp\/v2\/users\/1"}],"replies":[{"embeddable":true,"href":"https:\/\/www.eldigitaldeasturias.com\/noticias\/wp-json\/wp\/v2\/comments?post=906361"}],"version-history":[{"count":0,"href":"https:\/\/www.eldigitaldeasturias.com\/noticias\/wp-json\/wp\/v2\/posts\/906361\/revisions"}],"wp:featuredmedia":[{"embeddable":true,"href":"https:\/\/www.eldigitaldeasturias.com\/noticias\/wp-json\/wp\/v2\/media\/868929"}],"wp:attachment":[{"href":"https:\/\/www.eldigitaldeasturias.com\/noticias\/wp-json\/wp\/v2\/media?parent=906361"}],"wp:term":[{"taxonomy":"category","embeddable":true,"href":"https:\/\/www.eldigitaldeasturias.com\/noticias\/wp-json\/wp\/v2\/categories?post=906361"},{"taxonomy":"post_tag","embeddable":true,"href":"https:\/\/www.eldigitaldeasturias.com\/noticias\/wp-json\/wp\/v2\/tags?post=906361"}],"curies":[{"name":"wp","href":"https:\/\/api.w.org\/{rel}","templated":true}]}}